{"id":44686,"date":"2022-05-26T17:32:35","date_gmt":"2022-05-26T20:32:35","guid":{"rendered":"https:\/\/www.todoalfalfa.com.ar\/?p=44686"},"modified":"2022-05-26T17:32:36","modified_gmt":"2022-05-26T20:32:36","slug":"con-tres-decadas-en-una-farmacia-decidio-invertir-en-el-campo-y-hoy-produce-megafardos-y-granos","status":"publish","type":"post","link":"https:\/\/www.todoalfalfa.com.ar\/noticias\/con-tres-decadas-en-una-farmacia-decidio-invertir-en-el-campo-y-hoy-produce-megafardos-y-granos\/","title":{"rendered":"Con tres d\u00e9cadas en una farmacia, decidi\u00f3 invertir en el campo y hoy produce megafardos y granos"},"content":{"rendered":"\n<p>Por el contexto pol\u00edtico, econ\u00f3mico y social, muchas veces, Argentina, signada por los errores que se repiten una y otra vez, es una invitaci\u00f3n a la tristeza y la resignaci\u00f3n. Sin embargo, tambi\u00e9n hay muchas historias de superaci\u00f3n y de sue\u00f1os cumplidos. En ese \u201cmar\u201d, el de la innovaci\u00f3n a\u00fan a pesar de todo y el de animarse, nada Julio Daniotti, un farmac\u00e9utico, hijo de verduleros, que a los casi 50 a\u00f1os (hoy tiene 54) empez\u00f3 a producir alfalfas para megafardos y luego granos.<\/p>\n\n\n\n<p>En Jes\u00fas Mar\u00eda, Daniotti es sin\u00f3nimo de farmacias. Hace 31 a\u00f1os que est\u00e1 en la actividad. Arranc\u00f3 de la nada, con un pr\u00e9stamo de su padre y su suegro para montar el primer local. Hoy tiene cuatro farmacias. \u201cNac\u00ed en un hogar humilde que se bancaba con la verduler\u00eda de mi padre, eso me permiti\u00f3 estudiar farmacia, la profesi\u00f3n con la que crec\u00ed econ\u00f3micamente y mantuve a mi familia\u201d, cont\u00f3 Daniotti a Clar\u00edn Rural.<\/p>\n\n\n\n<p>\u201cSoy un agradecido a la vida porque en la farmacia empec\u00e9 de cero, en casa \u00e9ramos cinco, mis padres, mis dos hermanos y yo, cuando me fui a estudiar a la Universidad de C\u00f3rdoba me iba a dedo, parando muchas veces en una pensi\u00f3n compartida y cuando me recib\u00ed, mi suegro y mi padre me prestaron la plata para poner la farmacia, pero b\u00e1sico -aclar\u00f3 Daniotti-: un mostrador, algunos medicamentos esenciales y a largarse\u201d. \u201cAl a\u00f1o y medio ya le hab\u00eda podido devolver el dinero y hoy, tres d\u00e9cadas m\u00e1s tarde tenemos 60 empleados en la farmacia y 9 en la parte rural\u201d, cont\u00f3.<\/p>\n\n\n\n<p>Quiz\u00e1s aquel recuerdo de ni\u00f1o entre frutas y verduras hizo que mandara a sus cinco hijos a un colegio agrot\u00e9cnico. Y de all\u00ed surgieron dos que se vincularon con la actividad agropecuaria y tres que est\u00e1n en el negocio farmac\u00e9utico.<\/p>\n\n\n\n<p>\u201cHace siete a\u00f1os uno de mis hijos, Emilio, que hab\u00eda terminado el secundario, pero no quer\u00eda ir a la universidad, propuso hacer megafardos de alfalfa y as\u00ed fue como empezamos a producir, despu\u00e9s sumamos ma\u00edz, soja y trigo, para quedar hoy con 3.600 hect\u00e1reas de cultivos y 500 de alfalfas\u201d, cont\u00f3 Daniotti.<\/p>\n\n\n\n<p>Adem\u00e1s de Emilio, los otros hijos son: Franco, \u201cel mayor es contador\u201d; Giuliana, \u201ctrabaja en la farmacia\u201d; C\u00e9sar Tom\u00e1s, \u201ccontador, tambi\u00e9n en la farmacia\u201d; y Giovani, \u201cel m\u00e1s chico, que est\u00e1 cursando el \u00faltimo a\u00f1o de agronom\u00eda\u201d. La mam\u00e1 y esposa es Daniela Beatriz, y como siempre en estas familias de emprendedores, son las que est\u00e1n apoyando, al pie del ca\u00f1\u00f3n. \u201cDesde la farmacia hacemos la parte administrativa del campo, asique todos, de un modo u otro, estamos vinculados con el negocio\u201d, dijo Daniotti.<br><\/p>\n\n\n\n<figure class=\"wp-block-image size-full\"><img data-recalc-dims=\"1\" fetchpriority=\"high\" decoding=\"async\" width=\"777\" height=\"437\" src=\"https:\/\/i0.wp.com\/www.todoalfalfa.com.ar\/wp-content\/uploads\/2022\/05\/julio-y-emilio-1.jpg?resize=777%2C437&#038;ssl=1\" alt=\"\" class=\"wp-image-44687\" srcset=\"https:\/\/i0.wp.com\/www.todoalfalfa.com.ar\/noticias\/wp-content\/uploads\/2022\/05\/julio-y-emilio-1.jpg?w=777&amp;ssl=1 777w, https:\/\/i0.wp.com\/www.todoalfalfa.com.ar\/noticias\/wp-content\/uploads\/2022\/05\/julio-y-emilio-1.jpg?resize=300%2C169&amp;ssl=1 300w, https:\/\/i0.wp.com\/www.todoalfalfa.com.ar\/noticias\/wp-content\/uploads\/2022\/05\/julio-y-emilio-1.jpg?resize=768%2C432&amp;ssl=1 768w, https:\/\/i0.wp.com\/www.todoalfalfa.com.ar\/noticias\/wp-content\/uploads\/2022\/05\/julio-y-emilio-1.jpg?resize=180%2C101&amp;ssl=1 180w, https:\/\/i0.wp.com\/www.todoalfalfa.com.ar\/noticias\/wp-content\/uploads\/2022\/05\/julio-y-emilio-1.jpg?resize=260%2C146&amp;ssl=1 260w, https:\/\/i0.wp.com\/www.todoalfalfa.com.ar\/noticias\/wp-content\/uploads\/2022\/05\/julio-y-emilio-1.jpg?resize=373%2C210&amp;ssl=1 373w, https:\/\/i0.wp.com\/www.todoalfalfa.com.ar\/noticias\/wp-content\/uploads\/2022\/05\/julio-y-emilio-1.jpg?resize=120%2C67&amp;ssl=1 120w\" sizes=\"(max-width: 777px) 100vw, 777px\" \/><\/figure>\n\n\n\n<p><strong>\u00bfC\u00f3mo arrancaron con el campo?<\/strong><br>\u201cNosotros no ten\u00edamos ni idea del campo, pero s\u00ed ganas de trabajar\u201d, dijo Daniotti consultado sobre c\u00f3mo se les ocurri\u00f3 empezar a producir alfalfa. Por supuesto, cuentan con el asesoramiento de un agr\u00f3nomo que lleva adelante la parte t\u00e9cnica.<\/p>\n\n\n\n<p>Sobre por qu\u00e9 no sigui\u00f3 ampliando el negocio farmac\u00e9utico o, al momento de diversificar no eligi\u00f3 otro negocio, Daniotti cont\u00f3 que \u201ctodo empez\u00f3 en 2014, cuando empezamos a buscar otra cosa porque en la farmacia vos ten\u00e9s un 50% del negocio que depende de los pagos del PAMI y si no te pagan qued\u00e1s muy complicado, est\u00e1bamos caminando por la cornisa y depend\u00edamos de c\u00f3mo hiciera las cosas el Gobierno, por eso pensamos en otro rubro\u201d.<\/p>\n\n\n\n<p>Justo en ese momento surgi\u00f3 la propuesta de Emilio, su hijo, para producir alfalfa, algo que hab\u00eda visto con un profesor en el colegio agrot\u00e9cnico. \u201cNo ten\u00edamos ni una pala ni un rastrillo, por suerte nos ha ido bien y hoy tenemos toda la maquinaria, hacemos todos los servicios nosotros\u201d, cont\u00f3 Daniotti.<\/p>\n\n\n\n<p>\u201cEn esta zona de Jes\u00fas Mar\u00eda, hay varios productores peque\u00f1os que hacen alfalfa y suman alrededor de 1.000 hect\u00e1reas, nosotros somos los m\u00e1s grandes con 500 hect\u00e1reas\u201d, cont\u00f3 Daniotti. La actividad m\u00e1s importante en la zona es la agricultura. Antiguamente, antes de la siembra directa, era exclusivamente ganadera y desde 2001, cuando desembarc\u00f3 la directa se transform\u00f3 en una zona agr\u00edcola. Y la ganader\u00eda se ha ido corriendo hacia zonas marginales.<\/p>\n\n\n\n<p>\u201cMe sorprendi\u00f3 lo eficiente que es el productor agropecuario en general, porque las lluvias son concentradas en el verano (800 mm por a\u00f1o en la zona) y ahora que tuvimos 30 d\u00edas de m\u00e1s de 40 grados los cultivos sobrevivieron igual, muchos ten\u00edan 20-30 cm de altura y hoy andan bien, estoy asombrado\u201d, comparti\u00f3 Daniotti.<\/p>\n\n\n\n<p>Sobre la campa\u00f1a, lo dicho, el fuerte de la sequ\u00eda estival los agarr\u00f3 con los cultivos peque\u00f1os que aguantaron la embestida, \u201ccasi no hubo da\u00f1o y los rindes van a ser los normales\u201d. Esperan una soja de 35 quintales por hect\u00e1rea y ma\u00edces de 90 qq\/ha. Tambi\u00e9n la alfalfa que en los siete cortes que se hacen desde fines de septiembre hasta la primera quincena de abril esperan que entregue 18.000 kg\/ha de materia seca.<br><br><strong>\u201cIncre\u00edble lo que se arriesga\u201d<\/strong><br>A Daniotti, una de las cosas que m\u00e1s le sorprendieron de la actividad rural es el riesgo que se corre. \u201cEn cada campa\u00f1a arriesgas casi todo el patrimonio, por suerte nos fue bien, pero mi contadora me quer\u00eda matar porque el primer a\u00f1o arrancamos alquilando 1.800 hect\u00e1reas, est\u00e1bamos jugados porque si nos iba mal con los n\u00fameros que se manejan en al campo no \u00edbamos a poder reaccionar\u2026 tambi\u00e9n me sorprende los impuestos que paga el sector\u201d, cont\u00f3.<\/p>\n\n\n\n<p>\u201cUno necesita trabajar, poner el lomo, usar la cabeza, ser inteligente, pero la suerte tambi\u00e9n es indispensable y a nosotros nos acompa\u00f1\u00f3 estos a\u00f1os\u201d, reflexion\u00f3 Daniotti. \u201cOtra cosa que me sorprendi\u00f3 del campo es la cantidad de horas que se trabaja, de lunes a lunes, desde que sale el sol y a\u00fan hasta de noche\u2026 porque yo tengo una farmacia 24 horas, pero es distinto, en el campo hay que estar muy encima\u201d, sentenci\u00f3.<\/p>\n\n\n\n<p><strong>Tecnolog\u00eda en el campo y en la farmacia<\/strong><br>Daniotti tambi\u00e9n se refiri\u00f3 a las tecnolog\u00edas que se usan en el campo. \u201cYo, cada tanto, manejo la cosechadora o el tractor con la sembradora que va con piloto autom\u00e1tico, hasta en las cabeceras dobla solo, es un lujo\u201d, cont\u00f3.<\/p>\n\n\n\n<p>Sin embargo, no es un improvisado en cuanto a las innovaciones, puesto que en su farmacia incorpor\u00f3 lo que llama un \u201crobot\u201d que tiene muchas utilidades, pero principalmente sirve para agilizar la entrega de un medicamento o producto, controlar stock y eliminar los errores humanos.<\/p>\n\n\n\n<p>\u201cEl robot es como un gran contenedor de 1,70 metros de ancho x 3,30 metros de alto y 7 metros de largo que est\u00e1 dentro de la farmacia, donde se pueden guardar hasta 20.000 medicamentos y cuando por sistema el farmac\u00e9utico ingresa el pedido un brazo rob\u00f3tico lo busca y lo deposita en una bandeja para ser entregado al cliente\u201d, cont\u00f3 Daniotti. Hay s\u00f3lo 50 de estos en todo el pa\u00eds.<\/p>\n\n\n<div class=\"wp-block-image\">\n<figure class=\"aligncenter size-full\"><img data-recalc-dims=\"1\" decoding=\"async\" width=\"706\" height=\"470\" src=\"https:\/\/i0.wp.com\/www.todoalfalfa.com.ar\/wp-content\/uploads\/2022\/05\/daniotti-farmacia.jpg?resize=706%2C470&#038;ssl=1\" alt=\"\" class=\"wp-image-44688\" srcset=\"https:\/\/i0.wp.com\/www.todoalfalfa.com.ar\/noticias\/wp-content\/uploads\/2022\/05\/daniotti-farmacia.jpg?w=706&amp;ssl=1 706w, https:\/\/i0.wp.com\/www.todoalfalfa.com.ar\/noticias\/wp-content\/uploads\/2022\/05\/daniotti-farmacia.jpg?resize=300%2C200&amp;ssl=1 300w\" sizes=\"(max-width: 706px) 100vw, 706px\" \/><\/figure><\/div>\n\n\n<p>En el campo, tambi\u00e9n han sabido ir incorporando maquinaria con tecnolog\u00eda. \u201cEs incre\u00edble la tecnolog\u00eda que hay puesta en un tractor o una cosechadora, pero a pesar de eso hay que estar atentos a otras cosas, como ir viendo c\u00f3mo va quedando la pasada que hiciste o estar atento a que no haya ning\u00fan pozo en el camino que vas a transitar\u201d, cont\u00f3 su experiencia Daniotti, que hasta hace siete a\u00f1os jam\u00e1s se hab\u00eda subido a un tractor o una cosechadora. Hoy cuando est\u00e1 en la farmacia, el hijo le puede pasar en lo que van haciendo la cosechadora y la sembradora en tiempo real.<\/p>\n\n\n\n<p>\u201cEl problema es que no hay gente capacitada para manejar estas herramientas que son computadoras andantes, en mi caso, mi hijo de 26 a\u00f1os est\u00e1 m\u00e1s habituado a todo esto, yo, con 54 a\u00f1os me voy acomodando, pero lo hago porque me gusta\u201d, cont\u00f3.<br>Desaf\u00edos<\/p>\n\n\n\n<p>Una de las cosas que le gustan a Daniotti de la actividad rural es que \u201chay mucho potencial para crecer, no hay l\u00edmites\u201d. Adem\u00e1s, \u201ctrabajar al aire libre, tranquilo, distinto a la farmacia, que ten\u00e9s siempre un cliente adelante del mostrador\u201d.<\/p>\n\n\n\n<p>Cuando mira qu\u00e9 podr\u00edan hacer a futuro, Daniotti marca dos cuestiones: \u201cDarle valor agregado a la alfalfa, haciendo pellets, as\u00ed como tratar de exportar alfalfa directamente nosotros, y con los granos, tambi\u00e9n en la b\u00fasqueda de darle m\u00e1s valor, armar un criadero de cerdos para no tener que llevar los granos al puerto que entre comisiones y fletes es un mont\u00f3n de plata perdida\u201d.<\/p>\n\n\n\n<p>Cuando mira para atr\u00e1s, Daniotti se pone nost\u00e1lgico: \u201cSoy un agradecido a la vida que me ha ido bien, tuve erradas, pero fueron menores comparadas con las cosas buenas, el mensaje para los j\u00f3venes es que vayan para adelante, que emprendan, que se animen, cuando sos joven ten\u00e9s menos responsabilidades, es el momento para animarse\u201d, comparti\u00f3. Y agreg\u00f3: \u201cA muchos de los que hoy les va bien, hasta tener \u00e9xito, tienen varios fracasos acumulados en el camino, pero en Argentina cuando te va mal te tildan de fracasado y te quitan las ganas, yo creo que no hay que dejarse llevar por eso, hay que seguir emprendiendo y metiendo para adelante\u201d.<\/p>\n\n\n\n<p><em>Fuente: Clarin<\/em><\/p>\n<div class=\"todoalfalfa-final-de-la-nota\" id=\"todoalfalfa-997431005\"><a href=\"https:\/\/www.whatsapp.com\/channel\/0029VbCBmFB9WtBxJsD3eC2i\" target=\"_blank\" aria-label=\"5\"><img src=\"https:\/\/i0.wp.com\/www.todoalfalfa.com.ar\/noticias\/wp-content\/uploads\/2026\/04\/5.gif?fit=728%2C90&#038;ssl=1\" alt=\"\"  width=\"728\" height=\"90\"   \/><\/a><\/div>","protected":false},"excerpt":{"rendered":"<p>Abraz\u00f3 la producci\u00f3n agropecuaria y desde Jes\u00fas Mar\u00eda, C\u00f3rdoba, sue\u00f1a con exportar y convertir granos en carne de cerdo.<\/p>\n","protected":false},"author":3,"featured_media":44689,"comment_status":"closed","ping_status":"open","sticky":false,"template":"","format":"standard","meta":{"jetpack_post_was_ever_published":false,"_jetpack_newsletter_access":"","_jetpack_dont_email_post_to_subs":false,"_jetpack_newsletter_tier_id":0,"_jetpack_memberships_contains_paywalled_content":false,"_jetpack_memberships_contains_paid_content":false,"footnotes":""},"categories":[2],"tags":[237,1337,159],"class_list":["post-44686","post","type-post","status-publish","format-standard","has-post-thumbnail","hentry","category-generales","tag-daniotti","tag-jesus-maria-2","tag-megafardos"],"yoast_head":"<!-- This site is optimized with the Yoast SEO plugin v25.5 - https:\/\/yoast.com\/wordpress\/plugins\/seo\/ -->\n<title>Con tres d\u00e9cadas en una farmacia, decidi\u00f3 invertir en el campo y hoy produce megafardos y granos<\/title>\n<meta name=\"robots\" content=\"index, follow, max-snippet:-1, max-image-preview:large, max-video-preview:-1\" \/>\n<link rel=\"canonical\" href=\"https:\/\/www.todoalfalfa.com.ar\/noticias\/con-tres-decadas-en-una-farmacia-decidio-invertir-en-el-campo-y-hoy-produce-megafardos-y-granos\/\" \/>\n<meta property=\"og:locale\" content=\"es_ES\" \/>\n<meta property=\"og:type\" content=\"article\" \/>\n<meta property=\"og:title\" content=\"Con tres d\u00e9cadas en una farmacia, decidi\u00f3 invertir en el campo y hoy produce megafardos y granos\" \/>\n<meta property=\"og:description\" content=\"Abraz\u00f3 la producci\u00f3n agropecuaria y desde Jes\u00fas Mar\u00eda, C\u00f3rdoba, sue\u00f1a con exportar y convertir granos en carne de cerdo.\" \/>\n<meta property=\"og:url\" content=\"https:\/\/www.todoalfalfa.com.ar\/noticias\/con-tres-decadas-en-una-farmacia-decidio-invertir-en-el-campo-y-hoy-produce-megafardos-y-granos\/\" \/>\n<meta property=\"og:site_name\" content=\"Todo Alfalfa\" \/>\n<meta property=\"article:publisher\" content=\"https:\/\/www.facebook.com\/todoalfalfa\" \/>\n<meta property=\"article:published_time\" content=\"2022-05-26T20:32:35+00:00\" \/>\n<meta property=\"article:modified_time\" content=\"2022-05-26T20:32:36+00:00\" \/>\n<meta property=\"og:image\" content=\"https:\/\/www.todoalfalfa.com.ar\/noticias\/wp-content\/uploads\/2022\/05\/confeccion-megafardos-1.jpg\" \/>\n\t<meta property=\"og:image:width\" content=\"777\" \/>\n\t<meta property=\"og:image:height\" content=\"437\" \/>\n\t<meta property=\"og:image:type\" content=\"image\/jpeg\" \/>\n<meta name=\"author\" content=\"Todo Alfalfa\" \/>\n<meta name=\"twitter:card\" content=\"summary_large_image\" \/>\n<meta name=\"twitter:label1\" content=\"Escrito por\" \/>\n\t<meta name=\"twitter:data1\" content=\"Todo Alfalfa\" \/>\n\t<meta name=\"twitter:label2\" content=\"Tiempo de lectura\" \/>\n\t<meta name=\"twitter:data2\" content=\"8 minutos\" \/>\n<script type=\"application\/ld+json\" class=\"yoast-schema-graph\">{\"@context\":\"https:\/\/schema.org\",\"@graph\":[{\"@type\":\"NewsArticle\",\"@id\":\"https:\/\/www.todoalfalfa.com.ar\/noticias\/con-tres-decadas-en-una-farmacia-decidio-invertir-en-el-campo-y-hoy-produce-megafardos-y-granos\/#article\",\"isPartOf\":{\"@id\":\"https:\/\/www.todoalfalfa.com.ar\/noticias\/con-tres-decadas-en-una-farmacia-decidio-invertir-en-el-campo-y-hoy-produce-megafardos-y-granos\/\"},\"author\":{\"name\":\"Todo Alfalfa\",\"@id\":\"https:\/\/www.todoalfalfa.com.ar\/noticias\/#\/schema\/person\/4ee4bca9b9fa50c4f0fbaf7017fbf2ad\"},\"headline\":\"Con tres d\u00e9cadas en una farmacia, decidi\u00f3 invertir en el campo y hoy produce megafardos y granos\",\"datePublished\":\"2022-05-26T20:32:35+00:00\",\"dateModified\":\"2022-05-26T20:32:36+00:00\",\"mainEntityOfPage\":{\"@id\":\"https:\/\/www.todoalfalfa.com.ar\/noticias\/con-tres-decadas-en-una-farmacia-decidio-invertir-en-el-campo-y-hoy-produce-megafardos-y-granos\/\"},\"wordCount\":1619,\"publisher\":{\"@id\":\"https:\/\/www.todoalfalfa.com.ar\/noticias\/#organization\"},\"image\":{\"@id\":\"https:\/\/www.todoalfalfa.com.ar\/noticias\/con-tres-decadas-en-una-farmacia-decidio-invertir-en-el-campo-y-hoy-produce-megafardos-y-granos\/#primaryimage\"},\"thumbnailUrl\":\"https:\/\/i0.wp.com\/www.todoalfalfa.com.ar\/noticias\/wp-content\/uploads\/2022\/05\/confeccion-megafardos-1.jpg?fit=777%2C437&ssl=1\",\"keywords\":[\"Daniotti\",\"Jes\u00fas-Mar\u00eda\",\"megafardos\"],\"articleSection\":[\"Generales\"],\"inLanguage\":\"es\"},{\"@type\":[\"WebPage\",\"ItemPage\"],\"@id\":\"https:\/\/www.todoalfalfa.com.ar\/noticias\/con-tres-decadas-en-una-farmacia-decidio-invertir-en-el-campo-y-hoy-produce-megafardos-y-granos\/\",\"url\":\"https:\/\/www.todoalfalfa.com.ar\/noticias\/con-tres-decadas-en-una-farmacia-decidio-invertir-en-el-campo-y-hoy-produce-megafardos-y-granos\/\",\"name\":\"Con tres d\u00e9cadas en una farmacia, decidi\u00f3 invertir en el campo y hoy produce megafardos y granos\",\"isPartOf\":{\"@id\":\"https:\/\/www.todoalfalfa.com.ar\/noticias\/#website\"},\"primaryImageOfPage\":{\"@id\":\"https:\/\/www.todoalfalfa.com.ar\/noticias\/con-tres-decadas-en-una-farmacia-decidio-invertir-en-el-campo-y-hoy-produce-megafardos-y-granos\/#primaryimage\"},\"image\":{\"@id\":\"https:\/\/www.todoalfalfa.com.ar\/noticias\/con-tres-decadas-en-una-farmacia-decidio-invertir-en-el-campo-y-hoy-produce-megafardos-y-granos\/#primaryimage\"},\"thumbnailUrl\":\"https:\/\/i0.wp.com\/www.todoalfalfa.com.ar\/noticias\/wp-content\/uploads\/2022\/05\/confeccion-megafardos-1.jpg?fit=777%2C437&ssl=1\",\"datePublished\":\"2022-05-26T20:32:35+00:00\",\"dateModified\":\"2022-05-26T20:32:36+00:00\",\"breadcrumb\":{\"@id\":\"https:\/\/www.todoalfalfa.com.ar\/noticias\/con-tres-decadas-en-una-farmacia-decidio-invertir-en-el-campo-y-hoy-produce-megafardos-y-granos\/#breadcrumb\"},\"inLanguage\":\"es\",\"potentialAction\":[{\"@type\":\"ReadAction\",\"target\":[\"https:\/\/www.todoalfalfa.com.ar\/noticias\/con-tres-decadas-en-una-farmacia-decidio-invertir-en-el-campo-y-hoy-produce-megafardos-y-granos\/\"]}]},{\"@type\":\"ImageObject\",\"inLanguage\":\"es\",\"@id\":\"https:\/\/www.todoalfalfa.com.ar\/noticias\/con-tres-decadas-en-una-farmacia-decidio-invertir-en-el-campo-y-hoy-produce-megafardos-y-granos\/#primaryimage\",\"url\":\"https:\/\/i0.wp.com\/www.todoalfalfa.com.ar\/noticias\/wp-content\/uploads\/2022\/05\/confeccion-megafardos-1.jpg?fit=777%2C437&ssl=1\",\"contentUrl\":\"https:\/\/i0.wp.com\/www.todoalfalfa.com.ar\/noticias\/wp-content\/uploads\/2022\/05\/confeccion-megafardos-1.jpg?fit=777%2C437&ssl=1\",\"width\":777,\"height\":437},{\"@type\":\"BreadcrumbList\",\"@id\":\"https:\/\/www.todoalfalfa.com.ar\/noticias\/con-tres-decadas-en-una-farmacia-decidio-invertir-en-el-campo-y-hoy-produce-megafardos-y-granos\/#breadcrumb\",\"itemListElement\":[{\"@type\":\"ListItem\",\"position\":1,\"name\":\"Principal\",\"item\":\"https:\/\/www.todoalfalfa.com.ar\/noticias\/\"},{\"@type\":\"ListItem\",\"position\":2,\"name\":\"Con tres d\u00e9cadas en una farmacia, decidi\u00f3 invertir en el campo y hoy produce megafardos y granos\"}]},{\"@type\":\"WebSite\",\"@id\":\"https:\/\/www.todoalfalfa.com.ar\/noticias\/#website\",\"url\":\"https:\/\/www.todoalfalfa.com.ar\/noticias\/\",\"name\":\"Todo Alfalfa\",\"description\":\"Web informativa de la cadena de la alfalfa argentina\",\"publisher\":{\"@id\":\"https:\/\/www.todoalfalfa.com.ar\/noticias\/#organization\"},\"potentialAction\":[{\"@type\":\"SearchAction\",\"target\":{\"@type\":\"EntryPoint\",\"urlTemplate\":\"https:\/\/www.todoalfalfa.com.ar\/noticias\/?s={search_term_string}\"},\"query-input\":{\"@type\":\"PropertyValueSpecification\",\"valueRequired\":true,\"valueName\":\"search_term_string\"}}],\"inLanguage\":\"es\"},{\"@type\":\"Organization\",\"@id\":\"https:\/\/www.todoalfalfa.com.ar\/noticias\/#organization\",\"name\":\"Todo Alfalfa\",\"url\":\"https:\/\/www.todoalfalfa.com.ar\/noticias\/\",\"logo\":{\"@type\":\"ImageObject\",\"inLanguage\":\"es\",\"@id\":\"https:\/\/www.todoalfalfa.com.ar\/noticias\/#\/schema\/logo\/image\/\",\"url\":\"https:\/\/www.todoalfalfa.com.ar\/noticias\/wp-content\/uploads\/2020\/09\/logo-todo-alfalfa-modificado.png\",\"contentUrl\":\"https:\/\/www.todoalfalfa.com.ar\/noticias\/wp-content\/uploads\/2020\/09\/logo-todo-alfalfa-modificado.png\",\"width\":350,\"height\":100,\"caption\":\"Todo Alfalfa\"},\"image\":{\"@id\":\"https:\/\/www.todoalfalfa.com.ar\/noticias\/#\/schema\/logo\/image\/\"},\"sameAs\":[\"https:\/\/www.facebook.com\/todoalfalfa\",\"https:\/\/www.instagram.com\/todoalfalfa\",\"https:\/\/www.youtube.com\/@TodoAlfalfa\",\"https:\/\/www.linkedin.com\/company\/todoalfalfa\/\"]},{\"@type\":\"Person\",\"@id\":\"https:\/\/www.todoalfalfa.com.ar\/noticias\/#\/schema\/person\/4ee4bca9b9fa50c4f0fbaf7017fbf2ad\",\"name\":\"Todo Alfalfa\",\"image\":{\"@type\":\"ImageObject\",\"inLanguage\":\"es\",\"@id\":\"https:\/\/www.todoalfalfa.com.ar\/noticias\/#\/schema\/person\/image\/\",\"url\":\"https:\/\/secure.gravatar.com\/avatar\/4d26a600a1380823a26c3f9cb74ada1a8ee4b482c0c3a616ab022b865c46be8f?s=96&d=mm&r=g\",\"contentUrl\":\"https:\/\/secure.gravatar.com\/avatar\/4d26a600a1380823a26c3f9cb74ada1a8ee4b482c0c3a616ab022b865c46be8f?s=96&d=mm&r=g\",\"caption\":\"Todo Alfalfa\"},\"sameAs\":[\"http:\/\/www.todoalfalfa.com.ar\"],\"url\":\"https:\/\/www.todoalfalfa.com.ar\/noticias\/author\/todoalfalfa\/\"}]}<\/script>\n<!-- \/ Yoast SEO plugin. -->","yoast_head_json":{"title":"Con tres d\u00e9cadas en una farmacia, decidi\u00f3 invertir en el campo y hoy produce megafardos y granos","robots":{"index":"index","follow":"follow","max-snippet":"max-snippet:-1","max-image-preview":"max-image-preview:large","max-video-preview":"max-video-preview:-1"},"canonical":"https:\/\/www.todoalfalfa.com.ar\/noticias\/con-tres-decadas-en-una-farmacia-decidio-invertir-en-el-campo-y-hoy-produce-megafardos-y-granos\/","og_locale":"es_ES","og_type":"article","og_title":"Con tres d\u00e9cadas en una farmacia, decidi\u00f3 invertir en el campo y hoy produce megafardos y granos","og_description":"Abraz\u00f3 la producci\u00f3n agropecuaria y desde Jes\u00fas Mar\u00eda, C\u00f3rdoba, sue\u00f1a con exportar y convertir granos en carne de cerdo.","og_url":"https:\/\/www.todoalfalfa.com.ar\/noticias\/con-tres-decadas-en-una-farmacia-decidio-invertir-en-el-campo-y-hoy-produce-megafardos-y-granos\/","og_site_name":"Todo Alfalfa","article_publisher":"https:\/\/www.facebook.com\/todoalfalfa","article_published_time":"2022-05-26T20:32:35+00:00","article_modified_time":"2022-05-26T20:32:36+00:00","og_image":[{"width":777,"height":437,"url":"https:\/\/www.todoalfalfa.com.ar\/noticias\/wp-content\/uploads\/2022\/05\/confeccion-megafardos-1.jpg","type":"image\/jpeg"}],"author":"Todo Alfalfa","twitter_card":"summary_large_image","twitter_misc":{"Escrito por":"Todo Alfalfa","Tiempo de lectura":"8 minutos"},"schema":{"@context":"https:\/\/schema.org","@graph":[{"@type":"NewsArticle","@id":"https:\/\/www.todoalfalfa.com.ar\/noticias\/con-tres-decadas-en-una-farmacia-decidio-invertir-en-el-campo-y-hoy-produce-megafardos-y-granos\/#article","isPartOf":{"@id":"https:\/\/www.todoalfalfa.com.ar\/noticias\/con-tres-decadas-en-una-farmacia-decidio-invertir-en-el-campo-y-hoy-produce-megafardos-y-granos\/"},"author":{"name":"Todo Alfalfa","@id":"https:\/\/www.todoalfalfa.com.ar\/noticias\/#\/schema\/person\/4ee4bca9b9fa50c4f0fbaf7017fbf2ad"},"headline":"Con tres d\u00e9cadas en una farmacia, decidi\u00f3 invertir en el campo y hoy produce megafardos y granos","datePublished":"2022-05-26T20:32:35+00:00","dateModified":"2022-05-26T20:32:36+00:00","mainEntityOfPage":{"@id":"https:\/\/www.todoalfalfa.com.ar\/noticias\/con-tres-decadas-en-una-farmacia-decidio-invertir-en-el-campo-y-hoy-produce-megafardos-y-granos\/"},"wordCount":1619,"publisher":{"@id":"https:\/\/www.todoalfalfa.com.ar\/noticias\/#organization"},"image":{"@id":"https:\/\/www.todoalfalfa.com.ar\/noticias\/con-tres-decadas-en-una-farmacia-decidio-invertir-en-el-campo-y-hoy-produce-megafardos-y-granos\/#primaryimage"},"thumbnailUrl":"https:\/\/i0.wp.com\/www.todoalfalfa.com.ar\/noticias\/wp-content\/uploads\/2022\/05\/confeccion-megafardos-1.jpg?fit=777%2C437&ssl=1","keywords":["Daniotti","Jes\u00fas-Mar\u00eda","megafardos"],"articleSection":["Generales"],"inLanguage":"es"},{"@type":["WebPage","ItemPage"],"@id":"https:\/\/www.todoalfalfa.com.ar\/noticias\/con-tres-decadas-en-una-farmacia-decidio-invertir-en-el-campo-y-hoy-produce-megafardos-y-granos\/","url":"https:\/\/www.todoalfalfa.com.ar\/noticias\/con-tres-decadas-en-una-farmacia-decidio-invertir-en-el-campo-y-hoy-produce-megafardos-y-granos\/","name":"Con tres d\u00e9cadas en una farmacia, decidi\u00f3 invertir en el campo y hoy produce megafardos y granos","isPartOf":{"@id":"https:\/\/www.todoalfalfa.com.ar\/noticias\/#website"},"primaryImageOfPage":{"@id":"https:\/\/www.todoalfalfa.com.ar\/noticias\/con-tres-decadas-en-una-farmacia-decidio-invertir-en-el-campo-y-hoy-produce-megafardos-y-granos\/#primaryimage"},"image":{"@id":"https:\/\/www.todoalfalfa.com.ar\/noticias\/con-tres-decadas-en-una-farmacia-decidio-invertir-en-el-campo-y-hoy-produce-megafardos-y-granos\/#primaryimage"},"thumbnailUrl":"https:\/\/i0.wp.com\/www.todoalfalfa.com.ar\/noticias\/wp-content\/uploads\/2022\/05\/confeccion-megafardos-1.jpg?fit=777%2C437&ssl=1","datePublished":"2022-05-26T20:32:35+00:00","dateModified":"2022-05-26T20:32:36+00:00","breadcrumb":{"@id":"https:\/\/www.todoalfalfa.com.ar\/noticias\/con-tres-decadas-en-una-farmacia-decidio-invertir-en-el-campo-y-hoy-produce-megafardos-y-granos\/#breadcrumb"},"inLanguage":"es","potentialAction":[{"@type":"ReadAction","target":["https:\/\/www.todoalfalfa.com.ar\/noticias\/con-tres-decadas-en-una-farmacia-decidio-invertir-en-el-campo-y-hoy-produce-megafardos-y-granos\/"]}]},{"@type":"ImageObject","inLanguage":"es","@id":"https:\/\/www.todoalfalfa.com.ar\/noticias\/con-tres-decadas-en-una-farmacia-decidio-invertir-en-el-campo-y-hoy-produce-megafardos-y-granos\/#primaryimage","url":"https:\/\/i0.wp.com\/www.todoalfalfa.com.ar\/noticias\/wp-content\/uploads\/2022\/05\/confeccion-megafardos-1.jpg?fit=777%2C437&ssl=1","contentUrl":"https:\/\/i0.wp.com\/www.todoalfalfa.com.ar\/noticias\/wp-content\/uploads\/2022\/05\/confeccion-megafardos-1.jpg?fit=777%2C437&ssl=1","width":777,"height":437},{"@type":"BreadcrumbList","@id":"https:\/\/www.todoalfalfa.com.ar\/noticias\/con-tres-decadas-en-una-farmacia-decidio-invertir-en-el-campo-y-hoy-produce-megafardos-y-granos\/#breadcrumb","itemListElement":[{"@type":"ListItem","position":1,"name":"Principal","item":"https:\/\/www.todoalfalfa.com.ar\/noticias\/"},{"@type":"ListItem","position":2,"name":"Con tres d\u00e9cadas en una farmacia, decidi\u00f3 invertir en el campo y hoy produce megafardos y granos"}]},{"@type":"WebSite","@id":"https:\/\/www.todoalfalfa.com.ar\/noticias\/#website","url":"https:\/\/www.todoalfalfa.com.ar\/noticias\/","name":"Todo Alfalfa","description":"Web informativa de la cadena de la alfalfa argentina","publisher":{"@id":"https:\/\/www.todoalfalfa.com.ar\/noticias\/#organization"},"potentialAction":[{"@type":"SearchAction","target":{"@type":"EntryPoint","urlTemplate":"https:\/\/www.todoalfalfa.com.ar\/noticias\/?s={search_term_string}"},"query-input":{"@type":"PropertyValueSpecification","valueRequired":true,"valueName":"search_term_string"}}],"inLanguage":"es"},{"@type":"Organization","@id":"https:\/\/www.todoalfalfa.com.ar\/noticias\/#organization","name":"Todo Alfalfa","url":"https:\/\/www.todoalfalfa.com.ar\/noticias\/","logo":{"@type":"ImageObject","inLanguage":"es","@id":"https:\/\/www.todoalfalfa.com.ar\/noticias\/#\/schema\/logo\/image\/","url":"https:\/\/www.todoalfalfa.com.ar\/noticias\/wp-content\/uploads\/2020\/09\/logo-todo-alfalfa-modificado.png","contentUrl":"https:\/\/www.todoalfalfa.com.ar\/noticias\/wp-content\/uploads\/2020\/09\/logo-todo-alfalfa-modificado.png","width":350,"height":100,"caption":"Todo Alfalfa"},"image":{"@id":"https:\/\/www.todoalfalfa.com.ar\/noticias\/#\/schema\/logo\/image\/"},"sameAs":["https:\/\/www.facebook.com\/todoalfalfa","https:\/\/www.instagram.com\/todoalfalfa","https:\/\/www.youtube.com\/@TodoAlfalfa","https:\/\/www.linkedin.com\/company\/todoalfalfa\/"]},{"@type":"Person","@id":"https:\/\/www.todoalfalfa.com.ar\/noticias\/#\/schema\/person\/4ee4bca9b9fa50c4f0fbaf7017fbf2ad","name":"Todo Alfalfa","image":{"@type":"ImageObject","inLanguage":"es","@id":"https:\/\/www.todoalfalfa.com.ar\/noticias\/#\/schema\/person\/image\/","url":"https:\/\/secure.gravatar.com\/avatar\/4d26a600a1380823a26c3f9cb74ada1a8ee4b482c0c3a616ab022b865c46be8f?s=96&d=mm&r=g","contentUrl":"https:\/\/secure.gravatar.com\/avatar\/4d26a600a1380823a26c3f9cb74ada1a8ee4b482c0c3a616ab022b865c46be8f?s=96&d=mm&r=g","caption":"Todo Alfalfa"},"sameAs":["http:\/\/www.todoalfalfa.com.ar"],"url":"https:\/\/www.todoalfalfa.com.ar\/noticias\/author\/todoalfalfa\/"}]}},"jetpack_featured_media_url":"https:\/\/i0.wp.com\/www.todoalfalfa.com.ar\/noticias\/wp-content\/uploads\/2022\/05\/confeccion-megafardos-1.jpg?fit=777%2C437&ssl=1","wps_subtitle":"","jetpack_sharing_enabled":true,"_links":{"self":[{"href":"https:\/\/www.todoalfalfa.com.ar\/noticias\/wp-json\/wp\/v2\/posts\/44686","targetHints":{"allow":["GET"]}}],"collection":[{"href":"https:\/\/www.todoalfalfa.com.ar\/noticias\/wp-json\/wp\/v2\/posts"}],"about":[{"href":"https:\/\/www.todoalfalfa.com.ar\/noticias\/wp-json\/wp\/v2\/types\/post"}],"author":[{"embeddable":true,"href":"https:\/\/www.todoalfalfa.com.ar\/noticias\/wp-json\/wp\/v2\/users\/3"}],"replies":[{"embeddable":true,"href":"https:\/\/www.todoalfalfa.com.ar\/noticias\/wp-json\/wp\/v2\/comments?post=44686"}],"version-history":[{"count":0,"href":"https:\/\/www.todoalfalfa.com.ar\/noticias\/wp-json\/wp\/v2\/posts\/44686\/revisions"}],"wp:featuredmedia":[{"embeddable":true,"href":"https:\/\/www.todoalfalfa.com.ar\/noticias\/wp-json\/wp\/v2\/media\/44689"}],"wp:attachment":[{"href":"https:\/\/www.todoalfalfa.com.ar\/noticias\/wp-json\/wp\/v2\/media?parent=44686"}],"wp:term":[{"taxonomy":"category","embeddable":true,"href":"https:\/\/www.todoalfalfa.com.ar\/noticias\/wp-json\/wp\/v2\/categories?post=44686"},{"taxonomy":"post_tag","embeddable":true,"href":"https:\/\/www.todoalfalfa.com.ar\/noticias\/wp-json\/wp\/v2\/tags?post=44686"}],"curies":[{"name":"wp","href":"https:\/\/api.w.org\/{rel}","templated":true}]}}