{"id":44790,"date":"2022-07-11T10:48:22","date_gmt":"2022-07-11T13:48:22","guid":{"rendered":"https:\/\/www.todoalfalfa.com.ar\/?p=44790"},"modified":"2022-07-11T10:48:23","modified_gmt":"2022-07-11T13:48:23","slug":"aumentan-las-expectativas-por-el-congreso-mundial-de-la-alfalfa","status":"publish","type":"post","link":"https:\/\/www.todoalfalfa.com.ar\/noticias\/aumentan-las-expectativas-por-el-congreso-mundial-de-la-alfalfa\/","title":{"rendered":"Aumentan las expectativas por el Congreso Mundial de la Alfalfa"},"content":{"rendered":"\n<p>Productores de heno y forraje, cient\u00edficos y profesionales de la industria forrajera de todo el mundo se reunir\u00e1n en San Diego, California, en un encuentro de cuatro d\u00edas dedicado \u00edntegramente a la alfalfa.&nbsp; Se celebrar\u00e1 del 14 al 17 de noviembre de 2022.<\/p>\n\n\n\n<p>El objetivo del Congreso Mundial de la Alfalfa es compartir conocimientos, nuevos datos de investigaci\u00f3n y tendencias del sector sobre la Medicago sativa, el cultivo conocido como alfalfa en Estados Unidos y como lucerna en muchas otras partes del mundo.<\/p>\n\n\n\n<p>Este Congreso est\u00e1 organizado por un comit\u00e9 internacional formado por miembros de todo el mundo, aunque el anfitri\u00f3n es el contingente estadounidense. Esta reuni\u00f3n sucede al primer Congreso Mundial de la Alfalfa (Bengbu, China en 2015) y al segundo Congreso de la Alfalfa (C\u00f3rdoba, Argentina en 2018).<\/p>\n\n\n\n<p>La alfalfa es uno de los cultivos forrajeros m\u00e1s importantes del mundo y el cuarto cultivo de campo m\u00e1s valioso en Estados Unidos en 2022. La alfalfa es una parte crucial del paisaje agr\u00edcola, ya que se cultiva en m\u00e1s de 16 millones de acres en Estados Unidos y reviste una gran importancia en muchos otros pa\u00edses. El comercio mundial de heno de alfalfa ha experimentado un fuerte crecimiento en los \u00faltimos a\u00f1os, con un gran inter\u00e9s en Asia, Europa, el norte de \u00c1frica y Oriente Medio.<\/p>\n\n\n\n<p>Adem\u00e1s, la alfalfa contribuye en gran medida a la salud medioambiental de nuestro ecosistema, ya que aporta suelos sanos, agua limpia y h\u00e1bitat para la fauna, un punto clave para este Congreso. \u00abLos que trabajamos con la alfalfa somos muy conscientes de los beneficios que puede aportar a los suelos, al equilibrio del carbono y al h\u00e1bitat de la fauna salvaje, adem\u00e1s de ser un cultivo alimentario rentable; sin embargo, este hecho no se valora en su justa medida\u00bb, afirma el Dr. Dan Putnam, Profesor de Extensi\u00f3n y Especialista en Forraje de la Universidad de California en Davis y presidente del programa.<\/p>\n\n\n\n<p>El Dr. Christian Huyghe (Par\u00eds, Francia), organizador principal, se\u00f1ala que con el aumento de los precios de los fertilizantes nitrogenados y las cuestiones medioambientales que requieren m\u00e1s atenci\u00f3n, es probable que la alfalfa tenga un papel m\u00e1s importante en el futuro. \u00abEs probable que la opini\u00f3n p\u00fablica, e incluso a veces los propios agricultores, no comprendan bien las ventajas de la fijaci\u00f3n biol\u00f3gica de nitr\u00f3geno de esta importante leguminosa y su funci\u00f3n en las rotaciones de cultivos\u00bb, afirma.<\/p>\n\n\n\n<p>El Congreso est\u00e1 copatrocinado por una amplia gama de organizaciones de todo el mundo: La Alianza Nacional de Alfalfa y Forrajes (National Alfalfa &amp; Forage Alliance, NAFA, EE. UU.), la Asociaci\u00f3n de Alfalfa y Forraje de California (California Alfalfa &amp; Forage Association, CAFA, EE. UU.); la Universidad de California en Davis (EE. UU.); el Servicio de investigaci\u00f3n agr\u00edcola del Departamento de agricultura de EE. UU. (USDA-ARS, EE. UU.); la Sociedad China de Pastos (China); la Asociaci\u00f3n de la Industria de Pastos de China (China); INRAE (Francia); INTA (Argentina); CIDE (UE); la Universidad Agr\u00edcola de China (Pek\u00edn); y AEFA (Espa\u00f1a).<\/p>\n\n\n<div class=\"wp-block-image\">\n<figure class=\"aligncenter size-full is-resized\"><img data-recalc-dims=\"1\" fetchpriority=\"high\" decoding=\"async\" src=\"https:\/\/i0.wp.com\/www.todoalfalfa.com.ar\/wp-content\/uploads\/2021\/08\/alfalfa-espana.jpg?resize=823%2C464&#038;ssl=1\" alt=\"\" class=\"wp-image-43932\" width=\"823\" height=\"464\" srcset=\"https:\/\/i0.wp.com\/www.todoalfalfa.com.ar\/noticias\/wp-content\/uploads\/2021\/08\/alfalfa-espana.jpg?w=728&amp;ssl=1 728w, https:\/\/i0.wp.com\/www.todoalfalfa.com.ar\/noticias\/wp-content\/uploads\/2021\/08\/alfalfa-espana.jpg?resize=300%2C169&amp;ssl=1 300w, https:\/\/i0.wp.com\/www.todoalfalfa.com.ar\/noticias\/wp-content\/uploads\/2021\/08\/alfalfa-espana.jpg?resize=180%2C101&amp;ssl=1 180w, https:\/\/i0.wp.com\/www.todoalfalfa.com.ar\/noticias\/wp-content\/uploads\/2021\/08\/alfalfa-espana.jpg?resize=260%2C146&amp;ssl=1 260w, https:\/\/i0.wp.com\/www.todoalfalfa.com.ar\/noticias\/wp-content\/uploads\/2021\/08\/alfalfa-espana.jpg?resize=373%2C210&amp;ssl=1 373w, https:\/\/i0.wp.com\/www.todoalfalfa.com.ar\/noticias\/wp-content\/uploads\/2021\/08\/alfalfa-espana.jpg?resize=120%2C67&amp;ssl=1 120w\" sizes=\"(max-width: 823px) 100vw, 823px\" \/><\/figure><\/div>\n\n\n<p>\u00abEl car\u00e1cter internacional del Congreso Mundial de la Alfalfa nos dar\u00e1 la oportunidad de enriquecer nuestros conocimientos sobre este importante cultivo\u00bb, se\u00f1ala Dennis Hancock, administrador del Centro de Investigaci\u00f3n de Forrajes L\u00e1cteos del USDA-ARS en Madison (Wisconsin). \u00abEs una gran oportunidad para intercambiar experiencias y descubrimientos cient\u00edficos de todo el mundo.\u00bb<\/p>\n\n\n\n<p>Los temas del programa incluyen la importancia econ\u00f3mica y ecol\u00f3gica de la alfalfa, la gen\u00e9tica y el cultivo, las pr\u00e1cticas agron\u00f3micas, las exportaciones, la fertilidad del suelo, las malas hierbas, las plagas y las enfermedades, la maquinaria forrajera, los nuevos usos, la calidad del forraje, el equipamiento, el riego, el agua y los aspectos medioambientales.<\/p>\n\n\n\n<p>El Congreso incluye una jornada de formaci\u00f3n sobre gesti\u00f3n de plagas y riego para los profesionales, as\u00ed como dos d\u00edas de presentaciones t\u00e9cnicas. El programa tambi\u00e9n incluye un d\u00eda completo de visita al Valle Imperial, una importante zona de cultivo de alfalfa en el sur de California. La visita presentar\u00e1 la producci\u00f3n de alfalfa durante todo el a\u00f1o, los m\u00e9todos de riego, las parcelas de investigaci\u00f3n, la exportaci\u00f3n de heno y semillas, las cuestiones medioambientales, la producci\u00f3n de hortalizas de invierno y la exposici\u00f3n de equipos.<\/p>\n\n\n\n<p>El Congreso est\u00e1 dirigido a cient\u00edficos, agricultores, consultores y representantes de la industria, as\u00ed como al p\u00fablico en general interesado en este importante cultivo.<\/p>\n\n\n\n<p>San Diego ofrece un clima c\u00e1lido y agradable para una reuni\u00f3n en noviembre. \u00abEsperamos que la asistencia sea excelente y que los asistentes puedan disfrutar de muchas atracciones exteriores\u00bb, afirma Nicole Helms, administradora ejecutiva de la CAFA y organizadora principal.<\/p>\n\n\n\n<p>La participaci\u00f3n de empresas patrocinadoras y expositoras es bienvenida y ofrece una excelente oportunidad para establecer contactos en el sector. \u00abEsperamos que haya entre 70 y 80 expositores en este evento\u00bb, afirma Beth Nelson, de St. Paul, Minnesota, organizadora principal y presidenta de la NAFA. Estos organizadores de miembros productores (NAFA y CAFA) representan una amplia gama de productores de alfalfa y forraje en los Estados Unidos.<\/p>\n\n\n\n<p>Se admiten p\u00f3steres cient\u00edficos y presentaciones orales, y las inscripciones ya est\u00e1n abiertas.<\/p>\n\n\n\n<p>Para obtener informaci\u00f3n continua, inscripciones, informaci\u00f3n sobre exposiciones y patrocinios, y para presentar documentos, visite <a href=\"https:\/\/worldalfalfacongress.ucdavis.edu\/\" target=\"_blank\" rel=\"noreferrer noopener\">https:\/\/worldalfalfacongress.ucdavis.edu\/<\/a><\/p>\n<div class=\"todoalfalfa-final-de-la-nota\" id=\"todoalfalfa-2943753586\"><a href=\"https:\/\/www.whatsapp.com\/channel\/0029VbCBmFB9WtBxJsD3eC2i\" target=\"_blank\" aria-label=\"5\"><img src=\"https:\/\/i0.wp.com\/www.todoalfalfa.com.ar\/noticias\/wp-content\/uploads\/2026\/04\/5.gif?fit=728%2C90&#038;ssl=1\" alt=\"\"  width=\"728\" height=\"90\"   \/><\/a><\/div>","protected":false},"excerpt":{"rendered":"<p>Sin alfalfa, los alimentos que muchos de nosotros disfrutamos a diario podr\u00edan dejar de existir. Esta nueva edici\u00f3n del Congreso Mundial de la Alfalfa tendr\u00e1 como lema \u201cLa producci\u00f3n rentable de alfalfa preserva el medio ambiente\u201d.<\/p>\n","protected":false},"author":3,"featured_media":43898,"comment_status":"closed","ping_status":"open","sticky":false,"template":"","format":"standard","meta":{"jetpack_post_was_ever_published":false,"_jetpack_newsletter_access":"","_jetpack_dont_email_post_to_subs":false,"_jetpack_newsletter_tier_id":0,"_jetpack_memberships_contains_paywalled_content":false,"_jetpack_memberships_contains_paid_content":false,"footnotes":""},"categories":[2],"tags":[1309,31,1345,248,205,262],"class_list":["post-44790","post","type-post","status-publish","format-standard","has-post-thumbnail","hentry","category-generales","tag-1309","tag-alfalfa","tag-california","tag-congreso","tag-ee-uu","tag-mundial"],"yoast_head":"<!-- This site is optimized with the Yoast SEO plugin v25.5 - https:\/\/yoast.com\/wordpress\/plugins\/seo\/ -->\n<title>Aumentan las expectativas por el Congreso Mundial de la Alfalfa<\/title>\n<meta name=\"robots\" content=\"index, follow, max-snippet:-1, max-image-preview:large, max-video-preview:-1\" \/>\n<link rel=\"canonical\" href=\"https:\/\/www.todoalfalfa.com.ar\/noticias\/aumentan-las-expectativas-por-el-congreso-mundial-de-la-alfalfa\/\" \/>\n<meta property=\"og:locale\" content=\"es_ES\" \/>\n<meta property=\"og:type\" content=\"article\" \/>\n<meta property=\"og:title\" content=\"Aumentan las expectativas por el Congreso Mundial de la Alfalfa\" \/>\n<meta property=\"og:description\" content=\"Sin alfalfa, los alimentos que muchos de nosotros disfrutamos a diario podr\u00edan dejar de existir. Esta nueva edici\u00f3n del Congreso Mundial de la Alfalfa tendr\u00e1 como lema \u201cLa producci\u00f3n rentable de alfalfa preserva el medio ambiente\u201d.\" \/>\n<meta property=\"og:url\" content=\"https:\/\/www.todoalfalfa.com.ar\/noticias\/aumentan-las-expectativas-por-el-congreso-mundial-de-la-alfalfa\/\" \/>\n<meta property=\"og:site_name\" content=\"Todo Alfalfa\" \/>\n<meta property=\"article:publisher\" content=\"https:\/\/www.facebook.com\/todoalfalfa\" \/>\n<meta property=\"article:published_time\" content=\"2022-07-11T13:48:22+00:00\" \/>\n<meta property=\"article:modified_time\" content=\"2022-07-11T13:48:23+00:00\" \/>\n<meta property=\"og:image\" content=\"https:\/\/www.todoalfalfa.com.ar\/noticias\/wp-content\/uploads\/2021\/08\/alfalfa-primer-plano.jpg\" \/>\n\t<meta property=\"og:image:width\" content=\"777\" \/>\n\t<meta property=\"og:image:height\" content=\"437\" \/>\n\t<meta property=\"og:image:type\" content=\"image\/jpeg\" \/>\n<meta name=\"author\" content=\"Todo Alfalfa\" \/>\n<meta name=\"twitter:card\" content=\"summary_large_image\" \/>\n<meta name=\"twitter:label1\" content=\"Escrito por\" \/>\n\t<meta name=\"twitter:data1\" content=\"Todo Alfalfa\" \/>\n\t<meta name=\"twitter:label2\" content=\"Tiempo de lectura\" \/>\n\t<meta name=\"twitter:data2\" content=\"5 minutos\" \/>\n<script type=\"application\/ld+json\" class=\"yoast-schema-graph\">{\"@context\":\"https:\/\/schema.org\",\"@graph\":[{\"@type\":\"NewsArticle\",\"@id\":\"https:\/\/www.todoalfalfa.com.ar\/noticias\/aumentan-las-expectativas-por-el-congreso-mundial-de-la-alfalfa\/#article\",\"isPartOf\":{\"@id\":\"https:\/\/www.todoalfalfa.com.ar\/noticias\/aumentan-las-expectativas-por-el-congreso-mundial-de-la-alfalfa\/\"},\"author\":{\"name\":\"Todo Alfalfa\",\"@id\":\"https:\/\/www.todoalfalfa.com.ar\/noticias\/#\/schema\/person\/4ee4bca9b9fa50c4f0fbaf7017fbf2ad\"},\"headline\":\"Aumentan las expectativas por el Congreso Mundial de la Alfalfa\",\"datePublished\":\"2022-07-11T13:48:22+00:00\",\"dateModified\":\"2022-07-11T13:48:23+00:00\",\"mainEntityOfPage\":{\"@id\":\"https:\/\/www.todoalfalfa.com.ar\/noticias\/aumentan-las-expectativas-por-el-congreso-mundial-de-la-alfalfa\/\"},\"wordCount\":923,\"publisher\":{\"@id\":\"https:\/\/www.todoalfalfa.com.ar\/noticias\/#organization\"},\"image\":{\"@id\":\"https:\/\/www.todoalfalfa.com.ar\/noticias\/aumentan-las-expectativas-por-el-congreso-mundial-de-la-alfalfa\/#primaryimage\"},\"thumbnailUrl\":\"https:\/\/i0.wp.com\/www.todoalfalfa.com.ar\/noticias\/wp-content\/uploads\/2021\/08\/alfalfa-primer-plano.jpg?fit=777%2C437&ssl=1\",\"keywords\":[\"2022\",\"alfalfa\",\"California\",\"Congreso\",\"EE.UU\",\"mundial\"],\"articleSection\":[\"Generales\"],\"inLanguage\":\"es\"},{\"@type\":[\"WebPage\",\"ItemPage\"],\"@id\":\"https:\/\/www.todoalfalfa.com.ar\/noticias\/aumentan-las-expectativas-por-el-congreso-mundial-de-la-alfalfa\/\",\"url\":\"https:\/\/www.todoalfalfa.com.ar\/noticias\/aumentan-las-expectativas-por-el-congreso-mundial-de-la-alfalfa\/\",\"name\":\"Aumentan las expectativas por el Congreso Mundial de la Alfalfa\",\"isPartOf\":{\"@id\":\"https:\/\/www.todoalfalfa.com.ar\/noticias\/#website\"},\"primaryImageOfPage\":{\"@id\":\"https:\/\/www.todoalfalfa.com.ar\/noticias\/aumentan-las-expectativas-por-el-congreso-mundial-de-la-alfalfa\/#primaryimage\"},\"image\":{\"@id\":\"https:\/\/www.todoalfalfa.com.ar\/noticias\/aumentan-las-expectativas-por-el-congreso-mundial-de-la-alfalfa\/#primaryimage\"},\"thumbnailUrl\":\"https:\/\/i0.wp.com\/www.todoalfalfa.com.ar\/noticias\/wp-content\/uploads\/2021\/08\/alfalfa-primer-plano.jpg?fit=777%2C437&ssl=1\",\"datePublished\":\"2022-07-11T13:48:22+00:00\",\"dateModified\":\"2022-07-11T13:48:23+00:00\",\"breadcrumb\":{\"@id\":\"https:\/\/www.todoalfalfa.com.ar\/noticias\/aumentan-las-expectativas-por-el-congreso-mundial-de-la-alfalfa\/#breadcrumb\"},\"inLanguage\":\"es\",\"potentialAction\":[{\"@type\":\"ReadAction\",\"target\":[\"https:\/\/www.todoalfalfa.com.ar\/noticias\/aumentan-las-expectativas-por-el-congreso-mundial-de-la-alfalfa\/\"]}]},{\"@type\":\"ImageObject\",\"inLanguage\":\"es\",\"@id\":\"https:\/\/www.todoalfalfa.com.ar\/noticias\/aumentan-las-expectativas-por-el-congreso-mundial-de-la-alfalfa\/#primaryimage\",\"url\":\"https:\/\/i0.wp.com\/www.todoalfalfa.com.ar\/noticias\/wp-content\/uploads\/2021\/08\/alfalfa-primer-plano.jpg?fit=777%2C437&ssl=1\",\"contentUrl\":\"https:\/\/i0.wp.com\/www.todoalfalfa.com.ar\/noticias\/wp-content\/uploads\/2021\/08\/alfalfa-primer-plano.jpg?fit=777%2C437&ssl=1\",\"width\":777,\"height\":437},{\"@type\":\"BreadcrumbList\",\"@id\":\"https:\/\/www.todoalfalfa.com.ar\/noticias\/aumentan-las-expectativas-por-el-congreso-mundial-de-la-alfalfa\/#breadcrumb\",\"itemListElement\":[{\"@type\":\"ListItem\",\"position\":1,\"name\":\"Principal\",\"item\":\"https:\/\/www.todoalfalfa.com.ar\/noticias\/\"},{\"@type\":\"ListItem\",\"position\":2,\"name\":\"Aumentan las expectativas por el Congreso Mundial de la Alfalfa\"}]},{\"@type\":\"WebSite\",\"@id\":\"https:\/\/www.todoalfalfa.com.ar\/noticias\/#website\",\"url\":\"https:\/\/www.todoalfalfa.com.ar\/noticias\/\",\"name\":\"Todo Alfalfa\",\"description\":\"Web informativa de la cadena de la alfalfa argentina\",\"publisher\":{\"@id\":\"https:\/\/www.todoalfalfa.com.ar\/noticias\/#organization\"},\"potentialAction\":[{\"@type\":\"SearchAction\",\"target\":{\"@type\":\"EntryPoint\",\"urlTemplate\":\"https:\/\/www.todoalfalfa.com.ar\/noticias\/?s={search_term_string}\"},\"query-input\":{\"@type\":\"PropertyValueSpecification\",\"valueRequired\":true,\"valueName\":\"search_term_string\"}}],\"inLanguage\":\"es\"},{\"@type\":\"Organization\",\"@id\":\"https:\/\/www.todoalfalfa.com.ar\/noticias\/#organization\",\"name\":\"Todo Alfalfa\",\"url\":\"https:\/\/www.todoalfalfa.com.ar\/noticias\/\",\"logo\":{\"@type\":\"ImageObject\",\"inLanguage\":\"es\",\"@id\":\"https:\/\/www.todoalfalfa.com.ar\/noticias\/#\/schema\/logo\/image\/\",\"url\":\"https:\/\/www.todoalfalfa.com.ar\/noticias\/wp-content\/uploads\/2020\/09\/logo-todo-alfalfa-modificado.png\",\"contentUrl\":\"https:\/\/www.todoalfalfa.com.ar\/noticias\/wp-content\/uploads\/2020\/09\/logo-todo-alfalfa-modificado.png\",\"width\":350,\"height\":100,\"caption\":\"Todo Alfalfa\"},\"image\":{\"@id\":\"https:\/\/www.todoalfalfa.com.ar\/noticias\/#\/schema\/logo\/image\/\"},\"sameAs\":[\"https:\/\/www.facebook.com\/todoalfalfa\",\"https:\/\/www.instagram.com\/todoalfalfa\",\"https:\/\/www.youtube.com\/@TodoAlfalfa\",\"https:\/\/www.linkedin.com\/company\/todoalfalfa\/\"]},{\"@type\":\"Person\",\"@id\":\"https:\/\/www.todoalfalfa.com.ar\/noticias\/#\/schema\/person\/4ee4bca9b9fa50c4f0fbaf7017fbf2ad\",\"name\":\"Todo Alfalfa\",\"image\":{\"@type\":\"ImageObject\",\"inLanguage\":\"es\",\"@id\":\"https:\/\/www.todoalfalfa.com.ar\/noticias\/#\/schema\/person\/image\/\",\"url\":\"https:\/\/secure.gravatar.com\/avatar\/4d26a600a1380823a26c3f9cb74ada1a8ee4b482c0c3a616ab022b865c46be8f?s=96&d=mm&r=g\",\"contentUrl\":\"https:\/\/secure.gravatar.com\/avatar\/4d26a600a1380823a26c3f9cb74ada1a8ee4b482c0c3a616ab022b865c46be8f?s=96&d=mm&r=g\",\"caption\":\"Todo Alfalfa\"},\"sameAs\":[\"http:\/\/www.todoalfalfa.com.ar\"],\"url\":\"https:\/\/www.todoalfalfa.com.ar\/noticias\/author\/todoalfalfa\/\"}]}<\/script>\n<!-- \/ Yoast SEO plugin. -->","yoast_head_json":{"title":"Aumentan las expectativas por el Congreso Mundial de la Alfalfa","robots":{"index":"index","follow":"follow","max-snippet":"max-snippet:-1","max-image-preview":"max-image-preview:large","max-video-preview":"max-video-preview:-1"},"canonical":"https:\/\/www.todoalfalfa.com.ar\/noticias\/aumentan-las-expectativas-por-el-congreso-mundial-de-la-alfalfa\/","og_locale":"es_ES","og_type":"article","og_title":"Aumentan las expectativas por el Congreso Mundial de la Alfalfa","og_description":"Sin alfalfa, los alimentos que muchos de nosotros disfrutamos a diario podr\u00edan dejar de existir. Esta nueva edici\u00f3n del Congreso Mundial de la Alfalfa tendr\u00e1 como lema \u201cLa producci\u00f3n rentable de alfalfa preserva el medio ambiente\u201d.","og_url":"https:\/\/www.todoalfalfa.com.ar\/noticias\/aumentan-las-expectativas-por-el-congreso-mundial-de-la-alfalfa\/","og_site_name":"Todo Alfalfa","article_publisher":"https:\/\/www.facebook.com\/todoalfalfa","article_published_time":"2022-07-11T13:48:22+00:00","article_modified_time":"2022-07-11T13:48:23+00:00","og_image":[{"width":777,"height":437,"url":"https:\/\/www.todoalfalfa.com.ar\/noticias\/wp-content\/uploads\/2021\/08\/alfalfa-primer-plano.jpg","type":"image\/jpeg"}],"author":"Todo Alfalfa","twitter_card":"summary_large_image","twitter_misc":{"Escrito por":"Todo Alfalfa","Tiempo de lectura":"5 minutos"},"schema":{"@context":"https:\/\/schema.org","@graph":[{"@type":"NewsArticle","@id":"https:\/\/www.todoalfalfa.com.ar\/noticias\/aumentan-las-expectativas-por-el-congreso-mundial-de-la-alfalfa\/#article","isPartOf":{"@id":"https:\/\/www.todoalfalfa.com.ar\/noticias\/aumentan-las-expectativas-por-el-congreso-mundial-de-la-alfalfa\/"},"author":{"name":"Todo Alfalfa","@id":"https:\/\/www.todoalfalfa.com.ar\/noticias\/#\/schema\/person\/4ee4bca9b9fa50c4f0fbaf7017fbf2ad"},"headline":"Aumentan las expectativas por el Congreso Mundial de la Alfalfa","datePublished":"2022-07-11T13:48:22+00:00","dateModified":"2022-07-11T13:48:23+00:00","mainEntityOfPage":{"@id":"https:\/\/www.todoalfalfa.com.ar\/noticias\/aumentan-las-expectativas-por-el-congreso-mundial-de-la-alfalfa\/"},"wordCount":923,"publisher":{"@id":"https:\/\/www.todoalfalfa.com.ar\/noticias\/#organization"},"image":{"@id":"https:\/\/www.todoalfalfa.com.ar\/noticias\/aumentan-las-expectativas-por-el-congreso-mundial-de-la-alfalfa\/#primaryimage"},"thumbnailUrl":"https:\/\/i0.wp.com\/www.todoalfalfa.com.ar\/noticias\/wp-content\/uploads\/2021\/08\/alfalfa-primer-plano.jpg?fit=777%2C437&ssl=1","keywords":["2022","alfalfa","California","Congreso","EE.UU","mundial"],"articleSection":["Generales"],"inLanguage":"es"},{"@type":["WebPage","ItemPage"],"@id":"https:\/\/www.todoalfalfa.com.ar\/noticias\/aumentan-las-expectativas-por-el-congreso-mundial-de-la-alfalfa\/","url":"https:\/\/www.todoalfalfa.com.ar\/noticias\/aumentan-las-expectativas-por-el-congreso-mundial-de-la-alfalfa\/","name":"Aumentan las expectativas por el Congreso Mundial de la Alfalfa","isPartOf":{"@id":"https:\/\/www.todoalfalfa.com.ar\/noticias\/#website"},"primaryImageOfPage":{"@id":"https:\/\/www.todoalfalfa.com.ar\/noticias\/aumentan-las-expectativas-por-el-congreso-mundial-de-la-alfalfa\/#primaryimage"},"image":{"@id":"https:\/\/www.todoalfalfa.com.ar\/noticias\/aumentan-las-expectativas-por-el-congreso-mundial-de-la-alfalfa\/#primaryimage"},"thumbnailUrl":"https:\/\/i0.wp.com\/www.todoalfalfa.com.ar\/noticias\/wp-content\/uploads\/2021\/08\/alfalfa-primer-plano.jpg?fit=777%2C437&ssl=1","datePublished":"2022-07-11T13:48:22+00:00","dateModified":"2022-07-11T13:48:23+00:00","breadcrumb":{"@id":"https:\/\/www.todoalfalfa.com.ar\/noticias\/aumentan-las-expectativas-por-el-congreso-mundial-de-la-alfalfa\/#breadcrumb"},"inLanguage":"es","potentialAction":[{"@type":"ReadAction","target":["https:\/\/www.todoalfalfa.com.ar\/noticias\/aumentan-las-expectativas-por-el-congreso-mundial-de-la-alfalfa\/"]}]},{"@type":"ImageObject","inLanguage":"es","@id":"https:\/\/www.todoalfalfa.com.ar\/noticias\/aumentan-las-expectativas-por-el-congreso-mundial-de-la-alfalfa\/#primaryimage","url":"https:\/\/i0.wp.com\/www.todoalfalfa.com.ar\/noticias\/wp-content\/uploads\/2021\/08\/alfalfa-primer-plano.jpg?fit=777%2C437&ssl=1","contentUrl":"https:\/\/i0.wp.com\/www.todoalfalfa.com.ar\/noticias\/wp-content\/uploads\/2021\/08\/alfalfa-primer-plano.jpg?fit=777%2C437&ssl=1","width":777,"height":437},{"@type":"BreadcrumbList","@id":"https:\/\/www.todoalfalfa.com.ar\/noticias\/aumentan-las-expectativas-por-el-congreso-mundial-de-la-alfalfa\/#breadcrumb","itemListElement":[{"@type":"ListItem","position":1,"name":"Principal","item":"https:\/\/www.todoalfalfa.com.ar\/noticias\/"},{"@type":"ListItem","position":2,"name":"Aumentan las expectativas por el Congreso Mundial de la Alfalfa"}]},{"@type":"WebSite","@id":"https:\/\/www.todoalfalfa.com.ar\/noticias\/#website","url":"https:\/\/www.todoalfalfa.com.ar\/noticias\/","name":"Todo Alfalfa","description":"Web informativa de la cadena de la alfalfa argentina","publisher":{"@id":"https:\/\/www.todoalfalfa.com.ar\/noticias\/#organization"},"potentialAction":[{"@type":"SearchAction","target":{"@type":"EntryPoint","urlTemplate":"https:\/\/www.todoalfalfa.com.ar\/noticias\/?s={search_term_string}"},"query-input":{"@type":"PropertyValueSpecification","valueRequired":true,"valueName":"search_term_string"}}],"inLanguage":"es"},{"@type":"Organization","@id":"https:\/\/www.todoalfalfa.com.ar\/noticias\/#organization","name":"Todo Alfalfa","url":"https:\/\/www.todoalfalfa.com.ar\/noticias\/","logo":{"@type":"ImageObject","inLanguage":"es","@id":"https:\/\/www.todoalfalfa.com.ar\/noticias\/#\/schema\/logo\/image\/","url":"https:\/\/www.todoalfalfa.com.ar\/noticias\/wp-content\/uploads\/2020\/09\/logo-todo-alfalfa-modificado.png","contentUrl":"https:\/\/www.todoalfalfa.com.ar\/noticias\/wp-content\/uploads\/2020\/09\/logo-todo-alfalfa-modificado.png","width":350,"height":100,"caption":"Todo Alfalfa"},"image":{"@id":"https:\/\/www.todoalfalfa.com.ar\/noticias\/#\/schema\/logo\/image\/"},"sameAs":["https:\/\/www.facebook.com\/todoalfalfa","https:\/\/www.instagram.com\/todoalfalfa","https:\/\/www.youtube.com\/@TodoAlfalfa","https:\/\/www.linkedin.com\/company\/todoalfalfa\/"]},{"@type":"Person","@id":"https:\/\/www.todoalfalfa.com.ar\/noticias\/#\/schema\/person\/4ee4bca9b9fa50c4f0fbaf7017fbf2ad","name":"Todo Alfalfa","image":{"@type":"ImageObject","inLanguage":"es","@id":"https:\/\/www.todoalfalfa.com.ar\/noticias\/#\/schema\/person\/image\/","url":"https:\/\/secure.gravatar.com\/avatar\/4d26a600a1380823a26c3f9cb74ada1a8ee4b482c0c3a616ab022b865c46be8f?s=96&d=mm&r=g","contentUrl":"https:\/\/secure.gravatar.com\/avatar\/4d26a600a1380823a26c3f9cb74ada1a8ee4b482c0c3a616ab022b865c46be8f?s=96&d=mm&r=g","caption":"Todo Alfalfa"},"sameAs":["http:\/\/www.todoalfalfa.com.ar"],"url":"https:\/\/www.todoalfalfa.com.ar\/noticias\/author\/todoalfalfa\/"}]}},"jetpack_featured_media_url":"https:\/\/i0.wp.com\/www.todoalfalfa.com.ar\/noticias\/wp-content\/uploads\/2021\/08\/alfalfa-primer-plano.jpg?fit=777%2C437&ssl=1","wps_subtitle":"","jetpack_sharing_enabled":true,"_links":{"self":[{"href":"https:\/\/www.todoalfalfa.com.ar\/noticias\/wp-json\/wp\/v2\/posts\/44790","targetHints":{"allow":["GET"]}}],"collection":[{"href":"https:\/\/www.todoalfalfa.com.ar\/noticias\/wp-json\/wp\/v2\/posts"}],"about":[{"href":"https:\/\/www.todoalfalfa.com.ar\/noticias\/wp-json\/wp\/v2\/types\/post"}],"author":[{"embeddable":true,"href":"https:\/\/www.todoalfalfa.com.ar\/noticias\/wp-json\/wp\/v2\/users\/3"}],"replies":[{"embeddable":true,"href":"https:\/\/www.todoalfalfa.com.ar\/noticias\/wp-json\/wp\/v2\/comments?post=44790"}],"version-history":[{"count":0,"href":"https:\/\/www.todoalfalfa.com.ar\/noticias\/wp-json\/wp\/v2\/posts\/44790\/revisions"}],"wp:featuredmedia":[{"embeddable":true,"href":"https:\/\/www.todoalfalfa.com.ar\/noticias\/wp-json\/wp\/v2\/media\/43898"}],"wp:attachment":[{"href":"https:\/\/www.todoalfalfa.com.ar\/noticias\/wp-json\/wp\/v2\/media?parent=44790"}],"wp:term":[{"taxonomy":"category","embeddable":true,"href":"https:\/\/www.todoalfalfa.com.ar\/noticias\/wp-json\/wp\/v2\/categories?post=44790"},{"taxonomy":"post_tag","embeddable":true,"href":"https:\/\/www.todoalfalfa.com.ar\/noticias\/wp-json\/wp\/v2\/tags?post=44790"}],"curies":[{"name":"wp","href":"https:\/\/api.w.org\/{rel}","templated":true}]}}