{"id":44897,"date":"2022-08-22T16:43:49","date_gmt":"2022-08-22T19:43:49","guid":{"rendered":"https:\/\/www.todoalfalfa.com.ar\/?p=44897"},"modified":"2022-08-22T16:43:50","modified_gmt":"2022-08-22T19:43:50","slug":"exportacion-megafardos-san-juan","status":"publish","type":"post","link":"https:\/\/www.todoalfalfa.com.ar\/noticias\/exportacion-megafardos-san-juan\/","title":{"rendered":"Fuerte apuesta industrial a la exportaci\u00f3n de megafardos"},"content":{"rendered":"\n<p>En la provincia se cultivan unas 3.500 hect\u00e1reas de alfalfares, que producen un forraje de alt\u00edsima calidad y valor proteico. Prueba de esto es el incremento en el valor FOB y en el volumen de las exportaciones de alfalfa en sus diferentes formas comerciales.<\/p>\n\n\n\n<p>Ahora, se prepara para seguir sumando inversiones en el agregado de valor industrial a la alfalfa y su exportaci\u00f3n ya no tan solo como cubos y fardos compactados, sino como mega fardos. Suplemento Verde de Diario de Cuyo, visit\u00f3 recientemente la empresa de capitales chilenos, Compa\u00f1\u00eda de Alimentos, elaboradora de los cubos de alfalfa forrajeros donde los empresarios, ingeniero Eduardo Serrano y Nicol\u00e1s Brizuela comentaron que trabajan actualmente \u00abpara el desarrollo industrial de la alfalfa en San Juan\u00bb.<\/p>\n\n\n\n<p>\u00abForrajero se transformado en la empresa agroindustrial m\u00e1s importante en el \u00edtem alfalfa de la provincia. A nivel nacional estamos entre las dos m\u00e1s importantes del pa\u00eds y entre las m\u00e1s grande de Sudam\u00e9rica\u00bb, explic\u00f3 Fernando Eduardo Serrano Chiesa, gerente local de la firma internacional.<\/p>\n\n\n\n<p>Afirm\u00f3, \u00abnuestro primer objetivo ya est\u00e1 cumplido. Era el exportar a Chile y hoy salen unas 600 a 700 toneladas mensuales hacia nuestro pa\u00eds\u00bb, destac\u00f3 el empresario chileno agregando luego, \u00abtambi\u00e9n ha ido creciendo mucho la venta al mercado interno. Era un producto muy poco conocido en Argentina y hoy vendemos entre 200 y 300 toneladas mensuales\u00bb.<\/p>\n\n\n\n<p>A mediano plazo \u00abnuestra visi\u00f3n es seguir creciendo en el mercado externo e interno. Para ello aspiramos a hacer siempre las cosas de la mejor manera posible. Creciendo en esta provincia que nos ha recibido muy bien y buscar diferentes nichos de crecimiento. Quiz\u00e1s tambi\u00e9n ingresar en el nicho de la producci\u00f3n propia en el cultivo de alfalfares y tambi\u00e9n ir aportando a la industria de todas las formas posibles\u00bb.<\/p>\n\n\n\n<p>Sobre la situaci\u00f3n actual y las acciones a seguir marc\u00f3: \u00abLa idea ahora es aliarse estrat\u00e9gicamente con otra empresa para desarrollar un polo industrial alfalfero en San Juan. Si uno busca hacer las cosas bien y ser eficiente, las empresas deben continuar m\u00e1s all\u00e1 de los contextos pol\u00edticos y econ\u00f3micos\u00bb.<\/p>\n\n\n<div class=\"wp-block-image\">\n<figure class=\"aligncenter size-full\"><img data-recalc-dims=\"1\" fetchpriority=\"high\" decoding=\"async\" width=\"777\" height=\"437\" src=\"https:\/\/i0.wp.com\/www.todoalfalfa.com.ar\/wp-content\/uploads\/2022\/08\/cubos-de-alfalfa-2.jpg?resize=777%2C437&#038;ssl=1\" alt=\"\" class=\"wp-image-44899\" srcset=\"https:\/\/i0.wp.com\/www.todoalfalfa.com.ar\/noticias\/wp-content\/uploads\/2022\/08\/cubos-de-alfalfa-2.jpg?w=777&amp;ssl=1 777w, https:\/\/i0.wp.com\/www.todoalfalfa.com.ar\/noticias\/wp-content\/uploads\/2022\/08\/cubos-de-alfalfa-2.jpg?resize=300%2C169&amp;ssl=1 300w, https:\/\/i0.wp.com\/www.todoalfalfa.com.ar\/noticias\/wp-content\/uploads\/2022\/08\/cubos-de-alfalfa-2.jpg?resize=768%2C432&amp;ssl=1 768w, https:\/\/i0.wp.com\/www.todoalfalfa.com.ar\/noticias\/wp-content\/uploads\/2022\/08\/cubos-de-alfalfa-2.jpg?resize=180%2C101&amp;ssl=1 180w, https:\/\/i0.wp.com\/www.todoalfalfa.com.ar\/noticias\/wp-content\/uploads\/2022\/08\/cubos-de-alfalfa-2.jpg?resize=260%2C146&amp;ssl=1 260w, https:\/\/i0.wp.com\/www.todoalfalfa.com.ar\/noticias\/wp-content\/uploads\/2022\/08\/cubos-de-alfalfa-2.jpg?resize=373%2C210&amp;ssl=1 373w, https:\/\/i0.wp.com\/www.todoalfalfa.com.ar\/noticias\/wp-content\/uploads\/2022\/08\/cubos-de-alfalfa-2.jpg?resize=120%2C67&amp;ssl=1 120w\" sizes=\"(max-width: 777px) 100vw, 777px\" \/><\/figure><\/div>\n\n\n<p><strong>Industrializar<\/strong><br>Para ejecutar este plan industrial alfalfero, seg\u00fan comentara Nicol\u00e1s Brizuela en la planta elaboradora de cubos de alfalfa y fardos compactados del departamento Pocito, \u00abestamos trabajando en contacto con la empresa \u00abAndes Forrage\u00bb de Buenos Aires y radicada en tierras mendocinas y que produce mega fardos de exportaci\u00f3n. Esto miden 1 metro c\u00fabico y pesan 600 kilogramos, a trav\u00e9s del procesamiento industrial del forraje\u00bb.<\/p>\n\n\n\n<p>Brizuela coment\u00f3 que \u00abel 90 % de las exportaciones de alfalfa argentina son realizadas en mega fardos. El 8 % aproximadamente se vende al exterior en pellet y cubos y s\u00f3lo el 2% en fardos compactados\u00bb.<\/p>\n\n\n\n<p>Y explic\u00f3 que \u00abel mega fardo permite una mejor log\u00edstica y rentabilidad en el transporte internacional cada vez m\u00e1s caro. Es muy diferente al fardo compactado de 30 kilos que elaboramos nosotros oportunamente para Kuwait y tambi\u00e9n a los compactados a campo. Estos \u00faltimos s\u00f3lo alcanzan un peso de 400 kilogramos.<\/p>\n\n\n\n<p>El inter\u00e9s por la alfalfa sanjuanina, crece a nivel nacional e internacional. Ya no s\u00f3lo se exportan cubos para criadores y tamberos de Chile sino tambi\u00e9n de Bolivia y el mercado argentino.<\/p>\n\n\n\n<p>\u00abQueremos hacer una \u00abJoint Venture\u00bb entre Forrajero y Andes Forrage los 4 formatos exportables de alfalfa\u00bb, explic\u00f3 Brizuela, agregando: \u00abcubos de alfalfa, fardos de 30 kilogramos de doble compresi\u00f3n, la instalaci\u00f3n en San Juan de una peleteadora industrial y mega fardos compactados. Para ello trabajamos en un proyecto com\u00fan de producci\u00f3n e industrializaci\u00f3n de alfalfa\u00bb.<\/p>\n\n\n\n<p>Seg\u00fan coment\u00f3 el empresario y exportador \u00abAndes Forrage\u00bb se va a instalar en el departamento Rawson sobre calle 14 casi en el l\u00edmite con el departamento 9 de Julio. All\u00ed adquiri\u00f3 unas 1000 hect\u00e1reas e instalar\u00e1 una planta de mega fardos y una peleteadora industrial. Adem\u00e1s, avanzamos en un programa de producci\u00f3n de unas 300 hect\u00e1reas del cultivo\u00bb.<\/p>\n\n\n\n<p><strong>Megaenfardadora de Mendoza a San Juan<\/strong><br>Pablo Squilari junto a Rodolfo Mettert, Bruno Squillari y Gianluca Squillari son los socios propietarios de la empresa \u00abAndes Forage\u00bb hoy instalados en Mendoza, en el departamento Santa Rosa, en la producci\u00f3n e industrializaci\u00f3n de alfalfa.<\/p>\n\n\n\n<p>\u00abNuestra idea es crecer en la producci\u00f3n e industrializaci\u00f3n. Para ello pensamos producir un porcentaje importante de nuestra demanda, un 20% aproximadamente\u00bb, indic\u00f3 Pablo Squilari, agregando: \u00abPara ello amos a trasladar nuestra planta de Mendoza a San Juan y en esta zona generar un polo forrajero. Tratar de localizar m\u00e1s productores de alfalfa y adquirir una m\u00e1quina pelletizadora\u00bb.<\/p>\n\n\n\n<p>Coment\u00f3 que en esta provincia \u00abadquirimos una cantidad importante de hect\u00e1reas en el departamento Rawson, por calle 14 atr\u00e1s del cerrillo Barboza por unas 1.050 hect\u00e1reas de superficie. Trabajamos con agua de un arroyo y surgentes que termina en el r\u00edo San Juan y un proyecto en la zona para el uso en la generaci\u00f3n de un polo forrajero a partir de un uso inteligente del recurso h\u00eddrico\u00bb.<\/p>\n\n\n\n<p>\u00abLo primero que traemos es la mega enfardadora. En septiembre la idea es que ya est\u00e9 en camino y comenzar a producir en hacia mediados de octubre en un primer momento en el predio de Forrajero en Pocito\u00bb, indic\u00f3 explicando luego: \u00abLa obra civil a realizar es muy importante en Rawson y llevar\u00e1 un tiempo importante. As\u00ed como llevar energ\u00eda el\u00e9ctrica con capacidad de movilizar un polo forrajero bastante grande\u00bb.<\/p>\n\n\n\n<figure class=\"wp-block-image size-full\"><img data-recalc-dims=\"1\" decoding=\"async\" width=\"777\" height=\"437\" src=\"https:\/\/i0.wp.com\/www.todoalfalfa.com.ar\/wp-content\/uploads\/2022\/08\/compactacion-megafardos-maquina.jpg?resize=777%2C437&#038;ssl=1\" alt=\"\" class=\"wp-image-44900\" srcset=\"https:\/\/i0.wp.com\/www.todoalfalfa.com.ar\/noticias\/wp-content\/uploads\/2022\/08\/compactacion-megafardos-maquina.jpg?w=777&amp;ssl=1 777w, https:\/\/i0.wp.com\/www.todoalfalfa.com.ar\/noticias\/wp-content\/uploads\/2022\/08\/compactacion-megafardos-maquina.jpg?resize=300%2C169&amp;ssl=1 300w, https:\/\/i0.wp.com\/www.todoalfalfa.com.ar\/noticias\/wp-content\/uploads\/2022\/08\/compactacion-megafardos-maquina.jpg?resize=768%2C432&amp;ssl=1 768w, https:\/\/i0.wp.com\/www.todoalfalfa.com.ar\/noticias\/wp-content\/uploads\/2022\/08\/compactacion-megafardos-maquina.jpg?resize=180%2C101&amp;ssl=1 180w, https:\/\/i0.wp.com\/www.todoalfalfa.com.ar\/noticias\/wp-content\/uploads\/2022\/08\/compactacion-megafardos-maquina.jpg?resize=260%2C146&amp;ssl=1 260w, https:\/\/i0.wp.com\/www.todoalfalfa.com.ar\/noticias\/wp-content\/uploads\/2022\/08\/compactacion-megafardos-maquina.jpg?resize=373%2C210&amp;ssl=1 373w, https:\/\/i0.wp.com\/www.todoalfalfa.com.ar\/noticias\/wp-content\/uploads\/2022\/08\/compactacion-megafardos-maquina.jpg?resize=120%2C67&amp;ssl=1 120w\" sizes=\"(max-width: 777px) 100vw, 777px\" \/><figcaption><em>Esta es la planta de compactaci\u00f3n de megafardos de alfalfa que traer\u00e1n de Mendoza a San Juan para poder exportar.<\/em><\/figcaption><\/figure>\n\n\n\n<p>\u00abEl mercado mundial de alfalfa se maneja con megafardos de doble compresi\u00f3n en un 90%. Es la m\u00e1quina que tenemos nosotros. indic\u00f3 Squilari agregando, \u00abel pellet es m\u00e1s f\u00e1cil de producir. Acepta forraje de menor calidad. El megafardo exige un alfalfa de primera calidad y buen sol como el de San Juan\u00bb.<\/p>\n\n\n\n<p>Y afirm\u00f3: \u00abNuestra m\u00e1quina produce por turno de 8 horas unas 20 mil toneladas anuales. Una pelletizadora en un turno de 8 horas va a andar en una elaboraci\u00f3n de 40 toneladas. Nuestro objetivo es llegar a diciembre del a\u00f1o pr\u00f3ximo a las 25 a 30 mil toneladas anuales de producci\u00f3n\u00bb.<\/p>\n\n\n\n<p>Para ello, \u00abla idea es generar cultivo por unas 1.500 hect\u00e1reas m\u00ednimo de alfalfares sanjuaninos. Pensamos cultivar unas 100 hect\u00e1reas propias hacia fin de a\u00f1o y cultivar una 660 hect\u00e1reas en los pr\u00f3ximos 3 a\u00f1os\u00bb.<\/p>\n\n\n\n<p>Lugar so\u00f1ado<\/p>\n\n\n\n<p>\u00abElegimos San Juan porque tiene varias ventajas. La radiaci\u00f3n solar existente en esta provincia, sumado a la calidad del agua posibilita una muy buena alfalfa de un gran contenido proteico\u00bb, indic\u00f3 Squilari agregando luego: \u00ablos rindes del cultivo suman unas 10 toneladas por a\u00f1o en San Luis, unas 12 toneladas anuales en San Rafael y en San Juan, tranquilamente se puede llegar a las 20 toneladas\u00bb.<\/p>\n\n\n\n<p>Y sum\u00f3: \u00aben tierras sanjuaninas el clima seco posibilita que la alfalfa se seque sola a un porcentaje del 12 a 15% de humedad. En cambio en otros lugares, si no cuentan con un secadero, no se pude compactar porque se pudre en el viaje\u00bb.<\/p>\n\n\n\n<p>Consultado por la alianza con Forrajero afirm\u00f3: \u00abes estrat\u00e9gica. Entre ambas empresas nos potenciamos. El cubo es m\u00e1s para el ganado equino, el pellet para caprinos y otros animales y el mega fardo es m\u00e1s para lecher\u00eda y ganader\u00eda bovina. A nivel mundial China y Arabia crecen a\u00f1o a a\u00f1o en demanda de estos productos\u00bb.<\/p>\n\n\n\n<p><em>Fuente: Diario de Cuyo<\/em><\/p>\n<div class=\"todoalfalfa-final-de-la-nota\" id=\"todoalfalfa-3822701630\"><a href=\"https:\/\/www.whatsapp.com\/channel\/0029VbCBmFB9WtBxJsD3eC2i\" target=\"_blank\" aria-label=\"5\"><img src=\"https:\/\/i0.wp.com\/www.todoalfalfa.com.ar\/noticias\/wp-content\/uploads\/2026\/04\/5.gif?fit=728%2C90&#038;ssl=1\" alt=\"\"  width=\"728\" height=\"90\"   \/><\/a><\/div>","protected":false},"excerpt":{"rendered":"<p>San Juan recibe inversiones en cultivo e instalaci\u00f3n de una planta para la elaboraci\u00f3n de megafardos, y pellet que se suman a los cubos de alfalfa de exportaci\u00f3n.<\/p>\n","protected":false},"author":3,"featured_media":44898,"comment_status":"closed","ping_status":"open","sticky":false,"template":"","format":"standard","meta":{"jetpack_post_was_ever_published":false,"_jetpack_newsletter_access":"","_jetpack_dont_email_post_to_subs":false,"_jetpack_newsletter_tier_id":0,"_jetpack_memberships_contains_paywalled_content":false,"_jetpack_memberships_contains_paid_content":false,"footnotes":""},"categories":[3],"tags":[31,1104,1364,1365,236,159,556],"class_list":["post-44897","post","type-post","status-publish","format-standard","has-post-thumbnail","hentry","category-heno-y-forrajes","tag-alfalfa","tag-alimentos","tag-apuesta","tag-compania","tag-exportacion","tag-megafardos","tag-san-juan"],"yoast_head":"<!-- This site is optimized with the Yoast SEO plugin v25.5 - https:\/\/yoast.com\/wordpress\/plugins\/seo\/ -->\n<title>Fuerte apuesta industrial a la exportaci\u00f3n de megafardos<\/title>\n<meta name=\"description\" content=\"San Juan recibe inversiones en cultivo e instalaci\u00f3n de una planta para la elaboraci\u00f3n de megafardos, y pellet que se suman a los cubos de alfalfa de exportaci\u00f3n.\" \/>\n<meta name=\"robots\" content=\"index, follow, max-snippet:-1, max-image-preview:large, max-video-preview:-1\" \/>\n<link rel=\"canonical\" href=\"https:\/\/www.todoalfalfa.com.ar\/noticias\/exportacion-megafardos-san-juan\/\" \/>\n<meta property=\"og:locale\" content=\"es_ES\" \/>\n<meta property=\"og:type\" content=\"article\" \/>\n<meta property=\"og:title\" content=\"Fuerte apuesta industrial a la exportaci\u00f3n de megafardos\" \/>\n<meta property=\"og:description\" content=\"San Juan recibe inversiones en cultivo e instalaci\u00f3n de una planta para la elaboraci\u00f3n de megafardos, y pellet que se suman a los cubos de alfalfa de exportaci\u00f3n.\" \/>\n<meta property=\"og:url\" content=\"https:\/\/www.todoalfalfa.com.ar\/noticias\/exportacion-megafardos-san-juan\/\" \/>\n<meta property=\"og:site_name\" content=\"Todo Alfalfa\" \/>\n<meta property=\"article:publisher\" content=\"https:\/\/www.facebook.com\/todoalfalfa\" \/>\n<meta property=\"article:published_time\" content=\"2022-08-22T19:43:49+00:00\" \/>\n<meta property=\"article:modified_time\" content=\"2022-08-22T19:43:50+00:00\" \/>\n<meta property=\"og:image\" content=\"https:\/\/www.todoalfalfa.com.ar\/noticias\/wp-content\/uploads\/2022\/08\/planta-alfalfa.jpg\" \/>\n\t<meta property=\"og:image:width\" content=\"777\" \/>\n\t<meta property=\"og:image:height\" content=\"437\" \/>\n\t<meta property=\"og:image:type\" content=\"image\/jpeg\" \/>\n<meta name=\"author\" content=\"Todo Alfalfa\" \/>\n<meta name=\"twitter:card\" content=\"summary_large_image\" \/>\n<meta name=\"twitter:label1\" content=\"Escrito por\" \/>\n\t<meta name=\"twitter:data1\" content=\"Todo Alfalfa\" \/>\n\t<meta name=\"twitter:label2\" content=\"Tiempo de lectura\" \/>\n\t<meta name=\"twitter:data2\" content=\"6 minutos\" \/>\n<script type=\"application\/ld+json\" class=\"yoast-schema-graph\">{\"@context\":\"https:\/\/schema.org\",\"@graph\":[{\"@type\":\"NewsArticle\",\"@id\":\"https:\/\/www.todoalfalfa.com.ar\/noticias\/exportacion-megafardos-san-juan\/#article\",\"isPartOf\":{\"@id\":\"https:\/\/www.todoalfalfa.com.ar\/noticias\/exportacion-megafardos-san-juan\/\"},\"author\":{\"name\":\"Todo Alfalfa\",\"@id\":\"https:\/\/www.todoalfalfa.com.ar\/noticias\/#\/schema\/person\/4ee4bca9b9fa50c4f0fbaf7017fbf2ad\"},\"headline\":\"Fuerte apuesta industrial a la exportaci\u00f3n de megafardos\",\"datePublished\":\"2022-08-22T19:43:49+00:00\",\"dateModified\":\"2022-08-22T19:43:50+00:00\",\"mainEntityOfPage\":{\"@id\":\"https:\/\/www.todoalfalfa.com.ar\/noticias\/exportacion-megafardos-san-juan\/\"},\"wordCount\":1267,\"publisher\":{\"@id\":\"https:\/\/www.todoalfalfa.com.ar\/noticias\/#organization\"},\"image\":{\"@id\":\"https:\/\/www.todoalfalfa.com.ar\/noticias\/exportacion-megafardos-san-juan\/#primaryimage\"},\"thumbnailUrl\":\"https:\/\/i0.wp.com\/www.todoalfalfa.com.ar\/noticias\/wp-content\/uploads\/2022\/08\/planta-alfalfa.jpg?fit=777%2C437&ssl=1\",\"keywords\":[\"alfalfa\",\"alimentos\",\"apuesta\",\"Compa\u00f1\u00eda\",\"exportaci\u00f3n\",\"megafardos\",\"San Juan\"],\"articleSection\":[\"Heno y Forrajes\"],\"inLanguage\":\"es\"},{\"@type\":[\"WebPage\",\"ItemPage\"],\"@id\":\"https:\/\/www.todoalfalfa.com.ar\/noticias\/exportacion-megafardos-san-juan\/\",\"url\":\"https:\/\/www.todoalfalfa.com.ar\/noticias\/exportacion-megafardos-san-juan\/\",\"name\":\"Fuerte apuesta industrial a la exportaci\u00f3n de megafardos\",\"isPartOf\":{\"@id\":\"https:\/\/www.todoalfalfa.com.ar\/noticias\/#website\"},\"primaryImageOfPage\":{\"@id\":\"https:\/\/www.todoalfalfa.com.ar\/noticias\/exportacion-megafardos-san-juan\/#primaryimage\"},\"image\":{\"@id\":\"https:\/\/www.todoalfalfa.com.ar\/noticias\/exportacion-megafardos-san-juan\/#primaryimage\"},\"thumbnailUrl\":\"https:\/\/i0.wp.com\/www.todoalfalfa.com.ar\/noticias\/wp-content\/uploads\/2022\/08\/planta-alfalfa.jpg?fit=777%2C437&ssl=1\",\"datePublished\":\"2022-08-22T19:43:49+00:00\",\"dateModified\":\"2022-08-22T19:43:50+00:00\",\"description\":\"San Juan recibe inversiones en cultivo e instalaci\u00f3n de una planta para la elaboraci\u00f3n de megafardos, y pellet que se suman a los cubos de alfalfa de exportaci\u00f3n.\",\"breadcrumb\":{\"@id\":\"https:\/\/www.todoalfalfa.com.ar\/noticias\/exportacion-megafardos-san-juan\/#breadcrumb\"},\"inLanguage\":\"es\",\"potentialAction\":[{\"@type\":\"ReadAction\",\"target\":[\"https:\/\/www.todoalfalfa.com.ar\/noticias\/exportacion-megafardos-san-juan\/\"]}]},{\"@type\":\"ImageObject\",\"inLanguage\":\"es\",\"@id\":\"https:\/\/www.todoalfalfa.com.ar\/noticias\/exportacion-megafardos-san-juan\/#primaryimage\",\"url\":\"https:\/\/i0.wp.com\/www.todoalfalfa.com.ar\/noticias\/wp-content\/uploads\/2022\/08\/planta-alfalfa.jpg?fit=777%2C437&ssl=1\",\"contentUrl\":\"https:\/\/i0.wp.com\/www.todoalfalfa.com.ar\/noticias\/wp-content\/uploads\/2022\/08\/planta-alfalfa.jpg?fit=777%2C437&ssl=1\",\"width\":777,\"height\":437},{\"@type\":\"BreadcrumbList\",\"@id\":\"https:\/\/www.todoalfalfa.com.ar\/noticias\/exportacion-megafardos-san-juan\/#breadcrumb\",\"itemListElement\":[{\"@type\":\"ListItem\",\"position\":1,\"name\":\"Principal\",\"item\":\"https:\/\/www.todoalfalfa.com.ar\/noticias\/\"},{\"@type\":\"ListItem\",\"position\":2,\"name\":\"Fuerte apuesta industrial a la exportaci\u00f3n de megafardos\"}]},{\"@type\":\"WebSite\",\"@id\":\"https:\/\/www.todoalfalfa.com.ar\/noticias\/#website\",\"url\":\"https:\/\/www.todoalfalfa.com.ar\/noticias\/\",\"name\":\"Todo Alfalfa\",\"description\":\"Web informativa de la cadena de la alfalfa argentina\",\"publisher\":{\"@id\":\"https:\/\/www.todoalfalfa.com.ar\/noticias\/#organization\"},\"potentialAction\":[{\"@type\":\"SearchAction\",\"target\":{\"@type\":\"EntryPoint\",\"urlTemplate\":\"https:\/\/www.todoalfalfa.com.ar\/noticias\/?s={search_term_string}\"},\"query-input\":{\"@type\":\"PropertyValueSpecification\",\"valueRequired\":true,\"valueName\":\"search_term_string\"}}],\"inLanguage\":\"es\"},{\"@type\":\"Organization\",\"@id\":\"https:\/\/www.todoalfalfa.com.ar\/noticias\/#organization\",\"name\":\"Todo Alfalfa\",\"url\":\"https:\/\/www.todoalfalfa.com.ar\/noticias\/\",\"logo\":{\"@type\":\"ImageObject\",\"inLanguage\":\"es\",\"@id\":\"https:\/\/www.todoalfalfa.com.ar\/noticias\/#\/schema\/logo\/image\/\",\"url\":\"https:\/\/www.todoalfalfa.com.ar\/noticias\/wp-content\/uploads\/2020\/09\/logo-todo-alfalfa-modificado.png\",\"contentUrl\":\"https:\/\/www.todoalfalfa.com.ar\/noticias\/wp-content\/uploads\/2020\/09\/logo-todo-alfalfa-modificado.png\",\"width\":350,\"height\":100,\"caption\":\"Todo Alfalfa\"},\"image\":{\"@id\":\"https:\/\/www.todoalfalfa.com.ar\/noticias\/#\/schema\/logo\/image\/\"},\"sameAs\":[\"https:\/\/www.facebook.com\/todoalfalfa\",\"https:\/\/www.instagram.com\/todoalfalfa\",\"https:\/\/www.youtube.com\/@TodoAlfalfa\",\"https:\/\/www.linkedin.com\/company\/todoalfalfa\/\"]},{\"@type\":\"Person\",\"@id\":\"https:\/\/www.todoalfalfa.com.ar\/noticias\/#\/schema\/person\/4ee4bca9b9fa50c4f0fbaf7017fbf2ad\",\"name\":\"Todo Alfalfa\",\"image\":{\"@type\":\"ImageObject\",\"inLanguage\":\"es\",\"@id\":\"https:\/\/www.todoalfalfa.com.ar\/noticias\/#\/schema\/person\/image\/\",\"url\":\"https:\/\/secure.gravatar.com\/avatar\/4d26a600a1380823a26c3f9cb74ada1a8ee4b482c0c3a616ab022b865c46be8f?s=96&d=mm&r=g\",\"contentUrl\":\"https:\/\/secure.gravatar.com\/avatar\/4d26a600a1380823a26c3f9cb74ada1a8ee4b482c0c3a616ab022b865c46be8f?s=96&d=mm&r=g\",\"caption\":\"Todo Alfalfa\"},\"sameAs\":[\"http:\/\/www.todoalfalfa.com.ar\"],\"url\":\"https:\/\/www.todoalfalfa.com.ar\/noticias\/author\/todoalfalfa\/\"}]}<\/script>\n<!-- \/ Yoast SEO plugin. -->","yoast_head_json":{"title":"Fuerte apuesta industrial a la exportaci\u00f3n de megafardos","description":"San Juan recibe inversiones en cultivo e instalaci\u00f3n de una planta para la elaboraci\u00f3n de megafardos, y pellet que se suman a los cubos de alfalfa de exportaci\u00f3n.","robots":{"index":"index","follow":"follow","max-snippet":"max-snippet:-1","max-image-preview":"max-image-preview:large","max-video-preview":"max-video-preview:-1"},"canonical":"https:\/\/www.todoalfalfa.com.ar\/noticias\/exportacion-megafardos-san-juan\/","og_locale":"es_ES","og_type":"article","og_title":"Fuerte apuesta industrial a la exportaci\u00f3n de megafardos","og_description":"San Juan recibe inversiones en cultivo e instalaci\u00f3n de una planta para la elaboraci\u00f3n de megafardos, y pellet que se suman a los cubos de alfalfa de exportaci\u00f3n.","og_url":"https:\/\/www.todoalfalfa.com.ar\/noticias\/exportacion-megafardos-san-juan\/","og_site_name":"Todo Alfalfa","article_publisher":"https:\/\/www.facebook.com\/todoalfalfa","article_published_time":"2022-08-22T19:43:49+00:00","article_modified_time":"2022-08-22T19:43:50+00:00","og_image":[{"width":777,"height":437,"url":"https:\/\/www.todoalfalfa.com.ar\/noticias\/wp-content\/uploads\/2022\/08\/planta-alfalfa.jpg","type":"image\/jpeg"}],"author":"Todo Alfalfa","twitter_card":"summary_large_image","twitter_misc":{"Escrito por":"Todo Alfalfa","Tiempo de lectura":"6 minutos"},"schema":{"@context":"https:\/\/schema.org","@graph":[{"@type":"NewsArticle","@id":"https:\/\/www.todoalfalfa.com.ar\/noticias\/exportacion-megafardos-san-juan\/#article","isPartOf":{"@id":"https:\/\/www.todoalfalfa.com.ar\/noticias\/exportacion-megafardos-san-juan\/"},"author":{"name":"Todo Alfalfa","@id":"https:\/\/www.todoalfalfa.com.ar\/noticias\/#\/schema\/person\/4ee4bca9b9fa50c4f0fbaf7017fbf2ad"},"headline":"Fuerte apuesta industrial a la exportaci\u00f3n de megafardos","datePublished":"2022-08-22T19:43:49+00:00","dateModified":"2022-08-22T19:43:50+00:00","mainEntityOfPage":{"@id":"https:\/\/www.todoalfalfa.com.ar\/noticias\/exportacion-megafardos-san-juan\/"},"wordCount":1267,"publisher":{"@id":"https:\/\/www.todoalfalfa.com.ar\/noticias\/#organization"},"image":{"@id":"https:\/\/www.todoalfalfa.com.ar\/noticias\/exportacion-megafardos-san-juan\/#primaryimage"},"thumbnailUrl":"https:\/\/i0.wp.com\/www.todoalfalfa.com.ar\/noticias\/wp-content\/uploads\/2022\/08\/planta-alfalfa.jpg?fit=777%2C437&ssl=1","keywords":["alfalfa","alimentos","apuesta","Compa\u00f1\u00eda","exportaci\u00f3n","megafardos","San Juan"],"articleSection":["Heno y Forrajes"],"inLanguage":"es"},{"@type":["WebPage","ItemPage"],"@id":"https:\/\/www.todoalfalfa.com.ar\/noticias\/exportacion-megafardos-san-juan\/","url":"https:\/\/www.todoalfalfa.com.ar\/noticias\/exportacion-megafardos-san-juan\/","name":"Fuerte apuesta industrial a la exportaci\u00f3n de megafardos","isPartOf":{"@id":"https:\/\/www.todoalfalfa.com.ar\/noticias\/#website"},"primaryImageOfPage":{"@id":"https:\/\/www.todoalfalfa.com.ar\/noticias\/exportacion-megafardos-san-juan\/#primaryimage"},"image":{"@id":"https:\/\/www.todoalfalfa.com.ar\/noticias\/exportacion-megafardos-san-juan\/#primaryimage"},"thumbnailUrl":"https:\/\/i0.wp.com\/www.todoalfalfa.com.ar\/noticias\/wp-content\/uploads\/2022\/08\/planta-alfalfa.jpg?fit=777%2C437&ssl=1","datePublished":"2022-08-22T19:43:49+00:00","dateModified":"2022-08-22T19:43:50+00:00","description":"San Juan recibe inversiones en cultivo e instalaci\u00f3n de una planta para la elaboraci\u00f3n de megafardos, y pellet que se suman a los cubos de alfalfa de exportaci\u00f3n.","breadcrumb":{"@id":"https:\/\/www.todoalfalfa.com.ar\/noticias\/exportacion-megafardos-san-juan\/#breadcrumb"},"inLanguage":"es","potentialAction":[{"@type":"ReadAction","target":["https:\/\/www.todoalfalfa.com.ar\/noticias\/exportacion-megafardos-san-juan\/"]}]},{"@type":"ImageObject","inLanguage":"es","@id":"https:\/\/www.todoalfalfa.com.ar\/noticias\/exportacion-megafardos-san-juan\/#primaryimage","url":"https:\/\/i0.wp.com\/www.todoalfalfa.com.ar\/noticias\/wp-content\/uploads\/2022\/08\/planta-alfalfa.jpg?fit=777%2C437&ssl=1","contentUrl":"https:\/\/i0.wp.com\/www.todoalfalfa.com.ar\/noticias\/wp-content\/uploads\/2022\/08\/planta-alfalfa.jpg?fit=777%2C437&ssl=1","width":777,"height":437},{"@type":"BreadcrumbList","@id":"https:\/\/www.todoalfalfa.com.ar\/noticias\/exportacion-megafardos-san-juan\/#breadcrumb","itemListElement":[{"@type":"ListItem","position":1,"name":"Principal","item":"https:\/\/www.todoalfalfa.com.ar\/noticias\/"},{"@type":"ListItem","position":2,"name":"Fuerte apuesta industrial a la exportaci\u00f3n de megafardos"}]},{"@type":"WebSite","@id":"https:\/\/www.todoalfalfa.com.ar\/noticias\/#website","url":"https:\/\/www.todoalfalfa.com.ar\/noticias\/","name":"Todo Alfalfa","description":"Web informativa de la cadena de la alfalfa argentina","publisher":{"@id":"https:\/\/www.todoalfalfa.com.ar\/noticias\/#organization"},"potentialAction":[{"@type":"SearchAction","target":{"@type":"EntryPoint","urlTemplate":"https:\/\/www.todoalfalfa.com.ar\/noticias\/?s={search_term_string}"},"query-input":{"@type":"PropertyValueSpecification","valueRequired":true,"valueName":"search_term_string"}}],"inLanguage":"es"},{"@type":"Organization","@id":"https:\/\/www.todoalfalfa.com.ar\/noticias\/#organization","name":"Todo Alfalfa","url":"https:\/\/www.todoalfalfa.com.ar\/noticias\/","logo":{"@type":"ImageObject","inLanguage":"es","@id":"https:\/\/www.todoalfalfa.com.ar\/noticias\/#\/schema\/logo\/image\/","url":"https:\/\/www.todoalfalfa.com.ar\/noticias\/wp-content\/uploads\/2020\/09\/logo-todo-alfalfa-modificado.png","contentUrl":"https:\/\/www.todoalfalfa.com.ar\/noticias\/wp-content\/uploads\/2020\/09\/logo-todo-alfalfa-modificado.png","width":350,"height":100,"caption":"Todo Alfalfa"},"image":{"@id":"https:\/\/www.todoalfalfa.com.ar\/noticias\/#\/schema\/logo\/image\/"},"sameAs":["https:\/\/www.facebook.com\/todoalfalfa","https:\/\/www.instagram.com\/todoalfalfa","https:\/\/www.youtube.com\/@TodoAlfalfa","https:\/\/www.linkedin.com\/company\/todoalfalfa\/"]},{"@type":"Person","@id":"https:\/\/www.todoalfalfa.com.ar\/noticias\/#\/schema\/person\/4ee4bca9b9fa50c4f0fbaf7017fbf2ad","name":"Todo Alfalfa","image":{"@type":"ImageObject","inLanguage":"es","@id":"https:\/\/www.todoalfalfa.com.ar\/noticias\/#\/schema\/person\/image\/","url":"https:\/\/secure.gravatar.com\/avatar\/4d26a600a1380823a26c3f9cb74ada1a8ee4b482c0c3a616ab022b865c46be8f?s=96&d=mm&r=g","contentUrl":"https:\/\/secure.gravatar.com\/avatar\/4d26a600a1380823a26c3f9cb74ada1a8ee4b482c0c3a616ab022b865c46be8f?s=96&d=mm&r=g","caption":"Todo Alfalfa"},"sameAs":["http:\/\/www.todoalfalfa.com.ar"],"url":"https:\/\/www.todoalfalfa.com.ar\/noticias\/author\/todoalfalfa\/"}]}},"jetpack_featured_media_url":"https:\/\/i0.wp.com\/www.todoalfalfa.com.ar\/noticias\/wp-content\/uploads\/2022\/08\/planta-alfalfa.jpg?fit=777%2C437&ssl=1","wps_subtitle":"","jetpack_sharing_enabled":true,"_links":{"self":[{"href":"https:\/\/www.todoalfalfa.com.ar\/noticias\/wp-json\/wp\/v2\/posts\/44897","targetHints":{"allow":["GET"]}}],"collection":[{"href":"https:\/\/www.todoalfalfa.com.ar\/noticias\/wp-json\/wp\/v2\/posts"}],"about":[{"href":"https:\/\/www.todoalfalfa.com.ar\/noticias\/wp-json\/wp\/v2\/types\/post"}],"author":[{"embeddable":true,"href":"https:\/\/www.todoalfalfa.com.ar\/noticias\/wp-json\/wp\/v2\/users\/3"}],"replies":[{"embeddable":true,"href":"https:\/\/www.todoalfalfa.com.ar\/noticias\/wp-json\/wp\/v2\/comments?post=44897"}],"version-history":[{"count":0,"href":"https:\/\/www.todoalfalfa.com.ar\/noticias\/wp-json\/wp\/v2\/posts\/44897\/revisions"}],"wp:featuredmedia":[{"embeddable":true,"href":"https:\/\/www.todoalfalfa.com.ar\/noticias\/wp-json\/wp\/v2\/media\/44898"}],"wp:attachment":[{"href":"https:\/\/www.todoalfalfa.com.ar\/noticias\/wp-json\/wp\/v2\/media?parent=44897"}],"wp:term":[{"taxonomy":"category","embeddable":true,"href":"https:\/\/www.todoalfalfa.com.ar\/noticias\/wp-json\/wp\/v2\/categories?post=44897"},{"taxonomy":"post_tag","embeddable":true,"href":"https:\/\/www.todoalfalfa.com.ar\/noticias\/wp-json\/wp\/v2\/tags?post=44897"}],"curies":[{"name":"wp","href":"https:\/\/api.w.org\/{rel}","templated":true}]}}