{"id":44926,"date":"2022-08-26T16:12:02","date_gmt":"2022-08-26T19:12:02","guid":{"rendered":"https:\/\/www.todoalfalfa.com.ar\/?p=44926"},"modified":"2022-08-26T16:12:02","modified_gmt":"2022-08-26T19:12:02","slug":"cluster-alfalfa-comision-directiva","status":"publish","type":"post","link":"https:\/\/www.todoalfalfa.com.ar\/noticias\/cluster-alfalfa-comision-directiva\/","title":{"rendered":"El Cl\u00faster de la Alfalfa design\u00f3 su comisi\u00f3n directiva"},"content":{"rendered":"\n<p>Los cl\u00fasteres son una herramienta potente de desarrollo territorial, donde se suman las energ\u00edas de los sectores privado, p\u00fablico, cient\u00edfico y acad\u00e9mico, para trabajar en una tem\u00e1tica puntual (en este caso, la Alfalfa y su Cadena de Valor en C\u00f3rdoba).&nbsp;<\/p>\n\n\n\n<p>\u00abEstoy muy contento por lo que conseguimos entre todos. Trabajemos en conjunto por los intereses de los diferentes actores y seamos un ejemplo m\u00e1s de asociativismo, cooperaci\u00f3n y de que se pueden hacer muy buenas cosas a partir de la seriedad y el bien com\u00fan\u00bb, destac\u00f3 Fabi\u00e1n Russo, flamante presidente del Cl\u00faster.&nbsp;<\/p>\n\n\n\n<p>\u00abHemos logrado iniciar una nueva etapa que nos desaf\u00eda. Hay mucho por hacer y grandes expectativas. Apostemos a la sinergia y al trabajo mancomunado, para alcanzar una mayor competitividad y sostenibilidad\u00bb, coincidi\u00f3 Gast\u00f3n Urrets Zaval\u00eda, coordinador de la entidad.<\/p>\n\n\n\n<p><strong>La Comisi\u00f3n Directiva del Cl\u00faster, qued\u00f3 conformada de la siguiente manera:<\/strong><br>Presidente: Fabi\u00e1n Russo<br>Vicepresidente: Fernando Michelotti<br>Secretario: Ariel Servetto<br>Tesorero: Pablo Bruno<br>Vocal 1: Emilio Daniotti<br>Vocal 2: Mauricio Gili<br>Vocal Suplente 1: De Pol Mario<br>Vocal Suplente 2: Alan Carreras<\/p>\n\n\n\n<p><em>Comisi\u00f3n Revisora de cuentas:<\/em><br>Titular: Miguel Plomer<br>Suplente: Pablo Tomsic<\/p>\n<div class=\"todoalfalfa-final-de-la-nota\" id=\"todoalfalfa-3619557333\"><a href=\"https:\/\/www.whatsapp.com\/channel\/0029VbCBmFB9WtBxJsD3eC2i\" target=\"_blank\" aria-label=\"5\"><img src=\"https:\/\/i0.wp.com\/www.todoalfalfa.com.ar\/noticias\/wp-content\/uploads\/2026\/04\/5.gif?fit=728%2C90&#038;ssl=1\" alt=\"\"  width=\"728\" height=\"90\"   \/><\/a><\/div>","protected":false},"excerpt":{"rendered":"<p>Apadrinado por la SRJM, INTA y la Secretar\u00eda de Ganader\u00eda de la Provincia, el Cl\u00faster de Alfalfa de C\u00f3rdoba logr\u00f3 un paso muy importante, al aprobar el Estatuto que lo rige y elegir Autoridades para su Comisi\u00f3n Directiva y Comisi\u00f3n Revisora de Cuentas. <\/p>\n","protected":false},"author":3,"featured_media":44927,"comment_status":"closed","ping_status":"open","sticky":false,"template":"","format":"standard","meta":{"jetpack_post_was_ever_published":false,"_jetpack_newsletter_access":"","_jetpack_dont_email_post_to_subs":false,"_jetpack_newsletter_tier_id":0,"_jetpack_memberships_contains_paywalled_content":false,"_jetpack_memberships_contains_paid_content":false,"footnotes":""},"categories":[2],"tags":[31,1367,1368,1369,1370,1371],"class_list":["post-44926","post","type-post","status-publish","format-standard","has-post-thumbnail","hentry","category-generales","tag-alfalfa","tag-cluster-2","tag-comision","tag-directiva","tag-fabian","tag-russo"],"yoast_head":"<!-- This site is optimized with the Yoast SEO plugin v25.5 - https:\/\/yoast.com\/wordpress\/plugins\/seo\/ -->\n<title>El Cl\u00faster de la Alfalfa design\u00f3 su comisi\u00f3n directiva<\/title>\n<meta name=\"description\" content=\"El Cl\u00faster de Alfalfa de C\u00f3rdoba logr\u00f3 un paso muy importante al aprobar su Estatuto. Se eligi\u00f3 a Fabi\u00e1n Russo como su presidente.\" \/>\n<meta name=\"robots\" content=\"index, follow, max-snippet:-1, max-image-preview:large, max-video-preview:-1\" \/>\n<link rel=\"canonical\" href=\"https:\/\/www.todoalfalfa.com.ar\/noticias\/cluster-alfalfa-comision-directiva\/\" \/>\n<meta property=\"og:locale\" content=\"es_ES\" \/>\n<meta property=\"og:type\" content=\"article\" \/>\n<meta property=\"og:title\" content=\"El Cl\u00faster de la Alfalfa design\u00f3 su comisi\u00f3n directiva\" \/>\n<meta property=\"og:description\" content=\"El Cl\u00faster de Alfalfa de C\u00f3rdoba logr\u00f3 un paso muy importante al aprobar su Estatuto. Se eligi\u00f3 a Fabi\u00e1n Russo como su presidente.\" \/>\n<meta property=\"og:url\" content=\"https:\/\/www.todoalfalfa.com.ar\/noticias\/cluster-alfalfa-comision-directiva\/\" \/>\n<meta property=\"og:site_name\" content=\"Todo Alfalfa\" \/>\n<meta property=\"article:publisher\" content=\"https:\/\/www.facebook.com\/todoalfalfa\" \/>\n<meta property=\"article:published_time\" content=\"2022-08-26T19:12:02+00:00\" \/>\n<meta property=\"og:image\" content=\"https:\/\/www.todoalfalfa.com.ar\/noticias\/wp-content\/uploads\/2022\/08\/autoridades-cluster-alfalfa-cordoba.jpg\" \/>\n\t<meta property=\"og:image:width\" content=\"777\" \/>\n\t<meta property=\"og:image:height\" content=\"437\" \/>\n\t<meta property=\"og:image:type\" content=\"image\/jpeg\" \/>\n<meta name=\"author\" content=\"Todo Alfalfa\" \/>\n<meta name=\"twitter:card\" content=\"summary_large_image\" \/>\n<meta name=\"twitter:label1\" content=\"Escrito por\" \/>\n\t<meta name=\"twitter:data1\" content=\"Todo Alfalfa\" \/>\n\t<meta name=\"twitter:label2\" content=\"Tiempo de lectura\" \/>\n\t<meta name=\"twitter:data2\" content=\"1 minuto\" \/>\n<script type=\"application\/ld+json\" class=\"yoast-schema-graph\">{\"@context\":\"https:\/\/schema.org\",\"@graph\":[{\"@type\":\"NewsArticle\",\"@id\":\"https:\/\/www.todoalfalfa.com.ar\/noticias\/cluster-alfalfa-comision-directiva\/#article\",\"isPartOf\":{\"@id\":\"https:\/\/www.todoalfalfa.com.ar\/noticias\/cluster-alfalfa-comision-directiva\/\"},\"author\":{\"name\":\"Todo Alfalfa\",\"@id\":\"https:\/\/www.todoalfalfa.com.ar\/noticias\/#\/schema\/person\/4ee4bca9b9fa50c4f0fbaf7017fbf2ad\"},\"headline\":\"El Cl\u00faster de la Alfalfa design\u00f3 su comisi\u00f3n directiva\",\"datePublished\":\"2022-08-26T19:12:02+00:00\",\"mainEntityOfPage\":{\"@id\":\"https:\/\/www.todoalfalfa.com.ar\/noticias\/cluster-alfalfa-comision-directiva\/\"},\"wordCount\":203,\"publisher\":{\"@id\":\"https:\/\/www.todoalfalfa.com.ar\/noticias\/#organization\"},\"image\":{\"@id\":\"https:\/\/www.todoalfalfa.com.ar\/noticias\/cluster-alfalfa-comision-directiva\/#primaryimage\"},\"thumbnailUrl\":\"https:\/\/i0.wp.com\/www.todoalfalfa.com.ar\/noticias\/wp-content\/uploads\/2022\/08\/autoridades-cluster-alfalfa-cordoba.jpg?fit=777%2C437&ssl=1\",\"keywords\":[\"alfalfa\",\"Cl\u00faster\",\"Comisi\u00f3n\",\"Directiva\",\"Fabi\u00e1n\",\"Russo\"],\"articleSection\":[\"Generales\"],\"inLanguage\":\"es\"},{\"@type\":[\"WebPage\",\"ItemPage\"],\"@id\":\"https:\/\/www.todoalfalfa.com.ar\/noticias\/cluster-alfalfa-comision-directiva\/\",\"url\":\"https:\/\/www.todoalfalfa.com.ar\/noticias\/cluster-alfalfa-comision-directiva\/\",\"name\":\"El Cl\u00faster de la Alfalfa design\u00f3 su comisi\u00f3n directiva\",\"isPartOf\":{\"@id\":\"https:\/\/www.todoalfalfa.com.ar\/noticias\/#website\"},\"primaryImageOfPage\":{\"@id\":\"https:\/\/www.todoalfalfa.com.ar\/noticias\/cluster-alfalfa-comision-directiva\/#primaryimage\"},\"image\":{\"@id\":\"https:\/\/www.todoalfalfa.com.ar\/noticias\/cluster-alfalfa-comision-directiva\/#primaryimage\"},\"thumbnailUrl\":\"https:\/\/i0.wp.com\/www.todoalfalfa.com.ar\/noticias\/wp-content\/uploads\/2022\/08\/autoridades-cluster-alfalfa-cordoba.jpg?fit=777%2C437&ssl=1\",\"datePublished\":\"2022-08-26T19:12:02+00:00\",\"description\":\"El Cl\u00faster de Alfalfa de C\u00f3rdoba logr\u00f3 un paso muy importante al aprobar su Estatuto. Se eligi\u00f3 a Fabi\u00e1n Russo como su presidente.\",\"breadcrumb\":{\"@id\":\"https:\/\/www.todoalfalfa.com.ar\/noticias\/cluster-alfalfa-comision-directiva\/#breadcrumb\"},\"inLanguage\":\"es\",\"potentialAction\":[{\"@type\":\"ReadAction\",\"target\":[\"https:\/\/www.todoalfalfa.com.ar\/noticias\/cluster-alfalfa-comision-directiva\/\"]}]},{\"@type\":\"ImageObject\",\"inLanguage\":\"es\",\"@id\":\"https:\/\/www.todoalfalfa.com.ar\/noticias\/cluster-alfalfa-comision-directiva\/#primaryimage\",\"url\":\"https:\/\/i0.wp.com\/www.todoalfalfa.com.ar\/noticias\/wp-content\/uploads\/2022\/08\/autoridades-cluster-alfalfa-cordoba.jpg?fit=777%2C437&ssl=1\",\"contentUrl\":\"https:\/\/i0.wp.com\/www.todoalfalfa.com.ar\/noticias\/wp-content\/uploads\/2022\/08\/autoridades-cluster-alfalfa-cordoba.jpg?fit=777%2C437&ssl=1\",\"width\":777,\"height\":437},{\"@type\":\"BreadcrumbList\",\"@id\":\"https:\/\/www.todoalfalfa.com.ar\/noticias\/cluster-alfalfa-comision-directiva\/#breadcrumb\",\"itemListElement\":[{\"@type\":\"ListItem\",\"position\":1,\"name\":\"Principal\",\"item\":\"https:\/\/www.todoalfalfa.com.ar\/noticias\/\"},{\"@type\":\"ListItem\",\"position\":2,\"name\":\"El Cl\u00faster de la Alfalfa design\u00f3 su comisi\u00f3n directiva\"}]},{\"@type\":\"WebSite\",\"@id\":\"https:\/\/www.todoalfalfa.com.ar\/noticias\/#website\",\"url\":\"https:\/\/www.todoalfalfa.com.ar\/noticias\/\",\"name\":\"Todo Alfalfa\",\"description\":\"Web informativa de la cadena de la alfalfa argentina\",\"publisher\":{\"@id\":\"https:\/\/www.todoalfalfa.com.ar\/noticias\/#organization\"},\"potentialAction\":[{\"@type\":\"SearchAction\",\"target\":{\"@type\":\"EntryPoint\",\"urlTemplate\":\"https:\/\/www.todoalfalfa.com.ar\/noticias\/?s={search_term_string}\"},\"query-input\":{\"@type\":\"PropertyValueSpecification\",\"valueRequired\":true,\"valueName\":\"search_term_string\"}}],\"inLanguage\":\"es\"},{\"@type\":\"Organization\",\"@id\":\"https:\/\/www.todoalfalfa.com.ar\/noticias\/#organization\",\"name\":\"Todo Alfalfa\",\"url\":\"https:\/\/www.todoalfalfa.com.ar\/noticias\/\",\"logo\":{\"@type\":\"ImageObject\",\"inLanguage\":\"es\",\"@id\":\"https:\/\/www.todoalfalfa.com.ar\/noticias\/#\/schema\/logo\/image\/\",\"url\":\"https:\/\/www.todoalfalfa.com.ar\/noticias\/wp-content\/uploads\/2020\/09\/logo-todo-alfalfa-modificado.png\",\"contentUrl\":\"https:\/\/www.todoalfalfa.com.ar\/noticias\/wp-content\/uploads\/2020\/09\/logo-todo-alfalfa-modificado.png\",\"width\":350,\"height\":100,\"caption\":\"Todo Alfalfa\"},\"image\":{\"@id\":\"https:\/\/www.todoalfalfa.com.ar\/noticias\/#\/schema\/logo\/image\/\"},\"sameAs\":[\"https:\/\/www.facebook.com\/todoalfalfa\",\"https:\/\/www.instagram.com\/todoalfalfa\",\"https:\/\/www.youtube.com\/@TodoAlfalfa\",\"https:\/\/www.linkedin.com\/company\/todoalfalfa\/\"]},{\"@type\":\"Person\",\"@id\":\"https:\/\/www.todoalfalfa.com.ar\/noticias\/#\/schema\/person\/4ee4bca9b9fa50c4f0fbaf7017fbf2ad\",\"name\":\"Todo Alfalfa\",\"image\":{\"@type\":\"ImageObject\",\"inLanguage\":\"es\",\"@id\":\"https:\/\/www.todoalfalfa.com.ar\/noticias\/#\/schema\/person\/image\/\",\"url\":\"https:\/\/secure.gravatar.com\/avatar\/4d26a600a1380823a26c3f9cb74ada1a8ee4b482c0c3a616ab022b865c46be8f?s=96&d=mm&r=g\",\"contentUrl\":\"https:\/\/secure.gravatar.com\/avatar\/4d26a600a1380823a26c3f9cb74ada1a8ee4b482c0c3a616ab022b865c46be8f?s=96&d=mm&r=g\",\"caption\":\"Todo Alfalfa\"},\"sameAs\":[\"http:\/\/www.todoalfalfa.com.ar\"],\"url\":\"https:\/\/www.todoalfalfa.com.ar\/noticias\/author\/todoalfalfa\/\"}]}<\/script>\n<!-- \/ Yoast SEO plugin. -->","yoast_head_json":{"title":"El Cl\u00faster de la Alfalfa design\u00f3 su comisi\u00f3n directiva","description":"El Cl\u00faster de Alfalfa de C\u00f3rdoba logr\u00f3 un paso muy importante al aprobar su Estatuto. Se eligi\u00f3 a Fabi\u00e1n Russo como su presidente.","robots":{"index":"index","follow":"follow","max-snippet":"max-snippet:-1","max-image-preview":"max-image-preview:large","max-video-preview":"max-video-preview:-1"},"canonical":"https:\/\/www.todoalfalfa.com.ar\/noticias\/cluster-alfalfa-comision-directiva\/","og_locale":"es_ES","og_type":"article","og_title":"El Cl\u00faster de la Alfalfa design\u00f3 su comisi\u00f3n directiva","og_description":"El Cl\u00faster de Alfalfa de C\u00f3rdoba logr\u00f3 un paso muy importante al aprobar su Estatuto. Se eligi\u00f3 a Fabi\u00e1n Russo como su presidente.","og_url":"https:\/\/www.todoalfalfa.com.ar\/noticias\/cluster-alfalfa-comision-directiva\/","og_site_name":"Todo Alfalfa","article_publisher":"https:\/\/www.facebook.com\/todoalfalfa","article_published_time":"2022-08-26T19:12:02+00:00","og_image":[{"width":777,"height":437,"url":"https:\/\/www.todoalfalfa.com.ar\/noticias\/wp-content\/uploads\/2022\/08\/autoridades-cluster-alfalfa-cordoba.jpg","type":"image\/jpeg"}],"author":"Todo Alfalfa","twitter_card":"summary_large_image","twitter_misc":{"Escrito por":"Todo Alfalfa","Tiempo de lectura":"1 minuto"},"schema":{"@context":"https:\/\/schema.org","@graph":[{"@type":"NewsArticle","@id":"https:\/\/www.todoalfalfa.com.ar\/noticias\/cluster-alfalfa-comision-directiva\/#article","isPartOf":{"@id":"https:\/\/www.todoalfalfa.com.ar\/noticias\/cluster-alfalfa-comision-directiva\/"},"author":{"name":"Todo Alfalfa","@id":"https:\/\/www.todoalfalfa.com.ar\/noticias\/#\/schema\/person\/4ee4bca9b9fa50c4f0fbaf7017fbf2ad"},"headline":"El Cl\u00faster de la Alfalfa design\u00f3 su comisi\u00f3n directiva","datePublished":"2022-08-26T19:12:02+00:00","mainEntityOfPage":{"@id":"https:\/\/www.todoalfalfa.com.ar\/noticias\/cluster-alfalfa-comision-directiva\/"},"wordCount":203,"publisher":{"@id":"https:\/\/www.todoalfalfa.com.ar\/noticias\/#organization"},"image":{"@id":"https:\/\/www.todoalfalfa.com.ar\/noticias\/cluster-alfalfa-comision-directiva\/#primaryimage"},"thumbnailUrl":"https:\/\/i0.wp.com\/www.todoalfalfa.com.ar\/noticias\/wp-content\/uploads\/2022\/08\/autoridades-cluster-alfalfa-cordoba.jpg?fit=777%2C437&ssl=1","keywords":["alfalfa","Cl\u00faster","Comisi\u00f3n","Directiva","Fabi\u00e1n","Russo"],"articleSection":["Generales"],"inLanguage":"es"},{"@type":["WebPage","ItemPage"],"@id":"https:\/\/www.todoalfalfa.com.ar\/noticias\/cluster-alfalfa-comision-directiva\/","url":"https:\/\/www.todoalfalfa.com.ar\/noticias\/cluster-alfalfa-comision-directiva\/","name":"El Cl\u00faster de la Alfalfa design\u00f3 su comisi\u00f3n directiva","isPartOf":{"@id":"https:\/\/www.todoalfalfa.com.ar\/noticias\/#website"},"primaryImageOfPage":{"@id":"https:\/\/www.todoalfalfa.com.ar\/noticias\/cluster-alfalfa-comision-directiva\/#primaryimage"},"image":{"@id":"https:\/\/www.todoalfalfa.com.ar\/noticias\/cluster-alfalfa-comision-directiva\/#primaryimage"},"thumbnailUrl":"https:\/\/i0.wp.com\/www.todoalfalfa.com.ar\/noticias\/wp-content\/uploads\/2022\/08\/autoridades-cluster-alfalfa-cordoba.jpg?fit=777%2C437&ssl=1","datePublished":"2022-08-26T19:12:02+00:00","description":"El Cl\u00faster de Alfalfa de C\u00f3rdoba logr\u00f3 un paso muy importante al aprobar su Estatuto. Se eligi\u00f3 a Fabi\u00e1n Russo como su presidente.","breadcrumb":{"@id":"https:\/\/www.todoalfalfa.com.ar\/noticias\/cluster-alfalfa-comision-directiva\/#breadcrumb"},"inLanguage":"es","potentialAction":[{"@type":"ReadAction","target":["https:\/\/www.todoalfalfa.com.ar\/noticias\/cluster-alfalfa-comision-directiva\/"]}]},{"@type":"ImageObject","inLanguage":"es","@id":"https:\/\/www.todoalfalfa.com.ar\/noticias\/cluster-alfalfa-comision-directiva\/#primaryimage","url":"https:\/\/i0.wp.com\/www.todoalfalfa.com.ar\/noticias\/wp-content\/uploads\/2022\/08\/autoridades-cluster-alfalfa-cordoba.jpg?fit=777%2C437&ssl=1","contentUrl":"https:\/\/i0.wp.com\/www.todoalfalfa.com.ar\/noticias\/wp-content\/uploads\/2022\/08\/autoridades-cluster-alfalfa-cordoba.jpg?fit=777%2C437&ssl=1","width":777,"height":437},{"@type":"BreadcrumbList","@id":"https:\/\/www.todoalfalfa.com.ar\/noticias\/cluster-alfalfa-comision-directiva\/#breadcrumb","itemListElement":[{"@type":"ListItem","position":1,"name":"Principal","item":"https:\/\/www.todoalfalfa.com.ar\/noticias\/"},{"@type":"ListItem","position":2,"name":"El Cl\u00faster de la Alfalfa design\u00f3 su comisi\u00f3n directiva"}]},{"@type":"WebSite","@id":"https:\/\/www.todoalfalfa.com.ar\/noticias\/#website","url":"https:\/\/www.todoalfalfa.com.ar\/noticias\/","name":"Todo Alfalfa","description":"Web informativa de la cadena de la alfalfa argentina","publisher":{"@id":"https:\/\/www.todoalfalfa.com.ar\/noticias\/#organization"},"potentialAction":[{"@type":"SearchAction","target":{"@type":"EntryPoint","urlTemplate":"https:\/\/www.todoalfalfa.com.ar\/noticias\/?s={search_term_string}"},"query-input":{"@type":"PropertyValueSpecification","valueRequired":true,"valueName":"search_term_string"}}],"inLanguage":"es"},{"@type":"Organization","@id":"https:\/\/www.todoalfalfa.com.ar\/noticias\/#organization","name":"Todo Alfalfa","url":"https:\/\/www.todoalfalfa.com.ar\/noticias\/","logo":{"@type":"ImageObject","inLanguage":"es","@id":"https:\/\/www.todoalfalfa.com.ar\/noticias\/#\/schema\/logo\/image\/","url":"https:\/\/www.todoalfalfa.com.ar\/noticias\/wp-content\/uploads\/2020\/09\/logo-todo-alfalfa-modificado.png","contentUrl":"https:\/\/www.todoalfalfa.com.ar\/noticias\/wp-content\/uploads\/2020\/09\/logo-todo-alfalfa-modificado.png","width":350,"height":100,"caption":"Todo Alfalfa"},"image":{"@id":"https:\/\/www.todoalfalfa.com.ar\/noticias\/#\/schema\/logo\/image\/"},"sameAs":["https:\/\/www.facebook.com\/todoalfalfa","https:\/\/www.instagram.com\/todoalfalfa","https:\/\/www.youtube.com\/@TodoAlfalfa","https:\/\/www.linkedin.com\/company\/todoalfalfa\/"]},{"@type":"Person","@id":"https:\/\/www.todoalfalfa.com.ar\/noticias\/#\/schema\/person\/4ee4bca9b9fa50c4f0fbaf7017fbf2ad","name":"Todo Alfalfa","image":{"@type":"ImageObject","inLanguage":"es","@id":"https:\/\/www.todoalfalfa.com.ar\/noticias\/#\/schema\/person\/image\/","url":"https:\/\/secure.gravatar.com\/avatar\/4d26a600a1380823a26c3f9cb74ada1a8ee4b482c0c3a616ab022b865c46be8f?s=96&d=mm&r=g","contentUrl":"https:\/\/secure.gravatar.com\/avatar\/4d26a600a1380823a26c3f9cb74ada1a8ee4b482c0c3a616ab022b865c46be8f?s=96&d=mm&r=g","caption":"Todo Alfalfa"},"sameAs":["http:\/\/www.todoalfalfa.com.ar"],"url":"https:\/\/www.todoalfalfa.com.ar\/noticias\/author\/todoalfalfa\/"}]}},"jetpack_featured_media_url":"https:\/\/i0.wp.com\/www.todoalfalfa.com.ar\/noticias\/wp-content\/uploads\/2022\/08\/autoridades-cluster-alfalfa-cordoba.jpg?fit=777%2C437&ssl=1","wps_subtitle":"","jetpack_sharing_enabled":true,"_links":{"self":[{"href":"https:\/\/www.todoalfalfa.com.ar\/noticias\/wp-json\/wp\/v2\/posts\/44926","targetHints":{"allow":["GET"]}}],"collection":[{"href":"https:\/\/www.todoalfalfa.com.ar\/noticias\/wp-json\/wp\/v2\/posts"}],"about":[{"href":"https:\/\/www.todoalfalfa.com.ar\/noticias\/wp-json\/wp\/v2\/types\/post"}],"author":[{"embeddable":true,"href":"https:\/\/www.todoalfalfa.com.ar\/noticias\/wp-json\/wp\/v2\/users\/3"}],"replies":[{"embeddable":true,"href":"https:\/\/www.todoalfalfa.com.ar\/noticias\/wp-json\/wp\/v2\/comments?post=44926"}],"version-history":[{"count":0,"href":"https:\/\/www.todoalfalfa.com.ar\/noticias\/wp-json\/wp\/v2\/posts\/44926\/revisions"}],"wp:featuredmedia":[{"embeddable":true,"href":"https:\/\/www.todoalfalfa.com.ar\/noticias\/wp-json\/wp\/v2\/media\/44927"}],"wp:attachment":[{"href":"https:\/\/www.todoalfalfa.com.ar\/noticias\/wp-json\/wp\/v2\/media?parent=44926"}],"wp:term":[{"taxonomy":"category","embeddable":true,"href":"https:\/\/www.todoalfalfa.com.ar\/noticias\/wp-json\/wp\/v2\/categories?post=44926"},{"taxonomy":"post_tag","embeddable":true,"href":"https:\/\/www.todoalfalfa.com.ar\/noticias\/wp-json\/wp\/v2\/tags?post=44926"}],"curies":[{"name":"wp","href":"https:\/\/api.w.org\/{rel}","templated":true}]}}