{"id":45114,"date":"2022-12-07T08:46:55","date_gmt":"2022-12-07T11:46:55","guid":{"rendered":"https:\/\/www.todoalfalfa.com.ar\/?p=45114"},"modified":"2022-12-07T08:46:57","modified_gmt":"2022-12-07T11:46:57","slug":"la-alfalfa-aragonesa-un-cultivo-que-es-la-leche","status":"publish","type":"post","link":"https:\/\/www.todoalfalfa.com.ar\/noticias\/la-alfalfa-aragonesa-un-cultivo-que-es-la-leche\/","title":{"rendered":"La alfalfa aragonesa, un cultivo que es la leche"},"content":{"rendered":"\n<p>Arag\u00f3n concentra algo m\u00e1s de la mitad de la producci\u00f3n de alfalfa de Espa\u00f1a. De ella, entre el 30 y el 40% se da en el Valle del Ebro. As\u00ed pues, esta zona es la principal productora de alfalfa del que es el segundo pa\u00eds productor de este tipo de forraje. Seg\u00fan datos de la Asociaci\u00f3n Espa\u00f1ola de Fabricantes de Alfalfa (AEFA), en Espa\u00f1a, se produjeron en la pasada campa\u00f1a, 1,4 millones de toneladas, de las que 816.000, el 56% se han producido en Arag\u00f3n.<\/p>\n\n\n\n<p>Estos fueron algunos de los datos que se expusieron en la jornada t\u00e9cnica sobre forraje, que se celebr\u00f3 esta semana dentro de la serie de jornadas organizadas por Caja Rural de Arag\u00f3n y Lonja del Ebro, que abordan diversos asuntos relativos al sector agrario.<\/p>\n\n\n\n<p>El encargado de impartir esta jornada fue Isidro Lamiel, gerente de SAT Ans\u00f3, empresa forrajera dedicada a la deshidrataci\u00f3n de alfalfa. Lamiel quiso insistir desde un principio en que en su empresa: \u00abno producimos alfalfa, sino que alimentamos vacas\u00bb.<\/p>\n\n\n\n<p>Y es que es precisamente la alimentaci\u00f3n de animales destinados a la producci\u00f3n de leche el principal destino de esta leguminosa que constituye el cultivo forrajero \u00abm\u00e1s valioso\u00bb por su reserva prote\u00ednica. De hecho, seg\u00fan datos de una encuesta de uso de la alfalfa, elaborada por AEFA el 61% de este producto se destinaba al vacuno de leche, el 14%, al caprino de leche; el 2% al vacuno de carne y el 13% al vacuno y caprino de carne. Un peque\u00f1o porcentaje se da a cerdas lactantes para mejorar la calidad de su leche.<\/p>\n\n\n\n<p>En el mundo existen 30 millones de hect\u00e1reas de cultivo de alfalfa, Espa\u00f1a es el tercer productor mundial tras EE.UU. y Australia, un pa\u00eds que, aunque es forrajero no produce alfalfa, pero que ocupa el segundo lugar debido a que la configuraci\u00f3n de las estad\u00edsticas empleadas para medir la producci\u00f3n considera la producci\u00f3n de forraje.<\/p>\n\n\n\n<p><strong>Hacia todo el mundo<\/strong><\/p>\n\n\n\n<p>En Espa\u00f1a hay 65 industrias deshidratadoras que produjeron m\u00e1s de 1,4 millones de toneladas de alfalfa de las que entre el 80 y el 85% se destinaron a la exportaci\u00f3n, siendo Emiratos \u00c1rabes Unidos, el primer pa\u00eds importador de alfalfa espa\u00f1ola, seguido de China, Jordania, Francia, Corea del Sur o Kuwait son algunos otros pa\u00edses a los que llega la alfalfa producida en Espa\u00f1a, en un fen\u00f3meno que arranc\u00f3 all\u00e1 por 2013 y que se ha mantenido de manera m\u00e1s o menos sostenida en el tiempo.<\/p>\n\n\n\n<p>Sin embargo, si se considera la cantidad de forraje en su conjunto, son China, Jap\u00f3n y Corea los mayores importadores del mundo. Esto se debe a que, pese a no tener una tradici\u00f3n arraigada, cada vez se consume m\u00e1s leche y derivados en estos pa\u00edses. Esta demanda hace que la leche tenga precios muy elevados, por lo que pueden permitirse comprar forrajes m\u00e1s caros que, por ejemplo, en los pa\u00edses del Golfo P\u00e9rsico, donde \u00abpor cierto, la alfalfa no se la comen los camellos, sino los animales de producci\u00f3n de leche\u00bb, apuntaba Isidro Lamiel.<\/p>\n\n\n\n<p>La alfalfa exportada responde a dos tipolog\u00edas principales: henificada o deshidratada. La primera se empaca en campo, se seca al sol y se reempaca en una planta especializada para aprovechar al m\u00e1ximo el espacio en los contenedores de transporte. La deshidratada se siega en campo y directamente se lleva a una planta donde se extrae toda la humedad y a las 48 horas est\u00e1 lista para exportar. \u00abEs m\u00e1s estable y se produce menor p\u00e9rdida de valor nutritivo. Adem\u00e1s, se evitan problemas como el exceso de estr\u00f3genos\u00bb, destacaba el gerente de SAT Ans\u00f3.<\/p>\n\n\n\n<p><em>Fuente: El Heraldo de Arag\u00f3n ( <a href=\"https:\/\/www.heraldo.es\" target=\"_blank\" rel=\"noreferrer noopener\">https:\/\/www.heraldo.es<\/a> )<\/em><\/p>\n<div class=\"todoalfalfa-final-de-la-nota\" id=\"todoalfalfa-600468130\"><a href=\"https:\/\/www.whatsapp.com\/channel\/0029VbCBmFB9WtBxJsD3eC2i\" target=\"_blank\" aria-label=\"5\"><img src=\"https:\/\/i0.wp.com\/www.todoalfalfa.com.ar\/noticias\/wp-content\/uploads\/2026\/04\/5.gif?fit=728%2C90&#038;ssl=1\" alt=\"\"  width=\"728\" height=\"90\"   \/><\/a><\/div>","protected":false},"excerpt":{"rendered":"<p>Arag\u00f3n concentra la mitad parte de la producci\u00f3n de alfalfa de Espa\u00f1a. Destinada principalmente a la alimentaci\u00f3n de vacuno de leche, m\u00e1s del 80% se exporta a otros pa\u00edses. En Espa\u00f1a, se produjeron la pasada campa\u00f1a 1,4 millones de toneladas.<\/p>\n","protected":false},"author":7,"featured_media":45116,"comment_status":"closed","ping_status":"open","sticky":false,"template":"","format":"standard","meta":{"jetpack_post_was_ever_published":false,"_jetpack_newsletter_access":"","_jetpack_dont_email_post_to_subs":false,"_jetpack_newsletter_tier_id":0,"_jetpack_memberships_contains_paywalled_content":false,"_jetpack_memberships_contains_paid_content":false,"footnotes":""},"categories":[2],"tags":[1389,844,1390,185],"class_list":["post-45114","post","type-post","status-publish","format-standard","has-post-thumbnail","hentry","category-generales","tag-alfalfa-aragonesa","tag-espana","tag-internacionales","tag-leche"],"yoast_head":"<!-- This site is optimized with the Yoast SEO plugin v25.5 - https:\/\/yoast.com\/wordpress\/plugins\/seo\/ -->\n<title>La alfalfa aragonesa, un cultivo que es la leche<\/title>\n<meta name=\"robots\" content=\"index, follow, max-snippet:-1, max-image-preview:large, max-video-preview:-1\" \/>\n<link rel=\"canonical\" href=\"https:\/\/www.todoalfalfa.com.ar\/noticias\/la-alfalfa-aragonesa-un-cultivo-que-es-la-leche\/\" \/>\n<meta property=\"og:locale\" content=\"es_ES\" \/>\n<meta property=\"og:type\" content=\"article\" \/>\n<meta property=\"og:title\" content=\"La alfalfa aragonesa, un cultivo que es la leche\" \/>\n<meta property=\"og:description\" content=\"Arag\u00f3n concentra la mitad parte de la producci\u00f3n de alfalfa de Espa\u00f1a. Destinada principalmente a la alimentaci\u00f3n de vacuno de leche, m\u00e1s del 80% se exporta a otros pa\u00edses. En Espa\u00f1a, se produjeron la pasada campa\u00f1a 1,4 millones de toneladas.\" \/>\n<meta property=\"og:url\" content=\"https:\/\/www.todoalfalfa.com.ar\/noticias\/la-alfalfa-aragonesa-un-cultivo-que-es-la-leche\/\" \/>\n<meta property=\"og:site_name\" content=\"Todo Alfalfa\" \/>\n<meta property=\"article:publisher\" content=\"https:\/\/www.facebook.com\/todoalfalfa\" \/>\n<meta property=\"article:published_time\" content=\"2022-12-07T11:46:55+00:00\" \/>\n<meta property=\"article:modified_time\" content=\"2022-12-07T11:46:57+00:00\" \/>\n<meta property=\"og:image\" content=\"https:\/\/www.todoalfalfa.com.ar\/noticias\/wp-content\/uploads\/2022\/12\/WhatsApp-Image-2022-12-06-at-19.09.57.jpeg\" \/>\n\t<meta property=\"og:image:width\" content=\"777\" \/>\n\t<meta property=\"og:image:height\" content=\"437\" \/>\n\t<meta property=\"og:image:type\" content=\"image\/jpeg\" \/>\n<meta name=\"author\" content=\"todoalfalfa\" \/>\n<meta name=\"twitter:card\" content=\"summary_large_image\" \/>\n<meta name=\"twitter:label1\" content=\"Escrito por\" \/>\n\t<meta name=\"twitter:data1\" content=\"todoalfalfa\" \/>\n\t<meta name=\"twitter:label2\" content=\"Tiempo de lectura\" \/>\n\t<meta name=\"twitter:data2\" content=\"3 minutos\" \/>\n<script type=\"application\/ld+json\" class=\"yoast-schema-graph\">{\"@context\":\"https:\/\/schema.org\",\"@graph\":[{\"@type\":\"NewsArticle\",\"@id\":\"https:\/\/www.todoalfalfa.com.ar\/noticias\/la-alfalfa-aragonesa-un-cultivo-que-es-la-leche\/#article\",\"isPartOf\":{\"@id\":\"https:\/\/www.todoalfalfa.com.ar\/noticias\/la-alfalfa-aragonesa-un-cultivo-que-es-la-leche\/\"},\"author\":{\"name\":\"todoalfalfa\",\"@id\":\"https:\/\/www.todoalfalfa.com.ar\/noticias\/#\/schema\/person\/50173dbc738dfd84176b3bee17b44d06\"},\"headline\":\"La alfalfa aragonesa, un cultivo que es la leche\",\"datePublished\":\"2022-12-07T11:46:55+00:00\",\"dateModified\":\"2022-12-07T11:46:57+00:00\",\"mainEntityOfPage\":{\"@id\":\"https:\/\/www.todoalfalfa.com.ar\/noticias\/la-alfalfa-aragonesa-un-cultivo-que-es-la-leche\/\"},\"wordCount\":648,\"publisher\":{\"@id\":\"https:\/\/www.todoalfalfa.com.ar\/noticias\/#organization\"},\"image\":{\"@id\":\"https:\/\/www.todoalfalfa.com.ar\/noticias\/la-alfalfa-aragonesa-un-cultivo-que-es-la-leche\/#primaryimage\"},\"thumbnailUrl\":\"https:\/\/i0.wp.com\/www.todoalfalfa.com.ar\/noticias\/wp-content\/uploads\/2022\/12\/WhatsApp-Image-2022-12-06-at-19.09.57.jpeg?fit=777%2C437&ssl=1\",\"keywords\":[\"alfalfa aragonesa\",\"Espa\u00f1a\",\"internacionales\",\"leche\"],\"articleSection\":[\"Generales\"],\"inLanguage\":\"es\"},{\"@type\":[\"WebPage\",\"ItemPage\"],\"@id\":\"https:\/\/www.todoalfalfa.com.ar\/noticias\/la-alfalfa-aragonesa-un-cultivo-que-es-la-leche\/\",\"url\":\"https:\/\/www.todoalfalfa.com.ar\/noticias\/la-alfalfa-aragonesa-un-cultivo-que-es-la-leche\/\",\"name\":\"La alfalfa aragonesa, un cultivo que es la leche\",\"isPartOf\":{\"@id\":\"https:\/\/www.todoalfalfa.com.ar\/noticias\/#website\"},\"primaryImageOfPage\":{\"@id\":\"https:\/\/www.todoalfalfa.com.ar\/noticias\/la-alfalfa-aragonesa-un-cultivo-que-es-la-leche\/#primaryimage\"},\"image\":{\"@id\":\"https:\/\/www.todoalfalfa.com.ar\/noticias\/la-alfalfa-aragonesa-un-cultivo-que-es-la-leche\/#primaryimage\"},\"thumbnailUrl\":\"https:\/\/i0.wp.com\/www.todoalfalfa.com.ar\/noticias\/wp-content\/uploads\/2022\/12\/WhatsApp-Image-2022-12-06-at-19.09.57.jpeg?fit=777%2C437&ssl=1\",\"datePublished\":\"2022-12-07T11:46:55+00:00\",\"dateModified\":\"2022-12-07T11:46:57+00:00\",\"breadcrumb\":{\"@id\":\"https:\/\/www.todoalfalfa.com.ar\/noticias\/la-alfalfa-aragonesa-un-cultivo-que-es-la-leche\/#breadcrumb\"},\"inLanguage\":\"es\",\"potentialAction\":[{\"@type\":\"ReadAction\",\"target\":[\"https:\/\/www.todoalfalfa.com.ar\/noticias\/la-alfalfa-aragonesa-un-cultivo-que-es-la-leche\/\"]}]},{\"@type\":\"ImageObject\",\"inLanguage\":\"es\",\"@id\":\"https:\/\/www.todoalfalfa.com.ar\/noticias\/la-alfalfa-aragonesa-un-cultivo-que-es-la-leche\/#primaryimage\",\"url\":\"https:\/\/i0.wp.com\/www.todoalfalfa.com.ar\/noticias\/wp-content\/uploads\/2022\/12\/WhatsApp-Image-2022-12-06-at-19.09.57.jpeg?fit=777%2C437&ssl=1\",\"contentUrl\":\"https:\/\/i0.wp.com\/www.todoalfalfa.com.ar\/noticias\/wp-content\/uploads\/2022\/12\/WhatsApp-Image-2022-12-06-at-19.09.57.jpeg?fit=777%2C437&ssl=1\",\"width\":777,\"height\":437},{\"@type\":\"BreadcrumbList\",\"@id\":\"https:\/\/www.todoalfalfa.com.ar\/noticias\/la-alfalfa-aragonesa-un-cultivo-que-es-la-leche\/#breadcrumb\",\"itemListElement\":[{\"@type\":\"ListItem\",\"position\":1,\"name\":\"Principal\",\"item\":\"https:\/\/www.todoalfalfa.com.ar\/noticias\/\"},{\"@type\":\"ListItem\",\"position\":2,\"name\":\"La alfalfa aragonesa, un cultivo que es la leche\"}]},{\"@type\":\"WebSite\",\"@id\":\"https:\/\/www.todoalfalfa.com.ar\/noticias\/#website\",\"url\":\"https:\/\/www.todoalfalfa.com.ar\/noticias\/\",\"name\":\"Todo Alfalfa\",\"description\":\"Web informativa de la cadena de la alfalfa argentina\",\"publisher\":{\"@id\":\"https:\/\/www.todoalfalfa.com.ar\/noticias\/#organization\"},\"potentialAction\":[{\"@type\":\"SearchAction\",\"target\":{\"@type\":\"EntryPoint\",\"urlTemplate\":\"https:\/\/www.todoalfalfa.com.ar\/noticias\/?s={search_term_string}\"},\"query-input\":{\"@type\":\"PropertyValueSpecification\",\"valueRequired\":true,\"valueName\":\"search_term_string\"}}],\"inLanguage\":\"es\"},{\"@type\":\"Organization\",\"@id\":\"https:\/\/www.todoalfalfa.com.ar\/noticias\/#organization\",\"name\":\"Todo Alfalfa\",\"url\":\"https:\/\/www.todoalfalfa.com.ar\/noticias\/\",\"logo\":{\"@type\":\"ImageObject\",\"inLanguage\":\"es\",\"@id\":\"https:\/\/www.todoalfalfa.com.ar\/noticias\/#\/schema\/logo\/image\/\",\"url\":\"https:\/\/www.todoalfalfa.com.ar\/noticias\/wp-content\/uploads\/2020\/09\/logo-todo-alfalfa-modificado.png\",\"contentUrl\":\"https:\/\/www.todoalfalfa.com.ar\/noticias\/wp-content\/uploads\/2020\/09\/logo-todo-alfalfa-modificado.png\",\"width\":350,\"height\":100,\"caption\":\"Todo Alfalfa\"},\"image\":{\"@id\":\"https:\/\/www.todoalfalfa.com.ar\/noticias\/#\/schema\/logo\/image\/\"},\"sameAs\":[\"https:\/\/www.facebook.com\/todoalfalfa\",\"https:\/\/www.instagram.com\/todoalfalfa\",\"https:\/\/www.youtube.com\/@TodoAlfalfa\",\"https:\/\/www.linkedin.com\/company\/todoalfalfa\/\"]},{\"@type\":\"Person\",\"@id\":\"https:\/\/www.todoalfalfa.com.ar\/noticias\/#\/schema\/person\/50173dbc738dfd84176b3bee17b44d06\",\"name\":\"todoalfalfa\",\"image\":{\"@type\":\"ImageObject\",\"inLanguage\":\"es\",\"@id\":\"https:\/\/www.todoalfalfa.com.ar\/noticias\/#\/schema\/person\/image\/\",\"url\":\"https:\/\/secure.gravatar.com\/avatar\/3c85123827a21df67e7555ad70d585d79ae1ee2de81f4a3b923b33f2f01f3787?s=96&d=mm&r=g\",\"contentUrl\":\"https:\/\/secure.gravatar.com\/avatar\/3c85123827a21df67e7555ad70d585d79ae1ee2de81f4a3b923b33f2f01f3787?s=96&d=mm&r=g\",\"caption\":\"todoalfalfa\"},\"sameAs\":[\"http:\/\/www.todoalfalfa.com.ar\"],\"url\":\"https:\/\/www.todoalfalfa.com.ar\/noticias\/author\/carolinavazquez\/\"}]}<\/script>\n<!-- \/ Yoast SEO plugin. -->","yoast_head_json":{"title":"La alfalfa aragonesa, un cultivo que es la leche","robots":{"index":"index","follow":"follow","max-snippet":"max-snippet:-1","max-image-preview":"max-image-preview:large","max-video-preview":"max-video-preview:-1"},"canonical":"https:\/\/www.todoalfalfa.com.ar\/noticias\/la-alfalfa-aragonesa-un-cultivo-que-es-la-leche\/","og_locale":"es_ES","og_type":"article","og_title":"La alfalfa aragonesa, un cultivo que es la leche","og_description":"Arag\u00f3n concentra la mitad parte de la producci\u00f3n de alfalfa de Espa\u00f1a. Destinada principalmente a la alimentaci\u00f3n de vacuno de leche, m\u00e1s del 80% se exporta a otros pa\u00edses. En Espa\u00f1a, se produjeron la pasada campa\u00f1a 1,4 millones de toneladas.","og_url":"https:\/\/www.todoalfalfa.com.ar\/noticias\/la-alfalfa-aragonesa-un-cultivo-que-es-la-leche\/","og_site_name":"Todo Alfalfa","article_publisher":"https:\/\/www.facebook.com\/todoalfalfa","article_published_time":"2022-12-07T11:46:55+00:00","article_modified_time":"2022-12-07T11:46:57+00:00","og_image":[{"width":777,"height":437,"url":"https:\/\/www.todoalfalfa.com.ar\/noticias\/wp-content\/uploads\/2022\/12\/WhatsApp-Image-2022-12-06-at-19.09.57.jpeg","type":"image\/jpeg"}],"author":"todoalfalfa","twitter_card":"summary_large_image","twitter_misc":{"Escrito por":"todoalfalfa","Tiempo de lectura":"3 minutos"},"schema":{"@context":"https:\/\/schema.org","@graph":[{"@type":"NewsArticle","@id":"https:\/\/www.todoalfalfa.com.ar\/noticias\/la-alfalfa-aragonesa-un-cultivo-que-es-la-leche\/#article","isPartOf":{"@id":"https:\/\/www.todoalfalfa.com.ar\/noticias\/la-alfalfa-aragonesa-un-cultivo-que-es-la-leche\/"},"author":{"name":"todoalfalfa","@id":"https:\/\/www.todoalfalfa.com.ar\/noticias\/#\/schema\/person\/50173dbc738dfd84176b3bee17b44d06"},"headline":"La alfalfa aragonesa, un cultivo que es la leche","datePublished":"2022-12-07T11:46:55+00:00","dateModified":"2022-12-07T11:46:57+00:00","mainEntityOfPage":{"@id":"https:\/\/www.todoalfalfa.com.ar\/noticias\/la-alfalfa-aragonesa-un-cultivo-que-es-la-leche\/"},"wordCount":648,"publisher":{"@id":"https:\/\/www.todoalfalfa.com.ar\/noticias\/#organization"},"image":{"@id":"https:\/\/www.todoalfalfa.com.ar\/noticias\/la-alfalfa-aragonesa-un-cultivo-que-es-la-leche\/#primaryimage"},"thumbnailUrl":"https:\/\/i0.wp.com\/www.todoalfalfa.com.ar\/noticias\/wp-content\/uploads\/2022\/12\/WhatsApp-Image-2022-12-06-at-19.09.57.jpeg?fit=777%2C437&ssl=1","keywords":["alfalfa aragonesa","Espa\u00f1a","internacionales","leche"],"articleSection":["Generales"],"inLanguage":"es"},{"@type":["WebPage","ItemPage"],"@id":"https:\/\/www.todoalfalfa.com.ar\/noticias\/la-alfalfa-aragonesa-un-cultivo-que-es-la-leche\/","url":"https:\/\/www.todoalfalfa.com.ar\/noticias\/la-alfalfa-aragonesa-un-cultivo-que-es-la-leche\/","name":"La alfalfa aragonesa, un cultivo que es la leche","isPartOf":{"@id":"https:\/\/www.todoalfalfa.com.ar\/noticias\/#website"},"primaryImageOfPage":{"@id":"https:\/\/www.todoalfalfa.com.ar\/noticias\/la-alfalfa-aragonesa-un-cultivo-que-es-la-leche\/#primaryimage"},"image":{"@id":"https:\/\/www.todoalfalfa.com.ar\/noticias\/la-alfalfa-aragonesa-un-cultivo-que-es-la-leche\/#primaryimage"},"thumbnailUrl":"https:\/\/i0.wp.com\/www.todoalfalfa.com.ar\/noticias\/wp-content\/uploads\/2022\/12\/WhatsApp-Image-2022-12-06-at-19.09.57.jpeg?fit=777%2C437&ssl=1","datePublished":"2022-12-07T11:46:55+00:00","dateModified":"2022-12-07T11:46:57+00:00","breadcrumb":{"@id":"https:\/\/www.todoalfalfa.com.ar\/noticias\/la-alfalfa-aragonesa-un-cultivo-que-es-la-leche\/#breadcrumb"},"inLanguage":"es","potentialAction":[{"@type":"ReadAction","target":["https:\/\/www.todoalfalfa.com.ar\/noticias\/la-alfalfa-aragonesa-un-cultivo-que-es-la-leche\/"]}]},{"@type":"ImageObject","inLanguage":"es","@id":"https:\/\/www.todoalfalfa.com.ar\/noticias\/la-alfalfa-aragonesa-un-cultivo-que-es-la-leche\/#primaryimage","url":"https:\/\/i0.wp.com\/www.todoalfalfa.com.ar\/noticias\/wp-content\/uploads\/2022\/12\/WhatsApp-Image-2022-12-06-at-19.09.57.jpeg?fit=777%2C437&ssl=1","contentUrl":"https:\/\/i0.wp.com\/www.todoalfalfa.com.ar\/noticias\/wp-content\/uploads\/2022\/12\/WhatsApp-Image-2022-12-06-at-19.09.57.jpeg?fit=777%2C437&ssl=1","width":777,"height":437},{"@type":"BreadcrumbList","@id":"https:\/\/www.todoalfalfa.com.ar\/noticias\/la-alfalfa-aragonesa-un-cultivo-que-es-la-leche\/#breadcrumb","itemListElement":[{"@type":"ListItem","position":1,"name":"Principal","item":"https:\/\/www.todoalfalfa.com.ar\/noticias\/"},{"@type":"ListItem","position":2,"name":"La alfalfa aragonesa, un cultivo que es la leche"}]},{"@type":"WebSite","@id":"https:\/\/www.todoalfalfa.com.ar\/noticias\/#website","url":"https:\/\/www.todoalfalfa.com.ar\/noticias\/","name":"Todo Alfalfa","description":"Web informativa de la cadena de la alfalfa argentina","publisher":{"@id":"https:\/\/www.todoalfalfa.com.ar\/noticias\/#organization"},"potentialAction":[{"@type":"SearchAction","target":{"@type":"EntryPoint","urlTemplate":"https:\/\/www.todoalfalfa.com.ar\/noticias\/?s={search_term_string}"},"query-input":{"@type":"PropertyValueSpecification","valueRequired":true,"valueName":"search_term_string"}}],"inLanguage":"es"},{"@type":"Organization","@id":"https:\/\/www.todoalfalfa.com.ar\/noticias\/#organization","name":"Todo Alfalfa","url":"https:\/\/www.todoalfalfa.com.ar\/noticias\/","logo":{"@type":"ImageObject","inLanguage":"es","@id":"https:\/\/www.todoalfalfa.com.ar\/noticias\/#\/schema\/logo\/image\/","url":"https:\/\/www.todoalfalfa.com.ar\/noticias\/wp-content\/uploads\/2020\/09\/logo-todo-alfalfa-modificado.png","contentUrl":"https:\/\/www.todoalfalfa.com.ar\/noticias\/wp-content\/uploads\/2020\/09\/logo-todo-alfalfa-modificado.png","width":350,"height":100,"caption":"Todo Alfalfa"},"image":{"@id":"https:\/\/www.todoalfalfa.com.ar\/noticias\/#\/schema\/logo\/image\/"},"sameAs":["https:\/\/www.facebook.com\/todoalfalfa","https:\/\/www.instagram.com\/todoalfalfa","https:\/\/www.youtube.com\/@TodoAlfalfa","https:\/\/www.linkedin.com\/company\/todoalfalfa\/"]},{"@type":"Person","@id":"https:\/\/www.todoalfalfa.com.ar\/noticias\/#\/schema\/person\/50173dbc738dfd84176b3bee17b44d06","name":"todoalfalfa","image":{"@type":"ImageObject","inLanguage":"es","@id":"https:\/\/www.todoalfalfa.com.ar\/noticias\/#\/schema\/person\/image\/","url":"https:\/\/secure.gravatar.com\/avatar\/3c85123827a21df67e7555ad70d585d79ae1ee2de81f4a3b923b33f2f01f3787?s=96&d=mm&r=g","contentUrl":"https:\/\/secure.gravatar.com\/avatar\/3c85123827a21df67e7555ad70d585d79ae1ee2de81f4a3b923b33f2f01f3787?s=96&d=mm&r=g","caption":"todoalfalfa"},"sameAs":["http:\/\/www.todoalfalfa.com.ar"],"url":"https:\/\/www.todoalfalfa.com.ar\/noticias\/author\/carolinavazquez\/"}]}},"jetpack_featured_media_url":"https:\/\/i0.wp.com\/www.todoalfalfa.com.ar\/noticias\/wp-content\/uploads\/2022\/12\/WhatsApp-Image-2022-12-06-at-19.09.57.jpeg?fit=777%2C437&ssl=1","wps_subtitle":"","jetpack_sharing_enabled":true,"_links":{"self":[{"href":"https:\/\/www.todoalfalfa.com.ar\/noticias\/wp-json\/wp\/v2\/posts\/45114","targetHints":{"allow":["GET"]}}],"collection":[{"href":"https:\/\/www.todoalfalfa.com.ar\/noticias\/wp-json\/wp\/v2\/posts"}],"about":[{"href":"https:\/\/www.todoalfalfa.com.ar\/noticias\/wp-json\/wp\/v2\/types\/post"}],"author":[{"embeddable":true,"href":"https:\/\/www.todoalfalfa.com.ar\/noticias\/wp-json\/wp\/v2\/users\/7"}],"replies":[{"embeddable":true,"href":"https:\/\/www.todoalfalfa.com.ar\/noticias\/wp-json\/wp\/v2\/comments?post=45114"}],"version-history":[{"count":0,"href":"https:\/\/www.todoalfalfa.com.ar\/noticias\/wp-json\/wp\/v2\/posts\/45114\/revisions"}],"wp:featuredmedia":[{"embeddable":true,"href":"https:\/\/www.todoalfalfa.com.ar\/noticias\/wp-json\/wp\/v2\/media\/45116"}],"wp:attachment":[{"href":"https:\/\/www.todoalfalfa.com.ar\/noticias\/wp-json\/wp\/v2\/media?parent=45114"}],"wp:term":[{"taxonomy":"category","embeddable":true,"href":"https:\/\/www.todoalfalfa.com.ar\/noticias\/wp-json\/wp\/v2\/categories?post=45114"},{"taxonomy":"post_tag","embeddable":true,"href":"https:\/\/www.todoalfalfa.com.ar\/noticias\/wp-json\/wp\/v2\/tags?post=45114"}],"curies":[{"name":"wp","href":"https:\/\/api.w.org\/{rel}","templated":true}]}}