{"id":45118,"date":"2022-12-07T08:53:12","date_gmt":"2022-12-07T11:53:12","guid":{"rendered":"https:\/\/www.todoalfalfa.com.ar\/?p=45118"},"modified":"2022-12-07T08:53:16","modified_gmt":"2022-12-07T11:53:16","slug":"san-diego-un-congreso-con-eje-en-la-sustentabilidad","status":"publish","type":"post","link":"https:\/\/www.todoalfalfa.com.ar\/noticias\/san-diego-un-congreso-con-eje-en-la-sustentabilidad\/","title":{"rendered":"San Diego: un congreso con eje en la sustentabilidad"},"content":{"rendered":"\n<p>Uno de los expertos argentinos que particip\u00f3 fue el referente de alfalfa del INTA, Daniel Basigalup, quien comparti\u00f3 diversas investigaciones sobre alfalfa que colaboran con la sustentabilidad de los sistemas.<\/p>\n\n\n\n<p>En esta l\u00ednea, Basigalup asegur\u00f3 que \u201cla Argentina tiene gran potencial para impulsar la producci\u00f3n sustentable de alfalfa y, en este contexto, el INTA cuenta con una importante trayectoria y mucho conocimiento para aportar a este objetivo\u201d.<\/p>\n\n\n\n<p>Entre los trabajos que se compartieron, el especialista destac\u00f3 una investigaci\u00f3n del INTA Manfredi sobre dietas estrat\u00e9gicas en el rodeo para reducir las emisiones de \u00f3xido nitroso. Para Basigalup, este estudio es \u201cclave\u201d en un contexto en el que la ganader\u00eda suele ser se\u00f1alada como uno de los principales responsables de emisiones de \u00f3xido nitroso y metano, dos gases de efecto invernadero.<\/p>\n\n\n\n<p>Otro aporte destacado que se expuso es un trabajo del INTA en Santiago del Estero en materia de salinidad. \u201cSe trata de un estr\u00e9s ambiental importante que limita la producci\u00f3n agr\u00edcola. El objetivo principal de este estudio fue evaluar el comportamiento de poblaciones de alfalfa (AP) en condiciones salinas naturales\u201d, detall\u00f3.<\/p>\n\n\n\n<p>\u201cEs posible recuperar ambientes poco auspiciosos y volverlos productivos\u201d, indic\u00f3 el investigador del INTA, al tiempo que se\u00f1al\u00f3: \u201cEste estudio aporta m\u00e1s conocimiento sobre las poblaciones bajo esas condiciones para poder seleccionar a aquellas que se adaptan m\u00e1s, as\u00ed como evaluar su desempe\u00f1o productivo en condiciones salinas e informaci\u00f3n sobre el comportamiento de diferentes poblaciones evaluado en Argentina\u201d.<\/p>\n\n\n\n<p>Tambi\u00e9n se expuso sobre algunos aspectos de la siembra directa en el cultivo de la alfalfa, como una herramienta eficiente para conservar los suelos y mejorar el sistema en general.<\/p>\n\n\n\n<p><strong>Recorridos en el Estado de California<\/strong><\/p>\n\n\n\n<p>Valeria Arolfo, especialista del INTA Manfredi cont\u00f3 en el programa Una Vuelta por el INTA cont\u00f3 sobre la participaci\u00f3n de la instituci\u00f3n en el 3\u00ba Congreso Mundial de Alfalfa en San Diego (EE.UU.), con la oportunidad de presentar las investigaciones que se realizan en este cultivo en Argentina. \u201cFue una gran oportunidad para interactuar con cient\u00edficos de otras partes del mundo, de Francia, Italia, Espa\u00f1a, Australia, China, y EE.UU. Los temas que se abordaron en las conferencias fueron bastante diversos, como por ejemplo desde lo que es la relaci\u00f3n cultivo de alfalfa con el cambio clim\u00e1tico, la calidad y la utilizaci\u00f3n del forraje, gen\u00e9tica, biotecnolog\u00eda, gen\u00f3mica, fertilidad de suelos, uso del agua, comercializaci\u00f3n y mercados de heno, mejoras gen\u00e9ticas\u201d.<\/p>\n\n\n\n<p>Cabe destacar que tambi\u00e9n se realiz\u00f3 un d\u00eda de campo a la Imperial Valley donde se pudieron ver toda la infraestructura de riego, plots de alfalfa, pasamos por una planta de semillas y una empaquetadora de heno.<\/p>\n\n\n\n<p>En cuanto a la intervenci\u00f3n de investigadores del INTA, Valeria Arolfo indic\u00f3: \u201cparticipamos con cuatro posters que abarcaron la tem\u00e1tica de la siembra directa de alfalfa; tambi\u00e9n la inhibici\u00f3n f\u00fangica de algunas rizobacterias y end\u00f3fitos. Otro poster estaba relacionado con cambio clim\u00e1tico, con estrategias de mitigaci\u00f3n de \u00f3xido nitroso en suelos usando alfalfas en pastoreo y feedlot\u201d.<\/p>\n<div class=\"todoalfalfa-final-de-la-nota\" id=\"todoalfalfa-1612591003\"><a href=\"https:\/\/www.whatsapp.com\/channel\/0029VbCBmFB9WtBxJsD3eC2i\" target=\"_blank\" aria-label=\"5\"><img src=\"https:\/\/i0.wp.com\/www.todoalfalfa.com.ar\/noticias\/wp-content\/uploads\/2026\/04\/5.gif?fit=728%2C90&#038;ssl=1\" alt=\"\"  width=\"728\" height=\"90\"   \/><\/a><\/div>","protected":false},"excerpt":{"rendered":"<p>Del 14 al 17 de noviembre, se realiz\u00f3 el tercer Congreso Mundial de Alfalfa en el Town and Country Resort en San Diego, California, Estados Unidos. Del encuentro participaron especialistas del INTA.<\/p>\n","protected":false},"author":7,"featured_media":45119,"comment_status":"closed","ping_status":"open","sticky":false,"template":"","format":"standard","meta":{"jetpack_post_was_ever_published":false,"_jetpack_newsletter_access":"","_jetpack_dont_email_post_to_subs":false,"_jetpack_newsletter_tier_id":0,"_jetpack_memberships_contains_paywalled_content":false,"_jetpack_memberships_contains_paid_content":false,"footnotes":""},"categories":[2],"tags":[1393,36,1392,1394],"class_list":["post-45118","post","type-post","status-publish","format-standard","has-post-thumbnail","hentry","category-generales","tag-congreso-mundial-de-la-alfalfa","tag-inta","tag-san-diego","tag-sustentabilidad"],"yoast_head":"<!-- This site is optimized with the Yoast SEO plugin v25.5 - https:\/\/yoast.com\/wordpress\/plugins\/seo\/ -->\n<title>San Diego: un congreso con eje en la sustentabilidad<\/title>\n<meta name=\"robots\" content=\"index, follow, max-snippet:-1, max-image-preview:large, max-video-preview:-1\" \/>\n<link rel=\"canonical\" href=\"https:\/\/www.todoalfalfa.com.ar\/noticias\/san-diego-un-congreso-con-eje-en-la-sustentabilidad\/\" \/>\n<meta property=\"og:locale\" content=\"es_ES\" \/>\n<meta property=\"og:type\" content=\"article\" \/>\n<meta property=\"og:title\" content=\"San Diego: un congreso con eje en la sustentabilidad\" \/>\n<meta property=\"og:description\" content=\"Del 14 al 17 de noviembre, se realiz\u00f3 el tercer Congreso Mundial de Alfalfa en el Town and Country Resort en San Diego, California, Estados Unidos. Del encuentro participaron especialistas del INTA.\" \/>\n<meta property=\"og:url\" content=\"https:\/\/www.todoalfalfa.com.ar\/noticias\/san-diego-un-congreso-con-eje-en-la-sustentabilidad\/\" \/>\n<meta property=\"og:site_name\" content=\"Todo Alfalfa\" \/>\n<meta property=\"article:publisher\" content=\"https:\/\/www.facebook.com\/todoalfalfa\" \/>\n<meta property=\"article:published_time\" content=\"2022-12-07T11:53:12+00:00\" \/>\n<meta property=\"article:modified_time\" content=\"2022-12-07T11:53:16+00:00\" \/>\n<meta property=\"og:image\" content=\"https:\/\/www.todoalfalfa.com.ar\/noticias\/wp-content\/uploads\/2022\/12\/WhatsApp-Image-2022-12-06-at-19.11.47.jpeg\" \/>\n\t<meta property=\"og:image:width\" content=\"777\" \/>\n\t<meta property=\"og:image:height\" content=\"437\" \/>\n\t<meta property=\"og:image:type\" content=\"image\/jpeg\" \/>\n<meta name=\"author\" content=\"todoalfalfa\" \/>\n<meta name=\"twitter:card\" content=\"summary_large_image\" \/>\n<meta name=\"twitter:label1\" content=\"Escrito por\" \/>\n\t<meta name=\"twitter:data1\" content=\"todoalfalfa\" \/>\n\t<meta name=\"twitter:label2\" content=\"Tiempo de lectura\" \/>\n\t<meta name=\"twitter:data2\" content=\"3 minutos\" \/>\n<script type=\"application\/ld+json\" class=\"yoast-schema-graph\">{\"@context\":\"https:\/\/schema.org\",\"@graph\":[{\"@type\":\"NewsArticle\",\"@id\":\"https:\/\/www.todoalfalfa.com.ar\/noticias\/san-diego-un-congreso-con-eje-en-la-sustentabilidad\/#article\",\"isPartOf\":{\"@id\":\"https:\/\/www.todoalfalfa.com.ar\/noticias\/san-diego-un-congreso-con-eje-en-la-sustentabilidad\/\"},\"author\":{\"name\":\"todoalfalfa\",\"@id\":\"https:\/\/www.todoalfalfa.com.ar\/noticias\/#\/schema\/person\/50173dbc738dfd84176b3bee17b44d06\"},\"headline\":\"San Diego: un congreso con eje en la sustentabilidad\",\"datePublished\":\"2022-12-07T11:53:12+00:00\",\"dateModified\":\"2022-12-07T11:53:16+00:00\",\"mainEntityOfPage\":{\"@id\":\"https:\/\/www.todoalfalfa.com.ar\/noticias\/san-diego-un-congreso-con-eje-en-la-sustentabilidad\/\"},\"wordCount\":534,\"publisher\":{\"@id\":\"https:\/\/www.todoalfalfa.com.ar\/noticias\/#organization\"},\"image\":{\"@id\":\"https:\/\/www.todoalfalfa.com.ar\/noticias\/san-diego-un-congreso-con-eje-en-la-sustentabilidad\/#primaryimage\"},\"thumbnailUrl\":\"https:\/\/i0.wp.com\/www.todoalfalfa.com.ar\/noticias\/wp-content\/uploads\/2022\/12\/WhatsApp-Image-2022-12-06-at-19.11.47.jpeg?fit=777%2C437&ssl=1\",\"keywords\":[\"Congreso Mundial de la Alfalfa\",\"inta\",\"San Diego\",\"sustentabilidad\"],\"articleSection\":[\"Generales\"],\"inLanguage\":\"es\"},{\"@type\":[\"WebPage\",\"ItemPage\"],\"@id\":\"https:\/\/www.todoalfalfa.com.ar\/noticias\/san-diego-un-congreso-con-eje-en-la-sustentabilidad\/\",\"url\":\"https:\/\/www.todoalfalfa.com.ar\/noticias\/san-diego-un-congreso-con-eje-en-la-sustentabilidad\/\",\"name\":\"San Diego: un congreso con eje en la sustentabilidad\",\"isPartOf\":{\"@id\":\"https:\/\/www.todoalfalfa.com.ar\/noticias\/#website\"},\"primaryImageOfPage\":{\"@id\":\"https:\/\/www.todoalfalfa.com.ar\/noticias\/san-diego-un-congreso-con-eje-en-la-sustentabilidad\/#primaryimage\"},\"image\":{\"@id\":\"https:\/\/www.todoalfalfa.com.ar\/noticias\/san-diego-un-congreso-con-eje-en-la-sustentabilidad\/#primaryimage\"},\"thumbnailUrl\":\"https:\/\/i0.wp.com\/www.todoalfalfa.com.ar\/noticias\/wp-content\/uploads\/2022\/12\/WhatsApp-Image-2022-12-06-at-19.11.47.jpeg?fit=777%2C437&ssl=1\",\"datePublished\":\"2022-12-07T11:53:12+00:00\",\"dateModified\":\"2022-12-07T11:53:16+00:00\",\"breadcrumb\":{\"@id\":\"https:\/\/www.todoalfalfa.com.ar\/noticias\/san-diego-un-congreso-con-eje-en-la-sustentabilidad\/#breadcrumb\"},\"inLanguage\":\"es\",\"potentialAction\":[{\"@type\":\"ReadAction\",\"target\":[\"https:\/\/www.todoalfalfa.com.ar\/noticias\/san-diego-un-congreso-con-eje-en-la-sustentabilidad\/\"]}]},{\"@type\":\"ImageObject\",\"inLanguage\":\"es\",\"@id\":\"https:\/\/www.todoalfalfa.com.ar\/noticias\/san-diego-un-congreso-con-eje-en-la-sustentabilidad\/#primaryimage\",\"url\":\"https:\/\/i0.wp.com\/www.todoalfalfa.com.ar\/noticias\/wp-content\/uploads\/2022\/12\/WhatsApp-Image-2022-12-06-at-19.11.47.jpeg?fit=777%2C437&ssl=1\",\"contentUrl\":\"https:\/\/i0.wp.com\/www.todoalfalfa.com.ar\/noticias\/wp-content\/uploads\/2022\/12\/WhatsApp-Image-2022-12-06-at-19.11.47.jpeg?fit=777%2C437&ssl=1\",\"width\":777,\"height\":437},{\"@type\":\"BreadcrumbList\",\"@id\":\"https:\/\/www.todoalfalfa.com.ar\/noticias\/san-diego-un-congreso-con-eje-en-la-sustentabilidad\/#breadcrumb\",\"itemListElement\":[{\"@type\":\"ListItem\",\"position\":1,\"name\":\"Principal\",\"item\":\"https:\/\/www.todoalfalfa.com.ar\/noticias\/\"},{\"@type\":\"ListItem\",\"position\":2,\"name\":\"San Diego: un congreso con eje en la sustentabilidad\"}]},{\"@type\":\"WebSite\",\"@id\":\"https:\/\/www.todoalfalfa.com.ar\/noticias\/#website\",\"url\":\"https:\/\/www.todoalfalfa.com.ar\/noticias\/\",\"name\":\"Todo Alfalfa\",\"description\":\"Web informativa de la cadena de la alfalfa argentina\",\"publisher\":{\"@id\":\"https:\/\/www.todoalfalfa.com.ar\/noticias\/#organization\"},\"potentialAction\":[{\"@type\":\"SearchAction\",\"target\":{\"@type\":\"EntryPoint\",\"urlTemplate\":\"https:\/\/www.todoalfalfa.com.ar\/noticias\/?s={search_term_string}\"},\"query-input\":{\"@type\":\"PropertyValueSpecification\",\"valueRequired\":true,\"valueName\":\"search_term_string\"}}],\"inLanguage\":\"es\"},{\"@type\":\"Organization\",\"@id\":\"https:\/\/www.todoalfalfa.com.ar\/noticias\/#organization\",\"name\":\"Todo Alfalfa\",\"url\":\"https:\/\/www.todoalfalfa.com.ar\/noticias\/\",\"logo\":{\"@type\":\"ImageObject\",\"inLanguage\":\"es\",\"@id\":\"https:\/\/www.todoalfalfa.com.ar\/noticias\/#\/schema\/logo\/image\/\",\"url\":\"https:\/\/www.todoalfalfa.com.ar\/noticias\/wp-content\/uploads\/2020\/09\/logo-todo-alfalfa-modificado.png\",\"contentUrl\":\"https:\/\/www.todoalfalfa.com.ar\/noticias\/wp-content\/uploads\/2020\/09\/logo-todo-alfalfa-modificado.png\",\"width\":350,\"height\":100,\"caption\":\"Todo Alfalfa\"},\"image\":{\"@id\":\"https:\/\/www.todoalfalfa.com.ar\/noticias\/#\/schema\/logo\/image\/\"},\"sameAs\":[\"https:\/\/www.facebook.com\/todoalfalfa\",\"https:\/\/www.instagram.com\/todoalfalfa\",\"https:\/\/www.youtube.com\/@TodoAlfalfa\",\"https:\/\/www.linkedin.com\/company\/todoalfalfa\/\"]},{\"@type\":\"Person\",\"@id\":\"https:\/\/www.todoalfalfa.com.ar\/noticias\/#\/schema\/person\/50173dbc738dfd84176b3bee17b44d06\",\"name\":\"todoalfalfa\",\"image\":{\"@type\":\"ImageObject\",\"inLanguage\":\"es\",\"@id\":\"https:\/\/www.todoalfalfa.com.ar\/noticias\/#\/schema\/person\/image\/\",\"url\":\"https:\/\/secure.gravatar.com\/avatar\/3c85123827a21df67e7555ad70d585d79ae1ee2de81f4a3b923b33f2f01f3787?s=96&d=mm&r=g\",\"contentUrl\":\"https:\/\/secure.gravatar.com\/avatar\/3c85123827a21df67e7555ad70d585d79ae1ee2de81f4a3b923b33f2f01f3787?s=96&d=mm&r=g\",\"caption\":\"todoalfalfa\"},\"sameAs\":[\"http:\/\/www.todoalfalfa.com.ar\"],\"url\":\"https:\/\/www.todoalfalfa.com.ar\/noticias\/author\/carolinavazquez\/\"}]}<\/script>\n<!-- \/ Yoast SEO plugin. -->","yoast_head_json":{"title":"San Diego: un congreso con eje en la sustentabilidad","robots":{"index":"index","follow":"follow","max-snippet":"max-snippet:-1","max-image-preview":"max-image-preview:large","max-video-preview":"max-video-preview:-1"},"canonical":"https:\/\/www.todoalfalfa.com.ar\/noticias\/san-diego-un-congreso-con-eje-en-la-sustentabilidad\/","og_locale":"es_ES","og_type":"article","og_title":"San Diego: un congreso con eje en la sustentabilidad","og_description":"Del 14 al 17 de noviembre, se realiz\u00f3 el tercer Congreso Mundial de Alfalfa en el Town and Country Resort en San Diego, California, Estados Unidos. Del encuentro participaron especialistas del INTA.","og_url":"https:\/\/www.todoalfalfa.com.ar\/noticias\/san-diego-un-congreso-con-eje-en-la-sustentabilidad\/","og_site_name":"Todo Alfalfa","article_publisher":"https:\/\/www.facebook.com\/todoalfalfa","article_published_time":"2022-12-07T11:53:12+00:00","article_modified_time":"2022-12-07T11:53:16+00:00","og_image":[{"width":777,"height":437,"url":"https:\/\/www.todoalfalfa.com.ar\/noticias\/wp-content\/uploads\/2022\/12\/WhatsApp-Image-2022-12-06-at-19.11.47.jpeg","type":"image\/jpeg"}],"author":"todoalfalfa","twitter_card":"summary_large_image","twitter_misc":{"Escrito por":"todoalfalfa","Tiempo de lectura":"3 minutos"},"schema":{"@context":"https:\/\/schema.org","@graph":[{"@type":"NewsArticle","@id":"https:\/\/www.todoalfalfa.com.ar\/noticias\/san-diego-un-congreso-con-eje-en-la-sustentabilidad\/#article","isPartOf":{"@id":"https:\/\/www.todoalfalfa.com.ar\/noticias\/san-diego-un-congreso-con-eje-en-la-sustentabilidad\/"},"author":{"name":"todoalfalfa","@id":"https:\/\/www.todoalfalfa.com.ar\/noticias\/#\/schema\/person\/50173dbc738dfd84176b3bee17b44d06"},"headline":"San Diego: un congreso con eje en la sustentabilidad","datePublished":"2022-12-07T11:53:12+00:00","dateModified":"2022-12-07T11:53:16+00:00","mainEntityOfPage":{"@id":"https:\/\/www.todoalfalfa.com.ar\/noticias\/san-diego-un-congreso-con-eje-en-la-sustentabilidad\/"},"wordCount":534,"publisher":{"@id":"https:\/\/www.todoalfalfa.com.ar\/noticias\/#organization"},"image":{"@id":"https:\/\/www.todoalfalfa.com.ar\/noticias\/san-diego-un-congreso-con-eje-en-la-sustentabilidad\/#primaryimage"},"thumbnailUrl":"https:\/\/i0.wp.com\/www.todoalfalfa.com.ar\/noticias\/wp-content\/uploads\/2022\/12\/WhatsApp-Image-2022-12-06-at-19.11.47.jpeg?fit=777%2C437&ssl=1","keywords":["Congreso Mundial de la Alfalfa","inta","San Diego","sustentabilidad"],"articleSection":["Generales"],"inLanguage":"es"},{"@type":["WebPage","ItemPage"],"@id":"https:\/\/www.todoalfalfa.com.ar\/noticias\/san-diego-un-congreso-con-eje-en-la-sustentabilidad\/","url":"https:\/\/www.todoalfalfa.com.ar\/noticias\/san-diego-un-congreso-con-eje-en-la-sustentabilidad\/","name":"San Diego: un congreso con eje en la sustentabilidad","isPartOf":{"@id":"https:\/\/www.todoalfalfa.com.ar\/noticias\/#website"},"primaryImageOfPage":{"@id":"https:\/\/www.todoalfalfa.com.ar\/noticias\/san-diego-un-congreso-con-eje-en-la-sustentabilidad\/#primaryimage"},"image":{"@id":"https:\/\/www.todoalfalfa.com.ar\/noticias\/san-diego-un-congreso-con-eje-en-la-sustentabilidad\/#primaryimage"},"thumbnailUrl":"https:\/\/i0.wp.com\/www.todoalfalfa.com.ar\/noticias\/wp-content\/uploads\/2022\/12\/WhatsApp-Image-2022-12-06-at-19.11.47.jpeg?fit=777%2C437&ssl=1","datePublished":"2022-12-07T11:53:12+00:00","dateModified":"2022-12-07T11:53:16+00:00","breadcrumb":{"@id":"https:\/\/www.todoalfalfa.com.ar\/noticias\/san-diego-un-congreso-con-eje-en-la-sustentabilidad\/#breadcrumb"},"inLanguage":"es","potentialAction":[{"@type":"ReadAction","target":["https:\/\/www.todoalfalfa.com.ar\/noticias\/san-diego-un-congreso-con-eje-en-la-sustentabilidad\/"]}]},{"@type":"ImageObject","inLanguage":"es","@id":"https:\/\/www.todoalfalfa.com.ar\/noticias\/san-diego-un-congreso-con-eje-en-la-sustentabilidad\/#primaryimage","url":"https:\/\/i0.wp.com\/www.todoalfalfa.com.ar\/noticias\/wp-content\/uploads\/2022\/12\/WhatsApp-Image-2022-12-06-at-19.11.47.jpeg?fit=777%2C437&ssl=1","contentUrl":"https:\/\/i0.wp.com\/www.todoalfalfa.com.ar\/noticias\/wp-content\/uploads\/2022\/12\/WhatsApp-Image-2022-12-06-at-19.11.47.jpeg?fit=777%2C437&ssl=1","width":777,"height":437},{"@type":"BreadcrumbList","@id":"https:\/\/www.todoalfalfa.com.ar\/noticias\/san-diego-un-congreso-con-eje-en-la-sustentabilidad\/#breadcrumb","itemListElement":[{"@type":"ListItem","position":1,"name":"Principal","item":"https:\/\/www.todoalfalfa.com.ar\/noticias\/"},{"@type":"ListItem","position":2,"name":"San Diego: un congreso con eje en la sustentabilidad"}]},{"@type":"WebSite","@id":"https:\/\/www.todoalfalfa.com.ar\/noticias\/#website","url":"https:\/\/www.todoalfalfa.com.ar\/noticias\/","name":"Todo Alfalfa","description":"Web informativa de la cadena de la alfalfa argentina","publisher":{"@id":"https:\/\/www.todoalfalfa.com.ar\/noticias\/#organization"},"potentialAction":[{"@type":"SearchAction","target":{"@type":"EntryPoint","urlTemplate":"https:\/\/www.todoalfalfa.com.ar\/noticias\/?s={search_term_string}"},"query-input":{"@type":"PropertyValueSpecification","valueRequired":true,"valueName":"search_term_string"}}],"inLanguage":"es"},{"@type":"Organization","@id":"https:\/\/www.todoalfalfa.com.ar\/noticias\/#organization","name":"Todo Alfalfa","url":"https:\/\/www.todoalfalfa.com.ar\/noticias\/","logo":{"@type":"ImageObject","inLanguage":"es","@id":"https:\/\/www.todoalfalfa.com.ar\/noticias\/#\/schema\/logo\/image\/","url":"https:\/\/www.todoalfalfa.com.ar\/noticias\/wp-content\/uploads\/2020\/09\/logo-todo-alfalfa-modificado.png","contentUrl":"https:\/\/www.todoalfalfa.com.ar\/noticias\/wp-content\/uploads\/2020\/09\/logo-todo-alfalfa-modificado.png","width":350,"height":100,"caption":"Todo Alfalfa"},"image":{"@id":"https:\/\/www.todoalfalfa.com.ar\/noticias\/#\/schema\/logo\/image\/"},"sameAs":["https:\/\/www.facebook.com\/todoalfalfa","https:\/\/www.instagram.com\/todoalfalfa","https:\/\/www.youtube.com\/@TodoAlfalfa","https:\/\/www.linkedin.com\/company\/todoalfalfa\/"]},{"@type":"Person","@id":"https:\/\/www.todoalfalfa.com.ar\/noticias\/#\/schema\/person\/50173dbc738dfd84176b3bee17b44d06","name":"todoalfalfa","image":{"@type":"ImageObject","inLanguage":"es","@id":"https:\/\/www.todoalfalfa.com.ar\/noticias\/#\/schema\/person\/image\/","url":"https:\/\/secure.gravatar.com\/avatar\/3c85123827a21df67e7555ad70d585d79ae1ee2de81f4a3b923b33f2f01f3787?s=96&d=mm&r=g","contentUrl":"https:\/\/secure.gravatar.com\/avatar\/3c85123827a21df67e7555ad70d585d79ae1ee2de81f4a3b923b33f2f01f3787?s=96&d=mm&r=g","caption":"todoalfalfa"},"sameAs":["http:\/\/www.todoalfalfa.com.ar"],"url":"https:\/\/www.todoalfalfa.com.ar\/noticias\/author\/carolinavazquez\/"}]}},"jetpack_featured_media_url":"https:\/\/i0.wp.com\/www.todoalfalfa.com.ar\/noticias\/wp-content\/uploads\/2022\/12\/WhatsApp-Image-2022-12-06-at-19.11.47.jpeg?fit=777%2C437&ssl=1","wps_subtitle":"","jetpack_sharing_enabled":true,"_links":{"self":[{"href":"https:\/\/www.todoalfalfa.com.ar\/noticias\/wp-json\/wp\/v2\/posts\/45118","targetHints":{"allow":["GET"]}}],"collection":[{"href":"https:\/\/www.todoalfalfa.com.ar\/noticias\/wp-json\/wp\/v2\/posts"}],"about":[{"href":"https:\/\/www.todoalfalfa.com.ar\/noticias\/wp-json\/wp\/v2\/types\/post"}],"author":[{"embeddable":true,"href":"https:\/\/www.todoalfalfa.com.ar\/noticias\/wp-json\/wp\/v2\/users\/7"}],"replies":[{"embeddable":true,"href":"https:\/\/www.todoalfalfa.com.ar\/noticias\/wp-json\/wp\/v2\/comments?post=45118"}],"version-history":[{"count":0,"href":"https:\/\/www.todoalfalfa.com.ar\/noticias\/wp-json\/wp\/v2\/posts\/45118\/revisions"}],"wp:featuredmedia":[{"embeddable":true,"href":"https:\/\/www.todoalfalfa.com.ar\/noticias\/wp-json\/wp\/v2\/media\/45119"}],"wp:attachment":[{"href":"https:\/\/www.todoalfalfa.com.ar\/noticias\/wp-json\/wp\/v2\/media?parent=45118"}],"wp:term":[{"taxonomy":"category","embeddable":true,"href":"https:\/\/www.todoalfalfa.com.ar\/noticias\/wp-json\/wp\/v2\/categories?post=45118"},{"taxonomy":"post_tag","embeddable":true,"href":"https:\/\/www.todoalfalfa.com.ar\/noticias\/wp-json\/wp\/v2\/tags?post=45118"}],"curies":[{"name":"wp","href":"https:\/\/api.w.org\/{rel}","templated":true}]}}