{"id":45161,"date":"2022-12-27T09:11:38","date_gmt":"2022-12-27T12:11:38","guid":{"rendered":"https:\/\/www.todoalfalfa.com.ar\/?p=45161"},"modified":"2022-12-27T09:11:41","modified_gmt":"2022-12-27T12:11:41","slug":"en-marzo-se-realizara-la-expo-alfalfa-en-san-luis","status":"publish","type":"post","link":"https:\/\/www.todoalfalfa.com.ar\/noticias\/en-marzo-se-realizara-la-expo-alfalfa-en-san-luis\/","title":{"rendered":"En marzo se realizar\u00e1 la Expo Alfalfa en San Luis"},"content":{"rendered":"\n<p>La Expo, que se realizar\u00e1 los d\u00edas 16 y 17 de marzo de 2023, contar\u00e1 con disertaciones de expertos de diversas tem\u00e1ticas, y con recorridas a campo para experimentar que sucede en cada fase de la producci\u00f3n de esta pastura perenne muy buscada por los pa\u00edses de Medio Oriente, a los que San Luis ya exporta desde 2019.<\/p>\n\n\n\n<p>Las expectativas exportadoras del heno de alfalfa de calidad requieren del conocimiento de la tecnolog\u00eda disponible en el mercado y de las experiencias adquiridas, permitiendo alcanzar los par\u00e1metros de calidad exigidos internacionalmente y as\u00ed lograr la mayor inserci\u00f3n de la producci\u00f3n argentina en el mundo.<\/p>\n\n\n\n<p>La primera Expo Alfalfa se realiz\u00f3 en el 2021, concentrando a m\u00e1s de 250 productores e interesados de diversos lugares de Argentina y a empresas ligadas a la actividad agropecuaria.<\/p>\n\n\n\n<figure class=\"wp-block-image size-full\"><img data-recalc-dims=\"1\" fetchpriority=\"high\" decoding=\"async\" width=\"777\" height=\"437\" src=\"https:\/\/i0.wp.com\/www.todoalfalfa.com.ar\/wp-content\/uploads\/2022\/12\/expoalfalfa2023-a.jpg?resize=777%2C437&#038;ssl=1\" alt=\"\" class=\"wp-image-45162\" srcset=\"https:\/\/i0.wp.com\/www.todoalfalfa.com.ar\/noticias\/wp-content\/uploads\/2022\/12\/expoalfalfa2023-a.jpg?w=777&amp;ssl=1 777w, https:\/\/i0.wp.com\/www.todoalfalfa.com.ar\/noticias\/wp-content\/uploads\/2022\/12\/expoalfalfa2023-a.jpg?resize=300%2C169&amp;ssl=1 300w, https:\/\/i0.wp.com\/www.todoalfalfa.com.ar\/noticias\/wp-content\/uploads\/2022\/12\/expoalfalfa2023-a.jpg?resize=768%2C432&amp;ssl=1 768w, https:\/\/i0.wp.com\/www.todoalfalfa.com.ar\/noticias\/wp-content\/uploads\/2022\/12\/expoalfalfa2023-a.jpg?resize=180%2C101&amp;ssl=1 180w, https:\/\/i0.wp.com\/www.todoalfalfa.com.ar\/noticias\/wp-content\/uploads\/2022\/12\/expoalfalfa2023-a.jpg?resize=260%2C146&amp;ssl=1 260w, https:\/\/i0.wp.com\/www.todoalfalfa.com.ar\/noticias\/wp-content\/uploads\/2022\/12\/expoalfalfa2023-a.jpg?resize=373%2C210&amp;ssl=1 373w, https:\/\/i0.wp.com\/www.todoalfalfa.com.ar\/noticias\/wp-content\/uploads\/2022\/12\/expoalfalfa2023-a.jpg?resize=120%2C67&amp;ssl=1 120w\" sizes=\"(max-width: 777px) 100vw, 777px\" \/><\/figure>\n\n\n\n<p><br><strong>El contenido<\/strong><br>Seg\u00fan public\u00f3 el Diario de la Rep\u00fablica, la grilla del encuentro estar\u00e1 conformada por tem\u00e1ticas como la \u201cEconom\u00eda de la Alfalfa\u201d, que estar\u00e1 a cargo de\u00a0 Juan Vasquetto, especialista en agronegocios; Gustavo Pardo, el director general de la empresa Grow Frams, de Espa\u00f1a, explicar\u00e1 nociones sobre \u201cPlataforma Tecnol\u00f3gica aplicada\u201d; de los \u201cEfectos de la pandemia en la cadena log\u00edstica\u201d, hablar\u00e1 Ezequiel Garc\u00eda Corado, especialista en comercio exterior, log\u00edstica y aduanas.<\/p>\n\n\n\n<p>Adem\u00e1s, acerca de la \u201cEvoluci\u00f3n del comercio exterior en Argentina\u201d brindar\u00e1 conceptos Mart\u00edn Aguirrezabala, gerente de Comercio Internacional de Alfazal; sobre \u201cActualidad del Comercio exterior de la alfalfa\u201d, disertar\u00e1 Alfredo Abboud, presidente de la Compa\u00f1\u00eda Argentina de Alfalfas y Forrajes;&nbsp; los especialistas del INTA, Ariel Odorizzi y Daniel Basigalup, explicar\u00e1n su investigaci\u00f3n sobre el \u201cMejoramiento Gen\u00e9tico de Alfalfa\u201d; acerca de los \u201cDesaf\u00edos y oportunidades de la producci\u00f3n y exportaci\u00f3n de alfalfa en Argentina\u201d disertar\u00e1 el economista Carlos Seggiaro.<\/p>\n\n\n\n<p>Por otra parte, sobre el \u201cImpacto econ\u00f3mico en la producci\u00f3n de carne y leche por diferentes calidades de heno. Ensayos locales en animales vivos\u201d, presentar\u00e1n los resultados Laura Guzm\u00e1n, investigadora del INTA, junto a Alejandro Verg\u00e9s de Alfazal; adem\u00e1s presentar\u00e1n la informaci\u00f3n obtenida de los \u201cEnsayos comparativos de rendimiento, persistencia y adaptabilidad\u201d, a cargo de Mario Funes, tambi\u00e9n del INTA, que trabaj\u00f3 con Federico Costanzo, de Alfazal.<\/p>\n<div class=\"todoalfalfa-final-de-la-nota\" id=\"todoalfalfa-92121500\"><a href=\"https:\/\/www.whatsapp.com\/channel\/0029VbCBmFB9WtBxJsD3eC2i\" target=\"_blank\" aria-label=\"5\"><img src=\"https:\/\/i0.wp.com\/www.todoalfalfa.com.ar\/noticias\/wp-content\/uploads\/2026\/04\/5.gif?fit=728%2C90&#038;ssl=1\" alt=\"\"  width=\"728\" height=\"90\"   \/><\/a><\/div>","protected":false},"excerpt":{"rendered":"<p>Ser\u00e1 en el campo experimental \u201cDon Hugo\u201d, ubicado en el km 718 de la Ruta Nacional N\u00ba 8, al norte de Villa Mercedes. La Expo propicia un espacio \u00fanico en la provincia para generar v\u00ednculos y compartir informaci\u00f3n a productores.<\/p>\n","protected":false},"author":3,"featured_media":45163,"comment_status":"closed","ping_status":"open","sticky":false,"template":"","format":"standard","meta":{"jetpack_post_was_ever_published":false,"_jetpack_newsletter_access":"","_jetpack_dont_email_post_to_subs":false,"_jetpack_newsletter_tier_id":0,"_jetpack_memberships_contains_paywalled_content":false,"_jetpack_memberships_contains_paid_content":false,"footnotes":""},"categories":[2],"tags":[490,1230,313,1328],"class_list":["post-45161","post","type-post","status-publish","format-standard","has-post-thumbnail","hentry","category-generales","tag-charlas","tag-expoalfalfa","tag-marzo","tag-villa-mercedes-2"],"yoast_head":"<!-- This site is optimized with the Yoast SEO plugin v25.5 - https:\/\/yoast.com\/wordpress\/plugins\/seo\/ -->\n<title>En marzo se realizar\u00e1 la Expo Alfalfa en San Luis<\/title>\n<meta name=\"description\" content=\"Ser\u00e1 en el campo experimental \u201cDon Hugo\u201d, ubicado en el km 718 de la Ruta Nacional N\u00ba 8, al norte de Villa Mercedes. La Expo propicia un espacio \u00fanico en la provincia para generar v\u00ednculos y compartir informaci\u00f3n a productores.\" \/>\n<meta name=\"robots\" content=\"index, follow, max-snippet:-1, max-image-preview:large, max-video-preview:-1\" \/>\n<link rel=\"canonical\" href=\"https:\/\/www.todoalfalfa.com.ar\/noticias\/en-marzo-se-realizara-la-expo-alfalfa-en-san-luis\/\" \/>\n<meta property=\"og:locale\" content=\"es_ES\" \/>\n<meta property=\"og:type\" content=\"article\" \/>\n<meta property=\"og:title\" content=\"En marzo se realizar\u00e1 la Expo Alfalfa en San Luis\" \/>\n<meta property=\"og:description\" content=\"Ser\u00e1 en el campo experimental \u201cDon Hugo\u201d, ubicado en el km 718 de la Ruta Nacional N\u00ba 8, al norte de Villa Mercedes. La Expo propicia un espacio \u00fanico en la provincia para generar v\u00ednculos y compartir informaci\u00f3n a productores.\" \/>\n<meta property=\"og:url\" content=\"https:\/\/www.todoalfalfa.com.ar\/noticias\/en-marzo-se-realizara-la-expo-alfalfa-en-san-luis\/\" \/>\n<meta property=\"og:site_name\" content=\"Todo Alfalfa\" \/>\n<meta property=\"article:publisher\" content=\"https:\/\/www.facebook.com\/todoalfalfa\" \/>\n<meta property=\"article:published_time\" content=\"2022-12-27T12:11:38+00:00\" \/>\n<meta property=\"article:modified_time\" content=\"2022-12-27T12:11:41+00:00\" \/>\n<meta property=\"og:image\" content=\"https:\/\/www.todoalfalfa.com.ar\/noticias\/wp-content\/uploads\/2022\/12\/expoalfalfa2023-b.jpg\" \/>\n\t<meta property=\"og:image:width\" content=\"777\" \/>\n\t<meta property=\"og:image:height\" content=\"437\" \/>\n\t<meta property=\"og:image:type\" content=\"image\/jpeg\" \/>\n<meta name=\"author\" content=\"Todo Alfalfa\" \/>\n<meta name=\"twitter:card\" content=\"summary_large_image\" \/>\n<meta name=\"twitter:label1\" content=\"Escrito por\" \/>\n\t<meta name=\"twitter:data1\" content=\"Todo Alfalfa\" \/>\n\t<meta name=\"twitter:label2\" content=\"Tiempo de lectura\" \/>\n\t<meta name=\"twitter:data2\" content=\"2 minutos\" \/>\n<script type=\"application\/ld+json\" class=\"yoast-schema-graph\">{\"@context\":\"https:\/\/schema.org\",\"@graph\":[{\"@type\":\"NewsArticle\",\"@id\":\"https:\/\/www.todoalfalfa.com.ar\/noticias\/en-marzo-se-realizara-la-expo-alfalfa-en-san-luis\/#article\",\"isPartOf\":{\"@id\":\"https:\/\/www.todoalfalfa.com.ar\/noticias\/en-marzo-se-realizara-la-expo-alfalfa-en-san-luis\/\"},\"author\":{\"name\":\"Todo Alfalfa\",\"@id\":\"https:\/\/www.todoalfalfa.com.ar\/noticias\/#\/schema\/person\/4ee4bca9b9fa50c4f0fbaf7017fbf2ad\"},\"headline\":\"En marzo se realizar\u00e1 la Expo Alfalfa en San Luis\",\"datePublished\":\"2022-12-27T12:11:38+00:00\",\"dateModified\":\"2022-12-27T12:11:41+00:00\",\"mainEntityOfPage\":{\"@id\":\"https:\/\/www.todoalfalfa.com.ar\/noticias\/en-marzo-se-realizara-la-expo-alfalfa-en-san-luis\/\"},\"wordCount\":392,\"publisher\":{\"@id\":\"https:\/\/www.todoalfalfa.com.ar\/noticias\/#organization\"},\"image\":{\"@id\":\"https:\/\/www.todoalfalfa.com.ar\/noticias\/en-marzo-se-realizara-la-expo-alfalfa-en-san-luis\/#primaryimage\"},\"thumbnailUrl\":\"https:\/\/i0.wp.com\/www.todoalfalfa.com.ar\/noticias\/wp-content\/uploads\/2022\/12\/expoalfalfa2023-b.jpg?fit=777%2C437&ssl=1\",\"keywords\":[\"charlas\",\"Expoalfalfa\",\"marzo\",\"Villa-Mercedes\"],\"articleSection\":[\"Generales\"],\"inLanguage\":\"es\"},{\"@type\":[\"WebPage\",\"ItemPage\"],\"@id\":\"https:\/\/www.todoalfalfa.com.ar\/noticias\/en-marzo-se-realizara-la-expo-alfalfa-en-san-luis\/\",\"url\":\"https:\/\/www.todoalfalfa.com.ar\/noticias\/en-marzo-se-realizara-la-expo-alfalfa-en-san-luis\/\",\"name\":\"En marzo se realizar\u00e1 la Expo Alfalfa en San Luis\",\"isPartOf\":{\"@id\":\"https:\/\/www.todoalfalfa.com.ar\/noticias\/#website\"},\"primaryImageOfPage\":{\"@id\":\"https:\/\/www.todoalfalfa.com.ar\/noticias\/en-marzo-se-realizara-la-expo-alfalfa-en-san-luis\/#primaryimage\"},\"image\":{\"@id\":\"https:\/\/www.todoalfalfa.com.ar\/noticias\/en-marzo-se-realizara-la-expo-alfalfa-en-san-luis\/#primaryimage\"},\"thumbnailUrl\":\"https:\/\/i0.wp.com\/www.todoalfalfa.com.ar\/noticias\/wp-content\/uploads\/2022\/12\/expoalfalfa2023-b.jpg?fit=777%2C437&ssl=1\",\"datePublished\":\"2022-12-27T12:11:38+00:00\",\"dateModified\":\"2022-12-27T12:11:41+00:00\",\"description\":\"Ser\u00e1 en el campo experimental \u201cDon Hugo\u201d, ubicado en el km 718 de la Ruta Nacional N\u00ba 8, al norte de Villa Mercedes. La Expo propicia un espacio \u00fanico en la provincia para generar v\u00ednculos y compartir informaci\u00f3n a productores.\",\"breadcrumb\":{\"@id\":\"https:\/\/www.todoalfalfa.com.ar\/noticias\/en-marzo-se-realizara-la-expo-alfalfa-en-san-luis\/#breadcrumb\"},\"inLanguage\":\"es\",\"potentialAction\":[{\"@type\":\"ReadAction\",\"target\":[\"https:\/\/www.todoalfalfa.com.ar\/noticias\/en-marzo-se-realizara-la-expo-alfalfa-en-san-luis\/\"]}]},{\"@type\":\"ImageObject\",\"inLanguage\":\"es\",\"@id\":\"https:\/\/www.todoalfalfa.com.ar\/noticias\/en-marzo-se-realizara-la-expo-alfalfa-en-san-luis\/#primaryimage\",\"url\":\"https:\/\/i0.wp.com\/www.todoalfalfa.com.ar\/noticias\/wp-content\/uploads\/2022\/12\/expoalfalfa2023-b.jpg?fit=777%2C437&ssl=1\",\"contentUrl\":\"https:\/\/i0.wp.com\/www.todoalfalfa.com.ar\/noticias\/wp-content\/uploads\/2022\/12\/expoalfalfa2023-b.jpg?fit=777%2C437&ssl=1\",\"width\":777,\"height\":437},{\"@type\":\"BreadcrumbList\",\"@id\":\"https:\/\/www.todoalfalfa.com.ar\/noticias\/en-marzo-se-realizara-la-expo-alfalfa-en-san-luis\/#breadcrumb\",\"itemListElement\":[{\"@type\":\"ListItem\",\"position\":1,\"name\":\"Principal\",\"item\":\"https:\/\/www.todoalfalfa.com.ar\/noticias\/\"},{\"@type\":\"ListItem\",\"position\":2,\"name\":\"En marzo se realizar\u00e1 la Expo Alfalfa en San Luis\"}]},{\"@type\":\"WebSite\",\"@id\":\"https:\/\/www.todoalfalfa.com.ar\/noticias\/#website\",\"url\":\"https:\/\/www.todoalfalfa.com.ar\/noticias\/\",\"name\":\"Todo Alfalfa\",\"description\":\"Web informativa de la cadena de la alfalfa argentina\",\"publisher\":{\"@id\":\"https:\/\/www.todoalfalfa.com.ar\/noticias\/#organization\"},\"potentialAction\":[{\"@type\":\"SearchAction\",\"target\":{\"@type\":\"EntryPoint\",\"urlTemplate\":\"https:\/\/www.todoalfalfa.com.ar\/noticias\/?s={search_term_string}\"},\"query-input\":{\"@type\":\"PropertyValueSpecification\",\"valueRequired\":true,\"valueName\":\"search_term_string\"}}],\"inLanguage\":\"es\"},{\"@type\":\"Organization\",\"@id\":\"https:\/\/www.todoalfalfa.com.ar\/noticias\/#organization\",\"name\":\"Todo Alfalfa\",\"url\":\"https:\/\/www.todoalfalfa.com.ar\/noticias\/\",\"logo\":{\"@type\":\"ImageObject\",\"inLanguage\":\"es\",\"@id\":\"https:\/\/www.todoalfalfa.com.ar\/noticias\/#\/schema\/logo\/image\/\",\"url\":\"https:\/\/www.todoalfalfa.com.ar\/noticias\/wp-content\/uploads\/2020\/09\/logo-todo-alfalfa-modificado.png\",\"contentUrl\":\"https:\/\/www.todoalfalfa.com.ar\/noticias\/wp-content\/uploads\/2020\/09\/logo-todo-alfalfa-modificado.png\",\"width\":350,\"height\":100,\"caption\":\"Todo Alfalfa\"},\"image\":{\"@id\":\"https:\/\/www.todoalfalfa.com.ar\/noticias\/#\/schema\/logo\/image\/\"},\"sameAs\":[\"https:\/\/www.facebook.com\/todoalfalfa\",\"https:\/\/www.instagram.com\/todoalfalfa\",\"https:\/\/www.youtube.com\/@TodoAlfalfa\",\"https:\/\/www.linkedin.com\/company\/todoalfalfa\/\"]},{\"@type\":\"Person\",\"@id\":\"https:\/\/www.todoalfalfa.com.ar\/noticias\/#\/schema\/person\/4ee4bca9b9fa50c4f0fbaf7017fbf2ad\",\"name\":\"Todo Alfalfa\",\"image\":{\"@type\":\"ImageObject\",\"inLanguage\":\"es\",\"@id\":\"https:\/\/www.todoalfalfa.com.ar\/noticias\/#\/schema\/person\/image\/\",\"url\":\"https:\/\/secure.gravatar.com\/avatar\/4d26a600a1380823a26c3f9cb74ada1a8ee4b482c0c3a616ab022b865c46be8f?s=96&d=mm&r=g\",\"contentUrl\":\"https:\/\/secure.gravatar.com\/avatar\/4d26a600a1380823a26c3f9cb74ada1a8ee4b482c0c3a616ab022b865c46be8f?s=96&d=mm&r=g\",\"caption\":\"Todo Alfalfa\"},\"sameAs\":[\"http:\/\/www.todoalfalfa.com.ar\"],\"url\":\"https:\/\/www.todoalfalfa.com.ar\/noticias\/author\/todoalfalfa\/\"}]}<\/script>\n<!-- \/ Yoast SEO plugin. -->","yoast_head_json":{"title":"En marzo se realizar\u00e1 la Expo Alfalfa en San Luis","description":"Ser\u00e1 en el campo experimental \u201cDon Hugo\u201d, ubicado en el km 718 de la Ruta Nacional N\u00ba 8, al norte de Villa Mercedes. La Expo propicia un espacio \u00fanico en la provincia para generar v\u00ednculos y compartir informaci\u00f3n a productores.","robots":{"index":"index","follow":"follow","max-snippet":"max-snippet:-1","max-image-preview":"max-image-preview:large","max-video-preview":"max-video-preview:-1"},"canonical":"https:\/\/www.todoalfalfa.com.ar\/noticias\/en-marzo-se-realizara-la-expo-alfalfa-en-san-luis\/","og_locale":"es_ES","og_type":"article","og_title":"En marzo se realizar\u00e1 la Expo Alfalfa en San Luis","og_description":"Ser\u00e1 en el campo experimental \u201cDon Hugo\u201d, ubicado en el km 718 de la Ruta Nacional N\u00ba 8, al norte de Villa Mercedes. La Expo propicia un espacio \u00fanico en la provincia para generar v\u00ednculos y compartir informaci\u00f3n a productores.","og_url":"https:\/\/www.todoalfalfa.com.ar\/noticias\/en-marzo-se-realizara-la-expo-alfalfa-en-san-luis\/","og_site_name":"Todo Alfalfa","article_publisher":"https:\/\/www.facebook.com\/todoalfalfa","article_published_time":"2022-12-27T12:11:38+00:00","article_modified_time":"2022-12-27T12:11:41+00:00","og_image":[{"width":777,"height":437,"url":"https:\/\/www.todoalfalfa.com.ar\/noticias\/wp-content\/uploads\/2022\/12\/expoalfalfa2023-b.jpg","type":"image\/jpeg"}],"author":"Todo Alfalfa","twitter_card":"summary_large_image","twitter_misc":{"Escrito por":"Todo Alfalfa","Tiempo de lectura":"2 minutos"},"schema":{"@context":"https:\/\/schema.org","@graph":[{"@type":"NewsArticle","@id":"https:\/\/www.todoalfalfa.com.ar\/noticias\/en-marzo-se-realizara-la-expo-alfalfa-en-san-luis\/#article","isPartOf":{"@id":"https:\/\/www.todoalfalfa.com.ar\/noticias\/en-marzo-se-realizara-la-expo-alfalfa-en-san-luis\/"},"author":{"name":"Todo Alfalfa","@id":"https:\/\/www.todoalfalfa.com.ar\/noticias\/#\/schema\/person\/4ee4bca9b9fa50c4f0fbaf7017fbf2ad"},"headline":"En marzo se realizar\u00e1 la Expo Alfalfa en San Luis","datePublished":"2022-12-27T12:11:38+00:00","dateModified":"2022-12-27T12:11:41+00:00","mainEntityOfPage":{"@id":"https:\/\/www.todoalfalfa.com.ar\/noticias\/en-marzo-se-realizara-la-expo-alfalfa-en-san-luis\/"},"wordCount":392,"publisher":{"@id":"https:\/\/www.todoalfalfa.com.ar\/noticias\/#organization"},"image":{"@id":"https:\/\/www.todoalfalfa.com.ar\/noticias\/en-marzo-se-realizara-la-expo-alfalfa-en-san-luis\/#primaryimage"},"thumbnailUrl":"https:\/\/i0.wp.com\/www.todoalfalfa.com.ar\/noticias\/wp-content\/uploads\/2022\/12\/expoalfalfa2023-b.jpg?fit=777%2C437&ssl=1","keywords":["charlas","Expoalfalfa","marzo","Villa-Mercedes"],"articleSection":["Generales"],"inLanguage":"es"},{"@type":["WebPage","ItemPage"],"@id":"https:\/\/www.todoalfalfa.com.ar\/noticias\/en-marzo-se-realizara-la-expo-alfalfa-en-san-luis\/","url":"https:\/\/www.todoalfalfa.com.ar\/noticias\/en-marzo-se-realizara-la-expo-alfalfa-en-san-luis\/","name":"En marzo se realizar\u00e1 la Expo Alfalfa en San Luis","isPartOf":{"@id":"https:\/\/www.todoalfalfa.com.ar\/noticias\/#website"},"primaryImageOfPage":{"@id":"https:\/\/www.todoalfalfa.com.ar\/noticias\/en-marzo-se-realizara-la-expo-alfalfa-en-san-luis\/#primaryimage"},"image":{"@id":"https:\/\/www.todoalfalfa.com.ar\/noticias\/en-marzo-se-realizara-la-expo-alfalfa-en-san-luis\/#primaryimage"},"thumbnailUrl":"https:\/\/i0.wp.com\/www.todoalfalfa.com.ar\/noticias\/wp-content\/uploads\/2022\/12\/expoalfalfa2023-b.jpg?fit=777%2C437&ssl=1","datePublished":"2022-12-27T12:11:38+00:00","dateModified":"2022-12-27T12:11:41+00:00","description":"Ser\u00e1 en el campo experimental \u201cDon Hugo\u201d, ubicado en el km 718 de la Ruta Nacional N\u00ba 8, al norte de Villa Mercedes. La Expo propicia un espacio \u00fanico en la provincia para generar v\u00ednculos y compartir informaci\u00f3n a productores.","breadcrumb":{"@id":"https:\/\/www.todoalfalfa.com.ar\/noticias\/en-marzo-se-realizara-la-expo-alfalfa-en-san-luis\/#breadcrumb"},"inLanguage":"es","potentialAction":[{"@type":"ReadAction","target":["https:\/\/www.todoalfalfa.com.ar\/noticias\/en-marzo-se-realizara-la-expo-alfalfa-en-san-luis\/"]}]},{"@type":"ImageObject","inLanguage":"es","@id":"https:\/\/www.todoalfalfa.com.ar\/noticias\/en-marzo-se-realizara-la-expo-alfalfa-en-san-luis\/#primaryimage","url":"https:\/\/i0.wp.com\/www.todoalfalfa.com.ar\/noticias\/wp-content\/uploads\/2022\/12\/expoalfalfa2023-b.jpg?fit=777%2C437&ssl=1","contentUrl":"https:\/\/i0.wp.com\/www.todoalfalfa.com.ar\/noticias\/wp-content\/uploads\/2022\/12\/expoalfalfa2023-b.jpg?fit=777%2C437&ssl=1","width":777,"height":437},{"@type":"BreadcrumbList","@id":"https:\/\/www.todoalfalfa.com.ar\/noticias\/en-marzo-se-realizara-la-expo-alfalfa-en-san-luis\/#breadcrumb","itemListElement":[{"@type":"ListItem","position":1,"name":"Principal","item":"https:\/\/www.todoalfalfa.com.ar\/noticias\/"},{"@type":"ListItem","position":2,"name":"En marzo se realizar\u00e1 la Expo Alfalfa en San Luis"}]},{"@type":"WebSite","@id":"https:\/\/www.todoalfalfa.com.ar\/noticias\/#website","url":"https:\/\/www.todoalfalfa.com.ar\/noticias\/","name":"Todo Alfalfa","description":"Web informativa de la cadena de la alfalfa argentina","publisher":{"@id":"https:\/\/www.todoalfalfa.com.ar\/noticias\/#organization"},"potentialAction":[{"@type":"SearchAction","target":{"@type":"EntryPoint","urlTemplate":"https:\/\/www.todoalfalfa.com.ar\/noticias\/?s={search_term_string}"},"query-input":{"@type":"PropertyValueSpecification","valueRequired":true,"valueName":"search_term_string"}}],"inLanguage":"es"},{"@type":"Organization","@id":"https:\/\/www.todoalfalfa.com.ar\/noticias\/#organization","name":"Todo Alfalfa","url":"https:\/\/www.todoalfalfa.com.ar\/noticias\/","logo":{"@type":"ImageObject","inLanguage":"es","@id":"https:\/\/www.todoalfalfa.com.ar\/noticias\/#\/schema\/logo\/image\/","url":"https:\/\/www.todoalfalfa.com.ar\/noticias\/wp-content\/uploads\/2020\/09\/logo-todo-alfalfa-modificado.png","contentUrl":"https:\/\/www.todoalfalfa.com.ar\/noticias\/wp-content\/uploads\/2020\/09\/logo-todo-alfalfa-modificado.png","width":350,"height":100,"caption":"Todo Alfalfa"},"image":{"@id":"https:\/\/www.todoalfalfa.com.ar\/noticias\/#\/schema\/logo\/image\/"},"sameAs":["https:\/\/www.facebook.com\/todoalfalfa","https:\/\/www.instagram.com\/todoalfalfa","https:\/\/www.youtube.com\/@TodoAlfalfa","https:\/\/www.linkedin.com\/company\/todoalfalfa\/"]},{"@type":"Person","@id":"https:\/\/www.todoalfalfa.com.ar\/noticias\/#\/schema\/person\/4ee4bca9b9fa50c4f0fbaf7017fbf2ad","name":"Todo Alfalfa","image":{"@type":"ImageObject","inLanguage":"es","@id":"https:\/\/www.todoalfalfa.com.ar\/noticias\/#\/schema\/person\/image\/","url":"https:\/\/secure.gravatar.com\/avatar\/4d26a600a1380823a26c3f9cb74ada1a8ee4b482c0c3a616ab022b865c46be8f?s=96&d=mm&r=g","contentUrl":"https:\/\/secure.gravatar.com\/avatar\/4d26a600a1380823a26c3f9cb74ada1a8ee4b482c0c3a616ab022b865c46be8f?s=96&d=mm&r=g","caption":"Todo Alfalfa"},"sameAs":["http:\/\/www.todoalfalfa.com.ar"],"url":"https:\/\/www.todoalfalfa.com.ar\/noticias\/author\/todoalfalfa\/"}]}},"jetpack_featured_media_url":"https:\/\/i0.wp.com\/www.todoalfalfa.com.ar\/noticias\/wp-content\/uploads\/2022\/12\/expoalfalfa2023-b.jpg?fit=777%2C437&ssl=1","wps_subtitle":"","jetpack_sharing_enabled":true,"_links":{"self":[{"href":"https:\/\/www.todoalfalfa.com.ar\/noticias\/wp-json\/wp\/v2\/posts\/45161","targetHints":{"allow":["GET"]}}],"collection":[{"href":"https:\/\/www.todoalfalfa.com.ar\/noticias\/wp-json\/wp\/v2\/posts"}],"about":[{"href":"https:\/\/www.todoalfalfa.com.ar\/noticias\/wp-json\/wp\/v2\/types\/post"}],"author":[{"embeddable":true,"href":"https:\/\/www.todoalfalfa.com.ar\/noticias\/wp-json\/wp\/v2\/users\/3"}],"replies":[{"embeddable":true,"href":"https:\/\/www.todoalfalfa.com.ar\/noticias\/wp-json\/wp\/v2\/comments?post=45161"}],"version-history":[{"count":0,"href":"https:\/\/www.todoalfalfa.com.ar\/noticias\/wp-json\/wp\/v2\/posts\/45161\/revisions"}],"wp:featuredmedia":[{"embeddable":true,"href":"https:\/\/www.todoalfalfa.com.ar\/noticias\/wp-json\/wp\/v2\/media\/45163"}],"wp:attachment":[{"href":"https:\/\/www.todoalfalfa.com.ar\/noticias\/wp-json\/wp\/v2\/media?parent=45161"}],"wp:term":[{"taxonomy":"category","embeddable":true,"href":"https:\/\/www.todoalfalfa.com.ar\/noticias\/wp-json\/wp\/v2\/categories?post=45161"},{"taxonomy":"post_tag","embeddable":true,"href":"https:\/\/www.todoalfalfa.com.ar\/noticias\/wp-json\/wp\/v2\/tags?post=45161"}],"curies":[{"name":"wp","href":"https:\/\/api.w.org\/{rel}","templated":true}]}}