{"id":45165,"date":"2022-12-27T09:16:38","date_gmt":"2022-12-27T12:16:38","guid":{"rendered":"https:\/\/www.todoalfalfa.com.ar\/?p=45165"},"modified":"2022-12-27T09:16:41","modified_gmt":"2022-12-27T12:16:41","slug":"gallarino-hemos-vivido-una-situacion-de-posguerra","status":"publish","type":"post","link":"https:\/\/www.todoalfalfa.com.ar\/noticias\/gallarino-hemos-vivido-una-situacion-de-posguerra\/","title":{"rendered":"Gallarino: \u201chemos vivido una situaci\u00f3n de posguerra\u201d"},"content":{"rendered":"\n<p>\u201cHace 45 a\u00f1os que trabajo en la actividad y jam\u00e1s he visto un a\u00f1o tan malo, en lo clim\u00e1tico, en lo econ\u00f3mico, en lo financiero como fue este. Las empresas que han sobrevivido a todo esto en el marco que se vivi\u00f3 en Argentina son capaces de sobrevivir la guerra. Porque realmente no hubo guerra, pero la situaci\u00f3n econ\u00f3mica que se vive es de posguerra\u201d, expres\u00f3 Horacio Gallarino, de la firma Palo Verde, aludiendo a una situaci\u00f3n que abarc\u00f3 a casi todos los cultivos extensivos en Argentina y donde la alfalfa no fue excepci\u00f3n.<\/p>\n\n\n\n<p>A pesar de ello, el optimismo es bandera para el director de la empresa con sede en Pergamino, y aunque hay algunas proyecciones p\u00e1lidas, otras invitan a ser optimistas, como el caso de las agroclim\u00e1ticas: \u201cLos meteor\u00f3logos proyectan que va a haber lentamente un movimiento de entrar en la zona de neutralidad, lo que significa un marzo-abril-mayo m\u00e1s h\u00famedo que lo que fue este a\u00f1o. Eso es positivo, ya que son los meses en que se siembran las pasturas\u201d.<\/p>\n\n\n\n<p><strong>Buenas expectativas para la producci\u00f3n de forrajes<\/strong><br>Gallarino indic\u00f3 que hay tecnolog\u00edas de costos muy elevados que se frenan por una cuesti\u00f3n como la que estamos pasando. Pero hay otras que son de manejo, de resoluci\u00f3n interna. \u201c\u00c9stas no tienen costo adicional importante y si se van tomando para mejorar la producci\u00f3n. Por ejemplo, en lugar de comprar bolsa blanca, compra una variedad certificada\u201d.<\/p>\n\n\n\n<p>Destac\u00f3 adem\u00e1s este 2023 no se modificar\u00e1 bruscamente la superficie de siembra, porque en el cultivo de alfalfa es bastante r\u00edgida y no hay grandes saltos de un a\u00f1o para el otro. \u201cS\u00ed hay demanda, hay inter\u00e9s en la siembra en el pr\u00f3ximo oto\u00f1o. Va a ser en adelante un momento muy promisorio para la producci\u00f3n de forrajeras. Hay muchas hect\u00e1reas que han fracasado este a\u00f1o, otras que no se pudieron sembrar. Eso ha generado demanda importante\u201d, subraya.<br><br>En cuanto a la oferta de semilla, se\u00f1ala que ser\u00e1 menor este a\u00f1o, sobre todo en gram\u00edneas. \u201cLa seca que toc\u00f3 la zona de producci\u00f3n de semillas fue muy profunda. Raz\u00f3n por la cual se prev\u00e9 un recalentamiento de precios internos grande\u201d, justific\u00f3.<br><br><strong>Precios y propuestas<\/strong><br>Gallarino coment\u00f3 que las alfalfas de la firma est\u00e1n en el orden de US$ 6,80 las de grado intermedio, hasta US$8,50 las superiores (d\u00f3lar divisa Banco Naci\u00f3n). \u201cEn los pr\u00f3ximos d\u00edas vamos a sacar una lista de precios aparte de la que tenemos en d\u00f3lares. Va a ser una lista de precios expresada en litros de leche, es decir, en la misma moneda que produce el tambero, y se va a mover en los mismos valores de la suba de la leche\u201d.<\/p>\n<div class=\"todoalfalfa-final-de-la-nota\" id=\"todoalfalfa-181324521\"><a href=\"https:\/\/www.whatsapp.com\/channel\/0029VbCBmFB9WtBxJsD3eC2i\" target=\"_blank\" aria-label=\"5\"><img src=\"https:\/\/i0.wp.com\/www.todoalfalfa.com.ar\/noticias\/wp-content\/uploads\/2026\/04\/5.gif?fit=728%2C90&#038;ssl=1\" alt=\"\"  width=\"728\" height=\"90\"   \/><\/a><\/div>","protected":false},"excerpt":{"rendered":"<p>El director t\u00e9cnico y comercial de la firma Palo Verde destac\u00f3 la capacidad de las empresas del sector para sobrellevar este \u00faltimo a\u00f1o. Sobre el cultivo de alfalfa, enfatiz\u00f3 que hay una interesante demanda para la siembra de oto\u00f1o y que las proyecciones clim\u00e1ticas acompa\u00f1an.<\/p>\n","protected":false},"author":3,"featured_media":45166,"comment_status":"closed","ping_status":"open","sticky":false,"template":"","format":"standard","meta":{"jetpack_post_was_ever_published":false,"_jetpack_newsletter_access":"","_jetpack_dont_email_post_to_subs":false,"_jetpack_newsletter_tier_id":0,"_jetpack_memberships_contains_paywalled_content":false,"_jetpack_memberships_contains_paid_content":false,"footnotes":""},"categories":[2],"tags":[1410,178,511,1409,91],"class_list":["post-45165","post","type-post","status-publish","format-standard","has-post-thumbnail","hentry","category-generales","tag-1410","tag-alfalfas","tag-gallarino","tag-palo-verde-2","tag-siembra"],"yoast_head":"<!-- This site is optimized with the Yoast SEO plugin v25.5 - https:\/\/yoast.com\/wordpress\/plugins\/seo\/ -->\n<title>Gallarino: \u201chemos vivido una situaci\u00f3n de posguerra\u201d<\/title>\n<meta name=\"description\" content=\"El director t\u00e9cnico y comercial de la firma Palo Verde destac\u00f3 la capacidad de las empresas del sector para sobrellevar este \u00faltimo a\u00f1o. Sobre el cultivo de alfalfa, enfatiz\u00f3 que hay una interesante demanda para la siembra de oto\u00f1o y que las proyecciones clim\u00e1ticas acompa\u00f1an.\" \/>\n<meta name=\"robots\" content=\"index, follow, max-snippet:-1, max-image-preview:large, max-video-preview:-1\" \/>\n<link rel=\"canonical\" href=\"https:\/\/www.todoalfalfa.com.ar\/noticias\/gallarino-hemos-vivido-una-situacion-de-posguerra\/\" \/>\n<meta property=\"og:locale\" content=\"es_ES\" \/>\n<meta property=\"og:type\" content=\"article\" \/>\n<meta property=\"og:title\" content=\"Gallarino: \u201chemos vivido una situaci\u00f3n de posguerra\u201d\" \/>\n<meta property=\"og:description\" content=\"El director t\u00e9cnico y comercial de la firma Palo Verde destac\u00f3 la capacidad de las empresas del sector para sobrellevar este \u00faltimo a\u00f1o. Sobre el cultivo de alfalfa, enfatiz\u00f3 que hay una interesante demanda para la siembra de oto\u00f1o y que las proyecciones clim\u00e1ticas acompa\u00f1an.\" \/>\n<meta property=\"og:url\" content=\"https:\/\/www.todoalfalfa.com.ar\/noticias\/gallarino-hemos-vivido-una-situacion-de-posguerra\/\" \/>\n<meta property=\"og:site_name\" content=\"Todo Alfalfa\" \/>\n<meta property=\"article:publisher\" content=\"https:\/\/www.facebook.com\/todoalfalfa\" \/>\n<meta property=\"article:published_time\" content=\"2022-12-27T12:16:38+00:00\" \/>\n<meta property=\"article:modified_time\" content=\"2022-12-27T12:16:41+00:00\" \/>\n<meta property=\"og:image\" content=\"https:\/\/www.todoalfalfa.com.ar\/noticias\/wp-content\/uploads\/2022\/12\/Horacio-Gallarino-2022.jpg\" \/>\n\t<meta property=\"og:image:width\" content=\"777\" \/>\n\t<meta property=\"og:image:height\" content=\"437\" \/>\n\t<meta property=\"og:image:type\" content=\"image\/jpeg\" \/>\n<meta name=\"author\" content=\"Todo Alfalfa\" \/>\n<meta name=\"twitter:card\" content=\"summary_large_image\" \/>\n<meta name=\"twitter:label1\" content=\"Escrito por\" \/>\n\t<meta name=\"twitter:data1\" content=\"Todo Alfalfa\" \/>\n\t<meta name=\"twitter:label2\" content=\"Tiempo de lectura\" \/>\n\t<meta name=\"twitter:data2\" content=\"3 minutos\" \/>\n<script type=\"application\/ld+json\" class=\"yoast-schema-graph\">{\"@context\":\"https:\/\/schema.org\",\"@graph\":[{\"@type\":\"NewsArticle\",\"@id\":\"https:\/\/www.todoalfalfa.com.ar\/noticias\/gallarino-hemos-vivido-una-situacion-de-posguerra\/#article\",\"isPartOf\":{\"@id\":\"https:\/\/www.todoalfalfa.com.ar\/noticias\/gallarino-hemos-vivido-una-situacion-de-posguerra\/\"},\"author\":{\"name\":\"Todo Alfalfa\",\"@id\":\"https:\/\/www.todoalfalfa.com.ar\/noticias\/#\/schema\/person\/4ee4bca9b9fa50c4f0fbaf7017fbf2ad\"},\"headline\":\"Gallarino: \u201chemos vivido una situaci\u00f3n de posguerra\u201d\",\"datePublished\":\"2022-12-27T12:16:38+00:00\",\"dateModified\":\"2022-12-27T12:16:41+00:00\",\"mainEntityOfPage\":{\"@id\":\"https:\/\/www.todoalfalfa.com.ar\/noticias\/gallarino-hemos-vivido-una-situacion-de-posguerra\/\"},\"wordCount\":488,\"publisher\":{\"@id\":\"https:\/\/www.todoalfalfa.com.ar\/noticias\/#organization\"},\"image\":{\"@id\":\"https:\/\/www.todoalfalfa.com.ar\/noticias\/gallarino-hemos-vivido-una-situacion-de-posguerra\/#primaryimage\"},\"thumbnailUrl\":\"https:\/\/i0.wp.com\/www.todoalfalfa.com.ar\/noticias\/wp-content\/uploads\/2022\/12\/Horacio-Gallarino-2022.jpg?fit=777%2C437&ssl=1\",\"keywords\":[\"2023\",\"alfalfas\",\"Gallarino\",\"Palo-Verde\",\"siembra\"],\"articleSection\":[\"Generales\"],\"inLanguage\":\"es\"},{\"@type\":[\"WebPage\",\"ItemPage\"],\"@id\":\"https:\/\/www.todoalfalfa.com.ar\/noticias\/gallarino-hemos-vivido-una-situacion-de-posguerra\/\",\"url\":\"https:\/\/www.todoalfalfa.com.ar\/noticias\/gallarino-hemos-vivido-una-situacion-de-posguerra\/\",\"name\":\"Gallarino: \u201chemos vivido una situaci\u00f3n de posguerra\u201d\",\"isPartOf\":{\"@id\":\"https:\/\/www.todoalfalfa.com.ar\/noticias\/#website\"},\"primaryImageOfPage\":{\"@id\":\"https:\/\/www.todoalfalfa.com.ar\/noticias\/gallarino-hemos-vivido-una-situacion-de-posguerra\/#primaryimage\"},\"image\":{\"@id\":\"https:\/\/www.todoalfalfa.com.ar\/noticias\/gallarino-hemos-vivido-una-situacion-de-posguerra\/#primaryimage\"},\"thumbnailUrl\":\"https:\/\/i0.wp.com\/www.todoalfalfa.com.ar\/noticias\/wp-content\/uploads\/2022\/12\/Horacio-Gallarino-2022.jpg?fit=777%2C437&ssl=1\",\"datePublished\":\"2022-12-27T12:16:38+00:00\",\"dateModified\":\"2022-12-27T12:16:41+00:00\",\"description\":\"El director t\u00e9cnico y comercial de la firma Palo Verde destac\u00f3 la capacidad de las empresas del sector para sobrellevar este \u00faltimo a\u00f1o. Sobre el cultivo de alfalfa, enfatiz\u00f3 que hay una interesante demanda para la siembra de oto\u00f1o y que las proyecciones clim\u00e1ticas acompa\u00f1an.\",\"breadcrumb\":{\"@id\":\"https:\/\/www.todoalfalfa.com.ar\/noticias\/gallarino-hemos-vivido-una-situacion-de-posguerra\/#breadcrumb\"},\"inLanguage\":\"es\",\"potentialAction\":[{\"@type\":\"ReadAction\",\"target\":[\"https:\/\/www.todoalfalfa.com.ar\/noticias\/gallarino-hemos-vivido-una-situacion-de-posguerra\/\"]}]},{\"@type\":\"ImageObject\",\"inLanguage\":\"es\",\"@id\":\"https:\/\/www.todoalfalfa.com.ar\/noticias\/gallarino-hemos-vivido-una-situacion-de-posguerra\/#primaryimage\",\"url\":\"https:\/\/i0.wp.com\/www.todoalfalfa.com.ar\/noticias\/wp-content\/uploads\/2022\/12\/Horacio-Gallarino-2022.jpg?fit=777%2C437&ssl=1\",\"contentUrl\":\"https:\/\/i0.wp.com\/www.todoalfalfa.com.ar\/noticias\/wp-content\/uploads\/2022\/12\/Horacio-Gallarino-2022.jpg?fit=777%2C437&ssl=1\",\"width\":777,\"height\":437},{\"@type\":\"BreadcrumbList\",\"@id\":\"https:\/\/www.todoalfalfa.com.ar\/noticias\/gallarino-hemos-vivido-una-situacion-de-posguerra\/#breadcrumb\",\"itemListElement\":[{\"@type\":\"ListItem\",\"position\":1,\"name\":\"Principal\",\"item\":\"https:\/\/www.todoalfalfa.com.ar\/noticias\/\"},{\"@type\":\"ListItem\",\"position\":2,\"name\":\"Gallarino: \u201chemos vivido una situaci\u00f3n de posguerra\u201d\"}]},{\"@type\":\"WebSite\",\"@id\":\"https:\/\/www.todoalfalfa.com.ar\/noticias\/#website\",\"url\":\"https:\/\/www.todoalfalfa.com.ar\/noticias\/\",\"name\":\"Todo Alfalfa\",\"description\":\"Web informativa de la cadena de la alfalfa argentina\",\"publisher\":{\"@id\":\"https:\/\/www.todoalfalfa.com.ar\/noticias\/#organization\"},\"potentialAction\":[{\"@type\":\"SearchAction\",\"target\":{\"@type\":\"EntryPoint\",\"urlTemplate\":\"https:\/\/www.todoalfalfa.com.ar\/noticias\/?s={search_term_string}\"},\"query-input\":{\"@type\":\"PropertyValueSpecification\",\"valueRequired\":true,\"valueName\":\"search_term_string\"}}],\"inLanguage\":\"es\"},{\"@type\":\"Organization\",\"@id\":\"https:\/\/www.todoalfalfa.com.ar\/noticias\/#organization\",\"name\":\"Todo Alfalfa\",\"url\":\"https:\/\/www.todoalfalfa.com.ar\/noticias\/\",\"logo\":{\"@type\":\"ImageObject\",\"inLanguage\":\"es\",\"@id\":\"https:\/\/www.todoalfalfa.com.ar\/noticias\/#\/schema\/logo\/image\/\",\"url\":\"https:\/\/www.todoalfalfa.com.ar\/noticias\/wp-content\/uploads\/2020\/09\/logo-todo-alfalfa-modificado.png\",\"contentUrl\":\"https:\/\/www.todoalfalfa.com.ar\/noticias\/wp-content\/uploads\/2020\/09\/logo-todo-alfalfa-modificado.png\",\"width\":350,\"height\":100,\"caption\":\"Todo Alfalfa\"},\"image\":{\"@id\":\"https:\/\/www.todoalfalfa.com.ar\/noticias\/#\/schema\/logo\/image\/\"},\"sameAs\":[\"https:\/\/www.facebook.com\/todoalfalfa\",\"https:\/\/www.instagram.com\/todoalfalfa\",\"https:\/\/www.youtube.com\/@TodoAlfalfa\",\"https:\/\/www.linkedin.com\/company\/todoalfalfa\/\"]},{\"@type\":\"Person\",\"@id\":\"https:\/\/www.todoalfalfa.com.ar\/noticias\/#\/schema\/person\/4ee4bca9b9fa50c4f0fbaf7017fbf2ad\",\"name\":\"Todo Alfalfa\",\"image\":{\"@type\":\"ImageObject\",\"inLanguage\":\"es\",\"@id\":\"https:\/\/www.todoalfalfa.com.ar\/noticias\/#\/schema\/person\/image\/\",\"url\":\"https:\/\/secure.gravatar.com\/avatar\/4d26a600a1380823a26c3f9cb74ada1a8ee4b482c0c3a616ab022b865c46be8f?s=96&d=mm&r=g\",\"contentUrl\":\"https:\/\/secure.gravatar.com\/avatar\/4d26a600a1380823a26c3f9cb74ada1a8ee4b482c0c3a616ab022b865c46be8f?s=96&d=mm&r=g\",\"caption\":\"Todo Alfalfa\"},\"sameAs\":[\"http:\/\/www.todoalfalfa.com.ar\"],\"url\":\"https:\/\/www.todoalfalfa.com.ar\/noticias\/author\/todoalfalfa\/\"}]}<\/script>\n<!-- \/ Yoast SEO plugin. -->","yoast_head_json":{"title":"Gallarino: \u201chemos vivido una situaci\u00f3n de posguerra\u201d","description":"El director t\u00e9cnico y comercial de la firma Palo Verde destac\u00f3 la capacidad de las empresas del sector para sobrellevar este \u00faltimo a\u00f1o. Sobre el cultivo de alfalfa, enfatiz\u00f3 que hay una interesante demanda para la siembra de oto\u00f1o y que las proyecciones clim\u00e1ticas acompa\u00f1an.","robots":{"index":"index","follow":"follow","max-snippet":"max-snippet:-1","max-image-preview":"max-image-preview:large","max-video-preview":"max-video-preview:-1"},"canonical":"https:\/\/www.todoalfalfa.com.ar\/noticias\/gallarino-hemos-vivido-una-situacion-de-posguerra\/","og_locale":"es_ES","og_type":"article","og_title":"Gallarino: \u201chemos vivido una situaci\u00f3n de posguerra\u201d","og_description":"El director t\u00e9cnico y comercial de la firma Palo Verde destac\u00f3 la capacidad de las empresas del sector para sobrellevar este \u00faltimo a\u00f1o. Sobre el cultivo de alfalfa, enfatiz\u00f3 que hay una interesante demanda para la siembra de oto\u00f1o y que las proyecciones clim\u00e1ticas acompa\u00f1an.","og_url":"https:\/\/www.todoalfalfa.com.ar\/noticias\/gallarino-hemos-vivido-una-situacion-de-posguerra\/","og_site_name":"Todo Alfalfa","article_publisher":"https:\/\/www.facebook.com\/todoalfalfa","article_published_time":"2022-12-27T12:16:38+00:00","article_modified_time":"2022-12-27T12:16:41+00:00","og_image":[{"width":777,"height":437,"url":"https:\/\/www.todoalfalfa.com.ar\/noticias\/wp-content\/uploads\/2022\/12\/Horacio-Gallarino-2022.jpg","type":"image\/jpeg"}],"author":"Todo Alfalfa","twitter_card":"summary_large_image","twitter_misc":{"Escrito por":"Todo Alfalfa","Tiempo de lectura":"3 minutos"},"schema":{"@context":"https:\/\/schema.org","@graph":[{"@type":"NewsArticle","@id":"https:\/\/www.todoalfalfa.com.ar\/noticias\/gallarino-hemos-vivido-una-situacion-de-posguerra\/#article","isPartOf":{"@id":"https:\/\/www.todoalfalfa.com.ar\/noticias\/gallarino-hemos-vivido-una-situacion-de-posguerra\/"},"author":{"name":"Todo Alfalfa","@id":"https:\/\/www.todoalfalfa.com.ar\/noticias\/#\/schema\/person\/4ee4bca9b9fa50c4f0fbaf7017fbf2ad"},"headline":"Gallarino: \u201chemos vivido una situaci\u00f3n de posguerra\u201d","datePublished":"2022-12-27T12:16:38+00:00","dateModified":"2022-12-27T12:16:41+00:00","mainEntityOfPage":{"@id":"https:\/\/www.todoalfalfa.com.ar\/noticias\/gallarino-hemos-vivido-una-situacion-de-posguerra\/"},"wordCount":488,"publisher":{"@id":"https:\/\/www.todoalfalfa.com.ar\/noticias\/#organization"},"image":{"@id":"https:\/\/www.todoalfalfa.com.ar\/noticias\/gallarino-hemos-vivido-una-situacion-de-posguerra\/#primaryimage"},"thumbnailUrl":"https:\/\/i0.wp.com\/www.todoalfalfa.com.ar\/noticias\/wp-content\/uploads\/2022\/12\/Horacio-Gallarino-2022.jpg?fit=777%2C437&ssl=1","keywords":["2023","alfalfas","Gallarino","Palo-Verde","siembra"],"articleSection":["Generales"],"inLanguage":"es"},{"@type":["WebPage","ItemPage"],"@id":"https:\/\/www.todoalfalfa.com.ar\/noticias\/gallarino-hemos-vivido-una-situacion-de-posguerra\/","url":"https:\/\/www.todoalfalfa.com.ar\/noticias\/gallarino-hemos-vivido-una-situacion-de-posguerra\/","name":"Gallarino: \u201chemos vivido una situaci\u00f3n de posguerra\u201d","isPartOf":{"@id":"https:\/\/www.todoalfalfa.com.ar\/noticias\/#website"},"primaryImageOfPage":{"@id":"https:\/\/www.todoalfalfa.com.ar\/noticias\/gallarino-hemos-vivido-una-situacion-de-posguerra\/#primaryimage"},"image":{"@id":"https:\/\/www.todoalfalfa.com.ar\/noticias\/gallarino-hemos-vivido-una-situacion-de-posguerra\/#primaryimage"},"thumbnailUrl":"https:\/\/i0.wp.com\/www.todoalfalfa.com.ar\/noticias\/wp-content\/uploads\/2022\/12\/Horacio-Gallarino-2022.jpg?fit=777%2C437&ssl=1","datePublished":"2022-12-27T12:16:38+00:00","dateModified":"2022-12-27T12:16:41+00:00","description":"El director t\u00e9cnico y comercial de la firma Palo Verde destac\u00f3 la capacidad de las empresas del sector para sobrellevar este \u00faltimo a\u00f1o. Sobre el cultivo de alfalfa, enfatiz\u00f3 que hay una interesante demanda para la siembra de oto\u00f1o y que las proyecciones clim\u00e1ticas acompa\u00f1an.","breadcrumb":{"@id":"https:\/\/www.todoalfalfa.com.ar\/noticias\/gallarino-hemos-vivido-una-situacion-de-posguerra\/#breadcrumb"},"inLanguage":"es","potentialAction":[{"@type":"ReadAction","target":["https:\/\/www.todoalfalfa.com.ar\/noticias\/gallarino-hemos-vivido-una-situacion-de-posguerra\/"]}]},{"@type":"ImageObject","inLanguage":"es","@id":"https:\/\/www.todoalfalfa.com.ar\/noticias\/gallarino-hemos-vivido-una-situacion-de-posguerra\/#primaryimage","url":"https:\/\/i0.wp.com\/www.todoalfalfa.com.ar\/noticias\/wp-content\/uploads\/2022\/12\/Horacio-Gallarino-2022.jpg?fit=777%2C437&ssl=1","contentUrl":"https:\/\/i0.wp.com\/www.todoalfalfa.com.ar\/noticias\/wp-content\/uploads\/2022\/12\/Horacio-Gallarino-2022.jpg?fit=777%2C437&ssl=1","width":777,"height":437},{"@type":"BreadcrumbList","@id":"https:\/\/www.todoalfalfa.com.ar\/noticias\/gallarino-hemos-vivido-una-situacion-de-posguerra\/#breadcrumb","itemListElement":[{"@type":"ListItem","position":1,"name":"Principal","item":"https:\/\/www.todoalfalfa.com.ar\/noticias\/"},{"@type":"ListItem","position":2,"name":"Gallarino: \u201chemos vivido una situaci\u00f3n de posguerra\u201d"}]},{"@type":"WebSite","@id":"https:\/\/www.todoalfalfa.com.ar\/noticias\/#website","url":"https:\/\/www.todoalfalfa.com.ar\/noticias\/","name":"Todo Alfalfa","description":"Web informativa de la cadena de la alfalfa argentina","publisher":{"@id":"https:\/\/www.todoalfalfa.com.ar\/noticias\/#organization"},"potentialAction":[{"@type":"SearchAction","target":{"@type":"EntryPoint","urlTemplate":"https:\/\/www.todoalfalfa.com.ar\/noticias\/?s={search_term_string}"},"query-input":{"@type":"PropertyValueSpecification","valueRequired":true,"valueName":"search_term_string"}}],"inLanguage":"es"},{"@type":"Organization","@id":"https:\/\/www.todoalfalfa.com.ar\/noticias\/#organization","name":"Todo Alfalfa","url":"https:\/\/www.todoalfalfa.com.ar\/noticias\/","logo":{"@type":"ImageObject","inLanguage":"es","@id":"https:\/\/www.todoalfalfa.com.ar\/noticias\/#\/schema\/logo\/image\/","url":"https:\/\/www.todoalfalfa.com.ar\/noticias\/wp-content\/uploads\/2020\/09\/logo-todo-alfalfa-modificado.png","contentUrl":"https:\/\/www.todoalfalfa.com.ar\/noticias\/wp-content\/uploads\/2020\/09\/logo-todo-alfalfa-modificado.png","width":350,"height":100,"caption":"Todo Alfalfa"},"image":{"@id":"https:\/\/www.todoalfalfa.com.ar\/noticias\/#\/schema\/logo\/image\/"},"sameAs":["https:\/\/www.facebook.com\/todoalfalfa","https:\/\/www.instagram.com\/todoalfalfa","https:\/\/www.youtube.com\/@TodoAlfalfa","https:\/\/www.linkedin.com\/company\/todoalfalfa\/"]},{"@type":"Person","@id":"https:\/\/www.todoalfalfa.com.ar\/noticias\/#\/schema\/person\/4ee4bca9b9fa50c4f0fbaf7017fbf2ad","name":"Todo Alfalfa","image":{"@type":"ImageObject","inLanguage":"es","@id":"https:\/\/www.todoalfalfa.com.ar\/noticias\/#\/schema\/person\/image\/","url":"https:\/\/secure.gravatar.com\/avatar\/4d26a600a1380823a26c3f9cb74ada1a8ee4b482c0c3a616ab022b865c46be8f?s=96&d=mm&r=g","contentUrl":"https:\/\/secure.gravatar.com\/avatar\/4d26a600a1380823a26c3f9cb74ada1a8ee4b482c0c3a616ab022b865c46be8f?s=96&d=mm&r=g","caption":"Todo Alfalfa"},"sameAs":["http:\/\/www.todoalfalfa.com.ar"],"url":"https:\/\/www.todoalfalfa.com.ar\/noticias\/author\/todoalfalfa\/"}]}},"jetpack_featured_media_url":"https:\/\/i0.wp.com\/www.todoalfalfa.com.ar\/noticias\/wp-content\/uploads\/2022\/12\/Horacio-Gallarino-2022.jpg?fit=777%2C437&ssl=1","wps_subtitle":"","jetpack_sharing_enabled":true,"_links":{"self":[{"href":"https:\/\/www.todoalfalfa.com.ar\/noticias\/wp-json\/wp\/v2\/posts\/45165","targetHints":{"allow":["GET"]}}],"collection":[{"href":"https:\/\/www.todoalfalfa.com.ar\/noticias\/wp-json\/wp\/v2\/posts"}],"about":[{"href":"https:\/\/www.todoalfalfa.com.ar\/noticias\/wp-json\/wp\/v2\/types\/post"}],"author":[{"embeddable":true,"href":"https:\/\/www.todoalfalfa.com.ar\/noticias\/wp-json\/wp\/v2\/users\/3"}],"replies":[{"embeddable":true,"href":"https:\/\/www.todoalfalfa.com.ar\/noticias\/wp-json\/wp\/v2\/comments?post=45165"}],"version-history":[{"count":0,"href":"https:\/\/www.todoalfalfa.com.ar\/noticias\/wp-json\/wp\/v2\/posts\/45165\/revisions"}],"wp:featuredmedia":[{"embeddable":true,"href":"https:\/\/www.todoalfalfa.com.ar\/noticias\/wp-json\/wp\/v2\/media\/45166"}],"wp:attachment":[{"href":"https:\/\/www.todoalfalfa.com.ar\/noticias\/wp-json\/wp\/v2\/media?parent=45165"}],"wp:term":[{"taxonomy":"category","embeddable":true,"href":"https:\/\/www.todoalfalfa.com.ar\/noticias\/wp-json\/wp\/v2\/categories?post=45165"},{"taxonomy":"post_tag","embeddable":true,"href":"https:\/\/www.todoalfalfa.com.ar\/noticias\/wp-json\/wp\/v2\/tags?post=45165"}],"curies":[{"name":"wp","href":"https:\/\/api.w.org\/{rel}","templated":true}]}}