{"id":45203,"date":"2023-01-23T15:47:38","date_gmt":"2023-01-23T18:47:38","guid":{"rendered":"https:\/\/www.todoalfalfa.com.ar\/?p=45203"},"modified":"2023-01-23T15:47:41","modified_gmt":"2023-01-23T18:47:41","slug":"advierten-que-pueden-faltar-semillas-para-la-recomposicion-forrajera-despues-de-la-seca","status":"publish","type":"post","link":"https:\/\/www.todoalfalfa.com.ar\/noticias\/advierten-que-pueden-faltar-semillas-para-la-recomposicion-forrajera-despues-de-la-seca\/","title":{"rendered":"Advierten que pueden faltar semillas para la recomposici\u00f3n forrajera despu\u00e9s de la seca"},"content":{"rendered":"\n<p>En pleno calorazo y con el baj\u00f3n de tener que recortar expectativas, los productores igual tienen que levantar la cabeza y mirar para adelante, ir pensando c\u00f3mo recuperar\u00e1n lo perdido. Es tarea dif\u00edcil, ya que el duro presente dejar\u00e1 trabas en el futuro inmediato. Una consecuencia concreta que ya se avisora ser\u00e1 la falta de semillas forrajeras,&nbsp;<strong>debido no solo a la menor producci\u00f3n que genera la seca sino tambi\u00e9n a las restricciones vigentes para la importaci\u00f3n<\/strong>. As\u00ed lo advirtieron en un informe reciente los Consorcios Regionales de Experimentaci\u00f3n Agr\u00edcola (CREA).<\/p>\n\n\n\n<p>\u00abExcepto por la alfalfa, los stocks remanentes de semilla de la campa\u00f1a previa son nulos o baj\u00edsimos, con lo cual la disponibilidad de semilla estar\u00e1 por dem\u00e1s ajustada. Tal como sucedi\u00f3 con los cultivos agr\u00edcolas tradicionales, la producci\u00f3n de semillas forrajeras tambi\u00e9n result\u00f3 afectada por el aumento de costos de producci\u00f3n, lo que configura un contexto desafiante no solo en lo que respecta a la disponibilidad de oferta, sino tambi\u00e9n al incremento de precios\u00bb, afirmaron.<\/p>\n\n\n\n<p>Seg\u00fan el relevamiento de CREA, debido a los desastres clim\u00e1ticos, se esperan reducciones de producci\u00f3n de entre 30 y 50% para las distintas gram\u00edneas sembradas en la Argentina. En lo que respecta a las leguminosas, si bien la cosecha a\u00fan est\u00e1 por definirse, muchos lotes debieron darse de baja por problemas tempranos de d\u00e9ficit h\u00eddrico. \u00abEl impacto devastador de la sequ\u00eda y las heladas tard\u00edas se present\u00f3 en simult\u00e1neo con una pol\u00edtica oficial orientada a reforzar los controles de solicitudes de divisas para concretar importaciones al tipo de cambio oficial\u00bb, remarcaron desde la entidad.<\/p>\n\n\n\n<p>Luego detallaron que en la actual coyuntura, las empresas dedicadas al rubro de semillas forrajeras se muestran muy cautelosas en su estrategia comercial, porque a\u00fan no saben de cu\u00e1nta oferta dispondr\u00e1n en la campa\u00f1a 2023. Y es muy probable que al momento de distribuir la escasa oferta disponible de cultivares privilegien a los clientes tradicionales.<\/p>\n\n\n\n<p><strong>Especie por especie<\/strong><\/p>\n\n\n\n<p>La alfalfa, principal especie forrajera utilizada en el pa\u00eds, es la que menos problemas enfrenta. Seg\u00fan el informe de CREA en el mercado interno existen remanentes de la campa\u00f1a anterior, aunque puede haber faltantes de algunos materiales espec\u00edficos. Los registros de importaci\u00f3n evidencian dificultades para ingresar cultivares a partir del segundo semestre de 2022 debido a restricciones cambiarias gubernamentales.<\/p>\n\n\n\n<p>En cuento a la festuca, advierten que hay muy bajo stock remanente, con cosechas locales muy comprometidas por restricciones h\u00eddricas y heladas tard\u00edas. \u00abLos registros de importaci\u00f3n \u2013tal como ocurre en el caso de la alfalfa\u2013 evidencian dificultades crecientes para ingresar cultivares provenientes de EE.UU. o Europa\u00bb, detalla el informe.<\/p>\n\n\n\n<p>En raigr\u00e1s anual hay muy bajo stock remanente, con cosechas locales muy comprometidas por restricciones h\u00eddricas y heladas tard\u00edas. En caso de no encontrar demanda en el mercado local, esta especie puede ser exportada a Brasil, Uruguay, China o Europa.<\/p>\n\n\n\n<p>En pasto ovillo son ajustados los stocks remanentes, con producciones locales que no aportar\u00e1n un gran volumen. En Europa existe abundante oferta para originar \u2013en caso de ser factible\u2013 mercader\u00eda importada en ese origen, comentan desde las firmas semilleras.<\/p>\n\n\n\n<p>De agropiro hay un stock remanente pr\u00e1cticamente nulo. La cosecha local ingresa en febrero\/marzo y su volumen depender\u00e1 de la evoluci\u00f3n clim\u00e1tica del primer bimestre de 2023.<\/p>\n\n\n\n<p>En cuanto al tr\u00e9bol blanco, los stocks remanentes tambi\u00e9n son ajustados, con producciones locales que, si bien a\u00fan est\u00e1n por definirse, se encuentran comprometidas por restricciones h\u00eddricas. \u00abEsta especie viene registrando en los \u00faltimos a\u00f1os una importante demanda por parte de China, lo que podr\u00eda impulsar los precios internos del producto en un escenario de restricci\u00f3n de oferta, adem\u00e1s de agotar tempranamente ciertos cultivares\u00bb, detalla el relevamiento de CREA.<\/p>\n\n\n\n<p>Por \u00faltimo, de cebadilla hay muy bajo stock remanente, con cosechas locales muy comprometidas por desastres clim\u00e1ticos, al igual que de lotus tenuis y corniculatus.<\/p>\n\n\n\n<p><em>Por: Clar\u00edn Rural (<a href=\"https:\/\/www.clarin.com\/rural\/advierten-pueden-faltar-semillas-recomposicion-forrajera-despues-seca_0_E5rcRD1Lxg.html\">https:\/\/www.clarin.com\/rural\/advierten-pueden-faltar-semillas-recomposicion-forrajera-despues-seca_0_E5rcRD1Lxg.html<\/a>)<\/em><\/p>\n<div class=\"todoalfalfa-final-de-la-nota\" id=\"todoalfalfa-135548570\"><a href=\"https:\/\/www.whatsapp.com\/channel\/0029VbCBmFB9WtBxJsD3eC2i\" target=\"_blank\" aria-label=\"5\"><img src=\"https:\/\/i0.wp.com\/www.todoalfalfa.com.ar\/noticias\/wp-content\/uploads\/2026\/04\/5.gif?fit=728%2C90&#038;ssl=1\" alt=\"\"  width=\"728\" height=\"90\"   \/><\/a><\/div>","protected":false},"excerpt":{"rendered":"<p>La producci\u00f3n se vio afectada, la importaci\u00f3n est\u00e1 restringida y los stocks de la mayor\u00eda de las especies son muy ajustados.<\/p>\n","protected":false},"author":7,"featured_media":45204,"comment_status":"closed","ping_status":"open","sticky":false,"template":"","format":"standard","meta":{"jetpack_post_was_ever_published":false,"_jetpack_newsletter_access":"","_jetpack_dont_email_post_to_subs":false,"_jetpack_newsletter_tier_id":0,"_jetpack_memberships_contains_paywalled_content":false,"_jetpack_memberships_contains_paid_content":false,"footnotes":""},"categories":[2],"tags":[1420,1416,114,1417,442,1418,1419],"class_list":["post-45203","post","type-post","status-publish","format-standard","has-post-thumbnail","hentry","category-generales","tag-ajustes","tag-falta-de-semillas","tag-forrajeras","tag-produccion-afectada","tag-seca","tag-semillas-de-alfalfa","tag-stocks"],"yoast_head":"<!-- This site is optimized with the Yoast SEO plugin v25.5 - https:\/\/yoast.com\/wordpress\/plugins\/seo\/ -->\n<title>Advierten que pueden faltar semillas para la recomposici\u00f3n forrajera despu\u00e9s de la seca<\/title>\n<meta name=\"robots\" content=\"index, follow, max-snippet:-1, max-image-preview:large, max-video-preview:-1\" \/>\n<link rel=\"canonical\" href=\"https:\/\/www.todoalfalfa.com.ar\/noticias\/advierten-que-pueden-faltar-semillas-para-la-recomposicion-forrajera-despues-de-la-seca\/\" \/>\n<meta property=\"og:locale\" content=\"es_ES\" \/>\n<meta property=\"og:type\" content=\"article\" \/>\n<meta property=\"og:title\" content=\"Advierten que pueden faltar semillas para la recomposici\u00f3n forrajera despu\u00e9s de la seca\" \/>\n<meta property=\"og:description\" content=\"La producci\u00f3n se vio afectada, la importaci\u00f3n est\u00e1 restringida y los stocks de la mayor\u00eda de las especies son muy ajustados.\" \/>\n<meta property=\"og:url\" content=\"https:\/\/www.todoalfalfa.com.ar\/noticias\/advierten-que-pueden-faltar-semillas-para-la-recomposicion-forrajera-despues-de-la-seca\/\" \/>\n<meta property=\"og:site_name\" content=\"Todo Alfalfa\" \/>\n<meta property=\"article:publisher\" content=\"https:\/\/www.facebook.com\/todoalfalfa\" \/>\n<meta property=\"article:published_time\" content=\"2023-01-23T18:47:38+00:00\" \/>\n<meta property=\"article:modified_time\" content=\"2023-01-23T18:47:41+00:00\" \/>\n<meta property=\"og:image\" content=\"https:\/\/www.todoalfalfa.com.ar\/noticias\/wp-content\/uploads\/2023\/01\/alfalfa-flor.jpg\" \/>\n\t<meta property=\"og:image:width\" content=\"1024\" \/>\n\t<meta property=\"og:image:height\" content=\"576\" \/>\n\t<meta property=\"og:image:type\" content=\"image\/jpeg\" \/>\n<meta name=\"author\" content=\"todoalfalfa\" \/>\n<meta name=\"twitter:card\" content=\"summary_large_image\" \/>\n<meta name=\"twitter:label1\" content=\"Escrito por\" \/>\n\t<meta name=\"twitter:data1\" content=\"todoalfalfa\" \/>\n\t<meta name=\"twitter:label2\" content=\"Tiempo de lectura\" \/>\n\t<meta name=\"twitter:data2\" content=\"3 minutos\" \/>\n<script type=\"application\/ld+json\" class=\"yoast-schema-graph\">{\"@context\":\"https:\/\/schema.org\",\"@graph\":[{\"@type\":\"NewsArticle\",\"@id\":\"https:\/\/www.todoalfalfa.com.ar\/noticias\/advierten-que-pueden-faltar-semillas-para-la-recomposicion-forrajera-despues-de-la-seca\/#article\",\"isPartOf\":{\"@id\":\"https:\/\/www.todoalfalfa.com.ar\/noticias\/advierten-que-pueden-faltar-semillas-para-la-recomposicion-forrajera-despues-de-la-seca\/\"},\"author\":{\"name\":\"todoalfalfa\",\"@id\":\"https:\/\/www.todoalfalfa.com.ar\/noticias\/#\/schema\/person\/50173dbc738dfd84176b3bee17b44d06\"},\"headline\":\"Advierten que pueden faltar semillas para la recomposici\u00f3n forrajera despu\u00e9s de la seca\",\"datePublished\":\"2023-01-23T18:47:38+00:00\",\"dateModified\":\"2023-01-23T18:47:41+00:00\",\"mainEntityOfPage\":{\"@id\":\"https:\/\/www.todoalfalfa.com.ar\/noticias\/advierten-que-pueden-faltar-semillas-para-la-recomposicion-forrajera-despues-de-la-seca\/\"},\"wordCount\":712,\"publisher\":{\"@id\":\"https:\/\/www.todoalfalfa.com.ar\/noticias\/#organization\"},\"image\":{\"@id\":\"https:\/\/www.todoalfalfa.com.ar\/noticias\/advierten-que-pueden-faltar-semillas-para-la-recomposicion-forrajera-despues-de-la-seca\/#primaryimage\"},\"thumbnailUrl\":\"https:\/\/i0.wp.com\/www.todoalfalfa.com.ar\/noticias\/wp-content\/uploads\/2023\/01\/alfalfa-flor.jpg?fit=1024%2C576&ssl=1\",\"keywords\":[\"ajustes\",\"falta de semillas\",\"forrajeras\",\"producci\u00f3n afectada\",\"seca\",\"semillas de alfalfa\",\"stocks\"],\"articleSection\":[\"Generales\"],\"inLanguage\":\"es\"},{\"@type\":[\"WebPage\",\"ItemPage\"],\"@id\":\"https:\/\/www.todoalfalfa.com.ar\/noticias\/advierten-que-pueden-faltar-semillas-para-la-recomposicion-forrajera-despues-de-la-seca\/\",\"url\":\"https:\/\/www.todoalfalfa.com.ar\/noticias\/advierten-que-pueden-faltar-semillas-para-la-recomposicion-forrajera-despues-de-la-seca\/\",\"name\":\"Advierten que pueden faltar semillas para la recomposici\u00f3n forrajera despu\u00e9s de la seca\",\"isPartOf\":{\"@id\":\"https:\/\/www.todoalfalfa.com.ar\/noticias\/#website\"},\"primaryImageOfPage\":{\"@id\":\"https:\/\/www.todoalfalfa.com.ar\/noticias\/advierten-que-pueden-faltar-semillas-para-la-recomposicion-forrajera-despues-de-la-seca\/#primaryimage\"},\"image\":{\"@id\":\"https:\/\/www.todoalfalfa.com.ar\/noticias\/advierten-que-pueden-faltar-semillas-para-la-recomposicion-forrajera-despues-de-la-seca\/#primaryimage\"},\"thumbnailUrl\":\"https:\/\/i0.wp.com\/www.todoalfalfa.com.ar\/noticias\/wp-content\/uploads\/2023\/01\/alfalfa-flor.jpg?fit=1024%2C576&ssl=1\",\"datePublished\":\"2023-01-23T18:47:38+00:00\",\"dateModified\":\"2023-01-23T18:47:41+00:00\",\"breadcrumb\":{\"@id\":\"https:\/\/www.todoalfalfa.com.ar\/noticias\/advierten-que-pueden-faltar-semillas-para-la-recomposicion-forrajera-despues-de-la-seca\/#breadcrumb\"},\"inLanguage\":\"es\",\"potentialAction\":[{\"@type\":\"ReadAction\",\"target\":[\"https:\/\/www.todoalfalfa.com.ar\/noticias\/advierten-que-pueden-faltar-semillas-para-la-recomposicion-forrajera-despues-de-la-seca\/\"]}]},{\"@type\":\"ImageObject\",\"inLanguage\":\"es\",\"@id\":\"https:\/\/www.todoalfalfa.com.ar\/noticias\/advierten-que-pueden-faltar-semillas-para-la-recomposicion-forrajera-despues-de-la-seca\/#primaryimage\",\"url\":\"https:\/\/i0.wp.com\/www.todoalfalfa.com.ar\/noticias\/wp-content\/uploads\/2023\/01\/alfalfa-flor.jpg?fit=1024%2C576&ssl=1\",\"contentUrl\":\"https:\/\/i0.wp.com\/www.todoalfalfa.com.ar\/noticias\/wp-content\/uploads\/2023\/01\/alfalfa-flor.jpg?fit=1024%2C576&ssl=1\",\"width\":1024,\"height\":576},{\"@type\":\"BreadcrumbList\",\"@id\":\"https:\/\/www.todoalfalfa.com.ar\/noticias\/advierten-que-pueden-faltar-semillas-para-la-recomposicion-forrajera-despues-de-la-seca\/#breadcrumb\",\"itemListElement\":[{\"@type\":\"ListItem\",\"position\":1,\"name\":\"Principal\",\"item\":\"https:\/\/www.todoalfalfa.com.ar\/noticias\/\"},{\"@type\":\"ListItem\",\"position\":2,\"name\":\"Advierten que pueden faltar semillas para la recomposici\u00f3n forrajera despu\u00e9s de la seca\"}]},{\"@type\":\"WebSite\",\"@id\":\"https:\/\/www.todoalfalfa.com.ar\/noticias\/#website\",\"url\":\"https:\/\/www.todoalfalfa.com.ar\/noticias\/\",\"name\":\"Todo Alfalfa\",\"description\":\"Web informativa de la cadena de la alfalfa argentina\",\"publisher\":{\"@id\":\"https:\/\/www.todoalfalfa.com.ar\/noticias\/#organization\"},\"potentialAction\":[{\"@type\":\"SearchAction\",\"target\":{\"@type\":\"EntryPoint\",\"urlTemplate\":\"https:\/\/www.todoalfalfa.com.ar\/noticias\/?s={search_term_string}\"},\"query-input\":{\"@type\":\"PropertyValueSpecification\",\"valueRequired\":true,\"valueName\":\"search_term_string\"}}],\"inLanguage\":\"es\"},{\"@type\":\"Organization\",\"@id\":\"https:\/\/www.todoalfalfa.com.ar\/noticias\/#organization\",\"name\":\"Todo Alfalfa\",\"url\":\"https:\/\/www.todoalfalfa.com.ar\/noticias\/\",\"logo\":{\"@type\":\"ImageObject\",\"inLanguage\":\"es\",\"@id\":\"https:\/\/www.todoalfalfa.com.ar\/noticias\/#\/schema\/logo\/image\/\",\"url\":\"https:\/\/www.todoalfalfa.com.ar\/noticias\/wp-content\/uploads\/2020\/09\/logo-todo-alfalfa-modificado.png\",\"contentUrl\":\"https:\/\/www.todoalfalfa.com.ar\/noticias\/wp-content\/uploads\/2020\/09\/logo-todo-alfalfa-modificado.png\",\"width\":350,\"height\":100,\"caption\":\"Todo Alfalfa\"},\"image\":{\"@id\":\"https:\/\/www.todoalfalfa.com.ar\/noticias\/#\/schema\/logo\/image\/\"},\"sameAs\":[\"https:\/\/www.facebook.com\/todoalfalfa\",\"https:\/\/www.instagram.com\/todoalfalfa\",\"https:\/\/www.youtube.com\/@TodoAlfalfa\",\"https:\/\/www.linkedin.com\/company\/todoalfalfa\/\"]},{\"@type\":\"Person\",\"@id\":\"https:\/\/www.todoalfalfa.com.ar\/noticias\/#\/schema\/person\/50173dbc738dfd84176b3bee17b44d06\",\"name\":\"todoalfalfa\",\"image\":{\"@type\":\"ImageObject\",\"inLanguage\":\"es\",\"@id\":\"https:\/\/www.todoalfalfa.com.ar\/noticias\/#\/schema\/person\/image\/\",\"url\":\"https:\/\/secure.gravatar.com\/avatar\/3c85123827a21df67e7555ad70d585d79ae1ee2de81f4a3b923b33f2f01f3787?s=96&d=mm&r=g\",\"contentUrl\":\"https:\/\/secure.gravatar.com\/avatar\/3c85123827a21df67e7555ad70d585d79ae1ee2de81f4a3b923b33f2f01f3787?s=96&d=mm&r=g\",\"caption\":\"todoalfalfa\"},\"sameAs\":[\"http:\/\/www.todoalfalfa.com.ar\"],\"url\":\"https:\/\/www.todoalfalfa.com.ar\/noticias\/author\/carolinavazquez\/\"}]}<\/script>\n<!-- \/ Yoast SEO plugin. -->","yoast_head_json":{"title":"Advierten que pueden faltar semillas para la recomposici\u00f3n forrajera despu\u00e9s de la seca","robots":{"index":"index","follow":"follow","max-snippet":"max-snippet:-1","max-image-preview":"max-image-preview:large","max-video-preview":"max-video-preview:-1"},"canonical":"https:\/\/www.todoalfalfa.com.ar\/noticias\/advierten-que-pueden-faltar-semillas-para-la-recomposicion-forrajera-despues-de-la-seca\/","og_locale":"es_ES","og_type":"article","og_title":"Advierten que pueden faltar semillas para la recomposici\u00f3n forrajera despu\u00e9s de la seca","og_description":"La producci\u00f3n se vio afectada, la importaci\u00f3n est\u00e1 restringida y los stocks de la mayor\u00eda de las especies son muy ajustados.","og_url":"https:\/\/www.todoalfalfa.com.ar\/noticias\/advierten-que-pueden-faltar-semillas-para-la-recomposicion-forrajera-despues-de-la-seca\/","og_site_name":"Todo Alfalfa","article_publisher":"https:\/\/www.facebook.com\/todoalfalfa","article_published_time":"2023-01-23T18:47:38+00:00","article_modified_time":"2023-01-23T18:47:41+00:00","og_image":[{"width":1024,"height":576,"url":"https:\/\/www.todoalfalfa.com.ar\/noticias\/wp-content\/uploads\/2023\/01\/alfalfa-flor.jpg","type":"image\/jpeg"}],"author":"todoalfalfa","twitter_card":"summary_large_image","twitter_misc":{"Escrito por":"todoalfalfa","Tiempo de lectura":"3 minutos"},"schema":{"@context":"https:\/\/schema.org","@graph":[{"@type":"NewsArticle","@id":"https:\/\/www.todoalfalfa.com.ar\/noticias\/advierten-que-pueden-faltar-semillas-para-la-recomposicion-forrajera-despues-de-la-seca\/#article","isPartOf":{"@id":"https:\/\/www.todoalfalfa.com.ar\/noticias\/advierten-que-pueden-faltar-semillas-para-la-recomposicion-forrajera-despues-de-la-seca\/"},"author":{"name":"todoalfalfa","@id":"https:\/\/www.todoalfalfa.com.ar\/noticias\/#\/schema\/person\/50173dbc738dfd84176b3bee17b44d06"},"headline":"Advierten que pueden faltar semillas para la recomposici\u00f3n forrajera despu\u00e9s de la seca","datePublished":"2023-01-23T18:47:38+00:00","dateModified":"2023-01-23T18:47:41+00:00","mainEntityOfPage":{"@id":"https:\/\/www.todoalfalfa.com.ar\/noticias\/advierten-que-pueden-faltar-semillas-para-la-recomposicion-forrajera-despues-de-la-seca\/"},"wordCount":712,"publisher":{"@id":"https:\/\/www.todoalfalfa.com.ar\/noticias\/#organization"},"image":{"@id":"https:\/\/www.todoalfalfa.com.ar\/noticias\/advierten-que-pueden-faltar-semillas-para-la-recomposicion-forrajera-despues-de-la-seca\/#primaryimage"},"thumbnailUrl":"https:\/\/i0.wp.com\/www.todoalfalfa.com.ar\/noticias\/wp-content\/uploads\/2023\/01\/alfalfa-flor.jpg?fit=1024%2C576&ssl=1","keywords":["ajustes","falta de semillas","forrajeras","producci\u00f3n afectada","seca","semillas de alfalfa","stocks"],"articleSection":["Generales"],"inLanguage":"es"},{"@type":["WebPage","ItemPage"],"@id":"https:\/\/www.todoalfalfa.com.ar\/noticias\/advierten-que-pueden-faltar-semillas-para-la-recomposicion-forrajera-despues-de-la-seca\/","url":"https:\/\/www.todoalfalfa.com.ar\/noticias\/advierten-que-pueden-faltar-semillas-para-la-recomposicion-forrajera-despues-de-la-seca\/","name":"Advierten que pueden faltar semillas para la recomposici\u00f3n forrajera despu\u00e9s de la seca","isPartOf":{"@id":"https:\/\/www.todoalfalfa.com.ar\/noticias\/#website"},"primaryImageOfPage":{"@id":"https:\/\/www.todoalfalfa.com.ar\/noticias\/advierten-que-pueden-faltar-semillas-para-la-recomposicion-forrajera-despues-de-la-seca\/#primaryimage"},"image":{"@id":"https:\/\/www.todoalfalfa.com.ar\/noticias\/advierten-que-pueden-faltar-semillas-para-la-recomposicion-forrajera-despues-de-la-seca\/#primaryimage"},"thumbnailUrl":"https:\/\/i0.wp.com\/www.todoalfalfa.com.ar\/noticias\/wp-content\/uploads\/2023\/01\/alfalfa-flor.jpg?fit=1024%2C576&ssl=1","datePublished":"2023-01-23T18:47:38+00:00","dateModified":"2023-01-23T18:47:41+00:00","breadcrumb":{"@id":"https:\/\/www.todoalfalfa.com.ar\/noticias\/advierten-que-pueden-faltar-semillas-para-la-recomposicion-forrajera-despues-de-la-seca\/#breadcrumb"},"inLanguage":"es","potentialAction":[{"@type":"ReadAction","target":["https:\/\/www.todoalfalfa.com.ar\/noticias\/advierten-que-pueden-faltar-semillas-para-la-recomposicion-forrajera-despues-de-la-seca\/"]}]},{"@type":"ImageObject","inLanguage":"es","@id":"https:\/\/www.todoalfalfa.com.ar\/noticias\/advierten-que-pueden-faltar-semillas-para-la-recomposicion-forrajera-despues-de-la-seca\/#primaryimage","url":"https:\/\/i0.wp.com\/www.todoalfalfa.com.ar\/noticias\/wp-content\/uploads\/2023\/01\/alfalfa-flor.jpg?fit=1024%2C576&ssl=1","contentUrl":"https:\/\/i0.wp.com\/www.todoalfalfa.com.ar\/noticias\/wp-content\/uploads\/2023\/01\/alfalfa-flor.jpg?fit=1024%2C576&ssl=1","width":1024,"height":576},{"@type":"BreadcrumbList","@id":"https:\/\/www.todoalfalfa.com.ar\/noticias\/advierten-que-pueden-faltar-semillas-para-la-recomposicion-forrajera-despues-de-la-seca\/#breadcrumb","itemListElement":[{"@type":"ListItem","position":1,"name":"Principal","item":"https:\/\/www.todoalfalfa.com.ar\/noticias\/"},{"@type":"ListItem","position":2,"name":"Advierten que pueden faltar semillas para la recomposici\u00f3n forrajera despu\u00e9s de la seca"}]},{"@type":"WebSite","@id":"https:\/\/www.todoalfalfa.com.ar\/noticias\/#website","url":"https:\/\/www.todoalfalfa.com.ar\/noticias\/","name":"Todo Alfalfa","description":"Web informativa de la cadena de la alfalfa argentina","publisher":{"@id":"https:\/\/www.todoalfalfa.com.ar\/noticias\/#organization"},"potentialAction":[{"@type":"SearchAction","target":{"@type":"EntryPoint","urlTemplate":"https:\/\/www.todoalfalfa.com.ar\/noticias\/?s={search_term_string}"},"query-input":{"@type":"PropertyValueSpecification","valueRequired":true,"valueName":"search_term_string"}}],"inLanguage":"es"},{"@type":"Organization","@id":"https:\/\/www.todoalfalfa.com.ar\/noticias\/#organization","name":"Todo Alfalfa","url":"https:\/\/www.todoalfalfa.com.ar\/noticias\/","logo":{"@type":"ImageObject","inLanguage":"es","@id":"https:\/\/www.todoalfalfa.com.ar\/noticias\/#\/schema\/logo\/image\/","url":"https:\/\/www.todoalfalfa.com.ar\/noticias\/wp-content\/uploads\/2020\/09\/logo-todo-alfalfa-modificado.png","contentUrl":"https:\/\/www.todoalfalfa.com.ar\/noticias\/wp-content\/uploads\/2020\/09\/logo-todo-alfalfa-modificado.png","width":350,"height":100,"caption":"Todo Alfalfa"},"image":{"@id":"https:\/\/www.todoalfalfa.com.ar\/noticias\/#\/schema\/logo\/image\/"},"sameAs":["https:\/\/www.facebook.com\/todoalfalfa","https:\/\/www.instagram.com\/todoalfalfa","https:\/\/www.youtube.com\/@TodoAlfalfa","https:\/\/www.linkedin.com\/company\/todoalfalfa\/"]},{"@type":"Person","@id":"https:\/\/www.todoalfalfa.com.ar\/noticias\/#\/schema\/person\/50173dbc738dfd84176b3bee17b44d06","name":"todoalfalfa","image":{"@type":"ImageObject","inLanguage":"es","@id":"https:\/\/www.todoalfalfa.com.ar\/noticias\/#\/schema\/person\/image\/","url":"https:\/\/secure.gravatar.com\/avatar\/3c85123827a21df67e7555ad70d585d79ae1ee2de81f4a3b923b33f2f01f3787?s=96&d=mm&r=g","contentUrl":"https:\/\/secure.gravatar.com\/avatar\/3c85123827a21df67e7555ad70d585d79ae1ee2de81f4a3b923b33f2f01f3787?s=96&d=mm&r=g","caption":"todoalfalfa"},"sameAs":["http:\/\/www.todoalfalfa.com.ar"],"url":"https:\/\/www.todoalfalfa.com.ar\/noticias\/author\/carolinavazquez\/"}]}},"jetpack_featured_media_url":"https:\/\/i0.wp.com\/www.todoalfalfa.com.ar\/noticias\/wp-content\/uploads\/2023\/01\/alfalfa-flor.jpg?fit=1024%2C576&ssl=1","wps_subtitle":"","jetpack_sharing_enabled":true,"_links":{"self":[{"href":"https:\/\/www.todoalfalfa.com.ar\/noticias\/wp-json\/wp\/v2\/posts\/45203","targetHints":{"allow":["GET"]}}],"collection":[{"href":"https:\/\/www.todoalfalfa.com.ar\/noticias\/wp-json\/wp\/v2\/posts"}],"about":[{"href":"https:\/\/www.todoalfalfa.com.ar\/noticias\/wp-json\/wp\/v2\/types\/post"}],"author":[{"embeddable":true,"href":"https:\/\/www.todoalfalfa.com.ar\/noticias\/wp-json\/wp\/v2\/users\/7"}],"replies":[{"embeddable":true,"href":"https:\/\/www.todoalfalfa.com.ar\/noticias\/wp-json\/wp\/v2\/comments?post=45203"}],"version-history":[{"count":0,"href":"https:\/\/www.todoalfalfa.com.ar\/noticias\/wp-json\/wp\/v2\/posts\/45203\/revisions"}],"wp:featuredmedia":[{"embeddable":true,"href":"https:\/\/www.todoalfalfa.com.ar\/noticias\/wp-json\/wp\/v2\/media\/45204"}],"wp:attachment":[{"href":"https:\/\/www.todoalfalfa.com.ar\/noticias\/wp-json\/wp\/v2\/media?parent=45203"}],"wp:term":[{"taxonomy":"category","embeddable":true,"href":"https:\/\/www.todoalfalfa.com.ar\/noticias\/wp-json\/wp\/v2\/categories?post=45203"},{"taxonomy":"post_tag","embeddable":true,"href":"https:\/\/www.todoalfalfa.com.ar\/noticias\/wp-json\/wp\/v2\/tags?post=45203"}],"curies":[{"name":"wp","href":"https:\/\/api.w.org\/{rel}","templated":true}]}}