{"id":45217,"date":"2023-01-25T16:20:35","date_gmt":"2023-01-25T19:20:35","guid":{"rendered":"https:\/\/www.todoalfalfa.com.ar\/?p=45217"},"modified":"2023-02-01T15:54:45","modified_gmt":"2023-02-01T18:54:45","slug":"desde-santiago-del-estero-se-exporta-alfalfa-al-mundo","status":"publish","type":"post","link":"https:\/\/www.todoalfalfa.com.ar\/noticias\/desde-santiago-del-estero-se-exporta-alfalfa-al-mundo\/","title":{"rendered":"Desde Santiago del Estero se exporta alfalfa al mundo"},"content":{"rendered":"\n<p>La empresa Mega Alfalfa Argentina naci\u00f3 en 2018 con el objetivo de exportar al mundo. Cuatro a\u00f1os despu\u00e9s env\u00eda afuera el 95% de la producci\u00f3n de las 3500 hect\u00e1reas que tiene bajo su control y la aspiraci\u00f3n es seguir creciendo para alcanzar una participaci\u00f3n del 15% en el mercado internacional. El camino a recorrer es largo porque hoy la Argentina interviene con el uno por ciento en un sector dominado por Estados Unidos, Canad\u00e1, Espa\u00f1a y Australia, que aportan el 85% de las exportaciones totales.<\/p>\n\n\n\n<p>La firma es parte del grupo Dagma de capitales argentinos que tiene una amplia diversificaci\u00f3n en rubros como la industria de entretenimiento, tecnolog\u00eda, energ\u00eda, \ufb01nanzas, agroindustria y alimentos. Tiene m\u00e1s de 5 mil empleados y tiene oficinas en Argentina desde donde exporta a Estados Unidos y China.<\/p>\n\n\n\n<p>Recibi\u00f3 el Premio ICBC Comercio Exterior, certamen que tiene como prop\u00f3sito reconocer el nivel de excelencia, originalidad, innovaci\u00f3n y contribuci\u00f3n a la sociedad en sus operaciones comerciales internacionales.<\/p>\n\n\n\n<p>Fernando Massalin, CEO de la empresa, cuenta a LA NACION que por la demanda creciente de prote\u00ednas de origen animal en el mundo -que coincide con una menor disponibilidad de tierras agr\u00edcolas y de agua- la compra de alfafa viene aumentando desde 2016. Detectado ese nicho, la decisi\u00f3n fue aprovecharlo. Describe que en Europa, Estados Unidos, Canad\u00e1 y Australia hay menos tierras para agro por el crecimiento demogr\u00e1fico y, a la vez, menos agua.<\/p>\n\n\n\n<p>\u201cEl potencial argentino en alfalfa es enorme; est\u00e1 en el top tres mundial, con cuatro millones de hect\u00e1reas cultivadas -agrega-, pero tambi\u00e9n, por ser ganaderos, el consumo es alto porque se mezcla con las pasturas. Est\u00e1n las condiciones dadas para producir m\u00e1s y hay demanda creciente e insatisfecha\u201d.<\/p>\n\n\n\n<p>En una combinaci\u00f3n de campos alquilados, con asociados y con compras a proveedores habituales, la empresa controla 3.500 hect\u00e1reas en Santiago del Estero, en la zona entre Fern\u00e1ndez y Forres que es, por excelencia, la productora. Cuenta con riegos del r\u00edo Dulce por manto o por inundaci\u00f3n. Desde la estaci\u00f3n de trenes de Forres salen las cargas a los puertos de Buenos Aires, Rosario y Z\u00e1rate.<\/p>\n\n\n\n<p>Aunque en todo el pa\u00eds se hace alfalfa, Santiago del Estero es considerada \u201cla capital nacional\u201d de la producci\u00f3n por su clima, el manejo sustentable del riego y las condiciones espec\u00edficas del suelo.<\/p>\n\n\n\n<p>Los fardos que se hacen en la planta -en la que se invirtieron unos US$20 millones- no son los tradicionales, ya que cuenta con tecnolog\u00eda de \u00faltima generaci\u00f3n; una compactadora canadiense (\u201cla mayor del mundo\u201d) y una deshidratadora de Espa\u00f1a. Por primera vez ambas m\u00e1quinas est\u00e1n \u201cunidas en una sola l\u00ednea de producci\u00f3n\u201d, indica el ejecutivo.<\/p>\n\n\n\n<p>Esa combinaci\u00f3n permite deshidratar la alfalfa -para exportar la humedad no puede superar el 12% sino no resiste los 50 o 60 d\u00edas de contenedores en barcos- y, adem\u00e1s, en un fardo se compactan lo que ser\u00edan dos de los tradicionales. Por contenedor van 60 megafardos de unos 450 kilos; despu\u00e9s de la doble compactaci\u00f3n, el producto es envasado en una funda de polipropileno.<\/p>\n\n\n\n<p>\u201cLogramos alta calidad y eficiencia; lo que nos permite ser competitivos a nivel internacional -a\u00f1ade Massalin-. La log\u00edstica es muy cara, por nuestra ubicaci\u00f3n estamos afuera del circuito mundial. En la Argentina se es muy competitivo tranquera hacia adentro, pero hacia afuera hay problemas\u201d.<\/p>\n\n\n\n<p>El principal destino de las exportaciones es Medio Oriente (Emiratos \u00c1rabes, Om\u00e1n, Arabia Saudita, Qatar, Jordania) y cinco puertos de China (Mega Alfalfa es una de las dos empresas argentinas autorizadas para exportar a ese pa\u00eds).<\/p>\n\n\n\n<p>La planta est\u00e1 dise\u00f1ada para exportar todo lo que produce; el 95% va afuera. Lo que queda es porque no re\u00fane las condiciones exigidas. En las instalaciones trabajan 100 personas. Para alcanzar una participaci\u00f3n del 15% en las exportaciones mundiales, se requiere extender la superficie de cultivo a 100.000 hect\u00e1reas.<\/p>\n\n\n\n<p><em>Por: Gabriela Origlia<\/em><\/p>\n<div class=\"todoalfalfa-final-de-la-nota\" id=\"todoalfalfa-41657394\"><a href=\"https:\/\/www.whatsapp.com\/channel\/0029VbCBmFB9WtBxJsD3eC2i\" target=\"_blank\" aria-label=\"5\"><img src=\"https:\/\/i0.wp.com\/www.todoalfalfa.com.ar\/noticias\/wp-content\/uploads\/2026\/04\/5.gif?fit=728%2C90&#038;ssl=1\" alt=\"\"  width=\"728\" height=\"90\"   \/><\/a><\/div>","protected":false},"excerpt":{"rendered":"<p>La empresa cuenta con 3500 hect\u00e1reas de producci\u00f3n y una planta en la que invirti\u00f3 US$20 millones para deshidratar y compactar los fardos<\/p>\n","protected":false},"author":7,"featured_media":45218,"comment_status":"closed","ping_status":"open","sticky":false,"template":"","format":"standard","meta":{"jetpack_post_was_ever_published":false,"_jetpack_newsletter_access":"","_jetpack_dont_email_post_to_subs":false,"_jetpack_newsletter_tier_id":0,"_jetpack_memberships_contains_paywalled_content":false,"_jetpack_memberships_contains_paid_content":false,"footnotes":""},"categories":[2],"tags":[31,1432,236,1428,320],"class_list":["post-45217","post","type-post","status-publish","format-standard","has-post-thumbnail","hentry","category-generales","tag-alfalfa","tag-dagma","tag-exportacion","tag-mega-alfalfa","tag-santiago-del-estero"],"yoast_head":"<!-- This site is optimized with the Yoast SEO plugin v25.5 - https:\/\/yoast.com\/wordpress\/plugins\/seo\/ -->\n<title>Desde Santiago del Estero se exporta alfalfa al mundo<\/title>\n<meta name=\"robots\" content=\"index, follow, max-snippet:-1, max-image-preview:large, max-video-preview:-1\" \/>\n<link rel=\"canonical\" href=\"https:\/\/www.todoalfalfa.com.ar\/noticias\/desde-santiago-del-estero-se-exporta-alfalfa-al-mundo\/\" \/>\n<meta property=\"og:locale\" content=\"es_ES\" \/>\n<meta property=\"og:type\" content=\"article\" \/>\n<meta property=\"og:title\" content=\"Desde Santiago del Estero se exporta alfalfa al mundo\" \/>\n<meta property=\"og:description\" content=\"La empresa cuenta con 3500 hect\u00e1reas de producci\u00f3n y una planta en la que invirti\u00f3 US$20 millones para deshidratar y compactar los fardos\" \/>\n<meta property=\"og:url\" content=\"https:\/\/www.todoalfalfa.com.ar\/noticias\/desde-santiago-del-estero-se-exporta-alfalfa-al-mundo\/\" \/>\n<meta property=\"og:site_name\" content=\"Todo Alfalfa\" \/>\n<meta property=\"article:publisher\" content=\"https:\/\/www.facebook.com\/todoalfalfa\" \/>\n<meta property=\"article:published_time\" content=\"2023-01-25T19:20:35+00:00\" \/>\n<meta property=\"article:modified_time\" content=\"2023-02-01T18:54:45+00:00\" \/>\n<meta property=\"og:image\" content=\"https:\/\/www.todoalfalfa.com.ar\/noticias\/wp-content\/uploads\/2023\/01\/WhatsApp-Image-2023-01-25-at-10.33.25.jpeg\" \/>\n\t<meta property=\"og:image:width\" content=\"1024\" \/>\n\t<meta property=\"og:image:height\" content=\"576\" \/>\n\t<meta property=\"og:image:type\" content=\"image\/jpeg\" \/>\n<meta name=\"author\" content=\"todoalfalfa\" \/>\n<meta name=\"twitter:card\" content=\"summary_large_image\" \/>\n<meta name=\"twitter:label1\" content=\"Escrito por\" \/>\n\t<meta name=\"twitter:data1\" content=\"todoalfalfa\" \/>\n\t<meta name=\"twitter:label2\" content=\"Tiempo de lectura\" \/>\n\t<meta name=\"twitter:data2\" content=\"3 minutos\" \/>\n<script type=\"application\/ld+json\" class=\"yoast-schema-graph\">{\"@context\":\"https:\/\/schema.org\",\"@graph\":[{\"@type\":\"NewsArticle\",\"@id\":\"https:\/\/www.todoalfalfa.com.ar\/noticias\/desde-santiago-del-estero-se-exporta-alfalfa-al-mundo\/#article\",\"isPartOf\":{\"@id\":\"https:\/\/www.todoalfalfa.com.ar\/noticias\/desde-santiago-del-estero-se-exporta-alfalfa-al-mundo\/\"},\"author\":{\"name\":\"todoalfalfa\",\"@id\":\"https:\/\/www.todoalfalfa.com.ar\/noticias\/#\/schema\/person\/50173dbc738dfd84176b3bee17b44d06\"},\"headline\":\"Desde Santiago del Estero se exporta alfalfa al mundo\",\"datePublished\":\"2023-01-25T19:20:35+00:00\",\"dateModified\":\"2023-02-01T18:54:45+00:00\",\"mainEntityOfPage\":{\"@id\":\"https:\/\/www.todoalfalfa.com.ar\/noticias\/desde-santiago-del-estero-se-exporta-alfalfa-al-mundo\/\"},\"wordCount\":681,\"publisher\":{\"@id\":\"https:\/\/www.todoalfalfa.com.ar\/noticias\/#organization\"},\"image\":{\"@id\":\"https:\/\/www.todoalfalfa.com.ar\/noticias\/desde-santiago-del-estero-se-exporta-alfalfa-al-mundo\/#primaryimage\"},\"thumbnailUrl\":\"https:\/\/i0.wp.com\/www.todoalfalfa.com.ar\/noticias\/wp-content\/uploads\/2023\/01\/WhatsApp-Image-2023-01-25-at-10.33.25.jpeg?fit=1024%2C576&ssl=1\",\"keywords\":[\"alfalfa\",\"Dagma\",\"exportaci\u00f3n\",\"Mega Alfalfa\",\"Santiago del Estero\"],\"articleSection\":[\"Generales\"],\"inLanguage\":\"es\"},{\"@type\":[\"WebPage\",\"ItemPage\"],\"@id\":\"https:\/\/www.todoalfalfa.com.ar\/noticias\/desde-santiago-del-estero-se-exporta-alfalfa-al-mundo\/\",\"url\":\"https:\/\/www.todoalfalfa.com.ar\/noticias\/desde-santiago-del-estero-se-exporta-alfalfa-al-mundo\/\",\"name\":\"Desde Santiago del Estero se exporta alfalfa al mundo\",\"isPartOf\":{\"@id\":\"https:\/\/www.todoalfalfa.com.ar\/noticias\/#website\"},\"primaryImageOfPage\":{\"@id\":\"https:\/\/www.todoalfalfa.com.ar\/noticias\/desde-santiago-del-estero-se-exporta-alfalfa-al-mundo\/#primaryimage\"},\"image\":{\"@id\":\"https:\/\/www.todoalfalfa.com.ar\/noticias\/desde-santiago-del-estero-se-exporta-alfalfa-al-mundo\/#primaryimage\"},\"thumbnailUrl\":\"https:\/\/i0.wp.com\/www.todoalfalfa.com.ar\/noticias\/wp-content\/uploads\/2023\/01\/WhatsApp-Image-2023-01-25-at-10.33.25.jpeg?fit=1024%2C576&ssl=1\",\"datePublished\":\"2023-01-25T19:20:35+00:00\",\"dateModified\":\"2023-02-01T18:54:45+00:00\",\"breadcrumb\":{\"@id\":\"https:\/\/www.todoalfalfa.com.ar\/noticias\/desde-santiago-del-estero-se-exporta-alfalfa-al-mundo\/#breadcrumb\"},\"inLanguage\":\"es\",\"potentialAction\":[{\"@type\":\"ReadAction\",\"target\":[\"https:\/\/www.todoalfalfa.com.ar\/noticias\/desde-santiago-del-estero-se-exporta-alfalfa-al-mundo\/\"]}]},{\"@type\":\"ImageObject\",\"inLanguage\":\"es\",\"@id\":\"https:\/\/www.todoalfalfa.com.ar\/noticias\/desde-santiago-del-estero-se-exporta-alfalfa-al-mundo\/#primaryimage\",\"url\":\"https:\/\/i0.wp.com\/www.todoalfalfa.com.ar\/noticias\/wp-content\/uploads\/2023\/01\/WhatsApp-Image-2023-01-25-at-10.33.25.jpeg?fit=1024%2C576&ssl=1\",\"contentUrl\":\"https:\/\/i0.wp.com\/www.todoalfalfa.com.ar\/noticias\/wp-content\/uploads\/2023\/01\/WhatsApp-Image-2023-01-25-at-10.33.25.jpeg?fit=1024%2C576&ssl=1\",\"width\":1024,\"height\":576},{\"@type\":\"BreadcrumbList\",\"@id\":\"https:\/\/www.todoalfalfa.com.ar\/noticias\/desde-santiago-del-estero-se-exporta-alfalfa-al-mundo\/#breadcrumb\",\"itemListElement\":[{\"@type\":\"ListItem\",\"position\":1,\"name\":\"Principal\",\"item\":\"https:\/\/www.todoalfalfa.com.ar\/noticias\/\"},{\"@type\":\"ListItem\",\"position\":2,\"name\":\"Desde Santiago del Estero se exporta alfalfa al mundo\"}]},{\"@type\":\"WebSite\",\"@id\":\"https:\/\/www.todoalfalfa.com.ar\/noticias\/#website\",\"url\":\"https:\/\/www.todoalfalfa.com.ar\/noticias\/\",\"name\":\"Todo Alfalfa\",\"description\":\"Web informativa de la cadena de la alfalfa argentina\",\"publisher\":{\"@id\":\"https:\/\/www.todoalfalfa.com.ar\/noticias\/#organization\"},\"potentialAction\":[{\"@type\":\"SearchAction\",\"target\":{\"@type\":\"EntryPoint\",\"urlTemplate\":\"https:\/\/www.todoalfalfa.com.ar\/noticias\/?s={search_term_string}\"},\"query-input\":{\"@type\":\"PropertyValueSpecification\",\"valueRequired\":true,\"valueName\":\"search_term_string\"}}],\"inLanguage\":\"es\"},{\"@type\":\"Organization\",\"@id\":\"https:\/\/www.todoalfalfa.com.ar\/noticias\/#organization\",\"name\":\"Todo Alfalfa\",\"url\":\"https:\/\/www.todoalfalfa.com.ar\/noticias\/\",\"logo\":{\"@type\":\"ImageObject\",\"inLanguage\":\"es\",\"@id\":\"https:\/\/www.todoalfalfa.com.ar\/noticias\/#\/schema\/logo\/image\/\",\"url\":\"https:\/\/www.todoalfalfa.com.ar\/noticias\/wp-content\/uploads\/2020\/09\/logo-todo-alfalfa-modificado.png\",\"contentUrl\":\"https:\/\/www.todoalfalfa.com.ar\/noticias\/wp-content\/uploads\/2020\/09\/logo-todo-alfalfa-modificado.png\",\"width\":350,\"height\":100,\"caption\":\"Todo Alfalfa\"},\"image\":{\"@id\":\"https:\/\/www.todoalfalfa.com.ar\/noticias\/#\/schema\/logo\/image\/\"},\"sameAs\":[\"https:\/\/www.facebook.com\/todoalfalfa\",\"https:\/\/www.instagram.com\/todoalfalfa\",\"https:\/\/www.youtube.com\/@TodoAlfalfa\",\"https:\/\/www.linkedin.com\/company\/todoalfalfa\/\"]},{\"@type\":\"Person\",\"@id\":\"https:\/\/www.todoalfalfa.com.ar\/noticias\/#\/schema\/person\/50173dbc738dfd84176b3bee17b44d06\",\"name\":\"todoalfalfa\",\"image\":{\"@type\":\"ImageObject\",\"inLanguage\":\"es\",\"@id\":\"https:\/\/www.todoalfalfa.com.ar\/noticias\/#\/schema\/person\/image\/\",\"url\":\"https:\/\/secure.gravatar.com\/avatar\/3c85123827a21df67e7555ad70d585d79ae1ee2de81f4a3b923b33f2f01f3787?s=96&d=mm&r=g\",\"contentUrl\":\"https:\/\/secure.gravatar.com\/avatar\/3c85123827a21df67e7555ad70d585d79ae1ee2de81f4a3b923b33f2f01f3787?s=96&d=mm&r=g\",\"caption\":\"todoalfalfa\"},\"sameAs\":[\"http:\/\/www.todoalfalfa.com.ar\"],\"url\":\"https:\/\/www.todoalfalfa.com.ar\/noticias\/author\/carolinavazquez\/\"}]}<\/script>\n<!-- \/ Yoast SEO plugin. -->","yoast_head_json":{"title":"Desde Santiago del Estero se exporta alfalfa al mundo","robots":{"index":"index","follow":"follow","max-snippet":"max-snippet:-1","max-image-preview":"max-image-preview:large","max-video-preview":"max-video-preview:-1"},"canonical":"https:\/\/www.todoalfalfa.com.ar\/noticias\/desde-santiago-del-estero-se-exporta-alfalfa-al-mundo\/","og_locale":"es_ES","og_type":"article","og_title":"Desde Santiago del Estero se exporta alfalfa al mundo","og_description":"La empresa cuenta con 3500 hect\u00e1reas de producci\u00f3n y una planta en la que invirti\u00f3 US$20 millones para deshidratar y compactar los fardos","og_url":"https:\/\/www.todoalfalfa.com.ar\/noticias\/desde-santiago-del-estero-se-exporta-alfalfa-al-mundo\/","og_site_name":"Todo Alfalfa","article_publisher":"https:\/\/www.facebook.com\/todoalfalfa","article_published_time":"2023-01-25T19:20:35+00:00","article_modified_time":"2023-02-01T18:54:45+00:00","og_image":[{"width":1024,"height":576,"url":"https:\/\/www.todoalfalfa.com.ar\/noticias\/wp-content\/uploads\/2023\/01\/WhatsApp-Image-2023-01-25-at-10.33.25.jpeg","type":"image\/jpeg"}],"author":"todoalfalfa","twitter_card":"summary_large_image","twitter_misc":{"Escrito por":"todoalfalfa","Tiempo de lectura":"3 minutos"},"schema":{"@context":"https:\/\/schema.org","@graph":[{"@type":"NewsArticle","@id":"https:\/\/www.todoalfalfa.com.ar\/noticias\/desde-santiago-del-estero-se-exporta-alfalfa-al-mundo\/#article","isPartOf":{"@id":"https:\/\/www.todoalfalfa.com.ar\/noticias\/desde-santiago-del-estero-se-exporta-alfalfa-al-mundo\/"},"author":{"name":"todoalfalfa","@id":"https:\/\/www.todoalfalfa.com.ar\/noticias\/#\/schema\/person\/50173dbc738dfd84176b3bee17b44d06"},"headline":"Desde Santiago del Estero se exporta alfalfa al mundo","datePublished":"2023-01-25T19:20:35+00:00","dateModified":"2023-02-01T18:54:45+00:00","mainEntityOfPage":{"@id":"https:\/\/www.todoalfalfa.com.ar\/noticias\/desde-santiago-del-estero-se-exporta-alfalfa-al-mundo\/"},"wordCount":681,"publisher":{"@id":"https:\/\/www.todoalfalfa.com.ar\/noticias\/#organization"},"image":{"@id":"https:\/\/www.todoalfalfa.com.ar\/noticias\/desde-santiago-del-estero-se-exporta-alfalfa-al-mundo\/#primaryimage"},"thumbnailUrl":"https:\/\/i0.wp.com\/www.todoalfalfa.com.ar\/noticias\/wp-content\/uploads\/2023\/01\/WhatsApp-Image-2023-01-25-at-10.33.25.jpeg?fit=1024%2C576&ssl=1","keywords":["alfalfa","Dagma","exportaci\u00f3n","Mega Alfalfa","Santiago del Estero"],"articleSection":["Generales"],"inLanguage":"es"},{"@type":["WebPage","ItemPage"],"@id":"https:\/\/www.todoalfalfa.com.ar\/noticias\/desde-santiago-del-estero-se-exporta-alfalfa-al-mundo\/","url":"https:\/\/www.todoalfalfa.com.ar\/noticias\/desde-santiago-del-estero-se-exporta-alfalfa-al-mundo\/","name":"Desde Santiago del Estero se exporta alfalfa al mundo","isPartOf":{"@id":"https:\/\/www.todoalfalfa.com.ar\/noticias\/#website"},"primaryImageOfPage":{"@id":"https:\/\/www.todoalfalfa.com.ar\/noticias\/desde-santiago-del-estero-se-exporta-alfalfa-al-mundo\/#primaryimage"},"image":{"@id":"https:\/\/www.todoalfalfa.com.ar\/noticias\/desde-santiago-del-estero-se-exporta-alfalfa-al-mundo\/#primaryimage"},"thumbnailUrl":"https:\/\/i0.wp.com\/www.todoalfalfa.com.ar\/noticias\/wp-content\/uploads\/2023\/01\/WhatsApp-Image-2023-01-25-at-10.33.25.jpeg?fit=1024%2C576&ssl=1","datePublished":"2023-01-25T19:20:35+00:00","dateModified":"2023-02-01T18:54:45+00:00","breadcrumb":{"@id":"https:\/\/www.todoalfalfa.com.ar\/noticias\/desde-santiago-del-estero-se-exporta-alfalfa-al-mundo\/#breadcrumb"},"inLanguage":"es","potentialAction":[{"@type":"ReadAction","target":["https:\/\/www.todoalfalfa.com.ar\/noticias\/desde-santiago-del-estero-se-exporta-alfalfa-al-mundo\/"]}]},{"@type":"ImageObject","inLanguage":"es","@id":"https:\/\/www.todoalfalfa.com.ar\/noticias\/desde-santiago-del-estero-se-exporta-alfalfa-al-mundo\/#primaryimage","url":"https:\/\/i0.wp.com\/www.todoalfalfa.com.ar\/noticias\/wp-content\/uploads\/2023\/01\/WhatsApp-Image-2023-01-25-at-10.33.25.jpeg?fit=1024%2C576&ssl=1","contentUrl":"https:\/\/i0.wp.com\/www.todoalfalfa.com.ar\/noticias\/wp-content\/uploads\/2023\/01\/WhatsApp-Image-2023-01-25-at-10.33.25.jpeg?fit=1024%2C576&ssl=1","width":1024,"height":576},{"@type":"BreadcrumbList","@id":"https:\/\/www.todoalfalfa.com.ar\/noticias\/desde-santiago-del-estero-se-exporta-alfalfa-al-mundo\/#breadcrumb","itemListElement":[{"@type":"ListItem","position":1,"name":"Principal","item":"https:\/\/www.todoalfalfa.com.ar\/noticias\/"},{"@type":"ListItem","position":2,"name":"Desde Santiago del Estero se exporta alfalfa al mundo"}]},{"@type":"WebSite","@id":"https:\/\/www.todoalfalfa.com.ar\/noticias\/#website","url":"https:\/\/www.todoalfalfa.com.ar\/noticias\/","name":"Todo Alfalfa","description":"Web informativa de la cadena de la alfalfa argentina","publisher":{"@id":"https:\/\/www.todoalfalfa.com.ar\/noticias\/#organization"},"potentialAction":[{"@type":"SearchAction","target":{"@type":"EntryPoint","urlTemplate":"https:\/\/www.todoalfalfa.com.ar\/noticias\/?s={search_term_string}"},"query-input":{"@type":"PropertyValueSpecification","valueRequired":true,"valueName":"search_term_string"}}],"inLanguage":"es"},{"@type":"Organization","@id":"https:\/\/www.todoalfalfa.com.ar\/noticias\/#organization","name":"Todo Alfalfa","url":"https:\/\/www.todoalfalfa.com.ar\/noticias\/","logo":{"@type":"ImageObject","inLanguage":"es","@id":"https:\/\/www.todoalfalfa.com.ar\/noticias\/#\/schema\/logo\/image\/","url":"https:\/\/www.todoalfalfa.com.ar\/noticias\/wp-content\/uploads\/2020\/09\/logo-todo-alfalfa-modificado.png","contentUrl":"https:\/\/www.todoalfalfa.com.ar\/noticias\/wp-content\/uploads\/2020\/09\/logo-todo-alfalfa-modificado.png","width":350,"height":100,"caption":"Todo Alfalfa"},"image":{"@id":"https:\/\/www.todoalfalfa.com.ar\/noticias\/#\/schema\/logo\/image\/"},"sameAs":["https:\/\/www.facebook.com\/todoalfalfa","https:\/\/www.instagram.com\/todoalfalfa","https:\/\/www.youtube.com\/@TodoAlfalfa","https:\/\/www.linkedin.com\/company\/todoalfalfa\/"]},{"@type":"Person","@id":"https:\/\/www.todoalfalfa.com.ar\/noticias\/#\/schema\/person\/50173dbc738dfd84176b3bee17b44d06","name":"todoalfalfa","image":{"@type":"ImageObject","inLanguage":"es","@id":"https:\/\/www.todoalfalfa.com.ar\/noticias\/#\/schema\/person\/image\/","url":"https:\/\/secure.gravatar.com\/avatar\/3c85123827a21df67e7555ad70d585d79ae1ee2de81f4a3b923b33f2f01f3787?s=96&d=mm&r=g","contentUrl":"https:\/\/secure.gravatar.com\/avatar\/3c85123827a21df67e7555ad70d585d79ae1ee2de81f4a3b923b33f2f01f3787?s=96&d=mm&r=g","caption":"todoalfalfa"},"sameAs":["http:\/\/www.todoalfalfa.com.ar"],"url":"https:\/\/www.todoalfalfa.com.ar\/noticias\/author\/carolinavazquez\/"}]}},"jetpack_featured_media_url":"https:\/\/i0.wp.com\/www.todoalfalfa.com.ar\/noticias\/wp-content\/uploads\/2023\/01\/WhatsApp-Image-2023-01-25-at-10.33.25.jpeg?fit=1024%2C576&ssl=1","wps_subtitle":"","jetpack_sharing_enabled":true,"_links":{"self":[{"href":"https:\/\/www.todoalfalfa.com.ar\/noticias\/wp-json\/wp\/v2\/posts\/45217","targetHints":{"allow":["GET"]}}],"collection":[{"href":"https:\/\/www.todoalfalfa.com.ar\/noticias\/wp-json\/wp\/v2\/posts"}],"about":[{"href":"https:\/\/www.todoalfalfa.com.ar\/noticias\/wp-json\/wp\/v2\/types\/post"}],"author":[{"embeddable":true,"href":"https:\/\/www.todoalfalfa.com.ar\/noticias\/wp-json\/wp\/v2\/users\/7"}],"replies":[{"embeddable":true,"href":"https:\/\/www.todoalfalfa.com.ar\/noticias\/wp-json\/wp\/v2\/comments?post=45217"}],"version-history":[{"count":0,"href":"https:\/\/www.todoalfalfa.com.ar\/noticias\/wp-json\/wp\/v2\/posts\/45217\/revisions"}],"wp:featuredmedia":[{"embeddable":true,"href":"https:\/\/www.todoalfalfa.com.ar\/noticias\/wp-json\/wp\/v2\/media\/45218"}],"wp:attachment":[{"href":"https:\/\/www.todoalfalfa.com.ar\/noticias\/wp-json\/wp\/v2\/media?parent=45217"}],"wp:term":[{"taxonomy":"category","embeddable":true,"href":"https:\/\/www.todoalfalfa.com.ar\/noticias\/wp-json\/wp\/v2\/categories?post=45217"},{"taxonomy":"post_tag","embeddable":true,"href":"https:\/\/www.todoalfalfa.com.ar\/noticias\/wp-json\/wp\/v2\/tags?post=45217"}],"curies":[{"name":"wp","href":"https:\/\/api.w.org\/{rel}","templated":true}]}}