{"id":45220,"date":"2023-01-25T16:26:42","date_gmt":"2023-01-25T19:26:42","guid":{"rendered":"https:\/\/www.todoalfalfa.com.ar\/?p=45220"},"modified":"2023-01-25T16:26:46","modified_gmt":"2023-01-25T19:26:46","slug":"el-7-de-oro-la-plaga-que-salto-del-maiz-a-la-alfalfa-y-es-letal-para-la-hacienda","status":"publish","type":"post","link":"https:\/\/www.todoalfalfa.com.ar\/noticias\/el-7-de-oro-la-plaga-que-salto-del-maiz-a-la-alfalfa-y-es-letal-para-la-hacienda\/","title":{"rendered":"El 7 de oro, la plaga que salt\u00f3 del ma\u00edz a la alfalfa y es letal para la hacienda"},"content":{"rendered":"\n<p>Uno de los impensados efectos colaterales de la sequ\u00eda es la mortandad de animales por ingesta del escarabajo conocido como 7 de oro, un insecto que suele colonizar lotes de ma\u00edz pero que por el retraso en la floraci\u00f3n se mud\u00f3 a lotes de alfalfa florecida y est\u00e1 generando mucha preocupaci\u00f3n entre productores ganaderos y criadores de caballos.<\/p>\n\n\n\n<p>El Servicio de Diagn\u00f3stico del INTA Balcarce emiti\u00f3 un alerta sanitario por mortandad de bovinos y equinos y describi\u00f3 los s\u00edntomas que muestran los animales al ingerir pasturas o henos infestados por 7 de oro (Astylus atromaculatus), entre los cuales est\u00e1 el shock y muerte, la ulceraci\u00f3n bucal, los c\u00f3licos, taquipnea y taquicardia, anorexia, sudoraci\u00f3n, heces blandas, disuria y palpitaci\u00f3n diafragm\u00e1tica sincr\u00f3nica.<\/p>\n\n\n\n<p>Seg\u00fan explican, el problema afecta principalmente a los caballos, pero tambi\u00e9n se est\u00e1 observando vacas adultas, novlllos y vaquillonas muertas en diversas zonas.<\/p>\n\n\n\n<p>\u201cPor la sequ\u00eda hay retraso en la floraci\u00f3n de las especies que suelen atacar los insectos, como el ma\u00edz, por eso buscan el polen en las pasturas de alfalfa florecida. Polinizan el ma\u00edz y el girasol, pero ante la falta o por proximidad van a la alfalfa y al cardo en flor. Adem\u00e1s probablemente la sequ\u00eda hizo que mucha flor aut\u00f3ctona o implantada no est\u00e9 presente y la alfalfa era lo \u00fanico y se concret\u00f3 el bicho en esos lotes\u201d, describen los agr\u00f3nomos.<\/p>\n\n\n\n<p>\u00abEn la ruta 34 est\u00e1n minadas las alfalfas, es impresionante c\u00f3mo se multiplican\u00bb, detalla un productor del oeste bonaerense.<\/p>\n\n\n\n<p>Las necropsias realizadas por veterinarios a vacas muertas en los \u00faltimos d\u00edas muestran una importante presencia de estos peque\u00f1os cascarudos negros y amarillos en el rumen. \u00abCantidad de insectos en 500 gr de contenido ruminal: 40 insectos enteros m\u00e1s muchos m\u00e1s en fragmentos. Eso da una idea de la densidad de estos cole\u00f3pteros en la pastura\u00bb, describe el profesional, y agrega: \u00abEl 7 de Oro es el responsable ya que tiene una toxina que destruye la mucosa del aparato digestivo\u00bb.<\/p>\n\n\n\n<p>En efecto, los informes t\u00e9cnicos indican que la toxicidad causada por los escarabajos secos var\u00eda seg\u00fan la concentraci\u00f3n de cantaridina en los escarabajos. \u00abCon tan s\u00f3lo 4-6 g de escarabajos secos el resultado puede ser fatal\u00bb, aseguran.<\/p>\n\n\n\n<p><strong>C\u00f3mo actuar<\/strong><\/p>\n\n\n\n<p>Ante casos sospechosos de muerte por intoxicaci\u00f3n, lo primero que recomiendan los profesionales es realizar an\u00e1lisis de los animales y observaci\u00f3n tanto de los lotes como del heno o los rollos, donde el insecto puede sobrevivir.<\/p>\n\n\n\n<p>El alimento sospechoso de estar infestado l\u00f3gicamente debe ser eliminado de la dieta de los animales. Una opci\u00f3n es cortar la alfalfa y esperar a que se sequen las flores para que el insecto se vaya. Otra opci\u00f3n es la fumigaci\u00f3n. \u00abLo que funciona bien b\u00e1sicamente son insecticidas de volteo (bombitas de piretroides o fosforados como clorpi el que tenga stock) Recomendados: 80cc3\/ha de Lambda al 25% est\u00e1 andando bien, as\u00ed como bifentrin\u00bb, detallan.<\/p>\n\n\n\n<p>Para los animales potencialmente intoxicados, los tratamientos que recomiendan los veterinarios son la descontaminaci\u00f3n gastrointestinal (carb\u00f3n activado, aceite mineral), terapia sintom\u00e1tica (Fluidoterapia para la deshidrataci\u00f3n y diuresis), analg\u00e9sicos, antibi\u00f3ticos de amplio espectro y reposici\u00f3n de calcio (si est\u00e1 justificado).<\/p>\n\n\n\n<p><em>Por: Clar\u00edn (<a href=\"https:\/\/www.clarin.com\/rural\/7-oro-plaga-salto-maiz-alfalfa-letal-hacienda_0_8eVwkfMnVK.html\" target=\"_blank\" rel=\"noreferrer noopener\">https:\/\/www.clarin.com\/rural\/7-oro-plaga-salto-maiz-alfalfa-letal-hacienda_0_8eVwkfMnVK.html<\/a>)<\/em><\/p>\n<div class=\"todoalfalfa-final-de-la-nota\" id=\"todoalfalfa-1855659121\"><a href=\"https:\/\/www.whatsapp.com\/channel\/0029VbCBmFB9WtBxJsD3eC2i\" target=\"_blank\" aria-label=\"5\"><img src=\"https:\/\/i0.wp.com\/www.todoalfalfa.com.ar\/noticias\/wp-content\/uploads\/2026\/04\/5.gif?fit=728%2C90&#038;ssl=1\" alt=\"\"  width=\"728\" height=\"90\"   \/><\/a><\/div>","protected":false},"excerpt":{"rendered":"<p>En algunas zonas afirman que las pasturas est\u00e1n \u00abminadas\u00bb por ese cascarudo, y ya se registr\u00f3 mortandad de animales por intoxicaci\u00f3n.<\/p>\n","protected":false},"author":7,"featured_media":45221,"comment_status":"closed","ping_status":"open","sticky":false,"template":"","format":"standard","meta":{"jetpack_post_was_ever_published":false,"_jetpack_newsletter_access":"","_jetpack_dont_email_post_to_subs":false,"_jetpack_newsletter_tier_id":0,"_jetpack_memberships_contains_paywalled_content":false,"_jetpack_memberships_contains_paid_content":false,"footnotes":""},"categories":[2],"tags":[1429,31,1430,1264,1272,108],"class_list":["post-45220","post","type-post","status-publish","format-standard","has-post-thumbnail","hentry","category-generales","tag-7-de-oro","tag-alfalfa","tag-cascarudo","tag-hacienda","tag-plaga","tag-problemas"],"yoast_head":"<!-- This site is optimized with the Yoast SEO plugin v25.5 - https:\/\/yoast.com\/wordpress\/plugins\/seo\/ -->\n<title>El 7 de oro, la plaga que salt\u00f3 del ma\u00edz a la alfalfa y es letal para la hacienda<\/title>\n<meta name=\"robots\" content=\"index, follow, max-snippet:-1, max-image-preview:large, max-video-preview:-1\" \/>\n<link rel=\"canonical\" href=\"https:\/\/www.todoalfalfa.com.ar\/noticias\/el-7-de-oro-la-plaga-que-salto-del-maiz-a-la-alfalfa-y-es-letal-para-la-hacienda\/\" \/>\n<meta property=\"og:locale\" content=\"es_ES\" \/>\n<meta property=\"og:type\" content=\"article\" \/>\n<meta property=\"og:title\" content=\"El 7 de oro, la plaga que salt\u00f3 del ma\u00edz a la alfalfa y es letal para la hacienda\" \/>\n<meta property=\"og:description\" content=\"En algunas zonas afirman que las pasturas est\u00e1n &quot;minadas&quot; por ese cascarudo, y ya se registr\u00f3 mortandad de animales por intoxicaci\u00f3n.\" \/>\n<meta property=\"og:url\" content=\"https:\/\/www.todoalfalfa.com.ar\/noticias\/el-7-de-oro-la-plaga-que-salto-del-maiz-a-la-alfalfa-y-es-letal-para-la-hacienda\/\" \/>\n<meta property=\"og:site_name\" content=\"Todo Alfalfa\" \/>\n<meta property=\"article:publisher\" content=\"https:\/\/www.facebook.com\/todoalfalfa\" \/>\n<meta property=\"article:published_time\" content=\"2023-01-25T19:26:42+00:00\" \/>\n<meta property=\"article:modified_time\" content=\"2023-01-25T19:26:46+00:00\" \/>\n<meta property=\"og:image\" content=\"https:\/\/www.todoalfalfa.com.ar\/noticias\/wp-content\/uploads\/2023\/01\/7deoro.jpg\" \/>\n\t<meta property=\"og:image:width\" content=\"1024\" \/>\n\t<meta property=\"og:image:height\" content=\"576\" \/>\n\t<meta property=\"og:image:type\" content=\"image\/jpeg\" \/>\n<meta name=\"author\" content=\"todoalfalfa\" \/>\n<meta name=\"twitter:card\" content=\"summary_large_image\" \/>\n<meta name=\"twitter:label1\" content=\"Escrito por\" \/>\n\t<meta name=\"twitter:data1\" content=\"todoalfalfa\" \/>\n\t<meta name=\"twitter:label2\" content=\"Tiempo de lectura\" \/>\n\t<meta name=\"twitter:data2\" content=\"3 minutos\" \/>\n<script type=\"application\/ld+json\" class=\"yoast-schema-graph\">{\"@context\":\"https:\/\/schema.org\",\"@graph\":[{\"@type\":\"NewsArticle\",\"@id\":\"https:\/\/www.todoalfalfa.com.ar\/noticias\/el-7-de-oro-la-plaga-que-salto-del-maiz-a-la-alfalfa-y-es-letal-para-la-hacienda\/#article\",\"isPartOf\":{\"@id\":\"https:\/\/www.todoalfalfa.com.ar\/noticias\/el-7-de-oro-la-plaga-que-salto-del-maiz-a-la-alfalfa-y-es-letal-para-la-hacienda\/\"},\"author\":{\"name\":\"todoalfalfa\",\"@id\":\"https:\/\/www.todoalfalfa.com.ar\/noticias\/#\/schema\/person\/50173dbc738dfd84176b3bee17b44d06\"},\"headline\":\"El 7 de oro, la plaga que salt\u00f3 del ma\u00edz a la alfalfa y es letal para la hacienda\",\"datePublished\":\"2023-01-25T19:26:42+00:00\",\"dateModified\":\"2023-01-25T19:26:46+00:00\",\"mainEntityOfPage\":{\"@id\":\"https:\/\/www.todoalfalfa.com.ar\/noticias\/el-7-de-oro-la-plaga-que-salto-del-maiz-a-la-alfalfa-y-es-letal-para-la-hacienda\/\"},\"wordCount\":587,\"publisher\":{\"@id\":\"https:\/\/www.todoalfalfa.com.ar\/noticias\/#organization\"},\"image\":{\"@id\":\"https:\/\/www.todoalfalfa.com.ar\/noticias\/el-7-de-oro-la-plaga-que-salto-del-maiz-a-la-alfalfa-y-es-letal-para-la-hacienda\/#primaryimage\"},\"thumbnailUrl\":\"https:\/\/i0.wp.com\/www.todoalfalfa.com.ar\/noticias\/wp-content\/uploads\/2023\/01\/7deoro.jpg?fit=1024%2C576&ssl=1\",\"keywords\":[\"7 de oro\",\"alfalfa\",\"cascarudo\",\"hacienda\",\"plaga\",\"problemas\"],\"articleSection\":[\"Generales\"],\"inLanguage\":\"es\"},{\"@type\":[\"WebPage\",\"ItemPage\"],\"@id\":\"https:\/\/www.todoalfalfa.com.ar\/noticias\/el-7-de-oro-la-plaga-que-salto-del-maiz-a-la-alfalfa-y-es-letal-para-la-hacienda\/\",\"url\":\"https:\/\/www.todoalfalfa.com.ar\/noticias\/el-7-de-oro-la-plaga-que-salto-del-maiz-a-la-alfalfa-y-es-letal-para-la-hacienda\/\",\"name\":\"El 7 de oro, la plaga que salt\u00f3 del ma\u00edz a la alfalfa y es letal para la hacienda\",\"isPartOf\":{\"@id\":\"https:\/\/www.todoalfalfa.com.ar\/noticias\/#website\"},\"primaryImageOfPage\":{\"@id\":\"https:\/\/www.todoalfalfa.com.ar\/noticias\/el-7-de-oro-la-plaga-que-salto-del-maiz-a-la-alfalfa-y-es-letal-para-la-hacienda\/#primaryimage\"},\"image\":{\"@id\":\"https:\/\/www.todoalfalfa.com.ar\/noticias\/el-7-de-oro-la-plaga-que-salto-del-maiz-a-la-alfalfa-y-es-letal-para-la-hacienda\/#primaryimage\"},\"thumbnailUrl\":\"https:\/\/i0.wp.com\/www.todoalfalfa.com.ar\/noticias\/wp-content\/uploads\/2023\/01\/7deoro.jpg?fit=1024%2C576&ssl=1\",\"datePublished\":\"2023-01-25T19:26:42+00:00\",\"dateModified\":\"2023-01-25T19:26:46+00:00\",\"breadcrumb\":{\"@id\":\"https:\/\/www.todoalfalfa.com.ar\/noticias\/el-7-de-oro-la-plaga-que-salto-del-maiz-a-la-alfalfa-y-es-letal-para-la-hacienda\/#breadcrumb\"},\"inLanguage\":\"es\",\"potentialAction\":[{\"@type\":\"ReadAction\",\"target\":[\"https:\/\/www.todoalfalfa.com.ar\/noticias\/el-7-de-oro-la-plaga-que-salto-del-maiz-a-la-alfalfa-y-es-letal-para-la-hacienda\/\"]}]},{\"@type\":\"ImageObject\",\"inLanguage\":\"es\",\"@id\":\"https:\/\/www.todoalfalfa.com.ar\/noticias\/el-7-de-oro-la-plaga-que-salto-del-maiz-a-la-alfalfa-y-es-letal-para-la-hacienda\/#primaryimage\",\"url\":\"https:\/\/i0.wp.com\/www.todoalfalfa.com.ar\/noticias\/wp-content\/uploads\/2023\/01\/7deoro.jpg?fit=1024%2C576&ssl=1\",\"contentUrl\":\"https:\/\/i0.wp.com\/www.todoalfalfa.com.ar\/noticias\/wp-content\/uploads\/2023\/01\/7deoro.jpg?fit=1024%2C576&ssl=1\",\"width\":1024,\"height\":576},{\"@type\":\"BreadcrumbList\",\"@id\":\"https:\/\/www.todoalfalfa.com.ar\/noticias\/el-7-de-oro-la-plaga-que-salto-del-maiz-a-la-alfalfa-y-es-letal-para-la-hacienda\/#breadcrumb\",\"itemListElement\":[{\"@type\":\"ListItem\",\"position\":1,\"name\":\"Principal\",\"item\":\"https:\/\/www.todoalfalfa.com.ar\/noticias\/\"},{\"@type\":\"ListItem\",\"position\":2,\"name\":\"El 7 de oro, la plaga que salt\u00f3 del ma\u00edz a la alfalfa y es letal para la hacienda\"}]},{\"@type\":\"WebSite\",\"@id\":\"https:\/\/www.todoalfalfa.com.ar\/noticias\/#website\",\"url\":\"https:\/\/www.todoalfalfa.com.ar\/noticias\/\",\"name\":\"Todo Alfalfa\",\"description\":\"Web informativa de la cadena de la alfalfa argentina\",\"publisher\":{\"@id\":\"https:\/\/www.todoalfalfa.com.ar\/noticias\/#organization\"},\"potentialAction\":[{\"@type\":\"SearchAction\",\"target\":{\"@type\":\"EntryPoint\",\"urlTemplate\":\"https:\/\/www.todoalfalfa.com.ar\/noticias\/?s={search_term_string}\"},\"query-input\":{\"@type\":\"PropertyValueSpecification\",\"valueRequired\":true,\"valueName\":\"search_term_string\"}}],\"inLanguage\":\"es\"},{\"@type\":\"Organization\",\"@id\":\"https:\/\/www.todoalfalfa.com.ar\/noticias\/#organization\",\"name\":\"Todo Alfalfa\",\"url\":\"https:\/\/www.todoalfalfa.com.ar\/noticias\/\",\"logo\":{\"@type\":\"ImageObject\",\"inLanguage\":\"es\",\"@id\":\"https:\/\/www.todoalfalfa.com.ar\/noticias\/#\/schema\/logo\/image\/\",\"url\":\"https:\/\/www.todoalfalfa.com.ar\/noticias\/wp-content\/uploads\/2020\/09\/logo-todo-alfalfa-modificado.png\",\"contentUrl\":\"https:\/\/www.todoalfalfa.com.ar\/noticias\/wp-content\/uploads\/2020\/09\/logo-todo-alfalfa-modificado.png\",\"width\":350,\"height\":100,\"caption\":\"Todo Alfalfa\"},\"image\":{\"@id\":\"https:\/\/www.todoalfalfa.com.ar\/noticias\/#\/schema\/logo\/image\/\"},\"sameAs\":[\"https:\/\/www.facebook.com\/todoalfalfa\",\"https:\/\/www.instagram.com\/todoalfalfa\",\"https:\/\/www.youtube.com\/@TodoAlfalfa\",\"https:\/\/www.linkedin.com\/company\/todoalfalfa\/\"]},{\"@type\":\"Person\",\"@id\":\"https:\/\/www.todoalfalfa.com.ar\/noticias\/#\/schema\/person\/50173dbc738dfd84176b3bee17b44d06\",\"name\":\"todoalfalfa\",\"image\":{\"@type\":\"ImageObject\",\"inLanguage\":\"es\",\"@id\":\"https:\/\/www.todoalfalfa.com.ar\/noticias\/#\/schema\/person\/image\/\",\"url\":\"https:\/\/secure.gravatar.com\/avatar\/3c85123827a21df67e7555ad70d585d79ae1ee2de81f4a3b923b33f2f01f3787?s=96&d=mm&r=g\",\"contentUrl\":\"https:\/\/secure.gravatar.com\/avatar\/3c85123827a21df67e7555ad70d585d79ae1ee2de81f4a3b923b33f2f01f3787?s=96&d=mm&r=g\",\"caption\":\"todoalfalfa\"},\"sameAs\":[\"http:\/\/www.todoalfalfa.com.ar\"],\"url\":\"https:\/\/www.todoalfalfa.com.ar\/noticias\/author\/carolinavazquez\/\"}]}<\/script>\n<!-- \/ Yoast SEO plugin. -->","yoast_head_json":{"title":"El 7 de oro, la plaga que salt\u00f3 del ma\u00edz a la alfalfa y es letal para la hacienda","robots":{"index":"index","follow":"follow","max-snippet":"max-snippet:-1","max-image-preview":"max-image-preview:large","max-video-preview":"max-video-preview:-1"},"canonical":"https:\/\/www.todoalfalfa.com.ar\/noticias\/el-7-de-oro-la-plaga-que-salto-del-maiz-a-la-alfalfa-y-es-letal-para-la-hacienda\/","og_locale":"es_ES","og_type":"article","og_title":"El 7 de oro, la plaga que salt\u00f3 del ma\u00edz a la alfalfa y es letal para la hacienda","og_description":"En algunas zonas afirman que las pasturas est\u00e1n \"minadas\" por ese cascarudo, y ya se registr\u00f3 mortandad de animales por intoxicaci\u00f3n.","og_url":"https:\/\/www.todoalfalfa.com.ar\/noticias\/el-7-de-oro-la-plaga-que-salto-del-maiz-a-la-alfalfa-y-es-letal-para-la-hacienda\/","og_site_name":"Todo Alfalfa","article_publisher":"https:\/\/www.facebook.com\/todoalfalfa","article_published_time":"2023-01-25T19:26:42+00:00","article_modified_time":"2023-01-25T19:26:46+00:00","og_image":[{"width":1024,"height":576,"url":"https:\/\/www.todoalfalfa.com.ar\/noticias\/wp-content\/uploads\/2023\/01\/7deoro.jpg","type":"image\/jpeg"}],"author":"todoalfalfa","twitter_card":"summary_large_image","twitter_misc":{"Escrito por":"todoalfalfa","Tiempo de lectura":"3 minutos"},"schema":{"@context":"https:\/\/schema.org","@graph":[{"@type":"NewsArticle","@id":"https:\/\/www.todoalfalfa.com.ar\/noticias\/el-7-de-oro-la-plaga-que-salto-del-maiz-a-la-alfalfa-y-es-letal-para-la-hacienda\/#article","isPartOf":{"@id":"https:\/\/www.todoalfalfa.com.ar\/noticias\/el-7-de-oro-la-plaga-que-salto-del-maiz-a-la-alfalfa-y-es-letal-para-la-hacienda\/"},"author":{"name":"todoalfalfa","@id":"https:\/\/www.todoalfalfa.com.ar\/noticias\/#\/schema\/person\/50173dbc738dfd84176b3bee17b44d06"},"headline":"El 7 de oro, la plaga que salt\u00f3 del ma\u00edz a la alfalfa y es letal para la hacienda","datePublished":"2023-01-25T19:26:42+00:00","dateModified":"2023-01-25T19:26:46+00:00","mainEntityOfPage":{"@id":"https:\/\/www.todoalfalfa.com.ar\/noticias\/el-7-de-oro-la-plaga-que-salto-del-maiz-a-la-alfalfa-y-es-letal-para-la-hacienda\/"},"wordCount":587,"publisher":{"@id":"https:\/\/www.todoalfalfa.com.ar\/noticias\/#organization"},"image":{"@id":"https:\/\/www.todoalfalfa.com.ar\/noticias\/el-7-de-oro-la-plaga-que-salto-del-maiz-a-la-alfalfa-y-es-letal-para-la-hacienda\/#primaryimage"},"thumbnailUrl":"https:\/\/i0.wp.com\/www.todoalfalfa.com.ar\/noticias\/wp-content\/uploads\/2023\/01\/7deoro.jpg?fit=1024%2C576&ssl=1","keywords":["7 de oro","alfalfa","cascarudo","hacienda","plaga","problemas"],"articleSection":["Generales"],"inLanguage":"es"},{"@type":["WebPage","ItemPage"],"@id":"https:\/\/www.todoalfalfa.com.ar\/noticias\/el-7-de-oro-la-plaga-que-salto-del-maiz-a-la-alfalfa-y-es-letal-para-la-hacienda\/","url":"https:\/\/www.todoalfalfa.com.ar\/noticias\/el-7-de-oro-la-plaga-que-salto-del-maiz-a-la-alfalfa-y-es-letal-para-la-hacienda\/","name":"El 7 de oro, la plaga que salt\u00f3 del ma\u00edz a la alfalfa y es letal para la hacienda","isPartOf":{"@id":"https:\/\/www.todoalfalfa.com.ar\/noticias\/#website"},"primaryImageOfPage":{"@id":"https:\/\/www.todoalfalfa.com.ar\/noticias\/el-7-de-oro-la-plaga-que-salto-del-maiz-a-la-alfalfa-y-es-letal-para-la-hacienda\/#primaryimage"},"image":{"@id":"https:\/\/www.todoalfalfa.com.ar\/noticias\/el-7-de-oro-la-plaga-que-salto-del-maiz-a-la-alfalfa-y-es-letal-para-la-hacienda\/#primaryimage"},"thumbnailUrl":"https:\/\/i0.wp.com\/www.todoalfalfa.com.ar\/noticias\/wp-content\/uploads\/2023\/01\/7deoro.jpg?fit=1024%2C576&ssl=1","datePublished":"2023-01-25T19:26:42+00:00","dateModified":"2023-01-25T19:26:46+00:00","breadcrumb":{"@id":"https:\/\/www.todoalfalfa.com.ar\/noticias\/el-7-de-oro-la-plaga-que-salto-del-maiz-a-la-alfalfa-y-es-letal-para-la-hacienda\/#breadcrumb"},"inLanguage":"es","potentialAction":[{"@type":"ReadAction","target":["https:\/\/www.todoalfalfa.com.ar\/noticias\/el-7-de-oro-la-plaga-que-salto-del-maiz-a-la-alfalfa-y-es-letal-para-la-hacienda\/"]}]},{"@type":"ImageObject","inLanguage":"es","@id":"https:\/\/www.todoalfalfa.com.ar\/noticias\/el-7-de-oro-la-plaga-que-salto-del-maiz-a-la-alfalfa-y-es-letal-para-la-hacienda\/#primaryimage","url":"https:\/\/i0.wp.com\/www.todoalfalfa.com.ar\/noticias\/wp-content\/uploads\/2023\/01\/7deoro.jpg?fit=1024%2C576&ssl=1","contentUrl":"https:\/\/i0.wp.com\/www.todoalfalfa.com.ar\/noticias\/wp-content\/uploads\/2023\/01\/7deoro.jpg?fit=1024%2C576&ssl=1","width":1024,"height":576},{"@type":"BreadcrumbList","@id":"https:\/\/www.todoalfalfa.com.ar\/noticias\/el-7-de-oro-la-plaga-que-salto-del-maiz-a-la-alfalfa-y-es-letal-para-la-hacienda\/#breadcrumb","itemListElement":[{"@type":"ListItem","position":1,"name":"Principal","item":"https:\/\/www.todoalfalfa.com.ar\/noticias\/"},{"@type":"ListItem","position":2,"name":"El 7 de oro, la plaga que salt\u00f3 del ma\u00edz a la alfalfa y es letal para la hacienda"}]},{"@type":"WebSite","@id":"https:\/\/www.todoalfalfa.com.ar\/noticias\/#website","url":"https:\/\/www.todoalfalfa.com.ar\/noticias\/","name":"Todo Alfalfa","description":"Web informativa de la cadena de la alfalfa argentina","publisher":{"@id":"https:\/\/www.todoalfalfa.com.ar\/noticias\/#organization"},"potentialAction":[{"@type":"SearchAction","target":{"@type":"EntryPoint","urlTemplate":"https:\/\/www.todoalfalfa.com.ar\/noticias\/?s={search_term_string}"},"query-input":{"@type":"PropertyValueSpecification","valueRequired":true,"valueName":"search_term_string"}}],"inLanguage":"es"},{"@type":"Organization","@id":"https:\/\/www.todoalfalfa.com.ar\/noticias\/#organization","name":"Todo Alfalfa","url":"https:\/\/www.todoalfalfa.com.ar\/noticias\/","logo":{"@type":"ImageObject","inLanguage":"es","@id":"https:\/\/www.todoalfalfa.com.ar\/noticias\/#\/schema\/logo\/image\/","url":"https:\/\/www.todoalfalfa.com.ar\/noticias\/wp-content\/uploads\/2020\/09\/logo-todo-alfalfa-modificado.png","contentUrl":"https:\/\/www.todoalfalfa.com.ar\/noticias\/wp-content\/uploads\/2020\/09\/logo-todo-alfalfa-modificado.png","width":350,"height":100,"caption":"Todo Alfalfa"},"image":{"@id":"https:\/\/www.todoalfalfa.com.ar\/noticias\/#\/schema\/logo\/image\/"},"sameAs":["https:\/\/www.facebook.com\/todoalfalfa","https:\/\/www.instagram.com\/todoalfalfa","https:\/\/www.youtube.com\/@TodoAlfalfa","https:\/\/www.linkedin.com\/company\/todoalfalfa\/"]},{"@type":"Person","@id":"https:\/\/www.todoalfalfa.com.ar\/noticias\/#\/schema\/person\/50173dbc738dfd84176b3bee17b44d06","name":"todoalfalfa","image":{"@type":"ImageObject","inLanguage":"es","@id":"https:\/\/www.todoalfalfa.com.ar\/noticias\/#\/schema\/person\/image\/","url":"https:\/\/secure.gravatar.com\/avatar\/3c85123827a21df67e7555ad70d585d79ae1ee2de81f4a3b923b33f2f01f3787?s=96&d=mm&r=g","contentUrl":"https:\/\/secure.gravatar.com\/avatar\/3c85123827a21df67e7555ad70d585d79ae1ee2de81f4a3b923b33f2f01f3787?s=96&d=mm&r=g","caption":"todoalfalfa"},"sameAs":["http:\/\/www.todoalfalfa.com.ar"],"url":"https:\/\/www.todoalfalfa.com.ar\/noticias\/author\/carolinavazquez\/"}]}},"jetpack_featured_media_url":"https:\/\/i0.wp.com\/www.todoalfalfa.com.ar\/noticias\/wp-content\/uploads\/2023\/01\/7deoro.jpg?fit=1024%2C576&ssl=1","wps_subtitle":"","jetpack_sharing_enabled":true,"_links":{"self":[{"href":"https:\/\/www.todoalfalfa.com.ar\/noticias\/wp-json\/wp\/v2\/posts\/45220","targetHints":{"allow":["GET"]}}],"collection":[{"href":"https:\/\/www.todoalfalfa.com.ar\/noticias\/wp-json\/wp\/v2\/posts"}],"about":[{"href":"https:\/\/www.todoalfalfa.com.ar\/noticias\/wp-json\/wp\/v2\/types\/post"}],"author":[{"embeddable":true,"href":"https:\/\/www.todoalfalfa.com.ar\/noticias\/wp-json\/wp\/v2\/users\/7"}],"replies":[{"embeddable":true,"href":"https:\/\/www.todoalfalfa.com.ar\/noticias\/wp-json\/wp\/v2\/comments?post=45220"}],"version-history":[{"count":0,"href":"https:\/\/www.todoalfalfa.com.ar\/noticias\/wp-json\/wp\/v2\/posts\/45220\/revisions"}],"wp:featuredmedia":[{"embeddable":true,"href":"https:\/\/www.todoalfalfa.com.ar\/noticias\/wp-json\/wp\/v2\/media\/45221"}],"wp:attachment":[{"href":"https:\/\/www.todoalfalfa.com.ar\/noticias\/wp-json\/wp\/v2\/media?parent=45220"}],"wp:term":[{"taxonomy":"category","embeddable":true,"href":"https:\/\/www.todoalfalfa.com.ar\/noticias\/wp-json\/wp\/v2\/categories?post=45220"},{"taxonomy":"post_tag","embeddable":true,"href":"https:\/\/www.todoalfalfa.com.ar\/noticias\/wp-json\/wp\/v2\/tags?post=45220"}],"curies":[{"name":"wp","href":"https:\/\/api.w.org\/{rel}","templated":true}]}}