{"id":45242,"date":"2023-02-01T15:10:49","date_gmt":"2023-02-01T18:10:49","guid":{"rendered":"https:\/\/www.todoalfalfa.com.ar\/?p=45242"},"modified":"2023-02-01T15:13:56","modified_gmt":"2023-02-01T18:13:56","slug":"la-expoalfalfa-2023-enfocada-en-la-produccion-y-comercializacion","status":"publish","type":"post","link":"https:\/\/www.todoalfalfa.com.ar\/noticias\/la-expoalfalfa-2023-enfocada-en-la-produccion-y-comercializacion\/","title":{"rendered":"La ExpoAlfalfa 2023, enfocada en la producci\u00f3n y comercializaci\u00f3n"},"content":{"rendered":"\n<p>La segunda edici\u00f3n de \u201cExpo Alfalfa\u201d se llevar\u00e1 a cabo el 16 y 17 de marzo de 2023 en el campo experimental \u201cDon Hugo\u201d, ubicado en el km 718 de la Ruta Nacional N\u00ba 8, al norte de Villa Mercedes. El evento, organizado por Agrozal Sapem propicia un espacio \u00fanico en la provincia para generar v\u00ednculos y compartir informaci\u00f3n a productores. Con entrada libre y gratuita, las inscripciones pueden realizarlas ingresando a sanluislogistica.com.<\/p>\n\n\n\n<p>\u201cEstamos muy contentos con esta segunda edici\u00f3n porque responde al \u00e9xito de lo que fue la primera Expo Alfalfa. Un espacio que dise\u00f1amos para que los productores de manera libre y gratuita puedan intercambiar experiencias y dotarse de informaci\u00f3n de calidad que har\u00e1 que tomen mejores decisiones\u201d coment\u00f3, el secretario de San Luis Log\u00edstica, Sebasti\u00e1n Lavandeira.<\/p>\n\n\n\n<p>\u201cEn la primer edici\u00f3n de la expo hicimos hincapi\u00e9 en lo que respecta a dar a conocer las caracter\u00edsticas de las distintas variedades y calidades requeridas por el mercado internacional, esta segunda edici\u00f3n estar\u00e1 enfocada en la producci\u00f3n, y sobre todo la comercializaci\u00f3n del cultivo, de esta manera los productores podr\u00e1n tener m\u00e1s herramientas a disposici\u00f3n\u201d, agreg\u00f3 el Secretario de Estado.<\/p>\n\n\n\n<p>La primera edici\u00f3n de Expo Alfalfa se realiz\u00f3 en el 2021, con dos jornadas en las que asistieron m\u00e1s de 300 productores, ingenieros agr\u00f3nomos y empresarios relacionados con la pastura para aprender m\u00e1s sobre la \u00abreina de las forrajeras\u00bb.<\/p>\n\n\n\n<p>\u201cDe la Cuenca El Morro al Mundo\u201d, fue el eslogan elegido para la primera edici\u00f3n, que sum\u00f3 informaci\u00f3n a trav\u00e9s de disertaciones de expertos, y con recorridas a campo para experimentar qu\u00e9 sucede en cada fase de la producci\u00f3n de esta pastura perenne, muy requerida por los pa\u00edses de Medio Oriente, a los que San Luis ya exporta desde 2019.<\/p>\n\n\n\n<figure class=\"wp-block-image size-full\"><img data-recalc-dims=\"1\" fetchpriority=\"high\" decoding=\"async\" width=\"777\" height=\"437\" src=\"https:\/\/i0.wp.com\/www.todoalfalfa.com.ar\/wp-content\/uploads\/2021\/12\/lavandeira-expoalfalfa-sanluis-1.jpg?resize=777%2C437&#038;ssl=1\" alt=\"\" class=\"wp-image-44208\" srcset=\"https:\/\/i0.wp.com\/www.todoalfalfa.com.ar\/noticias\/wp-content\/uploads\/2021\/12\/lavandeira-expoalfalfa-sanluis-1.jpg?w=777&amp;ssl=1 777w, https:\/\/i0.wp.com\/www.todoalfalfa.com.ar\/noticias\/wp-content\/uploads\/2021\/12\/lavandeira-expoalfalfa-sanluis-1.jpg?resize=300%2C169&amp;ssl=1 300w, https:\/\/i0.wp.com\/www.todoalfalfa.com.ar\/noticias\/wp-content\/uploads\/2021\/12\/lavandeira-expoalfalfa-sanluis-1.jpg?resize=768%2C432&amp;ssl=1 768w, https:\/\/i0.wp.com\/www.todoalfalfa.com.ar\/noticias\/wp-content\/uploads\/2021\/12\/lavandeira-expoalfalfa-sanluis-1.jpg?resize=180%2C101&amp;ssl=1 180w, https:\/\/i0.wp.com\/www.todoalfalfa.com.ar\/noticias\/wp-content\/uploads\/2021\/12\/lavandeira-expoalfalfa-sanluis-1.jpg?resize=260%2C146&amp;ssl=1 260w, https:\/\/i0.wp.com\/www.todoalfalfa.com.ar\/noticias\/wp-content\/uploads\/2021\/12\/lavandeira-expoalfalfa-sanluis-1.jpg?resize=373%2C210&amp;ssl=1 373w, https:\/\/i0.wp.com\/www.todoalfalfa.com.ar\/noticias\/wp-content\/uploads\/2021\/12\/lavandeira-expoalfalfa-sanluis-1.jpg?resize=120%2C67&amp;ssl=1 120w\" sizes=\"(max-width: 777px) 100vw, 777px\" \/><\/figure>\n\n\n\n<p>La Expo es una acci\u00f3n que se desprende del Plan Plurianual de alfalfa, una iniciativa del Gobierno de San Luis destinada en su inicio a subsanar el desbalance h\u00eddrico que se registra en la Cuenca El Morro.<\/p>\n\n\n\n<p>El desequilibrio ambiental, causado por la suba de las napas subterr\u00e1neas, provoc\u00f3 anegamiento en grandes espacios y hasta el surgimiento del llamado R\u00edo Nuevo, llegando a afectar zonas urbanizadas. Los estudios consecuentes presentaron a la alfalfa como una de las mejores opciones para contrarrestar esos efectos, debido a la gran absorci\u00f3n de agua de esta pastura. El Plan Plurianual de alfalfa logr\u00f3 generar un c\u00edrculo virtuoso que hoy presenta una proyecci\u00f3n de crecimiento, con impacto positivo en lo productivo, econ\u00f3mico y social.<\/p>\n\n\n\n<p>El programa de este a\u00f1o est\u00e1 compuesto por expositores locales, nacionales e internacionales. La grilla de temas fue pensada para dotar de informaci\u00f3n a todos los productores de la regi\u00f3n y se tratar\u00e1n temas como: \u201cEconom\u00eda de la Alfalfa\u201d; \u201cEfectos de la pandemia en la cadena log\u00edstica\u201d, \u201cEvoluci\u00f3n del comercio exterior en Argentina\u201d; \u201cFertilizaci\u00f3n y nuevas tecnolog\u00edas\u201d; \u201cActualidad del Comercio exterior de la alfalfa\u201d, \u201cMejoramiento Gen\u00e9tico de Alfalfa\u201d; \u201cDesaf\u00edos y oportunidades de la producci\u00f3n y exportaci\u00f3n de alfalfa en Argentina\u201d, a cargo del economista Carlos Seggiaro.<\/p>\n\n\n\n<p>Entre los expositores estar\u00e1n: Juan Vasquetto, economista, especialista en agronegocios y asesor en comercializaci\u00f3n; Gustavo Pardo, director general de Grow Frams (Espa\u00f1a); Ezequiel Garc\u00eda Corado, especialista en comercio exterior, log\u00edsticas y aduana; Alfredo Abboud, presidente de la Compa\u00f1\u00eda Argentina de alfalfas y forrajes; Mario Funes y Federico Costanzo, Laura Guzm\u00e1n y Alejandro Verg\u00e9s, de INTA, ALFAZAL; Carlos Seggiaro, economista; Ariel Odorizzi y Daniel Basigalup del INTA; Mart\u00edn Aguirrezabala, de ALFAZAL; Paul Sepulveda, doctor en tecnolog\u00eda TS Swidish innovation SPA y Mjail Abdelahad de la Secretar\u00eda de San Luis Log\u00edstica.<\/p>\n\n\n\n<p>Por otro lado tambi\u00e9n se realizar\u00e1 presentaci\u00f3n de resultados sobre el \u201cImpacto econ\u00f3mico en la producci\u00f3n de carne y leche por diferentes calidades de heno. Ensayos locales en animales vivos\u201d, y \u201cEnsayos comparativos de rendimiento, persistencia y adaptabilidad\u201d.<\/p>\n\n\n\n<p><strong><em>M\u00e1s info e inscripciones en <a href=\"http:\/\/sanluislogistica.com\/segunda-edicion-expo-alfalfa\/\" target=\"_blank\" rel=\"noreferrer noopener\">http:\/\/sanluislogistica.com\/segunda-edicion-expo-alfalfa\/<\/a><\/em><\/strong><\/p>\n<div class=\"todoalfalfa-final-de-la-nota\" id=\"todoalfalfa-199728955\"><a href=\"https:\/\/www.whatsapp.com\/channel\/0029VbCBmFB9WtBxJsD3eC2i\" target=\"_blank\" aria-label=\"5\"><img src=\"https:\/\/i0.wp.com\/www.todoalfalfa.com.ar\/noticias\/wp-content\/uploads\/2026\/04\/5.gif?fit=728%2C90&#038;ssl=1\" alt=\"\"  width=\"728\" height=\"90\"   \/><\/a><\/div>","protected":false},"excerpt":{"rendered":"<p>La primera edici\u00f3n del evento hizo hincapi\u00e9 en variedades y calidades. En esta segunda edici\u00f3n, los organizadores enfocar\u00e1n los aspectos productivos y de comercializaci\u00f3n. Ser\u00e1 en San Luis, durante el mes de marzo.<\/p>\n","protected":false},"author":3,"featured_media":45243,"comment_status":"closed","ping_status":"open","sticky":false,"template":"","format":"standard","meta":{"jetpack_post_was_ever_published":false,"_jetpack_newsletter_access":"","_jetpack_dont_email_post_to_subs":false,"_jetpack_newsletter_tier_id":0,"_jetpack_memberships_contains_paywalled_content":false,"_jetpack_memberships_contains_paid_content":false,"footnotes":""},"categories":[2],"tags":[1431,462,1230,180,336,337],"class_list":["post-45242","post","type-post","status-publish","format-standard","has-post-thumbnail","hentry","category-generales","tag-don-hugo","tag-ensayos","tag-expoalfalfa","tag-jornadas","tag-san-luis","tag-villa-mercedes"],"yoast_head":"<!-- This site is optimized with the Yoast SEO plugin v25.5 - https:\/\/yoast.com\/wordpress\/plugins\/seo\/ -->\n<title>La ExpoAlfalfa 2023, enfocada en la producci\u00f3n y comercializaci\u00f3n<\/title>\n<meta name=\"description\" content=\"La primera edici\u00f3n del evento hizo hincapi\u00e9 en variedades y calidades. En esta segunda edici\u00f3n, los organizadores enfocar\u00e1n los aspectos productivos y de comercializaci\u00f3n. Ser\u00e1 en San Luis, durante el mes de marzo.\" \/>\n<meta name=\"robots\" content=\"index, follow, max-snippet:-1, max-image-preview:large, max-video-preview:-1\" \/>\n<link rel=\"canonical\" href=\"https:\/\/www.todoalfalfa.com.ar\/noticias\/la-expoalfalfa-2023-enfocada-en-la-produccion-y-comercializacion\/\" \/>\n<meta property=\"og:locale\" content=\"es_ES\" \/>\n<meta property=\"og:type\" content=\"article\" \/>\n<meta property=\"og:title\" content=\"La ExpoAlfalfa 2023, enfocada en la producci\u00f3n y comercializaci\u00f3n\" \/>\n<meta property=\"og:description\" content=\"La primera edici\u00f3n del evento hizo hincapi\u00e9 en variedades y calidades. En esta segunda edici\u00f3n, los organizadores enfocar\u00e1n los aspectos productivos y de comercializaci\u00f3n. Ser\u00e1 en San Luis, durante el mes de marzo.\" \/>\n<meta property=\"og:url\" content=\"https:\/\/www.todoalfalfa.com.ar\/noticias\/la-expoalfalfa-2023-enfocada-en-la-produccion-y-comercializacion\/\" \/>\n<meta property=\"og:site_name\" content=\"Todo Alfalfa\" \/>\n<meta property=\"article:publisher\" content=\"https:\/\/www.facebook.com\/todoalfalfa\" \/>\n<meta property=\"article:published_time\" content=\"2023-02-01T18:10:49+00:00\" \/>\n<meta property=\"article:modified_time\" content=\"2023-02-01T18:13:56+00:00\" \/>\n<meta property=\"og:image\" content=\"https:\/\/www.todoalfalfa.com.ar\/noticias\/wp-content\/uploads\/2023\/02\/expoalfalfa2023.jpg\" \/>\n\t<meta property=\"og:image:width\" content=\"777\" \/>\n\t<meta property=\"og:image:height\" content=\"437\" \/>\n\t<meta property=\"og:image:type\" content=\"image\/jpeg\" \/>\n<meta name=\"author\" content=\"Todo Alfalfa\" \/>\n<meta name=\"twitter:card\" content=\"summary_large_image\" \/>\n<meta name=\"twitter:label1\" content=\"Escrito por\" \/>\n\t<meta name=\"twitter:data1\" content=\"Todo Alfalfa\" \/>\n\t<meta name=\"twitter:label2\" content=\"Tiempo de lectura\" \/>\n\t<meta name=\"twitter:data2\" content=\"4 minutos\" \/>\n<script type=\"application\/ld+json\" class=\"yoast-schema-graph\">{\"@context\":\"https:\/\/schema.org\",\"@graph\":[{\"@type\":\"NewsArticle\",\"@id\":\"https:\/\/www.todoalfalfa.com.ar\/noticias\/la-expoalfalfa-2023-enfocada-en-la-produccion-y-comercializacion\/#article\",\"isPartOf\":{\"@id\":\"https:\/\/www.todoalfalfa.com.ar\/noticias\/la-expoalfalfa-2023-enfocada-en-la-produccion-y-comercializacion\/\"},\"author\":{\"name\":\"Todo Alfalfa\",\"@id\":\"https:\/\/www.todoalfalfa.com.ar\/noticias\/#\/schema\/person\/4ee4bca9b9fa50c4f0fbaf7017fbf2ad\"},\"headline\":\"La ExpoAlfalfa 2023, enfocada en la producci\u00f3n y comercializaci\u00f3n\",\"datePublished\":\"2023-02-01T18:10:49+00:00\",\"dateModified\":\"2023-02-01T18:13:56+00:00\",\"mainEntityOfPage\":{\"@id\":\"https:\/\/www.todoalfalfa.com.ar\/noticias\/la-expoalfalfa-2023-enfocada-en-la-produccion-y-comercializacion\/\"},\"wordCount\":696,\"publisher\":{\"@id\":\"https:\/\/www.todoalfalfa.com.ar\/noticias\/#organization\"},\"image\":{\"@id\":\"https:\/\/www.todoalfalfa.com.ar\/noticias\/la-expoalfalfa-2023-enfocada-en-la-produccion-y-comercializacion\/#primaryimage\"},\"thumbnailUrl\":\"https:\/\/i0.wp.com\/www.todoalfalfa.com.ar\/noticias\/wp-content\/uploads\/2023\/02\/expoalfalfa2023.jpg?fit=777%2C437&ssl=1\",\"keywords\":[\"Don-Hugo\",\"ensayos\",\"Expoalfalfa\",\"Jornadas\",\"San Luis\",\"Villa Mercedes\"],\"articleSection\":[\"Generales\"],\"inLanguage\":\"es\"},{\"@type\":[\"WebPage\",\"ItemPage\"],\"@id\":\"https:\/\/www.todoalfalfa.com.ar\/noticias\/la-expoalfalfa-2023-enfocada-en-la-produccion-y-comercializacion\/\",\"url\":\"https:\/\/www.todoalfalfa.com.ar\/noticias\/la-expoalfalfa-2023-enfocada-en-la-produccion-y-comercializacion\/\",\"name\":\"La ExpoAlfalfa 2023, enfocada en la producci\u00f3n y comercializaci\u00f3n\",\"isPartOf\":{\"@id\":\"https:\/\/www.todoalfalfa.com.ar\/noticias\/#website\"},\"primaryImageOfPage\":{\"@id\":\"https:\/\/www.todoalfalfa.com.ar\/noticias\/la-expoalfalfa-2023-enfocada-en-la-produccion-y-comercializacion\/#primaryimage\"},\"image\":{\"@id\":\"https:\/\/www.todoalfalfa.com.ar\/noticias\/la-expoalfalfa-2023-enfocada-en-la-produccion-y-comercializacion\/#primaryimage\"},\"thumbnailUrl\":\"https:\/\/i0.wp.com\/www.todoalfalfa.com.ar\/noticias\/wp-content\/uploads\/2023\/02\/expoalfalfa2023.jpg?fit=777%2C437&ssl=1\",\"datePublished\":\"2023-02-01T18:10:49+00:00\",\"dateModified\":\"2023-02-01T18:13:56+00:00\",\"description\":\"La primera edici\u00f3n del evento hizo hincapi\u00e9 en variedades y calidades. En esta segunda edici\u00f3n, los organizadores enfocar\u00e1n los aspectos productivos y de comercializaci\u00f3n. Ser\u00e1 en San Luis, durante el mes de marzo.\",\"breadcrumb\":{\"@id\":\"https:\/\/www.todoalfalfa.com.ar\/noticias\/la-expoalfalfa-2023-enfocada-en-la-produccion-y-comercializacion\/#breadcrumb\"},\"inLanguage\":\"es\",\"potentialAction\":[{\"@type\":\"ReadAction\",\"target\":[\"https:\/\/www.todoalfalfa.com.ar\/noticias\/la-expoalfalfa-2023-enfocada-en-la-produccion-y-comercializacion\/\"]}]},{\"@type\":\"ImageObject\",\"inLanguage\":\"es\",\"@id\":\"https:\/\/www.todoalfalfa.com.ar\/noticias\/la-expoalfalfa-2023-enfocada-en-la-produccion-y-comercializacion\/#primaryimage\",\"url\":\"https:\/\/i0.wp.com\/www.todoalfalfa.com.ar\/noticias\/wp-content\/uploads\/2023\/02\/expoalfalfa2023.jpg?fit=777%2C437&ssl=1\",\"contentUrl\":\"https:\/\/i0.wp.com\/www.todoalfalfa.com.ar\/noticias\/wp-content\/uploads\/2023\/02\/expoalfalfa2023.jpg?fit=777%2C437&ssl=1\",\"width\":777,\"height\":437},{\"@type\":\"BreadcrumbList\",\"@id\":\"https:\/\/www.todoalfalfa.com.ar\/noticias\/la-expoalfalfa-2023-enfocada-en-la-produccion-y-comercializacion\/#breadcrumb\",\"itemListElement\":[{\"@type\":\"ListItem\",\"position\":1,\"name\":\"Principal\",\"item\":\"https:\/\/www.todoalfalfa.com.ar\/noticias\/\"},{\"@type\":\"ListItem\",\"position\":2,\"name\":\"La ExpoAlfalfa 2023, enfocada en la producci\u00f3n y comercializaci\u00f3n\"}]},{\"@type\":\"WebSite\",\"@id\":\"https:\/\/www.todoalfalfa.com.ar\/noticias\/#website\",\"url\":\"https:\/\/www.todoalfalfa.com.ar\/noticias\/\",\"name\":\"Todo Alfalfa\",\"description\":\"Web informativa de la cadena de la alfalfa argentina\",\"publisher\":{\"@id\":\"https:\/\/www.todoalfalfa.com.ar\/noticias\/#organization\"},\"potentialAction\":[{\"@type\":\"SearchAction\",\"target\":{\"@type\":\"EntryPoint\",\"urlTemplate\":\"https:\/\/www.todoalfalfa.com.ar\/noticias\/?s={search_term_string}\"},\"query-input\":{\"@type\":\"PropertyValueSpecification\",\"valueRequired\":true,\"valueName\":\"search_term_string\"}}],\"inLanguage\":\"es\"},{\"@type\":\"Organization\",\"@id\":\"https:\/\/www.todoalfalfa.com.ar\/noticias\/#organization\",\"name\":\"Todo Alfalfa\",\"url\":\"https:\/\/www.todoalfalfa.com.ar\/noticias\/\",\"logo\":{\"@type\":\"ImageObject\",\"inLanguage\":\"es\",\"@id\":\"https:\/\/www.todoalfalfa.com.ar\/noticias\/#\/schema\/logo\/image\/\",\"url\":\"https:\/\/www.todoalfalfa.com.ar\/noticias\/wp-content\/uploads\/2020\/09\/logo-todo-alfalfa-modificado.png\",\"contentUrl\":\"https:\/\/www.todoalfalfa.com.ar\/noticias\/wp-content\/uploads\/2020\/09\/logo-todo-alfalfa-modificado.png\",\"width\":350,\"height\":100,\"caption\":\"Todo Alfalfa\"},\"image\":{\"@id\":\"https:\/\/www.todoalfalfa.com.ar\/noticias\/#\/schema\/logo\/image\/\"},\"sameAs\":[\"https:\/\/www.facebook.com\/todoalfalfa\",\"https:\/\/www.instagram.com\/todoalfalfa\",\"https:\/\/www.youtube.com\/@TodoAlfalfa\",\"https:\/\/www.linkedin.com\/company\/todoalfalfa\/\"]},{\"@type\":\"Person\",\"@id\":\"https:\/\/www.todoalfalfa.com.ar\/noticias\/#\/schema\/person\/4ee4bca9b9fa50c4f0fbaf7017fbf2ad\",\"name\":\"Todo Alfalfa\",\"image\":{\"@type\":\"ImageObject\",\"inLanguage\":\"es\",\"@id\":\"https:\/\/www.todoalfalfa.com.ar\/noticias\/#\/schema\/person\/image\/\",\"url\":\"https:\/\/secure.gravatar.com\/avatar\/4d26a600a1380823a26c3f9cb74ada1a8ee4b482c0c3a616ab022b865c46be8f?s=96&d=mm&r=g\",\"contentUrl\":\"https:\/\/secure.gravatar.com\/avatar\/4d26a600a1380823a26c3f9cb74ada1a8ee4b482c0c3a616ab022b865c46be8f?s=96&d=mm&r=g\",\"caption\":\"Todo Alfalfa\"},\"sameAs\":[\"http:\/\/www.todoalfalfa.com.ar\"],\"url\":\"https:\/\/www.todoalfalfa.com.ar\/noticias\/author\/todoalfalfa\/\"}]}<\/script>\n<!-- \/ Yoast SEO plugin. -->","yoast_head_json":{"title":"La ExpoAlfalfa 2023, enfocada en la producci\u00f3n y comercializaci\u00f3n","description":"La primera edici\u00f3n del evento hizo hincapi\u00e9 en variedades y calidades. En esta segunda edici\u00f3n, los organizadores enfocar\u00e1n los aspectos productivos y de comercializaci\u00f3n. Ser\u00e1 en San Luis, durante el mes de marzo.","robots":{"index":"index","follow":"follow","max-snippet":"max-snippet:-1","max-image-preview":"max-image-preview:large","max-video-preview":"max-video-preview:-1"},"canonical":"https:\/\/www.todoalfalfa.com.ar\/noticias\/la-expoalfalfa-2023-enfocada-en-la-produccion-y-comercializacion\/","og_locale":"es_ES","og_type":"article","og_title":"La ExpoAlfalfa 2023, enfocada en la producci\u00f3n y comercializaci\u00f3n","og_description":"La primera edici\u00f3n del evento hizo hincapi\u00e9 en variedades y calidades. En esta segunda edici\u00f3n, los organizadores enfocar\u00e1n los aspectos productivos y de comercializaci\u00f3n. Ser\u00e1 en San Luis, durante el mes de marzo.","og_url":"https:\/\/www.todoalfalfa.com.ar\/noticias\/la-expoalfalfa-2023-enfocada-en-la-produccion-y-comercializacion\/","og_site_name":"Todo Alfalfa","article_publisher":"https:\/\/www.facebook.com\/todoalfalfa","article_published_time":"2023-02-01T18:10:49+00:00","article_modified_time":"2023-02-01T18:13:56+00:00","og_image":[{"width":777,"height":437,"url":"https:\/\/www.todoalfalfa.com.ar\/noticias\/wp-content\/uploads\/2023\/02\/expoalfalfa2023.jpg","type":"image\/jpeg"}],"author":"Todo Alfalfa","twitter_card":"summary_large_image","twitter_misc":{"Escrito por":"Todo Alfalfa","Tiempo de lectura":"4 minutos"},"schema":{"@context":"https:\/\/schema.org","@graph":[{"@type":"NewsArticle","@id":"https:\/\/www.todoalfalfa.com.ar\/noticias\/la-expoalfalfa-2023-enfocada-en-la-produccion-y-comercializacion\/#article","isPartOf":{"@id":"https:\/\/www.todoalfalfa.com.ar\/noticias\/la-expoalfalfa-2023-enfocada-en-la-produccion-y-comercializacion\/"},"author":{"name":"Todo Alfalfa","@id":"https:\/\/www.todoalfalfa.com.ar\/noticias\/#\/schema\/person\/4ee4bca9b9fa50c4f0fbaf7017fbf2ad"},"headline":"La ExpoAlfalfa 2023, enfocada en la producci\u00f3n y comercializaci\u00f3n","datePublished":"2023-02-01T18:10:49+00:00","dateModified":"2023-02-01T18:13:56+00:00","mainEntityOfPage":{"@id":"https:\/\/www.todoalfalfa.com.ar\/noticias\/la-expoalfalfa-2023-enfocada-en-la-produccion-y-comercializacion\/"},"wordCount":696,"publisher":{"@id":"https:\/\/www.todoalfalfa.com.ar\/noticias\/#organization"},"image":{"@id":"https:\/\/www.todoalfalfa.com.ar\/noticias\/la-expoalfalfa-2023-enfocada-en-la-produccion-y-comercializacion\/#primaryimage"},"thumbnailUrl":"https:\/\/i0.wp.com\/www.todoalfalfa.com.ar\/noticias\/wp-content\/uploads\/2023\/02\/expoalfalfa2023.jpg?fit=777%2C437&ssl=1","keywords":["Don-Hugo","ensayos","Expoalfalfa","Jornadas","San Luis","Villa Mercedes"],"articleSection":["Generales"],"inLanguage":"es"},{"@type":["WebPage","ItemPage"],"@id":"https:\/\/www.todoalfalfa.com.ar\/noticias\/la-expoalfalfa-2023-enfocada-en-la-produccion-y-comercializacion\/","url":"https:\/\/www.todoalfalfa.com.ar\/noticias\/la-expoalfalfa-2023-enfocada-en-la-produccion-y-comercializacion\/","name":"La ExpoAlfalfa 2023, enfocada en la producci\u00f3n y comercializaci\u00f3n","isPartOf":{"@id":"https:\/\/www.todoalfalfa.com.ar\/noticias\/#website"},"primaryImageOfPage":{"@id":"https:\/\/www.todoalfalfa.com.ar\/noticias\/la-expoalfalfa-2023-enfocada-en-la-produccion-y-comercializacion\/#primaryimage"},"image":{"@id":"https:\/\/www.todoalfalfa.com.ar\/noticias\/la-expoalfalfa-2023-enfocada-en-la-produccion-y-comercializacion\/#primaryimage"},"thumbnailUrl":"https:\/\/i0.wp.com\/www.todoalfalfa.com.ar\/noticias\/wp-content\/uploads\/2023\/02\/expoalfalfa2023.jpg?fit=777%2C437&ssl=1","datePublished":"2023-02-01T18:10:49+00:00","dateModified":"2023-02-01T18:13:56+00:00","description":"La primera edici\u00f3n del evento hizo hincapi\u00e9 en variedades y calidades. En esta segunda edici\u00f3n, los organizadores enfocar\u00e1n los aspectos productivos y de comercializaci\u00f3n. Ser\u00e1 en San Luis, durante el mes de marzo.","breadcrumb":{"@id":"https:\/\/www.todoalfalfa.com.ar\/noticias\/la-expoalfalfa-2023-enfocada-en-la-produccion-y-comercializacion\/#breadcrumb"},"inLanguage":"es","potentialAction":[{"@type":"ReadAction","target":["https:\/\/www.todoalfalfa.com.ar\/noticias\/la-expoalfalfa-2023-enfocada-en-la-produccion-y-comercializacion\/"]}]},{"@type":"ImageObject","inLanguage":"es","@id":"https:\/\/www.todoalfalfa.com.ar\/noticias\/la-expoalfalfa-2023-enfocada-en-la-produccion-y-comercializacion\/#primaryimage","url":"https:\/\/i0.wp.com\/www.todoalfalfa.com.ar\/noticias\/wp-content\/uploads\/2023\/02\/expoalfalfa2023.jpg?fit=777%2C437&ssl=1","contentUrl":"https:\/\/i0.wp.com\/www.todoalfalfa.com.ar\/noticias\/wp-content\/uploads\/2023\/02\/expoalfalfa2023.jpg?fit=777%2C437&ssl=1","width":777,"height":437},{"@type":"BreadcrumbList","@id":"https:\/\/www.todoalfalfa.com.ar\/noticias\/la-expoalfalfa-2023-enfocada-en-la-produccion-y-comercializacion\/#breadcrumb","itemListElement":[{"@type":"ListItem","position":1,"name":"Principal","item":"https:\/\/www.todoalfalfa.com.ar\/noticias\/"},{"@type":"ListItem","position":2,"name":"La ExpoAlfalfa 2023, enfocada en la producci\u00f3n y comercializaci\u00f3n"}]},{"@type":"WebSite","@id":"https:\/\/www.todoalfalfa.com.ar\/noticias\/#website","url":"https:\/\/www.todoalfalfa.com.ar\/noticias\/","name":"Todo Alfalfa","description":"Web informativa de la cadena de la alfalfa argentina","publisher":{"@id":"https:\/\/www.todoalfalfa.com.ar\/noticias\/#organization"},"potentialAction":[{"@type":"SearchAction","target":{"@type":"EntryPoint","urlTemplate":"https:\/\/www.todoalfalfa.com.ar\/noticias\/?s={search_term_string}"},"query-input":{"@type":"PropertyValueSpecification","valueRequired":true,"valueName":"search_term_string"}}],"inLanguage":"es"},{"@type":"Organization","@id":"https:\/\/www.todoalfalfa.com.ar\/noticias\/#organization","name":"Todo Alfalfa","url":"https:\/\/www.todoalfalfa.com.ar\/noticias\/","logo":{"@type":"ImageObject","inLanguage":"es","@id":"https:\/\/www.todoalfalfa.com.ar\/noticias\/#\/schema\/logo\/image\/","url":"https:\/\/www.todoalfalfa.com.ar\/noticias\/wp-content\/uploads\/2020\/09\/logo-todo-alfalfa-modificado.png","contentUrl":"https:\/\/www.todoalfalfa.com.ar\/noticias\/wp-content\/uploads\/2020\/09\/logo-todo-alfalfa-modificado.png","width":350,"height":100,"caption":"Todo Alfalfa"},"image":{"@id":"https:\/\/www.todoalfalfa.com.ar\/noticias\/#\/schema\/logo\/image\/"},"sameAs":["https:\/\/www.facebook.com\/todoalfalfa","https:\/\/www.instagram.com\/todoalfalfa","https:\/\/www.youtube.com\/@TodoAlfalfa","https:\/\/www.linkedin.com\/company\/todoalfalfa\/"]},{"@type":"Person","@id":"https:\/\/www.todoalfalfa.com.ar\/noticias\/#\/schema\/person\/4ee4bca9b9fa50c4f0fbaf7017fbf2ad","name":"Todo Alfalfa","image":{"@type":"ImageObject","inLanguage":"es","@id":"https:\/\/www.todoalfalfa.com.ar\/noticias\/#\/schema\/person\/image\/","url":"https:\/\/secure.gravatar.com\/avatar\/4d26a600a1380823a26c3f9cb74ada1a8ee4b482c0c3a616ab022b865c46be8f?s=96&d=mm&r=g","contentUrl":"https:\/\/secure.gravatar.com\/avatar\/4d26a600a1380823a26c3f9cb74ada1a8ee4b482c0c3a616ab022b865c46be8f?s=96&d=mm&r=g","caption":"Todo Alfalfa"},"sameAs":["http:\/\/www.todoalfalfa.com.ar"],"url":"https:\/\/www.todoalfalfa.com.ar\/noticias\/author\/todoalfalfa\/"}]}},"jetpack_featured_media_url":"https:\/\/i0.wp.com\/www.todoalfalfa.com.ar\/noticias\/wp-content\/uploads\/2023\/02\/expoalfalfa2023.jpg?fit=777%2C437&ssl=1","wps_subtitle":"","jetpack_sharing_enabled":true,"_links":{"self":[{"href":"https:\/\/www.todoalfalfa.com.ar\/noticias\/wp-json\/wp\/v2\/posts\/45242","targetHints":{"allow":["GET"]}}],"collection":[{"href":"https:\/\/www.todoalfalfa.com.ar\/noticias\/wp-json\/wp\/v2\/posts"}],"about":[{"href":"https:\/\/www.todoalfalfa.com.ar\/noticias\/wp-json\/wp\/v2\/types\/post"}],"author":[{"embeddable":true,"href":"https:\/\/www.todoalfalfa.com.ar\/noticias\/wp-json\/wp\/v2\/users\/3"}],"replies":[{"embeddable":true,"href":"https:\/\/www.todoalfalfa.com.ar\/noticias\/wp-json\/wp\/v2\/comments?post=45242"}],"version-history":[{"count":0,"href":"https:\/\/www.todoalfalfa.com.ar\/noticias\/wp-json\/wp\/v2\/posts\/45242\/revisions"}],"wp:featuredmedia":[{"embeddable":true,"href":"https:\/\/www.todoalfalfa.com.ar\/noticias\/wp-json\/wp\/v2\/media\/45243"}],"wp:attachment":[{"href":"https:\/\/www.todoalfalfa.com.ar\/noticias\/wp-json\/wp\/v2\/media?parent=45242"}],"wp:term":[{"taxonomy":"category","embeddable":true,"href":"https:\/\/www.todoalfalfa.com.ar\/noticias\/wp-json\/wp\/v2\/categories?post=45242"},{"taxonomy":"post_tag","embeddable":true,"href":"https:\/\/www.todoalfalfa.com.ar\/noticias\/wp-json\/wp\/v2\/tags?post=45242"}],"curies":[{"name":"wp","href":"https:\/\/api.w.org\/{rel}","templated":true}]}}