{"id":45371,"date":"2023-03-23T15:35:28","date_gmt":"2023-03-23T18:35:28","guid":{"rendered":"https:\/\/www.todoalfalfa.com.ar\/?p=45371"},"modified":"2023-03-23T15:35:32","modified_gmt":"2023-03-23T18:35:32","slug":"en-3-anos-san-luis-ya-produce-el-6-de-la-alfalfa-argentina-que-se-exporta","status":"publish","type":"post","link":"https:\/\/www.todoalfalfa.com.ar\/noticias\/en-3-anos-san-luis-ya-produce-el-6-de-la-alfalfa-argentina-que-se-exporta\/","title":{"rendered":"En 3 a\u00f1os, San Luis ya produce el 6% de la alfalfa argentina que se exporta"},"content":{"rendered":"\n<p>Treinta empresas e instituciones acompa\u00f1aron la propuesta en San Luis, mientras que la cantidad de asistentes duplic\u00f3 a la de la primera edici\u00f3n desarrollada en 2021, con m\u00e1s de 500 presentes.<\/p>\n\n\n\n<p>La muestra, organizada por la Secretar\u00eda de Estado de San Luis Log\u00edstica, trascendi\u00f3 largamente las fronteras de la provincia. Hubo visitantes de Mendoza, San Juan, C\u00f3rdoba, Salta, La Pampa, Entre R\u00edos, Jujuy, R\u00edo Negro, Santa Fe, Buenos Aires y Catamarca; en tanto que del exterior, concit\u00f3 la atenci\u00f3n de empresarios transportistas de Brasil.<\/p>\n\n\n\n<p>M\u00e1s all\u00e1 del claro aceptaci\u00f3n de la propuesta, que de a poco se va convirtiendo en una cita fija del calendario agr\u00edcola, los organizadores quedaron muy conformes porque recibieron devoluciones muy positivas de los asistentes.<\/p>\n\n\n\n<p>La Expo cre\u00f3 un espacio de encuentro y vinculaci\u00f3n entre todos los sectores, mostrando innovaci\u00f3n y conocimiento para compartir. Tambi\u00e9n pudo dotar de informaci\u00f3n y de herramientas al productor de la zona gracias a que participaron disertantes de destacada trayectoria, al tiempo que despleg\u00f3 una fuerte convicci\u00f3n de compartir los conocimientos adquiridos. Este panorama alentador motiva a todo el personal de San Luis Log\u00edstica a trabajar y pensar desde este mismo momento en la tercera edici\u00f3n.<\/p>\n\n\n\n<p>Sebasti\u00e1n Lavandeira, el secretario de San Luis Log\u00edstica, se mostr\u00f3 muy contento porque \u201clas devoluciones de los productores fueron muy positivas, porque esto se trata de vincularnos. Es un proyecto para toda la regi\u00f3n. Nos piden que la repitamos todos los a\u00f1os y que podamos mostrar la producci\u00f3n de San Luis\u201d.<\/p>\n\n\n\n<p>\u201cLa concurrencia super\u00f3 ampliamente las expectativas. Entre la primera edici\u00f3n y la segunda evolucionamos mucho en las tem\u00e1ticas elegidas para las disertaciones y los ensayos que se presentaron. Tenemos a los mejores profesionales del pa\u00eds\u201d, agreg\u00f3 el funcionario, quien sostuvo que \u201chay productores, comerciantes y profesionales de diferentes \u00e1reas relacionadas al agro que se acercaron a participar.<\/p>\n\n\n\n<figure class=\"wp-block-image size-full\"><img data-recalc-dims=\"1\" fetchpriority=\"high\" decoding=\"async\" width=\"1024\" height=\"576\" src=\"https:\/\/i0.wp.com\/www.todoalfalfa.com.ar\/wp-content\/uploads\/2023\/03\/expoalfalfa2023-a.jpg?resize=1024%2C576&#038;ssl=1\" alt=\"\" class=\"wp-image-45373\" srcset=\"https:\/\/i0.wp.com\/www.todoalfalfa.com.ar\/noticias\/wp-content\/uploads\/2023\/03\/expoalfalfa2023-a.jpg?w=1024&amp;ssl=1 1024w, https:\/\/i0.wp.com\/www.todoalfalfa.com.ar\/noticias\/wp-content\/uploads\/2023\/03\/expoalfalfa2023-a.jpg?resize=300%2C169&amp;ssl=1 300w, https:\/\/i0.wp.com\/www.todoalfalfa.com.ar\/noticias\/wp-content\/uploads\/2023\/03\/expoalfalfa2023-a.jpg?resize=768%2C432&amp;ssl=1 768w, https:\/\/i0.wp.com\/www.todoalfalfa.com.ar\/noticias\/wp-content\/uploads\/2023\/03\/expoalfalfa2023-a.jpg?resize=777%2C437&amp;ssl=1 777w, https:\/\/i0.wp.com\/www.todoalfalfa.com.ar\/noticias\/wp-content\/uploads\/2023\/03\/expoalfalfa2023-a.jpg?resize=180%2C101&amp;ssl=1 180w, https:\/\/i0.wp.com\/www.todoalfalfa.com.ar\/noticias\/wp-content\/uploads\/2023\/03\/expoalfalfa2023-a.jpg?resize=260%2C146&amp;ssl=1 260w, https:\/\/i0.wp.com\/www.todoalfalfa.com.ar\/noticias\/wp-content\/uploads\/2023\/03\/expoalfalfa2023-a.jpg?resize=373%2C210&amp;ssl=1 373w, https:\/\/i0.wp.com\/www.todoalfalfa.com.ar\/noticias\/wp-content\/uploads\/2023\/03\/expoalfalfa2023-a.jpg?resize=120%2C67&amp;ssl=1 120w\" sizes=\"(max-width: 1000px) 100vw, 1000px\" \/><\/figure>\n\n\n\n<p>Esta vez decidimos que, m\u00e1s all\u00e1 de tocar temas referidos a la producci\u00f3n, las t\u00e9cnicas, el manejo y el cultivo en s\u00ed, decidimos enfocar el contenido en la industrializaci\u00f3n y comercializaci\u00f3n de la pastura. Lo que queremos es mostrar el modelo de negocio de la alfalfa de exportaci\u00f3n que estamos desarrollando en la provincia a quienes nos visitan desde diferentes puntos del pa\u00eds\u201d.<\/p>\n\n\n\n<p>Lavandeira destac\u00f3 que hoy San Luis, luego de apenas tres a\u00f1os de trabajo, exporta el 6% de toda la alfalfa que sale de la Argentina hacia los mercados del mundo. \u201cEsto da cuenta de la gran perspectiva de crecimiento que tenemos en la provincia, por eso decimos que no hay un techo\u201d, afirm\u00f3. Tambi\u00e9n se refiri\u00f3 a la posibilidad, planteada por los productores, de armar un mercado de referencia: \u201cEllos quieren previsibilidad, sustentabilidad y no un proyecto vol\u00e1til; es dif\u00edcil invertir en este sector, pero nuestra intenci\u00f3n es darles tranquilidad. Vamos paso a paso. Todo el proceso que abarca la potenciaci\u00f3n de la alfalfa en San Luis tiene un triple impacto. En primer lugar vamos en la b\u00fasqueda de cuidar el medio ambiente, ya que todo comenz\u00f3 con acciones de mitigaci\u00f3n a la emergencia h\u00eddrica registrada en la zona de la Cuenca del Morro, ya que se trata de un cultivo con una gran capacidad de absorci\u00f3n. A ello se le suma lo econ\u00f3mico y lo social, porque genera mucho trabajo y ha ido reactivando zonas que estaban anegadas. Todo esto confluye en este simposio, donde los productores se interiorizan del negocio de alfalfa, cuyo modelo es abierto y con gran demanda, para lo cual la provincia de San Luis cuenta con las instalaciones e infraestructura para procesar y participar en los mercados internacionales\u201d.<\/p>\n\n\n\n<p>Alejandro Mar\u00edn, titular de Agrozal, cree que lo m\u00e1s importante es \u201cdarle difusi\u00f3n a la alfalfa\u201d. Por eso calific\u00f3 a la Expo como muy exitosa, con auditorios que estuvieron llenos. \u201cJuan Vasquetto, uno de los economistas que disert\u00f3, plante\u00f3 la necesidad de organizar la comercializaci\u00f3n. Y esa es la idea m\u00e1s all\u00e1 de la calidad de la producci\u00f3n, buscar herramientas para darle transparencia al mercado y seguridad, tanto al productor como al consumidor, que necesita un insumo de calidad\u201d.<\/p>\n\n\n\n<p>El funcionario record\u00f3 que \u201calquilamos el campo experimental Don Hugo, que ten\u00eda 250 hect\u00e1reas&nbsp; que hab\u00edan sufrido anegamiento, para probar la pastura. Primero sembramos 300 hect\u00e1reas, y luego otras 250. El cultivo est\u00e1 muy bien, lo que demuestra que es una herramienta para recuperar suelos perdidos. Tambi\u00e9n permite disminuir el nivel de la napa fre\u00e1tica y mantenerla a un metro, metro y medio de profundidad. Es otro uso de la alfalfa, el de recuperar suelos perdidos, como pas\u00f3 con el r\u00edo Nuevo\u201d.<\/p>\n<div class=\"todoalfalfa-final-de-la-nota\" id=\"todoalfalfa-3388850316\"><a href=\"https:\/\/www.whatsapp.com\/channel\/0029VbCBmFB9WtBxJsD3eC2i\" target=\"_blank\" aria-label=\"5\"><img src=\"https:\/\/i0.wp.com\/www.todoalfalfa.com.ar\/noticias\/wp-content\/uploads\/2026\/04\/5.gif?fit=728%2C90&#038;ssl=1\" alt=\"\"  width=\"728\" height=\"90\"   \/><\/a><\/div>","protected":false},"excerpt":{"rendered":"<p>As\u00ed lo remarc\u00f3 Sebasti\u00e1n Lavandeira, secretario de San Luis Log\u00edstica en el marco de la Expo Alfalfa 2023 realizada d\u00edas atr\u00e1s. La muestra fue un reflejo del potencial productivo de la provincia en torno al cultivo.<\/p>\n","protected":false},"author":3,"featured_media":45372,"comment_status":"closed","ping_status":"open","sticky":false,"template":"","format":"standard","meta":{"jetpack_post_was_ever_published":false,"_jetpack_newsletter_access":"","_jetpack_dont_email_post_to_subs":false,"_jetpack_newsletter_tier_id":0,"_jetpack_memberships_contains_paywalled_content":false,"_jetpack_memberships_contains_paid_content":false,"footnotes":""},"categories":[2],"tags":[31,236,1453,1124],"class_list":["post-45371","post","type-post","status-publish","format-standard","has-post-thumbnail","hentry","category-generales","tag-alfalfa","tag-exportacion","tag-polo","tag-san-luis-2"],"yoast_head":"<!-- This site is optimized with the Yoast SEO plugin v25.5 - https:\/\/yoast.com\/wordpress\/plugins\/seo\/ -->\n<title>En 3 a\u00f1os, San Luis ya produce el 6% de la alfalfa exportable argentina<\/title>\n<meta name=\"description\" content=\"As\u00ed lo remarc\u00f3 Sebasti\u00e1n Lavandeira, secretario de San Luis Log\u00edstica en el marco de la Expo Alfalfa 2023 realizada d\u00edas atr\u00e1s. La muestra fue un reflejo del potencial productivo de la provincia en torno al cultivo.\" \/>\n<meta name=\"robots\" content=\"index, follow, max-snippet:-1, max-image-preview:large, max-video-preview:-1\" \/>\n<link rel=\"canonical\" href=\"https:\/\/www.todoalfalfa.com.ar\/noticias\/en-3-anos-san-luis-ya-produce-el-6-de-la-alfalfa-argentina-que-se-exporta\/\" \/>\n<meta property=\"og:locale\" content=\"es_ES\" \/>\n<meta property=\"og:type\" content=\"article\" \/>\n<meta property=\"og:title\" content=\"En 3 a\u00f1os, San Luis ya produce el 6% de la alfalfa exportable argentina\" \/>\n<meta property=\"og:description\" content=\"As\u00ed lo remarc\u00f3 Sebasti\u00e1n Lavandeira, secretario de San Luis Log\u00edstica en el marco de la Expo Alfalfa 2023 realizada d\u00edas atr\u00e1s. La muestra fue un reflejo del potencial productivo de la provincia en torno al cultivo.\" \/>\n<meta property=\"og:url\" content=\"https:\/\/www.todoalfalfa.com.ar\/noticias\/en-3-anos-san-luis-ya-produce-el-6-de-la-alfalfa-argentina-que-se-exporta\/\" \/>\n<meta property=\"og:site_name\" content=\"Todo Alfalfa\" \/>\n<meta property=\"article:publisher\" content=\"https:\/\/www.facebook.com\/todoalfalfa\" \/>\n<meta property=\"article:published_time\" content=\"2023-03-23T18:35:28+00:00\" \/>\n<meta property=\"article:modified_time\" content=\"2023-03-23T18:35:32+00:00\" \/>\n<meta property=\"og:image\" content=\"https:\/\/www.todoalfalfa.com.ar\/noticias\/wp-content\/uploads\/2023\/03\/expoalfalfa2023-b.jpg\" \/>\n\t<meta property=\"og:image:width\" content=\"1024\" \/>\n\t<meta property=\"og:image:height\" content=\"576\" \/>\n\t<meta property=\"og:image:type\" content=\"image\/jpeg\" \/>\n<meta name=\"author\" content=\"Todo Alfalfa\" \/>\n<meta name=\"twitter:card\" content=\"summary_large_image\" \/>\n<meta name=\"twitter:label1\" content=\"Escrito por\" \/>\n\t<meta name=\"twitter:data1\" content=\"Todo Alfalfa\" \/>\n\t<meta name=\"twitter:label2\" content=\"Tiempo de lectura\" \/>\n\t<meta name=\"twitter:data2\" content=\"4 minutos\" \/>\n<script type=\"application\/ld+json\" class=\"yoast-schema-graph\">{\"@context\":\"https:\/\/schema.org\",\"@graph\":[{\"@type\":\"NewsArticle\",\"@id\":\"https:\/\/www.todoalfalfa.com.ar\/noticias\/en-3-anos-san-luis-ya-produce-el-6-de-la-alfalfa-argentina-que-se-exporta\/#article\",\"isPartOf\":{\"@id\":\"https:\/\/www.todoalfalfa.com.ar\/noticias\/en-3-anos-san-luis-ya-produce-el-6-de-la-alfalfa-argentina-que-se-exporta\/\"},\"author\":{\"name\":\"Todo Alfalfa\",\"@id\":\"https:\/\/www.todoalfalfa.com.ar\/noticias\/#\/schema\/person\/4ee4bca9b9fa50c4f0fbaf7017fbf2ad\"},\"headline\":\"En 3 a\u00f1os, San Luis ya produce el 6% de la alfalfa argentina que se exporta\",\"datePublished\":\"2023-03-23T18:35:28+00:00\",\"dateModified\":\"2023-03-23T18:35:32+00:00\",\"mainEntityOfPage\":{\"@id\":\"https:\/\/www.todoalfalfa.com.ar\/noticias\/en-3-anos-san-luis-ya-produce-el-6-de-la-alfalfa-argentina-que-se-exporta\/\"},\"wordCount\":819,\"publisher\":{\"@id\":\"https:\/\/www.todoalfalfa.com.ar\/noticias\/#organization\"},\"image\":{\"@id\":\"https:\/\/www.todoalfalfa.com.ar\/noticias\/en-3-anos-san-luis-ya-produce-el-6-de-la-alfalfa-argentina-que-se-exporta\/#primaryimage\"},\"thumbnailUrl\":\"https:\/\/i0.wp.com\/www.todoalfalfa.com.ar\/noticias\/wp-content\/uploads\/2023\/03\/expoalfalfa2023-b.jpg?fit=1024%2C576&ssl=1\",\"keywords\":[\"alfalfa\",\"exportaci\u00f3n\",\"polo\",\"San-Luis\"],\"articleSection\":[\"Generales\"],\"inLanguage\":\"es\"},{\"@type\":[\"WebPage\",\"ItemPage\"],\"@id\":\"https:\/\/www.todoalfalfa.com.ar\/noticias\/en-3-anos-san-luis-ya-produce-el-6-de-la-alfalfa-argentina-que-se-exporta\/\",\"url\":\"https:\/\/www.todoalfalfa.com.ar\/noticias\/en-3-anos-san-luis-ya-produce-el-6-de-la-alfalfa-argentina-que-se-exporta\/\",\"name\":\"En 3 a\u00f1os, San Luis ya produce el 6% de la alfalfa exportable argentina\",\"isPartOf\":{\"@id\":\"https:\/\/www.todoalfalfa.com.ar\/noticias\/#website\"},\"primaryImageOfPage\":{\"@id\":\"https:\/\/www.todoalfalfa.com.ar\/noticias\/en-3-anos-san-luis-ya-produce-el-6-de-la-alfalfa-argentina-que-se-exporta\/#primaryimage\"},\"image\":{\"@id\":\"https:\/\/www.todoalfalfa.com.ar\/noticias\/en-3-anos-san-luis-ya-produce-el-6-de-la-alfalfa-argentina-que-se-exporta\/#primaryimage\"},\"thumbnailUrl\":\"https:\/\/i0.wp.com\/www.todoalfalfa.com.ar\/noticias\/wp-content\/uploads\/2023\/03\/expoalfalfa2023-b.jpg?fit=1024%2C576&ssl=1\",\"datePublished\":\"2023-03-23T18:35:28+00:00\",\"dateModified\":\"2023-03-23T18:35:32+00:00\",\"description\":\"As\u00ed lo remarc\u00f3 Sebasti\u00e1n Lavandeira, secretario de San Luis Log\u00edstica en el marco de la Expo Alfalfa 2023 realizada d\u00edas atr\u00e1s. La muestra fue un reflejo del potencial productivo de la provincia en torno al cultivo.\",\"breadcrumb\":{\"@id\":\"https:\/\/www.todoalfalfa.com.ar\/noticias\/en-3-anos-san-luis-ya-produce-el-6-de-la-alfalfa-argentina-que-se-exporta\/#breadcrumb\"},\"inLanguage\":\"es\",\"potentialAction\":[{\"@type\":\"ReadAction\",\"target\":[\"https:\/\/www.todoalfalfa.com.ar\/noticias\/en-3-anos-san-luis-ya-produce-el-6-de-la-alfalfa-argentina-que-se-exporta\/\"]}]},{\"@type\":\"ImageObject\",\"inLanguage\":\"es\",\"@id\":\"https:\/\/www.todoalfalfa.com.ar\/noticias\/en-3-anos-san-luis-ya-produce-el-6-de-la-alfalfa-argentina-que-se-exporta\/#primaryimage\",\"url\":\"https:\/\/i0.wp.com\/www.todoalfalfa.com.ar\/noticias\/wp-content\/uploads\/2023\/03\/expoalfalfa2023-b.jpg?fit=1024%2C576&ssl=1\",\"contentUrl\":\"https:\/\/i0.wp.com\/www.todoalfalfa.com.ar\/noticias\/wp-content\/uploads\/2023\/03\/expoalfalfa2023-b.jpg?fit=1024%2C576&ssl=1\",\"width\":1024,\"height\":576},{\"@type\":\"BreadcrumbList\",\"@id\":\"https:\/\/www.todoalfalfa.com.ar\/noticias\/en-3-anos-san-luis-ya-produce-el-6-de-la-alfalfa-argentina-que-se-exporta\/#breadcrumb\",\"itemListElement\":[{\"@type\":\"ListItem\",\"position\":1,\"name\":\"Principal\",\"item\":\"https:\/\/www.todoalfalfa.com.ar\/noticias\/\"},{\"@type\":\"ListItem\",\"position\":2,\"name\":\"En 3 a\u00f1os, San Luis ya produce el 6% de la alfalfa argentina que se exporta\"}]},{\"@type\":\"WebSite\",\"@id\":\"https:\/\/www.todoalfalfa.com.ar\/noticias\/#website\",\"url\":\"https:\/\/www.todoalfalfa.com.ar\/noticias\/\",\"name\":\"Todo Alfalfa\",\"description\":\"Web informativa de la cadena de la alfalfa argentina\",\"publisher\":{\"@id\":\"https:\/\/www.todoalfalfa.com.ar\/noticias\/#organization\"},\"potentialAction\":[{\"@type\":\"SearchAction\",\"target\":{\"@type\":\"EntryPoint\",\"urlTemplate\":\"https:\/\/www.todoalfalfa.com.ar\/noticias\/?s={search_term_string}\"},\"query-input\":{\"@type\":\"PropertyValueSpecification\",\"valueRequired\":true,\"valueName\":\"search_term_string\"}}],\"inLanguage\":\"es\"},{\"@type\":\"Organization\",\"@id\":\"https:\/\/www.todoalfalfa.com.ar\/noticias\/#organization\",\"name\":\"Todo Alfalfa\",\"url\":\"https:\/\/www.todoalfalfa.com.ar\/noticias\/\",\"logo\":{\"@type\":\"ImageObject\",\"inLanguage\":\"es\",\"@id\":\"https:\/\/www.todoalfalfa.com.ar\/noticias\/#\/schema\/logo\/image\/\",\"url\":\"https:\/\/www.todoalfalfa.com.ar\/noticias\/wp-content\/uploads\/2020\/09\/logo-todo-alfalfa-modificado.png\",\"contentUrl\":\"https:\/\/www.todoalfalfa.com.ar\/noticias\/wp-content\/uploads\/2020\/09\/logo-todo-alfalfa-modificado.png\",\"width\":350,\"height\":100,\"caption\":\"Todo Alfalfa\"},\"image\":{\"@id\":\"https:\/\/www.todoalfalfa.com.ar\/noticias\/#\/schema\/logo\/image\/\"},\"sameAs\":[\"https:\/\/www.facebook.com\/todoalfalfa\",\"https:\/\/www.instagram.com\/todoalfalfa\",\"https:\/\/www.youtube.com\/@TodoAlfalfa\",\"https:\/\/www.linkedin.com\/company\/todoalfalfa\/\"]},{\"@type\":\"Person\",\"@id\":\"https:\/\/www.todoalfalfa.com.ar\/noticias\/#\/schema\/person\/4ee4bca9b9fa50c4f0fbaf7017fbf2ad\",\"name\":\"Todo Alfalfa\",\"image\":{\"@type\":\"ImageObject\",\"inLanguage\":\"es\",\"@id\":\"https:\/\/www.todoalfalfa.com.ar\/noticias\/#\/schema\/person\/image\/\",\"url\":\"https:\/\/secure.gravatar.com\/avatar\/4d26a600a1380823a26c3f9cb74ada1a8ee4b482c0c3a616ab022b865c46be8f?s=96&d=mm&r=g\",\"contentUrl\":\"https:\/\/secure.gravatar.com\/avatar\/4d26a600a1380823a26c3f9cb74ada1a8ee4b482c0c3a616ab022b865c46be8f?s=96&d=mm&r=g\",\"caption\":\"Todo Alfalfa\"},\"sameAs\":[\"http:\/\/www.todoalfalfa.com.ar\"],\"url\":\"https:\/\/www.todoalfalfa.com.ar\/noticias\/author\/todoalfalfa\/\"}]}<\/script>\n<!-- \/ Yoast SEO plugin. -->","yoast_head_json":{"title":"En 3 a\u00f1os, San Luis ya produce el 6% de la alfalfa exportable argentina","description":"As\u00ed lo remarc\u00f3 Sebasti\u00e1n Lavandeira, secretario de San Luis Log\u00edstica en el marco de la Expo Alfalfa 2023 realizada d\u00edas atr\u00e1s. La muestra fue un reflejo del potencial productivo de la provincia en torno al cultivo.","robots":{"index":"index","follow":"follow","max-snippet":"max-snippet:-1","max-image-preview":"max-image-preview:large","max-video-preview":"max-video-preview:-1"},"canonical":"https:\/\/www.todoalfalfa.com.ar\/noticias\/en-3-anos-san-luis-ya-produce-el-6-de-la-alfalfa-argentina-que-se-exporta\/","og_locale":"es_ES","og_type":"article","og_title":"En 3 a\u00f1os, San Luis ya produce el 6% de la alfalfa exportable argentina","og_description":"As\u00ed lo remarc\u00f3 Sebasti\u00e1n Lavandeira, secretario de San Luis Log\u00edstica en el marco de la Expo Alfalfa 2023 realizada d\u00edas atr\u00e1s. La muestra fue un reflejo del potencial productivo de la provincia en torno al cultivo.","og_url":"https:\/\/www.todoalfalfa.com.ar\/noticias\/en-3-anos-san-luis-ya-produce-el-6-de-la-alfalfa-argentina-que-se-exporta\/","og_site_name":"Todo Alfalfa","article_publisher":"https:\/\/www.facebook.com\/todoalfalfa","article_published_time":"2023-03-23T18:35:28+00:00","article_modified_time":"2023-03-23T18:35:32+00:00","og_image":[{"width":1024,"height":576,"url":"https:\/\/www.todoalfalfa.com.ar\/noticias\/wp-content\/uploads\/2023\/03\/expoalfalfa2023-b.jpg","type":"image\/jpeg"}],"author":"Todo Alfalfa","twitter_card":"summary_large_image","twitter_misc":{"Escrito por":"Todo Alfalfa","Tiempo de lectura":"4 minutos"},"schema":{"@context":"https:\/\/schema.org","@graph":[{"@type":"NewsArticle","@id":"https:\/\/www.todoalfalfa.com.ar\/noticias\/en-3-anos-san-luis-ya-produce-el-6-de-la-alfalfa-argentina-que-se-exporta\/#article","isPartOf":{"@id":"https:\/\/www.todoalfalfa.com.ar\/noticias\/en-3-anos-san-luis-ya-produce-el-6-de-la-alfalfa-argentina-que-se-exporta\/"},"author":{"name":"Todo Alfalfa","@id":"https:\/\/www.todoalfalfa.com.ar\/noticias\/#\/schema\/person\/4ee4bca9b9fa50c4f0fbaf7017fbf2ad"},"headline":"En 3 a\u00f1os, San Luis ya produce el 6% de la alfalfa argentina que se exporta","datePublished":"2023-03-23T18:35:28+00:00","dateModified":"2023-03-23T18:35:32+00:00","mainEntityOfPage":{"@id":"https:\/\/www.todoalfalfa.com.ar\/noticias\/en-3-anos-san-luis-ya-produce-el-6-de-la-alfalfa-argentina-que-se-exporta\/"},"wordCount":819,"publisher":{"@id":"https:\/\/www.todoalfalfa.com.ar\/noticias\/#organization"},"image":{"@id":"https:\/\/www.todoalfalfa.com.ar\/noticias\/en-3-anos-san-luis-ya-produce-el-6-de-la-alfalfa-argentina-que-se-exporta\/#primaryimage"},"thumbnailUrl":"https:\/\/i0.wp.com\/www.todoalfalfa.com.ar\/noticias\/wp-content\/uploads\/2023\/03\/expoalfalfa2023-b.jpg?fit=1024%2C576&ssl=1","keywords":["alfalfa","exportaci\u00f3n","polo","San-Luis"],"articleSection":["Generales"],"inLanguage":"es"},{"@type":["WebPage","ItemPage"],"@id":"https:\/\/www.todoalfalfa.com.ar\/noticias\/en-3-anos-san-luis-ya-produce-el-6-de-la-alfalfa-argentina-que-se-exporta\/","url":"https:\/\/www.todoalfalfa.com.ar\/noticias\/en-3-anos-san-luis-ya-produce-el-6-de-la-alfalfa-argentina-que-se-exporta\/","name":"En 3 a\u00f1os, San Luis ya produce el 6% de la alfalfa exportable argentina","isPartOf":{"@id":"https:\/\/www.todoalfalfa.com.ar\/noticias\/#website"},"primaryImageOfPage":{"@id":"https:\/\/www.todoalfalfa.com.ar\/noticias\/en-3-anos-san-luis-ya-produce-el-6-de-la-alfalfa-argentina-que-se-exporta\/#primaryimage"},"image":{"@id":"https:\/\/www.todoalfalfa.com.ar\/noticias\/en-3-anos-san-luis-ya-produce-el-6-de-la-alfalfa-argentina-que-se-exporta\/#primaryimage"},"thumbnailUrl":"https:\/\/i0.wp.com\/www.todoalfalfa.com.ar\/noticias\/wp-content\/uploads\/2023\/03\/expoalfalfa2023-b.jpg?fit=1024%2C576&ssl=1","datePublished":"2023-03-23T18:35:28+00:00","dateModified":"2023-03-23T18:35:32+00:00","description":"As\u00ed lo remarc\u00f3 Sebasti\u00e1n Lavandeira, secretario de San Luis Log\u00edstica en el marco de la Expo Alfalfa 2023 realizada d\u00edas atr\u00e1s. La muestra fue un reflejo del potencial productivo de la provincia en torno al cultivo.","breadcrumb":{"@id":"https:\/\/www.todoalfalfa.com.ar\/noticias\/en-3-anos-san-luis-ya-produce-el-6-de-la-alfalfa-argentina-que-se-exporta\/#breadcrumb"},"inLanguage":"es","potentialAction":[{"@type":"ReadAction","target":["https:\/\/www.todoalfalfa.com.ar\/noticias\/en-3-anos-san-luis-ya-produce-el-6-de-la-alfalfa-argentina-que-se-exporta\/"]}]},{"@type":"ImageObject","inLanguage":"es","@id":"https:\/\/www.todoalfalfa.com.ar\/noticias\/en-3-anos-san-luis-ya-produce-el-6-de-la-alfalfa-argentina-que-se-exporta\/#primaryimage","url":"https:\/\/i0.wp.com\/www.todoalfalfa.com.ar\/noticias\/wp-content\/uploads\/2023\/03\/expoalfalfa2023-b.jpg?fit=1024%2C576&ssl=1","contentUrl":"https:\/\/i0.wp.com\/www.todoalfalfa.com.ar\/noticias\/wp-content\/uploads\/2023\/03\/expoalfalfa2023-b.jpg?fit=1024%2C576&ssl=1","width":1024,"height":576},{"@type":"BreadcrumbList","@id":"https:\/\/www.todoalfalfa.com.ar\/noticias\/en-3-anos-san-luis-ya-produce-el-6-de-la-alfalfa-argentina-que-se-exporta\/#breadcrumb","itemListElement":[{"@type":"ListItem","position":1,"name":"Principal","item":"https:\/\/www.todoalfalfa.com.ar\/noticias\/"},{"@type":"ListItem","position":2,"name":"En 3 a\u00f1os, San Luis ya produce el 6% de la alfalfa argentina que se exporta"}]},{"@type":"WebSite","@id":"https:\/\/www.todoalfalfa.com.ar\/noticias\/#website","url":"https:\/\/www.todoalfalfa.com.ar\/noticias\/","name":"Todo Alfalfa","description":"Web informativa de la cadena de la alfalfa argentina","publisher":{"@id":"https:\/\/www.todoalfalfa.com.ar\/noticias\/#organization"},"potentialAction":[{"@type":"SearchAction","target":{"@type":"EntryPoint","urlTemplate":"https:\/\/www.todoalfalfa.com.ar\/noticias\/?s={search_term_string}"},"query-input":{"@type":"PropertyValueSpecification","valueRequired":true,"valueName":"search_term_string"}}],"inLanguage":"es"},{"@type":"Organization","@id":"https:\/\/www.todoalfalfa.com.ar\/noticias\/#organization","name":"Todo Alfalfa","url":"https:\/\/www.todoalfalfa.com.ar\/noticias\/","logo":{"@type":"ImageObject","inLanguage":"es","@id":"https:\/\/www.todoalfalfa.com.ar\/noticias\/#\/schema\/logo\/image\/","url":"https:\/\/www.todoalfalfa.com.ar\/noticias\/wp-content\/uploads\/2020\/09\/logo-todo-alfalfa-modificado.png","contentUrl":"https:\/\/www.todoalfalfa.com.ar\/noticias\/wp-content\/uploads\/2020\/09\/logo-todo-alfalfa-modificado.png","width":350,"height":100,"caption":"Todo Alfalfa"},"image":{"@id":"https:\/\/www.todoalfalfa.com.ar\/noticias\/#\/schema\/logo\/image\/"},"sameAs":["https:\/\/www.facebook.com\/todoalfalfa","https:\/\/www.instagram.com\/todoalfalfa","https:\/\/www.youtube.com\/@TodoAlfalfa","https:\/\/www.linkedin.com\/company\/todoalfalfa\/"]},{"@type":"Person","@id":"https:\/\/www.todoalfalfa.com.ar\/noticias\/#\/schema\/person\/4ee4bca9b9fa50c4f0fbaf7017fbf2ad","name":"Todo Alfalfa","image":{"@type":"ImageObject","inLanguage":"es","@id":"https:\/\/www.todoalfalfa.com.ar\/noticias\/#\/schema\/person\/image\/","url":"https:\/\/secure.gravatar.com\/avatar\/4d26a600a1380823a26c3f9cb74ada1a8ee4b482c0c3a616ab022b865c46be8f?s=96&d=mm&r=g","contentUrl":"https:\/\/secure.gravatar.com\/avatar\/4d26a600a1380823a26c3f9cb74ada1a8ee4b482c0c3a616ab022b865c46be8f?s=96&d=mm&r=g","caption":"Todo Alfalfa"},"sameAs":["http:\/\/www.todoalfalfa.com.ar"],"url":"https:\/\/www.todoalfalfa.com.ar\/noticias\/author\/todoalfalfa\/"}]}},"jetpack_featured_media_url":"https:\/\/i0.wp.com\/www.todoalfalfa.com.ar\/noticias\/wp-content\/uploads\/2023\/03\/expoalfalfa2023-b.jpg?fit=1024%2C576&ssl=1","wps_subtitle":"","jetpack_sharing_enabled":true,"_links":{"self":[{"href":"https:\/\/www.todoalfalfa.com.ar\/noticias\/wp-json\/wp\/v2\/posts\/45371","targetHints":{"allow":["GET"]}}],"collection":[{"href":"https:\/\/www.todoalfalfa.com.ar\/noticias\/wp-json\/wp\/v2\/posts"}],"about":[{"href":"https:\/\/www.todoalfalfa.com.ar\/noticias\/wp-json\/wp\/v2\/types\/post"}],"author":[{"embeddable":true,"href":"https:\/\/www.todoalfalfa.com.ar\/noticias\/wp-json\/wp\/v2\/users\/3"}],"replies":[{"embeddable":true,"href":"https:\/\/www.todoalfalfa.com.ar\/noticias\/wp-json\/wp\/v2\/comments?post=45371"}],"version-history":[{"count":1,"href":"https:\/\/www.todoalfalfa.com.ar\/noticias\/wp-json\/wp\/v2\/posts\/45371\/revisions"}],"predecessor-version":[{"id":45374,"href":"https:\/\/www.todoalfalfa.com.ar\/noticias\/wp-json\/wp\/v2\/posts\/45371\/revisions\/45374"}],"wp:featuredmedia":[{"embeddable":true,"href":"https:\/\/www.todoalfalfa.com.ar\/noticias\/wp-json\/wp\/v2\/media\/45372"}],"wp:attachment":[{"href":"https:\/\/www.todoalfalfa.com.ar\/noticias\/wp-json\/wp\/v2\/media?parent=45371"}],"wp:term":[{"taxonomy":"category","embeddable":true,"href":"https:\/\/www.todoalfalfa.com.ar\/noticias\/wp-json\/wp\/v2\/categories?post=45371"},{"taxonomy":"post_tag","embeddable":true,"href":"https:\/\/www.todoalfalfa.com.ar\/noticias\/wp-json\/wp\/v2\/tags?post=45371"}],"curies":[{"name":"wp","href":"https:\/\/api.w.org\/{rel}","templated":true}]}}