{"id":45520,"date":"2023-06-12T11:20:10","date_gmt":"2023-06-12T14:20:10","guid":{"rendered":"https:\/\/www.todoalfalfa.com.ar\/?p=45520"},"modified":"2023-06-12T11:20:15","modified_gmt":"2023-06-12T14:20:15","slug":"incorporan-nueva-tecnologia-para-ampliar-mercado-exportador","status":"publish","type":"post","link":"https:\/\/www.todoalfalfa.com.ar\/noticias\/incorporan-nueva-tecnologia-para-ampliar-mercado-exportador\/","title":{"rendered":"Incorporan nueva tecnolog\u00eda para ampliar mercado exportador"},"content":{"rendered":"\n<p>La Secretar\u00eda de San Luis Log\u00edstica, a trav\u00e9s de su programa Alfazal, adquiri\u00f3 una nueva m\u00e1quina compactadora de alfalfa que elaborar\u00e1 tres tipos de fardos con formato para mercados espec\u00edficos.<\/p>\n\n\n\n<p>La m\u00e1quina lleg\u00f3 desde Espa\u00f1a y ya se encuentra en proceso de montaje en la Zona de Actividades Log\u00edsticas de Villa Mercedes. Es de la marca Mabe, una de las f\u00e1bricas de compactadoras m\u00e1s importantes del mundo.<\/p>\n\n\n\n<p>\u00abEsto nos permitir\u00e1 ampliar mercados del Mercosur en cami\u00f3n y el mercado interno, pero tambi\u00e9n abre el comercio con China y Emiratos \u00c1rabes, que tambi\u00e9n consumen este formato\u00bb, explic\u00f3 a El Diario Sebasti\u00e1n Lavandeira, secretario de San Luis Log\u00edstica.<\/p>\n\n\n\n<p>Esta tecnolog\u00eda permite compactar fardos de 30, 45 y 90 kilos, lo que facilita la log\u00edstica seg\u00fan el cliente y se aprovecha mejor el espacio de los contenedores.<\/p>\n\n\n\n<p>Tiene una capacidad para procesar cinco toneladas por hora, lo que proporciona una producci\u00f3n anual de veinte mil toneladas. \u00abEsto habilita ampliar la superficie cultivada con alfalfa en 2.500 hect\u00e1reas m\u00e1s\u00bb, destac\u00f3 y agreg\u00f3 que el plan 2024 contempla alcanzar una capacidad de procesamiento de 50 mil toneladas, lo que significa llegar a las 6.500 hect\u00e1reas en producci\u00f3n.<\/p>\n\n\n\n<p>Lavandeira adelant\u00f3 que la m\u00e1quina compactadora estar\u00e1 preparada para la campa\u00f1a 2023-2024 y a partir de los primeros cortes de septiembre pr\u00f3ximo.<\/p>\n\n\n\n<p>Con la incorporaci\u00f3n de esta tecnolog\u00eda espa\u00f1ola y para absorber su producci\u00f3n, en la Agrozal ya se construy\u00f3 un dep\u00f3sito de 2.500 metros cuadrados.<\/p>\n\n\n\n<p>Durante los casi cuatro a\u00f1os de funcionamiento del Plan Plurianual de Alfalfa, el gobierno provincial export\u00f3 700 toneladas en 2020 en contexto de pandemia; en 2021, 1.200 toneladas y en lo que va del a\u00f1o, y en 2022, 4.028 toneladas. Los principales destinos fueron Qatar, Emiratos \u00c1rabes, Kuwait y Brasil.<\/p>\n\n\n\n<p>San Luis es la segunda provincia que m\u00e1s se consolida en el env\u00edo de productos al exterior. La alfalfa sum\u00f3 para que las exportaciones locales crecieran casi 49,4% durante el a\u00f1o pasado, seg\u00fan el Indec.<\/p>\n\n\n\n<p>Esas operaciones significaron una importante movilizaci\u00f3n para la econom\u00eda porque generaron ingresos por 850 millones de d\u00f3lares. Los productos exportados que m\u00e1s crecieron fueron el ma\u00edz, la soja y el man\u00ed.<\/p>\n\n\n\n<p>Para la campa\u00f1a 2022\/2023 ya se firmaron contratos con productores para la provisi\u00f3n de 8.000 toneladas de alfalfa, que ser\u00e1n procesadas en la compactadora que la provincia mont\u00f3 en la Zona de Actividades Log\u00edsticas para elaborar los fardos en las condiciones exigidas por los diferentes clientes en el exterior.<\/p>\n\n\n\n<p>Para Lavandeira, la compra de la nueva compactadora tambi\u00e9n generar\u00e1 \u00abuna excelente oportunidad para que la provincia pueda ampliar la superficie sembrada con este forraje, especialmente en la Cuenca El Morro, para profundizar la acci\u00f3n de esta planta como gran extractora de agua de las saturadas napas de la zona\u00bb.<\/p>\n\n\n\n<p>Actualmente, la demanda de forraje a nivel mundial alcanza los 8 millones de toneladas, y desde Argentina, durante 2021, salieron 150 mil toneladas, lo que indica que hay una sobredemanda.<\/p>\n\n\n\n<p>San Luis hist\u00f3ricamente participa en el 1% del total de exportaciones del pa\u00eds. Pero de alfalfa lo hace casi con el 10% en lo que va de 2022. Toda la alfalfa de calidad exportable est\u00e1 pr\u00e1cticamente vendida y en muchos casos est\u00e1n tomando compromisos para la temporada que viene.<\/p>\n\n\n\n<p><em>Fuente: eldiariodelarepublica.com<\/em><\/p>\n<div class=\"todoalfalfa-final-de-la-nota\" id=\"todoalfalfa-2046265826\"><a href=\"https:\/\/www.whatsapp.com\/channel\/0029VbCBmFB9WtBxJsD3eC2i\" target=\"_blank\" aria-label=\"5\"><img src=\"https:\/\/i0.wp.com\/www.todoalfalfa.com.ar\/noticias\/wp-content\/uploads\/2026\/04\/5.gif?fit=728%2C90&#038;ssl=1\" alt=\"\"  width=\"728\" height=\"90\"   \/><\/a><\/div>","protected":false},"excerpt":{"rendered":"<p>San Luis Log\u00edstica elaborar\u00e1 otro formato de fardo, que permitir\u00e1 llegar a compradores del Mercosur, China y Emiratos \u00c1rabes.<\/p>\n","protected":false},"author":3,"featured_media":45521,"comment_status":"closed","ping_status":"open","sticky":false,"template":"","format":"standard","meta":{"jetpack_post_was_ever_published":false,"_jetpack_newsletter_access":"","_jetpack_dont_email_post_to_subs":false,"_jetpack_newsletter_tier_id":0,"_jetpack_memberships_contains_paywalled_content":false,"_jetpack_memberships_contains_paid_content":false,"footnotes":""},"categories":[2],"tags":[31,674,1472,1124],"class_list":["post-45520","post","type-post","status-publish","format-standard","has-post-thumbnail","hentry","category-generales","tag-alfalfa","tag-alfazal","tag-compactadora","tag-san-luis-2"],"yoast_head":"<!-- This site is optimized with the Yoast SEO plugin v25.5 - https:\/\/yoast.com\/wordpress\/plugins\/seo\/ -->\n<title>Incorporan nueva tecnolog\u00eda para ampliar mercado exportador<\/title>\n<meta name=\"description\" content=\"San Luis Log\u00edstica elaborar\u00e1 otro formato de fardo, que permitir\u00e1 llegar a compradores del Mercosur, China y Emiratos \u00c1rabes.\" \/>\n<meta name=\"robots\" content=\"index, follow, max-snippet:-1, max-image-preview:large, max-video-preview:-1\" \/>\n<link rel=\"canonical\" href=\"https:\/\/www.todoalfalfa.com.ar\/noticias\/incorporan-nueva-tecnologia-para-ampliar-mercado-exportador\/\" \/>\n<meta property=\"og:locale\" content=\"es_ES\" \/>\n<meta property=\"og:type\" content=\"article\" \/>\n<meta property=\"og:title\" content=\"Incorporan nueva tecnolog\u00eda para ampliar mercado exportador\" \/>\n<meta property=\"og:description\" content=\"San Luis Log\u00edstica elaborar\u00e1 otro formato de fardo, que permitir\u00e1 llegar a compradores del Mercosur, China y Emiratos \u00c1rabes.\" \/>\n<meta property=\"og:url\" content=\"https:\/\/www.todoalfalfa.com.ar\/noticias\/incorporan-nueva-tecnologia-para-ampliar-mercado-exportador\/\" \/>\n<meta property=\"og:site_name\" content=\"Todo Alfalfa\" \/>\n<meta property=\"article:publisher\" content=\"https:\/\/www.facebook.com\/todoalfalfa\" \/>\n<meta property=\"article:published_time\" content=\"2023-06-12T14:20:10+00:00\" \/>\n<meta property=\"article:modified_time\" content=\"2023-06-12T14:20:15+00:00\" \/>\n<meta property=\"og:image\" content=\"https:\/\/www.todoalfalfa.com.ar\/noticias\/wp-content\/uploads\/2023\/06\/compactadora-alfalfa-alfazal.jpg\" \/>\n\t<meta property=\"og:image:width\" content=\"777\" \/>\n\t<meta property=\"og:image:height\" content=\"437\" \/>\n\t<meta property=\"og:image:type\" content=\"image\/jpeg\" \/>\n<meta name=\"author\" content=\"Todo Alfalfa\" \/>\n<meta name=\"twitter:card\" content=\"summary_large_image\" \/>\n<meta name=\"twitter:label1\" content=\"Escrito por\" \/>\n\t<meta name=\"twitter:data1\" content=\"Todo Alfalfa\" \/>\n\t<meta name=\"twitter:label2\" content=\"Tiempo de lectura\" \/>\n\t<meta name=\"twitter:data2\" content=\"3 minutos\" \/>\n<script type=\"application\/ld+json\" class=\"yoast-schema-graph\">{\"@context\":\"https:\/\/schema.org\",\"@graph\":[{\"@type\":\"NewsArticle\",\"@id\":\"https:\/\/www.todoalfalfa.com.ar\/noticias\/incorporan-nueva-tecnologia-para-ampliar-mercado-exportador\/#article\",\"isPartOf\":{\"@id\":\"https:\/\/www.todoalfalfa.com.ar\/noticias\/incorporan-nueva-tecnologia-para-ampliar-mercado-exportador\/\"},\"author\":{\"name\":\"Todo Alfalfa\",\"@id\":\"https:\/\/www.todoalfalfa.com.ar\/noticias\/#\/schema\/person\/4ee4bca9b9fa50c4f0fbaf7017fbf2ad\"},\"headline\":\"Incorporan nueva tecnolog\u00eda para ampliar mercado exportador\",\"datePublished\":\"2023-06-12T14:20:10+00:00\",\"dateModified\":\"2023-06-12T14:20:15+00:00\",\"mainEntityOfPage\":{\"@id\":\"https:\/\/www.todoalfalfa.com.ar\/noticias\/incorporan-nueva-tecnologia-para-ampliar-mercado-exportador\/\"},\"wordCount\":571,\"publisher\":{\"@id\":\"https:\/\/www.todoalfalfa.com.ar\/noticias\/#organization\"},\"image\":{\"@id\":\"https:\/\/www.todoalfalfa.com.ar\/noticias\/incorporan-nueva-tecnologia-para-ampliar-mercado-exportador\/#primaryimage\"},\"thumbnailUrl\":\"https:\/\/i0.wp.com\/www.todoalfalfa.com.ar\/noticias\/wp-content\/uploads\/2023\/06\/compactadora-alfalfa-alfazal.jpg?fit=777%2C437&ssl=1\",\"keywords\":[\"alfalfa\",\"alfazal\",\"compactadora\",\"San-Luis\"],\"articleSection\":[\"Generales\"],\"inLanguage\":\"es\"},{\"@type\":[\"WebPage\",\"ItemPage\"],\"@id\":\"https:\/\/www.todoalfalfa.com.ar\/noticias\/incorporan-nueva-tecnologia-para-ampliar-mercado-exportador\/\",\"url\":\"https:\/\/www.todoalfalfa.com.ar\/noticias\/incorporan-nueva-tecnologia-para-ampliar-mercado-exportador\/\",\"name\":\"Incorporan nueva tecnolog\u00eda para ampliar mercado exportador\",\"isPartOf\":{\"@id\":\"https:\/\/www.todoalfalfa.com.ar\/noticias\/#website\"},\"primaryImageOfPage\":{\"@id\":\"https:\/\/www.todoalfalfa.com.ar\/noticias\/incorporan-nueva-tecnologia-para-ampliar-mercado-exportador\/#primaryimage\"},\"image\":{\"@id\":\"https:\/\/www.todoalfalfa.com.ar\/noticias\/incorporan-nueva-tecnologia-para-ampliar-mercado-exportador\/#primaryimage\"},\"thumbnailUrl\":\"https:\/\/i0.wp.com\/www.todoalfalfa.com.ar\/noticias\/wp-content\/uploads\/2023\/06\/compactadora-alfalfa-alfazal.jpg?fit=777%2C437&ssl=1\",\"datePublished\":\"2023-06-12T14:20:10+00:00\",\"dateModified\":\"2023-06-12T14:20:15+00:00\",\"description\":\"San Luis Log\u00edstica elaborar\u00e1 otro formato de fardo, que permitir\u00e1 llegar a compradores del Mercosur, China y Emiratos \u00c1rabes.\",\"breadcrumb\":{\"@id\":\"https:\/\/www.todoalfalfa.com.ar\/noticias\/incorporan-nueva-tecnologia-para-ampliar-mercado-exportador\/#breadcrumb\"},\"inLanguage\":\"es\",\"potentialAction\":[{\"@type\":\"ReadAction\",\"target\":[\"https:\/\/www.todoalfalfa.com.ar\/noticias\/incorporan-nueva-tecnologia-para-ampliar-mercado-exportador\/\"]}]},{\"@type\":\"ImageObject\",\"inLanguage\":\"es\",\"@id\":\"https:\/\/www.todoalfalfa.com.ar\/noticias\/incorporan-nueva-tecnologia-para-ampliar-mercado-exportador\/#primaryimage\",\"url\":\"https:\/\/i0.wp.com\/www.todoalfalfa.com.ar\/noticias\/wp-content\/uploads\/2023\/06\/compactadora-alfalfa-alfazal.jpg?fit=777%2C437&ssl=1\",\"contentUrl\":\"https:\/\/i0.wp.com\/www.todoalfalfa.com.ar\/noticias\/wp-content\/uploads\/2023\/06\/compactadora-alfalfa-alfazal.jpg?fit=777%2C437&ssl=1\",\"width\":777,\"height\":437},{\"@type\":\"BreadcrumbList\",\"@id\":\"https:\/\/www.todoalfalfa.com.ar\/noticias\/incorporan-nueva-tecnologia-para-ampliar-mercado-exportador\/#breadcrumb\",\"itemListElement\":[{\"@type\":\"ListItem\",\"position\":1,\"name\":\"Principal\",\"item\":\"https:\/\/www.todoalfalfa.com.ar\/noticias\/\"},{\"@type\":\"ListItem\",\"position\":2,\"name\":\"Incorporan nueva tecnolog\u00eda para ampliar mercado exportador\"}]},{\"@type\":\"WebSite\",\"@id\":\"https:\/\/www.todoalfalfa.com.ar\/noticias\/#website\",\"url\":\"https:\/\/www.todoalfalfa.com.ar\/noticias\/\",\"name\":\"Todo Alfalfa\",\"description\":\"Web informativa de la cadena de la alfalfa argentina\",\"publisher\":{\"@id\":\"https:\/\/www.todoalfalfa.com.ar\/noticias\/#organization\"},\"potentialAction\":[{\"@type\":\"SearchAction\",\"target\":{\"@type\":\"EntryPoint\",\"urlTemplate\":\"https:\/\/www.todoalfalfa.com.ar\/noticias\/?s={search_term_string}\"},\"query-input\":{\"@type\":\"PropertyValueSpecification\",\"valueRequired\":true,\"valueName\":\"search_term_string\"}}],\"inLanguage\":\"es\"},{\"@type\":\"Organization\",\"@id\":\"https:\/\/www.todoalfalfa.com.ar\/noticias\/#organization\",\"name\":\"Todo Alfalfa\",\"url\":\"https:\/\/www.todoalfalfa.com.ar\/noticias\/\",\"logo\":{\"@type\":\"ImageObject\",\"inLanguage\":\"es\",\"@id\":\"https:\/\/www.todoalfalfa.com.ar\/noticias\/#\/schema\/logo\/image\/\",\"url\":\"https:\/\/www.todoalfalfa.com.ar\/noticias\/wp-content\/uploads\/2020\/09\/logo-todo-alfalfa-modificado.png\",\"contentUrl\":\"https:\/\/www.todoalfalfa.com.ar\/noticias\/wp-content\/uploads\/2020\/09\/logo-todo-alfalfa-modificado.png\",\"width\":350,\"height\":100,\"caption\":\"Todo Alfalfa\"},\"image\":{\"@id\":\"https:\/\/www.todoalfalfa.com.ar\/noticias\/#\/schema\/logo\/image\/\"},\"sameAs\":[\"https:\/\/www.facebook.com\/todoalfalfa\",\"https:\/\/www.instagram.com\/todoalfalfa\",\"https:\/\/www.youtube.com\/@TodoAlfalfa\",\"https:\/\/www.linkedin.com\/company\/todoalfalfa\/\"]},{\"@type\":\"Person\",\"@id\":\"https:\/\/www.todoalfalfa.com.ar\/noticias\/#\/schema\/person\/4ee4bca9b9fa50c4f0fbaf7017fbf2ad\",\"name\":\"Todo Alfalfa\",\"image\":{\"@type\":\"ImageObject\",\"inLanguage\":\"es\",\"@id\":\"https:\/\/www.todoalfalfa.com.ar\/noticias\/#\/schema\/person\/image\/\",\"url\":\"https:\/\/secure.gravatar.com\/avatar\/4d26a600a1380823a26c3f9cb74ada1a8ee4b482c0c3a616ab022b865c46be8f?s=96&d=mm&r=g\",\"contentUrl\":\"https:\/\/secure.gravatar.com\/avatar\/4d26a600a1380823a26c3f9cb74ada1a8ee4b482c0c3a616ab022b865c46be8f?s=96&d=mm&r=g\",\"caption\":\"Todo Alfalfa\"},\"sameAs\":[\"http:\/\/www.todoalfalfa.com.ar\"],\"url\":\"https:\/\/www.todoalfalfa.com.ar\/noticias\/author\/todoalfalfa\/\"}]}<\/script>\n<!-- \/ Yoast SEO plugin. -->","yoast_head_json":{"title":"Incorporan nueva tecnolog\u00eda para ampliar mercado exportador","description":"San Luis Log\u00edstica elaborar\u00e1 otro formato de fardo, que permitir\u00e1 llegar a compradores del Mercosur, China y Emiratos \u00c1rabes.","robots":{"index":"index","follow":"follow","max-snippet":"max-snippet:-1","max-image-preview":"max-image-preview:large","max-video-preview":"max-video-preview:-1"},"canonical":"https:\/\/www.todoalfalfa.com.ar\/noticias\/incorporan-nueva-tecnologia-para-ampliar-mercado-exportador\/","og_locale":"es_ES","og_type":"article","og_title":"Incorporan nueva tecnolog\u00eda para ampliar mercado exportador","og_description":"San Luis Log\u00edstica elaborar\u00e1 otro formato de fardo, que permitir\u00e1 llegar a compradores del Mercosur, China y Emiratos \u00c1rabes.","og_url":"https:\/\/www.todoalfalfa.com.ar\/noticias\/incorporan-nueva-tecnologia-para-ampliar-mercado-exportador\/","og_site_name":"Todo Alfalfa","article_publisher":"https:\/\/www.facebook.com\/todoalfalfa","article_published_time":"2023-06-12T14:20:10+00:00","article_modified_time":"2023-06-12T14:20:15+00:00","og_image":[{"width":777,"height":437,"url":"https:\/\/www.todoalfalfa.com.ar\/noticias\/wp-content\/uploads\/2023\/06\/compactadora-alfalfa-alfazal.jpg","type":"image\/jpeg"}],"author":"Todo Alfalfa","twitter_card":"summary_large_image","twitter_misc":{"Escrito por":"Todo Alfalfa","Tiempo de lectura":"3 minutos"},"schema":{"@context":"https:\/\/schema.org","@graph":[{"@type":"NewsArticle","@id":"https:\/\/www.todoalfalfa.com.ar\/noticias\/incorporan-nueva-tecnologia-para-ampliar-mercado-exportador\/#article","isPartOf":{"@id":"https:\/\/www.todoalfalfa.com.ar\/noticias\/incorporan-nueva-tecnologia-para-ampliar-mercado-exportador\/"},"author":{"name":"Todo Alfalfa","@id":"https:\/\/www.todoalfalfa.com.ar\/noticias\/#\/schema\/person\/4ee4bca9b9fa50c4f0fbaf7017fbf2ad"},"headline":"Incorporan nueva tecnolog\u00eda para ampliar mercado exportador","datePublished":"2023-06-12T14:20:10+00:00","dateModified":"2023-06-12T14:20:15+00:00","mainEntityOfPage":{"@id":"https:\/\/www.todoalfalfa.com.ar\/noticias\/incorporan-nueva-tecnologia-para-ampliar-mercado-exportador\/"},"wordCount":571,"publisher":{"@id":"https:\/\/www.todoalfalfa.com.ar\/noticias\/#organization"},"image":{"@id":"https:\/\/www.todoalfalfa.com.ar\/noticias\/incorporan-nueva-tecnologia-para-ampliar-mercado-exportador\/#primaryimage"},"thumbnailUrl":"https:\/\/i0.wp.com\/www.todoalfalfa.com.ar\/noticias\/wp-content\/uploads\/2023\/06\/compactadora-alfalfa-alfazal.jpg?fit=777%2C437&ssl=1","keywords":["alfalfa","alfazal","compactadora","San-Luis"],"articleSection":["Generales"],"inLanguage":"es"},{"@type":["WebPage","ItemPage"],"@id":"https:\/\/www.todoalfalfa.com.ar\/noticias\/incorporan-nueva-tecnologia-para-ampliar-mercado-exportador\/","url":"https:\/\/www.todoalfalfa.com.ar\/noticias\/incorporan-nueva-tecnologia-para-ampliar-mercado-exportador\/","name":"Incorporan nueva tecnolog\u00eda para ampliar mercado exportador","isPartOf":{"@id":"https:\/\/www.todoalfalfa.com.ar\/noticias\/#website"},"primaryImageOfPage":{"@id":"https:\/\/www.todoalfalfa.com.ar\/noticias\/incorporan-nueva-tecnologia-para-ampliar-mercado-exportador\/#primaryimage"},"image":{"@id":"https:\/\/www.todoalfalfa.com.ar\/noticias\/incorporan-nueva-tecnologia-para-ampliar-mercado-exportador\/#primaryimage"},"thumbnailUrl":"https:\/\/i0.wp.com\/www.todoalfalfa.com.ar\/noticias\/wp-content\/uploads\/2023\/06\/compactadora-alfalfa-alfazal.jpg?fit=777%2C437&ssl=1","datePublished":"2023-06-12T14:20:10+00:00","dateModified":"2023-06-12T14:20:15+00:00","description":"San Luis Log\u00edstica elaborar\u00e1 otro formato de fardo, que permitir\u00e1 llegar a compradores del Mercosur, China y Emiratos \u00c1rabes.","breadcrumb":{"@id":"https:\/\/www.todoalfalfa.com.ar\/noticias\/incorporan-nueva-tecnologia-para-ampliar-mercado-exportador\/#breadcrumb"},"inLanguage":"es","potentialAction":[{"@type":"ReadAction","target":["https:\/\/www.todoalfalfa.com.ar\/noticias\/incorporan-nueva-tecnologia-para-ampliar-mercado-exportador\/"]}]},{"@type":"ImageObject","inLanguage":"es","@id":"https:\/\/www.todoalfalfa.com.ar\/noticias\/incorporan-nueva-tecnologia-para-ampliar-mercado-exportador\/#primaryimage","url":"https:\/\/i0.wp.com\/www.todoalfalfa.com.ar\/noticias\/wp-content\/uploads\/2023\/06\/compactadora-alfalfa-alfazal.jpg?fit=777%2C437&ssl=1","contentUrl":"https:\/\/i0.wp.com\/www.todoalfalfa.com.ar\/noticias\/wp-content\/uploads\/2023\/06\/compactadora-alfalfa-alfazal.jpg?fit=777%2C437&ssl=1","width":777,"height":437},{"@type":"BreadcrumbList","@id":"https:\/\/www.todoalfalfa.com.ar\/noticias\/incorporan-nueva-tecnologia-para-ampliar-mercado-exportador\/#breadcrumb","itemListElement":[{"@type":"ListItem","position":1,"name":"Principal","item":"https:\/\/www.todoalfalfa.com.ar\/noticias\/"},{"@type":"ListItem","position":2,"name":"Incorporan nueva tecnolog\u00eda para ampliar mercado exportador"}]},{"@type":"WebSite","@id":"https:\/\/www.todoalfalfa.com.ar\/noticias\/#website","url":"https:\/\/www.todoalfalfa.com.ar\/noticias\/","name":"Todo Alfalfa","description":"Web informativa de la cadena de la alfalfa argentina","publisher":{"@id":"https:\/\/www.todoalfalfa.com.ar\/noticias\/#organization"},"potentialAction":[{"@type":"SearchAction","target":{"@type":"EntryPoint","urlTemplate":"https:\/\/www.todoalfalfa.com.ar\/noticias\/?s={search_term_string}"},"query-input":{"@type":"PropertyValueSpecification","valueRequired":true,"valueName":"search_term_string"}}],"inLanguage":"es"},{"@type":"Organization","@id":"https:\/\/www.todoalfalfa.com.ar\/noticias\/#organization","name":"Todo Alfalfa","url":"https:\/\/www.todoalfalfa.com.ar\/noticias\/","logo":{"@type":"ImageObject","inLanguage":"es","@id":"https:\/\/www.todoalfalfa.com.ar\/noticias\/#\/schema\/logo\/image\/","url":"https:\/\/www.todoalfalfa.com.ar\/noticias\/wp-content\/uploads\/2020\/09\/logo-todo-alfalfa-modificado.png","contentUrl":"https:\/\/www.todoalfalfa.com.ar\/noticias\/wp-content\/uploads\/2020\/09\/logo-todo-alfalfa-modificado.png","width":350,"height":100,"caption":"Todo Alfalfa"},"image":{"@id":"https:\/\/www.todoalfalfa.com.ar\/noticias\/#\/schema\/logo\/image\/"},"sameAs":["https:\/\/www.facebook.com\/todoalfalfa","https:\/\/www.instagram.com\/todoalfalfa","https:\/\/www.youtube.com\/@TodoAlfalfa","https:\/\/www.linkedin.com\/company\/todoalfalfa\/"]},{"@type":"Person","@id":"https:\/\/www.todoalfalfa.com.ar\/noticias\/#\/schema\/person\/4ee4bca9b9fa50c4f0fbaf7017fbf2ad","name":"Todo Alfalfa","image":{"@type":"ImageObject","inLanguage":"es","@id":"https:\/\/www.todoalfalfa.com.ar\/noticias\/#\/schema\/person\/image\/","url":"https:\/\/secure.gravatar.com\/avatar\/4d26a600a1380823a26c3f9cb74ada1a8ee4b482c0c3a616ab022b865c46be8f?s=96&d=mm&r=g","contentUrl":"https:\/\/secure.gravatar.com\/avatar\/4d26a600a1380823a26c3f9cb74ada1a8ee4b482c0c3a616ab022b865c46be8f?s=96&d=mm&r=g","caption":"Todo Alfalfa"},"sameAs":["http:\/\/www.todoalfalfa.com.ar"],"url":"https:\/\/www.todoalfalfa.com.ar\/noticias\/author\/todoalfalfa\/"}]}},"jetpack_featured_media_url":"https:\/\/i0.wp.com\/www.todoalfalfa.com.ar\/noticias\/wp-content\/uploads\/2023\/06\/compactadora-alfalfa-alfazal.jpg?fit=777%2C437&ssl=1","wps_subtitle":"","jetpack_sharing_enabled":true,"_links":{"self":[{"href":"https:\/\/www.todoalfalfa.com.ar\/noticias\/wp-json\/wp\/v2\/posts\/45520","targetHints":{"allow":["GET"]}}],"collection":[{"href":"https:\/\/www.todoalfalfa.com.ar\/noticias\/wp-json\/wp\/v2\/posts"}],"about":[{"href":"https:\/\/www.todoalfalfa.com.ar\/noticias\/wp-json\/wp\/v2\/types\/post"}],"author":[{"embeddable":true,"href":"https:\/\/www.todoalfalfa.com.ar\/noticias\/wp-json\/wp\/v2\/users\/3"}],"replies":[{"embeddable":true,"href":"https:\/\/www.todoalfalfa.com.ar\/noticias\/wp-json\/wp\/v2\/comments?post=45520"}],"version-history":[{"count":1,"href":"https:\/\/www.todoalfalfa.com.ar\/noticias\/wp-json\/wp\/v2\/posts\/45520\/revisions"}],"predecessor-version":[{"id":45522,"href":"https:\/\/www.todoalfalfa.com.ar\/noticias\/wp-json\/wp\/v2\/posts\/45520\/revisions\/45522"}],"wp:featuredmedia":[{"embeddable":true,"href":"https:\/\/www.todoalfalfa.com.ar\/noticias\/wp-json\/wp\/v2\/media\/45521"}],"wp:attachment":[{"href":"https:\/\/www.todoalfalfa.com.ar\/noticias\/wp-json\/wp\/v2\/media?parent=45520"}],"wp:term":[{"taxonomy":"category","embeddable":true,"href":"https:\/\/www.todoalfalfa.com.ar\/noticias\/wp-json\/wp\/v2\/categories?post=45520"},{"taxonomy":"post_tag","embeddable":true,"href":"https:\/\/www.todoalfalfa.com.ar\/noticias\/wp-json\/wp\/v2\/tags?post=45520"}],"curies":[{"name":"wp","href":"https:\/\/api.w.org\/{rel}","templated":true}]}}