{"id":45524,"date":"2023-06-15T15:01:05","date_gmt":"2023-06-15T18:01:05","guid":{"rendered":"https:\/\/www.todoalfalfa.com.ar\/?p=45524"},"modified":"2023-06-16T16:04:35","modified_gmt":"2023-06-16T19:04:35","slug":"profundo-dolor-por-el-fallecimiento-de-roberto-rossanigo-referente-del-cultivo-de-alfalfa","status":"publish","type":"post","link":"https:\/\/www.todoalfalfa.com.ar\/noticias\/profundo-dolor-por-el-fallecimiento-de-roberto-rossanigo-referente-del-cultivo-de-alfalfa\/","title":{"rendered":"Profundo dolor por el fallecimiento de Roberto Rossanigo, referente del cultivo de alfalfa"},"content":{"rendered":"\n<p>Su especialidad fue el cultivo de alfalfa y eficaz tarea lo convirti\u00f3 en un incansable y afamado consultor, que comparti\u00f3 generosamente sus conocimientos a trav\u00e9s de charlas y conferencias as\u00ed como incontables publicaciones en sus 5 d\u00e9cadas de transitar la agronom\u00eda.<\/p>\n\n\n\n<p>Oriundo de la provincia de Santa Fe, Roberto desarroll\u00f3 su capacitaci\u00f3n y crecimiento profesional en el INTA Marcos Ju\u00e1rez a partir de la d\u00e9cada del \u201970 formando parte de un ejemplar equipo t\u00e9cnico que completaban en aquellos tiempos Alberto Cragnaz, Miguel Amigone, Arturo Arano, Norberto Calcha y Jos\u00e9 Ramunno dentro de forrajeras y nutrici\u00f3n en el Area Producci\u00f3n Animal. Todos excelentes en sus rubros espec\u00edficos, Rossanigo prolong\u00f3 su pertenencia al INTA marcosjuarense hasta entrada la d\u00e9cada de 2000 para luego retirarse a la actividad privada y, tal lo dicho, continuar su categor\u00eda de referente nacional de la reina de las forrajeras.<\/p>\n\n\n<div class=\"wp-block-image\">\n<figure class=\"aligncenter size-full\"><img data-recalc-dims=\"1\" fetchpriority=\"high\" decoding=\"async\" width=\"522\" height=\"761\" src=\"https:\/\/i0.wp.com\/www.todoalfalfa.com.ar\/wp-content\/uploads\/2023\/06\/despedida-wl.jpg?resize=522%2C761&#038;ssl=1\" alt=\"\" class=\"wp-image-45535\" srcset=\"https:\/\/i0.wp.com\/www.todoalfalfa.com.ar\/noticias\/wp-content\/uploads\/2023\/06\/despedida-wl.jpg?w=522&amp;ssl=1 522w, https:\/\/i0.wp.com\/www.todoalfalfa.com.ar\/noticias\/wp-content\/uploads\/2023\/06\/despedida-wl.jpg?resize=206%2C300&amp;ssl=1 206w\" sizes=\"(max-width: 522px) 100vw, 522px\" \/><figcaption class=\"wp-element-caption\"><em>La firma Agvance, donde Rossanigo realiz\u00f3 destacados aportes, lo despidi\u00f3 en sus redes sociales<\/em>.<\/figcaption><\/figure><\/div>\n\n\n<p><strong>Mensaje del Inta<\/strong><br>\u00abLos integrantes del INTA Marcos Ju\u00e1rez extra\u00f1aremos su calidez y el distintivo vozarr\u00f3n del querido Roberto y elevamos una plegaria por su descanso eterno y el deseo de pronto consuelo para sus familiares\u00bb, cierra el comunicado enviado a la redacci\u00f3n de TodoAgro.<\/p>\n\n\n\n<figure class=\"wp-block-embed aligncenter is-type-video is-provider-youtube wp-block-embed-youtube wp-embed-aspect-16-9 wp-has-aspect-ratio\"><div class=\"wp-block-embed__wrapper\">\n<iframe title=\"&quot;El mejoramiento gen\u00e9tico en alfalfa es tan grande como en otros cultivos&quot;\" width=\"500\" height=\"281\" src=\"https:\/\/www.youtube.com\/embed\/c1FYta57J98?feature=oembed\" frameborder=\"0\" allow=\"accelerometer; autoplay; clipboard-write; encrypted-media; gyroscope; picture-in-picture; web-share\" referrerpolicy=\"strict-origin-when-cross-origin\" allowfullscreen><\/iframe>\n<\/div><figcaption class=\"wp-element-caption\"><em>Entrevista a Roberto Rossanigo realizada desde el Grupo TodoAgro en 2021: \u00abEl mejoramiento gen\u00e9tico en alfalfa es tan grande como en otros cultivos<\/em>\u00ab<\/figcaption><\/figure>\n<div class=\"todoalfalfa-final-de-la-nota\" id=\"todoalfalfa-3097065154\"><a href=\"https:\/\/www.whatsapp.com\/channel\/0029VbCBmFB9WtBxJsD3eC2i\" target=\"_blank\" aria-label=\"5\"><img src=\"https:\/\/i0.wp.com\/www.todoalfalfa.com.ar\/noticias\/wp-content\/uploads\/2026\/04\/5.gif?fit=728%2C90&#038;ssl=1\" alt=\"\"  width=\"728\" height=\"90\"   \/><\/a><\/div>","protected":false},"excerpt":{"rendered":"<p>Este 15 de junio se acaba de conocer la infausta noticia del fallecimiento del ingeniero Roberto Rossanigo, destacado referente a nivel nacional en el cultivo de alfalfa. Revist\u00f3 por a\u00f1os en el INTA y hace m\u00e1s de 2 d\u00e9cadas corporiz\u00f3 la multinacional Forage Genetics en Argentina.<\/p>\n","protected":false},"author":3,"featured_media":493,"comment_status":"closed","ping_status":"open","sticky":false,"template":"","format":"standard","meta":{"jetpack_post_was_ever_published":false,"_jetpack_newsletter_access":"","_jetpack_dont_email_post_to_subs":false,"_jetpack_newsletter_tier_id":0,"_jetpack_memberships_contains_paywalled_content":false,"_jetpack_memberships_contains_paid_content":false,"footnotes":""},"categories":[2],"tags":[31,1075,1473,46],"class_list":["post-45524","post","type-post","status-publish","format-standard","has-post-thumbnail","hentry","category-generales","tag-alfalfa","tag-fallecimiento","tag-forage-genetics","tag-rossanigo"],"yoast_head":"<!-- This site is optimized with the Yoast SEO plugin v25.5 - https:\/\/yoast.com\/wordpress\/plugins\/seo\/ -->\n<title>Profundo dolor por el fallecimiento de Roberto Rossanigo, referente del cultivo de alfalfa<\/title>\n<meta name=\"description\" content=\"Este 15 de junio se acaba de conocer la infausta noticia del fallecimiento del ingeniero Roberto Rossanigo, destacado referente a nivel nacional en el cultivo de alfalfa. Revist\u00f3 por a\u00f1os en el INTA y hace m\u00e1s de 2 d\u00e9cadas corporiz\u00f3 la multinacional Forage Genetics en Argentina.\" \/>\n<meta name=\"robots\" content=\"index, follow, max-snippet:-1, max-image-preview:large, max-video-preview:-1\" \/>\n<link rel=\"canonical\" href=\"https:\/\/www.todoalfalfa.com.ar\/noticias\/profundo-dolor-por-el-fallecimiento-de-roberto-rossanigo-referente-del-cultivo-de-alfalfa\/\" \/>\n<meta property=\"og:locale\" content=\"es_ES\" \/>\n<meta property=\"og:type\" content=\"article\" \/>\n<meta property=\"og:title\" content=\"Profundo dolor por el fallecimiento de Roberto Rossanigo, referente del cultivo de alfalfa\" \/>\n<meta property=\"og:description\" content=\"Este 15 de junio se acaba de conocer la infausta noticia del fallecimiento del ingeniero Roberto Rossanigo, destacado referente a nivel nacional en el cultivo de alfalfa. Revist\u00f3 por a\u00f1os en el INTA y hace m\u00e1s de 2 d\u00e9cadas corporiz\u00f3 la multinacional Forage Genetics en Argentina.\" \/>\n<meta property=\"og:url\" content=\"https:\/\/www.todoalfalfa.com.ar\/noticias\/profundo-dolor-por-el-fallecimiento-de-roberto-rossanigo-referente-del-cultivo-de-alfalfa\/\" \/>\n<meta property=\"og:site_name\" content=\"Todo Alfalfa\" \/>\n<meta property=\"article:publisher\" content=\"https:\/\/www.facebook.com\/todoalfalfa\" \/>\n<meta property=\"article:published_time\" content=\"2023-06-15T18:01:05+00:00\" \/>\n<meta property=\"article:modified_time\" content=\"2023-06-16T19:04:35+00:00\" \/>\n<meta property=\"og:image\" content=\"https:\/\/www.todoalfalfa.com.ar\/noticias\/wp-content\/uploads\/2017\/04\/Roberto-Rossanigo.jpg\" \/>\n\t<meta property=\"og:image:width\" content=\"777\" \/>\n\t<meta property=\"og:image:height\" content=\"437\" \/>\n\t<meta property=\"og:image:type\" content=\"image\/jpeg\" \/>\n<meta name=\"author\" content=\"Todo Alfalfa\" \/>\n<meta name=\"twitter:card\" content=\"summary_large_image\" \/>\n<meta name=\"twitter:label1\" content=\"Escrito por\" \/>\n\t<meta name=\"twitter:data1\" content=\"Todo Alfalfa\" \/>\n\t<meta name=\"twitter:label2\" content=\"Tiempo de lectura\" \/>\n\t<meta name=\"twitter:data2\" content=\"2 minutos\" \/>\n<script type=\"application\/ld+json\" class=\"yoast-schema-graph\">{\"@context\":\"https:\/\/schema.org\",\"@graph\":[{\"@type\":\"NewsArticle\",\"@id\":\"https:\/\/www.todoalfalfa.com.ar\/noticias\/profundo-dolor-por-el-fallecimiento-de-roberto-rossanigo-referente-del-cultivo-de-alfalfa\/#article\",\"isPartOf\":{\"@id\":\"https:\/\/www.todoalfalfa.com.ar\/noticias\/profundo-dolor-por-el-fallecimiento-de-roberto-rossanigo-referente-del-cultivo-de-alfalfa\/\"},\"author\":{\"name\":\"Todo Alfalfa\",\"@id\":\"https:\/\/www.todoalfalfa.com.ar\/noticias\/#\/schema\/person\/4ee4bca9b9fa50c4f0fbaf7017fbf2ad\"},\"headline\":\"Profundo dolor por el fallecimiento de Roberto Rossanigo, referente del cultivo de alfalfa\",\"datePublished\":\"2023-06-15T18:01:05+00:00\",\"dateModified\":\"2023-06-16T19:04:35+00:00\",\"mainEntityOfPage\":{\"@id\":\"https:\/\/www.todoalfalfa.com.ar\/noticias\/profundo-dolor-por-el-fallecimiento-de-roberto-rossanigo-referente-del-cultivo-de-alfalfa\/\"},\"wordCount\":259,\"publisher\":{\"@id\":\"https:\/\/www.todoalfalfa.com.ar\/noticias\/#organization\"},\"image\":{\"@id\":\"https:\/\/www.todoalfalfa.com.ar\/noticias\/profundo-dolor-por-el-fallecimiento-de-roberto-rossanigo-referente-del-cultivo-de-alfalfa\/#primaryimage\"},\"thumbnailUrl\":\"https:\/\/i0.wp.com\/www.todoalfalfa.com.ar\/noticias\/wp-content\/uploads\/2017\/04\/Roberto-Rossanigo.jpg?fit=777%2C437&ssl=1\",\"keywords\":[\"alfalfa\",\"fallecimiento\",\"Forage-Genetics\",\"Rossanigo\"],\"articleSection\":[\"Generales\"],\"inLanguage\":\"es\"},{\"@type\":[\"WebPage\",\"ItemPage\"],\"@id\":\"https:\/\/www.todoalfalfa.com.ar\/noticias\/profundo-dolor-por-el-fallecimiento-de-roberto-rossanigo-referente-del-cultivo-de-alfalfa\/\",\"url\":\"https:\/\/www.todoalfalfa.com.ar\/noticias\/profundo-dolor-por-el-fallecimiento-de-roberto-rossanigo-referente-del-cultivo-de-alfalfa\/\",\"name\":\"Profundo dolor por el fallecimiento de Roberto Rossanigo, referente del cultivo de alfalfa\",\"isPartOf\":{\"@id\":\"https:\/\/www.todoalfalfa.com.ar\/noticias\/#website\"},\"primaryImageOfPage\":{\"@id\":\"https:\/\/www.todoalfalfa.com.ar\/noticias\/profundo-dolor-por-el-fallecimiento-de-roberto-rossanigo-referente-del-cultivo-de-alfalfa\/#primaryimage\"},\"image\":{\"@id\":\"https:\/\/www.todoalfalfa.com.ar\/noticias\/profundo-dolor-por-el-fallecimiento-de-roberto-rossanigo-referente-del-cultivo-de-alfalfa\/#primaryimage\"},\"thumbnailUrl\":\"https:\/\/i0.wp.com\/www.todoalfalfa.com.ar\/noticias\/wp-content\/uploads\/2017\/04\/Roberto-Rossanigo.jpg?fit=777%2C437&ssl=1\",\"datePublished\":\"2023-06-15T18:01:05+00:00\",\"dateModified\":\"2023-06-16T19:04:35+00:00\",\"description\":\"Este 15 de junio se acaba de conocer la infausta noticia del fallecimiento del ingeniero Roberto Rossanigo, destacado referente a nivel nacional en el cultivo de alfalfa. Revist\u00f3 por a\u00f1os en el INTA y hace m\u00e1s de 2 d\u00e9cadas corporiz\u00f3 la multinacional Forage Genetics en Argentina.\",\"breadcrumb\":{\"@id\":\"https:\/\/www.todoalfalfa.com.ar\/noticias\/profundo-dolor-por-el-fallecimiento-de-roberto-rossanigo-referente-del-cultivo-de-alfalfa\/#breadcrumb\"},\"inLanguage\":\"es\",\"potentialAction\":[{\"@type\":\"ReadAction\",\"target\":[\"https:\/\/www.todoalfalfa.com.ar\/noticias\/profundo-dolor-por-el-fallecimiento-de-roberto-rossanigo-referente-del-cultivo-de-alfalfa\/\"]}]},{\"@type\":\"ImageObject\",\"inLanguage\":\"es\",\"@id\":\"https:\/\/www.todoalfalfa.com.ar\/noticias\/profundo-dolor-por-el-fallecimiento-de-roberto-rossanigo-referente-del-cultivo-de-alfalfa\/#primaryimage\",\"url\":\"https:\/\/i0.wp.com\/www.todoalfalfa.com.ar\/noticias\/wp-content\/uploads\/2017\/04\/Roberto-Rossanigo.jpg?fit=777%2C437&ssl=1\",\"contentUrl\":\"https:\/\/i0.wp.com\/www.todoalfalfa.com.ar\/noticias\/wp-content\/uploads\/2017\/04\/Roberto-Rossanigo.jpg?fit=777%2C437&ssl=1\",\"width\":777,\"height\":437,\"caption\":\"El Ing. Roberto Rossanigo en el campo experimental de Forage Genetics Argentina\"},{\"@type\":\"BreadcrumbList\",\"@id\":\"https:\/\/www.todoalfalfa.com.ar\/noticias\/profundo-dolor-por-el-fallecimiento-de-roberto-rossanigo-referente-del-cultivo-de-alfalfa\/#breadcrumb\",\"itemListElement\":[{\"@type\":\"ListItem\",\"position\":1,\"name\":\"Principal\",\"item\":\"https:\/\/www.todoalfalfa.com.ar\/noticias\/\"},{\"@type\":\"ListItem\",\"position\":2,\"name\":\"Profundo dolor por el fallecimiento de Roberto Rossanigo, referente del cultivo de alfalfa\"}]},{\"@type\":\"WebSite\",\"@id\":\"https:\/\/www.todoalfalfa.com.ar\/noticias\/#website\",\"url\":\"https:\/\/www.todoalfalfa.com.ar\/noticias\/\",\"name\":\"Todo Alfalfa\",\"description\":\"Web informativa de la cadena de la alfalfa argentina\",\"publisher\":{\"@id\":\"https:\/\/www.todoalfalfa.com.ar\/noticias\/#organization\"},\"potentialAction\":[{\"@type\":\"SearchAction\",\"target\":{\"@type\":\"EntryPoint\",\"urlTemplate\":\"https:\/\/www.todoalfalfa.com.ar\/noticias\/?s={search_term_string}\"},\"query-input\":{\"@type\":\"PropertyValueSpecification\",\"valueRequired\":true,\"valueName\":\"search_term_string\"}}],\"inLanguage\":\"es\"},{\"@type\":\"Organization\",\"@id\":\"https:\/\/www.todoalfalfa.com.ar\/noticias\/#organization\",\"name\":\"Todo Alfalfa\",\"url\":\"https:\/\/www.todoalfalfa.com.ar\/noticias\/\",\"logo\":{\"@type\":\"ImageObject\",\"inLanguage\":\"es\",\"@id\":\"https:\/\/www.todoalfalfa.com.ar\/noticias\/#\/schema\/logo\/image\/\",\"url\":\"https:\/\/www.todoalfalfa.com.ar\/noticias\/wp-content\/uploads\/2020\/09\/logo-todo-alfalfa-modificado.png\",\"contentUrl\":\"https:\/\/www.todoalfalfa.com.ar\/noticias\/wp-content\/uploads\/2020\/09\/logo-todo-alfalfa-modificado.png\",\"width\":350,\"height\":100,\"caption\":\"Todo Alfalfa\"},\"image\":{\"@id\":\"https:\/\/www.todoalfalfa.com.ar\/noticias\/#\/schema\/logo\/image\/\"},\"sameAs\":[\"https:\/\/www.facebook.com\/todoalfalfa\",\"https:\/\/www.instagram.com\/todoalfalfa\",\"https:\/\/www.youtube.com\/@TodoAlfalfa\",\"https:\/\/www.linkedin.com\/company\/todoalfalfa\/\"]},{\"@type\":\"Person\",\"@id\":\"https:\/\/www.todoalfalfa.com.ar\/noticias\/#\/schema\/person\/4ee4bca9b9fa50c4f0fbaf7017fbf2ad\",\"name\":\"Todo Alfalfa\",\"image\":{\"@type\":\"ImageObject\",\"inLanguage\":\"es\",\"@id\":\"https:\/\/www.todoalfalfa.com.ar\/noticias\/#\/schema\/person\/image\/\",\"url\":\"https:\/\/secure.gravatar.com\/avatar\/4d26a600a1380823a26c3f9cb74ada1a8ee4b482c0c3a616ab022b865c46be8f?s=96&d=mm&r=g\",\"contentUrl\":\"https:\/\/secure.gravatar.com\/avatar\/4d26a600a1380823a26c3f9cb74ada1a8ee4b482c0c3a616ab022b865c46be8f?s=96&d=mm&r=g\",\"caption\":\"Todo Alfalfa\"},\"sameAs\":[\"http:\/\/www.todoalfalfa.com.ar\"],\"url\":\"https:\/\/www.todoalfalfa.com.ar\/noticias\/author\/todoalfalfa\/\"}]}<\/script>\n<!-- \/ Yoast SEO plugin. -->","yoast_head_json":{"title":"Profundo dolor por el fallecimiento de Roberto Rossanigo, referente del cultivo de alfalfa","description":"Este 15 de junio se acaba de conocer la infausta noticia del fallecimiento del ingeniero Roberto Rossanigo, destacado referente a nivel nacional en el cultivo de alfalfa. Revist\u00f3 por a\u00f1os en el INTA y hace m\u00e1s de 2 d\u00e9cadas corporiz\u00f3 la multinacional Forage Genetics en Argentina.","robots":{"index":"index","follow":"follow","max-snippet":"max-snippet:-1","max-image-preview":"max-image-preview:large","max-video-preview":"max-video-preview:-1"},"canonical":"https:\/\/www.todoalfalfa.com.ar\/noticias\/profundo-dolor-por-el-fallecimiento-de-roberto-rossanigo-referente-del-cultivo-de-alfalfa\/","og_locale":"es_ES","og_type":"article","og_title":"Profundo dolor por el fallecimiento de Roberto Rossanigo, referente del cultivo de alfalfa","og_description":"Este 15 de junio se acaba de conocer la infausta noticia del fallecimiento del ingeniero Roberto Rossanigo, destacado referente a nivel nacional en el cultivo de alfalfa. Revist\u00f3 por a\u00f1os en el INTA y hace m\u00e1s de 2 d\u00e9cadas corporiz\u00f3 la multinacional Forage Genetics en Argentina.","og_url":"https:\/\/www.todoalfalfa.com.ar\/noticias\/profundo-dolor-por-el-fallecimiento-de-roberto-rossanigo-referente-del-cultivo-de-alfalfa\/","og_site_name":"Todo Alfalfa","article_publisher":"https:\/\/www.facebook.com\/todoalfalfa","article_published_time":"2023-06-15T18:01:05+00:00","article_modified_time":"2023-06-16T19:04:35+00:00","og_image":[{"width":777,"height":437,"url":"https:\/\/www.todoalfalfa.com.ar\/noticias\/wp-content\/uploads\/2017\/04\/Roberto-Rossanigo.jpg","type":"image\/jpeg"}],"author":"Todo Alfalfa","twitter_card":"summary_large_image","twitter_misc":{"Escrito por":"Todo Alfalfa","Tiempo de lectura":"2 minutos"},"schema":{"@context":"https:\/\/schema.org","@graph":[{"@type":"NewsArticle","@id":"https:\/\/www.todoalfalfa.com.ar\/noticias\/profundo-dolor-por-el-fallecimiento-de-roberto-rossanigo-referente-del-cultivo-de-alfalfa\/#article","isPartOf":{"@id":"https:\/\/www.todoalfalfa.com.ar\/noticias\/profundo-dolor-por-el-fallecimiento-de-roberto-rossanigo-referente-del-cultivo-de-alfalfa\/"},"author":{"name":"Todo Alfalfa","@id":"https:\/\/www.todoalfalfa.com.ar\/noticias\/#\/schema\/person\/4ee4bca9b9fa50c4f0fbaf7017fbf2ad"},"headline":"Profundo dolor por el fallecimiento de Roberto Rossanigo, referente del cultivo de alfalfa","datePublished":"2023-06-15T18:01:05+00:00","dateModified":"2023-06-16T19:04:35+00:00","mainEntityOfPage":{"@id":"https:\/\/www.todoalfalfa.com.ar\/noticias\/profundo-dolor-por-el-fallecimiento-de-roberto-rossanigo-referente-del-cultivo-de-alfalfa\/"},"wordCount":259,"publisher":{"@id":"https:\/\/www.todoalfalfa.com.ar\/noticias\/#organization"},"image":{"@id":"https:\/\/www.todoalfalfa.com.ar\/noticias\/profundo-dolor-por-el-fallecimiento-de-roberto-rossanigo-referente-del-cultivo-de-alfalfa\/#primaryimage"},"thumbnailUrl":"https:\/\/i0.wp.com\/www.todoalfalfa.com.ar\/noticias\/wp-content\/uploads\/2017\/04\/Roberto-Rossanigo.jpg?fit=777%2C437&ssl=1","keywords":["alfalfa","fallecimiento","Forage-Genetics","Rossanigo"],"articleSection":["Generales"],"inLanguage":"es"},{"@type":["WebPage","ItemPage"],"@id":"https:\/\/www.todoalfalfa.com.ar\/noticias\/profundo-dolor-por-el-fallecimiento-de-roberto-rossanigo-referente-del-cultivo-de-alfalfa\/","url":"https:\/\/www.todoalfalfa.com.ar\/noticias\/profundo-dolor-por-el-fallecimiento-de-roberto-rossanigo-referente-del-cultivo-de-alfalfa\/","name":"Profundo dolor por el fallecimiento de Roberto Rossanigo, referente del cultivo de alfalfa","isPartOf":{"@id":"https:\/\/www.todoalfalfa.com.ar\/noticias\/#website"},"primaryImageOfPage":{"@id":"https:\/\/www.todoalfalfa.com.ar\/noticias\/profundo-dolor-por-el-fallecimiento-de-roberto-rossanigo-referente-del-cultivo-de-alfalfa\/#primaryimage"},"image":{"@id":"https:\/\/www.todoalfalfa.com.ar\/noticias\/profundo-dolor-por-el-fallecimiento-de-roberto-rossanigo-referente-del-cultivo-de-alfalfa\/#primaryimage"},"thumbnailUrl":"https:\/\/i0.wp.com\/www.todoalfalfa.com.ar\/noticias\/wp-content\/uploads\/2017\/04\/Roberto-Rossanigo.jpg?fit=777%2C437&ssl=1","datePublished":"2023-06-15T18:01:05+00:00","dateModified":"2023-06-16T19:04:35+00:00","description":"Este 15 de junio se acaba de conocer la infausta noticia del fallecimiento del ingeniero Roberto Rossanigo, destacado referente a nivel nacional en el cultivo de alfalfa. Revist\u00f3 por a\u00f1os en el INTA y hace m\u00e1s de 2 d\u00e9cadas corporiz\u00f3 la multinacional Forage Genetics en Argentina.","breadcrumb":{"@id":"https:\/\/www.todoalfalfa.com.ar\/noticias\/profundo-dolor-por-el-fallecimiento-de-roberto-rossanigo-referente-del-cultivo-de-alfalfa\/#breadcrumb"},"inLanguage":"es","potentialAction":[{"@type":"ReadAction","target":["https:\/\/www.todoalfalfa.com.ar\/noticias\/profundo-dolor-por-el-fallecimiento-de-roberto-rossanigo-referente-del-cultivo-de-alfalfa\/"]}]},{"@type":"ImageObject","inLanguage":"es","@id":"https:\/\/www.todoalfalfa.com.ar\/noticias\/profundo-dolor-por-el-fallecimiento-de-roberto-rossanigo-referente-del-cultivo-de-alfalfa\/#primaryimage","url":"https:\/\/i0.wp.com\/www.todoalfalfa.com.ar\/noticias\/wp-content\/uploads\/2017\/04\/Roberto-Rossanigo.jpg?fit=777%2C437&ssl=1","contentUrl":"https:\/\/i0.wp.com\/www.todoalfalfa.com.ar\/noticias\/wp-content\/uploads\/2017\/04\/Roberto-Rossanigo.jpg?fit=777%2C437&ssl=1","width":777,"height":437,"caption":"El Ing. Roberto Rossanigo en el campo experimental de Forage Genetics Argentina"},{"@type":"BreadcrumbList","@id":"https:\/\/www.todoalfalfa.com.ar\/noticias\/profundo-dolor-por-el-fallecimiento-de-roberto-rossanigo-referente-del-cultivo-de-alfalfa\/#breadcrumb","itemListElement":[{"@type":"ListItem","position":1,"name":"Principal","item":"https:\/\/www.todoalfalfa.com.ar\/noticias\/"},{"@type":"ListItem","position":2,"name":"Profundo dolor por el fallecimiento de Roberto Rossanigo, referente del cultivo de alfalfa"}]},{"@type":"WebSite","@id":"https:\/\/www.todoalfalfa.com.ar\/noticias\/#website","url":"https:\/\/www.todoalfalfa.com.ar\/noticias\/","name":"Todo Alfalfa","description":"Web informativa de la cadena de la alfalfa argentina","publisher":{"@id":"https:\/\/www.todoalfalfa.com.ar\/noticias\/#organization"},"potentialAction":[{"@type":"SearchAction","target":{"@type":"EntryPoint","urlTemplate":"https:\/\/www.todoalfalfa.com.ar\/noticias\/?s={search_term_string}"},"query-input":{"@type":"PropertyValueSpecification","valueRequired":true,"valueName":"search_term_string"}}],"inLanguage":"es"},{"@type":"Organization","@id":"https:\/\/www.todoalfalfa.com.ar\/noticias\/#organization","name":"Todo Alfalfa","url":"https:\/\/www.todoalfalfa.com.ar\/noticias\/","logo":{"@type":"ImageObject","inLanguage":"es","@id":"https:\/\/www.todoalfalfa.com.ar\/noticias\/#\/schema\/logo\/image\/","url":"https:\/\/www.todoalfalfa.com.ar\/noticias\/wp-content\/uploads\/2020\/09\/logo-todo-alfalfa-modificado.png","contentUrl":"https:\/\/www.todoalfalfa.com.ar\/noticias\/wp-content\/uploads\/2020\/09\/logo-todo-alfalfa-modificado.png","width":350,"height":100,"caption":"Todo Alfalfa"},"image":{"@id":"https:\/\/www.todoalfalfa.com.ar\/noticias\/#\/schema\/logo\/image\/"},"sameAs":["https:\/\/www.facebook.com\/todoalfalfa","https:\/\/www.instagram.com\/todoalfalfa","https:\/\/www.youtube.com\/@TodoAlfalfa","https:\/\/www.linkedin.com\/company\/todoalfalfa\/"]},{"@type":"Person","@id":"https:\/\/www.todoalfalfa.com.ar\/noticias\/#\/schema\/person\/4ee4bca9b9fa50c4f0fbaf7017fbf2ad","name":"Todo Alfalfa","image":{"@type":"ImageObject","inLanguage":"es","@id":"https:\/\/www.todoalfalfa.com.ar\/noticias\/#\/schema\/person\/image\/","url":"https:\/\/secure.gravatar.com\/avatar\/4d26a600a1380823a26c3f9cb74ada1a8ee4b482c0c3a616ab022b865c46be8f?s=96&d=mm&r=g","contentUrl":"https:\/\/secure.gravatar.com\/avatar\/4d26a600a1380823a26c3f9cb74ada1a8ee4b482c0c3a616ab022b865c46be8f?s=96&d=mm&r=g","caption":"Todo Alfalfa"},"sameAs":["http:\/\/www.todoalfalfa.com.ar"],"url":"https:\/\/www.todoalfalfa.com.ar\/noticias\/author\/todoalfalfa\/"}]}},"jetpack_featured_media_url":"https:\/\/i0.wp.com\/www.todoalfalfa.com.ar\/noticias\/wp-content\/uploads\/2017\/04\/Roberto-Rossanigo.jpg?fit=777%2C437&ssl=1","wps_subtitle":"","jetpack_sharing_enabled":true,"_links":{"self":[{"href":"https:\/\/www.todoalfalfa.com.ar\/noticias\/wp-json\/wp\/v2\/posts\/45524","targetHints":{"allow":["GET"]}}],"collection":[{"href":"https:\/\/www.todoalfalfa.com.ar\/noticias\/wp-json\/wp\/v2\/posts"}],"about":[{"href":"https:\/\/www.todoalfalfa.com.ar\/noticias\/wp-json\/wp\/v2\/types\/post"}],"author":[{"embeddable":true,"href":"https:\/\/www.todoalfalfa.com.ar\/noticias\/wp-json\/wp\/v2\/users\/3"}],"replies":[{"embeddable":true,"href":"https:\/\/www.todoalfalfa.com.ar\/noticias\/wp-json\/wp\/v2\/comments?post=45524"}],"version-history":[{"count":5,"href":"https:\/\/www.todoalfalfa.com.ar\/noticias\/wp-json\/wp\/v2\/posts\/45524\/revisions"}],"predecessor-version":[{"id":45536,"href":"https:\/\/www.todoalfalfa.com.ar\/noticias\/wp-json\/wp\/v2\/posts\/45524\/revisions\/45536"}],"wp:featuredmedia":[{"embeddable":true,"href":"https:\/\/www.todoalfalfa.com.ar\/noticias\/wp-json\/wp\/v2\/media\/493"}],"wp:attachment":[{"href":"https:\/\/www.todoalfalfa.com.ar\/noticias\/wp-json\/wp\/v2\/media?parent=45524"}],"wp:term":[{"taxonomy":"category","embeddable":true,"href":"https:\/\/www.todoalfalfa.com.ar\/noticias\/wp-json\/wp\/v2\/categories?post=45524"},{"taxonomy":"post_tag","embeddable":true,"href":"https:\/\/www.todoalfalfa.com.ar\/noticias\/wp-json\/wp\/v2\/tags?post=45524"}],"curies":[{"name":"wp","href":"https:\/\/api.w.org\/{rel}","templated":true}]}}