{"id":45552,"date":"2023-06-27T16:08:20","date_gmt":"2023-06-27T19:08:20","guid":{"rendered":"https:\/\/www.todoalfalfa.com.ar\/?p=45552"},"modified":"2023-06-27T16:15:19","modified_gmt":"2023-06-27T19:15:19","slug":"el-sector-alfalfero-uno-de-los-complejos-de-mayor-crecimiento-exportador-en-2023","status":"publish","type":"post","link":"https:\/\/www.todoalfalfa.com.ar\/noticias\/el-sector-alfalfero-uno-de-los-complejos-de-mayor-crecimiento-exportador-en-2023\/","title":{"rendered":"El sector alfalfero, uno de los complejos de mayor crecimiento exportador en 2023"},"content":{"rendered":"\n<p>La exportaci\u00f3n de alfalfa entre enero y mayo de 2023 resultaron en U$S 5.400.000. En este per\u00edodo se exportaron m\u00e1s de 14.600 toneladas alfalfa, lo que representa una suba del 33% respecto al mismo del a\u00f1o pasado. Si se compara mayo 2023 vs mayo 2022, se observa un crecimiento en los env\u00edos al exterior del 36%.<\/p>\n\n\n\n<p>El Complejo exportador de alfalfa fue el de mayor porcentaje de crecimiento si se mide el lapso enero-mayo de 2023 vs el 2022, con 73.3% y fue s\u00f3lo superado por el complejo porcino, que creci\u00f3 en el mismo per\u00edodo un 115.7%.<\/p>\n\n\n\n<p>Dentro de este complejo se destaca el crecimiento de los env\u00edos al exterior de heno de alfalfa, aunque hay una baja considerable en las exportaciones de pellet y cubos.<\/p>\n\n\n\n<p>En los siguientes cuadros, se pueden apreciar, en primer lugar, los datos totales del Complejo Agroexportador argentino medidos a mayo de 2023; y en segundo, particularmente los que refieren al mercado de exportaci\u00f3n de la cadena de la alfalfa durante el mismo per\u00edodo.<\/p>\n\n\n\n<figure class=\"wp-block-image size-full\"><img data-recalc-dims=\"1\" fetchpriority=\"high\" decoding=\"async\" width=\"777\" height=\"343\" src=\"https:\/\/i0.wp.com\/www.todoalfalfa.com.ar\/wp-content\/uploads\/2023\/06\/cuadro-complejo-exportador-mayo-2023-c.jpg?resize=777%2C343&#038;ssl=1\" alt=\"\" class=\"wp-image-45555\" srcset=\"https:\/\/i0.wp.com\/www.todoalfalfa.com.ar\/noticias\/wp-content\/uploads\/2023\/06\/cuadro-complejo-exportador-mayo-2023-c.jpg?w=777&amp;ssl=1 777w, https:\/\/i0.wp.com\/www.todoalfalfa.com.ar\/noticias\/wp-content\/uploads\/2023\/06\/cuadro-complejo-exportador-mayo-2023-c.jpg?resize=300%2C132&amp;ssl=1 300w, https:\/\/i0.wp.com\/www.todoalfalfa.com.ar\/noticias\/wp-content\/uploads\/2023\/06\/cuadro-complejo-exportador-mayo-2023-c.jpg?resize=768%2C339&amp;ssl=1 768w\" sizes=\"(max-width: 777px) 100vw, 777px\" \/><\/figure>\n\n\n\n<figure class=\"wp-block-image size-full\"><img data-recalc-dims=\"1\" decoding=\"async\" width=\"777\" height=\"483\" src=\"https:\/\/i0.wp.com\/www.todoalfalfa.com.ar\/wp-content\/uploads\/2023\/06\/cuadro-complejo-exportador-mayo-2023-b.jpg?resize=777%2C483&#038;ssl=1\" alt=\"\" class=\"wp-image-45554\" srcset=\"https:\/\/i0.wp.com\/www.todoalfalfa.com.ar\/noticias\/wp-content\/uploads\/2023\/06\/cuadro-complejo-exportador-mayo-2023-b.jpg?w=777&amp;ssl=1 777w, https:\/\/i0.wp.com\/www.todoalfalfa.com.ar\/noticias\/wp-content\/uploads\/2023\/06\/cuadro-complejo-exportador-mayo-2023-b.jpg?resize=300%2C186&amp;ssl=1 300w, https:\/\/i0.wp.com\/www.todoalfalfa.com.ar\/noticias\/wp-content\/uploads\/2023\/06\/cuadro-complejo-exportador-mayo-2023-b.jpg?resize=768%2C477&amp;ssl=1 768w\" sizes=\"(max-width: 777px) 100vw, 777px\" \/><\/figure>\n\n\n\n<figure class=\"wp-block-image size-full\"><img data-recalc-dims=\"1\" decoding=\"async\" width=\"777\" height=\"455\" src=\"https:\/\/i0.wp.com\/www.todoalfalfa.com.ar\/wp-content\/uploads\/2023\/06\/exportaciones-alfalfa-enero-mayo-2023.jpg?resize=777%2C455&#038;ssl=1\" alt=\"\" class=\"wp-image-45556\" srcset=\"https:\/\/i0.wp.com\/www.todoalfalfa.com.ar\/noticias\/wp-content\/uploads\/2023\/06\/exportaciones-alfalfa-enero-mayo-2023.jpg?w=777&amp;ssl=1 777w, https:\/\/i0.wp.com\/www.todoalfalfa.com.ar\/noticias\/wp-content\/uploads\/2023\/06\/exportaciones-alfalfa-enero-mayo-2023.jpg?resize=300%2C176&amp;ssl=1 300w, https:\/\/i0.wp.com\/www.todoalfalfa.com.ar\/noticias\/wp-content\/uploads\/2023\/06\/exportaciones-alfalfa-enero-mayo-2023.jpg?resize=768%2C450&amp;ssl=1 768w\" sizes=\"(max-width: 777px) 100vw, 777px\" \/><\/figure>\n<div class=\"todoalfalfa-final-de-la-nota\" id=\"todoalfalfa-4169524890\"><a href=\"https:\/\/www.whatsapp.com\/channel\/0029VbCBmFB9WtBxJsD3eC2i\" target=\"_blank\" aria-label=\"5\"><img src=\"https:\/\/i0.wp.com\/www.todoalfalfa.com.ar\/noticias\/wp-content\/uploads\/2026\/04\/5.gif?fit=728%2C90&#038;ssl=1\" alt=\"\"  width=\"728\" height=\"90\"   \/><\/a><\/div>","protected":false},"excerpt":{"rendered":"<p>En los primeros 5 meses del a\u00f1o hubo una ca\u00edda del 34% en las exportaciones del complejo agroindustrial argentino, pero la alfalfa fue una de las pocas producciones que, contrariamente, elev\u00f3 sus exportaciones e ingresos. <\/p>\n","protected":false},"author":3,"featured_media":43508,"comment_status":"closed","ping_status":"open","sticky":false,"template":"","format":"standard","meta":{"jetpack_post_was_ever_published":false,"_jetpack_newsletter_access":"","_jetpack_dont_email_post_to_subs":false,"_jetpack_newsletter_tier_id":0,"_jetpack_memberships_contains_paywalled_content":false,"_jetpack_memberships_contains_paid_content":false,"footnotes":""},"categories":[3],"tags":[1408,31,105,1407],"class_list":["post-45552","post","type-post","status-publish","format-standard","has-post-thumbnail","hentry","category-heno-y-forrajes","tag-agroexportador","tag-alfalfa","tag-argentina","tag-complejo"],"yoast_head":"<!-- This site is optimized with the Yoast SEO plugin v25.5 - https:\/\/yoast.com\/wordpress\/plugins\/seo\/ -->\n<title>El sector alfalfero, uno de los complejos de mayor crecimiento exportador en 2023<\/title>\n<meta name=\"description\" content=\"En los primeros 5 meses del a\u00f1o hubo una ca\u00edda del 34% en las exportaciones del complejo agroindustrial argentino, pero la alfalfa fue una de las pocas producciones que, contrariamente, elev\u00f3 sus exportaciones e ingresos.\" \/>\n<meta name=\"robots\" content=\"index, follow, max-snippet:-1, max-image-preview:large, max-video-preview:-1\" \/>\n<link rel=\"canonical\" href=\"https:\/\/www.todoalfalfa.com.ar\/noticias\/el-sector-alfalfero-uno-de-los-complejos-de-mayor-crecimiento-exportador-en-2023\/\" \/>\n<meta property=\"og:locale\" content=\"es_ES\" \/>\n<meta property=\"og:type\" content=\"article\" \/>\n<meta property=\"og:title\" content=\"El sector alfalfero, uno de los complejos de mayor crecimiento exportador en 2023\" \/>\n<meta property=\"og:description\" content=\"En los primeros 5 meses del a\u00f1o hubo una ca\u00edda del 34% en las exportaciones del complejo agroindustrial argentino, pero la alfalfa fue una de las pocas producciones que, contrariamente, elev\u00f3 sus exportaciones e ingresos.\" \/>\n<meta property=\"og:url\" content=\"https:\/\/www.todoalfalfa.com.ar\/noticias\/el-sector-alfalfero-uno-de-los-complejos-de-mayor-crecimiento-exportador-en-2023\/\" \/>\n<meta property=\"og:site_name\" content=\"Todo Alfalfa\" \/>\n<meta property=\"article:publisher\" content=\"https:\/\/www.facebook.com\/todoalfalfa\" \/>\n<meta property=\"article:published_time\" content=\"2023-06-27T19:08:20+00:00\" \/>\n<meta property=\"article:modified_time\" content=\"2023-06-27T19:15:19+00:00\" \/>\n<meta property=\"og:image\" content=\"https:\/\/www.todoalfalfa.com.ar\/noticias\/wp-content\/uploads\/2021\/04\/alfalfa-exportacion-3.jpg\" \/>\n\t<meta property=\"og:image:width\" content=\"777\" \/>\n\t<meta property=\"og:image:height\" content=\"437\" \/>\n\t<meta property=\"og:image:type\" content=\"image\/jpeg\" \/>\n<meta name=\"author\" content=\"Todo Alfalfa\" \/>\n<meta name=\"twitter:card\" content=\"summary_large_image\" \/>\n<meta name=\"twitter:label1\" content=\"Escrito por\" \/>\n\t<meta name=\"twitter:data1\" content=\"Todo Alfalfa\" \/>\n\t<meta name=\"twitter:label2\" content=\"Tiempo de lectura\" \/>\n\t<meta name=\"twitter:data2\" content=\"2 minutos\" \/>\n<script type=\"application\/ld+json\" class=\"yoast-schema-graph\">{\"@context\":\"https:\/\/schema.org\",\"@graph\":[{\"@type\":\"NewsArticle\",\"@id\":\"https:\/\/www.todoalfalfa.com.ar\/noticias\/el-sector-alfalfero-uno-de-los-complejos-de-mayor-crecimiento-exportador-en-2023\/#article\",\"isPartOf\":{\"@id\":\"https:\/\/www.todoalfalfa.com.ar\/noticias\/el-sector-alfalfero-uno-de-los-complejos-de-mayor-crecimiento-exportador-en-2023\/\"},\"author\":{\"name\":\"Todo Alfalfa\",\"@id\":\"https:\/\/www.todoalfalfa.com.ar\/noticias\/#\/schema\/person\/4ee4bca9b9fa50c4f0fbaf7017fbf2ad\"},\"headline\":\"El sector alfalfero, uno de los complejos de mayor crecimiento exportador en 2023\",\"datePublished\":\"2023-06-27T19:08:20+00:00\",\"dateModified\":\"2023-06-27T19:15:19+00:00\",\"mainEntityOfPage\":{\"@id\":\"https:\/\/www.todoalfalfa.com.ar\/noticias\/el-sector-alfalfero-uno-de-los-complejos-de-mayor-crecimiento-exportador-en-2023\/\"},\"wordCount\":180,\"publisher\":{\"@id\":\"https:\/\/www.todoalfalfa.com.ar\/noticias\/#organization\"},\"image\":{\"@id\":\"https:\/\/www.todoalfalfa.com.ar\/noticias\/el-sector-alfalfero-uno-de-los-complejos-de-mayor-crecimiento-exportador-en-2023\/#primaryimage\"},\"thumbnailUrl\":\"https:\/\/i0.wp.com\/www.todoalfalfa.com.ar\/noticias\/wp-content\/uploads\/2021\/04\/alfalfa-exportacion-3.jpg?fit=777%2C437&ssl=1\",\"keywords\":[\"agroexportador\",\"alfalfa\",\"Argentina\",\"complejo\"],\"articleSection\":[\"Heno y Forrajes\"],\"inLanguage\":\"es\"},{\"@type\":[\"WebPage\",\"ItemPage\"],\"@id\":\"https:\/\/www.todoalfalfa.com.ar\/noticias\/el-sector-alfalfero-uno-de-los-complejos-de-mayor-crecimiento-exportador-en-2023\/\",\"url\":\"https:\/\/www.todoalfalfa.com.ar\/noticias\/el-sector-alfalfero-uno-de-los-complejos-de-mayor-crecimiento-exportador-en-2023\/\",\"name\":\"El sector alfalfero, uno de los complejos de mayor crecimiento exportador en 2023\",\"isPartOf\":{\"@id\":\"https:\/\/www.todoalfalfa.com.ar\/noticias\/#website\"},\"primaryImageOfPage\":{\"@id\":\"https:\/\/www.todoalfalfa.com.ar\/noticias\/el-sector-alfalfero-uno-de-los-complejos-de-mayor-crecimiento-exportador-en-2023\/#primaryimage\"},\"image\":{\"@id\":\"https:\/\/www.todoalfalfa.com.ar\/noticias\/el-sector-alfalfero-uno-de-los-complejos-de-mayor-crecimiento-exportador-en-2023\/#primaryimage\"},\"thumbnailUrl\":\"https:\/\/i0.wp.com\/www.todoalfalfa.com.ar\/noticias\/wp-content\/uploads\/2021\/04\/alfalfa-exportacion-3.jpg?fit=777%2C437&ssl=1\",\"datePublished\":\"2023-06-27T19:08:20+00:00\",\"dateModified\":\"2023-06-27T19:15:19+00:00\",\"description\":\"En los primeros 5 meses del a\u00f1o hubo una ca\u00edda del 34% en las exportaciones del complejo agroindustrial argentino, pero la alfalfa fue una de las pocas producciones que, contrariamente, elev\u00f3 sus exportaciones e ingresos.\",\"breadcrumb\":{\"@id\":\"https:\/\/www.todoalfalfa.com.ar\/noticias\/el-sector-alfalfero-uno-de-los-complejos-de-mayor-crecimiento-exportador-en-2023\/#breadcrumb\"},\"inLanguage\":\"es\",\"potentialAction\":[{\"@type\":\"ReadAction\",\"target\":[\"https:\/\/www.todoalfalfa.com.ar\/noticias\/el-sector-alfalfero-uno-de-los-complejos-de-mayor-crecimiento-exportador-en-2023\/\"]}]},{\"@type\":\"ImageObject\",\"inLanguage\":\"es\",\"@id\":\"https:\/\/www.todoalfalfa.com.ar\/noticias\/el-sector-alfalfero-uno-de-los-complejos-de-mayor-crecimiento-exportador-en-2023\/#primaryimage\",\"url\":\"https:\/\/i0.wp.com\/www.todoalfalfa.com.ar\/noticias\/wp-content\/uploads\/2021\/04\/alfalfa-exportacion-3.jpg?fit=777%2C437&ssl=1\",\"contentUrl\":\"https:\/\/i0.wp.com\/www.todoalfalfa.com.ar\/noticias\/wp-content\/uploads\/2021\/04\/alfalfa-exportacion-3.jpg?fit=777%2C437&ssl=1\",\"width\":777,\"height\":437},{\"@type\":\"BreadcrumbList\",\"@id\":\"https:\/\/www.todoalfalfa.com.ar\/noticias\/el-sector-alfalfero-uno-de-los-complejos-de-mayor-crecimiento-exportador-en-2023\/#breadcrumb\",\"itemListElement\":[{\"@type\":\"ListItem\",\"position\":1,\"name\":\"Principal\",\"item\":\"https:\/\/www.todoalfalfa.com.ar\/noticias\/\"},{\"@type\":\"ListItem\",\"position\":2,\"name\":\"El sector alfalfero, uno de los complejos de mayor crecimiento exportador en 2023\"}]},{\"@type\":\"WebSite\",\"@id\":\"https:\/\/www.todoalfalfa.com.ar\/noticias\/#website\",\"url\":\"https:\/\/www.todoalfalfa.com.ar\/noticias\/\",\"name\":\"Todo Alfalfa\",\"description\":\"Web informativa de la cadena de la alfalfa argentina\",\"publisher\":{\"@id\":\"https:\/\/www.todoalfalfa.com.ar\/noticias\/#organization\"},\"potentialAction\":[{\"@type\":\"SearchAction\",\"target\":{\"@type\":\"EntryPoint\",\"urlTemplate\":\"https:\/\/www.todoalfalfa.com.ar\/noticias\/?s={search_term_string}\"},\"query-input\":{\"@type\":\"PropertyValueSpecification\",\"valueRequired\":true,\"valueName\":\"search_term_string\"}}],\"inLanguage\":\"es\"},{\"@type\":\"Organization\",\"@id\":\"https:\/\/www.todoalfalfa.com.ar\/noticias\/#organization\",\"name\":\"Todo Alfalfa\",\"url\":\"https:\/\/www.todoalfalfa.com.ar\/noticias\/\",\"logo\":{\"@type\":\"ImageObject\",\"inLanguage\":\"es\",\"@id\":\"https:\/\/www.todoalfalfa.com.ar\/noticias\/#\/schema\/logo\/image\/\",\"url\":\"https:\/\/www.todoalfalfa.com.ar\/noticias\/wp-content\/uploads\/2020\/09\/logo-todo-alfalfa-modificado.png\",\"contentUrl\":\"https:\/\/www.todoalfalfa.com.ar\/noticias\/wp-content\/uploads\/2020\/09\/logo-todo-alfalfa-modificado.png\",\"width\":350,\"height\":100,\"caption\":\"Todo Alfalfa\"},\"image\":{\"@id\":\"https:\/\/www.todoalfalfa.com.ar\/noticias\/#\/schema\/logo\/image\/\"},\"sameAs\":[\"https:\/\/www.facebook.com\/todoalfalfa\",\"https:\/\/www.instagram.com\/todoalfalfa\",\"https:\/\/www.youtube.com\/@TodoAlfalfa\",\"https:\/\/www.linkedin.com\/company\/todoalfalfa\/\"]},{\"@type\":\"Person\",\"@id\":\"https:\/\/www.todoalfalfa.com.ar\/noticias\/#\/schema\/person\/4ee4bca9b9fa50c4f0fbaf7017fbf2ad\",\"name\":\"Todo Alfalfa\",\"image\":{\"@type\":\"ImageObject\",\"inLanguage\":\"es\",\"@id\":\"https:\/\/www.todoalfalfa.com.ar\/noticias\/#\/schema\/person\/image\/\",\"url\":\"https:\/\/secure.gravatar.com\/avatar\/4d26a600a1380823a26c3f9cb74ada1a8ee4b482c0c3a616ab022b865c46be8f?s=96&d=mm&r=g\",\"contentUrl\":\"https:\/\/secure.gravatar.com\/avatar\/4d26a600a1380823a26c3f9cb74ada1a8ee4b482c0c3a616ab022b865c46be8f?s=96&d=mm&r=g\",\"caption\":\"Todo Alfalfa\"},\"sameAs\":[\"http:\/\/www.todoalfalfa.com.ar\"],\"url\":\"https:\/\/www.todoalfalfa.com.ar\/noticias\/author\/todoalfalfa\/\"}]}<\/script>\n<!-- \/ Yoast SEO plugin. -->","yoast_head_json":{"title":"El sector alfalfero, uno de los complejos de mayor crecimiento exportador en 2023","description":"En los primeros 5 meses del a\u00f1o hubo una ca\u00edda del 34% en las exportaciones del complejo agroindustrial argentino, pero la alfalfa fue una de las pocas producciones que, contrariamente, elev\u00f3 sus exportaciones e ingresos.","robots":{"index":"index","follow":"follow","max-snippet":"max-snippet:-1","max-image-preview":"max-image-preview:large","max-video-preview":"max-video-preview:-1"},"canonical":"https:\/\/www.todoalfalfa.com.ar\/noticias\/el-sector-alfalfero-uno-de-los-complejos-de-mayor-crecimiento-exportador-en-2023\/","og_locale":"es_ES","og_type":"article","og_title":"El sector alfalfero, uno de los complejos de mayor crecimiento exportador en 2023","og_description":"En los primeros 5 meses del a\u00f1o hubo una ca\u00edda del 34% en las exportaciones del complejo agroindustrial argentino, pero la alfalfa fue una de las pocas producciones que, contrariamente, elev\u00f3 sus exportaciones e ingresos.","og_url":"https:\/\/www.todoalfalfa.com.ar\/noticias\/el-sector-alfalfero-uno-de-los-complejos-de-mayor-crecimiento-exportador-en-2023\/","og_site_name":"Todo Alfalfa","article_publisher":"https:\/\/www.facebook.com\/todoalfalfa","article_published_time":"2023-06-27T19:08:20+00:00","article_modified_time":"2023-06-27T19:15:19+00:00","og_image":[{"width":777,"height":437,"url":"https:\/\/www.todoalfalfa.com.ar\/noticias\/wp-content\/uploads\/2021\/04\/alfalfa-exportacion-3.jpg","type":"image\/jpeg"}],"author":"Todo Alfalfa","twitter_card":"summary_large_image","twitter_misc":{"Escrito por":"Todo Alfalfa","Tiempo de lectura":"2 minutos"},"schema":{"@context":"https:\/\/schema.org","@graph":[{"@type":"NewsArticle","@id":"https:\/\/www.todoalfalfa.com.ar\/noticias\/el-sector-alfalfero-uno-de-los-complejos-de-mayor-crecimiento-exportador-en-2023\/#article","isPartOf":{"@id":"https:\/\/www.todoalfalfa.com.ar\/noticias\/el-sector-alfalfero-uno-de-los-complejos-de-mayor-crecimiento-exportador-en-2023\/"},"author":{"name":"Todo Alfalfa","@id":"https:\/\/www.todoalfalfa.com.ar\/noticias\/#\/schema\/person\/4ee4bca9b9fa50c4f0fbaf7017fbf2ad"},"headline":"El sector alfalfero, uno de los complejos de mayor crecimiento exportador en 2023","datePublished":"2023-06-27T19:08:20+00:00","dateModified":"2023-06-27T19:15:19+00:00","mainEntityOfPage":{"@id":"https:\/\/www.todoalfalfa.com.ar\/noticias\/el-sector-alfalfero-uno-de-los-complejos-de-mayor-crecimiento-exportador-en-2023\/"},"wordCount":180,"publisher":{"@id":"https:\/\/www.todoalfalfa.com.ar\/noticias\/#organization"},"image":{"@id":"https:\/\/www.todoalfalfa.com.ar\/noticias\/el-sector-alfalfero-uno-de-los-complejos-de-mayor-crecimiento-exportador-en-2023\/#primaryimage"},"thumbnailUrl":"https:\/\/i0.wp.com\/www.todoalfalfa.com.ar\/noticias\/wp-content\/uploads\/2021\/04\/alfalfa-exportacion-3.jpg?fit=777%2C437&ssl=1","keywords":["agroexportador","alfalfa","Argentina","complejo"],"articleSection":["Heno y Forrajes"],"inLanguage":"es"},{"@type":["WebPage","ItemPage"],"@id":"https:\/\/www.todoalfalfa.com.ar\/noticias\/el-sector-alfalfero-uno-de-los-complejos-de-mayor-crecimiento-exportador-en-2023\/","url":"https:\/\/www.todoalfalfa.com.ar\/noticias\/el-sector-alfalfero-uno-de-los-complejos-de-mayor-crecimiento-exportador-en-2023\/","name":"El sector alfalfero, uno de los complejos de mayor crecimiento exportador en 2023","isPartOf":{"@id":"https:\/\/www.todoalfalfa.com.ar\/noticias\/#website"},"primaryImageOfPage":{"@id":"https:\/\/www.todoalfalfa.com.ar\/noticias\/el-sector-alfalfero-uno-de-los-complejos-de-mayor-crecimiento-exportador-en-2023\/#primaryimage"},"image":{"@id":"https:\/\/www.todoalfalfa.com.ar\/noticias\/el-sector-alfalfero-uno-de-los-complejos-de-mayor-crecimiento-exportador-en-2023\/#primaryimage"},"thumbnailUrl":"https:\/\/i0.wp.com\/www.todoalfalfa.com.ar\/noticias\/wp-content\/uploads\/2021\/04\/alfalfa-exportacion-3.jpg?fit=777%2C437&ssl=1","datePublished":"2023-06-27T19:08:20+00:00","dateModified":"2023-06-27T19:15:19+00:00","description":"En los primeros 5 meses del a\u00f1o hubo una ca\u00edda del 34% en las exportaciones del complejo agroindustrial argentino, pero la alfalfa fue una de las pocas producciones que, contrariamente, elev\u00f3 sus exportaciones e ingresos.","breadcrumb":{"@id":"https:\/\/www.todoalfalfa.com.ar\/noticias\/el-sector-alfalfero-uno-de-los-complejos-de-mayor-crecimiento-exportador-en-2023\/#breadcrumb"},"inLanguage":"es","potentialAction":[{"@type":"ReadAction","target":["https:\/\/www.todoalfalfa.com.ar\/noticias\/el-sector-alfalfero-uno-de-los-complejos-de-mayor-crecimiento-exportador-en-2023\/"]}]},{"@type":"ImageObject","inLanguage":"es","@id":"https:\/\/www.todoalfalfa.com.ar\/noticias\/el-sector-alfalfero-uno-de-los-complejos-de-mayor-crecimiento-exportador-en-2023\/#primaryimage","url":"https:\/\/i0.wp.com\/www.todoalfalfa.com.ar\/noticias\/wp-content\/uploads\/2021\/04\/alfalfa-exportacion-3.jpg?fit=777%2C437&ssl=1","contentUrl":"https:\/\/i0.wp.com\/www.todoalfalfa.com.ar\/noticias\/wp-content\/uploads\/2021\/04\/alfalfa-exportacion-3.jpg?fit=777%2C437&ssl=1","width":777,"height":437},{"@type":"BreadcrumbList","@id":"https:\/\/www.todoalfalfa.com.ar\/noticias\/el-sector-alfalfero-uno-de-los-complejos-de-mayor-crecimiento-exportador-en-2023\/#breadcrumb","itemListElement":[{"@type":"ListItem","position":1,"name":"Principal","item":"https:\/\/www.todoalfalfa.com.ar\/noticias\/"},{"@type":"ListItem","position":2,"name":"El sector alfalfero, uno de los complejos de mayor crecimiento exportador en 2023"}]},{"@type":"WebSite","@id":"https:\/\/www.todoalfalfa.com.ar\/noticias\/#website","url":"https:\/\/www.todoalfalfa.com.ar\/noticias\/","name":"Todo Alfalfa","description":"Web informativa de la cadena de la alfalfa argentina","publisher":{"@id":"https:\/\/www.todoalfalfa.com.ar\/noticias\/#organization"},"potentialAction":[{"@type":"SearchAction","target":{"@type":"EntryPoint","urlTemplate":"https:\/\/www.todoalfalfa.com.ar\/noticias\/?s={search_term_string}"},"query-input":{"@type":"PropertyValueSpecification","valueRequired":true,"valueName":"search_term_string"}}],"inLanguage":"es"},{"@type":"Organization","@id":"https:\/\/www.todoalfalfa.com.ar\/noticias\/#organization","name":"Todo Alfalfa","url":"https:\/\/www.todoalfalfa.com.ar\/noticias\/","logo":{"@type":"ImageObject","inLanguage":"es","@id":"https:\/\/www.todoalfalfa.com.ar\/noticias\/#\/schema\/logo\/image\/","url":"https:\/\/www.todoalfalfa.com.ar\/noticias\/wp-content\/uploads\/2020\/09\/logo-todo-alfalfa-modificado.png","contentUrl":"https:\/\/www.todoalfalfa.com.ar\/noticias\/wp-content\/uploads\/2020\/09\/logo-todo-alfalfa-modificado.png","width":350,"height":100,"caption":"Todo Alfalfa"},"image":{"@id":"https:\/\/www.todoalfalfa.com.ar\/noticias\/#\/schema\/logo\/image\/"},"sameAs":["https:\/\/www.facebook.com\/todoalfalfa","https:\/\/www.instagram.com\/todoalfalfa","https:\/\/www.youtube.com\/@TodoAlfalfa","https:\/\/www.linkedin.com\/company\/todoalfalfa\/"]},{"@type":"Person","@id":"https:\/\/www.todoalfalfa.com.ar\/noticias\/#\/schema\/person\/4ee4bca9b9fa50c4f0fbaf7017fbf2ad","name":"Todo Alfalfa","image":{"@type":"ImageObject","inLanguage":"es","@id":"https:\/\/www.todoalfalfa.com.ar\/noticias\/#\/schema\/person\/image\/","url":"https:\/\/secure.gravatar.com\/avatar\/4d26a600a1380823a26c3f9cb74ada1a8ee4b482c0c3a616ab022b865c46be8f?s=96&d=mm&r=g","contentUrl":"https:\/\/secure.gravatar.com\/avatar\/4d26a600a1380823a26c3f9cb74ada1a8ee4b482c0c3a616ab022b865c46be8f?s=96&d=mm&r=g","caption":"Todo Alfalfa"},"sameAs":["http:\/\/www.todoalfalfa.com.ar"],"url":"https:\/\/www.todoalfalfa.com.ar\/noticias\/author\/todoalfalfa\/"}]}},"jetpack_featured_media_url":"https:\/\/i0.wp.com\/www.todoalfalfa.com.ar\/noticias\/wp-content\/uploads\/2021\/04\/alfalfa-exportacion-3.jpg?fit=777%2C437&ssl=1","wps_subtitle":"","jetpack_sharing_enabled":true,"_links":{"self":[{"href":"https:\/\/www.todoalfalfa.com.ar\/noticias\/wp-json\/wp\/v2\/posts\/45552","targetHints":{"allow":["GET"]}}],"collection":[{"href":"https:\/\/www.todoalfalfa.com.ar\/noticias\/wp-json\/wp\/v2\/posts"}],"about":[{"href":"https:\/\/www.todoalfalfa.com.ar\/noticias\/wp-json\/wp\/v2\/types\/post"}],"author":[{"embeddable":true,"href":"https:\/\/www.todoalfalfa.com.ar\/noticias\/wp-json\/wp\/v2\/users\/3"}],"replies":[{"embeddable":true,"href":"https:\/\/www.todoalfalfa.com.ar\/noticias\/wp-json\/wp\/v2\/comments?post=45552"}],"version-history":[{"count":1,"href":"https:\/\/www.todoalfalfa.com.ar\/noticias\/wp-json\/wp\/v2\/posts\/45552\/revisions"}],"predecessor-version":[{"id":45557,"href":"https:\/\/www.todoalfalfa.com.ar\/noticias\/wp-json\/wp\/v2\/posts\/45552\/revisions\/45557"}],"wp:featuredmedia":[{"embeddable":true,"href":"https:\/\/www.todoalfalfa.com.ar\/noticias\/wp-json\/wp\/v2\/media\/43508"}],"wp:attachment":[{"href":"https:\/\/www.todoalfalfa.com.ar\/noticias\/wp-json\/wp\/v2\/media?parent=45552"}],"wp:term":[{"taxonomy":"category","embeddable":true,"href":"https:\/\/www.todoalfalfa.com.ar\/noticias\/wp-json\/wp\/v2\/categories?post=45552"},{"taxonomy":"post_tag","embeddable":true,"href":"https:\/\/www.todoalfalfa.com.ar\/noticias\/wp-json\/wp\/v2\/tags?post=45552"}],"curies":[{"name":"wp","href":"https:\/\/api.w.org\/{rel}","templated":true}]}}