{"id":45897,"date":"2023-10-03T15:06:59","date_gmt":"2023-10-03T18:06:59","guid":{"rendered":"https:\/\/www.todoalfalfa.com.ar\/noticias\/?p=45897"},"modified":"2023-10-03T15:37:14","modified_gmt":"2023-10-03T18:37:14","slug":"premian-una-alfalfa-con-mayor-productividad-y-tolerancia-a-la-sequia","status":"publish","type":"post","link":"https:\/\/www.todoalfalfa.com.ar\/noticias\/premian-una-alfalfa-con-mayor-productividad-y-tolerancia-a-la-sequia\/","title":{"rendered":"Premian una alfalfa con mayor productividad y tolerancia a la sequ\u00eda"},"content":{"rendered":"\n<p>Gabriela Soto es bi\u00f3loga y Dra. en ciencias biol\u00f3gicas de la UBA, y fue reconocida por la fundaci\u00f3n Bunge y Born con uno de sus Premios Cient\u00edficos 2023 a ra\u00edz de una investigaci\u00f3n dedicada a la agrobiotecnolog\u00eda.<\/p>\n\n\n\n<p>El reconocimiento fue \u201cPremio Est\u00edmulo 2023\u201d por su investigaci\u00f3n, desarrollo e innovaci\u00f3n en genes de inter\u00e9s agron\u00f3mico, centr\u00e1ndose en la alfalfa. La especialista explic\u00f3 que trabajaron en un mejoramiento molecular de la alfalfa enfoc\u00e1ndonos en diferentes caracter\u00edsticas.<\/p>\n\n\n\n<p>En di\u00e1logo con Puntal Rio Cuarto explic\u00f3: \u201cnuestro trabajo es en colaboraci\u00f3n con el programa de mejoramiento de Inta, en la sede Inta Manfredi (C\u00f3rdoba). Pero adem\u00e1s con una red de productores que eval\u00faan la alfalfa que est\u00e1 distribuida en todo el pa\u00eds y nos cuentan la realidad, qu\u00e9 es lo que necesitan, qu\u00e9 es lo que les interesa a los semilleros, y nosotros tratamos de ir mejorando, utilizando t\u00e9cnicas biotecnol\u00f3gicas, con el fin de que tenga un impacto en la realidad. C\u00f3rdoba es realmente una de las regiones m\u00e1s importantes para la producci\u00f3n de alfalfa, por eso nuestro mayor intercambio es all\u00ed\u201d.<\/p>\n\n\n\n<div class=\"wp-block-columns is-layout-flex wp-container-core-columns-is-layout-9d6595d7 wp-block-columns-is-layout-flex\">\n<div class=\"wp-block-column is-layout-flow wp-block-column-is-layout-flow\" style=\"flex-basis:100%\">\n<div class=\"wp-block-jetpack-slideshow aligncenter\" data-effect=\"slide\"><div class=\"wp-block-jetpack-slideshow_container swiper-container\"><ul class=\"wp-block-jetpack-slideshow_swiper-wrapper swiper-wrapper\"><li class=\"wp-block-jetpack-slideshow_slide swiper-slide\"><figure><img data-recalc-dims=\"1\" fetchpriority=\"high\" decoding=\"async\" width=\"225\" height=\"225\" alt=\"\" class=\"wp-block-jetpack-slideshow_image wp-image-45908\" data-id=\"45908\" src=\"https:\/\/i0.wp.com\/www.todoalfalfa.com.ar\/noticias\/wp-content\/uploads\/2023\/10\/gbriela-soto-2.jpeg?resize=225%2C225&#038;ssl=1\" srcset=\"https:\/\/i0.wp.com\/www.todoalfalfa.com.ar\/noticias\/wp-content\/uploads\/2023\/10\/gbriela-soto-2.jpeg?w=225&amp;ssl=1 225w, https:\/\/i0.wp.com\/www.todoalfalfa.com.ar\/noticias\/wp-content\/uploads\/2023\/10\/gbriela-soto-2.jpeg?resize=150%2C150&amp;ssl=1 150w\" sizes=\"(max-width: 225px) 100vw, 225px\" \/><\/figure><\/li><li class=\"wp-block-jetpack-slideshow_slide swiper-slide\"><figure><img data-recalc-dims=\"1\" decoding=\"async\" width=\"318\" height=\"159\" alt=\"\" class=\"wp-block-jetpack-slideshow_image wp-image-45907\" data-id=\"45907\" src=\"https:\/\/i0.wp.com\/www.todoalfalfa.com.ar\/noticias\/wp-content\/uploads\/2023\/10\/Gabriela-Soto-1.jpeg?resize=318%2C159&#038;ssl=1\" srcset=\"https:\/\/i0.wp.com\/www.todoalfalfa.com.ar\/noticias\/wp-content\/uploads\/2023\/10\/Gabriela-Soto-1.jpeg?w=318&amp;ssl=1 318w, https:\/\/i0.wp.com\/www.todoalfalfa.com.ar\/noticias\/wp-content\/uploads\/2023\/10\/Gabriela-Soto-1.jpeg?resize=300%2C150&amp;ssl=1 300w\" sizes=\"(max-width: 318px) 100vw, 318px\" \/><\/figure><\/li><li class=\"wp-block-jetpack-slideshow_slide swiper-slide\"><figure><img data-recalc-dims=\"1\" decoding=\"async\" width=\"832\" height=\"477\" alt=\"\" class=\"wp-block-jetpack-slideshow_image wp-image-45906\" data-id=\"45906\" src=\"https:\/\/i0.wp.com\/www.todoalfalfa.com.ar\/noticias\/wp-content\/uploads\/2023\/10\/gabriela-soto-3.jpg?resize=832%2C477&#038;ssl=1\" srcset=\"https:\/\/i0.wp.com\/www.todoalfalfa.com.ar\/noticias\/wp-content\/uploads\/2023\/10\/gabriela-soto-3.jpg?w=832&amp;ssl=1 832w, https:\/\/i0.wp.com\/www.todoalfalfa.com.ar\/noticias\/wp-content\/uploads\/2023\/10\/gabriela-soto-3.jpg?resize=300%2C172&amp;ssl=1 300w, https:\/\/i0.wp.com\/www.todoalfalfa.com.ar\/noticias\/wp-content\/uploads\/2023\/10\/gabriela-soto-3.jpg?resize=768%2C440&amp;ssl=1 768w\" sizes=\"(max-width: 832px) 100vw, 832px\" \/><\/figure><\/li><\/ul><a class=\"wp-block-jetpack-slideshow_button-prev swiper-button-prev swiper-button-white\" role=\"button\"><\/a><a class=\"wp-block-jetpack-slideshow_button-next swiper-button-next swiper-button-white\" role=\"button\"><\/a><a aria-label=\"Pause Slideshow\" class=\"wp-block-jetpack-slideshow_button-pause\" role=\"button\"><\/a><div class=\"wp-block-jetpack-slideshow_pagination swiper-pagination swiper-pagination-white\"><\/div><\/div><\/div>\n<\/div>\n<\/div>\n\n\n\n<p>Sobre lo premiado por la fundaci\u00f3n dijo: \u201cimplica la generaci\u00f3n de cultivos biotecnol\u00f3gicos en alfalfa a partir de nuevas tecnolog\u00edas de visi\u00f3n g\u00e9nica, que implican modificaciones muy precisas en el genoma, hacia alguna caracter\u00edstica que permite hacer una modificaci\u00f3n en la alfalfa, y que la misma no sea transg\u00e9nica. El premio est\u00e1 otorgado principalmente por ese logro\u201d.<\/p>\n\n\n\n<p>En cuanto a la mejora en la semilla, remarc\u00f3 que adem\u00e1s de generar mayor tolerancia a la sequ\u00eda, tambi\u00e9n se trabajo para aumentar la productividad; mientras que tambi\u00e9n desarrollan mejoras gen\u00e9ticas en la tolerancia al timpanismo que es cuando las vacas se hinchan mucho (por retenci\u00f3n de gases) y terminan muriendo.<\/p>\n\n\n\n<p>\u201cAdem\u00e1s estamos avanzando con tolerancia a salinidad, con variedades que puedan tolerar los cambios abruptos de temperaturas, de niveles de agua disponibles, para minimizar el da\u00f1o que est\u00e1 teniendo el cambio clim\u00e1tico en la producci\u00f3n\u201d, agreg\u00f3.<\/p>\n<div class=\"todoalfalfa-final-de-la-nota\" id=\"todoalfalfa-3178630482\"><a href=\"https:\/\/www.whatsapp.com\/channel\/0029VbCBmFB9WtBxJsD3eC2i\" target=\"_blank\" aria-label=\"5\"><img src=\"https:\/\/i0.wp.com\/www.todoalfalfa.com.ar\/noticias\/wp-content\/uploads\/2026\/04\/5.gif?fit=728%2C90&#038;ssl=1\" alt=\"\"  width=\"728\" height=\"90\"   \/><\/a><\/div>","protected":false},"excerpt":{"rendered":"<p>Se trata de un desarrollo de la investigadora Gabriel Soto que aporta un alto impacto e inter\u00e9s agron\u00f3mico. El trabajo, realizado en vinculaci\u00f3n con el INTA Manfredi, fue reconocido por la fundaci\u00f3n Bunge y Born.<\/p>\n","protected":false},"author":9,"featured_media":45904,"comment_status":"closed","ping_status":"open","sticky":false,"template":"","format":"standard","meta":{"jetpack_post_was_ever_published":false,"_jetpack_newsletter_access":"","_jetpack_dont_email_post_to_subs":false,"_jetpack_newsletter_tier_id":0,"_jetpack_memberships_contains_paywalled_content":false,"_jetpack_memberships_contains_paid_content":false,"footnotes":""},"categories":[4],"tags":[31,1518,54,1517,36,600,17],"class_list":["post-45897","post","type-post","status-publish","format-standard","has-post-thumbnail","hentry","category-tecnologia","tag-alfalfa","tag-bunge-y-born","tag-forrajes","tag-gabriela-soto","tag-inta","tag-inta-manfredi","tag-pasturas"],"yoast_head":"<!-- This site is optimized with the Yoast SEO plugin v25.5 - https:\/\/yoast.com\/wordpress\/plugins\/seo\/ -->\n<title>Premian una alfalfa con mayor productividad y tolerancia a la sequ\u00eda<\/title>\n<meta name=\"robots\" content=\"index, follow, max-snippet:-1, max-image-preview:large, max-video-preview:-1\" \/>\n<link rel=\"canonical\" href=\"https:\/\/www.todoalfalfa.com.ar\/noticias\/premian-una-alfalfa-con-mayor-productividad-y-tolerancia-a-la-sequia\/\" \/>\n<meta property=\"og:locale\" content=\"es_ES\" \/>\n<meta property=\"og:type\" content=\"article\" \/>\n<meta property=\"og:title\" content=\"Premian una alfalfa con mayor productividad y tolerancia a la sequ\u00eda\" \/>\n<meta property=\"og:description\" content=\"Se trata de un desarrollo de la investigadora Gabriel Soto que aporta un alto impacto e inter\u00e9s agron\u00f3mico. El trabajo, realizado en vinculaci\u00f3n con el INTA Manfredi, fue reconocido por la fundaci\u00f3n Bunge y Born.\" \/>\n<meta property=\"og:url\" content=\"https:\/\/www.todoalfalfa.com.ar\/noticias\/premian-una-alfalfa-con-mayor-productividad-y-tolerancia-a-la-sequia\/\" \/>\n<meta property=\"og:site_name\" content=\"Todo Alfalfa\" \/>\n<meta property=\"article:publisher\" content=\"https:\/\/www.facebook.com\/todoalfalfa\" \/>\n<meta property=\"article:published_time\" content=\"2023-10-03T18:06:59+00:00\" \/>\n<meta property=\"article:modified_time\" content=\"2023-10-03T18:37:14+00:00\" \/>\n<meta property=\"og:image\" content=\"https:\/\/www.todoalfalfa.com.ar\/noticias\/wp-content\/uploads\/2023\/10\/20230928_101242-scaled.jpg\" \/>\n\t<meta property=\"og:image:width\" content=\"2560\" \/>\n\t<meta property=\"og:image:height\" content=\"1183\" \/>\n\t<meta property=\"og:image:type\" content=\"image\/jpeg\" \/>\n<meta name=\"author\" content=\"Todo Alfalfa\" \/>\n<meta name=\"twitter:card\" content=\"summary_large_image\" \/>\n<meta name=\"twitter:label1\" content=\"Escrito por\" \/>\n\t<meta name=\"twitter:data1\" content=\"Todo Alfalfa\" \/>\n\t<meta name=\"twitter:label2\" content=\"Tiempo de lectura\" \/>\n\t<meta name=\"twitter:data2\" content=\"3 minutos\" \/>\n<script type=\"application\/ld+json\" class=\"yoast-schema-graph\">{\"@context\":\"https:\/\/schema.org\",\"@graph\":[{\"@type\":\"NewsArticle\",\"@id\":\"https:\/\/www.todoalfalfa.com.ar\/noticias\/premian-una-alfalfa-con-mayor-productividad-y-tolerancia-a-la-sequia\/#article\",\"isPartOf\":{\"@id\":\"https:\/\/www.todoalfalfa.com.ar\/noticias\/premian-una-alfalfa-con-mayor-productividad-y-tolerancia-a-la-sequia\/\"},\"author\":{\"name\":\"Todo Alfalfa\",\"@id\":\"https:\/\/www.todoalfalfa.com.ar\/noticias\/#\/schema\/person\/99de93cb711c7015ef658e5321ba9f18\"},\"headline\":\"Premian una alfalfa con mayor productividad y tolerancia a la sequ\u00eda\",\"datePublished\":\"2023-10-03T18:06:59+00:00\",\"dateModified\":\"2023-10-03T18:37:14+00:00\",\"mainEntityOfPage\":{\"@id\":\"https:\/\/www.todoalfalfa.com.ar\/noticias\/premian-una-alfalfa-con-mayor-productividad-y-tolerancia-a-la-sequia\/\"},\"wordCount\":376,\"publisher\":{\"@id\":\"https:\/\/www.todoalfalfa.com.ar\/noticias\/#organization\"},\"image\":{\"@id\":\"https:\/\/www.todoalfalfa.com.ar\/noticias\/premian-una-alfalfa-con-mayor-productividad-y-tolerancia-a-la-sequia\/#primaryimage\"},\"thumbnailUrl\":\"https:\/\/i0.wp.com\/www.todoalfalfa.com.ar\/noticias\/wp-content\/uploads\/2023\/10\/20230928_101242-scaled.jpg?fit=2560%2C1183&ssl=1\",\"keywords\":[\"alfalfa\",\"Bunge y Born\",\"forrajes\",\"Gabriela Soto\",\"inta\",\"INTA Manfredi\",\"pasturas\"],\"articleSection\":[\"Tecnolog\u00eda\"],\"inLanguage\":\"es\"},{\"@type\":[\"WebPage\",\"ItemPage\"],\"@id\":\"https:\/\/www.todoalfalfa.com.ar\/noticias\/premian-una-alfalfa-con-mayor-productividad-y-tolerancia-a-la-sequia\/\",\"url\":\"https:\/\/www.todoalfalfa.com.ar\/noticias\/premian-una-alfalfa-con-mayor-productividad-y-tolerancia-a-la-sequia\/\",\"name\":\"Premian una alfalfa con mayor productividad y tolerancia a la sequ\u00eda\",\"isPartOf\":{\"@id\":\"https:\/\/www.todoalfalfa.com.ar\/noticias\/#website\"},\"primaryImageOfPage\":{\"@id\":\"https:\/\/www.todoalfalfa.com.ar\/noticias\/premian-una-alfalfa-con-mayor-productividad-y-tolerancia-a-la-sequia\/#primaryimage\"},\"image\":{\"@id\":\"https:\/\/www.todoalfalfa.com.ar\/noticias\/premian-una-alfalfa-con-mayor-productividad-y-tolerancia-a-la-sequia\/#primaryimage\"},\"thumbnailUrl\":\"https:\/\/i0.wp.com\/www.todoalfalfa.com.ar\/noticias\/wp-content\/uploads\/2023\/10\/20230928_101242-scaled.jpg?fit=2560%2C1183&ssl=1\",\"datePublished\":\"2023-10-03T18:06:59+00:00\",\"dateModified\":\"2023-10-03T18:37:14+00:00\",\"breadcrumb\":{\"@id\":\"https:\/\/www.todoalfalfa.com.ar\/noticias\/premian-una-alfalfa-con-mayor-productividad-y-tolerancia-a-la-sequia\/#breadcrumb\"},\"inLanguage\":\"es\",\"potentialAction\":[{\"@type\":\"ReadAction\",\"target\":[\"https:\/\/www.todoalfalfa.com.ar\/noticias\/premian-una-alfalfa-con-mayor-productividad-y-tolerancia-a-la-sequia\/\"]}]},{\"@type\":\"ImageObject\",\"inLanguage\":\"es\",\"@id\":\"https:\/\/www.todoalfalfa.com.ar\/noticias\/premian-una-alfalfa-con-mayor-productividad-y-tolerancia-a-la-sequia\/#primaryimage\",\"url\":\"https:\/\/i0.wp.com\/www.todoalfalfa.com.ar\/noticias\/wp-content\/uploads\/2023\/10\/20230928_101242-scaled.jpg?fit=2560%2C1183&ssl=1\",\"contentUrl\":\"https:\/\/i0.wp.com\/www.todoalfalfa.com.ar\/noticias\/wp-content\/uploads\/2023\/10\/20230928_101242-scaled.jpg?fit=2560%2C1183&ssl=1\",\"width\":2560,\"height\":1183},{\"@type\":\"BreadcrumbList\",\"@id\":\"https:\/\/www.todoalfalfa.com.ar\/noticias\/premian-una-alfalfa-con-mayor-productividad-y-tolerancia-a-la-sequia\/#breadcrumb\",\"itemListElement\":[{\"@type\":\"ListItem\",\"position\":1,\"name\":\"Principal\",\"item\":\"https:\/\/www.todoalfalfa.com.ar\/noticias\/\"},{\"@type\":\"ListItem\",\"position\":2,\"name\":\"Premian una alfalfa con mayor productividad y tolerancia a la sequ\u00eda\"}]},{\"@type\":\"WebSite\",\"@id\":\"https:\/\/www.todoalfalfa.com.ar\/noticias\/#website\",\"url\":\"https:\/\/www.todoalfalfa.com.ar\/noticias\/\",\"name\":\"Todo Alfalfa\",\"description\":\"Web informativa de la cadena de la alfalfa argentina\",\"publisher\":{\"@id\":\"https:\/\/www.todoalfalfa.com.ar\/noticias\/#organization\"},\"potentialAction\":[{\"@type\":\"SearchAction\",\"target\":{\"@type\":\"EntryPoint\",\"urlTemplate\":\"https:\/\/www.todoalfalfa.com.ar\/noticias\/?s={search_term_string}\"},\"query-input\":{\"@type\":\"PropertyValueSpecification\",\"valueRequired\":true,\"valueName\":\"search_term_string\"}}],\"inLanguage\":\"es\"},{\"@type\":\"Organization\",\"@id\":\"https:\/\/www.todoalfalfa.com.ar\/noticias\/#organization\",\"name\":\"Todo Alfalfa\",\"url\":\"https:\/\/www.todoalfalfa.com.ar\/noticias\/\",\"logo\":{\"@type\":\"ImageObject\",\"inLanguage\":\"es\",\"@id\":\"https:\/\/www.todoalfalfa.com.ar\/noticias\/#\/schema\/logo\/image\/\",\"url\":\"https:\/\/www.todoalfalfa.com.ar\/noticias\/wp-content\/uploads\/2020\/09\/logo-todo-alfalfa-modificado.png\",\"contentUrl\":\"https:\/\/www.todoalfalfa.com.ar\/noticias\/wp-content\/uploads\/2020\/09\/logo-todo-alfalfa-modificado.png\",\"width\":350,\"height\":100,\"caption\":\"Todo Alfalfa\"},\"image\":{\"@id\":\"https:\/\/www.todoalfalfa.com.ar\/noticias\/#\/schema\/logo\/image\/\"},\"sameAs\":[\"https:\/\/www.facebook.com\/todoalfalfa\",\"https:\/\/www.instagram.com\/todoalfalfa\",\"https:\/\/www.youtube.com\/@TodoAlfalfa\",\"https:\/\/www.linkedin.com\/company\/todoalfalfa\/\"]},{\"@type\":\"Person\",\"@id\":\"https:\/\/www.todoalfalfa.com.ar\/noticias\/#\/schema\/person\/99de93cb711c7015ef658e5321ba9f18\",\"name\":\"Todo Alfalfa\",\"image\":{\"@type\":\"ImageObject\",\"inLanguage\":\"es\",\"@id\":\"https:\/\/www.todoalfalfa.com.ar\/noticias\/#\/schema\/person\/image\/\",\"url\":\"https:\/\/secure.gravatar.com\/avatar\/50ffd12fb7b268bc2467160730786602db252a270c63104e7c19b5f67b8dd346?s=96&d=mm&r=g\",\"contentUrl\":\"https:\/\/secure.gravatar.com\/avatar\/50ffd12fb7b268bc2467160730786602db252a270c63104e7c19b5f67b8dd346?s=96&d=mm&r=g\",\"caption\":\"Todo Alfalfa\"},\"url\":\"https:\/\/www.todoalfalfa.com.ar\/noticias\/author\/osvaldoiachetta\/\"}]}<\/script>\n<!-- \/ Yoast SEO plugin. -->","yoast_head_json":{"title":"Premian una alfalfa con mayor productividad y tolerancia a la sequ\u00eda","robots":{"index":"index","follow":"follow","max-snippet":"max-snippet:-1","max-image-preview":"max-image-preview:large","max-video-preview":"max-video-preview:-1"},"canonical":"https:\/\/www.todoalfalfa.com.ar\/noticias\/premian-una-alfalfa-con-mayor-productividad-y-tolerancia-a-la-sequia\/","og_locale":"es_ES","og_type":"article","og_title":"Premian una alfalfa con mayor productividad y tolerancia a la sequ\u00eda","og_description":"Se trata de un desarrollo de la investigadora Gabriel Soto que aporta un alto impacto e inter\u00e9s agron\u00f3mico. El trabajo, realizado en vinculaci\u00f3n con el INTA Manfredi, fue reconocido por la fundaci\u00f3n Bunge y Born.","og_url":"https:\/\/www.todoalfalfa.com.ar\/noticias\/premian-una-alfalfa-con-mayor-productividad-y-tolerancia-a-la-sequia\/","og_site_name":"Todo Alfalfa","article_publisher":"https:\/\/www.facebook.com\/todoalfalfa","article_published_time":"2023-10-03T18:06:59+00:00","article_modified_time":"2023-10-03T18:37:14+00:00","og_image":[{"width":2560,"height":1183,"url":"https:\/\/www.todoalfalfa.com.ar\/noticias\/wp-content\/uploads\/2023\/10\/20230928_101242-scaled.jpg","type":"image\/jpeg"}],"author":"Todo Alfalfa","twitter_card":"summary_large_image","twitter_misc":{"Escrito por":"Todo Alfalfa","Tiempo de lectura":"3 minutos"},"schema":{"@context":"https:\/\/schema.org","@graph":[{"@type":"NewsArticle","@id":"https:\/\/www.todoalfalfa.com.ar\/noticias\/premian-una-alfalfa-con-mayor-productividad-y-tolerancia-a-la-sequia\/#article","isPartOf":{"@id":"https:\/\/www.todoalfalfa.com.ar\/noticias\/premian-una-alfalfa-con-mayor-productividad-y-tolerancia-a-la-sequia\/"},"author":{"name":"Todo Alfalfa","@id":"https:\/\/www.todoalfalfa.com.ar\/noticias\/#\/schema\/person\/99de93cb711c7015ef658e5321ba9f18"},"headline":"Premian una alfalfa con mayor productividad y tolerancia a la sequ\u00eda","datePublished":"2023-10-03T18:06:59+00:00","dateModified":"2023-10-03T18:37:14+00:00","mainEntityOfPage":{"@id":"https:\/\/www.todoalfalfa.com.ar\/noticias\/premian-una-alfalfa-con-mayor-productividad-y-tolerancia-a-la-sequia\/"},"wordCount":376,"publisher":{"@id":"https:\/\/www.todoalfalfa.com.ar\/noticias\/#organization"},"image":{"@id":"https:\/\/www.todoalfalfa.com.ar\/noticias\/premian-una-alfalfa-con-mayor-productividad-y-tolerancia-a-la-sequia\/#primaryimage"},"thumbnailUrl":"https:\/\/i0.wp.com\/www.todoalfalfa.com.ar\/noticias\/wp-content\/uploads\/2023\/10\/20230928_101242-scaled.jpg?fit=2560%2C1183&ssl=1","keywords":["alfalfa","Bunge y Born","forrajes","Gabriela Soto","inta","INTA Manfredi","pasturas"],"articleSection":["Tecnolog\u00eda"],"inLanguage":"es"},{"@type":["WebPage","ItemPage"],"@id":"https:\/\/www.todoalfalfa.com.ar\/noticias\/premian-una-alfalfa-con-mayor-productividad-y-tolerancia-a-la-sequia\/","url":"https:\/\/www.todoalfalfa.com.ar\/noticias\/premian-una-alfalfa-con-mayor-productividad-y-tolerancia-a-la-sequia\/","name":"Premian una alfalfa con mayor productividad y tolerancia a la sequ\u00eda","isPartOf":{"@id":"https:\/\/www.todoalfalfa.com.ar\/noticias\/#website"},"primaryImageOfPage":{"@id":"https:\/\/www.todoalfalfa.com.ar\/noticias\/premian-una-alfalfa-con-mayor-productividad-y-tolerancia-a-la-sequia\/#primaryimage"},"image":{"@id":"https:\/\/www.todoalfalfa.com.ar\/noticias\/premian-una-alfalfa-con-mayor-productividad-y-tolerancia-a-la-sequia\/#primaryimage"},"thumbnailUrl":"https:\/\/i0.wp.com\/www.todoalfalfa.com.ar\/noticias\/wp-content\/uploads\/2023\/10\/20230928_101242-scaled.jpg?fit=2560%2C1183&ssl=1","datePublished":"2023-10-03T18:06:59+00:00","dateModified":"2023-10-03T18:37:14+00:00","breadcrumb":{"@id":"https:\/\/www.todoalfalfa.com.ar\/noticias\/premian-una-alfalfa-con-mayor-productividad-y-tolerancia-a-la-sequia\/#breadcrumb"},"inLanguage":"es","potentialAction":[{"@type":"ReadAction","target":["https:\/\/www.todoalfalfa.com.ar\/noticias\/premian-una-alfalfa-con-mayor-productividad-y-tolerancia-a-la-sequia\/"]}]},{"@type":"ImageObject","inLanguage":"es","@id":"https:\/\/www.todoalfalfa.com.ar\/noticias\/premian-una-alfalfa-con-mayor-productividad-y-tolerancia-a-la-sequia\/#primaryimage","url":"https:\/\/i0.wp.com\/www.todoalfalfa.com.ar\/noticias\/wp-content\/uploads\/2023\/10\/20230928_101242-scaled.jpg?fit=2560%2C1183&ssl=1","contentUrl":"https:\/\/i0.wp.com\/www.todoalfalfa.com.ar\/noticias\/wp-content\/uploads\/2023\/10\/20230928_101242-scaled.jpg?fit=2560%2C1183&ssl=1","width":2560,"height":1183},{"@type":"BreadcrumbList","@id":"https:\/\/www.todoalfalfa.com.ar\/noticias\/premian-una-alfalfa-con-mayor-productividad-y-tolerancia-a-la-sequia\/#breadcrumb","itemListElement":[{"@type":"ListItem","position":1,"name":"Principal","item":"https:\/\/www.todoalfalfa.com.ar\/noticias\/"},{"@type":"ListItem","position":2,"name":"Premian una alfalfa con mayor productividad y tolerancia a la sequ\u00eda"}]},{"@type":"WebSite","@id":"https:\/\/www.todoalfalfa.com.ar\/noticias\/#website","url":"https:\/\/www.todoalfalfa.com.ar\/noticias\/","name":"Todo Alfalfa","description":"Web informativa de la cadena de la alfalfa argentina","publisher":{"@id":"https:\/\/www.todoalfalfa.com.ar\/noticias\/#organization"},"potentialAction":[{"@type":"SearchAction","target":{"@type":"EntryPoint","urlTemplate":"https:\/\/www.todoalfalfa.com.ar\/noticias\/?s={search_term_string}"},"query-input":{"@type":"PropertyValueSpecification","valueRequired":true,"valueName":"search_term_string"}}],"inLanguage":"es"},{"@type":"Organization","@id":"https:\/\/www.todoalfalfa.com.ar\/noticias\/#organization","name":"Todo Alfalfa","url":"https:\/\/www.todoalfalfa.com.ar\/noticias\/","logo":{"@type":"ImageObject","inLanguage":"es","@id":"https:\/\/www.todoalfalfa.com.ar\/noticias\/#\/schema\/logo\/image\/","url":"https:\/\/www.todoalfalfa.com.ar\/noticias\/wp-content\/uploads\/2020\/09\/logo-todo-alfalfa-modificado.png","contentUrl":"https:\/\/www.todoalfalfa.com.ar\/noticias\/wp-content\/uploads\/2020\/09\/logo-todo-alfalfa-modificado.png","width":350,"height":100,"caption":"Todo Alfalfa"},"image":{"@id":"https:\/\/www.todoalfalfa.com.ar\/noticias\/#\/schema\/logo\/image\/"},"sameAs":["https:\/\/www.facebook.com\/todoalfalfa","https:\/\/www.instagram.com\/todoalfalfa","https:\/\/www.youtube.com\/@TodoAlfalfa","https:\/\/www.linkedin.com\/company\/todoalfalfa\/"]},{"@type":"Person","@id":"https:\/\/www.todoalfalfa.com.ar\/noticias\/#\/schema\/person\/99de93cb711c7015ef658e5321ba9f18","name":"Todo Alfalfa","image":{"@type":"ImageObject","inLanguage":"es","@id":"https:\/\/www.todoalfalfa.com.ar\/noticias\/#\/schema\/person\/image\/","url":"https:\/\/secure.gravatar.com\/avatar\/50ffd12fb7b268bc2467160730786602db252a270c63104e7c19b5f67b8dd346?s=96&d=mm&r=g","contentUrl":"https:\/\/secure.gravatar.com\/avatar\/50ffd12fb7b268bc2467160730786602db252a270c63104e7c19b5f67b8dd346?s=96&d=mm&r=g","caption":"Todo Alfalfa"},"url":"https:\/\/www.todoalfalfa.com.ar\/noticias\/author\/osvaldoiachetta\/"}]}},"jetpack_featured_media_url":"https:\/\/i0.wp.com\/www.todoalfalfa.com.ar\/noticias\/wp-content\/uploads\/2023\/10\/20230928_101242-scaled.jpg?fit=2560%2C1183&ssl=1","wps_subtitle":"","jetpack_sharing_enabled":true,"_links":{"self":[{"href":"https:\/\/www.todoalfalfa.com.ar\/noticias\/wp-json\/wp\/v2\/posts\/45897","targetHints":{"allow":["GET"]}}],"collection":[{"href":"https:\/\/www.todoalfalfa.com.ar\/noticias\/wp-json\/wp\/v2\/posts"}],"about":[{"href":"https:\/\/www.todoalfalfa.com.ar\/noticias\/wp-json\/wp\/v2\/types\/post"}],"author":[{"embeddable":true,"href":"https:\/\/www.todoalfalfa.com.ar\/noticias\/wp-json\/wp\/v2\/users\/9"}],"replies":[{"embeddable":true,"href":"https:\/\/www.todoalfalfa.com.ar\/noticias\/wp-json\/wp\/v2\/comments?post=45897"}],"version-history":[{"count":4,"href":"https:\/\/www.todoalfalfa.com.ar\/noticias\/wp-json\/wp\/v2\/posts\/45897\/revisions"}],"predecessor-version":[{"id":45910,"href":"https:\/\/www.todoalfalfa.com.ar\/noticias\/wp-json\/wp\/v2\/posts\/45897\/revisions\/45910"}],"wp:featuredmedia":[{"embeddable":true,"href":"https:\/\/www.todoalfalfa.com.ar\/noticias\/wp-json\/wp\/v2\/media\/45904"}],"wp:attachment":[{"href":"https:\/\/www.todoalfalfa.com.ar\/noticias\/wp-json\/wp\/v2\/media?parent=45897"}],"wp:term":[{"taxonomy":"category","embeddable":true,"href":"https:\/\/www.todoalfalfa.com.ar\/noticias\/wp-json\/wp\/v2\/categories?post=45897"},{"taxonomy":"post_tag","embeddable":true,"href":"https:\/\/www.todoalfalfa.com.ar\/noticias\/wp-json\/wp\/v2\/tags?post=45897"}],"curies":[{"name":"wp","href":"https:\/\/api.w.org\/{rel}","templated":true}]}}