{"id":45925,"date":"2023-10-06T16:00:10","date_gmt":"2023-10-06T19:00:10","guid":{"rendered":"https:\/\/www.todoalfalfa.com.ar\/noticias\/?p=45925"},"modified":"2023-10-06T16:00:21","modified_gmt":"2023-10-06T19:00:21","slug":"productores-bonaerenses-controlan-malezas-sin-mover-el-suelo","status":"publish","type":"post","link":"https:\/\/www.todoalfalfa.com.ar\/noticias\/productores-bonaerenses-controlan-malezas-sin-mover-el-suelo\/","title":{"rendered":"Productores bonaerenses controlan malezas sin mover el suelo"},"content":{"rendered":"\n<p>En el sur de Buenos Aires, desde 2019 funciona el grupo \u201cRa\u00edces del sudoeste\u201d. Se trata de una propuesta que, a partir de la inquietud de productoras y productores vinculados al CEPT N\u00b030 y al INTA, se encuentra en transici\u00f3n hacia la agroecolog\u00eda de sus pr\u00e1cticas productivas. Ahora, gracias al financiamiento del Ministerio de Desarrollo Agrario bonaerense pudieron adquirir el sistema BES \u2013Beneficio Econ\u00f3mico Sustentable\u2013, una maquinaria para el control de malezas que reemplaza el uso de herbicidas. Avanzan con las pruebas y la puesta a punto del equipo.<\/p>\n\n\n\n<p>Mar\u00eda Clara Mediavilla \u2013extensionista del INTA Bordenave\u2013 explic\u00f3: \u201cEl sistema permite preservar esa cobertura de malezas en la superficie, que van a ir muriendo, y poder sembrar directamente sobre el suelo, lo que contribuye a conservar la humedad y evita la erosi\u00f3n de los suelos por el viento, que en el sudoeste de la provincia de Buenos Aires es una constante\u201d.<\/p>\n\n\n\n<p>El uso del sistema BES \u2013Beneficio Econ\u00f3mico Sustentable\u2013 es una maquinaria desarrollada por la empresa Agroseri, de la provincia del Chaco, que permite realizar un control de malezas sin necesidad de invertir el suelo. Esto aporta importantes beneficios ambientales y econ\u00f3micos, ya que entre otras cosas permite reemplazar el uso de agroqu\u00edmicos, sobre todo herbicidas. A su vez, el uso del sistema BES permite mantener la vida de los micro organismos ben\u00e9ficos del suelo, que descomponen los vegetales, favorecen la disponibilidad de nutrientes y fijan nitr\u00f3geno.<\/p>\n\n\n\n<figure class=\"wp-block-image\"><img data-recalc-dims=\"1\" decoding=\"async\" src=\"https:\/\/i0.wp.com\/intainforma.inta.gob.ar\/wp-content\/uploads\/5-18.jpg?ssl=1\" alt=\"\" class=\"wp-image-1272439\"\/><\/figure>\n\n\n\n<p>Mediavilla detall\u00f3: \u201cProbamos la herramienta en distintos suelos y coberturas vegetales con la idea de que la maquinaria corte el perfil del suelo entre 4 y 12 cent\u00edmetros de profundidad, cortando las ra\u00edces de la vegetaci\u00f3n y dej\u00e1ndola en pie para proteger el suelo y as\u00ed poder sembrar directamente sobre el mismo, sin utilizar herbicidas\u201d.<\/p>\n\n\n\n<p>Y agreg\u00f3: \u201cAdem\u00e1s, en esta etapa se construy\u00f3 el reglamento de uso de la maquinaria. La idea es que el BES sea utilizado de manera rotativa por los integrantes del grupo y avanzar analizando distintos par\u00e1metros sobre el control de malezas y la cobertura del suelo\u201d.<\/p>\n\n\n\n<p>La m\u00e1quina se hace con el cuerpo de un cincel que no necesariamente tiene que ser nuevo, pero s\u00ed un modelo puntual, para que puedan incorporarse los cuerpos y las cuchillas. Esto permite cortar al ras del suelo y de manera horizontal las ra\u00edces de las malezas que compitan con lo se busca desarrollar. Siempre dependiendo de la humedad, la compactaci\u00f3n y la cobertura que tenga ese suelo.<\/p>\n\n\n\n<p>\u201cLo interesante de estas pruebas que venimos realizando hasta el momento, es que vamos conociendo c\u00f3mo funciona el sistema en nuestra zona, donde no hay antecedentes de un equipamiento de este tipo\u201d, se\u00f1al\u00f3 Mediavilla.<\/p>\n\n\n\n<p>Con la ayuda del INTA, la m\u00e1quina va rotando por los establecimientos de los dem\u00e1s, en funci\u00f3n de las necesidades. Para ello, se estableci\u00f3 un reglamento de uso, que implica cuestiones de manejo, de traslado y de limpieza del equipo, para evitar incluso llevar malezas y enfermedades de un campo a otro.<\/p>\n\n\n\n<p>Ram\u00f3n Laserre \u2013productor del Grupo \u201cRa\u00edces del sudoeste\u201d\u2013 coment\u00f3: \u201cLa idea es producir de la forma ecol\u00f3gica que mejor nos permita seguir adelante. Con esa idea formamos el grupo, para tener las experiencias de los dem\u00e1s y no cerrarse solamente en uno. Y eso sirve mucho, porque lo que hace uno u otro siempre ayuda a volcarlo en el campo propio. Y teniendo esas experiencias es m\u00e1s sencillo, m\u00e1s f\u00e1cil\u201d.<\/p>\n\n\n\n<figure class=\"wp-block-image\"><img data-recalc-dims=\"1\" decoding=\"async\" src=\"https:\/\/i0.wp.com\/intainforma.inta.gob.ar\/wp-content\/uploads\/6-12.jpg?ssl=1\" alt=\"\" class=\"wp-image-1272440\"\/><\/figure>\n\n\n\n<p>Quienes lo integran tienen sus establecimientos en el sudoeste bonaerense, una zona semi\u00e1rida, con pocas precipitaciones y mucho viento. \u201cEntre nuestros objetivos compartidos aparecen la reducci\u00f3n del uso de agroqu\u00edmicos, el aumento de la biodiversidad, la asociaci\u00f3n de cultivos y pasturas, como as\u00ed tambi\u00e9n la incorporaci\u00f3n de pasturas perennes y la integraci\u00f3n de la ganader\u00eda con la agricultura\u201d, coment\u00f3 Laserre.<\/p>\n\n\n\n<p>Y agreg\u00f3: \u201cLa actividad que involucr\u00f3 la b\u00fasqueda de financiamiento primero, y la construcci\u00f3n de la m\u00e1quina despu\u00e9s, represent\u00f3 un momento importante del proyecto colectivo desarrollado por las y los productores\u201d.<\/p>\n\n\n\n<p>Con el dinero recibido de la convocatoria del Ministerio de Desarrollo Agrario bonaerense, adem\u00e1s del Sistema BES el grupo pudo comprar semillas de mijo perenne, que permitir\u00e1 incrementar las pasturas perennes en la regi\u00f3n.<\/p>\n\n\n\n<p>Mediavilla destac\u00f3 que la experiencia les dio un aprendizaje que habitualmente no se pone en papeles. \u201cEsto del trabajo colectivo: desde haber armado la maquinaria, entre hombres y mujeres, porque el Grupo es mixto. Limpiar, atornillar, soldar, armar, comprar, ejecutar, cosa que hicimos en tiempo y forma. Todo de manera grupal, entre t\u00e9cnicos, t\u00e9cnicas, productoras y productores\u201d.<\/p>\n\n\n\n<p>Fuente: <a href=\"https:\/\/intainforma.inta.gob.ar\/productores-bonaerenses-controlan-malezas-sin-mover-el-suelo\/\">INTA <\/a><\/p>\n<div class=\"todoalfalfa-final-de-la-nota\" id=\"todoalfalfa-1071829681\"><a href=\"https:\/\/www.whatsapp.com\/channel\/0029VbCBmFB9WtBxJsD3eC2i\" target=\"_blank\" aria-label=\"5\"><img src=\"https:\/\/i0.wp.com\/www.todoalfalfa.com.ar\/noticias\/wp-content\/uploads\/2026\/04\/5.gif?fit=728%2C90&#038;ssl=1\" alt=\"\"  width=\"728\" height=\"90\"   \/><\/a><\/div>","protected":false},"excerpt":{"rendered":"<p>El grupo \u201cRa\u00edces del sudoeste\u201d \u2013que se encuentra en transici\u00f3n hacia la agroecolog\u00eda de sus pr\u00e1cticas productivas\u2013 avanza con las pruebas y la puesta a punto del sistema BES \u2013Beneficio Econ\u00f3mico Sustentable\u2013, una maquinaria para el control de malezas que reemplaza el uso de herbicidas. Con el acompa\u00f1amiento del INTA Bordenave \u2013Buenos Aires\u2013 y la Asociaci\u00f3n del Centro Educativo para la Producci\u00f3n Total (ACEPT) N\u00ba 30 consiguieron el financiamiento para adquirir el equipo.<\/p>\n","protected":false},"author":9,"featured_media":45926,"comment_status":"closed","ping_status":"open","sticky":false,"template":"","format":"standard","meta":{"jetpack_post_was_ever_published":false,"_jetpack_newsletter_access":"","_jetpack_dont_email_post_to_subs":false,"_jetpack_newsletter_tier_id":0,"_jetpack_memberships_contains_paywalled_content":false,"_jetpack_memberships_contains_paid_content":false,"footnotes":""},"categories":[2],"tags":[1521,36,1300],"class_list":["post-45925","post","type-post","status-publish","format-standard","has-post-thumbnail","hentry","category-generales","tag-grupo-raices","tag-inta","tag-malezas"],"yoast_head":"<!-- This site is optimized with the Yoast SEO plugin v25.5 - https:\/\/yoast.com\/wordpress\/plugins\/seo\/ -->\n<title>Productores bonaerenses controlan malezas sin mover el suelo<\/title>\n<meta name=\"robots\" content=\"index, follow, max-snippet:-1, max-image-preview:large, max-video-preview:-1\" \/>\n<link rel=\"canonical\" href=\"https:\/\/www.todoalfalfa.com.ar\/noticias\/productores-bonaerenses-controlan-malezas-sin-mover-el-suelo\/\" \/>\n<meta property=\"og:locale\" content=\"es_ES\" \/>\n<meta property=\"og:type\" content=\"article\" \/>\n<meta property=\"og:title\" content=\"Productores bonaerenses controlan malezas sin mover el suelo\" \/>\n<meta property=\"og:description\" content=\"El grupo \u201cRa\u00edces del sudoeste\u201d \u2013que se encuentra en transici\u00f3n hacia la agroecolog\u00eda de sus pr\u00e1cticas productivas\u2013 avanza con las pruebas y la puesta a punto del sistema BES \u2013Beneficio Econ\u00f3mico Sustentable\u2013, una maquinaria para el control de malezas que reemplaza el uso de herbicidas. Con el acompa\u00f1amiento del INTA Bordenave \u2013Buenos Aires\u2013 y la Asociaci\u00f3n del Centro Educativo para la Producci\u00f3n Total (ACEPT) N\u00ba 30 consiguieron el financiamiento para adquirir el equipo.\" \/>\n<meta property=\"og:url\" content=\"https:\/\/www.todoalfalfa.com.ar\/noticias\/productores-bonaerenses-controlan-malezas-sin-mover-el-suelo\/\" \/>\n<meta property=\"og:site_name\" content=\"Todo Alfalfa\" \/>\n<meta property=\"article:publisher\" content=\"https:\/\/www.facebook.com\/todoalfalfa\" \/>\n<meta property=\"article:published_time\" content=\"2023-10-06T19:00:10+00:00\" \/>\n<meta property=\"article:modified_time\" content=\"2023-10-06T19:00:21+00:00\" \/>\n<meta property=\"og:image\" content=\"https:\/\/www.todoalfalfa.com.ar\/noticias\/wp-content\/uploads\/2023\/10\/Control-malezas.jpg\" \/>\n\t<meta property=\"og:image:width\" content=\"1920\" \/>\n\t<meta property=\"og:image:height\" content=\"1080\" \/>\n\t<meta property=\"og:image:type\" content=\"image\/jpeg\" \/>\n<meta name=\"author\" content=\"Todo Alfalfa\" \/>\n<meta name=\"twitter:card\" content=\"summary_large_image\" \/>\n<meta name=\"twitter:label1\" content=\"Escrito por\" \/>\n\t<meta name=\"twitter:data1\" content=\"Todo Alfalfa\" \/>\n\t<meta name=\"twitter:label2\" content=\"Tiempo de lectura\" \/>\n\t<meta name=\"twitter:data2\" content=\"4 minutos\" \/>\n<script type=\"application\/ld+json\" class=\"yoast-schema-graph\">{\"@context\":\"https:\/\/schema.org\",\"@graph\":[{\"@type\":\"NewsArticle\",\"@id\":\"https:\/\/www.todoalfalfa.com.ar\/noticias\/productores-bonaerenses-controlan-malezas-sin-mover-el-suelo\/#article\",\"isPartOf\":{\"@id\":\"https:\/\/www.todoalfalfa.com.ar\/noticias\/productores-bonaerenses-controlan-malezas-sin-mover-el-suelo\/\"},\"author\":{\"name\":\"Todo Alfalfa\",\"@id\":\"https:\/\/www.todoalfalfa.com.ar\/noticias\/#\/schema\/person\/99de93cb711c7015ef658e5321ba9f18\"},\"headline\":\"Productores bonaerenses controlan malezas sin mover el suelo\",\"datePublished\":\"2023-10-06T19:00:10+00:00\",\"dateModified\":\"2023-10-06T19:00:21+00:00\",\"mainEntityOfPage\":{\"@id\":\"https:\/\/www.todoalfalfa.com.ar\/noticias\/productores-bonaerenses-controlan-malezas-sin-mover-el-suelo\/\"},\"wordCount\":799,\"publisher\":{\"@id\":\"https:\/\/www.todoalfalfa.com.ar\/noticias\/#organization\"},\"image\":{\"@id\":\"https:\/\/www.todoalfalfa.com.ar\/noticias\/productores-bonaerenses-controlan-malezas-sin-mover-el-suelo\/#primaryimage\"},\"thumbnailUrl\":\"https:\/\/i0.wp.com\/www.todoalfalfa.com.ar\/noticias\/wp-content\/uploads\/2023\/10\/Control-malezas.jpg?fit=1920%2C1080&ssl=1\",\"keywords\":[\"Grupo Ra\u00edces\",\"inta\",\"malezas\"],\"articleSection\":[\"Generales\"],\"inLanguage\":\"es\"},{\"@type\":[\"WebPage\",\"ItemPage\"],\"@id\":\"https:\/\/www.todoalfalfa.com.ar\/noticias\/productores-bonaerenses-controlan-malezas-sin-mover-el-suelo\/\",\"url\":\"https:\/\/www.todoalfalfa.com.ar\/noticias\/productores-bonaerenses-controlan-malezas-sin-mover-el-suelo\/\",\"name\":\"Productores bonaerenses controlan malezas sin mover el suelo\",\"isPartOf\":{\"@id\":\"https:\/\/www.todoalfalfa.com.ar\/noticias\/#website\"},\"primaryImageOfPage\":{\"@id\":\"https:\/\/www.todoalfalfa.com.ar\/noticias\/productores-bonaerenses-controlan-malezas-sin-mover-el-suelo\/#primaryimage\"},\"image\":{\"@id\":\"https:\/\/www.todoalfalfa.com.ar\/noticias\/productores-bonaerenses-controlan-malezas-sin-mover-el-suelo\/#primaryimage\"},\"thumbnailUrl\":\"https:\/\/i0.wp.com\/www.todoalfalfa.com.ar\/noticias\/wp-content\/uploads\/2023\/10\/Control-malezas.jpg?fit=1920%2C1080&ssl=1\",\"datePublished\":\"2023-10-06T19:00:10+00:00\",\"dateModified\":\"2023-10-06T19:00:21+00:00\",\"breadcrumb\":{\"@id\":\"https:\/\/www.todoalfalfa.com.ar\/noticias\/productores-bonaerenses-controlan-malezas-sin-mover-el-suelo\/#breadcrumb\"},\"inLanguage\":\"es\",\"potentialAction\":[{\"@type\":\"ReadAction\",\"target\":[\"https:\/\/www.todoalfalfa.com.ar\/noticias\/productores-bonaerenses-controlan-malezas-sin-mover-el-suelo\/\"]}]},{\"@type\":\"ImageObject\",\"inLanguage\":\"es\",\"@id\":\"https:\/\/www.todoalfalfa.com.ar\/noticias\/productores-bonaerenses-controlan-malezas-sin-mover-el-suelo\/#primaryimage\",\"url\":\"https:\/\/i0.wp.com\/www.todoalfalfa.com.ar\/noticias\/wp-content\/uploads\/2023\/10\/Control-malezas.jpg?fit=1920%2C1080&ssl=1\",\"contentUrl\":\"https:\/\/i0.wp.com\/www.todoalfalfa.com.ar\/noticias\/wp-content\/uploads\/2023\/10\/Control-malezas.jpg?fit=1920%2C1080&ssl=1\",\"width\":1920,\"height\":1080},{\"@type\":\"BreadcrumbList\",\"@id\":\"https:\/\/www.todoalfalfa.com.ar\/noticias\/productores-bonaerenses-controlan-malezas-sin-mover-el-suelo\/#breadcrumb\",\"itemListElement\":[{\"@type\":\"ListItem\",\"position\":1,\"name\":\"Principal\",\"item\":\"https:\/\/www.todoalfalfa.com.ar\/noticias\/\"},{\"@type\":\"ListItem\",\"position\":2,\"name\":\"Productores bonaerenses controlan malezas sin mover el suelo\"}]},{\"@type\":\"WebSite\",\"@id\":\"https:\/\/www.todoalfalfa.com.ar\/noticias\/#website\",\"url\":\"https:\/\/www.todoalfalfa.com.ar\/noticias\/\",\"name\":\"Todo Alfalfa\",\"description\":\"Web informativa de la cadena de la alfalfa argentina\",\"publisher\":{\"@id\":\"https:\/\/www.todoalfalfa.com.ar\/noticias\/#organization\"},\"potentialAction\":[{\"@type\":\"SearchAction\",\"target\":{\"@type\":\"EntryPoint\",\"urlTemplate\":\"https:\/\/www.todoalfalfa.com.ar\/noticias\/?s={search_term_string}\"},\"query-input\":{\"@type\":\"PropertyValueSpecification\",\"valueRequired\":true,\"valueName\":\"search_term_string\"}}],\"inLanguage\":\"es\"},{\"@type\":\"Organization\",\"@id\":\"https:\/\/www.todoalfalfa.com.ar\/noticias\/#organization\",\"name\":\"Todo Alfalfa\",\"url\":\"https:\/\/www.todoalfalfa.com.ar\/noticias\/\",\"logo\":{\"@type\":\"ImageObject\",\"inLanguage\":\"es\",\"@id\":\"https:\/\/www.todoalfalfa.com.ar\/noticias\/#\/schema\/logo\/image\/\",\"url\":\"https:\/\/www.todoalfalfa.com.ar\/noticias\/wp-content\/uploads\/2020\/09\/logo-todo-alfalfa-modificado.png\",\"contentUrl\":\"https:\/\/www.todoalfalfa.com.ar\/noticias\/wp-content\/uploads\/2020\/09\/logo-todo-alfalfa-modificado.png\",\"width\":350,\"height\":100,\"caption\":\"Todo Alfalfa\"},\"image\":{\"@id\":\"https:\/\/www.todoalfalfa.com.ar\/noticias\/#\/schema\/logo\/image\/\"},\"sameAs\":[\"https:\/\/www.facebook.com\/todoalfalfa\",\"https:\/\/www.instagram.com\/todoalfalfa\",\"https:\/\/www.youtube.com\/@TodoAlfalfa\",\"https:\/\/www.linkedin.com\/company\/todoalfalfa\/\"]},{\"@type\":\"Person\",\"@id\":\"https:\/\/www.todoalfalfa.com.ar\/noticias\/#\/schema\/person\/99de93cb711c7015ef658e5321ba9f18\",\"name\":\"Todo Alfalfa\",\"image\":{\"@type\":\"ImageObject\",\"inLanguage\":\"es\",\"@id\":\"https:\/\/www.todoalfalfa.com.ar\/noticias\/#\/schema\/person\/image\/\",\"url\":\"https:\/\/secure.gravatar.com\/avatar\/50ffd12fb7b268bc2467160730786602db252a270c63104e7c19b5f67b8dd346?s=96&d=mm&r=g\",\"contentUrl\":\"https:\/\/secure.gravatar.com\/avatar\/50ffd12fb7b268bc2467160730786602db252a270c63104e7c19b5f67b8dd346?s=96&d=mm&r=g\",\"caption\":\"Todo Alfalfa\"},\"url\":\"https:\/\/www.todoalfalfa.com.ar\/noticias\/author\/osvaldoiachetta\/\"}]}<\/script>\n<!-- \/ Yoast SEO plugin. -->","yoast_head_json":{"title":"Productores bonaerenses controlan malezas sin mover el suelo","robots":{"index":"index","follow":"follow","max-snippet":"max-snippet:-1","max-image-preview":"max-image-preview:large","max-video-preview":"max-video-preview:-1"},"canonical":"https:\/\/www.todoalfalfa.com.ar\/noticias\/productores-bonaerenses-controlan-malezas-sin-mover-el-suelo\/","og_locale":"es_ES","og_type":"article","og_title":"Productores bonaerenses controlan malezas sin mover el suelo","og_description":"El grupo \u201cRa\u00edces del sudoeste\u201d \u2013que se encuentra en transici\u00f3n hacia la agroecolog\u00eda de sus pr\u00e1cticas productivas\u2013 avanza con las pruebas y la puesta a punto del sistema BES \u2013Beneficio Econ\u00f3mico Sustentable\u2013, una maquinaria para el control de malezas que reemplaza el uso de herbicidas. Con el acompa\u00f1amiento del INTA Bordenave \u2013Buenos Aires\u2013 y la Asociaci\u00f3n del Centro Educativo para la Producci\u00f3n Total (ACEPT) N\u00ba 30 consiguieron el financiamiento para adquirir el equipo.","og_url":"https:\/\/www.todoalfalfa.com.ar\/noticias\/productores-bonaerenses-controlan-malezas-sin-mover-el-suelo\/","og_site_name":"Todo Alfalfa","article_publisher":"https:\/\/www.facebook.com\/todoalfalfa","article_published_time":"2023-10-06T19:00:10+00:00","article_modified_time":"2023-10-06T19:00:21+00:00","og_image":[{"width":1920,"height":1080,"url":"https:\/\/www.todoalfalfa.com.ar\/noticias\/wp-content\/uploads\/2023\/10\/Control-malezas.jpg","type":"image\/jpeg"}],"author":"Todo Alfalfa","twitter_card":"summary_large_image","twitter_misc":{"Escrito por":"Todo Alfalfa","Tiempo de lectura":"4 minutos"},"schema":{"@context":"https:\/\/schema.org","@graph":[{"@type":"NewsArticle","@id":"https:\/\/www.todoalfalfa.com.ar\/noticias\/productores-bonaerenses-controlan-malezas-sin-mover-el-suelo\/#article","isPartOf":{"@id":"https:\/\/www.todoalfalfa.com.ar\/noticias\/productores-bonaerenses-controlan-malezas-sin-mover-el-suelo\/"},"author":{"name":"Todo Alfalfa","@id":"https:\/\/www.todoalfalfa.com.ar\/noticias\/#\/schema\/person\/99de93cb711c7015ef658e5321ba9f18"},"headline":"Productores bonaerenses controlan malezas sin mover el suelo","datePublished":"2023-10-06T19:00:10+00:00","dateModified":"2023-10-06T19:00:21+00:00","mainEntityOfPage":{"@id":"https:\/\/www.todoalfalfa.com.ar\/noticias\/productores-bonaerenses-controlan-malezas-sin-mover-el-suelo\/"},"wordCount":799,"publisher":{"@id":"https:\/\/www.todoalfalfa.com.ar\/noticias\/#organization"},"image":{"@id":"https:\/\/www.todoalfalfa.com.ar\/noticias\/productores-bonaerenses-controlan-malezas-sin-mover-el-suelo\/#primaryimage"},"thumbnailUrl":"https:\/\/i0.wp.com\/www.todoalfalfa.com.ar\/noticias\/wp-content\/uploads\/2023\/10\/Control-malezas.jpg?fit=1920%2C1080&ssl=1","keywords":["Grupo Ra\u00edces","inta","malezas"],"articleSection":["Generales"],"inLanguage":"es"},{"@type":["WebPage","ItemPage"],"@id":"https:\/\/www.todoalfalfa.com.ar\/noticias\/productores-bonaerenses-controlan-malezas-sin-mover-el-suelo\/","url":"https:\/\/www.todoalfalfa.com.ar\/noticias\/productores-bonaerenses-controlan-malezas-sin-mover-el-suelo\/","name":"Productores bonaerenses controlan malezas sin mover el suelo","isPartOf":{"@id":"https:\/\/www.todoalfalfa.com.ar\/noticias\/#website"},"primaryImageOfPage":{"@id":"https:\/\/www.todoalfalfa.com.ar\/noticias\/productores-bonaerenses-controlan-malezas-sin-mover-el-suelo\/#primaryimage"},"image":{"@id":"https:\/\/www.todoalfalfa.com.ar\/noticias\/productores-bonaerenses-controlan-malezas-sin-mover-el-suelo\/#primaryimage"},"thumbnailUrl":"https:\/\/i0.wp.com\/www.todoalfalfa.com.ar\/noticias\/wp-content\/uploads\/2023\/10\/Control-malezas.jpg?fit=1920%2C1080&ssl=1","datePublished":"2023-10-06T19:00:10+00:00","dateModified":"2023-10-06T19:00:21+00:00","breadcrumb":{"@id":"https:\/\/www.todoalfalfa.com.ar\/noticias\/productores-bonaerenses-controlan-malezas-sin-mover-el-suelo\/#breadcrumb"},"inLanguage":"es","potentialAction":[{"@type":"ReadAction","target":["https:\/\/www.todoalfalfa.com.ar\/noticias\/productores-bonaerenses-controlan-malezas-sin-mover-el-suelo\/"]}]},{"@type":"ImageObject","inLanguage":"es","@id":"https:\/\/www.todoalfalfa.com.ar\/noticias\/productores-bonaerenses-controlan-malezas-sin-mover-el-suelo\/#primaryimage","url":"https:\/\/i0.wp.com\/www.todoalfalfa.com.ar\/noticias\/wp-content\/uploads\/2023\/10\/Control-malezas.jpg?fit=1920%2C1080&ssl=1","contentUrl":"https:\/\/i0.wp.com\/www.todoalfalfa.com.ar\/noticias\/wp-content\/uploads\/2023\/10\/Control-malezas.jpg?fit=1920%2C1080&ssl=1","width":1920,"height":1080},{"@type":"BreadcrumbList","@id":"https:\/\/www.todoalfalfa.com.ar\/noticias\/productores-bonaerenses-controlan-malezas-sin-mover-el-suelo\/#breadcrumb","itemListElement":[{"@type":"ListItem","position":1,"name":"Principal","item":"https:\/\/www.todoalfalfa.com.ar\/noticias\/"},{"@type":"ListItem","position":2,"name":"Productores bonaerenses controlan malezas sin mover el suelo"}]},{"@type":"WebSite","@id":"https:\/\/www.todoalfalfa.com.ar\/noticias\/#website","url":"https:\/\/www.todoalfalfa.com.ar\/noticias\/","name":"Todo Alfalfa","description":"Web informativa de la cadena de la alfalfa argentina","publisher":{"@id":"https:\/\/www.todoalfalfa.com.ar\/noticias\/#organization"},"potentialAction":[{"@type":"SearchAction","target":{"@type":"EntryPoint","urlTemplate":"https:\/\/www.todoalfalfa.com.ar\/noticias\/?s={search_term_string}"},"query-input":{"@type":"PropertyValueSpecification","valueRequired":true,"valueName":"search_term_string"}}],"inLanguage":"es"},{"@type":"Organization","@id":"https:\/\/www.todoalfalfa.com.ar\/noticias\/#organization","name":"Todo Alfalfa","url":"https:\/\/www.todoalfalfa.com.ar\/noticias\/","logo":{"@type":"ImageObject","inLanguage":"es","@id":"https:\/\/www.todoalfalfa.com.ar\/noticias\/#\/schema\/logo\/image\/","url":"https:\/\/www.todoalfalfa.com.ar\/noticias\/wp-content\/uploads\/2020\/09\/logo-todo-alfalfa-modificado.png","contentUrl":"https:\/\/www.todoalfalfa.com.ar\/noticias\/wp-content\/uploads\/2020\/09\/logo-todo-alfalfa-modificado.png","width":350,"height":100,"caption":"Todo Alfalfa"},"image":{"@id":"https:\/\/www.todoalfalfa.com.ar\/noticias\/#\/schema\/logo\/image\/"},"sameAs":["https:\/\/www.facebook.com\/todoalfalfa","https:\/\/www.instagram.com\/todoalfalfa","https:\/\/www.youtube.com\/@TodoAlfalfa","https:\/\/www.linkedin.com\/company\/todoalfalfa\/"]},{"@type":"Person","@id":"https:\/\/www.todoalfalfa.com.ar\/noticias\/#\/schema\/person\/99de93cb711c7015ef658e5321ba9f18","name":"Todo Alfalfa","image":{"@type":"ImageObject","inLanguage":"es","@id":"https:\/\/www.todoalfalfa.com.ar\/noticias\/#\/schema\/person\/image\/","url":"https:\/\/secure.gravatar.com\/avatar\/50ffd12fb7b268bc2467160730786602db252a270c63104e7c19b5f67b8dd346?s=96&d=mm&r=g","contentUrl":"https:\/\/secure.gravatar.com\/avatar\/50ffd12fb7b268bc2467160730786602db252a270c63104e7c19b5f67b8dd346?s=96&d=mm&r=g","caption":"Todo Alfalfa"},"url":"https:\/\/www.todoalfalfa.com.ar\/noticias\/author\/osvaldoiachetta\/"}]}},"jetpack_featured_media_url":"https:\/\/i0.wp.com\/www.todoalfalfa.com.ar\/noticias\/wp-content\/uploads\/2023\/10\/Control-malezas.jpg?fit=1920%2C1080&ssl=1","wps_subtitle":"","jetpack_sharing_enabled":true,"_links":{"self":[{"href":"https:\/\/www.todoalfalfa.com.ar\/noticias\/wp-json\/wp\/v2\/posts\/45925","targetHints":{"allow":["GET"]}}],"collection":[{"href":"https:\/\/www.todoalfalfa.com.ar\/noticias\/wp-json\/wp\/v2\/posts"}],"about":[{"href":"https:\/\/www.todoalfalfa.com.ar\/noticias\/wp-json\/wp\/v2\/types\/post"}],"author":[{"embeddable":true,"href":"https:\/\/www.todoalfalfa.com.ar\/noticias\/wp-json\/wp\/v2\/users\/9"}],"replies":[{"embeddable":true,"href":"https:\/\/www.todoalfalfa.com.ar\/noticias\/wp-json\/wp\/v2\/comments?post=45925"}],"version-history":[{"count":1,"href":"https:\/\/www.todoalfalfa.com.ar\/noticias\/wp-json\/wp\/v2\/posts\/45925\/revisions"}],"predecessor-version":[{"id":45927,"href":"https:\/\/www.todoalfalfa.com.ar\/noticias\/wp-json\/wp\/v2\/posts\/45925\/revisions\/45927"}],"wp:featuredmedia":[{"embeddable":true,"href":"https:\/\/www.todoalfalfa.com.ar\/noticias\/wp-json\/wp\/v2\/media\/45926"}],"wp:attachment":[{"href":"https:\/\/www.todoalfalfa.com.ar\/noticias\/wp-json\/wp\/v2\/media?parent=45925"}],"wp:term":[{"taxonomy":"category","embeddable":true,"href":"https:\/\/www.todoalfalfa.com.ar\/noticias\/wp-json\/wp\/v2\/categories?post=45925"},{"taxonomy":"post_tag","embeddable":true,"href":"https:\/\/www.todoalfalfa.com.ar\/noticias\/wp-json\/wp\/v2\/tags?post=45925"}],"curies":[{"name":"wp","href":"https:\/\/api.w.org\/{rel}","templated":true}]}}