{"id":46055,"date":"2023-11-01T17:37:18","date_gmt":"2023-11-01T20:37:18","guid":{"rendered":"https:\/\/www.todoalfalfa.com.ar\/noticias\/?p=46055"},"modified":"2023-11-02T17:13:53","modified_gmt":"2023-11-02T20:13:53","slug":"el-cluster-de-alfalfa-de-cordoba-reordena-su-futuro","status":"publish","type":"post","link":"https:\/\/www.todoalfalfa.com.ar\/noticias\/el-cluster-de-alfalfa-de-cordoba-reordena-su-futuro\/","title":{"rendered":"El Cl\u00faster de Alfalfa de C\u00f3rdoba \u201creordena\u201d su futuro"},"content":{"rendered":"\n<p>Los d\u00edas 9 y 10 de noviembre los socios del cl\u00faster de alfalfa de C\u00f3rdoba se reunir\u00e1n en el marco de su plenario al cumplir un a\u00f1o de vida. Tras un intenso trabajo, desarrollar\u00e1n la asamblea de socios y expondr\u00e1n la posibilidad de ampliar el espacio pensando en dejar de ser provinciales para transformarse en un espacio de contenci\u00f3n nacional (ver <a href=\"https:\/\/www.todoalfalfa.com.ar\/noticias\/con-expectativas-de-expandirse-el-cluster-cordobes-de-alfalfa-podria-ser-nacional\/\">https:\/\/www.todoalfalfa.com.ar\/noticias\/con-expectativas-de-expandirse-el-cluster-cordobes-de-alfalfa-podria-ser-nacional\/<\/a>)<\/p>\n\n\n\n<p>El evento est\u00e1 dirigido a todos los socios, quienes est\u00e1n invitados a sumarse junto a los miembros de sus equipos de trabajo. El abanico se ampl\u00eda, ya que estos podr\u00e1n invitar hasta dos actores del sector (productores, comercializadores, industrializadores, proveedores, t\u00e9cnicos, etc.) que est\u00e9n interesados en incorporarse al Cl\u00faster como socios.<\/p>\n\n\n\n<p>Adem\u00e1s de la Asamblea Anual de Socios, habr\u00e1 capacitaciones de los m\u00e1s altos referentes t\u00e9cnicos, presencia de stands, shows y momentos de distenci\u00f3n y de compartir.<\/p>\n\n\n\n<p>El evento se desarrollar\u00e1 en Sinsacate y el programa ser\u00e1 el siguiente:<\/p>\n\n\n\n<p>Jueves 9<\/p>\n\n\n\n<ul class=\"wp-block-list\">\n<li>14.30 \u2013 Coffee alfalfero<\/li>\n\n\n\n<li>15.00 \u2013 Inauguraci\u00f3n PACA (Palabra de autoridades \u2013 Aspectos de Orden)<\/li>\n\n\n\n<li>15.40 \u2013 Panel: Potenciando al sector alfalfero \u2013 Impacto del Cl\u00faster de Alfalfa.<\/li>\n<\/ul>\n\n\n\n<p>&nbsp;&nbsp;&nbsp;&nbsp;&nbsp;&nbsp;&nbsp;&nbsp;&nbsp;&nbsp;&nbsp;&nbsp;&nbsp;&nbsp; Panelistas:<\/p>\n\n\n\n<ul class=\"wp-block-list\">\n<li>Catalina Boetto, ingeniera agr\u00f3noma, Subsecretaria de Ganaderia del ministerio de agricultura de C\u00f3rdoba.<\/li>\n\n\n\n<li>Fernando Sibilla, presidente de la Agencia para la Competitividad de C\u00f3rdoba<\/li>\n\n\n\n<li>Juan Cruz Molina, ingeniero agr\u00f3nomo, director Regional de INTA C\u00f3rdoba<\/li>\n\n\n\n<li>Julio Daniotti, empresario y productor agropecuario<\/li>\n<\/ul>\n\n\n\n<ul class=\"wp-block-list\">\n<li>16.20 \u2013 Asamblea de Socios \u2013 Memorias\/Balance (Quienes somos, Camino Recorrido, Hacia donde vamos)<\/li>\n\n\n\n<li>18.00 \u2013 Coffee Networking<\/li>\n\n\n\n<li>18.30 \u2013 Modificaci\u00f3n estatuto<\/li>\n\n\n\n<li>19.00 \u2013 Plan de acci\u00f3n 2023\/2024 \u2013 Trabajo de mesas<\/li>\n\n\n\n<li>19.45 \u2013 Cierre de asamblea<\/li>\n\n\n\n<li>20.15 \u2013 Sunset \u2013 Cena de camarader\u00eda<\/li>\n<\/ul>\n\n\n\n<p>Viernes 10<\/p>\n\n\n\n<ul class=\"wp-block-list\">\n<li>8.15 \u2013 Operativo y desaf\u00edos del negocio de la henificaci\u00f3n (Gast\u00f3n Urretz Zaval\u00eda, Ingeniero agronomo, Inta Manfredi, Grupo Alfalfa)<\/li>\n\n\n\n<li>9.00 \u2013 Panel: Herramientas de alto impacto para lograr cultivos exitosos de alfalfa.<\/li>\n<\/ul>\n\n\n\n<p>Oradores:<\/p>\n\n\n\n<p>Ingenieras Silvina Fiant y Julieta Strada del laboratorio de semillas y suelo de la Bolsa de Cereales de C\u00f3rdoba e Ingeniera agr\u00f3noma Silvia Olivo del INTA Manfredi.<\/p>\n\n\n\n<ul class=\"wp-block-list\">\n<li>9.40 \u2013 Tecnolog\u00edas y procesos para obtenci\u00f3n de henos de alta calidad. Ingeniero agr\u00f3nomo Pablo Cattani, consultor privado y referente internacional.<\/li>\n\n\n\n<li>10.30 \u2013 Coffee Networking<\/li>\n\n\n\n<li>11.15 \u2013 Caso Espa\u00f1a. \u00bfC\u00f3mo se convirti\u00f3 en potencia alfalfera? Pautas para dar el salto como pa\u00eds. Juan Jos\u00e9 Ayerbe \u2013 referente Espa\u00f1ol (disertante internacional)<\/li>\n\n\n\n<li>12.00 \u2013 Panel: Pensando en el futuro manteniendo una mirada en el presente.<\/li>\n<\/ul>\n\n\n\n<p>Diserta:<\/p>\n\n\n\n<p>Jorge Fantin. Director de la Maestria en Administraci\u00f3n de Negocios y Aplicaciones Tecnologicas en la empresa y Universidad Siglo XXI.<\/p>\n\n\n\n<ul class=\"wp-block-list\">\n<li>13.00 \u2013 Almuerzo.<\/li>\n<\/ul>\n\n\n\n<figure class=\"wp-block-embed is-type-rich is-provider-instagram wp-block-embed-instagram\"><div class=\"wp-block-embed__wrapper\">\n<blockquote class=\"instagram-media\" data-instgrm-captioned data-instgrm-permalink=\"https:\/\/www.instagram.com\/p\/Cyop7ShJJCg\/?utm_source=ig_embed&amp;utm_campaign=loading\" data-instgrm-version=\"14\" style=\" background:#FFF; border:0; border-radius:3px; box-shadow:0 0 1px 0 rgba(0,0,0,0.5),0 1px 10px 0 rgba(0,0,0,0.15); margin: 1px; max-width:500px; min-width:326px; padding:0; width:99.375%; width:-webkit-calc(100% - 2px); width:calc(100% - 2px);\"><div style=\"padding:16px;\"> <a href=\"https:\/\/www.instagram.com\/p\/Cyop7ShJJCg\/?utm_source=ig_embed&amp;utm_campaign=loading\" style=\" background:#FFFFFF; line-height:0; padding:0 0; text-align:center; text-decoration:none; width:100%;\" target=\"_blank\"> <div style=\" display: flex; flex-direction: row; align-items: center;\"> <div style=\"background-color: #F4F4F4; border-radius: 50%; flex-grow: 0; height: 40px; margin-right: 14px; width: 40px;\"><\/div> <div style=\"display: flex; flex-direction: column; flex-grow: 1; justify-content: center;\"> <div style=\" background-color: #F4F4F4; border-radius: 4px; flex-grow: 0; height: 14px; margin-bottom: 6px; width: 100px;\"><\/div> <div style=\" background-color: #F4F4F4; border-radius: 4px; flex-grow: 0; height: 14px; width: 60px;\"><\/div><\/div><\/div><div style=\"padding: 19% 0;\"><\/div> <div style=\"display:block; height:50px; margin:0 auto 12px; width:50px;\"><svg width=\"50px\" height=\"50px\" viewBox=\"0 0 60 60\" version=\"1.1\" xmlns=\"https:\/\/www.w3.org\/2000\/svg\" xmlns:xlink=\"https:\/\/www.w3.org\/1999\/xlink\"><g stroke=\"none\" stroke-width=\"1\" fill=\"none\" fill-rule=\"evenodd\"><g transform=\"translate(-511.000000, -20.000000)\" fill=\"#000000\"><g><path d=\"M556.869,30.41 C554.814,30.41 553.148,32.076 553.148,34.131 C553.148,36.186 554.814,37.852 556.869,37.852 C558.924,37.852 560.59,36.186 560.59,34.131 C560.59,32.076 558.924,30.41 556.869,30.41 M541,60.657 C535.114,60.657 530.342,55.887 530.342,50 C530.342,44.114 535.114,39.342 541,39.342 C546.887,39.342 551.658,44.114 551.658,50 C551.658,55.887 546.887,60.657 541,60.657 M541,33.886 C532.1,33.886 524.886,41.1 524.886,50 C524.886,58.899 532.1,66.113 541,66.113 C549.9,66.113 557.115,58.899 557.115,50 C557.115,41.1 549.9,33.886 541,33.886 M565.378,62.101 C565.244,65.022 564.756,66.606 564.346,67.663 C563.803,69.06 563.154,70.057 562.106,71.106 C561.058,72.155 560.06,72.803 558.662,73.347 C557.607,73.757 556.021,74.244 553.102,74.378 C549.944,74.521 548.997,74.552 541,74.552 C533.003,74.552 532.056,74.521 528.898,74.378 C525.979,74.244 524.393,73.757 523.338,73.347 C521.94,72.803 520.942,72.155 519.894,71.106 C518.846,70.057 518.197,69.06 517.654,67.663 C517.244,66.606 516.755,65.022 516.623,62.101 C516.479,58.943 516.448,57.996 516.448,50 C516.448,42.003 516.479,41.056 516.623,37.899 C516.755,34.978 517.244,33.391 517.654,32.338 C518.197,30.938 518.846,29.942 519.894,28.894 C520.942,27.846 521.94,27.196 523.338,26.654 C524.393,26.244 525.979,25.756 528.898,25.623 C532.057,25.479 533.004,25.448 541,25.448 C548.997,25.448 549.943,25.479 553.102,25.623 C556.021,25.756 557.607,26.244 558.662,26.654 C560.06,27.196 561.058,27.846 562.106,28.894 C563.154,29.942 563.803,30.938 564.346,32.338 C564.756,33.391 565.244,34.978 565.378,37.899 C565.522,41.056 565.552,42.003 565.552,50 C565.552,57.996 565.522,58.943 565.378,62.101 M570.82,37.631 C570.674,34.438 570.167,32.258 569.425,30.349 C568.659,28.377 567.633,26.702 565.965,25.035 C564.297,23.368 562.623,22.342 560.652,21.575 C558.743,20.834 556.562,20.326 553.369,20.18 C550.169,20.033 549.148,20 541,20 C532.853,20 531.831,20.033 528.631,20.18 C525.438,20.326 523.257,20.834 521.349,21.575 C519.376,22.342 517.703,23.368 516.035,25.035 C514.368,26.702 513.342,28.377 512.574,30.349 C511.834,32.258 511.326,34.438 511.181,37.631 C511.035,40.831 511,41.851 511,50 C511,58.147 511.035,59.17 511.181,62.369 C511.326,65.562 511.834,67.743 512.574,69.651 C513.342,71.625 514.368,73.296 516.035,74.965 C517.703,76.634 519.376,77.658 521.349,78.425 C523.257,79.167 525.438,79.673 528.631,79.82 C531.831,79.965 532.853,80.001 541,80.001 C549.148,80.001 550.169,79.965 553.369,79.82 C556.562,79.673 558.743,79.167 560.652,78.425 C562.623,77.658 564.297,76.634 565.965,74.965 C567.633,73.296 568.659,71.625 569.425,69.651 C570.167,67.743 570.674,65.562 570.82,62.369 C570.966,59.17 571,58.147 571,50 C571,41.851 570.966,40.831 570.82,37.631\"><\/path><\/g><\/g><\/g><\/svg><\/div><div style=\"padding-top: 8px;\"> <div style=\" color:#3897f0; font-family:Arial,sans-serif; font-size:14px; font-style:normal; font-weight:550; line-height:18px;\">View this post on Instagram<\/div><\/div><div style=\"padding: 12.5% 0;\"><\/div> <div style=\"display: flex; flex-direction: row; margin-bottom: 14px; align-items: center;\"><div> <div style=\"background-color: #F4F4F4; border-radius: 50%; height: 12.5px; width: 12.5px; transform: translateX(0px) translateY(7px);\"><\/div> <div style=\"background-color: #F4F4F4; height: 12.5px; transform: rotate(-45deg) translateX(3px) translateY(1px); width: 12.5px; flex-grow: 0; margin-right: 14px; margin-left: 2px;\"><\/div> <div style=\"background-color: #F4F4F4; border-radius: 50%; height: 12.5px; width: 12.5px; transform: translateX(9px) translateY(-18px);\"><\/div><\/div><div style=\"margin-left: 8px;\"> <div style=\" background-color: #F4F4F4; border-radius: 50%; flex-grow: 0; height: 20px; width: 20px;\"><\/div> <div style=\" width: 0; height: 0; border-top: 2px solid transparent; border-left: 6px solid #f4f4f4; border-bottom: 2px solid transparent; transform: translateX(16px) translateY(-4px) rotate(30deg)\"><\/div><\/div><div style=\"margin-left: auto;\"> <div style=\" width: 0px; border-top: 8px solid #F4F4F4; border-right: 8px solid transparent; transform: translateY(16px);\"><\/div> <div style=\" background-color: #F4F4F4; flex-grow: 0; height: 12px; width: 16px; transform: translateY(-4px);\"><\/div> <div style=\" width: 0; height: 0; border-top: 8px solid #F4F4F4; border-left: 8px solid transparent; transform: translateY(-4px) translateX(8px);\"><\/div><\/div><\/div> <div style=\"display: flex; flex-direction: column; flex-grow: 1; justify-content: center; margin-bottom: 24px;\"> <div style=\" background-color: #F4F4F4; border-radius: 4px; flex-grow: 0; height: 14px; margin-bottom: 6px; width: 224px;\"><\/div> <div style=\" background-color: #F4F4F4; border-radius: 4px; flex-grow: 0; height: 14px; width: 144px;\"><\/div><\/div><\/a><p style=\" color:#c9c8cd; font-family:Arial,sans-serif; font-size:14px; line-height:17px; margin-bottom:0; margin-top:8px; overflow:hidden; padding:8px 0 7px; text-align:center; text-overflow:ellipsis; white-space:nowrap;\"><a href=\"https:\/\/www.instagram.com\/p\/Cyop7ShJJCg\/?utm_source=ig_embed&amp;utm_campaign=loading\" style=\" color:#c9c8cd; font-family:Arial,sans-serif; font-size:14px; font-style:normal; font-weight:normal; line-height:17px; text-decoration:none;\" target=\"_blank\">A post shared by CL\u00daSTER DE ALFALFA DE LA PROVINCIA DE C\u00d3RDOBA (@clusteralfalfa_cba)<\/a><\/p><\/div><\/blockquote><script async src=\"\/\/platform.instagram.com\/en_US\/embeds.js\"><\/script>\n<\/div><\/figure>\n<div class=\"todoalfalfa-final-de-la-nota\" id=\"todoalfalfa-3325951416\"><a href=\"https:\/\/www.whatsapp.com\/channel\/0029VbCBmFB9WtBxJsD3eC2i\" target=\"_blank\" aria-label=\"5\"><img src=\"https:\/\/i0.wp.com\/www.todoalfalfa.com.ar\/noticias\/wp-content\/uploads\/2026\/04\/5.gif?fit=728%2C90&#038;ssl=1\" alt=\"\"  width=\"728\" height=\"90\"   \/><\/a><\/div>","protected":false},"excerpt":{"rendered":"<p>Tendr\u00e1 su plenario el pr\u00f3ximo 9 y 10 de noviembre. Ser\u00e1 un encuentro \u00fanico del sector que dar\u00e1 marco a la Asamblea Anual de Socios. Contar\u00e1 con capacitaciones de los m\u00e1s altos referentes t\u00e9cnicos. Ser\u00e1 cobertura de TodoAlfalfa.<\/p>\n","protected":false},"author":9,"featured_media":46056,"comment_status":"closed","ping_status":"open","sticky":false,"template":"","format":"standard","meta":{"jetpack_post_was_ever_published":false,"_jetpack_newsletter_access":"","_jetpack_dont_email_post_to_subs":false,"_jetpack_newsletter_tier_id":0,"_jetpack_memberships_contains_paywalled_content":false,"_jetpack_memberships_contains_paid_content":false,"footnotes":""},"categories":[2],"tags":[1540,1520,36,1539,21,782,216],"class_list":["post-46055","post","type-post","status-publish","format-standard","has-post-thumbnail","hentry","category-generales","tag-asamblea","tag-cluster-alfalfa-cordoba","tag-inta","tag-plenario","tag-produccion","tag-productores","tag-reunion"],"yoast_head":"<!-- This site is optimized with the Yoast SEO plugin v25.5 - https:\/\/yoast.com\/wordpress\/plugins\/seo\/ -->\n<title>El Cl\u00faster de Alfalfa de C\u00f3rdoba \u201creordena\u201d su futuro<\/title>\n<meta name=\"robots\" content=\"index, follow, max-snippet:-1, max-image-preview:large, max-video-preview:-1\" \/>\n<link rel=\"canonical\" href=\"https:\/\/www.todoalfalfa.com.ar\/noticias\/el-cluster-de-alfalfa-de-cordoba-reordena-su-futuro\/\" \/>\n<meta property=\"og:locale\" content=\"es_ES\" \/>\n<meta property=\"og:type\" content=\"article\" \/>\n<meta property=\"og:title\" content=\"El Cl\u00faster de Alfalfa de C\u00f3rdoba \u201creordena\u201d su futuro\" \/>\n<meta property=\"og:description\" content=\"Tendr\u00e1 su plenario el pr\u00f3ximo 9 y 10 de noviembre. Ser\u00e1 un encuentro \u00fanico del sector que dar\u00e1 marco a la Asamblea Anual de Socios. Contar\u00e1 con capacitaciones de los m\u00e1s altos referentes t\u00e9cnicos. Ser\u00e1 cobertura de TodoAlfalfa.\" \/>\n<meta property=\"og:url\" content=\"https:\/\/www.todoalfalfa.com.ar\/noticias\/el-cluster-de-alfalfa-de-cordoba-reordena-su-futuro\/\" \/>\n<meta property=\"og:site_name\" content=\"Todo Alfalfa\" \/>\n<meta property=\"article:publisher\" content=\"https:\/\/www.facebook.com\/todoalfalfa\" \/>\n<meta property=\"article:published_time\" content=\"2023-11-01T20:37:18+00:00\" \/>\n<meta property=\"article:modified_time\" content=\"2023-11-02T20:13:53+00:00\" \/>\n<meta property=\"og:image\" content=\"https:\/\/www.todoalfalfa.com.ar\/noticias\/wp-content\/uploads\/2023\/11\/WhatsApp-Image-2023-11-01-at-17.28.31.jpeg\" \/>\n\t<meta property=\"og:image:width\" content=\"719\" \/>\n\t<meta property=\"og:image:height\" content=\"544\" \/>\n\t<meta property=\"og:image:type\" content=\"image\/jpeg\" \/>\n<meta name=\"author\" content=\"Todo Alfalfa\" \/>\n<meta name=\"twitter:card\" content=\"summary_large_image\" \/>\n<meta name=\"twitter:label1\" content=\"Escrito por\" \/>\n\t<meta name=\"twitter:data1\" content=\"Todo Alfalfa\" \/>\n\t<meta name=\"twitter:label2\" content=\"Tiempo de lectura\" \/>\n\t<meta name=\"twitter:data2\" content=\"2 minutos\" \/>\n<script type=\"application\/ld+json\" class=\"yoast-schema-graph\">{\"@context\":\"https:\/\/schema.org\",\"@graph\":[{\"@type\":\"NewsArticle\",\"@id\":\"https:\/\/www.todoalfalfa.com.ar\/noticias\/el-cluster-de-alfalfa-de-cordoba-reordena-su-futuro\/#article\",\"isPartOf\":{\"@id\":\"https:\/\/www.todoalfalfa.com.ar\/noticias\/el-cluster-de-alfalfa-de-cordoba-reordena-su-futuro\/\"},\"author\":{\"name\":\"Todo Alfalfa\",\"@id\":\"https:\/\/www.todoalfalfa.com.ar\/noticias\/#\/schema\/person\/99de93cb711c7015ef658e5321ba9f18\"},\"headline\":\"El Cl\u00faster de Alfalfa de C\u00f3rdoba \u201creordena\u201d su futuro\",\"datePublished\":\"2023-11-01T20:37:18+00:00\",\"dateModified\":\"2023-11-02T20:13:53+00:00\",\"mainEntityOfPage\":{\"@id\":\"https:\/\/www.todoalfalfa.com.ar\/noticias\/el-cluster-de-alfalfa-de-cordoba-reordena-su-futuro\/\"},\"wordCount\":456,\"publisher\":{\"@id\":\"https:\/\/www.todoalfalfa.com.ar\/noticias\/#organization\"},\"image\":{\"@id\":\"https:\/\/www.todoalfalfa.com.ar\/noticias\/el-cluster-de-alfalfa-de-cordoba-reordena-su-futuro\/#primaryimage\"},\"thumbnailUrl\":\"https:\/\/i0.wp.com\/www.todoalfalfa.com.ar\/noticias\/wp-content\/uploads\/2023\/11\/WhatsApp-Image-2023-11-01-at-17.28.31.jpeg?fit=719%2C544&ssl=1\",\"keywords\":[\"Asamblea\",\"Cl\u00faster Alfalfa C\u00f3rdoba\",\"inta\",\"Plenario\",\"producci\u00f3n\",\"productores\",\"reuni\u00f3n\"],\"articleSection\":[\"Generales\"],\"inLanguage\":\"es\"},{\"@type\":[\"WebPage\",\"ItemPage\"],\"@id\":\"https:\/\/www.todoalfalfa.com.ar\/noticias\/el-cluster-de-alfalfa-de-cordoba-reordena-su-futuro\/\",\"url\":\"https:\/\/www.todoalfalfa.com.ar\/noticias\/el-cluster-de-alfalfa-de-cordoba-reordena-su-futuro\/\",\"name\":\"El Cl\u00faster de Alfalfa de C\u00f3rdoba \u201creordena\u201d su futuro\",\"isPartOf\":{\"@id\":\"https:\/\/www.todoalfalfa.com.ar\/noticias\/#website\"},\"primaryImageOfPage\":{\"@id\":\"https:\/\/www.todoalfalfa.com.ar\/noticias\/el-cluster-de-alfalfa-de-cordoba-reordena-su-futuro\/#primaryimage\"},\"image\":{\"@id\":\"https:\/\/www.todoalfalfa.com.ar\/noticias\/el-cluster-de-alfalfa-de-cordoba-reordena-su-futuro\/#primaryimage\"},\"thumbnailUrl\":\"https:\/\/i0.wp.com\/www.todoalfalfa.com.ar\/noticias\/wp-content\/uploads\/2023\/11\/WhatsApp-Image-2023-11-01-at-17.28.31.jpeg?fit=719%2C544&ssl=1\",\"datePublished\":\"2023-11-01T20:37:18+00:00\",\"dateModified\":\"2023-11-02T20:13:53+00:00\",\"breadcrumb\":{\"@id\":\"https:\/\/www.todoalfalfa.com.ar\/noticias\/el-cluster-de-alfalfa-de-cordoba-reordena-su-futuro\/#breadcrumb\"},\"inLanguage\":\"es\",\"potentialAction\":[{\"@type\":\"ReadAction\",\"target\":[\"https:\/\/www.todoalfalfa.com.ar\/noticias\/el-cluster-de-alfalfa-de-cordoba-reordena-su-futuro\/\"]}]},{\"@type\":\"ImageObject\",\"inLanguage\":\"es\",\"@id\":\"https:\/\/www.todoalfalfa.com.ar\/noticias\/el-cluster-de-alfalfa-de-cordoba-reordena-su-futuro\/#primaryimage\",\"url\":\"https:\/\/i0.wp.com\/www.todoalfalfa.com.ar\/noticias\/wp-content\/uploads\/2023\/11\/WhatsApp-Image-2023-11-01-at-17.28.31.jpeg?fit=719%2C544&ssl=1\",\"contentUrl\":\"https:\/\/i0.wp.com\/www.todoalfalfa.com.ar\/noticias\/wp-content\/uploads\/2023\/11\/WhatsApp-Image-2023-11-01-at-17.28.31.jpeg?fit=719%2C544&ssl=1\",\"width\":719,\"height\":544},{\"@type\":\"BreadcrumbList\",\"@id\":\"https:\/\/www.todoalfalfa.com.ar\/noticias\/el-cluster-de-alfalfa-de-cordoba-reordena-su-futuro\/#breadcrumb\",\"itemListElement\":[{\"@type\":\"ListItem\",\"position\":1,\"name\":\"Principal\",\"item\":\"https:\/\/www.todoalfalfa.com.ar\/noticias\/\"},{\"@type\":\"ListItem\",\"position\":2,\"name\":\"El Cl\u00faster de Alfalfa de C\u00f3rdoba \u201creordena\u201d su futuro\"}]},{\"@type\":\"WebSite\",\"@id\":\"https:\/\/www.todoalfalfa.com.ar\/noticias\/#website\",\"url\":\"https:\/\/www.todoalfalfa.com.ar\/noticias\/\",\"name\":\"Todo Alfalfa\",\"description\":\"Web informativa de la cadena de la alfalfa argentina\",\"publisher\":{\"@id\":\"https:\/\/www.todoalfalfa.com.ar\/noticias\/#organization\"},\"potentialAction\":[{\"@type\":\"SearchAction\",\"target\":{\"@type\":\"EntryPoint\",\"urlTemplate\":\"https:\/\/www.todoalfalfa.com.ar\/noticias\/?s={search_term_string}\"},\"query-input\":{\"@type\":\"PropertyValueSpecification\",\"valueRequired\":true,\"valueName\":\"search_term_string\"}}],\"inLanguage\":\"es\"},{\"@type\":\"Organization\",\"@id\":\"https:\/\/www.todoalfalfa.com.ar\/noticias\/#organization\",\"name\":\"Todo Alfalfa\",\"url\":\"https:\/\/www.todoalfalfa.com.ar\/noticias\/\",\"logo\":{\"@type\":\"ImageObject\",\"inLanguage\":\"es\",\"@id\":\"https:\/\/www.todoalfalfa.com.ar\/noticias\/#\/schema\/logo\/image\/\",\"url\":\"https:\/\/www.todoalfalfa.com.ar\/noticias\/wp-content\/uploads\/2020\/09\/logo-todo-alfalfa-modificado.png\",\"contentUrl\":\"https:\/\/www.todoalfalfa.com.ar\/noticias\/wp-content\/uploads\/2020\/09\/logo-todo-alfalfa-modificado.png\",\"width\":350,\"height\":100,\"caption\":\"Todo Alfalfa\"},\"image\":{\"@id\":\"https:\/\/www.todoalfalfa.com.ar\/noticias\/#\/schema\/logo\/image\/\"},\"sameAs\":[\"https:\/\/www.facebook.com\/todoalfalfa\",\"https:\/\/www.instagram.com\/todoalfalfa\",\"https:\/\/www.youtube.com\/@TodoAlfalfa\",\"https:\/\/www.linkedin.com\/company\/todoalfalfa\/\"]},{\"@type\":\"Person\",\"@id\":\"https:\/\/www.todoalfalfa.com.ar\/noticias\/#\/schema\/person\/99de93cb711c7015ef658e5321ba9f18\",\"name\":\"Todo Alfalfa\",\"image\":{\"@type\":\"ImageObject\",\"inLanguage\":\"es\",\"@id\":\"https:\/\/www.todoalfalfa.com.ar\/noticias\/#\/schema\/person\/image\/\",\"url\":\"https:\/\/secure.gravatar.com\/avatar\/50ffd12fb7b268bc2467160730786602db252a270c63104e7c19b5f67b8dd346?s=96&d=mm&r=g\",\"contentUrl\":\"https:\/\/secure.gravatar.com\/avatar\/50ffd12fb7b268bc2467160730786602db252a270c63104e7c19b5f67b8dd346?s=96&d=mm&r=g\",\"caption\":\"Todo Alfalfa\"},\"url\":\"https:\/\/www.todoalfalfa.com.ar\/noticias\/author\/osvaldoiachetta\/\"}]}<\/script>\n<!-- \/ Yoast SEO plugin. -->","yoast_head_json":{"title":"El Cl\u00faster de Alfalfa de C\u00f3rdoba \u201creordena\u201d su futuro","robots":{"index":"index","follow":"follow","max-snippet":"max-snippet:-1","max-image-preview":"max-image-preview:large","max-video-preview":"max-video-preview:-1"},"canonical":"https:\/\/www.todoalfalfa.com.ar\/noticias\/el-cluster-de-alfalfa-de-cordoba-reordena-su-futuro\/","og_locale":"es_ES","og_type":"article","og_title":"El Cl\u00faster de Alfalfa de C\u00f3rdoba \u201creordena\u201d su futuro","og_description":"Tendr\u00e1 su plenario el pr\u00f3ximo 9 y 10 de noviembre. Ser\u00e1 un encuentro \u00fanico del sector que dar\u00e1 marco a la Asamblea Anual de Socios. Contar\u00e1 con capacitaciones de los m\u00e1s altos referentes t\u00e9cnicos. Ser\u00e1 cobertura de TodoAlfalfa.","og_url":"https:\/\/www.todoalfalfa.com.ar\/noticias\/el-cluster-de-alfalfa-de-cordoba-reordena-su-futuro\/","og_site_name":"Todo Alfalfa","article_publisher":"https:\/\/www.facebook.com\/todoalfalfa","article_published_time":"2023-11-01T20:37:18+00:00","article_modified_time":"2023-11-02T20:13:53+00:00","og_image":[{"width":719,"height":544,"url":"https:\/\/www.todoalfalfa.com.ar\/noticias\/wp-content\/uploads\/2023\/11\/WhatsApp-Image-2023-11-01-at-17.28.31.jpeg","type":"image\/jpeg"}],"author":"Todo Alfalfa","twitter_card":"summary_large_image","twitter_misc":{"Escrito por":"Todo Alfalfa","Tiempo de lectura":"2 minutos"},"schema":{"@context":"https:\/\/schema.org","@graph":[{"@type":"NewsArticle","@id":"https:\/\/www.todoalfalfa.com.ar\/noticias\/el-cluster-de-alfalfa-de-cordoba-reordena-su-futuro\/#article","isPartOf":{"@id":"https:\/\/www.todoalfalfa.com.ar\/noticias\/el-cluster-de-alfalfa-de-cordoba-reordena-su-futuro\/"},"author":{"name":"Todo Alfalfa","@id":"https:\/\/www.todoalfalfa.com.ar\/noticias\/#\/schema\/person\/99de93cb711c7015ef658e5321ba9f18"},"headline":"El Cl\u00faster de Alfalfa de C\u00f3rdoba \u201creordena\u201d su futuro","datePublished":"2023-11-01T20:37:18+00:00","dateModified":"2023-11-02T20:13:53+00:00","mainEntityOfPage":{"@id":"https:\/\/www.todoalfalfa.com.ar\/noticias\/el-cluster-de-alfalfa-de-cordoba-reordena-su-futuro\/"},"wordCount":456,"publisher":{"@id":"https:\/\/www.todoalfalfa.com.ar\/noticias\/#organization"},"image":{"@id":"https:\/\/www.todoalfalfa.com.ar\/noticias\/el-cluster-de-alfalfa-de-cordoba-reordena-su-futuro\/#primaryimage"},"thumbnailUrl":"https:\/\/i0.wp.com\/www.todoalfalfa.com.ar\/noticias\/wp-content\/uploads\/2023\/11\/WhatsApp-Image-2023-11-01-at-17.28.31.jpeg?fit=719%2C544&ssl=1","keywords":["Asamblea","Cl\u00faster Alfalfa C\u00f3rdoba","inta","Plenario","producci\u00f3n","productores","reuni\u00f3n"],"articleSection":["Generales"],"inLanguage":"es"},{"@type":["WebPage","ItemPage"],"@id":"https:\/\/www.todoalfalfa.com.ar\/noticias\/el-cluster-de-alfalfa-de-cordoba-reordena-su-futuro\/","url":"https:\/\/www.todoalfalfa.com.ar\/noticias\/el-cluster-de-alfalfa-de-cordoba-reordena-su-futuro\/","name":"El Cl\u00faster de Alfalfa de C\u00f3rdoba \u201creordena\u201d su futuro","isPartOf":{"@id":"https:\/\/www.todoalfalfa.com.ar\/noticias\/#website"},"primaryImageOfPage":{"@id":"https:\/\/www.todoalfalfa.com.ar\/noticias\/el-cluster-de-alfalfa-de-cordoba-reordena-su-futuro\/#primaryimage"},"image":{"@id":"https:\/\/www.todoalfalfa.com.ar\/noticias\/el-cluster-de-alfalfa-de-cordoba-reordena-su-futuro\/#primaryimage"},"thumbnailUrl":"https:\/\/i0.wp.com\/www.todoalfalfa.com.ar\/noticias\/wp-content\/uploads\/2023\/11\/WhatsApp-Image-2023-11-01-at-17.28.31.jpeg?fit=719%2C544&ssl=1","datePublished":"2023-11-01T20:37:18+00:00","dateModified":"2023-11-02T20:13:53+00:00","breadcrumb":{"@id":"https:\/\/www.todoalfalfa.com.ar\/noticias\/el-cluster-de-alfalfa-de-cordoba-reordena-su-futuro\/#breadcrumb"},"inLanguage":"es","potentialAction":[{"@type":"ReadAction","target":["https:\/\/www.todoalfalfa.com.ar\/noticias\/el-cluster-de-alfalfa-de-cordoba-reordena-su-futuro\/"]}]},{"@type":"ImageObject","inLanguage":"es","@id":"https:\/\/www.todoalfalfa.com.ar\/noticias\/el-cluster-de-alfalfa-de-cordoba-reordena-su-futuro\/#primaryimage","url":"https:\/\/i0.wp.com\/www.todoalfalfa.com.ar\/noticias\/wp-content\/uploads\/2023\/11\/WhatsApp-Image-2023-11-01-at-17.28.31.jpeg?fit=719%2C544&ssl=1","contentUrl":"https:\/\/i0.wp.com\/www.todoalfalfa.com.ar\/noticias\/wp-content\/uploads\/2023\/11\/WhatsApp-Image-2023-11-01-at-17.28.31.jpeg?fit=719%2C544&ssl=1","width":719,"height":544},{"@type":"BreadcrumbList","@id":"https:\/\/www.todoalfalfa.com.ar\/noticias\/el-cluster-de-alfalfa-de-cordoba-reordena-su-futuro\/#breadcrumb","itemListElement":[{"@type":"ListItem","position":1,"name":"Principal","item":"https:\/\/www.todoalfalfa.com.ar\/noticias\/"},{"@type":"ListItem","position":2,"name":"El Cl\u00faster de Alfalfa de C\u00f3rdoba \u201creordena\u201d su futuro"}]},{"@type":"WebSite","@id":"https:\/\/www.todoalfalfa.com.ar\/noticias\/#website","url":"https:\/\/www.todoalfalfa.com.ar\/noticias\/","name":"Todo Alfalfa","description":"Web informativa de la cadena de la alfalfa argentina","publisher":{"@id":"https:\/\/www.todoalfalfa.com.ar\/noticias\/#organization"},"potentialAction":[{"@type":"SearchAction","target":{"@type":"EntryPoint","urlTemplate":"https:\/\/www.todoalfalfa.com.ar\/noticias\/?s={search_term_string}"},"query-input":{"@type":"PropertyValueSpecification","valueRequired":true,"valueName":"search_term_string"}}],"inLanguage":"es"},{"@type":"Organization","@id":"https:\/\/www.todoalfalfa.com.ar\/noticias\/#organization","name":"Todo Alfalfa","url":"https:\/\/www.todoalfalfa.com.ar\/noticias\/","logo":{"@type":"ImageObject","inLanguage":"es","@id":"https:\/\/www.todoalfalfa.com.ar\/noticias\/#\/schema\/logo\/image\/","url":"https:\/\/www.todoalfalfa.com.ar\/noticias\/wp-content\/uploads\/2020\/09\/logo-todo-alfalfa-modificado.png","contentUrl":"https:\/\/www.todoalfalfa.com.ar\/noticias\/wp-content\/uploads\/2020\/09\/logo-todo-alfalfa-modificado.png","width":350,"height":100,"caption":"Todo Alfalfa"},"image":{"@id":"https:\/\/www.todoalfalfa.com.ar\/noticias\/#\/schema\/logo\/image\/"},"sameAs":["https:\/\/www.facebook.com\/todoalfalfa","https:\/\/www.instagram.com\/todoalfalfa","https:\/\/www.youtube.com\/@TodoAlfalfa","https:\/\/www.linkedin.com\/company\/todoalfalfa\/"]},{"@type":"Person","@id":"https:\/\/www.todoalfalfa.com.ar\/noticias\/#\/schema\/person\/99de93cb711c7015ef658e5321ba9f18","name":"Todo Alfalfa","image":{"@type":"ImageObject","inLanguage":"es","@id":"https:\/\/www.todoalfalfa.com.ar\/noticias\/#\/schema\/person\/image\/","url":"https:\/\/secure.gravatar.com\/avatar\/50ffd12fb7b268bc2467160730786602db252a270c63104e7c19b5f67b8dd346?s=96&d=mm&r=g","contentUrl":"https:\/\/secure.gravatar.com\/avatar\/50ffd12fb7b268bc2467160730786602db252a270c63104e7c19b5f67b8dd346?s=96&d=mm&r=g","caption":"Todo Alfalfa"},"url":"https:\/\/www.todoalfalfa.com.ar\/noticias\/author\/osvaldoiachetta\/"}]}},"jetpack_featured_media_url":"https:\/\/i0.wp.com\/www.todoalfalfa.com.ar\/noticias\/wp-content\/uploads\/2023\/11\/WhatsApp-Image-2023-11-01-at-17.28.31.jpeg?fit=719%2C544&ssl=1","wps_subtitle":"","jetpack_sharing_enabled":true,"_links":{"self":[{"href":"https:\/\/www.todoalfalfa.com.ar\/noticias\/wp-json\/wp\/v2\/posts\/46055","targetHints":{"allow":["GET"]}}],"collection":[{"href":"https:\/\/www.todoalfalfa.com.ar\/noticias\/wp-json\/wp\/v2\/posts"}],"about":[{"href":"https:\/\/www.todoalfalfa.com.ar\/noticias\/wp-json\/wp\/v2\/types\/post"}],"author":[{"embeddable":true,"href":"https:\/\/www.todoalfalfa.com.ar\/noticias\/wp-json\/wp\/v2\/users\/9"}],"replies":[{"embeddable":true,"href":"https:\/\/www.todoalfalfa.com.ar\/noticias\/wp-json\/wp\/v2\/comments?post=46055"}],"version-history":[{"count":2,"href":"https:\/\/www.todoalfalfa.com.ar\/noticias\/wp-json\/wp\/v2\/posts\/46055\/revisions"}],"predecessor-version":[{"id":46066,"href":"https:\/\/www.todoalfalfa.com.ar\/noticias\/wp-json\/wp\/v2\/posts\/46055\/revisions\/46066"}],"wp:featuredmedia":[{"embeddable":true,"href":"https:\/\/www.todoalfalfa.com.ar\/noticias\/wp-json\/wp\/v2\/media\/46056"}],"wp:attachment":[{"href":"https:\/\/www.todoalfalfa.com.ar\/noticias\/wp-json\/wp\/v2\/media?parent=46055"}],"wp:term":[{"taxonomy":"category","embeddable":true,"href":"https:\/\/www.todoalfalfa.com.ar\/noticias\/wp-json\/wp\/v2\/categories?post=46055"},{"taxonomy":"post_tag","embeddable":true,"href":"https:\/\/www.todoalfalfa.com.ar\/noticias\/wp-json\/wp\/v2\/tags?post=46055"}],"curies":[{"name":"wp","href":"https:\/\/api.w.org\/{rel}","templated":true}]}}