{"id":46089,"date":"2023-11-06T16:17:56","date_gmt":"2023-11-06T19:17:56","guid":{"rendered":"https:\/\/www.todoalfalfa.com.ar\/noticias\/?p=46089"},"modified":"2023-11-06T16:17:57","modified_gmt":"2023-11-06T19:17:57","slug":"palo-verde-y-las-alfalfas-que-vienen","status":"publish","type":"post","link":"https:\/\/www.todoalfalfa.com.ar\/noticias\/palo-verde-y-las-alfalfas-que-vienen\/","title":{"rendered":"Palo Verde y \u201clas alfalfas que vienen\u201d"},"content":{"rendered":"\n<p>Con casi 4 mil hect\u00e1reas dedicadas a la producci\u00f3n de alfalfa para forraje, la provincia de Neuqu\u00e9n apuesta a ampliar su capacidad productiva. Los principales departamentos de Neuqu\u00e9n donde se produce este forraje son Pehuenches, Confluencia, A\u00f1elo y Pic\u00fan Leuf\u00fa. All\u00ed cinco a\u00f1os atr\u00e1s esta producci\u00f3n solo cubr\u00eda unas 2400 hect\u00e1reas.<\/p>\n\n\n\n<p>El 70% de la alfalfa cultivada se utiliza para la alimentaci\u00f3n de los animales que en la provincia alcanza a 235 mil cabezas de bovinos, 780 mil caprinos y 200 mil ovinos.<\/p>\n\n\n\n<p>En el marco del evento, Horacio Gallarino, responsable de Palo Verde SRL brind\u00f3 una charla para los presentes donde abord\u00f3 el problema del \u201cfuncionamiento de las alfalfas multifoliadas\u201d.<\/p>\n\n\n\n<p>En la ocasi\u00f3n destac\u00f3 que \u201cse dijo anteriormente que obviamente la relaci\u00f3n hoja-tayo con alfalfa mejora la calidad del heno y esto est\u00e1 pensado precisamente para la industria del heno, para la industria del rollo, fardo porque es ah\u00ed en la hoja donde se consiente el mayor nivel de nutrientes y producto de prote\u00edna bruta\u201d.<\/p>\n\n\n\n<p>Remarc\u00f3 que \u201cen muchos pa\u00edses requieren de la importaci\u00f3n de heno, por ejemplo, en los pa\u00edses \u00e1rabes, Jap\u00f3n modifica el precio, lo premia cuando el porcentaje de prote\u00edna supera el 22%, de prote\u00edna bruta supera el 22% de ese heno\u201d.<\/p>\n\n\n\n<p>Con la alfalfa propuesta por Palo Verde \u201cse puede lograr heno que supera el 25% de prote\u00edna bruta. O sea, puede permitir lograr mejores precios en el mercado internacional\u201d.<\/p>\n\n\n\n<p>En otro tramo de la conversaci\u00f3n, explic\u00f3 que \u201cdentro de las alfalfas recientemente inscriptas tenemos a Amaya, Grupo 10, que es justamente la alfalfa multifoliada. Estas alfalfas van a estar disponibles en el mercado, yo calculo que en el a\u00f1o 2025 se van a empezar a comercializar los primeros lotes. Y Kumen, que es la variedad tolerante a suelos salinos, que es Grupo 9 tambi\u00e9n, tambi\u00e9n para el a\u00f1o 2025 va a estar en el mercado\u201d.<\/p>\n\n\n\n<p>Destac\u00f3 Gallarino el \u201cGrupo de Dep\u00f3sito Invernal 7, Traful P-20, 9,5 y Limay P-20 son variedades de alfalfa adaptadas a suelos pesados en Entre R\u00edos, Argentina. Estas variedades son el resultado de un cruce entre la alfalfa sativa y la falcata, que tiene ra\u00edces ramificadas. Esta caracter\u00edstica le permite explorar mayor volumen de suelo a la misma profundidad\u201d.<\/p>\n\n\n\n<p>En el marco de la expo, otro de los que habl\u00f3 con la prensa fue Maxiliano Hadad, director provincial de desarrollo rural de Neuqu\u00e9n quien en dialog\u00f3 con La Ma\u00f1ana de Neuqu\u00e9n destac\u00f3 que se trata de \u201cuna producci\u00f3n reactivamente nueva, que se enmarca en el plan ganadero bovino provincial que viene desarroll\u00e1ndose a trav\u00e9s de grupos de trabajo y tecnol\u00f3gicos, como desde el gobierno de la Provincia, INTA, la UNCo. Tiene el objetivo de que sea una producci\u00f3n sostenible, redituable econ\u00f3micamente y vinculada con el resto de los eslabones de la cadena productiva\u00bb.<\/p>\n\n\n\n<p>En el an\u00e1lisis que se llev\u00f3 adelante sobre esta producci\u00f3n llegaron a la conclusi\u00f3n que \u00abel costo de producci\u00f3n dio un valor de 1500 pesos por fardo\u00bb. \u00abEse es el valor de lo que cuesta producir en Neuqu\u00e9n un fardo de alfalfa, un poquito menos les cuesta a los productores donde tercerizan el servicio\u00bb, aclar\u00f3 Hadad.<\/p>\n\n\n\n<p>Este fardo que cuesta 1500 pesos producirlo se comercializa en 2000 a 2200 pesos. \u00abEl margen bruto es de 900 d\u00f3lares por hect\u00e1rea en sistemas productivos donde no tienen la maquinaria y deben tercerizar los servicios y 1400 d\u00f3lares por hect\u00e1rea, para quienes cuentan con la maquinaria\u00bb, precis\u00f3.<\/p>\n\n\n\n<p>\u00abEn todos los casos la producci\u00f3n de alfalfa en Neuqu\u00e9n es rentable, tiene un rendimiento bueno y es mucho m\u00e1s rentable (entre un 25% y 35%) en los estratos que tienen maquinaria propia\u00bb, concluy\u00f3 el director provincial de Desarrollo Rural.<\/p>\n\n\n\n<p>Adem\u00e1s de destacar el crecimiento de esta producci\u00f3n en la provincia, Hadad destac\u00f3 que no solo creci\u00f3 en superficie cultivada, sino tambi\u00e9n en la calidad de su producci\u00f3n lo que la hace m\u00e1s productiva y m\u00e1s rentable.<\/p>\n\n\n\n<figure class=\"wp-block-gallery has-nested-images columns-default is-cropped wp-block-gallery-1 is-layout-flex wp-block-gallery-is-layout-flex\">\n<figure class=\"wp-block-image size-large\"><img data-recalc-dims=\"1\" fetchpriority=\"high\" decoding=\"async\" width=\"1024\" height=\"576\" data-id=\"46093\" src=\"https:\/\/i0.wp.com\/www.todoalfalfa.com.ar\/noticias\/wp-content\/uploads\/2023\/11\/WhatsApp-Image-2023-11-03-at-13.28.00.jpeg?resize=1024%2C576&#038;ssl=1\" alt=\"\" class=\"wp-image-46093\" srcset=\"https:\/\/i0.wp.com\/www.todoalfalfa.com.ar\/noticias\/wp-content\/uploads\/2023\/11\/WhatsApp-Image-2023-11-03-at-13.28.00.jpeg?resize=1024%2C576&amp;ssl=1 1024w, https:\/\/i0.wp.com\/www.todoalfalfa.com.ar\/noticias\/wp-content\/uploads\/2023\/11\/WhatsApp-Image-2023-11-03-at-13.28.00.jpeg?resize=300%2C169&amp;ssl=1 300w, https:\/\/i0.wp.com\/www.todoalfalfa.com.ar\/noticias\/wp-content\/uploads\/2023\/11\/WhatsApp-Image-2023-11-03-at-13.28.00.jpeg?resize=768%2C432&amp;ssl=1 768w, https:\/\/i0.wp.com\/www.todoalfalfa.com.ar\/noticias\/wp-content\/uploads\/2023\/11\/WhatsApp-Image-2023-11-03-at-13.28.00.jpeg?resize=1536%2C864&amp;ssl=1 1536w, https:\/\/i0.wp.com\/www.todoalfalfa.com.ar\/noticias\/wp-content\/uploads\/2023\/11\/WhatsApp-Image-2023-11-03-at-13.28.00.jpeg?resize=777%2C437&amp;ssl=1 777w, https:\/\/i0.wp.com\/www.todoalfalfa.com.ar\/noticias\/wp-content\/uploads\/2023\/11\/WhatsApp-Image-2023-11-03-at-13.28.00.jpeg?resize=180%2C101&amp;ssl=1 180w, https:\/\/i0.wp.com\/www.todoalfalfa.com.ar\/noticias\/wp-content\/uploads\/2023\/11\/WhatsApp-Image-2023-11-03-at-13.28.00.jpeg?resize=260%2C146&amp;ssl=1 260w, https:\/\/i0.wp.com\/www.todoalfalfa.com.ar\/noticias\/wp-content\/uploads\/2023\/11\/WhatsApp-Image-2023-11-03-at-13.28.00.jpeg?resize=373%2C210&amp;ssl=1 373w, https:\/\/i0.wp.com\/www.todoalfalfa.com.ar\/noticias\/wp-content\/uploads\/2023\/11\/WhatsApp-Image-2023-11-03-at-13.28.00.jpeg?resize=120%2C67&amp;ssl=1 120w, https:\/\/i0.wp.com\/www.todoalfalfa.com.ar\/noticias\/wp-content\/uploads\/2023\/11\/WhatsApp-Image-2023-11-03-at-13.28.00.jpeg?w=1600&amp;ssl=1 1600w\" sizes=\"(max-width: 1000px) 100vw, 1000px\" \/><\/figure>\n\n\n\n<figure class=\"wp-block-image size-large\"><img data-recalc-dims=\"1\" decoding=\"async\" width=\"576\" height=\"1024\" data-id=\"46094\" src=\"https:\/\/i0.wp.com\/www.todoalfalfa.com.ar\/noticias\/wp-content\/uploads\/2023\/11\/WhatsApp-Image-2023-11-03-at-13.27.59.jpeg?resize=576%2C1024&#038;ssl=1\" alt=\"\" class=\"wp-image-46094\" srcset=\"https:\/\/i0.wp.com\/www.todoalfalfa.com.ar\/noticias\/wp-content\/uploads\/2023\/11\/WhatsApp-Image-2023-11-03-at-13.27.59.jpeg?resize=576%2C1024&amp;ssl=1 576w, https:\/\/i0.wp.com\/www.todoalfalfa.com.ar\/noticias\/wp-content\/uploads\/2023\/11\/WhatsApp-Image-2023-11-03-at-13.27.59.jpeg?resize=169%2C300&amp;ssl=1 169w, https:\/\/i0.wp.com\/www.todoalfalfa.com.ar\/noticias\/wp-content\/uploads\/2023\/11\/WhatsApp-Image-2023-11-03-at-13.27.59.jpeg?resize=768%2C1365&amp;ssl=1 768w, https:\/\/i0.wp.com\/www.todoalfalfa.com.ar\/noticias\/wp-content\/uploads\/2023\/11\/WhatsApp-Image-2023-11-03-at-13.27.59.jpeg?resize=864%2C1536&amp;ssl=1 864w, https:\/\/i0.wp.com\/www.todoalfalfa.com.ar\/noticias\/wp-content\/uploads\/2023\/11\/WhatsApp-Image-2023-11-03-at-13.27.59.jpeg?w=900&amp;ssl=1 900w\" sizes=\"(max-width: 576px) 100vw, 576px\" \/><\/figure>\n\n\n\n<figure class=\"wp-block-image size-large\"><img data-recalc-dims=\"1\" decoding=\"async\" width=\"1024\" height=\"576\" data-id=\"46095\" src=\"https:\/\/i0.wp.com\/www.todoalfalfa.com.ar\/noticias\/wp-content\/uploads\/2023\/11\/WhatsApp-Image-2023-11-03-at-13.28.00-1.jpeg?resize=1024%2C576&#038;ssl=1\" alt=\"\" class=\"wp-image-46095\" srcset=\"https:\/\/i0.wp.com\/www.todoalfalfa.com.ar\/noticias\/wp-content\/uploads\/2023\/11\/WhatsApp-Image-2023-11-03-at-13.28.00-1.jpeg?resize=1024%2C576&amp;ssl=1 1024w, https:\/\/i0.wp.com\/www.todoalfalfa.com.ar\/noticias\/wp-content\/uploads\/2023\/11\/WhatsApp-Image-2023-11-03-at-13.28.00-1.jpeg?resize=300%2C169&amp;ssl=1 300w, https:\/\/i0.wp.com\/www.todoalfalfa.com.ar\/noticias\/wp-content\/uploads\/2023\/11\/WhatsApp-Image-2023-11-03-at-13.28.00-1.jpeg?resize=768%2C432&amp;ssl=1 768w, https:\/\/i0.wp.com\/www.todoalfalfa.com.ar\/noticias\/wp-content\/uploads\/2023\/11\/WhatsApp-Image-2023-11-03-at-13.28.00-1.jpeg?resize=1536%2C864&amp;ssl=1 1536w, https:\/\/i0.wp.com\/www.todoalfalfa.com.ar\/noticias\/wp-content\/uploads\/2023\/11\/WhatsApp-Image-2023-11-03-at-13.28.00-1.jpeg?resize=777%2C437&amp;ssl=1 777w, https:\/\/i0.wp.com\/www.todoalfalfa.com.ar\/noticias\/wp-content\/uploads\/2023\/11\/WhatsApp-Image-2023-11-03-at-13.28.00-1.jpeg?resize=180%2C101&amp;ssl=1 180w, https:\/\/i0.wp.com\/www.todoalfalfa.com.ar\/noticias\/wp-content\/uploads\/2023\/11\/WhatsApp-Image-2023-11-03-at-13.28.00-1.jpeg?resize=260%2C146&amp;ssl=1 260w, https:\/\/i0.wp.com\/www.todoalfalfa.com.ar\/noticias\/wp-content\/uploads\/2023\/11\/WhatsApp-Image-2023-11-03-at-13.28.00-1.jpeg?resize=373%2C210&amp;ssl=1 373w, https:\/\/i0.wp.com\/www.todoalfalfa.com.ar\/noticias\/wp-content\/uploads\/2023\/11\/WhatsApp-Image-2023-11-03-at-13.28.00-1.jpeg?resize=120%2C67&amp;ssl=1 120w, https:\/\/i0.wp.com\/www.todoalfalfa.com.ar\/noticias\/wp-content\/uploads\/2023\/11\/WhatsApp-Image-2023-11-03-at-13.28.00-1.jpeg?w=1600&amp;ssl=1 1600w\" sizes=\"(max-width: 1000px) 100vw, 1000px\" \/><\/figure>\n\n\n\n<figure class=\"wp-block-image size-large\"><img data-recalc-dims=\"1\" loading=\"lazy\" decoding=\"async\" width=\"576\" height=\"1024\" data-id=\"46096\" src=\"https:\/\/i0.wp.com\/www.todoalfalfa.com.ar\/noticias\/wp-content\/uploads\/2023\/11\/WhatsApp-Image-2023-11-03-at-13.27.59-1.jpeg?resize=576%2C1024&#038;ssl=1\" alt=\"\" class=\"wp-image-46096\" srcset=\"https:\/\/i0.wp.com\/www.todoalfalfa.com.ar\/noticias\/wp-content\/uploads\/2023\/11\/WhatsApp-Image-2023-11-03-at-13.27.59-1.jpeg?resize=576%2C1024&amp;ssl=1 576w, https:\/\/i0.wp.com\/www.todoalfalfa.com.ar\/noticias\/wp-content\/uploads\/2023\/11\/WhatsApp-Image-2023-11-03-at-13.27.59-1.jpeg?resize=169%2C300&amp;ssl=1 169w, https:\/\/i0.wp.com\/www.todoalfalfa.com.ar\/noticias\/wp-content\/uploads\/2023\/11\/WhatsApp-Image-2023-11-03-at-13.27.59-1.jpeg?resize=768%2C1365&amp;ssl=1 768w, https:\/\/i0.wp.com\/www.todoalfalfa.com.ar\/noticias\/wp-content\/uploads\/2023\/11\/WhatsApp-Image-2023-11-03-at-13.27.59-1.jpeg?resize=864%2C1536&amp;ssl=1 864w, https:\/\/i0.wp.com\/www.todoalfalfa.com.ar\/noticias\/wp-content\/uploads\/2023\/11\/WhatsApp-Image-2023-11-03-at-13.27.59-1.jpeg?w=900&amp;ssl=1 900w\" sizes=\"(max-width: 576px) 100vw, 576px\" \/><figcaption class=\"wp-element-caption\">Alfalfas WL presente en la 2da Expo Forrajera Neuquina<\/figcaption><\/figure>\n<\/figure>\n\n\n\n<p>En el marco de estas jornadas, Alfalfas WL dijo presente en la 2da Expo Forrajera Neuquina. El Ing. Diego Costa expuso sobre las ventajas del uso de alfalfas de calidad Premium, variedades de Alfalfas WL y tecnolog\u00eda HarvXtra. Adem\u00e1s de contar con el testimonio\/experiencia de productor de la zona<\/p>\n\n\n\n<p>Fuente: <a href=\"https:\/\/www.lmneuquen.com\/neuquen\/el-forraje-otra-las-actividades-productivas-alza-neuquen-n1069913\">lmneuquen<\/a> e informaci\u00f3n propia<\/p>\n<div class=\"todoalfalfa-final-de-la-nota\" id=\"todoalfalfa-3606337548\"><a href=\"https:\/\/www.whatsapp.com\/channel\/0029VbCBmFB9WtBxJsD3eC2i\" target=\"_blank\" aria-label=\"5\"><img src=\"https:\/\/i0.wp.com\/www.todoalfalfa.com.ar\/noticias\/wp-content\/uploads\/2026\/04\/5.gif?fit=728%2C90&#038;ssl=1\" alt=\"\"  width=\"728\" height=\"90\"   \/><\/a><\/div>","protected":false},"excerpt":{"rendered":"<p>En el marco de la 2\u00b0 Expo Forrajera neuquina que se realiz\u00f3 en Arroyito la empresa liderada por Horacio Gallarino expuso en una de las jornadas. Adem\u00e1s, el evento confirm\u00f3 que \u201cla actividad es rentable y que cada vez tiene mejores pr\u00e1cticas en la provincia\u201d.<\/p>\n","protected":false},"author":9,"featured_media":46090,"comment_status":"closed","ping_status":"open","sticky":false,"template":"","format":"standard","meta":{"jetpack_post_was_ever_published":false,"_jetpack_newsletter_access":"","_jetpack_dont_email_post_to_subs":false,"_jetpack_newsletter_tier_id":0,"_jetpack_memberships_contains_paywalled_content":false,"_jetpack_memberships_contains_paid_content":false,"footnotes":""},"categories":[3],"tags":[31,299,161,639,414,21],"class_list":["post-46089","post","type-post","status-publish","format-standard","has-post-thumbnail","hentry","category-heno-y-forrajes","tag-alfalfa","tag-forraje","tag-neuquen","tag-palo-verde","tag-pastura","tag-produccion"],"yoast_head":"<!-- This site is optimized with the Yoast SEO plugin v25.5 - https:\/\/yoast.com\/wordpress\/plugins\/seo\/ -->\n<title>Palo Verde y \u201clas alfalfas que vienen\u201d<\/title>\n<meta name=\"robots\" content=\"index, follow, max-snippet:-1, max-image-preview:large, max-video-preview:-1\" \/>\n<link rel=\"canonical\" href=\"https:\/\/www.todoalfalfa.com.ar\/noticias\/palo-verde-y-las-alfalfas-que-vienen\/\" \/>\n<meta property=\"og:locale\" content=\"es_ES\" \/>\n<meta property=\"og:type\" content=\"article\" \/>\n<meta property=\"og:title\" content=\"Palo Verde y \u201clas alfalfas que vienen\u201d\" \/>\n<meta property=\"og:description\" content=\"En el marco de la 2\u00b0 Expo Forrajera neuquina que se realiz\u00f3 en Arroyito la empresa liderada por Horacio Gallarino expuso en una de las jornadas. Adem\u00e1s, el evento confirm\u00f3 que \u201cla actividad es rentable y que cada vez tiene mejores pr\u00e1cticas en la provincia\u201d.\" \/>\n<meta property=\"og:url\" content=\"https:\/\/www.todoalfalfa.com.ar\/noticias\/palo-verde-y-las-alfalfas-que-vienen\/\" \/>\n<meta property=\"og:site_name\" content=\"Todo Alfalfa\" \/>\n<meta property=\"article:publisher\" content=\"https:\/\/www.facebook.com\/todoalfalfa\" \/>\n<meta property=\"article:published_time\" content=\"2023-11-06T19:17:56+00:00\" \/>\n<meta property=\"article:modified_time\" content=\"2023-11-06T19:17:57+00:00\" \/>\n<meta property=\"og:image\" content=\"https:\/\/www.todoalfalfa.com.ar\/noticias\/wp-content\/uploads\/2023\/11\/Expo-Forrajeras-1.jpg\" \/>\n\t<meta property=\"og:image:width\" content=\"761\" \/>\n\t<meta property=\"og:image:height\" content=\"343\" \/>\n\t<meta property=\"og:image:type\" content=\"image\/jpeg\" \/>\n<meta name=\"author\" content=\"Todo Alfalfa\" \/>\n<meta name=\"twitter:card\" content=\"summary_large_image\" \/>\n<meta name=\"twitter:label1\" content=\"Escrito por\" \/>\n\t<meta name=\"twitter:data1\" content=\"Todo Alfalfa\" \/>\n\t<meta name=\"twitter:label2\" content=\"Tiempo de lectura\" \/>\n\t<meta name=\"twitter:data2\" content=\"5 minutos\" \/>\n<script type=\"application\/ld+json\" class=\"yoast-schema-graph\">{\"@context\":\"https:\/\/schema.org\",\"@graph\":[{\"@type\":\"NewsArticle\",\"@id\":\"https:\/\/www.todoalfalfa.com.ar\/noticias\/palo-verde-y-las-alfalfas-que-vienen\/#article\",\"isPartOf\":{\"@id\":\"https:\/\/www.todoalfalfa.com.ar\/noticias\/palo-verde-y-las-alfalfas-que-vienen\/\"},\"author\":{\"name\":\"Todo Alfalfa\",\"@id\":\"https:\/\/www.todoalfalfa.com.ar\/noticias\/#\/schema\/person\/99de93cb711c7015ef658e5321ba9f18\"},\"headline\":\"Palo Verde y \u201clas alfalfas que vienen\u201d\",\"datePublished\":\"2023-11-06T19:17:56+00:00\",\"dateModified\":\"2023-11-06T19:17:57+00:00\",\"mainEntityOfPage\":{\"@id\":\"https:\/\/www.todoalfalfa.com.ar\/noticias\/palo-verde-y-las-alfalfas-que-vienen\/\"},\"wordCount\":753,\"publisher\":{\"@id\":\"https:\/\/www.todoalfalfa.com.ar\/noticias\/#organization\"},\"image\":{\"@id\":\"https:\/\/www.todoalfalfa.com.ar\/noticias\/palo-verde-y-las-alfalfas-que-vienen\/#primaryimage\"},\"thumbnailUrl\":\"https:\/\/i0.wp.com\/www.todoalfalfa.com.ar\/noticias\/wp-content\/uploads\/2023\/11\/Expo-Forrajeras-1.jpg?fit=761%2C343&ssl=1\",\"keywords\":[\"alfalfa\",\"forraje\",\"Neuqu\u00e9n\",\"Palo Verde\",\"pastura\",\"producci\u00f3n\"],\"articleSection\":[\"Heno y Forrajes\"],\"inLanguage\":\"es\"},{\"@type\":[\"WebPage\",\"ItemPage\"],\"@id\":\"https:\/\/www.todoalfalfa.com.ar\/noticias\/palo-verde-y-las-alfalfas-que-vienen\/\",\"url\":\"https:\/\/www.todoalfalfa.com.ar\/noticias\/palo-verde-y-las-alfalfas-que-vienen\/\",\"name\":\"Palo Verde y \u201clas alfalfas que vienen\u201d\",\"isPartOf\":{\"@id\":\"https:\/\/www.todoalfalfa.com.ar\/noticias\/#website\"},\"primaryImageOfPage\":{\"@id\":\"https:\/\/www.todoalfalfa.com.ar\/noticias\/palo-verde-y-las-alfalfas-que-vienen\/#primaryimage\"},\"image\":{\"@id\":\"https:\/\/www.todoalfalfa.com.ar\/noticias\/palo-verde-y-las-alfalfas-que-vienen\/#primaryimage\"},\"thumbnailUrl\":\"https:\/\/i0.wp.com\/www.todoalfalfa.com.ar\/noticias\/wp-content\/uploads\/2023\/11\/Expo-Forrajeras-1.jpg?fit=761%2C343&ssl=1\",\"datePublished\":\"2023-11-06T19:17:56+00:00\",\"dateModified\":\"2023-11-06T19:17:57+00:00\",\"breadcrumb\":{\"@id\":\"https:\/\/www.todoalfalfa.com.ar\/noticias\/palo-verde-y-las-alfalfas-que-vienen\/#breadcrumb\"},\"inLanguage\":\"es\",\"potentialAction\":[{\"@type\":\"ReadAction\",\"target\":[\"https:\/\/www.todoalfalfa.com.ar\/noticias\/palo-verde-y-las-alfalfas-que-vienen\/\"]}]},{\"@type\":\"ImageObject\",\"inLanguage\":\"es\",\"@id\":\"https:\/\/www.todoalfalfa.com.ar\/noticias\/palo-verde-y-las-alfalfas-que-vienen\/#primaryimage\",\"url\":\"https:\/\/i0.wp.com\/www.todoalfalfa.com.ar\/noticias\/wp-content\/uploads\/2023\/11\/Expo-Forrajeras-1.jpg?fit=761%2C343&ssl=1\",\"contentUrl\":\"https:\/\/i0.wp.com\/www.todoalfalfa.com.ar\/noticias\/wp-content\/uploads\/2023\/11\/Expo-Forrajeras-1.jpg?fit=761%2C343&ssl=1\",\"width\":761,\"height\":343},{\"@type\":\"BreadcrumbList\",\"@id\":\"https:\/\/www.todoalfalfa.com.ar\/noticias\/palo-verde-y-las-alfalfas-que-vienen\/#breadcrumb\",\"itemListElement\":[{\"@type\":\"ListItem\",\"position\":1,\"name\":\"Principal\",\"item\":\"https:\/\/www.todoalfalfa.com.ar\/noticias\/\"},{\"@type\":\"ListItem\",\"position\":2,\"name\":\"Palo Verde y \u201clas alfalfas que vienen\u201d\"}]},{\"@type\":\"WebSite\",\"@id\":\"https:\/\/www.todoalfalfa.com.ar\/noticias\/#website\",\"url\":\"https:\/\/www.todoalfalfa.com.ar\/noticias\/\",\"name\":\"Todo Alfalfa\",\"description\":\"Web informativa de la cadena de la alfalfa argentina\",\"publisher\":{\"@id\":\"https:\/\/www.todoalfalfa.com.ar\/noticias\/#organization\"},\"potentialAction\":[{\"@type\":\"SearchAction\",\"target\":{\"@type\":\"EntryPoint\",\"urlTemplate\":\"https:\/\/www.todoalfalfa.com.ar\/noticias\/?s={search_term_string}\"},\"query-input\":{\"@type\":\"PropertyValueSpecification\",\"valueRequired\":true,\"valueName\":\"search_term_string\"}}],\"inLanguage\":\"es\"},{\"@type\":\"Organization\",\"@id\":\"https:\/\/www.todoalfalfa.com.ar\/noticias\/#organization\",\"name\":\"Todo Alfalfa\",\"url\":\"https:\/\/www.todoalfalfa.com.ar\/noticias\/\",\"logo\":{\"@type\":\"ImageObject\",\"inLanguage\":\"es\",\"@id\":\"https:\/\/www.todoalfalfa.com.ar\/noticias\/#\/schema\/logo\/image\/\",\"url\":\"https:\/\/www.todoalfalfa.com.ar\/noticias\/wp-content\/uploads\/2020\/09\/logo-todo-alfalfa-modificado.png\",\"contentUrl\":\"https:\/\/www.todoalfalfa.com.ar\/noticias\/wp-content\/uploads\/2020\/09\/logo-todo-alfalfa-modificado.png\",\"width\":350,\"height\":100,\"caption\":\"Todo Alfalfa\"},\"image\":{\"@id\":\"https:\/\/www.todoalfalfa.com.ar\/noticias\/#\/schema\/logo\/image\/\"},\"sameAs\":[\"https:\/\/www.facebook.com\/todoalfalfa\",\"https:\/\/www.instagram.com\/todoalfalfa\",\"https:\/\/www.youtube.com\/@TodoAlfalfa\",\"https:\/\/www.linkedin.com\/company\/todoalfalfa\/\"]},{\"@type\":\"Person\",\"@id\":\"https:\/\/www.todoalfalfa.com.ar\/noticias\/#\/schema\/person\/99de93cb711c7015ef658e5321ba9f18\",\"name\":\"Todo Alfalfa\",\"image\":{\"@type\":\"ImageObject\",\"inLanguage\":\"es\",\"@id\":\"https:\/\/www.todoalfalfa.com.ar\/noticias\/#\/schema\/person\/image\/\",\"url\":\"https:\/\/secure.gravatar.com\/avatar\/50ffd12fb7b268bc2467160730786602db252a270c63104e7c19b5f67b8dd346?s=96&d=mm&r=g\",\"contentUrl\":\"https:\/\/secure.gravatar.com\/avatar\/50ffd12fb7b268bc2467160730786602db252a270c63104e7c19b5f67b8dd346?s=96&d=mm&r=g\",\"caption\":\"Todo Alfalfa\"},\"url\":\"https:\/\/www.todoalfalfa.com.ar\/noticias\/author\/osvaldoiachetta\/\"}]}<\/script>\n<!-- \/ Yoast SEO plugin. -->","yoast_head_json":{"title":"Palo Verde y \u201clas alfalfas que vienen\u201d","robots":{"index":"index","follow":"follow","max-snippet":"max-snippet:-1","max-image-preview":"max-image-preview:large","max-video-preview":"max-video-preview:-1"},"canonical":"https:\/\/www.todoalfalfa.com.ar\/noticias\/palo-verde-y-las-alfalfas-que-vienen\/","og_locale":"es_ES","og_type":"article","og_title":"Palo Verde y \u201clas alfalfas que vienen\u201d","og_description":"En el marco de la 2\u00b0 Expo Forrajera neuquina que se realiz\u00f3 en Arroyito la empresa liderada por Horacio Gallarino expuso en una de las jornadas. Adem\u00e1s, el evento confirm\u00f3 que \u201cla actividad es rentable y que cada vez tiene mejores pr\u00e1cticas en la provincia\u201d.","og_url":"https:\/\/www.todoalfalfa.com.ar\/noticias\/palo-verde-y-las-alfalfas-que-vienen\/","og_site_name":"Todo Alfalfa","article_publisher":"https:\/\/www.facebook.com\/todoalfalfa","article_published_time":"2023-11-06T19:17:56+00:00","article_modified_time":"2023-11-06T19:17:57+00:00","og_image":[{"width":761,"height":343,"url":"https:\/\/www.todoalfalfa.com.ar\/noticias\/wp-content\/uploads\/2023\/11\/Expo-Forrajeras-1.jpg","type":"image\/jpeg"}],"author":"Todo Alfalfa","twitter_card":"summary_large_image","twitter_misc":{"Escrito por":"Todo Alfalfa","Tiempo de lectura":"5 minutos"},"schema":{"@context":"https:\/\/schema.org","@graph":[{"@type":"NewsArticle","@id":"https:\/\/www.todoalfalfa.com.ar\/noticias\/palo-verde-y-las-alfalfas-que-vienen\/#article","isPartOf":{"@id":"https:\/\/www.todoalfalfa.com.ar\/noticias\/palo-verde-y-las-alfalfas-que-vienen\/"},"author":{"name":"Todo Alfalfa","@id":"https:\/\/www.todoalfalfa.com.ar\/noticias\/#\/schema\/person\/99de93cb711c7015ef658e5321ba9f18"},"headline":"Palo Verde y \u201clas alfalfas que vienen\u201d","datePublished":"2023-11-06T19:17:56+00:00","dateModified":"2023-11-06T19:17:57+00:00","mainEntityOfPage":{"@id":"https:\/\/www.todoalfalfa.com.ar\/noticias\/palo-verde-y-las-alfalfas-que-vienen\/"},"wordCount":753,"publisher":{"@id":"https:\/\/www.todoalfalfa.com.ar\/noticias\/#organization"},"image":{"@id":"https:\/\/www.todoalfalfa.com.ar\/noticias\/palo-verde-y-las-alfalfas-que-vienen\/#primaryimage"},"thumbnailUrl":"https:\/\/i0.wp.com\/www.todoalfalfa.com.ar\/noticias\/wp-content\/uploads\/2023\/11\/Expo-Forrajeras-1.jpg?fit=761%2C343&ssl=1","keywords":["alfalfa","forraje","Neuqu\u00e9n","Palo Verde","pastura","producci\u00f3n"],"articleSection":["Heno y Forrajes"],"inLanguage":"es"},{"@type":["WebPage","ItemPage"],"@id":"https:\/\/www.todoalfalfa.com.ar\/noticias\/palo-verde-y-las-alfalfas-que-vienen\/","url":"https:\/\/www.todoalfalfa.com.ar\/noticias\/palo-verde-y-las-alfalfas-que-vienen\/","name":"Palo Verde y \u201clas alfalfas que vienen\u201d","isPartOf":{"@id":"https:\/\/www.todoalfalfa.com.ar\/noticias\/#website"},"primaryImageOfPage":{"@id":"https:\/\/www.todoalfalfa.com.ar\/noticias\/palo-verde-y-las-alfalfas-que-vienen\/#primaryimage"},"image":{"@id":"https:\/\/www.todoalfalfa.com.ar\/noticias\/palo-verde-y-las-alfalfas-que-vienen\/#primaryimage"},"thumbnailUrl":"https:\/\/i0.wp.com\/www.todoalfalfa.com.ar\/noticias\/wp-content\/uploads\/2023\/11\/Expo-Forrajeras-1.jpg?fit=761%2C343&ssl=1","datePublished":"2023-11-06T19:17:56+00:00","dateModified":"2023-11-06T19:17:57+00:00","breadcrumb":{"@id":"https:\/\/www.todoalfalfa.com.ar\/noticias\/palo-verde-y-las-alfalfas-que-vienen\/#breadcrumb"},"inLanguage":"es","potentialAction":[{"@type":"ReadAction","target":["https:\/\/www.todoalfalfa.com.ar\/noticias\/palo-verde-y-las-alfalfas-que-vienen\/"]}]},{"@type":"ImageObject","inLanguage":"es","@id":"https:\/\/www.todoalfalfa.com.ar\/noticias\/palo-verde-y-las-alfalfas-que-vienen\/#primaryimage","url":"https:\/\/i0.wp.com\/www.todoalfalfa.com.ar\/noticias\/wp-content\/uploads\/2023\/11\/Expo-Forrajeras-1.jpg?fit=761%2C343&ssl=1","contentUrl":"https:\/\/i0.wp.com\/www.todoalfalfa.com.ar\/noticias\/wp-content\/uploads\/2023\/11\/Expo-Forrajeras-1.jpg?fit=761%2C343&ssl=1","width":761,"height":343},{"@type":"BreadcrumbList","@id":"https:\/\/www.todoalfalfa.com.ar\/noticias\/palo-verde-y-las-alfalfas-que-vienen\/#breadcrumb","itemListElement":[{"@type":"ListItem","position":1,"name":"Principal","item":"https:\/\/www.todoalfalfa.com.ar\/noticias\/"},{"@type":"ListItem","position":2,"name":"Palo Verde y \u201clas alfalfas que vienen\u201d"}]},{"@type":"WebSite","@id":"https:\/\/www.todoalfalfa.com.ar\/noticias\/#website","url":"https:\/\/www.todoalfalfa.com.ar\/noticias\/","name":"Todo Alfalfa","description":"Web informativa de la cadena de la alfalfa argentina","publisher":{"@id":"https:\/\/www.todoalfalfa.com.ar\/noticias\/#organization"},"potentialAction":[{"@type":"SearchAction","target":{"@type":"EntryPoint","urlTemplate":"https:\/\/www.todoalfalfa.com.ar\/noticias\/?s={search_term_string}"},"query-input":{"@type":"PropertyValueSpecification","valueRequired":true,"valueName":"search_term_string"}}],"inLanguage":"es"},{"@type":"Organization","@id":"https:\/\/www.todoalfalfa.com.ar\/noticias\/#organization","name":"Todo Alfalfa","url":"https:\/\/www.todoalfalfa.com.ar\/noticias\/","logo":{"@type":"ImageObject","inLanguage":"es","@id":"https:\/\/www.todoalfalfa.com.ar\/noticias\/#\/schema\/logo\/image\/","url":"https:\/\/www.todoalfalfa.com.ar\/noticias\/wp-content\/uploads\/2020\/09\/logo-todo-alfalfa-modificado.png","contentUrl":"https:\/\/www.todoalfalfa.com.ar\/noticias\/wp-content\/uploads\/2020\/09\/logo-todo-alfalfa-modificado.png","width":350,"height":100,"caption":"Todo Alfalfa"},"image":{"@id":"https:\/\/www.todoalfalfa.com.ar\/noticias\/#\/schema\/logo\/image\/"},"sameAs":["https:\/\/www.facebook.com\/todoalfalfa","https:\/\/www.instagram.com\/todoalfalfa","https:\/\/www.youtube.com\/@TodoAlfalfa","https:\/\/www.linkedin.com\/company\/todoalfalfa\/"]},{"@type":"Person","@id":"https:\/\/www.todoalfalfa.com.ar\/noticias\/#\/schema\/person\/99de93cb711c7015ef658e5321ba9f18","name":"Todo Alfalfa","image":{"@type":"ImageObject","inLanguage":"es","@id":"https:\/\/www.todoalfalfa.com.ar\/noticias\/#\/schema\/person\/image\/","url":"https:\/\/secure.gravatar.com\/avatar\/50ffd12fb7b268bc2467160730786602db252a270c63104e7c19b5f67b8dd346?s=96&d=mm&r=g","contentUrl":"https:\/\/secure.gravatar.com\/avatar\/50ffd12fb7b268bc2467160730786602db252a270c63104e7c19b5f67b8dd346?s=96&d=mm&r=g","caption":"Todo Alfalfa"},"url":"https:\/\/www.todoalfalfa.com.ar\/noticias\/author\/osvaldoiachetta\/"}]}},"jetpack_featured_media_url":"https:\/\/i0.wp.com\/www.todoalfalfa.com.ar\/noticias\/wp-content\/uploads\/2023\/11\/Expo-Forrajeras-1.jpg?fit=761%2C343&ssl=1","wps_subtitle":"","jetpack_sharing_enabled":true,"_links":{"self":[{"href":"https:\/\/www.todoalfalfa.com.ar\/noticias\/wp-json\/wp\/v2\/posts\/46089","targetHints":{"allow":["GET"]}}],"collection":[{"href":"https:\/\/www.todoalfalfa.com.ar\/noticias\/wp-json\/wp\/v2\/posts"}],"about":[{"href":"https:\/\/www.todoalfalfa.com.ar\/noticias\/wp-json\/wp\/v2\/types\/post"}],"author":[{"embeddable":true,"href":"https:\/\/www.todoalfalfa.com.ar\/noticias\/wp-json\/wp\/v2\/users\/9"}],"replies":[{"embeddable":true,"href":"https:\/\/www.todoalfalfa.com.ar\/noticias\/wp-json\/wp\/v2\/comments?post=46089"}],"version-history":[{"count":1,"href":"https:\/\/www.todoalfalfa.com.ar\/noticias\/wp-json\/wp\/v2\/posts\/46089\/revisions"}],"predecessor-version":[{"id":46097,"href":"https:\/\/www.todoalfalfa.com.ar\/noticias\/wp-json\/wp\/v2\/posts\/46089\/revisions\/46097"}],"wp:featuredmedia":[{"embeddable":true,"href":"https:\/\/www.todoalfalfa.com.ar\/noticias\/wp-json\/wp\/v2\/media\/46090"}],"wp:attachment":[{"href":"https:\/\/www.todoalfalfa.com.ar\/noticias\/wp-json\/wp\/v2\/media?parent=46089"}],"wp:term":[{"taxonomy":"category","embeddable":true,"href":"https:\/\/www.todoalfalfa.com.ar\/noticias\/wp-json\/wp\/v2\/categories?post=46089"},{"taxonomy":"post_tag","embeddable":true,"href":"https:\/\/www.todoalfalfa.com.ar\/noticias\/wp-json\/wp\/v2\/tags?post=46089"}],"curies":[{"name":"wp","href":"https:\/\/api.w.org\/{rel}","templated":true}]}}