{"id":46161,"date":"2023-11-14T15:26:52","date_gmt":"2023-11-14T18:26:52","guid":{"rendered":"https:\/\/www.todoalfalfa.com.ar\/noticias\/?p=46161"},"modified":"2023-11-22T14:14:21","modified_gmt":"2023-11-22T17:14:21","slug":"la-alfalfa-se-sienta-en-la-mesa-de-la-soja-y-el-maiz","status":"publish","type":"post","link":"https:\/\/www.todoalfalfa.com.ar\/noticias\/la-alfalfa-se-sienta-en-la-mesa-de-la-soja-y-el-maiz\/","title":{"rendered":"La Alfalfa se sienta en la mesa de la soja y el ma\u00edz"},"content":{"rendered":"\n<p>La Plenaria Anual del Cl\u00faster de Alfalfa 2023 dej\u00f3 muchas sensaciones positivas entre los presentes y los organizadores. En di\u00e1logo con TodoAlfalfa, Gast\u00f3n Urrets Zaval\u00eda, coordinador del evento junto al Cl\u00faster de Alfalfa C\u00f3rdoba, reconoci\u00f3: \u201cfue una cosa incre\u00edble, 12 empresas acompa\u00f1ando, expositores, 170 asistentes, t\u00e9cnicos del m\u00e1s alto nivel brindando conferencias, espacios de confraternidad, de intercambio, de conocimiento entre los socios y mucha gente que se ha sumado y que no es socia\u201d.<\/p>\n\n\n\n<p>El objetivo, claro est\u00e1, \u201cno es solo tener buenos y lindos momentos, sino profesionalizar lo que hace cada uno en su campo, que no se los coma la diaria, que sean empresarios de lo que cada uno hace\u201d por lo que buscan brindarles tips y herramientas puntuales, estrategias para cada uno de los procesos en que interviene el alfalfa.<\/p>\n\n\n\n<p>Consultado sobre su exposici\u00f3n -Urrets Zaval\u00eda- reconoci\u00f3 que \u201cla alfalfa se puso la corona de reina de las forrajeras para sentarse en la mesa de la soja y el ma\u00edz diciendo; ac\u00e1 estoy yo, soy un cultivo de alta rentabilidad, soy un cultivo que le aporto a las rotaciones estabilidad, que en a\u00f1os de sequ\u00eda puedo estar fuerte y que soy una unidad de negocio importante que tengo que ser manejada como tal\u201d.<\/p>\n\n\n\n<p>Se trata de un producto (la alfalfa) que \u201choy est\u00e1 en un campo de 10\/12 quintales de arrendamiento, ya no est\u00e1 en zonas abandonadas, pensada como una forrajera extensiva solamente, sino que le tengo que sacar el jugo, que tengo que obtener productos de alta calidad y ah\u00ed s\u00ed tiene alta rentabilidad\u201d.<\/p>\n\n\n\n<p>Urrets Zaval\u00eda entiende que \u201chay que profesionalizarla, sinergizar y aprender r\u00e1pido unos de otros y de la mano de las empresas que nos traen la tecnolog\u00eda, poder avanzar\u201d.<\/p>\n\n\n\n<p class=\"has-medium-font-size\">La alfalfa bien hecha es muy rentable<\/p>\n\n\n\n<p>Adem\u00e1s, dentro de lo malo que fue la sequ\u00eda si hay que destacar algo positivo es que permiti\u00f3 florecer a la alfalfa en esa discusi\u00f3n, \u201cporque rend\u00eda, porque permiti\u00f3 en la primera lluvia salir a cortar, porque adem\u00e1s logr\u00f3 que muchos entiendan que sembrando y haci\u00e9ndolo bien ten\u00e9s material por dos o tres a\u00f1os\u201d.<\/p>\n\n\n\n<figure class=\"wp-block-image size-large\"><img data-recalc-dims=\"1\" fetchpriority=\"high\" decoding=\"async\" width=\"1024\" height=\"768\" src=\"https:\/\/i0.wp.com\/www.todoalfalfa.com.ar\/noticias\/wp-content\/uploads\/2023\/11\/Plenaria-4-1.jpg?resize=1024%2C768&#038;ssl=1\" alt=\"\" class=\"wp-image-46165\" srcset=\"https:\/\/i0.wp.com\/www.todoalfalfa.com.ar\/noticias\/wp-content\/uploads\/2023\/11\/Plenaria-4-1-scaled.jpg?resize=1024%2C768&amp;ssl=1 1024w, https:\/\/i0.wp.com\/www.todoalfalfa.com.ar\/noticias\/wp-content\/uploads\/2023\/11\/Plenaria-4-1-scaled.jpg?resize=300%2C225&amp;ssl=1 300w, https:\/\/i0.wp.com\/www.todoalfalfa.com.ar\/noticias\/wp-content\/uploads\/2023\/11\/Plenaria-4-1-scaled.jpg?resize=768%2C576&amp;ssl=1 768w, https:\/\/i0.wp.com\/www.todoalfalfa.com.ar\/noticias\/wp-content\/uploads\/2023\/11\/Plenaria-4-1-scaled.jpg?resize=1536%2C1152&amp;ssl=1 1536w, https:\/\/i0.wp.com\/www.todoalfalfa.com.ar\/noticias\/wp-content\/uploads\/2023\/11\/Plenaria-4-1-scaled.jpg?resize=2048%2C1536&amp;ssl=1 2048w\" sizes=\"(max-width: 1000px) 100vw, 1000px\" \/><\/figure>\n\n\n\n<p>Para el ingeniero agr\u00f3nomo, especialista en este cultivo, \u201clas coyunturas te hacen crecer y te hacen visibilizar algunas cosas. Una de ellas es, por ejemplo, que la alfalfa te da una herramienta de trabajo que por ah\u00ed otros cultivos en situaciones de sequ\u00eda no responden igual\u201d.<\/p>\n\n\n\n<p>\u201cNo es que sea su mejor momento de expresi\u00f3n la sequ\u00eda para alfalfa, pero, por ejemplo, gracias a su sistema radical profundo y no solo este a\u00f1o, los \u00faltimos tres a\u00f1os de sequ\u00eda, permiti\u00f3 estar muy fuerte frente a los otros cultivos y nosotros ya lo venimos diciendo, vos pens\u00e1 que con los an\u00e1lisis con n\u00fameros en la mesa, desde el INTA Manfredi\u201d, explic\u00f3.<\/p>\n\n\n\n<p>\u201cLa alfalfa bien hecha es muy rentable pero hay que hacer las cosas muy bien. Lograr una alfalfa de alta rentabilidad es posible cuando aplicas tecnolog\u00eda\u201d.<\/p>\n\n\n\n<p class=\"has-medium-font-size\">El mundo est\u00e1 pidiendo alfalfa<\/p>\n\n\n\n<p>Desde el Cl\u00faster, reconocen que \u201chay que tener los dos canales abiertos, hay que profesionalizarlo porque la internacionalizaci\u00f3n te llega, te eleva la vara, te demanda calidad, te demanda procesos eficientes por varios motivos\u201d.<\/p>\n\n\n\n<p>\u201cLo que nosotros mostramos es que las oportunidades de negocio surgen afuera porque hay una demanda creciente, es una curva hacia arriba\u201d, manifest\u00f3 y agreg\u00f3: \u201cla concentraci\u00f3n ganadera demanda silajes, heno, pero en el pa\u00eds pasa lo mismo, la concentraci\u00f3n ganadera, los tambos cada vez mas intensificados necesitan heno y menos horas de pastoreo y m\u00e1s heno y m\u00e1s silajes y eso sin duda lleva a un incremento de la demanda interna\u201d.<\/p>\n\n\n\n<figure class=\"wp-block-image size-large\"><img data-recalc-dims=\"1\" decoding=\"async\" width=\"1024\" height=\"768\" src=\"https:\/\/i0.wp.com\/www.todoalfalfa.com.ar\/noticias\/wp-content\/uploads\/2023\/11\/Plenario-1.jpg?resize=1024%2C768&#038;ssl=1\" alt=\"\" class=\"wp-image-46166\" srcset=\"https:\/\/i0.wp.com\/www.todoalfalfa.com.ar\/noticias\/wp-content\/uploads\/2023\/11\/Plenario-1-scaled.jpg?resize=1024%2C768&amp;ssl=1 1024w, https:\/\/i0.wp.com\/www.todoalfalfa.com.ar\/noticias\/wp-content\/uploads\/2023\/11\/Plenario-1-scaled.jpg?resize=300%2C225&amp;ssl=1 300w, https:\/\/i0.wp.com\/www.todoalfalfa.com.ar\/noticias\/wp-content\/uploads\/2023\/11\/Plenario-1-scaled.jpg?resize=768%2C576&amp;ssl=1 768w, https:\/\/i0.wp.com\/www.todoalfalfa.com.ar\/noticias\/wp-content\/uploads\/2023\/11\/Plenario-1-scaled.jpg?resize=1536%2C1152&amp;ssl=1 1536w, https:\/\/i0.wp.com\/www.todoalfalfa.com.ar\/noticias\/wp-content\/uploads\/2023\/11\/Plenario-1-scaled.jpg?resize=2048%2C1536&amp;ssl=1 2048w\" sizes=\"(max-width: 1000px) 100vw, 1000px\" \/><\/figure>\n\n\n\n<p>Reconoce que \u201cen los \u00faltimos a\u00f1os no hay excedentes para exportar y eso est\u00e1 bueno, pero&nbsp; hay que trabajar para aumentar mucho esos vol\u00famenes de calidad\u201d.<\/p>\n\n\n\n<p>\u201cEn el Cl\u00faster tenemos socios que se dedican exclusivamente al alfalfa, por lo que claramente es un negocio. Hay gente que tiene 50 hect\u00e1reas, 700, 1000 hect\u00e1reas, y se dedican exclusivamente a eso, pero el tema es que te demanda una especializaci\u00f3n.<\/p>\n\n\n\n<p class=\"has-medium-font-size\">Menos hect\u00e1reas, m\u00e1s eficiencia<\/p>\n\n\n\n<p>Con el correr de los a\u00f1os se redujo el \u00e1rea de cobertura. Hace 20 a\u00f1os se sembraban cinco millones de hect\u00e1reas y en la actualidad son alrededor de tres millones. \u201cEso te marca que lo que hay que hacer un eficiente uso de la superficie\u201d, explic\u00f3 Urrets Zaval\u00eda y para poder mejorar y aumentar la producci\u00f3n es importante poder agregar a la producci\u00f3n riego.<\/p>\n\n\n\n<p>\u201cHay que meterle toda la tecnolog\u00eda que se pueda, en forma gradual por supuesto, pero avanzar y sabiendo que te lo paga, que te lo devuelve la inversi\u00f3n, las tecnolog\u00edas aplicadas para hacer un manejo aeron\u00f3mico de alta precisi\u00f3n\u201d, apunt\u00f3.<\/p>\n\n\n\n<p>Para el experto en la materia si la alfalfa pretende sentar en la mesa de la soja y el ma\u00edz deber\u00e1 el productor hacerla con semilla fiscalizada, con muy buena fertilizaci\u00f3n, con an\u00e1lisis del suelo, con manejo agron\u00f3mico de maleza, foliares\u201d.<\/p>\n\n\n\n<p class=\"has-medium-font-size\">Para el futuro, un optimismo enorme<\/p>\n\n\n\n<p>Consultado sobre su visi\u00f3n para los pr\u00f3ximos a\u00f1os (2025\/2030) el funcionario del INTA se mostr\u00f3 \u201coptimista\u201d. \u201cVenimos viendo el caminito que se est\u00e1 haciendo en los \u00faltimos a\u00f1os, la maduraci\u00f3n del mercado interno, la conciencia de que un rollo o un megafardo es un envase y que tengo que estar mir\u00e1ndolo y sospechando de cu\u00e1ntos kilos de prote\u00edna bruta tiene, cuantas megacalor\u00edas de energ\u00eda\u201d, es clave, seg\u00fan Urrets Zaval\u00eda.<\/p>\n\n\n\n<p>Todo eso, sumado a que cada vez el mercado (interno y externo) se vuelven cada vez m\u00e1s exigentes, obligan al productor a estar a la altura para cumplir con los requerimientos. Tambos de tres orde\u00f1es al d\u00eda, nutricionistas finos con los n\u00fameros que entienden que un heno de mala calidad comparado con uno de buena calidad no es lo mismo, porque te obliga agregar m\u00e1s kilos de ma\u00edz y todo se traduce en plata.<\/p>\n\n\n\n<p>Por eso, concluye el experto, \u201clo importante es organizarse, tener un plan de trabajo, una hoja de ruta clara y acciones bien concretas bajadas en un plan a corto, mediano y largo plazo\u201d.<\/p>\n<div class=\"todoalfalfa-final-de-la-nota\" id=\"todoalfalfa-2544936570\"><a href=\"https:\/\/www.whatsapp.com\/channel\/0029VbCBmFB9WtBxJsD3eC2i\" target=\"_blank\" aria-label=\"5\"><img src=\"https:\/\/i0.wp.com\/www.todoalfalfa.com.ar\/noticias\/wp-content\/uploads\/2026\/04\/5.gif?fit=728%2C90&#038;ssl=1\" alt=\"\"  width=\"728\" height=\"90\"   \/><\/a><\/div>","protected":false},"excerpt":{"rendered":"<p>Gast\u00f3n Urrets Zavalia, gerente del Cl\u00faster y especialista en Alfalfa estuvo a cargo, junto a la comisi\u00f3n directiva, de la coordinaci\u00f3n de PACA 2023. En di\u00e1logo con nuestro sitio valor\u00f3 el evento, destac\u00f3 la presencia de expositores, empresas y asistentes. Tambi\u00e9n habl\u00f3 sobre el potencial de la \u201creina de las forrajeras\u201d.<\/p>\n","protected":false},"author":9,"featured_media":46268,"comment_status":"closed","ping_status":"open","sticky":false,"template":"","format":"standard","meta":{"jetpack_post_was_ever_published":false,"_jetpack_newsletter_access":"","_jetpack_dont_email_post_to_subs":false,"_jetpack_newsletter_tier_id":0,"_jetpack_memberships_contains_paywalled_content":false,"_jetpack_memberships_contains_paid_content":false,"footnotes":""},"categories":[2],"tags":[31,1520,236,1555,68,36,1554],"class_list":["post-46161","post","type-post","status-publish","format-standard","has-post-thumbnail","hentry","category-generales","tag-alfalfa","tag-cluster-alfalfa-cordoba","tag-exportacion","tag-gaston-urrets-zavalia","tag-heno","tag-inta","tag-paca-2023"],"yoast_head":"<!-- This site is optimized with the Yoast SEO plugin v25.5 - https:\/\/yoast.com\/wordpress\/plugins\/seo\/ -->\n<title>La Alfalfa se sienta en la mesa de la soja y el ma\u00edz %<\/title>\n<meta name=\"robots\" content=\"index, follow, max-snippet:-1, max-image-preview:large, max-video-preview:-1\" \/>\n<link rel=\"canonical\" href=\"https:\/\/www.todoalfalfa.com.ar\/noticias\/la-alfalfa-se-sienta-en-la-mesa-de-la-soja-y-el-maiz\/\" \/>\n<meta property=\"og:locale\" content=\"es_ES\" \/>\n<meta property=\"og:type\" content=\"article\" \/>\n<meta property=\"og:title\" content=\"La Alfalfa se sienta en la mesa de la soja y el ma\u00edz %\" \/>\n<meta property=\"og:description\" content=\"Gast\u00f3n Urrets Zavalia, gerente del Cl\u00faster y especialista en Alfalfa estuvo a cargo, junto a la comisi\u00f3n directiva, de la coordinaci\u00f3n de PACA 2023. En di\u00e1logo con nuestro sitio valor\u00f3 el evento, destac\u00f3 la presencia de expositores, empresas y asistentes. Tambi\u00e9n habl\u00f3 sobre el potencial de la \u201creina de las forrajeras\u201d.\" \/>\n<meta property=\"og:url\" content=\"https:\/\/www.todoalfalfa.com.ar\/noticias\/la-alfalfa-se-sienta-en-la-mesa-de-la-soja-y-el-maiz\/\" \/>\n<meta property=\"og:site_name\" content=\"Todo Alfalfa\" \/>\n<meta property=\"article:publisher\" content=\"https:\/\/www.facebook.com\/todoalfalfa\" \/>\n<meta property=\"article:published_time\" content=\"2023-11-14T18:26:52+00:00\" \/>\n<meta property=\"article:modified_time\" content=\"2023-11-22T17:14:21+00:00\" \/>\n<meta property=\"og:image\" content=\"https:\/\/www.todoalfalfa.com.ar\/noticias\/wp-content\/uploads\/2023\/11\/penup_20231115_084621-e1700673216953.jpg\" \/>\n\t<meta property=\"og:image:width\" content=\"1620\" \/>\n\t<meta property=\"og:image:height\" content=\"1080\" \/>\n\t<meta property=\"og:image:type\" content=\"image\/jpeg\" \/>\n<meta name=\"author\" content=\"Todo Alfalfa\" \/>\n<meta name=\"twitter:card\" content=\"summary_large_image\" \/>\n<meta name=\"twitter:label1\" content=\"Escrito por\" \/>\n\t<meta name=\"twitter:data1\" content=\"Todo Alfalfa\" \/>\n\t<meta name=\"twitter:label2\" content=\"Tiempo de lectura\" \/>\n\t<meta name=\"twitter:data2\" content=\"5 minutos\" \/>\n<script type=\"application\/ld+json\" class=\"yoast-schema-graph\">{\"@context\":\"https:\/\/schema.org\",\"@graph\":[{\"@type\":\"NewsArticle\",\"@id\":\"https:\/\/www.todoalfalfa.com.ar\/noticias\/la-alfalfa-se-sienta-en-la-mesa-de-la-soja-y-el-maiz\/#article\",\"isPartOf\":{\"@id\":\"https:\/\/www.todoalfalfa.com.ar\/noticias\/la-alfalfa-se-sienta-en-la-mesa-de-la-soja-y-el-maiz\/\"},\"author\":{\"name\":\"Todo Alfalfa\",\"@id\":\"https:\/\/www.todoalfalfa.com.ar\/noticias\/#\/schema\/person\/99de93cb711c7015ef658e5321ba9f18\"},\"headline\":\"La Alfalfa se sienta en la mesa de la soja y el ma\u00edz\",\"datePublished\":\"2023-11-14T18:26:52+00:00\",\"dateModified\":\"2023-11-22T17:14:21+00:00\",\"mainEntityOfPage\":{\"@id\":\"https:\/\/www.todoalfalfa.com.ar\/noticias\/la-alfalfa-se-sienta-en-la-mesa-de-la-soja-y-el-maiz\/\"},\"wordCount\":1083,\"publisher\":{\"@id\":\"https:\/\/www.todoalfalfa.com.ar\/noticias\/#organization\"},\"image\":{\"@id\":\"https:\/\/www.todoalfalfa.com.ar\/noticias\/la-alfalfa-se-sienta-en-la-mesa-de-la-soja-y-el-maiz\/#primaryimage\"},\"thumbnailUrl\":\"https:\/\/i0.wp.com\/www.todoalfalfa.com.ar\/noticias\/wp-content\/uploads\/2023\/11\/penup_20231115_084621-e1700673216953.jpg?fit=1620%2C1080&ssl=1\",\"keywords\":[\"alfalfa\",\"Cl\u00faster Alfalfa C\u00f3rdoba\",\"exportaci\u00f3n\",\"Gast\u00f3n Urrets Zaval\u00eda\",\"heno\",\"inta\",\"PACA 2023\"],\"articleSection\":[\"Generales\"],\"inLanguage\":\"es\"},{\"@type\":[\"WebPage\",\"ItemPage\"],\"@id\":\"https:\/\/www.todoalfalfa.com.ar\/noticias\/la-alfalfa-se-sienta-en-la-mesa-de-la-soja-y-el-maiz\/\",\"url\":\"https:\/\/www.todoalfalfa.com.ar\/noticias\/la-alfalfa-se-sienta-en-la-mesa-de-la-soja-y-el-maiz\/\",\"name\":\"La Alfalfa se sienta en la mesa de la soja y el ma\u00edz %\",\"isPartOf\":{\"@id\":\"https:\/\/www.todoalfalfa.com.ar\/noticias\/#website\"},\"primaryImageOfPage\":{\"@id\":\"https:\/\/www.todoalfalfa.com.ar\/noticias\/la-alfalfa-se-sienta-en-la-mesa-de-la-soja-y-el-maiz\/#primaryimage\"},\"image\":{\"@id\":\"https:\/\/www.todoalfalfa.com.ar\/noticias\/la-alfalfa-se-sienta-en-la-mesa-de-la-soja-y-el-maiz\/#primaryimage\"},\"thumbnailUrl\":\"https:\/\/i0.wp.com\/www.todoalfalfa.com.ar\/noticias\/wp-content\/uploads\/2023\/11\/penup_20231115_084621-e1700673216953.jpg?fit=1620%2C1080&ssl=1\",\"datePublished\":\"2023-11-14T18:26:52+00:00\",\"dateModified\":\"2023-11-22T17:14:21+00:00\",\"breadcrumb\":{\"@id\":\"https:\/\/www.todoalfalfa.com.ar\/noticias\/la-alfalfa-se-sienta-en-la-mesa-de-la-soja-y-el-maiz\/#breadcrumb\"},\"inLanguage\":\"es\",\"potentialAction\":[{\"@type\":\"ReadAction\",\"target\":[\"https:\/\/www.todoalfalfa.com.ar\/noticias\/la-alfalfa-se-sienta-en-la-mesa-de-la-soja-y-el-maiz\/\"]}]},{\"@type\":\"ImageObject\",\"inLanguage\":\"es\",\"@id\":\"https:\/\/www.todoalfalfa.com.ar\/noticias\/la-alfalfa-se-sienta-en-la-mesa-de-la-soja-y-el-maiz\/#primaryimage\",\"url\":\"https:\/\/i0.wp.com\/www.todoalfalfa.com.ar\/noticias\/wp-content\/uploads\/2023\/11\/penup_20231115_084621-e1700673216953.jpg?fit=1620%2C1080&ssl=1\",\"contentUrl\":\"https:\/\/i0.wp.com\/www.todoalfalfa.com.ar\/noticias\/wp-content\/uploads\/2023\/11\/penup_20231115_084621-e1700673216953.jpg?fit=1620%2C1080&ssl=1\",\"width\":1620,\"height\":1080},{\"@type\":\"BreadcrumbList\",\"@id\":\"https:\/\/www.todoalfalfa.com.ar\/noticias\/la-alfalfa-se-sienta-en-la-mesa-de-la-soja-y-el-maiz\/#breadcrumb\",\"itemListElement\":[{\"@type\":\"ListItem\",\"position\":1,\"name\":\"Principal\",\"item\":\"https:\/\/www.todoalfalfa.com.ar\/noticias\/\"},{\"@type\":\"ListItem\",\"position\":2,\"name\":\"La Alfalfa se sienta en la mesa de la soja y el ma\u00edz\"}]},{\"@type\":\"WebSite\",\"@id\":\"https:\/\/www.todoalfalfa.com.ar\/noticias\/#website\",\"url\":\"https:\/\/www.todoalfalfa.com.ar\/noticias\/\",\"name\":\"Todo Alfalfa\",\"description\":\"Web informativa de la cadena de la alfalfa argentina\",\"publisher\":{\"@id\":\"https:\/\/www.todoalfalfa.com.ar\/noticias\/#organization\"},\"potentialAction\":[{\"@type\":\"SearchAction\",\"target\":{\"@type\":\"EntryPoint\",\"urlTemplate\":\"https:\/\/www.todoalfalfa.com.ar\/noticias\/?s={search_term_string}\"},\"query-input\":{\"@type\":\"PropertyValueSpecification\",\"valueRequired\":true,\"valueName\":\"search_term_string\"}}],\"inLanguage\":\"es\"},{\"@type\":\"Organization\",\"@id\":\"https:\/\/www.todoalfalfa.com.ar\/noticias\/#organization\",\"name\":\"Todo Alfalfa\",\"url\":\"https:\/\/www.todoalfalfa.com.ar\/noticias\/\",\"logo\":{\"@type\":\"ImageObject\",\"inLanguage\":\"es\",\"@id\":\"https:\/\/www.todoalfalfa.com.ar\/noticias\/#\/schema\/logo\/image\/\",\"url\":\"https:\/\/www.todoalfalfa.com.ar\/noticias\/wp-content\/uploads\/2020\/09\/logo-todo-alfalfa-modificado.png\",\"contentUrl\":\"https:\/\/www.todoalfalfa.com.ar\/noticias\/wp-content\/uploads\/2020\/09\/logo-todo-alfalfa-modificado.png\",\"width\":350,\"height\":100,\"caption\":\"Todo Alfalfa\"},\"image\":{\"@id\":\"https:\/\/www.todoalfalfa.com.ar\/noticias\/#\/schema\/logo\/image\/\"},\"sameAs\":[\"https:\/\/www.facebook.com\/todoalfalfa\",\"https:\/\/www.instagram.com\/todoalfalfa\",\"https:\/\/www.youtube.com\/@TodoAlfalfa\",\"https:\/\/www.linkedin.com\/company\/todoalfalfa\/\"]},{\"@type\":\"Person\",\"@id\":\"https:\/\/www.todoalfalfa.com.ar\/noticias\/#\/schema\/person\/99de93cb711c7015ef658e5321ba9f18\",\"name\":\"Todo Alfalfa\",\"image\":{\"@type\":\"ImageObject\",\"inLanguage\":\"es\",\"@id\":\"https:\/\/www.todoalfalfa.com.ar\/noticias\/#\/schema\/person\/image\/\",\"url\":\"https:\/\/secure.gravatar.com\/avatar\/50ffd12fb7b268bc2467160730786602db252a270c63104e7c19b5f67b8dd346?s=96&d=mm&r=g\",\"contentUrl\":\"https:\/\/secure.gravatar.com\/avatar\/50ffd12fb7b268bc2467160730786602db252a270c63104e7c19b5f67b8dd346?s=96&d=mm&r=g\",\"caption\":\"Todo Alfalfa\"},\"url\":\"https:\/\/www.todoalfalfa.com.ar\/noticias\/author\/osvaldoiachetta\/\"}]}<\/script>\n<!-- \/ Yoast SEO plugin. -->","yoast_head_json":{"title":"La Alfalfa se sienta en la mesa de la soja y el ma\u00edz %","robots":{"index":"index","follow":"follow","max-snippet":"max-snippet:-1","max-image-preview":"max-image-preview:large","max-video-preview":"max-video-preview:-1"},"canonical":"https:\/\/www.todoalfalfa.com.ar\/noticias\/la-alfalfa-se-sienta-en-la-mesa-de-la-soja-y-el-maiz\/","og_locale":"es_ES","og_type":"article","og_title":"La Alfalfa se sienta en la mesa de la soja y el ma\u00edz %","og_description":"Gast\u00f3n Urrets Zavalia, gerente del Cl\u00faster y especialista en Alfalfa estuvo a cargo, junto a la comisi\u00f3n directiva, de la coordinaci\u00f3n de PACA 2023. En di\u00e1logo con nuestro sitio valor\u00f3 el evento, destac\u00f3 la presencia de expositores, empresas y asistentes. Tambi\u00e9n habl\u00f3 sobre el potencial de la \u201creina de las forrajeras\u201d.","og_url":"https:\/\/www.todoalfalfa.com.ar\/noticias\/la-alfalfa-se-sienta-en-la-mesa-de-la-soja-y-el-maiz\/","og_site_name":"Todo Alfalfa","article_publisher":"https:\/\/www.facebook.com\/todoalfalfa","article_published_time":"2023-11-14T18:26:52+00:00","article_modified_time":"2023-11-22T17:14:21+00:00","og_image":[{"width":1620,"height":1080,"url":"https:\/\/www.todoalfalfa.com.ar\/noticias\/wp-content\/uploads\/2023\/11\/penup_20231115_084621-e1700673216953.jpg","type":"image\/jpeg"}],"author":"Todo Alfalfa","twitter_card":"summary_large_image","twitter_misc":{"Escrito por":"Todo Alfalfa","Tiempo de lectura":"5 minutos"},"schema":{"@context":"https:\/\/schema.org","@graph":[{"@type":"NewsArticle","@id":"https:\/\/www.todoalfalfa.com.ar\/noticias\/la-alfalfa-se-sienta-en-la-mesa-de-la-soja-y-el-maiz\/#article","isPartOf":{"@id":"https:\/\/www.todoalfalfa.com.ar\/noticias\/la-alfalfa-se-sienta-en-la-mesa-de-la-soja-y-el-maiz\/"},"author":{"name":"Todo Alfalfa","@id":"https:\/\/www.todoalfalfa.com.ar\/noticias\/#\/schema\/person\/99de93cb711c7015ef658e5321ba9f18"},"headline":"La Alfalfa se sienta en la mesa de la soja y el ma\u00edz","datePublished":"2023-11-14T18:26:52+00:00","dateModified":"2023-11-22T17:14:21+00:00","mainEntityOfPage":{"@id":"https:\/\/www.todoalfalfa.com.ar\/noticias\/la-alfalfa-se-sienta-en-la-mesa-de-la-soja-y-el-maiz\/"},"wordCount":1083,"publisher":{"@id":"https:\/\/www.todoalfalfa.com.ar\/noticias\/#organization"},"image":{"@id":"https:\/\/www.todoalfalfa.com.ar\/noticias\/la-alfalfa-se-sienta-en-la-mesa-de-la-soja-y-el-maiz\/#primaryimage"},"thumbnailUrl":"https:\/\/i0.wp.com\/www.todoalfalfa.com.ar\/noticias\/wp-content\/uploads\/2023\/11\/penup_20231115_084621-e1700673216953.jpg?fit=1620%2C1080&ssl=1","keywords":["alfalfa","Cl\u00faster Alfalfa C\u00f3rdoba","exportaci\u00f3n","Gast\u00f3n Urrets Zaval\u00eda","heno","inta","PACA 2023"],"articleSection":["Generales"],"inLanguage":"es"},{"@type":["WebPage","ItemPage"],"@id":"https:\/\/www.todoalfalfa.com.ar\/noticias\/la-alfalfa-se-sienta-en-la-mesa-de-la-soja-y-el-maiz\/","url":"https:\/\/www.todoalfalfa.com.ar\/noticias\/la-alfalfa-se-sienta-en-la-mesa-de-la-soja-y-el-maiz\/","name":"La Alfalfa se sienta en la mesa de la soja y el ma\u00edz %","isPartOf":{"@id":"https:\/\/www.todoalfalfa.com.ar\/noticias\/#website"},"primaryImageOfPage":{"@id":"https:\/\/www.todoalfalfa.com.ar\/noticias\/la-alfalfa-se-sienta-en-la-mesa-de-la-soja-y-el-maiz\/#primaryimage"},"image":{"@id":"https:\/\/www.todoalfalfa.com.ar\/noticias\/la-alfalfa-se-sienta-en-la-mesa-de-la-soja-y-el-maiz\/#primaryimage"},"thumbnailUrl":"https:\/\/i0.wp.com\/www.todoalfalfa.com.ar\/noticias\/wp-content\/uploads\/2023\/11\/penup_20231115_084621-e1700673216953.jpg?fit=1620%2C1080&ssl=1","datePublished":"2023-11-14T18:26:52+00:00","dateModified":"2023-11-22T17:14:21+00:00","breadcrumb":{"@id":"https:\/\/www.todoalfalfa.com.ar\/noticias\/la-alfalfa-se-sienta-en-la-mesa-de-la-soja-y-el-maiz\/#breadcrumb"},"inLanguage":"es","potentialAction":[{"@type":"ReadAction","target":["https:\/\/www.todoalfalfa.com.ar\/noticias\/la-alfalfa-se-sienta-en-la-mesa-de-la-soja-y-el-maiz\/"]}]},{"@type":"ImageObject","inLanguage":"es","@id":"https:\/\/www.todoalfalfa.com.ar\/noticias\/la-alfalfa-se-sienta-en-la-mesa-de-la-soja-y-el-maiz\/#primaryimage","url":"https:\/\/i0.wp.com\/www.todoalfalfa.com.ar\/noticias\/wp-content\/uploads\/2023\/11\/penup_20231115_084621-e1700673216953.jpg?fit=1620%2C1080&ssl=1","contentUrl":"https:\/\/i0.wp.com\/www.todoalfalfa.com.ar\/noticias\/wp-content\/uploads\/2023\/11\/penup_20231115_084621-e1700673216953.jpg?fit=1620%2C1080&ssl=1","width":1620,"height":1080},{"@type":"BreadcrumbList","@id":"https:\/\/www.todoalfalfa.com.ar\/noticias\/la-alfalfa-se-sienta-en-la-mesa-de-la-soja-y-el-maiz\/#breadcrumb","itemListElement":[{"@type":"ListItem","position":1,"name":"Principal","item":"https:\/\/www.todoalfalfa.com.ar\/noticias\/"},{"@type":"ListItem","position":2,"name":"La Alfalfa se sienta en la mesa de la soja y el ma\u00edz"}]},{"@type":"WebSite","@id":"https:\/\/www.todoalfalfa.com.ar\/noticias\/#website","url":"https:\/\/www.todoalfalfa.com.ar\/noticias\/","name":"Todo Alfalfa","description":"Web informativa de la cadena de la alfalfa argentina","publisher":{"@id":"https:\/\/www.todoalfalfa.com.ar\/noticias\/#organization"},"potentialAction":[{"@type":"SearchAction","target":{"@type":"EntryPoint","urlTemplate":"https:\/\/www.todoalfalfa.com.ar\/noticias\/?s={search_term_string}"},"query-input":{"@type":"PropertyValueSpecification","valueRequired":true,"valueName":"search_term_string"}}],"inLanguage":"es"},{"@type":"Organization","@id":"https:\/\/www.todoalfalfa.com.ar\/noticias\/#organization","name":"Todo Alfalfa","url":"https:\/\/www.todoalfalfa.com.ar\/noticias\/","logo":{"@type":"ImageObject","inLanguage":"es","@id":"https:\/\/www.todoalfalfa.com.ar\/noticias\/#\/schema\/logo\/image\/","url":"https:\/\/www.todoalfalfa.com.ar\/noticias\/wp-content\/uploads\/2020\/09\/logo-todo-alfalfa-modificado.png","contentUrl":"https:\/\/www.todoalfalfa.com.ar\/noticias\/wp-content\/uploads\/2020\/09\/logo-todo-alfalfa-modificado.png","width":350,"height":100,"caption":"Todo Alfalfa"},"image":{"@id":"https:\/\/www.todoalfalfa.com.ar\/noticias\/#\/schema\/logo\/image\/"},"sameAs":["https:\/\/www.facebook.com\/todoalfalfa","https:\/\/www.instagram.com\/todoalfalfa","https:\/\/www.youtube.com\/@TodoAlfalfa","https:\/\/www.linkedin.com\/company\/todoalfalfa\/"]},{"@type":"Person","@id":"https:\/\/www.todoalfalfa.com.ar\/noticias\/#\/schema\/person\/99de93cb711c7015ef658e5321ba9f18","name":"Todo Alfalfa","image":{"@type":"ImageObject","inLanguage":"es","@id":"https:\/\/www.todoalfalfa.com.ar\/noticias\/#\/schema\/person\/image\/","url":"https:\/\/secure.gravatar.com\/avatar\/50ffd12fb7b268bc2467160730786602db252a270c63104e7c19b5f67b8dd346?s=96&d=mm&r=g","contentUrl":"https:\/\/secure.gravatar.com\/avatar\/50ffd12fb7b268bc2467160730786602db252a270c63104e7c19b5f67b8dd346?s=96&d=mm&r=g","caption":"Todo Alfalfa"},"url":"https:\/\/www.todoalfalfa.com.ar\/noticias\/author\/osvaldoiachetta\/"}]}},"jetpack_featured_media_url":"https:\/\/i0.wp.com\/www.todoalfalfa.com.ar\/noticias\/wp-content\/uploads\/2023\/11\/penup_20231115_084621-e1700673216953.jpg?fit=1620%2C1080&ssl=1","wps_subtitle":"","jetpack_sharing_enabled":true,"_links":{"self":[{"href":"https:\/\/www.todoalfalfa.com.ar\/noticias\/wp-json\/wp\/v2\/posts\/46161","targetHints":{"allow":["GET"]}}],"collection":[{"href":"https:\/\/www.todoalfalfa.com.ar\/noticias\/wp-json\/wp\/v2\/posts"}],"about":[{"href":"https:\/\/www.todoalfalfa.com.ar\/noticias\/wp-json\/wp\/v2\/types\/post"}],"author":[{"embeddable":true,"href":"https:\/\/www.todoalfalfa.com.ar\/noticias\/wp-json\/wp\/v2\/users\/9"}],"replies":[{"embeddable":true,"href":"https:\/\/www.todoalfalfa.com.ar\/noticias\/wp-json\/wp\/v2\/comments?post=46161"}],"version-history":[{"count":6,"href":"https:\/\/www.todoalfalfa.com.ar\/noticias\/wp-json\/wp\/v2\/posts\/46161\/revisions"}],"predecessor-version":[{"id":46270,"href":"https:\/\/www.todoalfalfa.com.ar\/noticias\/wp-json\/wp\/v2\/posts\/46161\/revisions\/46270"}],"wp:featuredmedia":[{"embeddable":true,"href":"https:\/\/www.todoalfalfa.com.ar\/noticias\/wp-json\/wp\/v2\/media\/46268"}],"wp:attachment":[{"href":"https:\/\/www.todoalfalfa.com.ar\/noticias\/wp-json\/wp\/v2\/media?parent=46161"}],"wp:term":[{"taxonomy":"category","embeddable":true,"href":"https:\/\/www.todoalfalfa.com.ar\/noticias\/wp-json\/wp\/v2\/categories?post=46161"},{"taxonomy":"post_tag","embeddable":true,"href":"https:\/\/www.todoalfalfa.com.ar\/noticias\/wp-json\/wp\/v2\/tags?post=46161"}],"curies":[{"name":"wp","href":"https:\/\/api.w.org\/{rel}","templated":true}]}}