{"id":46176,"date":"2023-11-14T19:48:58","date_gmt":"2023-11-14T22:48:58","guid":{"rendered":"https:\/\/www.todoalfalfa.com.ar\/noticias\/?p=46176"},"modified":"2023-11-16T16:44:54","modified_gmt":"2023-11-16T19:44:54","slug":"el-potencial-de-la-alfalfa-en-argentina-no-tiene-techo","status":"publish","type":"post","link":"https:\/\/www.todoalfalfa.com.ar\/noticias\/el-potencial-de-la-alfalfa-en-argentina-no-tiene-techo\/","title":{"rendered":"El potencial de la Alfalfa: En Argentina no tiene techo"},"content":{"rendered":"\n<p><\/p>\n\n\n\n<p>Cuando un referente de la empresa APISA cruza el mar para visitar Argentina, siempre las expectativas son buenas. Entienden desde la empresa espa\u00f1ola que el potencial en nuestro pa\u00eds es amplio y hay mucho por crecer.<\/p>\n\n\n\n<p>\u201cEn Argentina, el potencial de Alfalfa es bestial\u201d, destac\u00f3 a este cronista el espa\u00f1ol Juan Jos\u00e9 Ayerbe, gerente de la empresa, quien fue uno de los disertantes en la Plenaria Anual del Cl\u00faster de Alfalfa que se desarroll\u00f3 en Sinsacate.<\/p>\n\n\n\n<p>El viernes 10 de noviembre, en horas del mediod\u00eda, subi\u00f3 al escenario para explicar \u201cel caso Espa\u00f1a\u201d. Ayerbe sostuvo que desde \u2018El Viejo Continente\u2019 \u201cvemos que se trabaja en la expansi\u00f3n econ\u00f3mica, la exportaci\u00f3n, la importaci\u00f3n\u201d, pero los productores -entiende- encuentran un \u2018freno\u2019 ya que, \u201csobre todo en la exportaci\u00f3n de alfalfa, se ven limitados por las pocas facilidades que se tiene para la inversi\u00f3n\u201d.<\/p>\n\n\n\n<div class=\"wp-block-jetpack-slideshow aligncenter\" data-effect=\"slide\"><div class=\"wp-block-jetpack-slideshow_container swiper-container\"><ul class=\"wp-block-jetpack-slideshow_swiper-wrapper swiper-wrapper\"><li class=\"wp-block-jetpack-slideshow_slide swiper-slide\"><figure><img data-recalc-dims=\"1\" fetchpriority=\"high\" decoding=\"async\" width=\"1024\" height=\"768\" alt=\"\" class=\"wp-block-jetpack-slideshow_image wp-image-46184\" data-id=\"46184\" src=\"https:\/\/i0.wp.com\/www.todoalfalfa.com.ar\/noticias\/wp-content\/uploads\/2023\/11\/Apisa-espanol-6.jpeg?resize=1024%2C768&#038;ssl=1\" srcset=\"https:\/\/i0.wp.com\/www.todoalfalfa.com.ar\/noticias\/wp-content\/uploads\/2023\/11\/Apisa-espanol-6.jpeg?resize=1024%2C768&amp;ssl=1 1024w, https:\/\/i0.wp.com\/www.todoalfalfa.com.ar\/noticias\/wp-content\/uploads\/2023\/11\/Apisa-espanol-6.jpeg?resize=300%2C225&amp;ssl=1 300w, https:\/\/i0.wp.com\/www.todoalfalfa.com.ar\/noticias\/wp-content\/uploads\/2023\/11\/Apisa-espanol-6.jpeg?resize=768%2C576&amp;ssl=1 768w, https:\/\/i0.wp.com\/www.todoalfalfa.com.ar\/noticias\/wp-content\/uploads\/2023\/11\/Apisa-espanol-6.jpeg?resize=1536%2C1152&amp;ssl=1 1536w, https:\/\/i0.wp.com\/www.todoalfalfa.com.ar\/noticias\/wp-content\/uploads\/2023\/11\/Apisa-espanol-6.jpeg?w=1600&amp;ssl=1 1600w\" sizes=\"(max-width: 1000px) 100vw, 1000px\" \/><\/figure><\/li><li class=\"wp-block-jetpack-slideshow_slide swiper-slide\"><figure><img data-recalc-dims=\"1\" decoding=\"async\" width=\"1024\" height=\"768\" alt=\"\" class=\"wp-block-jetpack-slideshow_image wp-image-46183\" data-id=\"46183\" src=\"https:\/\/i0.wp.com\/www.todoalfalfa.com.ar\/noticias\/wp-content\/uploads\/2023\/11\/Apisa-Espanol-5.jpeg?resize=1024%2C768&#038;ssl=1\" srcset=\"https:\/\/i0.wp.com\/www.todoalfalfa.com.ar\/noticias\/wp-content\/uploads\/2023\/11\/Apisa-Espanol-5.jpeg?resize=1024%2C768&amp;ssl=1 1024w, https:\/\/i0.wp.com\/www.todoalfalfa.com.ar\/noticias\/wp-content\/uploads\/2023\/11\/Apisa-Espanol-5.jpeg?resize=300%2C225&amp;ssl=1 300w, https:\/\/i0.wp.com\/www.todoalfalfa.com.ar\/noticias\/wp-content\/uploads\/2023\/11\/Apisa-Espanol-5.jpeg?resize=768%2C576&amp;ssl=1 768w, https:\/\/i0.wp.com\/www.todoalfalfa.com.ar\/noticias\/wp-content\/uploads\/2023\/11\/Apisa-Espanol-5.jpeg?resize=1536%2C1152&amp;ssl=1 1536w, https:\/\/i0.wp.com\/www.todoalfalfa.com.ar\/noticias\/wp-content\/uploads\/2023\/11\/Apisa-Espanol-5.jpeg?w=1600&amp;ssl=1 1600w\" sizes=\"(max-width: 1000px) 100vw, 1000px\" \/><\/figure><\/li><li class=\"wp-block-jetpack-slideshow_slide swiper-slide\"><figure><img data-recalc-dims=\"1\" decoding=\"async\" width=\"1024\" height=\"768\" alt=\"\" class=\"wp-block-jetpack-slideshow_image wp-image-46179\" data-id=\"46179\" src=\"https:\/\/i0.wp.com\/www.todoalfalfa.com.ar\/noticias\/wp-content\/uploads\/2023\/11\/Apisa-Epsanol-6.jpeg?resize=1024%2C768&#038;ssl=1\" srcset=\"https:\/\/i0.wp.com\/www.todoalfalfa.com.ar\/noticias\/wp-content\/uploads\/2023\/11\/Apisa-Epsanol-6.jpeg?resize=1024%2C768&amp;ssl=1 1024w, https:\/\/i0.wp.com\/www.todoalfalfa.com.ar\/noticias\/wp-content\/uploads\/2023\/11\/Apisa-Epsanol-6.jpeg?resize=300%2C225&amp;ssl=1 300w, https:\/\/i0.wp.com\/www.todoalfalfa.com.ar\/noticias\/wp-content\/uploads\/2023\/11\/Apisa-Epsanol-6.jpeg?resize=768%2C576&amp;ssl=1 768w, https:\/\/i0.wp.com\/www.todoalfalfa.com.ar\/noticias\/wp-content\/uploads\/2023\/11\/Apisa-Epsanol-6.jpeg?resize=1536%2C1152&amp;ssl=1 1536w, https:\/\/i0.wp.com\/www.todoalfalfa.com.ar\/noticias\/wp-content\/uploads\/2023\/11\/Apisa-Epsanol-6.jpeg?w=1600&amp;ssl=1 1600w\" sizes=\"(max-width: 1000px) 100vw, 1000px\" \/><\/figure><\/li><li class=\"wp-block-jetpack-slideshow_slide swiper-slide\"><figure><img data-recalc-dims=\"1\" loading=\"lazy\" decoding=\"async\" width=\"768\" height=\"1024\" alt=\"\" class=\"wp-block-jetpack-slideshow_image wp-image-46180\" data-id=\"46180\" src=\"https:\/\/i0.wp.com\/www.todoalfalfa.com.ar\/noticias\/wp-content\/uploads\/2023\/11\/Apisa-espanol-1.jpeg?resize=768%2C1024&#038;ssl=1\" srcset=\"https:\/\/i0.wp.com\/www.todoalfalfa.com.ar\/noticias\/wp-content\/uploads\/2023\/11\/Apisa-espanol-1.jpeg?resize=768%2C1024&amp;ssl=1 768w, https:\/\/i0.wp.com\/www.todoalfalfa.com.ar\/noticias\/wp-content\/uploads\/2023\/11\/Apisa-espanol-1.jpeg?resize=225%2C300&amp;ssl=1 225w, https:\/\/i0.wp.com\/www.todoalfalfa.com.ar\/noticias\/wp-content\/uploads\/2023\/11\/Apisa-espanol-1.jpeg?resize=1152%2C1536&amp;ssl=1 1152w, https:\/\/i0.wp.com\/www.todoalfalfa.com.ar\/noticias\/wp-content\/uploads\/2023\/11\/Apisa-espanol-1.jpeg?w=1200&amp;ssl=1 1200w\" sizes=\"(max-width: 768px) 100vw, 768px\" \/><\/figure><\/li><li class=\"wp-block-jetpack-slideshow_slide swiper-slide\"><figure><img data-recalc-dims=\"1\" loading=\"lazy\" decoding=\"async\" width=\"1024\" height=\"768\" alt=\"\" class=\"wp-block-jetpack-slideshow_image wp-image-46182\" data-id=\"46182\" src=\"https:\/\/i0.wp.com\/www.todoalfalfa.com.ar\/noticias\/wp-content\/uploads\/2023\/11\/Apisa-espanol-3.jpeg?resize=1024%2C768&#038;ssl=1\" srcset=\"https:\/\/i0.wp.com\/www.todoalfalfa.com.ar\/noticias\/wp-content\/uploads\/2023\/11\/Apisa-espanol-3.jpeg?resize=1024%2C768&amp;ssl=1 1024w, https:\/\/i0.wp.com\/www.todoalfalfa.com.ar\/noticias\/wp-content\/uploads\/2023\/11\/Apisa-espanol-3.jpeg?resize=300%2C225&amp;ssl=1 300w, https:\/\/i0.wp.com\/www.todoalfalfa.com.ar\/noticias\/wp-content\/uploads\/2023\/11\/Apisa-espanol-3.jpeg?resize=768%2C576&amp;ssl=1 768w, https:\/\/i0.wp.com\/www.todoalfalfa.com.ar\/noticias\/wp-content\/uploads\/2023\/11\/Apisa-espanol-3.jpeg?resize=1536%2C1152&amp;ssl=1 1536w, https:\/\/i0.wp.com\/www.todoalfalfa.com.ar\/noticias\/wp-content\/uploads\/2023\/11\/Apisa-espanol-3.jpeg?w=1600&amp;ssl=1 1600w\" sizes=\"(max-width: 1000px) 100vw, 1000px\" \/><\/figure><\/li><li class=\"wp-block-jetpack-slideshow_slide swiper-slide\"><figure><img data-recalc-dims=\"1\" loading=\"lazy\" decoding=\"async\" width=\"1024\" height=\"768\" alt=\"\" class=\"wp-block-jetpack-slideshow_image wp-image-46185\" data-id=\"46185\" src=\"https:\/\/i0.wp.com\/www.todoalfalfa.com.ar\/noticias\/wp-content\/uploads\/2023\/11\/Apisa.jpg?resize=1024%2C768&#038;ssl=1\" srcset=\"https:\/\/i0.wp.com\/www.todoalfalfa.com.ar\/noticias\/wp-content\/uploads\/2023\/11\/Apisa-scaled.jpg?resize=1024%2C768&amp;ssl=1 1024w, https:\/\/i0.wp.com\/www.todoalfalfa.com.ar\/noticias\/wp-content\/uploads\/2023\/11\/Apisa-scaled.jpg?resize=300%2C225&amp;ssl=1 300w, https:\/\/i0.wp.com\/www.todoalfalfa.com.ar\/noticias\/wp-content\/uploads\/2023\/11\/Apisa-scaled.jpg?resize=768%2C576&amp;ssl=1 768w, https:\/\/i0.wp.com\/www.todoalfalfa.com.ar\/noticias\/wp-content\/uploads\/2023\/11\/Apisa-scaled.jpg?resize=1536%2C1152&amp;ssl=1 1536w, https:\/\/i0.wp.com\/www.todoalfalfa.com.ar\/noticias\/wp-content\/uploads\/2023\/11\/Apisa-scaled.jpg?resize=2048%2C1536&amp;ssl=1 2048w\" sizes=\"(max-width: 1000px) 100vw, 1000px\" \/><\/figure><\/li><\/ul><a class=\"wp-block-jetpack-slideshow_button-prev swiper-button-prev swiper-button-white\" role=\"button\"><\/a><a class=\"wp-block-jetpack-slideshow_button-next swiper-button-next swiper-button-white\" role=\"button\"><\/a><a aria-label=\"Pause Slideshow\" class=\"wp-block-jetpack-slideshow_button-pause\" role=\"button\"><\/a><div class=\"wp-block-jetpack-slideshow_pagination swiper-pagination swiper-pagination-white\"><\/div><\/div><\/div>\n\n\n\n<p class=\"has-medium-font-size\">No se concibe un campo sin riego<\/p>\n\n\n\n<p>El empresario espa\u00f1ol explic\u00f3 que \u201cdesde hace a\u00f1os en Espa\u00f1a no se concibe un campo sin infraestructura de riego, afortunadamente tenemos todas las cuencas fluviales con regulaciones y con ello tenemos infraestructuras que hacen que esta agua pueda llegar a cada campo, que cuenta con un contador y un ordenador, que le permite a la gente regar\u201d.<\/p>\n\n\n\n<blockquote class=\"wp-block-quote is-layout-flow wp-block-quote-is-layout-flow\">\n<p><strong><mark style=\"background-color:rgba(0, 0, 0, 0)\" class=\"has-inline-color has-vivid-purple-color\"><a href=\"https:\/\/www.todoalfalfa.com.ar\/noticias\/riego-por-goteo-solar-mas-eficiencia-mas-produccion\/\" target=\"_blank\" rel=\"noreferrer noopener\">Riego por goteo solar: m\u00e1s eficiencia, m\u00e1s producci\u00f3n<\/a><\/mark><\/strong><\/p>\n<\/blockquote>\n\n\n\n<p class=\"has-medium-font-size\">Producir calidad<\/p>\n\n\n\n<p>En otro tramo de la conversaci\u00f3n, el gerente de APISA, dijo que \u201cel mercado nos va a sorprender exigiendo que la alfalfa que se exporte en fardos tenga una calidad excelente, suprema\u201d.<\/p>\n\n\n\n<p>Entiende Ayerbe que \u201ctodo lo que baje de calidad en el fardo tendr\u00e1 que ser pellet o ir\u00e1 a mezclas con otros productos, con lo cual el precio va a ser baj\u00edsimo\u201d, y remarc\u00f3: \u201ccreo que la gran sorpresa va a ser una diferenciaci\u00f3n de calidades con unos precios bastante escalonados\u201d.<\/p>\n\n\n\n<p class=\"has-medium-font-size\">Argentina, a nivel mundial<\/p>\n\n\n\n<p>En cuanto a trabajo de campo, recolecci\u00f3n y maquinaria, Ayerbe entiende que la producci\u00f3n Argentina \u201cest\u00e1 a la altura\u201d ya que los campos de aqu\u00ed requieren \u00faltima tecnolog\u00eda por sus extensiones y la maquinaria que se est\u00e1 empleando es la que se emplea en el resto del mundo.<\/p>\n\n\n\n<p>Adem\u00e1s, explic\u00f3 que los productores y empresarios est\u00e1n empezando a apostar al deshidratado o al menos, entienden la necesidad de hacerlo.<\/p>\n\n\n\n<p>Tal es as\u00ed que su empresa le vendi\u00f3 a un productor de Jes\u00fas Mar\u00eda \u201cuna m\u00e1quina para hacer fardos de alta densidad con alfalfa todav\u00eda secada en el campo. Si la cosa va yendo bien, creemos que en un par de a\u00f1os estaremos haciendo ya la deshidratadora para asegurar que el producto que se hace es acorde a lo que requiere el mercado internacional\u201d, explic\u00f3.<\/p>\n\n\n\n<blockquote class=\"wp-block-quote is-layout-flow wp-block-quote-is-layout-flow\">\n<p><a href=\"https:\/\/www.todoalfalfa.com.ar\/noticias\/alfalfa-podran-adquirir-riegos-y-pagarlo-con-produccion\/\" target=\"_blank\" rel=\"noreferrer noopener\">Alfalfa: Podr\u00e1n adquirir riegos y pagarlos con producci\u00f3n<\/a><\/p>\n<\/blockquote>\n\n\n\n<p>Es que \u201cel mundo pide calidad, pide fibra, pero los mercados internos tambi\u00e9n deber\u00edan exigir eso para que la vara se levante y que no haya terceras opciones. En Espa\u00f1a el consumo interno no es tan grande como la exportaci\u00f3n, pero el consumo interno requiere unos m\u00ednimos de calidad. De hecho, la alfalfa que queda en Espa\u00f1a tiene la misma calidad que sale fuera\u201d, remarc\u00f3.<\/p>\n\n\n\n<p>Por \u00faltimo, al ser consultado sobre la situaci\u00f3n que se vive en el mercado local con la sequ\u00eda que elev\u00f3 el precio del producto interno, Ayerbe fue claro: \u201cEn Espa\u00f1a decimos que hay veces que hay que saber perder para ganar. Cuando toca hay que saber perder para mantener el mercado y seguir ganando durante el resto de los a\u00f1os\u201d.<\/p>\n\n\n\n<p>Con China como principal comprador y Emiratos \u00c1rabes siendo un mercado destacado, \u00bfcu\u00e1l es el mercado a descubrir, a explotar para los exportadores? En este momento veo que el m\u00e1s creciente es Arabia Saudita, pero se puede despertar un crecimiento de mercados en otros pa\u00edses de Oriente Medio conforme se vaya desarrollando.<\/p>\n\n\n\n<p>Periodista: \u00bfel gran problema que tienen es que no tienen agua?<\/p>\n\n\n\n<p>Ayerbe: Por eso, y la gran ventaja que tienen los argentinos es que tienen mucha agua, que ya me llevar\u00eda yo para Espa\u00f1a.<\/p>\n<div class=\"todoalfalfa-final-de-la-nota\" id=\"todoalfalfa-1663692129\"><a href=\"https:\/\/www.whatsapp.com\/channel\/0029VbCBmFB9WtBxJsD3eC2i\" target=\"_blank\" aria-label=\"5\"><img src=\"https:\/\/i0.wp.com\/www.todoalfalfa.com.ar\/noticias\/wp-content\/uploads\/2026\/04\/5.gif?fit=728%2C90&#038;ssl=1\" alt=\"\"  width=\"728\" height=\"90\"   \/><\/a><\/div>","protected":false},"excerpt":{"rendered":"<p>El espa\u00f1ol Juan Jos\u00e9 Ayerbe, gerente de APISA, estuvo presente en la PACA 2023 y dialog\u00f3 en exclusiva con TodoAlfalfa. Asegur\u00f3 que con \u201cfacilidades para invertir\u201d el sector va a seguir expandi\u00e9ndose.<\/p>\n","protected":false},"author":9,"featured_media":46177,"comment_status":"closed","ping_status":"open","sticky":false,"template":"","format":"standard","meta":{"jetpack_post_was_ever_published":false,"_jetpack_newsletter_access":"","_jetpack_dont_email_post_to_subs":false,"_jetpack_newsletter_tier_id":0,"_jetpack_memberships_contains_paywalled_content":false,"_jetpack_memberships_contains_paid_content":false,"footnotes":""},"categories":[4],"tags":[31,236,54,21],"class_list":["post-46176","post","type-post","status-publish","format-standard","has-post-thumbnail","hentry","category-tecnologia","tag-alfalfa","tag-exportacion","tag-forrajes","tag-produccion"],"yoast_head":"<!-- This site is optimized with the Yoast SEO plugin v25.5 - https:\/\/yoast.com\/wordpress\/plugins\/seo\/ -->\n<title>El potencial de la Alfalfa: En Argentina no tiene techo<\/title>\n<meta name=\"robots\" content=\"index, follow, max-snippet:-1, max-image-preview:large, max-video-preview:-1\" \/>\n<link rel=\"canonical\" href=\"https:\/\/www.todoalfalfa.com.ar\/noticias\/el-potencial-de-la-alfalfa-en-argentina-no-tiene-techo\/\" \/>\n<meta property=\"og:locale\" content=\"es_ES\" \/>\n<meta property=\"og:type\" content=\"article\" \/>\n<meta property=\"og:title\" content=\"El potencial de la Alfalfa: En Argentina no tiene techo\" \/>\n<meta property=\"og:description\" content=\"El espa\u00f1ol Juan Jos\u00e9 Ayerbe, gerente de APISA, estuvo presente en la PACA 2023 y dialog\u00f3 en exclusiva con TodoAlfalfa. Asegur\u00f3 que con \u201cfacilidades para invertir\u201d el sector va a seguir expandi\u00e9ndose.\" \/>\n<meta property=\"og:url\" content=\"https:\/\/www.todoalfalfa.com.ar\/noticias\/el-potencial-de-la-alfalfa-en-argentina-no-tiene-techo\/\" \/>\n<meta property=\"og:site_name\" content=\"Todo Alfalfa\" \/>\n<meta property=\"article:publisher\" content=\"https:\/\/www.facebook.com\/todoalfalfa\" \/>\n<meta property=\"article:published_time\" content=\"2023-11-14T22:48:58+00:00\" \/>\n<meta property=\"article:modified_time\" content=\"2023-11-16T19:44:54+00:00\" \/>\n<meta property=\"og:image\" content=\"https:\/\/www.todoalfalfa.com.ar\/noticias\/wp-content\/uploads\/2023\/11\/IMG-20231114-WA0113.jpg\" \/>\n\t<meta property=\"og:image:width\" content=\"1600\" \/>\n\t<meta property=\"og:image:height\" content=\"720\" \/>\n\t<meta property=\"og:image:type\" content=\"image\/jpeg\" \/>\n<meta name=\"author\" content=\"Todo Alfalfa\" \/>\n<meta name=\"twitter:card\" content=\"summary_large_image\" \/>\n<meta name=\"twitter:label1\" content=\"Escrito por\" \/>\n\t<meta name=\"twitter:data1\" content=\"Todo Alfalfa\" \/>\n\t<meta name=\"twitter:label2\" content=\"Tiempo de lectura\" \/>\n\t<meta name=\"twitter:data2\" content=\"5 minutos\" \/>\n<script type=\"application\/ld+json\" class=\"yoast-schema-graph\">{\"@context\":\"https:\/\/schema.org\",\"@graph\":[{\"@type\":\"NewsArticle\",\"@id\":\"https:\/\/www.todoalfalfa.com.ar\/noticias\/el-potencial-de-la-alfalfa-en-argentina-no-tiene-techo\/#article\",\"isPartOf\":{\"@id\":\"https:\/\/www.todoalfalfa.com.ar\/noticias\/el-potencial-de-la-alfalfa-en-argentina-no-tiene-techo\/\"},\"author\":{\"name\":\"Todo Alfalfa\",\"@id\":\"https:\/\/www.todoalfalfa.com.ar\/noticias\/#\/schema\/person\/99de93cb711c7015ef658e5321ba9f18\"},\"headline\":\"El potencial de la Alfalfa: En Argentina no tiene techo\",\"datePublished\":\"2023-11-14T22:48:58+00:00\",\"dateModified\":\"2023-11-16T19:44:54+00:00\",\"mainEntityOfPage\":{\"@id\":\"https:\/\/www.todoalfalfa.com.ar\/noticias\/el-potencial-de-la-alfalfa-en-argentina-no-tiene-techo\/\"},\"wordCount\":712,\"publisher\":{\"@id\":\"https:\/\/www.todoalfalfa.com.ar\/noticias\/#organization\"},\"image\":{\"@id\":\"https:\/\/www.todoalfalfa.com.ar\/noticias\/el-potencial-de-la-alfalfa-en-argentina-no-tiene-techo\/#primaryimage\"},\"thumbnailUrl\":\"https:\/\/i0.wp.com\/www.todoalfalfa.com.ar\/noticias\/wp-content\/uploads\/2023\/11\/IMG-20231114-WA0113.jpg?fit=1600%2C720&ssl=1\",\"keywords\":[\"alfalfa\",\"exportaci\u00f3n\",\"forrajes\",\"producci\u00f3n\"],\"articleSection\":[\"Tecnolog\u00eda\"],\"inLanguage\":\"es\"},{\"@type\":[\"WebPage\",\"ItemPage\"],\"@id\":\"https:\/\/www.todoalfalfa.com.ar\/noticias\/el-potencial-de-la-alfalfa-en-argentina-no-tiene-techo\/\",\"url\":\"https:\/\/www.todoalfalfa.com.ar\/noticias\/el-potencial-de-la-alfalfa-en-argentina-no-tiene-techo\/\",\"name\":\"El potencial de la Alfalfa: En Argentina no tiene techo\",\"isPartOf\":{\"@id\":\"https:\/\/www.todoalfalfa.com.ar\/noticias\/#website\"},\"primaryImageOfPage\":{\"@id\":\"https:\/\/www.todoalfalfa.com.ar\/noticias\/el-potencial-de-la-alfalfa-en-argentina-no-tiene-techo\/#primaryimage\"},\"image\":{\"@id\":\"https:\/\/www.todoalfalfa.com.ar\/noticias\/el-potencial-de-la-alfalfa-en-argentina-no-tiene-techo\/#primaryimage\"},\"thumbnailUrl\":\"https:\/\/i0.wp.com\/www.todoalfalfa.com.ar\/noticias\/wp-content\/uploads\/2023\/11\/IMG-20231114-WA0113.jpg?fit=1600%2C720&ssl=1\",\"datePublished\":\"2023-11-14T22:48:58+00:00\",\"dateModified\":\"2023-11-16T19:44:54+00:00\",\"breadcrumb\":{\"@id\":\"https:\/\/www.todoalfalfa.com.ar\/noticias\/el-potencial-de-la-alfalfa-en-argentina-no-tiene-techo\/#breadcrumb\"},\"inLanguage\":\"es\",\"potentialAction\":[{\"@type\":\"ReadAction\",\"target\":[\"https:\/\/www.todoalfalfa.com.ar\/noticias\/el-potencial-de-la-alfalfa-en-argentina-no-tiene-techo\/\"]}]},{\"@type\":\"ImageObject\",\"inLanguage\":\"es\",\"@id\":\"https:\/\/www.todoalfalfa.com.ar\/noticias\/el-potencial-de-la-alfalfa-en-argentina-no-tiene-techo\/#primaryimage\",\"url\":\"https:\/\/i0.wp.com\/www.todoalfalfa.com.ar\/noticias\/wp-content\/uploads\/2023\/11\/IMG-20231114-WA0113.jpg?fit=1600%2C720&ssl=1\",\"contentUrl\":\"https:\/\/i0.wp.com\/www.todoalfalfa.com.ar\/noticias\/wp-content\/uploads\/2023\/11\/IMG-20231114-WA0113.jpg?fit=1600%2C720&ssl=1\",\"width\":1600,\"height\":720},{\"@type\":\"BreadcrumbList\",\"@id\":\"https:\/\/www.todoalfalfa.com.ar\/noticias\/el-potencial-de-la-alfalfa-en-argentina-no-tiene-techo\/#breadcrumb\",\"itemListElement\":[{\"@type\":\"ListItem\",\"position\":1,\"name\":\"Principal\",\"item\":\"https:\/\/www.todoalfalfa.com.ar\/noticias\/\"},{\"@type\":\"ListItem\",\"position\":2,\"name\":\"El potencial de la Alfalfa: En Argentina no tiene techo\"}]},{\"@type\":\"WebSite\",\"@id\":\"https:\/\/www.todoalfalfa.com.ar\/noticias\/#website\",\"url\":\"https:\/\/www.todoalfalfa.com.ar\/noticias\/\",\"name\":\"Todo Alfalfa\",\"description\":\"Web informativa de la cadena de la alfalfa argentina\",\"publisher\":{\"@id\":\"https:\/\/www.todoalfalfa.com.ar\/noticias\/#organization\"},\"potentialAction\":[{\"@type\":\"SearchAction\",\"target\":{\"@type\":\"EntryPoint\",\"urlTemplate\":\"https:\/\/www.todoalfalfa.com.ar\/noticias\/?s={search_term_string}\"},\"query-input\":{\"@type\":\"PropertyValueSpecification\",\"valueRequired\":true,\"valueName\":\"search_term_string\"}}],\"inLanguage\":\"es\"},{\"@type\":\"Organization\",\"@id\":\"https:\/\/www.todoalfalfa.com.ar\/noticias\/#organization\",\"name\":\"Todo Alfalfa\",\"url\":\"https:\/\/www.todoalfalfa.com.ar\/noticias\/\",\"logo\":{\"@type\":\"ImageObject\",\"inLanguage\":\"es\",\"@id\":\"https:\/\/www.todoalfalfa.com.ar\/noticias\/#\/schema\/logo\/image\/\",\"url\":\"https:\/\/www.todoalfalfa.com.ar\/noticias\/wp-content\/uploads\/2020\/09\/logo-todo-alfalfa-modificado.png\",\"contentUrl\":\"https:\/\/www.todoalfalfa.com.ar\/noticias\/wp-content\/uploads\/2020\/09\/logo-todo-alfalfa-modificado.png\",\"width\":350,\"height\":100,\"caption\":\"Todo Alfalfa\"},\"image\":{\"@id\":\"https:\/\/www.todoalfalfa.com.ar\/noticias\/#\/schema\/logo\/image\/\"},\"sameAs\":[\"https:\/\/www.facebook.com\/todoalfalfa\",\"https:\/\/www.instagram.com\/todoalfalfa\",\"https:\/\/www.youtube.com\/@TodoAlfalfa\",\"https:\/\/www.linkedin.com\/company\/todoalfalfa\/\"]},{\"@type\":\"Person\",\"@id\":\"https:\/\/www.todoalfalfa.com.ar\/noticias\/#\/schema\/person\/99de93cb711c7015ef658e5321ba9f18\",\"name\":\"Todo Alfalfa\",\"image\":{\"@type\":\"ImageObject\",\"inLanguage\":\"es\",\"@id\":\"https:\/\/www.todoalfalfa.com.ar\/noticias\/#\/schema\/person\/image\/\",\"url\":\"https:\/\/secure.gravatar.com\/avatar\/50ffd12fb7b268bc2467160730786602db252a270c63104e7c19b5f67b8dd346?s=96&d=mm&r=g\",\"contentUrl\":\"https:\/\/secure.gravatar.com\/avatar\/50ffd12fb7b268bc2467160730786602db252a270c63104e7c19b5f67b8dd346?s=96&d=mm&r=g\",\"caption\":\"Todo Alfalfa\"},\"url\":\"https:\/\/www.todoalfalfa.com.ar\/noticias\/author\/osvaldoiachetta\/\"}]}<\/script>\n<!-- \/ Yoast SEO plugin. -->","yoast_head_json":{"title":"El potencial de la Alfalfa: En Argentina no tiene techo","robots":{"index":"index","follow":"follow","max-snippet":"max-snippet:-1","max-image-preview":"max-image-preview:large","max-video-preview":"max-video-preview:-1"},"canonical":"https:\/\/www.todoalfalfa.com.ar\/noticias\/el-potencial-de-la-alfalfa-en-argentina-no-tiene-techo\/","og_locale":"es_ES","og_type":"article","og_title":"El potencial de la Alfalfa: En Argentina no tiene techo","og_description":"El espa\u00f1ol Juan Jos\u00e9 Ayerbe, gerente de APISA, estuvo presente en la PACA 2023 y dialog\u00f3 en exclusiva con TodoAlfalfa. Asegur\u00f3 que con \u201cfacilidades para invertir\u201d el sector va a seguir expandi\u00e9ndose.","og_url":"https:\/\/www.todoalfalfa.com.ar\/noticias\/el-potencial-de-la-alfalfa-en-argentina-no-tiene-techo\/","og_site_name":"Todo Alfalfa","article_publisher":"https:\/\/www.facebook.com\/todoalfalfa","article_published_time":"2023-11-14T22:48:58+00:00","article_modified_time":"2023-11-16T19:44:54+00:00","og_image":[{"width":1600,"height":720,"url":"https:\/\/www.todoalfalfa.com.ar\/noticias\/wp-content\/uploads\/2023\/11\/IMG-20231114-WA0113.jpg","type":"image\/jpeg"}],"author":"Todo Alfalfa","twitter_card":"summary_large_image","twitter_misc":{"Escrito por":"Todo Alfalfa","Tiempo de lectura":"5 minutos"},"schema":{"@context":"https:\/\/schema.org","@graph":[{"@type":"NewsArticle","@id":"https:\/\/www.todoalfalfa.com.ar\/noticias\/el-potencial-de-la-alfalfa-en-argentina-no-tiene-techo\/#article","isPartOf":{"@id":"https:\/\/www.todoalfalfa.com.ar\/noticias\/el-potencial-de-la-alfalfa-en-argentina-no-tiene-techo\/"},"author":{"name":"Todo Alfalfa","@id":"https:\/\/www.todoalfalfa.com.ar\/noticias\/#\/schema\/person\/99de93cb711c7015ef658e5321ba9f18"},"headline":"El potencial de la Alfalfa: En Argentina no tiene techo","datePublished":"2023-11-14T22:48:58+00:00","dateModified":"2023-11-16T19:44:54+00:00","mainEntityOfPage":{"@id":"https:\/\/www.todoalfalfa.com.ar\/noticias\/el-potencial-de-la-alfalfa-en-argentina-no-tiene-techo\/"},"wordCount":712,"publisher":{"@id":"https:\/\/www.todoalfalfa.com.ar\/noticias\/#organization"},"image":{"@id":"https:\/\/www.todoalfalfa.com.ar\/noticias\/el-potencial-de-la-alfalfa-en-argentina-no-tiene-techo\/#primaryimage"},"thumbnailUrl":"https:\/\/i0.wp.com\/www.todoalfalfa.com.ar\/noticias\/wp-content\/uploads\/2023\/11\/IMG-20231114-WA0113.jpg?fit=1600%2C720&ssl=1","keywords":["alfalfa","exportaci\u00f3n","forrajes","producci\u00f3n"],"articleSection":["Tecnolog\u00eda"],"inLanguage":"es"},{"@type":["WebPage","ItemPage"],"@id":"https:\/\/www.todoalfalfa.com.ar\/noticias\/el-potencial-de-la-alfalfa-en-argentina-no-tiene-techo\/","url":"https:\/\/www.todoalfalfa.com.ar\/noticias\/el-potencial-de-la-alfalfa-en-argentina-no-tiene-techo\/","name":"El potencial de la Alfalfa: En Argentina no tiene techo","isPartOf":{"@id":"https:\/\/www.todoalfalfa.com.ar\/noticias\/#website"},"primaryImageOfPage":{"@id":"https:\/\/www.todoalfalfa.com.ar\/noticias\/el-potencial-de-la-alfalfa-en-argentina-no-tiene-techo\/#primaryimage"},"image":{"@id":"https:\/\/www.todoalfalfa.com.ar\/noticias\/el-potencial-de-la-alfalfa-en-argentina-no-tiene-techo\/#primaryimage"},"thumbnailUrl":"https:\/\/i0.wp.com\/www.todoalfalfa.com.ar\/noticias\/wp-content\/uploads\/2023\/11\/IMG-20231114-WA0113.jpg?fit=1600%2C720&ssl=1","datePublished":"2023-11-14T22:48:58+00:00","dateModified":"2023-11-16T19:44:54+00:00","breadcrumb":{"@id":"https:\/\/www.todoalfalfa.com.ar\/noticias\/el-potencial-de-la-alfalfa-en-argentina-no-tiene-techo\/#breadcrumb"},"inLanguage":"es","potentialAction":[{"@type":"ReadAction","target":["https:\/\/www.todoalfalfa.com.ar\/noticias\/el-potencial-de-la-alfalfa-en-argentina-no-tiene-techo\/"]}]},{"@type":"ImageObject","inLanguage":"es","@id":"https:\/\/www.todoalfalfa.com.ar\/noticias\/el-potencial-de-la-alfalfa-en-argentina-no-tiene-techo\/#primaryimage","url":"https:\/\/i0.wp.com\/www.todoalfalfa.com.ar\/noticias\/wp-content\/uploads\/2023\/11\/IMG-20231114-WA0113.jpg?fit=1600%2C720&ssl=1","contentUrl":"https:\/\/i0.wp.com\/www.todoalfalfa.com.ar\/noticias\/wp-content\/uploads\/2023\/11\/IMG-20231114-WA0113.jpg?fit=1600%2C720&ssl=1","width":1600,"height":720},{"@type":"BreadcrumbList","@id":"https:\/\/www.todoalfalfa.com.ar\/noticias\/el-potencial-de-la-alfalfa-en-argentina-no-tiene-techo\/#breadcrumb","itemListElement":[{"@type":"ListItem","position":1,"name":"Principal","item":"https:\/\/www.todoalfalfa.com.ar\/noticias\/"},{"@type":"ListItem","position":2,"name":"El potencial de la Alfalfa: En Argentina no tiene techo"}]},{"@type":"WebSite","@id":"https:\/\/www.todoalfalfa.com.ar\/noticias\/#website","url":"https:\/\/www.todoalfalfa.com.ar\/noticias\/","name":"Todo Alfalfa","description":"Web informativa de la cadena de la alfalfa argentina","publisher":{"@id":"https:\/\/www.todoalfalfa.com.ar\/noticias\/#organization"},"potentialAction":[{"@type":"SearchAction","target":{"@type":"EntryPoint","urlTemplate":"https:\/\/www.todoalfalfa.com.ar\/noticias\/?s={search_term_string}"},"query-input":{"@type":"PropertyValueSpecification","valueRequired":true,"valueName":"search_term_string"}}],"inLanguage":"es"},{"@type":"Organization","@id":"https:\/\/www.todoalfalfa.com.ar\/noticias\/#organization","name":"Todo Alfalfa","url":"https:\/\/www.todoalfalfa.com.ar\/noticias\/","logo":{"@type":"ImageObject","inLanguage":"es","@id":"https:\/\/www.todoalfalfa.com.ar\/noticias\/#\/schema\/logo\/image\/","url":"https:\/\/www.todoalfalfa.com.ar\/noticias\/wp-content\/uploads\/2020\/09\/logo-todo-alfalfa-modificado.png","contentUrl":"https:\/\/www.todoalfalfa.com.ar\/noticias\/wp-content\/uploads\/2020\/09\/logo-todo-alfalfa-modificado.png","width":350,"height":100,"caption":"Todo Alfalfa"},"image":{"@id":"https:\/\/www.todoalfalfa.com.ar\/noticias\/#\/schema\/logo\/image\/"},"sameAs":["https:\/\/www.facebook.com\/todoalfalfa","https:\/\/www.instagram.com\/todoalfalfa","https:\/\/www.youtube.com\/@TodoAlfalfa","https:\/\/www.linkedin.com\/company\/todoalfalfa\/"]},{"@type":"Person","@id":"https:\/\/www.todoalfalfa.com.ar\/noticias\/#\/schema\/person\/99de93cb711c7015ef658e5321ba9f18","name":"Todo Alfalfa","image":{"@type":"ImageObject","inLanguage":"es","@id":"https:\/\/www.todoalfalfa.com.ar\/noticias\/#\/schema\/person\/image\/","url":"https:\/\/secure.gravatar.com\/avatar\/50ffd12fb7b268bc2467160730786602db252a270c63104e7c19b5f67b8dd346?s=96&d=mm&r=g","contentUrl":"https:\/\/secure.gravatar.com\/avatar\/50ffd12fb7b268bc2467160730786602db252a270c63104e7c19b5f67b8dd346?s=96&d=mm&r=g","caption":"Todo Alfalfa"},"url":"https:\/\/www.todoalfalfa.com.ar\/noticias\/author\/osvaldoiachetta\/"}]}},"jetpack_featured_media_url":"https:\/\/i0.wp.com\/www.todoalfalfa.com.ar\/noticias\/wp-content\/uploads\/2023\/11\/IMG-20231114-WA0113.jpg?fit=1600%2C720&ssl=1","wps_subtitle":"","jetpack_sharing_enabled":true,"_links":{"self":[{"href":"https:\/\/www.todoalfalfa.com.ar\/noticias\/wp-json\/wp\/v2\/posts\/46176","targetHints":{"allow":["GET"]}}],"collection":[{"href":"https:\/\/www.todoalfalfa.com.ar\/noticias\/wp-json\/wp\/v2\/posts"}],"about":[{"href":"https:\/\/www.todoalfalfa.com.ar\/noticias\/wp-json\/wp\/v2\/types\/post"}],"author":[{"embeddable":true,"href":"https:\/\/www.todoalfalfa.com.ar\/noticias\/wp-json\/wp\/v2\/users\/9"}],"replies":[{"embeddable":true,"href":"https:\/\/www.todoalfalfa.com.ar\/noticias\/wp-json\/wp\/v2\/comments?post=46176"}],"version-history":[{"count":4,"href":"https:\/\/www.todoalfalfa.com.ar\/noticias\/wp-json\/wp\/v2\/posts\/46176\/revisions"}],"predecessor-version":[{"id":46223,"href":"https:\/\/www.todoalfalfa.com.ar\/noticias\/wp-json\/wp\/v2\/posts\/46176\/revisions\/46223"}],"wp:featuredmedia":[{"embeddable":true,"href":"https:\/\/www.todoalfalfa.com.ar\/noticias\/wp-json\/wp\/v2\/media\/46177"}],"wp:attachment":[{"href":"https:\/\/www.todoalfalfa.com.ar\/noticias\/wp-json\/wp\/v2\/media?parent=46176"}],"wp:term":[{"taxonomy":"category","embeddable":true,"href":"https:\/\/www.todoalfalfa.com.ar\/noticias\/wp-json\/wp\/v2\/categories?post=46176"},{"taxonomy":"post_tag","embeddable":true,"href":"https:\/\/www.todoalfalfa.com.ar\/noticias\/wp-json\/wp\/v2\/tags?post=46176"}],"curies":[{"name":"wp","href":"https:\/\/api.w.org\/{rel}","templated":true}]}}