{"id":46248,"date":"2023-11-21T16:50:34","date_gmt":"2023-11-21T19:50:34","guid":{"rendered":"https:\/\/www.todoalfalfa.com.ar\/noticias\/?p=46248"},"modified":"2023-11-21T17:55:20","modified_gmt":"2023-11-21T20:55:20","slug":"recomendaciones-para-planificar-la-siembra-de-alfalfa","status":"publish","type":"post","link":"https:\/\/www.todoalfalfa.com.ar\/noticias\/recomendaciones-para-planificar-la-siembra-de-alfalfa\/","title":{"rendered":"Recomendaciones para planificar la siembra de Alfalfa"},"content":{"rendered":"\n<p>Para poder ser eficiente, es necesario poder contar con herramientas que nos permitan planificar como sembrar para minimizar los riesgos al m\u00e1ximo posible.<\/p>\n\n\n\n<p>Desde Aapresid organizaron una entrevista con dos ingenieros agr\u00f3nomos del INTA Manfredi expertos en producci\u00f3n de alfalfa.<\/p>\n\n\n\n<p>Hay que tener en cuenta que el cultivo de Alfalfa presenta cinco puntos clave y que deben ser considerados:<\/p>\n\n\n\n<ul class=\"wp-block-list\">\n<li>Pre Siembra<\/li>\n\n\n\n<li>Siembra<\/li>\n\n\n\n<li>Periodo de implantaci\u00f3n<\/li>\n\n\n\n<li>Primer corte<\/li>\n\n\n\n<li>Manejo de rebrotes<\/li>\n<\/ul>\n\n\n\n<p>Silvia Olivo, explic\u00f3 que lo que refiere al momento de la presiembra y la siembra propiamente dicha, ser\u00e1 clave porque \u201cvamos a estar definiendo la cantidad de plantas con la cual vamos a arrancar el cultivo de alfalfa\u201d.<\/p>\n\n\n\n<p>Continuando con su charla, la experta sostuvo que \u201cdesde la implantaci\u00f3n hasta lo que es el manejo de los sucesivos rebrotes, nos vamos a estar asegurando la persistencia del cultivo. Es decir, si nosotros logramos generar un adecuado n\u00famero de plantas al inicio, en la siembra, esa cantidad de plantas nosotros la tenemos que tratar de mantener la mayor cantidad de a\u00f1os posibles, \u00bfpara qu\u00e9? para lograr un cultivo m\u00e1s persistente\u201d.<\/p>\n\n\n\n<p>Hay que aclarar que, con el paso de los a\u00f1os, el cultivo de alfalfa por diversos factores tiende a perder plantas. \u201cUna planta que no est\u00e1 es un espacio vac\u00edo\u201d y ser\u00e1 invadido por especies que no son deseadas y que muchas veces conllevan no solamente a un detrimento de la producci\u00f3n de ese cultivo, sino tambi\u00e9n a la calidad ofrecida.<\/p>\n\n\n\n<p>La importancia de la planificaci\u00f3n<\/p>\n\n\n\n<p>\u201cNos va a permitir definir una fecha de siembra adecuada y lograr esa siembra con las condiciones de humedad, radiaci\u00f3n y recursos ambientales que nos ofrece cada regi\u00f3n para que se desarrolle de una manera adecuada este cultivo\u201d, remarc\u00f3.<\/p>\n\n\n\n<p>Ese marco, es clave conocer qu\u00e9 cultivo antecesor habr\u00e1 en el lote. De esa forma se podr\u00e1 conocer la fecha en que se libera el lote, la humedad que se va a liberar, volumen de rastrojo y la distribuci\u00f3n, pero tambi\u00e9n el contenido o la presencia de malezas que podamos llegar a tener.<\/p>\n\n\n\n<p>Pero explica Olivo que hay, muchas veces diferencias entre la teor\u00eda y la pr\u00e1ctica, por lo que deber\u00e1n \u201cmeterse y analizar cu\u00e1l es la cadena de rotaci\u00f3n que tiene armada cada productor\u201d.<\/p>\n\n\n\n<p>El cultivo de alfalfa paso de ser un cultivo de rotaci\u00f3n agr\u00edcola ganadera a ser un cultivo de empresas que se dedican a la agricultura y tienen a la Alfalfa como parte de esa cadena de rotaci\u00f3n.<\/p>\n\n\n\n<p>En sintonia con Olivo, Fernando Scaramuzza, ingeniero agr\u00f3nomo y especialista en agricultura de Precisi\u00f3n, remarc\u00f3 la necesidad de preparar bien el lote para llegar en las \u00f3ptimas condiciones al momento de la siembra, algo que \u201cpuede garantizar de que tengamos un coeficiente de logro alto\u201d.<\/p>\n\n\n\n<p>La eficiencia depender\u00e1 de varios factores. Y uno de los puntos sobre los que hizo menci\u00f3n es \u201cla necesidad de tener suelos en que los rastrojos est\u00e9n distribuidos uniformemente, con un lote lo m\u00e1s parejo posible y un tema importante a tener en cuenta ser\u00e1 la humedad\u201d.<\/p>\n\n\n\n<p>Olivo, retom\u00f3 la conversaci\u00f3n y explic\u00f3 que es clave recordar que \u201cuna vez sembrada, la alfalfa podr\u00e1 recibir aplicaciones cuando tienen la segunda o tercera hoja trifoliada\u201d.<\/p>\n\n\n\n<p>\u201cEn l\u00edneas generales el cultivo de alfalfa es un cultivo que requiere suelos profundos, bien drenados, con PH cercanos a la neutralidad, buen aporte de f\u00f3sforo, nitr\u00f3geno y azufre\u201d, apunt\u00f3.<\/p>\n\n\n\n<p>Mira la entrevista completa: <\/p>\n\n\n\n<figure class=\"wp-block-embed is-type-video is-provider-youtube wp-block-embed-youtube wp-embed-aspect-16-9 wp-has-aspect-ratio\"><div class=\"wp-block-embed__wrapper\">\n<iframe title=\"Agenda Aapresid: \u00bfC\u00f3mo planificar tu pr\u00f3xima alfalfa? 15\/11\" width=\"500\" height=\"281\" src=\"https:\/\/www.youtube.com\/embed\/cISC1-Pot4E?feature=oembed\" frameborder=\"0\" allow=\"accelerometer; autoplay; clipboard-write; encrypted-media; gyroscope; picture-in-picture; web-share\" referrerpolicy=\"strict-origin-when-cross-origin\" allowfullscreen><\/iframe>\n<\/div><\/figure>\n<div class=\"todoalfalfa-final-de-la-nota\" id=\"todoalfalfa-1199347461\"><a href=\"https:\/\/www.whatsapp.com\/channel\/0029VbCBmFB9WtBxJsD3eC2i\" target=\"_blank\" aria-label=\"5\"><img src=\"https:\/\/i0.wp.com\/www.todoalfalfa.com.ar\/noticias\/wp-content\/uploads\/2026\/04\/5.gif?fit=728%2C90&#038;ssl=1\" alt=\"\"  width=\"728\" height=\"90\"   \/><\/a><\/div>","protected":false},"excerpt":{"rendered":"<p>Silvia Olivo y Fernando Scaramuzza, ingenieros del Inta Manfredi brindaron los principales puntos a tener en cuenta para poder desarrollar un cultivo sostenible y eficaz.<\/p>\n","protected":false},"author":9,"featured_media":46250,"comment_status":"closed","ping_status":"open","sticky":false,"template":"","format":"standard","meta":{"jetpack_post_was_ever_published":false,"_jetpack_newsletter_access":"","_jetpack_dont_email_post_to_subs":false,"_jetpack_newsletter_tier_id":0,"_jetpack_memberships_contains_paywalled_content":false,"_jetpack_memberships_contains_paid_content":false,"footnotes":""},"categories":[2],"tags":[325,31,1566,54,600,21,91,1084],"class_list":["post-46248","post","type-post","status-publish","format-standard","has-post-thumbnail","hentry","category-generales","tag-aapresid","tag-alfalfa","tag-fernando-scaramuzza","tag-forrajes","tag-inta-manfredi","tag-produccion","tag-siembra","tag-silvia-olivo"],"yoast_head":"<!-- This site is optimized with the Yoast SEO plugin v25.5 - https:\/\/yoast.com\/wordpress\/plugins\/seo\/ -->\n<title>Recomendaciones para planificar la siembra de Alfalfa<\/title>\n<meta name=\"robots\" content=\"index, follow, max-snippet:-1, max-image-preview:large, max-video-preview:-1\" \/>\n<link rel=\"canonical\" href=\"https:\/\/www.todoalfalfa.com.ar\/noticias\/recomendaciones-para-planificar-la-siembra-de-alfalfa\/\" \/>\n<meta property=\"og:locale\" content=\"es_ES\" \/>\n<meta property=\"og:type\" content=\"article\" \/>\n<meta property=\"og:title\" content=\"Recomendaciones para planificar la siembra de Alfalfa\" \/>\n<meta property=\"og:description\" content=\"Silvia Olivo y Fernando Scaramuzza, ingenieros del Inta Manfredi brindaron los principales puntos a tener en cuenta para poder desarrollar un cultivo sostenible y eficaz.\" \/>\n<meta property=\"og:url\" content=\"https:\/\/www.todoalfalfa.com.ar\/noticias\/recomendaciones-para-planificar-la-siembra-de-alfalfa\/\" \/>\n<meta property=\"og:site_name\" content=\"Todo Alfalfa\" \/>\n<meta property=\"article:publisher\" content=\"https:\/\/www.facebook.com\/todoalfalfa\" \/>\n<meta property=\"article:published_time\" content=\"2023-11-21T19:50:34+00:00\" \/>\n<meta property=\"article:modified_time\" content=\"2023-11-21T20:55:20+00:00\" \/>\n<meta property=\"og:image\" content=\"https:\/\/www.todoalfalfa.com.ar\/noticias\/wp-content\/uploads\/2023\/11\/Siembra-Planificacion-.png\" \/>\n\t<meta property=\"og:image:width\" content=\"746\" \/>\n\t<meta property=\"og:image:height\" content=\"904\" \/>\n\t<meta property=\"og:image:type\" content=\"image\/png\" \/>\n<meta name=\"author\" content=\"Todo Alfalfa\" \/>\n<meta name=\"twitter:card\" content=\"summary_large_image\" \/>\n<meta name=\"twitter:label1\" content=\"Escrito por\" \/>\n\t<meta name=\"twitter:data1\" content=\"Todo Alfalfa\" \/>\n\t<meta name=\"twitter:label2\" content=\"Tiempo de lectura\" \/>\n\t<meta name=\"twitter:data2\" content=\"3 minutos\" \/>\n<script type=\"application\/ld+json\" class=\"yoast-schema-graph\">{\"@context\":\"https:\/\/schema.org\",\"@graph\":[{\"@type\":\"NewsArticle\",\"@id\":\"https:\/\/www.todoalfalfa.com.ar\/noticias\/recomendaciones-para-planificar-la-siembra-de-alfalfa\/#article\",\"isPartOf\":{\"@id\":\"https:\/\/www.todoalfalfa.com.ar\/noticias\/recomendaciones-para-planificar-la-siembra-de-alfalfa\/\"},\"author\":{\"name\":\"Todo Alfalfa\",\"@id\":\"https:\/\/www.todoalfalfa.com.ar\/noticias\/#\/schema\/person\/99de93cb711c7015ef658e5321ba9f18\"},\"headline\":\"Recomendaciones para planificar la siembra de Alfalfa\",\"datePublished\":\"2023-11-21T19:50:34+00:00\",\"dateModified\":\"2023-11-21T20:55:20+00:00\",\"mainEntityOfPage\":{\"@id\":\"https:\/\/www.todoalfalfa.com.ar\/noticias\/recomendaciones-para-planificar-la-siembra-de-alfalfa\/\"},\"wordCount\":630,\"publisher\":{\"@id\":\"https:\/\/www.todoalfalfa.com.ar\/noticias\/#organization\"},\"image\":{\"@id\":\"https:\/\/www.todoalfalfa.com.ar\/noticias\/recomendaciones-para-planificar-la-siembra-de-alfalfa\/#primaryimage\"},\"thumbnailUrl\":\"https:\/\/i0.wp.com\/www.todoalfalfa.com.ar\/noticias\/wp-content\/uploads\/2023\/11\/Siembra-Planificacion-.png?fit=746%2C904&ssl=1\",\"keywords\":[\"aapresid\",\"alfalfa\",\"Fernando Scaramuzza\",\"forrajes\",\"INTA Manfredi\",\"producci\u00f3n\",\"siembra\",\"Silvia Olivo\"],\"articleSection\":[\"Generales\"],\"inLanguage\":\"es\"},{\"@type\":[\"WebPage\",\"ItemPage\"],\"@id\":\"https:\/\/www.todoalfalfa.com.ar\/noticias\/recomendaciones-para-planificar-la-siembra-de-alfalfa\/\",\"url\":\"https:\/\/www.todoalfalfa.com.ar\/noticias\/recomendaciones-para-planificar-la-siembra-de-alfalfa\/\",\"name\":\"Recomendaciones para planificar la siembra de Alfalfa\",\"isPartOf\":{\"@id\":\"https:\/\/www.todoalfalfa.com.ar\/noticias\/#website\"},\"primaryImageOfPage\":{\"@id\":\"https:\/\/www.todoalfalfa.com.ar\/noticias\/recomendaciones-para-planificar-la-siembra-de-alfalfa\/#primaryimage\"},\"image\":{\"@id\":\"https:\/\/www.todoalfalfa.com.ar\/noticias\/recomendaciones-para-planificar-la-siembra-de-alfalfa\/#primaryimage\"},\"thumbnailUrl\":\"https:\/\/i0.wp.com\/www.todoalfalfa.com.ar\/noticias\/wp-content\/uploads\/2023\/11\/Siembra-Planificacion-.png?fit=746%2C904&ssl=1\",\"datePublished\":\"2023-11-21T19:50:34+00:00\",\"dateModified\":\"2023-11-21T20:55:20+00:00\",\"breadcrumb\":{\"@id\":\"https:\/\/www.todoalfalfa.com.ar\/noticias\/recomendaciones-para-planificar-la-siembra-de-alfalfa\/#breadcrumb\"},\"inLanguage\":\"es\",\"potentialAction\":[{\"@type\":\"ReadAction\",\"target\":[\"https:\/\/www.todoalfalfa.com.ar\/noticias\/recomendaciones-para-planificar-la-siembra-de-alfalfa\/\"]}]},{\"@type\":\"ImageObject\",\"inLanguage\":\"es\",\"@id\":\"https:\/\/www.todoalfalfa.com.ar\/noticias\/recomendaciones-para-planificar-la-siembra-de-alfalfa\/#primaryimage\",\"url\":\"https:\/\/i0.wp.com\/www.todoalfalfa.com.ar\/noticias\/wp-content\/uploads\/2023\/11\/Siembra-Planificacion-.png?fit=746%2C904&ssl=1\",\"contentUrl\":\"https:\/\/i0.wp.com\/www.todoalfalfa.com.ar\/noticias\/wp-content\/uploads\/2023\/11\/Siembra-Planificacion-.png?fit=746%2C904&ssl=1\",\"width\":746,\"height\":904},{\"@type\":\"BreadcrumbList\",\"@id\":\"https:\/\/www.todoalfalfa.com.ar\/noticias\/recomendaciones-para-planificar-la-siembra-de-alfalfa\/#breadcrumb\",\"itemListElement\":[{\"@type\":\"ListItem\",\"position\":1,\"name\":\"Principal\",\"item\":\"https:\/\/www.todoalfalfa.com.ar\/noticias\/\"},{\"@type\":\"ListItem\",\"position\":2,\"name\":\"Recomendaciones para planificar la siembra de Alfalfa\"}]},{\"@type\":\"WebSite\",\"@id\":\"https:\/\/www.todoalfalfa.com.ar\/noticias\/#website\",\"url\":\"https:\/\/www.todoalfalfa.com.ar\/noticias\/\",\"name\":\"Todo Alfalfa\",\"description\":\"Web informativa de la cadena de la alfalfa argentina\",\"publisher\":{\"@id\":\"https:\/\/www.todoalfalfa.com.ar\/noticias\/#organization\"},\"potentialAction\":[{\"@type\":\"SearchAction\",\"target\":{\"@type\":\"EntryPoint\",\"urlTemplate\":\"https:\/\/www.todoalfalfa.com.ar\/noticias\/?s={search_term_string}\"},\"query-input\":{\"@type\":\"PropertyValueSpecification\",\"valueRequired\":true,\"valueName\":\"search_term_string\"}}],\"inLanguage\":\"es\"},{\"@type\":\"Organization\",\"@id\":\"https:\/\/www.todoalfalfa.com.ar\/noticias\/#organization\",\"name\":\"Todo Alfalfa\",\"url\":\"https:\/\/www.todoalfalfa.com.ar\/noticias\/\",\"logo\":{\"@type\":\"ImageObject\",\"inLanguage\":\"es\",\"@id\":\"https:\/\/www.todoalfalfa.com.ar\/noticias\/#\/schema\/logo\/image\/\",\"url\":\"https:\/\/www.todoalfalfa.com.ar\/noticias\/wp-content\/uploads\/2020\/09\/logo-todo-alfalfa-modificado.png\",\"contentUrl\":\"https:\/\/www.todoalfalfa.com.ar\/noticias\/wp-content\/uploads\/2020\/09\/logo-todo-alfalfa-modificado.png\",\"width\":350,\"height\":100,\"caption\":\"Todo Alfalfa\"},\"image\":{\"@id\":\"https:\/\/www.todoalfalfa.com.ar\/noticias\/#\/schema\/logo\/image\/\"},\"sameAs\":[\"https:\/\/www.facebook.com\/todoalfalfa\",\"https:\/\/www.instagram.com\/todoalfalfa\",\"https:\/\/www.youtube.com\/@TodoAlfalfa\",\"https:\/\/www.linkedin.com\/company\/todoalfalfa\/\"]},{\"@type\":\"Person\",\"@id\":\"https:\/\/www.todoalfalfa.com.ar\/noticias\/#\/schema\/person\/99de93cb711c7015ef658e5321ba9f18\",\"name\":\"Todo Alfalfa\",\"image\":{\"@type\":\"ImageObject\",\"inLanguage\":\"es\",\"@id\":\"https:\/\/www.todoalfalfa.com.ar\/noticias\/#\/schema\/person\/image\/\",\"url\":\"https:\/\/secure.gravatar.com\/avatar\/50ffd12fb7b268bc2467160730786602db252a270c63104e7c19b5f67b8dd346?s=96&d=mm&r=g\",\"contentUrl\":\"https:\/\/secure.gravatar.com\/avatar\/50ffd12fb7b268bc2467160730786602db252a270c63104e7c19b5f67b8dd346?s=96&d=mm&r=g\",\"caption\":\"Todo Alfalfa\"},\"url\":\"https:\/\/www.todoalfalfa.com.ar\/noticias\/author\/osvaldoiachetta\/\"}]}<\/script>\n<!-- \/ Yoast SEO plugin. -->","yoast_head_json":{"title":"Recomendaciones para planificar la siembra de Alfalfa","robots":{"index":"index","follow":"follow","max-snippet":"max-snippet:-1","max-image-preview":"max-image-preview:large","max-video-preview":"max-video-preview:-1"},"canonical":"https:\/\/www.todoalfalfa.com.ar\/noticias\/recomendaciones-para-planificar-la-siembra-de-alfalfa\/","og_locale":"es_ES","og_type":"article","og_title":"Recomendaciones para planificar la siembra de Alfalfa","og_description":"Silvia Olivo y Fernando Scaramuzza, ingenieros del Inta Manfredi brindaron los principales puntos a tener en cuenta para poder desarrollar un cultivo sostenible y eficaz.","og_url":"https:\/\/www.todoalfalfa.com.ar\/noticias\/recomendaciones-para-planificar-la-siembra-de-alfalfa\/","og_site_name":"Todo Alfalfa","article_publisher":"https:\/\/www.facebook.com\/todoalfalfa","article_published_time":"2023-11-21T19:50:34+00:00","article_modified_time":"2023-11-21T20:55:20+00:00","og_image":[{"width":746,"height":904,"url":"https:\/\/www.todoalfalfa.com.ar\/noticias\/wp-content\/uploads\/2023\/11\/Siembra-Planificacion-.png","type":"image\/png"}],"author":"Todo Alfalfa","twitter_card":"summary_large_image","twitter_misc":{"Escrito por":"Todo Alfalfa","Tiempo de lectura":"3 minutos"},"schema":{"@context":"https:\/\/schema.org","@graph":[{"@type":"NewsArticle","@id":"https:\/\/www.todoalfalfa.com.ar\/noticias\/recomendaciones-para-planificar-la-siembra-de-alfalfa\/#article","isPartOf":{"@id":"https:\/\/www.todoalfalfa.com.ar\/noticias\/recomendaciones-para-planificar-la-siembra-de-alfalfa\/"},"author":{"name":"Todo Alfalfa","@id":"https:\/\/www.todoalfalfa.com.ar\/noticias\/#\/schema\/person\/99de93cb711c7015ef658e5321ba9f18"},"headline":"Recomendaciones para planificar la siembra de Alfalfa","datePublished":"2023-11-21T19:50:34+00:00","dateModified":"2023-11-21T20:55:20+00:00","mainEntityOfPage":{"@id":"https:\/\/www.todoalfalfa.com.ar\/noticias\/recomendaciones-para-planificar-la-siembra-de-alfalfa\/"},"wordCount":630,"publisher":{"@id":"https:\/\/www.todoalfalfa.com.ar\/noticias\/#organization"},"image":{"@id":"https:\/\/www.todoalfalfa.com.ar\/noticias\/recomendaciones-para-planificar-la-siembra-de-alfalfa\/#primaryimage"},"thumbnailUrl":"https:\/\/i0.wp.com\/www.todoalfalfa.com.ar\/noticias\/wp-content\/uploads\/2023\/11\/Siembra-Planificacion-.png?fit=746%2C904&ssl=1","keywords":["aapresid","alfalfa","Fernando Scaramuzza","forrajes","INTA Manfredi","producci\u00f3n","siembra","Silvia Olivo"],"articleSection":["Generales"],"inLanguage":"es"},{"@type":["WebPage","ItemPage"],"@id":"https:\/\/www.todoalfalfa.com.ar\/noticias\/recomendaciones-para-planificar-la-siembra-de-alfalfa\/","url":"https:\/\/www.todoalfalfa.com.ar\/noticias\/recomendaciones-para-planificar-la-siembra-de-alfalfa\/","name":"Recomendaciones para planificar la siembra de Alfalfa","isPartOf":{"@id":"https:\/\/www.todoalfalfa.com.ar\/noticias\/#website"},"primaryImageOfPage":{"@id":"https:\/\/www.todoalfalfa.com.ar\/noticias\/recomendaciones-para-planificar-la-siembra-de-alfalfa\/#primaryimage"},"image":{"@id":"https:\/\/www.todoalfalfa.com.ar\/noticias\/recomendaciones-para-planificar-la-siembra-de-alfalfa\/#primaryimage"},"thumbnailUrl":"https:\/\/i0.wp.com\/www.todoalfalfa.com.ar\/noticias\/wp-content\/uploads\/2023\/11\/Siembra-Planificacion-.png?fit=746%2C904&ssl=1","datePublished":"2023-11-21T19:50:34+00:00","dateModified":"2023-11-21T20:55:20+00:00","breadcrumb":{"@id":"https:\/\/www.todoalfalfa.com.ar\/noticias\/recomendaciones-para-planificar-la-siembra-de-alfalfa\/#breadcrumb"},"inLanguage":"es","potentialAction":[{"@type":"ReadAction","target":["https:\/\/www.todoalfalfa.com.ar\/noticias\/recomendaciones-para-planificar-la-siembra-de-alfalfa\/"]}]},{"@type":"ImageObject","inLanguage":"es","@id":"https:\/\/www.todoalfalfa.com.ar\/noticias\/recomendaciones-para-planificar-la-siembra-de-alfalfa\/#primaryimage","url":"https:\/\/i0.wp.com\/www.todoalfalfa.com.ar\/noticias\/wp-content\/uploads\/2023\/11\/Siembra-Planificacion-.png?fit=746%2C904&ssl=1","contentUrl":"https:\/\/i0.wp.com\/www.todoalfalfa.com.ar\/noticias\/wp-content\/uploads\/2023\/11\/Siembra-Planificacion-.png?fit=746%2C904&ssl=1","width":746,"height":904},{"@type":"BreadcrumbList","@id":"https:\/\/www.todoalfalfa.com.ar\/noticias\/recomendaciones-para-planificar-la-siembra-de-alfalfa\/#breadcrumb","itemListElement":[{"@type":"ListItem","position":1,"name":"Principal","item":"https:\/\/www.todoalfalfa.com.ar\/noticias\/"},{"@type":"ListItem","position":2,"name":"Recomendaciones para planificar la siembra de Alfalfa"}]},{"@type":"WebSite","@id":"https:\/\/www.todoalfalfa.com.ar\/noticias\/#website","url":"https:\/\/www.todoalfalfa.com.ar\/noticias\/","name":"Todo Alfalfa","description":"Web informativa de la cadena de la alfalfa argentina","publisher":{"@id":"https:\/\/www.todoalfalfa.com.ar\/noticias\/#organization"},"potentialAction":[{"@type":"SearchAction","target":{"@type":"EntryPoint","urlTemplate":"https:\/\/www.todoalfalfa.com.ar\/noticias\/?s={search_term_string}"},"query-input":{"@type":"PropertyValueSpecification","valueRequired":true,"valueName":"search_term_string"}}],"inLanguage":"es"},{"@type":"Organization","@id":"https:\/\/www.todoalfalfa.com.ar\/noticias\/#organization","name":"Todo Alfalfa","url":"https:\/\/www.todoalfalfa.com.ar\/noticias\/","logo":{"@type":"ImageObject","inLanguage":"es","@id":"https:\/\/www.todoalfalfa.com.ar\/noticias\/#\/schema\/logo\/image\/","url":"https:\/\/www.todoalfalfa.com.ar\/noticias\/wp-content\/uploads\/2020\/09\/logo-todo-alfalfa-modificado.png","contentUrl":"https:\/\/www.todoalfalfa.com.ar\/noticias\/wp-content\/uploads\/2020\/09\/logo-todo-alfalfa-modificado.png","width":350,"height":100,"caption":"Todo Alfalfa"},"image":{"@id":"https:\/\/www.todoalfalfa.com.ar\/noticias\/#\/schema\/logo\/image\/"},"sameAs":["https:\/\/www.facebook.com\/todoalfalfa","https:\/\/www.instagram.com\/todoalfalfa","https:\/\/www.youtube.com\/@TodoAlfalfa","https:\/\/www.linkedin.com\/company\/todoalfalfa\/"]},{"@type":"Person","@id":"https:\/\/www.todoalfalfa.com.ar\/noticias\/#\/schema\/person\/99de93cb711c7015ef658e5321ba9f18","name":"Todo Alfalfa","image":{"@type":"ImageObject","inLanguage":"es","@id":"https:\/\/www.todoalfalfa.com.ar\/noticias\/#\/schema\/person\/image\/","url":"https:\/\/secure.gravatar.com\/avatar\/50ffd12fb7b268bc2467160730786602db252a270c63104e7c19b5f67b8dd346?s=96&d=mm&r=g","contentUrl":"https:\/\/secure.gravatar.com\/avatar\/50ffd12fb7b268bc2467160730786602db252a270c63104e7c19b5f67b8dd346?s=96&d=mm&r=g","caption":"Todo Alfalfa"},"url":"https:\/\/www.todoalfalfa.com.ar\/noticias\/author\/osvaldoiachetta\/"}]}},"jetpack_featured_media_url":"https:\/\/i0.wp.com\/www.todoalfalfa.com.ar\/noticias\/wp-content\/uploads\/2023\/11\/Siembra-Planificacion-.png?fit=746%2C904&ssl=1","wps_subtitle":"","jetpack_sharing_enabled":true,"_links":{"self":[{"href":"https:\/\/www.todoalfalfa.com.ar\/noticias\/wp-json\/wp\/v2\/posts\/46248","targetHints":{"allow":["GET"]}}],"collection":[{"href":"https:\/\/www.todoalfalfa.com.ar\/noticias\/wp-json\/wp\/v2\/posts"}],"about":[{"href":"https:\/\/www.todoalfalfa.com.ar\/noticias\/wp-json\/wp\/v2\/types\/post"}],"author":[{"embeddable":true,"href":"https:\/\/www.todoalfalfa.com.ar\/noticias\/wp-json\/wp\/v2\/users\/9"}],"replies":[{"embeddable":true,"href":"https:\/\/www.todoalfalfa.com.ar\/noticias\/wp-json\/wp\/v2\/comments?post=46248"}],"version-history":[{"count":2,"href":"https:\/\/www.todoalfalfa.com.ar\/noticias\/wp-json\/wp\/v2\/posts\/46248\/revisions"}],"predecessor-version":[{"id":46254,"href":"https:\/\/www.todoalfalfa.com.ar\/noticias\/wp-json\/wp\/v2\/posts\/46248\/revisions\/46254"}],"wp:featuredmedia":[{"embeddable":true,"href":"https:\/\/www.todoalfalfa.com.ar\/noticias\/wp-json\/wp\/v2\/media\/46250"}],"wp:attachment":[{"href":"https:\/\/www.todoalfalfa.com.ar\/noticias\/wp-json\/wp\/v2\/media?parent=46248"}],"wp:term":[{"taxonomy":"category","embeddable":true,"href":"https:\/\/www.todoalfalfa.com.ar\/noticias\/wp-json\/wp\/v2\/categories?post=46248"},{"taxonomy":"post_tag","embeddable":true,"href":"https:\/\/www.todoalfalfa.com.ar\/noticias\/wp-json\/wp\/v2\/tags?post=46248"}],"curies":[{"name":"wp","href":"https:\/\/api.w.org\/{rel}","templated":true}]}}