{"id":46271,"date":"2023-11-22T14:30:05","date_gmt":"2023-11-22T17:30:05","guid":{"rendered":"https:\/\/www.todoalfalfa.com.ar\/noticias\/?p=46271"},"modified":"2023-11-22T14:36:05","modified_gmt":"2023-11-22T17:36:05","slug":"vilella-se-muestra-como-secretario-de-agricultura","status":"publish","type":"post","link":"https:\/\/www.todoalfalfa.com.ar\/noticias\/vilella-se-muestra-como-secretario-de-agricultura\/","title":{"rendered":"Vilella se muestra como secretario de Agricultura"},"content":{"rendered":"\n<p>M\u00e1s all\u00e1 de que no hay confirmaci\u00f3n oficial, todo indica que Fernando Vilella ser\u00e1 el secretario de Agricultura durante el gobierno de Javier Milei. El investigador, docente y especialista en bioeconom\u00eda tiene su equipo formado junto a Pedro Vigneau y Germ\u00e1n Paats.<br>En la tarde de ayer se dio el primer encuentro de este equipo con Juan Jose Bahillo, que encabeza la actual gesti\u00f3n.<br>El propio Vilella confirm\u00f3 a este portal que \u201cpresent\u00f3 su equipo de trabajo, y est\u00e1 todo dispuesto para comenzar a trabajar\u201d, sin embargo lo que frena la oficializaci\u00f3n es que el especialista intenta saber qui\u00e9n ser\u00e1 el responsable de econom\u00eda para conocer como planean manejar temas que entiende ser\u00e1n claves para su gesti\u00f3n, principalmente, \u201cretenciones y cepo\u201d.<br>El encuentro, publica el portal infocampo, se dio en la sede de la cartera agropecuaria nacional, \u201cdonde acordaron equipos para trabajar en la transici\u00f3n que lleva adelante el presidente Alberto Fern\u00e1ndez\u201d.<br>Sobre Fernando Vilella. Es el actual director del Programa de Bioeconom\u00eda de la FAUBA, un investigador especialista en aspectos de generaci\u00f3n de actividades a ra\u00edz del potencial del campo.<br>En 2020 bautiz\u00f3 una frase que \u201cpeg\u00f3\u201d en el agro, y mucho: se refiri\u00f3 a la potencialidad del sector como \u201cla vaca viva\u201d, en clara alusi\u00f3n ling\u00fc\u00edstica a Vaca Muerta y lo beneficios ambientales de la generaci\u00f3n de energ\u00edas desde el agro.<br>Pedro Vigneau, en tanto, es el presidente de la Asociaci\u00f3n Ma\u00edz y Sorgo Argentino (Maizar). Y Germ\u00e1n Paats fue uno de los directores principales de la Fundaci\u00f3n Barbechando, organizaci\u00f3n que monitorea peri\u00f3dicamente la actividad parlamentaria en todo lo relacionado al agro. Actualmente est\u00e1 en uso de licencia all\u00ed.<\/p>\n<div class=\"todoalfalfa-final-de-la-nota\" id=\"todoalfalfa-2224677987\"><a href=\"https:\/\/www.whatsapp.com\/channel\/0029VbCBmFB9WtBxJsD3eC2i\" target=\"_blank\" aria-label=\"5\"><img src=\"https:\/\/i0.wp.com\/www.todoalfalfa.com.ar\/noticias\/wp-content\/uploads\/2026\/04\/5.gif?fit=728%2C90&#038;ssl=1\" alt=\"\"  width=\"728\" height=\"90\"   \/><\/a><\/div>","protected":false},"excerpt":{"rendered":"<p>El investigador, especialista en bioeconom\u00eda, empez\u00f3 la transici\u00f3n \u201cdel campo\u201d. M\u00e1s all\u00e1 de que Javier Milei no lo oficializ\u00f3 comenzaron las reuniones de los equipos \u201csalientes\u201d y \u201centrantes\u201d.<\/p>\n","protected":false},"author":9,"featured_media":46275,"comment_status":"closed","ping_status":"open","sticky":false,"template":"","format":"standard","meta":{"jetpack_post_was_ever_published":false,"_jetpack_newsletter_access":"","_jetpack_dont_email_post_to_subs":false,"_jetpack_newsletter_tier_id":0,"_jetpack_memberships_contains_paywalled_content":false,"_jetpack_memberships_contains_paid_content":false,"footnotes":""},"categories":[2],"tags":[1571,1569,1568],"class_list":["post-46271","post","type-post","status-publish","format-standard","has-post-thumbnail","hentry","category-generales","tag-javier-milei","tag-secretario-agricultura","tag-vilella"],"yoast_head":"<!-- This site is optimized with the Yoast SEO plugin v25.5 - https:\/\/yoast.com\/wordpress\/plugins\/seo\/ -->\n<title>Vilella se muestra como secretario de Agricultura<\/title>\n<meta name=\"robots\" content=\"index, follow, max-snippet:-1, max-image-preview:large, max-video-preview:-1\" \/>\n<link rel=\"canonical\" href=\"https:\/\/www.todoalfalfa.com.ar\/noticias\/vilella-se-muestra-como-secretario-de-agricultura\/\" \/>\n<meta property=\"og:locale\" content=\"es_ES\" \/>\n<meta property=\"og:type\" content=\"article\" \/>\n<meta property=\"og:title\" content=\"Vilella se muestra como secretario de Agricultura\" \/>\n<meta property=\"og:description\" content=\"El investigador, especialista en bioeconom\u00eda, empez\u00f3 la transici\u00f3n \u201cdel campo\u201d. M\u00e1s all\u00e1 de que Javier Milei no lo oficializ\u00f3 comenzaron las reuniones de los equipos \u201csalientes\u201d y \u201centrantes\u201d.\" \/>\n<meta property=\"og:url\" content=\"https:\/\/www.todoalfalfa.com.ar\/noticias\/vilella-se-muestra-como-secretario-de-agricultura\/\" \/>\n<meta property=\"og:site_name\" content=\"Todo Alfalfa\" \/>\n<meta property=\"article:publisher\" content=\"https:\/\/www.facebook.com\/todoalfalfa\" \/>\n<meta property=\"article:published_time\" content=\"2023-11-22T17:30:05+00:00\" \/>\n<meta property=\"article:modified_time\" content=\"2023-11-22T17:36:05+00:00\" \/>\n<meta property=\"og:image\" content=\"https:\/\/www.todoalfalfa.com.ar\/noticias\/wp-content\/uploads\/2023\/11\/Vilella.jpg\" \/>\n\t<meta property=\"og:image:width\" content=\"1200\" \/>\n\t<meta property=\"og:image:height\" content=\"675\" \/>\n\t<meta property=\"og:image:type\" content=\"image\/jpeg\" \/>\n<meta name=\"author\" content=\"Todo Alfalfa\" \/>\n<meta name=\"twitter:card\" content=\"summary_large_image\" \/>\n<meta name=\"twitter:label1\" content=\"Escrito por\" \/>\n\t<meta name=\"twitter:data1\" content=\"Todo Alfalfa\" \/>\n\t<meta name=\"twitter:label2\" content=\"Tiempo de lectura\" \/>\n\t<meta name=\"twitter:data2\" content=\"2 minutos\" \/>\n<script type=\"application\/ld+json\" class=\"yoast-schema-graph\">{\"@context\":\"https:\/\/schema.org\",\"@graph\":[{\"@type\":\"NewsArticle\",\"@id\":\"https:\/\/www.todoalfalfa.com.ar\/noticias\/vilella-se-muestra-como-secretario-de-agricultura\/#article\",\"isPartOf\":{\"@id\":\"https:\/\/www.todoalfalfa.com.ar\/noticias\/vilella-se-muestra-como-secretario-de-agricultura\/\"},\"author\":{\"name\":\"Todo Alfalfa\",\"@id\":\"https:\/\/www.todoalfalfa.com.ar\/noticias\/#\/schema\/person\/99de93cb711c7015ef658e5321ba9f18\"},\"headline\":\"Vilella se muestra como secretario de Agricultura\",\"datePublished\":\"2023-11-22T17:30:05+00:00\",\"dateModified\":\"2023-11-22T17:36:05+00:00\",\"mainEntityOfPage\":{\"@id\":\"https:\/\/www.todoalfalfa.com.ar\/noticias\/vilella-se-muestra-como-secretario-de-agricultura\/\"},\"wordCount\":302,\"publisher\":{\"@id\":\"https:\/\/www.todoalfalfa.com.ar\/noticias\/#organization\"},\"image\":{\"@id\":\"https:\/\/www.todoalfalfa.com.ar\/noticias\/vilella-se-muestra-como-secretario-de-agricultura\/#primaryimage\"},\"thumbnailUrl\":\"https:\/\/i0.wp.com\/www.todoalfalfa.com.ar\/noticias\/wp-content\/uploads\/2023\/11\/Vilella.jpg?fit=1200%2C675&ssl=1\",\"keywords\":[\"Javier Milei\",\"Secretario Agricultura\",\"Vilella\"],\"articleSection\":[\"Generales\"],\"inLanguage\":\"es\"},{\"@type\":[\"WebPage\",\"ItemPage\"],\"@id\":\"https:\/\/www.todoalfalfa.com.ar\/noticias\/vilella-se-muestra-como-secretario-de-agricultura\/\",\"url\":\"https:\/\/www.todoalfalfa.com.ar\/noticias\/vilella-se-muestra-como-secretario-de-agricultura\/\",\"name\":\"Vilella se muestra como secretario de Agricultura\",\"isPartOf\":{\"@id\":\"https:\/\/www.todoalfalfa.com.ar\/noticias\/#website\"},\"primaryImageOfPage\":{\"@id\":\"https:\/\/www.todoalfalfa.com.ar\/noticias\/vilella-se-muestra-como-secretario-de-agricultura\/#primaryimage\"},\"image\":{\"@id\":\"https:\/\/www.todoalfalfa.com.ar\/noticias\/vilella-se-muestra-como-secretario-de-agricultura\/#primaryimage\"},\"thumbnailUrl\":\"https:\/\/i0.wp.com\/www.todoalfalfa.com.ar\/noticias\/wp-content\/uploads\/2023\/11\/Vilella.jpg?fit=1200%2C675&ssl=1\",\"datePublished\":\"2023-11-22T17:30:05+00:00\",\"dateModified\":\"2023-11-22T17:36:05+00:00\",\"breadcrumb\":{\"@id\":\"https:\/\/www.todoalfalfa.com.ar\/noticias\/vilella-se-muestra-como-secretario-de-agricultura\/#breadcrumb\"},\"inLanguage\":\"es\",\"potentialAction\":[{\"@type\":\"ReadAction\",\"target\":[\"https:\/\/www.todoalfalfa.com.ar\/noticias\/vilella-se-muestra-como-secretario-de-agricultura\/\"]}]},{\"@type\":\"ImageObject\",\"inLanguage\":\"es\",\"@id\":\"https:\/\/www.todoalfalfa.com.ar\/noticias\/vilella-se-muestra-como-secretario-de-agricultura\/#primaryimage\",\"url\":\"https:\/\/i0.wp.com\/www.todoalfalfa.com.ar\/noticias\/wp-content\/uploads\/2023\/11\/Vilella.jpg?fit=1200%2C675&ssl=1\",\"contentUrl\":\"https:\/\/i0.wp.com\/www.todoalfalfa.com.ar\/noticias\/wp-content\/uploads\/2023\/11\/Vilella.jpg?fit=1200%2C675&ssl=1\",\"width\":1200,\"height\":675},{\"@type\":\"BreadcrumbList\",\"@id\":\"https:\/\/www.todoalfalfa.com.ar\/noticias\/vilella-se-muestra-como-secretario-de-agricultura\/#breadcrumb\",\"itemListElement\":[{\"@type\":\"ListItem\",\"position\":1,\"name\":\"Principal\",\"item\":\"https:\/\/www.todoalfalfa.com.ar\/noticias\/\"},{\"@type\":\"ListItem\",\"position\":2,\"name\":\"Vilella se muestra como secretario de Agricultura\"}]},{\"@type\":\"WebSite\",\"@id\":\"https:\/\/www.todoalfalfa.com.ar\/noticias\/#website\",\"url\":\"https:\/\/www.todoalfalfa.com.ar\/noticias\/\",\"name\":\"Todo Alfalfa\",\"description\":\"Web informativa de la cadena de la alfalfa argentina\",\"publisher\":{\"@id\":\"https:\/\/www.todoalfalfa.com.ar\/noticias\/#organization\"},\"potentialAction\":[{\"@type\":\"SearchAction\",\"target\":{\"@type\":\"EntryPoint\",\"urlTemplate\":\"https:\/\/www.todoalfalfa.com.ar\/noticias\/?s={search_term_string}\"},\"query-input\":{\"@type\":\"PropertyValueSpecification\",\"valueRequired\":true,\"valueName\":\"search_term_string\"}}],\"inLanguage\":\"es\"},{\"@type\":\"Organization\",\"@id\":\"https:\/\/www.todoalfalfa.com.ar\/noticias\/#organization\",\"name\":\"Todo Alfalfa\",\"url\":\"https:\/\/www.todoalfalfa.com.ar\/noticias\/\",\"logo\":{\"@type\":\"ImageObject\",\"inLanguage\":\"es\",\"@id\":\"https:\/\/www.todoalfalfa.com.ar\/noticias\/#\/schema\/logo\/image\/\",\"url\":\"https:\/\/www.todoalfalfa.com.ar\/noticias\/wp-content\/uploads\/2020\/09\/logo-todo-alfalfa-modificado.png\",\"contentUrl\":\"https:\/\/www.todoalfalfa.com.ar\/noticias\/wp-content\/uploads\/2020\/09\/logo-todo-alfalfa-modificado.png\",\"width\":350,\"height\":100,\"caption\":\"Todo Alfalfa\"},\"image\":{\"@id\":\"https:\/\/www.todoalfalfa.com.ar\/noticias\/#\/schema\/logo\/image\/\"},\"sameAs\":[\"https:\/\/www.facebook.com\/todoalfalfa\",\"https:\/\/www.instagram.com\/todoalfalfa\",\"https:\/\/www.youtube.com\/@TodoAlfalfa\",\"https:\/\/www.linkedin.com\/company\/todoalfalfa\/\"]},{\"@type\":\"Person\",\"@id\":\"https:\/\/www.todoalfalfa.com.ar\/noticias\/#\/schema\/person\/99de93cb711c7015ef658e5321ba9f18\",\"name\":\"Todo Alfalfa\",\"image\":{\"@type\":\"ImageObject\",\"inLanguage\":\"es\",\"@id\":\"https:\/\/www.todoalfalfa.com.ar\/noticias\/#\/schema\/person\/image\/\",\"url\":\"https:\/\/secure.gravatar.com\/avatar\/50ffd12fb7b268bc2467160730786602db252a270c63104e7c19b5f67b8dd346?s=96&d=mm&r=g\",\"contentUrl\":\"https:\/\/secure.gravatar.com\/avatar\/50ffd12fb7b268bc2467160730786602db252a270c63104e7c19b5f67b8dd346?s=96&d=mm&r=g\",\"caption\":\"Todo Alfalfa\"},\"url\":\"https:\/\/www.todoalfalfa.com.ar\/noticias\/author\/osvaldoiachetta\/\"}]}<\/script>\n<!-- \/ Yoast SEO plugin. -->","yoast_head_json":{"title":"Vilella se muestra como secretario de Agricultura","robots":{"index":"index","follow":"follow","max-snippet":"max-snippet:-1","max-image-preview":"max-image-preview:large","max-video-preview":"max-video-preview:-1"},"canonical":"https:\/\/www.todoalfalfa.com.ar\/noticias\/vilella-se-muestra-como-secretario-de-agricultura\/","og_locale":"es_ES","og_type":"article","og_title":"Vilella se muestra como secretario de Agricultura","og_description":"El investigador, especialista en bioeconom\u00eda, empez\u00f3 la transici\u00f3n \u201cdel campo\u201d. M\u00e1s all\u00e1 de que Javier Milei no lo oficializ\u00f3 comenzaron las reuniones de los equipos \u201csalientes\u201d y \u201centrantes\u201d.","og_url":"https:\/\/www.todoalfalfa.com.ar\/noticias\/vilella-se-muestra-como-secretario-de-agricultura\/","og_site_name":"Todo Alfalfa","article_publisher":"https:\/\/www.facebook.com\/todoalfalfa","article_published_time":"2023-11-22T17:30:05+00:00","article_modified_time":"2023-11-22T17:36:05+00:00","og_image":[{"width":1200,"height":675,"url":"https:\/\/www.todoalfalfa.com.ar\/noticias\/wp-content\/uploads\/2023\/11\/Vilella.jpg","type":"image\/jpeg"}],"author":"Todo Alfalfa","twitter_card":"summary_large_image","twitter_misc":{"Escrito por":"Todo Alfalfa","Tiempo de lectura":"2 minutos"},"schema":{"@context":"https:\/\/schema.org","@graph":[{"@type":"NewsArticle","@id":"https:\/\/www.todoalfalfa.com.ar\/noticias\/vilella-se-muestra-como-secretario-de-agricultura\/#article","isPartOf":{"@id":"https:\/\/www.todoalfalfa.com.ar\/noticias\/vilella-se-muestra-como-secretario-de-agricultura\/"},"author":{"name":"Todo Alfalfa","@id":"https:\/\/www.todoalfalfa.com.ar\/noticias\/#\/schema\/person\/99de93cb711c7015ef658e5321ba9f18"},"headline":"Vilella se muestra como secretario de Agricultura","datePublished":"2023-11-22T17:30:05+00:00","dateModified":"2023-11-22T17:36:05+00:00","mainEntityOfPage":{"@id":"https:\/\/www.todoalfalfa.com.ar\/noticias\/vilella-se-muestra-como-secretario-de-agricultura\/"},"wordCount":302,"publisher":{"@id":"https:\/\/www.todoalfalfa.com.ar\/noticias\/#organization"},"image":{"@id":"https:\/\/www.todoalfalfa.com.ar\/noticias\/vilella-se-muestra-como-secretario-de-agricultura\/#primaryimage"},"thumbnailUrl":"https:\/\/i0.wp.com\/www.todoalfalfa.com.ar\/noticias\/wp-content\/uploads\/2023\/11\/Vilella.jpg?fit=1200%2C675&ssl=1","keywords":["Javier Milei","Secretario Agricultura","Vilella"],"articleSection":["Generales"],"inLanguage":"es"},{"@type":["WebPage","ItemPage"],"@id":"https:\/\/www.todoalfalfa.com.ar\/noticias\/vilella-se-muestra-como-secretario-de-agricultura\/","url":"https:\/\/www.todoalfalfa.com.ar\/noticias\/vilella-se-muestra-como-secretario-de-agricultura\/","name":"Vilella se muestra como secretario de Agricultura","isPartOf":{"@id":"https:\/\/www.todoalfalfa.com.ar\/noticias\/#website"},"primaryImageOfPage":{"@id":"https:\/\/www.todoalfalfa.com.ar\/noticias\/vilella-se-muestra-como-secretario-de-agricultura\/#primaryimage"},"image":{"@id":"https:\/\/www.todoalfalfa.com.ar\/noticias\/vilella-se-muestra-como-secretario-de-agricultura\/#primaryimage"},"thumbnailUrl":"https:\/\/i0.wp.com\/www.todoalfalfa.com.ar\/noticias\/wp-content\/uploads\/2023\/11\/Vilella.jpg?fit=1200%2C675&ssl=1","datePublished":"2023-11-22T17:30:05+00:00","dateModified":"2023-11-22T17:36:05+00:00","breadcrumb":{"@id":"https:\/\/www.todoalfalfa.com.ar\/noticias\/vilella-se-muestra-como-secretario-de-agricultura\/#breadcrumb"},"inLanguage":"es","potentialAction":[{"@type":"ReadAction","target":["https:\/\/www.todoalfalfa.com.ar\/noticias\/vilella-se-muestra-como-secretario-de-agricultura\/"]}]},{"@type":"ImageObject","inLanguage":"es","@id":"https:\/\/www.todoalfalfa.com.ar\/noticias\/vilella-se-muestra-como-secretario-de-agricultura\/#primaryimage","url":"https:\/\/i0.wp.com\/www.todoalfalfa.com.ar\/noticias\/wp-content\/uploads\/2023\/11\/Vilella.jpg?fit=1200%2C675&ssl=1","contentUrl":"https:\/\/i0.wp.com\/www.todoalfalfa.com.ar\/noticias\/wp-content\/uploads\/2023\/11\/Vilella.jpg?fit=1200%2C675&ssl=1","width":1200,"height":675},{"@type":"BreadcrumbList","@id":"https:\/\/www.todoalfalfa.com.ar\/noticias\/vilella-se-muestra-como-secretario-de-agricultura\/#breadcrumb","itemListElement":[{"@type":"ListItem","position":1,"name":"Principal","item":"https:\/\/www.todoalfalfa.com.ar\/noticias\/"},{"@type":"ListItem","position":2,"name":"Vilella se muestra como secretario de Agricultura"}]},{"@type":"WebSite","@id":"https:\/\/www.todoalfalfa.com.ar\/noticias\/#website","url":"https:\/\/www.todoalfalfa.com.ar\/noticias\/","name":"Todo Alfalfa","description":"Web informativa de la cadena de la alfalfa argentina","publisher":{"@id":"https:\/\/www.todoalfalfa.com.ar\/noticias\/#organization"},"potentialAction":[{"@type":"SearchAction","target":{"@type":"EntryPoint","urlTemplate":"https:\/\/www.todoalfalfa.com.ar\/noticias\/?s={search_term_string}"},"query-input":{"@type":"PropertyValueSpecification","valueRequired":true,"valueName":"search_term_string"}}],"inLanguage":"es"},{"@type":"Organization","@id":"https:\/\/www.todoalfalfa.com.ar\/noticias\/#organization","name":"Todo Alfalfa","url":"https:\/\/www.todoalfalfa.com.ar\/noticias\/","logo":{"@type":"ImageObject","inLanguage":"es","@id":"https:\/\/www.todoalfalfa.com.ar\/noticias\/#\/schema\/logo\/image\/","url":"https:\/\/www.todoalfalfa.com.ar\/noticias\/wp-content\/uploads\/2020\/09\/logo-todo-alfalfa-modificado.png","contentUrl":"https:\/\/www.todoalfalfa.com.ar\/noticias\/wp-content\/uploads\/2020\/09\/logo-todo-alfalfa-modificado.png","width":350,"height":100,"caption":"Todo Alfalfa"},"image":{"@id":"https:\/\/www.todoalfalfa.com.ar\/noticias\/#\/schema\/logo\/image\/"},"sameAs":["https:\/\/www.facebook.com\/todoalfalfa","https:\/\/www.instagram.com\/todoalfalfa","https:\/\/www.youtube.com\/@TodoAlfalfa","https:\/\/www.linkedin.com\/company\/todoalfalfa\/"]},{"@type":"Person","@id":"https:\/\/www.todoalfalfa.com.ar\/noticias\/#\/schema\/person\/99de93cb711c7015ef658e5321ba9f18","name":"Todo Alfalfa","image":{"@type":"ImageObject","inLanguage":"es","@id":"https:\/\/www.todoalfalfa.com.ar\/noticias\/#\/schema\/person\/image\/","url":"https:\/\/secure.gravatar.com\/avatar\/50ffd12fb7b268bc2467160730786602db252a270c63104e7c19b5f67b8dd346?s=96&d=mm&r=g","contentUrl":"https:\/\/secure.gravatar.com\/avatar\/50ffd12fb7b268bc2467160730786602db252a270c63104e7c19b5f67b8dd346?s=96&d=mm&r=g","caption":"Todo Alfalfa"},"url":"https:\/\/www.todoalfalfa.com.ar\/noticias\/author\/osvaldoiachetta\/"}]}},"jetpack_featured_media_url":"https:\/\/i0.wp.com\/www.todoalfalfa.com.ar\/noticias\/wp-content\/uploads\/2023\/11\/Vilella.jpg?fit=1200%2C675&ssl=1","wps_subtitle":"","jetpack_sharing_enabled":true,"_links":{"self":[{"href":"https:\/\/www.todoalfalfa.com.ar\/noticias\/wp-json\/wp\/v2\/posts\/46271","targetHints":{"allow":["GET"]}}],"collection":[{"href":"https:\/\/www.todoalfalfa.com.ar\/noticias\/wp-json\/wp\/v2\/posts"}],"about":[{"href":"https:\/\/www.todoalfalfa.com.ar\/noticias\/wp-json\/wp\/v2\/types\/post"}],"author":[{"embeddable":true,"href":"https:\/\/www.todoalfalfa.com.ar\/noticias\/wp-json\/wp\/v2\/users\/9"}],"replies":[{"embeddable":true,"href":"https:\/\/www.todoalfalfa.com.ar\/noticias\/wp-json\/wp\/v2\/comments?post=46271"}],"version-history":[{"count":2,"href":"https:\/\/www.todoalfalfa.com.ar\/noticias\/wp-json\/wp\/v2\/posts\/46271\/revisions"}],"predecessor-version":[{"id":46276,"href":"https:\/\/www.todoalfalfa.com.ar\/noticias\/wp-json\/wp\/v2\/posts\/46271\/revisions\/46276"}],"wp:featuredmedia":[{"embeddable":true,"href":"https:\/\/www.todoalfalfa.com.ar\/noticias\/wp-json\/wp\/v2\/media\/46275"}],"wp:attachment":[{"href":"https:\/\/www.todoalfalfa.com.ar\/noticias\/wp-json\/wp\/v2\/media?parent=46271"}],"wp:term":[{"taxonomy":"category","embeddable":true,"href":"https:\/\/www.todoalfalfa.com.ar\/noticias\/wp-json\/wp\/v2\/categories?post=46271"},{"taxonomy":"post_tag","embeddable":true,"href":"https:\/\/www.todoalfalfa.com.ar\/noticias\/wp-json\/wp\/v2\/tags?post=46271"}],"curies":[{"name":"wp","href":"https:\/\/api.w.org\/{rel}","templated":true}]}}