{"id":46333,"date":"2023-12-02T21:18:28","date_gmt":"2023-12-03T00:18:28","guid":{"rendered":"https:\/\/www.todoalfalfa.com.ar\/noticias\/?p=46333"},"modified":"2023-12-02T21:20:31","modified_gmt":"2023-12-03T00:20:31","slug":"escases-de-semillas-forrajeras-por-las-restricciones-en-la-importacion","status":"publish","type":"post","link":"https:\/\/www.todoalfalfa.com.ar\/noticias\/escases-de-semillas-forrajeras-por-las-restricciones-en-la-importacion\/","title":{"rendered":"Importaci\u00f3n: Por restricci\u00f3n, faltan semillas forrajeras"},"content":{"rendered":"\n<p>Los problemas generados por las complicaciones para importar a ra\u00edz de la falta de d\u00f3lares se hacen sentir en cada uno de los sectores del pa\u00eds. La situaci\u00f3n no es ajena en el sector forrajero.<\/p>\n\n\n\n<p>Las trabajas para importar semillas se hacen sentir, y el tiempo es \u201coro\u201d si tenemos en cuenta que los productores realizan sus compras a fin de a\u00f1o para comenzar a sembrar en el periodo febrero-marzo.<\/p>\n\n\n\n<p>En una entrevista con La Naci\u00f3n campo, Enrique Bay\u00e1 Casal, titular de un comercio del ramo, indic\u00f3 que \u201cdesde el oto\u00f1o de 2022 se liberaron poqu\u00edsimas SIRA para estos productos, lo que provoc\u00f3 una interrupci\u00f3n de los embarques desde los pa\u00edses proveedores\u201d.<\/p>\n\n\n\n<p>\u201cEl 90% de la semilla de alfalfa que se utiliza en la Argentina es importada, mientras que el 50% de la festuca y del pasto ovillo tiene el mismo origen\u201d, agrega.<\/p>\n\n\n\n<p>Las dem\u00e1s semillas forrajeras \u2013cebadilla, raigr\u00e1s, avena, cebada, tr\u00e9boles y lotus\u2013 son de producci\u00f3n nacional. La cosecha empieza en los pr\u00f3ximos d\u00edas y no se prev\u00e9n inconvenientes para el abastecimiento si el clima sigue acompa\u00f1ando.<\/p>\n\n\n\n<p>Las restricciones para importar tambi\u00e9n se sufrieron en la campa\u00f1a pasada, pero el efecto fue menor porque la seca pulveriz\u00f3 las intenciones de siembra de muchos ganaderos. En el presente ciclo la situaci\u00f3n cambia porque hay poqu\u00edsimo carry y se prev\u00e9 un marco clim\u00e1tico favorable para las implantaciones.<\/p>\n\n\n\n<figure class=\"wp-block-image size-large\"><img data-recalc-dims=\"1\" fetchpriority=\"high\" decoding=\"async\" width=\"1024\" height=\"768\" src=\"https:\/\/i0.wp.com\/www.todoalfalfa.com.ar\/noticias\/wp-content\/uploads\/2023\/10\/Foto-Tapa.jpg?resize=1024%2C768&#038;ssl=1\" alt=\"\" class=\"wp-image-46011\" srcset=\"https:\/\/i0.wp.com\/www.todoalfalfa.com.ar\/noticias\/wp-content\/uploads\/2023\/10\/Foto-Tapa-scaled.jpg?resize=1024%2C768&amp;ssl=1 1024w, https:\/\/i0.wp.com\/www.todoalfalfa.com.ar\/noticias\/wp-content\/uploads\/2023\/10\/Foto-Tapa-scaled.jpg?resize=300%2C225&amp;ssl=1 300w, https:\/\/i0.wp.com\/www.todoalfalfa.com.ar\/noticias\/wp-content\/uploads\/2023\/10\/Foto-Tapa-scaled.jpg?resize=768%2C576&amp;ssl=1 768w, https:\/\/i0.wp.com\/www.todoalfalfa.com.ar\/noticias\/wp-content\/uploads\/2023\/10\/Foto-Tapa-scaled.jpg?resize=1536%2C1152&amp;ssl=1 1536w, https:\/\/i0.wp.com\/www.todoalfalfa.com.ar\/noticias\/wp-content\/uploads\/2023\/10\/Foto-Tapa-scaled.jpg?resize=2048%2C1536&amp;ssl=1 2048w\" sizes=\"(max-width: 1000px) 100vw, 1000px\" \/><\/figure>\n\n\n\n<p class=\"has-medium-font-size\">Positividad para lo que viene<\/p>\n\n\n\n<p>Tal como <a href=\"https:\/\/www.todoalfalfa.com.ar\/noticias\/alfalfa-que-escenario-se-presenta-con-milei-presidente\/\" target=\"_blank\" rel=\"noreferrer noopener\">venimos explicando desde nuestro portal<\/a>, el sector se muestra expectante tras el resultado de las elecciones. En ese sentido, Bay\u00e1 Casal estima que la liberaci\u00f3n de SIRA seguir\u00e1 con cuentagotas hasta el 10 de diciembre, pero que el triunfo de Javier Milei animar\u00e1 a muchos importadores a embarcar mercader\u00eda en origen, en el entendimiento que las SIRA ser\u00e1n liberadas a mayor ritmo por las nuevas autoridades.<\/p>\n\n\n\n<p>Mientras tanto, los valores (aproximados) que se manejan en el mercado son: festuca, de 5,8 a 7 d\u00f3lares por kilo; pasto ovillo, de 5,9 a 6,15; agropiro, a 6,1, y cebadilla, de 2,3 a 2,5 d\u00f3lares por kilo.<\/p>\n\n\n\n<p>La semilla de alfalfa se encareci\u00f3 en el mundo, localmente, las variedades de grupo 6 a 9 se venden a US$11 por kilo; las de grupo 9, de 10,5 a 15; tr\u00e9bol blanco, de 6,3 a 6,5; tr\u00e9bol rojo, de 7,7 a 8; lotus tenuis y corniculatus, a 11,5; avena, de 0,65 a 0,85; el centeno, muy afectado por seca y heladas, se comercializa de 0, 7 a 0,8; vicia, de 1,9 a 2, y raigr\u00e1s anual, de 2,3 a 2,5 d\u00f3lares.<\/p>\n\n\n\n<p>Hacia adelante, el empresario estima que con el correr de los d\u00edas cobrar\u00e1n fuerza las ventas para la campa\u00f1a de siembra de pasturas por las buenas perspectivas para los precios ganaderos, la necesidad de recuperar la oferta forrajera tras la sequ\u00eda y por una disponibilidad comercial que no ser\u00e1 holgada por el retraso de las importaciones.<\/p>\n\n\n\n<p>Fuente: <a href=\"https:\/\/www.lanacion.com.ar\/economia\/campo\/por-restricciones-en-la-importacion-resulta-escasa-la-oferta-de-semillas-forrajeras-nid02122023\/\" target=\"_blank\" rel=\"noreferrer noopener\">La Naci\u00f3n campo<\/a><\/p>\n<div class=\"todoalfalfa-final-de-la-nota\" id=\"todoalfalfa-1571156220\"><a href=\"https:\/\/www.whatsapp.com\/channel\/0029VbCBmFB9WtBxJsD3eC2i\" target=\"_blank\" aria-label=\"5\"><img src=\"https:\/\/i0.wp.com\/www.todoalfalfa.com.ar\/noticias\/wp-content\/uploads\/2026\/04\/5.gif?fit=728%2C90&#038;ssl=1\" alt=\"\"  width=\"728\" height=\"90\"   \/><\/a><\/div>","protected":false},"excerpt":{"rendered":"<p>En nuestro pa\u00eds, el 90 por ciento de la semilla de alfalfa es importada, al igual que el 50% de la festuca y del pasto ovillo. Hay expectativa por una posible normalizaci\u00f3n despu\u00e9s del 10 de diciembre.<\/p>\n","protected":false},"author":9,"featured_media":45968,"comment_status":"closed","ping_status":"open","sticky":false,"template":"","format":"standard","meta":{"jetpack_post_was_ever_published":false,"_jetpack_newsletter_access":"","_jetpack_dont_email_post_to_subs":false,"_jetpack_newsletter_tier_id":0,"_jetpack_memberships_contains_paywalled_content":false,"_jetpack_memberships_contains_paid_content":false,"footnotes":""},"categories":[2],"tags":[1584,54,1583,1585,21,96],"class_list":["post-46333","post","type-post","status-publish","format-standard","has-post-thumbnail","hentry","category-generales","tag-complicaciones","tag-forrajes","tag-importaciones","tag-nuevo-gobierno","tag-produccion","tag-semillas"],"yoast_head":"<!-- This site is optimized with the Yoast SEO plugin v25.5 - https:\/\/yoast.com\/wordpress\/plugins\/seo\/ -->\n<title>Importaci\u00f3n: Por restricci\u00f3n, faltan semillas forrajeras<\/title>\n<meta name=\"robots\" content=\"index, follow, max-snippet:-1, max-image-preview:large, max-video-preview:-1\" \/>\n<link rel=\"canonical\" href=\"https:\/\/www.todoalfalfa.com.ar\/noticias\/escases-de-semillas-forrajeras-por-las-restricciones-en-la-importacion\/\" \/>\n<meta property=\"og:locale\" content=\"es_ES\" \/>\n<meta property=\"og:type\" content=\"article\" \/>\n<meta property=\"og:title\" content=\"Importaci\u00f3n: Por restricci\u00f3n, faltan semillas forrajeras\" \/>\n<meta property=\"og:description\" content=\"En nuestro pa\u00eds, el 90 por ciento de la semilla de alfalfa es importada, al igual que el 50% de la festuca y del pasto ovillo. Hay expectativa por una posible normalizaci\u00f3n despu\u00e9s del 10 de diciembre.\" \/>\n<meta property=\"og:url\" content=\"https:\/\/www.todoalfalfa.com.ar\/noticias\/escases-de-semillas-forrajeras-por-las-restricciones-en-la-importacion\/\" \/>\n<meta property=\"og:site_name\" content=\"Todo Alfalfa\" \/>\n<meta property=\"article:publisher\" content=\"https:\/\/www.facebook.com\/todoalfalfa\" \/>\n<meta property=\"article:published_time\" content=\"2023-12-03T00:18:28+00:00\" \/>\n<meta property=\"article:modified_time\" content=\"2023-12-03T00:20:31+00:00\" \/>\n<meta property=\"og:image\" content=\"https:\/\/www.todoalfalfa.com.ar\/noticias\/wp-content\/uploads\/2023\/10\/vacas-Julian-Imhoff-1.jpeg\" \/>\n\t<meta property=\"og:image:width\" content=\"1536\" \/>\n\t<meta property=\"og:image:height\" content=\"2048\" \/>\n\t<meta property=\"og:image:type\" content=\"image\/jpeg\" \/>\n<meta name=\"author\" content=\"Todo Alfalfa\" \/>\n<meta name=\"twitter:card\" content=\"summary_large_image\" \/>\n<meta name=\"twitter:label1\" content=\"Escrito por\" \/>\n\t<meta name=\"twitter:data1\" content=\"Todo Alfalfa\" \/>\n\t<meta name=\"twitter:label2\" content=\"Tiempo de lectura\" \/>\n\t<meta name=\"twitter:data2\" content=\"3 minutos\" \/>\n<script type=\"application\/ld+json\" class=\"yoast-schema-graph\">{\"@context\":\"https:\/\/schema.org\",\"@graph\":[{\"@type\":\"NewsArticle\",\"@id\":\"https:\/\/www.todoalfalfa.com.ar\/noticias\/escases-de-semillas-forrajeras-por-las-restricciones-en-la-importacion\/#article\",\"isPartOf\":{\"@id\":\"https:\/\/www.todoalfalfa.com.ar\/noticias\/escases-de-semillas-forrajeras-por-las-restricciones-en-la-importacion\/\"},\"author\":{\"name\":\"Todo Alfalfa\",\"@id\":\"https:\/\/www.todoalfalfa.com.ar\/noticias\/#\/schema\/person\/99de93cb711c7015ef658e5321ba9f18\"},\"headline\":\"Importaci\u00f3n: Por restricci\u00f3n, faltan semillas forrajeras\",\"datePublished\":\"2023-12-03T00:18:28+00:00\",\"dateModified\":\"2023-12-03T00:20:31+00:00\",\"mainEntityOfPage\":{\"@id\":\"https:\/\/www.todoalfalfa.com.ar\/noticias\/escases-de-semillas-forrajeras-por-las-restricciones-en-la-importacion\/\"},\"wordCount\":494,\"publisher\":{\"@id\":\"https:\/\/www.todoalfalfa.com.ar\/noticias\/#organization\"},\"image\":{\"@id\":\"https:\/\/www.todoalfalfa.com.ar\/noticias\/escases-de-semillas-forrajeras-por-las-restricciones-en-la-importacion\/#primaryimage\"},\"thumbnailUrl\":\"https:\/\/i0.wp.com\/www.todoalfalfa.com.ar\/noticias\/wp-content\/uploads\/2023\/10\/vacas-Julian-Imhoff-1.jpeg?fit=1536%2C2048&ssl=1\",\"keywords\":[\"Complicaciones\",\"forrajes\",\"importaciones\",\"Nuevo Gobierno\",\"producci\u00f3n\",\"semillas\"],\"articleSection\":[\"Generales\"],\"inLanguage\":\"es\"},{\"@type\":[\"WebPage\",\"ItemPage\"],\"@id\":\"https:\/\/www.todoalfalfa.com.ar\/noticias\/escases-de-semillas-forrajeras-por-las-restricciones-en-la-importacion\/\",\"url\":\"https:\/\/www.todoalfalfa.com.ar\/noticias\/escases-de-semillas-forrajeras-por-las-restricciones-en-la-importacion\/\",\"name\":\"Importaci\u00f3n: Por restricci\u00f3n, faltan semillas forrajeras\",\"isPartOf\":{\"@id\":\"https:\/\/www.todoalfalfa.com.ar\/noticias\/#website\"},\"primaryImageOfPage\":{\"@id\":\"https:\/\/www.todoalfalfa.com.ar\/noticias\/escases-de-semillas-forrajeras-por-las-restricciones-en-la-importacion\/#primaryimage\"},\"image\":{\"@id\":\"https:\/\/www.todoalfalfa.com.ar\/noticias\/escases-de-semillas-forrajeras-por-las-restricciones-en-la-importacion\/#primaryimage\"},\"thumbnailUrl\":\"https:\/\/i0.wp.com\/www.todoalfalfa.com.ar\/noticias\/wp-content\/uploads\/2023\/10\/vacas-Julian-Imhoff-1.jpeg?fit=1536%2C2048&ssl=1\",\"datePublished\":\"2023-12-03T00:18:28+00:00\",\"dateModified\":\"2023-12-03T00:20:31+00:00\",\"breadcrumb\":{\"@id\":\"https:\/\/www.todoalfalfa.com.ar\/noticias\/escases-de-semillas-forrajeras-por-las-restricciones-en-la-importacion\/#breadcrumb\"},\"inLanguage\":\"es\",\"potentialAction\":[{\"@type\":\"ReadAction\",\"target\":[\"https:\/\/www.todoalfalfa.com.ar\/noticias\/escases-de-semillas-forrajeras-por-las-restricciones-en-la-importacion\/\"]}]},{\"@type\":\"ImageObject\",\"inLanguage\":\"es\",\"@id\":\"https:\/\/www.todoalfalfa.com.ar\/noticias\/escases-de-semillas-forrajeras-por-las-restricciones-en-la-importacion\/#primaryimage\",\"url\":\"https:\/\/i0.wp.com\/www.todoalfalfa.com.ar\/noticias\/wp-content\/uploads\/2023\/10\/vacas-Julian-Imhoff-1.jpeg?fit=1536%2C2048&ssl=1\",\"contentUrl\":\"https:\/\/i0.wp.com\/www.todoalfalfa.com.ar\/noticias\/wp-content\/uploads\/2023\/10\/vacas-Julian-Imhoff-1.jpeg?fit=1536%2C2048&ssl=1\",\"width\":1536,\"height\":2048,\"caption\":\"Foto: Julian Imhoff\"},{\"@type\":\"BreadcrumbList\",\"@id\":\"https:\/\/www.todoalfalfa.com.ar\/noticias\/escases-de-semillas-forrajeras-por-las-restricciones-en-la-importacion\/#breadcrumb\",\"itemListElement\":[{\"@type\":\"ListItem\",\"position\":1,\"name\":\"Principal\",\"item\":\"https:\/\/www.todoalfalfa.com.ar\/noticias\/\"},{\"@type\":\"ListItem\",\"position\":2,\"name\":\"Importaci\u00f3n: Por restricci\u00f3n, faltan semillas forrajeras\"}]},{\"@type\":\"WebSite\",\"@id\":\"https:\/\/www.todoalfalfa.com.ar\/noticias\/#website\",\"url\":\"https:\/\/www.todoalfalfa.com.ar\/noticias\/\",\"name\":\"Todo Alfalfa\",\"description\":\"Web informativa de la cadena de la alfalfa argentina\",\"publisher\":{\"@id\":\"https:\/\/www.todoalfalfa.com.ar\/noticias\/#organization\"},\"potentialAction\":[{\"@type\":\"SearchAction\",\"target\":{\"@type\":\"EntryPoint\",\"urlTemplate\":\"https:\/\/www.todoalfalfa.com.ar\/noticias\/?s={search_term_string}\"},\"query-input\":{\"@type\":\"PropertyValueSpecification\",\"valueRequired\":true,\"valueName\":\"search_term_string\"}}],\"inLanguage\":\"es\"},{\"@type\":\"Organization\",\"@id\":\"https:\/\/www.todoalfalfa.com.ar\/noticias\/#organization\",\"name\":\"Todo Alfalfa\",\"url\":\"https:\/\/www.todoalfalfa.com.ar\/noticias\/\",\"logo\":{\"@type\":\"ImageObject\",\"inLanguage\":\"es\",\"@id\":\"https:\/\/www.todoalfalfa.com.ar\/noticias\/#\/schema\/logo\/image\/\",\"url\":\"https:\/\/www.todoalfalfa.com.ar\/noticias\/wp-content\/uploads\/2020\/09\/logo-todo-alfalfa-modificado.png\",\"contentUrl\":\"https:\/\/www.todoalfalfa.com.ar\/noticias\/wp-content\/uploads\/2020\/09\/logo-todo-alfalfa-modificado.png\",\"width\":350,\"height\":100,\"caption\":\"Todo Alfalfa\"},\"image\":{\"@id\":\"https:\/\/www.todoalfalfa.com.ar\/noticias\/#\/schema\/logo\/image\/\"},\"sameAs\":[\"https:\/\/www.facebook.com\/todoalfalfa\",\"https:\/\/www.instagram.com\/todoalfalfa\",\"https:\/\/www.youtube.com\/@TodoAlfalfa\",\"https:\/\/www.linkedin.com\/company\/todoalfalfa\/\"]},{\"@type\":\"Person\",\"@id\":\"https:\/\/www.todoalfalfa.com.ar\/noticias\/#\/schema\/person\/99de93cb711c7015ef658e5321ba9f18\",\"name\":\"Todo Alfalfa\",\"image\":{\"@type\":\"ImageObject\",\"inLanguage\":\"es\",\"@id\":\"https:\/\/www.todoalfalfa.com.ar\/noticias\/#\/schema\/person\/image\/\",\"url\":\"https:\/\/secure.gravatar.com\/avatar\/50ffd12fb7b268bc2467160730786602db252a270c63104e7c19b5f67b8dd346?s=96&d=mm&r=g\",\"contentUrl\":\"https:\/\/secure.gravatar.com\/avatar\/50ffd12fb7b268bc2467160730786602db252a270c63104e7c19b5f67b8dd346?s=96&d=mm&r=g\",\"caption\":\"Todo Alfalfa\"},\"url\":\"https:\/\/www.todoalfalfa.com.ar\/noticias\/author\/osvaldoiachetta\/\"}]}<\/script>\n<!-- \/ Yoast SEO plugin. -->","yoast_head_json":{"title":"Importaci\u00f3n: Por restricci\u00f3n, faltan semillas forrajeras","robots":{"index":"index","follow":"follow","max-snippet":"max-snippet:-1","max-image-preview":"max-image-preview:large","max-video-preview":"max-video-preview:-1"},"canonical":"https:\/\/www.todoalfalfa.com.ar\/noticias\/escases-de-semillas-forrajeras-por-las-restricciones-en-la-importacion\/","og_locale":"es_ES","og_type":"article","og_title":"Importaci\u00f3n: Por restricci\u00f3n, faltan semillas forrajeras","og_description":"En nuestro pa\u00eds, el 90 por ciento de la semilla de alfalfa es importada, al igual que el 50% de la festuca y del pasto ovillo. Hay expectativa por una posible normalizaci\u00f3n despu\u00e9s del 10 de diciembre.","og_url":"https:\/\/www.todoalfalfa.com.ar\/noticias\/escases-de-semillas-forrajeras-por-las-restricciones-en-la-importacion\/","og_site_name":"Todo Alfalfa","article_publisher":"https:\/\/www.facebook.com\/todoalfalfa","article_published_time":"2023-12-03T00:18:28+00:00","article_modified_time":"2023-12-03T00:20:31+00:00","og_image":[{"width":1536,"height":2048,"url":"https:\/\/www.todoalfalfa.com.ar\/noticias\/wp-content\/uploads\/2023\/10\/vacas-Julian-Imhoff-1.jpeg","type":"image\/jpeg"}],"author":"Todo Alfalfa","twitter_card":"summary_large_image","twitter_misc":{"Escrito por":"Todo Alfalfa","Tiempo de lectura":"3 minutos"},"schema":{"@context":"https:\/\/schema.org","@graph":[{"@type":"NewsArticle","@id":"https:\/\/www.todoalfalfa.com.ar\/noticias\/escases-de-semillas-forrajeras-por-las-restricciones-en-la-importacion\/#article","isPartOf":{"@id":"https:\/\/www.todoalfalfa.com.ar\/noticias\/escases-de-semillas-forrajeras-por-las-restricciones-en-la-importacion\/"},"author":{"name":"Todo Alfalfa","@id":"https:\/\/www.todoalfalfa.com.ar\/noticias\/#\/schema\/person\/99de93cb711c7015ef658e5321ba9f18"},"headline":"Importaci\u00f3n: Por restricci\u00f3n, faltan semillas forrajeras","datePublished":"2023-12-03T00:18:28+00:00","dateModified":"2023-12-03T00:20:31+00:00","mainEntityOfPage":{"@id":"https:\/\/www.todoalfalfa.com.ar\/noticias\/escases-de-semillas-forrajeras-por-las-restricciones-en-la-importacion\/"},"wordCount":494,"publisher":{"@id":"https:\/\/www.todoalfalfa.com.ar\/noticias\/#organization"},"image":{"@id":"https:\/\/www.todoalfalfa.com.ar\/noticias\/escases-de-semillas-forrajeras-por-las-restricciones-en-la-importacion\/#primaryimage"},"thumbnailUrl":"https:\/\/i0.wp.com\/www.todoalfalfa.com.ar\/noticias\/wp-content\/uploads\/2023\/10\/vacas-Julian-Imhoff-1.jpeg?fit=1536%2C2048&ssl=1","keywords":["Complicaciones","forrajes","importaciones","Nuevo Gobierno","producci\u00f3n","semillas"],"articleSection":["Generales"],"inLanguage":"es"},{"@type":["WebPage","ItemPage"],"@id":"https:\/\/www.todoalfalfa.com.ar\/noticias\/escases-de-semillas-forrajeras-por-las-restricciones-en-la-importacion\/","url":"https:\/\/www.todoalfalfa.com.ar\/noticias\/escases-de-semillas-forrajeras-por-las-restricciones-en-la-importacion\/","name":"Importaci\u00f3n: Por restricci\u00f3n, faltan semillas forrajeras","isPartOf":{"@id":"https:\/\/www.todoalfalfa.com.ar\/noticias\/#website"},"primaryImageOfPage":{"@id":"https:\/\/www.todoalfalfa.com.ar\/noticias\/escases-de-semillas-forrajeras-por-las-restricciones-en-la-importacion\/#primaryimage"},"image":{"@id":"https:\/\/www.todoalfalfa.com.ar\/noticias\/escases-de-semillas-forrajeras-por-las-restricciones-en-la-importacion\/#primaryimage"},"thumbnailUrl":"https:\/\/i0.wp.com\/www.todoalfalfa.com.ar\/noticias\/wp-content\/uploads\/2023\/10\/vacas-Julian-Imhoff-1.jpeg?fit=1536%2C2048&ssl=1","datePublished":"2023-12-03T00:18:28+00:00","dateModified":"2023-12-03T00:20:31+00:00","breadcrumb":{"@id":"https:\/\/www.todoalfalfa.com.ar\/noticias\/escases-de-semillas-forrajeras-por-las-restricciones-en-la-importacion\/#breadcrumb"},"inLanguage":"es","potentialAction":[{"@type":"ReadAction","target":["https:\/\/www.todoalfalfa.com.ar\/noticias\/escases-de-semillas-forrajeras-por-las-restricciones-en-la-importacion\/"]}]},{"@type":"ImageObject","inLanguage":"es","@id":"https:\/\/www.todoalfalfa.com.ar\/noticias\/escases-de-semillas-forrajeras-por-las-restricciones-en-la-importacion\/#primaryimage","url":"https:\/\/i0.wp.com\/www.todoalfalfa.com.ar\/noticias\/wp-content\/uploads\/2023\/10\/vacas-Julian-Imhoff-1.jpeg?fit=1536%2C2048&ssl=1","contentUrl":"https:\/\/i0.wp.com\/www.todoalfalfa.com.ar\/noticias\/wp-content\/uploads\/2023\/10\/vacas-Julian-Imhoff-1.jpeg?fit=1536%2C2048&ssl=1","width":1536,"height":2048,"caption":"Foto: Julian Imhoff"},{"@type":"BreadcrumbList","@id":"https:\/\/www.todoalfalfa.com.ar\/noticias\/escases-de-semillas-forrajeras-por-las-restricciones-en-la-importacion\/#breadcrumb","itemListElement":[{"@type":"ListItem","position":1,"name":"Principal","item":"https:\/\/www.todoalfalfa.com.ar\/noticias\/"},{"@type":"ListItem","position":2,"name":"Importaci\u00f3n: Por restricci\u00f3n, faltan semillas forrajeras"}]},{"@type":"WebSite","@id":"https:\/\/www.todoalfalfa.com.ar\/noticias\/#website","url":"https:\/\/www.todoalfalfa.com.ar\/noticias\/","name":"Todo Alfalfa","description":"Web informativa de la cadena de la alfalfa argentina","publisher":{"@id":"https:\/\/www.todoalfalfa.com.ar\/noticias\/#organization"},"potentialAction":[{"@type":"SearchAction","target":{"@type":"EntryPoint","urlTemplate":"https:\/\/www.todoalfalfa.com.ar\/noticias\/?s={search_term_string}"},"query-input":{"@type":"PropertyValueSpecification","valueRequired":true,"valueName":"search_term_string"}}],"inLanguage":"es"},{"@type":"Organization","@id":"https:\/\/www.todoalfalfa.com.ar\/noticias\/#organization","name":"Todo Alfalfa","url":"https:\/\/www.todoalfalfa.com.ar\/noticias\/","logo":{"@type":"ImageObject","inLanguage":"es","@id":"https:\/\/www.todoalfalfa.com.ar\/noticias\/#\/schema\/logo\/image\/","url":"https:\/\/www.todoalfalfa.com.ar\/noticias\/wp-content\/uploads\/2020\/09\/logo-todo-alfalfa-modificado.png","contentUrl":"https:\/\/www.todoalfalfa.com.ar\/noticias\/wp-content\/uploads\/2020\/09\/logo-todo-alfalfa-modificado.png","width":350,"height":100,"caption":"Todo Alfalfa"},"image":{"@id":"https:\/\/www.todoalfalfa.com.ar\/noticias\/#\/schema\/logo\/image\/"},"sameAs":["https:\/\/www.facebook.com\/todoalfalfa","https:\/\/www.instagram.com\/todoalfalfa","https:\/\/www.youtube.com\/@TodoAlfalfa","https:\/\/www.linkedin.com\/company\/todoalfalfa\/"]},{"@type":"Person","@id":"https:\/\/www.todoalfalfa.com.ar\/noticias\/#\/schema\/person\/99de93cb711c7015ef658e5321ba9f18","name":"Todo Alfalfa","image":{"@type":"ImageObject","inLanguage":"es","@id":"https:\/\/www.todoalfalfa.com.ar\/noticias\/#\/schema\/person\/image\/","url":"https:\/\/secure.gravatar.com\/avatar\/50ffd12fb7b268bc2467160730786602db252a270c63104e7c19b5f67b8dd346?s=96&d=mm&r=g","contentUrl":"https:\/\/secure.gravatar.com\/avatar\/50ffd12fb7b268bc2467160730786602db252a270c63104e7c19b5f67b8dd346?s=96&d=mm&r=g","caption":"Todo Alfalfa"},"url":"https:\/\/www.todoalfalfa.com.ar\/noticias\/author\/osvaldoiachetta\/"}]}},"jetpack_featured_media_url":"https:\/\/i0.wp.com\/www.todoalfalfa.com.ar\/noticias\/wp-content\/uploads\/2023\/10\/vacas-Julian-Imhoff-1.jpeg?fit=1536%2C2048&ssl=1","wps_subtitle":"","jetpack_sharing_enabled":true,"_links":{"self":[{"href":"https:\/\/www.todoalfalfa.com.ar\/noticias\/wp-json\/wp\/v2\/posts\/46333","targetHints":{"allow":["GET"]}}],"collection":[{"href":"https:\/\/www.todoalfalfa.com.ar\/noticias\/wp-json\/wp\/v2\/posts"}],"about":[{"href":"https:\/\/www.todoalfalfa.com.ar\/noticias\/wp-json\/wp\/v2\/types\/post"}],"author":[{"embeddable":true,"href":"https:\/\/www.todoalfalfa.com.ar\/noticias\/wp-json\/wp\/v2\/users\/9"}],"replies":[{"embeddable":true,"href":"https:\/\/www.todoalfalfa.com.ar\/noticias\/wp-json\/wp\/v2\/comments?post=46333"}],"version-history":[{"count":2,"href":"https:\/\/www.todoalfalfa.com.ar\/noticias\/wp-json\/wp\/v2\/posts\/46333\/revisions"}],"predecessor-version":[{"id":46337,"href":"https:\/\/www.todoalfalfa.com.ar\/noticias\/wp-json\/wp\/v2\/posts\/46333\/revisions\/46337"}],"wp:featuredmedia":[{"embeddable":true,"href":"https:\/\/www.todoalfalfa.com.ar\/noticias\/wp-json\/wp\/v2\/media\/45968"}],"wp:attachment":[{"href":"https:\/\/www.todoalfalfa.com.ar\/noticias\/wp-json\/wp\/v2\/media?parent=46333"}],"wp:term":[{"taxonomy":"category","embeddable":true,"href":"https:\/\/www.todoalfalfa.com.ar\/noticias\/wp-json\/wp\/v2\/categories?post=46333"},{"taxonomy":"post_tag","embeddable":true,"href":"https:\/\/www.todoalfalfa.com.ar\/noticias\/wp-json\/wp\/v2\/tags?post=46333"}],"curies":[{"name":"wp","href":"https:\/\/api.w.org\/{rel}","templated":true}]}}