{"id":46356,"date":"2023-12-06T15:27:06","date_gmt":"2023-12-06T18:27:06","guid":{"rendered":"https:\/\/www.todoalfalfa.com.ar\/noticias\/?p=46356"},"modified":"2023-12-06T15:27:07","modified_gmt":"2023-12-06T18:27:07","slug":"san-luis-pone-en-marcha-una-compactadora-para-fardos","status":"publish","type":"post","link":"https:\/\/www.todoalfalfa.com.ar\/noticias\/san-luis-pone-en-marcha-una-compactadora-para-fardos\/","title":{"rendered":"San Luis pone en marcha una compactadora para fardos"},"content":{"rendered":"\n<p>En las instalaciones dependientes de la Secretar\u00eda de San Luis Log\u00edstica inauguraron una nueva l\u00ednea de compactaci\u00f3n para fardos \u201cque forma parte del crecimiento del predio en cuanto a infraestructura, con m\u00e1s galpones y dep\u00f3sitos\u201d, sostuvo el titular de la repartici\u00f3n estatal, Sebasti\u00e1n Lavandeira. El funcionario explic\u00f3 que la expansi\u00f3n \u201cse debe a que la producci\u00f3n de alfalfa se ha duplicado\u201d.<\/p>\n\n\n\n<p>En la provincia de San Luis, la siembra y cosecha de alfalfa han alcanzado su punto m\u00e1s alto debido a una crisis natural, que tiene como epicentro a la Cuenca del Morro, amplia zona rural anegada por las napas subterr\u00e1neas. Una de las acciones adoptadas para mitigar la emergencia fue la forestaci\u00f3n, en la cual este forraje se convirti\u00f3 en una de las opciones m\u00e1s utilizadas por su capacidad de absorci\u00f3n. \u201cAs\u00ed se dio lo que se conoce como una soluci\u00f3n rentable, pues adem\u00e1s de contribuir a resolver un importante inconveniente, se present\u00f3 como una oportunidad de negocio para los productores de la zona\u201d, reflexion\u00f3 Lavandeira.<\/p>\n\n\n\n<div class=\"wp-block-jetpack-slideshow aligncenter\" data-effect=\"slide\"><div class=\"wp-block-jetpack-slideshow_container swiper-container\"><ul class=\"wp-block-jetpack-slideshow_swiper-wrapper swiper-wrapper\"><li class=\"wp-block-jetpack-slideshow_slide swiper-slide\"><figure><img data-recalc-dims=\"1\" fetchpriority=\"high\" decoding=\"async\" width=\"1024\" height=\"576\" alt=\"\" class=\"wp-block-jetpack-slideshow_image wp-image-46357\" data-id=\"46357\" src=\"https:\/\/i0.wp.com\/www.todoalfalfa.com.ar\/noticias\/wp-content\/uploads\/2023\/12\/San-Luis.jpg?resize=1024%2C576&#038;ssl=1\" srcset=\"https:\/\/i0.wp.com\/www.todoalfalfa.com.ar\/noticias\/wp-content\/uploads\/2023\/12\/San-Luis.jpg?resize=1024%2C576&amp;ssl=1 1024w, https:\/\/i0.wp.com\/www.todoalfalfa.com.ar\/noticias\/wp-content\/uploads\/2023\/12\/San-Luis.jpg?resize=300%2C169&amp;ssl=1 300w, https:\/\/i0.wp.com\/www.todoalfalfa.com.ar\/noticias\/wp-content\/uploads\/2023\/12\/San-Luis.jpg?resize=768%2C432&amp;ssl=1 768w, https:\/\/i0.wp.com\/www.todoalfalfa.com.ar\/noticias\/wp-content\/uploads\/2023\/12\/San-Luis.jpg?resize=1536%2C864&amp;ssl=1 1536w, https:\/\/i0.wp.com\/www.todoalfalfa.com.ar\/noticias\/wp-content\/uploads\/2023\/12\/San-Luis.jpg?resize=777%2C437&amp;ssl=1 777w, https:\/\/i0.wp.com\/www.todoalfalfa.com.ar\/noticias\/wp-content\/uploads\/2023\/12\/San-Luis.jpg?resize=180%2C101&amp;ssl=1 180w, https:\/\/i0.wp.com\/www.todoalfalfa.com.ar\/noticias\/wp-content\/uploads\/2023\/12\/San-Luis.jpg?resize=260%2C146&amp;ssl=1 260w, https:\/\/i0.wp.com\/www.todoalfalfa.com.ar\/noticias\/wp-content\/uploads\/2023\/12\/San-Luis.jpg?resize=373%2C210&amp;ssl=1 373w, https:\/\/i0.wp.com\/www.todoalfalfa.com.ar\/noticias\/wp-content\/uploads\/2023\/12\/San-Luis.jpg?resize=120%2C67&amp;ssl=1 120w, https:\/\/i0.wp.com\/www.todoalfalfa.com.ar\/noticias\/wp-content\/uploads\/2023\/12\/San-Luis.jpg?w=1920&amp;ssl=1 1920w\" sizes=\"(max-width: 1000px) 100vw, 1000px\" \/><\/figure><\/li><li class=\"wp-block-jetpack-slideshow_slide swiper-slide\"><figure><img data-recalc-dims=\"1\" decoding=\"async\" width=\"1024\" height=\"576\" alt=\"\" class=\"wp-block-jetpack-slideshow_image wp-image-46359\" data-id=\"46359\" src=\"https:\/\/i0.wp.com\/www.todoalfalfa.com.ar\/noticias\/wp-content\/uploads\/2023\/12\/San-Luis-3.jpg?resize=1024%2C576&#038;ssl=1\" srcset=\"https:\/\/i0.wp.com\/www.todoalfalfa.com.ar\/noticias\/wp-content\/uploads\/2023\/12\/San-Luis-3.jpg?resize=1024%2C576&amp;ssl=1 1024w, https:\/\/i0.wp.com\/www.todoalfalfa.com.ar\/noticias\/wp-content\/uploads\/2023\/12\/San-Luis-3.jpg?resize=300%2C169&amp;ssl=1 300w, https:\/\/i0.wp.com\/www.todoalfalfa.com.ar\/noticias\/wp-content\/uploads\/2023\/12\/San-Luis-3.jpg?resize=768%2C432&amp;ssl=1 768w, https:\/\/i0.wp.com\/www.todoalfalfa.com.ar\/noticias\/wp-content\/uploads\/2023\/12\/San-Luis-3.jpg?resize=777%2C437&amp;ssl=1 777w, https:\/\/i0.wp.com\/www.todoalfalfa.com.ar\/noticias\/wp-content\/uploads\/2023\/12\/San-Luis-3.jpg?resize=180%2C101&amp;ssl=1 180w, https:\/\/i0.wp.com\/www.todoalfalfa.com.ar\/noticias\/wp-content\/uploads\/2023\/12\/San-Luis-3.jpg?resize=260%2C146&amp;ssl=1 260w, https:\/\/i0.wp.com\/www.todoalfalfa.com.ar\/noticias\/wp-content\/uploads\/2023\/12\/San-Luis-3.jpg?resize=373%2C210&amp;ssl=1 373w, https:\/\/i0.wp.com\/www.todoalfalfa.com.ar\/noticias\/wp-content\/uploads\/2023\/12\/San-Luis-3.jpg?resize=120%2C67&amp;ssl=1 120w, https:\/\/i0.wp.com\/www.todoalfalfa.com.ar\/noticias\/wp-content\/uploads\/2023\/12\/San-Luis-3.jpg?w=1536&amp;ssl=1 1536w\" sizes=\"(max-width: 1000px) 100vw, 1000px\" \/><\/figure><\/li><\/ul><a class=\"wp-block-jetpack-slideshow_button-prev swiper-button-prev swiper-button-white\" role=\"button\"><\/a><a class=\"wp-block-jetpack-slideshow_button-next swiper-button-next swiper-button-white\" role=\"button\"><\/a><a aria-label=\"Pause Slideshow\" class=\"wp-block-jetpack-slideshow_button-pause\" role=\"button\"><\/a><div class=\"wp-block-jetpack-slideshow_pagination swiper-pagination swiper-pagination-white\"><\/div><\/div><\/div>\n\n\n\n<p>Adem\u00e1s, remarc\u00f3 que \u201cpara potenciar este c\u00edrculo virtuoso, cuya proyecci\u00f3n es muy importante, est\u00e1n disponibles los complejos de la ZAL y la AgroZAL, que conforman una pol\u00edtica de Estado que con mucha visi\u00f3n de futuro estableci\u00f3 el gobernador, Alberto Rodr\u00edguez Sa\u00e1, en 2009 y que hoy cuenta con su planta de procesamiento de alfalfa, la cual se encuentra entre las cuatro principales de Argentina\u201d.<\/p>\n\n\n\n<p>Mientras que la producci\u00f3n regional abastece con alfalfa a destinos tan demandantes como los pa\u00edses \u00e1rabes, la nueva l\u00ednea que se puso en funcionamiento este martes \u201cpermitir\u00e1 llegar a clientes del Mercosur, ya que se implementa un nuevo formato de trabajo, con fardos m\u00e1s peque\u00f1os, por lo que estamos incluyendo a un nuevo mercado\u201d, sostuvo el secretario de San Luis Log\u00edstica.<\/p>\n\n\n\n<p>Como corolario, Lavandeira se refiri\u00f3 al final de una gesti\u00f3n de Gobierno, reconoci\u00e9ndose \u201chonrado y feliz por haber participado en un cap\u00edtulo muy importante en lo que respecta a la producci\u00f3n de la provincia, y muy orgulloso y agradecido de las mujeres y hombres que forman este gran equipo de trabajo que suelo comparar como el de una F\u00f3rmula 1, ya que al auto no solo hay que manejarlo, sino mantenerlo para que siempre est\u00e9 \u00f3ptimo. Por ello, lo que dejaremos ser\u00e1 un veh\u00edculo con nafta y listo para continuar la carrera, como debe ser\u201d.<\/p>\n\n\n\n<p>Fuente: <a href=\"https:\/\/agenciasanluis.com\/notas\/2023\/12\/05\/plan-plurianual-de-alfalfa-san-luis-tiene-en-marcha-la-cuarta-planta-mas-importante-del-pais\/\" target=\"_blank\" rel=\"noreferrer noopener\">Agencia San Luis<\/a><\/p>\n<div class=\"todoalfalfa-final-de-la-nota\" id=\"todoalfalfa-631399546\"><a href=\"https:\/\/www.whatsapp.com\/channel\/0029VbCBmFB9WtBxJsD3eC2i\" target=\"_blank\" aria-label=\"5\"><img src=\"https:\/\/i0.wp.com\/www.todoalfalfa.com.ar\/noticias\/wp-content\/uploads\/2026\/04\/5.gif?fit=728%2C90&#038;ssl=1\" alt=\"\"  width=\"728\" height=\"90\"   \/><\/a><\/div>","protected":false},"excerpt":{"rendered":"<p>En el marco del Plan Plurianual de Alfalfa, en San Luis ya piensan en la campa\u00f1a 2024 y pusieron en marcha la cuarta planta mas importante del pa\u00eds. San Luis Log\u00edstica inaugur\u00f3 una nueva compactadora de alfalfa que expande los mercados.<\/p>\n","protected":false},"author":9,"featured_media":46358,"comment_status":"closed","ping_status":"open","sticky":false,"template":"","format":"standard","meta":{"jetpack_post_was_ever_published":false,"_jetpack_newsletter_access":"","_jetpack_dont_email_post_to_subs":false,"_jetpack_newsletter_tier_id":0,"_jetpack_memberships_contains_paywalled_content":false,"_jetpack_memberships_contains_paid_content":false,"footnotes":""},"categories":[2],"tags":[31,1472,30,21,336],"class_list":["post-46356","post","type-post","status-publish","format-standard","has-post-thumbnail","hentry","category-generales","tag-alfalfa","tag-compactadora","tag-fardos","tag-produccion","tag-san-luis"],"yoast_head":"<!-- This site is optimized with the Yoast SEO plugin v25.5 - https:\/\/yoast.com\/wordpress\/plugins\/seo\/ -->\n<title>San Luis pone en marcha una compactadora para fardos<\/title>\n<meta name=\"robots\" content=\"index, follow, max-snippet:-1, max-image-preview:large, max-video-preview:-1\" \/>\n<link rel=\"canonical\" href=\"https:\/\/www.todoalfalfa.com.ar\/noticias\/san-luis-pone-en-marcha-una-compactadora-para-fardos\/\" \/>\n<meta property=\"og:locale\" content=\"es_ES\" \/>\n<meta property=\"og:type\" content=\"article\" \/>\n<meta property=\"og:title\" content=\"San Luis pone en marcha una compactadora para fardos\" \/>\n<meta property=\"og:description\" content=\"En el marco del Plan Plurianual de Alfalfa, en San Luis ya piensan en la campa\u00f1a 2024 y pusieron en marcha la cuarta planta mas importante del pa\u00eds. San Luis Log\u00edstica inaugur\u00f3 una nueva compactadora de alfalfa que expande los mercados.\" \/>\n<meta property=\"og:url\" content=\"https:\/\/www.todoalfalfa.com.ar\/noticias\/san-luis-pone-en-marcha-una-compactadora-para-fardos\/\" \/>\n<meta property=\"og:site_name\" content=\"Todo Alfalfa\" \/>\n<meta property=\"article:publisher\" content=\"https:\/\/www.facebook.com\/todoalfalfa\" \/>\n<meta property=\"article:published_time\" content=\"2023-12-06T18:27:06+00:00\" \/>\n<meta property=\"article:modified_time\" content=\"2023-12-06T18:27:07+00:00\" \/>\n<meta property=\"og:image\" content=\"https:\/\/www.todoalfalfa.com.ar\/noticias\/wp-content\/uploads\/2023\/12\/San-Luis-2.jpg\" \/>\n\t<meta property=\"og:image:width\" content=\"1536\" \/>\n\t<meta property=\"og:image:height\" content=\"864\" \/>\n\t<meta property=\"og:image:type\" content=\"image\/jpeg\" \/>\n<meta name=\"author\" content=\"Todo Alfalfa\" \/>\n<meta name=\"twitter:card\" content=\"summary_large_image\" \/>\n<meta name=\"twitter:label1\" content=\"Escrito por\" \/>\n\t<meta name=\"twitter:data1\" content=\"Todo Alfalfa\" \/>\n\t<meta name=\"twitter:label2\" content=\"Tiempo de lectura\" \/>\n\t<meta name=\"twitter:data2\" content=\"3 minutos\" \/>\n<script type=\"application\/ld+json\" class=\"yoast-schema-graph\">{\"@context\":\"https:\/\/schema.org\",\"@graph\":[{\"@type\":\"NewsArticle\",\"@id\":\"https:\/\/www.todoalfalfa.com.ar\/noticias\/san-luis-pone-en-marcha-una-compactadora-para-fardos\/#article\",\"isPartOf\":{\"@id\":\"https:\/\/www.todoalfalfa.com.ar\/noticias\/san-luis-pone-en-marcha-una-compactadora-para-fardos\/\"},\"author\":{\"name\":\"Todo Alfalfa\",\"@id\":\"https:\/\/www.todoalfalfa.com.ar\/noticias\/#\/schema\/person\/99de93cb711c7015ef658e5321ba9f18\"},\"headline\":\"San Luis pone en marcha una compactadora para fardos\",\"datePublished\":\"2023-12-06T18:27:06+00:00\",\"dateModified\":\"2023-12-06T18:27:07+00:00\",\"mainEntityOfPage\":{\"@id\":\"https:\/\/www.todoalfalfa.com.ar\/noticias\/san-luis-pone-en-marcha-una-compactadora-para-fardos\/\"},\"wordCount\":434,\"publisher\":{\"@id\":\"https:\/\/www.todoalfalfa.com.ar\/noticias\/#organization\"},\"image\":{\"@id\":\"https:\/\/www.todoalfalfa.com.ar\/noticias\/san-luis-pone-en-marcha-una-compactadora-para-fardos\/#primaryimage\"},\"thumbnailUrl\":\"https:\/\/i0.wp.com\/www.todoalfalfa.com.ar\/noticias\/wp-content\/uploads\/2023\/12\/San-Luis-2.jpg?fit=1536%2C864&ssl=1\",\"keywords\":[\"alfalfa\",\"compactadora\",\"fardos\",\"producci\u00f3n\",\"San Luis\"],\"articleSection\":[\"Generales\"],\"inLanguage\":\"es\"},{\"@type\":[\"WebPage\",\"ItemPage\"],\"@id\":\"https:\/\/www.todoalfalfa.com.ar\/noticias\/san-luis-pone-en-marcha-una-compactadora-para-fardos\/\",\"url\":\"https:\/\/www.todoalfalfa.com.ar\/noticias\/san-luis-pone-en-marcha-una-compactadora-para-fardos\/\",\"name\":\"San Luis pone en marcha una compactadora para fardos\",\"isPartOf\":{\"@id\":\"https:\/\/www.todoalfalfa.com.ar\/noticias\/#website\"},\"primaryImageOfPage\":{\"@id\":\"https:\/\/www.todoalfalfa.com.ar\/noticias\/san-luis-pone-en-marcha-una-compactadora-para-fardos\/#primaryimage\"},\"image\":{\"@id\":\"https:\/\/www.todoalfalfa.com.ar\/noticias\/san-luis-pone-en-marcha-una-compactadora-para-fardos\/#primaryimage\"},\"thumbnailUrl\":\"https:\/\/i0.wp.com\/www.todoalfalfa.com.ar\/noticias\/wp-content\/uploads\/2023\/12\/San-Luis-2.jpg?fit=1536%2C864&ssl=1\",\"datePublished\":\"2023-12-06T18:27:06+00:00\",\"dateModified\":\"2023-12-06T18:27:07+00:00\",\"breadcrumb\":{\"@id\":\"https:\/\/www.todoalfalfa.com.ar\/noticias\/san-luis-pone-en-marcha-una-compactadora-para-fardos\/#breadcrumb\"},\"inLanguage\":\"es\",\"potentialAction\":[{\"@type\":\"ReadAction\",\"target\":[\"https:\/\/www.todoalfalfa.com.ar\/noticias\/san-luis-pone-en-marcha-una-compactadora-para-fardos\/\"]}]},{\"@type\":\"ImageObject\",\"inLanguage\":\"es\",\"@id\":\"https:\/\/www.todoalfalfa.com.ar\/noticias\/san-luis-pone-en-marcha-una-compactadora-para-fardos\/#primaryimage\",\"url\":\"https:\/\/i0.wp.com\/www.todoalfalfa.com.ar\/noticias\/wp-content\/uploads\/2023\/12\/San-Luis-2.jpg?fit=1536%2C864&ssl=1\",\"contentUrl\":\"https:\/\/i0.wp.com\/www.todoalfalfa.com.ar\/noticias\/wp-content\/uploads\/2023\/12\/San-Luis-2.jpg?fit=1536%2C864&ssl=1\",\"width\":1536,\"height\":864},{\"@type\":\"BreadcrumbList\",\"@id\":\"https:\/\/www.todoalfalfa.com.ar\/noticias\/san-luis-pone-en-marcha-una-compactadora-para-fardos\/#breadcrumb\",\"itemListElement\":[{\"@type\":\"ListItem\",\"position\":1,\"name\":\"Principal\",\"item\":\"https:\/\/www.todoalfalfa.com.ar\/noticias\/\"},{\"@type\":\"ListItem\",\"position\":2,\"name\":\"San Luis pone en marcha una compactadora para fardos\"}]},{\"@type\":\"WebSite\",\"@id\":\"https:\/\/www.todoalfalfa.com.ar\/noticias\/#website\",\"url\":\"https:\/\/www.todoalfalfa.com.ar\/noticias\/\",\"name\":\"Todo Alfalfa\",\"description\":\"Web informativa de la cadena de la alfalfa argentina\",\"publisher\":{\"@id\":\"https:\/\/www.todoalfalfa.com.ar\/noticias\/#organization\"},\"potentialAction\":[{\"@type\":\"SearchAction\",\"target\":{\"@type\":\"EntryPoint\",\"urlTemplate\":\"https:\/\/www.todoalfalfa.com.ar\/noticias\/?s={search_term_string}\"},\"query-input\":{\"@type\":\"PropertyValueSpecification\",\"valueRequired\":true,\"valueName\":\"search_term_string\"}}],\"inLanguage\":\"es\"},{\"@type\":\"Organization\",\"@id\":\"https:\/\/www.todoalfalfa.com.ar\/noticias\/#organization\",\"name\":\"Todo Alfalfa\",\"url\":\"https:\/\/www.todoalfalfa.com.ar\/noticias\/\",\"logo\":{\"@type\":\"ImageObject\",\"inLanguage\":\"es\",\"@id\":\"https:\/\/www.todoalfalfa.com.ar\/noticias\/#\/schema\/logo\/image\/\",\"url\":\"https:\/\/www.todoalfalfa.com.ar\/noticias\/wp-content\/uploads\/2020\/09\/logo-todo-alfalfa-modificado.png\",\"contentUrl\":\"https:\/\/www.todoalfalfa.com.ar\/noticias\/wp-content\/uploads\/2020\/09\/logo-todo-alfalfa-modificado.png\",\"width\":350,\"height\":100,\"caption\":\"Todo Alfalfa\"},\"image\":{\"@id\":\"https:\/\/www.todoalfalfa.com.ar\/noticias\/#\/schema\/logo\/image\/\"},\"sameAs\":[\"https:\/\/www.facebook.com\/todoalfalfa\",\"https:\/\/www.instagram.com\/todoalfalfa\",\"https:\/\/www.youtube.com\/@TodoAlfalfa\",\"https:\/\/www.linkedin.com\/company\/todoalfalfa\/\"]},{\"@type\":\"Person\",\"@id\":\"https:\/\/www.todoalfalfa.com.ar\/noticias\/#\/schema\/person\/99de93cb711c7015ef658e5321ba9f18\",\"name\":\"Todo Alfalfa\",\"image\":{\"@type\":\"ImageObject\",\"inLanguage\":\"es\",\"@id\":\"https:\/\/www.todoalfalfa.com.ar\/noticias\/#\/schema\/person\/image\/\",\"url\":\"https:\/\/secure.gravatar.com\/avatar\/50ffd12fb7b268bc2467160730786602db252a270c63104e7c19b5f67b8dd346?s=96&d=mm&r=g\",\"contentUrl\":\"https:\/\/secure.gravatar.com\/avatar\/50ffd12fb7b268bc2467160730786602db252a270c63104e7c19b5f67b8dd346?s=96&d=mm&r=g\",\"caption\":\"Todo Alfalfa\"},\"url\":\"https:\/\/www.todoalfalfa.com.ar\/noticias\/author\/osvaldoiachetta\/\"}]}<\/script>\n<!-- \/ Yoast SEO plugin. -->","yoast_head_json":{"title":"San Luis pone en marcha una compactadora para fardos","robots":{"index":"index","follow":"follow","max-snippet":"max-snippet:-1","max-image-preview":"max-image-preview:large","max-video-preview":"max-video-preview:-1"},"canonical":"https:\/\/www.todoalfalfa.com.ar\/noticias\/san-luis-pone-en-marcha-una-compactadora-para-fardos\/","og_locale":"es_ES","og_type":"article","og_title":"San Luis pone en marcha una compactadora para fardos","og_description":"En el marco del Plan Plurianual de Alfalfa, en San Luis ya piensan en la campa\u00f1a 2024 y pusieron en marcha la cuarta planta mas importante del pa\u00eds. San Luis Log\u00edstica inaugur\u00f3 una nueva compactadora de alfalfa que expande los mercados.","og_url":"https:\/\/www.todoalfalfa.com.ar\/noticias\/san-luis-pone-en-marcha-una-compactadora-para-fardos\/","og_site_name":"Todo Alfalfa","article_publisher":"https:\/\/www.facebook.com\/todoalfalfa","article_published_time":"2023-12-06T18:27:06+00:00","article_modified_time":"2023-12-06T18:27:07+00:00","og_image":[{"width":1536,"height":864,"url":"https:\/\/www.todoalfalfa.com.ar\/noticias\/wp-content\/uploads\/2023\/12\/San-Luis-2.jpg","type":"image\/jpeg"}],"author":"Todo Alfalfa","twitter_card":"summary_large_image","twitter_misc":{"Escrito por":"Todo Alfalfa","Tiempo de lectura":"3 minutos"},"schema":{"@context":"https:\/\/schema.org","@graph":[{"@type":"NewsArticle","@id":"https:\/\/www.todoalfalfa.com.ar\/noticias\/san-luis-pone-en-marcha-una-compactadora-para-fardos\/#article","isPartOf":{"@id":"https:\/\/www.todoalfalfa.com.ar\/noticias\/san-luis-pone-en-marcha-una-compactadora-para-fardos\/"},"author":{"name":"Todo Alfalfa","@id":"https:\/\/www.todoalfalfa.com.ar\/noticias\/#\/schema\/person\/99de93cb711c7015ef658e5321ba9f18"},"headline":"San Luis pone en marcha una compactadora para fardos","datePublished":"2023-12-06T18:27:06+00:00","dateModified":"2023-12-06T18:27:07+00:00","mainEntityOfPage":{"@id":"https:\/\/www.todoalfalfa.com.ar\/noticias\/san-luis-pone-en-marcha-una-compactadora-para-fardos\/"},"wordCount":434,"publisher":{"@id":"https:\/\/www.todoalfalfa.com.ar\/noticias\/#organization"},"image":{"@id":"https:\/\/www.todoalfalfa.com.ar\/noticias\/san-luis-pone-en-marcha-una-compactadora-para-fardos\/#primaryimage"},"thumbnailUrl":"https:\/\/i0.wp.com\/www.todoalfalfa.com.ar\/noticias\/wp-content\/uploads\/2023\/12\/San-Luis-2.jpg?fit=1536%2C864&ssl=1","keywords":["alfalfa","compactadora","fardos","producci\u00f3n","San Luis"],"articleSection":["Generales"],"inLanguage":"es"},{"@type":["WebPage","ItemPage"],"@id":"https:\/\/www.todoalfalfa.com.ar\/noticias\/san-luis-pone-en-marcha-una-compactadora-para-fardos\/","url":"https:\/\/www.todoalfalfa.com.ar\/noticias\/san-luis-pone-en-marcha-una-compactadora-para-fardos\/","name":"San Luis pone en marcha una compactadora para fardos","isPartOf":{"@id":"https:\/\/www.todoalfalfa.com.ar\/noticias\/#website"},"primaryImageOfPage":{"@id":"https:\/\/www.todoalfalfa.com.ar\/noticias\/san-luis-pone-en-marcha-una-compactadora-para-fardos\/#primaryimage"},"image":{"@id":"https:\/\/www.todoalfalfa.com.ar\/noticias\/san-luis-pone-en-marcha-una-compactadora-para-fardos\/#primaryimage"},"thumbnailUrl":"https:\/\/i0.wp.com\/www.todoalfalfa.com.ar\/noticias\/wp-content\/uploads\/2023\/12\/San-Luis-2.jpg?fit=1536%2C864&ssl=1","datePublished":"2023-12-06T18:27:06+00:00","dateModified":"2023-12-06T18:27:07+00:00","breadcrumb":{"@id":"https:\/\/www.todoalfalfa.com.ar\/noticias\/san-luis-pone-en-marcha-una-compactadora-para-fardos\/#breadcrumb"},"inLanguage":"es","potentialAction":[{"@type":"ReadAction","target":["https:\/\/www.todoalfalfa.com.ar\/noticias\/san-luis-pone-en-marcha-una-compactadora-para-fardos\/"]}]},{"@type":"ImageObject","inLanguage":"es","@id":"https:\/\/www.todoalfalfa.com.ar\/noticias\/san-luis-pone-en-marcha-una-compactadora-para-fardos\/#primaryimage","url":"https:\/\/i0.wp.com\/www.todoalfalfa.com.ar\/noticias\/wp-content\/uploads\/2023\/12\/San-Luis-2.jpg?fit=1536%2C864&ssl=1","contentUrl":"https:\/\/i0.wp.com\/www.todoalfalfa.com.ar\/noticias\/wp-content\/uploads\/2023\/12\/San-Luis-2.jpg?fit=1536%2C864&ssl=1","width":1536,"height":864},{"@type":"BreadcrumbList","@id":"https:\/\/www.todoalfalfa.com.ar\/noticias\/san-luis-pone-en-marcha-una-compactadora-para-fardos\/#breadcrumb","itemListElement":[{"@type":"ListItem","position":1,"name":"Principal","item":"https:\/\/www.todoalfalfa.com.ar\/noticias\/"},{"@type":"ListItem","position":2,"name":"San Luis pone en marcha una compactadora para fardos"}]},{"@type":"WebSite","@id":"https:\/\/www.todoalfalfa.com.ar\/noticias\/#website","url":"https:\/\/www.todoalfalfa.com.ar\/noticias\/","name":"Todo Alfalfa","description":"Web informativa de la cadena de la alfalfa argentina","publisher":{"@id":"https:\/\/www.todoalfalfa.com.ar\/noticias\/#organization"},"potentialAction":[{"@type":"SearchAction","target":{"@type":"EntryPoint","urlTemplate":"https:\/\/www.todoalfalfa.com.ar\/noticias\/?s={search_term_string}"},"query-input":{"@type":"PropertyValueSpecification","valueRequired":true,"valueName":"search_term_string"}}],"inLanguage":"es"},{"@type":"Organization","@id":"https:\/\/www.todoalfalfa.com.ar\/noticias\/#organization","name":"Todo Alfalfa","url":"https:\/\/www.todoalfalfa.com.ar\/noticias\/","logo":{"@type":"ImageObject","inLanguage":"es","@id":"https:\/\/www.todoalfalfa.com.ar\/noticias\/#\/schema\/logo\/image\/","url":"https:\/\/www.todoalfalfa.com.ar\/noticias\/wp-content\/uploads\/2020\/09\/logo-todo-alfalfa-modificado.png","contentUrl":"https:\/\/www.todoalfalfa.com.ar\/noticias\/wp-content\/uploads\/2020\/09\/logo-todo-alfalfa-modificado.png","width":350,"height":100,"caption":"Todo Alfalfa"},"image":{"@id":"https:\/\/www.todoalfalfa.com.ar\/noticias\/#\/schema\/logo\/image\/"},"sameAs":["https:\/\/www.facebook.com\/todoalfalfa","https:\/\/www.instagram.com\/todoalfalfa","https:\/\/www.youtube.com\/@TodoAlfalfa","https:\/\/www.linkedin.com\/company\/todoalfalfa\/"]},{"@type":"Person","@id":"https:\/\/www.todoalfalfa.com.ar\/noticias\/#\/schema\/person\/99de93cb711c7015ef658e5321ba9f18","name":"Todo Alfalfa","image":{"@type":"ImageObject","inLanguage":"es","@id":"https:\/\/www.todoalfalfa.com.ar\/noticias\/#\/schema\/person\/image\/","url":"https:\/\/secure.gravatar.com\/avatar\/50ffd12fb7b268bc2467160730786602db252a270c63104e7c19b5f67b8dd346?s=96&d=mm&r=g","contentUrl":"https:\/\/secure.gravatar.com\/avatar\/50ffd12fb7b268bc2467160730786602db252a270c63104e7c19b5f67b8dd346?s=96&d=mm&r=g","caption":"Todo Alfalfa"},"url":"https:\/\/www.todoalfalfa.com.ar\/noticias\/author\/osvaldoiachetta\/"}]}},"jetpack_featured_media_url":"https:\/\/i0.wp.com\/www.todoalfalfa.com.ar\/noticias\/wp-content\/uploads\/2023\/12\/San-Luis-2.jpg?fit=1536%2C864&ssl=1","wps_subtitle":"","jetpack_sharing_enabled":true,"_links":{"self":[{"href":"https:\/\/www.todoalfalfa.com.ar\/noticias\/wp-json\/wp\/v2\/posts\/46356","targetHints":{"allow":["GET"]}}],"collection":[{"href":"https:\/\/www.todoalfalfa.com.ar\/noticias\/wp-json\/wp\/v2\/posts"}],"about":[{"href":"https:\/\/www.todoalfalfa.com.ar\/noticias\/wp-json\/wp\/v2\/types\/post"}],"author":[{"embeddable":true,"href":"https:\/\/www.todoalfalfa.com.ar\/noticias\/wp-json\/wp\/v2\/users\/9"}],"replies":[{"embeddable":true,"href":"https:\/\/www.todoalfalfa.com.ar\/noticias\/wp-json\/wp\/v2\/comments?post=46356"}],"version-history":[{"count":1,"href":"https:\/\/www.todoalfalfa.com.ar\/noticias\/wp-json\/wp\/v2\/posts\/46356\/revisions"}],"predecessor-version":[{"id":46360,"href":"https:\/\/www.todoalfalfa.com.ar\/noticias\/wp-json\/wp\/v2\/posts\/46356\/revisions\/46360"}],"wp:featuredmedia":[{"embeddable":true,"href":"https:\/\/www.todoalfalfa.com.ar\/noticias\/wp-json\/wp\/v2\/media\/46358"}],"wp:attachment":[{"href":"https:\/\/www.todoalfalfa.com.ar\/noticias\/wp-json\/wp\/v2\/media?parent=46356"}],"wp:term":[{"taxonomy":"category","embeddable":true,"href":"https:\/\/www.todoalfalfa.com.ar\/noticias\/wp-json\/wp\/v2\/categories?post=46356"},{"taxonomy":"post_tag","embeddable":true,"href":"https:\/\/www.todoalfalfa.com.ar\/noticias\/wp-json\/wp\/v2\/tags?post=46356"}],"curies":[{"name":"wp","href":"https:\/\/api.w.org\/{rel}","templated":true}]}}