{"id":46384,"date":"2023-12-11T16:07:42","date_gmt":"2023-12-11T19:07:42","guid":{"rendered":"https:\/\/www.todoalfalfa.com.ar\/noticias\/?p=46384"},"modified":"2023-12-11T16:07:43","modified_gmt":"2023-12-11T19:07:43","slug":"la-importancia-de-los-cultivos-de-cobertura","status":"publish","type":"post","link":"https:\/\/www.todoalfalfa.com.ar\/noticias\/la-importancia-de-los-cultivos-de-cobertura\/","title":{"rendered":"La importancia de los cultivos de cobertura"},"content":{"rendered":"\n<p>La causa principal de la erosi\u00f3n h\u00eddrica en las tierras cultivadas es la acci\u00f3n de las precipitaciones directamente sobre el suelo. En un contexto en el que se prev\u00e9 pron\u00f3stico de lluvias abundantes, investigadores del INTA destacan que la incorporaci\u00f3n de cultivos de cobertura en secuencias agr\u00edcolas de verano permitir\u00eda disminuir significativamente esas p\u00e9rdidas y apuntar a una mayor productividad de los cultivos y a la sustentabilidad de los sistemas.<\/p>\n\n\n\n<p>Los datos de la investigaci\u00f3n arrojaron que las p\u00e9rdidas totales de suelo en las parcelas de soja sin cultivos de cobertura fueron de 1042 kilos por hect\u00e1rea, mientras que esas p\u00e9rdidas se redujeron a 165 kilos por hect\u00e1rea en las parcelas de soja con cultivos de cobertura. En lo particular, con cultivos de cobertura, las p\u00e9rdidas de materia org\u00e1nica se redujeron un 77 %, las p\u00e9rdidas de nitr\u00f3geno total un 82 % y las de f\u00f3sforo extractable un 58 %.<\/p>\n\n\n\n<p>Julia Capurro \u2013especialista en cultivos de cobertura\u2013 explic\u00f3 que: \u201cEl suelo se pierde de acuerdo a la potencia que tiene la lluvia para erosionarlo y a su capacidad para soportar esa lluvia. Como la erosi\u00f3n es un proceso de superficie, las caracter\u00edsticas f\u00edsicas de la capa superficial del suelo son las que definir\u00e1n las p\u00e9rdidas totales de suelo y agua\u201d.&nbsp;<\/p>\n\n\n\n<p>El impacto de las gotas de lluvia puede ser muy erosivo cuando golpea sobre la superficie del suelo sin vegetaci\u00f3n. De esta forma la gota de lluvia tiene un efecto de desagregaci\u00f3n de las part\u00edculas del suelo y tambi\u00e9n de consolidaci\u00f3n, formando superficialmente lo que los productores llaman \u201ccostra\u201d.<\/p>\n\n\n\n<p>Una vez dispersas las part\u00edculas de suelo son arrastradas por los escurrimientos superficiales hacia las zonas m\u00e1s bajas de los lotes. De esta forma se pierden importantes cantidades de materia org\u00e1nica y de nutrientes de los suelos, formando parte de los escurrimientos superficiales, incluso en sistemas de siembra directa.<\/p>\n\n\n\n<p>El estudio sobre la evaluaci\u00f3n de las p\u00e9rdidas de materia org\u00e1nica y nutrientes por erosi\u00f3n h\u00eddrica en monocultivo de soja \u201cdemostr\u00f3 que los cultivos de cobertura en base a una mezcla de Vicia sativa y Avena sativa, implantados como antecesores de soja de primera, anclados por sus ra\u00edces al suelo \u2013a diferencia de los rastrojos trozados de cosecha\u2013 disminuyeron significativamente la formaci\u00f3n de escurrimientos superficiales, la p\u00e9rdida de sedimentos y, como parte de ellos, disminuyeron significativamente las p\u00e9rdidas de materia org\u00e1nica y nutrientes del suelo\u201d, detall\u00f3 Capurro, quien realiz\u00f3 la investigaci\u00f3n en el marco de un estudio de posgrado financiado por el INTA.&nbsp;<\/p>\n\n\n\n<p>En la investigaci\u00f3n se aplic\u00f3 una lluvia simulada de 60 mililitros por hora \u2013de las cuales en la regi\u00f3n se producen, en promedio, 9 por a\u00f1o\u2013 a los 30 d\u00edas de la implantaci\u00f3n de un cultivo de soja de primera.<\/p>\n\n\n\n<p>Capurro destac\u00f3 que \u201cse perdieron en el ambiente de media loma \u2013que presentaba una pendiente media de 0,9 %\u2013, 71,17 kilos por hect\u00e1rea de materia org\u00e1nica en las parcelas de soja sin cultivos de cobertura, mientras que esa p\u00e9rdida se redujo a 16,6 kilos por hect\u00e1rea de materia org\u00e1nica en las parcelas de soja con cultivos de cobertura. De esta forma, con cultivos de cobertura las p\u00e9rdidas de materia org\u00e1nica se redujeron un 77 %\u201d.&nbsp;<\/p>\n\n\n\n<p>Con respecto al nitr\u00f3geno total, la investigadora explic\u00f3, \u201cse perdieron en el ambiente de media loma, 4,56 kilos por hect\u00e1rea en las parcelas de soja sin cultivos de cobertura reduci\u00e9ndose ese valor a 0,83 kilos por hect\u00e1rea en las parcelas con cultivos de cobertura. As\u00ed, con cultivos de cobertura las p\u00e9rdidas de nitr\u00f3geno total se redujeron un 82 %\u201d.<\/p>\n\n\n\n<p>Y agreg\u00f3: \u201cEn referencia al f\u00f3sforo extractable se perdieron en el ambiente de media loma 87,33 gramos por hect\u00e1rea en las parcelas de soja sin cultivos de cobertura reduci\u00e9ndose ese valor a 36,67 gramos por hect\u00e1rea en las parcelas con cultivos de cobertura. De manera que con cultivos de cobertura, las p\u00e9rdidas de f\u00f3sforo extractable se redujeron un 58 %\u201d.<\/p>\n\n\n\n<p>En general, como resultado de la lluvia aplicada dentro de la investigaci\u00f3n, se registraron p\u00e9rdidas totales de suelo de 1042 kilos por hect\u00e1rea en las parcelas de soja sin cultivos de cobertura, mientras que esas p\u00e9rdidas se redujeron a 165 kg por hect\u00e1rea en las parcelas de soja con cultivos de cobertura.<\/p>\n\n\n\n<p>Capurro aclar\u00f3 que los escurrimientos superficiales generados al aplicarse las lluvias simuladas tuvieron tiempos de inicio muy diferentes seg\u00fan la presencia de cobertura en las parcelas. \u201cMientras que en las parcelas de soja sin cultivos de cobertura, los escurrimientos superficiales dieron inicio en promedio a los 8 minutos, en las parcelas con cobertura vegetal el inicio de los escurrimientos se demor\u00f3 hasta los 35 minutos en promedio\u201d.<\/p>\n\n\n\n<p>Esto demostr\u00f3 la mayor infiltraci\u00f3n acumulada de agua de lluvia en las parcelas con cultivos de cobertura, es decir, la cubierta vegetal, generada por los cultivos de cobertura demor\u00f3 el tiempo en que comenzaron a colectarse los escurrimientos de las lluvias aplicadas.<\/p>\n\n\n\n<p class=\"has-medium-font-size\">Los cultivos de cobertura, clave<\/p>\n\n\n\n<p>La densidad de la vegetaci\u00f3n lograda por los cultivos de cobertura y la contribuci\u00f3n de sus ra\u00edces como v\u00edas de ingreso del agua hacia estratos m\u00e1s profundos impide la formaci\u00f3n de costras y aumenta la posibilidad de infiltraci\u00f3n del agua de lluvia.&nbsp;<\/p>\n\n\n\n<p>Durante la campa\u00f1a 2022\/2023 la superficie implantada con cultivos estivales de primera \u2013soja, ma\u00edz, sorgo y girasol\u2013 en los departamentos Belgrano e Iriondo del sur de la provincia de Santa Fe, seg\u00fan los datos publicados por la Direcci\u00f3n de Estimaciones Agr\u00edcolas de la SAGyP, represent\u00f3 casi cuatro veces \u2013383,730 hect\u00e1reas\u2013 la superficie implantada con trigo \u201398,258 hect\u00e1reas\u2013.<\/p>\n\n\n\n<p>\u201cEsto es una muestra de la magnitud del \u00e1rea manejada con rotaciones de cultivos de verano en la regi\u00f3n, y permite dimensionar la superficie que podr\u00eda ser afectada por procesos de erosi\u00f3n h\u00eddrica en campa\u00f1as con pron\u00f3sticos de lluvias como la presente\u201d, destac\u00f3 Capurro y agreg\u00f3, \u201cen estas secuencias estivales, la incorporaci\u00f3n de pr\u00e1cticas como los cultivos de cobertura, podr\u00eda disminuir dr\u00e1sticamente las p\u00e9rdidas de agua, materia org\u00e1nica y nutrientes,&nbsp; fundamentales no solo para la producci\u00f3n agr\u00edcola sino para la sustentabilidad de estos ambientes productivos\u201d.<\/p>\n\n\n\n<p>En los suelos ondulados destinados a la producci\u00f3n agr\u00edcola del sur de la provincia de Santa Fe, la erosi\u00f3n h\u00eddrica genera todos los a\u00f1os, p\u00e9rdidas de suelo y agua de gran magnitud, vitales para la productividad de esos ambientes.<\/p>\n\n\n\n<p>\u201cComo demuestra el estudio, junto con el agua perdida se van nutrientes esenciales para el crecimiento y desarrollo de los cultivos. La incorporaci\u00f3n de cultivos de cobertura en secuencias agr\u00edcolas de cultivos de verano permitir\u00eda disminuir significativamente esas p\u00e9rdidas, apuntando a una mayor productividad de los cultivos y a la sustentabilidad de los sistemas productivos predominantes\u201d, concluy\u00f3 Capurro.\u00a0<\/p>\n\n\n\n<p>Fuente: <a href=\"https:\/\/intainforma.inta.gob.ar\/los-cultivos-de-cobertura-reducen-hasta-un-70-las-perdidas-de-materia-organica\/\" target=\"_blank\" rel=\"noreferrer noopener\">Inta<\/a><\/p>\n<div class=\"todoalfalfa-final-de-la-nota\" id=\"todoalfalfa-413067200\"><a href=\"https:\/\/www.whatsapp.com\/channel\/0029VbCBmFB9WtBxJsD3eC2i\" target=\"_blank\" aria-label=\"5\"><img src=\"https:\/\/i0.wp.com\/www.todoalfalfa.com.ar\/noticias\/wp-content\/uploads\/2026\/04\/5.gif?fit=728%2C90&#038;ssl=1\" alt=\"\"  width=\"728\" height=\"90\"   \/><\/a><\/div>","protected":false},"excerpt":{"rendered":"<p>Una investigaci\u00f3n del INTA permiti\u00f3 evaluar los da\u00f1os que provoca la erosi\u00f3n h\u00eddrica. El mismo determina que esos cultivos reducen hasta un 70 por ciento las p\u00e9rdidas de materias org\u00e1nicas.<\/p>\n","protected":false},"author":9,"featured_media":46385,"comment_status":"closed","ping_status":"open","sticky":false,"template":"","format":"standard","meta":{"jetpack_post_was_ever_published":false,"_jetpack_newsletter_access":"","_jetpack_dont_email_post_to_subs":false,"_jetpack_newsletter_tier_id":0,"_jetpack_memberships_contains_paywalled_content":false,"_jetpack_memberships_contains_paid_content":false,"footnotes":""},"categories":[2],"tags":[1591,1592,1593,658],"class_list":["post-46384","post","type-post","status-publish","format-standard","has-post-thumbnail","hentry","category-generales","tag-cultivo-cobertura","tag-erosion-hidrica","tag-pastos","tag-suelo"],"yoast_head":"<!-- This site is optimized with the Yoast SEO plugin v25.5 - https:\/\/yoast.com\/wordpress\/plugins\/seo\/ -->\n<title>La importancia de los cultivos de cobertura<\/title>\n<meta name=\"robots\" content=\"index, follow, max-snippet:-1, max-image-preview:large, max-video-preview:-1\" \/>\n<link rel=\"canonical\" href=\"https:\/\/www.todoalfalfa.com.ar\/noticias\/la-importancia-de-los-cultivos-de-cobertura\/\" \/>\n<meta property=\"og:locale\" content=\"es_ES\" \/>\n<meta property=\"og:type\" content=\"article\" \/>\n<meta property=\"og:title\" content=\"La importancia de los cultivos de cobertura\" \/>\n<meta property=\"og:description\" content=\"Una investigaci\u00f3n del INTA permiti\u00f3 evaluar los da\u00f1os que provoca la erosi\u00f3n h\u00eddrica. El mismo determina que esos cultivos reducen hasta un 70 por ciento las p\u00e9rdidas de materias org\u00e1nicas.\" \/>\n<meta property=\"og:url\" content=\"https:\/\/www.todoalfalfa.com.ar\/noticias\/la-importancia-de-los-cultivos-de-cobertura\/\" \/>\n<meta property=\"og:site_name\" content=\"Todo Alfalfa\" \/>\n<meta property=\"article:publisher\" content=\"https:\/\/www.facebook.com\/todoalfalfa\" \/>\n<meta property=\"article:published_time\" content=\"2023-12-11T19:07:42+00:00\" \/>\n<meta property=\"article:modified_time\" content=\"2023-12-11T19:07:43+00:00\" \/>\n<meta property=\"og:image\" content=\"https:\/\/www.todoalfalfa.com.ar\/noticias\/wp-content\/uploads\/2023\/12\/Cultivo-de-cobertura.jpg\" \/>\n\t<meta property=\"og:image:width\" content=\"800\" \/>\n\t<meta property=\"og:image:height\" content=\"754\" \/>\n\t<meta property=\"og:image:type\" content=\"image\/jpeg\" \/>\n<meta name=\"author\" content=\"Todo Alfalfa\" \/>\n<meta name=\"twitter:card\" content=\"summary_large_image\" \/>\n<meta name=\"twitter:label1\" content=\"Escrito por\" \/>\n\t<meta name=\"twitter:data1\" content=\"Todo Alfalfa\" \/>\n\t<meta name=\"twitter:label2\" content=\"Tiempo de lectura\" \/>\n\t<meta name=\"twitter:data2\" content=\"6 minutos\" \/>\n<script type=\"application\/ld+json\" class=\"yoast-schema-graph\">{\"@context\":\"https:\/\/schema.org\",\"@graph\":[{\"@type\":\"NewsArticle\",\"@id\":\"https:\/\/www.todoalfalfa.com.ar\/noticias\/la-importancia-de-los-cultivos-de-cobertura\/#article\",\"isPartOf\":{\"@id\":\"https:\/\/www.todoalfalfa.com.ar\/noticias\/la-importancia-de-los-cultivos-de-cobertura\/\"},\"author\":{\"name\":\"Todo Alfalfa\",\"@id\":\"https:\/\/www.todoalfalfa.com.ar\/noticias\/#\/schema\/person\/99de93cb711c7015ef658e5321ba9f18\"},\"headline\":\"La importancia de los cultivos de cobertura\",\"datePublished\":\"2023-12-11T19:07:42+00:00\",\"dateModified\":\"2023-12-11T19:07:43+00:00\",\"mainEntityOfPage\":{\"@id\":\"https:\/\/www.todoalfalfa.com.ar\/noticias\/la-importancia-de-los-cultivos-de-cobertura\/\"},\"wordCount\":1185,\"publisher\":{\"@id\":\"https:\/\/www.todoalfalfa.com.ar\/noticias\/#organization\"},\"image\":{\"@id\":\"https:\/\/www.todoalfalfa.com.ar\/noticias\/la-importancia-de-los-cultivos-de-cobertura\/#primaryimage\"},\"thumbnailUrl\":\"https:\/\/i0.wp.com\/www.todoalfalfa.com.ar\/noticias\/wp-content\/uploads\/2023\/12\/Cultivo-de-cobertura.jpg?fit=800%2C754&ssl=1\",\"keywords\":[\"Cultivo Cobertura\",\"Erosi\u00f3n H\u00eddrica\",\"Pastos\",\"suelo\"],\"articleSection\":[\"Generales\"],\"inLanguage\":\"es\"},{\"@type\":[\"WebPage\",\"ItemPage\"],\"@id\":\"https:\/\/www.todoalfalfa.com.ar\/noticias\/la-importancia-de-los-cultivos-de-cobertura\/\",\"url\":\"https:\/\/www.todoalfalfa.com.ar\/noticias\/la-importancia-de-los-cultivos-de-cobertura\/\",\"name\":\"La importancia de los cultivos de cobertura\",\"isPartOf\":{\"@id\":\"https:\/\/www.todoalfalfa.com.ar\/noticias\/#website\"},\"primaryImageOfPage\":{\"@id\":\"https:\/\/www.todoalfalfa.com.ar\/noticias\/la-importancia-de-los-cultivos-de-cobertura\/#primaryimage\"},\"image\":{\"@id\":\"https:\/\/www.todoalfalfa.com.ar\/noticias\/la-importancia-de-los-cultivos-de-cobertura\/#primaryimage\"},\"thumbnailUrl\":\"https:\/\/i0.wp.com\/www.todoalfalfa.com.ar\/noticias\/wp-content\/uploads\/2023\/12\/Cultivo-de-cobertura.jpg?fit=800%2C754&ssl=1\",\"datePublished\":\"2023-12-11T19:07:42+00:00\",\"dateModified\":\"2023-12-11T19:07:43+00:00\",\"breadcrumb\":{\"@id\":\"https:\/\/www.todoalfalfa.com.ar\/noticias\/la-importancia-de-los-cultivos-de-cobertura\/#breadcrumb\"},\"inLanguage\":\"es\",\"potentialAction\":[{\"@type\":\"ReadAction\",\"target\":[\"https:\/\/www.todoalfalfa.com.ar\/noticias\/la-importancia-de-los-cultivos-de-cobertura\/\"]}]},{\"@type\":\"ImageObject\",\"inLanguage\":\"es\",\"@id\":\"https:\/\/www.todoalfalfa.com.ar\/noticias\/la-importancia-de-los-cultivos-de-cobertura\/#primaryimage\",\"url\":\"https:\/\/i0.wp.com\/www.todoalfalfa.com.ar\/noticias\/wp-content\/uploads\/2023\/12\/Cultivo-de-cobertura.jpg?fit=800%2C754&ssl=1\",\"contentUrl\":\"https:\/\/i0.wp.com\/www.todoalfalfa.com.ar\/noticias\/wp-content\/uploads\/2023\/12\/Cultivo-de-cobertura.jpg?fit=800%2C754&ssl=1\",\"width\":800,\"height\":754},{\"@type\":\"BreadcrumbList\",\"@id\":\"https:\/\/www.todoalfalfa.com.ar\/noticias\/la-importancia-de-los-cultivos-de-cobertura\/#breadcrumb\",\"itemListElement\":[{\"@type\":\"ListItem\",\"position\":1,\"name\":\"Principal\",\"item\":\"https:\/\/www.todoalfalfa.com.ar\/noticias\/\"},{\"@type\":\"ListItem\",\"position\":2,\"name\":\"La importancia de los cultivos de cobertura\"}]},{\"@type\":\"WebSite\",\"@id\":\"https:\/\/www.todoalfalfa.com.ar\/noticias\/#website\",\"url\":\"https:\/\/www.todoalfalfa.com.ar\/noticias\/\",\"name\":\"Todo Alfalfa\",\"description\":\"Web informativa de la cadena de la alfalfa argentina\",\"publisher\":{\"@id\":\"https:\/\/www.todoalfalfa.com.ar\/noticias\/#organization\"},\"potentialAction\":[{\"@type\":\"SearchAction\",\"target\":{\"@type\":\"EntryPoint\",\"urlTemplate\":\"https:\/\/www.todoalfalfa.com.ar\/noticias\/?s={search_term_string}\"},\"query-input\":{\"@type\":\"PropertyValueSpecification\",\"valueRequired\":true,\"valueName\":\"search_term_string\"}}],\"inLanguage\":\"es\"},{\"@type\":\"Organization\",\"@id\":\"https:\/\/www.todoalfalfa.com.ar\/noticias\/#organization\",\"name\":\"Todo Alfalfa\",\"url\":\"https:\/\/www.todoalfalfa.com.ar\/noticias\/\",\"logo\":{\"@type\":\"ImageObject\",\"inLanguage\":\"es\",\"@id\":\"https:\/\/www.todoalfalfa.com.ar\/noticias\/#\/schema\/logo\/image\/\",\"url\":\"https:\/\/www.todoalfalfa.com.ar\/noticias\/wp-content\/uploads\/2020\/09\/logo-todo-alfalfa-modificado.png\",\"contentUrl\":\"https:\/\/www.todoalfalfa.com.ar\/noticias\/wp-content\/uploads\/2020\/09\/logo-todo-alfalfa-modificado.png\",\"width\":350,\"height\":100,\"caption\":\"Todo Alfalfa\"},\"image\":{\"@id\":\"https:\/\/www.todoalfalfa.com.ar\/noticias\/#\/schema\/logo\/image\/\"},\"sameAs\":[\"https:\/\/www.facebook.com\/todoalfalfa\",\"https:\/\/www.instagram.com\/todoalfalfa\",\"https:\/\/www.youtube.com\/@TodoAlfalfa\",\"https:\/\/www.linkedin.com\/company\/todoalfalfa\/\"]},{\"@type\":\"Person\",\"@id\":\"https:\/\/www.todoalfalfa.com.ar\/noticias\/#\/schema\/person\/99de93cb711c7015ef658e5321ba9f18\",\"name\":\"Todo Alfalfa\",\"image\":{\"@type\":\"ImageObject\",\"inLanguage\":\"es\",\"@id\":\"https:\/\/www.todoalfalfa.com.ar\/noticias\/#\/schema\/person\/image\/\",\"url\":\"https:\/\/secure.gravatar.com\/avatar\/50ffd12fb7b268bc2467160730786602db252a270c63104e7c19b5f67b8dd346?s=96&d=mm&r=g\",\"contentUrl\":\"https:\/\/secure.gravatar.com\/avatar\/50ffd12fb7b268bc2467160730786602db252a270c63104e7c19b5f67b8dd346?s=96&d=mm&r=g\",\"caption\":\"Todo Alfalfa\"},\"url\":\"https:\/\/www.todoalfalfa.com.ar\/noticias\/author\/osvaldoiachetta\/\"}]}<\/script>\n<!-- \/ Yoast SEO plugin. -->","yoast_head_json":{"title":"La importancia de los cultivos de cobertura","robots":{"index":"index","follow":"follow","max-snippet":"max-snippet:-1","max-image-preview":"max-image-preview:large","max-video-preview":"max-video-preview:-1"},"canonical":"https:\/\/www.todoalfalfa.com.ar\/noticias\/la-importancia-de-los-cultivos-de-cobertura\/","og_locale":"es_ES","og_type":"article","og_title":"La importancia de los cultivos de cobertura","og_description":"Una investigaci\u00f3n del INTA permiti\u00f3 evaluar los da\u00f1os que provoca la erosi\u00f3n h\u00eddrica. El mismo determina que esos cultivos reducen hasta un 70 por ciento las p\u00e9rdidas de materias org\u00e1nicas.","og_url":"https:\/\/www.todoalfalfa.com.ar\/noticias\/la-importancia-de-los-cultivos-de-cobertura\/","og_site_name":"Todo Alfalfa","article_publisher":"https:\/\/www.facebook.com\/todoalfalfa","article_published_time":"2023-12-11T19:07:42+00:00","article_modified_time":"2023-12-11T19:07:43+00:00","og_image":[{"width":800,"height":754,"url":"https:\/\/www.todoalfalfa.com.ar\/noticias\/wp-content\/uploads\/2023\/12\/Cultivo-de-cobertura.jpg","type":"image\/jpeg"}],"author":"Todo Alfalfa","twitter_card":"summary_large_image","twitter_misc":{"Escrito por":"Todo Alfalfa","Tiempo de lectura":"6 minutos"},"schema":{"@context":"https:\/\/schema.org","@graph":[{"@type":"NewsArticle","@id":"https:\/\/www.todoalfalfa.com.ar\/noticias\/la-importancia-de-los-cultivos-de-cobertura\/#article","isPartOf":{"@id":"https:\/\/www.todoalfalfa.com.ar\/noticias\/la-importancia-de-los-cultivos-de-cobertura\/"},"author":{"name":"Todo Alfalfa","@id":"https:\/\/www.todoalfalfa.com.ar\/noticias\/#\/schema\/person\/99de93cb711c7015ef658e5321ba9f18"},"headline":"La importancia de los cultivos de cobertura","datePublished":"2023-12-11T19:07:42+00:00","dateModified":"2023-12-11T19:07:43+00:00","mainEntityOfPage":{"@id":"https:\/\/www.todoalfalfa.com.ar\/noticias\/la-importancia-de-los-cultivos-de-cobertura\/"},"wordCount":1185,"publisher":{"@id":"https:\/\/www.todoalfalfa.com.ar\/noticias\/#organization"},"image":{"@id":"https:\/\/www.todoalfalfa.com.ar\/noticias\/la-importancia-de-los-cultivos-de-cobertura\/#primaryimage"},"thumbnailUrl":"https:\/\/i0.wp.com\/www.todoalfalfa.com.ar\/noticias\/wp-content\/uploads\/2023\/12\/Cultivo-de-cobertura.jpg?fit=800%2C754&ssl=1","keywords":["Cultivo Cobertura","Erosi\u00f3n H\u00eddrica","Pastos","suelo"],"articleSection":["Generales"],"inLanguage":"es"},{"@type":["WebPage","ItemPage"],"@id":"https:\/\/www.todoalfalfa.com.ar\/noticias\/la-importancia-de-los-cultivos-de-cobertura\/","url":"https:\/\/www.todoalfalfa.com.ar\/noticias\/la-importancia-de-los-cultivos-de-cobertura\/","name":"La importancia de los cultivos de cobertura","isPartOf":{"@id":"https:\/\/www.todoalfalfa.com.ar\/noticias\/#website"},"primaryImageOfPage":{"@id":"https:\/\/www.todoalfalfa.com.ar\/noticias\/la-importancia-de-los-cultivos-de-cobertura\/#primaryimage"},"image":{"@id":"https:\/\/www.todoalfalfa.com.ar\/noticias\/la-importancia-de-los-cultivos-de-cobertura\/#primaryimage"},"thumbnailUrl":"https:\/\/i0.wp.com\/www.todoalfalfa.com.ar\/noticias\/wp-content\/uploads\/2023\/12\/Cultivo-de-cobertura.jpg?fit=800%2C754&ssl=1","datePublished":"2023-12-11T19:07:42+00:00","dateModified":"2023-12-11T19:07:43+00:00","breadcrumb":{"@id":"https:\/\/www.todoalfalfa.com.ar\/noticias\/la-importancia-de-los-cultivos-de-cobertura\/#breadcrumb"},"inLanguage":"es","potentialAction":[{"@type":"ReadAction","target":["https:\/\/www.todoalfalfa.com.ar\/noticias\/la-importancia-de-los-cultivos-de-cobertura\/"]}]},{"@type":"ImageObject","inLanguage":"es","@id":"https:\/\/www.todoalfalfa.com.ar\/noticias\/la-importancia-de-los-cultivos-de-cobertura\/#primaryimage","url":"https:\/\/i0.wp.com\/www.todoalfalfa.com.ar\/noticias\/wp-content\/uploads\/2023\/12\/Cultivo-de-cobertura.jpg?fit=800%2C754&ssl=1","contentUrl":"https:\/\/i0.wp.com\/www.todoalfalfa.com.ar\/noticias\/wp-content\/uploads\/2023\/12\/Cultivo-de-cobertura.jpg?fit=800%2C754&ssl=1","width":800,"height":754},{"@type":"BreadcrumbList","@id":"https:\/\/www.todoalfalfa.com.ar\/noticias\/la-importancia-de-los-cultivos-de-cobertura\/#breadcrumb","itemListElement":[{"@type":"ListItem","position":1,"name":"Principal","item":"https:\/\/www.todoalfalfa.com.ar\/noticias\/"},{"@type":"ListItem","position":2,"name":"La importancia de los cultivos de cobertura"}]},{"@type":"WebSite","@id":"https:\/\/www.todoalfalfa.com.ar\/noticias\/#website","url":"https:\/\/www.todoalfalfa.com.ar\/noticias\/","name":"Todo Alfalfa","description":"Web informativa de la cadena de la alfalfa argentina","publisher":{"@id":"https:\/\/www.todoalfalfa.com.ar\/noticias\/#organization"},"potentialAction":[{"@type":"SearchAction","target":{"@type":"EntryPoint","urlTemplate":"https:\/\/www.todoalfalfa.com.ar\/noticias\/?s={search_term_string}"},"query-input":{"@type":"PropertyValueSpecification","valueRequired":true,"valueName":"search_term_string"}}],"inLanguage":"es"},{"@type":"Organization","@id":"https:\/\/www.todoalfalfa.com.ar\/noticias\/#organization","name":"Todo Alfalfa","url":"https:\/\/www.todoalfalfa.com.ar\/noticias\/","logo":{"@type":"ImageObject","inLanguage":"es","@id":"https:\/\/www.todoalfalfa.com.ar\/noticias\/#\/schema\/logo\/image\/","url":"https:\/\/www.todoalfalfa.com.ar\/noticias\/wp-content\/uploads\/2020\/09\/logo-todo-alfalfa-modificado.png","contentUrl":"https:\/\/www.todoalfalfa.com.ar\/noticias\/wp-content\/uploads\/2020\/09\/logo-todo-alfalfa-modificado.png","width":350,"height":100,"caption":"Todo Alfalfa"},"image":{"@id":"https:\/\/www.todoalfalfa.com.ar\/noticias\/#\/schema\/logo\/image\/"},"sameAs":["https:\/\/www.facebook.com\/todoalfalfa","https:\/\/www.instagram.com\/todoalfalfa","https:\/\/www.youtube.com\/@TodoAlfalfa","https:\/\/www.linkedin.com\/company\/todoalfalfa\/"]},{"@type":"Person","@id":"https:\/\/www.todoalfalfa.com.ar\/noticias\/#\/schema\/person\/99de93cb711c7015ef658e5321ba9f18","name":"Todo Alfalfa","image":{"@type":"ImageObject","inLanguage":"es","@id":"https:\/\/www.todoalfalfa.com.ar\/noticias\/#\/schema\/person\/image\/","url":"https:\/\/secure.gravatar.com\/avatar\/50ffd12fb7b268bc2467160730786602db252a270c63104e7c19b5f67b8dd346?s=96&d=mm&r=g","contentUrl":"https:\/\/secure.gravatar.com\/avatar\/50ffd12fb7b268bc2467160730786602db252a270c63104e7c19b5f67b8dd346?s=96&d=mm&r=g","caption":"Todo Alfalfa"},"url":"https:\/\/www.todoalfalfa.com.ar\/noticias\/author\/osvaldoiachetta\/"}]}},"jetpack_featured_media_url":"https:\/\/i0.wp.com\/www.todoalfalfa.com.ar\/noticias\/wp-content\/uploads\/2023\/12\/Cultivo-de-cobertura.jpg?fit=800%2C754&ssl=1","wps_subtitle":"","jetpack_sharing_enabled":true,"_links":{"self":[{"href":"https:\/\/www.todoalfalfa.com.ar\/noticias\/wp-json\/wp\/v2\/posts\/46384","targetHints":{"allow":["GET"]}}],"collection":[{"href":"https:\/\/www.todoalfalfa.com.ar\/noticias\/wp-json\/wp\/v2\/posts"}],"about":[{"href":"https:\/\/www.todoalfalfa.com.ar\/noticias\/wp-json\/wp\/v2\/types\/post"}],"author":[{"embeddable":true,"href":"https:\/\/www.todoalfalfa.com.ar\/noticias\/wp-json\/wp\/v2\/users\/9"}],"replies":[{"embeddable":true,"href":"https:\/\/www.todoalfalfa.com.ar\/noticias\/wp-json\/wp\/v2\/comments?post=46384"}],"version-history":[{"count":1,"href":"https:\/\/www.todoalfalfa.com.ar\/noticias\/wp-json\/wp\/v2\/posts\/46384\/revisions"}],"predecessor-version":[{"id":46386,"href":"https:\/\/www.todoalfalfa.com.ar\/noticias\/wp-json\/wp\/v2\/posts\/46384\/revisions\/46386"}],"wp:featuredmedia":[{"embeddable":true,"href":"https:\/\/www.todoalfalfa.com.ar\/noticias\/wp-json\/wp\/v2\/media\/46385"}],"wp:attachment":[{"href":"https:\/\/www.todoalfalfa.com.ar\/noticias\/wp-json\/wp\/v2\/media?parent=46384"}],"wp:term":[{"taxonomy":"category","embeddable":true,"href":"https:\/\/www.todoalfalfa.com.ar\/noticias\/wp-json\/wp\/v2\/categories?post=46384"},{"taxonomy":"post_tag","embeddable":true,"href":"https:\/\/www.todoalfalfa.com.ar\/noticias\/wp-json\/wp\/v2\/tags?post=46384"}],"curies":[{"name":"wp","href":"https:\/\/api.w.org\/{rel}","templated":true}]}}