{"id":46440,"date":"2023-12-18T16:55:46","date_gmt":"2023-12-18T19:55:46","guid":{"rendered":"https:\/\/www.todoalfalfa.com.ar\/noticias\/?p=46440"},"modified":"2023-12-18T16:55:49","modified_gmt":"2023-12-18T19:55:49","slug":"san-luis-duplico-su-produccion-de-pastura","status":"publish","type":"post","link":"https:\/\/www.todoalfalfa.com.ar\/noticias\/san-luis-duplico-su-produccion-de-pastura\/","title":{"rendered":"San Luis duplic\u00f3 su producci\u00f3n de pastura"},"content":{"rendered":"\n<p>La producci\u00f3n de alfalfa se duplic\u00f3 en la provincia de San Luis, y en gran medida se debe al impulso p\u00fablico-privado para el desarrollo de la misma. En los \u00faltimos d\u00edas, la saliente gesti\u00f3n dej\u00f3 inaugurada una planta.<\/p>\n\n\n\n<p>Desde la Secretar\u00eda de San Luis Log\u00edstica, a cargo de Sebasti\u00e1n Lavandeira, se puso el broche de oro a la gesti\u00f3n con la puesta en marcha de una nueva l\u00ednea de compactaci\u00f3n para fardos. \u201cEsta planta forma parte del crecimiento del predio en cuanto a infraestructura, cuenta con m\u00e1s galpones y dep\u00f3sitos\u201d, indic\u00f3 el exfuncionario.<\/p>\n\n\n\n<p>Todos entienden que \u201cla alfalfa no tiene techo\u201d en la provincia. Reuniones, charlas, expos, los integrantes de la cadena sostienen el potencial del sector, que en esa provincia tiene fecha de \u201cinicio\u201d.<\/p>\n\n\n\n<p>Todo comenz\u00f3 el 26 de junio de 2019 cuando el Gobierno de la Provincia, a trav\u00e9s de Agrozal y la Zona de Actividades Log\u00edsticas (ZAL), decidi\u00f3 implementar el Plan Plurianual de Alfalfa, que consist\u00eda en mitigar el exceso h\u00eddrico que se produjo en la Cuenca del Morro.<\/p>\n\n\n\n<p>La producci\u00f3n del cultivo en la zona ha permitido contrarrestar esos efectos, debido a la gran absorci\u00f3n de agua que caracteriza al cultivo. Adem\u00e1s, con el transcurso del tiempo fueron muchos los agricultores que se sumaron a trabajar la alfalfa, a recibir capacitaciones y a exportar.<\/p>\n\n\n\n<p>Para muestra, sobra un bot\u00f3n<\/p>\n\n\n\n<p>El proyecto es sostenible, claro est\u00e1. El gobierno de San Luis inaugur\u00f3 la cuarta planta que permitir\u00e1 compactar los fardos en un formato diferente para poder comercializarlo en el Mercosur.<\/p>\n\n\n\n<p>La siembra y la cosecha de la pastura han alcanzado su punto m\u00e1s alto debido a una crisis natural que se dio en el resto del mundo, por la falta de agua y que limit\u00f3 la producci\u00f3n de alfalfa.<\/p>\n\n\n\n<p>En San Luis el epicentro de la producci\u00f3n alfalfera es la Cuenca del Morro, una amplia zona rural que sufri\u00f3 un desbalance h\u00eddrico, producto del cambio de uso de la tierra.<\/p>\n\n\n\n<p>Una de las acciones adoptadas para mitigar la emergencia fue la forestaci\u00f3n, en la cual este forraje se convirti\u00f3 en una de las opciones m\u00e1s utilizadas por su capacidad de absorci\u00f3n. \u201cAs\u00ed se pudo dar una soluci\u00f3n rentable a esta problem\u00e1tica ambiental. A trav\u00e9s de estudios comprobamos que se pudo resolver un importante inconveniente, pero tambi\u00e9n se present\u00f3 una oportunidad de negocio para los productores de la zona\u201d, asegur\u00f3 Lavandeira.<\/p>\n\n\n\n<p>Adem\u00e1s el exfuncionario remarc\u00f3 que \u201cpara potenciar este c\u00edrculo virtuoso, cuya proyecci\u00f3n es muy importante, est\u00e1n disponibles los complejos de la ZAL y la Agrozal, que conforman una pol\u00edtica de Estado que con mucha visi\u00f3n de futuro estableci\u00f3 el gobernador, Alberto Rodr\u00edguez Sa\u00e1, en 2019, y que hoy cuenta con su planta de procesamiento de alfalfa, la cual se encuentra entre las cuatro principales de Argentina\u201d.<\/p>\n\n\n\n<p>La producci\u00f3n regional abastece con alfalfa a destinos muy demandantes como son los pa\u00edses \u00e1rabes. Este a\u00f1o la producci\u00f3n alcanz\u00f3 las 20 mil toneladas.<\/p>\n\n\n\n<p>La nueva l\u00ednea que se puso en funcionamiento \u201cpermitir\u00e1 llegar a clientes del Mercosur, ya que se implementa un nuevo formato de trabajo, con fardos m\u00e1s peque\u00f1os, por lo que estamos incluyendo a un nuevo mercado\u201d, asever\u00f3 el exsecretario de San Luis Log\u00edstica.<\/p>\n\n\n\n<p>Espec\u00edficamente para el d\u00eda de la inauguraci\u00f3n llevaron alfalfa del establecimiento Don Hugo, donde junto al INTA realizan ensayos y trabajan con las distintas variedades y calidades de alfalfa.<\/p>\n\n\n\n<p>A trav\u00e9s de este inmenso proyecto el Gobierno de San Luis, cuya gesti\u00f3n estuvo a cargo de Alberto Rodr\u00edguez Sa\u00e1, la provincia cuenta con infraestructura para procesar el cultivo, participar en el mercado internacional y producir de manera sustentable.<\/p>\n\n\n\n<p>Dentro del predio tambi\u00e9n cuentan con dep\u00f3sitos, en la nueva infraestructura realizaron ampliaciones de m\u00e1s de 1.500 metros, es un espacio en el que se deposita materia prima; y en otro sumaron m\u00e1s de 2 mil metros para acopio de productos.<\/p>\n\n\n\n<p>Fuente: <a href=\"https:\/\/www.eldiariodelarepublica.com\/nota\/2023-12-17-12-10-0-la-cuarta-planta-compactadora-de-alfalfa-abrira-nuevos-mercados\" target=\"_blank\" rel=\"noreferrer noopener\">Diario la Republica<\/a><\/p>\n<div class=\"todoalfalfa-final-de-la-nota\" id=\"todoalfalfa-1268993986\"><a href=\"https:\/\/www.whatsapp.com\/channel\/0029VbCBmFB9WtBxJsD3eC2i\" target=\"_blank\" aria-label=\"5\"><img src=\"https:\/\/i0.wp.com\/www.todoalfalfa.com.ar\/noticias\/wp-content\/uploads\/2026\/04\/5.gif?fit=728%2C90&#038;ssl=1\" alt=\"\"  width=\"728\" height=\"90\"   \/><\/a><\/div>","protected":false},"excerpt":{"rendered":"<p>La provincia cuenta con la cuarta planta m\u00e1s importante del pa\u00eds. Compactar\u00e1 la alfalfa que abrir\u00e1 nuevos mercados.<\/p>\n","protected":false},"author":9,"featured_media":46441,"comment_status":"closed","ping_status":"open","sticky":false,"template":"","format":"standard","meta":{"jetpack_post_was_ever_published":false,"_jetpack_newsletter_access":"","_jetpack_dont_email_post_to_subs":false,"_jetpack_newsletter_tier_id":0,"_jetpack_memberships_contains_paywalled_content":false,"_jetpack_memberships_contains_paid_content":false,"footnotes":""},"categories":[3],"tags":[31,236,21,336],"class_list":["post-46440","post","type-post","status-publish","format-standard","has-post-thumbnail","hentry","category-heno-y-forrajes","tag-alfalfa","tag-exportacion","tag-produccion","tag-san-luis"],"yoast_head":"<!-- This site is optimized with the Yoast SEO plugin v25.5 - https:\/\/yoast.com\/wordpress\/plugins\/seo\/ -->\n<title>San Luis duplic\u00f3 su producci\u00f3n de pastura<\/title>\n<meta name=\"robots\" content=\"index, follow, max-snippet:-1, max-image-preview:large, max-video-preview:-1\" \/>\n<link rel=\"canonical\" href=\"https:\/\/www.todoalfalfa.com.ar\/noticias\/san-luis-duplico-su-produccion-de-pastura\/\" \/>\n<meta property=\"og:locale\" content=\"es_ES\" \/>\n<meta property=\"og:type\" content=\"article\" \/>\n<meta property=\"og:title\" content=\"San Luis duplic\u00f3 su producci\u00f3n de pastura\" \/>\n<meta property=\"og:description\" content=\"La provincia cuenta con la cuarta planta m\u00e1s importante del pa\u00eds. Compactar\u00e1 la alfalfa que abrir\u00e1 nuevos mercados.\" \/>\n<meta property=\"og:url\" content=\"https:\/\/www.todoalfalfa.com.ar\/noticias\/san-luis-duplico-su-produccion-de-pastura\/\" \/>\n<meta property=\"og:site_name\" content=\"Todo Alfalfa\" \/>\n<meta property=\"article:publisher\" content=\"https:\/\/www.facebook.com\/todoalfalfa\" \/>\n<meta property=\"article:published_time\" content=\"2023-12-18T19:55:46+00:00\" \/>\n<meta property=\"article:modified_time\" content=\"2023-12-18T19:55:49+00:00\" \/>\n<meta property=\"og:image\" content=\"https:\/\/www.todoalfalfa.com.ar\/noticias\/wp-content\/uploads\/2023\/12\/alfalfa-san-luis.jpg\" \/>\n\t<meta property=\"og:image:width\" content=\"805\" \/>\n\t<meta property=\"og:image:height\" content=\"453\" \/>\n\t<meta property=\"og:image:type\" content=\"image\/jpeg\" \/>\n<meta name=\"author\" content=\"Todo Alfalfa\" \/>\n<meta name=\"twitter:card\" content=\"summary_large_image\" \/>\n<meta name=\"twitter:label1\" content=\"Escrito por\" \/>\n\t<meta name=\"twitter:data1\" content=\"Todo Alfalfa\" \/>\n\t<meta name=\"twitter:label2\" content=\"Tiempo de lectura\" \/>\n\t<meta name=\"twitter:data2\" content=\"3 minutos\" \/>\n<script type=\"application\/ld+json\" class=\"yoast-schema-graph\">{\"@context\":\"https:\/\/schema.org\",\"@graph\":[{\"@type\":\"NewsArticle\",\"@id\":\"https:\/\/www.todoalfalfa.com.ar\/noticias\/san-luis-duplico-su-produccion-de-pastura\/#article\",\"isPartOf\":{\"@id\":\"https:\/\/www.todoalfalfa.com.ar\/noticias\/san-luis-duplico-su-produccion-de-pastura\/\"},\"author\":{\"name\":\"Todo Alfalfa\",\"@id\":\"https:\/\/www.todoalfalfa.com.ar\/noticias\/#\/schema\/person\/99de93cb711c7015ef658e5321ba9f18\"},\"headline\":\"San Luis duplic\u00f3 su producci\u00f3n de pastura\",\"datePublished\":\"2023-12-18T19:55:46+00:00\",\"dateModified\":\"2023-12-18T19:55:49+00:00\",\"mainEntityOfPage\":{\"@id\":\"https:\/\/www.todoalfalfa.com.ar\/noticias\/san-luis-duplico-su-produccion-de-pastura\/\"},\"wordCount\":697,\"publisher\":{\"@id\":\"https:\/\/www.todoalfalfa.com.ar\/noticias\/#organization\"},\"image\":{\"@id\":\"https:\/\/www.todoalfalfa.com.ar\/noticias\/san-luis-duplico-su-produccion-de-pastura\/#primaryimage\"},\"thumbnailUrl\":\"https:\/\/i0.wp.com\/www.todoalfalfa.com.ar\/noticias\/wp-content\/uploads\/2023\/12\/alfalfa-san-luis.jpg?fit=805%2C453&ssl=1\",\"keywords\":[\"alfalfa\",\"exportaci\u00f3n\",\"producci\u00f3n\",\"San Luis\"],\"articleSection\":[\"Heno y Forrajes\"],\"inLanguage\":\"es\"},{\"@type\":[\"WebPage\",\"ItemPage\"],\"@id\":\"https:\/\/www.todoalfalfa.com.ar\/noticias\/san-luis-duplico-su-produccion-de-pastura\/\",\"url\":\"https:\/\/www.todoalfalfa.com.ar\/noticias\/san-luis-duplico-su-produccion-de-pastura\/\",\"name\":\"San Luis duplic\u00f3 su producci\u00f3n de pastura\",\"isPartOf\":{\"@id\":\"https:\/\/www.todoalfalfa.com.ar\/noticias\/#website\"},\"primaryImageOfPage\":{\"@id\":\"https:\/\/www.todoalfalfa.com.ar\/noticias\/san-luis-duplico-su-produccion-de-pastura\/#primaryimage\"},\"image\":{\"@id\":\"https:\/\/www.todoalfalfa.com.ar\/noticias\/san-luis-duplico-su-produccion-de-pastura\/#primaryimage\"},\"thumbnailUrl\":\"https:\/\/i0.wp.com\/www.todoalfalfa.com.ar\/noticias\/wp-content\/uploads\/2023\/12\/alfalfa-san-luis.jpg?fit=805%2C453&ssl=1\",\"datePublished\":\"2023-12-18T19:55:46+00:00\",\"dateModified\":\"2023-12-18T19:55:49+00:00\",\"breadcrumb\":{\"@id\":\"https:\/\/www.todoalfalfa.com.ar\/noticias\/san-luis-duplico-su-produccion-de-pastura\/#breadcrumb\"},\"inLanguage\":\"es\",\"potentialAction\":[{\"@type\":\"ReadAction\",\"target\":[\"https:\/\/www.todoalfalfa.com.ar\/noticias\/san-luis-duplico-su-produccion-de-pastura\/\"]}]},{\"@type\":\"ImageObject\",\"inLanguage\":\"es\",\"@id\":\"https:\/\/www.todoalfalfa.com.ar\/noticias\/san-luis-duplico-su-produccion-de-pastura\/#primaryimage\",\"url\":\"https:\/\/i0.wp.com\/www.todoalfalfa.com.ar\/noticias\/wp-content\/uploads\/2023\/12\/alfalfa-san-luis.jpg?fit=805%2C453&ssl=1\",\"contentUrl\":\"https:\/\/i0.wp.com\/www.todoalfalfa.com.ar\/noticias\/wp-content\/uploads\/2023\/12\/alfalfa-san-luis.jpg?fit=805%2C453&ssl=1\",\"width\":805,\"height\":453},{\"@type\":\"BreadcrumbList\",\"@id\":\"https:\/\/www.todoalfalfa.com.ar\/noticias\/san-luis-duplico-su-produccion-de-pastura\/#breadcrumb\",\"itemListElement\":[{\"@type\":\"ListItem\",\"position\":1,\"name\":\"Principal\",\"item\":\"https:\/\/www.todoalfalfa.com.ar\/noticias\/\"},{\"@type\":\"ListItem\",\"position\":2,\"name\":\"San Luis duplic\u00f3 su producci\u00f3n de pastura\"}]},{\"@type\":\"WebSite\",\"@id\":\"https:\/\/www.todoalfalfa.com.ar\/noticias\/#website\",\"url\":\"https:\/\/www.todoalfalfa.com.ar\/noticias\/\",\"name\":\"Todo Alfalfa\",\"description\":\"Web informativa de la cadena de la alfalfa argentina\",\"publisher\":{\"@id\":\"https:\/\/www.todoalfalfa.com.ar\/noticias\/#organization\"},\"potentialAction\":[{\"@type\":\"SearchAction\",\"target\":{\"@type\":\"EntryPoint\",\"urlTemplate\":\"https:\/\/www.todoalfalfa.com.ar\/noticias\/?s={search_term_string}\"},\"query-input\":{\"@type\":\"PropertyValueSpecification\",\"valueRequired\":true,\"valueName\":\"search_term_string\"}}],\"inLanguage\":\"es\"},{\"@type\":\"Organization\",\"@id\":\"https:\/\/www.todoalfalfa.com.ar\/noticias\/#organization\",\"name\":\"Todo Alfalfa\",\"url\":\"https:\/\/www.todoalfalfa.com.ar\/noticias\/\",\"logo\":{\"@type\":\"ImageObject\",\"inLanguage\":\"es\",\"@id\":\"https:\/\/www.todoalfalfa.com.ar\/noticias\/#\/schema\/logo\/image\/\",\"url\":\"https:\/\/www.todoalfalfa.com.ar\/noticias\/wp-content\/uploads\/2020\/09\/logo-todo-alfalfa-modificado.png\",\"contentUrl\":\"https:\/\/www.todoalfalfa.com.ar\/noticias\/wp-content\/uploads\/2020\/09\/logo-todo-alfalfa-modificado.png\",\"width\":350,\"height\":100,\"caption\":\"Todo Alfalfa\"},\"image\":{\"@id\":\"https:\/\/www.todoalfalfa.com.ar\/noticias\/#\/schema\/logo\/image\/\"},\"sameAs\":[\"https:\/\/www.facebook.com\/todoalfalfa\",\"https:\/\/www.instagram.com\/todoalfalfa\",\"https:\/\/www.youtube.com\/@TodoAlfalfa\",\"https:\/\/www.linkedin.com\/company\/todoalfalfa\/\"]},{\"@type\":\"Person\",\"@id\":\"https:\/\/www.todoalfalfa.com.ar\/noticias\/#\/schema\/person\/99de93cb711c7015ef658e5321ba9f18\",\"name\":\"Todo Alfalfa\",\"image\":{\"@type\":\"ImageObject\",\"inLanguage\":\"es\",\"@id\":\"https:\/\/www.todoalfalfa.com.ar\/noticias\/#\/schema\/person\/image\/\",\"url\":\"https:\/\/secure.gravatar.com\/avatar\/50ffd12fb7b268bc2467160730786602db252a270c63104e7c19b5f67b8dd346?s=96&d=mm&r=g\",\"contentUrl\":\"https:\/\/secure.gravatar.com\/avatar\/50ffd12fb7b268bc2467160730786602db252a270c63104e7c19b5f67b8dd346?s=96&d=mm&r=g\",\"caption\":\"Todo Alfalfa\"},\"url\":\"https:\/\/www.todoalfalfa.com.ar\/noticias\/author\/osvaldoiachetta\/\"}]}<\/script>\n<!-- \/ Yoast SEO plugin. -->","yoast_head_json":{"title":"San Luis duplic\u00f3 su producci\u00f3n de pastura","robots":{"index":"index","follow":"follow","max-snippet":"max-snippet:-1","max-image-preview":"max-image-preview:large","max-video-preview":"max-video-preview:-1"},"canonical":"https:\/\/www.todoalfalfa.com.ar\/noticias\/san-luis-duplico-su-produccion-de-pastura\/","og_locale":"es_ES","og_type":"article","og_title":"San Luis duplic\u00f3 su producci\u00f3n de pastura","og_description":"La provincia cuenta con la cuarta planta m\u00e1s importante del pa\u00eds. Compactar\u00e1 la alfalfa que abrir\u00e1 nuevos mercados.","og_url":"https:\/\/www.todoalfalfa.com.ar\/noticias\/san-luis-duplico-su-produccion-de-pastura\/","og_site_name":"Todo Alfalfa","article_publisher":"https:\/\/www.facebook.com\/todoalfalfa","article_published_time":"2023-12-18T19:55:46+00:00","article_modified_time":"2023-12-18T19:55:49+00:00","og_image":[{"width":805,"height":453,"url":"https:\/\/www.todoalfalfa.com.ar\/noticias\/wp-content\/uploads\/2023\/12\/alfalfa-san-luis.jpg","type":"image\/jpeg"}],"author":"Todo Alfalfa","twitter_card":"summary_large_image","twitter_misc":{"Escrito por":"Todo Alfalfa","Tiempo de lectura":"3 minutos"},"schema":{"@context":"https:\/\/schema.org","@graph":[{"@type":"NewsArticle","@id":"https:\/\/www.todoalfalfa.com.ar\/noticias\/san-luis-duplico-su-produccion-de-pastura\/#article","isPartOf":{"@id":"https:\/\/www.todoalfalfa.com.ar\/noticias\/san-luis-duplico-su-produccion-de-pastura\/"},"author":{"name":"Todo Alfalfa","@id":"https:\/\/www.todoalfalfa.com.ar\/noticias\/#\/schema\/person\/99de93cb711c7015ef658e5321ba9f18"},"headline":"San Luis duplic\u00f3 su producci\u00f3n de pastura","datePublished":"2023-12-18T19:55:46+00:00","dateModified":"2023-12-18T19:55:49+00:00","mainEntityOfPage":{"@id":"https:\/\/www.todoalfalfa.com.ar\/noticias\/san-luis-duplico-su-produccion-de-pastura\/"},"wordCount":697,"publisher":{"@id":"https:\/\/www.todoalfalfa.com.ar\/noticias\/#organization"},"image":{"@id":"https:\/\/www.todoalfalfa.com.ar\/noticias\/san-luis-duplico-su-produccion-de-pastura\/#primaryimage"},"thumbnailUrl":"https:\/\/i0.wp.com\/www.todoalfalfa.com.ar\/noticias\/wp-content\/uploads\/2023\/12\/alfalfa-san-luis.jpg?fit=805%2C453&ssl=1","keywords":["alfalfa","exportaci\u00f3n","producci\u00f3n","San Luis"],"articleSection":["Heno y Forrajes"],"inLanguage":"es"},{"@type":["WebPage","ItemPage"],"@id":"https:\/\/www.todoalfalfa.com.ar\/noticias\/san-luis-duplico-su-produccion-de-pastura\/","url":"https:\/\/www.todoalfalfa.com.ar\/noticias\/san-luis-duplico-su-produccion-de-pastura\/","name":"San Luis duplic\u00f3 su producci\u00f3n de pastura","isPartOf":{"@id":"https:\/\/www.todoalfalfa.com.ar\/noticias\/#website"},"primaryImageOfPage":{"@id":"https:\/\/www.todoalfalfa.com.ar\/noticias\/san-luis-duplico-su-produccion-de-pastura\/#primaryimage"},"image":{"@id":"https:\/\/www.todoalfalfa.com.ar\/noticias\/san-luis-duplico-su-produccion-de-pastura\/#primaryimage"},"thumbnailUrl":"https:\/\/i0.wp.com\/www.todoalfalfa.com.ar\/noticias\/wp-content\/uploads\/2023\/12\/alfalfa-san-luis.jpg?fit=805%2C453&ssl=1","datePublished":"2023-12-18T19:55:46+00:00","dateModified":"2023-12-18T19:55:49+00:00","breadcrumb":{"@id":"https:\/\/www.todoalfalfa.com.ar\/noticias\/san-luis-duplico-su-produccion-de-pastura\/#breadcrumb"},"inLanguage":"es","potentialAction":[{"@type":"ReadAction","target":["https:\/\/www.todoalfalfa.com.ar\/noticias\/san-luis-duplico-su-produccion-de-pastura\/"]}]},{"@type":"ImageObject","inLanguage":"es","@id":"https:\/\/www.todoalfalfa.com.ar\/noticias\/san-luis-duplico-su-produccion-de-pastura\/#primaryimage","url":"https:\/\/i0.wp.com\/www.todoalfalfa.com.ar\/noticias\/wp-content\/uploads\/2023\/12\/alfalfa-san-luis.jpg?fit=805%2C453&ssl=1","contentUrl":"https:\/\/i0.wp.com\/www.todoalfalfa.com.ar\/noticias\/wp-content\/uploads\/2023\/12\/alfalfa-san-luis.jpg?fit=805%2C453&ssl=1","width":805,"height":453},{"@type":"BreadcrumbList","@id":"https:\/\/www.todoalfalfa.com.ar\/noticias\/san-luis-duplico-su-produccion-de-pastura\/#breadcrumb","itemListElement":[{"@type":"ListItem","position":1,"name":"Principal","item":"https:\/\/www.todoalfalfa.com.ar\/noticias\/"},{"@type":"ListItem","position":2,"name":"San Luis duplic\u00f3 su producci\u00f3n de pastura"}]},{"@type":"WebSite","@id":"https:\/\/www.todoalfalfa.com.ar\/noticias\/#website","url":"https:\/\/www.todoalfalfa.com.ar\/noticias\/","name":"Todo Alfalfa","description":"Web informativa de la cadena de la alfalfa argentina","publisher":{"@id":"https:\/\/www.todoalfalfa.com.ar\/noticias\/#organization"},"potentialAction":[{"@type":"SearchAction","target":{"@type":"EntryPoint","urlTemplate":"https:\/\/www.todoalfalfa.com.ar\/noticias\/?s={search_term_string}"},"query-input":{"@type":"PropertyValueSpecification","valueRequired":true,"valueName":"search_term_string"}}],"inLanguage":"es"},{"@type":"Organization","@id":"https:\/\/www.todoalfalfa.com.ar\/noticias\/#organization","name":"Todo Alfalfa","url":"https:\/\/www.todoalfalfa.com.ar\/noticias\/","logo":{"@type":"ImageObject","inLanguage":"es","@id":"https:\/\/www.todoalfalfa.com.ar\/noticias\/#\/schema\/logo\/image\/","url":"https:\/\/www.todoalfalfa.com.ar\/noticias\/wp-content\/uploads\/2020\/09\/logo-todo-alfalfa-modificado.png","contentUrl":"https:\/\/www.todoalfalfa.com.ar\/noticias\/wp-content\/uploads\/2020\/09\/logo-todo-alfalfa-modificado.png","width":350,"height":100,"caption":"Todo Alfalfa"},"image":{"@id":"https:\/\/www.todoalfalfa.com.ar\/noticias\/#\/schema\/logo\/image\/"},"sameAs":["https:\/\/www.facebook.com\/todoalfalfa","https:\/\/www.instagram.com\/todoalfalfa","https:\/\/www.youtube.com\/@TodoAlfalfa","https:\/\/www.linkedin.com\/company\/todoalfalfa\/"]},{"@type":"Person","@id":"https:\/\/www.todoalfalfa.com.ar\/noticias\/#\/schema\/person\/99de93cb711c7015ef658e5321ba9f18","name":"Todo Alfalfa","image":{"@type":"ImageObject","inLanguage":"es","@id":"https:\/\/www.todoalfalfa.com.ar\/noticias\/#\/schema\/person\/image\/","url":"https:\/\/secure.gravatar.com\/avatar\/50ffd12fb7b268bc2467160730786602db252a270c63104e7c19b5f67b8dd346?s=96&d=mm&r=g","contentUrl":"https:\/\/secure.gravatar.com\/avatar\/50ffd12fb7b268bc2467160730786602db252a270c63104e7c19b5f67b8dd346?s=96&d=mm&r=g","caption":"Todo Alfalfa"},"url":"https:\/\/www.todoalfalfa.com.ar\/noticias\/author\/osvaldoiachetta\/"}]}},"jetpack_featured_media_url":"https:\/\/i0.wp.com\/www.todoalfalfa.com.ar\/noticias\/wp-content\/uploads\/2023\/12\/alfalfa-san-luis.jpg?fit=805%2C453&ssl=1","wps_subtitle":"","jetpack_sharing_enabled":true,"_links":{"self":[{"href":"https:\/\/www.todoalfalfa.com.ar\/noticias\/wp-json\/wp\/v2\/posts\/46440","targetHints":{"allow":["GET"]}}],"collection":[{"href":"https:\/\/www.todoalfalfa.com.ar\/noticias\/wp-json\/wp\/v2\/posts"}],"about":[{"href":"https:\/\/www.todoalfalfa.com.ar\/noticias\/wp-json\/wp\/v2\/types\/post"}],"author":[{"embeddable":true,"href":"https:\/\/www.todoalfalfa.com.ar\/noticias\/wp-json\/wp\/v2\/users\/9"}],"replies":[{"embeddable":true,"href":"https:\/\/www.todoalfalfa.com.ar\/noticias\/wp-json\/wp\/v2\/comments?post=46440"}],"version-history":[{"count":1,"href":"https:\/\/www.todoalfalfa.com.ar\/noticias\/wp-json\/wp\/v2\/posts\/46440\/revisions"}],"predecessor-version":[{"id":46442,"href":"https:\/\/www.todoalfalfa.com.ar\/noticias\/wp-json\/wp\/v2\/posts\/46440\/revisions\/46442"}],"wp:featuredmedia":[{"embeddable":true,"href":"https:\/\/www.todoalfalfa.com.ar\/noticias\/wp-json\/wp\/v2\/media\/46441"}],"wp:attachment":[{"href":"https:\/\/www.todoalfalfa.com.ar\/noticias\/wp-json\/wp\/v2\/media?parent=46440"}],"wp:term":[{"taxonomy":"category","embeddable":true,"href":"https:\/\/www.todoalfalfa.com.ar\/noticias\/wp-json\/wp\/v2\/categories?post=46440"},{"taxonomy":"post_tag","embeddable":true,"href":"https:\/\/www.todoalfalfa.com.ar\/noticias\/wp-json\/wp\/v2\/tags?post=46440"}],"curies":[{"name":"wp","href":"https:\/\/api.w.org\/{rel}","templated":true}]}}