{"id":46677,"date":"2024-01-17T15:28:12","date_gmt":"2024-01-17T18:28:12","guid":{"rendered":"https:\/\/www.todoalfalfa.com.ar\/noticias\/?p=46677"},"modified":"2024-01-18T13:00:02","modified_gmt":"2024-01-18T16:00:02","slug":"ley-de-semillas-productores-reclaman-un-debate-con-todos-los-sectores","status":"publish","type":"post","link":"https:\/\/www.todoalfalfa.com.ar\/noticias\/ley-de-semillas-productores-reclaman-un-debate-con-todos-los-sectores\/","title":{"rendered":"Ley de semillas: Productores reclaman un debate con todos los sectores"},"content":{"rendered":"\n<p>En las \u00faltimas horas, productores nucleados de CRA (Confederaciones Rurales Argentina), FAA (Federaci\u00f3n Agraria Argentina) y SRA (Sociedad Rural Argentina, cuestionaron las modificaciones planteadas en la ley de semillas.<\/p>\n\n\n\n<p>En un comunicado, indicaron que consideran inoportuna la propuesta de adhesi\u00f3n a UPOV 91 y abogamos por retirarla del proyecto de Ley de Bases. Proponemos abordar este tema en una actualizaci\u00f3n integral de la Ley de Semillas, escuchando y participando todos los sectores que nos vemos involucrados.<\/p>\n\n\n\n<p>La adhesi\u00f3n a UPOV 91, implica entre otras cosas la p\u00e9rdida del derecho de uso propio por parte de los agricultores y la mayor extensi\u00f3n de los derechos de los obtentores, ha generado un debate centrado en los derechos de los agricultores y la promoci\u00f3n de la innovaci\u00f3n.<\/p>\n\n\n\n<p>UPOV 91 beneficia principalmente a desarrolladores comerciales de variedades uniformes, limitando los derechos de los agricultores para guardar y utilizar semillas y material de propagaci\u00f3n. Sus caracter\u00edsticas claves incluyen la necesidad de autorizaci\u00f3n del obtentor para el uso propio, la extensi\u00f3n de derechos hasta el producto de la cosecha (lo cosechado) y una ampliaci\u00f3n en la duraci\u00f3n del derecho de propiedad.<\/p>\n\n\n\n<p>En Am\u00e9rica Latina, solo Costa Rica y Per\u00fa han adoptado UPOV 91, mientras que ning\u00fan pa\u00eds de la regi\u00f3n est\u00e1 adherido. Destacamos la importancia de equilibrar los derechos del obtentor con los derechos de los agricultores, se\u00f1alando que la adhesi\u00f3n limitar\u00eda el derecho de uso propio del agricultor y extender\u00eda los derechos del obtentor hasta el producto final de la cosecha. Por estas razones, y porque, adem\u00e1s, hoy est\u00e1n resguardados los derechos de propiedad intelectual de los obtentores en convivencia con el derecho de uso propio del agricultor, es que solicitamos retirar del proyecto de Ley<strong> <\/strong>la adhesi\u00f3n a UPOV 91, asegurando una legislaci\u00f3n equitativa que contemple y refleje los derechos de todos los actores en el sector agr\u00edcola.<\/p>\n<div class=\"todoalfalfa-final-de-la-nota\" id=\"todoalfalfa-3060891664\"><a href=\"https:\/\/www.whatsapp.com\/channel\/0029VbCBmFB9WtBxJsD3eC2i\" target=\"_blank\" aria-label=\"5\"><img src=\"https:\/\/i0.wp.com\/www.todoalfalfa.com.ar\/noticias\/wp-content\/uploads\/2026\/04\/5.gif?fit=728%2C90&#038;ssl=1\" alt=\"\"  width=\"728\" height=\"90\"   \/><\/a><\/div>","protected":false},"excerpt":{"rendered":"<p>A trav\u00e9s de un comunicado conjunto, CRA, FAA y SRA consideraron que la propuesta de adhesi\u00f3n a UPOV 91 es inoportuna y pidieron retirarla del proyecto del Ley de Bases.<\/p>\n","protected":false},"author":9,"featured_media":46678,"comment_status":"closed","ping_status":"open","sticky":false,"template":"","format":"standard","meta":{"jetpack_post_was_ever_published":false,"_jetpack_newsletter_access":"","_jetpack_dont_email_post_to_subs":false,"_jetpack_newsletter_tier_id":0,"_jetpack_memberships_contains_paywalled_content":false,"_jetpack_memberships_contains_paid_content":false,"footnotes":""},"categories":[2],"tags":[1618,1622,1620,1617,1621,1619],"class_list":["post-46677","post","type-post","status-publish","format-standard","has-post-thumbnail","hentry","category-generales","tag-cra","tag-debate","tag-faa","tag-ley-de-semillas","tag-rechazo","tag-sra"],"yoast_head":"<!-- This site is optimized with the Yoast SEO plugin v25.5 - https:\/\/yoast.com\/wordpress\/plugins\/seo\/ -->\n<title>Ley de semillas: Productores reclaman un debate con todos los sectores<\/title>\n<meta name=\"robots\" content=\"index, follow, max-snippet:-1, max-image-preview:large, max-video-preview:-1\" \/>\n<link rel=\"canonical\" href=\"https:\/\/www.todoalfalfa.com.ar\/noticias\/ley-de-semillas-productores-reclaman-un-debate-con-todos-los-sectores\/\" \/>\n<meta property=\"og:locale\" content=\"es_ES\" \/>\n<meta property=\"og:type\" content=\"article\" \/>\n<meta property=\"og:title\" content=\"Ley de semillas: Productores reclaman un debate con todos los sectores\" \/>\n<meta property=\"og:description\" content=\"A trav\u00e9s de un comunicado conjunto, CRA, FAA y SRA consideraron que la propuesta de adhesi\u00f3n a UPOV 91 es inoportuna y pidieron retirarla del proyecto del Ley de Bases.\" \/>\n<meta property=\"og:url\" content=\"https:\/\/www.todoalfalfa.com.ar\/noticias\/ley-de-semillas-productores-reclaman-un-debate-con-todos-los-sectores\/\" \/>\n<meta property=\"og:site_name\" content=\"Todo Alfalfa\" \/>\n<meta property=\"article:publisher\" content=\"https:\/\/www.facebook.com\/todoalfalfa\" \/>\n<meta property=\"article:published_time\" content=\"2024-01-17T18:28:12+00:00\" \/>\n<meta property=\"article:modified_time\" content=\"2024-01-18T16:00:02+00:00\" \/>\n<meta property=\"og:image\" content=\"https:\/\/www.todoalfalfa.com.ar\/noticias\/wp-content\/uploads\/2024\/01\/plenario-de-comisiones-de-la-camara-de-diputados-1737727.jpg\" \/>\n\t<meta property=\"og:image:width\" content=\"987\" \/>\n\t<meta property=\"og:image:height\" content=\"555\" \/>\n\t<meta property=\"og:image:type\" content=\"image\/jpeg\" \/>\n<meta name=\"author\" content=\"Todo Alfalfa\" \/>\n<meta name=\"twitter:card\" content=\"summary_large_image\" \/>\n<meta name=\"twitter:label1\" content=\"Escrito por\" \/>\n\t<meta name=\"twitter:data1\" content=\"Todo Alfalfa\" \/>\n\t<meta name=\"twitter:label2\" content=\"Tiempo de lectura\" \/>\n\t<meta name=\"twitter:data2\" content=\"2 minutos\" \/>\n<script type=\"application\/ld+json\" class=\"yoast-schema-graph\">{\"@context\":\"https:\/\/schema.org\",\"@graph\":[{\"@type\":\"NewsArticle\",\"@id\":\"https:\/\/www.todoalfalfa.com.ar\/noticias\/ley-de-semillas-productores-reclaman-un-debate-con-todos-los-sectores\/#article\",\"isPartOf\":{\"@id\":\"https:\/\/www.todoalfalfa.com.ar\/noticias\/ley-de-semillas-productores-reclaman-un-debate-con-todos-los-sectores\/\"},\"author\":{\"name\":\"Todo Alfalfa\",\"@id\":\"https:\/\/www.todoalfalfa.com.ar\/noticias\/#\/schema\/person\/99de93cb711c7015ef658e5321ba9f18\"},\"headline\":\"Ley de semillas: Productores reclaman un debate con todos los sectores\",\"datePublished\":\"2024-01-17T18:28:12+00:00\",\"dateModified\":\"2024-01-18T16:00:02+00:00\",\"mainEntityOfPage\":{\"@id\":\"https:\/\/www.todoalfalfa.com.ar\/noticias\/ley-de-semillas-productores-reclaman-un-debate-con-todos-los-sectores\/\"},\"wordCount\":337,\"publisher\":{\"@id\":\"https:\/\/www.todoalfalfa.com.ar\/noticias\/#organization\"},\"image\":{\"@id\":\"https:\/\/www.todoalfalfa.com.ar\/noticias\/ley-de-semillas-productores-reclaman-un-debate-con-todos-los-sectores\/#primaryimage\"},\"thumbnailUrl\":\"https:\/\/i0.wp.com\/www.todoalfalfa.com.ar\/noticias\/wp-content\/uploads\/2024\/01\/plenario-de-comisiones-de-la-camara-de-diputados-1737727.jpg?fit=987%2C555&ssl=1\",\"keywords\":[\"Cra\",\"Debate\",\"FAA\",\"Ley de Semillas\",\"Rechazo\",\"SRA\"],\"articleSection\":[\"Generales\"],\"inLanguage\":\"es\"},{\"@type\":[\"WebPage\",\"ItemPage\"],\"@id\":\"https:\/\/www.todoalfalfa.com.ar\/noticias\/ley-de-semillas-productores-reclaman-un-debate-con-todos-los-sectores\/\",\"url\":\"https:\/\/www.todoalfalfa.com.ar\/noticias\/ley-de-semillas-productores-reclaman-un-debate-con-todos-los-sectores\/\",\"name\":\"Ley de semillas: Productores reclaman un debate con todos los sectores\",\"isPartOf\":{\"@id\":\"https:\/\/www.todoalfalfa.com.ar\/noticias\/#website\"},\"primaryImageOfPage\":{\"@id\":\"https:\/\/www.todoalfalfa.com.ar\/noticias\/ley-de-semillas-productores-reclaman-un-debate-con-todos-los-sectores\/#primaryimage\"},\"image\":{\"@id\":\"https:\/\/www.todoalfalfa.com.ar\/noticias\/ley-de-semillas-productores-reclaman-un-debate-con-todos-los-sectores\/#primaryimage\"},\"thumbnailUrl\":\"https:\/\/i0.wp.com\/www.todoalfalfa.com.ar\/noticias\/wp-content\/uploads\/2024\/01\/plenario-de-comisiones-de-la-camara-de-diputados-1737727.jpg?fit=987%2C555&ssl=1\",\"datePublished\":\"2024-01-17T18:28:12+00:00\",\"dateModified\":\"2024-01-18T16:00:02+00:00\",\"breadcrumb\":{\"@id\":\"https:\/\/www.todoalfalfa.com.ar\/noticias\/ley-de-semillas-productores-reclaman-un-debate-con-todos-los-sectores\/#breadcrumb\"},\"inLanguage\":\"es\",\"potentialAction\":[{\"@type\":\"ReadAction\",\"target\":[\"https:\/\/www.todoalfalfa.com.ar\/noticias\/ley-de-semillas-productores-reclaman-un-debate-con-todos-los-sectores\/\"]}]},{\"@type\":\"ImageObject\",\"inLanguage\":\"es\",\"@id\":\"https:\/\/www.todoalfalfa.com.ar\/noticias\/ley-de-semillas-productores-reclaman-un-debate-con-todos-los-sectores\/#primaryimage\",\"url\":\"https:\/\/i0.wp.com\/www.todoalfalfa.com.ar\/noticias\/wp-content\/uploads\/2024\/01\/plenario-de-comisiones-de-la-camara-de-diputados-1737727.jpg?fit=987%2C555&ssl=1\",\"contentUrl\":\"https:\/\/i0.wp.com\/www.todoalfalfa.com.ar\/noticias\/wp-content\/uploads\/2024\/01\/plenario-de-comisiones-de-la-camara-de-diputados-1737727.jpg?fit=987%2C555&ssl=1\",\"width\":987,\"height\":555},{\"@type\":\"BreadcrumbList\",\"@id\":\"https:\/\/www.todoalfalfa.com.ar\/noticias\/ley-de-semillas-productores-reclaman-un-debate-con-todos-los-sectores\/#breadcrumb\",\"itemListElement\":[{\"@type\":\"ListItem\",\"position\":1,\"name\":\"Principal\",\"item\":\"https:\/\/www.todoalfalfa.com.ar\/noticias\/\"},{\"@type\":\"ListItem\",\"position\":2,\"name\":\"Ley de semillas: Productores reclaman un debate con todos los sectores\"}]},{\"@type\":\"WebSite\",\"@id\":\"https:\/\/www.todoalfalfa.com.ar\/noticias\/#website\",\"url\":\"https:\/\/www.todoalfalfa.com.ar\/noticias\/\",\"name\":\"Todo Alfalfa\",\"description\":\"Web informativa de la cadena de la alfalfa argentina\",\"publisher\":{\"@id\":\"https:\/\/www.todoalfalfa.com.ar\/noticias\/#organization\"},\"potentialAction\":[{\"@type\":\"SearchAction\",\"target\":{\"@type\":\"EntryPoint\",\"urlTemplate\":\"https:\/\/www.todoalfalfa.com.ar\/noticias\/?s={search_term_string}\"},\"query-input\":{\"@type\":\"PropertyValueSpecification\",\"valueRequired\":true,\"valueName\":\"search_term_string\"}}],\"inLanguage\":\"es\"},{\"@type\":\"Organization\",\"@id\":\"https:\/\/www.todoalfalfa.com.ar\/noticias\/#organization\",\"name\":\"Todo Alfalfa\",\"url\":\"https:\/\/www.todoalfalfa.com.ar\/noticias\/\",\"logo\":{\"@type\":\"ImageObject\",\"inLanguage\":\"es\",\"@id\":\"https:\/\/www.todoalfalfa.com.ar\/noticias\/#\/schema\/logo\/image\/\",\"url\":\"https:\/\/www.todoalfalfa.com.ar\/noticias\/wp-content\/uploads\/2020\/09\/logo-todo-alfalfa-modificado.png\",\"contentUrl\":\"https:\/\/www.todoalfalfa.com.ar\/noticias\/wp-content\/uploads\/2020\/09\/logo-todo-alfalfa-modificado.png\",\"width\":350,\"height\":100,\"caption\":\"Todo Alfalfa\"},\"image\":{\"@id\":\"https:\/\/www.todoalfalfa.com.ar\/noticias\/#\/schema\/logo\/image\/\"},\"sameAs\":[\"https:\/\/www.facebook.com\/todoalfalfa\",\"https:\/\/www.instagram.com\/todoalfalfa\",\"https:\/\/www.youtube.com\/@TodoAlfalfa\",\"https:\/\/www.linkedin.com\/company\/todoalfalfa\/\"]},{\"@type\":\"Person\",\"@id\":\"https:\/\/www.todoalfalfa.com.ar\/noticias\/#\/schema\/person\/99de93cb711c7015ef658e5321ba9f18\",\"name\":\"Todo Alfalfa\",\"image\":{\"@type\":\"ImageObject\",\"inLanguage\":\"es\",\"@id\":\"https:\/\/www.todoalfalfa.com.ar\/noticias\/#\/schema\/person\/image\/\",\"url\":\"https:\/\/secure.gravatar.com\/avatar\/50ffd12fb7b268bc2467160730786602db252a270c63104e7c19b5f67b8dd346?s=96&d=mm&r=g\",\"contentUrl\":\"https:\/\/secure.gravatar.com\/avatar\/50ffd12fb7b268bc2467160730786602db252a270c63104e7c19b5f67b8dd346?s=96&d=mm&r=g\",\"caption\":\"Todo Alfalfa\"},\"url\":\"https:\/\/www.todoalfalfa.com.ar\/noticias\/author\/osvaldoiachetta\/\"}]}<\/script>\n<!-- \/ Yoast SEO plugin. -->","yoast_head_json":{"title":"Ley de semillas: Productores reclaman un debate con todos los sectores","robots":{"index":"index","follow":"follow","max-snippet":"max-snippet:-1","max-image-preview":"max-image-preview:large","max-video-preview":"max-video-preview:-1"},"canonical":"https:\/\/www.todoalfalfa.com.ar\/noticias\/ley-de-semillas-productores-reclaman-un-debate-con-todos-los-sectores\/","og_locale":"es_ES","og_type":"article","og_title":"Ley de semillas: Productores reclaman un debate con todos los sectores","og_description":"A trav\u00e9s de un comunicado conjunto, CRA, FAA y SRA consideraron que la propuesta de adhesi\u00f3n a UPOV 91 es inoportuna y pidieron retirarla del proyecto del Ley de Bases.","og_url":"https:\/\/www.todoalfalfa.com.ar\/noticias\/ley-de-semillas-productores-reclaman-un-debate-con-todos-los-sectores\/","og_site_name":"Todo Alfalfa","article_publisher":"https:\/\/www.facebook.com\/todoalfalfa","article_published_time":"2024-01-17T18:28:12+00:00","article_modified_time":"2024-01-18T16:00:02+00:00","og_image":[{"width":987,"height":555,"url":"https:\/\/www.todoalfalfa.com.ar\/noticias\/wp-content\/uploads\/2024\/01\/plenario-de-comisiones-de-la-camara-de-diputados-1737727.jpg","type":"image\/jpeg"}],"author":"Todo Alfalfa","twitter_card":"summary_large_image","twitter_misc":{"Escrito por":"Todo Alfalfa","Tiempo de lectura":"2 minutos"},"schema":{"@context":"https:\/\/schema.org","@graph":[{"@type":"NewsArticle","@id":"https:\/\/www.todoalfalfa.com.ar\/noticias\/ley-de-semillas-productores-reclaman-un-debate-con-todos-los-sectores\/#article","isPartOf":{"@id":"https:\/\/www.todoalfalfa.com.ar\/noticias\/ley-de-semillas-productores-reclaman-un-debate-con-todos-los-sectores\/"},"author":{"name":"Todo Alfalfa","@id":"https:\/\/www.todoalfalfa.com.ar\/noticias\/#\/schema\/person\/99de93cb711c7015ef658e5321ba9f18"},"headline":"Ley de semillas: Productores reclaman un debate con todos los sectores","datePublished":"2024-01-17T18:28:12+00:00","dateModified":"2024-01-18T16:00:02+00:00","mainEntityOfPage":{"@id":"https:\/\/www.todoalfalfa.com.ar\/noticias\/ley-de-semillas-productores-reclaman-un-debate-con-todos-los-sectores\/"},"wordCount":337,"publisher":{"@id":"https:\/\/www.todoalfalfa.com.ar\/noticias\/#organization"},"image":{"@id":"https:\/\/www.todoalfalfa.com.ar\/noticias\/ley-de-semillas-productores-reclaman-un-debate-con-todos-los-sectores\/#primaryimage"},"thumbnailUrl":"https:\/\/i0.wp.com\/www.todoalfalfa.com.ar\/noticias\/wp-content\/uploads\/2024\/01\/plenario-de-comisiones-de-la-camara-de-diputados-1737727.jpg?fit=987%2C555&ssl=1","keywords":["Cra","Debate","FAA","Ley de Semillas","Rechazo","SRA"],"articleSection":["Generales"],"inLanguage":"es"},{"@type":["WebPage","ItemPage"],"@id":"https:\/\/www.todoalfalfa.com.ar\/noticias\/ley-de-semillas-productores-reclaman-un-debate-con-todos-los-sectores\/","url":"https:\/\/www.todoalfalfa.com.ar\/noticias\/ley-de-semillas-productores-reclaman-un-debate-con-todos-los-sectores\/","name":"Ley de semillas: Productores reclaman un debate con todos los sectores","isPartOf":{"@id":"https:\/\/www.todoalfalfa.com.ar\/noticias\/#website"},"primaryImageOfPage":{"@id":"https:\/\/www.todoalfalfa.com.ar\/noticias\/ley-de-semillas-productores-reclaman-un-debate-con-todos-los-sectores\/#primaryimage"},"image":{"@id":"https:\/\/www.todoalfalfa.com.ar\/noticias\/ley-de-semillas-productores-reclaman-un-debate-con-todos-los-sectores\/#primaryimage"},"thumbnailUrl":"https:\/\/i0.wp.com\/www.todoalfalfa.com.ar\/noticias\/wp-content\/uploads\/2024\/01\/plenario-de-comisiones-de-la-camara-de-diputados-1737727.jpg?fit=987%2C555&ssl=1","datePublished":"2024-01-17T18:28:12+00:00","dateModified":"2024-01-18T16:00:02+00:00","breadcrumb":{"@id":"https:\/\/www.todoalfalfa.com.ar\/noticias\/ley-de-semillas-productores-reclaman-un-debate-con-todos-los-sectores\/#breadcrumb"},"inLanguage":"es","potentialAction":[{"@type":"ReadAction","target":["https:\/\/www.todoalfalfa.com.ar\/noticias\/ley-de-semillas-productores-reclaman-un-debate-con-todos-los-sectores\/"]}]},{"@type":"ImageObject","inLanguage":"es","@id":"https:\/\/www.todoalfalfa.com.ar\/noticias\/ley-de-semillas-productores-reclaman-un-debate-con-todos-los-sectores\/#primaryimage","url":"https:\/\/i0.wp.com\/www.todoalfalfa.com.ar\/noticias\/wp-content\/uploads\/2024\/01\/plenario-de-comisiones-de-la-camara-de-diputados-1737727.jpg?fit=987%2C555&ssl=1","contentUrl":"https:\/\/i0.wp.com\/www.todoalfalfa.com.ar\/noticias\/wp-content\/uploads\/2024\/01\/plenario-de-comisiones-de-la-camara-de-diputados-1737727.jpg?fit=987%2C555&ssl=1","width":987,"height":555},{"@type":"BreadcrumbList","@id":"https:\/\/www.todoalfalfa.com.ar\/noticias\/ley-de-semillas-productores-reclaman-un-debate-con-todos-los-sectores\/#breadcrumb","itemListElement":[{"@type":"ListItem","position":1,"name":"Principal","item":"https:\/\/www.todoalfalfa.com.ar\/noticias\/"},{"@type":"ListItem","position":2,"name":"Ley de semillas: Productores reclaman un debate con todos los sectores"}]},{"@type":"WebSite","@id":"https:\/\/www.todoalfalfa.com.ar\/noticias\/#website","url":"https:\/\/www.todoalfalfa.com.ar\/noticias\/","name":"Todo Alfalfa","description":"Web informativa de la cadena de la alfalfa argentina","publisher":{"@id":"https:\/\/www.todoalfalfa.com.ar\/noticias\/#organization"},"potentialAction":[{"@type":"SearchAction","target":{"@type":"EntryPoint","urlTemplate":"https:\/\/www.todoalfalfa.com.ar\/noticias\/?s={search_term_string}"},"query-input":{"@type":"PropertyValueSpecification","valueRequired":true,"valueName":"search_term_string"}}],"inLanguage":"es"},{"@type":"Organization","@id":"https:\/\/www.todoalfalfa.com.ar\/noticias\/#organization","name":"Todo Alfalfa","url":"https:\/\/www.todoalfalfa.com.ar\/noticias\/","logo":{"@type":"ImageObject","inLanguage":"es","@id":"https:\/\/www.todoalfalfa.com.ar\/noticias\/#\/schema\/logo\/image\/","url":"https:\/\/www.todoalfalfa.com.ar\/noticias\/wp-content\/uploads\/2020\/09\/logo-todo-alfalfa-modificado.png","contentUrl":"https:\/\/www.todoalfalfa.com.ar\/noticias\/wp-content\/uploads\/2020\/09\/logo-todo-alfalfa-modificado.png","width":350,"height":100,"caption":"Todo Alfalfa"},"image":{"@id":"https:\/\/www.todoalfalfa.com.ar\/noticias\/#\/schema\/logo\/image\/"},"sameAs":["https:\/\/www.facebook.com\/todoalfalfa","https:\/\/www.instagram.com\/todoalfalfa","https:\/\/www.youtube.com\/@TodoAlfalfa","https:\/\/www.linkedin.com\/company\/todoalfalfa\/"]},{"@type":"Person","@id":"https:\/\/www.todoalfalfa.com.ar\/noticias\/#\/schema\/person\/99de93cb711c7015ef658e5321ba9f18","name":"Todo Alfalfa","image":{"@type":"ImageObject","inLanguage":"es","@id":"https:\/\/www.todoalfalfa.com.ar\/noticias\/#\/schema\/person\/image\/","url":"https:\/\/secure.gravatar.com\/avatar\/50ffd12fb7b268bc2467160730786602db252a270c63104e7c19b5f67b8dd346?s=96&d=mm&r=g","contentUrl":"https:\/\/secure.gravatar.com\/avatar\/50ffd12fb7b268bc2467160730786602db252a270c63104e7c19b5f67b8dd346?s=96&d=mm&r=g","caption":"Todo Alfalfa"},"url":"https:\/\/www.todoalfalfa.com.ar\/noticias\/author\/osvaldoiachetta\/"}]}},"jetpack_featured_media_url":"https:\/\/i0.wp.com\/www.todoalfalfa.com.ar\/noticias\/wp-content\/uploads\/2024\/01\/plenario-de-comisiones-de-la-camara-de-diputados-1737727.jpg?fit=987%2C555&ssl=1","wps_subtitle":"","jetpack_sharing_enabled":true,"_links":{"self":[{"href":"https:\/\/www.todoalfalfa.com.ar\/noticias\/wp-json\/wp\/v2\/posts\/46677","targetHints":{"allow":["GET"]}}],"collection":[{"href":"https:\/\/www.todoalfalfa.com.ar\/noticias\/wp-json\/wp\/v2\/posts"}],"about":[{"href":"https:\/\/www.todoalfalfa.com.ar\/noticias\/wp-json\/wp\/v2\/types\/post"}],"author":[{"embeddable":true,"href":"https:\/\/www.todoalfalfa.com.ar\/noticias\/wp-json\/wp\/v2\/users\/9"}],"replies":[{"embeddable":true,"href":"https:\/\/www.todoalfalfa.com.ar\/noticias\/wp-json\/wp\/v2\/comments?post=46677"}],"version-history":[{"count":2,"href":"https:\/\/www.todoalfalfa.com.ar\/noticias\/wp-json\/wp\/v2\/posts\/46677\/revisions"}],"predecessor-version":[{"id":46683,"href":"https:\/\/www.todoalfalfa.com.ar\/noticias\/wp-json\/wp\/v2\/posts\/46677\/revisions\/46683"}],"wp:featuredmedia":[{"embeddable":true,"href":"https:\/\/www.todoalfalfa.com.ar\/noticias\/wp-json\/wp\/v2\/media\/46678"}],"wp:attachment":[{"href":"https:\/\/www.todoalfalfa.com.ar\/noticias\/wp-json\/wp\/v2\/media?parent=46677"}],"wp:term":[{"taxonomy":"category","embeddable":true,"href":"https:\/\/www.todoalfalfa.com.ar\/noticias\/wp-json\/wp\/v2\/categories?post=46677"},{"taxonomy":"post_tag","embeddable":true,"href":"https:\/\/www.todoalfalfa.com.ar\/noticias\/wp-json\/wp\/v2\/tags?post=46677"}],"curies":[{"name":"wp","href":"https:\/\/api.w.org\/{rel}","templated":true}]}}