{"id":46738,"date":"2024-01-30T13:25:02","date_gmt":"2024-01-30T16:25:02","guid":{"rendered":"https:\/\/www.todoalfalfa.com.ar\/noticias\/?p=46738"},"modified":"2024-01-30T13:25:15","modified_gmt":"2024-01-30T16:25:15","slug":"como-reducir-el-impacto-del-calor-en-bovinos-para-carne","status":"publish","type":"post","link":"https:\/\/www.todoalfalfa.com.ar\/noticias\/como-reducir-el-impacto-del-calor-en-bovinos-para-carne\/","title":{"rendered":"C\u00f3mo reducir el impacto del calor en bovinos para carne"},"content":{"rendered":"\n<p>Los cient\u00edficos de la Uni\u00f3n Europea confirmaron que 2023 es el a\u00f1o m\u00e1s c\u00e1lido registrado en la historia a partir de los datos de Copernicus, que se remontan a 1940, combinados con los del Panel Intergubernamental sobre Cambio Clim\u00e1tico (IPCC). Esta tendencia se mantendr\u00e1 y representa un desaf\u00edo para las diversas actividades, entre ellas, la productiva. De all\u00ed, la importancia de contar con pautas de manejo espec\u00edficas.<\/p>\n\n\n\n<p>Seg\u00fan el equipo de investigadores de Producci\u00f3n Animal del INTA General Villegas, Buenos Aires, \u201cel estr\u00e9s por calor ocurre cuando la suma del calor interno producido por el metabolismo m\u00e1s el calor que el animal recibe del ambiente supera su capacidad para disiparlo y mantener su temperatura corporal normal. En consecuencia, crece la tasa respiratoria, el consumo de agua y se reduce el consumo de alimento y el tiempo dedicado a rumia y descanso\u201d.<\/p>\n\n\n\n<p>Para evitar esto, es importante considerar el suministro de sombra para atenuar la radiaci\u00f3n solar, que permita una remoci\u00f3n r\u00e1pida y permanente del aire y brinde suficiente sombra en las horas cr\u00edticas. Adem\u00e1s, es clave evitar las cortinas de viento cercanas al feedlot o a las parcelas de pastoreo, tales como sectores con enmalezamiento que reduzcan la circulaci\u00f3n de aire.<\/p>\n\n\n\n<p>Otro aspecto destacado a tener en cuenta es el acceso permanente a agua limpia y fresca. Reducir la distancia entre los animales y los bebederos ayuda a disminuir los movimientos y las concentraciones de animales. \u201cSe estima un consumo de agua en pico de calor de 8 litros por kilo de materia seca consumida\u201d, especificaron t\u00e9cnicos del INTA.<\/p>\n\n\n\n<p>Durante todo el a\u00f1o, pero especialmente en verano, es muy importante conocer la calidad fisicoqu\u00edmica del agua disponible. Es que, seg\u00fan detallaron, la calidad suele empeorar debido a la concentraci\u00f3n de solutos, por aumentos en los vol\u00famenes de extracci\u00f3n y por la mayor evaporaci\u00f3n en el tanque.<\/p>\n\n\n\n<p>\u201cTodos los movimientos y trabajo con animales se deben hacer antes de las 10 de la ma\u00f1ana y los tiempos de espera en los corrales no deben superar los 30 minutos\u201d, subrayaron.<\/p>\n\n\n\n<p>En cuanto a la alimentaci\u00f3n de los animales a corral, se recomienda entregar la totalidad o al menos el 65-70 % de la raci\u00f3n al atardecer; as\u00ed, el calor de digesti\u00f3n se producir\u00e1 durante las horas frescas de la noche. Y, para evitar acumulaci\u00f3n y deterioro de alimento en los comederos, los especialistas sugieren realizar un manejo conservador de la oferta de alimento, reduciendo la frecuencia de los incrementos de oferta o manteniendo la frecuencia, pero reduciendo la magnitud del incremento.<\/p>\n\n\n\n<p class=\"has-medium-font-size\"><strong>Qu\u00e9 hacer en d\u00edas de calor extremo<\/strong><\/p>\n\n\n\n<p>El equipo de especialistas del INTA recomend\u00f3 \u201chacer m\u00e1s recorridas que las habituales, sobre todo en horas de extremo calor, para controlar la presencia de animales con s\u00edntomas de estr\u00e9s, dificultades para acceder a la bebida o problemas en el suministro de agua\u201d.<\/p>\n\n\n\n<p>Estar muy atentos al jadeo con boca abierta y babeo, lo que indica que se est\u00e1n superando las 120 respiraciones por minuto y se est\u00e1 en zona de peligro de vida. Los animales en ese estado deben ser provistos de sombra y mojados con agua fr\u00eda.<\/p>\n\n\n\n<p>No permitir el acceso libre al agua de animales extremadamente sedientos o estresados por calor. Puede ocurrir intoxicaci\u00f3n por agua con desenlaces fatales. Una vez normalizada su temperatura corporal y tasa respiratoria, se les puede dar acceso a agua de bebida.<\/p>\n\n\n\n<p>Fuente: INTA informa<\/p>\n<div class=\"todoalfalfa-final-de-la-nota\" id=\"todoalfalfa-2194779833\"><a href=\"https:\/\/www.whatsapp.com\/channel\/0029VbCBmFB9WtBxJsD3eC2i\" target=\"_blank\" aria-label=\"5\"><img src=\"https:\/\/i0.wp.com\/www.todoalfalfa.com.ar\/noticias\/wp-content\/uploads\/2026\/04\/5.gif?fit=728%2C90&#038;ssl=1\" alt=\"\"  width=\"728\" height=\"90\"   \/><\/a><\/div>","protected":false},"excerpt":{"rendered":"<p>Un informe del INTA alerta sobre esta cuesti\u00f3n y apunta principalmente a animales de razas europeas, de piel oscura y temperamento nervioso m\u00e1s susceptible que son propensos a sufrir estr\u00e9s por calor. Aquellos de mayor peso y grado de gordura, cercanos a la terminaci\u00f3n, tambi\u00e9n son m\u00e1s vulnerables. Asimismo, en engorde a corral, el estr\u00e9s suele ser mayor que en pastoreo. <\/p>\n","protected":false},"author":9,"featured_media":46739,"comment_status":"closed","ping_status":"open","sticky":false,"template":"","format":"standard","meta":{"jetpack_post_was_ever_published":false,"_jetpack_newsletter_access":"","_jetpack_dont_email_post_to_subs":false,"_jetpack_newsletter_tier_id":0,"_jetpack_memberships_contains_paywalled_content":false,"_jetpack_memberships_contains_paid_content":false,"footnotes":""},"categories":[2],"tags":[],"class_list":["post-46738","post","type-post","status-publish","format-standard","has-post-thumbnail","hentry","category-generales"],"yoast_head":"<!-- This site is optimized with the Yoast SEO plugin v25.5 - https:\/\/yoast.com\/wordpress\/plugins\/seo\/ -->\n<title>C\u00f3mo reducir el impacto del calor en bovinos para carne<\/title>\n<meta name=\"robots\" content=\"index, follow, max-snippet:-1, max-image-preview:large, max-video-preview:-1\" \/>\n<link rel=\"canonical\" href=\"https:\/\/www.todoalfalfa.com.ar\/noticias\/como-reducir-el-impacto-del-calor-en-bovinos-para-carne\/\" \/>\n<meta property=\"og:locale\" content=\"es_ES\" \/>\n<meta property=\"og:type\" content=\"article\" \/>\n<meta property=\"og:title\" content=\"C\u00f3mo reducir el impacto del calor en bovinos para carne\" \/>\n<meta property=\"og:description\" content=\"Un informe del INTA alerta sobre esta cuesti\u00f3n y apunta principalmente a animales de razas europeas, de piel oscura y temperamento nervioso m\u00e1s susceptible que son propensos a sufrir estr\u00e9s por calor. Aquellos de mayor peso y grado de gordura, cercanos a la terminaci\u00f3n, tambi\u00e9n son m\u00e1s vulnerables. Asimismo, en engorde a corral, el estr\u00e9s suele ser mayor que en pastoreo.\" \/>\n<meta property=\"og:url\" content=\"https:\/\/www.todoalfalfa.com.ar\/noticias\/como-reducir-el-impacto-del-calor-en-bovinos-para-carne\/\" \/>\n<meta property=\"og:site_name\" content=\"Todo Alfalfa\" \/>\n<meta property=\"article:publisher\" content=\"https:\/\/www.facebook.com\/todoalfalfa\" \/>\n<meta property=\"article:published_time\" content=\"2024-01-30T16:25:02+00:00\" \/>\n<meta property=\"article:modified_time\" content=\"2024-01-30T16:25:15+00:00\" \/>\n<meta property=\"og:image\" content=\"https:\/\/www.todoalfalfa.com.ar\/noticias\/wp-content\/uploads\/2024\/01\/vacas.webp\" \/>\n\t<meta property=\"og:image:width\" content=\"1600\" \/>\n\t<meta property=\"og:image:height\" content=\"1070\" \/>\n\t<meta property=\"og:image:type\" content=\"image\/webp\" \/>\n<meta name=\"author\" content=\"Todo Alfalfa\" \/>\n<meta name=\"twitter:card\" content=\"summary_large_image\" \/>\n<meta name=\"twitter:label1\" content=\"Escrito por\" \/>\n\t<meta name=\"twitter:data1\" content=\"Todo Alfalfa\" \/>\n\t<meta name=\"twitter:label2\" content=\"Tiempo de lectura\" \/>\n\t<meta name=\"twitter:data2\" content=\"3 minutos\" \/>\n<script type=\"application\/ld+json\" class=\"yoast-schema-graph\">{\"@context\":\"https:\/\/schema.org\",\"@graph\":[{\"@type\":\"NewsArticle\",\"@id\":\"https:\/\/www.todoalfalfa.com.ar\/noticias\/como-reducir-el-impacto-del-calor-en-bovinos-para-carne\/#article\",\"isPartOf\":{\"@id\":\"https:\/\/www.todoalfalfa.com.ar\/noticias\/como-reducir-el-impacto-del-calor-en-bovinos-para-carne\/\"},\"author\":{\"name\":\"Todo Alfalfa\",\"@id\":\"https:\/\/www.todoalfalfa.com.ar\/noticias\/#\/schema\/person\/99de93cb711c7015ef658e5321ba9f18\"},\"headline\":\"C\u00f3mo reducir el impacto del calor en bovinos para carne\",\"datePublished\":\"2024-01-30T16:25:02+00:00\",\"dateModified\":\"2024-01-30T16:25:15+00:00\",\"mainEntityOfPage\":{\"@id\":\"https:\/\/www.todoalfalfa.com.ar\/noticias\/como-reducir-el-impacto-del-calor-en-bovinos-para-carne\/\"},\"wordCount\":601,\"publisher\":{\"@id\":\"https:\/\/www.todoalfalfa.com.ar\/noticias\/#organization\"},\"image\":{\"@id\":\"https:\/\/www.todoalfalfa.com.ar\/noticias\/como-reducir-el-impacto-del-calor-en-bovinos-para-carne\/#primaryimage\"},\"thumbnailUrl\":\"https:\/\/i0.wp.com\/www.todoalfalfa.com.ar\/noticias\/wp-content\/uploads\/2024\/01\/vacas.webp?fit=1600%2C1070&ssl=1\",\"articleSection\":[\"Generales\"],\"inLanguage\":\"es\"},{\"@type\":[\"WebPage\",\"ItemPage\"],\"@id\":\"https:\/\/www.todoalfalfa.com.ar\/noticias\/como-reducir-el-impacto-del-calor-en-bovinos-para-carne\/\",\"url\":\"https:\/\/www.todoalfalfa.com.ar\/noticias\/como-reducir-el-impacto-del-calor-en-bovinos-para-carne\/\",\"name\":\"C\u00f3mo reducir el impacto del calor en bovinos para carne\",\"isPartOf\":{\"@id\":\"https:\/\/www.todoalfalfa.com.ar\/noticias\/#website\"},\"primaryImageOfPage\":{\"@id\":\"https:\/\/www.todoalfalfa.com.ar\/noticias\/como-reducir-el-impacto-del-calor-en-bovinos-para-carne\/#primaryimage\"},\"image\":{\"@id\":\"https:\/\/www.todoalfalfa.com.ar\/noticias\/como-reducir-el-impacto-del-calor-en-bovinos-para-carne\/#primaryimage\"},\"thumbnailUrl\":\"https:\/\/i0.wp.com\/www.todoalfalfa.com.ar\/noticias\/wp-content\/uploads\/2024\/01\/vacas.webp?fit=1600%2C1070&ssl=1\",\"datePublished\":\"2024-01-30T16:25:02+00:00\",\"dateModified\":\"2024-01-30T16:25:15+00:00\",\"breadcrumb\":{\"@id\":\"https:\/\/www.todoalfalfa.com.ar\/noticias\/como-reducir-el-impacto-del-calor-en-bovinos-para-carne\/#breadcrumb\"},\"inLanguage\":\"es\",\"potentialAction\":[{\"@type\":\"ReadAction\",\"target\":[\"https:\/\/www.todoalfalfa.com.ar\/noticias\/como-reducir-el-impacto-del-calor-en-bovinos-para-carne\/\"]}]},{\"@type\":\"ImageObject\",\"inLanguage\":\"es\",\"@id\":\"https:\/\/www.todoalfalfa.com.ar\/noticias\/como-reducir-el-impacto-del-calor-en-bovinos-para-carne\/#primaryimage\",\"url\":\"https:\/\/i0.wp.com\/www.todoalfalfa.com.ar\/noticias\/wp-content\/uploads\/2024\/01\/vacas.webp?fit=1600%2C1070&ssl=1\",\"contentUrl\":\"https:\/\/i0.wp.com\/www.todoalfalfa.com.ar\/noticias\/wp-content\/uploads\/2024\/01\/vacas.webp?fit=1600%2C1070&ssl=1\",\"width\":1600,\"height\":1070},{\"@type\":\"BreadcrumbList\",\"@id\":\"https:\/\/www.todoalfalfa.com.ar\/noticias\/como-reducir-el-impacto-del-calor-en-bovinos-para-carne\/#breadcrumb\",\"itemListElement\":[{\"@type\":\"ListItem\",\"position\":1,\"name\":\"Principal\",\"item\":\"https:\/\/www.todoalfalfa.com.ar\/noticias\/\"},{\"@type\":\"ListItem\",\"position\":2,\"name\":\"C\u00f3mo reducir el impacto del calor en bovinos para carne\"}]},{\"@type\":\"WebSite\",\"@id\":\"https:\/\/www.todoalfalfa.com.ar\/noticias\/#website\",\"url\":\"https:\/\/www.todoalfalfa.com.ar\/noticias\/\",\"name\":\"Todo Alfalfa\",\"description\":\"Web informativa de la cadena de la alfalfa argentina\",\"publisher\":{\"@id\":\"https:\/\/www.todoalfalfa.com.ar\/noticias\/#organization\"},\"potentialAction\":[{\"@type\":\"SearchAction\",\"target\":{\"@type\":\"EntryPoint\",\"urlTemplate\":\"https:\/\/www.todoalfalfa.com.ar\/noticias\/?s={search_term_string}\"},\"query-input\":{\"@type\":\"PropertyValueSpecification\",\"valueRequired\":true,\"valueName\":\"search_term_string\"}}],\"inLanguage\":\"es\"},{\"@type\":\"Organization\",\"@id\":\"https:\/\/www.todoalfalfa.com.ar\/noticias\/#organization\",\"name\":\"Todo Alfalfa\",\"url\":\"https:\/\/www.todoalfalfa.com.ar\/noticias\/\",\"logo\":{\"@type\":\"ImageObject\",\"inLanguage\":\"es\",\"@id\":\"https:\/\/www.todoalfalfa.com.ar\/noticias\/#\/schema\/logo\/image\/\",\"url\":\"https:\/\/www.todoalfalfa.com.ar\/noticias\/wp-content\/uploads\/2020\/09\/logo-todo-alfalfa-modificado.png\",\"contentUrl\":\"https:\/\/www.todoalfalfa.com.ar\/noticias\/wp-content\/uploads\/2020\/09\/logo-todo-alfalfa-modificado.png\",\"width\":350,\"height\":100,\"caption\":\"Todo Alfalfa\"},\"image\":{\"@id\":\"https:\/\/www.todoalfalfa.com.ar\/noticias\/#\/schema\/logo\/image\/\"},\"sameAs\":[\"https:\/\/www.facebook.com\/todoalfalfa\",\"https:\/\/www.instagram.com\/todoalfalfa\",\"https:\/\/www.youtube.com\/@TodoAlfalfa\",\"https:\/\/www.linkedin.com\/company\/todoalfalfa\/\"]},{\"@type\":\"Person\",\"@id\":\"https:\/\/www.todoalfalfa.com.ar\/noticias\/#\/schema\/person\/99de93cb711c7015ef658e5321ba9f18\",\"name\":\"Todo Alfalfa\",\"image\":{\"@type\":\"ImageObject\",\"inLanguage\":\"es\",\"@id\":\"https:\/\/www.todoalfalfa.com.ar\/noticias\/#\/schema\/person\/image\/\",\"url\":\"https:\/\/secure.gravatar.com\/avatar\/50ffd12fb7b268bc2467160730786602db252a270c63104e7c19b5f67b8dd346?s=96&d=mm&r=g\",\"contentUrl\":\"https:\/\/secure.gravatar.com\/avatar\/50ffd12fb7b268bc2467160730786602db252a270c63104e7c19b5f67b8dd346?s=96&d=mm&r=g\",\"caption\":\"Todo Alfalfa\"},\"url\":\"https:\/\/www.todoalfalfa.com.ar\/noticias\/author\/osvaldoiachetta\/\"}]}<\/script>\n<!-- \/ Yoast SEO plugin. -->","yoast_head_json":{"title":"C\u00f3mo reducir el impacto del calor en bovinos para carne","robots":{"index":"index","follow":"follow","max-snippet":"max-snippet:-1","max-image-preview":"max-image-preview:large","max-video-preview":"max-video-preview:-1"},"canonical":"https:\/\/www.todoalfalfa.com.ar\/noticias\/como-reducir-el-impacto-del-calor-en-bovinos-para-carne\/","og_locale":"es_ES","og_type":"article","og_title":"C\u00f3mo reducir el impacto del calor en bovinos para carne","og_description":"Un informe del INTA alerta sobre esta cuesti\u00f3n y apunta principalmente a animales de razas europeas, de piel oscura y temperamento nervioso m\u00e1s susceptible que son propensos a sufrir estr\u00e9s por calor. Aquellos de mayor peso y grado de gordura, cercanos a la terminaci\u00f3n, tambi\u00e9n son m\u00e1s vulnerables. Asimismo, en engorde a corral, el estr\u00e9s suele ser mayor que en pastoreo.","og_url":"https:\/\/www.todoalfalfa.com.ar\/noticias\/como-reducir-el-impacto-del-calor-en-bovinos-para-carne\/","og_site_name":"Todo Alfalfa","article_publisher":"https:\/\/www.facebook.com\/todoalfalfa","article_published_time":"2024-01-30T16:25:02+00:00","article_modified_time":"2024-01-30T16:25:15+00:00","og_image":[{"width":1600,"height":1070,"url":"https:\/\/www.todoalfalfa.com.ar\/noticias\/wp-content\/uploads\/2024\/01\/vacas.webp","type":"image\/webp"}],"author":"Todo Alfalfa","twitter_card":"summary_large_image","twitter_misc":{"Escrito por":"Todo Alfalfa","Tiempo de lectura":"3 minutos"},"schema":{"@context":"https:\/\/schema.org","@graph":[{"@type":"NewsArticle","@id":"https:\/\/www.todoalfalfa.com.ar\/noticias\/como-reducir-el-impacto-del-calor-en-bovinos-para-carne\/#article","isPartOf":{"@id":"https:\/\/www.todoalfalfa.com.ar\/noticias\/como-reducir-el-impacto-del-calor-en-bovinos-para-carne\/"},"author":{"name":"Todo Alfalfa","@id":"https:\/\/www.todoalfalfa.com.ar\/noticias\/#\/schema\/person\/99de93cb711c7015ef658e5321ba9f18"},"headline":"C\u00f3mo reducir el impacto del calor en bovinos para carne","datePublished":"2024-01-30T16:25:02+00:00","dateModified":"2024-01-30T16:25:15+00:00","mainEntityOfPage":{"@id":"https:\/\/www.todoalfalfa.com.ar\/noticias\/como-reducir-el-impacto-del-calor-en-bovinos-para-carne\/"},"wordCount":601,"publisher":{"@id":"https:\/\/www.todoalfalfa.com.ar\/noticias\/#organization"},"image":{"@id":"https:\/\/www.todoalfalfa.com.ar\/noticias\/como-reducir-el-impacto-del-calor-en-bovinos-para-carne\/#primaryimage"},"thumbnailUrl":"https:\/\/i0.wp.com\/www.todoalfalfa.com.ar\/noticias\/wp-content\/uploads\/2024\/01\/vacas.webp?fit=1600%2C1070&ssl=1","articleSection":["Generales"],"inLanguage":"es"},{"@type":["WebPage","ItemPage"],"@id":"https:\/\/www.todoalfalfa.com.ar\/noticias\/como-reducir-el-impacto-del-calor-en-bovinos-para-carne\/","url":"https:\/\/www.todoalfalfa.com.ar\/noticias\/como-reducir-el-impacto-del-calor-en-bovinos-para-carne\/","name":"C\u00f3mo reducir el impacto del calor en bovinos para carne","isPartOf":{"@id":"https:\/\/www.todoalfalfa.com.ar\/noticias\/#website"},"primaryImageOfPage":{"@id":"https:\/\/www.todoalfalfa.com.ar\/noticias\/como-reducir-el-impacto-del-calor-en-bovinos-para-carne\/#primaryimage"},"image":{"@id":"https:\/\/www.todoalfalfa.com.ar\/noticias\/como-reducir-el-impacto-del-calor-en-bovinos-para-carne\/#primaryimage"},"thumbnailUrl":"https:\/\/i0.wp.com\/www.todoalfalfa.com.ar\/noticias\/wp-content\/uploads\/2024\/01\/vacas.webp?fit=1600%2C1070&ssl=1","datePublished":"2024-01-30T16:25:02+00:00","dateModified":"2024-01-30T16:25:15+00:00","breadcrumb":{"@id":"https:\/\/www.todoalfalfa.com.ar\/noticias\/como-reducir-el-impacto-del-calor-en-bovinos-para-carne\/#breadcrumb"},"inLanguage":"es","potentialAction":[{"@type":"ReadAction","target":["https:\/\/www.todoalfalfa.com.ar\/noticias\/como-reducir-el-impacto-del-calor-en-bovinos-para-carne\/"]}]},{"@type":"ImageObject","inLanguage":"es","@id":"https:\/\/www.todoalfalfa.com.ar\/noticias\/como-reducir-el-impacto-del-calor-en-bovinos-para-carne\/#primaryimage","url":"https:\/\/i0.wp.com\/www.todoalfalfa.com.ar\/noticias\/wp-content\/uploads\/2024\/01\/vacas.webp?fit=1600%2C1070&ssl=1","contentUrl":"https:\/\/i0.wp.com\/www.todoalfalfa.com.ar\/noticias\/wp-content\/uploads\/2024\/01\/vacas.webp?fit=1600%2C1070&ssl=1","width":1600,"height":1070},{"@type":"BreadcrumbList","@id":"https:\/\/www.todoalfalfa.com.ar\/noticias\/como-reducir-el-impacto-del-calor-en-bovinos-para-carne\/#breadcrumb","itemListElement":[{"@type":"ListItem","position":1,"name":"Principal","item":"https:\/\/www.todoalfalfa.com.ar\/noticias\/"},{"@type":"ListItem","position":2,"name":"C\u00f3mo reducir el impacto del calor en bovinos para carne"}]},{"@type":"WebSite","@id":"https:\/\/www.todoalfalfa.com.ar\/noticias\/#website","url":"https:\/\/www.todoalfalfa.com.ar\/noticias\/","name":"Todo Alfalfa","description":"Web informativa de la cadena de la alfalfa argentina","publisher":{"@id":"https:\/\/www.todoalfalfa.com.ar\/noticias\/#organization"},"potentialAction":[{"@type":"SearchAction","target":{"@type":"EntryPoint","urlTemplate":"https:\/\/www.todoalfalfa.com.ar\/noticias\/?s={search_term_string}"},"query-input":{"@type":"PropertyValueSpecification","valueRequired":true,"valueName":"search_term_string"}}],"inLanguage":"es"},{"@type":"Organization","@id":"https:\/\/www.todoalfalfa.com.ar\/noticias\/#organization","name":"Todo Alfalfa","url":"https:\/\/www.todoalfalfa.com.ar\/noticias\/","logo":{"@type":"ImageObject","inLanguage":"es","@id":"https:\/\/www.todoalfalfa.com.ar\/noticias\/#\/schema\/logo\/image\/","url":"https:\/\/www.todoalfalfa.com.ar\/noticias\/wp-content\/uploads\/2020\/09\/logo-todo-alfalfa-modificado.png","contentUrl":"https:\/\/www.todoalfalfa.com.ar\/noticias\/wp-content\/uploads\/2020\/09\/logo-todo-alfalfa-modificado.png","width":350,"height":100,"caption":"Todo Alfalfa"},"image":{"@id":"https:\/\/www.todoalfalfa.com.ar\/noticias\/#\/schema\/logo\/image\/"},"sameAs":["https:\/\/www.facebook.com\/todoalfalfa","https:\/\/www.instagram.com\/todoalfalfa","https:\/\/www.youtube.com\/@TodoAlfalfa","https:\/\/www.linkedin.com\/company\/todoalfalfa\/"]},{"@type":"Person","@id":"https:\/\/www.todoalfalfa.com.ar\/noticias\/#\/schema\/person\/99de93cb711c7015ef658e5321ba9f18","name":"Todo Alfalfa","image":{"@type":"ImageObject","inLanguage":"es","@id":"https:\/\/www.todoalfalfa.com.ar\/noticias\/#\/schema\/person\/image\/","url":"https:\/\/secure.gravatar.com\/avatar\/50ffd12fb7b268bc2467160730786602db252a270c63104e7c19b5f67b8dd346?s=96&d=mm&r=g","contentUrl":"https:\/\/secure.gravatar.com\/avatar\/50ffd12fb7b268bc2467160730786602db252a270c63104e7c19b5f67b8dd346?s=96&d=mm&r=g","caption":"Todo Alfalfa"},"url":"https:\/\/www.todoalfalfa.com.ar\/noticias\/author\/osvaldoiachetta\/"}]}},"jetpack_featured_media_url":"https:\/\/i0.wp.com\/www.todoalfalfa.com.ar\/noticias\/wp-content\/uploads\/2024\/01\/vacas.webp?fit=1600%2C1070&ssl=1","wps_subtitle":"","jetpack_sharing_enabled":true,"_links":{"self":[{"href":"https:\/\/www.todoalfalfa.com.ar\/noticias\/wp-json\/wp\/v2\/posts\/46738","targetHints":{"allow":["GET"]}}],"collection":[{"href":"https:\/\/www.todoalfalfa.com.ar\/noticias\/wp-json\/wp\/v2\/posts"}],"about":[{"href":"https:\/\/www.todoalfalfa.com.ar\/noticias\/wp-json\/wp\/v2\/types\/post"}],"author":[{"embeddable":true,"href":"https:\/\/www.todoalfalfa.com.ar\/noticias\/wp-json\/wp\/v2\/users\/9"}],"replies":[{"embeddable":true,"href":"https:\/\/www.todoalfalfa.com.ar\/noticias\/wp-json\/wp\/v2\/comments?post=46738"}],"version-history":[{"count":1,"href":"https:\/\/www.todoalfalfa.com.ar\/noticias\/wp-json\/wp\/v2\/posts\/46738\/revisions"}],"predecessor-version":[{"id":46740,"href":"https:\/\/www.todoalfalfa.com.ar\/noticias\/wp-json\/wp\/v2\/posts\/46738\/revisions\/46740"}],"wp:featuredmedia":[{"embeddable":true,"href":"https:\/\/www.todoalfalfa.com.ar\/noticias\/wp-json\/wp\/v2\/media\/46739"}],"wp:attachment":[{"href":"https:\/\/www.todoalfalfa.com.ar\/noticias\/wp-json\/wp\/v2\/media?parent=46738"}],"wp:term":[{"taxonomy":"category","embeddable":true,"href":"https:\/\/www.todoalfalfa.com.ar\/noticias\/wp-json\/wp\/v2\/categories?post=46738"},{"taxonomy":"post_tag","embeddable":true,"href":"https:\/\/www.todoalfalfa.com.ar\/noticias\/wp-json\/wp\/v2\/tags?post=46738"}],"curies":[{"name":"wp","href":"https:\/\/api.w.org\/{rel}","templated":true}]}}