{"id":46768,"date":"2024-02-07T15:41:31","date_gmt":"2024-02-07T18:41:31","guid":{"rendered":"https:\/\/www.todoalfalfa.com.ar\/noticias\/?p=46768"},"modified":"2024-02-07T15:43:10","modified_gmt":"2024-02-07T18:43:10","slug":"ley-omnibus-que-sucedera-con-upov-91","status":"publish","type":"post","link":"https:\/\/www.todoalfalfa.com.ar\/noticias\/ley-omnibus-que-sucedera-con-upov-91\/","title":{"rendered":"Ley \u00f3mnibus: \u00bfQu\u00e9 suceder\u00e1 con UPOV 91?"},"content":{"rendered":"\n<p>El debate por la ley de bases que el gobierno envi\u00f3 al Congreso volvi\u00f3 a su punto de partida y la C\u00e1mara deber\u00e1 debatir nuevamente los diversos puntos. Sera tiempos de consensos y mucho dialogo para lograr aprobar una propuesta muy compleja y con puntos clave que pueden cambiar el desarrollo productivo del pa\u00eds.<\/p>\n\n\n\n<p>En ese marco, uno de los art\u00edculos aborda la adhesi\u00f3n de Argentina a un protocolo o norma internacional UPOV 91. \u00bfDe que se trata? De una propuesta que regula las actividades intelectuales en la creaci\u00f3n de semillas de todas las especies, con el fin de proteger las ideas y que su autor pueda recibir el pago de esa idea, conocido en Argentina como las \u201cregal\u00edas\u201d.<\/p>\n\n\n\n<p>Actualmente, nuestro pa\u00eds se encuentra adherido a UPOV 78 y en ella est\u00e1n adheridos pa\u00edses productivos como Brasil. Pero, la Secretaria de Bioeconom\u00eda de la Naci\u00f3n propone que Argentina tiene que estar adherida a la 91, ya que la 78, para la visi\u00f3n del gobierno, no le garantiza a las empresas que luego se le abone un canon por las tecnolog\u00edas y eso conlleva a que no inviertan y por decantaci\u00f3n no traigan nuevos eventos tecnol\u00f3gicos en semillas.<\/p>\n\n\n\n<p>Esta propuesta dej\u00f3 \u201c<a href=\"https:\/\/www.todoalfalfa.com.ar\/noticias\/posiciones-encontradas-por-la-ley-de-semillas\/\" target=\"_blank\" rel=\"noreferrer noopener\">Posiciones encontradas<\/a>\u201d. Al conocerse la noticia tres entidades agropecuarias pidieron \u201cmayor debate para modificarla\u201d, mientras que la Asociaci\u00f3n de Semilleros la considera \u201cuna se\u00f1al\u201d.<\/p>\n\n\n\n<p>En una entrevista que concedieron el Ingeniero Agr\u00f3nomo Claudio Dunan, actual presidente del Instituto Nacional de Semillas (INASE), un ex Bioceres Semillas, que conoce a la perfecci\u00f3n estos temas; y la abogada Mar\u00eda Laura Villamayor (Representante de UPOV91 en Argentina y el mundo) a Valor Agregado Agro, sostienen que si Argentina se adhiere a la reglamentaci\u00f3n 91 \u201cllegar\u00e1n las nuevas tecnolog\u00edas, de las cuales hoy, los productores&nbsp; argentinos se est\u00e1n privando\u00bb.<\/p>\n\n\n\n<p>Para Claudio Dunan \u201cdesarrollar una bioeconom\u00eda competitiva, robusta, federal, se necesita solidez en el tema semillas, en germoplasma, porque obviamente es el paso absolutamente necesario para que eso ocurra\u201d.&nbsp;<\/p>\n\n\n\n<p>Agreg\u00f3 que: \u201cen Argentina tenemos una situaci\u00f3n regulatoria, desde el punto de vista de la propiedad intelectual, de las creaciones fitogen\u00e9ticas, m\u00e1s f\u00e1cilmente de las semillas, que hace que haya una falta de inversi\u00f3n y que desemboca en una falta de inversi\u00f3n en el \u00e1rea. En los pa\u00edses lim\u00edtrofes las empresas invierten y en Argentina no lo hacen, por la falta de reglas claras.<\/p>\n\n\n\n<p>El funcionario afirm\u00f3 que \u201cno solamente las empresas multinacionales se van a beneficiar con esta normativa, sino que hay empresas pymes, institutos p\u00fablicos como el INTA, que son grandes generadores o podr\u00edan ser grandes generadores, pero tienen que estar protegidos\u201d.<\/p>\n\n\n\n<p>\u201cEl INTA es el principal desarrollador de variedades del pa\u00eds, pero despu\u00e9s ese desarrollo de variedades no tiene la retribuci\u00f3n econ\u00f3mica para poder continuar invirtiendo en nuevas variedades\u201d, agreg\u00f3.<\/p>\n\n\n\n<p>\u00bfQu\u00e9 diferencias existen entre UPOV 91 y UPOV 78?<\/p>\n\n\n\n<p>Seg\u00fan Laura Villa Mayor. UPOV 91 es la evoluci\u00f3n de UPOV 78. No es que un d\u00eda se levantaron y dijeron pateamos UPOV 78 y creamos un sistema totalmente distinto y sali\u00f3 UPOV 91, no. Esta nueva normativa vino a actualizar y aclarar conceptos que no estaban bien aclarados en lo que es UPOV 78. Un concepto que estos d\u00edas hemos escuchado varias veces que es el del uso propio que puede hacer el productor. Que m\u00e1s de uno dice con UPOV 91 no vamos a poder.<\/p>\n\n\n\n<p>El uso propio para UPOV es para todas las especies.&nbsp; Aunque se trate distinto en aut\u00f3gamas, el uso propio es para todas las especies. Hay pa\u00edses que determinan qu\u00e9 especies entran y qu\u00e9 especies no. UPOV 78 no habla de uso propio. O sea, hay pa\u00edses que hoy est\u00e1n en UPOV 78 y no tienen uso propio. Quien nombra por primera vez la excepci\u00f3n del uso propio es UPOV 91. Entonces: \u00bfC\u00f3mo podr\u00eda UPOV 91 prohibir el uso propio si en realidad es quien me est\u00e1 creando este concepto?.<\/p>\n\n\n\n<p>\u00bfLos obtentores, a partir de ahora van a reglamentar y van a determinar qu\u00e9 es el uso propio?<\/p>\n\n\n\n<p>No. Quien va a determinar que esta excepci\u00f3n que crea UPOV 91 se ejercite y de qu\u00e9 forma se ejercita va a ser el Estado.<\/p>\n\n\n\n<p>\u00bfEl peque\u00f1o agricultor, productores de hasta determinada cantidad, hect\u00e1reas, ser\u00eda uno de los criterios?<\/p>\n\n\n\n<p>Hay mil criterios. Seguramente se analizar\u00e1n en conjunto, el estado va a llamar a los distintos sectores para analizar a ver qui\u00e9n paga, qui\u00e9n no paga. El primer concepto que tiene que quedar bien claro es que UPOV 91 crea el uso propio. Algunos van a pagar la propiedad intelectual y algunos no. Pero hay un uso propio que est\u00e1 configurado y est\u00e1 respetado y que no habla UPOV 78. Esa la primer gran diferencia.<\/p>\n\n\n\n<p>Para resumir. Seg\u00fan Mar\u00eda Laura Villamayor \u201cse garantiza el uso propio, pero el estado fijar\u00e1 las normas y reglas para identificar quienes pagan las regal\u00edas y quienes no la pagan.<\/p>\n\n\n\n<p>M\u00e1s diferencias<\/p>\n\n\n\n<p>Mar\u00eda Laura Villamayor explica que \u201cUPOV 78 no protege todas las especies, cada cinco a\u00f1os va aumentando especies. UPOV 91 protege todas las especies. Por eso, muchas veces, Argentina est\u00e1 un poco m\u00e1s de atraso. El tema de la cantidad de a\u00f1os, UPOV 78 te habla de 15 y 18 a\u00f1os, agrega 18 para los que son vides y \u00e1rboles. UPOV 91 te habla de 20 y 25\u201d.<\/p>\n\n\n\n<p>Claudio Dunana, apunta que #la primera cuesti\u00f3n es el productor que est\u00e1 dentro de la ley, que utiliza las semillas, que paga sus regal\u00edas, que es proactivo, que es innovador, no tiene nada que temer. Va a tener la opci\u00f3n de que vengan m\u00e1s tecnolog\u00edas y m\u00e1s competidores. Lo que hace UPOV 91, es decir que estas son las reglas del pa\u00eds, son claras y no son ambiguas. Empresas vengan a competir. Empresas nacionales, internacionales, startups, organismos p\u00fablicos. Hoy eso no lo ten\u00e9s. Entonces depend\u00e9s de muy pocas tecnolog\u00edas de muy pocas empresas, el mercado va limpiando las pymes, el mercado va eliminando aquellos que trabajan en cultivos peque\u00f1os, porque en realidad las empresas m\u00e1s chicas o las empresas p\u00fablicas que hici\u00e9ramos son aquellas que invierten en cultivos m\u00e1s peque\u00f1os, las multinacionales no. Entonces nosotros necesitamos de esto\u201d.<\/p>\n\n\n\n<p>Fuente: <a href=\"https:\/\/www.valoragregadoagro.com\/2024\/02\/05\/el-martes-se-debate-el-futuro-de-las-semillas-en-el-pais-el-gobierno-asegura-que-upov91-garantiza-el-uso-propio-de-semillas-pero-tienen-que-definir-que-productores-podran-utilizarlo\/\" target=\"_blank\" rel=\"noreferrer noopener\">Valor Agregado Agro<\/a><\/p>\n<div class=\"todoalfalfa-final-de-la-nota\" id=\"todoalfalfa-4090710749\"><a href=\"https:\/\/www.whatsapp.com\/channel\/0029VbCBmFB9WtBxJsD3eC2i\" target=\"_blank\" aria-label=\"5\"><img src=\"https:\/\/i0.wp.com\/www.todoalfalfa.com.ar\/noticias\/wp-content\/uploads\/2026\/04\/5.gif?fit=728%2C90&#038;ssl=1\" alt=\"\"  width=\"728\" height=\"90\"   \/><\/a><\/div>","protected":false},"excerpt":{"rendered":"<p>El gobierno, en el marco del debate, buscaba aprobar esta normativa internacional. Actualmente nuestro pa\u00eds esta adherida a UPOV 78. Hay posiciones encontradas y un debate inconcluso.<\/p>\n","protected":false},"author":9,"featured_media":46769,"comment_status":"closed","ping_status":"open","sticky":false,"template":"","format":"standard","meta":{"jetpack_post_was_ever_published":false,"_jetpack_newsletter_access":"","_jetpack_dont_email_post_to_subs":false,"_jetpack_newsletter_tier_id":0,"_jetpack_memberships_contains_paywalled_content":false,"_jetpack_memberships_contains_paid_content":false,"footnotes":""},"categories":[2],"tags":[199,1617,1537,1640,1639],"class_list":["post-46768","post","type-post","status-publish","format-standard","has-post-thumbnail","hentry","category-generales","tag-inase","tag-ley-de-semillas","tag-produccion-2","tag-upov-78","tag-upov-91"],"yoast_head":"<!-- This site is optimized with the Yoast SEO plugin v25.5 - https:\/\/yoast.com\/wordpress\/plugins\/seo\/ -->\n<title>Ley \u00f3mnibus: \u00bfQu\u00e9 suceder\u00e1 con UPOV 91?<\/title>\n<meta name=\"robots\" content=\"index, follow, max-snippet:-1, max-image-preview:large, max-video-preview:-1\" \/>\n<link rel=\"canonical\" href=\"https:\/\/www.todoalfalfa.com.ar\/noticias\/ley-omnibus-que-sucedera-con-upov-91\/\" \/>\n<meta property=\"og:locale\" content=\"es_ES\" \/>\n<meta property=\"og:type\" content=\"article\" \/>\n<meta property=\"og:title\" content=\"Ley \u00f3mnibus: \u00bfQu\u00e9 suceder\u00e1 con UPOV 91?\" \/>\n<meta property=\"og:description\" content=\"El gobierno, en el marco del debate, buscaba aprobar esta normativa internacional. Actualmente nuestro pa\u00eds esta adherida a UPOV 78. Hay posiciones encontradas y un debate inconcluso.\" \/>\n<meta property=\"og:url\" content=\"https:\/\/www.todoalfalfa.com.ar\/noticias\/ley-omnibus-que-sucedera-con-upov-91\/\" \/>\n<meta property=\"og:site_name\" content=\"Todo Alfalfa\" \/>\n<meta property=\"article:publisher\" content=\"https:\/\/www.facebook.com\/todoalfalfa\" \/>\n<meta property=\"article:published_time\" content=\"2024-02-07T18:41:31+00:00\" \/>\n<meta property=\"article:modified_time\" content=\"2024-02-07T18:43:10+00:00\" \/>\n<meta property=\"og:image\" content=\"https:\/\/www.todoalfalfa.com.ar\/noticias\/wp-content\/uploads\/2024\/02\/Ley-de-Semillas.jpg\" \/>\n\t<meta property=\"og:image:width\" content=\"660\" \/>\n\t<meta property=\"og:image:height\" content=\"375\" \/>\n\t<meta property=\"og:image:type\" content=\"image\/jpeg\" \/>\n<meta name=\"author\" content=\"Todo Alfalfa\" \/>\n<meta name=\"twitter:card\" content=\"summary_large_image\" \/>\n<meta name=\"twitter:label1\" content=\"Escrito por\" \/>\n\t<meta name=\"twitter:data1\" content=\"Todo Alfalfa\" \/>\n\t<meta name=\"twitter:label2\" content=\"Tiempo de lectura\" \/>\n\t<meta name=\"twitter:data2\" content=\"5 minutos\" \/>\n<script type=\"application\/ld+json\" class=\"yoast-schema-graph\">{\"@context\":\"https:\/\/schema.org\",\"@graph\":[{\"@type\":\"NewsArticle\",\"@id\":\"https:\/\/www.todoalfalfa.com.ar\/noticias\/ley-omnibus-que-sucedera-con-upov-91\/#article\",\"isPartOf\":{\"@id\":\"https:\/\/www.todoalfalfa.com.ar\/noticias\/ley-omnibus-que-sucedera-con-upov-91\/\"},\"author\":{\"name\":\"Todo Alfalfa\",\"@id\":\"https:\/\/www.todoalfalfa.com.ar\/noticias\/#\/schema\/person\/99de93cb711c7015ef658e5321ba9f18\"},\"headline\":\"Ley \u00f3mnibus: \u00bfQu\u00e9 suceder\u00e1 con UPOV 91?\",\"datePublished\":\"2024-02-07T18:41:31+00:00\",\"dateModified\":\"2024-02-07T18:43:10+00:00\",\"mainEntityOfPage\":{\"@id\":\"https:\/\/www.todoalfalfa.com.ar\/noticias\/ley-omnibus-que-sucedera-con-upov-91\/\"},\"wordCount\":1079,\"publisher\":{\"@id\":\"https:\/\/www.todoalfalfa.com.ar\/noticias\/#organization\"},\"image\":{\"@id\":\"https:\/\/www.todoalfalfa.com.ar\/noticias\/ley-omnibus-que-sucedera-con-upov-91\/#primaryimage\"},\"thumbnailUrl\":\"https:\/\/i0.wp.com\/www.todoalfalfa.com.ar\/noticias\/wp-content\/uploads\/2024\/02\/Ley-de-Semillas.jpg?fit=660%2C375&ssl=1\",\"keywords\":[\"Inase\",\"Ley de Semillas\",\"Produccion\",\"UPOV 78\",\"UPOV 91\"],\"articleSection\":[\"Generales\"],\"inLanguage\":\"es\"},{\"@type\":[\"WebPage\",\"ItemPage\"],\"@id\":\"https:\/\/www.todoalfalfa.com.ar\/noticias\/ley-omnibus-que-sucedera-con-upov-91\/\",\"url\":\"https:\/\/www.todoalfalfa.com.ar\/noticias\/ley-omnibus-que-sucedera-con-upov-91\/\",\"name\":\"Ley \u00f3mnibus: \u00bfQu\u00e9 suceder\u00e1 con UPOV 91?\",\"isPartOf\":{\"@id\":\"https:\/\/www.todoalfalfa.com.ar\/noticias\/#website\"},\"primaryImageOfPage\":{\"@id\":\"https:\/\/www.todoalfalfa.com.ar\/noticias\/ley-omnibus-que-sucedera-con-upov-91\/#primaryimage\"},\"image\":{\"@id\":\"https:\/\/www.todoalfalfa.com.ar\/noticias\/ley-omnibus-que-sucedera-con-upov-91\/#primaryimage\"},\"thumbnailUrl\":\"https:\/\/i0.wp.com\/www.todoalfalfa.com.ar\/noticias\/wp-content\/uploads\/2024\/02\/Ley-de-Semillas.jpg?fit=660%2C375&ssl=1\",\"datePublished\":\"2024-02-07T18:41:31+00:00\",\"dateModified\":\"2024-02-07T18:43:10+00:00\",\"breadcrumb\":{\"@id\":\"https:\/\/www.todoalfalfa.com.ar\/noticias\/ley-omnibus-que-sucedera-con-upov-91\/#breadcrumb\"},\"inLanguage\":\"es\",\"potentialAction\":[{\"@type\":\"ReadAction\",\"target\":[\"https:\/\/www.todoalfalfa.com.ar\/noticias\/ley-omnibus-que-sucedera-con-upov-91\/\"]}]},{\"@type\":\"ImageObject\",\"inLanguage\":\"es\",\"@id\":\"https:\/\/www.todoalfalfa.com.ar\/noticias\/ley-omnibus-que-sucedera-con-upov-91\/#primaryimage\",\"url\":\"https:\/\/i0.wp.com\/www.todoalfalfa.com.ar\/noticias\/wp-content\/uploads\/2024\/02\/Ley-de-Semillas.jpg?fit=660%2C375&ssl=1\",\"contentUrl\":\"https:\/\/i0.wp.com\/www.todoalfalfa.com.ar\/noticias\/wp-content\/uploads\/2024\/02\/Ley-de-Semillas.jpg?fit=660%2C375&ssl=1\",\"width\":660,\"height\":375},{\"@type\":\"BreadcrumbList\",\"@id\":\"https:\/\/www.todoalfalfa.com.ar\/noticias\/ley-omnibus-que-sucedera-con-upov-91\/#breadcrumb\",\"itemListElement\":[{\"@type\":\"ListItem\",\"position\":1,\"name\":\"Principal\",\"item\":\"https:\/\/www.todoalfalfa.com.ar\/noticias\/\"},{\"@type\":\"ListItem\",\"position\":2,\"name\":\"Ley \u00f3mnibus: \u00bfQu\u00e9 suceder\u00e1 con UPOV 91?\"}]},{\"@type\":\"WebSite\",\"@id\":\"https:\/\/www.todoalfalfa.com.ar\/noticias\/#website\",\"url\":\"https:\/\/www.todoalfalfa.com.ar\/noticias\/\",\"name\":\"Todo Alfalfa\",\"description\":\"Web informativa de la cadena de la alfalfa argentina\",\"publisher\":{\"@id\":\"https:\/\/www.todoalfalfa.com.ar\/noticias\/#organization\"},\"potentialAction\":[{\"@type\":\"SearchAction\",\"target\":{\"@type\":\"EntryPoint\",\"urlTemplate\":\"https:\/\/www.todoalfalfa.com.ar\/noticias\/?s={search_term_string}\"},\"query-input\":{\"@type\":\"PropertyValueSpecification\",\"valueRequired\":true,\"valueName\":\"search_term_string\"}}],\"inLanguage\":\"es\"},{\"@type\":\"Organization\",\"@id\":\"https:\/\/www.todoalfalfa.com.ar\/noticias\/#organization\",\"name\":\"Todo Alfalfa\",\"url\":\"https:\/\/www.todoalfalfa.com.ar\/noticias\/\",\"logo\":{\"@type\":\"ImageObject\",\"inLanguage\":\"es\",\"@id\":\"https:\/\/www.todoalfalfa.com.ar\/noticias\/#\/schema\/logo\/image\/\",\"url\":\"https:\/\/www.todoalfalfa.com.ar\/noticias\/wp-content\/uploads\/2020\/09\/logo-todo-alfalfa-modificado.png\",\"contentUrl\":\"https:\/\/www.todoalfalfa.com.ar\/noticias\/wp-content\/uploads\/2020\/09\/logo-todo-alfalfa-modificado.png\",\"width\":350,\"height\":100,\"caption\":\"Todo Alfalfa\"},\"image\":{\"@id\":\"https:\/\/www.todoalfalfa.com.ar\/noticias\/#\/schema\/logo\/image\/\"},\"sameAs\":[\"https:\/\/www.facebook.com\/todoalfalfa\",\"https:\/\/www.instagram.com\/todoalfalfa\",\"https:\/\/www.youtube.com\/@TodoAlfalfa\",\"https:\/\/www.linkedin.com\/company\/todoalfalfa\/\"]},{\"@type\":\"Person\",\"@id\":\"https:\/\/www.todoalfalfa.com.ar\/noticias\/#\/schema\/person\/99de93cb711c7015ef658e5321ba9f18\",\"name\":\"Todo Alfalfa\",\"image\":{\"@type\":\"ImageObject\",\"inLanguage\":\"es\",\"@id\":\"https:\/\/www.todoalfalfa.com.ar\/noticias\/#\/schema\/person\/image\/\",\"url\":\"https:\/\/secure.gravatar.com\/avatar\/50ffd12fb7b268bc2467160730786602db252a270c63104e7c19b5f67b8dd346?s=96&d=mm&r=g\",\"contentUrl\":\"https:\/\/secure.gravatar.com\/avatar\/50ffd12fb7b268bc2467160730786602db252a270c63104e7c19b5f67b8dd346?s=96&d=mm&r=g\",\"caption\":\"Todo Alfalfa\"},\"url\":\"https:\/\/www.todoalfalfa.com.ar\/noticias\/author\/osvaldoiachetta\/\"}]}<\/script>\n<!-- \/ Yoast SEO plugin. -->","yoast_head_json":{"title":"Ley \u00f3mnibus: \u00bfQu\u00e9 suceder\u00e1 con UPOV 91?","robots":{"index":"index","follow":"follow","max-snippet":"max-snippet:-1","max-image-preview":"max-image-preview:large","max-video-preview":"max-video-preview:-1"},"canonical":"https:\/\/www.todoalfalfa.com.ar\/noticias\/ley-omnibus-que-sucedera-con-upov-91\/","og_locale":"es_ES","og_type":"article","og_title":"Ley \u00f3mnibus: \u00bfQu\u00e9 suceder\u00e1 con UPOV 91?","og_description":"El gobierno, en el marco del debate, buscaba aprobar esta normativa internacional. Actualmente nuestro pa\u00eds esta adherida a UPOV 78. Hay posiciones encontradas y un debate inconcluso.","og_url":"https:\/\/www.todoalfalfa.com.ar\/noticias\/ley-omnibus-que-sucedera-con-upov-91\/","og_site_name":"Todo Alfalfa","article_publisher":"https:\/\/www.facebook.com\/todoalfalfa","article_published_time":"2024-02-07T18:41:31+00:00","article_modified_time":"2024-02-07T18:43:10+00:00","og_image":[{"width":660,"height":375,"url":"https:\/\/www.todoalfalfa.com.ar\/noticias\/wp-content\/uploads\/2024\/02\/Ley-de-Semillas.jpg","type":"image\/jpeg"}],"author":"Todo Alfalfa","twitter_card":"summary_large_image","twitter_misc":{"Escrito por":"Todo Alfalfa","Tiempo de lectura":"5 minutos"},"schema":{"@context":"https:\/\/schema.org","@graph":[{"@type":"NewsArticle","@id":"https:\/\/www.todoalfalfa.com.ar\/noticias\/ley-omnibus-que-sucedera-con-upov-91\/#article","isPartOf":{"@id":"https:\/\/www.todoalfalfa.com.ar\/noticias\/ley-omnibus-que-sucedera-con-upov-91\/"},"author":{"name":"Todo Alfalfa","@id":"https:\/\/www.todoalfalfa.com.ar\/noticias\/#\/schema\/person\/99de93cb711c7015ef658e5321ba9f18"},"headline":"Ley \u00f3mnibus: \u00bfQu\u00e9 suceder\u00e1 con UPOV 91?","datePublished":"2024-02-07T18:41:31+00:00","dateModified":"2024-02-07T18:43:10+00:00","mainEntityOfPage":{"@id":"https:\/\/www.todoalfalfa.com.ar\/noticias\/ley-omnibus-que-sucedera-con-upov-91\/"},"wordCount":1079,"publisher":{"@id":"https:\/\/www.todoalfalfa.com.ar\/noticias\/#organization"},"image":{"@id":"https:\/\/www.todoalfalfa.com.ar\/noticias\/ley-omnibus-que-sucedera-con-upov-91\/#primaryimage"},"thumbnailUrl":"https:\/\/i0.wp.com\/www.todoalfalfa.com.ar\/noticias\/wp-content\/uploads\/2024\/02\/Ley-de-Semillas.jpg?fit=660%2C375&ssl=1","keywords":["Inase","Ley de Semillas","Produccion","UPOV 78","UPOV 91"],"articleSection":["Generales"],"inLanguage":"es"},{"@type":["WebPage","ItemPage"],"@id":"https:\/\/www.todoalfalfa.com.ar\/noticias\/ley-omnibus-que-sucedera-con-upov-91\/","url":"https:\/\/www.todoalfalfa.com.ar\/noticias\/ley-omnibus-que-sucedera-con-upov-91\/","name":"Ley \u00f3mnibus: \u00bfQu\u00e9 suceder\u00e1 con UPOV 91?","isPartOf":{"@id":"https:\/\/www.todoalfalfa.com.ar\/noticias\/#website"},"primaryImageOfPage":{"@id":"https:\/\/www.todoalfalfa.com.ar\/noticias\/ley-omnibus-que-sucedera-con-upov-91\/#primaryimage"},"image":{"@id":"https:\/\/www.todoalfalfa.com.ar\/noticias\/ley-omnibus-que-sucedera-con-upov-91\/#primaryimage"},"thumbnailUrl":"https:\/\/i0.wp.com\/www.todoalfalfa.com.ar\/noticias\/wp-content\/uploads\/2024\/02\/Ley-de-Semillas.jpg?fit=660%2C375&ssl=1","datePublished":"2024-02-07T18:41:31+00:00","dateModified":"2024-02-07T18:43:10+00:00","breadcrumb":{"@id":"https:\/\/www.todoalfalfa.com.ar\/noticias\/ley-omnibus-que-sucedera-con-upov-91\/#breadcrumb"},"inLanguage":"es","potentialAction":[{"@type":"ReadAction","target":["https:\/\/www.todoalfalfa.com.ar\/noticias\/ley-omnibus-que-sucedera-con-upov-91\/"]}]},{"@type":"ImageObject","inLanguage":"es","@id":"https:\/\/www.todoalfalfa.com.ar\/noticias\/ley-omnibus-que-sucedera-con-upov-91\/#primaryimage","url":"https:\/\/i0.wp.com\/www.todoalfalfa.com.ar\/noticias\/wp-content\/uploads\/2024\/02\/Ley-de-Semillas.jpg?fit=660%2C375&ssl=1","contentUrl":"https:\/\/i0.wp.com\/www.todoalfalfa.com.ar\/noticias\/wp-content\/uploads\/2024\/02\/Ley-de-Semillas.jpg?fit=660%2C375&ssl=1","width":660,"height":375},{"@type":"BreadcrumbList","@id":"https:\/\/www.todoalfalfa.com.ar\/noticias\/ley-omnibus-que-sucedera-con-upov-91\/#breadcrumb","itemListElement":[{"@type":"ListItem","position":1,"name":"Principal","item":"https:\/\/www.todoalfalfa.com.ar\/noticias\/"},{"@type":"ListItem","position":2,"name":"Ley \u00f3mnibus: \u00bfQu\u00e9 suceder\u00e1 con UPOV 91?"}]},{"@type":"WebSite","@id":"https:\/\/www.todoalfalfa.com.ar\/noticias\/#website","url":"https:\/\/www.todoalfalfa.com.ar\/noticias\/","name":"Todo Alfalfa","description":"Web informativa de la cadena de la alfalfa argentina","publisher":{"@id":"https:\/\/www.todoalfalfa.com.ar\/noticias\/#organization"},"potentialAction":[{"@type":"SearchAction","target":{"@type":"EntryPoint","urlTemplate":"https:\/\/www.todoalfalfa.com.ar\/noticias\/?s={search_term_string}"},"query-input":{"@type":"PropertyValueSpecification","valueRequired":true,"valueName":"search_term_string"}}],"inLanguage":"es"},{"@type":"Organization","@id":"https:\/\/www.todoalfalfa.com.ar\/noticias\/#organization","name":"Todo Alfalfa","url":"https:\/\/www.todoalfalfa.com.ar\/noticias\/","logo":{"@type":"ImageObject","inLanguage":"es","@id":"https:\/\/www.todoalfalfa.com.ar\/noticias\/#\/schema\/logo\/image\/","url":"https:\/\/www.todoalfalfa.com.ar\/noticias\/wp-content\/uploads\/2020\/09\/logo-todo-alfalfa-modificado.png","contentUrl":"https:\/\/www.todoalfalfa.com.ar\/noticias\/wp-content\/uploads\/2020\/09\/logo-todo-alfalfa-modificado.png","width":350,"height":100,"caption":"Todo Alfalfa"},"image":{"@id":"https:\/\/www.todoalfalfa.com.ar\/noticias\/#\/schema\/logo\/image\/"},"sameAs":["https:\/\/www.facebook.com\/todoalfalfa","https:\/\/www.instagram.com\/todoalfalfa","https:\/\/www.youtube.com\/@TodoAlfalfa","https:\/\/www.linkedin.com\/company\/todoalfalfa\/"]},{"@type":"Person","@id":"https:\/\/www.todoalfalfa.com.ar\/noticias\/#\/schema\/person\/99de93cb711c7015ef658e5321ba9f18","name":"Todo Alfalfa","image":{"@type":"ImageObject","inLanguage":"es","@id":"https:\/\/www.todoalfalfa.com.ar\/noticias\/#\/schema\/person\/image\/","url":"https:\/\/secure.gravatar.com\/avatar\/50ffd12fb7b268bc2467160730786602db252a270c63104e7c19b5f67b8dd346?s=96&d=mm&r=g","contentUrl":"https:\/\/secure.gravatar.com\/avatar\/50ffd12fb7b268bc2467160730786602db252a270c63104e7c19b5f67b8dd346?s=96&d=mm&r=g","caption":"Todo Alfalfa"},"url":"https:\/\/www.todoalfalfa.com.ar\/noticias\/author\/osvaldoiachetta\/"}]}},"jetpack_featured_media_url":"https:\/\/i0.wp.com\/www.todoalfalfa.com.ar\/noticias\/wp-content\/uploads\/2024\/02\/Ley-de-Semillas.jpg?fit=660%2C375&ssl=1","wps_subtitle":"","jetpack_sharing_enabled":true,"_links":{"self":[{"href":"https:\/\/www.todoalfalfa.com.ar\/noticias\/wp-json\/wp\/v2\/posts\/46768","targetHints":{"allow":["GET"]}}],"collection":[{"href":"https:\/\/www.todoalfalfa.com.ar\/noticias\/wp-json\/wp\/v2\/posts"}],"about":[{"href":"https:\/\/www.todoalfalfa.com.ar\/noticias\/wp-json\/wp\/v2\/types\/post"}],"author":[{"embeddable":true,"href":"https:\/\/www.todoalfalfa.com.ar\/noticias\/wp-json\/wp\/v2\/users\/9"}],"replies":[{"embeddable":true,"href":"https:\/\/www.todoalfalfa.com.ar\/noticias\/wp-json\/wp\/v2\/comments?post=46768"}],"version-history":[{"count":1,"href":"https:\/\/www.todoalfalfa.com.ar\/noticias\/wp-json\/wp\/v2\/posts\/46768\/revisions"}],"predecessor-version":[{"id":46770,"href":"https:\/\/www.todoalfalfa.com.ar\/noticias\/wp-json\/wp\/v2\/posts\/46768\/revisions\/46770"}],"wp:featuredmedia":[{"embeddable":true,"href":"https:\/\/www.todoalfalfa.com.ar\/noticias\/wp-json\/wp\/v2\/media\/46769"}],"wp:attachment":[{"href":"https:\/\/www.todoalfalfa.com.ar\/noticias\/wp-json\/wp\/v2\/media?parent=46768"}],"wp:term":[{"taxonomy":"category","embeddable":true,"href":"https:\/\/www.todoalfalfa.com.ar\/noticias\/wp-json\/wp\/v2\/categories?post=46768"},{"taxonomy":"post_tag","embeddable":true,"href":"https:\/\/www.todoalfalfa.com.ar\/noticias\/wp-json\/wp\/v2\/tags?post=46768"}],"curies":[{"name":"wp","href":"https:\/\/api.w.org\/{rel}","templated":true}]}}