{"id":46851,"date":"2024-02-26T15:59:01","date_gmt":"2024-02-26T18:59:01","guid":{"rendered":"https:\/\/www.todoalfalfa.com.ar\/noticias\/?p=46851"},"modified":"2024-02-28T14:06:04","modified_gmt":"2024-02-28T17:06:04","slug":"el-cluster-de-alfalfa-de-cordoba-organiza-un-viaje-de-capacitacion-a-espana","status":"publish","type":"post","link":"https:\/\/www.todoalfalfa.com.ar\/noticias\/el-cluster-de-alfalfa-de-cordoba-organiza-un-viaje-de-capacitacion-a-espana\/","title":{"rendered":"El Cl\u00faster de Alfalfa de C\u00f3rdoba organiza un viaje de capacitaci\u00f3n a Espa\u00f1a"},"content":{"rendered":"\n<p>El Cl\u00faster de Alfalfa C\u00f3rdoba dise\u00f1\u00f3 un viaje de formaci\u00f3n a Espa\u00f1a con el objetivo de perfeccionar la producci\u00f3n del sector. En ese marco, apostaron a visitar sistemas productivos, industrias, instituciones, de la mano de distintos actores que nos abren sus puertas para compartir su know how. Madrid, Zaragoza y Barcelona, algunas de la ciudad que el contingente visitar\u00e1.<\/p>\n\n\n\n<p>Esta propuesta \u201ccreemos que es un viaje que aporta a la estrategia, la visi\u00f3n, que abre la cabeza y permite pensar en m\u00e1s, sobre todo nosotros con la consciencia de que a veces nos come la diaria\u201d, apunt\u00f3 Gast\u00f3n Urrets Zavalia, gerente del Cl\u00faster.<\/p>\n\n\n\n<p>Es por ello que la mirada se centra en Espa\u00f1a (segundo exportador mundial de alfalfa) con el objetivo de consultar las bases, c\u00f3mo dieron el salto en alfalfa, c\u00f3mo se convirtieron en lo que son; c\u00f3mo mejoraron la calidad, la tecnificaci\u00f3n, la innovaci\u00f3n tecnol\u00f3gica algo que entienden estrat\u00e9gico.<\/p>\n\n\n\n<p>Se trata de una inversi\u00f3n que inicialmente rondar\u00eda los 5900 d\u00f3lares aproximadamente que puede variar dependiente de la cantidad de personas que viajen. \u201cEste a\u00f1o queremos formar empresarios, darles herramientas cada vez mejores, que potencien a las empresas y den un salto cualitativo m\u00e1s all\u00e1 de las cantidades\u201d, explic\u00f3.<\/p>\n\n\n\n<p>Urrets Zavalia entiende que \u201chacer este viaje es intentar dar un salto cualitativo y por eso saben tambi\u00e9n que es una inversi\u00f3n, se lo busca optimizar al m\u00e1ximo. Son 10 d\u00edas a pleno de viajes y visitas a sistemas productivos de distintas escalas, grandes, chicos, asociativos, sistemas industriales, sistemas de prensado, reprensado, deshidratado, pelletizado, cubetizado\u201d.<\/p>\n\n\n\n<figure class=\"wp-block-audio\"><audio controls src=\"https:\/\/www.todoalfalfa.com.ar\/noticias\/wp-content\/uploads\/2024\/02\/Gaston-1.mp3\"><\/audio><\/figure>\n\n\n\n<p>El objetivo del Cl\u00faster, en este a\u00f1o, es brindar herramientas de gesti\u00f3n empresarial que \u201cqueremos que exploten fuerte\u201d, pero tambi\u00e9n apuntando a \u201cinversiones puntuales como el riego, almacenamiento, deshidratado y recompactado\u201d, todo ello, seg\u00fan el gerente del espacio explic\u00f3 que \u201cpara invertir bien hay que saber qu\u00e9 conviene\u201d.<\/p>\n\n\n\n<p>Las grandes extensiones de nuestro pa\u00eds plantean un problema para los productores y los costos de log\u00edstica son elevados. Es por ello que es clave poder incorporar el sistema ferroviario. \u201cEl flete es un tema absolutamente importante e impactante en negocios como el del alfalfa, el 60% del costo se va en fletes, y la mayor\u00eda de eso, hasta el 45, en fletes internos\u201d, reconoci\u00f3.<\/p>\n\n\n\n<p>Es por ello que el viaje apuesta a la industrializaci\u00f3n; copiar, conocer, tomar ejemplos, mirar y evacuar cada una de las dudas que puedan surgir. \u201cRecompactar, darle alta densidad, fibra larga como megafardo, fardito recompactado\u201d, son las posibilidad que Urrets Zavalia analiz\u00f3, y asegur\u00f3 que \u201ces lo que nos permite a nosotros multiplicar la posibilidad de hacer viable el negocio y m\u00e1s jugoso, tanto para la exportaci\u00f3n \u00b4cruzando el charco\u00b4 (Emirato \u00c1rabe, Arabia Saudita, China) o a pa\u00edses lim\u00edtrofes\u201d.<\/p>\n\n\n\n<figure class=\"wp-block-audio\"><audio controls src=\"https:\/\/www.todoalfalfa.com.ar\/noticias\/wp-content\/uploads\/2024\/02\/Gaston-2.mp3\"><\/audio><\/figure>\n\n\n\n<figure class=\"wp-block-embed is-type-rich is-provider-instagram wp-block-embed-instagram\"><div class=\"wp-block-embed__wrapper\">\n<blockquote class=\"instagram-media\" data-instgrm-captioned data-instgrm-permalink=\"https:\/\/www.instagram.com\/p\/C30XztOJmtm\/?utm_source=ig_embed&amp;utm_campaign=loading\" data-instgrm-version=\"14\" style=\" background:#FFF; border:0; border-radius:3px; box-shadow:0 0 1px 0 rgba(0,0,0,0.5),0 1px 10px 0 rgba(0,0,0,0.15); margin: 1px; max-width:500px; min-width:326px; padding:0; width:99.375%; width:-webkit-calc(100% - 2px); width:calc(100% - 2px);\"><div style=\"padding:16px;\"> <a href=\"https:\/\/www.instagram.com\/p\/C30XztOJmtm\/?utm_source=ig_embed&amp;utm_campaign=loading\" style=\" background:#FFFFFF; line-height:0; padding:0 0; text-align:center; text-decoration:none; width:100%;\" target=\"_blank\"> <div style=\" display: flex; flex-direction: row; align-items: center;\"> <div style=\"background-color: #F4F4F4; border-radius: 50%; flex-grow: 0; height: 40px; margin-right: 14px; width: 40px;\"><\/div> <div style=\"display: flex; flex-direction: column; flex-grow: 1; justify-content: center;\"> <div style=\" background-color: #F4F4F4; border-radius: 4px; flex-grow: 0; height: 14px; margin-bottom: 6px; width: 100px;\"><\/div> <div style=\" background-color: #F4F4F4; border-radius: 4px; flex-grow: 0; height: 14px; width: 60px;\"><\/div><\/div><\/div><div style=\"padding: 19% 0;\"><\/div> <div style=\"display:block; height:50px; margin:0 auto 12px; width:50px;\"><svg width=\"50px\" height=\"50px\" viewBox=\"0 0 60 60\" version=\"1.1\" xmlns=\"https:\/\/www.w3.org\/2000\/svg\" xmlns:xlink=\"https:\/\/www.w3.org\/1999\/xlink\"><g stroke=\"none\" stroke-width=\"1\" fill=\"none\" fill-rule=\"evenodd\"><g transform=\"translate(-511.000000, -20.000000)\" fill=\"#000000\"><g><path d=\"M556.869,30.41 C554.814,30.41 553.148,32.076 553.148,34.131 C553.148,36.186 554.814,37.852 556.869,37.852 C558.924,37.852 560.59,36.186 560.59,34.131 C560.59,32.076 558.924,30.41 556.869,30.41 M541,60.657 C535.114,60.657 530.342,55.887 530.342,50 C530.342,44.114 535.114,39.342 541,39.342 C546.887,39.342 551.658,44.114 551.658,50 C551.658,55.887 546.887,60.657 541,60.657 M541,33.886 C532.1,33.886 524.886,41.1 524.886,50 C524.886,58.899 532.1,66.113 541,66.113 C549.9,66.113 557.115,58.899 557.115,50 C557.115,41.1 549.9,33.886 541,33.886 M565.378,62.101 C565.244,65.022 564.756,66.606 564.346,67.663 C563.803,69.06 563.154,70.057 562.106,71.106 C561.058,72.155 560.06,72.803 558.662,73.347 C557.607,73.757 556.021,74.244 553.102,74.378 C549.944,74.521 548.997,74.552 541,74.552 C533.003,74.552 532.056,74.521 528.898,74.378 C525.979,74.244 524.393,73.757 523.338,73.347 C521.94,72.803 520.942,72.155 519.894,71.106 C518.846,70.057 518.197,69.06 517.654,67.663 C517.244,66.606 516.755,65.022 516.623,62.101 C516.479,58.943 516.448,57.996 516.448,50 C516.448,42.003 516.479,41.056 516.623,37.899 C516.755,34.978 517.244,33.391 517.654,32.338 C518.197,30.938 518.846,29.942 519.894,28.894 C520.942,27.846 521.94,27.196 523.338,26.654 C524.393,26.244 525.979,25.756 528.898,25.623 C532.057,25.479 533.004,25.448 541,25.448 C548.997,25.448 549.943,25.479 553.102,25.623 C556.021,25.756 557.607,26.244 558.662,26.654 C560.06,27.196 561.058,27.846 562.106,28.894 C563.154,29.942 563.803,30.938 564.346,32.338 C564.756,33.391 565.244,34.978 565.378,37.899 C565.522,41.056 565.552,42.003 565.552,50 C565.552,57.996 565.522,58.943 565.378,62.101 M570.82,37.631 C570.674,34.438 570.167,32.258 569.425,30.349 C568.659,28.377 567.633,26.702 565.965,25.035 C564.297,23.368 562.623,22.342 560.652,21.575 C558.743,20.834 556.562,20.326 553.369,20.18 C550.169,20.033 549.148,20 541,20 C532.853,20 531.831,20.033 528.631,20.18 C525.438,20.326 523.257,20.834 521.349,21.575 C519.376,22.342 517.703,23.368 516.035,25.035 C514.368,26.702 513.342,28.377 512.574,30.349 C511.834,32.258 511.326,34.438 511.181,37.631 C511.035,40.831 511,41.851 511,50 C511,58.147 511.035,59.17 511.181,62.369 C511.326,65.562 511.834,67.743 512.574,69.651 C513.342,71.625 514.368,73.296 516.035,74.965 C517.703,76.634 519.376,77.658 521.349,78.425 C523.257,79.167 525.438,79.673 528.631,79.82 C531.831,79.965 532.853,80.001 541,80.001 C549.148,80.001 550.169,79.965 553.369,79.82 C556.562,79.673 558.743,79.167 560.652,78.425 C562.623,77.658 564.297,76.634 565.965,74.965 C567.633,73.296 568.659,71.625 569.425,69.651 C570.167,67.743 570.674,65.562 570.82,62.369 C570.966,59.17 571,58.147 571,50 C571,41.851 570.966,40.831 570.82,37.631\"><\/path><\/g><\/g><\/g><\/svg><\/div><div style=\"padding-top: 8px;\"> <div style=\" color:#3897f0; font-family:Arial,sans-serif; font-size:14px; font-style:normal; font-weight:550; line-height:18px;\">View this post on Instagram<\/div><\/div><div style=\"padding: 12.5% 0;\"><\/div> <div style=\"display: flex; flex-direction: row; margin-bottom: 14px; align-items: center;\"><div> <div style=\"background-color: #F4F4F4; border-radius: 50%; height: 12.5px; width: 12.5px; transform: translateX(0px) translateY(7px);\"><\/div> <div style=\"background-color: #F4F4F4; height: 12.5px; transform: rotate(-45deg) translateX(3px) translateY(1px); width: 12.5px; flex-grow: 0; margin-right: 14px; margin-left: 2px;\"><\/div> <div style=\"background-color: #F4F4F4; border-radius: 50%; height: 12.5px; width: 12.5px; transform: translateX(9px) translateY(-18px);\"><\/div><\/div><div style=\"margin-left: 8px;\"> <div style=\" background-color: #F4F4F4; border-radius: 50%; flex-grow: 0; height: 20px; width: 20px;\"><\/div> <div style=\" width: 0; height: 0; border-top: 2px solid transparent; border-left: 6px solid #f4f4f4; border-bottom: 2px solid transparent; transform: translateX(16px) translateY(-4px) rotate(30deg)\"><\/div><\/div><div style=\"margin-left: auto;\"> <div style=\" width: 0px; border-top: 8px solid #F4F4F4; border-right: 8px solid transparent; transform: translateY(16px);\"><\/div> <div style=\" background-color: #F4F4F4; flex-grow: 0; height: 12px; width: 16px; transform: translateY(-4px);\"><\/div> <div style=\" width: 0; height: 0; border-top: 8px solid #F4F4F4; border-left: 8px solid transparent; transform: translateY(-4px) translateX(8px);\"><\/div><\/div><\/div> <div style=\"display: flex; flex-direction: column; flex-grow: 1; justify-content: center; margin-bottom: 24px;\"> <div style=\" background-color: #F4F4F4; border-radius: 4px; flex-grow: 0; height: 14px; margin-bottom: 6px; width: 224px;\"><\/div> <div style=\" background-color: #F4F4F4; border-radius: 4px; flex-grow: 0; height: 14px; width: 144px;\"><\/div><\/div><\/a><p style=\" color:#c9c8cd; font-family:Arial,sans-serif; font-size:14px; line-height:17px; margin-bottom:0; margin-top:8px; overflow:hidden; padding:8px 0 7px; text-align:center; text-overflow:ellipsis; white-space:nowrap;\"><a href=\"https:\/\/www.instagram.com\/p\/C30XztOJmtm\/?utm_source=ig_embed&amp;utm_campaign=loading\" style=\" color:#c9c8cd; font-family:Arial,sans-serif; font-size:14px; font-style:normal; font-weight:normal; line-height:17px; text-decoration:none;\" target=\"_blank\">A post shared by TodoAlfalfa (@todoalfalfa)<\/a><\/p><\/div><\/blockquote><script async src=\"\/\/platform.instagram.com\/en_US\/embeds.js\"><\/script>\n<\/div><\/figure>\n<div class=\"todoalfalfa-final-de-la-nota\" id=\"todoalfalfa-955296865\"><a href=\"https:\/\/www.whatsapp.com\/channel\/0029VbCBmFB9WtBxJsD3eC2i\" target=\"_blank\" aria-label=\"5\"><img src=\"https:\/\/i0.wp.com\/www.todoalfalfa.com.ar\/noticias\/wp-content\/uploads\/2026\/04\/5.gif?fit=728%2C90&#038;ssl=1\" alt=\"\"  width=\"728\" height=\"90\"   \/><\/a><\/div>","protected":false},"excerpt":{"rendered":"<p>Ser\u00e1 del 1 al 10 de junio. La propuesta tiene como objetivo capacitarse, explorar nuevos espacios e ideas de la producci\u00f3n de alfalfa en la segunda potencia mundial del mercado de heno. Gast\u00f3n Urrets Zavalia, gerente de la entidad, dialog\u00f3 con TodoAlfalfa. <\/p>\n","protected":false},"author":9,"featured_media":46852,"comment_status":"closed","ping_status":"open","sticky":false,"template":"","format":"standard","meta":{"jetpack_post_was_ever_published":false,"_jetpack_newsletter_access":"","_jetpack_dont_email_post_to_subs":false,"_jetpack_newsletter_tier_id":0,"_jetpack_memberships_contains_paywalled_content":false,"_jetpack_memberships_contains_paid_content":false,"footnotes":""},"categories":[2],"tags":[950,1520,844,1555,21],"class_list":["post-46851","post","type-post","status-publish","format-standard","has-post-thumbnail","hentry","category-generales","tag-capacitacion","tag-cluster-alfalfa-cordoba","tag-espana","tag-gaston-urrets-zavalia","tag-produccion"],"yoast_head":"<!-- This site is optimized with the Yoast SEO plugin v25.5 - https:\/\/yoast.com\/wordpress\/plugins\/seo\/ -->\n<title>El Cl\u00faster de Alfalfa de C\u00f3rdoba organiza un viaje de capacitaci\u00f3n a Espa\u00f1a<\/title>\n<meta name=\"robots\" content=\"index, follow, max-snippet:-1, max-image-preview:large, max-video-preview:-1\" \/>\n<link rel=\"canonical\" href=\"https:\/\/www.todoalfalfa.com.ar\/noticias\/el-cluster-de-alfalfa-de-cordoba-organiza-un-viaje-de-capacitacion-a-espana\/\" \/>\n<meta property=\"og:locale\" content=\"es_ES\" \/>\n<meta property=\"og:type\" content=\"article\" \/>\n<meta property=\"og:title\" content=\"El Cl\u00faster de Alfalfa de C\u00f3rdoba organiza un viaje de capacitaci\u00f3n a Espa\u00f1a\" \/>\n<meta property=\"og:description\" content=\"Ser\u00e1 del 1 al 10 de junio. La propuesta tiene como objetivo capacitarse, explorar nuevos espacios e ideas de la producci\u00f3n de alfalfa en la segunda potencia mundial del mercado de heno. Gast\u00f3n Urrets Zavalia, gerente de la entidad, dialog\u00f3 con TodoAlfalfa.\" \/>\n<meta property=\"og:url\" content=\"https:\/\/www.todoalfalfa.com.ar\/noticias\/el-cluster-de-alfalfa-de-cordoba-organiza-un-viaje-de-capacitacion-a-espana\/\" \/>\n<meta property=\"og:site_name\" content=\"Todo Alfalfa\" \/>\n<meta property=\"article:publisher\" content=\"https:\/\/www.facebook.com\/todoalfalfa\" \/>\n<meta property=\"article:published_time\" content=\"2024-02-26T18:59:01+00:00\" \/>\n<meta property=\"article:modified_time\" content=\"2024-02-28T17:06:04+00:00\" \/>\n<meta property=\"og:image\" content=\"https:\/\/www.todoalfalfa.com.ar\/noticias\/wp-content\/uploads\/2024\/02\/WhatsApp-Image-2024-02-22-at-11.45.37.jpeg\" \/>\n\t<meta property=\"og:image:width\" content=\"1080\" \/>\n\t<meta property=\"og:image:height\" content=\"1080\" \/>\n\t<meta property=\"og:image:type\" content=\"image\/jpeg\" \/>\n<meta name=\"author\" content=\"Todo Alfalfa\" \/>\n<meta name=\"twitter:card\" content=\"summary_large_image\" \/>\n<meta name=\"twitter:label1\" content=\"Escrito por\" \/>\n\t<meta name=\"twitter:data1\" content=\"Todo Alfalfa\" \/>\n\t<meta name=\"twitter:label2\" content=\"Tiempo de lectura\" \/>\n\t<meta name=\"twitter:data2\" content=\"3 minutos\" \/>\n<script type=\"application\/ld+json\" class=\"yoast-schema-graph\">{\"@context\":\"https:\/\/schema.org\",\"@graph\":[{\"@type\":\"NewsArticle\",\"@id\":\"https:\/\/www.todoalfalfa.com.ar\/noticias\/el-cluster-de-alfalfa-de-cordoba-organiza-un-viaje-de-capacitacion-a-espana\/#article\",\"isPartOf\":{\"@id\":\"https:\/\/www.todoalfalfa.com.ar\/noticias\/el-cluster-de-alfalfa-de-cordoba-organiza-un-viaje-de-capacitacion-a-espana\/\"},\"author\":{\"name\":\"Todo Alfalfa\",\"@id\":\"https:\/\/www.todoalfalfa.com.ar\/noticias\/#\/schema\/person\/99de93cb711c7015ef658e5321ba9f18\"},\"headline\":\"El Cl\u00faster de Alfalfa de C\u00f3rdoba organiza un viaje de capacitaci\u00f3n a Espa\u00f1a\",\"datePublished\":\"2024-02-26T18:59:01+00:00\",\"dateModified\":\"2024-02-28T17:06:04+00:00\",\"mainEntityOfPage\":{\"@id\":\"https:\/\/www.todoalfalfa.com.ar\/noticias\/el-cluster-de-alfalfa-de-cordoba-organiza-un-viaje-de-capacitacion-a-espana\/\"},\"wordCount\":515,\"publisher\":{\"@id\":\"https:\/\/www.todoalfalfa.com.ar\/noticias\/#organization\"},\"image\":{\"@id\":\"https:\/\/www.todoalfalfa.com.ar\/noticias\/el-cluster-de-alfalfa-de-cordoba-organiza-un-viaje-de-capacitacion-a-espana\/#primaryimage\"},\"thumbnailUrl\":\"https:\/\/i0.wp.com\/www.todoalfalfa.com.ar\/noticias\/wp-content\/uploads\/2024\/02\/WhatsApp-Image-2024-02-22-at-11.45.37.jpeg?fit=1080%2C1080&ssl=1\",\"keywords\":[\"capacitaci\u00f3n\",\"Cl\u00faster Alfalfa C\u00f3rdoba\",\"Espa\u00f1a\",\"Gast\u00f3n Urrets Zaval\u00eda\",\"producci\u00f3n\"],\"articleSection\":[\"Generales\"],\"inLanguage\":\"es\"},{\"@type\":[\"WebPage\",\"ItemPage\"],\"@id\":\"https:\/\/www.todoalfalfa.com.ar\/noticias\/el-cluster-de-alfalfa-de-cordoba-organiza-un-viaje-de-capacitacion-a-espana\/\",\"url\":\"https:\/\/www.todoalfalfa.com.ar\/noticias\/el-cluster-de-alfalfa-de-cordoba-organiza-un-viaje-de-capacitacion-a-espana\/\",\"name\":\"El Cl\u00faster de Alfalfa de C\u00f3rdoba organiza un viaje de capacitaci\u00f3n a Espa\u00f1a\",\"isPartOf\":{\"@id\":\"https:\/\/www.todoalfalfa.com.ar\/noticias\/#website\"},\"primaryImageOfPage\":{\"@id\":\"https:\/\/www.todoalfalfa.com.ar\/noticias\/el-cluster-de-alfalfa-de-cordoba-organiza-un-viaje-de-capacitacion-a-espana\/#primaryimage\"},\"image\":{\"@id\":\"https:\/\/www.todoalfalfa.com.ar\/noticias\/el-cluster-de-alfalfa-de-cordoba-organiza-un-viaje-de-capacitacion-a-espana\/#primaryimage\"},\"thumbnailUrl\":\"https:\/\/i0.wp.com\/www.todoalfalfa.com.ar\/noticias\/wp-content\/uploads\/2024\/02\/WhatsApp-Image-2024-02-22-at-11.45.37.jpeg?fit=1080%2C1080&ssl=1\",\"datePublished\":\"2024-02-26T18:59:01+00:00\",\"dateModified\":\"2024-02-28T17:06:04+00:00\",\"breadcrumb\":{\"@id\":\"https:\/\/www.todoalfalfa.com.ar\/noticias\/el-cluster-de-alfalfa-de-cordoba-organiza-un-viaje-de-capacitacion-a-espana\/#breadcrumb\"},\"inLanguage\":\"es\",\"potentialAction\":[{\"@type\":\"ReadAction\",\"target\":[\"https:\/\/www.todoalfalfa.com.ar\/noticias\/el-cluster-de-alfalfa-de-cordoba-organiza-un-viaje-de-capacitacion-a-espana\/\"]}]},{\"@type\":\"ImageObject\",\"inLanguage\":\"es\",\"@id\":\"https:\/\/www.todoalfalfa.com.ar\/noticias\/el-cluster-de-alfalfa-de-cordoba-organiza-un-viaje-de-capacitacion-a-espana\/#primaryimage\",\"url\":\"https:\/\/i0.wp.com\/www.todoalfalfa.com.ar\/noticias\/wp-content\/uploads\/2024\/02\/WhatsApp-Image-2024-02-22-at-11.45.37.jpeg?fit=1080%2C1080&ssl=1\",\"contentUrl\":\"https:\/\/i0.wp.com\/www.todoalfalfa.com.ar\/noticias\/wp-content\/uploads\/2024\/02\/WhatsApp-Image-2024-02-22-at-11.45.37.jpeg?fit=1080%2C1080&ssl=1\",\"width\":1080,\"height\":1080},{\"@type\":\"BreadcrumbList\",\"@id\":\"https:\/\/www.todoalfalfa.com.ar\/noticias\/el-cluster-de-alfalfa-de-cordoba-organiza-un-viaje-de-capacitacion-a-espana\/#breadcrumb\",\"itemListElement\":[{\"@type\":\"ListItem\",\"position\":1,\"name\":\"Principal\",\"item\":\"https:\/\/www.todoalfalfa.com.ar\/noticias\/\"},{\"@type\":\"ListItem\",\"position\":2,\"name\":\"El Cl\u00faster de Alfalfa de C\u00f3rdoba organiza un viaje de capacitaci\u00f3n a Espa\u00f1a\"}]},{\"@type\":\"WebSite\",\"@id\":\"https:\/\/www.todoalfalfa.com.ar\/noticias\/#website\",\"url\":\"https:\/\/www.todoalfalfa.com.ar\/noticias\/\",\"name\":\"Todo Alfalfa\",\"description\":\"Web informativa de la cadena de la alfalfa argentina\",\"publisher\":{\"@id\":\"https:\/\/www.todoalfalfa.com.ar\/noticias\/#organization\"},\"potentialAction\":[{\"@type\":\"SearchAction\",\"target\":{\"@type\":\"EntryPoint\",\"urlTemplate\":\"https:\/\/www.todoalfalfa.com.ar\/noticias\/?s={search_term_string}\"},\"query-input\":{\"@type\":\"PropertyValueSpecification\",\"valueRequired\":true,\"valueName\":\"search_term_string\"}}],\"inLanguage\":\"es\"},{\"@type\":\"Organization\",\"@id\":\"https:\/\/www.todoalfalfa.com.ar\/noticias\/#organization\",\"name\":\"Todo Alfalfa\",\"url\":\"https:\/\/www.todoalfalfa.com.ar\/noticias\/\",\"logo\":{\"@type\":\"ImageObject\",\"inLanguage\":\"es\",\"@id\":\"https:\/\/www.todoalfalfa.com.ar\/noticias\/#\/schema\/logo\/image\/\",\"url\":\"https:\/\/www.todoalfalfa.com.ar\/noticias\/wp-content\/uploads\/2020\/09\/logo-todo-alfalfa-modificado.png\",\"contentUrl\":\"https:\/\/www.todoalfalfa.com.ar\/noticias\/wp-content\/uploads\/2020\/09\/logo-todo-alfalfa-modificado.png\",\"width\":350,\"height\":100,\"caption\":\"Todo Alfalfa\"},\"image\":{\"@id\":\"https:\/\/www.todoalfalfa.com.ar\/noticias\/#\/schema\/logo\/image\/\"},\"sameAs\":[\"https:\/\/www.facebook.com\/todoalfalfa\",\"https:\/\/www.instagram.com\/todoalfalfa\",\"https:\/\/www.youtube.com\/@TodoAlfalfa\",\"https:\/\/www.linkedin.com\/company\/todoalfalfa\/\"]},{\"@type\":\"Person\",\"@id\":\"https:\/\/www.todoalfalfa.com.ar\/noticias\/#\/schema\/person\/99de93cb711c7015ef658e5321ba9f18\",\"name\":\"Todo Alfalfa\",\"image\":{\"@type\":\"ImageObject\",\"inLanguage\":\"es\",\"@id\":\"https:\/\/www.todoalfalfa.com.ar\/noticias\/#\/schema\/person\/image\/\",\"url\":\"https:\/\/secure.gravatar.com\/avatar\/50ffd12fb7b268bc2467160730786602db252a270c63104e7c19b5f67b8dd346?s=96&d=mm&r=g\",\"contentUrl\":\"https:\/\/secure.gravatar.com\/avatar\/50ffd12fb7b268bc2467160730786602db252a270c63104e7c19b5f67b8dd346?s=96&d=mm&r=g\",\"caption\":\"Todo Alfalfa\"},\"url\":\"https:\/\/www.todoalfalfa.com.ar\/noticias\/author\/osvaldoiachetta\/\"}]}<\/script>\n<!-- \/ Yoast SEO plugin. -->","yoast_head_json":{"title":"El Cl\u00faster de Alfalfa de C\u00f3rdoba organiza un viaje de capacitaci\u00f3n a Espa\u00f1a","robots":{"index":"index","follow":"follow","max-snippet":"max-snippet:-1","max-image-preview":"max-image-preview:large","max-video-preview":"max-video-preview:-1"},"canonical":"https:\/\/www.todoalfalfa.com.ar\/noticias\/el-cluster-de-alfalfa-de-cordoba-organiza-un-viaje-de-capacitacion-a-espana\/","og_locale":"es_ES","og_type":"article","og_title":"El Cl\u00faster de Alfalfa de C\u00f3rdoba organiza un viaje de capacitaci\u00f3n a Espa\u00f1a","og_description":"Ser\u00e1 del 1 al 10 de junio. La propuesta tiene como objetivo capacitarse, explorar nuevos espacios e ideas de la producci\u00f3n de alfalfa en la segunda potencia mundial del mercado de heno. Gast\u00f3n Urrets Zavalia, gerente de la entidad, dialog\u00f3 con TodoAlfalfa.","og_url":"https:\/\/www.todoalfalfa.com.ar\/noticias\/el-cluster-de-alfalfa-de-cordoba-organiza-un-viaje-de-capacitacion-a-espana\/","og_site_name":"Todo Alfalfa","article_publisher":"https:\/\/www.facebook.com\/todoalfalfa","article_published_time":"2024-02-26T18:59:01+00:00","article_modified_time":"2024-02-28T17:06:04+00:00","og_image":[{"width":1080,"height":1080,"url":"https:\/\/www.todoalfalfa.com.ar\/noticias\/wp-content\/uploads\/2024\/02\/WhatsApp-Image-2024-02-22-at-11.45.37.jpeg","type":"image\/jpeg"}],"author":"Todo Alfalfa","twitter_card":"summary_large_image","twitter_misc":{"Escrito por":"Todo Alfalfa","Tiempo de lectura":"3 minutos"},"schema":{"@context":"https:\/\/schema.org","@graph":[{"@type":"NewsArticle","@id":"https:\/\/www.todoalfalfa.com.ar\/noticias\/el-cluster-de-alfalfa-de-cordoba-organiza-un-viaje-de-capacitacion-a-espana\/#article","isPartOf":{"@id":"https:\/\/www.todoalfalfa.com.ar\/noticias\/el-cluster-de-alfalfa-de-cordoba-organiza-un-viaje-de-capacitacion-a-espana\/"},"author":{"name":"Todo Alfalfa","@id":"https:\/\/www.todoalfalfa.com.ar\/noticias\/#\/schema\/person\/99de93cb711c7015ef658e5321ba9f18"},"headline":"El Cl\u00faster de Alfalfa de C\u00f3rdoba organiza un viaje de capacitaci\u00f3n a Espa\u00f1a","datePublished":"2024-02-26T18:59:01+00:00","dateModified":"2024-02-28T17:06:04+00:00","mainEntityOfPage":{"@id":"https:\/\/www.todoalfalfa.com.ar\/noticias\/el-cluster-de-alfalfa-de-cordoba-organiza-un-viaje-de-capacitacion-a-espana\/"},"wordCount":515,"publisher":{"@id":"https:\/\/www.todoalfalfa.com.ar\/noticias\/#organization"},"image":{"@id":"https:\/\/www.todoalfalfa.com.ar\/noticias\/el-cluster-de-alfalfa-de-cordoba-organiza-un-viaje-de-capacitacion-a-espana\/#primaryimage"},"thumbnailUrl":"https:\/\/i0.wp.com\/www.todoalfalfa.com.ar\/noticias\/wp-content\/uploads\/2024\/02\/WhatsApp-Image-2024-02-22-at-11.45.37.jpeg?fit=1080%2C1080&ssl=1","keywords":["capacitaci\u00f3n","Cl\u00faster Alfalfa C\u00f3rdoba","Espa\u00f1a","Gast\u00f3n Urrets Zaval\u00eda","producci\u00f3n"],"articleSection":["Generales"],"inLanguage":"es"},{"@type":["WebPage","ItemPage"],"@id":"https:\/\/www.todoalfalfa.com.ar\/noticias\/el-cluster-de-alfalfa-de-cordoba-organiza-un-viaje-de-capacitacion-a-espana\/","url":"https:\/\/www.todoalfalfa.com.ar\/noticias\/el-cluster-de-alfalfa-de-cordoba-organiza-un-viaje-de-capacitacion-a-espana\/","name":"El Cl\u00faster de Alfalfa de C\u00f3rdoba organiza un viaje de capacitaci\u00f3n a Espa\u00f1a","isPartOf":{"@id":"https:\/\/www.todoalfalfa.com.ar\/noticias\/#website"},"primaryImageOfPage":{"@id":"https:\/\/www.todoalfalfa.com.ar\/noticias\/el-cluster-de-alfalfa-de-cordoba-organiza-un-viaje-de-capacitacion-a-espana\/#primaryimage"},"image":{"@id":"https:\/\/www.todoalfalfa.com.ar\/noticias\/el-cluster-de-alfalfa-de-cordoba-organiza-un-viaje-de-capacitacion-a-espana\/#primaryimage"},"thumbnailUrl":"https:\/\/i0.wp.com\/www.todoalfalfa.com.ar\/noticias\/wp-content\/uploads\/2024\/02\/WhatsApp-Image-2024-02-22-at-11.45.37.jpeg?fit=1080%2C1080&ssl=1","datePublished":"2024-02-26T18:59:01+00:00","dateModified":"2024-02-28T17:06:04+00:00","breadcrumb":{"@id":"https:\/\/www.todoalfalfa.com.ar\/noticias\/el-cluster-de-alfalfa-de-cordoba-organiza-un-viaje-de-capacitacion-a-espana\/#breadcrumb"},"inLanguage":"es","potentialAction":[{"@type":"ReadAction","target":["https:\/\/www.todoalfalfa.com.ar\/noticias\/el-cluster-de-alfalfa-de-cordoba-organiza-un-viaje-de-capacitacion-a-espana\/"]}]},{"@type":"ImageObject","inLanguage":"es","@id":"https:\/\/www.todoalfalfa.com.ar\/noticias\/el-cluster-de-alfalfa-de-cordoba-organiza-un-viaje-de-capacitacion-a-espana\/#primaryimage","url":"https:\/\/i0.wp.com\/www.todoalfalfa.com.ar\/noticias\/wp-content\/uploads\/2024\/02\/WhatsApp-Image-2024-02-22-at-11.45.37.jpeg?fit=1080%2C1080&ssl=1","contentUrl":"https:\/\/i0.wp.com\/www.todoalfalfa.com.ar\/noticias\/wp-content\/uploads\/2024\/02\/WhatsApp-Image-2024-02-22-at-11.45.37.jpeg?fit=1080%2C1080&ssl=1","width":1080,"height":1080},{"@type":"BreadcrumbList","@id":"https:\/\/www.todoalfalfa.com.ar\/noticias\/el-cluster-de-alfalfa-de-cordoba-organiza-un-viaje-de-capacitacion-a-espana\/#breadcrumb","itemListElement":[{"@type":"ListItem","position":1,"name":"Principal","item":"https:\/\/www.todoalfalfa.com.ar\/noticias\/"},{"@type":"ListItem","position":2,"name":"El Cl\u00faster de Alfalfa de C\u00f3rdoba organiza un viaje de capacitaci\u00f3n a Espa\u00f1a"}]},{"@type":"WebSite","@id":"https:\/\/www.todoalfalfa.com.ar\/noticias\/#website","url":"https:\/\/www.todoalfalfa.com.ar\/noticias\/","name":"Todo Alfalfa","description":"Web informativa de la cadena de la alfalfa argentina","publisher":{"@id":"https:\/\/www.todoalfalfa.com.ar\/noticias\/#organization"},"potentialAction":[{"@type":"SearchAction","target":{"@type":"EntryPoint","urlTemplate":"https:\/\/www.todoalfalfa.com.ar\/noticias\/?s={search_term_string}"},"query-input":{"@type":"PropertyValueSpecification","valueRequired":true,"valueName":"search_term_string"}}],"inLanguage":"es"},{"@type":"Organization","@id":"https:\/\/www.todoalfalfa.com.ar\/noticias\/#organization","name":"Todo Alfalfa","url":"https:\/\/www.todoalfalfa.com.ar\/noticias\/","logo":{"@type":"ImageObject","inLanguage":"es","@id":"https:\/\/www.todoalfalfa.com.ar\/noticias\/#\/schema\/logo\/image\/","url":"https:\/\/www.todoalfalfa.com.ar\/noticias\/wp-content\/uploads\/2020\/09\/logo-todo-alfalfa-modificado.png","contentUrl":"https:\/\/www.todoalfalfa.com.ar\/noticias\/wp-content\/uploads\/2020\/09\/logo-todo-alfalfa-modificado.png","width":350,"height":100,"caption":"Todo Alfalfa"},"image":{"@id":"https:\/\/www.todoalfalfa.com.ar\/noticias\/#\/schema\/logo\/image\/"},"sameAs":["https:\/\/www.facebook.com\/todoalfalfa","https:\/\/www.instagram.com\/todoalfalfa","https:\/\/www.youtube.com\/@TodoAlfalfa","https:\/\/www.linkedin.com\/company\/todoalfalfa\/"]},{"@type":"Person","@id":"https:\/\/www.todoalfalfa.com.ar\/noticias\/#\/schema\/person\/99de93cb711c7015ef658e5321ba9f18","name":"Todo Alfalfa","image":{"@type":"ImageObject","inLanguage":"es","@id":"https:\/\/www.todoalfalfa.com.ar\/noticias\/#\/schema\/person\/image\/","url":"https:\/\/secure.gravatar.com\/avatar\/50ffd12fb7b268bc2467160730786602db252a270c63104e7c19b5f67b8dd346?s=96&d=mm&r=g","contentUrl":"https:\/\/secure.gravatar.com\/avatar\/50ffd12fb7b268bc2467160730786602db252a270c63104e7c19b5f67b8dd346?s=96&d=mm&r=g","caption":"Todo Alfalfa"},"url":"https:\/\/www.todoalfalfa.com.ar\/noticias\/author\/osvaldoiachetta\/"}]}},"jetpack_featured_media_url":"https:\/\/i0.wp.com\/www.todoalfalfa.com.ar\/noticias\/wp-content\/uploads\/2024\/02\/WhatsApp-Image-2024-02-22-at-11.45.37.jpeg?fit=1080%2C1080&ssl=1","wps_subtitle":"","jetpack_sharing_enabled":true,"_links":{"self":[{"href":"https:\/\/www.todoalfalfa.com.ar\/noticias\/wp-json\/wp\/v2\/posts\/46851","targetHints":{"allow":["GET"]}}],"collection":[{"href":"https:\/\/www.todoalfalfa.com.ar\/noticias\/wp-json\/wp\/v2\/posts"}],"about":[{"href":"https:\/\/www.todoalfalfa.com.ar\/noticias\/wp-json\/wp\/v2\/types\/post"}],"author":[{"embeddable":true,"href":"https:\/\/www.todoalfalfa.com.ar\/noticias\/wp-json\/wp\/v2\/users\/9"}],"replies":[{"embeddable":true,"href":"https:\/\/www.todoalfalfa.com.ar\/noticias\/wp-json\/wp\/v2\/comments?post=46851"}],"version-history":[{"count":3,"href":"https:\/\/www.todoalfalfa.com.ar\/noticias\/wp-json\/wp\/v2\/posts\/46851\/revisions"}],"predecessor-version":[{"id":46876,"href":"https:\/\/www.todoalfalfa.com.ar\/noticias\/wp-json\/wp\/v2\/posts\/46851\/revisions\/46876"}],"wp:featuredmedia":[{"embeddable":true,"href":"https:\/\/www.todoalfalfa.com.ar\/noticias\/wp-json\/wp\/v2\/media\/46852"}],"wp:attachment":[{"href":"https:\/\/www.todoalfalfa.com.ar\/noticias\/wp-json\/wp\/v2\/media?parent=46851"}],"wp:term":[{"taxonomy":"category","embeddable":true,"href":"https:\/\/www.todoalfalfa.com.ar\/noticias\/wp-json\/wp\/v2\/categories?post=46851"},{"taxonomy":"post_tag","embeddable":true,"href":"https:\/\/www.todoalfalfa.com.ar\/noticias\/wp-json\/wp\/v2\/tags?post=46851"}],"curies":[{"name":"wp","href":"https:\/\/api.w.org\/{rel}","templated":true}]}}