{"id":46884,"date":"2024-02-29T22:13:24","date_gmt":"2024-03-01T01:13:24","guid":{"rendered":"https:\/\/www.todoalfalfa.com.ar\/noticias\/?p=46884"},"modified":"2024-02-29T22:13:27","modified_gmt":"2024-03-01T01:13:27","slug":"como-le-fue-a-la-alfalfa-contra-la-inflacion","status":"publish","type":"post","link":"https:\/\/www.todoalfalfa.com.ar\/noticias\/como-le-fue-a-la-alfalfa-contra-la-inflacion\/","title":{"rendered":"\u00bfC\u00f3mo le fue a la alfalfa contra la inflaci\u00f3n?"},"content":{"rendered":"\n<p>Sabemos que el flagelo de la inflaci\u00f3n genero miles de problemas en la macro y micro econom\u00eda de nuestro pa\u00eds. Tal es as\u00ed que durante los \u00faltimos meses se increment\u00f3 el nivel de pobreza a n\u00fameros escandalosos. Hoy en nuestro pa\u00eds, 6 de cada 10 ni\u00f1os es pobres.<\/p>\n\n\n\n<p>Pese a las serias complicaciones que los gobiernos no supieron solucionar, siempre hay un reducido n\u00famero que se ve beneficiado con esta marea de precios.<\/p>\n\n\n\n<p>Sin embargo, el objetivo de este informe es dar cuenta de la evoluci\u00f3n de la inflaci\u00f3n y del valor de mercado de la alfalfa. Tomando como referencia los datos del Banco Central de la Rep\u00fablica Argentina para conocer como se increment\u00f3 en los \u00faltimos seis meses el costo de vida en nuestro pa\u00eds, y los aportes que mes a mes desde la C\u00e1mara Argentina de Alfalfa realizan y pueden observarse en nuestro portal, es que diagramamos esta noticia.<\/p>\n\n\n\n<p>Es importante decir que en el \u00faltimo semestre (3 meses de gesti\u00f3n de Alberto Fern\u00e1ndez y 3 meses de gesti\u00f3n Javier Milei) el n\u00famero ronda el 96,4 por ciento. Es importante desglosarlo de la siguiente manera: Septiembre 12,7; Octubre 8,3; Noviembre 12,8; Diciembre 25,5; Enero 20,6 y en Febrero la proyecci\u00f3n la ubica en el 16,5 por ciento. Es importante destacar que todav\u00eda no se oficializ\u00f3 el dato del \u00faltimo mes.<\/p>\n\n\n\n<figure class=\"wp-block-image size-full\"><img data-recalc-dims=\"1\" decoding=\"async\" width=\"219\" height=\"195\" src=\"https:\/\/i0.wp.com\/www.todoalfalfa.com.ar\/noticias\/wp-content\/uploads\/2024\/02\/inflacion-semestre.png?resize=219%2C195&#038;ssl=1\" alt=\"\" class=\"wp-image-46885\"\/><\/figure>\n\n\n\n<p>En contrapartida, la Alfalfa tuvo la siguiente variaci\u00f3n entre Septiembre y Febrero. Con los datos que mes a mes se publican en TodoAlfalfa, pudimos dar cuenta que el Rollo de alfalfa de primera calidad aument\u00f3 un 30 por ciento (Sep. $73 \u2013 Feb. $95), Pellet a granel un 85 por ciento (Sep. $73000 \u2013 Feb. $135000), Pellet Embolsado 92,3 por ciento (Sep. $78000 \u2013 Feb. $150000), Cubos en Bolsa 106,5 por ciento (Sep. 3200 \u2013 Feb $6600), Megafardos de primera enteros 33 por ciento es el incremento en el \u00faltimo semestre (Sep. $90 \u2013 Feb. $120) y los Fardos de primera calidad un 4,6 por ciento (Sep. $2200 \u2013 Feb. $2300)<\/p>\n\n\n\n<figure class=\"wp-block-image size-full\"><img data-recalc-dims=\"1\" fetchpriority=\"high\" decoding=\"async\" width=\"836\" height=\"209\" src=\"https:\/\/i0.wp.com\/www.todoalfalfa.com.ar\/noticias\/wp-content\/uploads\/2024\/02\/inflacion-alfalfa.png?resize=836%2C209&#038;ssl=1\" alt=\"\" class=\"wp-image-46886\" srcset=\"https:\/\/i0.wp.com\/www.todoalfalfa.com.ar\/noticias\/wp-content\/uploads\/2024\/02\/inflacion-alfalfa.png?w=836&amp;ssl=1 836w, https:\/\/i0.wp.com\/www.todoalfalfa.com.ar\/noticias\/wp-content\/uploads\/2024\/02\/inflacion-alfalfa.png?resize=300%2C75&amp;ssl=1 300w, https:\/\/i0.wp.com\/www.todoalfalfa.com.ar\/noticias\/wp-content\/uploads\/2024\/02\/inflacion-alfalfa.png?resize=768%2C192&amp;ssl=1 768w\" sizes=\"(max-width: 836px) 100vw, 836px\" \/><\/figure>\n<div class=\"todoalfalfa-final-de-la-nota\" id=\"todoalfalfa-937731785\"><a href=\"https:\/\/www.whatsapp.com\/channel\/0029VbCBmFB9WtBxJsD3eC2i\" target=\"_blank\" aria-label=\"5\"><img src=\"https:\/\/i0.wp.com\/www.todoalfalfa.com.ar\/noticias\/wp-content\/uploads\/2026\/04\/5.gif?fit=728%2C90&#038;ssl=1\" alt=\"\"  width=\"728\" height=\"90\"   \/><\/a><\/div>","protected":false},"excerpt":{"rendered":"<p>En TodoAlfalfa analizamos los datos del \u00faltimo semestre y comparamos la evoluci\u00f3n del \u00edndice inflacionario y del precio de la \u201creina de las forrajeras\u201d en todas sus alternativas productivas. Conoce m\u00e1s detalles haciendo clic en la publicaci\u00f3n.<\/p>\n","protected":false},"author":9,"featured_media":46887,"comment_status":"closed","ping_status":"open","sticky":false,"template":"","format":"standard","meta":{"jetpack_post_was_ever_published":false,"_jetpack_newsletter_access":"","_jetpack_dont_email_post_to_subs":false,"_jetpack_newsletter_tier_id":0,"_jetpack_memberships_contains_paywalled_content":false,"_jetpack_memberships_contains_paid_content":false,"footnotes":""},"categories":[2],"tags":[31,1581,15,1657,187],"class_list":["post-46884","post","type-post","status-publish","format-standard","has-post-thumbnail","hentry","category-generales","tag-alfalfa","tag-camara-argentina-de-alfalfa","tag-forrajera","tag-inflacion","tag-informe"],"yoast_head":"<!-- This site is optimized with the Yoast SEO plugin v25.5 - https:\/\/yoast.com\/wordpress\/plugins\/seo\/ -->\n<title>\u00bfC\u00f3mo le fue a la alfalfa contra la inflaci\u00f3n?<\/title>\n<meta name=\"robots\" content=\"index, follow, max-snippet:-1, max-image-preview:large, max-video-preview:-1\" \/>\n<link rel=\"canonical\" href=\"https:\/\/www.todoalfalfa.com.ar\/noticias\/como-le-fue-a-la-alfalfa-contra-la-inflacion\/\" \/>\n<meta property=\"og:locale\" content=\"es_ES\" \/>\n<meta property=\"og:type\" content=\"article\" \/>\n<meta property=\"og:title\" content=\"\u00bfC\u00f3mo le fue a la alfalfa contra la inflaci\u00f3n?\" \/>\n<meta property=\"og:description\" content=\"En TodoAlfalfa analizamos los datos del \u00faltimo semestre y comparamos la evoluci\u00f3n del \u00edndice inflacionario y del precio de la \u201creina de las forrajeras\u201d en todas sus alternativas productivas. Conoce m\u00e1s detalles haciendo clic en la publicaci\u00f3n.\" \/>\n<meta property=\"og:url\" content=\"https:\/\/www.todoalfalfa.com.ar\/noticias\/como-le-fue-a-la-alfalfa-contra-la-inflacion\/\" \/>\n<meta property=\"og:site_name\" content=\"Todo Alfalfa\" \/>\n<meta property=\"article:publisher\" content=\"https:\/\/www.facebook.com\/todoalfalfa\" \/>\n<meta property=\"article:published_time\" content=\"2024-03-01T01:13:24+00:00\" \/>\n<meta property=\"article:modified_time\" content=\"2024-03-01T01:13:27+00:00\" \/>\n<meta property=\"og:image\" content=\"https:\/\/www.todoalfalfa.com.ar\/noticias\/wp-content\/uploads\/2024\/02\/TA-Inflacion-vs.-Alfalfa-01.png\" \/>\n\t<meta property=\"og:image:width\" content=\"5058\" \/>\n\t<meta property=\"og:image:height\" content=\"3384\" \/>\n\t<meta property=\"og:image:type\" content=\"image\/png\" \/>\n<meta name=\"author\" content=\"Todo Alfalfa\" \/>\n<meta name=\"twitter:card\" content=\"summary_large_image\" \/>\n<meta name=\"twitter:label1\" content=\"Escrito por\" \/>\n\t<meta name=\"twitter:data1\" content=\"Todo Alfalfa\" \/>\n\t<meta name=\"twitter:label2\" content=\"Tiempo de lectura\" \/>\n\t<meta name=\"twitter:data2\" content=\"3 minutos\" \/>\n<script type=\"application\/ld+json\" class=\"yoast-schema-graph\">{\"@context\":\"https:\/\/schema.org\",\"@graph\":[{\"@type\":\"NewsArticle\",\"@id\":\"https:\/\/www.todoalfalfa.com.ar\/noticias\/como-le-fue-a-la-alfalfa-contra-la-inflacion\/#article\",\"isPartOf\":{\"@id\":\"https:\/\/www.todoalfalfa.com.ar\/noticias\/como-le-fue-a-la-alfalfa-contra-la-inflacion\/\"},\"author\":{\"name\":\"Todo Alfalfa\",\"@id\":\"https:\/\/www.todoalfalfa.com.ar\/noticias\/#\/schema\/person\/99de93cb711c7015ef658e5321ba9f18\"},\"headline\":\"\u00bfC\u00f3mo le fue a la alfalfa contra la inflaci\u00f3n?\",\"datePublished\":\"2024-03-01T01:13:24+00:00\",\"dateModified\":\"2024-03-01T01:13:27+00:00\",\"mainEntityOfPage\":{\"@id\":\"https:\/\/www.todoalfalfa.com.ar\/noticias\/como-le-fue-a-la-alfalfa-contra-la-inflacion\/\"},\"wordCount\":328,\"publisher\":{\"@id\":\"https:\/\/www.todoalfalfa.com.ar\/noticias\/#organization\"},\"image\":{\"@id\":\"https:\/\/www.todoalfalfa.com.ar\/noticias\/como-le-fue-a-la-alfalfa-contra-la-inflacion\/#primaryimage\"},\"thumbnailUrl\":\"https:\/\/i0.wp.com\/www.todoalfalfa.com.ar\/noticias\/wp-content\/uploads\/2024\/02\/TA-Inflacion-vs.-Alfalfa-01.png?fit=5058%2C3384&ssl=1\",\"keywords\":[\"alfalfa\",\"C\u00e1mara Argentina de Alfalfa\",\"forrajera\",\"Inflacion\",\"informe\"],\"articleSection\":[\"Generales\"],\"inLanguage\":\"es\"},{\"@type\":[\"WebPage\",\"ItemPage\"],\"@id\":\"https:\/\/www.todoalfalfa.com.ar\/noticias\/como-le-fue-a-la-alfalfa-contra-la-inflacion\/\",\"url\":\"https:\/\/www.todoalfalfa.com.ar\/noticias\/como-le-fue-a-la-alfalfa-contra-la-inflacion\/\",\"name\":\"\u00bfC\u00f3mo le fue a la alfalfa contra la inflaci\u00f3n?\",\"isPartOf\":{\"@id\":\"https:\/\/www.todoalfalfa.com.ar\/noticias\/#website\"},\"primaryImageOfPage\":{\"@id\":\"https:\/\/www.todoalfalfa.com.ar\/noticias\/como-le-fue-a-la-alfalfa-contra-la-inflacion\/#primaryimage\"},\"image\":{\"@id\":\"https:\/\/www.todoalfalfa.com.ar\/noticias\/como-le-fue-a-la-alfalfa-contra-la-inflacion\/#primaryimage\"},\"thumbnailUrl\":\"https:\/\/i0.wp.com\/www.todoalfalfa.com.ar\/noticias\/wp-content\/uploads\/2024\/02\/TA-Inflacion-vs.-Alfalfa-01.png?fit=5058%2C3384&ssl=1\",\"datePublished\":\"2024-03-01T01:13:24+00:00\",\"dateModified\":\"2024-03-01T01:13:27+00:00\",\"breadcrumb\":{\"@id\":\"https:\/\/www.todoalfalfa.com.ar\/noticias\/como-le-fue-a-la-alfalfa-contra-la-inflacion\/#breadcrumb\"},\"inLanguage\":\"es\",\"potentialAction\":[{\"@type\":\"ReadAction\",\"target\":[\"https:\/\/www.todoalfalfa.com.ar\/noticias\/como-le-fue-a-la-alfalfa-contra-la-inflacion\/\"]}]},{\"@type\":\"ImageObject\",\"inLanguage\":\"es\",\"@id\":\"https:\/\/www.todoalfalfa.com.ar\/noticias\/como-le-fue-a-la-alfalfa-contra-la-inflacion\/#primaryimage\",\"url\":\"https:\/\/i0.wp.com\/www.todoalfalfa.com.ar\/noticias\/wp-content\/uploads\/2024\/02\/TA-Inflacion-vs.-Alfalfa-01.png?fit=5058%2C3384&ssl=1\",\"contentUrl\":\"https:\/\/i0.wp.com\/www.todoalfalfa.com.ar\/noticias\/wp-content\/uploads\/2024\/02\/TA-Inflacion-vs.-Alfalfa-01.png?fit=5058%2C3384&ssl=1\",\"width\":5058,\"height\":3384},{\"@type\":\"BreadcrumbList\",\"@id\":\"https:\/\/www.todoalfalfa.com.ar\/noticias\/como-le-fue-a-la-alfalfa-contra-la-inflacion\/#breadcrumb\",\"itemListElement\":[{\"@type\":\"ListItem\",\"position\":1,\"name\":\"Principal\",\"item\":\"https:\/\/www.todoalfalfa.com.ar\/noticias\/\"},{\"@type\":\"ListItem\",\"position\":2,\"name\":\"\u00bfC\u00f3mo le fue a la alfalfa contra la inflaci\u00f3n?\"}]},{\"@type\":\"WebSite\",\"@id\":\"https:\/\/www.todoalfalfa.com.ar\/noticias\/#website\",\"url\":\"https:\/\/www.todoalfalfa.com.ar\/noticias\/\",\"name\":\"Todo Alfalfa\",\"description\":\"Web informativa de la cadena de la alfalfa argentina\",\"publisher\":{\"@id\":\"https:\/\/www.todoalfalfa.com.ar\/noticias\/#organization\"},\"potentialAction\":[{\"@type\":\"SearchAction\",\"target\":{\"@type\":\"EntryPoint\",\"urlTemplate\":\"https:\/\/www.todoalfalfa.com.ar\/noticias\/?s={search_term_string}\"},\"query-input\":{\"@type\":\"PropertyValueSpecification\",\"valueRequired\":true,\"valueName\":\"search_term_string\"}}],\"inLanguage\":\"es\"},{\"@type\":\"Organization\",\"@id\":\"https:\/\/www.todoalfalfa.com.ar\/noticias\/#organization\",\"name\":\"Todo Alfalfa\",\"url\":\"https:\/\/www.todoalfalfa.com.ar\/noticias\/\",\"logo\":{\"@type\":\"ImageObject\",\"inLanguage\":\"es\",\"@id\":\"https:\/\/www.todoalfalfa.com.ar\/noticias\/#\/schema\/logo\/image\/\",\"url\":\"https:\/\/www.todoalfalfa.com.ar\/noticias\/wp-content\/uploads\/2020\/09\/logo-todo-alfalfa-modificado.png\",\"contentUrl\":\"https:\/\/www.todoalfalfa.com.ar\/noticias\/wp-content\/uploads\/2020\/09\/logo-todo-alfalfa-modificado.png\",\"width\":350,\"height\":100,\"caption\":\"Todo Alfalfa\"},\"image\":{\"@id\":\"https:\/\/www.todoalfalfa.com.ar\/noticias\/#\/schema\/logo\/image\/\"},\"sameAs\":[\"https:\/\/www.facebook.com\/todoalfalfa\",\"https:\/\/www.instagram.com\/todoalfalfa\",\"https:\/\/www.youtube.com\/@TodoAlfalfa\",\"https:\/\/www.linkedin.com\/company\/todoalfalfa\/\"]},{\"@type\":\"Person\",\"@id\":\"https:\/\/www.todoalfalfa.com.ar\/noticias\/#\/schema\/person\/99de93cb711c7015ef658e5321ba9f18\",\"name\":\"Todo Alfalfa\",\"image\":{\"@type\":\"ImageObject\",\"inLanguage\":\"es\",\"@id\":\"https:\/\/www.todoalfalfa.com.ar\/noticias\/#\/schema\/person\/image\/\",\"url\":\"https:\/\/secure.gravatar.com\/avatar\/50ffd12fb7b268bc2467160730786602db252a270c63104e7c19b5f67b8dd346?s=96&d=mm&r=g\",\"contentUrl\":\"https:\/\/secure.gravatar.com\/avatar\/50ffd12fb7b268bc2467160730786602db252a270c63104e7c19b5f67b8dd346?s=96&d=mm&r=g\",\"caption\":\"Todo Alfalfa\"},\"url\":\"https:\/\/www.todoalfalfa.com.ar\/noticias\/author\/osvaldoiachetta\/\"}]}<\/script>\n<!-- \/ Yoast SEO plugin. -->","yoast_head_json":{"title":"\u00bfC\u00f3mo le fue a la alfalfa contra la inflaci\u00f3n?","robots":{"index":"index","follow":"follow","max-snippet":"max-snippet:-1","max-image-preview":"max-image-preview:large","max-video-preview":"max-video-preview:-1"},"canonical":"https:\/\/www.todoalfalfa.com.ar\/noticias\/como-le-fue-a-la-alfalfa-contra-la-inflacion\/","og_locale":"es_ES","og_type":"article","og_title":"\u00bfC\u00f3mo le fue a la alfalfa contra la inflaci\u00f3n?","og_description":"En TodoAlfalfa analizamos los datos del \u00faltimo semestre y comparamos la evoluci\u00f3n del \u00edndice inflacionario y del precio de la \u201creina de las forrajeras\u201d en todas sus alternativas productivas. Conoce m\u00e1s detalles haciendo clic en la publicaci\u00f3n.","og_url":"https:\/\/www.todoalfalfa.com.ar\/noticias\/como-le-fue-a-la-alfalfa-contra-la-inflacion\/","og_site_name":"Todo Alfalfa","article_publisher":"https:\/\/www.facebook.com\/todoalfalfa","article_published_time":"2024-03-01T01:13:24+00:00","article_modified_time":"2024-03-01T01:13:27+00:00","og_image":[{"width":5058,"height":3384,"url":"https:\/\/www.todoalfalfa.com.ar\/noticias\/wp-content\/uploads\/2024\/02\/TA-Inflacion-vs.-Alfalfa-01.png","type":"image\/png"}],"author":"Todo Alfalfa","twitter_card":"summary_large_image","twitter_misc":{"Escrito por":"Todo Alfalfa","Tiempo de lectura":"3 minutos"},"schema":{"@context":"https:\/\/schema.org","@graph":[{"@type":"NewsArticle","@id":"https:\/\/www.todoalfalfa.com.ar\/noticias\/como-le-fue-a-la-alfalfa-contra-la-inflacion\/#article","isPartOf":{"@id":"https:\/\/www.todoalfalfa.com.ar\/noticias\/como-le-fue-a-la-alfalfa-contra-la-inflacion\/"},"author":{"name":"Todo Alfalfa","@id":"https:\/\/www.todoalfalfa.com.ar\/noticias\/#\/schema\/person\/99de93cb711c7015ef658e5321ba9f18"},"headline":"\u00bfC\u00f3mo le fue a la alfalfa contra la inflaci\u00f3n?","datePublished":"2024-03-01T01:13:24+00:00","dateModified":"2024-03-01T01:13:27+00:00","mainEntityOfPage":{"@id":"https:\/\/www.todoalfalfa.com.ar\/noticias\/como-le-fue-a-la-alfalfa-contra-la-inflacion\/"},"wordCount":328,"publisher":{"@id":"https:\/\/www.todoalfalfa.com.ar\/noticias\/#organization"},"image":{"@id":"https:\/\/www.todoalfalfa.com.ar\/noticias\/como-le-fue-a-la-alfalfa-contra-la-inflacion\/#primaryimage"},"thumbnailUrl":"https:\/\/i0.wp.com\/www.todoalfalfa.com.ar\/noticias\/wp-content\/uploads\/2024\/02\/TA-Inflacion-vs.-Alfalfa-01.png?fit=5058%2C3384&ssl=1","keywords":["alfalfa","C\u00e1mara Argentina de Alfalfa","forrajera","Inflacion","informe"],"articleSection":["Generales"],"inLanguage":"es"},{"@type":["WebPage","ItemPage"],"@id":"https:\/\/www.todoalfalfa.com.ar\/noticias\/como-le-fue-a-la-alfalfa-contra-la-inflacion\/","url":"https:\/\/www.todoalfalfa.com.ar\/noticias\/como-le-fue-a-la-alfalfa-contra-la-inflacion\/","name":"\u00bfC\u00f3mo le fue a la alfalfa contra la inflaci\u00f3n?","isPartOf":{"@id":"https:\/\/www.todoalfalfa.com.ar\/noticias\/#website"},"primaryImageOfPage":{"@id":"https:\/\/www.todoalfalfa.com.ar\/noticias\/como-le-fue-a-la-alfalfa-contra-la-inflacion\/#primaryimage"},"image":{"@id":"https:\/\/www.todoalfalfa.com.ar\/noticias\/como-le-fue-a-la-alfalfa-contra-la-inflacion\/#primaryimage"},"thumbnailUrl":"https:\/\/i0.wp.com\/www.todoalfalfa.com.ar\/noticias\/wp-content\/uploads\/2024\/02\/TA-Inflacion-vs.-Alfalfa-01.png?fit=5058%2C3384&ssl=1","datePublished":"2024-03-01T01:13:24+00:00","dateModified":"2024-03-01T01:13:27+00:00","breadcrumb":{"@id":"https:\/\/www.todoalfalfa.com.ar\/noticias\/como-le-fue-a-la-alfalfa-contra-la-inflacion\/#breadcrumb"},"inLanguage":"es","potentialAction":[{"@type":"ReadAction","target":["https:\/\/www.todoalfalfa.com.ar\/noticias\/como-le-fue-a-la-alfalfa-contra-la-inflacion\/"]}]},{"@type":"ImageObject","inLanguage":"es","@id":"https:\/\/www.todoalfalfa.com.ar\/noticias\/como-le-fue-a-la-alfalfa-contra-la-inflacion\/#primaryimage","url":"https:\/\/i0.wp.com\/www.todoalfalfa.com.ar\/noticias\/wp-content\/uploads\/2024\/02\/TA-Inflacion-vs.-Alfalfa-01.png?fit=5058%2C3384&ssl=1","contentUrl":"https:\/\/i0.wp.com\/www.todoalfalfa.com.ar\/noticias\/wp-content\/uploads\/2024\/02\/TA-Inflacion-vs.-Alfalfa-01.png?fit=5058%2C3384&ssl=1","width":5058,"height":3384},{"@type":"BreadcrumbList","@id":"https:\/\/www.todoalfalfa.com.ar\/noticias\/como-le-fue-a-la-alfalfa-contra-la-inflacion\/#breadcrumb","itemListElement":[{"@type":"ListItem","position":1,"name":"Principal","item":"https:\/\/www.todoalfalfa.com.ar\/noticias\/"},{"@type":"ListItem","position":2,"name":"\u00bfC\u00f3mo le fue a la alfalfa contra la inflaci\u00f3n?"}]},{"@type":"WebSite","@id":"https:\/\/www.todoalfalfa.com.ar\/noticias\/#website","url":"https:\/\/www.todoalfalfa.com.ar\/noticias\/","name":"Todo Alfalfa","description":"Web informativa de la cadena de la alfalfa argentina","publisher":{"@id":"https:\/\/www.todoalfalfa.com.ar\/noticias\/#organization"},"potentialAction":[{"@type":"SearchAction","target":{"@type":"EntryPoint","urlTemplate":"https:\/\/www.todoalfalfa.com.ar\/noticias\/?s={search_term_string}"},"query-input":{"@type":"PropertyValueSpecification","valueRequired":true,"valueName":"search_term_string"}}],"inLanguage":"es"},{"@type":"Organization","@id":"https:\/\/www.todoalfalfa.com.ar\/noticias\/#organization","name":"Todo Alfalfa","url":"https:\/\/www.todoalfalfa.com.ar\/noticias\/","logo":{"@type":"ImageObject","inLanguage":"es","@id":"https:\/\/www.todoalfalfa.com.ar\/noticias\/#\/schema\/logo\/image\/","url":"https:\/\/www.todoalfalfa.com.ar\/noticias\/wp-content\/uploads\/2020\/09\/logo-todo-alfalfa-modificado.png","contentUrl":"https:\/\/www.todoalfalfa.com.ar\/noticias\/wp-content\/uploads\/2020\/09\/logo-todo-alfalfa-modificado.png","width":350,"height":100,"caption":"Todo Alfalfa"},"image":{"@id":"https:\/\/www.todoalfalfa.com.ar\/noticias\/#\/schema\/logo\/image\/"},"sameAs":["https:\/\/www.facebook.com\/todoalfalfa","https:\/\/www.instagram.com\/todoalfalfa","https:\/\/www.youtube.com\/@TodoAlfalfa","https:\/\/www.linkedin.com\/company\/todoalfalfa\/"]},{"@type":"Person","@id":"https:\/\/www.todoalfalfa.com.ar\/noticias\/#\/schema\/person\/99de93cb711c7015ef658e5321ba9f18","name":"Todo Alfalfa","image":{"@type":"ImageObject","inLanguage":"es","@id":"https:\/\/www.todoalfalfa.com.ar\/noticias\/#\/schema\/person\/image\/","url":"https:\/\/secure.gravatar.com\/avatar\/50ffd12fb7b268bc2467160730786602db252a270c63104e7c19b5f67b8dd346?s=96&d=mm&r=g","contentUrl":"https:\/\/secure.gravatar.com\/avatar\/50ffd12fb7b268bc2467160730786602db252a270c63104e7c19b5f67b8dd346?s=96&d=mm&r=g","caption":"Todo Alfalfa"},"url":"https:\/\/www.todoalfalfa.com.ar\/noticias\/author\/osvaldoiachetta\/"}]}},"jetpack_featured_media_url":"https:\/\/i0.wp.com\/www.todoalfalfa.com.ar\/noticias\/wp-content\/uploads\/2024\/02\/TA-Inflacion-vs.-Alfalfa-01.png?fit=5058%2C3384&ssl=1","wps_subtitle":"","jetpack_sharing_enabled":true,"_links":{"self":[{"href":"https:\/\/www.todoalfalfa.com.ar\/noticias\/wp-json\/wp\/v2\/posts\/46884","targetHints":{"allow":["GET"]}}],"collection":[{"href":"https:\/\/www.todoalfalfa.com.ar\/noticias\/wp-json\/wp\/v2\/posts"}],"about":[{"href":"https:\/\/www.todoalfalfa.com.ar\/noticias\/wp-json\/wp\/v2\/types\/post"}],"author":[{"embeddable":true,"href":"https:\/\/www.todoalfalfa.com.ar\/noticias\/wp-json\/wp\/v2\/users\/9"}],"replies":[{"embeddable":true,"href":"https:\/\/www.todoalfalfa.com.ar\/noticias\/wp-json\/wp\/v2\/comments?post=46884"}],"version-history":[{"count":1,"href":"https:\/\/www.todoalfalfa.com.ar\/noticias\/wp-json\/wp\/v2\/posts\/46884\/revisions"}],"predecessor-version":[{"id":46888,"href":"https:\/\/www.todoalfalfa.com.ar\/noticias\/wp-json\/wp\/v2\/posts\/46884\/revisions\/46888"}],"wp:featuredmedia":[{"embeddable":true,"href":"https:\/\/www.todoalfalfa.com.ar\/noticias\/wp-json\/wp\/v2\/media\/46887"}],"wp:attachment":[{"href":"https:\/\/www.todoalfalfa.com.ar\/noticias\/wp-json\/wp\/v2\/media?parent=46884"}],"wp:term":[{"taxonomy":"category","embeddable":true,"href":"https:\/\/www.todoalfalfa.com.ar\/noticias\/wp-json\/wp\/v2\/categories?post=46884"},{"taxonomy":"post_tag","embeddable":true,"href":"https:\/\/www.todoalfalfa.com.ar\/noticias\/wp-json\/wp\/v2\/tags?post=46884"}],"curies":[{"name":"wp","href":"https:\/\/api.w.org\/{rel}","templated":true}]}}