{"id":47197,"date":"2024-04-16T14:38:14","date_gmt":"2024-04-16T17:38:14","guid":{"rendered":"https:\/\/www.todoalfalfa.com.ar\/noticias\/?p=47197"},"modified":"2024-04-16T14:38:23","modified_gmt":"2024-04-16T17:38:23","slug":"los-silos-de-pasturas-crecieron-en-los-ultimos-7-anos","status":"publish","type":"post","link":"https:\/\/www.todoalfalfa.com.ar\/noticias\/los-silos-de-pasturas-crecieron-en-los-ultimos-7-anos\/","title":{"rendered":"Los silos de pasturas crecieron en los \u00faltimos 7 a\u00f1os"},"content":{"rendered":"\n<p>La C\u00e1mara Argentina de Contratistas forrajeros tiene datos oficiales y desde TodoAlfalfa accedimos a los mismos desde la temporada 16\/17 con 1.744.594 millones de hect\u00e1reas ensiladas hasta la actualidad, con 2.658.41 millones. El crecimiento fue constante.<\/p>\n\n\n\n<figure class=\"wp-block-image size-full\"><img data-recalc-dims=\"1\" fetchpriority=\"high\" decoding=\"async\" width=\"327\" height=\"439\" src=\"https:\/\/i0.wp.com\/www.todoalfalfa.com.ar\/noticias\/wp-content\/uploads\/2024\/04\/porcentajes-2023-e1713288635327.png?resize=327%2C439&#038;ssl=1\" alt=\"\" class=\"wp-image-47200\" srcset=\"https:\/\/i0.wp.com\/www.todoalfalfa.com.ar\/noticias\/wp-content\/uploads\/2024\/04\/porcentajes-2023-e1713288635327.png?w=327&amp;ssl=1 327w, https:\/\/i0.wp.com\/www.todoalfalfa.com.ar\/noticias\/wp-content\/uploads\/2024\/04\/porcentajes-2023-e1713288635327.png?resize=223%2C300&amp;ssl=1 223w\" sizes=\"(max-width: 327px) 100vw, 327px\" \/><\/figure>\n\n\n\n<p>El 35,4 por ciento de esa producci\u00f3n corresponde a la provincia de C\u00f3rdoba, mientras que Buenos Aires contribuye con el 26,9 por ciento y en tercer lugar Santa Fe con el 15.6 por ciento.<\/p>\n\n\n\n<figure class=\"wp-block-image size-full\"><img data-recalc-dims=\"1\" decoding=\"async\" width=\"377\" height=\"521\" src=\"https:\/\/i0.wp.com\/www.todoalfalfa.com.ar\/noticias\/wp-content\/uploads\/2024\/04\/mapa.png?resize=377%2C521&#038;ssl=1\" alt=\"\" class=\"wp-image-47199\" srcset=\"https:\/\/i0.wp.com\/www.todoalfalfa.com.ar\/noticias\/wp-content\/uploads\/2024\/04\/mapa.png?w=377&amp;ssl=1 377w, https:\/\/i0.wp.com\/www.todoalfalfa.com.ar\/noticias\/wp-content\/uploads\/2024\/04\/mapa.png?resize=217%2C300&amp;ssl=1 217w\" sizes=\"(max-width: 377px) 100vw, 377px\" \/><\/figure>\n\n\n\n<p>En tanto que en los \u00faltimos siete a\u00f1os (16\/17 \u2013 22\/23) pasamos de 1.744.549 a 2.658.415 de superficie total de hect\u00e1reas. Eso se tradujo en un incremento de destino para leche, creciendo hasta casi 10 puntos durante el a\u00f1o 21\/22. En tanto que el silo de pastura tuvo un crecimiento superior al 5 por ciento.<\/p>\n\n\n\n<figure class=\"wp-block-image size-full\"><img data-recalc-dims=\"1\" decoding=\"async\" width=\"940\" height=\"286\" src=\"https:\/\/i0.wp.com\/www.todoalfalfa.com.ar\/noticias\/wp-content\/uploads\/2024\/04\/datos-estadisticos-2023-anuales.png?resize=940%2C286&#038;ssl=1\" alt=\"\" class=\"wp-image-47198\" srcset=\"https:\/\/i0.wp.com\/www.todoalfalfa.com.ar\/noticias\/wp-content\/uploads\/2024\/04\/datos-estadisticos-2023-anuales.png?w=940&amp;ssl=1 940w, https:\/\/i0.wp.com\/www.todoalfalfa.com.ar\/noticias\/wp-content\/uploads\/2024\/04\/datos-estadisticos-2023-anuales.png?resize=300%2C91&amp;ssl=1 300w, https:\/\/i0.wp.com\/www.todoalfalfa.com.ar\/noticias\/wp-content\/uploads\/2024\/04\/datos-estadisticos-2023-anuales.png?resize=768%2C234&amp;ssl=1 768w\" sizes=\"(max-width: 940px) 100vw, 940px\" \/><\/figure>\n<div class=\"todoalfalfa-final-de-la-nota\" id=\"todoalfalfa-550032864\"><a href=\"https:\/\/www.whatsapp.com\/channel\/0029VbCBmFB9WtBxJsD3eC2i\" target=\"_blank\" aria-label=\"5\"><img src=\"https:\/\/i0.wp.com\/www.todoalfalfa.com.ar\/noticias\/wp-content\/uploads\/2026\/04\/5.gif?fit=728%2C90&#038;ssl=1\" alt=\"\"  width=\"728\" height=\"90\"   \/><\/a><\/div>","protected":false},"excerpt":{"rendered":"<p>Son datos oficiales que corresponden a la C\u00e1mara Argentina de Contratistas Forrajeros. Desde la temporada 16\/17 a la 22\/23 creci\u00f3 casi un mill\u00f3n de hect\u00e1reas la superficie total ensilada pasando de 1.744 a 2.658 millones. Mientras que el silo de pastura pas\u00f3 de 20,2 a 25,8 por ciento.<\/p>\n","protected":false},"author":9,"featured_media":47201,"comment_status":"closed","ping_status":"open","sticky":false,"template":"","format":"standard","meta":{"jetpack_post_was_ever_published":false,"_jetpack_newsletter_access":"","_jetpack_dont_email_post_to_subs":false,"_jetpack_newsletter_tier_id":0,"_jetpack_memberships_contains_paywalled_content":false,"_jetpack_memberships_contains_paid_content":false,"footnotes":""},"categories":[2],"tags":[31,300,1698,1697,1537,1696],"class_list":["post-47197","post","type-post","status-publish","format-standard","has-post-thumbnail","hentry","category-generales","tag-alfalfa","tag-ensilado","tag-informacion-2","tag-noticias","tag-produccion-2","tag-sorgo"],"yoast_head":"<!-- This site is optimized with the Yoast SEO plugin v25.5 - https:\/\/yoast.com\/wordpress\/plugins\/seo\/ -->\n<title>Los silos de pasturas crecieron en los \u00faltimos 7 a\u00f1os<\/title>\n<meta name=\"robots\" content=\"index, follow, max-snippet:-1, max-image-preview:large, max-video-preview:-1\" \/>\n<link rel=\"canonical\" href=\"https:\/\/www.todoalfalfa.com.ar\/noticias\/los-silos-de-pasturas-crecieron-en-los-ultimos-7-anos\/\" \/>\n<meta property=\"og:locale\" content=\"es_ES\" \/>\n<meta property=\"og:type\" content=\"article\" \/>\n<meta property=\"og:title\" content=\"Los silos de pasturas crecieron en los \u00faltimos 7 a\u00f1os\" \/>\n<meta property=\"og:description\" content=\"Son datos oficiales que corresponden a la C\u00e1mara Argentina de Contratistas Forrajeros. Desde la temporada 16\/17 a la 22\/23 creci\u00f3 casi un mill\u00f3n de hect\u00e1reas la superficie total ensilada pasando de 1.744 a 2.658 millones. Mientras que el silo de pastura pas\u00f3 de 20,2 a 25,8 por ciento.\" \/>\n<meta property=\"og:url\" content=\"https:\/\/www.todoalfalfa.com.ar\/noticias\/los-silos-de-pasturas-crecieron-en-los-ultimos-7-anos\/\" \/>\n<meta property=\"og:site_name\" content=\"Todo Alfalfa\" \/>\n<meta property=\"article:publisher\" content=\"https:\/\/www.facebook.com\/todoalfalfa\" \/>\n<meta property=\"article:published_time\" content=\"2024-04-16T17:38:14+00:00\" \/>\n<meta property=\"article:modified_time\" content=\"2024-04-16T17:38:23+00:00\" \/>\n<meta property=\"og:image\" content=\"https:\/\/www.todoalfalfa.com.ar\/noticias\/wp-content\/uploads\/2024\/04\/ensilado.jpg\" \/>\n\t<meta property=\"og:image:width\" content=\"1024\" \/>\n\t<meta property=\"og:image:height\" content=\"668\" \/>\n\t<meta property=\"og:image:type\" content=\"image\/jpeg\" \/>\n<meta name=\"author\" content=\"Todo Alfalfa\" \/>\n<meta name=\"twitter:card\" content=\"summary_large_image\" \/>\n<meta name=\"twitter:label1\" content=\"Escrito por\" \/>\n\t<meta name=\"twitter:data1\" content=\"Todo Alfalfa\" \/>\n\t<meta name=\"twitter:label2\" content=\"Tiempo de lectura\" \/>\n\t<meta name=\"twitter:data2\" content=\"2 minutos\" \/>\n<script type=\"application\/ld+json\" class=\"yoast-schema-graph\">{\"@context\":\"https:\/\/schema.org\",\"@graph\":[{\"@type\":\"NewsArticle\",\"@id\":\"https:\/\/www.todoalfalfa.com.ar\/noticias\/los-silos-de-pasturas-crecieron-en-los-ultimos-7-anos\/#article\",\"isPartOf\":{\"@id\":\"https:\/\/www.todoalfalfa.com.ar\/noticias\/los-silos-de-pasturas-crecieron-en-los-ultimos-7-anos\/\"},\"author\":{\"name\":\"Todo Alfalfa\",\"@id\":\"https:\/\/www.todoalfalfa.com.ar\/noticias\/#\/schema\/person\/99de93cb711c7015ef658e5321ba9f18\"},\"headline\":\"Los silos de pasturas crecieron en los \u00faltimos 7 a\u00f1os\",\"datePublished\":\"2024-04-16T17:38:14+00:00\",\"dateModified\":\"2024-04-16T17:38:23+00:00\",\"mainEntityOfPage\":{\"@id\":\"https:\/\/www.todoalfalfa.com.ar\/noticias\/los-silos-de-pasturas-crecieron-en-los-ultimos-7-anos\/\"},\"wordCount\":128,\"publisher\":{\"@id\":\"https:\/\/www.todoalfalfa.com.ar\/noticias\/#organization\"},\"image\":{\"@id\":\"https:\/\/www.todoalfalfa.com.ar\/noticias\/los-silos-de-pasturas-crecieron-en-los-ultimos-7-anos\/#primaryimage\"},\"thumbnailUrl\":\"https:\/\/i0.wp.com\/www.todoalfalfa.com.ar\/noticias\/wp-content\/uploads\/2024\/04\/ensilado.jpg?fit=1024%2C668&ssl=1\",\"keywords\":[\"alfalfa\",\"ensilado\",\"informacion\",\"noticias\",\"Produccion\",\"sorgo\"],\"articleSection\":[\"Generales\"],\"inLanguage\":\"es\"},{\"@type\":[\"WebPage\",\"ItemPage\"],\"@id\":\"https:\/\/www.todoalfalfa.com.ar\/noticias\/los-silos-de-pasturas-crecieron-en-los-ultimos-7-anos\/\",\"url\":\"https:\/\/www.todoalfalfa.com.ar\/noticias\/los-silos-de-pasturas-crecieron-en-los-ultimos-7-anos\/\",\"name\":\"Los silos de pasturas crecieron en los \u00faltimos 7 a\u00f1os\",\"isPartOf\":{\"@id\":\"https:\/\/www.todoalfalfa.com.ar\/noticias\/#website\"},\"primaryImageOfPage\":{\"@id\":\"https:\/\/www.todoalfalfa.com.ar\/noticias\/los-silos-de-pasturas-crecieron-en-los-ultimos-7-anos\/#primaryimage\"},\"image\":{\"@id\":\"https:\/\/www.todoalfalfa.com.ar\/noticias\/los-silos-de-pasturas-crecieron-en-los-ultimos-7-anos\/#primaryimage\"},\"thumbnailUrl\":\"https:\/\/i0.wp.com\/www.todoalfalfa.com.ar\/noticias\/wp-content\/uploads\/2024\/04\/ensilado.jpg?fit=1024%2C668&ssl=1\",\"datePublished\":\"2024-04-16T17:38:14+00:00\",\"dateModified\":\"2024-04-16T17:38:23+00:00\",\"breadcrumb\":{\"@id\":\"https:\/\/www.todoalfalfa.com.ar\/noticias\/los-silos-de-pasturas-crecieron-en-los-ultimos-7-anos\/#breadcrumb\"},\"inLanguage\":\"es\",\"potentialAction\":[{\"@type\":\"ReadAction\",\"target\":[\"https:\/\/www.todoalfalfa.com.ar\/noticias\/los-silos-de-pasturas-crecieron-en-los-ultimos-7-anos\/\"]}]},{\"@type\":\"ImageObject\",\"inLanguage\":\"es\",\"@id\":\"https:\/\/www.todoalfalfa.com.ar\/noticias\/los-silos-de-pasturas-crecieron-en-los-ultimos-7-anos\/#primaryimage\",\"url\":\"https:\/\/i0.wp.com\/www.todoalfalfa.com.ar\/noticias\/wp-content\/uploads\/2024\/04\/ensilado.jpg?fit=1024%2C668&ssl=1\",\"contentUrl\":\"https:\/\/i0.wp.com\/www.todoalfalfa.com.ar\/noticias\/wp-content\/uploads\/2024\/04\/ensilado.jpg?fit=1024%2C668&ssl=1\",\"width\":1024,\"height\":668},{\"@type\":\"BreadcrumbList\",\"@id\":\"https:\/\/www.todoalfalfa.com.ar\/noticias\/los-silos-de-pasturas-crecieron-en-los-ultimos-7-anos\/#breadcrumb\",\"itemListElement\":[{\"@type\":\"ListItem\",\"position\":1,\"name\":\"Principal\",\"item\":\"https:\/\/www.todoalfalfa.com.ar\/noticias\/\"},{\"@type\":\"ListItem\",\"position\":2,\"name\":\"Los silos de pasturas crecieron en los \u00faltimos 7 a\u00f1os\"}]},{\"@type\":\"WebSite\",\"@id\":\"https:\/\/www.todoalfalfa.com.ar\/noticias\/#website\",\"url\":\"https:\/\/www.todoalfalfa.com.ar\/noticias\/\",\"name\":\"Todo Alfalfa\",\"description\":\"Web informativa de la cadena de la alfalfa argentina\",\"publisher\":{\"@id\":\"https:\/\/www.todoalfalfa.com.ar\/noticias\/#organization\"},\"potentialAction\":[{\"@type\":\"SearchAction\",\"target\":{\"@type\":\"EntryPoint\",\"urlTemplate\":\"https:\/\/www.todoalfalfa.com.ar\/noticias\/?s={search_term_string}\"},\"query-input\":{\"@type\":\"PropertyValueSpecification\",\"valueRequired\":true,\"valueName\":\"search_term_string\"}}],\"inLanguage\":\"es\"},{\"@type\":\"Organization\",\"@id\":\"https:\/\/www.todoalfalfa.com.ar\/noticias\/#organization\",\"name\":\"Todo Alfalfa\",\"url\":\"https:\/\/www.todoalfalfa.com.ar\/noticias\/\",\"logo\":{\"@type\":\"ImageObject\",\"inLanguage\":\"es\",\"@id\":\"https:\/\/www.todoalfalfa.com.ar\/noticias\/#\/schema\/logo\/image\/\",\"url\":\"https:\/\/www.todoalfalfa.com.ar\/noticias\/wp-content\/uploads\/2020\/09\/logo-todo-alfalfa-modificado.png\",\"contentUrl\":\"https:\/\/www.todoalfalfa.com.ar\/noticias\/wp-content\/uploads\/2020\/09\/logo-todo-alfalfa-modificado.png\",\"width\":350,\"height\":100,\"caption\":\"Todo Alfalfa\"},\"image\":{\"@id\":\"https:\/\/www.todoalfalfa.com.ar\/noticias\/#\/schema\/logo\/image\/\"},\"sameAs\":[\"https:\/\/www.facebook.com\/todoalfalfa\",\"https:\/\/www.instagram.com\/todoalfalfa\",\"https:\/\/www.youtube.com\/@TodoAlfalfa\",\"https:\/\/www.linkedin.com\/company\/todoalfalfa\/\"]},{\"@type\":\"Person\",\"@id\":\"https:\/\/www.todoalfalfa.com.ar\/noticias\/#\/schema\/person\/99de93cb711c7015ef658e5321ba9f18\",\"name\":\"Todo Alfalfa\",\"image\":{\"@type\":\"ImageObject\",\"inLanguage\":\"es\",\"@id\":\"https:\/\/www.todoalfalfa.com.ar\/noticias\/#\/schema\/person\/image\/\",\"url\":\"https:\/\/secure.gravatar.com\/avatar\/50ffd12fb7b268bc2467160730786602db252a270c63104e7c19b5f67b8dd346?s=96&d=mm&r=g\",\"contentUrl\":\"https:\/\/secure.gravatar.com\/avatar\/50ffd12fb7b268bc2467160730786602db252a270c63104e7c19b5f67b8dd346?s=96&d=mm&r=g\",\"caption\":\"Todo Alfalfa\"},\"url\":\"https:\/\/www.todoalfalfa.com.ar\/noticias\/author\/osvaldoiachetta\/\"}]}<\/script>\n<!-- \/ Yoast SEO plugin. -->","yoast_head_json":{"title":"Los silos de pasturas crecieron en los \u00faltimos 7 a\u00f1os","robots":{"index":"index","follow":"follow","max-snippet":"max-snippet:-1","max-image-preview":"max-image-preview:large","max-video-preview":"max-video-preview:-1"},"canonical":"https:\/\/www.todoalfalfa.com.ar\/noticias\/los-silos-de-pasturas-crecieron-en-los-ultimos-7-anos\/","og_locale":"es_ES","og_type":"article","og_title":"Los silos de pasturas crecieron en los \u00faltimos 7 a\u00f1os","og_description":"Son datos oficiales que corresponden a la C\u00e1mara Argentina de Contratistas Forrajeros. Desde la temporada 16\/17 a la 22\/23 creci\u00f3 casi un mill\u00f3n de hect\u00e1reas la superficie total ensilada pasando de 1.744 a 2.658 millones. Mientras que el silo de pastura pas\u00f3 de 20,2 a 25,8 por ciento.","og_url":"https:\/\/www.todoalfalfa.com.ar\/noticias\/los-silos-de-pasturas-crecieron-en-los-ultimos-7-anos\/","og_site_name":"Todo Alfalfa","article_publisher":"https:\/\/www.facebook.com\/todoalfalfa","article_published_time":"2024-04-16T17:38:14+00:00","article_modified_time":"2024-04-16T17:38:23+00:00","og_image":[{"width":1024,"height":668,"url":"https:\/\/www.todoalfalfa.com.ar\/noticias\/wp-content\/uploads\/2024\/04\/ensilado.jpg","type":"image\/jpeg"}],"author":"Todo Alfalfa","twitter_card":"summary_large_image","twitter_misc":{"Escrito por":"Todo Alfalfa","Tiempo de lectura":"2 minutos"},"schema":{"@context":"https:\/\/schema.org","@graph":[{"@type":"NewsArticle","@id":"https:\/\/www.todoalfalfa.com.ar\/noticias\/los-silos-de-pasturas-crecieron-en-los-ultimos-7-anos\/#article","isPartOf":{"@id":"https:\/\/www.todoalfalfa.com.ar\/noticias\/los-silos-de-pasturas-crecieron-en-los-ultimos-7-anos\/"},"author":{"name":"Todo Alfalfa","@id":"https:\/\/www.todoalfalfa.com.ar\/noticias\/#\/schema\/person\/99de93cb711c7015ef658e5321ba9f18"},"headline":"Los silos de pasturas crecieron en los \u00faltimos 7 a\u00f1os","datePublished":"2024-04-16T17:38:14+00:00","dateModified":"2024-04-16T17:38:23+00:00","mainEntityOfPage":{"@id":"https:\/\/www.todoalfalfa.com.ar\/noticias\/los-silos-de-pasturas-crecieron-en-los-ultimos-7-anos\/"},"wordCount":128,"publisher":{"@id":"https:\/\/www.todoalfalfa.com.ar\/noticias\/#organization"},"image":{"@id":"https:\/\/www.todoalfalfa.com.ar\/noticias\/los-silos-de-pasturas-crecieron-en-los-ultimos-7-anos\/#primaryimage"},"thumbnailUrl":"https:\/\/i0.wp.com\/www.todoalfalfa.com.ar\/noticias\/wp-content\/uploads\/2024\/04\/ensilado.jpg?fit=1024%2C668&ssl=1","keywords":["alfalfa","ensilado","informacion","noticias","Produccion","sorgo"],"articleSection":["Generales"],"inLanguage":"es"},{"@type":["WebPage","ItemPage"],"@id":"https:\/\/www.todoalfalfa.com.ar\/noticias\/los-silos-de-pasturas-crecieron-en-los-ultimos-7-anos\/","url":"https:\/\/www.todoalfalfa.com.ar\/noticias\/los-silos-de-pasturas-crecieron-en-los-ultimos-7-anos\/","name":"Los silos de pasturas crecieron en los \u00faltimos 7 a\u00f1os","isPartOf":{"@id":"https:\/\/www.todoalfalfa.com.ar\/noticias\/#website"},"primaryImageOfPage":{"@id":"https:\/\/www.todoalfalfa.com.ar\/noticias\/los-silos-de-pasturas-crecieron-en-los-ultimos-7-anos\/#primaryimage"},"image":{"@id":"https:\/\/www.todoalfalfa.com.ar\/noticias\/los-silos-de-pasturas-crecieron-en-los-ultimos-7-anos\/#primaryimage"},"thumbnailUrl":"https:\/\/i0.wp.com\/www.todoalfalfa.com.ar\/noticias\/wp-content\/uploads\/2024\/04\/ensilado.jpg?fit=1024%2C668&ssl=1","datePublished":"2024-04-16T17:38:14+00:00","dateModified":"2024-04-16T17:38:23+00:00","breadcrumb":{"@id":"https:\/\/www.todoalfalfa.com.ar\/noticias\/los-silos-de-pasturas-crecieron-en-los-ultimos-7-anos\/#breadcrumb"},"inLanguage":"es","potentialAction":[{"@type":"ReadAction","target":["https:\/\/www.todoalfalfa.com.ar\/noticias\/los-silos-de-pasturas-crecieron-en-los-ultimos-7-anos\/"]}]},{"@type":"ImageObject","inLanguage":"es","@id":"https:\/\/www.todoalfalfa.com.ar\/noticias\/los-silos-de-pasturas-crecieron-en-los-ultimos-7-anos\/#primaryimage","url":"https:\/\/i0.wp.com\/www.todoalfalfa.com.ar\/noticias\/wp-content\/uploads\/2024\/04\/ensilado.jpg?fit=1024%2C668&ssl=1","contentUrl":"https:\/\/i0.wp.com\/www.todoalfalfa.com.ar\/noticias\/wp-content\/uploads\/2024\/04\/ensilado.jpg?fit=1024%2C668&ssl=1","width":1024,"height":668},{"@type":"BreadcrumbList","@id":"https:\/\/www.todoalfalfa.com.ar\/noticias\/los-silos-de-pasturas-crecieron-en-los-ultimos-7-anos\/#breadcrumb","itemListElement":[{"@type":"ListItem","position":1,"name":"Principal","item":"https:\/\/www.todoalfalfa.com.ar\/noticias\/"},{"@type":"ListItem","position":2,"name":"Los silos de pasturas crecieron en los \u00faltimos 7 a\u00f1os"}]},{"@type":"WebSite","@id":"https:\/\/www.todoalfalfa.com.ar\/noticias\/#website","url":"https:\/\/www.todoalfalfa.com.ar\/noticias\/","name":"Todo Alfalfa","description":"Web informativa de la cadena de la alfalfa argentina","publisher":{"@id":"https:\/\/www.todoalfalfa.com.ar\/noticias\/#organization"},"potentialAction":[{"@type":"SearchAction","target":{"@type":"EntryPoint","urlTemplate":"https:\/\/www.todoalfalfa.com.ar\/noticias\/?s={search_term_string}"},"query-input":{"@type":"PropertyValueSpecification","valueRequired":true,"valueName":"search_term_string"}}],"inLanguage":"es"},{"@type":"Organization","@id":"https:\/\/www.todoalfalfa.com.ar\/noticias\/#organization","name":"Todo Alfalfa","url":"https:\/\/www.todoalfalfa.com.ar\/noticias\/","logo":{"@type":"ImageObject","inLanguage":"es","@id":"https:\/\/www.todoalfalfa.com.ar\/noticias\/#\/schema\/logo\/image\/","url":"https:\/\/www.todoalfalfa.com.ar\/noticias\/wp-content\/uploads\/2020\/09\/logo-todo-alfalfa-modificado.png","contentUrl":"https:\/\/www.todoalfalfa.com.ar\/noticias\/wp-content\/uploads\/2020\/09\/logo-todo-alfalfa-modificado.png","width":350,"height":100,"caption":"Todo Alfalfa"},"image":{"@id":"https:\/\/www.todoalfalfa.com.ar\/noticias\/#\/schema\/logo\/image\/"},"sameAs":["https:\/\/www.facebook.com\/todoalfalfa","https:\/\/www.instagram.com\/todoalfalfa","https:\/\/www.youtube.com\/@TodoAlfalfa","https:\/\/www.linkedin.com\/company\/todoalfalfa\/"]},{"@type":"Person","@id":"https:\/\/www.todoalfalfa.com.ar\/noticias\/#\/schema\/person\/99de93cb711c7015ef658e5321ba9f18","name":"Todo Alfalfa","image":{"@type":"ImageObject","inLanguage":"es","@id":"https:\/\/www.todoalfalfa.com.ar\/noticias\/#\/schema\/person\/image\/","url":"https:\/\/secure.gravatar.com\/avatar\/50ffd12fb7b268bc2467160730786602db252a270c63104e7c19b5f67b8dd346?s=96&d=mm&r=g","contentUrl":"https:\/\/secure.gravatar.com\/avatar\/50ffd12fb7b268bc2467160730786602db252a270c63104e7c19b5f67b8dd346?s=96&d=mm&r=g","caption":"Todo Alfalfa"},"url":"https:\/\/www.todoalfalfa.com.ar\/noticias\/author\/osvaldoiachetta\/"}]}},"jetpack_featured_media_url":"https:\/\/i0.wp.com\/www.todoalfalfa.com.ar\/noticias\/wp-content\/uploads\/2024\/04\/ensilado.jpg?fit=1024%2C668&ssl=1","wps_subtitle":"","jetpack_sharing_enabled":true,"_links":{"self":[{"href":"https:\/\/www.todoalfalfa.com.ar\/noticias\/wp-json\/wp\/v2\/posts\/47197","targetHints":{"allow":["GET"]}}],"collection":[{"href":"https:\/\/www.todoalfalfa.com.ar\/noticias\/wp-json\/wp\/v2\/posts"}],"about":[{"href":"https:\/\/www.todoalfalfa.com.ar\/noticias\/wp-json\/wp\/v2\/types\/post"}],"author":[{"embeddable":true,"href":"https:\/\/www.todoalfalfa.com.ar\/noticias\/wp-json\/wp\/v2\/users\/9"}],"replies":[{"embeddable":true,"href":"https:\/\/www.todoalfalfa.com.ar\/noticias\/wp-json\/wp\/v2\/comments?post=47197"}],"version-history":[{"count":1,"href":"https:\/\/www.todoalfalfa.com.ar\/noticias\/wp-json\/wp\/v2\/posts\/47197\/revisions"}],"predecessor-version":[{"id":47202,"href":"https:\/\/www.todoalfalfa.com.ar\/noticias\/wp-json\/wp\/v2\/posts\/47197\/revisions\/47202"}],"wp:featuredmedia":[{"embeddable":true,"href":"https:\/\/www.todoalfalfa.com.ar\/noticias\/wp-json\/wp\/v2\/media\/47201"}],"wp:attachment":[{"href":"https:\/\/www.todoalfalfa.com.ar\/noticias\/wp-json\/wp\/v2\/media?parent=47197"}],"wp:term":[{"taxonomy":"category","embeddable":true,"href":"https:\/\/www.todoalfalfa.com.ar\/noticias\/wp-json\/wp\/v2\/categories?post=47197"},{"taxonomy":"post_tag","embeddable":true,"href":"https:\/\/www.todoalfalfa.com.ar\/noticias\/wp-json\/wp\/v2\/tags?post=47197"}],"curies":[{"name":"wp","href":"https:\/\/api.w.org\/{rel}","templated":true}]}}