{"id":47329,"date":"2024-05-24T09:17:09","date_gmt":"2024-05-24T12:17:09","guid":{"rendered":"https:\/\/www.todoalfalfa.com.ar\/noticias\/?p=47329"},"modified":"2024-05-24T09:17:12","modified_gmt":"2024-05-24T12:17:12","slug":"dolor-en-el-mundo-agropecuario-murio-carlos-achetoni","status":"publish","type":"post","link":"https:\/\/www.todoalfalfa.com.ar\/noticias\/dolor-en-el-mundo-agropecuario-murio-carlos-achetoni\/","title":{"rendered":"Dolor en el mundo agropecuario: Muri\u00f3 Carlos Achetoni"},"content":{"rendered":"\n<p>El presidente de la Federaci\u00f3n Agraria Argentina (FAA), Carlos Achetoni, muri\u00f3 esta madrugada en un accidente de tr\u00e1nsito en la Provincia de Buenos Aires. La propia organizaci\u00f3n inform\u00f3 el fallecimiento a trav\u00e9s de un comunicado en sus redes sociales.<\/p>\n\n\n\n<p>\u201cFederaci\u00f3n Agraria Argentina lamenta informar el fallecimiento esta madrugada de su presidente, Carlos Achetoni, en un accidente automovil\u00edstico. Este desgraciado acontecimiento enluta y entristece a la conducci\u00f3n y a todos los federados\u201d, dijo el comunicado oficial.<\/p>\n\n\n\n<p>\u201cDesde la entidad, acompa\u00f1amos y abrazamos a Mary, sus hijos y toda su familia en estos momentos tan devastadores. Siempre lo recordaremos luchando por los peque\u00f1os y medianos productores y las econom\u00edas regionales que tanto y tan bien ha representado\u201d, agreg\u00f3 la escueta comunicaci\u00f3n.<\/p>\n\n\n\n<p>Seg\u00fan detalles dados a conocer por la revista Chacra, el accidente ocurri\u00f3 en la ruta 188, entre Ameghino y Granada, provincia de Buenos Aires. El fallecimiento del l\u00edder ruralista se produjo en torno a la medianoche en el kil\u00f3metro 304 de ruta cuando un auto Fiat Palio impact\u00f3 con la parte trasera de un cami\u00f3n.<\/p>\n\n\n\n<p>Seg\u00fan los primeros reportes, Achetoni habr\u00eda sido el \u00fanico ocupante del Palio y \u00fanica v\u00edctima fatal del accidente. El choque, seg\u00fan reportan medios zonales, fue contra un cami\u00f3n que transportaba man\u00ed.<\/p>\n\n\n\n<p>Seg\u00fan allegados y colegas de la FAA, Achetoni viajaba de Rosario \u2014donde tiene sede la entidad\u2014 hacia su casa, ubicada en Bowen, General Alvear, provincia de Mendoza. No era raro que el dirigente rural hiciera estos viajes despu\u00e9s de terminar el d\u00eda de trabajo en la Federaci\u00f3n para volver con su familia.<\/p>\n\n\n\n<p>El resto de las organizaciones ruralistas comenzaron a expresar sus condolencias por la p\u00e9rdida del l\u00edder de FAA.<\/p>\n\n\n\n<figure class=\"wp-block-embed is-type-rich is-provider-twitter wp-block-embed-twitter\"><div class=\"wp-block-embed__wrapper\">\n<div class=\"embed-twitter\"><blockquote class=\"twitter-tweet\" data-width=\"500\" data-dnt=\"true\"><p lang=\"es\" dir=\"ltr\">Desde la Comisi\u00f3n de Entidades de Enlace Agropecuarias manifestamos con profundo pesar el fallecimiento de Carlos Achetoni.<a href=\"https:\/\/twitter.com\/fedeagraria?ref_src=twsrc%5Etfw\">@fedeagraria<\/a> <a href=\"https:\/\/t.co\/pnQcrgHtmx\">pic.twitter.com\/pnQcrgHtmx<\/a><\/p>&mdash; CRA (@CRAprensa) <a href=\"https:\/\/twitter.com\/CRAprensa\/status\/1793975938256093341?ref_src=twsrc%5Etfw\">May 24, 2024<\/a><\/blockquote><script async src=\"https:\/\/platform.twitter.com\/widgets.js\" charset=\"utf-8\"><\/script><\/div>\n<\/div><\/figure>\n\n\n\n<p>\u201cCRA lamenta con profundo pesar la muerte del presidente de Federaci\u00f3n Agraria Argentina, Carlos Achetoni. Un hombre \u00edntegro, probo y abocado a la lucha gremial en defensa de sus federados y del sector agropecuario en su conjunto, supo dar respaldo a su palabra con valores\u201d, expres\u00f3 Confederaciones Rurales Argentinas.<\/p>\n\n\n\n<p>\u201cCarbap acompa\u00f1a a la Familia Federada en este triste momento ante el fallecimiento de Carlos Achetoni, un dirigente que antepuso ante todo el di\u00e1logo en busca de la soluci\u00f3n de los problemas de los peque\u00f1os y medianos productores. Carlos, que en Paz descanses\u201d, dijo por su parte la dirigencia de Carbap.<\/p>\n\n\n\n<p>Fuente: <a href=\"https:\/\/www.infobae.com\/economia\/campo\/2024\/05\/24\/murio-el-presidente-de-la-federacion-agraria-carlos-achetoni-en-un-accidente-de-transito\/\" target=\"_blank\" rel=\"noreferrer noopener\">Infobae<\/a><\/p>\n<div class=\"todoalfalfa-final-de-la-nota\" id=\"todoalfalfa-1131683605\"><a href=\"https:\/\/www.whatsapp.com\/channel\/0029VbCBmFB9WtBxJsD3eC2i\" target=\"_blank\" aria-label=\"5\"><img src=\"https:\/\/i0.wp.com\/www.todoalfalfa.com.ar\/noticias\/wp-content\/uploads\/2026\/04\/5.gif?fit=728%2C90&#038;ssl=1\" alt=\"\"  width=\"728\" height=\"90\"   \/><\/a><\/div>","protected":false},"excerpt":{"rendered":"<p>El presidente de Federaci\u00f3n Agraria dej\u00f3 de existir tras un accidente de tr\u00e1nsito. El siniestro ocurri\u00f3 en ruta 188, en la provincia de Buenos Aires.<\/p>\n","protected":false},"author":9,"featured_media":47330,"comment_status":"closed","ping_status":"open","sticky":false,"template":"","format":"standard","meta":{"jetpack_post_was_ever_published":false,"_jetpack_newsletter_access":"","_jetpack_dont_email_post_to_subs":false,"_jetpack_newsletter_tier_id":0,"_jetpack_memberships_contains_paywalled_content":false,"_jetpack_memberships_contains_paid_content":false,"footnotes":""},"categories":[2],"tags":[1728,1726,1618,1725,1727,1729,1730],"class_list":["post-47329","post","type-post","status-publish","format-standard","has-post-thumbnail","hentry","category-generales","tag-accidente","tag-carlos-achetoni","tag-cra","tag-federacion-agraria","tag-mesa-de-enlace","tag-muerte","tag-siniestro"],"yoast_head":"<!-- This site is optimized with the Yoast SEO plugin v25.5 - https:\/\/yoast.com\/wordpress\/plugins\/seo\/ -->\n<title>Dolor en el mundo agropecuario: Muri\u00f3 Carlos Achetoni<\/title>\n<meta name=\"robots\" content=\"index, follow, max-snippet:-1, max-image-preview:large, max-video-preview:-1\" \/>\n<link rel=\"canonical\" href=\"https:\/\/www.todoalfalfa.com.ar\/noticias\/dolor-en-el-mundo-agropecuario-murio-carlos-achetoni\/\" \/>\n<meta property=\"og:locale\" content=\"es_ES\" \/>\n<meta property=\"og:type\" content=\"article\" \/>\n<meta property=\"og:title\" content=\"Dolor en el mundo agropecuario: Muri\u00f3 Carlos Achetoni\" \/>\n<meta property=\"og:description\" content=\"El presidente de Federaci\u00f3n Agraria dej\u00f3 de existir tras un accidente de tr\u00e1nsito. El siniestro ocurri\u00f3 en ruta 188, en la provincia de Buenos Aires.\" \/>\n<meta property=\"og:url\" content=\"https:\/\/www.todoalfalfa.com.ar\/noticias\/dolor-en-el-mundo-agropecuario-murio-carlos-achetoni\/\" \/>\n<meta property=\"og:site_name\" content=\"Todo Alfalfa\" \/>\n<meta property=\"article:publisher\" content=\"https:\/\/www.facebook.com\/todoalfalfa\" \/>\n<meta property=\"article:published_time\" content=\"2024-05-24T12:17:09+00:00\" \/>\n<meta property=\"article:modified_time\" content=\"2024-05-24T12:17:12+00:00\" \/>\n<meta property=\"og:image\" content=\"https:\/\/www.todoalfalfa.com.ar\/noticias\/wp-content\/uploads\/2024\/05\/achetoni-1.jpg\" \/>\n\t<meta property=\"og:image:width\" content=\"1500\" \/>\n\t<meta property=\"og:image:height\" content=\"1000\" \/>\n\t<meta property=\"og:image:type\" content=\"image\/jpeg\" \/>\n<meta name=\"author\" content=\"Todo Alfalfa\" \/>\n<meta name=\"twitter:card\" content=\"summary_large_image\" \/>\n<meta name=\"twitter:label1\" content=\"Escrito por\" \/>\n\t<meta name=\"twitter:data1\" content=\"Todo Alfalfa\" \/>\n\t<meta name=\"twitter:label2\" content=\"Tiempo de lectura\" \/>\n\t<meta name=\"twitter:data2\" content=\"2 minutos\" \/>\n<script type=\"application\/ld+json\" class=\"yoast-schema-graph\">{\"@context\":\"https:\/\/schema.org\",\"@graph\":[{\"@type\":\"NewsArticle\",\"@id\":\"https:\/\/www.todoalfalfa.com.ar\/noticias\/dolor-en-el-mundo-agropecuario-murio-carlos-achetoni\/#article\",\"isPartOf\":{\"@id\":\"https:\/\/www.todoalfalfa.com.ar\/noticias\/dolor-en-el-mundo-agropecuario-murio-carlos-achetoni\/\"},\"author\":{\"name\":\"Todo Alfalfa\",\"@id\":\"https:\/\/www.todoalfalfa.com.ar\/noticias\/#\/schema\/person\/99de93cb711c7015ef658e5321ba9f18\"},\"headline\":\"Dolor en el mundo agropecuario: Muri\u00f3 Carlos Achetoni\",\"datePublished\":\"2024-05-24T12:17:09+00:00\",\"dateModified\":\"2024-05-24T12:17:12+00:00\",\"mainEntityOfPage\":{\"@id\":\"https:\/\/www.todoalfalfa.com.ar\/noticias\/dolor-en-el-mundo-agropecuario-murio-carlos-achetoni\/\"},\"wordCount\":419,\"publisher\":{\"@id\":\"https:\/\/www.todoalfalfa.com.ar\/noticias\/#organization\"},\"image\":{\"@id\":\"https:\/\/www.todoalfalfa.com.ar\/noticias\/dolor-en-el-mundo-agropecuario-murio-carlos-achetoni\/#primaryimage\"},\"thumbnailUrl\":\"https:\/\/i0.wp.com\/www.todoalfalfa.com.ar\/noticias\/wp-content\/uploads\/2024\/05\/achetoni-1.jpg?fit=1500%2C1000&ssl=1\",\"keywords\":[\"Accidente\",\"Carlos Achetoni\",\"Cra\",\"Federaci\u00f3n Agraria\",\"Mesa de Enlace\",\"Muerte\",\"Siniestro\"],\"articleSection\":[\"Generales\"],\"inLanguage\":\"es\"},{\"@type\":[\"WebPage\",\"ItemPage\"],\"@id\":\"https:\/\/www.todoalfalfa.com.ar\/noticias\/dolor-en-el-mundo-agropecuario-murio-carlos-achetoni\/\",\"url\":\"https:\/\/www.todoalfalfa.com.ar\/noticias\/dolor-en-el-mundo-agropecuario-murio-carlos-achetoni\/\",\"name\":\"Dolor en el mundo agropecuario: Muri\u00f3 Carlos Achetoni\",\"isPartOf\":{\"@id\":\"https:\/\/www.todoalfalfa.com.ar\/noticias\/#website\"},\"primaryImageOfPage\":{\"@id\":\"https:\/\/www.todoalfalfa.com.ar\/noticias\/dolor-en-el-mundo-agropecuario-murio-carlos-achetoni\/#primaryimage\"},\"image\":{\"@id\":\"https:\/\/www.todoalfalfa.com.ar\/noticias\/dolor-en-el-mundo-agropecuario-murio-carlos-achetoni\/#primaryimage\"},\"thumbnailUrl\":\"https:\/\/i0.wp.com\/www.todoalfalfa.com.ar\/noticias\/wp-content\/uploads\/2024\/05\/achetoni-1.jpg?fit=1500%2C1000&ssl=1\",\"datePublished\":\"2024-05-24T12:17:09+00:00\",\"dateModified\":\"2024-05-24T12:17:12+00:00\",\"breadcrumb\":{\"@id\":\"https:\/\/www.todoalfalfa.com.ar\/noticias\/dolor-en-el-mundo-agropecuario-murio-carlos-achetoni\/#breadcrumb\"},\"inLanguage\":\"es\",\"potentialAction\":[{\"@type\":\"ReadAction\",\"target\":[\"https:\/\/www.todoalfalfa.com.ar\/noticias\/dolor-en-el-mundo-agropecuario-murio-carlos-achetoni\/\"]}]},{\"@type\":\"ImageObject\",\"inLanguage\":\"es\",\"@id\":\"https:\/\/www.todoalfalfa.com.ar\/noticias\/dolor-en-el-mundo-agropecuario-murio-carlos-achetoni\/#primaryimage\",\"url\":\"https:\/\/i0.wp.com\/www.todoalfalfa.com.ar\/noticias\/wp-content\/uploads\/2024\/05\/achetoni-1.jpg?fit=1500%2C1000&ssl=1\",\"contentUrl\":\"https:\/\/i0.wp.com\/www.todoalfalfa.com.ar\/noticias\/wp-content\/uploads\/2024\/05\/achetoni-1.jpg?fit=1500%2C1000&ssl=1\",\"width\":1500,\"height\":1000},{\"@type\":\"BreadcrumbList\",\"@id\":\"https:\/\/www.todoalfalfa.com.ar\/noticias\/dolor-en-el-mundo-agropecuario-murio-carlos-achetoni\/#breadcrumb\",\"itemListElement\":[{\"@type\":\"ListItem\",\"position\":1,\"name\":\"Principal\",\"item\":\"https:\/\/www.todoalfalfa.com.ar\/noticias\/\"},{\"@type\":\"ListItem\",\"position\":2,\"name\":\"Dolor en el mundo agropecuario: Muri\u00f3 Carlos Achetoni\"}]},{\"@type\":\"WebSite\",\"@id\":\"https:\/\/www.todoalfalfa.com.ar\/noticias\/#website\",\"url\":\"https:\/\/www.todoalfalfa.com.ar\/noticias\/\",\"name\":\"Todo Alfalfa\",\"description\":\"Web informativa de la cadena de la alfalfa argentina\",\"publisher\":{\"@id\":\"https:\/\/www.todoalfalfa.com.ar\/noticias\/#organization\"},\"potentialAction\":[{\"@type\":\"SearchAction\",\"target\":{\"@type\":\"EntryPoint\",\"urlTemplate\":\"https:\/\/www.todoalfalfa.com.ar\/noticias\/?s={search_term_string}\"},\"query-input\":{\"@type\":\"PropertyValueSpecification\",\"valueRequired\":true,\"valueName\":\"search_term_string\"}}],\"inLanguage\":\"es\"},{\"@type\":\"Organization\",\"@id\":\"https:\/\/www.todoalfalfa.com.ar\/noticias\/#organization\",\"name\":\"Todo Alfalfa\",\"url\":\"https:\/\/www.todoalfalfa.com.ar\/noticias\/\",\"logo\":{\"@type\":\"ImageObject\",\"inLanguage\":\"es\",\"@id\":\"https:\/\/www.todoalfalfa.com.ar\/noticias\/#\/schema\/logo\/image\/\",\"url\":\"https:\/\/www.todoalfalfa.com.ar\/noticias\/wp-content\/uploads\/2020\/09\/logo-todo-alfalfa-modificado.png\",\"contentUrl\":\"https:\/\/www.todoalfalfa.com.ar\/noticias\/wp-content\/uploads\/2020\/09\/logo-todo-alfalfa-modificado.png\",\"width\":350,\"height\":100,\"caption\":\"Todo Alfalfa\"},\"image\":{\"@id\":\"https:\/\/www.todoalfalfa.com.ar\/noticias\/#\/schema\/logo\/image\/\"},\"sameAs\":[\"https:\/\/www.facebook.com\/todoalfalfa\",\"https:\/\/www.instagram.com\/todoalfalfa\",\"https:\/\/www.youtube.com\/@TodoAlfalfa\",\"https:\/\/www.linkedin.com\/company\/todoalfalfa\/\"]},{\"@type\":\"Person\",\"@id\":\"https:\/\/www.todoalfalfa.com.ar\/noticias\/#\/schema\/person\/99de93cb711c7015ef658e5321ba9f18\",\"name\":\"Todo Alfalfa\",\"image\":{\"@type\":\"ImageObject\",\"inLanguage\":\"es\",\"@id\":\"https:\/\/www.todoalfalfa.com.ar\/noticias\/#\/schema\/person\/image\/\",\"url\":\"https:\/\/secure.gravatar.com\/avatar\/50ffd12fb7b268bc2467160730786602db252a270c63104e7c19b5f67b8dd346?s=96&d=mm&r=g\",\"contentUrl\":\"https:\/\/secure.gravatar.com\/avatar\/50ffd12fb7b268bc2467160730786602db252a270c63104e7c19b5f67b8dd346?s=96&d=mm&r=g\",\"caption\":\"Todo Alfalfa\"},\"url\":\"https:\/\/www.todoalfalfa.com.ar\/noticias\/author\/osvaldoiachetta\/\"}]}<\/script>\n<!-- \/ Yoast SEO plugin. -->","yoast_head_json":{"title":"Dolor en el mundo agropecuario: Muri\u00f3 Carlos Achetoni","robots":{"index":"index","follow":"follow","max-snippet":"max-snippet:-1","max-image-preview":"max-image-preview:large","max-video-preview":"max-video-preview:-1"},"canonical":"https:\/\/www.todoalfalfa.com.ar\/noticias\/dolor-en-el-mundo-agropecuario-murio-carlos-achetoni\/","og_locale":"es_ES","og_type":"article","og_title":"Dolor en el mundo agropecuario: Muri\u00f3 Carlos Achetoni","og_description":"El presidente de Federaci\u00f3n Agraria dej\u00f3 de existir tras un accidente de tr\u00e1nsito. El siniestro ocurri\u00f3 en ruta 188, en la provincia de Buenos Aires.","og_url":"https:\/\/www.todoalfalfa.com.ar\/noticias\/dolor-en-el-mundo-agropecuario-murio-carlos-achetoni\/","og_site_name":"Todo Alfalfa","article_publisher":"https:\/\/www.facebook.com\/todoalfalfa","article_published_time":"2024-05-24T12:17:09+00:00","article_modified_time":"2024-05-24T12:17:12+00:00","og_image":[{"width":1500,"height":1000,"url":"https:\/\/www.todoalfalfa.com.ar\/noticias\/wp-content\/uploads\/2024\/05\/achetoni-1.jpg","type":"image\/jpeg"}],"author":"Todo Alfalfa","twitter_card":"summary_large_image","twitter_misc":{"Escrito por":"Todo Alfalfa","Tiempo de lectura":"2 minutos"},"schema":{"@context":"https:\/\/schema.org","@graph":[{"@type":"NewsArticle","@id":"https:\/\/www.todoalfalfa.com.ar\/noticias\/dolor-en-el-mundo-agropecuario-murio-carlos-achetoni\/#article","isPartOf":{"@id":"https:\/\/www.todoalfalfa.com.ar\/noticias\/dolor-en-el-mundo-agropecuario-murio-carlos-achetoni\/"},"author":{"name":"Todo Alfalfa","@id":"https:\/\/www.todoalfalfa.com.ar\/noticias\/#\/schema\/person\/99de93cb711c7015ef658e5321ba9f18"},"headline":"Dolor en el mundo agropecuario: Muri\u00f3 Carlos Achetoni","datePublished":"2024-05-24T12:17:09+00:00","dateModified":"2024-05-24T12:17:12+00:00","mainEntityOfPage":{"@id":"https:\/\/www.todoalfalfa.com.ar\/noticias\/dolor-en-el-mundo-agropecuario-murio-carlos-achetoni\/"},"wordCount":419,"publisher":{"@id":"https:\/\/www.todoalfalfa.com.ar\/noticias\/#organization"},"image":{"@id":"https:\/\/www.todoalfalfa.com.ar\/noticias\/dolor-en-el-mundo-agropecuario-murio-carlos-achetoni\/#primaryimage"},"thumbnailUrl":"https:\/\/i0.wp.com\/www.todoalfalfa.com.ar\/noticias\/wp-content\/uploads\/2024\/05\/achetoni-1.jpg?fit=1500%2C1000&ssl=1","keywords":["Accidente","Carlos Achetoni","Cra","Federaci\u00f3n Agraria","Mesa de Enlace","Muerte","Siniestro"],"articleSection":["Generales"],"inLanguage":"es"},{"@type":["WebPage","ItemPage"],"@id":"https:\/\/www.todoalfalfa.com.ar\/noticias\/dolor-en-el-mundo-agropecuario-murio-carlos-achetoni\/","url":"https:\/\/www.todoalfalfa.com.ar\/noticias\/dolor-en-el-mundo-agropecuario-murio-carlos-achetoni\/","name":"Dolor en el mundo agropecuario: Muri\u00f3 Carlos Achetoni","isPartOf":{"@id":"https:\/\/www.todoalfalfa.com.ar\/noticias\/#website"},"primaryImageOfPage":{"@id":"https:\/\/www.todoalfalfa.com.ar\/noticias\/dolor-en-el-mundo-agropecuario-murio-carlos-achetoni\/#primaryimage"},"image":{"@id":"https:\/\/www.todoalfalfa.com.ar\/noticias\/dolor-en-el-mundo-agropecuario-murio-carlos-achetoni\/#primaryimage"},"thumbnailUrl":"https:\/\/i0.wp.com\/www.todoalfalfa.com.ar\/noticias\/wp-content\/uploads\/2024\/05\/achetoni-1.jpg?fit=1500%2C1000&ssl=1","datePublished":"2024-05-24T12:17:09+00:00","dateModified":"2024-05-24T12:17:12+00:00","breadcrumb":{"@id":"https:\/\/www.todoalfalfa.com.ar\/noticias\/dolor-en-el-mundo-agropecuario-murio-carlos-achetoni\/#breadcrumb"},"inLanguage":"es","potentialAction":[{"@type":"ReadAction","target":["https:\/\/www.todoalfalfa.com.ar\/noticias\/dolor-en-el-mundo-agropecuario-murio-carlos-achetoni\/"]}]},{"@type":"ImageObject","inLanguage":"es","@id":"https:\/\/www.todoalfalfa.com.ar\/noticias\/dolor-en-el-mundo-agropecuario-murio-carlos-achetoni\/#primaryimage","url":"https:\/\/i0.wp.com\/www.todoalfalfa.com.ar\/noticias\/wp-content\/uploads\/2024\/05\/achetoni-1.jpg?fit=1500%2C1000&ssl=1","contentUrl":"https:\/\/i0.wp.com\/www.todoalfalfa.com.ar\/noticias\/wp-content\/uploads\/2024\/05\/achetoni-1.jpg?fit=1500%2C1000&ssl=1","width":1500,"height":1000},{"@type":"BreadcrumbList","@id":"https:\/\/www.todoalfalfa.com.ar\/noticias\/dolor-en-el-mundo-agropecuario-murio-carlos-achetoni\/#breadcrumb","itemListElement":[{"@type":"ListItem","position":1,"name":"Principal","item":"https:\/\/www.todoalfalfa.com.ar\/noticias\/"},{"@type":"ListItem","position":2,"name":"Dolor en el mundo agropecuario: Muri\u00f3 Carlos Achetoni"}]},{"@type":"WebSite","@id":"https:\/\/www.todoalfalfa.com.ar\/noticias\/#website","url":"https:\/\/www.todoalfalfa.com.ar\/noticias\/","name":"Todo Alfalfa","description":"Web informativa de la cadena de la alfalfa argentina","publisher":{"@id":"https:\/\/www.todoalfalfa.com.ar\/noticias\/#organization"},"potentialAction":[{"@type":"SearchAction","target":{"@type":"EntryPoint","urlTemplate":"https:\/\/www.todoalfalfa.com.ar\/noticias\/?s={search_term_string}"},"query-input":{"@type":"PropertyValueSpecification","valueRequired":true,"valueName":"search_term_string"}}],"inLanguage":"es"},{"@type":"Organization","@id":"https:\/\/www.todoalfalfa.com.ar\/noticias\/#organization","name":"Todo Alfalfa","url":"https:\/\/www.todoalfalfa.com.ar\/noticias\/","logo":{"@type":"ImageObject","inLanguage":"es","@id":"https:\/\/www.todoalfalfa.com.ar\/noticias\/#\/schema\/logo\/image\/","url":"https:\/\/www.todoalfalfa.com.ar\/noticias\/wp-content\/uploads\/2020\/09\/logo-todo-alfalfa-modificado.png","contentUrl":"https:\/\/www.todoalfalfa.com.ar\/noticias\/wp-content\/uploads\/2020\/09\/logo-todo-alfalfa-modificado.png","width":350,"height":100,"caption":"Todo Alfalfa"},"image":{"@id":"https:\/\/www.todoalfalfa.com.ar\/noticias\/#\/schema\/logo\/image\/"},"sameAs":["https:\/\/www.facebook.com\/todoalfalfa","https:\/\/www.instagram.com\/todoalfalfa","https:\/\/www.youtube.com\/@TodoAlfalfa","https:\/\/www.linkedin.com\/company\/todoalfalfa\/"]},{"@type":"Person","@id":"https:\/\/www.todoalfalfa.com.ar\/noticias\/#\/schema\/person\/99de93cb711c7015ef658e5321ba9f18","name":"Todo Alfalfa","image":{"@type":"ImageObject","inLanguage":"es","@id":"https:\/\/www.todoalfalfa.com.ar\/noticias\/#\/schema\/person\/image\/","url":"https:\/\/secure.gravatar.com\/avatar\/50ffd12fb7b268bc2467160730786602db252a270c63104e7c19b5f67b8dd346?s=96&d=mm&r=g","contentUrl":"https:\/\/secure.gravatar.com\/avatar\/50ffd12fb7b268bc2467160730786602db252a270c63104e7c19b5f67b8dd346?s=96&d=mm&r=g","caption":"Todo Alfalfa"},"url":"https:\/\/www.todoalfalfa.com.ar\/noticias\/author\/osvaldoiachetta\/"}]}},"jetpack_featured_media_url":"https:\/\/i0.wp.com\/www.todoalfalfa.com.ar\/noticias\/wp-content\/uploads\/2024\/05\/achetoni-1.jpg?fit=1500%2C1000&ssl=1","wps_subtitle":"","jetpack_sharing_enabled":true,"_links":{"self":[{"href":"https:\/\/www.todoalfalfa.com.ar\/noticias\/wp-json\/wp\/v2\/posts\/47329","targetHints":{"allow":["GET"]}}],"collection":[{"href":"https:\/\/www.todoalfalfa.com.ar\/noticias\/wp-json\/wp\/v2\/posts"}],"about":[{"href":"https:\/\/www.todoalfalfa.com.ar\/noticias\/wp-json\/wp\/v2\/types\/post"}],"author":[{"embeddable":true,"href":"https:\/\/www.todoalfalfa.com.ar\/noticias\/wp-json\/wp\/v2\/users\/9"}],"replies":[{"embeddable":true,"href":"https:\/\/www.todoalfalfa.com.ar\/noticias\/wp-json\/wp\/v2\/comments?post=47329"}],"version-history":[{"count":1,"href":"https:\/\/www.todoalfalfa.com.ar\/noticias\/wp-json\/wp\/v2\/posts\/47329\/revisions"}],"predecessor-version":[{"id":47331,"href":"https:\/\/www.todoalfalfa.com.ar\/noticias\/wp-json\/wp\/v2\/posts\/47329\/revisions\/47331"}],"wp:featuredmedia":[{"embeddable":true,"href":"https:\/\/www.todoalfalfa.com.ar\/noticias\/wp-json\/wp\/v2\/media\/47330"}],"wp:attachment":[{"href":"https:\/\/www.todoalfalfa.com.ar\/noticias\/wp-json\/wp\/v2\/media?parent=47329"}],"wp:term":[{"taxonomy":"category","embeddable":true,"href":"https:\/\/www.todoalfalfa.com.ar\/noticias\/wp-json\/wp\/v2\/categories?post=47329"},{"taxonomy":"post_tag","embeddable":true,"href":"https:\/\/www.todoalfalfa.com.ar\/noticias\/wp-json\/wp\/v2\/tags?post=47329"}],"curies":[{"name":"wp","href":"https:\/\/api.w.org\/{rel}","templated":true}]}}