{"id":47359,"date":"2024-06-03T13:52:11","date_gmt":"2024-06-03T16:52:11","guid":{"rendered":"https:\/\/www.todoalfalfa.com.ar\/noticias\/?p=47359"},"modified":"2024-06-03T13:52:12","modified_gmt":"2024-06-03T16:52:12","slug":"desde-san-juan-exportan-pellet-de-alfalfa-premium-a-chile","status":"publish","type":"post","link":"https:\/\/www.todoalfalfa.com.ar\/noticias\/desde-san-juan-exportan-pellet-de-alfalfa-premium-a-chile\/","title":{"rendered":"Desde San Juan exportan pellet de alfalfa premium a Chile"},"content":{"rendered":"\n<p> <p class=\"MsoNormal\"><\/p><\/p>\n\n\n\n<p>Desde San Juan se produce pellet de alfalfa premium que se destina a Chile. Es una empresa que se instal\u00f3 en la provincia y alquil\u00f3 la planta que el municipio de Albard\u00f3n tenia, sin usar, en el Parque Industrial.<\/p>\n\n\n\n<p>Fernando Serrano, socio gerente de Andes Forage, cont\u00f3 que lleg\u00f3 a la provincia de San Juan en 2019 con Forrajero, pero la sociedad se disuelve y nace la opci\u00f3n de Andes Forage, emprendimiento en el que est\u00e1 desde hace un a\u00f1o. El objetivo que siempre persiguen son los productos de calidad para alimentar al ganado que surgen a partir de la alfalfa.<\/p>\n\n\n\n<p class=\"has-medium-font-size\"><strong>\u201cCruzando los Andes\u201d<\/strong><\/p>\n\n\n\n<p>Si bien la provincia no cuenta con una gran extensi\u00f3n (son alrededor de siete mil las hect\u00e1reas), pero \u201cson de buen rendimiento\u201d, indic\u00f3 Serrano. \u201cEstamos hablando de 18 a 20 ml kilos por hect\u00e1rea\u00bb, explica. Adem\u00e1s, agrega que en el caso de la provincia \u00abdebido a la zona m\u00e1s seca y al sol a un alfalfar siempre se le pueden hacer entre 5 o 6 cortes y San Juan deber\u00eda darte 7 cortes y a veces un corte m\u00e1s\u00bb.<\/p>\n\n\n\n<p>\u00abTambi\u00e9n debido a la alta temperatura que tiene, la explosi\u00f3n de la planta en s\u00ed es bastante grande, entonces tambi\u00e9n te genera m\u00e1s kilos y por la misma radiaci\u00f3n solar tiene un mayor porcentaje de prote\u00edna. La alfalfa en promedio est\u00e1 en 17% de prote\u00edna y San Juan deber\u00eda andar entre los 19 y 20%\u00bb.<\/p>\n\n\n\n<p>La empresa se aboc\u00f3 100% a la producci\u00f3n de pellet. En este contexto \u00abes que en julio de 2023 llegamos a un acuerdo con la Intendencia Albard\u00f3n, don Jorge Palmero y don Juan Carlos Abarca. Y desde ah\u00ed que estamos trabajando ac\u00e1\u00bb. Para poder operar la planta que es de la Municipalidad la alquilaron por un a\u00f1o, con la posibilidad de renovar el alquiler.<\/p>\n\n\n\n<p>El empresario cont\u00f3 que el primer a\u00f1o ha sido muy dif\u00edcil, pues \u00abcost\u00f3 mucho poner a punto una m\u00e1quina que estuvo 6 a\u00f1os parada, sacarle rendimiento. En la actualidad estamos cerca de sacarle el rendimiento que necesitamos para poder llegar a nuestro punto equilibrio y empezar a generar fondos, utilidades\u00bb.<\/p>\n\n\n\n<p>La planta pelletizadora comenz\u00f3 a funcionar en 2015, cuando se hizo una gran inauguraci\u00f3n en el parque de Albard\u00f3n. En ese momento los productores le llevan el pasto a la intendencia que era la encargada del manejo de la planta de pellet. De hecho, de acuerdo a los registros existentes, pudieron colocar un par de cargas de pellet en Chile.<\/p>\n\n\n\n<p>De acuerdo a lo que explic\u00f3 Fernando Serrano, la producci\u00f3n local no alcanza para las demandas que tienen en el emprendimiento, por ello han tenido que comprar alfalfa en provincias como Mendoza o San Luis, pero el \u00ab70% del abastecimiento ha sido de la provincia\u00bb, dijo el empresario.<\/p>\n\n\n\n<p class=\"has-medium-font-size\"><strong>Un plus para la producci\u00f3n local<\/strong><\/p>\n\n\n\n<p>El empresario sostiene que, en su sistema de producci\u00f3n, el transporte es uno de los componentes m\u00e1s importantes y de mayor calor, \u00abpor ello la idea que tenemos es pagarle un mejor precio al pasto que se hace en San Juan que al que se trae de C\u00f3rdoba o de General Alvear, en Mendoza\u00bb. Agrega que estamos en ese proceso conseguir la fidelidad de los productores, de hacer la relaci\u00f3n comercial\u00bb.<\/p>\n\n\n\n<p>A su vez, reconoce que esto es dif\u00edcil en Argentina \u00abde diciembre a esta parte, el pa\u00eds cambi\u00f3. Hicimos un plan en julio 2023 de c\u00f3mo iba a ser con la realidad del pa\u00eds y cambi\u00f3 a 180 grados en diciembre\u00bb. De todos modos, destac\u00f3 la confianza de los productores. \u00abSe han portado de diez con nosotros, nos han apoyado\u00bb.<\/p>\n\n\n\n<p>A pesar de los vertiginosos cambios, el empresario cuenta que su objeto est\u00e1 puesto en la alimentaci\u00f3n forrajera para otros pa\u00edses. \u00abDe lo que vendemos, un 90% se va a Chile y el restante 10% se vende ac\u00e1\u00bb. A su vez, cont\u00f3 que est\u00e1n intentando abrir mercados en Per\u00fa y Panam\u00e1.<\/p>\n\n\n\n<p>Explica que en los \u00faltimos tiempos los costos de producci\u00f3n aumentaron mucho, por lo que los m\u00e1rgenes se acotan. \u00abPor ello la \u00fanica forma de seguir avanzando es crecer. Crecer en producci\u00f3n, crecer en venta, para poder bajar los cuestos medios de la empresa\u00bb<\/p>\n\n\n\n<p class=\"has-medium-font-size\"><strong>Un pellet Premium<\/strong><\/p>\n\n\n\n<p>Serrano, tal cual explic\u00f3, remarca que la calidad del pasto de alfalfa en la provincia es de gran calidad, \u00abpor las condiciones que genera la provincia. Pero la Alfalfa es un commodity y \u00abno es que te lo paguen mucho mejor. Eval\u00faan todo el precio, al ser un commodity, no cambia la calidad, el precio ahora\u00bb.<\/p>\n<div class=\"todoalfalfa-final-de-la-nota\" id=\"todoalfalfa-1616262578\"><a href=\"https:\/\/www.whatsapp.com\/channel\/0029VbCBmFB9WtBxJsD3eC2i\" target=\"_blank\" aria-label=\"5\"><img src=\"https:\/\/i0.wp.com\/www.todoalfalfa.com.ar\/noticias\/wp-content\/uploads\/2026\/04\/5.gif?fit=728%2C90&#038;ssl=1\" alt=\"\"  width=\"728\" height=\"90\"   \/><\/a><\/div>","protected":false},"excerpt":{"rendered":"<p>Se trata de una planta instalada en el Parque Industrial de Albard\u00f3n. Es propiedad del municipio y fue alquilada. Desde hace varios a\u00f1os se encontraba abandonada. Inversi\u00f3n, planificaci\u00f3n y una fuerte apuesta.<\/p>\n","protected":false},"author":9,"featured_media":47360,"comment_status":"closed","ping_status":"open","sticky":false,"template":"","format":"standard","meta":{"jetpack_post_was_ever_published":false,"_jetpack_newsletter_access":"","_jetpack_dont_email_post_to_subs":false,"_jetpack_newsletter_tier_id":0,"_jetpack_memberships_contains_paywalled_content":false,"_jetpack_memberships_contains_paid_content":false,"footnotes":""},"categories":[2],"tags":[31,236,54,1013,21],"class_list":["post-47359","post","type-post","status-publish","format-standard","has-post-thumbnail","hentry","category-generales","tag-alfalfa","tag-exportacion","tag-forrajes","tag-pellets","tag-produccion"],"yoast_head":"<!-- This site is optimized with the Yoast SEO plugin v25.5 - https:\/\/yoast.com\/wordpress\/plugins\/seo\/ -->\n<title>Desde San Juan exportan pellet de alfalfa premium a Chile<\/title>\n<meta name=\"robots\" content=\"index, follow, max-snippet:-1, max-image-preview:large, max-video-preview:-1\" \/>\n<link rel=\"canonical\" href=\"https:\/\/www.todoalfalfa.com.ar\/noticias\/desde-san-juan-exportan-pellet-de-alfalfa-premium-a-chile\/\" \/>\n<meta property=\"og:locale\" content=\"es_ES\" \/>\n<meta property=\"og:type\" content=\"article\" \/>\n<meta property=\"og:title\" content=\"Desde San Juan exportan pellet de alfalfa premium a Chile\" \/>\n<meta property=\"og:description\" content=\"Se trata de una planta instalada en el Parque Industrial de Albard\u00f3n. Es propiedad del municipio y fue alquilada. Desde hace varios a\u00f1os se encontraba abandonada. Inversi\u00f3n, planificaci\u00f3n y una fuerte apuesta.\" \/>\n<meta property=\"og:url\" content=\"https:\/\/www.todoalfalfa.com.ar\/noticias\/desde-san-juan-exportan-pellet-de-alfalfa-premium-a-chile\/\" \/>\n<meta property=\"og:site_name\" content=\"Todo Alfalfa\" \/>\n<meta property=\"article:publisher\" content=\"https:\/\/www.facebook.com\/todoalfalfa\" \/>\n<meta property=\"article:published_time\" content=\"2024-06-03T16:52:11+00:00\" \/>\n<meta property=\"article:modified_time\" content=\"2024-06-03T16:52:12+00:00\" \/>\n<meta property=\"og:image\" content=\"https:\/\/www.todoalfalfa.com.ar\/noticias\/wp-content\/uploads\/2024\/06\/pellet.png\" \/>\n\t<meta property=\"og:image:width\" content=\"608\" \/>\n\t<meta property=\"og:image:height\" content=\"508\" \/>\n\t<meta property=\"og:image:type\" content=\"image\/png\" \/>\n<meta name=\"author\" content=\"Todo Alfalfa\" \/>\n<meta name=\"twitter:card\" content=\"summary_large_image\" \/>\n<meta name=\"twitter:label1\" content=\"Escrito por\" \/>\n\t<meta name=\"twitter:data1\" content=\"Todo Alfalfa\" \/>\n\t<meta name=\"twitter:label2\" content=\"Tiempo de lectura\" \/>\n\t<meta name=\"twitter:data2\" content=\"4 minutos\" \/>\n<script type=\"application\/ld+json\" class=\"yoast-schema-graph\">{\"@context\":\"https:\/\/schema.org\",\"@graph\":[{\"@type\":\"NewsArticle\",\"@id\":\"https:\/\/www.todoalfalfa.com.ar\/noticias\/desde-san-juan-exportan-pellet-de-alfalfa-premium-a-chile\/#article\",\"isPartOf\":{\"@id\":\"https:\/\/www.todoalfalfa.com.ar\/noticias\/desde-san-juan-exportan-pellet-de-alfalfa-premium-a-chile\/\"},\"author\":{\"name\":\"Todo Alfalfa\",\"@id\":\"https:\/\/www.todoalfalfa.com.ar\/noticias\/#\/schema\/person\/99de93cb711c7015ef658e5321ba9f18\"},\"headline\":\"Desde San Juan exportan pellet de alfalfa premium a Chile\",\"datePublished\":\"2024-06-03T16:52:11+00:00\",\"dateModified\":\"2024-06-03T16:52:12+00:00\",\"mainEntityOfPage\":{\"@id\":\"https:\/\/www.todoalfalfa.com.ar\/noticias\/desde-san-juan-exportan-pellet-de-alfalfa-premium-a-chile\/\"},\"wordCount\":787,\"publisher\":{\"@id\":\"https:\/\/www.todoalfalfa.com.ar\/noticias\/#organization\"},\"image\":{\"@id\":\"https:\/\/www.todoalfalfa.com.ar\/noticias\/desde-san-juan-exportan-pellet-de-alfalfa-premium-a-chile\/#primaryimage\"},\"thumbnailUrl\":\"https:\/\/i0.wp.com\/www.todoalfalfa.com.ar\/noticias\/wp-content\/uploads\/2024\/06\/pellet.png?fit=608%2C508&ssl=1\",\"keywords\":[\"alfalfa\",\"exportaci\u00f3n\",\"forrajes\",\"pellets\",\"producci\u00f3n\"],\"articleSection\":[\"Generales\"],\"inLanguage\":\"es\"},{\"@type\":[\"WebPage\",\"ItemPage\"],\"@id\":\"https:\/\/www.todoalfalfa.com.ar\/noticias\/desde-san-juan-exportan-pellet-de-alfalfa-premium-a-chile\/\",\"url\":\"https:\/\/www.todoalfalfa.com.ar\/noticias\/desde-san-juan-exportan-pellet-de-alfalfa-premium-a-chile\/\",\"name\":\"Desde San Juan exportan pellet de alfalfa premium a Chile\",\"isPartOf\":{\"@id\":\"https:\/\/www.todoalfalfa.com.ar\/noticias\/#website\"},\"primaryImageOfPage\":{\"@id\":\"https:\/\/www.todoalfalfa.com.ar\/noticias\/desde-san-juan-exportan-pellet-de-alfalfa-premium-a-chile\/#primaryimage\"},\"image\":{\"@id\":\"https:\/\/www.todoalfalfa.com.ar\/noticias\/desde-san-juan-exportan-pellet-de-alfalfa-premium-a-chile\/#primaryimage\"},\"thumbnailUrl\":\"https:\/\/i0.wp.com\/www.todoalfalfa.com.ar\/noticias\/wp-content\/uploads\/2024\/06\/pellet.png?fit=608%2C508&ssl=1\",\"datePublished\":\"2024-06-03T16:52:11+00:00\",\"dateModified\":\"2024-06-03T16:52:12+00:00\",\"breadcrumb\":{\"@id\":\"https:\/\/www.todoalfalfa.com.ar\/noticias\/desde-san-juan-exportan-pellet-de-alfalfa-premium-a-chile\/#breadcrumb\"},\"inLanguage\":\"es\",\"potentialAction\":[{\"@type\":\"ReadAction\",\"target\":[\"https:\/\/www.todoalfalfa.com.ar\/noticias\/desde-san-juan-exportan-pellet-de-alfalfa-premium-a-chile\/\"]}]},{\"@type\":\"ImageObject\",\"inLanguage\":\"es\",\"@id\":\"https:\/\/www.todoalfalfa.com.ar\/noticias\/desde-san-juan-exportan-pellet-de-alfalfa-premium-a-chile\/#primaryimage\",\"url\":\"https:\/\/i0.wp.com\/www.todoalfalfa.com.ar\/noticias\/wp-content\/uploads\/2024\/06\/pellet.png?fit=608%2C508&ssl=1\",\"contentUrl\":\"https:\/\/i0.wp.com\/www.todoalfalfa.com.ar\/noticias\/wp-content\/uploads\/2024\/06\/pellet.png?fit=608%2C508&ssl=1\",\"width\":608,\"height\":508},{\"@type\":\"BreadcrumbList\",\"@id\":\"https:\/\/www.todoalfalfa.com.ar\/noticias\/desde-san-juan-exportan-pellet-de-alfalfa-premium-a-chile\/#breadcrumb\",\"itemListElement\":[{\"@type\":\"ListItem\",\"position\":1,\"name\":\"Principal\",\"item\":\"https:\/\/www.todoalfalfa.com.ar\/noticias\/\"},{\"@type\":\"ListItem\",\"position\":2,\"name\":\"Desde San Juan exportan pellet de alfalfa premium a Chile\"}]},{\"@type\":\"WebSite\",\"@id\":\"https:\/\/www.todoalfalfa.com.ar\/noticias\/#website\",\"url\":\"https:\/\/www.todoalfalfa.com.ar\/noticias\/\",\"name\":\"Todo Alfalfa\",\"description\":\"Web informativa de la cadena de la alfalfa argentina\",\"publisher\":{\"@id\":\"https:\/\/www.todoalfalfa.com.ar\/noticias\/#organization\"},\"potentialAction\":[{\"@type\":\"SearchAction\",\"target\":{\"@type\":\"EntryPoint\",\"urlTemplate\":\"https:\/\/www.todoalfalfa.com.ar\/noticias\/?s={search_term_string}\"},\"query-input\":{\"@type\":\"PropertyValueSpecification\",\"valueRequired\":true,\"valueName\":\"search_term_string\"}}],\"inLanguage\":\"es\"},{\"@type\":\"Organization\",\"@id\":\"https:\/\/www.todoalfalfa.com.ar\/noticias\/#organization\",\"name\":\"Todo Alfalfa\",\"url\":\"https:\/\/www.todoalfalfa.com.ar\/noticias\/\",\"logo\":{\"@type\":\"ImageObject\",\"inLanguage\":\"es\",\"@id\":\"https:\/\/www.todoalfalfa.com.ar\/noticias\/#\/schema\/logo\/image\/\",\"url\":\"https:\/\/www.todoalfalfa.com.ar\/noticias\/wp-content\/uploads\/2020\/09\/logo-todo-alfalfa-modificado.png\",\"contentUrl\":\"https:\/\/www.todoalfalfa.com.ar\/noticias\/wp-content\/uploads\/2020\/09\/logo-todo-alfalfa-modificado.png\",\"width\":350,\"height\":100,\"caption\":\"Todo Alfalfa\"},\"image\":{\"@id\":\"https:\/\/www.todoalfalfa.com.ar\/noticias\/#\/schema\/logo\/image\/\"},\"sameAs\":[\"https:\/\/www.facebook.com\/todoalfalfa\",\"https:\/\/www.instagram.com\/todoalfalfa\",\"https:\/\/www.youtube.com\/@TodoAlfalfa\",\"https:\/\/www.linkedin.com\/company\/todoalfalfa\/\"]},{\"@type\":\"Person\",\"@id\":\"https:\/\/www.todoalfalfa.com.ar\/noticias\/#\/schema\/person\/99de93cb711c7015ef658e5321ba9f18\",\"name\":\"Todo Alfalfa\",\"image\":{\"@type\":\"ImageObject\",\"inLanguage\":\"es\",\"@id\":\"https:\/\/www.todoalfalfa.com.ar\/noticias\/#\/schema\/person\/image\/\",\"url\":\"https:\/\/secure.gravatar.com\/avatar\/50ffd12fb7b268bc2467160730786602db252a270c63104e7c19b5f67b8dd346?s=96&d=mm&r=g\",\"contentUrl\":\"https:\/\/secure.gravatar.com\/avatar\/50ffd12fb7b268bc2467160730786602db252a270c63104e7c19b5f67b8dd346?s=96&d=mm&r=g\",\"caption\":\"Todo Alfalfa\"},\"url\":\"https:\/\/www.todoalfalfa.com.ar\/noticias\/author\/osvaldoiachetta\/\"}]}<\/script>\n<!-- \/ Yoast SEO plugin. -->","yoast_head_json":{"title":"Desde San Juan exportan pellet de alfalfa premium a Chile","robots":{"index":"index","follow":"follow","max-snippet":"max-snippet:-1","max-image-preview":"max-image-preview:large","max-video-preview":"max-video-preview:-1"},"canonical":"https:\/\/www.todoalfalfa.com.ar\/noticias\/desde-san-juan-exportan-pellet-de-alfalfa-premium-a-chile\/","og_locale":"es_ES","og_type":"article","og_title":"Desde San Juan exportan pellet de alfalfa premium a Chile","og_description":"Se trata de una planta instalada en el Parque Industrial de Albard\u00f3n. Es propiedad del municipio y fue alquilada. Desde hace varios a\u00f1os se encontraba abandonada. Inversi\u00f3n, planificaci\u00f3n y una fuerte apuesta.","og_url":"https:\/\/www.todoalfalfa.com.ar\/noticias\/desde-san-juan-exportan-pellet-de-alfalfa-premium-a-chile\/","og_site_name":"Todo Alfalfa","article_publisher":"https:\/\/www.facebook.com\/todoalfalfa","article_published_time":"2024-06-03T16:52:11+00:00","article_modified_time":"2024-06-03T16:52:12+00:00","og_image":[{"width":608,"height":508,"url":"https:\/\/www.todoalfalfa.com.ar\/noticias\/wp-content\/uploads\/2024\/06\/pellet.png","type":"image\/png"}],"author":"Todo Alfalfa","twitter_card":"summary_large_image","twitter_misc":{"Escrito por":"Todo Alfalfa","Tiempo de lectura":"4 minutos"},"schema":{"@context":"https:\/\/schema.org","@graph":[{"@type":"NewsArticle","@id":"https:\/\/www.todoalfalfa.com.ar\/noticias\/desde-san-juan-exportan-pellet-de-alfalfa-premium-a-chile\/#article","isPartOf":{"@id":"https:\/\/www.todoalfalfa.com.ar\/noticias\/desde-san-juan-exportan-pellet-de-alfalfa-premium-a-chile\/"},"author":{"name":"Todo Alfalfa","@id":"https:\/\/www.todoalfalfa.com.ar\/noticias\/#\/schema\/person\/99de93cb711c7015ef658e5321ba9f18"},"headline":"Desde San Juan exportan pellet de alfalfa premium a Chile","datePublished":"2024-06-03T16:52:11+00:00","dateModified":"2024-06-03T16:52:12+00:00","mainEntityOfPage":{"@id":"https:\/\/www.todoalfalfa.com.ar\/noticias\/desde-san-juan-exportan-pellet-de-alfalfa-premium-a-chile\/"},"wordCount":787,"publisher":{"@id":"https:\/\/www.todoalfalfa.com.ar\/noticias\/#organization"},"image":{"@id":"https:\/\/www.todoalfalfa.com.ar\/noticias\/desde-san-juan-exportan-pellet-de-alfalfa-premium-a-chile\/#primaryimage"},"thumbnailUrl":"https:\/\/i0.wp.com\/www.todoalfalfa.com.ar\/noticias\/wp-content\/uploads\/2024\/06\/pellet.png?fit=608%2C508&ssl=1","keywords":["alfalfa","exportaci\u00f3n","forrajes","pellets","producci\u00f3n"],"articleSection":["Generales"],"inLanguage":"es"},{"@type":["WebPage","ItemPage"],"@id":"https:\/\/www.todoalfalfa.com.ar\/noticias\/desde-san-juan-exportan-pellet-de-alfalfa-premium-a-chile\/","url":"https:\/\/www.todoalfalfa.com.ar\/noticias\/desde-san-juan-exportan-pellet-de-alfalfa-premium-a-chile\/","name":"Desde San Juan exportan pellet de alfalfa premium a Chile","isPartOf":{"@id":"https:\/\/www.todoalfalfa.com.ar\/noticias\/#website"},"primaryImageOfPage":{"@id":"https:\/\/www.todoalfalfa.com.ar\/noticias\/desde-san-juan-exportan-pellet-de-alfalfa-premium-a-chile\/#primaryimage"},"image":{"@id":"https:\/\/www.todoalfalfa.com.ar\/noticias\/desde-san-juan-exportan-pellet-de-alfalfa-premium-a-chile\/#primaryimage"},"thumbnailUrl":"https:\/\/i0.wp.com\/www.todoalfalfa.com.ar\/noticias\/wp-content\/uploads\/2024\/06\/pellet.png?fit=608%2C508&ssl=1","datePublished":"2024-06-03T16:52:11+00:00","dateModified":"2024-06-03T16:52:12+00:00","breadcrumb":{"@id":"https:\/\/www.todoalfalfa.com.ar\/noticias\/desde-san-juan-exportan-pellet-de-alfalfa-premium-a-chile\/#breadcrumb"},"inLanguage":"es","potentialAction":[{"@type":"ReadAction","target":["https:\/\/www.todoalfalfa.com.ar\/noticias\/desde-san-juan-exportan-pellet-de-alfalfa-premium-a-chile\/"]}]},{"@type":"ImageObject","inLanguage":"es","@id":"https:\/\/www.todoalfalfa.com.ar\/noticias\/desde-san-juan-exportan-pellet-de-alfalfa-premium-a-chile\/#primaryimage","url":"https:\/\/i0.wp.com\/www.todoalfalfa.com.ar\/noticias\/wp-content\/uploads\/2024\/06\/pellet.png?fit=608%2C508&ssl=1","contentUrl":"https:\/\/i0.wp.com\/www.todoalfalfa.com.ar\/noticias\/wp-content\/uploads\/2024\/06\/pellet.png?fit=608%2C508&ssl=1","width":608,"height":508},{"@type":"BreadcrumbList","@id":"https:\/\/www.todoalfalfa.com.ar\/noticias\/desde-san-juan-exportan-pellet-de-alfalfa-premium-a-chile\/#breadcrumb","itemListElement":[{"@type":"ListItem","position":1,"name":"Principal","item":"https:\/\/www.todoalfalfa.com.ar\/noticias\/"},{"@type":"ListItem","position":2,"name":"Desde San Juan exportan pellet de alfalfa premium a Chile"}]},{"@type":"WebSite","@id":"https:\/\/www.todoalfalfa.com.ar\/noticias\/#website","url":"https:\/\/www.todoalfalfa.com.ar\/noticias\/","name":"Todo Alfalfa","description":"Web informativa de la cadena de la alfalfa argentina","publisher":{"@id":"https:\/\/www.todoalfalfa.com.ar\/noticias\/#organization"},"potentialAction":[{"@type":"SearchAction","target":{"@type":"EntryPoint","urlTemplate":"https:\/\/www.todoalfalfa.com.ar\/noticias\/?s={search_term_string}"},"query-input":{"@type":"PropertyValueSpecification","valueRequired":true,"valueName":"search_term_string"}}],"inLanguage":"es"},{"@type":"Organization","@id":"https:\/\/www.todoalfalfa.com.ar\/noticias\/#organization","name":"Todo Alfalfa","url":"https:\/\/www.todoalfalfa.com.ar\/noticias\/","logo":{"@type":"ImageObject","inLanguage":"es","@id":"https:\/\/www.todoalfalfa.com.ar\/noticias\/#\/schema\/logo\/image\/","url":"https:\/\/www.todoalfalfa.com.ar\/noticias\/wp-content\/uploads\/2020\/09\/logo-todo-alfalfa-modificado.png","contentUrl":"https:\/\/www.todoalfalfa.com.ar\/noticias\/wp-content\/uploads\/2020\/09\/logo-todo-alfalfa-modificado.png","width":350,"height":100,"caption":"Todo Alfalfa"},"image":{"@id":"https:\/\/www.todoalfalfa.com.ar\/noticias\/#\/schema\/logo\/image\/"},"sameAs":["https:\/\/www.facebook.com\/todoalfalfa","https:\/\/www.instagram.com\/todoalfalfa","https:\/\/www.youtube.com\/@TodoAlfalfa","https:\/\/www.linkedin.com\/company\/todoalfalfa\/"]},{"@type":"Person","@id":"https:\/\/www.todoalfalfa.com.ar\/noticias\/#\/schema\/person\/99de93cb711c7015ef658e5321ba9f18","name":"Todo Alfalfa","image":{"@type":"ImageObject","inLanguage":"es","@id":"https:\/\/www.todoalfalfa.com.ar\/noticias\/#\/schema\/person\/image\/","url":"https:\/\/secure.gravatar.com\/avatar\/50ffd12fb7b268bc2467160730786602db252a270c63104e7c19b5f67b8dd346?s=96&d=mm&r=g","contentUrl":"https:\/\/secure.gravatar.com\/avatar\/50ffd12fb7b268bc2467160730786602db252a270c63104e7c19b5f67b8dd346?s=96&d=mm&r=g","caption":"Todo Alfalfa"},"url":"https:\/\/www.todoalfalfa.com.ar\/noticias\/author\/osvaldoiachetta\/"}]}},"jetpack_featured_media_url":"https:\/\/i0.wp.com\/www.todoalfalfa.com.ar\/noticias\/wp-content\/uploads\/2024\/06\/pellet.png?fit=608%2C508&ssl=1","wps_subtitle":"","jetpack_sharing_enabled":true,"_links":{"self":[{"href":"https:\/\/www.todoalfalfa.com.ar\/noticias\/wp-json\/wp\/v2\/posts\/47359","targetHints":{"allow":["GET"]}}],"collection":[{"href":"https:\/\/www.todoalfalfa.com.ar\/noticias\/wp-json\/wp\/v2\/posts"}],"about":[{"href":"https:\/\/www.todoalfalfa.com.ar\/noticias\/wp-json\/wp\/v2\/types\/post"}],"author":[{"embeddable":true,"href":"https:\/\/www.todoalfalfa.com.ar\/noticias\/wp-json\/wp\/v2\/users\/9"}],"replies":[{"embeddable":true,"href":"https:\/\/www.todoalfalfa.com.ar\/noticias\/wp-json\/wp\/v2\/comments?post=47359"}],"version-history":[{"count":1,"href":"https:\/\/www.todoalfalfa.com.ar\/noticias\/wp-json\/wp\/v2\/posts\/47359\/revisions"}],"predecessor-version":[{"id":47361,"href":"https:\/\/www.todoalfalfa.com.ar\/noticias\/wp-json\/wp\/v2\/posts\/47359\/revisions\/47361"}],"wp:featuredmedia":[{"embeddable":true,"href":"https:\/\/www.todoalfalfa.com.ar\/noticias\/wp-json\/wp\/v2\/media\/47360"}],"wp:attachment":[{"href":"https:\/\/www.todoalfalfa.com.ar\/noticias\/wp-json\/wp\/v2\/media?parent=47359"}],"wp:term":[{"taxonomy":"category","embeddable":true,"href":"https:\/\/www.todoalfalfa.com.ar\/noticias\/wp-json\/wp\/v2\/categories?post=47359"},{"taxonomy":"post_tag","embeddable":true,"href":"https:\/\/www.todoalfalfa.com.ar\/noticias\/wp-json\/wp\/v2\/tags?post=47359"}],"curies":[{"name":"wp","href":"https:\/\/api.w.org\/{rel}","templated":true}]}}