{"id":47362,"date":"2024-06-03T15:39:18","date_gmt":"2024-06-03T18:39:18","guid":{"rendered":"https:\/\/www.todoalfalfa.com.ar\/noticias\/?p=47362"},"modified":"2024-06-03T15:39:20","modified_gmt":"2024-06-03T18:39:20","slug":"por-espana-el-cluster-de-alfalfa-de-cordoba-se-capacita","status":"publish","type":"post","link":"https:\/\/www.todoalfalfa.com.ar\/noticias\/por-espana-el-cluster-de-alfalfa-de-cordoba-se-capacita\/","title":{"rendered":"Por Espa\u00f1a, el Cl\u00faster de Alfalfa de C\u00f3rdoba, se capacita"},"content":{"rendered":"\n<p>Tal como lo anticipamos semanas atr\u00e1s, integrantes del Cl\u00faster de Alfalfa viajaron a Espa\u00f1a con intenciones de conocer las formas en las que se trabaja en uno de los principales exportadores de heno del mundo.<\/p>\n\n\n\n<p>En su momento, cuando present\u00f3 la propuesta, Gast\u00f3n Urrets Zalav\u00eda, gerente de la entidad, indic\u00f3 que la apuesta era visitar sistemas productivos, industrias, instituciones, de la mano de distintos actores que nos abren sus puertas para compartir su know how. Madrid, Zaragoza y Barcelona, algunas de la ciudad que el contingente recorrer\u00e1.<\/p>\n\n\n\n<p>Esta propuesta \u201ccreemos que es un viaje que aporta a la estrategia, la visi\u00f3n, que abre la cabeza y permite pensar en m\u00e1s, sobre todo nosotros con la consciencia de que a veces nos come la diaria\u201d, apunt\u00f3.<\/p>\n\n\n\n<div class=\"wp-block-jetpack-slideshow aligncenter\" data-effect=\"slide\"><div class=\"wp-block-jetpack-slideshow_container swiper-container\"><ul class=\"wp-block-jetpack-slideshow_swiper-wrapper swiper-wrapper\"><li class=\"wp-block-jetpack-slideshow_slide swiper-slide\"><figure><img data-recalc-dims=\"1\" fetchpriority=\"high\" decoding=\"async\" width=\"1024\" height=\"460\" alt=\"\" class=\"wp-block-jetpack-slideshow_image wp-image-47379\" data-id=\"47379\" src=\"https:\/\/i0.wp.com\/www.todoalfalfa.com.ar\/noticias\/wp-content\/uploads\/2024\/06\/WhatsApp-Image-2024-06-03-at-15.09.12.jpeg?resize=1024%2C460&#038;ssl=1\" srcset=\"https:\/\/i0.wp.com\/www.todoalfalfa.com.ar\/noticias\/wp-content\/uploads\/2024\/06\/WhatsApp-Image-2024-06-03-at-15.09.12.jpeg?resize=1024%2C460&amp;ssl=1 1024w, https:\/\/i0.wp.com\/www.todoalfalfa.com.ar\/noticias\/wp-content\/uploads\/2024\/06\/WhatsApp-Image-2024-06-03-at-15.09.12.jpeg?resize=300%2C135&amp;ssl=1 300w, https:\/\/i0.wp.com\/www.todoalfalfa.com.ar\/noticias\/wp-content\/uploads\/2024\/06\/WhatsApp-Image-2024-06-03-at-15.09.12.jpeg?resize=768%2C345&amp;ssl=1 768w, https:\/\/i0.wp.com\/www.todoalfalfa.com.ar\/noticias\/wp-content\/uploads\/2024\/06\/WhatsApp-Image-2024-06-03-at-15.09.12.jpeg?w=1280&amp;ssl=1 1280w\" sizes=\"(max-width: 1000px) 100vw, 1000px\" \/><\/figure><\/li><li class=\"wp-block-jetpack-slideshow_slide swiper-slide\"><figure><img data-recalc-dims=\"1\" decoding=\"async\" width=\"461\" height=\"1024\" alt=\"\" class=\"wp-block-jetpack-slideshow_image wp-image-47363\" data-id=\"47363\" src=\"https:\/\/i0.wp.com\/www.todoalfalfa.com.ar\/noticias\/wp-content\/uploads\/2024\/06\/WhatsApp-Image-2024-06-03-at-15.09.11.jpeg?resize=461%2C1024&#038;ssl=1\" srcset=\"https:\/\/i0.wp.com\/www.todoalfalfa.com.ar\/noticias\/wp-content\/uploads\/2024\/06\/WhatsApp-Image-2024-06-03-at-15.09.11.jpeg?resize=461%2C1024&amp;ssl=1 461w, https:\/\/i0.wp.com\/www.todoalfalfa.com.ar\/noticias\/wp-content\/uploads\/2024\/06\/WhatsApp-Image-2024-06-03-at-15.09.11.jpeg?resize=135%2C300&amp;ssl=1 135w, https:\/\/i0.wp.com\/www.todoalfalfa.com.ar\/noticias\/wp-content\/uploads\/2024\/06\/WhatsApp-Image-2024-06-03-at-15.09.11.jpeg?w=576&amp;ssl=1 576w\" sizes=\"(max-width: 461px) 100vw, 461px\" \/><\/figure><\/li><li class=\"wp-block-jetpack-slideshow_slide swiper-slide\"><figure><img data-recalc-dims=\"1\" decoding=\"async\" width=\"1024\" height=\"460\" alt=\"\" class=\"wp-block-jetpack-slideshow_image wp-image-47364\" data-id=\"47364\" src=\"https:\/\/i0.wp.com\/www.todoalfalfa.com.ar\/noticias\/wp-content\/uploads\/2024\/06\/WhatsApp-Image-2024-06-03-at-15.09.14-1.jpeg?resize=1024%2C460&#038;ssl=1\" srcset=\"https:\/\/i0.wp.com\/www.todoalfalfa.com.ar\/noticias\/wp-content\/uploads\/2024\/06\/WhatsApp-Image-2024-06-03-at-15.09.14-1.jpeg?resize=1024%2C460&amp;ssl=1 1024w, https:\/\/i0.wp.com\/www.todoalfalfa.com.ar\/noticias\/wp-content\/uploads\/2024\/06\/WhatsApp-Image-2024-06-03-at-15.09.14-1.jpeg?resize=300%2C135&amp;ssl=1 300w, https:\/\/i0.wp.com\/www.todoalfalfa.com.ar\/noticias\/wp-content\/uploads\/2024\/06\/WhatsApp-Image-2024-06-03-at-15.09.14-1.jpeg?resize=768%2C345&amp;ssl=1 768w, https:\/\/i0.wp.com\/www.todoalfalfa.com.ar\/noticias\/wp-content\/uploads\/2024\/06\/WhatsApp-Image-2024-06-03-at-15.09.14-1.jpeg?w=1280&amp;ssl=1 1280w\" sizes=\"(max-width: 1000px) 100vw, 1000px\" \/><\/figure><\/li><li class=\"wp-block-jetpack-slideshow_slide swiper-slide\"><figure><img data-recalc-dims=\"1\" loading=\"lazy\" decoding=\"async\" width=\"460\" height=\"1024\" alt=\"\" class=\"wp-block-jetpack-slideshow_image wp-image-47365\" data-id=\"47365\" src=\"https:\/\/i0.wp.com\/www.todoalfalfa.com.ar\/noticias\/wp-content\/uploads\/2024\/06\/WhatsApp-Image-2024-06-03-at-15.09.14.jpeg?resize=460%2C1024&#038;ssl=1\" srcset=\"https:\/\/i0.wp.com\/www.todoalfalfa.com.ar\/noticias\/wp-content\/uploads\/2024\/06\/WhatsApp-Image-2024-06-03-at-15.09.14.jpeg?resize=460%2C1024&amp;ssl=1 460w, https:\/\/i0.wp.com\/www.todoalfalfa.com.ar\/noticias\/wp-content\/uploads\/2024\/06\/WhatsApp-Image-2024-06-03-at-15.09.14.jpeg?resize=135%2C300&amp;ssl=1 135w, https:\/\/i0.wp.com\/www.todoalfalfa.com.ar\/noticias\/wp-content\/uploads\/2024\/06\/WhatsApp-Image-2024-06-03-at-15.09.14.jpeg?w=575&amp;ssl=1 575w\" sizes=\"(max-width: 460px) 100vw, 460px\" \/><\/figure><\/li><li class=\"wp-block-jetpack-slideshow_slide swiper-slide\"><figure><img data-recalc-dims=\"1\" loading=\"lazy\" decoding=\"async\" width=\"460\" height=\"1024\" alt=\"\" class=\"wp-block-jetpack-slideshow_image wp-image-47366\" data-id=\"47366\" src=\"https:\/\/i0.wp.com\/www.todoalfalfa.com.ar\/noticias\/wp-content\/uploads\/2024\/06\/WhatsApp-Image-2024-06-03-at-15.09.13-7.jpeg?resize=460%2C1024&#038;ssl=1\" srcset=\"https:\/\/i0.wp.com\/www.todoalfalfa.com.ar\/noticias\/wp-content\/uploads\/2024\/06\/WhatsApp-Image-2024-06-03-at-15.09.13-7.jpeg?resize=460%2C1024&amp;ssl=1 460w, https:\/\/i0.wp.com\/www.todoalfalfa.com.ar\/noticias\/wp-content\/uploads\/2024\/06\/WhatsApp-Image-2024-06-03-at-15.09.13-7.jpeg?resize=135%2C300&amp;ssl=1 135w, https:\/\/i0.wp.com\/www.todoalfalfa.com.ar\/noticias\/wp-content\/uploads\/2024\/06\/WhatsApp-Image-2024-06-03-at-15.09.13-7.jpeg?w=575&amp;ssl=1 575w\" sizes=\"(max-width: 460px) 100vw, 460px\" \/><\/figure><\/li><li class=\"wp-block-jetpack-slideshow_slide swiper-slide\"><figure><img data-recalc-dims=\"1\" loading=\"lazy\" decoding=\"async\" width=\"460\" height=\"1024\" alt=\"\" class=\"wp-block-jetpack-slideshow_image wp-image-47367\" data-id=\"47367\" src=\"https:\/\/i0.wp.com\/www.todoalfalfa.com.ar\/noticias\/wp-content\/uploads\/2024\/06\/WhatsApp-Image-2024-06-03-at-15.09.13-6.jpeg?resize=460%2C1024&#038;ssl=1\" srcset=\"https:\/\/i0.wp.com\/www.todoalfalfa.com.ar\/noticias\/wp-content\/uploads\/2024\/06\/WhatsApp-Image-2024-06-03-at-15.09.13-6.jpeg?resize=460%2C1024&amp;ssl=1 460w, https:\/\/i0.wp.com\/www.todoalfalfa.com.ar\/noticias\/wp-content\/uploads\/2024\/06\/WhatsApp-Image-2024-06-03-at-15.09.13-6.jpeg?resize=135%2C300&amp;ssl=1 135w, https:\/\/i0.wp.com\/www.todoalfalfa.com.ar\/noticias\/wp-content\/uploads\/2024\/06\/WhatsApp-Image-2024-06-03-at-15.09.13-6.jpeg?w=575&amp;ssl=1 575w\" sizes=\"(max-width: 460px) 100vw, 460px\" \/><\/figure><\/li><li class=\"wp-block-jetpack-slideshow_slide swiper-slide\"><figure><img data-recalc-dims=\"1\" loading=\"lazy\" decoding=\"async\" width=\"460\" height=\"1024\" alt=\"\" class=\"wp-block-jetpack-slideshow_image wp-image-47368\" data-id=\"47368\" src=\"https:\/\/i0.wp.com\/www.todoalfalfa.com.ar\/noticias\/wp-content\/uploads\/2024\/06\/WhatsApp-Image-2024-06-03-at-15.09.13-5.jpeg?resize=460%2C1024&#038;ssl=1\" srcset=\"https:\/\/i0.wp.com\/www.todoalfalfa.com.ar\/noticias\/wp-content\/uploads\/2024\/06\/WhatsApp-Image-2024-06-03-at-15.09.13-5.jpeg?resize=460%2C1024&amp;ssl=1 460w, https:\/\/i0.wp.com\/www.todoalfalfa.com.ar\/noticias\/wp-content\/uploads\/2024\/06\/WhatsApp-Image-2024-06-03-at-15.09.13-5.jpeg?resize=135%2C300&amp;ssl=1 135w, https:\/\/i0.wp.com\/www.todoalfalfa.com.ar\/noticias\/wp-content\/uploads\/2024\/06\/WhatsApp-Image-2024-06-03-at-15.09.13-5.jpeg?w=575&amp;ssl=1 575w\" sizes=\"(max-width: 460px) 100vw, 460px\" \/><\/figure><\/li><li class=\"wp-block-jetpack-slideshow_slide swiper-slide\"><figure><img data-recalc-dims=\"1\" loading=\"lazy\" decoding=\"async\" width=\"460\" height=\"1024\" alt=\"\" class=\"wp-block-jetpack-slideshow_image wp-image-47369\" data-id=\"47369\" src=\"https:\/\/i0.wp.com\/www.todoalfalfa.com.ar\/noticias\/wp-content\/uploads\/2024\/06\/WhatsApp-Image-2024-06-03-at-15.09.13-4.jpeg?resize=460%2C1024&#038;ssl=1\" srcset=\"https:\/\/i0.wp.com\/www.todoalfalfa.com.ar\/noticias\/wp-content\/uploads\/2024\/06\/WhatsApp-Image-2024-06-03-at-15.09.13-4.jpeg?resize=460%2C1024&amp;ssl=1 460w, https:\/\/i0.wp.com\/www.todoalfalfa.com.ar\/noticias\/wp-content\/uploads\/2024\/06\/WhatsApp-Image-2024-06-03-at-15.09.13-4.jpeg?resize=135%2C300&amp;ssl=1 135w, https:\/\/i0.wp.com\/www.todoalfalfa.com.ar\/noticias\/wp-content\/uploads\/2024\/06\/WhatsApp-Image-2024-06-03-at-15.09.13-4.jpeg?w=575&amp;ssl=1 575w\" sizes=\"(max-width: 460px) 100vw, 460px\" \/><\/figure><\/li><li class=\"wp-block-jetpack-slideshow_slide swiper-slide\"><figure><img data-recalc-dims=\"1\" loading=\"lazy\" decoding=\"async\" width=\"1024\" height=\"460\" alt=\"\" class=\"wp-block-jetpack-slideshow_image wp-image-47370\" data-id=\"47370\" src=\"https:\/\/i0.wp.com\/www.todoalfalfa.com.ar\/noticias\/wp-content\/uploads\/2024\/06\/WhatsApp-Image-2024-06-03-at-15.09.13-3.jpeg?resize=1024%2C460&#038;ssl=1\" srcset=\"https:\/\/i0.wp.com\/www.todoalfalfa.com.ar\/noticias\/wp-content\/uploads\/2024\/06\/WhatsApp-Image-2024-06-03-at-15.09.13-3.jpeg?resize=1024%2C460&amp;ssl=1 1024w, https:\/\/i0.wp.com\/www.todoalfalfa.com.ar\/noticias\/wp-content\/uploads\/2024\/06\/WhatsApp-Image-2024-06-03-at-15.09.13-3.jpeg?resize=300%2C135&amp;ssl=1 300w, https:\/\/i0.wp.com\/www.todoalfalfa.com.ar\/noticias\/wp-content\/uploads\/2024\/06\/WhatsApp-Image-2024-06-03-at-15.09.13-3.jpeg?resize=768%2C345&amp;ssl=1 768w, https:\/\/i0.wp.com\/www.todoalfalfa.com.ar\/noticias\/wp-content\/uploads\/2024\/06\/WhatsApp-Image-2024-06-03-at-15.09.13-3.jpeg?w=1280&amp;ssl=1 1280w\" sizes=\"(max-width: 1000px) 100vw, 1000px\" \/><\/figure><\/li><li class=\"wp-block-jetpack-slideshow_slide swiper-slide\"><figure><img data-recalc-dims=\"1\" loading=\"lazy\" decoding=\"async\" width=\"460\" height=\"1024\" alt=\"\" class=\"wp-block-jetpack-slideshow_image wp-image-47371\" data-id=\"47371\" src=\"https:\/\/i0.wp.com\/www.todoalfalfa.com.ar\/noticias\/wp-content\/uploads\/2024\/06\/WhatsApp-Image-2024-06-03-at-15.09.13-2.jpeg?resize=460%2C1024&#038;ssl=1\" srcset=\"https:\/\/i0.wp.com\/www.todoalfalfa.com.ar\/noticias\/wp-content\/uploads\/2024\/06\/WhatsApp-Image-2024-06-03-at-15.09.13-2.jpeg?resize=460%2C1024&amp;ssl=1 460w, https:\/\/i0.wp.com\/www.todoalfalfa.com.ar\/noticias\/wp-content\/uploads\/2024\/06\/WhatsApp-Image-2024-06-03-at-15.09.13-2.jpeg?resize=135%2C300&amp;ssl=1 135w, https:\/\/i0.wp.com\/www.todoalfalfa.com.ar\/noticias\/wp-content\/uploads\/2024\/06\/WhatsApp-Image-2024-06-03-at-15.09.13-2.jpeg?w=575&amp;ssl=1 575w\" sizes=\"(max-width: 460px) 100vw, 460px\" \/><\/figure><\/li><li class=\"wp-block-jetpack-slideshow_slide swiper-slide\"><figure><img data-recalc-dims=\"1\" loading=\"lazy\" decoding=\"async\" width=\"1024\" height=\"461\" alt=\"\" class=\"wp-block-jetpack-slideshow_image wp-image-47372\" data-id=\"47372\" src=\"https:\/\/i0.wp.com\/www.todoalfalfa.com.ar\/noticias\/wp-content\/uploads\/2024\/06\/WhatsApp-Image-2024-06-03-at-15.09.13-1.jpeg?resize=1024%2C461&#038;ssl=1\" srcset=\"https:\/\/i0.wp.com\/www.todoalfalfa.com.ar\/noticias\/wp-content\/uploads\/2024\/06\/WhatsApp-Image-2024-06-03-at-15.09.13-1.jpeg?resize=1024%2C461&amp;ssl=1 1024w, https:\/\/i0.wp.com\/www.todoalfalfa.com.ar\/noticias\/wp-content\/uploads\/2024\/06\/WhatsApp-Image-2024-06-03-at-15.09.13-1.jpeg?resize=300%2C135&amp;ssl=1 300w, https:\/\/i0.wp.com\/www.todoalfalfa.com.ar\/noticias\/wp-content\/uploads\/2024\/06\/WhatsApp-Image-2024-06-03-at-15.09.13-1.jpeg?resize=768%2C346&amp;ssl=1 768w, https:\/\/i0.wp.com\/www.todoalfalfa.com.ar\/noticias\/wp-content\/uploads\/2024\/06\/WhatsApp-Image-2024-06-03-at-15.09.13-1.jpeg?w=1280&amp;ssl=1 1280w\" sizes=\"(max-width: 1000px) 100vw, 1000px\" \/><\/figure><\/li><li class=\"wp-block-jetpack-slideshow_slide swiper-slide\"><figure><img data-recalc-dims=\"1\" loading=\"lazy\" decoding=\"async\" width=\"1024\" height=\"461\" alt=\"\" class=\"wp-block-jetpack-slideshow_image wp-image-47373\" data-id=\"47373\" src=\"https:\/\/i0.wp.com\/www.todoalfalfa.com.ar\/noticias\/wp-content\/uploads\/2024\/06\/WhatsApp-Image-2024-06-03-at-15.09.13.jpeg?resize=1024%2C461&#038;ssl=1\" srcset=\"https:\/\/i0.wp.com\/www.todoalfalfa.com.ar\/noticias\/wp-content\/uploads\/2024\/06\/WhatsApp-Image-2024-06-03-at-15.09.13.jpeg?resize=1024%2C461&amp;ssl=1 1024w, https:\/\/i0.wp.com\/www.todoalfalfa.com.ar\/noticias\/wp-content\/uploads\/2024\/06\/WhatsApp-Image-2024-06-03-at-15.09.13.jpeg?resize=300%2C135&amp;ssl=1 300w, https:\/\/i0.wp.com\/www.todoalfalfa.com.ar\/noticias\/wp-content\/uploads\/2024\/06\/WhatsApp-Image-2024-06-03-at-15.09.13.jpeg?resize=768%2C346&amp;ssl=1 768w, https:\/\/i0.wp.com\/www.todoalfalfa.com.ar\/noticias\/wp-content\/uploads\/2024\/06\/WhatsApp-Image-2024-06-03-at-15.09.13.jpeg?w=1280&amp;ssl=1 1280w\" sizes=\"(max-width: 1000px) 100vw, 1000px\" \/><\/figure><\/li><li class=\"wp-block-jetpack-slideshow_slide swiper-slide\"><figure><img data-recalc-dims=\"1\" loading=\"lazy\" decoding=\"async\" width=\"1024\" height=\"460\" alt=\"\" class=\"wp-block-jetpack-slideshow_image wp-image-47374\" data-id=\"47374\" src=\"https:\/\/i0.wp.com\/www.todoalfalfa.com.ar\/noticias\/wp-content\/uploads\/2024\/06\/WhatsApp-Image-2024-06-03-at-15.09.12-5.jpeg?resize=1024%2C460&#038;ssl=1\" srcset=\"https:\/\/i0.wp.com\/www.todoalfalfa.com.ar\/noticias\/wp-content\/uploads\/2024\/06\/WhatsApp-Image-2024-06-03-at-15.09.12-5.jpeg?resize=1024%2C460&amp;ssl=1 1024w, https:\/\/i0.wp.com\/www.todoalfalfa.com.ar\/noticias\/wp-content\/uploads\/2024\/06\/WhatsApp-Image-2024-06-03-at-15.09.12-5.jpeg?resize=300%2C135&amp;ssl=1 300w, https:\/\/i0.wp.com\/www.todoalfalfa.com.ar\/noticias\/wp-content\/uploads\/2024\/06\/WhatsApp-Image-2024-06-03-at-15.09.12-5.jpeg?resize=768%2C345&amp;ssl=1 768w, https:\/\/i0.wp.com\/www.todoalfalfa.com.ar\/noticias\/wp-content\/uploads\/2024\/06\/WhatsApp-Image-2024-06-03-at-15.09.12-5.jpeg?w=1280&amp;ssl=1 1280w\" sizes=\"(max-width: 1000px) 100vw, 1000px\" \/><\/figure><\/li><li class=\"wp-block-jetpack-slideshow_slide swiper-slide\"><figure><img data-recalc-dims=\"1\" loading=\"lazy\" decoding=\"async\" width=\"460\" height=\"1024\" alt=\"\" class=\"wp-block-jetpack-slideshow_image wp-image-47375\" data-id=\"47375\" src=\"https:\/\/i0.wp.com\/www.todoalfalfa.com.ar\/noticias\/wp-content\/uploads\/2024\/06\/WhatsApp-Image-2024-06-03-at-15.09.12-4.jpeg?resize=460%2C1024&#038;ssl=1\" srcset=\"https:\/\/i0.wp.com\/www.todoalfalfa.com.ar\/noticias\/wp-content\/uploads\/2024\/06\/WhatsApp-Image-2024-06-03-at-15.09.12-4.jpeg?resize=460%2C1024&amp;ssl=1 460w, https:\/\/i0.wp.com\/www.todoalfalfa.com.ar\/noticias\/wp-content\/uploads\/2024\/06\/WhatsApp-Image-2024-06-03-at-15.09.12-4.jpeg?resize=135%2C300&amp;ssl=1 135w, https:\/\/i0.wp.com\/www.todoalfalfa.com.ar\/noticias\/wp-content\/uploads\/2024\/06\/WhatsApp-Image-2024-06-03-at-15.09.12-4.jpeg?w=575&amp;ssl=1 575w\" sizes=\"(max-width: 460px) 100vw, 460px\" \/><\/figure><\/li><li class=\"wp-block-jetpack-slideshow_slide swiper-slide\"><figure><img data-recalc-dims=\"1\" loading=\"lazy\" decoding=\"async\" width=\"1024\" height=\"461\" alt=\"\" class=\"wp-block-jetpack-slideshow_image wp-image-47376\" data-id=\"47376\" src=\"https:\/\/i0.wp.com\/www.todoalfalfa.com.ar\/noticias\/wp-content\/uploads\/2024\/06\/WhatsApp-Image-2024-06-03-at-15.09.12-3.jpeg?resize=1024%2C461&#038;ssl=1\" srcset=\"https:\/\/i0.wp.com\/www.todoalfalfa.com.ar\/noticias\/wp-content\/uploads\/2024\/06\/WhatsApp-Image-2024-06-03-at-15.09.12-3.jpeg?resize=1024%2C461&amp;ssl=1 1024w, https:\/\/i0.wp.com\/www.todoalfalfa.com.ar\/noticias\/wp-content\/uploads\/2024\/06\/WhatsApp-Image-2024-06-03-at-15.09.12-3.jpeg?resize=300%2C135&amp;ssl=1 300w, https:\/\/i0.wp.com\/www.todoalfalfa.com.ar\/noticias\/wp-content\/uploads\/2024\/06\/WhatsApp-Image-2024-06-03-at-15.09.12-3.jpeg?resize=768%2C346&amp;ssl=1 768w, https:\/\/i0.wp.com\/www.todoalfalfa.com.ar\/noticias\/wp-content\/uploads\/2024\/06\/WhatsApp-Image-2024-06-03-at-15.09.12-3.jpeg?w=1280&amp;ssl=1 1280w\" sizes=\"(max-width: 1000px) 100vw, 1000px\" \/><\/figure><\/li><li class=\"wp-block-jetpack-slideshow_slide swiper-slide\"><figure><img data-recalc-dims=\"1\" loading=\"lazy\" decoding=\"async\" width=\"1024\" height=\"460\" alt=\"\" class=\"wp-block-jetpack-slideshow_image wp-image-47377\" data-id=\"47377\" src=\"https:\/\/i0.wp.com\/www.todoalfalfa.com.ar\/noticias\/wp-content\/uploads\/2024\/06\/WhatsApp-Image-2024-06-03-at-15.09.12-2.jpeg?resize=1024%2C460&#038;ssl=1\" srcset=\"https:\/\/i0.wp.com\/www.todoalfalfa.com.ar\/noticias\/wp-content\/uploads\/2024\/06\/WhatsApp-Image-2024-06-03-at-15.09.12-2.jpeg?resize=1024%2C460&amp;ssl=1 1024w, https:\/\/i0.wp.com\/www.todoalfalfa.com.ar\/noticias\/wp-content\/uploads\/2024\/06\/WhatsApp-Image-2024-06-03-at-15.09.12-2.jpeg?resize=300%2C135&amp;ssl=1 300w, https:\/\/i0.wp.com\/www.todoalfalfa.com.ar\/noticias\/wp-content\/uploads\/2024\/06\/WhatsApp-Image-2024-06-03-at-15.09.12-2.jpeg?resize=768%2C345&amp;ssl=1 768w, https:\/\/i0.wp.com\/www.todoalfalfa.com.ar\/noticias\/wp-content\/uploads\/2024\/06\/WhatsApp-Image-2024-06-03-at-15.09.12-2.jpeg?w=1280&amp;ssl=1 1280w\" sizes=\"(max-width: 1000px) 100vw, 1000px\" \/><\/figure><\/li><li class=\"wp-block-jetpack-slideshow_slide swiper-slide\"><figure><img data-recalc-dims=\"1\" loading=\"lazy\" decoding=\"async\" width=\"1024\" height=\"461\" alt=\"\" class=\"wp-block-jetpack-slideshow_image wp-image-47378\" data-id=\"47378\" src=\"https:\/\/i0.wp.com\/www.todoalfalfa.com.ar\/noticias\/wp-content\/uploads\/2024\/06\/WhatsApp-Image-2024-06-03-at-15.09.12-1.jpeg?resize=1024%2C461&#038;ssl=1\" srcset=\"https:\/\/i0.wp.com\/www.todoalfalfa.com.ar\/noticias\/wp-content\/uploads\/2024\/06\/WhatsApp-Image-2024-06-03-at-15.09.12-1.jpeg?resize=1024%2C461&amp;ssl=1 1024w, https:\/\/i0.wp.com\/www.todoalfalfa.com.ar\/noticias\/wp-content\/uploads\/2024\/06\/WhatsApp-Image-2024-06-03-at-15.09.12-1.jpeg?resize=300%2C135&amp;ssl=1 300w, https:\/\/i0.wp.com\/www.todoalfalfa.com.ar\/noticias\/wp-content\/uploads\/2024\/06\/WhatsApp-Image-2024-06-03-at-15.09.12-1.jpeg?resize=768%2C346&amp;ssl=1 768w, https:\/\/i0.wp.com\/www.todoalfalfa.com.ar\/noticias\/wp-content\/uploads\/2024\/06\/WhatsApp-Image-2024-06-03-at-15.09.12-1.jpeg?w=1280&amp;ssl=1 1280w\" sizes=\"(max-width: 1000px) 100vw, 1000px\" \/><\/figure><\/li><li class=\"wp-block-jetpack-slideshow_slide swiper-slide\"><figure><img data-recalc-dims=\"1\" loading=\"lazy\" decoding=\"async\" width=\"460\" height=\"1024\" alt=\"\" class=\"wp-block-jetpack-slideshow_image wp-image-47380\" data-id=\"47380\" src=\"https:\/\/i0.wp.com\/www.todoalfalfa.com.ar\/noticias\/wp-content\/uploads\/2024\/06\/WhatsApp-Image-2024-06-03-at-15.09.11-1.jpeg?resize=460%2C1024&#038;ssl=1\" srcset=\"https:\/\/i0.wp.com\/www.todoalfalfa.com.ar\/noticias\/wp-content\/uploads\/2024\/06\/WhatsApp-Image-2024-06-03-at-15.09.11-1.jpeg?resize=460%2C1024&amp;ssl=1 460w, https:\/\/i0.wp.com\/www.todoalfalfa.com.ar\/noticias\/wp-content\/uploads\/2024\/06\/WhatsApp-Image-2024-06-03-at-15.09.11-1.jpeg?resize=135%2C300&amp;ssl=1 135w, https:\/\/i0.wp.com\/www.todoalfalfa.com.ar\/noticias\/wp-content\/uploads\/2024\/06\/WhatsApp-Image-2024-06-03-at-15.09.11-1.jpeg?w=575&amp;ssl=1 575w\" sizes=\"(max-width: 460px) 100vw, 460px\" \/><\/figure><\/li><\/ul><a class=\"wp-block-jetpack-slideshow_button-prev swiper-button-prev swiper-button-white\" role=\"button\"><\/a><a class=\"wp-block-jetpack-slideshow_button-next swiper-button-next swiper-button-white\" role=\"button\"><\/a><a aria-label=\"Pause Slideshow\" class=\"wp-block-jetpack-slideshow_button-pause\" role=\"button\"><\/a><div class=\"wp-block-jetpack-slideshow_pagination swiper-pagination swiper-pagination-white\"><\/div><\/div><\/div>\n\n\n\n<p>En las \u00faltimas horas, y ya instalados en el \u201cviejo continente\u201d contaron a este medio que \u201choy vis\u00edtamos junto a los socios del cl\u00faster, la F\u00e1brica de IMABE, plantas de recompactado de heno de alfalfa\u201d.<\/p>\n\n\n\n<p>El recorrido tuvo su continuidad y \u201cpor la tarde visitamos a la Finca productiva Barciles Forrajes, en la regi\u00f3n de Toledo. Gran d\u00eda de capacitaci\u00f3n agroindustrial alfalfera y de aprendizaje cruzado de este Viaje de Capacitaci\u00f3n Espa\u00f1a 2024!\u201d<\/p>\n\n\n\n<figure class=\"wp-block-embed is-type-wp-embed is-provider-todo-alfalfa wp-block-embed-todo-alfalfa\"><div class=\"wp-block-embed__wrapper\">\n<blockquote class=\"wp-embedded-content\" data-secret=\"bv20uNeVoS\"><a href=\"https:\/\/www.todoalfalfa.com.ar\/noticias\/el-cluster-de-alfalfa-de-cordoba-organiza-un-viaje-de-capacitacion-a-espana\/\">El Cl\u00faster de Alfalfa de C\u00f3rdoba organiza un viaje de capacitaci\u00f3n a Espa\u00f1a<\/a><\/blockquote><iframe class=\"wp-embedded-content\" sandbox=\"allow-scripts\" security=\"restricted\" style=\"position: absolute; visibility: hidden;\" title=\"\u00abEl Cl\u00faster de Alfalfa de C\u00f3rdoba organiza un viaje de capacitaci\u00f3n a Espa\u00f1a\u00bb \u2014 Todo Alfalfa\" src=\"https:\/\/www.todoalfalfa.com.ar\/noticias\/el-cluster-de-alfalfa-de-cordoba-organiza-un-viaje-de-capacitacion-a-espana\/embed\/#?secret=VzVvZEMDhx#?secret=bv20uNeVoS\" data-secret=\"bv20uNeVoS\" width=\"500\" height=\"282\" frameborder=\"0\" marginwidth=\"0\" marginheight=\"0\" scrolling=\"no\"><\/iframe>\n<\/div><\/figure>\n<div class=\"todoalfalfa-final-de-la-nota\" id=\"todoalfalfa-2132695710\"><a href=\"https:\/\/www.whatsapp.com\/channel\/0029VbCBmFB9WtBxJsD3eC2i\" target=\"_blank\" aria-label=\"5\"><img src=\"https:\/\/i0.wp.com\/www.todoalfalfa.com.ar\/noticias\/wp-content\/uploads\/2026\/04\/5.gif?fit=728%2C90&#038;ssl=1\" alt=\"\"  width=\"728\" height=\"90\"   \/><\/a><\/div>","protected":false},"excerpt":{"rendered":"<p>Una veintena de productores se encuentra en continente europeo donde recorren instalaciones relacionadas a la producci\u00f3n. En busca de herramientas para mejorar y eficientizar la producci\u00f3n. <\/p>\n","protected":false},"author":9,"featured_media":47376,"comment_status":"closed","ping_status":"open","sticky":false,"template":"","format":"standard","meta":{"jetpack_post_was_ever_published":false,"_jetpack_newsletter_access":"","_jetpack_dont_email_post_to_subs":false,"_jetpack_newsletter_tier_id":0,"_jetpack_memberships_contains_paywalled_content":false,"_jetpack_memberships_contains_paid_content":false,"footnotes":""},"categories":[2],"tags":[31,950,1367,1555,1738,1659],"class_list":["post-47362","post","type-post","status-publish","format-standard","has-post-thumbnail","hentry","category-generales","tag-alfalfa","tag-capacitacion","tag-cluster-2","tag-gaston-urrets-zavalia","tag-importantes","tag-novedades"],"yoast_head":"<!-- This site is optimized with the Yoast SEO plugin v25.5 - https:\/\/yoast.com\/wordpress\/plugins\/seo\/ -->\n<title>Por Espa\u00f1a, el Cl\u00faster de Alfalfa de C\u00f3rdoba, se capacita<\/title>\n<meta name=\"robots\" content=\"index, follow, max-snippet:-1, max-image-preview:large, max-video-preview:-1\" \/>\n<link rel=\"canonical\" href=\"https:\/\/www.todoalfalfa.com.ar\/noticias\/por-espana-el-cluster-de-alfalfa-de-cordoba-se-capacita\/\" \/>\n<meta property=\"og:locale\" content=\"es_ES\" \/>\n<meta property=\"og:type\" content=\"article\" \/>\n<meta property=\"og:title\" content=\"Por Espa\u00f1a, el Cl\u00faster de Alfalfa de C\u00f3rdoba, se capacita\" \/>\n<meta property=\"og:description\" content=\"Una veintena de productores se encuentra en continente europeo donde recorren instalaciones relacionadas a la producci\u00f3n. En busca de herramientas para mejorar y eficientizar la producci\u00f3n.\" \/>\n<meta property=\"og:url\" content=\"https:\/\/www.todoalfalfa.com.ar\/noticias\/por-espana-el-cluster-de-alfalfa-de-cordoba-se-capacita\/\" \/>\n<meta property=\"og:site_name\" content=\"Todo Alfalfa\" \/>\n<meta property=\"article:publisher\" content=\"https:\/\/www.facebook.com\/todoalfalfa\" \/>\n<meta property=\"article:published_time\" content=\"2024-06-03T18:39:18+00:00\" \/>\n<meta property=\"article:modified_time\" content=\"2024-06-03T18:39:20+00:00\" \/>\n<meta property=\"og:image\" content=\"https:\/\/www.todoalfalfa.com.ar\/noticias\/wp-content\/uploads\/2024\/06\/WhatsApp-Image-2024-06-03-at-15.09.12-3.jpeg\" \/>\n\t<meta property=\"og:image:width\" content=\"1280\" \/>\n\t<meta property=\"og:image:height\" content=\"576\" \/>\n\t<meta property=\"og:image:type\" content=\"image\/jpeg\" \/>\n<meta name=\"author\" content=\"Todo Alfalfa\" \/>\n<meta name=\"twitter:card\" content=\"summary_large_image\" \/>\n<meta name=\"twitter:label1\" content=\"Escrito por\" \/>\n\t<meta name=\"twitter:data1\" content=\"Todo Alfalfa\" \/>\n\t<meta name=\"twitter:label2\" content=\"Tiempo de lectura\" \/>\n\t<meta name=\"twitter:data2\" content=\"5 minutos\" \/>\n<script type=\"application\/ld+json\" class=\"yoast-schema-graph\">{\"@context\":\"https:\/\/schema.org\",\"@graph\":[{\"@type\":\"NewsArticle\",\"@id\":\"https:\/\/www.todoalfalfa.com.ar\/noticias\/por-espana-el-cluster-de-alfalfa-de-cordoba-se-capacita\/#article\",\"isPartOf\":{\"@id\":\"https:\/\/www.todoalfalfa.com.ar\/noticias\/por-espana-el-cluster-de-alfalfa-de-cordoba-se-capacita\/\"},\"author\":{\"name\":\"Todo Alfalfa\",\"@id\":\"https:\/\/www.todoalfalfa.com.ar\/noticias\/#\/schema\/person\/99de93cb711c7015ef658e5321ba9f18\"},\"headline\":\"Por Espa\u00f1a, el Cl\u00faster de Alfalfa de C\u00f3rdoba, se capacita\",\"datePublished\":\"2024-06-03T18:39:18+00:00\",\"dateModified\":\"2024-06-03T18:39:20+00:00\",\"mainEntityOfPage\":{\"@id\":\"https:\/\/www.todoalfalfa.com.ar\/noticias\/por-espana-el-cluster-de-alfalfa-de-cordoba-se-capacita\/\"},\"wordCount\":232,\"publisher\":{\"@id\":\"https:\/\/www.todoalfalfa.com.ar\/noticias\/#organization\"},\"image\":{\"@id\":\"https:\/\/www.todoalfalfa.com.ar\/noticias\/por-espana-el-cluster-de-alfalfa-de-cordoba-se-capacita\/#primaryimage\"},\"thumbnailUrl\":\"https:\/\/i0.wp.com\/www.todoalfalfa.com.ar\/noticias\/wp-content\/uploads\/2024\/06\/WhatsApp-Image-2024-06-03-at-15.09.12-3.jpeg?fit=1280%2C576&ssl=1\",\"keywords\":[\"alfalfa\",\"capacitaci\u00f3n\",\"Cl\u00faster\",\"Gast\u00f3n Urrets Zaval\u00eda\",\"Importantes\",\"Novedades\"],\"articleSection\":[\"Generales\"],\"inLanguage\":\"es\"},{\"@type\":[\"WebPage\",\"ItemPage\"],\"@id\":\"https:\/\/www.todoalfalfa.com.ar\/noticias\/por-espana-el-cluster-de-alfalfa-de-cordoba-se-capacita\/\",\"url\":\"https:\/\/www.todoalfalfa.com.ar\/noticias\/por-espana-el-cluster-de-alfalfa-de-cordoba-se-capacita\/\",\"name\":\"Por Espa\u00f1a, el Cl\u00faster de Alfalfa de C\u00f3rdoba, se capacita\",\"isPartOf\":{\"@id\":\"https:\/\/www.todoalfalfa.com.ar\/noticias\/#website\"},\"primaryImageOfPage\":{\"@id\":\"https:\/\/www.todoalfalfa.com.ar\/noticias\/por-espana-el-cluster-de-alfalfa-de-cordoba-se-capacita\/#primaryimage\"},\"image\":{\"@id\":\"https:\/\/www.todoalfalfa.com.ar\/noticias\/por-espana-el-cluster-de-alfalfa-de-cordoba-se-capacita\/#primaryimage\"},\"thumbnailUrl\":\"https:\/\/i0.wp.com\/www.todoalfalfa.com.ar\/noticias\/wp-content\/uploads\/2024\/06\/WhatsApp-Image-2024-06-03-at-15.09.12-3.jpeg?fit=1280%2C576&ssl=1\",\"datePublished\":\"2024-06-03T18:39:18+00:00\",\"dateModified\":\"2024-06-03T18:39:20+00:00\",\"breadcrumb\":{\"@id\":\"https:\/\/www.todoalfalfa.com.ar\/noticias\/por-espana-el-cluster-de-alfalfa-de-cordoba-se-capacita\/#breadcrumb\"},\"inLanguage\":\"es\",\"potentialAction\":[{\"@type\":\"ReadAction\",\"target\":[\"https:\/\/www.todoalfalfa.com.ar\/noticias\/por-espana-el-cluster-de-alfalfa-de-cordoba-se-capacita\/\"]}]},{\"@type\":\"ImageObject\",\"inLanguage\":\"es\",\"@id\":\"https:\/\/www.todoalfalfa.com.ar\/noticias\/por-espana-el-cluster-de-alfalfa-de-cordoba-se-capacita\/#primaryimage\",\"url\":\"https:\/\/i0.wp.com\/www.todoalfalfa.com.ar\/noticias\/wp-content\/uploads\/2024\/06\/WhatsApp-Image-2024-06-03-at-15.09.12-3.jpeg?fit=1280%2C576&ssl=1\",\"contentUrl\":\"https:\/\/i0.wp.com\/www.todoalfalfa.com.ar\/noticias\/wp-content\/uploads\/2024\/06\/WhatsApp-Image-2024-06-03-at-15.09.12-3.jpeg?fit=1280%2C576&ssl=1\",\"width\":1280,\"height\":576},{\"@type\":\"BreadcrumbList\",\"@id\":\"https:\/\/www.todoalfalfa.com.ar\/noticias\/por-espana-el-cluster-de-alfalfa-de-cordoba-se-capacita\/#breadcrumb\",\"itemListElement\":[{\"@type\":\"ListItem\",\"position\":1,\"name\":\"Principal\",\"item\":\"https:\/\/www.todoalfalfa.com.ar\/noticias\/\"},{\"@type\":\"ListItem\",\"position\":2,\"name\":\"Por Espa\u00f1a, el Cl\u00faster de Alfalfa de C\u00f3rdoba, se capacita\"}]},{\"@type\":\"WebSite\",\"@id\":\"https:\/\/www.todoalfalfa.com.ar\/noticias\/#website\",\"url\":\"https:\/\/www.todoalfalfa.com.ar\/noticias\/\",\"name\":\"Todo Alfalfa\",\"description\":\"Web informativa de la cadena de la alfalfa argentina\",\"publisher\":{\"@id\":\"https:\/\/www.todoalfalfa.com.ar\/noticias\/#organization\"},\"potentialAction\":[{\"@type\":\"SearchAction\",\"target\":{\"@type\":\"EntryPoint\",\"urlTemplate\":\"https:\/\/www.todoalfalfa.com.ar\/noticias\/?s={search_term_string}\"},\"query-input\":{\"@type\":\"PropertyValueSpecification\",\"valueRequired\":true,\"valueName\":\"search_term_string\"}}],\"inLanguage\":\"es\"},{\"@type\":\"Organization\",\"@id\":\"https:\/\/www.todoalfalfa.com.ar\/noticias\/#organization\",\"name\":\"Todo Alfalfa\",\"url\":\"https:\/\/www.todoalfalfa.com.ar\/noticias\/\",\"logo\":{\"@type\":\"ImageObject\",\"inLanguage\":\"es\",\"@id\":\"https:\/\/www.todoalfalfa.com.ar\/noticias\/#\/schema\/logo\/image\/\",\"url\":\"https:\/\/www.todoalfalfa.com.ar\/noticias\/wp-content\/uploads\/2020\/09\/logo-todo-alfalfa-modificado.png\",\"contentUrl\":\"https:\/\/www.todoalfalfa.com.ar\/noticias\/wp-content\/uploads\/2020\/09\/logo-todo-alfalfa-modificado.png\",\"width\":350,\"height\":100,\"caption\":\"Todo Alfalfa\"},\"image\":{\"@id\":\"https:\/\/www.todoalfalfa.com.ar\/noticias\/#\/schema\/logo\/image\/\"},\"sameAs\":[\"https:\/\/www.facebook.com\/todoalfalfa\",\"https:\/\/www.instagram.com\/todoalfalfa\",\"https:\/\/www.youtube.com\/@TodoAlfalfa\",\"https:\/\/www.linkedin.com\/company\/todoalfalfa\/\"]},{\"@type\":\"Person\",\"@id\":\"https:\/\/www.todoalfalfa.com.ar\/noticias\/#\/schema\/person\/99de93cb711c7015ef658e5321ba9f18\",\"name\":\"Todo Alfalfa\",\"image\":{\"@type\":\"ImageObject\",\"inLanguage\":\"es\",\"@id\":\"https:\/\/www.todoalfalfa.com.ar\/noticias\/#\/schema\/person\/image\/\",\"url\":\"https:\/\/secure.gravatar.com\/avatar\/50ffd12fb7b268bc2467160730786602db252a270c63104e7c19b5f67b8dd346?s=96&d=mm&r=g\",\"contentUrl\":\"https:\/\/secure.gravatar.com\/avatar\/50ffd12fb7b268bc2467160730786602db252a270c63104e7c19b5f67b8dd346?s=96&d=mm&r=g\",\"caption\":\"Todo Alfalfa\"},\"url\":\"https:\/\/www.todoalfalfa.com.ar\/noticias\/author\/osvaldoiachetta\/\"}]}<\/script>\n<!-- \/ Yoast SEO plugin. -->","yoast_head_json":{"title":"Por Espa\u00f1a, el Cl\u00faster de Alfalfa de C\u00f3rdoba, se capacita","robots":{"index":"index","follow":"follow","max-snippet":"max-snippet:-1","max-image-preview":"max-image-preview:large","max-video-preview":"max-video-preview:-1"},"canonical":"https:\/\/www.todoalfalfa.com.ar\/noticias\/por-espana-el-cluster-de-alfalfa-de-cordoba-se-capacita\/","og_locale":"es_ES","og_type":"article","og_title":"Por Espa\u00f1a, el Cl\u00faster de Alfalfa de C\u00f3rdoba, se capacita","og_description":"Una veintena de productores se encuentra en continente europeo donde recorren instalaciones relacionadas a la producci\u00f3n. En busca de herramientas para mejorar y eficientizar la producci\u00f3n.","og_url":"https:\/\/www.todoalfalfa.com.ar\/noticias\/por-espana-el-cluster-de-alfalfa-de-cordoba-se-capacita\/","og_site_name":"Todo Alfalfa","article_publisher":"https:\/\/www.facebook.com\/todoalfalfa","article_published_time":"2024-06-03T18:39:18+00:00","article_modified_time":"2024-06-03T18:39:20+00:00","og_image":[{"width":1280,"height":576,"url":"https:\/\/www.todoalfalfa.com.ar\/noticias\/wp-content\/uploads\/2024\/06\/WhatsApp-Image-2024-06-03-at-15.09.12-3.jpeg","type":"image\/jpeg"}],"author":"Todo Alfalfa","twitter_card":"summary_large_image","twitter_misc":{"Escrito por":"Todo Alfalfa","Tiempo de lectura":"5 minutos"},"schema":{"@context":"https:\/\/schema.org","@graph":[{"@type":"NewsArticle","@id":"https:\/\/www.todoalfalfa.com.ar\/noticias\/por-espana-el-cluster-de-alfalfa-de-cordoba-se-capacita\/#article","isPartOf":{"@id":"https:\/\/www.todoalfalfa.com.ar\/noticias\/por-espana-el-cluster-de-alfalfa-de-cordoba-se-capacita\/"},"author":{"name":"Todo Alfalfa","@id":"https:\/\/www.todoalfalfa.com.ar\/noticias\/#\/schema\/person\/99de93cb711c7015ef658e5321ba9f18"},"headline":"Por Espa\u00f1a, el Cl\u00faster de Alfalfa de C\u00f3rdoba, se capacita","datePublished":"2024-06-03T18:39:18+00:00","dateModified":"2024-06-03T18:39:20+00:00","mainEntityOfPage":{"@id":"https:\/\/www.todoalfalfa.com.ar\/noticias\/por-espana-el-cluster-de-alfalfa-de-cordoba-se-capacita\/"},"wordCount":232,"publisher":{"@id":"https:\/\/www.todoalfalfa.com.ar\/noticias\/#organization"},"image":{"@id":"https:\/\/www.todoalfalfa.com.ar\/noticias\/por-espana-el-cluster-de-alfalfa-de-cordoba-se-capacita\/#primaryimage"},"thumbnailUrl":"https:\/\/i0.wp.com\/www.todoalfalfa.com.ar\/noticias\/wp-content\/uploads\/2024\/06\/WhatsApp-Image-2024-06-03-at-15.09.12-3.jpeg?fit=1280%2C576&ssl=1","keywords":["alfalfa","capacitaci\u00f3n","Cl\u00faster","Gast\u00f3n Urrets Zaval\u00eda","Importantes","Novedades"],"articleSection":["Generales"],"inLanguage":"es"},{"@type":["WebPage","ItemPage"],"@id":"https:\/\/www.todoalfalfa.com.ar\/noticias\/por-espana-el-cluster-de-alfalfa-de-cordoba-se-capacita\/","url":"https:\/\/www.todoalfalfa.com.ar\/noticias\/por-espana-el-cluster-de-alfalfa-de-cordoba-se-capacita\/","name":"Por Espa\u00f1a, el Cl\u00faster de Alfalfa de C\u00f3rdoba, se capacita","isPartOf":{"@id":"https:\/\/www.todoalfalfa.com.ar\/noticias\/#website"},"primaryImageOfPage":{"@id":"https:\/\/www.todoalfalfa.com.ar\/noticias\/por-espana-el-cluster-de-alfalfa-de-cordoba-se-capacita\/#primaryimage"},"image":{"@id":"https:\/\/www.todoalfalfa.com.ar\/noticias\/por-espana-el-cluster-de-alfalfa-de-cordoba-se-capacita\/#primaryimage"},"thumbnailUrl":"https:\/\/i0.wp.com\/www.todoalfalfa.com.ar\/noticias\/wp-content\/uploads\/2024\/06\/WhatsApp-Image-2024-06-03-at-15.09.12-3.jpeg?fit=1280%2C576&ssl=1","datePublished":"2024-06-03T18:39:18+00:00","dateModified":"2024-06-03T18:39:20+00:00","breadcrumb":{"@id":"https:\/\/www.todoalfalfa.com.ar\/noticias\/por-espana-el-cluster-de-alfalfa-de-cordoba-se-capacita\/#breadcrumb"},"inLanguage":"es","potentialAction":[{"@type":"ReadAction","target":["https:\/\/www.todoalfalfa.com.ar\/noticias\/por-espana-el-cluster-de-alfalfa-de-cordoba-se-capacita\/"]}]},{"@type":"ImageObject","inLanguage":"es","@id":"https:\/\/www.todoalfalfa.com.ar\/noticias\/por-espana-el-cluster-de-alfalfa-de-cordoba-se-capacita\/#primaryimage","url":"https:\/\/i0.wp.com\/www.todoalfalfa.com.ar\/noticias\/wp-content\/uploads\/2024\/06\/WhatsApp-Image-2024-06-03-at-15.09.12-3.jpeg?fit=1280%2C576&ssl=1","contentUrl":"https:\/\/i0.wp.com\/www.todoalfalfa.com.ar\/noticias\/wp-content\/uploads\/2024\/06\/WhatsApp-Image-2024-06-03-at-15.09.12-3.jpeg?fit=1280%2C576&ssl=1","width":1280,"height":576},{"@type":"BreadcrumbList","@id":"https:\/\/www.todoalfalfa.com.ar\/noticias\/por-espana-el-cluster-de-alfalfa-de-cordoba-se-capacita\/#breadcrumb","itemListElement":[{"@type":"ListItem","position":1,"name":"Principal","item":"https:\/\/www.todoalfalfa.com.ar\/noticias\/"},{"@type":"ListItem","position":2,"name":"Por Espa\u00f1a, el Cl\u00faster de Alfalfa de C\u00f3rdoba, se capacita"}]},{"@type":"WebSite","@id":"https:\/\/www.todoalfalfa.com.ar\/noticias\/#website","url":"https:\/\/www.todoalfalfa.com.ar\/noticias\/","name":"Todo Alfalfa","description":"Web informativa de la cadena de la alfalfa argentina","publisher":{"@id":"https:\/\/www.todoalfalfa.com.ar\/noticias\/#organization"},"potentialAction":[{"@type":"SearchAction","target":{"@type":"EntryPoint","urlTemplate":"https:\/\/www.todoalfalfa.com.ar\/noticias\/?s={search_term_string}"},"query-input":{"@type":"PropertyValueSpecification","valueRequired":true,"valueName":"search_term_string"}}],"inLanguage":"es"},{"@type":"Organization","@id":"https:\/\/www.todoalfalfa.com.ar\/noticias\/#organization","name":"Todo Alfalfa","url":"https:\/\/www.todoalfalfa.com.ar\/noticias\/","logo":{"@type":"ImageObject","inLanguage":"es","@id":"https:\/\/www.todoalfalfa.com.ar\/noticias\/#\/schema\/logo\/image\/","url":"https:\/\/www.todoalfalfa.com.ar\/noticias\/wp-content\/uploads\/2020\/09\/logo-todo-alfalfa-modificado.png","contentUrl":"https:\/\/www.todoalfalfa.com.ar\/noticias\/wp-content\/uploads\/2020\/09\/logo-todo-alfalfa-modificado.png","width":350,"height":100,"caption":"Todo Alfalfa"},"image":{"@id":"https:\/\/www.todoalfalfa.com.ar\/noticias\/#\/schema\/logo\/image\/"},"sameAs":["https:\/\/www.facebook.com\/todoalfalfa","https:\/\/www.instagram.com\/todoalfalfa","https:\/\/www.youtube.com\/@TodoAlfalfa","https:\/\/www.linkedin.com\/company\/todoalfalfa\/"]},{"@type":"Person","@id":"https:\/\/www.todoalfalfa.com.ar\/noticias\/#\/schema\/person\/99de93cb711c7015ef658e5321ba9f18","name":"Todo Alfalfa","image":{"@type":"ImageObject","inLanguage":"es","@id":"https:\/\/www.todoalfalfa.com.ar\/noticias\/#\/schema\/person\/image\/","url":"https:\/\/secure.gravatar.com\/avatar\/50ffd12fb7b268bc2467160730786602db252a270c63104e7c19b5f67b8dd346?s=96&d=mm&r=g","contentUrl":"https:\/\/secure.gravatar.com\/avatar\/50ffd12fb7b268bc2467160730786602db252a270c63104e7c19b5f67b8dd346?s=96&d=mm&r=g","caption":"Todo Alfalfa"},"url":"https:\/\/www.todoalfalfa.com.ar\/noticias\/author\/osvaldoiachetta\/"}]}},"jetpack_featured_media_url":"https:\/\/i0.wp.com\/www.todoalfalfa.com.ar\/noticias\/wp-content\/uploads\/2024\/06\/WhatsApp-Image-2024-06-03-at-15.09.12-3.jpeg?fit=1280%2C576&ssl=1","wps_subtitle":"","jetpack_sharing_enabled":true,"_links":{"self":[{"href":"https:\/\/www.todoalfalfa.com.ar\/noticias\/wp-json\/wp\/v2\/posts\/47362","targetHints":{"allow":["GET"]}}],"collection":[{"href":"https:\/\/www.todoalfalfa.com.ar\/noticias\/wp-json\/wp\/v2\/posts"}],"about":[{"href":"https:\/\/www.todoalfalfa.com.ar\/noticias\/wp-json\/wp\/v2\/types\/post"}],"author":[{"embeddable":true,"href":"https:\/\/www.todoalfalfa.com.ar\/noticias\/wp-json\/wp\/v2\/users\/9"}],"replies":[{"embeddable":true,"href":"https:\/\/www.todoalfalfa.com.ar\/noticias\/wp-json\/wp\/v2\/comments?post=47362"}],"version-history":[{"count":1,"href":"https:\/\/www.todoalfalfa.com.ar\/noticias\/wp-json\/wp\/v2\/posts\/47362\/revisions"}],"predecessor-version":[{"id":47381,"href":"https:\/\/www.todoalfalfa.com.ar\/noticias\/wp-json\/wp\/v2\/posts\/47362\/revisions\/47381"}],"wp:featuredmedia":[{"embeddable":true,"href":"https:\/\/www.todoalfalfa.com.ar\/noticias\/wp-json\/wp\/v2\/media\/47376"}],"wp:attachment":[{"href":"https:\/\/www.todoalfalfa.com.ar\/noticias\/wp-json\/wp\/v2\/media?parent=47362"}],"wp:term":[{"taxonomy":"category","embeddable":true,"href":"https:\/\/www.todoalfalfa.com.ar\/noticias\/wp-json\/wp\/v2\/categories?post=47362"},{"taxonomy":"post_tag","embeddable":true,"href":"https:\/\/www.todoalfalfa.com.ar\/noticias\/wp-json\/wp\/v2\/tags?post=47362"}],"curies":[{"name":"wp","href":"https:\/\/api.w.org\/{rel}","templated":true}]}}