{"id":47494,"date":"2024-07-02T16:08:39","date_gmt":"2024-07-02T19:08:39","guid":{"rendered":"https:\/\/www.todoalfalfa.com.ar\/noticias\/?p=47494"},"modified":"2024-07-02T16:08:42","modified_gmt":"2024-07-02T19:08:42","slug":"el-maiz-un-cultivo-al-que-debemos-apostar","status":"publish","type":"post","link":"https:\/\/www.todoalfalfa.com.ar\/noticias\/el-maiz-un-cultivo-al-que-debemos-apostar\/","title":{"rendered":"El ma\u00edz, un cultivo al que debemos apostar"},"content":{"rendered":"\n<p>Ante la necesidad de dar respuestas a las dudas que gener\u00f3 esta campa\u00f1a de ma\u00edz, afectada por el Spiroplasma, TodoCampos junto al \u201cgur\u00fa de los mercados\u201d Pablo Adreani pensaron en un Outlook de Ma\u00edz 2025 que se desarrollar\u00e1 el d\u00eda 21 de agosto en La Carlota y 22 de agosto en Pozo del Molle.<\/p>\n\n\n\n<p>\u201cLos drivers del mercado nos muestran el camino \u201cbullish\u201d (alcista) que se refleja en los precios de Chicago para el 2025, con un \u201ccarry\u201d (suba) de 15 u$s\/ton entre julio de 2024 y abril de 2025\u201d, asegura Adreani.<\/p>\n\n\n\n<p>De los cinco principales exportadores de ma\u00edz, solo EE.UU. aumenta sus exportaciones, mientras que Brasil, Argentina, Rusia y Ucrania las disminuyen.<\/p>\n\n\n\n<p>Agreg\u00f3: \u201ces una gran oportunidad para Argentina de aumentar su superficie de siembra y capturar una buena porci\u00f3n de la demanda mundial, en momentos en que los productores todav\u00eda no han decidido qu\u00e9 sembrar\u201d.<\/p>\n\n\n\n<p>Es importante destacar que la mejora contin\u00faa, consecuencia de la investigaci\u00f3n y desarrollo gen\u00e9tico de nuevos h\u00edbridos de la mano de las principales empresas de semillas de Argentina, y de productores \u00e1vidos por mejorar sus cultivos, ha deslumbrado a nuestros principales competidores.<\/p>\n\n\n\n<p>La respuesta a la fertilizaci\u00f3n es uno de los pilares de los avances tecnol\u00f3gicos aplicados a la mayor productividad. Los modelos productivos desarrollados por los productores estuvieron siempre motivados por una sola ambici\u00f3n: \u201csuperar cada vez las barreras m\u00e1s dif\u00edciles en la b\u00fasqueda de la mejora continua con sustentabilidad\u201d.<\/p>\n\n\n\n<p>Es esta ambici\u00f3n entre productores y empresas la principal fortaleza que nos da la energ\u00eda para volver a superar, cada vez con m\u00e1s fuerza, los nuevos desaf\u00edos.<\/p>\n\n\n\n<p>En ese marco, pensamos esta propuesta de la mano del gur\u00fa de los mercados, Pablo Adreani, quien presentar\u00e1 su visi\u00f3n y opini\u00f3n sobre la futura tendencia del mercado, y las buenas oportunidades para el maiz. \u201cEl productor est\u00e1 a tiempo\u201d.<\/p>\n\n\n\n<p>La \u201cadversidad\u201d de la chicharrita se puede convertir en una \u201cOportunidad\u201d en el 2025 para que los emprendedores maiceros, de la mano de t\u00e9cnicos, especialistas y asesores, desarrollen en esta pr\u00f3xima campa\u00f1a un esquema productivo que d\u00e9 respuestas y soluciones.<\/p>\n\n\n\n<p>Es por ello que, uno de los objetivos de este seminario ser\u00e1 dar soluciones a los problemas y no escaparles a las oportunidades.<\/p>\n\n\n\n<p>Ser\u00e1n dos jornadas, en dos puntos de la provincia de C\u00f3rdoba en la que tendremos especialistas como la <strong>Dra. Mar\u00eda de la Paz Gim\u00e9nez Pecci (INTA<\/strong>) que expondr\u00e1 ante los presentes de La Carlota sobre el <strong>\u201cachaparramiento del ma\u00edz: distribuci\u00f3n, pat\u00f3genos; s\u00edntomas y diagn\u00f3stico\u201d<\/strong>.<\/p>\n\n\n\n<p>El I<strong>ng. Adri\u00e1n Vaira<\/strong> nos mostrar\u00e1n cu\u00e1l es el camino a seguir y ante el p\u00fablico de Pozo del Mole ser\u00e1 el responsable de explicar si <strong>\u201c\u00bfSe puede seguir sembrando ma\u00edz?\u201d<\/strong>.<\/p>\n\n\n\n<p>Mientras que, en ambas jornadas, <strong>Pablo Adreani <\/strong>abordar\u00e1 el <strong>\u201cImpacto del actual programa econ\u00f3mico en los mercados. Coyuntura agroecon\u00f3mica y su impacto en 2025; Oferta y demanda; Perspectivas 2024 y 2025.<\/strong><\/p>\n\n\n\n<p>Las jornadas se desarrollar\u00e1n en el <strong>Sal\u00f3n de Jorge Ross de La Carlota<\/strong> y <strong>Sal\u00f3n Hotel Centro Comercial de Pozo del Molle<\/strong> de 17 a 21 horas.<\/p>\n\n\n\n<p>Para inscribirse, los interesados deber\u00e1s ingresar a www.todocampos.com.ar<\/p>\n\n\n\n<p>Acompa\u00f1an <strong>Asociaci\u00f3n de Productores de La Carlota, Sociedad Rural de Pozo del Molle, Cartez, INTA, Asociaci\u00f3n Centro Agropecuario Las Varillas, Asociaci\u00f3n de Ingenieros Agr\u00f3nomos del Sudeste de C\u00f3rdoba.<\/strong><\/p>\n\n\n\n<p>Apoyan <strong>Clar\u00edn, Clar\u00edn Rural y La Voz<\/strong>.<\/p>\n<div class=\"todoalfalfa-final-de-la-nota\" id=\"todoalfalfa-1343276612\"><a href=\"https:\/\/www.whatsapp.com\/channel\/0029VbCBmFB9WtBxJsD3eC2i\" target=\"_blank\" aria-label=\"5\"><img src=\"https:\/\/i0.wp.com\/www.todoalfalfa.com.ar\/noticias\/wp-content\/uploads\/2026\/04\/5.gif?fit=728%2C90&#038;ssl=1\" alt=\"\"  width=\"728\" height=\"90\"   \/><\/a><\/div>","protected":false},"excerpt":{"rendered":"<p>El ma\u00edz ha sido el cultivo con mayor desarrollo tecnol\u00f3gico de las \u00faltimas d\u00e9cadas. Pese a la problem\u00e1tica que surgi\u00f3 por la \u201cchicharrita\u201d, que oblig\u00f3 a reducir el \u00e1rea de siembra, debemos seguir apostando al cultivo. Es por ello que TodoCampos y El Faro Trading, organizan el Outlook de Ma\u00edz 2025 que se desarrollar\u00e1 el d\u00eda 21 de agosto en La Carlota y 22 de agosto en Pozo del Molle.<\/p>\n","protected":false},"author":9,"featured_media":47495,"comment_status":"closed","ping_status":"open","sticky":false,"template":"","format":"standard","meta":{"jetpack_post_was_ever_published":false,"_jetpack_newsletter_access":"","_jetpack_dont_email_post_to_subs":false,"_jetpack_newsletter_tier_id":0,"_jetpack_memberships_contains_paywalled_content":false,"_jetpack_memberships_contains_paid_content":false,"footnotes":""},"categories":[1],"tags":[],"class_list":["post-47494","post","type-post","status-publish","format-standard","has-post-thumbnail","hentry","category-sin-categoria"],"yoast_head":"<!-- This site is optimized with the Yoast SEO plugin v25.5 - https:\/\/yoast.com\/wordpress\/plugins\/seo\/ -->\n<title>El ma\u00edz, un cultivo al que debemos apostar<\/title>\n<meta name=\"robots\" content=\"index, follow, max-snippet:-1, max-image-preview:large, max-video-preview:-1\" \/>\n<link rel=\"canonical\" href=\"https:\/\/www.todoalfalfa.com.ar\/noticias\/el-maiz-un-cultivo-al-que-debemos-apostar\/\" \/>\n<meta property=\"og:locale\" content=\"es_ES\" \/>\n<meta property=\"og:type\" content=\"article\" \/>\n<meta property=\"og:title\" content=\"El ma\u00edz, un cultivo al que debemos apostar\" \/>\n<meta property=\"og:description\" content=\"El ma\u00edz ha sido el cultivo con mayor desarrollo tecnol\u00f3gico de las \u00faltimas d\u00e9cadas. Pese a la problem\u00e1tica que surgi\u00f3 por la \u201cchicharrita\u201d, que oblig\u00f3 a reducir el \u00e1rea de siembra, debemos seguir apostando al cultivo. Es por ello que TodoCampos y El Faro Trading, organizan el Outlook de Ma\u00edz 2025 que se desarrollar\u00e1 el d\u00eda 21 de agosto en La Carlota y 22 de agosto en Pozo del Molle.\" \/>\n<meta property=\"og:url\" content=\"https:\/\/www.todoalfalfa.com.ar\/noticias\/el-maiz-un-cultivo-al-que-debemos-apostar\/\" \/>\n<meta property=\"og:site_name\" content=\"Todo Alfalfa\" \/>\n<meta property=\"article:publisher\" content=\"https:\/\/www.facebook.com\/todoalfalfa\" \/>\n<meta property=\"article:published_time\" content=\"2024-07-02T19:08:39+00:00\" \/>\n<meta property=\"article:modified_time\" content=\"2024-07-02T19:08:42+00:00\" \/>\n<meta property=\"og:image\" content=\"https:\/\/www.todoalfalfa.com.ar\/noticias\/wp-content\/uploads\/2024\/07\/Maiz-lindo-campo-produccion-sostenible.jpg\" \/>\n\t<meta property=\"og:image:width\" content=\"1536\" \/>\n\t<meta property=\"og:image:height\" content=\"1024\" \/>\n\t<meta property=\"og:image:type\" content=\"image\/jpeg\" \/>\n<meta name=\"author\" content=\"Todo Alfalfa\" \/>\n<meta name=\"twitter:card\" content=\"summary_large_image\" \/>\n<meta name=\"twitter:label1\" content=\"Escrito por\" \/>\n\t<meta name=\"twitter:data1\" content=\"Todo Alfalfa\" \/>\n\t<meta name=\"twitter:label2\" content=\"Tiempo de lectura\" \/>\n\t<meta name=\"twitter:data2\" content=\"3 minutos\" \/>\n<script type=\"application\/ld+json\" class=\"yoast-schema-graph\">{\"@context\":\"https:\/\/schema.org\",\"@graph\":[{\"@type\":\"NewsArticle\",\"@id\":\"https:\/\/www.todoalfalfa.com.ar\/noticias\/el-maiz-un-cultivo-al-que-debemos-apostar\/#article\",\"isPartOf\":{\"@id\":\"https:\/\/www.todoalfalfa.com.ar\/noticias\/el-maiz-un-cultivo-al-que-debemos-apostar\/\"},\"author\":{\"name\":\"Todo Alfalfa\",\"@id\":\"https:\/\/www.todoalfalfa.com.ar\/noticias\/#\/schema\/person\/99de93cb711c7015ef658e5321ba9f18\"},\"headline\":\"El ma\u00edz, un cultivo al que debemos apostar\",\"datePublished\":\"2024-07-02T19:08:39+00:00\",\"dateModified\":\"2024-07-02T19:08:42+00:00\",\"mainEntityOfPage\":{\"@id\":\"https:\/\/www.todoalfalfa.com.ar\/noticias\/el-maiz-un-cultivo-al-que-debemos-apostar\/\"},\"wordCount\":600,\"publisher\":{\"@id\":\"https:\/\/www.todoalfalfa.com.ar\/noticias\/#organization\"},\"image\":{\"@id\":\"https:\/\/www.todoalfalfa.com.ar\/noticias\/el-maiz-un-cultivo-al-que-debemos-apostar\/#primaryimage\"},\"thumbnailUrl\":\"https:\/\/i0.wp.com\/www.todoalfalfa.com.ar\/noticias\/wp-content\/uploads\/2024\/07\/Maiz-lindo-campo-produccion-sostenible.jpg?fit=1536%2C1024&ssl=1\",\"articleSection\":[\"Sin Categor\u00eda\"],\"inLanguage\":\"es\"},{\"@type\":[\"WebPage\",\"ItemPage\"],\"@id\":\"https:\/\/www.todoalfalfa.com.ar\/noticias\/el-maiz-un-cultivo-al-que-debemos-apostar\/\",\"url\":\"https:\/\/www.todoalfalfa.com.ar\/noticias\/el-maiz-un-cultivo-al-que-debemos-apostar\/\",\"name\":\"El ma\u00edz, un cultivo al que debemos apostar\",\"isPartOf\":{\"@id\":\"https:\/\/www.todoalfalfa.com.ar\/noticias\/#website\"},\"primaryImageOfPage\":{\"@id\":\"https:\/\/www.todoalfalfa.com.ar\/noticias\/el-maiz-un-cultivo-al-que-debemos-apostar\/#primaryimage\"},\"image\":{\"@id\":\"https:\/\/www.todoalfalfa.com.ar\/noticias\/el-maiz-un-cultivo-al-que-debemos-apostar\/#primaryimage\"},\"thumbnailUrl\":\"https:\/\/i0.wp.com\/www.todoalfalfa.com.ar\/noticias\/wp-content\/uploads\/2024\/07\/Maiz-lindo-campo-produccion-sostenible.jpg?fit=1536%2C1024&ssl=1\",\"datePublished\":\"2024-07-02T19:08:39+00:00\",\"dateModified\":\"2024-07-02T19:08:42+00:00\",\"breadcrumb\":{\"@id\":\"https:\/\/www.todoalfalfa.com.ar\/noticias\/el-maiz-un-cultivo-al-que-debemos-apostar\/#breadcrumb\"},\"inLanguage\":\"es\",\"potentialAction\":[{\"@type\":\"ReadAction\",\"target\":[\"https:\/\/www.todoalfalfa.com.ar\/noticias\/el-maiz-un-cultivo-al-que-debemos-apostar\/\"]}]},{\"@type\":\"ImageObject\",\"inLanguage\":\"es\",\"@id\":\"https:\/\/www.todoalfalfa.com.ar\/noticias\/el-maiz-un-cultivo-al-que-debemos-apostar\/#primaryimage\",\"url\":\"https:\/\/i0.wp.com\/www.todoalfalfa.com.ar\/noticias\/wp-content\/uploads\/2024\/07\/Maiz-lindo-campo-produccion-sostenible.jpg?fit=1536%2C1024&ssl=1\",\"contentUrl\":\"https:\/\/i0.wp.com\/www.todoalfalfa.com.ar\/noticias\/wp-content\/uploads\/2024\/07\/Maiz-lindo-campo-produccion-sostenible.jpg?fit=1536%2C1024&ssl=1\",\"width\":1536,\"height\":1024},{\"@type\":\"BreadcrumbList\",\"@id\":\"https:\/\/www.todoalfalfa.com.ar\/noticias\/el-maiz-un-cultivo-al-que-debemos-apostar\/#breadcrumb\",\"itemListElement\":[{\"@type\":\"ListItem\",\"position\":1,\"name\":\"Principal\",\"item\":\"https:\/\/www.todoalfalfa.com.ar\/noticias\/\"},{\"@type\":\"ListItem\",\"position\":2,\"name\":\"El ma\u00edz, un cultivo al que debemos apostar\"}]},{\"@type\":\"WebSite\",\"@id\":\"https:\/\/www.todoalfalfa.com.ar\/noticias\/#website\",\"url\":\"https:\/\/www.todoalfalfa.com.ar\/noticias\/\",\"name\":\"Todo Alfalfa\",\"description\":\"Web informativa de la cadena de la alfalfa argentina\",\"publisher\":{\"@id\":\"https:\/\/www.todoalfalfa.com.ar\/noticias\/#organization\"},\"potentialAction\":[{\"@type\":\"SearchAction\",\"target\":{\"@type\":\"EntryPoint\",\"urlTemplate\":\"https:\/\/www.todoalfalfa.com.ar\/noticias\/?s={search_term_string}\"},\"query-input\":{\"@type\":\"PropertyValueSpecification\",\"valueRequired\":true,\"valueName\":\"search_term_string\"}}],\"inLanguage\":\"es\"},{\"@type\":\"Organization\",\"@id\":\"https:\/\/www.todoalfalfa.com.ar\/noticias\/#organization\",\"name\":\"Todo Alfalfa\",\"url\":\"https:\/\/www.todoalfalfa.com.ar\/noticias\/\",\"logo\":{\"@type\":\"ImageObject\",\"inLanguage\":\"es\",\"@id\":\"https:\/\/www.todoalfalfa.com.ar\/noticias\/#\/schema\/logo\/image\/\",\"url\":\"https:\/\/www.todoalfalfa.com.ar\/noticias\/wp-content\/uploads\/2020\/09\/logo-todo-alfalfa-modificado.png\",\"contentUrl\":\"https:\/\/www.todoalfalfa.com.ar\/noticias\/wp-content\/uploads\/2020\/09\/logo-todo-alfalfa-modificado.png\",\"width\":350,\"height\":100,\"caption\":\"Todo Alfalfa\"},\"image\":{\"@id\":\"https:\/\/www.todoalfalfa.com.ar\/noticias\/#\/schema\/logo\/image\/\"},\"sameAs\":[\"https:\/\/www.facebook.com\/todoalfalfa\",\"https:\/\/www.instagram.com\/todoalfalfa\",\"https:\/\/www.youtube.com\/@TodoAlfalfa\",\"https:\/\/www.linkedin.com\/company\/todoalfalfa\/\"]},{\"@type\":\"Person\",\"@id\":\"https:\/\/www.todoalfalfa.com.ar\/noticias\/#\/schema\/person\/99de93cb711c7015ef658e5321ba9f18\",\"name\":\"Todo Alfalfa\",\"image\":{\"@type\":\"ImageObject\",\"inLanguage\":\"es\",\"@id\":\"https:\/\/www.todoalfalfa.com.ar\/noticias\/#\/schema\/person\/image\/\",\"url\":\"https:\/\/secure.gravatar.com\/avatar\/50ffd12fb7b268bc2467160730786602db252a270c63104e7c19b5f67b8dd346?s=96&d=mm&r=g\",\"contentUrl\":\"https:\/\/secure.gravatar.com\/avatar\/50ffd12fb7b268bc2467160730786602db252a270c63104e7c19b5f67b8dd346?s=96&d=mm&r=g\",\"caption\":\"Todo Alfalfa\"},\"url\":\"https:\/\/www.todoalfalfa.com.ar\/noticias\/author\/osvaldoiachetta\/\"}]}<\/script>\n<!-- \/ Yoast SEO plugin. -->","yoast_head_json":{"title":"El ma\u00edz, un cultivo al que debemos apostar","robots":{"index":"index","follow":"follow","max-snippet":"max-snippet:-1","max-image-preview":"max-image-preview:large","max-video-preview":"max-video-preview:-1"},"canonical":"https:\/\/www.todoalfalfa.com.ar\/noticias\/el-maiz-un-cultivo-al-que-debemos-apostar\/","og_locale":"es_ES","og_type":"article","og_title":"El ma\u00edz, un cultivo al que debemos apostar","og_description":"El ma\u00edz ha sido el cultivo con mayor desarrollo tecnol\u00f3gico de las \u00faltimas d\u00e9cadas. Pese a la problem\u00e1tica que surgi\u00f3 por la \u201cchicharrita\u201d, que oblig\u00f3 a reducir el \u00e1rea de siembra, debemos seguir apostando al cultivo. Es por ello que TodoCampos y El Faro Trading, organizan el Outlook de Ma\u00edz 2025 que se desarrollar\u00e1 el d\u00eda 21 de agosto en La Carlota y 22 de agosto en Pozo del Molle.","og_url":"https:\/\/www.todoalfalfa.com.ar\/noticias\/el-maiz-un-cultivo-al-que-debemos-apostar\/","og_site_name":"Todo Alfalfa","article_publisher":"https:\/\/www.facebook.com\/todoalfalfa","article_published_time":"2024-07-02T19:08:39+00:00","article_modified_time":"2024-07-02T19:08:42+00:00","og_image":[{"width":1536,"height":1024,"url":"https:\/\/www.todoalfalfa.com.ar\/noticias\/wp-content\/uploads\/2024\/07\/Maiz-lindo-campo-produccion-sostenible.jpg","type":"image\/jpeg"}],"author":"Todo Alfalfa","twitter_card":"summary_large_image","twitter_misc":{"Escrito por":"Todo Alfalfa","Tiempo de lectura":"3 minutos"},"schema":{"@context":"https:\/\/schema.org","@graph":[{"@type":"NewsArticle","@id":"https:\/\/www.todoalfalfa.com.ar\/noticias\/el-maiz-un-cultivo-al-que-debemos-apostar\/#article","isPartOf":{"@id":"https:\/\/www.todoalfalfa.com.ar\/noticias\/el-maiz-un-cultivo-al-que-debemos-apostar\/"},"author":{"name":"Todo Alfalfa","@id":"https:\/\/www.todoalfalfa.com.ar\/noticias\/#\/schema\/person\/99de93cb711c7015ef658e5321ba9f18"},"headline":"El ma\u00edz, un cultivo al que debemos apostar","datePublished":"2024-07-02T19:08:39+00:00","dateModified":"2024-07-02T19:08:42+00:00","mainEntityOfPage":{"@id":"https:\/\/www.todoalfalfa.com.ar\/noticias\/el-maiz-un-cultivo-al-que-debemos-apostar\/"},"wordCount":600,"publisher":{"@id":"https:\/\/www.todoalfalfa.com.ar\/noticias\/#organization"},"image":{"@id":"https:\/\/www.todoalfalfa.com.ar\/noticias\/el-maiz-un-cultivo-al-que-debemos-apostar\/#primaryimage"},"thumbnailUrl":"https:\/\/i0.wp.com\/www.todoalfalfa.com.ar\/noticias\/wp-content\/uploads\/2024\/07\/Maiz-lindo-campo-produccion-sostenible.jpg?fit=1536%2C1024&ssl=1","articleSection":["Sin Categor\u00eda"],"inLanguage":"es"},{"@type":["WebPage","ItemPage"],"@id":"https:\/\/www.todoalfalfa.com.ar\/noticias\/el-maiz-un-cultivo-al-que-debemos-apostar\/","url":"https:\/\/www.todoalfalfa.com.ar\/noticias\/el-maiz-un-cultivo-al-que-debemos-apostar\/","name":"El ma\u00edz, un cultivo al que debemos apostar","isPartOf":{"@id":"https:\/\/www.todoalfalfa.com.ar\/noticias\/#website"},"primaryImageOfPage":{"@id":"https:\/\/www.todoalfalfa.com.ar\/noticias\/el-maiz-un-cultivo-al-que-debemos-apostar\/#primaryimage"},"image":{"@id":"https:\/\/www.todoalfalfa.com.ar\/noticias\/el-maiz-un-cultivo-al-que-debemos-apostar\/#primaryimage"},"thumbnailUrl":"https:\/\/i0.wp.com\/www.todoalfalfa.com.ar\/noticias\/wp-content\/uploads\/2024\/07\/Maiz-lindo-campo-produccion-sostenible.jpg?fit=1536%2C1024&ssl=1","datePublished":"2024-07-02T19:08:39+00:00","dateModified":"2024-07-02T19:08:42+00:00","breadcrumb":{"@id":"https:\/\/www.todoalfalfa.com.ar\/noticias\/el-maiz-un-cultivo-al-que-debemos-apostar\/#breadcrumb"},"inLanguage":"es","potentialAction":[{"@type":"ReadAction","target":["https:\/\/www.todoalfalfa.com.ar\/noticias\/el-maiz-un-cultivo-al-que-debemos-apostar\/"]}]},{"@type":"ImageObject","inLanguage":"es","@id":"https:\/\/www.todoalfalfa.com.ar\/noticias\/el-maiz-un-cultivo-al-que-debemos-apostar\/#primaryimage","url":"https:\/\/i0.wp.com\/www.todoalfalfa.com.ar\/noticias\/wp-content\/uploads\/2024\/07\/Maiz-lindo-campo-produccion-sostenible.jpg?fit=1536%2C1024&ssl=1","contentUrl":"https:\/\/i0.wp.com\/www.todoalfalfa.com.ar\/noticias\/wp-content\/uploads\/2024\/07\/Maiz-lindo-campo-produccion-sostenible.jpg?fit=1536%2C1024&ssl=1","width":1536,"height":1024},{"@type":"BreadcrumbList","@id":"https:\/\/www.todoalfalfa.com.ar\/noticias\/el-maiz-un-cultivo-al-que-debemos-apostar\/#breadcrumb","itemListElement":[{"@type":"ListItem","position":1,"name":"Principal","item":"https:\/\/www.todoalfalfa.com.ar\/noticias\/"},{"@type":"ListItem","position":2,"name":"El ma\u00edz, un cultivo al que debemos apostar"}]},{"@type":"WebSite","@id":"https:\/\/www.todoalfalfa.com.ar\/noticias\/#website","url":"https:\/\/www.todoalfalfa.com.ar\/noticias\/","name":"Todo Alfalfa","description":"Web informativa de la cadena de la alfalfa argentina","publisher":{"@id":"https:\/\/www.todoalfalfa.com.ar\/noticias\/#organization"},"potentialAction":[{"@type":"SearchAction","target":{"@type":"EntryPoint","urlTemplate":"https:\/\/www.todoalfalfa.com.ar\/noticias\/?s={search_term_string}"},"query-input":{"@type":"PropertyValueSpecification","valueRequired":true,"valueName":"search_term_string"}}],"inLanguage":"es"},{"@type":"Organization","@id":"https:\/\/www.todoalfalfa.com.ar\/noticias\/#organization","name":"Todo Alfalfa","url":"https:\/\/www.todoalfalfa.com.ar\/noticias\/","logo":{"@type":"ImageObject","inLanguage":"es","@id":"https:\/\/www.todoalfalfa.com.ar\/noticias\/#\/schema\/logo\/image\/","url":"https:\/\/www.todoalfalfa.com.ar\/noticias\/wp-content\/uploads\/2020\/09\/logo-todo-alfalfa-modificado.png","contentUrl":"https:\/\/www.todoalfalfa.com.ar\/noticias\/wp-content\/uploads\/2020\/09\/logo-todo-alfalfa-modificado.png","width":350,"height":100,"caption":"Todo Alfalfa"},"image":{"@id":"https:\/\/www.todoalfalfa.com.ar\/noticias\/#\/schema\/logo\/image\/"},"sameAs":["https:\/\/www.facebook.com\/todoalfalfa","https:\/\/www.instagram.com\/todoalfalfa","https:\/\/www.youtube.com\/@TodoAlfalfa","https:\/\/www.linkedin.com\/company\/todoalfalfa\/"]},{"@type":"Person","@id":"https:\/\/www.todoalfalfa.com.ar\/noticias\/#\/schema\/person\/99de93cb711c7015ef658e5321ba9f18","name":"Todo Alfalfa","image":{"@type":"ImageObject","inLanguage":"es","@id":"https:\/\/www.todoalfalfa.com.ar\/noticias\/#\/schema\/person\/image\/","url":"https:\/\/secure.gravatar.com\/avatar\/50ffd12fb7b268bc2467160730786602db252a270c63104e7c19b5f67b8dd346?s=96&d=mm&r=g","contentUrl":"https:\/\/secure.gravatar.com\/avatar\/50ffd12fb7b268bc2467160730786602db252a270c63104e7c19b5f67b8dd346?s=96&d=mm&r=g","caption":"Todo Alfalfa"},"url":"https:\/\/www.todoalfalfa.com.ar\/noticias\/author\/osvaldoiachetta\/"}]}},"jetpack_featured_media_url":"https:\/\/i0.wp.com\/www.todoalfalfa.com.ar\/noticias\/wp-content\/uploads\/2024\/07\/Maiz-lindo-campo-produccion-sostenible.jpg?fit=1536%2C1024&ssl=1","wps_subtitle":"","jetpack_sharing_enabled":true,"_links":{"self":[{"href":"https:\/\/www.todoalfalfa.com.ar\/noticias\/wp-json\/wp\/v2\/posts\/47494","targetHints":{"allow":["GET"]}}],"collection":[{"href":"https:\/\/www.todoalfalfa.com.ar\/noticias\/wp-json\/wp\/v2\/posts"}],"about":[{"href":"https:\/\/www.todoalfalfa.com.ar\/noticias\/wp-json\/wp\/v2\/types\/post"}],"author":[{"embeddable":true,"href":"https:\/\/www.todoalfalfa.com.ar\/noticias\/wp-json\/wp\/v2\/users\/9"}],"replies":[{"embeddable":true,"href":"https:\/\/www.todoalfalfa.com.ar\/noticias\/wp-json\/wp\/v2\/comments?post=47494"}],"version-history":[{"count":1,"href":"https:\/\/www.todoalfalfa.com.ar\/noticias\/wp-json\/wp\/v2\/posts\/47494\/revisions"}],"predecessor-version":[{"id":47496,"href":"https:\/\/www.todoalfalfa.com.ar\/noticias\/wp-json\/wp\/v2\/posts\/47494\/revisions\/47496"}],"wp:featuredmedia":[{"embeddable":true,"href":"https:\/\/www.todoalfalfa.com.ar\/noticias\/wp-json\/wp\/v2\/media\/47495"}],"wp:attachment":[{"href":"https:\/\/www.todoalfalfa.com.ar\/noticias\/wp-json\/wp\/v2\/media?parent=47494"}],"wp:term":[{"taxonomy":"category","embeddable":true,"href":"https:\/\/www.todoalfalfa.com.ar\/noticias\/wp-json\/wp\/v2\/categories?post=47494"},{"taxonomy":"post_tag","embeddable":true,"href":"https:\/\/www.todoalfalfa.com.ar\/noticias\/wp-json\/wp\/v2\/tags?post=47494"}],"curies":[{"name":"wp","href":"https:\/\/api.w.org\/{rel}","templated":true}]}}