{"id":47518,"date":"2024-07-07T11:38:00","date_gmt":"2024-07-07T14:38:00","guid":{"rendered":"https:\/\/www.todoalfalfa.com.ar\/noticias\/?p=47518"},"modified":"2024-07-08T13:09:18","modified_gmt":"2024-07-08T16:09:18","slug":"confirman-expoalfa-2024-y-la-reina-de-las-forrajeras-vuelve-a-sonreir","status":"publish","type":"post","link":"https:\/\/www.todoalfalfa.com.ar\/noticias\/confirman-expoalfa-2024-y-la-reina-de-las-forrajeras-vuelve-a-sonreir\/","title":{"rendered":"Confirman ExpoAlfa 2024 y la \u201creina de las forrajeras\u201d vuelve a sonre\u00edr"},"content":{"rendered":"\n<p>En la ExpoAlfa (exposici\u00f3n est\u00e1tica) y las Jornadas Nacionales de Alfalfa, volver\u00e1 a brillar la \u201c<strong>reina de las forrajeras<\/strong>\u201d, esta vez, en Esperanza, Santa Fe.<\/p>\n\n\n\n<p>Los d\u00edas 13 y 14 de noviembre ser\u00e1n d\u00edas \u201cproductivos\u201d para el sector alfalfero de Argentina. Es que desde <strong>TodoAlfalfa.com.ar<\/strong>, en un trabajo conjunto con la <strong>Facultad de Ciencias Agrarias de la Universidad Nacional del Litoral (UNL),<\/strong> organizamos la nueva edici\u00f3n de la ExpoAlfa, siguiendo la senda de las exitosas JoNAlfa, cuya \u00faltima edici\u00f3n con presencia f\u00edsica se realiz\u00f3 en Villa Mar\u00eda (UNVM) en 2019.<\/p>\n\n\n\n<p>Este 2024 nos traer\u00e1 una <strong>muestra excepcional<\/strong> de toda la cadena alfalfera, con una gran <strong>Exposici\u00f3n Est\u00e1tica<\/strong> (con cientos de stands), en el predio del <strong>CICAE<\/strong> y en el campo <strong>La Nicolina<\/strong>, en Rinc\u00f3n de \u00c1vila, se realizar\u00e1n<strong> Lotes Demostrativos<\/strong> y la <strong>Din\u00e1mica de Maquinarias<\/strong> con m\u00e1s de 50 fierros en acci\u00f3n.<\/p>\n\n\n\n<p>A ello, se suma para los presentes, una importante <strong>Ronda de Negocios<\/strong>, presentaci\u00f3n de <strong>innovaciones<\/strong> y decenas de <strong>charlas<\/strong> en auditorios simult\u00e1neos.<\/p>\n\n\n\n<p>Expo Alfa 2024 cuenta con el apoyo y acompa\u00f1amiento de diversos sectores c\u00f3mo la Sociedad Rural de las Colonias, el Gobierno de Santa Fe con el Ministerio de la Producci\u00f3n y la direcci\u00f3n de Lecher\u00eda de la Provincia de Santa Fe, la Municipalidad de Esperanza, el INTA Esperanza, la C\u00e1mara Argentina de Alfalfa, el Gobierno de C\u00f3rdoba y el Cl\u00faster de Alfalfa de C\u00f3rdoba.<\/p>\n\n\n\n<p>Todas estas instituciones tienen un \u00fanico objetivo: <strong>potenciar la expo y sus jornadas para instalar a la alfalfa en el centro de la escena nacional y que crezca la apuesta de los productores a la \u201creina de las forrajeras\u201d.<\/strong><strong><\/strong><\/p>\n\n\n\n<p>El Decano de la Facultad de Ciencias Agrarias de la Universidad Nacional Del Litoral, <strong>Oscar Osan<\/strong>, destac\u00f3 la historia que la alfalfa tiene en la casa de altos estudios.<\/p>\n\n\n\n<p>\u201c<em>Significa el trabajo de muchos investigadores nuestros, desde hace bastante tiempo en el desarrollo de variedades de l\u00edneas adaptadas a la zona<\/em>\u201d, apunt\u00f3 y agreg\u00f3: \u201c<em>representa el presente, que es nuestro programa de mejoramiento gen\u00e9tico, en esta misma apuesta<\/em>\u201d, pero tambi\u00e9n \u201c<em>el futuro en lo que es una de las principales cuencas lecheras de la Rep\u00fablica Argentina<\/em>\u201d.<\/p>\n\n\n\n<p>Valor\u00f3 contar con una propuesta de esa \u00edndole. \u201c<em>Significa mucho porque la cadena de valor l\u00e1cteo aporta tambi\u00e9n para la econom\u00eda regional una parte muy importante del producto generado, del empleo directo, del empleo indirecto, lo que significa eso no solamente a nivel de los tambos, sino todo el empleo indirecto que se genera, la log\u00edstica, la industria, el comercio. Para todas las localidades del interior esto es muy importante<\/em>\u201d, apunt\u00f3.<\/p>\n\n\n\n<p>Remarc\u00f3 que \u201c<em>en un lote que hay alfalfa y vaca, donde hay vaca hay gente y donde hay gente tiene que estar la universidad, tiene que estar el desarrollo, tienen que estar todos los actores<\/em>\u201d, es por ello que para Osan, \u201c<em>tener todo esto aqu\u00ed en Esperanza, para nosotros es muy importante, poder ver, poder tocar el futuro, la innovaci\u00f3n, estar en contacto con los actores, vincular de alguna manera la academia y la ciencia con el sector privado, con los mercados mundiales<\/em>\u201d.<\/p>\n\n\n\n<p>\u201c<em>El mundo necesita alimentos, necesita producir m\u00e1s leche y m\u00e1s ganader\u00eda y la alfalfa va a estar presente donde haya una producci\u00f3n de este tipo. As\u00ed que nosotros queremos estar en ese mundo y por eso estamos muy agradecidos de poder contar con esta muestra ac\u00e1 en Esperanza<\/em>\u201d, concluy\u00f3.<\/p>\n\n\n\n<figure class=\"wp-block-image size-large\"><img data-recalc-dims=\"1\" fetchpriority=\"high\" decoding=\"async\" width=\"1024\" height=\"461\" src=\"https:\/\/i0.wp.com\/www.todoalfalfa.com.ar\/noticias\/wp-content\/uploads\/2024\/07\/WhatsApp-Image-2024-07-08-at-07.45.42.jpeg?resize=1024%2C461&#038;ssl=1\" alt=\"\" class=\"wp-image-47526\" srcset=\"https:\/\/i0.wp.com\/www.todoalfalfa.com.ar\/noticias\/wp-content\/uploads\/2024\/07\/WhatsApp-Image-2024-07-08-at-07.45.42.jpeg?resize=1024%2C461&amp;ssl=1 1024w, https:\/\/i0.wp.com\/www.todoalfalfa.com.ar\/noticias\/wp-content\/uploads\/2024\/07\/WhatsApp-Image-2024-07-08-at-07.45.42.jpeg?resize=300%2C135&amp;ssl=1 300w, https:\/\/i0.wp.com\/www.todoalfalfa.com.ar\/noticias\/wp-content\/uploads\/2024\/07\/WhatsApp-Image-2024-07-08-at-07.45.42.jpeg?resize=768%2C346&amp;ssl=1 768w, https:\/\/i0.wp.com\/www.todoalfalfa.com.ar\/noticias\/wp-content\/uploads\/2024\/07\/WhatsApp-Image-2024-07-08-at-07.45.42.jpeg?w=1280&amp;ssl=1 1280w\" sizes=\"(max-width: 1000px) 100vw, 1000px\" \/><figcaption class=\"wp-element-caption\">Oscar Osan (izquierda) y Fernando Delbino (derecha)<\/figcaption><\/figure>\n\n\n\n<p>Por su parte, <strong>Fernando Delbino<\/strong>, Docente de la C\u00e1tedra de Forrajes de la Facultad de Ciencias Agrarias UNL, reconoci\u00f3 que \u201c<em>es la oportunidad de acercarnos como instituci\u00f3n a la comunidad. A nuestros graduados, a los productores, a los estudiantes<\/em>\u201d.<\/p>\n\n\n\n<p>Valor\u00f3 la tem\u00e1tica propuesta y destac\u00f3 la oportunidad para compartir informaci\u00f3n, conocimiento e innovaci\u00f3n, posicionando a la facultad como un polo de atracci\u00f3n para todos.<\/p>\n\n\n\n<p><strong>Antonio Lozano<\/strong>, titular de TodoCampos y de TodoAlfalfa.com.ar, se\u00f1al\u00f3 que; \u201c<strong><em>ExpoAlfa 2024<\/em><\/strong><em>, con sus <strong>Jornadas Nacionales de Alfalfa<\/strong>, ser\u00e1 el principal encuentro alfalfero nacional, convirti\u00e9ndose en una oportunidad hist\u00f3rica de Argentina para avanzar en la capacitaci\u00f3n de productores y t\u00e9cnicos, mejorando la calidad de su producci\u00f3n, y la de los productos (leche, carne) y la de los industriales, para aprovechar y seguir organizando la cadena, produciendo m\u00e1s heno de calidad para exportar<\/em>\u201d.<\/p>\n\n\n\n<p>\u201c<em>Las innovaciones en la muestra est\u00e1tica, los fierros en acci\u00f3n, las charlas simult\u00e1neas, la ronda de negocios, los productores de todo el pa\u00eds, los profesionales y el p\u00fablico en general, volver\u00e1n a poner a la alfalfa en el centro de la escena nacional.<\/em>\u201d<\/p>\n\n\n\n<p>\u201c<em>Desde nuestro espacio entendemos a este cultivo es muy importante, no solo por su aporte a otras producciones como la c\u00e1rnica o lechera, sino por el ingreso de divisas que puede generar en una econom\u00eda necesitada c\u00f3mo la nuestra. La alfalfa ya es un commoditie, y tenemos que visualizar, trabajar y proyectar como tal<\/em>\u201d, concluy\u00f3 Lozano.<\/p>\n\n\n\n<p>En definitiva, Expo Alfa contar\u00e1 con:<\/p>\n\n\n\n<p><strong><u>Exposici\u00f3n est\u00e1tica<\/u><\/strong>:<\/p>\n\n\n\n<p>Un centenar de empresas expondr\u00e1n sus \u00faltimas novedades. En un predio excepcional con 5.000 metros. cubiertos y 12 hect\u00e1reas de novedades, gastronom\u00eda y showroom para convocar a una asistencia calificada vinculada al cultivo de la alfalfa, a la lecher\u00eda y a la producci\u00f3n ganadera.<\/p>\n\n\n\n<p><strong><u>Jornadas Nacionales de Alfalfa:<\/u><\/strong><\/p>\n\n\n\n<ul class=\"wp-block-list\">\n<li>Bloque I: Mejoramiento gen\u00e9tico de alfalfa <em>(panorama varietal, biotecnolog\u00eda, programas de mejoramiento).<\/em><\/li>\n\n\n\n<li>Bloque II: Alfalfa en sistemas pastoriles <em>(producci\u00f3n y aprovechamiento eficiente, comportamiento en mezclas forrajeras, los n\u00fameros de la producci\u00f3n).<\/em><\/li>\n\n\n\n<li>Bloque III: Innovaci\u00f3n <em>(nuevas tendencias, avances en investigaci\u00f3n, nuevos usos, tecnolog\u00edas aplicadas a medici\u00f3n de productividad)..<\/em><\/li>\n\n\n\n<li>Bloque IV: Econom\u00eda y Mercados <em>(n\u00fameros macro, producci\u00f3n y exportaci\u00f3n, mercados, nuevos desarrollos y posibilidades del cultivo de alfalfa).<\/em><\/li>\n\n\n\n<li>Bloque V: Claves para el logro de un cultivo exitoso <em>(sistemas de siembra, fertilizaci\u00f3n, tecnolog\u00edas de producci\u00f3n). Posibilidad de panel con productores l\u00edderes.<\/em><\/li>\n\n\n\n<li>Bloque VI: Mecanizaci\u00f3n. <em>(tecnolog\u00edas aplicadas a confecci\u00f3n de reservas, industrializaci\u00f3n de alfalfa).<\/em><\/li>\n<\/ul>\n\n\n\n<p><strong><u>Ronda de Negocios:<\/u><\/strong><\/p>\n\n\n\n<ul class=\"wp-block-list\">\n<li>Mercado interno y externo. Reuni\u00f3n de oferentes y demandantes en un solo lugar.<\/li>\n\n\n\n<li>Ronda con embajadas y demandantes de otros pa\u00edses por streaming.<\/li>\n\n\n\n<li>Roles del estado: ministro producci\u00f3n C\u00f3rdoba, La Pampa, Santa Fe y San Luis<\/li>\n\n\n\n<li>C\u00f3mo tratamos de ordenar el sector.<\/li>\n<\/ul>\n\n\n\n<p><strong><u>Din\u00e1micas de maquinarias:<\/u><\/strong><\/p>\n\n\n\n<p>En el campo <strong>La Nicolina<\/strong> (60 ha), en Rinc\u00f3n de \u00c1vila, sobre <strong>Ruta 6<\/strong>, se realizar\u00e1n <strong>Lotes Demostrativos<\/strong> y la <strong>Din\u00e1mica de Maquinarias<\/strong> con m\u00e1s de 50 fierros en acci\u00f3n. Habr\u00e1 tambi\u00e9n una demostraci\u00f3n din\u00e1mica de los distintos modelos y marcas de segadoras, rastrillos, rotoenfardadoras y megas empacadoras, enfardadoras chicos y de megas, compactadoras, picadoras y embolsadoras. Sum\u00e1ndose a lo mencionado anteriormente din\u00e1micas de mixers, manipuladores, cargadores de fardos y maquinaria en general.<\/p>\n\n\n\n<p>El evento ya cuenta con la posibilidad de poder preinscribirse <a href=\"http:\/\/v\">aqu\u00ed <\/a><a href=\"https:\/\/expoalfa.com.ar\/alfalfa\/inscripciones\/\">https:\/\/expoalfa.com.ar\/alfalfa\/inscripciones\/<\/a> <\/p>\n<div class=\"todoalfalfa-final-de-la-nota\" id=\"todoalfalfa-3874969099\"><a href=\"https:\/\/www.whatsapp.com\/channel\/0029VbCBmFB9WtBxJsD3eC2i\" target=\"_blank\" aria-label=\"5\"><img src=\"https:\/\/i0.wp.com\/www.todoalfalfa.com.ar\/noticias\/wp-content\/uploads\/2026\/04\/5.gif?fit=728%2C90&#038;ssl=1\" alt=\"\"  width=\"728\" height=\"90\"   \/><\/a><\/div>","protected":false},"excerpt":{"rendered":"<p>Ser\u00e1 los d\u00edas 13 y 14 de noviembre en Esperanza, Santa Fe. TodoAlfalfa.com.ar, en un trabajo conjunto con la Facultad de Ciencias Agrarias de la Universidad Nacional del Litoral (UNL), ser\u00e1n los responsables de organizar el evento.<\/p>\n","protected":false},"author":9,"featured_media":47519,"comment_status":"closed","ping_status":"open","sticky":false,"template":"","format":"standard","meta":{"jetpack_post_was_ever_published":false,"_jetpack_newsletter_access":"","_jetpack_dont_email_post_to_subs":false,"_jetpack_newsletter_tier_id":0,"_jetpack_memberships_contains_paywalled_content":false,"_jetpack_memberships_contains_paid_content":false,"footnotes":""},"categories":[2],"tags":[31,1762,54,17],"class_list":["post-47518","post","type-post","status-publish","format-standard","has-post-thumbnail","hentry","category-generales","tag-alfalfa","tag-expoalfa-2024","tag-forrajes","tag-pasturas"],"yoast_head":"<!-- This site is optimized with the Yoast SEO plugin v25.5 - https:\/\/yoast.com\/wordpress\/plugins\/seo\/ -->\n<title>Confirman ExpoAlfa 2024 y la \u201creina de las forrajeras\u201d vuelve a sonre\u00edr<\/title>\n<meta name=\"robots\" content=\"index, follow, max-snippet:-1, max-image-preview:large, max-video-preview:-1\" \/>\n<link rel=\"canonical\" href=\"https:\/\/www.todoalfalfa.com.ar\/noticias\/confirman-expoalfa-2024-y-la-reina-de-las-forrajeras-vuelve-a-sonreir\/\" \/>\n<meta property=\"og:locale\" content=\"es_ES\" \/>\n<meta property=\"og:type\" content=\"article\" \/>\n<meta property=\"og:title\" content=\"Confirman ExpoAlfa 2024 y la \u201creina de las forrajeras\u201d vuelve a sonre\u00edr\" \/>\n<meta property=\"og:description\" content=\"Ser\u00e1 los d\u00edas 13 y 14 de noviembre en Esperanza, Santa Fe. TodoAlfalfa.com.ar, en un trabajo conjunto con la Facultad de Ciencias Agrarias de la Universidad Nacional del Litoral (UNL), ser\u00e1n los responsables de organizar el evento.\" \/>\n<meta property=\"og:url\" content=\"https:\/\/www.todoalfalfa.com.ar\/noticias\/confirman-expoalfa-2024-y-la-reina-de-las-forrajeras-vuelve-a-sonreir\/\" \/>\n<meta property=\"og:site_name\" content=\"Todo Alfalfa\" \/>\n<meta property=\"article:publisher\" content=\"https:\/\/www.facebook.com\/todoalfalfa\" \/>\n<meta property=\"article:published_time\" content=\"2024-07-07T14:38:00+00:00\" \/>\n<meta property=\"article:modified_time\" content=\"2024-07-08T16:09:18+00:00\" \/>\n<meta property=\"og:image\" content=\"https:\/\/www.todoalfalfa.com.ar\/noticias\/wp-content\/uploads\/2024\/07\/WhatsApp-Image-2024-06-28-at-10.26.06-1.jpeg\" \/>\n\t<meta property=\"og:image:width\" content=\"1200\" \/>\n\t<meta property=\"og:image:height\" content=\"1600\" \/>\n\t<meta property=\"og:image:type\" content=\"image\/jpeg\" \/>\n<meta name=\"author\" content=\"Todo Alfalfa\" \/>\n<meta name=\"twitter:card\" content=\"summary_large_image\" \/>\n<meta name=\"twitter:label1\" content=\"Escrito por\" \/>\n\t<meta name=\"twitter:data1\" content=\"Todo Alfalfa\" \/>\n\t<meta name=\"twitter:label2\" content=\"Tiempo de lectura\" \/>\n\t<meta name=\"twitter:data2\" content=\"6 minutos\" \/>\n<script type=\"application\/ld+json\" class=\"yoast-schema-graph\">{\"@context\":\"https:\/\/schema.org\",\"@graph\":[{\"@type\":\"NewsArticle\",\"@id\":\"https:\/\/www.todoalfalfa.com.ar\/noticias\/confirman-expoalfa-2024-y-la-reina-de-las-forrajeras-vuelve-a-sonreir\/#article\",\"isPartOf\":{\"@id\":\"https:\/\/www.todoalfalfa.com.ar\/noticias\/confirman-expoalfa-2024-y-la-reina-de-las-forrajeras-vuelve-a-sonreir\/\"},\"author\":{\"name\":\"Todo Alfalfa\",\"@id\":\"https:\/\/www.todoalfalfa.com.ar\/noticias\/#\/schema\/person\/99de93cb711c7015ef658e5321ba9f18\"},\"headline\":\"Confirman ExpoAlfa 2024 y la \u201creina de las forrajeras\u201d vuelve a sonre\u00edr\",\"datePublished\":\"2024-07-07T14:38:00+00:00\",\"dateModified\":\"2024-07-08T16:09:18+00:00\",\"mainEntityOfPage\":{\"@id\":\"https:\/\/www.todoalfalfa.com.ar\/noticias\/confirman-expoalfa-2024-y-la-reina-de-las-forrajeras-vuelve-a-sonreir\/\"},\"wordCount\":1203,\"publisher\":{\"@id\":\"https:\/\/www.todoalfalfa.com.ar\/noticias\/#organization\"},\"image\":{\"@id\":\"https:\/\/www.todoalfalfa.com.ar\/noticias\/confirman-expoalfa-2024-y-la-reina-de-las-forrajeras-vuelve-a-sonreir\/#primaryimage\"},\"thumbnailUrl\":\"https:\/\/i0.wp.com\/www.todoalfalfa.com.ar\/noticias\/wp-content\/uploads\/2024\/07\/WhatsApp-Image-2024-06-28-at-10.26.06-1.jpeg?fit=1200%2C1600&ssl=1\",\"keywords\":[\"alfalfa\",\"ExpoAlfa 2024\",\"forrajes\",\"pasturas\"],\"articleSection\":[\"Generales\"],\"inLanguage\":\"es\"},{\"@type\":[\"WebPage\",\"ItemPage\"],\"@id\":\"https:\/\/www.todoalfalfa.com.ar\/noticias\/confirman-expoalfa-2024-y-la-reina-de-las-forrajeras-vuelve-a-sonreir\/\",\"url\":\"https:\/\/www.todoalfalfa.com.ar\/noticias\/confirman-expoalfa-2024-y-la-reina-de-las-forrajeras-vuelve-a-sonreir\/\",\"name\":\"Confirman ExpoAlfa 2024 y la \u201creina de las forrajeras\u201d vuelve a sonre\u00edr\",\"isPartOf\":{\"@id\":\"https:\/\/www.todoalfalfa.com.ar\/noticias\/#website\"},\"primaryImageOfPage\":{\"@id\":\"https:\/\/www.todoalfalfa.com.ar\/noticias\/confirman-expoalfa-2024-y-la-reina-de-las-forrajeras-vuelve-a-sonreir\/#primaryimage\"},\"image\":{\"@id\":\"https:\/\/www.todoalfalfa.com.ar\/noticias\/confirman-expoalfa-2024-y-la-reina-de-las-forrajeras-vuelve-a-sonreir\/#primaryimage\"},\"thumbnailUrl\":\"https:\/\/i0.wp.com\/www.todoalfalfa.com.ar\/noticias\/wp-content\/uploads\/2024\/07\/WhatsApp-Image-2024-06-28-at-10.26.06-1.jpeg?fit=1200%2C1600&ssl=1\",\"datePublished\":\"2024-07-07T14:38:00+00:00\",\"dateModified\":\"2024-07-08T16:09:18+00:00\",\"breadcrumb\":{\"@id\":\"https:\/\/www.todoalfalfa.com.ar\/noticias\/confirman-expoalfa-2024-y-la-reina-de-las-forrajeras-vuelve-a-sonreir\/#breadcrumb\"},\"inLanguage\":\"es\",\"potentialAction\":[{\"@type\":\"ReadAction\",\"target\":[\"https:\/\/www.todoalfalfa.com.ar\/noticias\/confirman-expoalfa-2024-y-la-reina-de-las-forrajeras-vuelve-a-sonreir\/\"]}]},{\"@type\":\"ImageObject\",\"inLanguage\":\"es\",\"@id\":\"https:\/\/www.todoalfalfa.com.ar\/noticias\/confirman-expoalfa-2024-y-la-reina-de-las-forrajeras-vuelve-a-sonreir\/#primaryimage\",\"url\":\"https:\/\/i0.wp.com\/www.todoalfalfa.com.ar\/noticias\/wp-content\/uploads\/2024\/07\/WhatsApp-Image-2024-06-28-at-10.26.06-1.jpeg?fit=1200%2C1600&ssl=1\",\"contentUrl\":\"https:\/\/i0.wp.com\/www.todoalfalfa.com.ar\/noticias\/wp-content\/uploads\/2024\/07\/WhatsApp-Image-2024-06-28-at-10.26.06-1.jpeg?fit=1200%2C1600&ssl=1\",\"width\":1200,\"height\":1600},{\"@type\":\"BreadcrumbList\",\"@id\":\"https:\/\/www.todoalfalfa.com.ar\/noticias\/confirman-expoalfa-2024-y-la-reina-de-las-forrajeras-vuelve-a-sonreir\/#breadcrumb\",\"itemListElement\":[{\"@type\":\"ListItem\",\"position\":1,\"name\":\"Principal\",\"item\":\"https:\/\/www.todoalfalfa.com.ar\/noticias\/\"},{\"@type\":\"ListItem\",\"position\":2,\"name\":\"Confirman ExpoAlfa 2024 y la \u201creina de las forrajeras\u201d vuelve a sonre\u00edr\"}]},{\"@type\":\"WebSite\",\"@id\":\"https:\/\/www.todoalfalfa.com.ar\/noticias\/#website\",\"url\":\"https:\/\/www.todoalfalfa.com.ar\/noticias\/\",\"name\":\"Todo Alfalfa\",\"description\":\"Web informativa de la cadena de la alfalfa argentina\",\"publisher\":{\"@id\":\"https:\/\/www.todoalfalfa.com.ar\/noticias\/#organization\"},\"potentialAction\":[{\"@type\":\"SearchAction\",\"target\":{\"@type\":\"EntryPoint\",\"urlTemplate\":\"https:\/\/www.todoalfalfa.com.ar\/noticias\/?s={search_term_string}\"},\"query-input\":{\"@type\":\"PropertyValueSpecification\",\"valueRequired\":true,\"valueName\":\"search_term_string\"}}],\"inLanguage\":\"es\"},{\"@type\":\"Organization\",\"@id\":\"https:\/\/www.todoalfalfa.com.ar\/noticias\/#organization\",\"name\":\"Todo Alfalfa\",\"url\":\"https:\/\/www.todoalfalfa.com.ar\/noticias\/\",\"logo\":{\"@type\":\"ImageObject\",\"inLanguage\":\"es\",\"@id\":\"https:\/\/www.todoalfalfa.com.ar\/noticias\/#\/schema\/logo\/image\/\",\"url\":\"https:\/\/www.todoalfalfa.com.ar\/noticias\/wp-content\/uploads\/2020\/09\/logo-todo-alfalfa-modificado.png\",\"contentUrl\":\"https:\/\/www.todoalfalfa.com.ar\/noticias\/wp-content\/uploads\/2020\/09\/logo-todo-alfalfa-modificado.png\",\"width\":350,\"height\":100,\"caption\":\"Todo Alfalfa\"},\"image\":{\"@id\":\"https:\/\/www.todoalfalfa.com.ar\/noticias\/#\/schema\/logo\/image\/\"},\"sameAs\":[\"https:\/\/www.facebook.com\/todoalfalfa\",\"https:\/\/www.instagram.com\/todoalfalfa\",\"https:\/\/www.youtube.com\/@TodoAlfalfa\",\"https:\/\/www.linkedin.com\/company\/todoalfalfa\/\"]},{\"@type\":\"Person\",\"@id\":\"https:\/\/www.todoalfalfa.com.ar\/noticias\/#\/schema\/person\/99de93cb711c7015ef658e5321ba9f18\",\"name\":\"Todo Alfalfa\",\"image\":{\"@type\":\"ImageObject\",\"inLanguage\":\"es\",\"@id\":\"https:\/\/www.todoalfalfa.com.ar\/noticias\/#\/schema\/person\/image\/\",\"url\":\"https:\/\/secure.gravatar.com\/avatar\/50ffd12fb7b268bc2467160730786602db252a270c63104e7c19b5f67b8dd346?s=96&d=mm&r=g\",\"contentUrl\":\"https:\/\/secure.gravatar.com\/avatar\/50ffd12fb7b268bc2467160730786602db252a270c63104e7c19b5f67b8dd346?s=96&d=mm&r=g\",\"caption\":\"Todo Alfalfa\"},\"url\":\"https:\/\/www.todoalfalfa.com.ar\/noticias\/author\/osvaldoiachetta\/\"}]}<\/script>\n<!-- \/ Yoast SEO plugin. -->","yoast_head_json":{"title":"Confirman ExpoAlfa 2024 y la \u201creina de las forrajeras\u201d vuelve a sonre\u00edr","robots":{"index":"index","follow":"follow","max-snippet":"max-snippet:-1","max-image-preview":"max-image-preview:large","max-video-preview":"max-video-preview:-1"},"canonical":"https:\/\/www.todoalfalfa.com.ar\/noticias\/confirman-expoalfa-2024-y-la-reina-de-las-forrajeras-vuelve-a-sonreir\/","og_locale":"es_ES","og_type":"article","og_title":"Confirman ExpoAlfa 2024 y la \u201creina de las forrajeras\u201d vuelve a sonre\u00edr","og_description":"Ser\u00e1 los d\u00edas 13 y 14 de noviembre en Esperanza, Santa Fe. TodoAlfalfa.com.ar, en un trabajo conjunto con la Facultad de Ciencias Agrarias de la Universidad Nacional del Litoral (UNL), ser\u00e1n los responsables de organizar el evento.","og_url":"https:\/\/www.todoalfalfa.com.ar\/noticias\/confirman-expoalfa-2024-y-la-reina-de-las-forrajeras-vuelve-a-sonreir\/","og_site_name":"Todo Alfalfa","article_publisher":"https:\/\/www.facebook.com\/todoalfalfa","article_published_time":"2024-07-07T14:38:00+00:00","article_modified_time":"2024-07-08T16:09:18+00:00","og_image":[{"width":1200,"height":1600,"url":"https:\/\/www.todoalfalfa.com.ar\/noticias\/wp-content\/uploads\/2024\/07\/WhatsApp-Image-2024-06-28-at-10.26.06-1.jpeg","type":"image\/jpeg"}],"author":"Todo Alfalfa","twitter_card":"summary_large_image","twitter_misc":{"Escrito por":"Todo Alfalfa","Tiempo de lectura":"6 minutos"},"schema":{"@context":"https:\/\/schema.org","@graph":[{"@type":"NewsArticle","@id":"https:\/\/www.todoalfalfa.com.ar\/noticias\/confirman-expoalfa-2024-y-la-reina-de-las-forrajeras-vuelve-a-sonreir\/#article","isPartOf":{"@id":"https:\/\/www.todoalfalfa.com.ar\/noticias\/confirman-expoalfa-2024-y-la-reina-de-las-forrajeras-vuelve-a-sonreir\/"},"author":{"name":"Todo Alfalfa","@id":"https:\/\/www.todoalfalfa.com.ar\/noticias\/#\/schema\/person\/99de93cb711c7015ef658e5321ba9f18"},"headline":"Confirman ExpoAlfa 2024 y la \u201creina de las forrajeras\u201d vuelve a sonre\u00edr","datePublished":"2024-07-07T14:38:00+00:00","dateModified":"2024-07-08T16:09:18+00:00","mainEntityOfPage":{"@id":"https:\/\/www.todoalfalfa.com.ar\/noticias\/confirman-expoalfa-2024-y-la-reina-de-las-forrajeras-vuelve-a-sonreir\/"},"wordCount":1203,"publisher":{"@id":"https:\/\/www.todoalfalfa.com.ar\/noticias\/#organization"},"image":{"@id":"https:\/\/www.todoalfalfa.com.ar\/noticias\/confirman-expoalfa-2024-y-la-reina-de-las-forrajeras-vuelve-a-sonreir\/#primaryimage"},"thumbnailUrl":"https:\/\/i0.wp.com\/www.todoalfalfa.com.ar\/noticias\/wp-content\/uploads\/2024\/07\/WhatsApp-Image-2024-06-28-at-10.26.06-1.jpeg?fit=1200%2C1600&ssl=1","keywords":["alfalfa","ExpoAlfa 2024","forrajes","pasturas"],"articleSection":["Generales"],"inLanguage":"es"},{"@type":["WebPage","ItemPage"],"@id":"https:\/\/www.todoalfalfa.com.ar\/noticias\/confirman-expoalfa-2024-y-la-reina-de-las-forrajeras-vuelve-a-sonreir\/","url":"https:\/\/www.todoalfalfa.com.ar\/noticias\/confirman-expoalfa-2024-y-la-reina-de-las-forrajeras-vuelve-a-sonreir\/","name":"Confirman ExpoAlfa 2024 y la \u201creina de las forrajeras\u201d vuelve a sonre\u00edr","isPartOf":{"@id":"https:\/\/www.todoalfalfa.com.ar\/noticias\/#website"},"primaryImageOfPage":{"@id":"https:\/\/www.todoalfalfa.com.ar\/noticias\/confirman-expoalfa-2024-y-la-reina-de-las-forrajeras-vuelve-a-sonreir\/#primaryimage"},"image":{"@id":"https:\/\/www.todoalfalfa.com.ar\/noticias\/confirman-expoalfa-2024-y-la-reina-de-las-forrajeras-vuelve-a-sonreir\/#primaryimage"},"thumbnailUrl":"https:\/\/i0.wp.com\/www.todoalfalfa.com.ar\/noticias\/wp-content\/uploads\/2024\/07\/WhatsApp-Image-2024-06-28-at-10.26.06-1.jpeg?fit=1200%2C1600&ssl=1","datePublished":"2024-07-07T14:38:00+00:00","dateModified":"2024-07-08T16:09:18+00:00","breadcrumb":{"@id":"https:\/\/www.todoalfalfa.com.ar\/noticias\/confirman-expoalfa-2024-y-la-reina-de-las-forrajeras-vuelve-a-sonreir\/#breadcrumb"},"inLanguage":"es","potentialAction":[{"@type":"ReadAction","target":["https:\/\/www.todoalfalfa.com.ar\/noticias\/confirman-expoalfa-2024-y-la-reina-de-las-forrajeras-vuelve-a-sonreir\/"]}]},{"@type":"ImageObject","inLanguage":"es","@id":"https:\/\/www.todoalfalfa.com.ar\/noticias\/confirman-expoalfa-2024-y-la-reina-de-las-forrajeras-vuelve-a-sonreir\/#primaryimage","url":"https:\/\/i0.wp.com\/www.todoalfalfa.com.ar\/noticias\/wp-content\/uploads\/2024\/07\/WhatsApp-Image-2024-06-28-at-10.26.06-1.jpeg?fit=1200%2C1600&ssl=1","contentUrl":"https:\/\/i0.wp.com\/www.todoalfalfa.com.ar\/noticias\/wp-content\/uploads\/2024\/07\/WhatsApp-Image-2024-06-28-at-10.26.06-1.jpeg?fit=1200%2C1600&ssl=1","width":1200,"height":1600},{"@type":"BreadcrumbList","@id":"https:\/\/www.todoalfalfa.com.ar\/noticias\/confirman-expoalfa-2024-y-la-reina-de-las-forrajeras-vuelve-a-sonreir\/#breadcrumb","itemListElement":[{"@type":"ListItem","position":1,"name":"Principal","item":"https:\/\/www.todoalfalfa.com.ar\/noticias\/"},{"@type":"ListItem","position":2,"name":"Confirman ExpoAlfa 2024 y la \u201creina de las forrajeras\u201d vuelve a sonre\u00edr"}]},{"@type":"WebSite","@id":"https:\/\/www.todoalfalfa.com.ar\/noticias\/#website","url":"https:\/\/www.todoalfalfa.com.ar\/noticias\/","name":"Todo Alfalfa","description":"Web informativa de la cadena de la alfalfa argentina","publisher":{"@id":"https:\/\/www.todoalfalfa.com.ar\/noticias\/#organization"},"potentialAction":[{"@type":"SearchAction","target":{"@type":"EntryPoint","urlTemplate":"https:\/\/www.todoalfalfa.com.ar\/noticias\/?s={search_term_string}"},"query-input":{"@type":"PropertyValueSpecification","valueRequired":true,"valueName":"search_term_string"}}],"inLanguage":"es"},{"@type":"Organization","@id":"https:\/\/www.todoalfalfa.com.ar\/noticias\/#organization","name":"Todo Alfalfa","url":"https:\/\/www.todoalfalfa.com.ar\/noticias\/","logo":{"@type":"ImageObject","inLanguage":"es","@id":"https:\/\/www.todoalfalfa.com.ar\/noticias\/#\/schema\/logo\/image\/","url":"https:\/\/www.todoalfalfa.com.ar\/noticias\/wp-content\/uploads\/2020\/09\/logo-todo-alfalfa-modificado.png","contentUrl":"https:\/\/www.todoalfalfa.com.ar\/noticias\/wp-content\/uploads\/2020\/09\/logo-todo-alfalfa-modificado.png","width":350,"height":100,"caption":"Todo Alfalfa"},"image":{"@id":"https:\/\/www.todoalfalfa.com.ar\/noticias\/#\/schema\/logo\/image\/"},"sameAs":["https:\/\/www.facebook.com\/todoalfalfa","https:\/\/www.instagram.com\/todoalfalfa","https:\/\/www.youtube.com\/@TodoAlfalfa","https:\/\/www.linkedin.com\/company\/todoalfalfa\/"]},{"@type":"Person","@id":"https:\/\/www.todoalfalfa.com.ar\/noticias\/#\/schema\/person\/99de93cb711c7015ef658e5321ba9f18","name":"Todo Alfalfa","image":{"@type":"ImageObject","inLanguage":"es","@id":"https:\/\/www.todoalfalfa.com.ar\/noticias\/#\/schema\/person\/image\/","url":"https:\/\/secure.gravatar.com\/avatar\/50ffd12fb7b268bc2467160730786602db252a270c63104e7c19b5f67b8dd346?s=96&d=mm&r=g","contentUrl":"https:\/\/secure.gravatar.com\/avatar\/50ffd12fb7b268bc2467160730786602db252a270c63104e7c19b5f67b8dd346?s=96&d=mm&r=g","caption":"Todo Alfalfa"},"url":"https:\/\/www.todoalfalfa.com.ar\/noticias\/author\/osvaldoiachetta\/"}]}},"jetpack_featured_media_url":"https:\/\/i0.wp.com\/www.todoalfalfa.com.ar\/noticias\/wp-content\/uploads\/2024\/07\/WhatsApp-Image-2024-06-28-at-10.26.06-1.jpeg?fit=1200%2C1600&ssl=1","wps_subtitle":"","jetpack_sharing_enabled":true,"_links":{"self":[{"href":"https:\/\/www.todoalfalfa.com.ar\/noticias\/wp-json\/wp\/v2\/posts\/47518","targetHints":{"allow":["GET"]}}],"collection":[{"href":"https:\/\/www.todoalfalfa.com.ar\/noticias\/wp-json\/wp\/v2\/posts"}],"about":[{"href":"https:\/\/www.todoalfalfa.com.ar\/noticias\/wp-json\/wp\/v2\/types\/post"}],"author":[{"embeddable":true,"href":"https:\/\/www.todoalfalfa.com.ar\/noticias\/wp-json\/wp\/v2\/users\/9"}],"replies":[{"embeddable":true,"href":"https:\/\/www.todoalfalfa.com.ar\/noticias\/wp-json\/wp\/v2\/comments?post=47518"}],"version-history":[{"count":4,"href":"https:\/\/www.todoalfalfa.com.ar\/noticias\/wp-json\/wp\/v2\/posts\/47518\/revisions"}],"predecessor-version":[{"id":47528,"href":"https:\/\/www.todoalfalfa.com.ar\/noticias\/wp-json\/wp\/v2\/posts\/47518\/revisions\/47528"}],"wp:featuredmedia":[{"embeddable":true,"href":"https:\/\/www.todoalfalfa.com.ar\/noticias\/wp-json\/wp\/v2\/media\/47519"}],"wp:attachment":[{"href":"https:\/\/www.todoalfalfa.com.ar\/noticias\/wp-json\/wp\/v2\/media?parent=47518"}],"wp:term":[{"taxonomy":"category","embeddable":true,"href":"https:\/\/www.todoalfalfa.com.ar\/noticias\/wp-json\/wp\/v2\/categories?post=47518"},{"taxonomy":"post_tag","embeddable":true,"href":"https:\/\/www.todoalfalfa.com.ar\/noticias\/wp-json\/wp\/v2\/tags?post=47518"}],"curies":[{"name":"wp","href":"https:\/\/api.w.org\/{rel}","templated":true}]}}