{"id":47658,"date":"2024-08-08T17:26:25","date_gmt":"2024-08-08T20:26:25","guid":{"rendered":"https:\/\/www.todoalfalfa.com.ar\/noticias\/?p=47658"},"modified":"2024-08-08T17:26:28","modified_gmt":"2024-08-08T20:26:28","slug":"la-alfalfa-paso-de-tener-oportunidades-a-buenos-negocios","status":"publish","type":"post","link":"https:\/\/www.todoalfalfa.com.ar\/noticias\/la-alfalfa-paso-de-tener-oportunidades-a-buenos-negocios\/","title":{"rendered":"La alfalfa pas\u00f3 de tener \u201coportunidades\u201d a \u201cbuenos negocios\u201d"},"content":{"rendered":"\n<p>Tras culminar la reuni\u00f3n de capacitaci\u00f3n que el Cl\u00faster de Alfalfa de C\u00f3rdoba organiz\u00f3 en la Bolsa de Cereales de C\u00f3rdoba para que los socios y productores suman conocimiento y herramientas sobre riego y secado, dialogamos con su presidente, Fabi\u00e1n Russo.<\/p>\n\n\n\n<p>En la oportunidad, destac\u00f3 las \u201coportunidades\u201d que el negocio sigue presentando para los productores y para la cadena en general. \u201cLas oportunidades est\u00e1n sobre la mesa, y te digo m\u00e1s, yo ya no las llamo oportunidades, sino las llamo buenos negocios a largo plazo\u201d, asegur\u00f3.<\/p>\n\n\n\n<p>Sabe Russo que todas \u201clas herramientas est\u00e1n sobre la mesa\u201d para que la cadena tenga los elementos necesarios para producir \u201cbuena mercader\u00eda para exportaci\u00f3n\u201d. Entonces, agrega, \u201csolamente falta decisi\u00f3n, decisi\u00f3n de alg\u00fan productor individual, de alg\u00fan grupo de productores, de alguna cooperativa, o de alg\u00fan empresario, como ya sabemos que los hay, con ganas de apostar a la alfalfa\u201d.<\/p>\n\n\n\n<p class=\"has-medium-font-size\"><strong>Pasi\u00f3n por la producci\u00f3n<\/strong><\/p>\n\n\n\n<p>Desde all\u00ed \u201cempez\u00e1s a encontrar las soluciones\u201d, se ilusiona Russo al hablar de los productores que conforman el Cl\u00faster y que dividen su tiempo en producir, en participar de las reuni\u00f3n de la entidad, de viajar a Espa\u00f1a o Canad\u00e1 para capacitarse y conocer \u201clas formas\u201d en las que producen \u201call\u00e1\u201d.<\/p>\n\n\n\n<p>\u201cSon unos apasionados, son productores de punta, y son productores que apuestan a esto. Vinieron de Espa\u00f1a (Lucas), Mauricio estuvo en Canad\u00e1, y no vinieron decepcionados con lo lejos que estamos, sino que vinieron con otra realidad totalmente distinta. Estamos en iguales condiciones, pero nos falta mejorar algunas cosas internamente\u201d, remarca.<\/p>\n\n\n\n<figure class=\"wp-block-audio\"><audio controls src=\"https:\/\/www.todoalfalfa.com.ar\/noticias\/wp-content\/uploads\/2024\/08\/Russo-Fabian.mp3\"><\/audio><\/figure>\n\n\n\n<p class=\"has-medium-font-size\"><strong>El cuento es cortito\u2026<\/strong><\/p>\n\n\n\n<p>Desde el Cl\u00faster organizaron dos viajes consecutivos uno a Espa\u00f1a, donde recorrieron distintos sectores productivos para conocer las formas en las que producen en ese pa\u00eds e inmediatamente viajaron a Canad\u00e1 para tomar contacto con una empresa que produce una maquina para secado y recorrer establecimientos.<\/p>\n\n\n\n<p>\u201cCuando iniciamos desde el Cl\u00faster estos viajes, dijimos, vamos a ver qu\u00e9 es lo que nos cuentan, porque todo era de lectura, de cuento y cuando nos dimos cuenta que el cuento era cortito, podemos mejorarlo el cuento y podemos hacer un cuento mucho m\u00e1s lindo, realmente estamos a un paso, no de ser los n\u00fameros dos, sino de ser los n\u00fameros uno\u201d, se ilusion\u00f3.<\/p>\n\n\n\n<p class=\"has-medium-font-size\"><strong>La federalizaci\u00f3n del cl\u00faster camina \u201clento, pero seguro\u201d<\/strong><\/p>\n\n\n\n<p>Un a\u00f1o atr\u00e1s, en una entrevista con el presidente del Cl\u00faster, tomamos conocimiento que la intenci\u00f3n (de ser aprobada por los socios y se aprob\u00f3) era \u201cnacionalizar o federalizar\u201d la entidad.<\/p>\n\n\n\n<p>\u201cVenimos en un proceso lento, pero seguro\u201d, explica y agrega: \u201c\u00bfy por qu\u00e9 lento? Porque dar este paso para el Cl\u00faster es muy importante, porque es un paso muy grande para la Alfalfa, y es un paso muy grande para el pa\u00eds, y estamos de a poquito tirando ideas, en la Comisi\u00f3n Directiva, haciendo consultas, haciendo consultas a nivel provincial tambi\u00e9n, donde los pasitos que hemos dado era ya consultar a distintos referentes de algunas provincias\u201d.<\/p>\n\n\n\n<p>Mientras se avanza, se debate y se acercan ideas como \u201cque se regionalice o se provincialice, de cada provincia o cada regi\u00f3n, que venga un representante, en nombre de una agrupaci\u00f3n de productores, y donde ese representante forme parte de la Comisi\u00f3n Directiva, con voz y con voto\u201d.<\/p>\n\n\n\n<p>De poder desarrollarse esa posibilidad, el Cl\u00faster ampliar\u00eda la Comisi\u00f3n Directiva \u201cpero a su vez les ofrecemos que utilicen la infraestructura, sobre todo la infraestructura econ\u00f3mica, la infraestructura jur\u00eddica que tenemos, para que no hagan otros gastos permanentes\u201d, indic\u00f3 Russo.<\/p>\n\n\n\n<p> <\/p>\n\n\n\n<figure class=\"wp-block-embed is-type-wp-embed is-provider-todo-alfalfa wp-block-embed-todo-alfalfa\"><div class=\"wp-block-embed__wrapper\">\n<blockquote class=\"wp-embedded-content\" data-secret=\"nihda4MfuI\"><a href=\"https:\/\/www.todoalfalfa.com.ar\/noticias\/con-expectativas-de-expandirse-el-cluster-cordobes-de-alfalfa-podria-ser-nacional\/\">El Cl\u00faster cordob\u00e9s de alfalfa podr\u00eda ser nacional<\/a><\/blockquote><iframe class=\"wp-embedded-content\" sandbox=\"allow-scripts\" security=\"restricted\" style=\"position: absolute; visibility: hidden;\" title=\"\u00abEl Cl\u00faster cordob\u00e9s de alfalfa podr\u00eda ser nacional\u00bb \u2014 Todo Alfalfa\" src=\"https:\/\/www.todoalfalfa.com.ar\/noticias\/con-expectativas-de-expandirse-el-cluster-cordobes-de-alfalfa-podria-ser-nacional\/embed\/#?secret=Ol8ohEGt3d#?secret=nihda4MfuI\" data-secret=\"nihda4MfuI\" width=\"500\" height=\"282\" frameborder=\"0\" marginwidth=\"0\" marginheight=\"0\" scrolling=\"no\"><\/iframe>\n<\/div><\/figure>\n<div class=\"todoalfalfa-final-de-la-nota\" id=\"todoalfalfa-918196661\"><a href=\"https:\/\/www.whatsapp.com\/channel\/0029VbCBmFB9WtBxJsD3eC2i\" target=\"_blank\" aria-label=\"5\"><img src=\"https:\/\/i0.wp.com\/www.todoalfalfa.com.ar\/noticias\/wp-content\/uploads\/2026\/04\/5.gif?fit=728%2C90&#038;ssl=1\" alt=\"\"  width=\"728\" height=\"90\"   \/><\/a><\/div>","protected":false},"excerpt":{"rendered":"<p>Es el an\u00e1lisis que Fabi\u00e1n Russo, presidente del Cl\u00faster de Alfalfa de C\u00f3rdoba realiz\u00f3 en di\u00e1logo con TodoAlfalfa. \u201cTodas las herramientas est\u00e1n sobre la mesa\u201d, sostuvo. Por otra parte, habl\u00f3 sobre el trabajo para expandir la entidad a todo el territorio nacional.<\/p>\n","protected":false},"author":9,"featured_media":47659,"comment_status":"closed","ping_status":"open","sticky":false,"template":"","format":"standard","meta":{"jetpack_post_was_ever_published":false,"_jetpack_newsletter_access":"","_jetpack_dont_email_post_to_subs":false,"_jetpack_newsletter_tier_id":0,"_jetpack_memberships_contains_paywalled_content":false,"_jetpack_memberships_contains_paid_content":false,"footnotes":""},"categories":[2],"tags":[],"class_list":["post-47658","post","type-post","status-publish","format-standard","has-post-thumbnail","hentry","category-generales"],"yoast_head":"<!-- This site is optimized with the Yoast SEO plugin v25.5 - https:\/\/yoast.com\/wordpress\/plugins\/seo\/ -->\n<title>La alfalfa pas\u00f3 de tener \u201coportunidades\u201d a \u201cbuenos negocios\u201d<\/title>\n<meta name=\"robots\" content=\"index, follow, max-snippet:-1, max-image-preview:large, max-video-preview:-1\" \/>\n<link rel=\"canonical\" href=\"https:\/\/www.todoalfalfa.com.ar\/noticias\/la-alfalfa-paso-de-tener-oportunidades-a-buenos-negocios\/\" \/>\n<meta property=\"og:locale\" content=\"es_ES\" \/>\n<meta property=\"og:type\" content=\"article\" \/>\n<meta property=\"og:title\" content=\"La alfalfa pas\u00f3 de tener \u201coportunidades\u201d a \u201cbuenos negocios\u201d\" \/>\n<meta property=\"og:description\" content=\"Es el an\u00e1lisis que Fabi\u00e1n Russo, presidente del Cl\u00faster de Alfalfa de C\u00f3rdoba realiz\u00f3 en di\u00e1logo con TodoAlfalfa. \u201cTodas las herramientas est\u00e1n sobre la mesa\u201d, sostuvo. Por otra parte, habl\u00f3 sobre el trabajo para expandir la entidad a todo el territorio nacional.\" \/>\n<meta property=\"og:url\" content=\"https:\/\/www.todoalfalfa.com.ar\/noticias\/la-alfalfa-paso-de-tener-oportunidades-a-buenos-negocios\/\" \/>\n<meta property=\"og:site_name\" content=\"Todo Alfalfa\" \/>\n<meta property=\"article:publisher\" content=\"https:\/\/www.facebook.com\/todoalfalfa\" \/>\n<meta property=\"article:published_time\" content=\"2024-08-08T20:26:25+00:00\" \/>\n<meta property=\"article:modified_time\" content=\"2024-08-08T20:26:28+00:00\" \/>\n<meta property=\"og:image\" content=\"https:\/\/www.todoalfalfa.com.ar\/noticias\/wp-content\/uploads\/2024\/08\/1703075686.jpeg\" \/>\n\t<meta property=\"og:image:width\" content=\"948\" \/>\n\t<meta property=\"og:image:height\" content=\"533\" \/>\n\t<meta property=\"og:image:type\" content=\"image\/jpeg\" \/>\n<meta name=\"author\" content=\"Todo Alfalfa\" \/>\n<meta name=\"twitter:card\" content=\"summary_large_image\" \/>\n<meta name=\"twitter:label1\" content=\"Escrito por\" \/>\n\t<meta name=\"twitter:data1\" content=\"Todo Alfalfa\" \/>\n\t<meta name=\"twitter:label2\" content=\"Tiempo de lectura\" \/>\n\t<meta name=\"twitter:data2\" content=\"3 minutos\" \/>\n<script type=\"application\/ld+json\" class=\"yoast-schema-graph\">{\"@context\":\"https:\/\/schema.org\",\"@graph\":[{\"@type\":\"NewsArticle\",\"@id\":\"https:\/\/www.todoalfalfa.com.ar\/noticias\/la-alfalfa-paso-de-tener-oportunidades-a-buenos-negocios\/#article\",\"isPartOf\":{\"@id\":\"https:\/\/www.todoalfalfa.com.ar\/noticias\/la-alfalfa-paso-de-tener-oportunidades-a-buenos-negocios\/\"},\"author\":{\"name\":\"Todo Alfalfa\",\"@id\":\"https:\/\/www.todoalfalfa.com.ar\/noticias\/#\/schema\/person\/99de93cb711c7015ef658e5321ba9f18\"},\"headline\":\"La alfalfa pas\u00f3 de tener \u201coportunidades\u201d a \u201cbuenos negocios\u201d\",\"datePublished\":\"2024-08-08T20:26:25+00:00\",\"dateModified\":\"2024-08-08T20:26:28+00:00\",\"mainEntityOfPage\":{\"@id\":\"https:\/\/www.todoalfalfa.com.ar\/noticias\/la-alfalfa-paso-de-tener-oportunidades-a-buenos-negocios\/\"},\"wordCount\":633,\"publisher\":{\"@id\":\"https:\/\/www.todoalfalfa.com.ar\/noticias\/#organization\"},\"image\":{\"@id\":\"https:\/\/www.todoalfalfa.com.ar\/noticias\/la-alfalfa-paso-de-tener-oportunidades-a-buenos-negocios\/#primaryimage\"},\"thumbnailUrl\":\"https:\/\/i0.wp.com\/www.todoalfalfa.com.ar\/noticias\/wp-content\/uploads\/2024\/08\/1703075686.jpeg?fit=948%2C533&ssl=1\",\"articleSection\":[\"Generales\"],\"inLanguage\":\"es\"},{\"@type\":[\"WebPage\",\"ItemPage\"],\"@id\":\"https:\/\/www.todoalfalfa.com.ar\/noticias\/la-alfalfa-paso-de-tener-oportunidades-a-buenos-negocios\/\",\"url\":\"https:\/\/www.todoalfalfa.com.ar\/noticias\/la-alfalfa-paso-de-tener-oportunidades-a-buenos-negocios\/\",\"name\":\"La alfalfa pas\u00f3 de tener \u201coportunidades\u201d a \u201cbuenos negocios\u201d\",\"isPartOf\":{\"@id\":\"https:\/\/www.todoalfalfa.com.ar\/noticias\/#website\"},\"primaryImageOfPage\":{\"@id\":\"https:\/\/www.todoalfalfa.com.ar\/noticias\/la-alfalfa-paso-de-tener-oportunidades-a-buenos-negocios\/#primaryimage\"},\"image\":{\"@id\":\"https:\/\/www.todoalfalfa.com.ar\/noticias\/la-alfalfa-paso-de-tener-oportunidades-a-buenos-negocios\/#primaryimage\"},\"thumbnailUrl\":\"https:\/\/i0.wp.com\/www.todoalfalfa.com.ar\/noticias\/wp-content\/uploads\/2024\/08\/1703075686.jpeg?fit=948%2C533&ssl=1\",\"datePublished\":\"2024-08-08T20:26:25+00:00\",\"dateModified\":\"2024-08-08T20:26:28+00:00\",\"breadcrumb\":{\"@id\":\"https:\/\/www.todoalfalfa.com.ar\/noticias\/la-alfalfa-paso-de-tener-oportunidades-a-buenos-negocios\/#breadcrumb\"},\"inLanguage\":\"es\",\"potentialAction\":[{\"@type\":\"ReadAction\",\"target\":[\"https:\/\/www.todoalfalfa.com.ar\/noticias\/la-alfalfa-paso-de-tener-oportunidades-a-buenos-negocios\/\"]}]},{\"@type\":\"ImageObject\",\"inLanguage\":\"es\",\"@id\":\"https:\/\/www.todoalfalfa.com.ar\/noticias\/la-alfalfa-paso-de-tener-oportunidades-a-buenos-negocios\/#primaryimage\",\"url\":\"https:\/\/i0.wp.com\/www.todoalfalfa.com.ar\/noticias\/wp-content\/uploads\/2024\/08\/1703075686.jpeg?fit=948%2C533&ssl=1\",\"contentUrl\":\"https:\/\/i0.wp.com\/www.todoalfalfa.com.ar\/noticias\/wp-content\/uploads\/2024\/08\/1703075686.jpeg?fit=948%2C533&ssl=1\",\"width\":948,\"height\":533},{\"@type\":\"BreadcrumbList\",\"@id\":\"https:\/\/www.todoalfalfa.com.ar\/noticias\/la-alfalfa-paso-de-tener-oportunidades-a-buenos-negocios\/#breadcrumb\",\"itemListElement\":[{\"@type\":\"ListItem\",\"position\":1,\"name\":\"Principal\",\"item\":\"https:\/\/www.todoalfalfa.com.ar\/noticias\/\"},{\"@type\":\"ListItem\",\"position\":2,\"name\":\"La alfalfa pas\u00f3 de tener \u201coportunidades\u201d a \u201cbuenos negocios\u201d\"}]},{\"@type\":\"WebSite\",\"@id\":\"https:\/\/www.todoalfalfa.com.ar\/noticias\/#website\",\"url\":\"https:\/\/www.todoalfalfa.com.ar\/noticias\/\",\"name\":\"Todo Alfalfa\",\"description\":\"Web informativa de la cadena de la alfalfa argentina\",\"publisher\":{\"@id\":\"https:\/\/www.todoalfalfa.com.ar\/noticias\/#organization\"},\"potentialAction\":[{\"@type\":\"SearchAction\",\"target\":{\"@type\":\"EntryPoint\",\"urlTemplate\":\"https:\/\/www.todoalfalfa.com.ar\/noticias\/?s={search_term_string}\"},\"query-input\":{\"@type\":\"PropertyValueSpecification\",\"valueRequired\":true,\"valueName\":\"search_term_string\"}}],\"inLanguage\":\"es\"},{\"@type\":\"Organization\",\"@id\":\"https:\/\/www.todoalfalfa.com.ar\/noticias\/#organization\",\"name\":\"Todo Alfalfa\",\"url\":\"https:\/\/www.todoalfalfa.com.ar\/noticias\/\",\"logo\":{\"@type\":\"ImageObject\",\"inLanguage\":\"es\",\"@id\":\"https:\/\/www.todoalfalfa.com.ar\/noticias\/#\/schema\/logo\/image\/\",\"url\":\"https:\/\/www.todoalfalfa.com.ar\/noticias\/wp-content\/uploads\/2020\/09\/logo-todo-alfalfa-modificado.png\",\"contentUrl\":\"https:\/\/www.todoalfalfa.com.ar\/noticias\/wp-content\/uploads\/2020\/09\/logo-todo-alfalfa-modificado.png\",\"width\":350,\"height\":100,\"caption\":\"Todo Alfalfa\"},\"image\":{\"@id\":\"https:\/\/www.todoalfalfa.com.ar\/noticias\/#\/schema\/logo\/image\/\"},\"sameAs\":[\"https:\/\/www.facebook.com\/todoalfalfa\",\"https:\/\/www.instagram.com\/todoalfalfa\",\"https:\/\/www.youtube.com\/@TodoAlfalfa\",\"https:\/\/www.linkedin.com\/company\/todoalfalfa\/\"]},{\"@type\":\"Person\",\"@id\":\"https:\/\/www.todoalfalfa.com.ar\/noticias\/#\/schema\/person\/99de93cb711c7015ef658e5321ba9f18\",\"name\":\"Todo Alfalfa\",\"image\":{\"@type\":\"ImageObject\",\"inLanguage\":\"es\",\"@id\":\"https:\/\/www.todoalfalfa.com.ar\/noticias\/#\/schema\/person\/image\/\",\"url\":\"https:\/\/secure.gravatar.com\/avatar\/50ffd12fb7b268bc2467160730786602db252a270c63104e7c19b5f67b8dd346?s=96&d=mm&r=g\",\"contentUrl\":\"https:\/\/secure.gravatar.com\/avatar\/50ffd12fb7b268bc2467160730786602db252a270c63104e7c19b5f67b8dd346?s=96&d=mm&r=g\",\"caption\":\"Todo Alfalfa\"},\"url\":\"https:\/\/www.todoalfalfa.com.ar\/noticias\/author\/osvaldoiachetta\/\"}]}<\/script>\n<!-- \/ Yoast SEO plugin. -->","yoast_head_json":{"title":"La alfalfa pas\u00f3 de tener \u201coportunidades\u201d a \u201cbuenos negocios\u201d","robots":{"index":"index","follow":"follow","max-snippet":"max-snippet:-1","max-image-preview":"max-image-preview:large","max-video-preview":"max-video-preview:-1"},"canonical":"https:\/\/www.todoalfalfa.com.ar\/noticias\/la-alfalfa-paso-de-tener-oportunidades-a-buenos-negocios\/","og_locale":"es_ES","og_type":"article","og_title":"La alfalfa pas\u00f3 de tener \u201coportunidades\u201d a \u201cbuenos negocios\u201d","og_description":"Es el an\u00e1lisis que Fabi\u00e1n Russo, presidente del Cl\u00faster de Alfalfa de C\u00f3rdoba realiz\u00f3 en di\u00e1logo con TodoAlfalfa. \u201cTodas las herramientas est\u00e1n sobre la mesa\u201d, sostuvo. Por otra parte, habl\u00f3 sobre el trabajo para expandir la entidad a todo el territorio nacional.","og_url":"https:\/\/www.todoalfalfa.com.ar\/noticias\/la-alfalfa-paso-de-tener-oportunidades-a-buenos-negocios\/","og_site_name":"Todo Alfalfa","article_publisher":"https:\/\/www.facebook.com\/todoalfalfa","article_published_time":"2024-08-08T20:26:25+00:00","article_modified_time":"2024-08-08T20:26:28+00:00","og_image":[{"width":948,"height":533,"url":"https:\/\/www.todoalfalfa.com.ar\/noticias\/wp-content\/uploads\/2024\/08\/1703075686.jpeg","type":"image\/jpeg"}],"author":"Todo Alfalfa","twitter_card":"summary_large_image","twitter_misc":{"Escrito por":"Todo Alfalfa","Tiempo de lectura":"3 minutos"},"schema":{"@context":"https:\/\/schema.org","@graph":[{"@type":"NewsArticle","@id":"https:\/\/www.todoalfalfa.com.ar\/noticias\/la-alfalfa-paso-de-tener-oportunidades-a-buenos-negocios\/#article","isPartOf":{"@id":"https:\/\/www.todoalfalfa.com.ar\/noticias\/la-alfalfa-paso-de-tener-oportunidades-a-buenos-negocios\/"},"author":{"name":"Todo Alfalfa","@id":"https:\/\/www.todoalfalfa.com.ar\/noticias\/#\/schema\/person\/99de93cb711c7015ef658e5321ba9f18"},"headline":"La alfalfa pas\u00f3 de tener \u201coportunidades\u201d a \u201cbuenos negocios\u201d","datePublished":"2024-08-08T20:26:25+00:00","dateModified":"2024-08-08T20:26:28+00:00","mainEntityOfPage":{"@id":"https:\/\/www.todoalfalfa.com.ar\/noticias\/la-alfalfa-paso-de-tener-oportunidades-a-buenos-negocios\/"},"wordCount":633,"publisher":{"@id":"https:\/\/www.todoalfalfa.com.ar\/noticias\/#organization"},"image":{"@id":"https:\/\/www.todoalfalfa.com.ar\/noticias\/la-alfalfa-paso-de-tener-oportunidades-a-buenos-negocios\/#primaryimage"},"thumbnailUrl":"https:\/\/i0.wp.com\/www.todoalfalfa.com.ar\/noticias\/wp-content\/uploads\/2024\/08\/1703075686.jpeg?fit=948%2C533&ssl=1","articleSection":["Generales"],"inLanguage":"es"},{"@type":["WebPage","ItemPage"],"@id":"https:\/\/www.todoalfalfa.com.ar\/noticias\/la-alfalfa-paso-de-tener-oportunidades-a-buenos-negocios\/","url":"https:\/\/www.todoalfalfa.com.ar\/noticias\/la-alfalfa-paso-de-tener-oportunidades-a-buenos-negocios\/","name":"La alfalfa pas\u00f3 de tener \u201coportunidades\u201d a \u201cbuenos negocios\u201d","isPartOf":{"@id":"https:\/\/www.todoalfalfa.com.ar\/noticias\/#website"},"primaryImageOfPage":{"@id":"https:\/\/www.todoalfalfa.com.ar\/noticias\/la-alfalfa-paso-de-tener-oportunidades-a-buenos-negocios\/#primaryimage"},"image":{"@id":"https:\/\/www.todoalfalfa.com.ar\/noticias\/la-alfalfa-paso-de-tener-oportunidades-a-buenos-negocios\/#primaryimage"},"thumbnailUrl":"https:\/\/i0.wp.com\/www.todoalfalfa.com.ar\/noticias\/wp-content\/uploads\/2024\/08\/1703075686.jpeg?fit=948%2C533&ssl=1","datePublished":"2024-08-08T20:26:25+00:00","dateModified":"2024-08-08T20:26:28+00:00","breadcrumb":{"@id":"https:\/\/www.todoalfalfa.com.ar\/noticias\/la-alfalfa-paso-de-tener-oportunidades-a-buenos-negocios\/#breadcrumb"},"inLanguage":"es","potentialAction":[{"@type":"ReadAction","target":["https:\/\/www.todoalfalfa.com.ar\/noticias\/la-alfalfa-paso-de-tener-oportunidades-a-buenos-negocios\/"]}]},{"@type":"ImageObject","inLanguage":"es","@id":"https:\/\/www.todoalfalfa.com.ar\/noticias\/la-alfalfa-paso-de-tener-oportunidades-a-buenos-negocios\/#primaryimage","url":"https:\/\/i0.wp.com\/www.todoalfalfa.com.ar\/noticias\/wp-content\/uploads\/2024\/08\/1703075686.jpeg?fit=948%2C533&ssl=1","contentUrl":"https:\/\/i0.wp.com\/www.todoalfalfa.com.ar\/noticias\/wp-content\/uploads\/2024\/08\/1703075686.jpeg?fit=948%2C533&ssl=1","width":948,"height":533},{"@type":"BreadcrumbList","@id":"https:\/\/www.todoalfalfa.com.ar\/noticias\/la-alfalfa-paso-de-tener-oportunidades-a-buenos-negocios\/#breadcrumb","itemListElement":[{"@type":"ListItem","position":1,"name":"Principal","item":"https:\/\/www.todoalfalfa.com.ar\/noticias\/"},{"@type":"ListItem","position":2,"name":"La alfalfa pas\u00f3 de tener \u201coportunidades\u201d a \u201cbuenos negocios\u201d"}]},{"@type":"WebSite","@id":"https:\/\/www.todoalfalfa.com.ar\/noticias\/#website","url":"https:\/\/www.todoalfalfa.com.ar\/noticias\/","name":"Todo Alfalfa","description":"Web informativa de la cadena de la alfalfa argentina","publisher":{"@id":"https:\/\/www.todoalfalfa.com.ar\/noticias\/#organization"},"potentialAction":[{"@type":"SearchAction","target":{"@type":"EntryPoint","urlTemplate":"https:\/\/www.todoalfalfa.com.ar\/noticias\/?s={search_term_string}"},"query-input":{"@type":"PropertyValueSpecification","valueRequired":true,"valueName":"search_term_string"}}],"inLanguage":"es"},{"@type":"Organization","@id":"https:\/\/www.todoalfalfa.com.ar\/noticias\/#organization","name":"Todo Alfalfa","url":"https:\/\/www.todoalfalfa.com.ar\/noticias\/","logo":{"@type":"ImageObject","inLanguage":"es","@id":"https:\/\/www.todoalfalfa.com.ar\/noticias\/#\/schema\/logo\/image\/","url":"https:\/\/www.todoalfalfa.com.ar\/noticias\/wp-content\/uploads\/2020\/09\/logo-todo-alfalfa-modificado.png","contentUrl":"https:\/\/www.todoalfalfa.com.ar\/noticias\/wp-content\/uploads\/2020\/09\/logo-todo-alfalfa-modificado.png","width":350,"height":100,"caption":"Todo Alfalfa"},"image":{"@id":"https:\/\/www.todoalfalfa.com.ar\/noticias\/#\/schema\/logo\/image\/"},"sameAs":["https:\/\/www.facebook.com\/todoalfalfa","https:\/\/www.instagram.com\/todoalfalfa","https:\/\/www.youtube.com\/@TodoAlfalfa","https:\/\/www.linkedin.com\/company\/todoalfalfa\/"]},{"@type":"Person","@id":"https:\/\/www.todoalfalfa.com.ar\/noticias\/#\/schema\/person\/99de93cb711c7015ef658e5321ba9f18","name":"Todo Alfalfa","image":{"@type":"ImageObject","inLanguage":"es","@id":"https:\/\/www.todoalfalfa.com.ar\/noticias\/#\/schema\/person\/image\/","url":"https:\/\/secure.gravatar.com\/avatar\/50ffd12fb7b268bc2467160730786602db252a270c63104e7c19b5f67b8dd346?s=96&d=mm&r=g","contentUrl":"https:\/\/secure.gravatar.com\/avatar\/50ffd12fb7b268bc2467160730786602db252a270c63104e7c19b5f67b8dd346?s=96&d=mm&r=g","caption":"Todo Alfalfa"},"url":"https:\/\/www.todoalfalfa.com.ar\/noticias\/author\/osvaldoiachetta\/"}]}},"jetpack_featured_media_url":"https:\/\/i0.wp.com\/www.todoalfalfa.com.ar\/noticias\/wp-content\/uploads\/2024\/08\/1703075686.jpeg?fit=948%2C533&ssl=1","wps_subtitle":"","jetpack_sharing_enabled":true,"_links":{"self":[{"href":"https:\/\/www.todoalfalfa.com.ar\/noticias\/wp-json\/wp\/v2\/posts\/47658","targetHints":{"allow":["GET"]}}],"collection":[{"href":"https:\/\/www.todoalfalfa.com.ar\/noticias\/wp-json\/wp\/v2\/posts"}],"about":[{"href":"https:\/\/www.todoalfalfa.com.ar\/noticias\/wp-json\/wp\/v2\/types\/post"}],"author":[{"embeddable":true,"href":"https:\/\/www.todoalfalfa.com.ar\/noticias\/wp-json\/wp\/v2\/users\/9"}],"replies":[{"embeddable":true,"href":"https:\/\/www.todoalfalfa.com.ar\/noticias\/wp-json\/wp\/v2\/comments?post=47658"}],"version-history":[{"count":1,"href":"https:\/\/www.todoalfalfa.com.ar\/noticias\/wp-json\/wp\/v2\/posts\/47658\/revisions"}],"predecessor-version":[{"id":47661,"href":"https:\/\/www.todoalfalfa.com.ar\/noticias\/wp-json\/wp\/v2\/posts\/47658\/revisions\/47661"}],"wp:featuredmedia":[{"embeddable":true,"href":"https:\/\/www.todoalfalfa.com.ar\/noticias\/wp-json\/wp\/v2\/media\/47659"}],"wp:attachment":[{"href":"https:\/\/www.todoalfalfa.com.ar\/noticias\/wp-json\/wp\/v2\/media?parent=47658"}],"wp:term":[{"taxonomy":"category","embeddable":true,"href":"https:\/\/www.todoalfalfa.com.ar\/noticias\/wp-json\/wp\/v2\/categories?post=47658"},{"taxonomy":"post_tag","embeddable":true,"href":"https:\/\/www.todoalfalfa.com.ar\/noticias\/wp-json\/wp\/v2\/tags?post=47658"}],"curies":[{"name":"wp","href":"https:\/\/api.w.org\/{rel}","templated":true}]}}