{"id":47908,"date":"2024-10-03T14:31:33","date_gmt":"2024-10-03T17:31:33","guid":{"rendered":"https:\/\/www.todoalfalfa.com.ar\/noticias\/?p=47908"},"modified":"2024-10-03T14:32:41","modified_gmt":"2024-10-03T17:32:41","slug":"alfalfa-charlas-fierros-muestra-heno-negocios-y-mucho-mas-en-expoalfa","status":"publish","type":"post","link":"https:\/\/www.todoalfalfa.com.ar\/noticias\/alfalfa-charlas-fierros-muestra-heno-negocios-y-mucho-mas-en-expoalfa\/","title":{"rendered":"Alfalfa, charlas, fierros, muestra, heno, negocios y mucho m\u00e1s en ExpoAlfa"},"content":{"rendered":"\n<p>La alfalfa promete pisar fuerte en tierras santafesinas. Los d\u00edas 13 y 14 de noviembre la ciudad de Esperanza ser\u00e1 el punto de encuentro para que la cadena alfalfera se re\u00fana. All\u00ed se realizar\u00e1 <strong>ExpoAlfa 2024 <\/strong>con cuatro pilares calificados y convocantes: <strong>Exposici\u00f3n Est\u00e1tica, Ronda de Negocios, Jornadas Nacionales de Alfalfa y la Din\u00e1mica de Maquinarias.<\/strong><\/p>\n\n\n\n<p>El evento, organizado por el sitio <a href=\"http:\/\/www.todoalfalfa.com.ar\">www.todoalfalfa.com.ar<\/a> de <strong>TodoCampos<\/strong> y la <strong>Facultad de Ciencias Agrarias<\/strong> de la <strong>Universidad Nacional del Litoral<\/strong>, apunta a darle continuidad a una propuesta que tuvo su \u00faltimo encuentro en 2019, y que tras un parate post pandemia, vuelve a decir presente con una intensidad inusitada.<\/p>\n\n\n\n<p>El objetivo planteado es claro: \u201c<strong>debatir, exponer, mostrar, proponer, negociar, desnudar<\/strong> la realidad de la alfalfa en todo su proceso\u201d, apunt\u00f3 Antonio Lozano, director de <strong>TodoCampos<\/strong> y remarc\u00f3 que la Expo va a aportar desde el mejoramiento gen\u00e9tico, del cultivo, henificaci\u00f3n, pastoreo, an\u00e1lisis de mercado y la exportaci\u00f3n.<\/p>\n\n\n\n<figure class=\"wp-block-image size-large\"><img data-recalc-dims=\"1\" fetchpriority=\"high\" decoding=\"async\" width=\"576\" height=\"1024\" src=\"https:\/\/i0.wp.com\/www.todoalfalfa.com.ar\/noticias\/wp-content\/uploads\/2024\/10\/WhatsApp-Image-2024-10-01-at-22.14.52.jpeg?resize=576%2C1024&#038;ssl=1\" alt=\"\" class=\"wp-image-47912\"\/><\/figure>\n\n\n\n<p>Antonio Lozano, director de TodoCampos<\/p>\n\n\n\n<p><strong><u>Exposici\u00f3n Est\u00e1tica<\/u><\/strong><\/p>\n\n\n\n<p>La muestra tendr\u00e1 un amplio sector, con un predio excepcional con 5.000 mtrs. y 12 hect\u00e1reas donde las empresas expondr\u00e1n sus novedades para convocar a una asistencia calificada vinculada al cultivo de la alfalfa, a la lecher\u00eda y a la producci\u00f3n ganadera.<\/p>\n\n\n\n<p>Las empresas m\u00e1s importantes del sector mostrar\u00e1n sus novedades y tecnolog\u00edas en stands especialmente preparados para esta ocasi\u00f3n. Ya confirmaron su participaci\u00f3n:<\/p>\n\n\n\n<p>El semillero Zinma Seed, Remonda Castro con las firmas John Deere, Firestone y Pla se desatacar\u00e1n en un stand interno. Alfalfas Wl Agvance con sus productos y trayectoria; Gauss con las m\u00e1quinas Krone, su famoso \u201ctrencito\u201d y otros fierros que presentar\u00e1 en el evento, tendr\u00e1 stand interno y externo; Los Prados con sus variedades de semillas, al igual que Palo Verde y su convenio de vinculaci\u00f3n tecnol\u00f3gica con el Inta (CVT) y el semillero Albert sorprender\u00e1 con su stand.<\/p>\n\n\n\n<p>Las infaltables m\u00e1quinas rojas de Massey Fergunson con Winbahuer ser\u00e1n de la partida junto a Imabe y Apisa con sus m\u00e1quinas compactadoras y deshidratadoras espa\u00f1olas de la mano de Pedro Colla. Como siempre, acompa\u00f1ando, la gente del semillero Pgg Wrightson, Gentos con su pasto, Facyt y Bagual incursionando con fuerza con sus productos en la alfalfa, las m\u00e1quinas francesas Kuhn lucir\u00e1n sus maquinar\u00edas en un importante stand externo.<\/p>\n\n\n\n<p>Dir\u00e1n presentes tambi\u00e9n en esta cita, las m\u00e1quinas de Yomel, Suplefeed con Agroveterinaria Esperanza, Barenbrug con sus semillas e inoculantes, EnerOne con sus equipos de energ\u00edas renovables y sus nuevos equipos Weiheng Ecactus, Biogrow con el bioheno y sus nuevas mantas para coberturas de fardos y rollos, los Tractores Kubotta con Moj\u00f3n Uno, el semillero Las Praderas.<\/p>\n\n\n\n<p>Hicieron lo propio la Municipalidad de Esperanza, las bolsas de Coverbag, la sembradora de De&amp;Ce, las enmiendas biol\u00f3gicas FFO, Alfaterra con sus m\u00e1quinas polacas, y muchos m\u00e1s fierros y servicios; a ello, se le sumar\u00e1n camionetas, bancos, seguros, drones, equipos de riego y otras provincias que dir\u00e1n presentes apoyando esta gran muestra est\u00e1tica.<\/p>\n\n\n\n<p>Tambi\u00e9n habr\u00e1 disponibles tres auditorios (uno de ellos para 1.000 personas, y dos auditorios menores) en los que se desarrollar\u00e1n de manera simultanea charlas y conferencias que ser\u00e1n una de las columnas de esta propuesta. No faltar\u00e1 un sector en el que se podr\u00e1 disfrutar de gastronom\u00eda y show room.<\/p>\n\n\n\n<p><strong><u>Jornadas Nacionales de Alfalfa<\/u><\/strong><\/p>\n\n\n\n<p>\u201cLa <strong>Facultad de Ciencias Agrarias de la Universidad Litoral<\/strong>, a trav\u00e9s de su catedra de forrajes, ha armado los bloques tem\u00e1ticos para las <strong>Jornadas Nacionales de Alfalfa<\/strong>\u201d, agreg\u00f3 Lozano.<\/p>\n\n\n\n<p>Los <strong>mejores disertantes<\/strong> del pa\u00eds har\u00e1n una radiogr\u00e1fica completa del cultivo, mostrar\u00e1n los avances tecnol\u00f3gicos y marcar\u00e1n el camino para superarnos continuamente en este cultivo.<\/p>\n\n\n\n<p>Son una veintena de expertos los confirmados para abordar diversas tem\u00e1ticas relacionadas al sector. Ellos son: Daniel Basigalup, Dan Gardner, Ariel Odorizzi, Gabriela Soto, J. Montoya, G. Marr\u00f3n, Juan Lus, J. Araujo, G. Berhongaray, Gast\u00f3n Urrets Zaval\u00eda, Juan Maiztegui, M. Tonutti, Federico Sanchez, G. Berone, M. Brance Bonvini, Jos\u00e9 Jauregui, S. Imhoff, P. Marano.<\/p>\n\n\n\n<p>Algunos de los temas que se abordar\u00e1n en las Jornadas Nacionales de Alfalfa son los siguientes:<\/p>\n\n\n\n<ul class=\"wp-block-list\">\n<li>Mejoramiento gen\u00e9tico de alfalfa (panorama varietal, biotecnolog\u00eda, programas de mejoramiento).<\/li>\n\n\n\n<li>Red nacional de evaluaci\u00f3n de cultivares Alfalfa en sistemas pastoriles (producci\u00f3n y aprovechamiento eficiente, comportamiento en mezclas forrajeras, los n\u00fameros de la producci\u00f3n)<\/li>\n\n\n\n<li>Innovaci\u00f3n (nuevas tendencias, avances en investigaci\u00f3n, nuevos usos, tecnolog\u00edas aplicadas a medici\u00f3n de productividad)<\/li>\n\n\n\n<li>Econom\u00eda y Mercados (n\u00fameros macro, producci\u00f3n y exportaci\u00f3n, mercados, nuevos desarrollos y posibilidades del cultivo de alfalfa)<\/li>\n\n\n\n<li>Claves para el logro de un cultivo exitoso (sistemas de siembra, fertilizaci\u00f3n, tecnolog\u00edas de producci\u00f3n)<\/li>\n\n\n\n<li>Mecanizaci\u00f3n (tecnolog\u00edas aplicadas a confecci\u00f3n de reservas, industrializaci\u00f3n de alfalfa)<\/li>\n<\/ul>\n\n\n\n<p><strong><u>Din\u00e1mica de maquinaria<\/u><\/strong><\/p>\n\n\n\n<p>\u201cLos fierros en acci\u00f3n\u201d o \u201cla din\u00e1mica de maquinarias forrajeras\u201d, es una de las cuatro propuestas atractivas que brinda la organizaci\u00f3n de ExpoAlfa para la edici\u00f3n 2024 que tendr\u00e1 lugar en Esperanza, Santa Fe.<\/p>\n\n\n\n<p>Se desarrollar\u00e1 en el campo La Nicolina (25 ha), en Rinc\u00f3n de \u00c1vila, sobre Ruta 6. Promete ser un show con casi todas las m\u00e1quinas forrajeras que trabajan en el pa\u00eds. Habr\u00e1 m\u00e1s de 50 fierros en acci\u00f3n de m\u00e1s de 15 empresas.<\/p>\n\n\n\n<p>El ingeniero Federico S\u00e1nchez, responsable de coordinar la din\u00e1mica, anticip\u00f3 que ser\u00e1 una \u201cdemostraci\u00f3n de los distintos modelos y marcas de segadoras, rastrillos, rotoenfardadoras y megas empacadoras, enfardadoras chicos y de megas, compactadoras, picadoras y embolsadoras ser\u00e1 impresionante y atractiva\u201d.<\/p>\n\n\n\n<p>Tambi\u00e9n habr\u00e1 din\u00e1micas de mixers, manipuladores, cargadores de fardos y maquinaria en general.<\/p>\n\n\n\n<figure class=\"wp-block-image size-large\"><img data-recalc-dims=\"1\" decoding=\"async\" width=\"1024\" height=\"768\" src=\"https:\/\/i0.wp.com\/www.todoalfalfa.com.ar\/noticias\/wp-content\/uploads\/2024\/10\/IMG_20221111_121402.jpg?resize=1024%2C768&#038;ssl=1\" alt=\"\" class=\"wp-image-47911\" srcset=\"https:\/\/i0.wp.com\/www.todoalfalfa.com.ar\/noticias\/wp-content\/uploads\/2024\/10\/IMG_20221111_121402-scaled.jpg?resize=1024%2C768&amp;ssl=1 1024w, https:\/\/i0.wp.com\/www.todoalfalfa.com.ar\/noticias\/wp-content\/uploads\/2024\/10\/IMG_20221111_121402-scaled.jpg?resize=300%2C225&amp;ssl=1 300w, https:\/\/i0.wp.com\/www.todoalfalfa.com.ar\/noticias\/wp-content\/uploads\/2024\/10\/IMG_20221111_121402-scaled.jpg?resize=768%2C576&amp;ssl=1 768w, https:\/\/i0.wp.com\/www.todoalfalfa.com.ar\/noticias\/wp-content\/uploads\/2024\/10\/IMG_20221111_121402-scaled.jpg?resize=1536%2C1152&amp;ssl=1 1536w, https:\/\/i0.wp.com\/www.todoalfalfa.com.ar\/noticias\/wp-content\/uploads\/2024\/10\/IMG_20221111_121402-scaled.jpg?resize=2048%2C1536&amp;ssl=1 2048w\" sizes=\"(max-width: 1000px) 100vw, 1000px\" \/><\/figure>\n\n\n\n<p>\u201cEn todos los casos habr\u00e1 comparaciones de sistemas, descripci\u00f3n de las caracter\u00edsticas t\u00e9cnicas de cada m\u00e1quina, uso correcto de la tecnolog\u00eda para producir la mejor calidad\u201d, sostuvo.<\/p>\n\n\n\n<p>La actividad se organizar\u00e1 de la siguiente manera:<\/p>\n\n\n\n<ul class=\"wp-block-list\">\n<li>Din\u00e1mica de segado-acondicionado;<\/li>\n<\/ul>\n\n\n\n<ul class=\"wp-block-list\">\n<li>Din\u00e1mica de hilerado;<\/li>\n<\/ul>\n\n\n\n<ul class=\"wp-block-list\">\n<li>Din\u00e1mica de picado;<\/li>\n<\/ul>\n\n\n\n<ul class=\"wp-block-list\">\n<li>Din\u00e1mica de enfardado (fardos de 25 kg);<\/li>\n<\/ul>\n\n\n\n<ul class=\"wp-block-list\">\n<li>Din\u00e1mica de enrollado;<\/li>\n<\/ul>\n\n\n\n<ul class=\"wp-block-list\">\n<li>Din\u00e1mica de megaenfardado;<\/li>\n<\/ul>\n\n\n\n<ul class=\"wp-block-list\">\n<li>Din\u00e1mica de recolectora de megafardos;<\/li>\n<\/ul>\n\n\n\n<ul class=\"wp-block-list\">\n<li>Din\u00e1mica de usos de heno.<\/li>\n<\/ul>\n\n\n\n<p><strong>Fernando Delbino<\/strong>, titular de la catedra de forrajes de la Facultas de Ciencias Agrarias de la Universidad Nacional del Litoral manifest\u00f3 que \u201cla din\u00e1mica de maquinarias va a ser el lugar en donde las empresas proveedoras van a poder venir y mostrarnos en acci\u00f3n qu\u00e9 es lo que se traen respecto de tecnolog\u00edas, desarrollos y posibilidades para lo que es el corte y la confecci\u00f3n de reservas\u201d.<\/p>\n\n\n\n<figure class=\"wp-block-image size-full\"><img data-recalc-dims=\"1\" decoding=\"async\" width=\"286\" height=\"193\" src=\"https:\/\/i0.wp.com\/www.todoalfalfa.com.ar\/noticias\/wp-content\/uploads\/2024\/10\/Fernando-Delbino-Docente-de-la-Catedra-de-Forrajes-de-la-Facultad-de-Ciencias-Agrarias-UNL-y-coordinador-de-contenidos-de-ExpoAlfa-2024.png?resize=286%2C193&#038;ssl=1\" alt=\"\" class=\"wp-image-47910\"\/><figcaption class=\"wp-element-caption\">Fernando Delbino, titular de la Catedra de Forrajes UNL<\/figcaption><\/figure>\n\n\n\n<p>Agreg\u00f3: \u201ctodo apuntando a maximizar la productividad de las alfalfas y a cuidar la calidad de esta forrajera de cara a los mercados exportadores y tambi\u00e9n a lo que es el consumo local, en donde es fundamental tener reservas de buena calidad para transformar en carne y en leche\u201d.<\/p>\n\n\n\n<p>Adem\u00e1s, sostuvo que \u201cse va a estar haciendo sobre una alfalfa que es de segundo a\u00f1o. Que est\u00e1 en excelentes condiciones\u201d.<\/p>\n\n\n\n<p>Por otra parte, habr\u00e1 empresas que estar\u00e1n mostrando \u201csus productos in situ aplicados en el cultivo\u201d, explic\u00f3 y agreg\u00f3 que se trata de \u201cempresas que venden productos de aplicaci\u00f3n foliar o aplicaci\u00f3n en el suelo\u201d. All\u00ed se podr\u00e1n ver los resultados de la aplicaci\u00f3n de sus productos en este cultivo.<\/p>\n\n\n\n<p><strong>Ronda de negocios<\/strong><\/p>\n\n\n\n<p>La intenci\u00f3n es que compradores y vendedores, oferentes y demandantes, sean parte de las mesas de negocios para realizar operaciones de manera directa.<\/p>\n\n\n\n<p>En ese marco, la organizaci\u00f3n diagram\u00f3 un esquema de cuatro puntos:<\/p>\n\n\n\n<p>1 \u2013 Mercado interno: productores con due\u00f1os de tambos, feedlots y empresas l\u00e1cteas.<\/p>\n\n\n\n<p>2 \u2013 Mercado externo: Grandes productores y compradores internacionales estar\u00e1n cara a cara para negociar la alfalfa de calidad henificada.<\/p>\n\n\n\n<p>3 \u2013 Negocios para nuevos mercados (semillas no GMO, desarrollos sostenibles, demandas calificadas)<\/p>\n\n\n\n<p>4 \u2013 Maquinaria e Insumos (participan sponsor del evento con compradores asistentes)<\/p>\n\n\n\n<p>\u00bfC\u00f3mo ser parte?<\/p>\n\n\n\n<p>Para ser parte de la Ronda de Negocios hay dos alternativas. Una ser\u00e1 para aquellas empresas que son Sponsor quienes acceder\u00e1n directamente; y para oferentes y empresas que no sean sponsor deber\u00e1n abonar un \u201cticket de mesa\/ingreso\u201d.<\/p>\n\n\n\n<p>Sin embargo, todos deber\u00e1n inscribirse a trav\u00e9s de (ver modalidad), desde all\u00ed la organizaci\u00f3n enviar\u00e1 un QR de acceso.<\/p>\n\n\n\n<p>La finalidad de esta Ronda de Negocios es que los empresarios\/as del sector puedan establecer contacto con empresas y operadores para llevar a cabo futuros negocios.<\/p>\n\n\n\n<p>La modalidad elegida para iniciar el contacto es a trav\u00e9s de entrevistas personales donde las partes se vincular\u00e1n un tiempo preestablecido por la organizaci\u00f3n. Ello depender\u00e1 de cuantos oferentes y compradores participen.<\/p>\n\n\n\n<p>El objetivo de ExpoAlfa 2024 -sostiene Lozano- \u201ces que sea un gran encuentro donde podamos poner en el centro de la escena, c\u00f3mo mejoramos la calidad, c\u00f3mo aumentamos la producci\u00f3n y c\u00f3mo exportamos mucho m\u00e1s, porque la alfalfa en Argentina, no tiene techo\u201d.<\/p>\n\n\n\n<p>Se puede seguir la informaci\u00f3n, ver el programa definitivo e inscribirse en el evento en <a href=\"http:\/\/www.ExpoAlfa.com.ar\">www.ExpoAlfa.com.ar<\/a><\/p>\n<div class=\"todoalfalfa-final-de-la-nota\" id=\"todoalfalfa-4134970623\"><a href=\"https:\/\/www.whatsapp.com\/channel\/0029VbCBmFB9WtBxJsD3eC2i\" target=\"_blank\" aria-label=\"5\"><img src=\"https:\/\/i0.wp.com\/www.todoalfalfa.com.ar\/noticias\/wp-content\/uploads\/2026\/04\/5.gif?fit=728%2C90&#038;ssl=1\" alt=\"\"  width=\"728\" height=\"90\"   \/><\/a><\/div>","protected":false},"excerpt":{"rendered":"<p>Con cuatro pilares fundamentales que son Exposici\u00f3n Est\u00e1tica, Ronda de Negocios, Jornadas Nacionales de Alfalfa y la Din\u00e1mica de Maquinarias la muestra promete revolucionar tierras santafesinas. Los d\u00edas 13 y 14 de noviembre, Esperanza se viste de fiesta.<\/p>\n","protected":false},"author":9,"featured_media":47913,"comment_status":"closed","ping_status":"open","sticky":false,"template":"","format":"standard","meta":{"jetpack_post_was_ever_published":false,"_jetpack_newsletter_access":"","_jetpack_dont_email_post_to_subs":false,"_jetpack_newsletter_tier_id":0,"_jetpack_memberships_contains_paywalled_content":false,"_jetpack_memberships_contains_paid_content":false,"footnotes":""},"categories":[2],"tags":[31,1762,54,1659,17,21],"class_list":["post-47908","post","type-post","status-publish","format-standard","has-post-thumbnail","hentry","category-generales","tag-alfalfa","tag-expoalfa-2024","tag-forrajes","tag-novedades","tag-pasturas","tag-produccion"],"yoast_head":"<!-- This site is optimized with the Yoast SEO plugin v25.5 - https:\/\/yoast.com\/wordpress\/plugins\/seo\/ -->\n<title>Alfalfa, charlas, fierros, muestra, heno, negocios y mucho m\u00e1s en ExpoAlfa<\/title>\n<meta name=\"robots\" content=\"index, follow, max-snippet:-1, max-image-preview:large, max-video-preview:-1\" \/>\n<link rel=\"canonical\" href=\"https:\/\/www.todoalfalfa.com.ar\/noticias\/alfalfa-charlas-fierros-muestra-heno-negocios-y-mucho-mas-en-expoalfa\/\" \/>\n<meta property=\"og:locale\" content=\"es_ES\" \/>\n<meta property=\"og:type\" content=\"article\" \/>\n<meta property=\"og:title\" content=\"Alfalfa, charlas, fierros, muestra, heno, negocios y mucho m\u00e1s en ExpoAlfa\" \/>\n<meta property=\"og:description\" content=\"Con cuatro pilares fundamentales que son Exposici\u00f3n Est\u00e1tica, Ronda de Negocios, Jornadas Nacionales de Alfalfa y la Din\u00e1mica de Maquinarias la muestra promete revolucionar tierras santafesinas. Los d\u00edas 13 y 14 de noviembre, Esperanza se viste de fiesta.\" \/>\n<meta property=\"og:url\" content=\"https:\/\/www.todoalfalfa.com.ar\/noticias\/alfalfa-charlas-fierros-muestra-heno-negocios-y-mucho-mas-en-expoalfa\/\" \/>\n<meta property=\"og:site_name\" content=\"Todo Alfalfa\" \/>\n<meta property=\"article:publisher\" content=\"https:\/\/www.facebook.com\/todoalfalfa\" \/>\n<meta property=\"article:published_time\" content=\"2024-10-03T17:31:33+00:00\" \/>\n<meta property=\"article:modified_time\" content=\"2024-10-03T17:32:41+00:00\" \/>\n<meta property=\"og:image\" content=\"https:\/\/www.todoalfalfa.com.ar\/noticias\/wp-content\/uploads\/2024\/10\/Publicidad-Infortambo-e1727976663226.jpeg\" \/>\n\t<meta property=\"og:image:width\" content=\"1078\" \/>\n\t<meta property=\"og:image:height\" content=\"1088\" \/>\n\t<meta property=\"og:image:type\" content=\"image\/jpeg\" \/>\n<meta name=\"author\" content=\"Todo Alfalfa\" \/>\n<meta name=\"twitter:card\" content=\"summary_large_image\" \/>\n<meta name=\"twitter:label1\" content=\"Escrito por\" \/>\n\t<meta name=\"twitter:data1\" content=\"Todo Alfalfa\" \/>\n\t<meta name=\"twitter:label2\" content=\"Tiempo de lectura\" \/>\n\t<meta name=\"twitter:data2\" content=\"8 minutos\" \/>\n<script type=\"application\/ld+json\" class=\"yoast-schema-graph\">{\"@context\":\"https:\/\/schema.org\",\"@graph\":[{\"@type\":\"NewsArticle\",\"@id\":\"https:\/\/www.todoalfalfa.com.ar\/noticias\/alfalfa-charlas-fierros-muestra-heno-negocios-y-mucho-mas-en-expoalfa\/#article\",\"isPartOf\":{\"@id\":\"https:\/\/www.todoalfalfa.com.ar\/noticias\/alfalfa-charlas-fierros-muestra-heno-negocios-y-mucho-mas-en-expoalfa\/\"},\"author\":{\"name\":\"Todo Alfalfa\",\"@id\":\"https:\/\/www.todoalfalfa.com.ar\/noticias\/#\/schema\/person\/99de93cb711c7015ef658e5321ba9f18\"},\"headline\":\"Alfalfa, charlas, fierros, muestra, heno, negocios y mucho m\u00e1s en ExpoAlfa\",\"datePublished\":\"2024-10-03T17:31:33+00:00\",\"dateModified\":\"2024-10-03T17:32:41+00:00\",\"mainEntityOfPage\":{\"@id\":\"https:\/\/www.todoalfalfa.com.ar\/noticias\/alfalfa-charlas-fierros-muestra-heno-negocios-y-mucho-mas-en-expoalfa\/\"},\"wordCount\":1558,\"publisher\":{\"@id\":\"https:\/\/www.todoalfalfa.com.ar\/noticias\/#organization\"},\"image\":{\"@id\":\"https:\/\/www.todoalfalfa.com.ar\/noticias\/alfalfa-charlas-fierros-muestra-heno-negocios-y-mucho-mas-en-expoalfa\/#primaryimage\"},\"thumbnailUrl\":\"https:\/\/i0.wp.com\/www.todoalfalfa.com.ar\/noticias\/wp-content\/uploads\/2024\/10\/Publicidad-Infortambo-e1727976663226.jpeg?fit=1078%2C1088&ssl=1\",\"keywords\":[\"alfalfa\",\"ExpoAlfa 2024\",\"forrajes\",\"Novedades\",\"pasturas\",\"producci\u00f3n\"],\"articleSection\":[\"Generales\"],\"inLanguage\":\"es\"},{\"@type\":[\"WebPage\",\"ItemPage\"],\"@id\":\"https:\/\/www.todoalfalfa.com.ar\/noticias\/alfalfa-charlas-fierros-muestra-heno-negocios-y-mucho-mas-en-expoalfa\/\",\"url\":\"https:\/\/www.todoalfalfa.com.ar\/noticias\/alfalfa-charlas-fierros-muestra-heno-negocios-y-mucho-mas-en-expoalfa\/\",\"name\":\"Alfalfa, charlas, fierros, muestra, heno, negocios y mucho m\u00e1s en ExpoAlfa\",\"isPartOf\":{\"@id\":\"https:\/\/www.todoalfalfa.com.ar\/noticias\/#website\"},\"primaryImageOfPage\":{\"@id\":\"https:\/\/www.todoalfalfa.com.ar\/noticias\/alfalfa-charlas-fierros-muestra-heno-negocios-y-mucho-mas-en-expoalfa\/#primaryimage\"},\"image\":{\"@id\":\"https:\/\/www.todoalfalfa.com.ar\/noticias\/alfalfa-charlas-fierros-muestra-heno-negocios-y-mucho-mas-en-expoalfa\/#primaryimage\"},\"thumbnailUrl\":\"https:\/\/i0.wp.com\/www.todoalfalfa.com.ar\/noticias\/wp-content\/uploads\/2024\/10\/Publicidad-Infortambo-e1727976663226.jpeg?fit=1078%2C1088&ssl=1\",\"datePublished\":\"2024-10-03T17:31:33+00:00\",\"dateModified\":\"2024-10-03T17:32:41+00:00\",\"breadcrumb\":{\"@id\":\"https:\/\/www.todoalfalfa.com.ar\/noticias\/alfalfa-charlas-fierros-muestra-heno-negocios-y-mucho-mas-en-expoalfa\/#breadcrumb\"},\"inLanguage\":\"es\",\"potentialAction\":[{\"@type\":\"ReadAction\",\"target\":[\"https:\/\/www.todoalfalfa.com.ar\/noticias\/alfalfa-charlas-fierros-muestra-heno-negocios-y-mucho-mas-en-expoalfa\/\"]}]},{\"@type\":\"ImageObject\",\"inLanguage\":\"es\",\"@id\":\"https:\/\/www.todoalfalfa.com.ar\/noticias\/alfalfa-charlas-fierros-muestra-heno-negocios-y-mucho-mas-en-expoalfa\/#primaryimage\",\"url\":\"https:\/\/i0.wp.com\/www.todoalfalfa.com.ar\/noticias\/wp-content\/uploads\/2024\/10\/Publicidad-Infortambo-e1727976663226.jpeg?fit=1078%2C1088&ssl=1\",\"contentUrl\":\"https:\/\/i0.wp.com\/www.todoalfalfa.com.ar\/noticias\/wp-content\/uploads\/2024\/10\/Publicidad-Infortambo-e1727976663226.jpeg?fit=1078%2C1088&ssl=1\",\"width\":1078,\"height\":1088},{\"@type\":\"BreadcrumbList\",\"@id\":\"https:\/\/www.todoalfalfa.com.ar\/noticias\/alfalfa-charlas-fierros-muestra-heno-negocios-y-mucho-mas-en-expoalfa\/#breadcrumb\",\"itemListElement\":[{\"@type\":\"ListItem\",\"position\":1,\"name\":\"Principal\",\"item\":\"https:\/\/www.todoalfalfa.com.ar\/noticias\/\"},{\"@type\":\"ListItem\",\"position\":2,\"name\":\"Alfalfa, charlas, fierros, muestra, heno, negocios y mucho m\u00e1s en ExpoAlfa\"}]},{\"@type\":\"WebSite\",\"@id\":\"https:\/\/www.todoalfalfa.com.ar\/noticias\/#website\",\"url\":\"https:\/\/www.todoalfalfa.com.ar\/noticias\/\",\"name\":\"Todo Alfalfa\",\"description\":\"Web informativa de la cadena de la alfalfa argentina\",\"publisher\":{\"@id\":\"https:\/\/www.todoalfalfa.com.ar\/noticias\/#organization\"},\"potentialAction\":[{\"@type\":\"SearchAction\",\"target\":{\"@type\":\"EntryPoint\",\"urlTemplate\":\"https:\/\/www.todoalfalfa.com.ar\/noticias\/?s={search_term_string}\"},\"query-input\":{\"@type\":\"PropertyValueSpecification\",\"valueRequired\":true,\"valueName\":\"search_term_string\"}}],\"inLanguage\":\"es\"},{\"@type\":\"Organization\",\"@id\":\"https:\/\/www.todoalfalfa.com.ar\/noticias\/#organization\",\"name\":\"Todo Alfalfa\",\"url\":\"https:\/\/www.todoalfalfa.com.ar\/noticias\/\",\"logo\":{\"@type\":\"ImageObject\",\"inLanguage\":\"es\",\"@id\":\"https:\/\/www.todoalfalfa.com.ar\/noticias\/#\/schema\/logo\/image\/\",\"url\":\"https:\/\/www.todoalfalfa.com.ar\/noticias\/wp-content\/uploads\/2020\/09\/logo-todo-alfalfa-modificado.png\",\"contentUrl\":\"https:\/\/www.todoalfalfa.com.ar\/noticias\/wp-content\/uploads\/2020\/09\/logo-todo-alfalfa-modificado.png\",\"width\":350,\"height\":100,\"caption\":\"Todo Alfalfa\"},\"image\":{\"@id\":\"https:\/\/www.todoalfalfa.com.ar\/noticias\/#\/schema\/logo\/image\/\"},\"sameAs\":[\"https:\/\/www.facebook.com\/todoalfalfa\",\"https:\/\/www.instagram.com\/todoalfalfa\",\"https:\/\/www.youtube.com\/@TodoAlfalfa\",\"https:\/\/www.linkedin.com\/company\/todoalfalfa\/\"]},{\"@type\":\"Person\",\"@id\":\"https:\/\/www.todoalfalfa.com.ar\/noticias\/#\/schema\/person\/99de93cb711c7015ef658e5321ba9f18\",\"name\":\"Todo Alfalfa\",\"image\":{\"@type\":\"ImageObject\",\"inLanguage\":\"es\",\"@id\":\"https:\/\/www.todoalfalfa.com.ar\/noticias\/#\/schema\/person\/image\/\",\"url\":\"https:\/\/secure.gravatar.com\/avatar\/50ffd12fb7b268bc2467160730786602db252a270c63104e7c19b5f67b8dd346?s=96&d=mm&r=g\",\"contentUrl\":\"https:\/\/secure.gravatar.com\/avatar\/50ffd12fb7b268bc2467160730786602db252a270c63104e7c19b5f67b8dd346?s=96&d=mm&r=g\",\"caption\":\"Todo Alfalfa\"},\"url\":\"https:\/\/www.todoalfalfa.com.ar\/noticias\/author\/osvaldoiachetta\/\"}]}<\/script>\n<!-- \/ Yoast SEO plugin. -->","yoast_head_json":{"title":"Alfalfa, charlas, fierros, muestra, heno, negocios y mucho m\u00e1s en ExpoAlfa","robots":{"index":"index","follow":"follow","max-snippet":"max-snippet:-1","max-image-preview":"max-image-preview:large","max-video-preview":"max-video-preview:-1"},"canonical":"https:\/\/www.todoalfalfa.com.ar\/noticias\/alfalfa-charlas-fierros-muestra-heno-negocios-y-mucho-mas-en-expoalfa\/","og_locale":"es_ES","og_type":"article","og_title":"Alfalfa, charlas, fierros, muestra, heno, negocios y mucho m\u00e1s en ExpoAlfa","og_description":"Con cuatro pilares fundamentales que son Exposici\u00f3n Est\u00e1tica, Ronda de Negocios, Jornadas Nacionales de Alfalfa y la Din\u00e1mica de Maquinarias la muestra promete revolucionar tierras santafesinas. Los d\u00edas 13 y 14 de noviembre, Esperanza se viste de fiesta.","og_url":"https:\/\/www.todoalfalfa.com.ar\/noticias\/alfalfa-charlas-fierros-muestra-heno-negocios-y-mucho-mas-en-expoalfa\/","og_site_name":"Todo Alfalfa","article_publisher":"https:\/\/www.facebook.com\/todoalfalfa","article_published_time":"2024-10-03T17:31:33+00:00","article_modified_time":"2024-10-03T17:32:41+00:00","og_image":[{"width":1078,"height":1088,"url":"https:\/\/www.todoalfalfa.com.ar\/noticias\/wp-content\/uploads\/2024\/10\/Publicidad-Infortambo-e1727976663226.jpeg","type":"image\/jpeg"}],"author":"Todo Alfalfa","twitter_card":"summary_large_image","twitter_misc":{"Escrito por":"Todo Alfalfa","Tiempo de lectura":"8 minutos"},"schema":{"@context":"https:\/\/schema.org","@graph":[{"@type":"NewsArticle","@id":"https:\/\/www.todoalfalfa.com.ar\/noticias\/alfalfa-charlas-fierros-muestra-heno-negocios-y-mucho-mas-en-expoalfa\/#article","isPartOf":{"@id":"https:\/\/www.todoalfalfa.com.ar\/noticias\/alfalfa-charlas-fierros-muestra-heno-negocios-y-mucho-mas-en-expoalfa\/"},"author":{"name":"Todo Alfalfa","@id":"https:\/\/www.todoalfalfa.com.ar\/noticias\/#\/schema\/person\/99de93cb711c7015ef658e5321ba9f18"},"headline":"Alfalfa, charlas, fierros, muestra, heno, negocios y mucho m\u00e1s en ExpoAlfa","datePublished":"2024-10-03T17:31:33+00:00","dateModified":"2024-10-03T17:32:41+00:00","mainEntityOfPage":{"@id":"https:\/\/www.todoalfalfa.com.ar\/noticias\/alfalfa-charlas-fierros-muestra-heno-negocios-y-mucho-mas-en-expoalfa\/"},"wordCount":1558,"publisher":{"@id":"https:\/\/www.todoalfalfa.com.ar\/noticias\/#organization"},"image":{"@id":"https:\/\/www.todoalfalfa.com.ar\/noticias\/alfalfa-charlas-fierros-muestra-heno-negocios-y-mucho-mas-en-expoalfa\/#primaryimage"},"thumbnailUrl":"https:\/\/i0.wp.com\/www.todoalfalfa.com.ar\/noticias\/wp-content\/uploads\/2024\/10\/Publicidad-Infortambo-e1727976663226.jpeg?fit=1078%2C1088&ssl=1","keywords":["alfalfa","ExpoAlfa 2024","forrajes","Novedades","pasturas","producci\u00f3n"],"articleSection":["Generales"],"inLanguage":"es"},{"@type":["WebPage","ItemPage"],"@id":"https:\/\/www.todoalfalfa.com.ar\/noticias\/alfalfa-charlas-fierros-muestra-heno-negocios-y-mucho-mas-en-expoalfa\/","url":"https:\/\/www.todoalfalfa.com.ar\/noticias\/alfalfa-charlas-fierros-muestra-heno-negocios-y-mucho-mas-en-expoalfa\/","name":"Alfalfa, charlas, fierros, muestra, heno, negocios y mucho m\u00e1s en ExpoAlfa","isPartOf":{"@id":"https:\/\/www.todoalfalfa.com.ar\/noticias\/#website"},"primaryImageOfPage":{"@id":"https:\/\/www.todoalfalfa.com.ar\/noticias\/alfalfa-charlas-fierros-muestra-heno-negocios-y-mucho-mas-en-expoalfa\/#primaryimage"},"image":{"@id":"https:\/\/www.todoalfalfa.com.ar\/noticias\/alfalfa-charlas-fierros-muestra-heno-negocios-y-mucho-mas-en-expoalfa\/#primaryimage"},"thumbnailUrl":"https:\/\/i0.wp.com\/www.todoalfalfa.com.ar\/noticias\/wp-content\/uploads\/2024\/10\/Publicidad-Infortambo-e1727976663226.jpeg?fit=1078%2C1088&ssl=1","datePublished":"2024-10-03T17:31:33+00:00","dateModified":"2024-10-03T17:32:41+00:00","breadcrumb":{"@id":"https:\/\/www.todoalfalfa.com.ar\/noticias\/alfalfa-charlas-fierros-muestra-heno-negocios-y-mucho-mas-en-expoalfa\/#breadcrumb"},"inLanguage":"es","potentialAction":[{"@type":"ReadAction","target":["https:\/\/www.todoalfalfa.com.ar\/noticias\/alfalfa-charlas-fierros-muestra-heno-negocios-y-mucho-mas-en-expoalfa\/"]}]},{"@type":"ImageObject","inLanguage":"es","@id":"https:\/\/www.todoalfalfa.com.ar\/noticias\/alfalfa-charlas-fierros-muestra-heno-negocios-y-mucho-mas-en-expoalfa\/#primaryimage","url":"https:\/\/i0.wp.com\/www.todoalfalfa.com.ar\/noticias\/wp-content\/uploads\/2024\/10\/Publicidad-Infortambo-e1727976663226.jpeg?fit=1078%2C1088&ssl=1","contentUrl":"https:\/\/i0.wp.com\/www.todoalfalfa.com.ar\/noticias\/wp-content\/uploads\/2024\/10\/Publicidad-Infortambo-e1727976663226.jpeg?fit=1078%2C1088&ssl=1","width":1078,"height":1088},{"@type":"BreadcrumbList","@id":"https:\/\/www.todoalfalfa.com.ar\/noticias\/alfalfa-charlas-fierros-muestra-heno-negocios-y-mucho-mas-en-expoalfa\/#breadcrumb","itemListElement":[{"@type":"ListItem","position":1,"name":"Principal","item":"https:\/\/www.todoalfalfa.com.ar\/noticias\/"},{"@type":"ListItem","position":2,"name":"Alfalfa, charlas, fierros, muestra, heno, negocios y mucho m\u00e1s en ExpoAlfa"}]},{"@type":"WebSite","@id":"https:\/\/www.todoalfalfa.com.ar\/noticias\/#website","url":"https:\/\/www.todoalfalfa.com.ar\/noticias\/","name":"Todo Alfalfa","description":"Web informativa de la cadena de la alfalfa argentina","publisher":{"@id":"https:\/\/www.todoalfalfa.com.ar\/noticias\/#organization"},"potentialAction":[{"@type":"SearchAction","target":{"@type":"EntryPoint","urlTemplate":"https:\/\/www.todoalfalfa.com.ar\/noticias\/?s={search_term_string}"},"query-input":{"@type":"PropertyValueSpecification","valueRequired":true,"valueName":"search_term_string"}}],"inLanguage":"es"},{"@type":"Organization","@id":"https:\/\/www.todoalfalfa.com.ar\/noticias\/#organization","name":"Todo Alfalfa","url":"https:\/\/www.todoalfalfa.com.ar\/noticias\/","logo":{"@type":"ImageObject","inLanguage":"es","@id":"https:\/\/www.todoalfalfa.com.ar\/noticias\/#\/schema\/logo\/image\/","url":"https:\/\/www.todoalfalfa.com.ar\/noticias\/wp-content\/uploads\/2020\/09\/logo-todo-alfalfa-modificado.png","contentUrl":"https:\/\/www.todoalfalfa.com.ar\/noticias\/wp-content\/uploads\/2020\/09\/logo-todo-alfalfa-modificado.png","width":350,"height":100,"caption":"Todo Alfalfa"},"image":{"@id":"https:\/\/www.todoalfalfa.com.ar\/noticias\/#\/schema\/logo\/image\/"},"sameAs":["https:\/\/www.facebook.com\/todoalfalfa","https:\/\/www.instagram.com\/todoalfalfa","https:\/\/www.youtube.com\/@TodoAlfalfa","https:\/\/www.linkedin.com\/company\/todoalfalfa\/"]},{"@type":"Person","@id":"https:\/\/www.todoalfalfa.com.ar\/noticias\/#\/schema\/person\/99de93cb711c7015ef658e5321ba9f18","name":"Todo Alfalfa","image":{"@type":"ImageObject","inLanguage":"es","@id":"https:\/\/www.todoalfalfa.com.ar\/noticias\/#\/schema\/person\/image\/","url":"https:\/\/secure.gravatar.com\/avatar\/50ffd12fb7b268bc2467160730786602db252a270c63104e7c19b5f67b8dd346?s=96&d=mm&r=g","contentUrl":"https:\/\/secure.gravatar.com\/avatar\/50ffd12fb7b268bc2467160730786602db252a270c63104e7c19b5f67b8dd346?s=96&d=mm&r=g","caption":"Todo Alfalfa"},"url":"https:\/\/www.todoalfalfa.com.ar\/noticias\/author\/osvaldoiachetta\/"}]}},"jetpack_featured_media_url":"https:\/\/i0.wp.com\/www.todoalfalfa.com.ar\/noticias\/wp-content\/uploads\/2024\/10\/Publicidad-Infortambo-e1727976663226.jpeg?fit=1078%2C1088&ssl=1","wps_subtitle":"","jetpack_sharing_enabled":true,"_links":{"self":[{"href":"https:\/\/www.todoalfalfa.com.ar\/noticias\/wp-json\/wp\/v2\/posts\/47908","targetHints":{"allow":["GET"]}}],"collection":[{"href":"https:\/\/www.todoalfalfa.com.ar\/noticias\/wp-json\/wp\/v2\/posts"}],"about":[{"href":"https:\/\/www.todoalfalfa.com.ar\/noticias\/wp-json\/wp\/v2\/types\/post"}],"author":[{"embeddable":true,"href":"https:\/\/www.todoalfalfa.com.ar\/noticias\/wp-json\/wp\/v2\/users\/9"}],"replies":[{"embeddable":true,"href":"https:\/\/www.todoalfalfa.com.ar\/noticias\/wp-json\/wp\/v2\/comments?post=47908"}],"version-history":[{"count":1,"href":"https:\/\/www.todoalfalfa.com.ar\/noticias\/wp-json\/wp\/v2\/posts\/47908\/revisions"}],"predecessor-version":[{"id":47914,"href":"https:\/\/www.todoalfalfa.com.ar\/noticias\/wp-json\/wp\/v2\/posts\/47908\/revisions\/47914"}],"wp:featuredmedia":[{"embeddable":true,"href":"https:\/\/www.todoalfalfa.com.ar\/noticias\/wp-json\/wp\/v2\/media\/47913"}],"wp:attachment":[{"href":"https:\/\/www.todoalfalfa.com.ar\/noticias\/wp-json\/wp\/v2\/media?parent=47908"}],"wp:term":[{"taxonomy":"category","embeddable":true,"href":"https:\/\/www.todoalfalfa.com.ar\/noticias\/wp-json\/wp\/v2\/categories?post=47908"},{"taxonomy":"post_tag","embeddable":true,"href":"https:\/\/www.todoalfalfa.com.ar\/noticias\/wp-json\/wp\/v2\/tags?post=47908"}],"curies":[{"name":"wp","href":"https:\/\/api.w.org\/{rel}","templated":true}]}}