{"id":48003,"date":"2024-10-17T06:45:05","date_gmt":"2024-10-17T09:45:05","guid":{"rendered":"https:\/\/www.todoalfalfa.com.ar\/noticias\/?p=48003"},"modified":"2024-10-19T08:56:07","modified_gmt":"2024-10-19T11:56:07","slug":"las-jornadas-nacionales-de-alfalfa-tienen-su-programa-confirmado","status":"publish","type":"post","link":"https:\/\/www.todoalfalfa.com.ar\/noticias\/las-jornadas-nacionales-de-alfalfa-tienen-su-programa-confirmado\/","title":{"rendered":"Las Jornadas Nacionales de Alfalfa tienen su programa confirmado"},"content":{"rendered":"\n<p>La Facultad de Ciencias Agrarias de la Universidad Litoral, a trav\u00e9s de la catedra de forrajes, trabaj\u00f3 en el desarrollo de los contendidos de las \u201cJornadas Nacionales de Alfalfa\u201d. Destacados especialistas disertar\u00e1n cubriendo todos los aspectos del cultivo, mostrar\u00e1n los avances tecnol\u00f3gicos y marcar\u00e1n el camino para una mejora continua.<\/p>\n\n\n\n<p>El programa, detallado con disertantes y temas que se abordar\u00e1n en las Jornadas Nacionales de Alfalfa, es el siguiente:<\/p>\n\n\n\n<p><strong>D\u00eda 13 de Noviembre&nbsp;<\/strong><strong><\/strong><\/p>\n\n\n\n<p>8.00 a 9.00 hs: Inscripciones<\/p>\n\n\n\n<p>9.00 hs: Apertura del evento con la presencia de funcionarios y organizadores.<\/p>\n\n\n\n<p>9:30 hs: Potenciar la ganancia gen\u00e9tica del rendimiento forrajero en alfalfa a trav\u00e9s de la integraci\u00f3n de t\u00e9cnicas de mejoramiento avanzado. <strong>Ariel Odorizzi<\/strong>&nbsp;<\/p>\n\n\n\n<p>9:50 hs: Biotecnolog\u00eda en alfalfa, del laboratorio al campo. <strong>Gabriela Soto<\/strong>.<\/p>\n\n\n\n<p>10:10 hs: Breeding y producci\u00f3n en Alfalfa &#8211; <strong>Dan Gardner<\/strong><\/p>\n\n\n\n<p>10:30 hs: Espacio de preguntas<\/p>\n\n\n\n<p>10:45 hs: Cofee break&nbsp;<\/p>\n\n\n\n<p>11.30 hs: M\u00e1s All\u00e1 del Forraje: El Impacto de la Alfalfa en la Fertilidad del Suelo (y vice versa). <strong>Gonzalo Berhongaray<\/strong><\/p>\n\n\n\n<p>11.50 hs: Para que la alfalfa siga siendo la reina de las forrajeras, pens\u00e1 en el riego.&nbsp;<strong>Roberto Marano<\/strong><\/p>\n\n\n\n<p>12:10 hs: Integraci\u00f3n de la alfalfa en sistemas silvopastoriles. Una alternativa para la producci\u00f3n sostenible. <strong>Jonicelia Araujo<\/strong><\/p>\n\n\n\n<p>12:30 hs: Ronda de preguntas<\/p>\n\n\n\n<p>12:45 hs: Almuerzo&nbsp;<\/p>\n\n\n\n<p>14.30 hs: \u00bfC\u00f3mo trabajan las empresas en sus programas de mejoramiento? Zinma, Palo Verde, WL, Los Prados.<\/p>\n\n\n\n<p>15:10 hs: Producci\u00f3n y utilizaci\u00f3n eficiente&nbsp;del cultivo de alfalfa. <strong>Germ\u00e1n Berone<\/strong><\/p>\n\n\n\n<p>15.30 hs: Alternativas forrajeras y su impacto en la salud del suelo. <strong>Jos\u00e9 Jauregui<\/strong>.<\/p>\n\n\n\n<p>15.50 hs: Hacia la sostenibilidad en la producci\u00f3n de alfalfa. Fundaci\u00f3n Gen E<\/p>\n\n\n\n<p>16.10 hs: Rotoenfardadoras Inteligentes y Digitales. <strong>Federico Sanchez<\/strong>.<\/p>\n\n\n\n<p>16.30 hs: Ronda de preguntas.<\/p>\n\n\n\n<p>16.45 hs: cierre de jornada.<\/p>\n\n\n\n<p><strong>D\u00eda 14 de Noviembre<\/strong><strong><\/strong><\/p>\n\n\n\n<p>08.30 hs: Recepci\u00f3n CICAE&nbsp;<\/p>\n\n\n\n<p>09.00 hs: Claves para una siembra eficiente de alfalfa. <strong>Guillermo Marr\u00f3n<\/strong><em>.<\/em><\/p>\n\n\n\n<p>09:20 hs: La importancia de la calidad de semilla en implantaci\u00f3n de pasturas \u2013 <strong>Ainalen Carassai\/Lorena Iacopini&nbsp;<\/strong><\/p>\n\n\n\n<p>09.40 hs: Los enemigos silenciosos que limitan el potencial de rendimiento en las alfalfas de calidad. <strong>Juan Lus<\/strong><\/p>\n\n\n\n<p>10:00 hs: Propiedades f\u00edsicas del suelo: impactan en la producci\u00f3n de los alfalfares? <strong>Silvia Imhoff<\/strong>.<\/p>\n\n\n\n<p>10.20 hs: Ronda de preguntas<\/p>\n\n\n\n<p>10.35 hs: \u00bfC\u00f3mo trabajan las empresas en sus programas de mejoramiento? Barenbrug, Albert, Gentos.<\/p>\n\n\n\n<p>11.00 hs: Cofee break<\/p>\n\n\n\n<p>11.45 hs: \u00bfQu\u00e9 es lo que el mundo demanda en materia de desarrollo de alfalfas? <strong>Daniel Basigalup<\/strong>.<\/p>\n\n\n\n<p>12.05 hs: Posibilidades de la producci\u00f3n de alfalfa en Argentina. An\u00e1lisis del mercado de exportaci\u00f3n. <strong>Jos\u00e9 Brigante<\/strong>, presidente de la C\u00e1mara Argentina de la Alfalfa. <strong>Fabi\u00e1n Russo<\/strong>, presidente de cl\u00faster de alfalfa.<\/p>\n\n\n\n<p>\u00abPuerto de Santa Fe, un puerto posible para sus cargas de Exportaci\u00f3n\u00bb, Diego Scuccimarra, Gerente Comercial del Puerto de Santa Fe.<\/p>\n\n\n\n<p>&nbsp;12.50 hs: Tecnolog\u00edas en confecci\u00f3n de reservas \/ C\u00f3mo mejorar los procesos de conservaci\u00f3n en alfalfa. <strong>Gast\u00f3n Urretz Zaval\u00eda<\/strong>.<\/p>\n\n\n\n<p>&nbsp;13.10: panel de preguntas.<\/p>\n\n\n\n<p>&nbsp;13.30: Almuerzo.<\/p>\n\n\n\n<p class=\"has-vivid-purple-color has-text-color has-link-color wp-elements-8d3cd08c2d85838d23d5db58e30f1d92\"><strong>La alfalfa como herramienta para una Producci\u00f3n m\u00e1s rentable y eficiente.<\/strong><\/p>\n\n\n\n<p><strong>Mi\u00e9rcoles 13:\u2013 Sal\u00f3n del predio de la Sociedad Rural Las Colonias. Ruta 70&nbsp;<\/strong><strong><\/strong><\/p>\n\n\n\n<p>9.00 hs: La alfalfa en la nutrici\u00f3n de vacas lecheras de alta producci\u00f3n. <strong>Jos\u00e9 Maiztegui<\/strong><\/p>\n\n\n\n<p>9.20 hs:\u201cEl rol de la alfalfa como aliada para potenciar la rentabilidad y productividad en la cuenca lechera central santafesina. <strong>M. In\u00e9s Brance Bonvini<\/strong><\/p>\n\n\n\n<p>09:40 hs: Lecheria, oportunidades y desaf\u00edos. <strong>Javier Baudracco<\/strong><\/p>\n\n\n\n<p>10.00: Panel de preguntas<\/p>\n\n\n\n<p>10.15: Bienvenida e invitaci\u00f3n.<\/p>\n\n\n\n<p>10.30: Oportunidades para el cultivo de alfalfa. C\u00e1mara Argentina de Alfalfa<\/p>\n\n\n\n<p>10.50. Cierre.<\/p>\n\n\n\n<p>Tambi\u00e9n la organizaci\u00f3n confirm\u00f3 que habr\u00e1 una jornada para estudiantes avanzados que se titular\u00e1 \u00ab<strong>C\u00f3mo mejorar la producci\u00f3n de la alfalfa, de manera sostenible.\u00bb<\/strong>. Esta propuesta se va a desarrollar el jueves 14 en el Aulario de la Facultad de Ciencias Agrarias de la UNL (pr\u00f3ximamente el programa).<\/p>\n\n\n\n<p><\/p>\n<div class=\"todoalfalfa-final-de-la-nota\" id=\"todoalfalfa-897524403\"><a href=\"https:\/\/www.whatsapp.com\/channel\/0029VbCBmFB9WtBxJsD3eC2i\" target=\"_blank\" aria-label=\"5\"><img src=\"https:\/\/i0.wp.com\/www.todoalfalfa.com.ar\/noticias\/wp-content\/uploads\/2026\/04\/5.gif?fit=728%2C90&#038;ssl=1\" alt=\"\"  width=\"728\" height=\"90\"   \/><\/a><\/div>","protected":false},"excerpt":{"rendered":"<p>La alfalfa se muestra en Santa Fe y en ese marco, ExpoAlfa 2024 diagram\u00f3 un intenso programa para las Jornadas Nacionales de Alfalfa. Calificados disertantes brindar\u00e1n charlas durante dos d\u00edas.<\/p>\n","protected":false},"author":9,"featured_media":48004,"comment_status":"closed","ping_status":"open","sticky":false,"template":"","format":"standard","meta":{"jetpack_post_was_ever_published":false,"_jetpack_newsletter_access":"","_jetpack_dont_email_post_to_subs":false,"_jetpack_newsletter_tier_id":0,"_jetpack_memberships_contains_paywalled_content":false,"_jetpack_memberships_contains_paid_content":false,"footnotes":""},"categories":[1809,2],"tags":[31,105,1762,54,1814,17,91],"class_list":["post-48003","post","type-post","status-publish","format-standard","has-post-thumbnail","hentry","category-expoalfa","category-generales","tag-alfalfa","tag-argentina","tag-expoalfa-2024","tag-forrajes","tag-jornadas-nacionales-de-alfalfa","tag-pasturas","tag-siembra"],"yoast_head":"<!-- This site is optimized with the Yoast SEO plugin v25.5 - https:\/\/yoast.com\/wordpress\/plugins\/seo\/ -->\n<title>Las Jornadas Nacionales de Alfalfa tienen su programa confirmado<\/title>\n<meta name=\"robots\" content=\"index, follow, max-snippet:-1, max-image-preview:large, max-video-preview:-1\" \/>\n<link rel=\"canonical\" href=\"https:\/\/www.todoalfalfa.com.ar\/noticias\/las-jornadas-nacionales-de-alfalfa-tienen-su-programa-confirmado\/\" \/>\n<meta property=\"og:locale\" content=\"es_ES\" \/>\n<meta property=\"og:type\" content=\"article\" \/>\n<meta property=\"og:title\" content=\"Las Jornadas Nacionales de Alfalfa tienen su programa confirmado\" \/>\n<meta property=\"og:description\" content=\"La alfalfa se muestra en Santa Fe y en ese marco, ExpoAlfa 2024 diagram\u00f3 un intenso programa para las Jornadas Nacionales de Alfalfa. Calificados disertantes brindar\u00e1n charlas durante dos d\u00edas.\" \/>\n<meta property=\"og:url\" content=\"https:\/\/www.todoalfalfa.com.ar\/noticias\/las-jornadas-nacionales-de-alfalfa-tienen-su-programa-confirmado\/\" \/>\n<meta property=\"og:site_name\" content=\"Todo Alfalfa\" \/>\n<meta property=\"article:publisher\" content=\"https:\/\/www.facebook.com\/todoalfalfa\" \/>\n<meta property=\"article:published_time\" content=\"2024-10-17T09:45:05+00:00\" \/>\n<meta property=\"article:modified_time\" content=\"2024-10-19T11:56:07+00:00\" \/>\n<meta property=\"og:image\" content=\"https:\/\/www.todoalfalfa.com.ar\/noticias\/wp-content\/uploads\/2024\/10\/WhatsApp-Image-2024-10-16-at-15.33.35.jpeg\" \/>\n\t<meta property=\"og:image:width\" content=\"1280\" \/>\n\t<meta property=\"og:image:height\" content=\"854\" \/>\n\t<meta property=\"og:image:type\" content=\"image\/jpeg\" \/>\n<meta name=\"author\" content=\"Todo Alfalfa\" \/>\n<meta name=\"twitter:card\" content=\"summary_large_image\" \/>\n<meta name=\"twitter:label1\" content=\"Escrito por\" \/>\n\t<meta name=\"twitter:data1\" content=\"Todo Alfalfa\" \/>\n\t<meta name=\"twitter:label2\" content=\"Tiempo de lectura\" \/>\n\t<meta name=\"twitter:data2\" content=\"3 minutos\" \/>\n<script type=\"application\/ld+json\" class=\"yoast-schema-graph\">{\"@context\":\"https:\/\/schema.org\",\"@graph\":[{\"@type\":\"NewsArticle\",\"@id\":\"https:\/\/www.todoalfalfa.com.ar\/noticias\/las-jornadas-nacionales-de-alfalfa-tienen-su-programa-confirmado\/#article\",\"isPartOf\":{\"@id\":\"https:\/\/www.todoalfalfa.com.ar\/noticias\/las-jornadas-nacionales-de-alfalfa-tienen-su-programa-confirmado\/\"},\"author\":{\"name\":\"Todo Alfalfa\",\"@id\":\"https:\/\/www.todoalfalfa.com.ar\/noticias\/#\/schema\/person\/99de93cb711c7015ef658e5321ba9f18\"},\"headline\":\"Las Jornadas Nacionales de Alfalfa tienen su programa confirmado\",\"datePublished\":\"2024-10-17T09:45:05+00:00\",\"dateModified\":\"2024-10-19T11:56:07+00:00\",\"mainEntityOfPage\":{\"@id\":\"https:\/\/www.todoalfalfa.com.ar\/noticias\/las-jornadas-nacionales-de-alfalfa-tienen-su-programa-confirmado\/\"},\"wordCount\":642,\"publisher\":{\"@id\":\"https:\/\/www.todoalfalfa.com.ar\/noticias\/#organization\"},\"image\":{\"@id\":\"https:\/\/www.todoalfalfa.com.ar\/noticias\/las-jornadas-nacionales-de-alfalfa-tienen-su-programa-confirmado\/#primaryimage\"},\"thumbnailUrl\":\"https:\/\/i0.wp.com\/www.todoalfalfa.com.ar\/noticias\/wp-content\/uploads\/2024\/10\/WhatsApp-Image-2024-10-16-at-15.33.35.jpeg?fit=1280%2C854&ssl=1\",\"keywords\":[\"alfalfa\",\"Argentina\",\"ExpoAlfa 2024\",\"forrajes\",\"Jornadas Nacionales de Alfalfa\",\"pasturas\",\"siembra\"],\"articleSection\":[\"ExpoAlfa\",\"Generales\"],\"inLanguage\":\"es\"},{\"@type\":[\"WebPage\",\"ItemPage\"],\"@id\":\"https:\/\/www.todoalfalfa.com.ar\/noticias\/las-jornadas-nacionales-de-alfalfa-tienen-su-programa-confirmado\/\",\"url\":\"https:\/\/www.todoalfalfa.com.ar\/noticias\/las-jornadas-nacionales-de-alfalfa-tienen-su-programa-confirmado\/\",\"name\":\"Las Jornadas Nacionales de Alfalfa tienen su programa confirmado\",\"isPartOf\":{\"@id\":\"https:\/\/www.todoalfalfa.com.ar\/noticias\/#website\"},\"primaryImageOfPage\":{\"@id\":\"https:\/\/www.todoalfalfa.com.ar\/noticias\/las-jornadas-nacionales-de-alfalfa-tienen-su-programa-confirmado\/#primaryimage\"},\"image\":{\"@id\":\"https:\/\/www.todoalfalfa.com.ar\/noticias\/las-jornadas-nacionales-de-alfalfa-tienen-su-programa-confirmado\/#primaryimage\"},\"thumbnailUrl\":\"https:\/\/i0.wp.com\/www.todoalfalfa.com.ar\/noticias\/wp-content\/uploads\/2024\/10\/WhatsApp-Image-2024-10-16-at-15.33.35.jpeg?fit=1280%2C854&ssl=1\",\"datePublished\":\"2024-10-17T09:45:05+00:00\",\"dateModified\":\"2024-10-19T11:56:07+00:00\",\"breadcrumb\":{\"@id\":\"https:\/\/www.todoalfalfa.com.ar\/noticias\/las-jornadas-nacionales-de-alfalfa-tienen-su-programa-confirmado\/#breadcrumb\"},\"inLanguage\":\"es\",\"potentialAction\":[{\"@type\":\"ReadAction\",\"target\":[\"https:\/\/www.todoalfalfa.com.ar\/noticias\/las-jornadas-nacionales-de-alfalfa-tienen-su-programa-confirmado\/\"]}]},{\"@type\":\"ImageObject\",\"inLanguage\":\"es\",\"@id\":\"https:\/\/www.todoalfalfa.com.ar\/noticias\/las-jornadas-nacionales-de-alfalfa-tienen-su-programa-confirmado\/#primaryimage\",\"url\":\"https:\/\/i0.wp.com\/www.todoalfalfa.com.ar\/noticias\/wp-content\/uploads\/2024\/10\/WhatsApp-Image-2024-10-16-at-15.33.35.jpeg?fit=1280%2C854&ssl=1\",\"contentUrl\":\"https:\/\/i0.wp.com\/www.todoalfalfa.com.ar\/noticias\/wp-content\/uploads\/2024\/10\/WhatsApp-Image-2024-10-16-at-15.33.35.jpeg?fit=1280%2C854&ssl=1\",\"width\":1280,\"height\":854},{\"@type\":\"BreadcrumbList\",\"@id\":\"https:\/\/www.todoalfalfa.com.ar\/noticias\/las-jornadas-nacionales-de-alfalfa-tienen-su-programa-confirmado\/#breadcrumb\",\"itemListElement\":[{\"@type\":\"ListItem\",\"position\":1,\"name\":\"Principal\",\"item\":\"https:\/\/www.todoalfalfa.com.ar\/noticias\/\"},{\"@type\":\"ListItem\",\"position\":2,\"name\":\"Las Jornadas Nacionales de Alfalfa tienen su programa confirmado\"}]},{\"@type\":\"WebSite\",\"@id\":\"https:\/\/www.todoalfalfa.com.ar\/noticias\/#website\",\"url\":\"https:\/\/www.todoalfalfa.com.ar\/noticias\/\",\"name\":\"Todo Alfalfa\",\"description\":\"Web informativa de la cadena de la alfalfa argentina\",\"publisher\":{\"@id\":\"https:\/\/www.todoalfalfa.com.ar\/noticias\/#organization\"},\"potentialAction\":[{\"@type\":\"SearchAction\",\"target\":{\"@type\":\"EntryPoint\",\"urlTemplate\":\"https:\/\/www.todoalfalfa.com.ar\/noticias\/?s={search_term_string}\"},\"query-input\":{\"@type\":\"PropertyValueSpecification\",\"valueRequired\":true,\"valueName\":\"search_term_string\"}}],\"inLanguage\":\"es\"},{\"@type\":\"Organization\",\"@id\":\"https:\/\/www.todoalfalfa.com.ar\/noticias\/#organization\",\"name\":\"Todo Alfalfa\",\"url\":\"https:\/\/www.todoalfalfa.com.ar\/noticias\/\",\"logo\":{\"@type\":\"ImageObject\",\"inLanguage\":\"es\",\"@id\":\"https:\/\/www.todoalfalfa.com.ar\/noticias\/#\/schema\/logo\/image\/\",\"url\":\"https:\/\/www.todoalfalfa.com.ar\/noticias\/wp-content\/uploads\/2020\/09\/logo-todo-alfalfa-modificado.png\",\"contentUrl\":\"https:\/\/www.todoalfalfa.com.ar\/noticias\/wp-content\/uploads\/2020\/09\/logo-todo-alfalfa-modificado.png\",\"width\":350,\"height\":100,\"caption\":\"Todo Alfalfa\"},\"image\":{\"@id\":\"https:\/\/www.todoalfalfa.com.ar\/noticias\/#\/schema\/logo\/image\/\"},\"sameAs\":[\"https:\/\/www.facebook.com\/todoalfalfa\",\"https:\/\/www.instagram.com\/todoalfalfa\",\"https:\/\/www.youtube.com\/@TodoAlfalfa\",\"https:\/\/www.linkedin.com\/company\/todoalfalfa\/\"]},{\"@type\":\"Person\",\"@id\":\"https:\/\/www.todoalfalfa.com.ar\/noticias\/#\/schema\/person\/99de93cb711c7015ef658e5321ba9f18\",\"name\":\"Todo Alfalfa\",\"image\":{\"@type\":\"ImageObject\",\"inLanguage\":\"es\",\"@id\":\"https:\/\/www.todoalfalfa.com.ar\/noticias\/#\/schema\/person\/image\/\",\"url\":\"https:\/\/secure.gravatar.com\/avatar\/50ffd12fb7b268bc2467160730786602db252a270c63104e7c19b5f67b8dd346?s=96&d=mm&r=g\",\"contentUrl\":\"https:\/\/secure.gravatar.com\/avatar\/50ffd12fb7b268bc2467160730786602db252a270c63104e7c19b5f67b8dd346?s=96&d=mm&r=g\",\"caption\":\"Todo Alfalfa\"},\"url\":\"https:\/\/www.todoalfalfa.com.ar\/noticias\/author\/osvaldoiachetta\/\"}]}<\/script>\n<!-- \/ Yoast SEO plugin. -->","yoast_head_json":{"title":"Las Jornadas Nacionales de Alfalfa tienen su programa confirmado","robots":{"index":"index","follow":"follow","max-snippet":"max-snippet:-1","max-image-preview":"max-image-preview:large","max-video-preview":"max-video-preview:-1"},"canonical":"https:\/\/www.todoalfalfa.com.ar\/noticias\/las-jornadas-nacionales-de-alfalfa-tienen-su-programa-confirmado\/","og_locale":"es_ES","og_type":"article","og_title":"Las Jornadas Nacionales de Alfalfa tienen su programa confirmado","og_description":"La alfalfa se muestra en Santa Fe y en ese marco, ExpoAlfa 2024 diagram\u00f3 un intenso programa para las Jornadas Nacionales de Alfalfa. Calificados disertantes brindar\u00e1n charlas durante dos d\u00edas.","og_url":"https:\/\/www.todoalfalfa.com.ar\/noticias\/las-jornadas-nacionales-de-alfalfa-tienen-su-programa-confirmado\/","og_site_name":"Todo Alfalfa","article_publisher":"https:\/\/www.facebook.com\/todoalfalfa","article_published_time":"2024-10-17T09:45:05+00:00","article_modified_time":"2024-10-19T11:56:07+00:00","og_image":[{"width":1280,"height":854,"url":"https:\/\/www.todoalfalfa.com.ar\/noticias\/wp-content\/uploads\/2024\/10\/WhatsApp-Image-2024-10-16-at-15.33.35.jpeg","type":"image\/jpeg"}],"author":"Todo Alfalfa","twitter_card":"summary_large_image","twitter_misc":{"Escrito por":"Todo Alfalfa","Tiempo de lectura":"3 minutos"},"schema":{"@context":"https:\/\/schema.org","@graph":[{"@type":"NewsArticle","@id":"https:\/\/www.todoalfalfa.com.ar\/noticias\/las-jornadas-nacionales-de-alfalfa-tienen-su-programa-confirmado\/#article","isPartOf":{"@id":"https:\/\/www.todoalfalfa.com.ar\/noticias\/las-jornadas-nacionales-de-alfalfa-tienen-su-programa-confirmado\/"},"author":{"name":"Todo Alfalfa","@id":"https:\/\/www.todoalfalfa.com.ar\/noticias\/#\/schema\/person\/99de93cb711c7015ef658e5321ba9f18"},"headline":"Las Jornadas Nacionales de Alfalfa tienen su programa confirmado","datePublished":"2024-10-17T09:45:05+00:00","dateModified":"2024-10-19T11:56:07+00:00","mainEntityOfPage":{"@id":"https:\/\/www.todoalfalfa.com.ar\/noticias\/las-jornadas-nacionales-de-alfalfa-tienen-su-programa-confirmado\/"},"wordCount":642,"publisher":{"@id":"https:\/\/www.todoalfalfa.com.ar\/noticias\/#organization"},"image":{"@id":"https:\/\/www.todoalfalfa.com.ar\/noticias\/las-jornadas-nacionales-de-alfalfa-tienen-su-programa-confirmado\/#primaryimage"},"thumbnailUrl":"https:\/\/i0.wp.com\/www.todoalfalfa.com.ar\/noticias\/wp-content\/uploads\/2024\/10\/WhatsApp-Image-2024-10-16-at-15.33.35.jpeg?fit=1280%2C854&ssl=1","keywords":["alfalfa","Argentina","ExpoAlfa 2024","forrajes","Jornadas Nacionales de Alfalfa","pasturas","siembra"],"articleSection":["ExpoAlfa","Generales"],"inLanguage":"es"},{"@type":["WebPage","ItemPage"],"@id":"https:\/\/www.todoalfalfa.com.ar\/noticias\/las-jornadas-nacionales-de-alfalfa-tienen-su-programa-confirmado\/","url":"https:\/\/www.todoalfalfa.com.ar\/noticias\/las-jornadas-nacionales-de-alfalfa-tienen-su-programa-confirmado\/","name":"Las Jornadas Nacionales de Alfalfa tienen su programa confirmado","isPartOf":{"@id":"https:\/\/www.todoalfalfa.com.ar\/noticias\/#website"},"primaryImageOfPage":{"@id":"https:\/\/www.todoalfalfa.com.ar\/noticias\/las-jornadas-nacionales-de-alfalfa-tienen-su-programa-confirmado\/#primaryimage"},"image":{"@id":"https:\/\/www.todoalfalfa.com.ar\/noticias\/las-jornadas-nacionales-de-alfalfa-tienen-su-programa-confirmado\/#primaryimage"},"thumbnailUrl":"https:\/\/i0.wp.com\/www.todoalfalfa.com.ar\/noticias\/wp-content\/uploads\/2024\/10\/WhatsApp-Image-2024-10-16-at-15.33.35.jpeg?fit=1280%2C854&ssl=1","datePublished":"2024-10-17T09:45:05+00:00","dateModified":"2024-10-19T11:56:07+00:00","breadcrumb":{"@id":"https:\/\/www.todoalfalfa.com.ar\/noticias\/las-jornadas-nacionales-de-alfalfa-tienen-su-programa-confirmado\/#breadcrumb"},"inLanguage":"es","potentialAction":[{"@type":"ReadAction","target":["https:\/\/www.todoalfalfa.com.ar\/noticias\/las-jornadas-nacionales-de-alfalfa-tienen-su-programa-confirmado\/"]}]},{"@type":"ImageObject","inLanguage":"es","@id":"https:\/\/www.todoalfalfa.com.ar\/noticias\/las-jornadas-nacionales-de-alfalfa-tienen-su-programa-confirmado\/#primaryimage","url":"https:\/\/i0.wp.com\/www.todoalfalfa.com.ar\/noticias\/wp-content\/uploads\/2024\/10\/WhatsApp-Image-2024-10-16-at-15.33.35.jpeg?fit=1280%2C854&ssl=1","contentUrl":"https:\/\/i0.wp.com\/www.todoalfalfa.com.ar\/noticias\/wp-content\/uploads\/2024\/10\/WhatsApp-Image-2024-10-16-at-15.33.35.jpeg?fit=1280%2C854&ssl=1","width":1280,"height":854},{"@type":"BreadcrumbList","@id":"https:\/\/www.todoalfalfa.com.ar\/noticias\/las-jornadas-nacionales-de-alfalfa-tienen-su-programa-confirmado\/#breadcrumb","itemListElement":[{"@type":"ListItem","position":1,"name":"Principal","item":"https:\/\/www.todoalfalfa.com.ar\/noticias\/"},{"@type":"ListItem","position":2,"name":"Las Jornadas Nacionales de Alfalfa tienen su programa confirmado"}]},{"@type":"WebSite","@id":"https:\/\/www.todoalfalfa.com.ar\/noticias\/#website","url":"https:\/\/www.todoalfalfa.com.ar\/noticias\/","name":"Todo Alfalfa","description":"Web informativa de la cadena de la alfalfa argentina","publisher":{"@id":"https:\/\/www.todoalfalfa.com.ar\/noticias\/#organization"},"potentialAction":[{"@type":"SearchAction","target":{"@type":"EntryPoint","urlTemplate":"https:\/\/www.todoalfalfa.com.ar\/noticias\/?s={search_term_string}"},"query-input":{"@type":"PropertyValueSpecification","valueRequired":true,"valueName":"search_term_string"}}],"inLanguage":"es"},{"@type":"Organization","@id":"https:\/\/www.todoalfalfa.com.ar\/noticias\/#organization","name":"Todo Alfalfa","url":"https:\/\/www.todoalfalfa.com.ar\/noticias\/","logo":{"@type":"ImageObject","inLanguage":"es","@id":"https:\/\/www.todoalfalfa.com.ar\/noticias\/#\/schema\/logo\/image\/","url":"https:\/\/www.todoalfalfa.com.ar\/noticias\/wp-content\/uploads\/2020\/09\/logo-todo-alfalfa-modificado.png","contentUrl":"https:\/\/www.todoalfalfa.com.ar\/noticias\/wp-content\/uploads\/2020\/09\/logo-todo-alfalfa-modificado.png","width":350,"height":100,"caption":"Todo Alfalfa"},"image":{"@id":"https:\/\/www.todoalfalfa.com.ar\/noticias\/#\/schema\/logo\/image\/"},"sameAs":["https:\/\/www.facebook.com\/todoalfalfa","https:\/\/www.instagram.com\/todoalfalfa","https:\/\/www.youtube.com\/@TodoAlfalfa","https:\/\/www.linkedin.com\/company\/todoalfalfa\/"]},{"@type":"Person","@id":"https:\/\/www.todoalfalfa.com.ar\/noticias\/#\/schema\/person\/99de93cb711c7015ef658e5321ba9f18","name":"Todo Alfalfa","image":{"@type":"ImageObject","inLanguage":"es","@id":"https:\/\/www.todoalfalfa.com.ar\/noticias\/#\/schema\/person\/image\/","url":"https:\/\/secure.gravatar.com\/avatar\/50ffd12fb7b268bc2467160730786602db252a270c63104e7c19b5f67b8dd346?s=96&d=mm&r=g","contentUrl":"https:\/\/secure.gravatar.com\/avatar\/50ffd12fb7b268bc2467160730786602db252a270c63104e7c19b5f67b8dd346?s=96&d=mm&r=g","caption":"Todo Alfalfa"},"url":"https:\/\/www.todoalfalfa.com.ar\/noticias\/author\/osvaldoiachetta\/"}]}},"jetpack_featured_media_url":"https:\/\/i0.wp.com\/www.todoalfalfa.com.ar\/noticias\/wp-content\/uploads\/2024\/10\/WhatsApp-Image-2024-10-16-at-15.33.35.jpeg?fit=1280%2C854&ssl=1","wps_subtitle":"","jetpack_sharing_enabled":true,"_links":{"self":[{"href":"https:\/\/www.todoalfalfa.com.ar\/noticias\/wp-json\/wp\/v2\/posts\/48003","targetHints":{"allow":["GET"]}}],"collection":[{"href":"https:\/\/www.todoalfalfa.com.ar\/noticias\/wp-json\/wp\/v2\/posts"}],"about":[{"href":"https:\/\/www.todoalfalfa.com.ar\/noticias\/wp-json\/wp\/v2\/types\/post"}],"author":[{"embeddable":true,"href":"https:\/\/www.todoalfalfa.com.ar\/noticias\/wp-json\/wp\/v2\/users\/9"}],"replies":[{"embeddable":true,"href":"https:\/\/www.todoalfalfa.com.ar\/noticias\/wp-json\/wp\/v2\/comments?post=48003"}],"version-history":[{"count":2,"href":"https:\/\/www.todoalfalfa.com.ar\/noticias\/wp-json\/wp\/v2\/posts\/48003\/revisions"}],"predecessor-version":[{"id":48017,"href":"https:\/\/www.todoalfalfa.com.ar\/noticias\/wp-json\/wp\/v2\/posts\/48003\/revisions\/48017"}],"wp:featuredmedia":[{"embeddable":true,"href":"https:\/\/www.todoalfalfa.com.ar\/noticias\/wp-json\/wp\/v2\/media\/48004"}],"wp:attachment":[{"href":"https:\/\/www.todoalfalfa.com.ar\/noticias\/wp-json\/wp\/v2\/media?parent=48003"}],"wp:term":[{"taxonomy":"category","embeddable":true,"href":"https:\/\/www.todoalfalfa.com.ar\/noticias\/wp-json\/wp\/v2\/categories?post=48003"},{"taxonomy":"post_tag","embeddable":true,"href":"https:\/\/www.todoalfalfa.com.ar\/noticias\/wp-json\/wp\/v2\/tags?post=48003"}],"curies":[{"name":"wp","href":"https:\/\/api.w.org\/{rel}","templated":true}]}}