{"id":48072,"date":"2024-11-04T07:26:31","date_gmt":"2024-11-04T10:26:31","guid":{"rendered":"https:\/\/www.todoalfalfa.com.ar\/noticias\/?p=48072"},"modified":"2024-11-04T07:26:33","modified_gmt":"2024-11-04T10:26:33","slug":"un-amplio-programa-para-mostrar-la-alfalfa-en-santa-fe","status":"publish","type":"post","link":"https:\/\/www.todoalfalfa.com.ar\/noticias\/un-amplio-programa-para-mostrar-la-alfalfa-en-santa-fe\/","title":{"rendered":"Un amplio programa para \u201cmostrar la alfalfa en Santa Fe\u201d"},"content":{"rendered":"\n<p>Cuando restan d\u00edas para que la \u201creina de las forrajeras\u201d pinte de lila Santa Fe, la organizaci\u00f3n trabaja a destajo para ultimar los detalles y que, los d\u00edas 13 y 14 de noviembre, la alfalfa se corone como reina en Esperanza.<\/p>\n\n\n\n<p>TodoCampos junto a la Facultad de Ciencias Agrarias de la Universidad Nacional del Litoral trabajar en la organizaci\u00f3n desarrollan esta propuesta que tendr\u00e1 cuatro ejes que a continuaci\u00f3n detallamos.<\/p>\n\n\n\n<p><strong>EXPOSICI\u00d3N EST\u00c1TICA<\/strong><\/p>\n\n\n\n<p>Se desarrollar\u00e1 en un predio de 5.000 mtrs. y 12 hect\u00e1reas. Las empresas expondr\u00e1n sus novedades a una asistencia calificada vinculada al cultivo de la alfalfa, a la lecher\u00eda y a la producci\u00f3n ganadera. Tambi\u00e9n habr\u00e1 disponibles tres auditorios (uno de ellos para 1.000 personas, y dos auditorios menores) en los que se desarrollar\u00e1n de manera simult\u00e1nea charlas y conferencias que ser\u00e1n una de las columnas de esta propuesta. No faltar\u00e1 un sector en el que se podr\u00e1 disfrutar de gastronom\u00eda y showroom.<\/p>\n\n\n\n<figure class=\"wp-block-image\"><a href=\"https:\/\/i0.wp.com\/expoalfa.com.ar\/alfalfa\/wp-content\/uploads\/2024\/11\/DSC_0292-scaled.jpg?ssl=1\"><img data-recalc-dims=\"1\" height=\"683\" width=\"1024\" decoding=\"async\" src=\"https:\/\/i0.wp.com\/expoalfa.com.ar\/alfalfa\/wp-content\/uploads\/2024\/11\/DSC_0292-1024x683.jpg?resize=1024%2C683&#038;ssl=1\" alt=\"\" class=\"wp-image-5203\"\/><\/a><\/figure>\n\n\n\n<p><strong>RONDA DE NEGOCIOS<\/strong><\/p>\n\n\n\n<p>Se trata de un espacio exclusivo para fomentar negocios entorno al cultivo de la alfalfa. Se realizar\u00e1 a partir de las 18 horas del mi\u00e9rcoles 13 de noviembre, en el Aulario de la Facultad de Ciencias Agrarias, de la Universidad Nacional del Litoral. La organizaci\u00f3n diagram\u00f3 un esquema de cuatro puntos:<\/p>\n\n\n\n<p><strong>Mercado interno<\/strong><\/p>\n\n\n\n<p>Productores con due\u00f1os de tambos, feedlots y empresas l\u00e1cteas.<\/p>\n\n\n\n<p><strong>Mercado externo<\/strong><\/p>\n\n\n\n<p>Grandes productores y compradores internacionales estar\u00e1n cara a cara para negociar la alfalfa de calidad henificada.<\/p>\n\n\n\n<p><strong>Negocios para nuevos mercados<\/strong><\/p>\n\n\n\n<p>Semillas no GMO, desarrollos sostenibles, demandas calificadas.<\/p>\n\n\n\n<p><strong>Maquinaria e insumos<\/strong><\/p>\n\n\n\n<p>Participan sponsor del evento con compradores asistentes. Para ser parte de la Ronda de Negocios hay dos alternativas. Una es para empresas que son Sponsor quienes acceder\u00e1n directamente; la otra es para oferentes y empresas que no sean sponsor y que deber\u00e1n abonar un \u201cticket de mesa\/ingreso\u201d.<\/p>\n\n\n\n<p>Todos deber\u00e1n inscribirse como \u201c<strong>Oferente<\/strong>\u201d llenando el formulario haciendo Click&nbsp;<a href=\"https:\/\/expoalfa.com.ar\/alfalfa\/inscripcion\/\">Aqu\u00ed<\/a>,; luego, la organizaci\u00f3n enviar\u00e1 un QR de acceso. Para consultas:&nbsp;<a href=\"&#109;a&#x69;l&#x74;o&#x3a;r&#x6f;n&#x64;a&#x64;&#101;&#x6e;&#101;&#x67;&#111;&#x63;&#105;&#x6f;&#115;&#x40;&#101;&#x78;&#112;o&#x61;l&#x66;a&#x2e;c&#x6f;m&#x2e;a&#x72;\">&#114;&#x6f;&#x6e;&#100;&#x61;&#x64;e&#x6e;&#x65;g&#111;&#x63;i&#111;&#x73;&#64;&#101;&#x78;p&#111;&#x61;l&#102;&#x61;&#x2e;&#99;&#x6f;&#x6d;&#46;&#x61;&#x72;<\/a><\/p>\n\n\n\n<figure class=\"wp-block-image\"><a href=\"https:\/\/i0.wp.com\/expoalfa.com.ar\/alfalfa\/wp-content\/uploads\/2024\/11\/DSC_0451-scaled.jpg?ssl=1\"><img data-recalc-dims=\"1\" height=\"683\" width=\"1024\" decoding=\"async\" src=\"https:\/\/i0.wp.com\/expoalfa.com.ar\/alfalfa\/wp-content\/uploads\/2024\/11\/DSC_0451-1024x683.jpg?resize=1024%2C683&#038;ssl=1\" alt=\"\" class=\"wp-image-5208\"\/><\/a><\/figure>\n\n\n\n<p><strong>DIN\u00c1MICA DE MAQUINARIAS<\/strong><\/p>\n\n\n\n<p>Esta propuesta se desarrollar\u00e1 el d\u00eda jueves 14, desde la hora 15 en el campo La Nicolina (25 ha), en Rinc\u00f3n de \u00c1vila, sobre Ruta 6. El ingeniero Agr\u00f3nomo Miguel Forni, docente de la C\u00e1tedra de Mecanizaci\u00f3n Agr\u00edcola de la Facultad de Ciencias Agrarias de la UNL, ser\u00e1 el responsable de coordinar la iniciativa que contar\u00e1 con m\u00e1s de 50 maquinarias de diversas empresas que dir\u00e1n presentes.<\/p>\n\n\n\n<p>La din\u00e1mica tendr\u00e1 4 estaciones:<\/p>\n\n\n\n<p>1 \u2013 Segadoras<\/p>\n\n\n\n<p>2 \u2013 Rastrillos<\/p>\n\n\n\n<p>3 \u2013 Rotoenfardadoras y Megaenfardadoras<\/p>\n\n\n\n<p>4 \u2013 Resto de los equipos (din\u00e1mica de mixers, manipuladores, cargadores de fardos y maquinaria en general).&nbsp;<\/p>\n\n\n\n<figure class=\"wp-block-image\"><a href=\"https:\/\/i0.wp.com\/expoalfa.com.ar\/alfalfa\/wp-content\/uploads\/2024\/10\/IMG_20221111_121513-scaled.jpg?ssl=1\"><img data-recalc-dims=\"1\" height=\"768\" width=\"1024\" decoding=\"async\" src=\"https:\/\/i0.wp.com\/expoalfa.com.ar\/alfalfa\/wp-content\/uploads\/2024\/10\/IMG_20221111_121513-1024x768.jpg?resize=1024%2C768&#038;ssl=1\" alt=\"\" class=\"wp-image-5054\"\/><\/a><\/figure>\n\n\n\n<p>La actividad se organizar\u00e1 de la siguiente manera:<\/p>\n\n\n\n<p>Din\u00e1mica de segado-acondicionado;<\/p>\n\n\n\n<p>Din\u00e1mica de hilerado;<\/p>\n\n\n\n<p>Din\u00e1mica de picado;<\/p>\n\n\n\n<p>Din\u00e1mica de enfardado (fardos de 25 kg);<\/p>\n\n\n\n<p>Din\u00e1mica de enrollado;<\/p>\n\n\n\n<p>Din\u00e1mica de megaenfardado;<\/p>\n\n\n\n<p>Din\u00e1mica de recolectora de megafardos;<\/p>\n\n\n\n<p>Din\u00e1mica de usos de heno.<\/p>\n\n\n\n<p><strong>JORNADAS NACIONALES DE ALFALFA<\/strong><\/p>\n\n\n\n<p>Destacados&nbsp;especialistas del pa\u00eds disertar\u00e1n cubriendo todos los aspectos del cultivo,&nbsp;mostrar\u00e1n los avances tecnol\u00f3gicos y marcar\u00e1n el camino para una mejora&nbsp;continua.&nbsp;<\/p>\n\n\n\n<p>El programa detallado con disertantes y temas que se abordar\u00e1n es el siguiente:<\/p>\n\n\n\n<p><strong>D\u00eda 13 de Noviembre&nbsp;<\/strong><\/p>\n\n\n\n<p>8.00 a 9.00 hs:&nbsp;<strong>Inscripciones<\/strong><\/p>\n\n\n\n<p>9.00 hs:&nbsp;<strong>Apertura del evento con la presencia de funcionarios y organizadores.<\/strong><\/p>\n\n\n\n<p>9:30 hs:&nbsp;<strong>Potenciar la ganancia gen\u00e9tica del rendimiento forrajero en alfalfa a trav\u00e9s de la integraci\u00f3n de t\u00e9cnicas de mejoramiento avanzado.<\/strong>&nbsp;Ing. Agr. (Dr.) Ariel Odorizzi. Investigador coordinador del programa de mejoramiento de alfalfa de INTA. (INTA Manfredi).<\/p>\n\n\n\n<p>9:50 hs:&nbsp;<strong>Biotecnolog\u00eda en alfalfa, del laboratorio al campo.<\/strong>&nbsp; Dra. Gabriela Soto. Investigadora del Instituto de Agrobiotecnolog\u00eda y Biolog\u00eda Molecular (CONICET- INTA).<\/p>\n\n\n\n<p>10:10 hs:&nbsp;<strong>Breeding y producci\u00f3n en Alfalfa<\/strong>&nbsp;\u2013 Dan Gardner. Bs genetics and UC Davis plant breeding academy- both UC Davis, breeder de Zinma Seeds.<\/p>\n\n\n\n<p>10:30 hs:&nbsp;<strong>Espacio de preguntas<\/strong><\/p>\n\n\n\n<p>10:45 hs:&nbsp;<strong>Coffe break<\/strong>&nbsp;<\/p>\n\n\n\n<p>11.30 hs:&nbsp;<strong>M\u00e1s All\u00e1 del Forraje: El Impacto de la Alfalfa en la Fertilidad del Suelo (y viceversa).<\/strong>&nbsp;Ing. Agr. (PhD) Gonzalo Berhongaray. Investigador del ICiAgro Litoral (UNL-CONICET) y docente en la FCA-UNL.<\/p>\n\n\n\n<p>11.50 hs:&nbsp;<strong>Para que la alfalfa siga siendo la reina de las forrajeras, pens\u00e1 en el riego.<\/strong>&nbsp; Ing. Rec. H\u00eddricos (Dr.) Roberto Marano. Investigador del ICiAgro Litoral (UNL-CONICET) y docente en la FCA-UNL.<\/p>\n\n\n\n<p>12.10 hs:&nbsp;&nbsp;<strong>Integraci\u00f3n de la alfalfa en sistemas silvopastoriles. Una alternativa para la producci\u00f3n sostenible.&nbsp;<\/strong>Ing. Agr. (Dra.) Jonicelia Araujo. Docente FCA-UNL.<\/p>\n\n\n\n<p>12:25 hs:&nbsp;<strong>Hacia la sostenibilidad en la producci\u00f3n de alfalfa<\/strong>. Fundaci\u00f3n Gen E.<\/p>\n\n\n\n<p>12:45 hs:&nbsp;<strong>Ronda de preguntas<\/strong><\/p>\n\n\n\n<p>13:00 hs:&nbsp;<strong>Almuerzo&nbsp;<\/strong><\/p>\n\n\n\n<p>14.30 hs:&nbsp;<strong>\u00bfC\u00f3mo trabajan las empresas en sus programas de mejoramiento?. Zinma seeds, Palo Verde, WL, Los Prados.<\/strong><\/p>\n\n\n\n<p>15:10 hs:&nbsp;<strong>Propiedades f\u00edsicas del suelo: \u00bfimpactan en la producci\u00f3n de los alfalfares?&nbsp;<\/strong>Ing. Agr. (Dra.)Silvia Imhoff. Investigador del ICiAgro Litoral (UNL-CONICET) y docente en la FCA-UNL.<\/p>\n\n\n\n<p>15.30 hs:&nbsp;<strong>Brechas productivas en alfalfa.&nbsp;<\/strong>Ing. Agr. (Dr.) Jos\u00e9 Jauregui. Docente FCA-UNL.<\/p>\n\n\n\n<p>15.50 hs:&nbsp;<strong>Cepas Nativas de Trichoderma: Bioestimulaci\u00f3n y Biocontrol para una Agricultura Sostenible.<\/strong>&nbsp;Lic. Camila Jaime. Becaria doctoral ICiAgro (UNL-CONICET).<\/p>\n\n\n\n<p>16.05 hs:&nbsp;<strong>Optimizando el rendimiento de Alfalfa mediante la gesti\u00f3n de rizobios.&nbsp;<\/strong>Ing. Agr. (Dra.) M.A. Toniutti. Responsable laboratorio microbiolog\u00eda agr\u00edcola FCA-UNL. Docente FCA-UNL.&nbsp;<\/p>\n\n\n\n<p>16.20 hs:&nbsp;<strong>Rotoenfardadoras Inteligentes y Digitales.<\/strong>&nbsp;Federico S\u00e1nchez.<\/p>\n\n\n\n<p>16.40 hs:&nbsp;<strong>Ronda de preguntas.<\/strong><\/p>\n\n\n\n<p>17.00 hs:&nbsp;<strong>cierre de jornada.<\/strong><\/p>\n\n\n\n<figure class=\"wp-block-image\"><a href=\"https:\/\/i0.wp.com\/expoalfa.com.ar\/alfalfa\/wp-content\/uploads\/2024\/10\/WhatsApp-Image-2024-10-16-at-15.33.38.jpeg?ssl=1\"><img data-recalc-dims=\"1\" height=\"683\" width=\"1024\" decoding=\"async\" src=\"https:\/\/i0.wp.com\/expoalfa.com.ar\/alfalfa\/wp-content\/uploads\/2024\/10\/WhatsApp-Image-2024-10-16-at-15.33.38-1024x683.jpeg?resize=1024%2C683&#038;ssl=1\" alt=\"\" class=\"wp-image-5058\"\/><\/a><\/figure>\n\n\n\n<p><strong>D\u00eda 14 de Noviembre<\/strong><\/p>\n\n\n\n<p>08.30 hs:&nbsp;<strong>Recepci\u00f3n CICAE<\/strong>&nbsp;<\/p>\n\n\n\n<p>09.00 hs:&nbsp;<strong>El d\u00eda de la siembra:<\/strong>&nbsp;<strong>Claves para una implantaci\u00f3n eficiente de alfalfa.<\/strong>&nbsp;Ing. Agr. (MSc) Guillermo Marr\u00f3n. Director del Instituto de Ingenier\u00eda Rural (INTA Castelar).<\/p>\n\n\n\n<p>09:20 hs:&nbsp;<strong>La importancia de la calidad de semilla en la implantaci\u00f3n de pasturas<\/strong>&nbsp;\u2013 Ing. Agr. Ainalen Carassai \u2013 Ing. Agr. (MSc) Lorena Iacopini. (INTA Rafaela)<\/p>\n\n\n\n<p>09.40 hs:&nbsp;<strong>Los enemigos silenciosos que limitan el potencial de rendimiento en las alfalfas de calidad.<\/strong>&nbsp;Ing. Agr. Juan Lus. Especialista en forrajeras. Referente t\u00e9cnico empresa Las Praderas.<\/p>\n\n\n\n<p>10:00 hs:&nbsp;<strong>Producci\u00f3n y utilizaci\u00f3n eficiente del cultivo de alfalfa.<\/strong>&nbsp;Ing. Agr. (Dr.) Germ\u00e1n Berone. Investigador de INTA Balcarce y profesor de la FCA-UNMDP.&nbsp;<\/p>\n\n\n\n<p>10.20 hs:&nbsp;<strong>Ronda de preguntas<\/strong><\/p>\n\n\n\n<p>10.35 hs:&nbsp;<strong>\u00bfC\u00f3mo trabajan las empresas en sus programas de mejoramiento? Barenbrug, Albert, Gentos.<\/strong><\/p>\n\n\n\n<p>11.00 hs:&nbsp;<strong>Cofee break<\/strong><\/p>\n\n\n\n<p>11.45 hs:&nbsp;<strong>\u00bfQu\u00e9 es lo que el mundo demanda en materia de desarrollo de alfalfas?&nbsp;<\/strong>Ing. Agr. (MSc, PhD) Daniel Basigalup. Asesor privado (ex INTA).&nbsp;<\/p>\n\n\n\n<p>12.05 hs:&nbsp;<strong>Experiencias locales en producci\u00f3n y exportaci\u00f3n de alfalfa<\/strong>. Ing. Agr. Fabi\u00e1n Russo. Presidente de Cl\u00faster de alfalfa de la provincia de C\u00f3rdoba.<\/p>\n\n\n\n<p>12.25 hs:&nbsp;<strong>Puerto de Santa Fe, una posibilidad para sus cargas de exportaci\u00f3n.&nbsp;<\/strong>Lic.Diego Scuccimarra. Gerente comercial del Puerto de Santa Fe.&nbsp;<\/p>\n\n\n\n<p>12.35 hs:&nbsp;<strong>Posibilidades de la producci\u00f3n de alfalfa en Argentina, un an\u00e1lisis del mercado de exportaci\u00f3n.&nbsp;<\/strong>Ing. Jos\u00e9 Brigante, Presidente C\u00e1mara Argentina de Alfalfa.<\/p>\n\n\n\n<p>12.55 hs&nbsp;<strong>Como potenciar el negocio de la alfalfa. Aspectos claves que hacen la diferencia<\/strong>. Ing. Agr. (MBA) Gast\u00f3n Urretz Zaval\u00eda. Especialista en Henificaci\u00f3n de Alfalfa INTA Manfredi y Coordinador del Cl\u00faster de Alfalfa de la Provincia de C\u00f3rdoba.<\/p>\n\n\n\n<p>13.15:&nbsp;<strong>Panel de preguntas.<\/strong><\/p>\n\n\n\n<p>13.30:&nbsp;<strong>Almuerzo.<\/strong><\/p>\n\n\n\n<p><strong>Charla para productores: \u201cLa alfalfa como herramienta para una Producci\u00f3n m\u00e1s rentable y eficiente\u201d.<\/strong><\/p>\n\n\n\n<p><strong>Mi\u00e9rcoles 13: Sal\u00f3n del predio de la Sociedad Rural Las Colonias. Ruta 70&nbsp;<\/strong><\/p>\n\n\n\n<p>9.00 hs:&nbsp;<strong>La alfalfa en la nutrici\u00f3n de vacas lecheras de alta producci\u00f3n.<\/strong>&nbsp;MSc, Dr. en Cs. Vet. Jos\u00e9 Maiztegui. Docente FCA-UNL.&nbsp;<\/p>\n\n\n\n<p>9.20 hs:&nbsp;<strong>El rol de la alfalfa como aliada para potenciar la rentabilidad y productividad en la cuenca lechera central santafesina.<\/strong>&nbsp;Ing. Agr. M. In\u00e9s Brance Bonvini.&nbsp; Desarrollista en Gentos. Docente FCA-UNL.<\/p>\n\n\n\n<p>09:40 hs:&nbsp;<strong>Lecher\u00eda simple y rentable: es con alfalfa.<\/strong>&nbsp;Ing. Agr. (Dr.) Javier Baudracco. Docente FCA-UNL.<\/p>\n\n\n\n<p>10.00:&nbsp;<strong>Panel de preguntas<\/strong><\/p>\n\n\n\n<p>10.15:&nbsp;<strong>Bienvenida e invitaci\u00f3n.<\/strong><\/p>\n\n\n\n<p>10.30:&nbsp;<strong>Oportunidades para el cultivo de alfalfa. C\u00e1mara Argentina de Alfalfa<\/strong><\/p>\n\n\n\n<p>10.50.&nbsp;<strong>Cierre.<\/strong><\/p>\n\n\n\n<p><strong>Jornada para estudiantes avanzados: C\u00f3mo mejorar la producci\u00f3n de la alfalfa, de manera sostenible.<\/strong><\/p>\n\n\n\n<p><strong>Jueves 14: Aulario Facultad Cs Agrarias UNL<\/strong><\/p>\n\n\n\n<p>8.45 hs: &nbsp; Apertura.<\/p>\n\n\n\n<p>9.00 hs: &nbsp;&nbsp;<strong>Biotecnolog\u00eda en alfalfa, del laboratorio al campo.<\/strong>&nbsp; Dra. Gabriela Soto. Investigadora del Instituto de Agrobiotecnolog\u00eda y Biolog\u00eda Molecular (CONICET- INTA).<\/p>\n\n\n\n<p>9.30 hs: &nbsp;&nbsp;<strong>La alfalfa en la nutrici\u00f3n de vacas lecheras de alta producci\u00f3n.<\/strong>&nbsp;MSc, Dr. en Cs. Vet. Jos\u00e9 Maiztegui. Docente FCA-UNL.<\/p>\n\n\n\n<p>10.00 hs:&nbsp;<strong>Producci\u00f3n y aprovechamiento de alfalfa para maximizar la producci\u00f3n.<\/strong>&nbsp;Ing. Agr. (Dr.) Jos\u00e9 Jauregui. Docente FCA-UNL.<\/p>\n\n\n\n<p>10.30 hs:&nbsp;<strong>panel de preguntas.<\/strong><\/p>\n\n\n\n<p>11.00 hs:&nbsp;<strong>cierre de la jornada.<\/strong><\/p>\n\n\n\n<p><em>*Programa sujeto a posibles modificaciones por causas de&nbsp;fuerza&nbsp;mayor<\/em><\/p>\n\n\n\n<p>Se puede seguir la informaci\u00f3n, ver el programa definitivo e inscribirse en el evento en&nbsp;<a href=\"http:\/\/www.expoalfa.com.ar\/\">www.ExpoAlfa.com.ar<\/a><\/p>\n<div class=\"todoalfalfa-final-de-la-nota\" id=\"todoalfalfa-4002873217\"><a href=\"https:\/\/www.whatsapp.com\/channel\/0029VbCBmFB9WtBxJsD3eC2i\" target=\"_blank\" aria-label=\"5\"><img src=\"https:\/\/i0.wp.com\/www.todoalfalfa.com.ar\/noticias\/wp-content\/uploads\/2026\/04\/5.gif?fit=728%2C90&#038;ssl=1\" alt=\"\"  width=\"728\" height=\"90\"   \/><\/a><\/div>","protected":false},"excerpt":{"rendered":"<p>Con cuatro pilares fundamentales: Exposici\u00f3n Est\u00e1tica, Ronda de Negocios, Jornadas Nacionales de Alfalfa y Din\u00e1mica de Maquinarias forrajeras, el evento promete revolucionar tierras santafesinas. Los d\u00edas 13 y 14 de noviembre Esperanza se viste de fiesta y la alfalfa sale a escena.<\/p>\n","protected":false},"author":9,"featured_media":48073,"comment_status":"closed","ping_status":"open","sticky":false,"template":"","format":"standard","meta":{"jetpack_post_was_ever_published":false,"_jetpack_newsletter_access":"","_jetpack_dont_email_post_to_subs":false,"_jetpack_newsletter_tier_id":0,"_jetpack_memberships_contains_paywalled_content":false,"_jetpack_memberships_contains_paid_content":false,"footnotes":""},"categories":[1809,2],"tags":[31,105,1762,236,54,68,1659,17,21,1818,1509],"class_list":["post-48072","post","type-post","status-publish","format-standard","has-post-thumbnail","hentry","category-expoalfa","category-generales","tag-alfalfa","tag-argentina","tag-expoalfa-2024","tag-exportacion","tag-forrajes","tag-heno","tag-novedades","tag-pasturas","tag-produccion","tag-todocampos","tag-universidad-nacional-litoral"],"yoast_head":"<!-- This site is optimized with the Yoast SEO plugin v25.5 - https:\/\/yoast.com\/wordpress\/plugins\/seo\/ -->\n<title>Un amplio programa para \u201cmostrar la alfalfa en Santa Fe\u201d<\/title>\n<meta name=\"robots\" content=\"index, follow, max-snippet:-1, max-image-preview:large, max-video-preview:-1\" \/>\n<link rel=\"canonical\" href=\"https:\/\/www.todoalfalfa.com.ar\/noticias\/un-amplio-programa-para-mostrar-la-alfalfa-en-santa-fe\/\" \/>\n<meta property=\"og:locale\" content=\"es_ES\" \/>\n<meta property=\"og:type\" content=\"article\" \/>\n<meta property=\"og:title\" content=\"Un amplio programa para \u201cmostrar la alfalfa en Santa Fe\u201d\" \/>\n<meta property=\"og:description\" content=\"Con cuatro pilares fundamentales: Exposici\u00f3n Est\u00e1tica, Ronda de Negocios, Jornadas Nacionales de Alfalfa y Din\u00e1mica de Maquinarias forrajeras, el evento promete revolucionar tierras santafesinas. Los d\u00edas 13 y 14 de noviembre Esperanza se viste de fiesta y la alfalfa sale a escena.\" \/>\n<meta property=\"og:url\" content=\"https:\/\/www.todoalfalfa.com.ar\/noticias\/un-amplio-programa-para-mostrar-la-alfalfa-en-santa-fe\/\" \/>\n<meta property=\"og:site_name\" content=\"Todo Alfalfa\" \/>\n<meta property=\"article:publisher\" content=\"https:\/\/www.facebook.com\/todoalfalfa\" \/>\n<meta property=\"article:published_time\" content=\"2024-11-04T10:26:31+00:00\" \/>\n<meta property=\"article:modified_time\" content=\"2024-11-04T10:26:33+00:00\" \/>\n<meta property=\"og:image\" content=\"https:\/\/www.todoalfalfa.com.ar\/noticias\/wp-content\/uploads\/2024\/11\/programa.jpg\" \/>\n\t<meta property=\"og:image:width\" content=\"1536\" \/>\n\t<meta property=\"og:image:height\" content=\"1025\" \/>\n\t<meta property=\"og:image:type\" content=\"image\/jpeg\" \/>\n<meta name=\"author\" content=\"Todo Alfalfa\" \/>\n<meta name=\"twitter:card\" content=\"summary_large_image\" \/>\n<meta name=\"twitter:label1\" content=\"Escrito por\" \/>\n\t<meta name=\"twitter:data1\" content=\"Todo Alfalfa\" \/>\n\t<meta name=\"twitter:label2\" content=\"Tiempo de lectura\" \/>\n\t<meta name=\"twitter:data2\" content=\"8 minutos\" \/>\n<script type=\"application\/ld+json\" class=\"yoast-schema-graph\">{\"@context\":\"https:\/\/schema.org\",\"@graph\":[{\"@type\":\"NewsArticle\",\"@id\":\"https:\/\/www.todoalfalfa.com.ar\/noticias\/un-amplio-programa-para-mostrar-la-alfalfa-en-santa-fe\/#article\",\"isPartOf\":{\"@id\":\"https:\/\/www.todoalfalfa.com.ar\/noticias\/un-amplio-programa-para-mostrar-la-alfalfa-en-santa-fe\/\"},\"author\":{\"name\":\"Todo Alfalfa\",\"@id\":\"https:\/\/www.todoalfalfa.com.ar\/noticias\/#\/schema\/person\/99de93cb711c7015ef658e5321ba9f18\"},\"headline\":\"Un amplio programa para \u201cmostrar la alfalfa en Santa Fe\u201d\",\"datePublished\":\"2024-11-04T10:26:31+00:00\",\"dateModified\":\"2024-11-04T10:26:33+00:00\",\"mainEntityOfPage\":{\"@id\":\"https:\/\/www.todoalfalfa.com.ar\/noticias\/un-amplio-programa-para-mostrar-la-alfalfa-en-santa-fe\/\"},\"wordCount\":1524,\"publisher\":{\"@id\":\"https:\/\/www.todoalfalfa.com.ar\/noticias\/#organization\"},\"image\":{\"@id\":\"https:\/\/www.todoalfalfa.com.ar\/noticias\/un-amplio-programa-para-mostrar-la-alfalfa-en-santa-fe\/#primaryimage\"},\"thumbnailUrl\":\"https:\/\/i0.wp.com\/www.todoalfalfa.com.ar\/noticias\/wp-content\/uploads\/2024\/11\/programa.jpg?fit=1536%2C1025&ssl=1\",\"keywords\":[\"alfalfa\",\"Argentina\",\"ExpoAlfa 2024\",\"exportaci\u00f3n\",\"forrajes\",\"heno\",\"Novedades\",\"pasturas\",\"producci\u00f3n\",\"TodoCampos\",\"Universidad Nacional Litoral\"],\"articleSection\":[\"ExpoAlfa\",\"Generales\"],\"inLanguage\":\"es\"},{\"@type\":[\"WebPage\",\"ItemPage\"],\"@id\":\"https:\/\/www.todoalfalfa.com.ar\/noticias\/un-amplio-programa-para-mostrar-la-alfalfa-en-santa-fe\/\",\"url\":\"https:\/\/www.todoalfalfa.com.ar\/noticias\/un-amplio-programa-para-mostrar-la-alfalfa-en-santa-fe\/\",\"name\":\"Un amplio programa para \u201cmostrar la alfalfa en Santa Fe\u201d\",\"isPartOf\":{\"@id\":\"https:\/\/www.todoalfalfa.com.ar\/noticias\/#website\"},\"primaryImageOfPage\":{\"@id\":\"https:\/\/www.todoalfalfa.com.ar\/noticias\/un-amplio-programa-para-mostrar-la-alfalfa-en-santa-fe\/#primaryimage\"},\"image\":{\"@id\":\"https:\/\/www.todoalfalfa.com.ar\/noticias\/un-amplio-programa-para-mostrar-la-alfalfa-en-santa-fe\/#primaryimage\"},\"thumbnailUrl\":\"https:\/\/i0.wp.com\/www.todoalfalfa.com.ar\/noticias\/wp-content\/uploads\/2024\/11\/programa.jpg?fit=1536%2C1025&ssl=1\",\"datePublished\":\"2024-11-04T10:26:31+00:00\",\"dateModified\":\"2024-11-04T10:26:33+00:00\",\"breadcrumb\":{\"@id\":\"https:\/\/www.todoalfalfa.com.ar\/noticias\/un-amplio-programa-para-mostrar-la-alfalfa-en-santa-fe\/#breadcrumb\"},\"inLanguage\":\"es\",\"potentialAction\":[{\"@type\":\"ReadAction\",\"target\":[\"https:\/\/www.todoalfalfa.com.ar\/noticias\/un-amplio-programa-para-mostrar-la-alfalfa-en-santa-fe\/\"]}]},{\"@type\":\"ImageObject\",\"inLanguage\":\"es\",\"@id\":\"https:\/\/www.todoalfalfa.com.ar\/noticias\/un-amplio-programa-para-mostrar-la-alfalfa-en-santa-fe\/#primaryimage\",\"url\":\"https:\/\/i0.wp.com\/www.todoalfalfa.com.ar\/noticias\/wp-content\/uploads\/2024\/11\/programa.jpg?fit=1536%2C1025&ssl=1\",\"contentUrl\":\"https:\/\/i0.wp.com\/www.todoalfalfa.com.ar\/noticias\/wp-content\/uploads\/2024\/11\/programa.jpg?fit=1536%2C1025&ssl=1\",\"width\":1536,\"height\":1025},{\"@type\":\"BreadcrumbList\",\"@id\":\"https:\/\/www.todoalfalfa.com.ar\/noticias\/un-amplio-programa-para-mostrar-la-alfalfa-en-santa-fe\/#breadcrumb\",\"itemListElement\":[{\"@type\":\"ListItem\",\"position\":1,\"name\":\"Principal\",\"item\":\"https:\/\/www.todoalfalfa.com.ar\/noticias\/\"},{\"@type\":\"ListItem\",\"position\":2,\"name\":\"Un amplio programa para \u201cmostrar la alfalfa en Santa Fe\u201d\"}]},{\"@type\":\"WebSite\",\"@id\":\"https:\/\/www.todoalfalfa.com.ar\/noticias\/#website\",\"url\":\"https:\/\/www.todoalfalfa.com.ar\/noticias\/\",\"name\":\"Todo Alfalfa\",\"description\":\"Web informativa de la cadena de la alfalfa argentina\",\"publisher\":{\"@id\":\"https:\/\/www.todoalfalfa.com.ar\/noticias\/#organization\"},\"potentialAction\":[{\"@type\":\"SearchAction\",\"target\":{\"@type\":\"EntryPoint\",\"urlTemplate\":\"https:\/\/www.todoalfalfa.com.ar\/noticias\/?s={search_term_string}\"},\"query-input\":{\"@type\":\"PropertyValueSpecification\",\"valueRequired\":true,\"valueName\":\"search_term_string\"}}],\"inLanguage\":\"es\"},{\"@type\":\"Organization\",\"@id\":\"https:\/\/www.todoalfalfa.com.ar\/noticias\/#organization\",\"name\":\"Todo Alfalfa\",\"url\":\"https:\/\/www.todoalfalfa.com.ar\/noticias\/\",\"logo\":{\"@type\":\"ImageObject\",\"inLanguage\":\"es\",\"@id\":\"https:\/\/www.todoalfalfa.com.ar\/noticias\/#\/schema\/logo\/image\/\",\"url\":\"https:\/\/www.todoalfalfa.com.ar\/noticias\/wp-content\/uploads\/2020\/09\/logo-todo-alfalfa-modificado.png\",\"contentUrl\":\"https:\/\/www.todoalfalfa.com.ar\/noticias\/wp-content\/uploads\/2020\/09\/logo-todo-alfalfa-modificado.png\",\"width\":350,\"height\":100,\"caption\":\"Todo Alfalfa\"},\"image\":{\"@id\":\"https:\/\/www.todoalfalfa.com.ar\/noticias\/#\/schema\/logo\/image\/\"},\"sameAs\":[\"https:\/\/www.facebook.com\/todoalfalfa\",\"https:\/\/www.instagram.com\/todoalfalfa\",\"https:\/\/www.youtube.com\/@TodoAlfalfa\",\"https:\/\/www.linkedin.com\/company\/todoalfalfa\/\"]},{\"@type\":\"Person\",\"@id\":\"https:\/\/www.todoalfalfa.com.ar\/noticias\/#\/schema\/person\/99de93cb711c7015ef658e5321ba9f18\",\"name\":\"Todo Alfalfa\",\"image\":{\"@type\":\"ImageObject\",\"inLanguage\":\"es\",\"@id\":\"https:\/\/www.todoalfalfa.com.ar\/noticias\/#\/schema\/person\/image\/\",\"url\":\"https:\/\/secure.gravatar.com\/avatar\/50ffd12fb7b268bc2467160730786602db252a270c63104e7c19b5f67b8dd346?s=96&d=mm&r=g\",\"contentUrl\":\"https:\/\/secure.gravatar.com\/avatar\/50ffd12fb7b268bc2467160730786602db252a270c63104e7c19b5f67b8dd346?s=96&d=mm&r=g\",\"caption\":\"Todo Alfalfa\"},\"url\":\"https:\/\/www.todoalfalfa.com.ar\/noticias\/author\/osvaldoiachetta\/\"}]}<\/script>\n<!-- \/ Yoast SEO plugin. -->","yoast_head_json":{"title":"Un amplio programa para \u201cmostrar la alfalfa en Santa Fe\u201d","robots":{"index":"index","follow":"follow","max-snippet":"max-snippet:-1","max-image-preview":"max-image-preview:large","max-video-preview":"max-video-preview:-1"},"canonical":"https:\/\/www.todoalfalfa.com.ar\/noticias\/un-amplio-programa-para-mostrar-la-alfalfa-en-santa-fe\/","og_locale":"es_ES","og_type":"article","og_title":"Un amplio programa para \u201cmostrar la alfalfa en Santa Fe\u201d","og_description":"Con cuatro pilares fundamentales: Exposici\u00f3n Est\u00e1tica, Ronda de Negocios, Jornadas Nacionales de Alfalfa y Din\u00e1mica de Maquinarias forrajeras, el evento promete revolucionar tierras santafesinas. Los d\u00edas 13 y 14 de noviembre Esperanza se viste de fiesta y la alfalfa sale a escena.","og_url":"https:\/\/www.todoalfalfa.com.ar\/noticias\/un-amplio-programa-para-mostrar-la-alfalfa-en-santa-fe\/","og_site_name":"Todo Alfalfa","article_publisher":"https:\/\/www.facebook.com\/todoalfalfa","article_published_time":"2024-11-04T10:26:31+00:00","article_modified_time":"2024-11-04T10:26:33+00:00","og_image":[{"width":1536,"height":1025,"url":"https:\/\/www.todoalfalfa.com.ar\/noticias\/wp-content\/uploads\/2024\/11\/programa.jpg","type":"image\/jpeg"}],"author":"Todo Alfalfa","twitter_card":"summary_large_image","twitter_misc":{"Escrito por":"Todo Alfalfa","Tiempo de lectura":"8 minutos"},"schema":{"@context":"https:\/\/schema.org","@graph":[{"@type":"NewsArticle","@id":"https:\/\/www.todoalfalfa.com.ar\/noticias\/un-amplio-programa-para-mostrar-la-alfalfa-en-santa-fe\/#article","isPartOf":{"@id":"https:\/\/www.todoalfalfa.com.ar\/noticias\/un-amplio-programa-para-mostrar-la-alfalfa-en-santa-fe\/"},"author":{"name":"Todo Alfalfa","@id":"https:\/\/www.todoalfalfa.com.ar\/noticias\/#\/schema\/person\/99de93cb711c7015ef658e5321ba9f18"},"headline":"Un amplio programa para \u201cmostrar la alfalfa en Santa Fe\u201d","datePublished":"2024-11-04T10:26:31+00:00","dateModified":"2024-11-04T10:26:33+00:00","mainEntityOfPage":{"@id":"https:\/\/www.todoalfalfa.com.ar\/noticias\/un-amplio-programa-para-mostrar-la-alfalfa-en-santa-fe\/"},"wordCount":1524,"publisher":{"@id":"https:\/\/www.todoalfalfa.com.ar\/noticias\/#organization"},"image":{"@id":"https:\/\/www.todoalfalfa.com.ar\/noticias\/un-amplio-programa-para-mostrar-la-alfalfa-en-santa-fe\/#primaryimage"},"thumbnailUrl":"https:\/\/i0.wp.com\/www.todoalfalfa.com.ar\/noticias\/wp-content\/uploads\/2024\/11\/programa.jpg?fit=1536%2C1025&ssl=1","keywords":["alfalfa","Argentina","ExpoAlfa 2024","exportaci\u00f3n","forrajes","heno","Novedades","pasturas","producci\u00f3n","TodoCampos","Universidad Nacional Litoral"],"articleSection":["ExpoAlfa","Generales"],"inLanguage":"es"},{"@type":["WebPage","ItemPage"],"@id":"https:\/\/www.todoalfalfa.com.ar\/noticias\/un-amplio-programa-para-mostrar-la-alfalfa-en-santa-fe\/","url":"https:\/\/www.todoalfalfa.com.ar\/noticias\/un-amplio-programa-para-mostrar-la-alfalfa-en-santa-fe\/","name":"Un amplio programa para \u201cmostrar la alfalfa en Santa Fe\u201d","isPartOf":{"@id":"https:\/\/www.todoalfalfa.com.ar\/noticias\/#website"},"primaryImageOfPage":{"@id":"https:\/\/www.todoalfalfa.com.ar\/noticias\/un-amplio-programa-para-mostrar-la-alfalfa-en-santa-fe\/#primaryimage"},"image":{"@id":"https:\/\/www.todoalfalfa.com.ar\/noticias\/un-amplio-programa-para-mostrar-la-alfalfa-en-santa-fe\/#primaryimage"},"thumbnailUrl":"https:\/\/i0.wp.com\/www.todoalfalfa.com.ar\/noticias\/wp-content\/uploads\/2024\/11\/programa.jpg?fit=1536%2C1025&ssl=1","datePublished":"2024-11-04T10:26:31+00:00","dateModified":"2024-11-04T10:26:33+00:00","breadcrumb":{"@id":"https:\/\/www.todoalfalfa.com.ar\/noticias\/un-amplio-programa-para-mostrar-la-alfalfa-en-santa-fe\/#breadcrumb"},"inLanguage":"es","potentialAction":[{"@type":"ReadAction","target":["https:\/\/www.todoalfalfa.com.ar\/noticias\/un-amplio-programa-para-mostrar-la-alfalfa-en-santa-fe\/"]}]},{"@type":"ImageObject","inLanguage":"es","@id":"https:\/\/www.todoalfalfa.com.ar\/noticias\/un-amplio-programa-para-mostrar-la-alfalfa-en-santa-fe\/#primaryimage","url":"https:\/\/i0.wp.com\/www.todoalfalfa.com.ar\/noticias\/wp-content\/uploads\/2024\/11\/programa.jpg?fit=1536%2C1025&ssl=1","contentUrl":"https:\/\/i0.wp.com\/www.todoalfalfa.com.ar\/noticias\/wp-content\/uploads\/2024\/11\/programa.jpg?fit=1536%2C1025&ssl=1","width":1536,"height":1025},{"@type":"BreadcrumbList","@id":"https:\/\/www.todoalfalfa.com.ar\/noticias\/un-amplio-programa-para-mostrar-la-alfalfa-en-santa-fe\/#breadcrumb","itemListElement":[{"@type":"ListItem","position":1,"name":"Principal","item":"https:\/\/www.todoalfalfa.com.ar\/noticias\/"},{"@type":"ListItem","position":2,"name":"Un amplio programa para \u201cmostrar la alfalfa en Santa Fe\u201d"}]},{"@type":"WebSite","@id":"https:\/\/www.todoalfalfa.com.ar\/noticias\/#website","url":"https:\/\/www.todoalfalfa.com.ar\/noticias\/","name":"Todo Alfalfa","description":"Web informativa de la cadena de la alfalfa argentina","publisher":{"@id":"https:\/\/www.todoalfalfa.com.ar\/noticias\/#organization"},"potentialAction":[{"@type":"SearchAction","target":{"@type":"EntryPoint","urlTemplate":"https:\/\/www.todoalfalfa.com.ar\/noticias\/?s={search_term_string}"},"query-input":{"@type":"PropertyValueSpecification","valueRequired":true,"valueName":"search_term_string"}}],"inLanguage":"es"},{"@type":"Organization","@id":"https:\/\/www.todoalfalfa.com.ar\/noticias\/#organization","name":"Todo Alfalfa","url":"https:\/\/www.todoalfalfa.com.ar\/noticias\/","logo":{"@type":"ImageObject","inLanguage":"es","@id":"https:\/\/www.todoalfalfa.com.ar\/noticias\/#\/schema\/logo\/image\/","url":"https:\/\/www.todoalfalfa.com.ar\/noticias\/wp-content\/uploads\/2020\/09\/logo-todo-alfalfa-modificado.png","contentUrl":"https:\/\/www.todoalfalfa.com.ar\/noticias\/wp-content\/uploads\/2020\/09\/logo-todo-alfalfa-modificado.png","width":350,"height":100,"caption":"Todo Alfalfa"},"image":{"@id":"https:\/\/www.todoalfalfa.com.ar\/noticias\/#\/schema\/logo\/image\/"},"sameAs":["https:\/\/www.facebook.com\/todoalfalfa","https:\/\/www.instagram.com\/todoalfalfa","https:\/\/www.youtube.com\/@TodoAlfalfa","https:\/\/www.linkedin.com\/company\/todoalfalfa\/"]},{"@type":"Person","@id":"https:\/\/www.todoalfalfa.com.ar\/noticias\/#\/schema\/person\/99de93cb711c7015ef658e5321ba9f18","name":"Todo Alfalfa","image":{"@type":"ImageObject","inLanguage":"es","@id":"https:\/\/www.todoalfalfa.com.ar\/noticias\/#\/schema\/person\/image\/","url":"https:\/\/secure.gravatar.com\/avatar\/50ffd12fb7b268bc2467160730786602db252a270c63104e7c19b5f67b8dd346?s=96&d=mm&r=g","contentUrl":"https:\/\/secure.gravatar.com\/avatar\/50ffd12fb7b268bc2467160730786602db252a270c63104e7c19b5f67b8dd346?s=96&d=mm&r=g","caption":"Todo Alfalfa"},"url":"https:\/\/www.todoalfalfa.com.ar\/noticias\/author\/osvaldoiachetta\/"}]}},"jetpack_featured_media_url":"https:\/\/i0.wp.com\/www.todoalfalfa.com.ar\/noticias\/wp-content\/uploads\/2024\/11\/programa.jpg?fit=1536%2C1025&ssl=1","wps_subtitle":"","jetpack_sharing_enabled":true,"_links":{"self":[{"href":"https:\/\/www.todoalfalfa.com.ar\/noticias\/wp-json\/wp\/v2\/posts\/48072","targetHints":{"allow":["GET"]}}],"collection":[{"href":"https:\/\/www.todoalfalfa.com.ar\/noticias\/wp-json\/wp\/v2\/posts"}],"about":[{"href":"https:\/\/www.todoalfalfa.com.ar\/noticias\/wp-json\/wp\/v2\/types\/post"}],"author":[{"embeddable":true,"href":"https:\/\/www.todoalfalfa.com.ar\/noticias\/wp-json\/wp\/v2\/users\/9"}],"replies":[{"embeddable":true,"href":"https:\/\/www.todoalfalfa.com.ar\/noticias\/wp-json\/wp\/v2\/comments?post=48072"}],"version-history":[{"count":1,"href":"https:\/\/www.todoalfalfa.com.ar\/noticias\/wp-json\/wp\/v2\/posts\/48072\/revisions"}],"predecessor-version":[{"id":48074,"href":"https:\/\/www.todoalfalfa.com.ar\/noticias\/wp-json\/wp\/v2\/posts\/48072\/revisions\/48074"}],"wp:featuredmedia":[{"embeddable":true,"href":"https:\/\/www.todoalfalfa.com.ar\/noticias\/wp-json\/wp\/v2\/media\/48073"}],"wp:attachment":[{"href":"https:\/\/www.todoalfalfa.com.ar\/noticias\/wp-json\/wp\/v2\/media?parent=48072"}],"wp:term":[{"taxonomy":"category","embeddable":true,"href":"https:\/\/www.todoalfalfa.com.ar\/noticias\/wp-json\/wp\/v2\/categories?post=48072"},{"taxonomy":"post_tag","embeddable":true,"href":"https:\/\/www.todoalfalfa.com.ar\/noticias\/wp-json\/wp\/v2\/tags?post=48072"}],"curies":[{"name":"wp","href":"https:\/\/api.w.org\/{rel}","templated":true}]}}