{"id":48092,"date":"2024-11-11T16:47:30","date_gmt":"2024-11-11T19:47:30","guid":{"rendered":"https:\/\/www.todoalfalfa.com.ar\/noticias\/?p=48092"},"modified":"2024-11-11T17:41:06","modified_gmt":"2024-11-11T20:41:06","slug":"expoalfa-homenajeara-a-tres-hombres-claves-para-el-desarrollo-de-la-alfalfa","status":"publish","type":"post","link":"https:\/\/www.todoalfalfa.com.ar\/noticias\/expoalfa-homenajeara-a-tres-hombres-claves-para-el-desarrollo-de-la-alfalfa\/","title":{"rendered":"ExpoAlfa homenajear\u00e1 a tres hombres claves para el desarrollo de la alfalfa"},"content":{"rendered":"\n<p>Hay personas que pese a su ausencia f\u00edsica siempre est\u00e1n, de una u otra manera, no transitaron por este plano en vano y dejaron huellas importantes. Es por ello que la organizaci\u00f3n de ExpoAlfa 2024 decidi\u00f3 homenajear a tres personas que dejaron su marca en el camino del desarrollo de la alfalfa.<\/p>\n\n\n\n<p>Su pasi\u00f3n por este cultivo hizo que sus nombres trasciendan. Apasionados, inteligentes, simples. Horacio Gallarino, Roberto Rossanigo y Alberto \u201cTordo\u201d Qui\u00f1onez, tendr\u00e1n un merecido reconocimiento.<\/p>\n\n\n\n<p>Horacio Gallarino: Fue director comercial de la empresa Palo Verde SRL. Amante de la alfalfa, se dedico a su mejoramiento y cada vez que pudo aporto su \u201cgrano de arena\u201d para el mejoramiento del cultivo.<\/p>\n\n\n\n<p>Roberto Rossanigo: Destacado referente a nivel nacional en el cultivo de alfalfa. A lo largo de su trayectoria se desempe\u00f1\u00f3 en el \u00e1mbito p\u00fablico (INTA) y privado, donde logr\u00f3 transmitir todos sus conocimientos, que fueron actualiz\u00e1ndose a partir de las innovaciones tecnol\u00f3gicas que han ido apareciendo.<\/p>\n\n\n\n<p>Amable, conocedor y con alma de docente, el experto particip\u00f3 cada vez que pudo de charlas, conferencias y capacitaciones para compartir su extenso conocimiento.<\/p>\n\n\n\n<p>Alberto Qui\u00f1onez: Docente de la Universidad Nacional del Litoral fue un avanzado. Desarrollo una variedad de Alfalfa que se llama \u201cEsperanza\u201d. Transmiti\u00f3 saberes y reflexiones con cada uno de los que tenia intensiones de aportar a mejorar y trabajar en post de un cultivo de calidad.<\/p>\n\n\n\n<p>Esta propuesta tendr\u00e1 lugar la primera jornada a las 10.45 AM por lo que se invita a conocidos, amigos y familiares a ser parte de esta iniciativa.<\/p>\n<div class=\"todoalfalfa-final-de-la-nota\" id=\"todoalfalfa-3304580326\"><a href=\"https:\/\/www.whatsapp.com\/channel\/0029VbCBmFB9WtBxJsD3eC2i\" target=\"_blank\" aria-label=\"5\"><img src=\"https:\/\/i0.wp.com\/www.todoalfalfa.com.ar\/noticias\/wp-content\/uploads\/2026\/04\/5.gif?fit=728%2C90&#038;ssl=1\" alt=\"\"  width=\"728\" height=\"90\"   \/><\/a><\/div>","protected":false},"excerpt":{"rendered":"<p>La organizaci\u00f3n confirm\u00f3 que durante la primera jornada ser\u00e1n homenajeados Horacio Gallarino, Roberto Rossanigo y Alberto Qui\u00f1onez, reconociendo su aporte para darle valor y ponerle el cetro a la \u201creina de las forrajeras\u201d.<\/p>\n","protected":false},"author":9,"featured_media":48093,"comment_status":"closed","ping_status":"open","sticky":false,"template":"","format":"standard","meta":{"jetpack_post_was_ever_published":false,"_jetpack_newsletter_access":"","_jetpack_dont_email_post_to_subs":false,"_jetpack_newsletter_tier_id":0,"_jetpack_memberships_contains_paywalled_content":false,"_jetpack_memberships_contains_paid_content":false,"footnotes":""},"categories":[1809,2],"tags":[31,105,54,1820,21],"class_list":["post-48092","post","type-post","status-publish","format-standard","has-post-thumbnail","hentry","category-expoalfa","category-generales","tag-alfalfa","tag-argentina","tag-forrajes","tag-homenaje","tag-produccion"],"yoast_head":"<!-- This site is optimized with the Yoast SEO plugin v25.5 - https:\/\/yoast.com\/wordpress\/plugins\/seo\/ -->\n<title>ExpoAlfa homenajear\u00e1 a tres hombres claves para el desarrollo de la alfalfa<\/title>\n<meta name=\"robots\" content=\"index, follow, max-snippet:-1, max-image-preview:large, max-video-preview:-1\" \/>\n<link rel=\"canonical\" href=\"https:\/\/www.todoalfalfa.com.ar\/noticias\/expoalfa-homenajeara-a-tres-hombres-claves-para-el-desarrollo-de-la-alfalfa\/\" \/>\n<meta property=\"og:locale\" content=\"es_ES\" \/>\n<meta property=\"og:type\" content=\"article\" \/>\n<meta property=\"og:title\" content=\"ExpoAlfa homenajear\u00e1 a tres hombres claves para el desarrollo de la alfalfa\" \/>\n<meta property=\"og:description\" content=\"La organizaci\u00f3n confirm\u00f3 que durante la primera jornada ser\u00e1n homenajeados Horacio Gallarino, Roberto Rossanigo y Alberto Qui\u00f1onez, reconociendo su aporte para darle valor y ponerle el cetro a la \u201creina de las forrajeras\u201d.\" \/>\n<meta property=\"og:url\" content=\"https:\/\/www.todoalfalfa.com.ar\/noticias\/expoalfa-homenajeara-a-tres-hombres-claves-para-el-desarrollo-de-la-alfalfa\/\" \/>\n<meta property=\"og:site_name\" content=\"Todo Alfalfa\" \/>\n<meta property=\"article:publisher\" content=\"https:\/\/www.facebook.com\/todoalfalfa\" \/>\n<meta property=\"article:published_time\" content=\"2024-11-11T19:47:30+00:00\" \/>\n<meta property=\"article:modified_time\" content=\"2024-11-11T20:41:06+00:00\" \/>\n<meta property=\"og:image\" content=\"https:\/\/www.todoalfalfa.com.ar\/noticias\/wp-content\/uploads\/2024\/11\/homenajes.png\" \/>\n\t<meta property=\"og:image:width\" content=\"940\" \/>\n\t<meta property=\"og:image:height\" content=\"788\" \/>\n\t<meta property=\"og:image:type\" content=\"image\/png\" \/>\n<meta name=\"author\" content=\"Todo Alfalfa\" \/>\n<meta name=\"twitter:card\" content=\"summary_large_image\" \/>\n<meta name=\"twitter:label1\" content=\"Escrito por\" \/>\n\t<meta name=\"twitter:data1\" content=\"Todo Alfalfa\" \/>\n\t<meta name=\"twitter:label2\" content=\"Tiempo de lectura\" \/>\n\t<meta name=\"twitter:data2\" content=\"2 minutos\" \/>\n<script type=\"application\/ld+json\" class=\"yoast-schema-graph\">{\"@context\":\"https:\/\/schema.org\",\"@graph\":[{\"@type\":\"NewsArticle\",\"@id\":\"https:\/\/www.todoalfalfa.com.ar\/noticias\/expoalfa-homenajeara-a-tres-hombres-claves-para-el-desarrollo-de-la-alfalfa\/#article\",\"isPartOf\":{\"@id\":\"https:\/\/www.todoalfalfa.com.ar\/noticias\/expoalfa-homenajeara-a-tres-hombres-claves-para-el-desarrollo-de-la-alfalfa\/\"},\"author\":{\"name\":\"Todo Alfalfa\",\"@id\":\"https:\/\/www.todoalfalfa.com.ar\/noticias\/#\/schema\/person\/99de93cb711c7015ef658e5321ba9f18\"},\"headline\":\"ExpoAlfa homenajear\u00e1 a tres hombres claves para el desarrollo de la alfalfa\",\"datePublished\":\"2024-11-11T19:47:30+00:00\",\"dateModified\":\"2024-11-11T20:41:06+00:00\",\"mainEntityOfPage\":{\"@id\":\"https:\/\/www.todoalfalfa.com.ar\/noticias\/expoalfa-homenajeara-a-tres-hombres-claves-para-el-desarrollo-de-la-alfalfa\/\"},\"wordCount\":275,\"publisher\":{\"@id\":\"https:\/\/www.todoalfalfa.com.ar\/noticias\/#organization\"},\"image\":{\"@id\":\"https:\/\/www.todoalfalfa.com.ar\/noticias\/expoalfa-homenajeara-a-tres-hombres-claves-para-el-desarrollo-de-la-alfalfa\/#primaryimage\"},\"thumbnailUrl\":\"https:\/\/i0.wp.com\/www.todoalfalfa.com.ar\/noticias\/wp-content\/uploads\/2024\/11\/homenajes.png?fit=940%2C788&ssl=1\",\"keywords\":[\"alfalfa\",\"Argentina\",\"forrajes\",\"Homenaje\",\"producci\u00f3n\"],\"articleSection\":[\"ExpoAlfa\",\"Generales\"],\"inLanguage\":\"es\"},{\"@type\":[\"WebPage\",\"ItemPage\"],\"@id\":\"https:\/\/www.todoalfalfa.com.ar\/noticias\/expoalfa-homenajeara-a-tres-hombres-claves-para-el-desarrollo-de-la-alfalfa\/\",\"url\":\"https:\/\/www.todoalfalfa.com.ar\/noticias\/expoalfa-homenajeara-a-tres-hombres-claves-para-el-desarrollo-de-la-alfalfa\/\",\"name\":\"ExpoAlfa homenajear\u00e1 a tres hombres claves para el desarrollo de la alfalfa\",\"isPartOf\":{\"@id\":\"https:\/\/www.todoalfalfa.com.ar\/noticias\/#website\"},\"primaryImageOfPage\":{\"@id\":\"https:\/\/www.todoalfalfa.com.ar\/noticias\/expoalfa-homenajeara-a-tres-hombres-claves-para-el-desarrollo-de-la-alfalfa\/#primaryimage\"},\"image\":{\"@id\":\"https:\/\/www.todoalfalfa.com.ar\/noticias\/expoalfa-homenajeara-a-tres-hombres-claves-para-el-desarrollo-de-la-alfalfa\/#primaryimage\"},\"thumbnailUrl\":\"https:\/\/i0.wp.com\/www.todoalfalfa.com.ar\/noticias\/wp-content\/uploads\/2024\/11\/homenajes.png?fit=940%2C788&ssl=1\",\"datePublished\":\"2024-11-11T19:47:30+00:00\",\"dateModified\":\"2024-11-11T20:41:06+00:00\",\"breadcrumb\":{\"@id\":\"https:\/\/www.todoalfalfa.com.ar\/noticias\/expoalfa-homenajeara-a-tres-hombres-claves-para-el-desarrollo-de-la-alfalfa\/#breadcrumb\"},\"inLanguage\":\"es\",\"potentialAction\":[{\"@type\":\"ReadAction\",\"target\":[\"https:\/\/www.todoalfalfa.com.ar\/noticias\/expoalfa-homenajeara-a-tres-hombres-claves-para-el-desarrollo-de-la-alfalfa\/\"]}]},{\"@type\":\"ImageObject\",\"inLanguage\":\"es\",\"@id\":\"https:\/\/www.todoalfalfa.com.ar\/noticias\/expoalfa-homenajeara-a-tres-hombres-claves-para-el-desarrollo-de-la-alfalfa\/#primaryimage\",\"url\":\"https:\/\/i0.wp.com\/www.todoalfalfa.com.ar\/noticias\/wp-content\/uploads\/2024\/11\/homenajes.png?fit=940%2C788&ssl=1\",\"contentUrl\":\"https:\/\/i0.wp.com\/www.todoalfalfa.com.ar\/noticias\/wp-content\/uploads\/2024\/11\/homenajes.png?fit=940%2C788&ssl=1\",\"width\":940,\"height\":788},{\"@type\":\"BreadcrumbList\",\"@id\":\"https:\/\/www.todoalfalfa.com.ar\/noticias\/expoalfa-homenajeara-a-tres-hombres-claves-para-el-desarrollo-de-la-alfalfa\/#breadcrumb\",\"itemListElement\":[{\"@type\":\"ListItem\",\"position\":1,\"name\":\"Principal\",\"item\":\"https:\/\/www.todoalfalfa.com.ar\/noticias\/\"},{\"@type\":\"ListItem\",\"position\":2,\"name\":\"ExpoAlfa homenajear\u00e1 a tres hombres claves para el desarrollo de la alfalfa\"}]},{\"@type\":\"WebSite\",\"@id\":\"https:\/\/www.todoalfalfa.com.ar\/noticias\/#website\",\"url\":\"https:\/\/www.todoalfalfa.com.ar\/noticias\/\",\"name\":\"Todo Alfalfa\",\"description\":\"Web informativa de la cadena de la alfalfa argentina\",\"publisher\":{\"@id\":\"https:\/\/www.todoalfalfa.com.ar\/noticias\/#organization\"},\"potentialAction\":[{\"@type\":\"SearchAction\",\"target\":{\"@type\":\"EntryPoint\",\"urlTemplate\":\"https:\/\/www.todoalfalfa.com.ar\/noticias\/?s={search_term_string}\"},\"query-input\":{\"@type\":\"PropertyValueSpecification\",\"valueRequired\":true,\"valueName\":\"search_term_string\"}}],\"inLanguage\":\"es\"},{\"@type\":\"Organization\",\"@id\":\"https:\/\/www.todoalfalfa.com.ar\/noticias\/#organization\",\"name\":\"Todo Alfalfa\",\"url\":\"https:\/\/www.todoalfalfa.com.ar\/noticias\/\",\"logo\":{\"@type\":\"ImageObject\",\"inLanguage\":\"es\",\"@id\":\"https:\/\/www.todoalfalfa.com.ar\/noticias\/#\/schema\/logo\/image\/\",\"url\":\"https:\/\/www.todoalfalfa.com.ar\/noticias\/wp-content\/uploads\/2020\/09\/logo-todo-alfalfa-modificado.png\",\"contentUrl\":\"https:\/\/www.todoalfalfa.com.ar\/noticias\/wp-content\/uploads\/2020\/09\/logo-todo-alfalfa-modificado.png\",\"width\":350,\"height\":100,\"caption\":\"Todo Alfalfa\"},\"image\":{\"@id\":\"https:\/\/www.todoalfalfa.com.ar\/noticias\/#\/schema\/logo\/image\/\"},\"sameAs\":[\"https:\/\/www.facebook.com\/todoalfalfa\",\"https:\/\/www.instagram.com\/todoalfalfa\",\"https:\/\/www.youtube.com\/@TodoAlfalfa\",\"https:\/\/www.linkedin.com\/company\/todoalfalfa\/\"]},{\"@type\":\"Person\",\"@id\":\"https:\/\/www.todoalfalfa.com.ar\/noticias\/#\/schema\/person\/99de93cb711c7015ef658e5321ba9f18\",\"name\":\"Todo Alfalfa\",\"image\":{\"@type\":\"ImageObject\",\"inLanguage\":\"es\",\"@id\":\"https:\/\/www.todoalfalfa.com.ar\/noticias\/#\/schema\/person\/image\/\",\"url\":\"https:\/\/secure.gravatar.com\/avatar\/50ffd12fb7b268bc2467160730786602db252a270c63104e7c19b5f67b8dd346?s=96&d=mm&r=g\",\"contentUrl\":\"https:\/\/secure.gravatar.com\/avatar\/50ffd12fb7b268bc2467160730786602db252a270c63104e7c19b5f67b8dd346?s=96&d=mm&r=g\",\"caption\":\"Todo Alfalfa\"},\"url\":\"https:\/\/www.todoalfalfa.com.ar\/noticias\/author\/osvaldoiachetta\/\"}]}<\/script>\n<!-- \/ Yoast SEO plugin. -->","yoast_head_json":{"title":"ExpoAlfa homenajear\u00e1 a tres hombres claves para el desarrollo de la alfalfa","robots":{"index":"index","follow":"follow","max-snippet":"max-snippet:-1","max-image-preview":"max-image-preview:large","max-video-preview":"max-video-preview:-1"},"canonical":"https:\/\/www.todoalfalfa.com.ar\/noticias\/expoalfa-homenajeara-a-tres-hombres-claves-para-el-desarrollo-de-la-alfalfa\/","og_locale":"es_ES","og_type":"article","og_title":"ExpoAlfa homenajear\u00e1 a tres hombres claves para el desarrollo de la alfalfa","og_description":"La organizaci\u00f3n confirm\u00f3 que durante la primera jornada ser\u00e1n homenajeados Horacio Gallarino, Roberto Rossanigo y Alberto Qui\u00f1onez, reconociendo su aporte para darle valor y ponerle el cetro a la \u201creina de las forrajeras\u201d.","og_url":"https:\/\/www.todoalfalfa.com.ar\/noticias\/expoalfa-homenajeara-a-tres-hombres-claves-para-el-desarrollo-de-la-alfalfa\/","og_site_name":"Todo Alfalfa","article_publisher":"https:\/\/www.facebook.com\/todoalfalfa","article_published_time":"2024-11-11T19:47:30+00:00","article_modified_time":"2024-11-11T20:41:06+00:00","og_image":[{"width":940,"height":788,"url":"https:\/\/www.todoalfalfa.com.ar\/noticias\/wp-content\/uploads\/2024\/11\/homenajes.png","type":"image\/png"}],"author":"Todo Alfalfa","twitter_card":"summary_large_image","twitter_misc":{"Escrito por":"Todo Alfalfa","Tiempo de lectura":"2 minutos"},"schema":{"@context":"https:\/\/schema.org","@graph":[{"@type":"NewsArticle","@id":"https:\/\/www.todoalfalfa.com.ar\/noticias\/expoalfa-homenajeara-a-tres-hombres-claves-para-el-desarrollo-de-la-alfalfa\/#article","isPartOf":{"@id":"https:\/\/www.todoalfalfa.com.ar\/noticias\/expoalfa-homenajeara-a-tres-hombres-claves-para-el-desarrollo-de-la-alfalfa\/"},"author":{"name":"Todo Alfalfa","@id":"https:\/\/www.todoalfalfa.com.ar\/noticias\/#\/schema\/person\/99de93cb711c7015ef658e5321ba9f18"},"headline":"ExpoAlfa homenajear\u00e1 a tres hombres claves para el desarrollo de la alfalfa","datePublished":"2024-11-11T19:47:30+00:00","dateModified":"2024-11-11T20:41:06+00:00","mainEntityOfPage":{"@id":"https:\/\/www.todoalfalfa.com.ar\/noticias\/expoalfa-homenajeara-a-tres-hombres-claves-para-el-desarrollo-de-la-alfalfa\/"},"wordCount":275,"publisher":{"@id":"https:\/\/www.todoalfalfa.com.ar\/noticias\/#organization"},"image":{"@id":"https:\/\/www.todoalfalfa.com.ar\/noticias\/expoalfa-homenajeara-a-tres-hombres-claves-para-el-desarrollo-de-la-alfalfa\/#primaryimage"},"thumbnailUrl":"https:\/\/i0.wp.com\/www.todoalfalfa.com.ar\/noticias\/wp-content\/uploads\/2024\/11\/homenajes.png?fit=940%2C788&ssl=1","keywords":["alfalfa","Argentina","forrajes","Homenaje","producci\u00f3n"],"articleSection":["ExpoAlfa","Generales"],"inLanguage":"es"},{"@type":["WebPage","ItemPage"],"@id":"https:\/\/www.todoalfalfa.com.ar\/noticias\/expoalfa-homenajeara-a-tres-hombres-claves-para-el-desarrollo-de-la-alfalfa\/","url":"https:\/\/www.todoalfalfa.com.ar\/noticias\/expoalfa-homenajeara-a-tres-hombres-claves-para-el-desarrollo-de-la-alfalfa\/","name":"ExpoAlfa homenajear\u00e1 a tres hombres claves para el desarrollo de la alfalfa","isPartOf":{"@id":"https:\/\/www.todoalfalfa.com.ar\/noticias\/#website"},"primaryImageOfPage":{"@id":"https:\/\/www.todoalfalfa.com.ar\/noticias\/expoalfa-homenajeara-a-tres-hombres-claves-para-el-desarrollo-de-la-alfalfa\/#primaryimage"},"image":{"@id":"https:\/\/www.todoalfalfa.com.ar\/noticias\/expoalfa-homenajeara-a-tres-hombres-claves-para-el-desarrollo-de-la-alfalfa\/#primaryimage"},"thumbnailUrl":"https:\/\/i0.wp.com\/www.todoalfalfa.com.ar\/noticias\/wp-content\/uploads\/2024\/11\/homenajes.png?fit=940%2C788&ssl=1","datePublished":"2024-11-11T19:47:30+00:00","dateModified":"2024-11-11T20:41:06+00:00","breadcrumb":{"@id":"https:\/\/www.todoalfalfa.com.ar\/noticias\/expoalfa-homenajeara-a-tres-hombres-claves-para-el-desarrollo-de-la-alfalfa\/#breadcrumb"},"inLanguage":"es","potentialAction":[{"@type":"ReadAction","target":["https:\/\/www.todoalfalfa.com.ar\/noticias\/expoalfa-homenajeara-a-tres-hombres-claves-para-el-desarrollo-de-la-alfalfa\/"]}]},{"@type":"ImageObject","inLanguage":"es","@id":"https:\/\/www.todoalfalfa.com.ar\/noticias\/expoalfa-homenajeara-a-tres-hombres-claves-para-el-desarrollo-de-la-alfalfa\/#primaryimage","url":"https:\/\/i0.wp.com\/www.todoalfalfa.com.ar\/noticias\/wp-content\/uploads\/2024\/11\/homenajes.png?fit=940%2C788&ssl=1","contentUrl":"https:\/\/i0.wp.com\/www.todoalfalfa.com.ar\/noticias\/wp-content\/uploads\/2024\/11\/homenajes.png?fit=940%2C788&ssl=1","width":940,"height":788},{"@type":"BreadcrumbList","@id":"https:\/\/www.todoalfalfa.com.ar\/noticias\/expoalfa-homenajeara-a-tres-hombres-claves-para-el-desarrollo-de-la-alfalfa\/#breadcrumb","itemListElement":[{"@type":"ListItem","position":1,"name":"Principal","item":"https:\/\/www.todoalfalfa.com.ar\/noticias\/"},{"@type":"ListItem","position":2,"name":"ExpoAlfa homenajear\u00e1 a tres hombres claves para el desarrollo de la alfalfa"}]},{"@type":"WebSite","@id":"https:\/\/www.todoalfalfa.com.ar\/noticias\/#website","url":"https:\/\/www.todoalfalfa.com.ar\/noticias\/","name":"Todo Alfalfa","description":"Web informativa de la cadena de la alfalfa argentina","publisher":{"@id":"https:\/\/www.todoalfalfa.com.ar\/noticias\/#organization"},"potentialAction":[{"@type":"SearchAction","target":{"@type":"EntryPoint","urlTemplate":"https:\/\/www.todoalfalfa.com.ar\/noticias\/?s={search_term_string}"},"query-input":{"@type":"PropertyValueSpecification","valueRequired":true,"valueName":"search_term_string"}}],"inLanguage":"es"},{"@type":"Organization","@id":"https:\/\/www.todoalfalfa.com.ar\/noticias\/#organization","name":"Todo Alfalfa","url":"https:\/\/www.todoalfalfa.com.ar\/noticias\/","logo":{"@type":"ImageObject","inLanguage":"es","@id":"https:\/\/www.todoalfalfa.com.ar\/noticias\/#\/schema\/logo\/image\/","url":"https:\/\/www.todoalfalfa.com.ar\/noticias\/wp-content\/uploads\/2020\/09\/logo-todo-alfalfa-modificado.png","contentUrl":"https:\/\/www.todoalfalfa.com.ar\/noticias\/wp-content\/uploads\/2020\/09\/logo-todo-alfalfa-modificado.png","width":350,"height":100,"caption":"Todo Alfalfa"},"image":{"@id":"https:\/\/www.todoalfalfa.com.ar\/noticias\/#\/schema\/logo\/image\/"},"sameAs":["https:\/\/www.facebook.com\/todoalfalfa","https:\/\/www.instagram.com\/todoalfalfa","https:\/\/www.youtube.com\/@TodoAlfalfa","https:\/\/www.linkedin.com\/company\/todoalfalfa\/"]},{"@type":"Person","@id":"https:\/\/www.todoalfalfa.com.ar\/noticias\/#\/schema\/person\/99de93cb711c7015ef658e5321ba9f18","name":"Todo Alfalfa","image":{"@type":"ImageObject","inLanguage":"es","@id":"https:\/\/www.todoalfalfa.com.ar\/noticias\/#\/schema\/person\/image\/","url":"https:\/\/secure.gravatar.com\/avatar\/50ffd12fb7b268bc2467160730786602db252a270c63104e7c19b5f67b8dd346?s=96&d=mm&r=g","contentUrl":"https:\/\/secure.gravatar.com\/avatar\/50ffd12fb7b268bc2467160730786602db252a270c63104e7c19b5f67b8dd346?s=96&d=mm&r=g","caption":"Todo Alfalfa"},"url":"https:\/\/www.todoalfalfa.com.ar\/noticias\/author\/osvaldoiachetta\/"}]}},"jetpack_featured_media_url":"https:\/\/i0.wp.com\/www.todoalfalfa.com.ar\/noticias\/wp-content\/uploads\/2024\/11\/homenajes.png?fit=940%2C788&ssl=1","wps_subtitle":"","jetpack_sharing_enabled":true,"_links":{"self":[{"href":"https:\/\/www.todoalfalfa.com.ar\/noticias\/wp-json\/wp\/v2\/posts\/48092","targetHints":{"allow":["GET"]}}],"collection":[{"href":"https:\/\/www.todoalfalfa.com.ar\/noticias\/wp-json\/wp\/v2\/posts"}],"about":[{"href":"https:\/\/www.todoalfalfa.com.ar\/noticias\/wp-json\/wp\/v2\/types\/post"}],"author":[{"embeddable":true,"href":"https:\/\/www.todoalfalfa.com.ar\/noticias\/wp-json\/wp\/v2\/users\/9"}],"replies":[{"embeddable":true,"href":"https:\/\/www.todoalfalfa.com.ar\/noticias\/wp-json\/wp\/v2\/comments?post=48092"}],"version-history":[{"count":1,"href":"https:\/\/www.todoalfalfa.com.ar\/noticias\/wp-json\/wp\/v2\/posts\/48092\/revisions"}],"predecessor-version":[{"id":48094,"href":"https:\/\/www.todoalfalfa.com.ar\/noticias\/wp-json\/wp\/v2\/posts\/48092\/revisions\/48094"}],"wp:featuredmedia":[{"embeddable":true,"href":"https:\/\/www.todoalfalfa.com.ar\/noticias\/wp-json\/wp\/v2\/media\/48093"}],"wp:attachment":[{"href":"https:\/\/www.todoalfalfa.com.ar\/noticias\/wp-json\/wp\/v2\/media?parent=48092"}],"wp:term":[{"taxonomy":"category","embeddable":true,"href":"https:\/\/www.todoalfalfa.com.ar\/noticias\/wp-json\/wp\/v2\/categories?post=48092"},{"taxonomy":"post_tag","embeddable":true,"href":"https:\/\/www.todoalfalfa.com.ar\/noticias\/wp-json\/wp\/v2\/tags?post=48092"}],"curies":[{"name":"wp","href":"https:\/\/api.w.org\/{rel}","templated":true}]}}