{"id":48133,"date":"2024-11-14T06:47:03","date_gmt":"2024-11-14T09:47:03","guid":{"rendered":"https:\/\/www.todoalfalfa.com.ar\/noticias\/?p=48133"},"modified":"2024-11-14T06:47:04","modified_gmt":"2024-11-14T09:47:04","slug":"la-alfalfa-en-el-centro-de-la-escena-nacional","status":"publish","type":"post","link":"https:\/\/www.todoalfalfa.com.ar\/noticias\/la-alfalfa-en-el-centro-de-la-escena-nacional\/","title":{"rendered":"La alfalfa en el centro de la escena nacional"},"content":{"rendered":"\n<p>ExpoAlfa puso primera y la alfalfa estuvo en el centro de la escena nacional en la primera jornada en Esperanza, Santa Fe. Ante un importante marco de publico y con presencia de funcionarios del gobierno de la provincia de Santa Fe como Ignacio Mantaras (sec de agricultura y ganader\u00eda), Carlos De Lorenzi (director de Lecher\u00eda) y Daniel Scarabotti (director de Agricultura); tambi\u00e9n estuvo presente el intendente de Esperanza, Rodrigo M\u00fcller; la secretaria de innovaci\u00f3n y desarrollo econ\u00f3mico, Victoria Nagel.<\/p>\n\n\n\n<p>Como parte organizadora estuvo presente el gerente de todocampos, Antonio Lozano; el rector de la Universidad Nacional del Litoral, Enrique mammarella; el decano de la Facultad de Ciencias Agrarias de la Universidad Nacional del Litoral, magister Oscar Osan y Fernando Delbino, docente de la catedra de forrajes de la Facultad de Ciencias Agrarias de la Universidad Nacional&nbsp;del&nbsp;Litoral. Junto a ellos, estuvo la directora de la Estaci\u00f3n experimental del INTA Rafaela, ingeniera agr\u00f3noma Mar\u00eda Eugenia Carrizo.<\/p>\n\n\n\n\n\n<p>Los presentes destacaron en su discurso la importancia y trascendencia de la alfalfa como cultivo, las posibilidades que brinda en la actualidad y que Esperanza sea el centro para poner la corona a la reina de las forrajeras.<\/p>\n\n\n\n<p>Mientras eso suced\u00eda, en el sal\u00f3n de la Sociedad Rural Las Colonias se llevaba a cabo de manera simult\u00e1nea una charla exclusiva para productores que coparon el espacio que mostraron inter\u00e9s en la propuesta.<\/p>\n\n\n\n<p>Jos\u00e9 Maiztegui (docente de la FCA-UNL) habl\u00f3 sobre <strong>\u201cLa alfalfa en la nutrici\u00f3n de vacas lecheras de alta producci\u00f3n\u201d<\/strong>, mientras que <strong>In\u00e9s Brance Bonvini<\/strong>, (docente de la FCA-UNL y desarrollista de Gentos) explic\u00f3: <strong>\u201cEl rol de la alfalfa como aliada para potenciar la rentabilidad y productividad en la cuenca lechera central santafesina\u201d; por su parte, Javier Baudracco <\/strong>(docente de la FCA-UNL) abord\u00f3 el tema: <strong>\u201cLecher\u00eda simple y rentable: es con alfalfa\u201d<\/strong>.<\/p>\n\n\n\n<figure class=\"wp-block-image size-large\"><img data-recalc-dims=\"1\" fetchpriority=\"high\" decoding=\"async\" width=\"576\" height=\"1024\" src=\"https:\/\/i0.wp.com\/www.todoalfalfa.com.ar\/noticias\/wp-content\/uploads\/2024\/11\/Charla-Productores-Nota.jpg?resize=576%2C1024&#038;ssl=1\" alt=\"\" class=\"wp-image-48140\"\/><\/figure>\n\n\n\n<p>El cierre estuvo a cabo de Jos\u00e9 Brigante, presidente de la C\u00e1mara Argentina de Alfalfa quien habl\u00f3 sobre un tema de actualidad: <strong>\u201cOportunidades para el cultivo de alfalfa\u201d<\/strong>.<\/p>\n\n\n\n<p>En tanto, en el predio del CICAE, un gran n\u00famero de visitantes recorr\u00edan la muestra est\u00e1tica y disfrutaban de los fierros y cada una de las propuestas que las empresas del sector expusieron en el espacio. Desde semillas hasta drones y maquinarias forrajeras; pasando por tractores, drones, camionetas, hilos y m\u00e1s.<\/p>\n\n\n\n<p>Pero a su vez, en el auditorio principal se llevaban a cabo las jornadas de alfalfa con un amplio programa que en su primera jornada abord\u00f3 mejoramiento gen\u00e9tico en semillas, riego, fertilidad, alfalfa en sistemas silvopastoriles, propiedades f\u00edsicas del suelo.<\/p>\n\n\n\n<figure class=\"wp-block-image size-large\"><img data-recalc-dims=\"1\" decoding=\"async\" width=\"1024\" height=\"576\" src=\"https:\/\/i0.wp.com\/www.todoalfalfa.com.ar\/noticias\/wp-content\/uploads\/2024\/11\/Exposicion-Jornadas.jpg?resize=1024%2C576&#038;ssl=1\" alt=\"\" class=\"wp-image-48134\" srcset=\"https:\/\/i0.wp.com\/www.todoalfalfa.com.ar\/noticias\/wp-content\/uploads\/2024\/11\/Exposicion-Jornadas.jpg?resize=1024%2C576&amp;ssl=1 1024w, https:\/\/i0.wp.com\/www.todoalfalfa.com.ar\/noticias\/wp-content\/uploads\/2024\/11\/Exposicion-Jornadas.jpg?resize=300%2C169&amp;ssl=1 300w, https:\/\/i0.wp.com\/www.todoalfalfa.com.ar\/noticias\/wp-content\/uploads\/2024\/11\/Exposicion-Jornadas.jpg?resize=768%2C432&amp;ssl=1 768w, https:\/\/i0.wp.com\/www.todoalfalfa.com.ar\/noticias\/wp-content\/uploads\/2024\/11\/Exposicion-Jornadas.jpg?resize=1536%2C864&amp;ssl=1 1536w, https:\/\/i0.wp.com\/www.todoalfalfa.com.ar\/noticias\/wp-content\/uploads\/2024\/11\/Exposicion-Jornadas.jpg?resize=777%2C437&amp;ssl=1 777w, https:\/\/i0.wp.com\/www.todoalfalfa.com.ar\/noticias\/wp-content\/uploads\/2024\/11\/Exposicion-Jornadas.jpg?resize=180%2C101&amp;ssl=1 180w, https:\/\/i0.wp.com\/www.todoalfalfa.com.ar\/noticias\/wp-content\/uploads\/2024\/11\/Exposicion-Jornadas.jpg?resize=260%2C146&amp;ssl=1 260w, https:\/\/i0.wp.com\/www.todoalfalfa.com.ar\/noticias\/wp-content\/uploads\/2024\/11\/Exposicion-Jornadas.jpg?resize=373%2C210&amp;ssl=1 373w, https:\/\/i0.wp.com\/www.todoalfalfa.com.ar\/noticias\/wp-content\/uploads\/2024\/11\/Exposicion-Jornadas.jpg?resize=120%2C67&amp;ssl=1 120w, https:\/\/i0.wp.com\/www.todoalfalfa.com.ar\/noticias\/wp-content\/uploads\/2024\/11\/Exposicion-Jornadas.jpg?w=1600&amp;ssl=1 1600w\" sizes=\"(max-width: 1000px) 100vw, 1000px\" \/><\/figure>\n\n\n\n<p>Hubo momento para la emoci\u00f3n, ya que la organizaci\u00f3n reconoci\u00f3 a Alberto \u201ctordo\u201d Qui\u00f1onez, Horacio Gallarino, y Roberto Rossanigo, tres hombres fundamentales en el desarrollo productivo de la alfalfa.<\/p>\n\n\n\n<p>Tambi\u00e9n el podcast de Dos por el Pasto que cada viernes presente su edici\u00f3n hablando sobre pasto, tuvo su edici\u00f3n en vivo.<\/p>\n\n\n\n<p>El cierre de la primera jornada se traslad\u00f3 al aulario de la UNL, con una Ronda de Negocio que convoc\u00f3 a un destacado n\u00famero de involucrados y que intercambiaron datos para intentar lograr acuerdos comerciales.<\/p>\n\n\n\n<figure class=\"wp-block-image size-large\"><img data-recalc-dims=\"1\" decoding=\"async\" width=\"1024\" height=\"576\" src=\"https:\/\/i0.wp.com\/www.todoalfalfa.com.ar\/noticias\/wp-content\/uploads\/2024\/11\/Ronda-de-Negocios.jpg?resize=1024%2C576&#038;ssl=1\" alt=\"\" class=\"wp-image-48136\" srcset=\"https:\/\/i0.wp.com\/www.todoalfalfa.com.ar\/noticias\/wp-content\/uploads\/2024\/11\/Ronda-de-Negocios.jpg?resize=1024%2C576&amp;ssl=1 1024w, https:\/\/i0.wp.com\/www.todoalfalfa.com.ar\/noticias\/wp-content\/uploads\/2024\/11\/Ronda-de-Negocios.jpg?resize=300%2C169&amp;ssl=1 300w, https:\/\/i0.wp.com\/www.todoalfalfa.com.ar\/noticias\/wp-content\/uploads\/2024\/11\/Ronda-de-Negocios.jpg?resize=768%2C432&amp;ssl=1 768w, https:\/\/i0.wp.com\/www.todoalfalfa.com.ar\/noticias\/wp-content\/uploads\/2024\/11\/Ronda-de-Negocios.jpg?resize=1536%2C864&amp;ssl=1 1536w, https:\/\/i0.wp.com\/www.todoalfalfa.com.ar\/noticias\/wp-content\/uploads\/2024\/11\/Ronda-de-Negocios.jpg?resize=777%2C437&amp;ssl=1 777w, https:\/\/i0.wp.com\/www.todoalfalfa.com.ar\/noticias\/wp-content\/uploads\/2024\/11\/Ronda-de-Negocios.jpg?resize=180%2C101&amp;ssl=1 180w, https:\/\/i0.wp.com\/www.todoalfalfa.com.ar\/noticias\/wp-content\/uploads\/2024\/11\/Ronda-de-Negocios.jpg?resize=260%2C146&amp;ssl=1 260w, https:\/\/i0.wp.com\/www.todoalfalfa.com.ar\/noticias\/wp-content\/uploads\/2024\/11\/Ronda-de-Negocios.jpg?resize=373%2C210&amp;ssl=1 373w, https:\/\/i0.wp.com\/www.todoalfalfa.com.ar\/noticias\/wp-content\/uploads\/2024\/11\/Ronda-de-Negocios.jpg?resize=120%2C67&amp;ssl=1 120w, https:\/\/i0.wp.com\/www.todoalfalfa.com.ar\/noticias\/wp-content\/uploads\/2024\/11\/Ronda-de-Negocios.jpg?w=1600&amp;ssl=1 1600w\" sizes=\"(max-width: 1000px) 100vw, 1000px\" \/><\/figure>\n\n\n\n<p>Desde la organizaci\u00f3n se mostraron conformes por el nivel y capacidad de los disertantes, la cantidad y calidad de los diversos stand tanto internos como externos que le dieron color y calidad a la muestra, y por la convocatoria del p\u00fablico.<\/p>\n\n\n\n<p>La segunda jornada iniciar\u00e1 ma\u00f1ana en el CICAE desde las 8.30 con diversas charlas que abordar\u00e1n temas como siembra y calidad, eficiencia en el cultivo de alfalfa, la C\u00e1mara Argentina de Alfalfa y el Cl\u00faster de Alfalfa de C\u00f3rdoba hablar\u00e1n sobre las oportunidades que ofrece el mundo. (<a href=\"https:\/\/expoalfa.com.ar\/alfalfa\/programa\/jornadas-nacionales\/\">Ver programa<\/a>)<\/p>\n\n\n\n<p>Pero tambi\u00e9n, los estudiantes tendr\u00e1n su espacio que ser\u00e1 especial para ellos. En el aulario de la UNL tendr\u00e1n una charla con disertantes de primer nivel en la que hablar\u00e1n sobre <strong>C\u00f3mo mejorar la producci\u00f3n de la alfalfa, de manera sostenible<\/strong> (<a href=\"https:\/\/expoalfa.com.ar\/alfalfa\/programa\/jornadas-nacionales\/\">ver programa<\/a>).<\/p>\n\n\n\n<p>Mientras que, de 15 a 18 horas, la din\u00e1mica de forrajeras promete mostrar a los fierros en acci\u00f3n. Esta propuesta, que se desarrollar\u00e1 en el campo La Nicolina tendr\u00e1 una amplia variedad de m\u00e1quinas forrajeras (<a href=\"https:\/\/expoalfa.com.ar\/alfalfa\/programa\/dinamica-de-maquinarias\/\">ver programa<\/a>)<\/p>\n\n\n\n<figure class=\"wp-block-image size-full\"><img data-recalc-dims=\"1\" loading=\"lazy\" decoding=\"async\" width=\"819\" height=\"1024\" src=\"https:\/\/i0.wp.com\/www.todoalfalfa.com.ar\/noticias\/wp-content\/uploads\/2024\/11\/WhatsApp-Image-2024-10-03-at-07.14.11-819x1024-1.jpeg?resize=819%2C1024&#038;ssl=1\" alt=\"\" class=\"wp-image-48150\" srcset=\"https:\/\/i0.wp.com\/www.todoalfalfa.com.ar\/noticias\/wp-content\/uploads\/2024\/11\/WhatsApp-Image-2024-10-03-at-07.14.11-819x1024-1.jpeg?w=819&amp;ssl=1 819w, https:\/\/i0.wp.com\/www.todoalfalfa.com.ar\/noticias\/wp-content\/uploads\/2024\/11\/WhatsApp-Image-2024-10-03-at-07.14.11-819x1024-1.jpeg?resize=240%2C300&amp;ssl=1 240w, https:\/\/i0.wp.com\/www.todoalfalfa.com.ar\/noticias\/wp-content\/uploads\/2024\/11\/WhatsApp-Image-2024-10-03-at-07.14.11-819x1024-1.jpeg?resize=768%2C960&amp;ssl=1 768w\" sizes=\"(max-width: 819px) 100vw, 819px\" \/><\/figure>\n<div class=\"todoalfalfa-final-de-la-nota\" id=\"todoalfalfa-2477455642\"><a href=\"https:\/\/www.whatsapp.com\/channel\/0029VbCBmFB9WtBxJsD3eC2i\" target=\"_blank\" aria-label=\"5\"><img src=\"https:\/\/i0.wp.com\/www.todoalfalfa.com.ar\/noticias\/wp-content\/uploads\/2026\/04\/5.gif?fit=728%2C90&#038;ssl=1\" alt=\"\"  width=\"728\" height=\"90\"   \/><\/a><\/div>","protected":false},"excerpt":{"rendered":"<p>El primer d\u00eda de ExpoAlfa tuvo una gran convocatoria, destacados disertantes que mantuvieron cautivo al publico presente. Tambi\u00e9n variedad de propuestas en la muestra est\u00e1tica y ronda de negocios. <\/p>\n","protected":false},"author":9,"featured_media":48137,"comment_status":"closed","ping_status":"open","sticky":false,"template":"","format":"standard","meta":{"jetpack_post_was_ever_published":false,"_jetpack_newsletter_access":"","_jetpack_dont_email_post_to_subs":false,"_jetpack_newsletter_tier_id":0,"_jetpack_memberships_contains_paywalled_content":false,"_jetpack_memberships_contains_paid_content":false,"footnotes":""},"categories":[1809,2],"tags":[31,105,236,54,68,36,1659,17,1826],"class_list":["post-48133","post","type-post","status-publish","format-standard","has-post-thumbnail","hentry","category-expoalfa","category-generales","tag-alfalfa","tag-argentina","tag-exportacion","tag-forrajes","tag-heno","tag-inta","tag-novedades","tag-pasturas","tag-universidad-nacional-del-litoral"],"yoast_head":"<!-- This site is optimized with the Yoast SEO plugin v25.5 - https:\/\/yoast.com\/wordpress\/plugins\/seo\/ -->\n<title>La alfalfa en el centro de la escena nacional<\/title>\n<meta name=\"robots\" content=\"index, follow, max-snippet:-1, max-image-preview:large, max-video-preview:-1\" \/>\n<link rel=\"canonical\" href=\"https:\/\/www.todoalfalfa.com.ar\/noticias\/la-alfalfa-en-el-centro-de-la-escena-nacional\/\" \/>\n<meta property=\"og:locale\" content=\"es_ES\" \/>\n<meta property=\"og:type\" content=\"article\" \/>\n<meta property=\"og:title\" content=\"La alfalfa en el centro de la escena nacional\" \/>\n<meta property=\"og:description\" content=\"El primer d\u00eda de ExpoAlfa tuvo una gran convocatoria, destacados disertantes que mantuvieron cautivo al publico presente. Tambi\u00e9n variedad de propuestas en la muestra est\u00e1tica y ronda de negocios.\" \/>\n<meta property=\"og:url\" content=\"https:\/\/www.todoalfalfa.com.ar\/noticias\/la-alfalfa-en-el-centro-de-la-escena-nacional\/\" \/>\n<meta property=\"og:site_name\" content=\"Todo Alfalfa\" \/>\n<meta property=\"article:publisher\" content=\"https:\/\/www.facebook.com\/todoalfalfa\" \/>\n<meta property=\"article:published_time\" content=\"2024-11-14T09:47:03+00:00\" \/>\n<meta property=\"article:modified_time\" content=\"2024-11-14T09:47:04+00:00\" \/>\n<meta property=\"og:image\" content=\"https:\/\/www.todoalfalfa.com.ar\/noticias\/wp-content\/uploads\/2024\/11\/Imagen-de-WhatsApp-2024-11-13-a-las-21.15.31_4103c997-e1731577386354.jpg\" \/>\n\t<meta property=\"og:image:width\" content=\"720\" \/>\n\t<meta property=\"og:image:height\" content=\"584\" \/>\n\t<meta property=\"og:image:type\" content=\"image\/jpeg\" \/>\n<meta name=\"author\" content=\"Todo Alfalfa\" \/>\n<meta name=\"twitter:card\" content=\"summary_large_image\" \/>\n<meta name=\"twitter:label1\" content=\"Escrito por\" \/>\n\t<meta name=\"twitter:data1\" content=\"Todo Alfalfa\" \/>\n\t<meta name=\"twitter:label2\" content=\"Tiempo de lectura\" \/>\n\t<meta name=\"twitter:data2\" content=\"5 minutos\" \/>\n<script type=\"application\/ld+json\" class=\"yoast-schema-graph\">{\"@context\":\"https:\/\/schema.org\",\"@graph\":[{\"@type\":\"NewsArticle\",\"@id\":\"https:\/\/www.todoalfalfa.com.ar\/noticias\/la-alfalfa-en-el-centro-de-la-escena-nacional\/#article\",\"isPartOf\":{\"@id\":\"https:\/\/www.todoalfalfa.com.ar\/noticias\/la-alfalfa-en-el-centro-de-la-escena-nacional\/\"},\"author\":{\"name\":\"Todo Alfalfa\",\"@id\":\"https:\/\/www.todoalfalfa.com.ar\/noticias\/#\/schema\/person\/99de93cb711c7015ef658e5321ba9f18\"},\"headline\":\"La alfalfa en el centro de la escena nacional\",\"datePublished\":\"2024-11-14T09:47:03+00:00\",\"dateModified\":\"2024-11-14T09:47:04+00:00\",\"mainEntityOfPage\":{\"@id\":\"https:\/\/www.todoalfalfa.com.ar\/noticias\/la-alfalfa-en-el-centro-de-la-escena-nacional\/\"},\"wordCount\":730,\"publisher\":{\"@id\":\"https:\/\/www.todoalfalfa.com.ar\/noticias\/#organization\"},\"image\":{\"@id\":\"https:\/\/www.todoalfalfa.com.ar\/noticias\/la-alfalfa-en-el-centro-de-la-escena-nacional\/#primaryimage\"},\"thumbnailUrl\":\"https:\/\/i0.wp.com\/www.todoalfalfa.com.ar\/noticias\/wp-content\/uploads\/2024\/11\/Imagen-de-WhatsApp-2024-11-13-a-las-21.15.31_4103c997-e1731577386354.jpg?fit=720%2C584&ssl=1\",\"keywords\":[\"alfalfa\",\"Argentina\",\"exportaci\u00f3n\",\"forrajes\",\"heno\",\"inta\",\"Novedades\",\"pasturas\",\"Universidad Nacional del Litoral\"],\"articleSection\":[\"ExpoAlfa\",\"Generales\"],\"inLanguage\":\"es\"},{\"@type\":[\"WebPage\",\"ItemPage\"],\"@id\":\"https:\/\/www.todoalfalfa.com.ar\/noticias\/la-alfalfa-en-el-centro-de-la-escena-nacional\/\",\"url\":\"https:\/\/www.todoalfalfa.com.ar\/noticias\/la-alfalfa-en-el-centro-de-la-escena-nacional\/\",\"name\":\"La alfalfa en el centro de la escena nacional\",\"isPartOf\":{\"@id\":\"https:\/\/www.todoalfalfa.com.ar\/noticias\/#website\"},\"primaryImageOfPage\":{\"@id\":\"https:\/\/www.todoalfalfa.com.ar\/noticias\/la-alfalfa-en-el-centro-de-la-escena-nacional\/#primaryimage\"},\"image\":{\"@id\":\"https:\/\/www.todoalfalfa.com.ar\/noticias\/la-alfalfa-en-el-centro-de-la-escena-nacional\/#primaryimage\"},\"thumbnailUrl\":\"https:\/\/i0.wp.com\/www.todoalfalfa.com.ar\/noticias\/wp-content\/uploads\/2024\/11\/Imagen-de-WhatsApp-2024-11-13-a-las-21.15.31_4103c997-e1731577386354.jpg?fit=720%2C584&ssl=1\",\"datePublished\":\"2024-11-14T09:47:03+00:00\",\"dateModified\":\"2024-11-14T09:47:04+00:00\",\"breadcrumb\":{\"@id\":\"https:\/\/www.todoalfalfa.com.ar\/noticias\/la-alfalfa-en-el-centro-de-la-escena-nacional\/#breadcrumb\"},\"inLanguage\":\"es\",\"potentialAction\":[{\"@type\":\"ReadAction\",\"target\":[\"https:\/\/www.todoalfalfa.com.ar\/noticias\/la-alfalfa-en-el-centro-de-la-escena-nacional\/\"]}]},{\"@type\":\"ImageObject\",\"inLanguage\":\"es\",\"@id\":\"https:\/\/www.todoalfalfa.com.ar\/noticias\/la-alfalfa-en-el-centro-de-la-escena-nacional\/#primaryimage\",\"url\":\"https:\/\/i0.wp.com\/www.todoalfalfa.com.ar\/noticias\/wp-content\/uploads\/2024\/11\/Imagen-de-WhatsApp-2024-11-13-a-las-21.15.31_4103c997-e1731577386354.jpg?fit=720%2C584&ssl=1\",\"contentUrl\":\"https:\/\/i0.wp.com\/www.todoalfalfa.com.ar\/noticias\/wp-content\/uploads\/2024\/11\/Imagen-de-WhatsApp-2024-11-13-a-las-21.15.31_4103c997-e1731577386354.jpg?fit=720%2C584&ssl=1\",\"width\":720,\"height\":584},{\"@type\":\"BreadcrumbList\",\"@id\":\"https:\/\/www.todoalfalfa.com.ar\/noticias\/la-alfalfa-en-el-centro-de-la-escena-nacional\/#breadcrumb\",\"itemListElement\":[{\"@type\":\"ListItem\",\"position\":1,\"name\":\"Principal\",\"item\":\"https:\/\/www.todoalfalfa.com.ar\/noticias\/\"},{\"@type\":\"ListItem\",\"position\":2,\"name\":\"La alfalfa en el centro de la escena nacional\"}]},{\"@type\":\"WebSite\",\"@id\":\"https:\/\/www.todoalfalfa.com.ar\/noticias\/#website\",\"url\":\"https:\/\/www.todoalfalfa.com.ar\/noticias\/\",\"name\":\"Todo Alfalfa\",\"description\":\"Web informativa de la cadena de la alfalfa argentina\",\"publisher\":{\"@id\":\"https:\/\/www.todoalfalfa.com.ar\/noticias\/#organization\"},\"potentialAction\":[{\"@type\":\"SearchAction\",\"target\":{\"@type\":\"EntryPoint\",\"urlTemplate\":\"https:\/\/www.todoalfalfa.com.ar\/noticias\/?s={search_term_string}\"},\"query-input\":{\"@type\":\"PropertyValueSpecification\",\"valueRequired\":true,\"valueName\":\"search_term_string\"}}],\"inLanguage\":\"es\"},{\"@type\":\"Organization\",\"@id\":\"https:\/\/www.todoalfalfa.com.ar\/noticias\/#organization\",\"name\":\"Todo Alfalfa\",\"url\":\"https:\/\/www.todoalfalfa.com.ar\/noticias\/\",\"logo\":{\"@type\":\"ImageObject\",\"inLanguage\":\"es\",\"@id\":\"https:\/\/www.todoalfalfa.com.ar\/noticias\/#\/schema\/logo\/image\/\",\"url\":\"https:\/\/www.todoalfalfa.com.ar\/noticias\/wp-content\/uploads\/2020\/09\/logo-todo-alfalfa-modificado.png\",\"contentUrl\":\"https:\/\/www.todoalfalfa.com.ar\/noticias\/wp-content\/uploads\/2020\/09\/logo-todo-alfalfa-modificado.png\",\"width\":350,\"height\":100,\"caption\":\"Todo Alfalfa\"},\"image\":{\"@id\":\"https:\/\/www.todoalfalfa.com.ar\/noticias\/#\/schema\/logo\/image\/\"},\"sameAs\":[\"https:\/\/www.facebook.com\/todoalfalfa\",\"https:\/\/www.instagram.com\/todoalfalfa\",\"https:\/\/www.youtube.com\/@TodoAlfalfa\",\"https:\/\/www.linkedin.com\/company\/todoalfalfa\/\"]},{\"@type\":\"Person\",\"@id\":\"https:\/\/www.todoalfalfa.com.ar\/noticias\/#\/schema\/person\/99de93cb711c7015ef658e5321ba9f18\",\"name\":\"Todo Alfalfa\",\"image\":{\"@type\":\"ImageObject\",\"inLanguage\":\"es\",\"@id\":\"https:\/\/www.todoalfalfa.com.ar\/noticias\/#\/schema\/person\/image\/\",\"url\":\"https:\/\/secure.gravatar.com\/avatar\/50ffd12fb7b268bc2467160730786602db252a270c63104e7c19b5f67b8dd346?s=96&d=mm&r=g\",\"contentUrl\":\"https:\/\/secure.gravatar.com\/avatar\/50ffd12fb7b268bc2467160730786602db252a270c63104e7c19b5f67b8dd346?s=96&d=mm&r=g\",\"caption\":\"Todo Alfalfa\"},\"url\":\"https:\/\/www.todoalfalfa.com.ar\/noticias\/author\/osvaldoiachetta\/\"}]}<\/script>\n<!-- \/ Yoast SEO plugin. -->","yoast_head_json":{"title":"La alfalfa en el centro de la escena nacional","robots":{"index":"index","follow":"follow","max-snippet":"max-snippet:-1","max-image-preview":"max-image-preview:large","max-video-preview":"max-video-preview:-1"},"canonical":"https:\/\/www.todoalfalfa.com.ar\/noticias\/la-alfalfa-en-el-centro-de-la-escena-nacional\/","og_locale":"es_ES","og_type":"article","og_title":"La alfalfa en el centro de la escena nacional","og_description":"El primer d\u00eda de ExpoAlfa tuvo una gran convocatoria, destacados disertantes que mantuvieron cautivo al publico presente. Tambi\u00e9n variedad de propuestas en la muestra est\u00e1tica y ronda de negocios.","og_url":"https:\/\/www.todoalfalfa.com.ar\/noticias\/la-alfalfa-en-el-centro-de-la-escena-nacional\/","og_site_name":"Todo Alfalfa","article_publisher":"https:\/\/www.facebook.com\/todoalfalfa","article_published_time":"2024-11-14T09:47:03+00:00","article_modified_time":"2024-11-14T09:47:04+00:00","og_image":[{"width":720,"height":584,"url":"https:\/\/www.todoalfalfa.com.ar\/noticias\/wp-content\/uploads\/2024\/11\/Imagen-de-WhatsApp-2024-11-13-a-las-21.15.31_4103c997-e1731577386354.jpg","type":"image\/jpeg"}],"author":"Todo Alfalfa","twitter_card":"summary_large_image","twitter_misc":{"Escrito por":"Todo Alfalfa","Tiempo de lectura":"5 minutos"},"schema":{"@context":"https:\/\/schema.org","@graph":[{"@type":"NewsArticle","@id":"https:\/\/www.todoalfalfa.com.ar\/noticias\/la-alfalfa-en-el-centro-de-la-escena-nacional\/#article","isPartOf":{"@id":"https:\/\/www.todoalfalfa.com.ar\/noticias\/la-alfalfa-en-el-centro-de-la-escena-nacional\/"},"author":{"name":"Todo Alfalfa","@id":"https:\/\/www.todoalfalfa.com.ar\/noticias\/#\/schema\/person\/99de93cb711c7015ef658e5321ba9f18"},"headline":"La alfalfa en el centro de la escena nacional","datePublished":"2024-11-14T09:47:03+00:00","dateModified":"2024-11-14T09:47:04+00:00","mainEntityOfPage":{"@id":"https:\/\/www.todoalfalfa.com.ar\/noticias\/la-alfalfa-en-el-centro-de-la-escena-nacional\/"},"wordCount":730,"publisher":{"@id":"https:\/\/www.todoalfalfa.com.ar\/noticias\/#organization"},"image":{"@id":"https:\/\/www.todoalfalfa.com.ar\/noticias\/la-alfalfa-en-el-centro-de-la-escena-nacional\/#primaryimage"},"thumbnailUrl":"https:\/\/i0.wp.com\/www.todoalfalfa.com.ar\/noticias\/wp-content\/uploads\/2024\/11\/Imagen-de-WhatsApp-2024-11-13-a-las-21.15.31_4103c997-e1731577386354.jpg?fit=720%2C584&ssl=1","keywords":["alfalfa","Argentina","exportaci\u00f3n","forrajes","heno","inta","Novedades","pasturas","Universidad Nacional del Litoral"],"articleSection":["ExpoAlfa","Generales"],"inLanguage":"es"},{"@type":["WebPage","ItemPage"],"@id":"https:\/\/www.todoalfalfa.com.ar\/noticias\/la-alfalfa-en-el-centro-de-la-escena-nacional\/","url":"https:\/\/www.todoalfalfa.com.ar\/noticias\/la-alfalfa-en-el-centro-de-la-escena-nacional\/","name":"La alfalfa en el centro de la escena nacional","isPartOf":{"@id":"https:\/\/www.todoalfalfa.com.ar\/noticias\/#website"},"primaryImageOfPage":{"@id":"https:\/\/www.todoalfalfa.com.ar\/noticias\/la-alfalfa-en-el-centro-de-la-escena-nacional\/#primaryimage"},"image":{"@id":"https:\/\/www.todoalfalfa.com.ar\/noticias\/la-alfalfa-en-el-centro-de-la-escena-nacional\/#primaryimage"},"thumbnailUrl":"https:\/\/i0.wp.com\/www.todoalfalfa.com.ar\/noticias\/wp-content\/uploads\/2024\/11\/Imagen-de-WhatsApp-2024-11-13-a-las-21.15.31_4103c997-e1731577386354.jpg?fit=720%2C584&ssl=1","datePublished":"2024-11-14T09:47:03+00:00","dateModified":"2024-11-14T09:47:04+00:00","breadcrumb":{"@id":"https:\/\/www.todoalfalfa.com.ar\/noticias\/la-alfalfa-en-el-centro-de-la-escena-nacional\/#breadcrumb"},"inLanguage":"es","potentialAction":[{"@type":"ReadAction","target":["https:\/\/www.todoalfalfa.com.ar\/noticias\/la-alfalfa-en-el-centro-de-la-escena-nacional\/"]}]},{"@type":"ImageObject","inLanguage":"es","@id":"https:\/\/www.todoalfalfa.com.ar\/noticias\/la-alfalfa-en-el-centro-de-la-escena-nacional\/#primaryimage","url":"https:\/\/i0.wp.com\/www.todoalfalfa.com.ar\/noticias\/wp-content\/uploads\/2024\/11\/Imagen-de-WhatsApp-2024-11-13-a-las-21.15.31_4103c997-e1731577386354.jpg?fit=720%2C584&ssl=1","contentUrl":"https:\/\/i0.wp.com\/www.todoalfalfa.com.ar\/noticias\/wp-content\/uploads\/2024\/11\/Imagen-de-WhatsApp-2024-11-13-a-las-21.15.31_4103c997-e1731577386354.jpg?fit=720%2C584&ssl=1","width":720,"height":584},{"@type":"BreadcrumbList","@id":"https:\/\/www.todoalfalfa.com.ar\/noticias\/la-alfalfa-en-el-centro-de-la-escena-nacional\/#breadcrumb","itemListElement":[{"@type":"ListItem","position":1,"name":"Principal","item":"https:\/\/www.todoalfalfa.com.ar\/noticias\/"},{"@type":"ListItem","position":2,"name":"La alfalfa en el centro de la escena nacional"}]},{"@type":"WebSite","@id":"https:\/\/www.todoalfalfa.com.ar\/noticias\/#website","url":"https:\/\/www.todoalfalfa.com.ar\/noticias\/","name":"Todo Alfalfa","description":"Web informativa de la cadena de la alfalfa argentina","publisher":{"@id":"https:\/\/www.todoalfalfa.com.ar\/noticias\/#organization"},"potentialAction":[{"@type":"SearchAction","target":{"@type":"EntryPoint","urlTemplate":"https:\/\/www.todoalfalfa.com.ar\/noticias\/?s={search_term_string}"},"query-input":{"@type":"PropertyValueSpecification","valueRequired":true,"valueName":"search_term_string"}}],"inLanguage":"es"},{"@type":"Organization","@id":"https:\/\/www.todoalfalfa.com.ar\/noticias\/#organization","name":"Todo Alfalfa","url":"https:\/\/www.todoalfalfa.com.ar\/noticias\/","logo":{"@type":"ImageObject","inLanguage":"es","@id":"https:\/\/www.todoalfalfa.com.ar\/noticias\/#\/schema\/logo\/image\/","url":"https:\/\/www.todoalfalfa.com.ar\/noticias\/wp-content\/uploads\/2020\/09\/logo-todo-alfalfa-modificado.png","contentUrl":"https:\/\/www.todoalfalfa.com.ar\/noticias\/wp-content\/uploads\/2020\/09\/logo-todo-alfalfa-modificado.png","width":350,"height":100,"caption":"Todo Alfalfa"},"image":{"@id":"https:\/\/www.todoalfalfa.com.ar\/noticias\/#\/schema\/logo\/image\/"},"sameAs":["https:\/\/www.facebook.com\/todoalfalfa","https:\/\/www.instagram.com\/todoalfalfa","https:\/\/www.youtube.com\/@TodoAlfalfa","https:\/\/www.linkedin.com\/company\/todoalfalfa\/"]},{"@type":"Person","@id":"https:\/\/www.todoalfalfa.com.ar\/noticias\/#\/schema\/person\/99de93cb711c7015ef658e5321ba9f18","name":"Todo Alfalfa","image":{"@type":"ImageObject","inLanguage":"es","@id":"https:\/\/www.todoalfalfa.com.ar\/noticias\/#\/schema\/person\/image\/","url":"https:\/\/secure.gravatar.com\/avatar\/50ffd12fb7b268bc2467160730786602db252a270c63104e7c19b5f67b8dd346?s=96&d=mm&r=g","contentUrl":"https:\/\/secure.gravatar.com\/avatar\/50ffd12fb7b268bc2467160730786602db252a270c63104e7c19b5f67b8dd346?s=96&d=mm&r=g","caption":"Todo Alfalfa"},"url":"https:\/\/www.todoalfalfa.com.ar\/noticias\/author\/osvaldoiachetta\/"}]}},"jetpack_featured_media_url":"https:\/\/i0.wp.com\/www.todoalfalfa.com.ar\/noticias\/wp-content\/uploads\/2024\/11\/Imagen-de-WhatsApp-2024-11-13-a-las-21.15.31_4103c997-e1731577386354.jpg?fit=720%2C584&ssl=1","wps_subtitle":"","jetpack_sharing_enabled":true,"_links":{"self":[{"href":"https:\/\/www.todoalfalfa.com.ar\/noticias\/wp-json\/wp\/v2\/posts\/48133","targetHints":{"allow":["GET"]}}],"collection":[{"href":"https:\/\/www.todoalfalfa.com.ar\/noticias\/wp-json\/wp\/v2\/posts"}],"about":[{"href":"https:\/\/www.todoalfalfa.com.ar\/noticias\/wp-json\/wp\/v2\/types\/post"}],"author":[{"embeddable":true,"href":"https:\/\/www.todoalfalfa.com.ar\/noticias\/wp-json\/wp\/v2\/users\/9"}],"replies":[{"embeddable":true,"href":"https:\/\/www.todoalfalfa.com.ar\/noticias\/wp-json\/wp\/v2\/comments?post=48133"}],"version-history":[{"count":1,"href":"https:\/\/www.todoalfalfa.com.ar\/noticias\/wp-json\/wp\/v2\/posts\/48133\/revisions"}],"predecessor-version":[{"id":48151,"href":"https:\/\/www.todoalfalfa.com.ar\/noticias\/wp-json\/wp\/v2\/posts\/48133\/revisions\/48151"}],"wp:featuredmedia":[{"embeddable":true,"href":"https:\/\/www.todoalfalfa.com.ar\/noticias\/wp-json\/wp\/v2\/media\/48137"}],"wp:attachment":[{"href":"https:\/\/www.todoalfalfa.com.ar\/noticias\/wp-json\/wp\/v2\/media?parent=48133"}],"wp:term":[{"taxonomy":"category","embeddable":true,"href":"https:\/\/www.todoalfalfa.com.ar\/noticias\/wp-json\/wp\/v2\/categories?post=48133"},{"taxonomy":"post_tag","embeddable":true,"href":"https:\/\/www.todoalfalfa.com.ar\/noticias\/wp-json\/wp\/v2\/tags?post=48133"}],"curies":[{"name":"wp","href":"https:\/\/api.w.org\/{rel}","templated":true}]}}