{"id":48234,"date":"2024-11-29T18:14:07","date_gmt":"2024-11-29T21:14:07","guid":{"rendered":"https:\/\/www.todoalfalfa.com.ar\/noticias\/?p=48234"},"modified":"2024-11-29T18:14:09","modified_gmt":"2024-11-29T21:14:09","slug":"entre-rios-un-estudio-del-inta-determino-costos-de-produccion-de-verdeos-en-verano","status":"publish","type":"post","link":"https:\/\/www.todoalfalfa.com.ar\/noticias\/entre-rios-un-estudio-del-inta-determino-costos-de-produccion-de-verdeos-en-verano\/","title":{"rendered":"Entre R\u00edos: Un estudio del INTA determin\u00f3 costos de producci\u00f3n de verdeos en verano\u00a0"},"content":{"rendered":"\n<p>El INTA Paran\u00e1, a trav\u00e9s de tres investigadores llev\u00f3 a cabo una investigaci\u00f3n para determinar los costos de producci\u00f3n de verdeos de verano y de confecci\u00f3n de forrajes conservados para la regi\u00f3n Oeste de Entre R\u00edos.&nbsp;<\/p>\n\n\n\n<p>El objetivo es orientar el proceso de toma de decisiones en esta pr\u00f3xima campa\u00f1a 2024\/25 con un escenario complejo en cuanto a clima y mercado, indicaron los especialistas.&nbsp;<\/p>\n\n\n\n<p>\u201cEn las empresas ganaderas, los forrajes de ciclo estival son compatibles con un uso m\u00e1s intensivo del suelo. As\u00ed mismo, son importantes en la rotaci\u00f3n ya que aportan un gran volumen de materia seca para pastoreo o la confecci\u00f3n de reservas, las cuales pueden ser luego utilizados en momentos de faltante de forraje y\/o para equilibrar dietas en categor\u00edas de animales que as\u00ed lo requieran\u201d, apuntaron.&nbsp;<\/p>\n\n\n\n<p>Cabe destacar que este informe brinda \u201cvalores orientativos\u201d que fueron calculados para planteos tecnol\u00f3gicos recomendados por t\u00e9cnicos especialistas de la EEA Paran\u00e1 del INTA y considerando rendimientos promedios, en condiciones normales de clima.&nbsp;<\/p>\n\n\n\n<p>Aspectos considerados para los c\u00e1lculos Se analizaron planteos tecnol\u00f3gicos (Tabla 1) recomendados por t\u00e9cnicos especialistas de INTA de la EEA Paran\u00e1 y sus Agencias de Extensi\u00f3n Rural dependientes. En todos los casos, la implantaci\u00f3n se evalu\u00f3 con el m\u00e9todo de \u201csiembra directa\u201d.&nbsp;<\/p>\n\n\n\n<p>Los resultados se expresan en costos totales por hect\u00e1rea y por kilogramo de materia seca (Kg MS) \u201cen pie\u201d (pastoreo) y como forraje conservado (silaje embolsado y heno en rollos), en funci\u00f3n de la eficiencia productiva (rendimiento por hect\u00e1rea) y de cosecha. Las alternativas evaluadas seg\u00fan destino del recurso forrajero son las siguientes: \uf0b7 Pastoreo: sorgo forrajero (Sorghum vulgare Pers.) y soja (Glycine max L. Merr.) \uf0b7 Confecci\u00f3n de rollos: moha (Setaria italica L. Beauvois) \uf0b7 Silajes: sorgo (Sorghum bicolor L. Moench) y ma\u00edz (Zea mays L.). &nbsp;<\/p>\n\n\n\n<p>Los planteos recomendados por profesionales de INTA-EEA Paran\u00e1 consideran los sistemas predominantes en la zona de influencia de \u00e9sta y sus condiciones meteorol\u00f3gicas y de fertilidad de suelos. Estos planteos incluyen el uso de materiales gen\u00e9ticos probados y adaptados a la zona, con semilla original, aplicaci\u00f3n de herbicidas y fertilizantes seg\u00fan requerimientos del cultivo y an\u00e1lisis de suelo. &nbsp;<\/p>\n\n\n\n<p>En todos los casos, el control de malezas se plantea mediante el uso de agroqu\u00edmicos recomendados por su menor impacto en la salud humana y en el ambiente. Adem\u00e1s, se considera un buen manejo previo del lote, con barbechos que minimizan la presencia de malezas y permiten acumular agua en el perfil del suelo, as\u00ed como implantaciones en las fechas recomendadas para cada cultivo. &nbsp;<\/p>\n\n\n\n<p>En el caso del control de artr\u00f3podos plaga, se presenta de forma independiente de los costos generales de los cultivos (Tabla 3), ya que la aplicaci\u00f3n de productos depender\u00e1 de situaciones particulares y no ser\u00eda adecuado incorporarlos como parte del manejo \u201cb\u00e1sico\u201d de cada uno de ellos. &nbsp;<\/p>\n\n\n\n<p>Los datos suministrados son orientativos y deber\u00e1n ajustarse acorde al ambiente agroecol\u00f3gico y los recursos disponibles en las diferentes zonas en las cuales se pretenda la evaluaci\u00f3n.&nbsp;<\/p>\n\n\n\n<p>Para sorgo forrajero y soja, se estim\u00f3 un coeficiente de aprovechamiento por parte del ganado del 70% y 75%, respectivamente, considerando las particularidades de la estructura de cada planta y condiciones normales de pastoreo. &nbsp;<\/p>\n\n\n\n<p>En el caso de los cultivos destinados a la elaboraci\u00f3n de silajes, se estim\u00f3 un 90% de eficiencia de cosecha, al igual que para la confecci\u00f3n de heno de moha (90% de eficiencia). &nbsp;<\/p>\n\n\n\n<p>En ambos casos, se consideran todas las p\u00e9rdidas que existen desde que se corta el cultivo hasta que se almacena el forraje como silo-bolsa o se confecciona el heno en forma de rollos, respectivamente. No se toman en cuenta las p\u00e9rdidas durante el almacenamiento ni en la entrega o distribuci\u00f3n a los animales. &nbsp;<\/p>\n\n\n\n<p>Para el costo de las labores, se consider\u00f3 el uso de maquinaria contratada, con tarifas de la Federaci\u00f3n Argentina de Contratistas de M\u00e1quinas Agr\u00edcolas (FACMA). Los resultados son estimados en base a superficie propia, por lo que no se tuvieron en cuenta gastos de arrendamiento. &nbsp;<\/p>\n\n\n\n<p>Los precios utilizados de los insumos y servicios fueron los vigentes en la zona durante octubre del 2024. En cuanto a los productos, para carne se tom\u00f3 el precio promedio del kilogramo de novillo consumo en Mercado de Ca\u00f1uelas y, para leche, el precio promedio percibido por productores de Entre R\u00edos, relevado y publicado por el Sistema Integrado de Gesti\u00f3n de la Lecher\u00eda Argentina (SIGLeA)\u00a0<\/p>\n\n\n\n<figure class=\"wp-block-gallery has-nested-images columns-default is-cropped wp-block-gallery-1 is-layout-flex wp-block-gallery-is-layout-flex\">\n<figure class=\"wp-block-image size-large\"><img data-recalc-dims=\"1\" fetchpriority=\"high\" decoding=\"async\" width=\"512\" height=\"656\" data-id=\"48237\" src=\"https:\/\/i0.wp.com\/www.todoalfalfa.com.ar\/noticias\/wp-content\/uploads\/2024\/11\/Captura-de-pantalla-2024-11-28-150312.png?resize=512%2C656&#038;ssl=1\" alt=\"\" class=\"wp-image-48237\" srcset=\"https:\/\/i0.wp.com\/www.todoalfalfa.com.ar\/noticias\/wp-content\/uploads\/2024\/11\/Captura-de-pantalla-2024-11-28-150312.png?w=512&amp;ssl=1 512w, https:\/\/i0.wp.com\/www.todoalfalfa.com.ar\/noticias\/wp-content\/uploads\/2024\/11\/Captura-de-pantalla-2024-11-28-150312.png?resize=234%2C300&amp;ssl=1 234w\" sizes=\"(max-width: 512px) 100vw, 512px\" \/><\/figure>\n<\/figure>\n\n\n\n<p class=\"has-small-font-size\"><strong>Tabla 1. Planteos tecnol\u00f3gicos y productividad estimada (Campa\u00f1a 2024\/25)\u00a0<\/strong><\/p>\n\n\n\n<p class=\"has-small-font-size\">FUENTE: Informaci\u00f3n suministrada por t\u00e9cnicos especialistas de cada cultivo en la EEA Paran\u00e1 y Extensionistas de las AERs dependientes de la EEA Paran\u00e1.<\/p>\n\n\n\n<p>\u2460 Se recomienda su uso muy pr\u00f3ximo a la siembra para el control de preemergencia de gram\u00edneas &nbsp;<\/p>\n\n\n\n<p>\u2461 Las densidades de siembra recomendadas son valores promedio, que depende del peso de 1000 semillas, poder germinativo, eficiencia esperada a la siembra, entre otros factores a considerar.\u00a0<\/p>\n\n\n\n<figure class=\"wp-block-image size-full\"><img data-recalc-dims=\"1\" decoding=\"async\" width=\"521\" height=\"432\" src=\"https:\/\/i0.wp.com\/www.todoalfalfa.com.ar\/noticias\/wp-content\/uploads\/2024\/11\/Captura-de-pantalla-2024-11-28-150402.png?resize=521%2C432&#038;ssl=1\" alt=\"\" class=\"wp-image-48236\" srcset=\"https:\/\/i0.wp.com\/www.todoalfalfa.com.ar\/noticias\/wp-content\/uploads\/2024\/11\/Captura-de-pantalla-2024-11-28-150402.png?w=521&amp;ssl=1 521w, https:\/\/i0.wp.com\/www.todoalfalfa.com.ar\/noticias\/wp-content\/uploads\/2024\/11\/Captura-de-pantalla-2024-11-28-150402.png?resize=300%2C249&amp;ssl=1 300w\" sizes=\"(max-width: 521px) 100vw, 521px\" \/><\/figure>\n\n\n\n<p class=\"has-small-font-size\">Tabla 2. Costos de verdeos de verano, campa\u00f1a 2024\/25\u00a0<\/p>\n\n\n\n<p>En la Tabla 2 se presentan los resultados obtenidos para las alternativas evaluadas.<\/p>\n\n\n\n<p>Los costos de implantaci\u00f3n y protecci\u00f3n por unidad de superficie ($\/ha) para cultivos de verano poseen un rango importante, siendo la soja la m\u00e1s econ\u00f3mica y el ma\u00edz el m\u00e1s oneroso. Estas diferencias se incrementan notablemente cuando se considera que el destino del forraje ser\u00e1 la conservaci\u00f3n, especialmente si se optar\u00e1 por la confecci\u00f3n de silaje. &nbsp;<\/p>\n\n\n\n<p>En el caso m\u00e1s extremo de costos por unidad de superficie, el cultivo de ma\u00edz resulta 1,8 veces m\u00e1s costoso por hect\u00e1rea que la soja para pastoreo. Sin embargo, esas comparaciones no ser\u00edan las m\u00e1s adecuadas de hacer, ya que el objetivo de todos estos cultivos es obtener alimento (materia seca). &nbsp;<\/p>\n\n\n\n<p>As\u00ed, cuando se consideran los rendimientos en forraje de cada cultivo, esas diferencias se achican notablemente y cambian las ubicaciones de estos seg\u00fan su costo en kg MS (Figura 1). &nbsp;<\/p>\n\n\n\n<p>Considerando entonces el costo por kg de MS, el cultivo de menor erogaci\u00f3n es la moha para heno, con 52,09 $\/kg MS y el de mayor costo pasa a ser el sorgo para silaje con 99,75 $\/kg MS\u00a0<\/p>\n\n\n\n<figure class=\"wp-block-image size-full\"><img data-recalc-dims=\"1\" decoding=\"async\" width=\"310\" height=\"230\" src=\"https:\/\/i0.wp.com\/www.todoalfalfa.com.ar\/noticias\/wp-content\/uploads\/2024\/11\/Captura-de-pantalla-2024-11-28-150446.png?resize=310%2C230&#038;ssl=1\" alt=\"\" class=\"wp-image-48239\" srcset=\"https:\/\/i0.wp.com\/www.todoalfalfa.com.ar\/noticias\/wp-content\/uploads\/2024\/11\/Captura-de-pantalla-2024-11-28-150446.png?w=310&amp;ssl=1 310w, https:\/\/i0.wp.com\/www.todoalfalfa.com.ar\/noticias\/wp-content\/uploads\/2024\/11\/Captura-de-pantalla-2024-11-28-150446.png?resize=300%2C223&amp;ssl=1 300w\" sizes=\"(max-width: 310px) 100vw, 310px\" \/><\/figure>\n\n\n\n<p class=\"has-small-font-size\">Figura 1. Costo de verano, en pesos por kilogramo de materia seca aprovechable.\u00a0<\/p>\n\n\n\n<p>De esta manera, la decisi\u00f3n de qu\u00e9 cultivo realizar, ya sea para pastoreo como para conservar, no deber\u00eda estar condicionada solamente por el monto a invertir por unidad de superficie, sino por aspectos agroecol\u00f3gicos, de manejo y\/o del destino que se dar\u00e1 a ese forraje. &nbsp;<\/p>\n\n\n\n<p>A continuaci\u00f3n, se presenta la Tabla 3 con las recomendaciones para el control de artr\u00f3podos en sorgos y ma\u00edz, con sus correspondientes costos de aplicaci\u00f3n e insumos (Ing. Agr. Adriana Saluso. EEA Paran\u00e1).\u00a0<\/p>\n\n\n\n<figure class=\"wp-block-image size-full\"><img data-recalc-dims=\"1\" loading=\"lazy\" decoding=\"async\" width=\"546\" height=\"118\" src=\"https:\/\/i0.wp.com\/www.todoalfalfa.com.ar\/noticias\/wp-content\/uploads\/2024\/11\/Captura-de-pantalla-2024-11-28-150521.png?resize=546%2C118&#038;ssl=1\" alt=\"\" class=\"wp-image-48238\" srcset=\"https:\/\/i0.wp.com\/www.todoalfalfa.com.ar\/noticias\/wp-content\/uploads\/2024\/11\/Captura-de-pantalla-2024-11-28-150521.png?w=546&amp;ssl=1 546w, https:\/\/i0.wp.com\/www.todoalfalfa.com.ar\/noticias\/wp-content\/uploads\/2024\/11\/Captura-de-pantalla-2024-11-28-150521.png?resize=300%2C65&amp;ssl=1 300w\" sizes=\"(max-width: 546px) 100vw, 546px\" \/><\/figure>\n\n\n\n<p class=\"has-small-font-size\">Tabla 3. Costos para el control qu\u00edmico de artr\u00f3podos\u00a0<\/p>\n\n\n\n<p>(a) &#8211; Se recomiendan cuando se observan entre 1 y 2 mosquitas\/panoja. (b) &#8211; Se recomiendan cuando al menos el 20% de las plantas evidencian raspado en las hojas (grado 3 en la escala de Davis) y existe presencia de larvas vivas de \u00aboruga cogollera\u201d (L1- L3). (c) &#8211; Hasta que se determine el UDE en nuestro pa\u00eds, se puede considerar el siguiente criterio de decisi\u00f3n como orientativo: cuando se observe antes de floraci\u00f3n un 20% de plantas con una infestaci\u00f3n superior a 50 pulgones\/hoja y, luego de floraci\u00f3n, 30% de plantas con una infestaci\u00f3n superior a 50 pulgones\/hoja&nbsp;<\/p>\n\n\n\n<p>Fuente: <a href=\"https:\/\/back.argentina.gob.ar\/sites\/default\/files\/2024\/11\/93-_x-boletin_economico_de_lecheria_pasturas_y_verdeos_de_verano_11_2024_0.pdf\" target=\"_blank\" rel=\"noreferrer noopener\">https:\/\/back.argentina.gob.ar\/sites\/default\/files\/2024\/11\/93-_x-boletin_economico_de_lecheria_pasturas_y_verdeos_de_verano_11_2024_0.pdf<\/a>&nbsp;<\/p>\n<div class=\"todoalfalfa-final-de-la-nota\" id=\"todoalfalfa-3184470329\"><a href=\"https:\/\/www.whatsapp.com\/channel\/0029VbCBmFB9WtBxJsD3eC2i\" target=\"_blank\" aria-label=\"5\"><img src=\"https:\/\/i0.wp.com\/www.todoalfalfa.com.ar\/noticias\/wp-content\/uploads\/2026\/04\/5.gif?fit=728%2C90&#038;ssl=1\" alt=\"\"  width=\"728\" height=\"90\"   \/><\/a><\/div>","protected":false},"excerpt":{"rendered":"<p>Tambi\u00e9n permite saber los valores para confeccionar forrajes conservados. El trabajo permite conocer los valores para la regi\u00f3n Oeste de la provincia. Uso intensivo de suelo y rotaci\u00f3n, aportando un importante volumen de materia seca. <\/p>\n","protected":false},"author":9,"featured_media":48235,"comment_status":"closed","ping_status":"open","sticky":false,"template":"","format":"standard","meta":{"jetpack_post_was_ever_published":false,"_jetpack_newsletter_access":"","_jetpack_dont_email_post_to_subs":false,"_jetpack_newsletter_tier_id":0,"_jetpack_memberships_contains_paywalled_content":false,"_jetpack_memberships_contains_paid_content":false,"footnotes":""},"categories":[2],"tags":[1831,374,36,21,446],"class_list":["post-48234","post","type-post","status-publish","format-standard","has-post-thumbnail","hentry","category-generales","tag-entre-rios-2","tag-estudio","tag-inta","tag-produccion","tag-verdeos"],"yoast_head":"<!-- This site is optimized with the Yoast SEO plugin v25.5 - https:\/\/yoast.com\/wordpress\/plugins\/seo\/ -->\n<title>Entre R\u00edos: Un estudio del INTA determin\u00f3 costos de producci\u00f3n de verdeos en verano\u00a0<\/title>\n<meta name=\"robots\" content=\"index, follow, max-snippet:-1, max-image-preview:large, max-video-preview:-1\" \/>\n<link rel=\"canonical\" href=\"https:\/\/www.todoalfalfa.com.ar\/noticias\/entre-rios-un-estudio-del-inta-determino-costos-de-produccion-de-verdeos-en-verano\/\" \/>\n<meta property=\"og:locale\" content=\"es_ES\" \/>\n<meta property=\"og:type\" content=\"article\" \/>\n<meta property=\"og:title\" content=\"Entre R\u00edos: Un estudio del INTA determin\u00f3 costos de producci\u00f3n de verdeos en verano\u00a0\" \/>\n<meta property=\"og:description\" content=\"Tambi\u00e9n permite saber los valores para confeccionar forrajes conservados. El trabajo permite conocer los valores para la regi\u00f3n Oeste de la provincia. Uso intensivo de suelo y rotaci\u00f3n, aportando un importante volumen de materia seca.\" \/>\n<meta property=\"og:url\" content=\"https:\/\/www.todoalfalfa.com.ar\/noticias\/entre-rios-un-estudio-del-inta-determino-costos-de-produccion-de-verdeos-en-verano\/\" \/>\n<meta property=\"og:site_name\" content=\"Todo Alfalfa\" \/>\n<meta property=\"article:publisher\" content=\"https:\/\/www.facebook.com\/todoalfalfa\" \/>\n<meta property=\"article:published_time\" content=\"2024-11-29T21:14:07+00:00\" \/>\n<meta property=\"article:modified_time\" content=\"2024-11-29T21:14:09+00:00\" \/>\n<meta property=\"og:image\" content=\"https:\/\/www.todoalfalfa.com.ar\/noticias\/wp-content\/uploads\/2024\/11\/Captura-de-pantalla-2024-11-28-155029.png\" \/>\n\t<meta property=\"og:image:width\" content=\"802\" \/>\n\t<meta property=\"og:image:height\" content=\"811\" \/>\n\t<meta property=\"og:image:type\" content=\"image\/png\" \/>\n<meta name=\"author\" content=\"Todo Alfalfa\" \/>\n<meta name=\"twitter:card\" content=\"summary_large_image\" \/>\n<meta name=\"twitter:label1\" content=\"Escrito por\" \/>\n\t<meta name=\"twitter:data1\" content=\"Todo Alfalfa\" \/>\n\t<meta name=\"twitter:label2\" content=\"Tiempo de lectura\" \/>\n\t<meta name=\"twitter:data2\" content=\"7 minutos\" \/>\n<script type=\"application\/ld+json\" class=\"yoast-schema-graph\">{\"@context\":\"https:\/\/schema.org\",\"@graph\":[{\"@type\":\"NewsArticle\",\"@id\":\"https:\/\/www.todoalfalfa.com.ar\/noticias\/entre-rios-un-estudio-del-inta-determino-costos-de-produccion-de-verdeos-en-verano\/#article\",\"isPartOf\":{\"@id\":\"https:\/\/www.todoalfalfa.com.ar\/noticias\/entre-rios-un-estudio-del-inta-determino-costos-de-produccion-de-verdeos-en-verano\/\"},\"author\":{\"name\":\"Todo Alfalfa\",\"@id\":\"https:\/\/www.todoalfalfa.com.ar\/noticias\/#\/schema\/person\/99de93cb711c7015ef658e5321ba9f18\"},\"headline\":\"Entre R\u00edos: Un estudio del INTA determin\u00f3 costos de producci\u00f3n de verdeos en verano\u00a0\",\"datePublished\":\"2024-11-29T21:14:07+00:00\",\"dateModified\":\"2024-11-29T21:14:09+00:00\",\"mainEntityOfPage\":{\"@id\":\"https:\/\/www.todoalfalfa.com.ar\/noticias\/entre-rios-un-estudio-del-inta-determino-costos-de-produccion-de-verdeos-en-verano\/\"},\"wordCount\":1310,\"publisher\":{\"@id\":\"https:\/\/www.todoalfalfa.com.ar\/noticias\/#organization\"},\"image\":{\"@id\":\"https:\/\/www.todoalfalfa.com.ar\/noticias\/entre-rios-un-estudio-del-inta-determino-costos-de-produccion-de-verdeos-en-verano\/#primaryimage\"},\"thumbnailUrl\":\"https:\/\/i0.wp.com\/www.todoalfalfa.com.ar\/noticias\/wp-content\/uploads\/2024\/11\/Captura-de-pantalla-2024-11-28-155029.png?fit=802%2C811&ssl=1\",\"keywords\":[\"Entre Rios\",\"estudio\",\"inta\",\"producci\u00f3n\",\"verdeos\"],\"articleSection\":[\"Generales\"],\"inLanguage\":\"es\"},{\"@type\":[\"WebPage\",\"ItemPage\"],\"@id\":\"https:\/\/www.todoalfalfa.com.ar\/noticias\/entre-rios-un-estudio-del-inta-determino-costos-de-produccion-de-verdeos-en-verano\/\",\"url\":\"https:\/\/www.todoalfalfa.com.ar\/noticias\/entre-rios-un-estudio-del-inta-determino-costos-de-produccion-de-verdeos-en-verano\/\",\"name\":\"Entre R\u00edos: Un estudio del INTA determin\u00f3 costos de producci\u00f3n de verdeos en verano\u00a0\",\"isPartOf\":{\"@id\":\"https:\/\/www.todoalfalfa.com.ar\/noticias\/#website\"},\"primaryImageOfPage\":{\"@id\":\"https:\/\/www.todoalfalfa.com.ar\/noticias\/entre-rios-un-estudio-del-inta-determino-costos-de-produccion-de-verdeos-en-verano\/#primaryimage\"},\"image\":{\"@id\":\"https:\/\/www.todoalfalfa.com.ar\/noticias\/entre-rios-un-estudio-del-inta-determino-costos-de-produccion-de-verdeos-en-verano\/#primaryimage\"},\"thumbnailUrl\":\"https:\/\/i0.wp.com\/www.todoalfalfa.com.ar\/noticias\/wp-content\/uploads\/2024\/11\/Captura-de-pantalla-2024-11-28-155029.png?fit=802%2C811&ssl=1\",\"datePublished\":\"2024-11-29T21:14:07+00:00\",\"dateModified\":\"2024-11-29T21:14:09+00:00\",\"breadcrumb\":{\"@id\":\"https:\/\/www.todoalfalfa.com.ar\/noticias\/entre-rios-un-estudio-del-inta-determino-costos-de-produccion-de-verdeos-en-verano\/#breadcrumb\"},\"inLanguage\":\"es\",\"potentialAction\":[{\"@type\":\"ReadAction\",\"target\":[\"https:\/\/www.todoalfalfa.com.ar\/noticias\/entre-rios-un-estudio-del-inta-determino-costos-de-produccion-de-verdeos-en-verano\/\"]}]},{\"@type\":\"ImageObject\",\"inLanguage\":\"es\",\"@id\":\"https:\/\/www.todoalfalfa.com.ar\/noticias\/entre-rios-un-estudio-del-inta-determino-costos-de-produccion-de-verdeos-en-verano\/#primaryimage\",\"url\":\"https:\/\/i0.wp.com\/www.todoalfalfa.com.ar\/noticias\/wp-content\/uploads\/2024\/11\/Captura-de-pantalla-2024-11-28-155029.png?fit=802%2C811&ssl=1\",\"contentUrl\":\"https:\/\/i0.wp.com\/www.todoalfalfa.com.ar\/noticias\/wp-content\/uploads\/2024\/11\/Captura-de-pantalla-2024-11-28-155029.png?fit=802%2C811&ssl=1\",\"width\":802,\"height\":811},{\"@type\":\"BreadcrumbList\",\"@id\":\"https:\/\/www.todoalfalfa.com.ar\/noticias\/entre-rios-un-estudio-del-inta-determino-costos-de-produccion-de-verdeos-en-verano\/#breadcrumb\",\"itemListElement\":[{\"@type\":\"ListItem\",\"position\":1,\"name\":\"Principal\",\"item\":\"https:\/\/www.todoalfalfa.com.ar\/noticias\/\"},{\"@type\":\"ListItem\",\"position\":2,\"name\":\"Entre R\u00edos: Un estudio del INTA determin\u00f3 costos de producci\u00f3n de verdeos en verano\u00a0\"}]},{\"@type\":\"WebSite\",\"@id\":\"https:\/\/www.todoalfalfa.com.ar\/noticias\/#website\",\"url\":\"https:\/\/www.todoalfalfa.com.ar\/noticias\/\",\"name\":\"Todo Alfalfa\",\"description\":\"Web informativa de la cadena de la alfalfa argentina\",\"publisher\":{\"@id\":\"https:\/\/www.todoalfalfa.com.ar\/noticias\/#organization\"},\"potentialAction\":[{\"@type\":\"SearchAction\",\"target\":{\"@type\":\"EntryPoint\",\"urlTemplate\":\"https:\/\/www.todoalfalfa.com.ar\/noticias\/?s={search_term_string}\"},\"query-input\":{\"@type\":\"PropertyValueSpecification\",\"valueRequired\":true,\"valueName\":\"search_term_string\"}}],\"inLanguage\":\"es\"},{\"@type\":\"Organization\",\"@id\":\"https:\/\/www.todoalfalfa.com.ar\/noticias\/#organization\",\"name\":\"Todo Alfalfa\",\"url\":\"https:\/\/www.todoalfalfa.com.ar\/noticias\/\",\"logo\":{\"@type\":\"ImageObject\",\"inLanguage\":\"es\",\"@id\":\"https:\/\/www.todoalfalfa.com.ar\/noticias\/#\/schema\/logo\/image\/\",\"url\":\"https:\/\/www.todoalfalfa.com.ar\/noticias\/wp-content\/uploads\/2020\/09\/logo-todo-alfalfa-modificado.png\",\"contentUrl\":\"https:\/\/www.todoalfalfa.com.ar\/noticias\/wp-content\/uploads\/2020\/09\/logo-todo-alfalfa-modificado.png\",\"width\":350,\"height\":100,\"caption\":\"Todo Alfalfa\"},\"image\":{\"@id\":\"https:\/\/www.todoalfalfa.com.ar\/noticias\/#\/schema\/logo\/image\/\"},\"sameAs\":[\"https:\/\/www.facebook.com\/todoalfalfa\",\"https:\/\/www.instagram.com\/todoalfalfa\",\"https:\/\/www.youtube.com\/@TodoAlfalfa\",\"https:\/\/www.linkedin.com\/company\/todoalfalfa\/\"]},{\"@type\":\"Person\",\"@id\":\"https:\/\/www.todoalfalfa.com.ar\/noticias\/#\/schema\/person\/99de93cb711c7015ef658e5321ba9f18\",\"name\":\"Todo Alfalfa\",\"image\":{\"@type\":\"ImageObject\",\"inLanguage\":\"es\",\"@id\":\"https:\/\/www.todoalfalfa.com.ar\/noticias\/#\/schema\/person\/image\/\",\"url\":\"https:\/\/secure.gravatar.com\/avatar\/50ffd12fb7b268bc2467160730786602db252a270c63104e7c19b5f67b8dd346?s=96&d=mm&r=g\",\"contentUrl\":\"https:\/\/secure.gravatar.com\/avatar\/50ffd12fb7b268bc2467160730786602db252a270c63104e7c19b5f67b8dd346?s=96&d=mm&r=g\",\"caption\":\"Todo Alfalfa\"},\"url\":\"https:\/\/www.todoalfalfa.com.ar\/noticias\/author\/osvaldoiachetta\/\"}]}<\/script>\n<!-- \/ Yoast SEO plugin. -->","yoast_head_json":{"title":"Entre R\u00edos: Un estudio del INTA determin\u00f3 costos de producci\u00f3n de verdeos en verano\u00a0","robots":{"index":"index","follow":"follow","max-snippet":"max-snippet:-1","max-image-preview":"max-image-preview:large","max-video-preview":"max-video-preview:-1"},"canonical":"https:\/\/www.todoalfalfa.com.ar\/noticias\/entre-rios-un-estudio-del-inta-determino-costos-de-produccion-de-verdeos-en-verano\/","og_locale":"es_ES","og_type":"article","og_title":"Entre R\u00edos: Un estudio del INTA determin\u00f3 costos de producci\u00f3n de verdeos en verano\u00a0","og_description":"Tambi\u00e9n permite saber los valores para confeccionar forrajes conservados. El trabajo permite conocer los valores para la regi\u00f3n Oeste de la provincia. Uso intensivo de suelo y rotaci\u00f3n, aportando un importante volumen de materia seca.","og_url":"https:\/\/www.todoalfalfa.com.ar\/noticias\/entre-rios-un-estudio-del-inta-determino-costos-de-produccion-de-verdeos-en-verano\/","og_site_name":"Todo Alfalfa","article_publisher":"https:\/\/www.facebook.com\/todoalfalfa","article_published_time":"2024-11-29T21:14:07+00:00","article_modified_time":"2024-11-29T21:14:09+00:00","og_image":[{"width":802,"height":811,"url":"https:\/\/www.todoalfalfa.com.ar\/noticias\/wp-content\/uploads\/2024\/11\/Captura-de-pantalla-2024-11-28-155029.png","type":"image\/png"}],"author":"Todo Alfalfa","twitter_card":"summary_large_image","twitter_misc":{"Escrito por":"Todo Alfalfa","Tiempo de lectura":"7 minutos"},"schema":{"@context":"https:\/\/schema.org","@graph":[{"@type":"NewsArticle","@id":"https:\/\/www.todoalfalfa.com.ar\/noticias\/entre-rios-un-estudio-del-inta-determino-costos-de-produccion-de-verdeos-en-verano\/#article","isPartOf":{"@id":"https:\/\/www.todoalfalfa.com.ar\/noticias\/entre-rios-un-estudio-del-inta-determino-costos-de-produccion-de-verdeos-en-verano\/"},"author":{"name":"Todo Alfalfa","@id":"https:\/\/www.todoalfalfa.com.ar\/noticias\/#\/schema\/person\/99de93cb711c7015ef658e5321ba9f18"},"headline":"Entre R\u00edos: Un estudio del INTA determin\u00f3 costos de producci\u00f3n de verdeos en verano\u00a0","datePublished":"2024-11-29T21:14:07+00:00","dateModified":"2024-11-29T21:14:09+00:00","mainEntityOfPage":{"@id":"https:\/\/www.todoalfalfa.com.ar\/noticias\/entre-rios-un-estudio-del-inta-determino-costos-de-produccion-de-verdeos-en-verano\/"},"wordCount":1310,"publisher":{"@id":"https:\/\/www.todoalfalfa.com.ar\/noticias\/#organization"},"image":{"@id":"https:\/\/www.todoalfalfa.com.ar\/noticias\/entre-rios-un-estudio-del-inta-determino-costos-de-produccion-de-verdeos-en-verano\/#primaryimage"},"thumbnailUrl":"https:\/\/i0.wp.com\/www.todoalfalfa.com.ar\/noticias\/wp-content\/uploads\/2024\/11\/Captura-de-pantalla-2024-11-28-155029.png?fit=802%2C811&ssl=1","keywords":["Entre Rios","estudio","inta","producci\u00f3n","verdeos"],"articleSection":["Generales"],"inLanguage":"es"},{"@type":["WebPage","ItemPage"],"@id":"https:\/\/www.todoalfalfa.com.ar\/noticias\/entre-rios-un-estudio-del-inta-determino-costos-de-produccion-de-verdeos-en-verano\/","url":"https:\/\/www.todoalfalfa.com.ar\/noticias\/entre-rios-un-estudio-del-inta-determino-costos-de-produccion-de-verdeos-en-verano\/","name":"Entre R\u00edos: Un estudio del INTA determin\u00f3 costos de producci\u00f3n de verdeos en verano\u00a0","isPartOf":{"@id":"https:\/\/www.todoalfalfa.com.ar\/noticias\/#website"},"primaryImageOfPage":{"@id":"https:\/\/www.todoalfalfa.com.ar\/noticias\/entre-rios-un-estudio-del-inta-determino-costos-de-produccion-de-verdeos-en-verano\/#primaryimage"},"image":{"@id":"https:\/\/www.todoalfalfa.com.ar\/noticias\/entre-rios-un-estudio-del-inta-determino-costos-de-produccion-de-verdeos-en-verano\/#primaryimage"},"thumbnailUrl":"https:\/\/i0.wp.com\/www.todoalfalfa.com.ar\/noticias\/wp-content\/uploads\/2024\/11\/Captura-de-pantalla-2024-11-28-155029.png?fit=802%2C811&ssl=1","datePublished":"2024-11-29T21:14:07+00:00","dateModified":"2024-11-29T21:14:09+00:00","breadcrumb":{"@id":"https:\/\/www.todoalfalfa.com.ar\/noticias\/entre-rios-un-estudio-del-inta-determino-costos-de-produccion-de-verdeos-en-verano\/#breadcrumb"},"inLanguage":"es","potentialAction":[{"@type":"ReadAction","target":["https:\/\/www.todoalfalfa.com.ar\/noticias\/entre-rios-un-estudio-del-inta-determino-costos-de-produccion-de-verdeos-en-verano\/"]}]},{"@type":"ImageObject","inLanguage":"es","@id":"https:\/\/www.todoalfalfa.com.ar\/noticias\/entre-rios-un-estudio-del-inta-determino-costos-de-produccion-de-verdeos-en-verano\/#primaryimage","url":"https:\/\/i0.wp.com\/www.todoalfalfa.com.ar\/noticias\/wp-content\/uploads\/2024\/11\/Captura-de-pantalla-2024-11-28-155029.png?fit=802%2C811&ssl=1","contentUrl":"https:\/\/i0.wp.com\/www.todoalfalfa.com.ar\/noticias\/wp-content\/uploads\/2024\/11\/Captura-de-pantalla-2024-11-28-155029.png?fit=802%2C811&ssl=1","width":802,"height":811},{"@type":"BreadcrumbList","@id":"https:\/\/www.todoalfalfa.com.ar\/noticias\/entre-rios-un-estudio-del-inta-determino-costos-de-produccion-de-verdeos-en-verano\/#breadcrumb","itemListElement":[{"@type":"ListItem","position":1,"name":"Principal","item":"https:\/\/www.todoalfalfa.com.ar\/noticias\/"},{"@type":"ListItem","position":2,"name":"Entre R\u00edos: Un estudio del INTA determin\u00f3 costos de producci\u00f3n de verdeos en verano\u00a0"}]},{"@type":"WebSite","@id":"https:\/\/www.todoalfalfa.com.ar\/noticias\/#website","url":"https:\/\/www.todoalfalfa.com.ar\/noticias\/","name":"Todo Alfalfa","description":"Web informativa de la cadena de la alfalfa argentina","publisher":{"@id":"https:\/\/www.todoalfalfa.com.ar\/noticias\/#organization"},"potentialAction":[{"@type":"SearchAction","target":{"@type":"EntryPoint","urlTemplate":"https:\/\/www.todoalfalfa.com.ar\/noticias\/?s={search_term_string}"},"query-input":{"@type":"PropertyValueSpecification","valueRequired":true,"valueName":"search_term_string"}}],"inLanguage":"es"},{"@type":"Organization","@id":"https:\/\/www.todoalfalfa.com.ar\/noticias\/#organization","name":"Todo Alfalfa","url":"https:\/\/www.todoalfalfa.com.ar\/noticias\/","logo":{"@type":"ImageObject","inLanguage":"es","@id":"https:\/\/www.todoalfalfa.com.ar\/noticias\/#\/schema\/logo\/image\/","url":"https:\/\/www.todoalfalfa.com.ar\/noticias\/wp-content\/uploads\/2020\/09\/logo-todo-alfalfa-modificado.png","contentUrl":"https:\/\/www.todoalfalfa.com.ar\/noticias\/wp-content\/uploads\/2020\/09\/logo-todo-alfalfa-modificado.png","width":350,"height":100,"caption":"Todo Alfalfa"},"image":{"@id":"https:\/\/www.todoalfalfa.com.ar\/noticias\/#\/schema\/logo\/image\/"},"sameAs":["https:\/\/www.facebook.com\/todoalfalfa","https:\/\/www.instagram.com\/todoalfalfa","https:\/\/www.youtube.com\/@TodoAlfalfa","https:\/\/www.linkedin.com\/company\/todoalfalfa\/"]},{"@type":"Person","@id":"https:\/\/www.todoalfalfa.com.ar\/noticias\/#\/schema\/person\/99de93cb711c7015ef658e5321ba9f18","name":"Todo Alfalfa","image":{"@type":"ImageObject","inLanguage":"es","@id":"https:\/\/www.todoalfalfa.com.ar\/noticias\/#\/schema\/person\/image\/","url":"https:\/\/secure.gravatar.com\/avatar\/50ffd12fb7b268bc2467160730786602db252a270c63104e7c19b5f67b8dd346?s=96&d=mm&r=g","contentUrl":"https:\/\/secure.gravatar.com\/avatar\/50ffd12fb7b268bc2467160730786602db252a270c63104e7c19b5f67b8dd346?s=96&d=mm&r=g","caption":"Todo Alfalfa"},"url":"https:\/\/www.todoalfalfa.com.ar\/noticias\/author\/osvaldoiachetta\/"}]}},"jetpack_featured_media_url":"https:\/\/i0.wp.com\/www.todoalfalfa.com.ar\/noticias\/wp-content\/uploads\/2024\/11\/Captura-de-pantalla-2024-11-28-155029.png?fit=802%2C811&ssl=1","wps_subtitle":"","jetpack_sharing_enabled":true,"_links":{"self":[{"href":"https:\/\/www.todoalfalfa.com.ar\/noticias\/wp-json\/wp\/v2\/posts\/48234","targetHints":{"allow":["GET"]}}],"collection":[{"href":"https:\/\/www.todoalfalfa.com.ar\/noticias\/wp-json\/wp\/v2\/posts"}],"about":[{"href":"https:\/\/www.todoalfalfa.com.ar\/noticias\/wp-json\/wp\/v2\/types\/post"}],"author":[{"embeddable":true,"href":"https:\/\/www.todoalfalfa.com.ar\/noticias\/wp-json\/wp\/v2\/users\/9"}],"replies":[{"embeddable":true,"href":"https:\/\/www.todoalfalfa.com.ar\/noticias\/wp-json\/wp\/v2\/comments?post=48234"}],"version-history":[{"count":1,"href":"https:\/\/www.todoalfalfa.com.ar\/noticias\/wp-json\/wp\/v2\/posts\/48234\/revisions"}],"predecessor-version":[{"id":48240,"href":"https:\/\/www.todoalfalfa.com.ar\/noticias\/wp-json\/wp\/v2\/posts\/48234\/revisions\/48240"}],"wp:featuredmedia":[{"embeddable":true,"href":"https:\/\/www.todoalfalfa.com.ar\/noticias\/wp-json\/wp\/v2\/media\/48235"}],"wp:attachment":[{"href":"https:\/\/www.todoalfalfa.com.ar\/noticias\/wp-json\/wp\/v2\/media?parent=48234"}],"wp:term":[{"taxonomy":"category","embeddable":true,"href":"https:\/\/www.todoalfalfa.com.ar\/noticias\/wp-json\/wp\/v2\/categories?post=48234"},{"taxonomy":"post_tag","embeddable":true,"href":"https:\/\/www.todoalfalfa.com.ar\/noticias\/wp-json\/wp\/v2\/tags?post=48234"}],"curies":[{"name":"wp","href":"https:\/\/api.w.org\/{rel}","templated":true}]}}