{"id":48248,"date":"2024-12-03T17:04:49","date_gmt":"2024-12-03T20:04:49","guid":{"rendered":"https:\/\/www.todoalfalfa.com.ar\/noticias\/?p=48248"},"modified":"2024-12-03T17:04:51","modified_gmt":"2024-12-03T20:04:51","slug":"massey-ferguson-valoro-su-presencia-en-expoalfa-2024","status":"publish","type":"post","link":"https:\/\/www.todoalfalfa.com.ar\/noticias\/massey-ferguson-valoro-su-presencia-en-expoalfa-2024\/","title":{"rendered":"Massey Ferguson valor\u00f3 su presencia en ExpoAlfa 2024\u00a0"},"content":{"rendered":"\n<p>Un comunicado de la empresa Massey Ferguson en las \u00faltimas valor\u00f3 su participaci\u00f3n en ExpoAlfa 2024. \u201cDestac\u00f3 como uno de los principales protagonistas\u201d, apunta sobre la muestra que se desarroll\u00f3 en el predio del CICAE, Esperanza, provincia de Santa Fe los d\u00edas 13 y 14 de noviembre. &nbsp;<\/p>\n\n\n\n<p>\u201cEsta edici\u00f3n se consolid\u00f3 como un punto de encuentro fundamental para el sector alfarero, donde la marca reafirm\u00f3 su compromiso con la innovaci\u00f3n tecnol\u00f3gica y su liderazgo en soluciones agr\u00edcolas en el segmento de forrajeras\u201d, agrega.&nbsp;<\/p>\n\n\n\n<p>Cabe destacar que, con una destacada participaci\u00f3n en las actividades, Massey Ferguson present\u00f3 su l\u00ednea completa de equipos para forraje conservado, abarcando soluciones integrales para corte, recolecci\u00f3n, confecci\u00f3n y log\u00edstica. De esta manera, reafirm\u00f3 su capacidad para atender las necesidades de productores de todos los tama\u00f1os, desde peque\u00f1os y medianos hasta grandes y contratistas.&nbsp;<\/p>\n\n\n\n<p>\u201cParticipar en este encuentro, que promueve a la alfalfa como un cultivo clave para el agro argentino, es estrat\u00e9gico para exhibir el potencial de nuestra maquinaria y sus diversas soluciones, satisfaciendo plenamente los requerimientos de un sector en constante transformaci\u00f3n\u201d, resalt\u00f3 Sergio Karin, Director Comercial de Massey Ferguson para Hispanoam\u00e9rica.&nbsp;<\/p>\n\n\n\n<p>Durante las jornadas, la compa\u00f1\u00eda fortaleci\u00f3 su relaci\u00f3n con referentes del \u00e1mbito rural, reafirmando su posici\u00f3n como l\u00edder global en el desarrollo agropecuario. Su compromiso con la sostenibilidad, la incorporaci\u00f3n de tecnolog\u00eda avanzada y el enfoque en la productividad la consolidan como un socio estrat\u00e9gico para quienes buscan optimizar el rendimiento en sistemas agr\u00edcolas y ganaderos.&nbsp;<\/p>\n\n\n\n<p>El evento cont\u00f3 con el apoyo de autoridades, referentes provinciales y nacionales, reuniendo a la cadena agroindustrial, con tecnolog\u00eda, conocimiento y oportunidades para seguir impulsando el desarrollo del sector.&nbsp;<\/p>\n\n\n\n<p><strong>Acerca de Massey Ferguson:\u00a0<\/strong><\/p>\n\n\n\n<p>En Argentina, la historia de MF arranca en 1969 en la localidad santafesina de Granadero Baigorria, con la producci\u00f3n de tractores para el mercado local y Am\u00e9rica latina. Desde mediados de los 80 se comercializan las cosechadoras MF 3690 y MF 5650 con un \u00e9xito absoluto. En los 70, 80 y hasta fines de los 90 se producen l\u00edneas de tractores nacionales que pusieron a la marca en el liderazgo del mercado local. En 2013 se inaugura una nueva planta en el partido bonaerense de General Rodr\u00edguez, con la fabricaci\u00f3n de tractores de la serie MF 7000 y luego la reconocida MF 4200. En sus 177 a\u00f1os de historia Massey Ferguson, marca global de AGCO, ha fabricado en el mundo m\u00e1s de 5 millones de tractores y 350.000 cosechadoras.&nbsp;<\/p>\n\n\n\n<p>Fuente: <a href=\"https:\/\/expoalfa.com.ar\/alfalfa\/massey-ferguson-valoro-su-presencia-en-expoalfa-2024\/\" target=\"_blank\" rel=\"noreferrer noopener\">ExpoAlfa<\/a><\/p>\n<div class=\"todoalfalfa-final-de-la-nota\" id=\"todoalfalfa-124869893\"><a href=\"https:\/\/www.whatsapp.com\/channel\/0029VbCBmFB9WtBxJsD3eC2i\" target=\"_blank\" aria-label=\"5\"><img src=\"https:\/\/i0.wp.com\/www.todoalfalfa.com.ar\/noticias\/wp-content\/uploads\/2026\/04\/5.gif?fit=728%2C90&#038;ssl=1\" alt=\"\"  width=\"728\" height=\"90\"   \/><\/a><\/div>","protected":false},"excerpt":{"rendered":"<p>Mediante un comunicado, la empresa, destac\u00f3 su participaci\u00f3n en la muestra alfalfera. \u201cLa marca reafirm\u00f3 su compromiso con la innovaci\u00f3n tecnol\u00f3gica y su liderazgo en soluciones agr\u00edcolas en el segmento de forrajeras\u201d, apuntaron. <\/p>\n","protected":false},"author":9,"featured_media":48252,"comment_status":"closed","ping_status":"open","sticky":false,"template":"","format":"standard","meta":{"jetpack_post_was_ever_published":false,"_jetpack_newsletter_access":"","_jetpack_dont_email_post_to_subs":true,"_jetpack_newsletter_tier_id":0,"_jetpack_memberships_contains_paywalled_content":false,"_jetpack_memberships_contains_paid_content":false,"footnotes":""},"categories":[1809,4],"tags":[31,236,54,68,1496,17,21,91],"class_list":["post-48248","post","type-post","status-publish","format-standard","has-post-thumbnail","hentry","category-expoalfa","category-tecnologia","tag-alfalfa","tag-exportacion","tag-forrajes","tag-heno","tag-massey-ferguson","tag-pasturas","tag-produccion","tag-siembra"],"yoast_head":"<!-- This site is optimized with the Yoast SEO plugin v25.5 - https:\/\/yoast.com\/wordpress\/plugins\/seo\/ -->\n<title>Massey Ferguson valor\u00f3 su presencia en ExpoAlfa 2024\u00a0<\/title>\n<meta name=\"robots\" content=\"index, follow, max-snippet:-1, max-image-preview:large, max-video-preview:-1\" \/>\n<link rel=\"canonical\" href=\"https:\/\/www.todoalfalfa.com.ar\/noticias\/massey-ferguson-valoro-su-presencia-en-expoalfa-2024\/\" \/>\n<meta property=\"og:locale\" content=\"es_ES\" \/>\n<meta property=\"og:type\" content=\"article\" \/>\n<meta property=\"og:title\" content=\"Massey Ferguson valor\u00f3 su presencia en ExpoAlfa 2024\u00a0\" \/>\n<meta property=\"og:description\" content=\"Mediante un comunicado, la empresa, destac\u00f3 su participaci\u00f3n en la muestra alfalfera. \u201cLa marca reafirm\u00f3 su compromiso con la innovaci\u00f3n tecnol\u00f3gica y su liderazgo en soluciones agr\u00edcolas en el segmento de forrajeras\u201d, apuntaron.\" \/>\n<meta property=\"og:url\" content=\"https:\/\/www.todoalfalfa.com.ar\/noticias\/massey-ferguson-valoro-su-presencia-en-expoalfa-2024\/\" \/>\n<meta property=\"og:site_name\" content=\"Todo Alfalfa\" \/>\n<meta property=\"article:publisher\" content=\"https:\/\/www.facebook.com\/todoalfalfa\" \/>\n<meta property=\"article:published_time\" content=\"2024-12-03T20:04:49+00:00\" \/>\n<meta property=\"article:modified_time\" content=\"2024-12-03T20:04:51+00:00\" \/>\n<meta property=\"og:image\" content=\"https:\/\/www.todoalfalfa.com.ar\/noticias\/wp-content\/uploads\/2024\/12\/Expo-Alfalfa-2024-134-scaled.jpg\" \/>\n\t<meta property=\"og:image:width\" content=\"2560\" \/>\n\t<meta property=\"og:image:height\" content=\"1707\" \/>\n\t<meta property=\"og:image:type\" content=\"image\/jpeg\" \/>\n<meta name=\"author\" content=\"Todo Alfalfa\" \/>\n<meta name=\"twitter:card\" content=\"summary_large_image\" \/>\n<meta name=\"twitter:label1\" content=\"Escrito por\" \/>\n\t<meta name=\"twitter:data1\" content=\"Todo Alfalfa\" \/>\n\t<meta name=\"twitter:label2\" content=\"Tiempo de lectura\" \/>\n\t<meta name=\"twitter:data2\" content=\"3 minutos\" \/>\n<script type=\"application\/ld+json\" class=\"yoast-schema-graph\">{\"@context\":\"https:\/\/schema.org\",\"@graph\":[{\"@type\":\"NewsArticle\",\"@id\":\"https:\/\/www.todoalfalfa.com.ar\/noticias\/massey-ferguson-valoro-su-presencia-en-expoalfa-2024\/#article\",\"isPartOf\":{\"@id\":\"https:\/\/www.todoalfalfa.com.ar\/noticias\/massey-ferguson-valoro-su-presencia-en-expoalfa-2024\/\"},\"author\":{\"name\":\"Todo Alfalfa\",\"@id\":\"https:\/\/www.todoalfalfa.com.ar\/noticias\/#\/schema\/person\/99de93cb711c7015ef658e5321ba9f18\"},\"headline\":\"Massey Ferguson valor\u00f3 su presencia en ExpoAlfa 2024\u00a0\",\"datePublished\":\"2024-12-03T20:04:49+00:00\",\"dateModified\":\"2024-12-03T20:04:51+00:00\",\"mainEntityOfPage\":{\"@id\":\"https:\/\/www.todoalfalfa.com.ar\/noticias\/massey-ferguson-valoro-su-presencia-en-expoalfa-2024\/\"},\"wordCount\":437,\"publisher\":{\"@id\":\"https:\/\/www.todoalfalfa.com.ar\/noticias\/#organization\"},\"image\":{\"@id\":\"https:\/\/www.todoalfalfa.com.ar\/noticias\/massey-ferguson-valoro-su-presencia-en-expoalfa-2024\/#primaryimage\"},\"thumbnailUrl\":\"https:\/\/i0.wp.com\/www.todoalfalfa.com.ar\/noticias\/wp-content\/uploads\/2024\/12\/Expo-Alfalfa-2024-134-scaled.jpg?fit=2560%2C1707&ssl=1\",\"keywords\":[\"alfalfa\",\"exportaci\u00f3n\",\"forrajes\",\"heno\",\"Massey Ferguson\",\"pasturas\",\"producci\u00f3n\",\"siembra\"],\"articleSection\":[\"ExpoAlfa\",\"Tecnolog\u00eda\"],\"inLanguage\":\"es\"},{\"@type\":[\"WebPage\",\"ItemPage\"],\"@id\":\"https:\/\/www.todoalfalfa.com.ar\/noticias\/massey-ferguson-valoro-su-presencia-en-expoalfa-2024\/\",\"url\":\"https:\/\/www.todoalfalfa.com.ar\/noticias\/massey-ferguson-valoro-su-presencia-en-expoalfa-2024\/\",\"name\":\"Massey Ferguson valor\u00f3 su presencia en ExpoAlfa 2024\u00a0\",\"isPartOf\":{\"@id\":\"https:\/\/www.todoalfalfa.com.ar\/noticias\/#website\"},\"primaryImageOfPage\":{\"@id\":\"https:\/\/www.todoalfalfa.com.ar\/noticias\/massey-ferguson-valoro-su-presencia-en-expoalfa-2024\/#primaryimage\"},\"image\":{\"@id\":\"https:\/\/www.todoalfalfa.com.ar\/noticias\/massey-ferguson-valoro-su-presencia-en-expoalfa-2024\/#primaryimage\"},\"thumbnailUrl\":\"https:\/\/i0.wp.com\/www.todoalfalfa.com.ar\/noticias\/wp-content\/uploads\/2024\/12\/Expo-Alfalfa-2024-134-scaled.jpg?fit=2560%2C1707&ssl=1\",\"datePublished\":\"2024-12-03T20:04:49+00:00\",\"dateModified\":\"2024-12-03T20:04:51+00:00\",\"breadcrumb\":{\"@id\":\"https:\/\/www.todoalfalfa.com.ar\/noticias\/massey-ferguson-valoro-su-presencia-en-expoalfa-2024\/#breadcrumb\"},\"inLanguage\":\"es\",\"potentialAction\":[{\"@type\":\"ReadAction\",\"target\":[\"https:\/\/www.todoalfalfa.com.ar\/noticias\/massey-ferguson-valoro-su-presencia-en-expoalfa-2024\/\"]}]},{\"@type\":\"ImageObject\",\"inLanguage\":\"es\",\"@id\":\"https:\/\/www.todoalfalfa.com.ar\/noticias\/massey-ferguson-valoro-su-presencia-en-expoalfa-2024\/#primaryimage\",\"url\":\"https:\/\/i0.wp.com\/www.todoalfalfa.com.ar\/noticias\/wp-content\/uploads\/2024\/12\/Expo-Alfalfa-2024-134-scaled.jpg?fit=2560%2C1707&ssl=1\",\"contentUrl\":\"https:\/\/i0.wp.com\/www.todoalfalfa.com.ar\/noticias\/wp-content\/uploads\/2024\/12\/Expo-Alfalfa-2024-134-scaled.jpg?fit=2560%2C1707&ssl=1\",\"width\":2560,\"height\":1707},{\"@type\":\"BreadcrumbList\",\"@id\":\"https:\/\/www.todoalfalfa.com.ar\/noticias\/massey-ferguson-valoro-su-presencia-en-expoalfa-2024\/#breadcrumb\",\"itemListElement\":[{\"@type\":\"ListItem\",\"position\":1,\"name\":\"Principal\",\"item\":\"https:\/\/www.todoalfalfa.com.ar\/noticias\/\"},{\"@type\":\"ListItem\",\"position\":2,\"name\":\"Massey Ferguson valor\u00f3 su presencia en ExpoAlfa 2024\u00a0\"}]},{\"@type\":\"WebSite\",\"@id\":\"https:\/\/www.todoalfalfa.com.ar\/noticias\/#website\",\"url\":\"https:\/\/www.todoalfalfa.com.ar\/noticias\/\",\"name\":\"Todo Alfalfa\",\"description\":\"Web informativa de la cadena de la alfalfa argentina\",\"publisher\":{\"@id\":\"https:\/\/www.todoalfalfa.com.ar\/noticias\/#organization\"},\"potentialAction\":[{\"@type\":\"SearchAction\",\"target\":{\"@type\":\"EntryPoint\",\"urlTemplate\":\"https:\/\/www.todoalfalfa.com.ar\/noticias\/?s={search_term_string}\"},\"query-input\":{\"@type\":\"PropertyValueSpecification\",\"valueRequired\":true,\"valueName\":\"search_term_string\"}}],\"inLanguage\":\"es\"},{\"@type\":\"Organization\",\"@id\":\"https:\/\/www.todoalfalfa.com.ar\/noticias\/#organization\",\"name\":\"Todo Alfalfa\",\"url\":\"https:\/\/www.todoalfalfa.com.ar\/noticias\/\",\"logo\":{\"@type\":\"ImageObject\",\"inLanguage\":\"es\",\"@id\":\"https:\/\/www.todoalfalfa.com.ar\/noticias\/#\/schema\/logo\/image\/\",\"url\":\"https:\/\/www.todoalfalfa.com.ar\/noticias\/wp-content\/uploads\/2020\/09\/logo-todo-alfalfa-modificado.png\",\"contentUrl\":\"https:\/\/www.todoalfalfa.com.ar\/noticias\/wp-content\/uploads\/2020\/09\/logo-todo-alfalfa-modificado.png\",\"width\":350,\"height\":100,\"caption\":\"Todo Alfalfa\"},\"image\":{\"@id\":\"https:\/\/www.todoalfalfa.com.ar\/noticias\/#\/schema\/logo\/image\/\"},\"sameAs\":[\"https:\/\/www.facebook.com\/todoalfalfa\",\"https:\/\/www.instagram.com\/todoalfalfa\",\"https:\/\/www.youtube.com\/@TodoAlfalfa\",\"https:\/\/www.linkedin.com\/company\/todoalfalfa\/\"]},{\"@type\":\"Person\",\"@id\":\"https:\/\/www.todoalfalfa.com.ar\/noticias\/#\/schema\/person\/99de93cb711c7015ef658e5321ba9f18\",\"name\":\"Todo Alfalfa\",\"image\":{\"@type\":\"ImageObject\",\"inLanguage\":\"es\",\"@id\":\"https:\/\/www.todoalfalfa.com.ar\/noticias\/#\/schema\/person\/image\/\",\"url\":\"https:\/\/secure.gravatar.com\/avatar\/50ffd12fb7b268bc2467160730786602db252a270c63104e7c19b5f67b8dd346?s=96&d=mm&r=g\",\"contentUrl\":\"https:\/\/secure.gravatar.com\/avatar\/50ffd12fb7b268bc2467160730786602db252a270c63104e7c19b5f67b8dd346?s=96&d=mm&r=g\",\"caption\":\"Todo Alfalfa\"},\"url\":\"https:\/\/www.todoalfalfa.com.ar\/noticias\/author\/osvaldoiachetta\/\"}]}<\/script>\n<!-- \/ Yoast SEO plugin. -->","yoast_head_json":{"title":"Massey Ferguson valor\u00f3 su presencia en ExpoAlfa 2024\u00a0","robots":{"index":"index","follow":"follow","max-snippet":"max-snippet:-1","max-image-preview":"max-image-preview:large","max-video-preview":"max-video-preview:-1"},"canonical":"https:\/\/www.todoalfalfa.com.ar\/noticias\/massey-ferguson-valoro-su-presencia-en-expoalfa-2024\/","og_locale":"es_ES","og_type":"article","og_title":"Massey Ferguson valor\u00f3 su presencia en ExpoAlfa 2024\u00a0","og_description":"Mediante un comunicado, la empresa, destac\u00f3 su participaci\u00f3n en la muestra alfalfera. \u201cLa marca reafirm\u00f3 su compromiso con la innovaci\u00f3n tecnol\u00f3gica y su liderazgo en soluciones agr\u00edcolas en el segmento de forrajeras\u201d, apuntaron.","og_url":"https:\/\/www.todoalfalfa.com.ar\/noticias\/massey-ferguson-valoro-su-presencia-en-expoalfa-2024\/","og_site_name":"Todo Alfalfa","article_publisher":"https:\/\/www.facebook.com\/todoalfalfa","article_published_time":"2024-12-03T20:04:49+00:00","article_modified_time":"2024-12-03T20:04:51+00:00","og_image":[{"width":2560,"height":1707,"url":"https:\/\/www.todoalfalfa.com.ar\/noticias\/wp-content\/uploads\/2024\/12\/Expo-Alfalfa-2024-134-scaled.jpg","type":"image\/jpeg"}],"author":"Todo Alfalfa","twitter_card":"summary_large_image","twitter_misc":{"Escrito por":"Todo Alfalfa","Tiempo de lectura":"3 minutos"},"schema":{"@context":"https:\/\/schema.org","@graph":[{"@type":"NewsArticle","@id":"https:\/\/www.todoalfalfa.com.ar\/noticias\/massey-ferguson-valoro-su-presencia-en-expoalfa-2024\/#article","isPartOf":{"@id":"https:\/\/www.todoalfalfa.com.ar\/noticias\/massey-ferguson-valoro-su-presencia-en-expoalfa-2024\/"},"author":{"name":"Todo Alfalfa","@id":"https:\/\/www.todoalfalfa.com.ar\/noticias\/#\/schema\/person\/99de93cb711c7015ef658e5321ba9f18"},"headline":"Massey Ferguson valor\u00f3 su presencia en ExpoAlfa 2024\u00a0","datePublished":"2024-12-03T20:04:49+00:00","dateModified":"2024-12-03T20:04:51+00:00","mainEntityOfPage":{"@id":"https:\/\/www.todoalfalfa.com.ar\/noticias\/massey-ferguson-valoro-su-presencia-en-expoalfa-2024\/"},"wordCount":437,"publisher":{"@id":"https:\/\/www.todoalfalfa.com.ar\/noticias\/#organization"},"image":{"@id":"https:\/\/www.todoalfalfa.com.ar\/noticias\/massey-ferguson-valoro-su-presencia-en-expoalfa-2024\/#primaryimage"},"thumbnailUrl":"https:\/\/i0.wp.com\/www.todoalfalfa.com.ar\/noticias\/wp-content\/uploads\/2024\/12\/Expo-Alfalfa-2024-134-scaled.jpg?fit=2560%2C1707&ssl=1","keywords":["alfalfa","exportaci\u00f3n","forrajes","heno","Massey Ferguson","pasturas","producci\u00f3n","siembra"],"articleSection":["ExpoAlfa","Tecnolog\u00eda"],"inLanguage":"es"},{"@type":["WebPage","ItemPage"],"@id":"https:\/\/www.todoalfalfa.com.ar\/noticias\/massey-ferguson-valoro-su-presencia-en-expoalfa-2024\/","url":"https:\/\/www.todoalfalfa.com.ar\/noticias\/massey-ferguson-valoro-su-presencia-en-expoalfa-2024\/","name":"Massey Ferguson valor\u00f3 su presencia en ExpoAlfa 2024\u00a0","isPartOf":{"@id":"https:\/\/www.todoalfalfa.com.ar\/noticias\/#website"},"primaryImageOfPage":{"@id":"https:\/\/www.todoalfalfa.com.ar\/noticias\/massey-ferguson-valoro-su-presencia-en-expoalfa-2024\/#primaryimage"},"image":{"@id":"https:\/\/www.todoalfalfa.com.ar\/noticias\/massey-ferguson-valoro-su-presencia-en-expoalfa-2024\/#primaryimage"},"thumbnailUrl":"https:\/\/i0.wp.com\/www.todoalfalfa.com.ar\/noticias\/wp-content\/uploads\/2024\/12\/Expo-Alfalfa-2024-134-scaled.jpg?fit=2560%2C1707&ssl=1","datePublished":"2024-12-03T20:04:49+00:00","dateModified":"2024-12-03T20:04:51+00:00","breadcrumb":{"@id":"https:\/\/www.todoalfalfa.com.ar\/noticias\/massey-ferguson-valoro-su-presencia-en-expoalfa-2024\/#breadcrumb"},"inLanguage":"es","potentialAction":[{"@type":"ReadAction","target":["https:\/\/www.todoalfalfa.com.ar\/noticias\/massey-ferguson-valoro-su-presencia-en-expoalfa-2024\/"]}]},{"@type":"ImageObject","inLanguage":"es","@id":"https:\/\/www.todoalfalfa.com.ar\/noticias\/massey-ferguson-valoro-su-presencia-en-expoalfa-2024\/#primaryimage","url":"https:\/\/i0.wp.com\/www.todoalfalfa.com.ar\/noticias\/wp-content\/uploads\/2024\/12\/Expo-Alfalfa-2024-134-scaled.jpg?fit=2560%2C1707&ssl=1","contentUrl":"https:\/\/i0.wp.com\/www.todoalfalfa.com.ar\/noticias\/wp-content\/uploads\/2024\/12\/Expo-Alfalfa-2024-134-scaled.jpg?fit=2560%2C1707&ssl=1","width":2560,"height":1707},{"@type":"BreadcrumbList","@id":"https:\/\/www.todoalfalfa.com.ar\/noticias\/massey-ferguson-valoro-su-presencia-en-expoalfa-2024\/#breadcrumb","itemListElement":[{"@type":"ListItem","position":1,"name":"Principal","item":"https:\/\/www.todoalfalfa.com.ar\/noticias\/"},{"@type":"ListItem","position":2,"name":"Massey Ferguson valor\u00f3 su presencia en ExpoAlfa 2024\u00a0"}]},{"@type":"WebSite","@id":"https:\/\/www.todoalfalfa.com.ar\/noticias\/#website","url":"https:\/\/www.todoalfalfa.com.ar\/noticias\/","name":"Todo Alfalfa","description":"Web informativa de la cadena de la alfalfa argentina","publisher":{"@id":"https:\/\/www.todoalfalfa.com.ar\/noticias\/#organization"},"potentialAction":[{"@type":"SearchAction","target":{"@type":"EntryPoint","urlTemplate":"https:\/\/www.todoalfalfa.com.ar\/noticias\/?s={search_term_string}"},"query-input":{"@type":"PropertyValueSpecification","valueRequired":true,"valueName":"search_term_string"}}],"inLanguage":"es"},{"@type":"Organization","@id":"https:\/\/www.todoalfalfa.com.ar\/noticias\/#organization","name":"Todo Alfalfa","url":"https:\/\/www.todoalfalfa.com.ar\/noticias\/","logo":{"@type":"ImageObject","inLanguage":"es","@id":"https:\/\/www.todoalfalfa.com.ar\/noticias\/#\/schema\/logo\/image\/","url":"https:\/\/www.todoalfalfa.com.ar\/noticias\/wp-content\/uploads\/2020\/09\/logo-todo-alfalfa-modificado.png","contentUrl":"https:\/\/www.todoalfalfa.com.ar\/noticias\/wp-content\/uploads\/2020\/09\/logo-todo-alfalfa-modificado.png","width":350,"height":100,"caption":"Todo Alfalfa"},"image":{"@id":"https:\/\/www.todoalfalfa.com.ar\/noticias\/#\/schema\/logo\/image\/"},"sameAs":["https:\/\/www.facebook.com\/todoalfalfa","https:\/\/www.instagram.com\/todoalfalfa","https:\/\/www.youtube.com\/@TodoAlfalfa","https:\/\/www.linkedin.com\/company\/todoalfalfa\/"]},{"@type":"Person","@id":"https:\/\/www.todoalfalfa.com.ar\/noticias\/#\/schema\/person\/99de93cb711c7015ef658e5321ba9f18","name":"Todo Alfalfa","image":{"@type":"ImageObject","inLanguage":"es","@id":"https:\/\/www.todoalfalfa.com.ar\/noticias\/#\/schema\/person\/image\/","url":"https:\/\/secure.gravatar.com\/avatar\/50ffd12fb7b268bc2467160730786602db252a270c63104e7c19b5f67b8dd346?s=96&d=mm&r=g","contentUrl":"https:\/\/secure.gravatar.com\/avatar\/50ffd12fb7b268bc2467160730786602db252a270c63104e7c19b5f67b8dd346?s=96&d=mm&r=g","caption":"Todo Alfalfa"},"url":"https:\/\/www.todoalfalfa.com.ar\/noticias\/author\/osvaldoiachetta\/"}]}},"jetpack_featured_media_url":"https:\/\/i0.wp.com\/www.todoalfalfa.com.ar\/noticias\/wp-content\/uploads\/2024\/12\/Expo-Alfalfa-2024-134-scaled.jpg?fit=2560%2C1707&ssl=1","wps_subtitle":"","jetpack_sharing_enabled":true,"_links":{"self":[{"href":"https:\/\/www.todoalfalfa.com.ar\/noticias\/wp-json\/wp\/v2\/posts\/48248","targetHints":{"allow":["GET"]}}],"collection":[{"href":"https:\/\/www.todoalfalfa.com.ar\/noticias\/wp-json\/wp\/v2\/posts"}],"about":[{"href":"https:\/\/www.todoalfalfa.com.ar\/noticias\/wp-json\/wp\/v2\/types\/post"}],"author":[{"embeddable":true,"href":"https:\/\/www.todoalfalfa.com.ar\/noticias\/wp-json\/wp\/v2\/users\/9"}],"replies":[{"embeddable":true,"href":"https:\/\/www.todoalfalfa.com.ar\/noticias\/wp-json\/wp\/v2\/comments?post=48248"}],"version-history":[{"count":1,"href":"https:\/\/www.todoalfalfa.com.ar\/noticias\/wp-json\/wp\/v2\/posts\/48248\/revisions"}],"predecessor-version":[{"id":48253,"href":"https:\/\/www.todoalfalfa.com.ar\/noticias\/wp-json\/wp\/v2\/posts\/48248\/revisions\/48253"}],"wp:featuredmedia":[{"embeddable":true,"href":"https:\/\/www.todoalfalfa.com.ar\/noticias\/wp-json\/wp\/v2\/media\/48252"}],"wp:attachment":[{"href":"https:\/\/www.todoalfalfa.com.ar\/noticias\/wp-json\/wp\/v2\/media?parent=48248"}],"wp:term":[{"taxonomy":"category","embeddable":true,"href":"https:\/\/www.todoalfalfa.com.ar\/noticias\/wp-json\/wp\/v2\/categories?post=48248"},{"taxonomy":"post_tag","embeddable":true,"href":"https:\/\/www.todoalfalfa.com.ar\/noticias\/wp-json\/wp\/v2\/tags?post=48248"}],"curies":[{"name":"wp","href":"https:\/\/api.w.org\/{rel}","templated":true}]}}