{"id":48325,"date":"2024-12-16T13:47:11","date_gmt":"2024-12-16T16:47:11","guid":{"rendered":"https:\/\/www.todoalfalfa.com.ar\/noticias\/?p=48325"},"modified":"2024-12-16T13:47:13","modified_gmt":"2024-12-16T16:47:13","slug":"raigras-rapido-inta-un-cultivo-estrategico-para-el-pastoreo","status":"publish","type":"post","link":"https:\/\/www.todoalfalfa.com.ar\/noticias\/raigras-rapido-inta-un-cultivo-estrategico-para-el-pastoreo\/","title":{"rendered":"Raigr\u00e1s R\u00e1pido INTA, un cultivo estrat\u00e9gico para el pastoreo \u202f"},"content":{"rendered":"\n<p>El raigr\u00e1s es una especie que se utiliza como verdeo de invierno, sobre todo cuando las pasturas perennes tienen bajas tasas de crecimiento. Por esto, el desarrollo de R\u00e1pido INTA se presenta como un cultivo estrat\u00e9gico para la mayor\u00eda de las zonas ganaderas pampeanas y extrapampeanas de la Argentina. Entre las principales caracter\u00edsticas, se destaca por ser una variedad anual diploide, eso significa que es m\u00e1s r\u00fastico y m\u00e1s resistente a condiciones adversas y al pastoreo.&nbsp;&nbsp;<\/p>\n\n\n\n<p>Para el desarrollo de la variedad, un equipo de investigaci\u00f3n integrado por especialistas del INTA de Concepci\u00f3n del Uruguay \u2014Entre R\u00edos\u2014 y de Pergamino \u2014Buenos Aires\u2014 se enfoc\u00f3 en la caracterizaci\u00f3n de m\u00e1s de 20 poblaciones naturalizadas de raigr\u00e1s. Gracias a este primer paso, se inici\u00f3 un proceso de mejoramiento gen\u00e9tico con el objetivo de tener poblaciones divergentes en fecha de floraci\u00f3n.&nbsp;&nbsp;<\/p>\n\n\n\n<p>Alejo Re \u2014especialista del INTA Concepci\u00f3n del Uruguay, Entre R\u00edos, y coobtentor de la variedad\u2014, explic\u00f3 que \u201cse obtuvo una variedad con buena cantidad de forraje, alta tasa de crecimiento en un corto periodo de tiempo e ideal para alimentar al ganado en las principales zonas ganaderas pampeanas y extrapampeanas de la Argentina\u201d.<\/p>\n\n\n\n<p>Asimismo, agreg\u00f3 que R\u00e1pido INTA \u201cse puede implantar en una amplia zona, que va desde el sur de Buenos Aires hasta Brasil. Hay variedades que se han naturalizado y por eso tienen un excelente comportamiento. En particular, en el caso de Entre R\u00edos, una zona que le gusta mucho por el clima, por la humedad\u201d.&nbsp;<\/p>\n\n\n\n<p>\u201cPor m\u00e1s de seis o siete ciclos el equipo de investigaci\u00f3n seleccion\u00f3 genotipos tempranos y tard\u00edos. Tambi\u00e9n, cruzaron los de un grupo entre s\u00ed y otro grupo entre s\u00ed\u201d, sostuvo el investigador.<\/p>\n\n\n\n<p>En este sentido, Mariela Acu\u00f1a \u2014investigadora del INTA Pergamino, Buenos Aires, y coobtentora de la variedad\u2014 explic\u00f3 que \u201ceste proceso, aparte de la floraci\u00f3n, ten\u00eda en cuenta la buena producci\u00f3n, buena sanidad, aptitud forrajera y despu\u00e9s de seis ciclos de selecci\u00f3n se obtuvieron dos poblaciones que denominamos sint\u00e9ticas experimentales: una temprana y una tard\u00eda que fueron a evaluaci\u00f3n, y a\u00f1adi\u00f3: \u201cSobre la sint\u00e9tica temprana se hicieron dos ciclos m\u00e1s de selecci\u00f3n a la que denominamos experimental s\u00faper temprana que termin\u00f3 dando origen a R\u00e1pido INTA\u201d.&nbsp;<\/p>\n\n\n\n<figure class=\"wp-block-image\"><img data-recalc-dims=\"1\" decoding=\"async\" src=\"https:\/\/i0.wp.com\/intainforma.inta.gob.ar\/wp-content\/uploads\/Diseno-sin-titulo-16.jpg?ssl=1\" alt=\"\" class=\"wp-image-1277295\"\/><\/figure>\n\n\n\n<p>El raigr\u00e1s es beneficioso para plantaciones mixtas\u202fo\u202fganaderas que, con diferentes aptitudes, desocupan los campos antes y permite hacer sojas de segunda, ma\u00edces de segunda o para mantener un trato m\u00e1s din\u00e1mico con el campo. \u202f&nbsp;<\/p>\n\n\n\n<p>Re indic\u00f3 que \u201ceste cultivo tiene un ciclo de producci\u00f3n de corto crecimiento, lo que le da ventaja para ser utilizado en ventanas agr\u00edcolas. Al desarrollar su ciclo, este raigr\u00e1s acumula mucho forraje en un per\u00edodo muy corto de tiempo. El material siempre se destaca en dos o tres cortes\u201d, y destac\u00f3 la importancia de la promoci\u00f3n de la especie en los sistemas ganaderos desarrollados en zonas restrictivas.&nbsp;<\/p>\n\n\n\n<p>Horacio Vouilloud \u2014productor agropecuario de Entre R\u00edos que multiplica semillas de raigr\u00e1s en los lotes de ensayo de la experimental de Concepci\u00f3n del Uruguay del INTA\u2014, indic\u00f3 que \u201cla variedad se destaca por ser un diploide corto que hoy es el m\u00e1s corto en el mercado argentino y tiene un comportamiento excelente y anda\u202fmuy bien en lo que es la zona de Entre R\u00edos y el norte, hacia Corrientes\u201d.&nbsp;<\/p>\n\n\n\n<p>Vouilloud se\u00f1al\u00f3 que usa esta variedad porque le permite pastorear antes. \u201cCuando salimos de un verano muy seco, ampliamos la superficie para este material y nos ayuda un mont\u00f3n. No es habitual hacer cultivo de cobertura con raigr\u00e1s, al ser corto, al ser r\u00e1pido y al tener una buena resiembra natural es una gran opci\u00f3n\u201d. Y agreg\u00f3: \u201cEsto permite hacer diferentes manejos, tratamos de no sembrar solamente una sola variedad y lo vamos rotando, pero es un material que anda muy bien\u201d. Y determin\u00f3 que \u201cno es el \u00fanico que anda bien, son un mont\u00f3n, pero este b\u00e1sicamente se destaca por la rapidez que tiene en cuanto al crecimiento y el dinamismo\u201d.\u202f&nbsp;<\/p>\n\n\n\n<p>\u201cNos dedicamos a todo lo que es la producci\u00f3n, hacemos la cosecha y todo el procesamiento de semillas\u201d, detall\u00f3 Vouilloud. Seg\u00fan el productor, es el tercer a\u00f1o que se siembra esta variedad y se utiliza para pastoreo o para la cosecha para rollos.&nbsp;<\/p>\n\n\n\n<p>El productor hizo hincapi\u00e9 en que la provincia pasa por un momento de mucha falta de agua, \u201csin embargo, el comportamiento de este material, aunque el ambiente no es muy favorable, es excelente\u201d, y agreg\u00f3 que, \u201cencontrar un material s\u00faper corto fue una muy buena decisi\u00f3n del INTA y es una buena herramienta que hoy se vende bastante f\u00e1cil porque es muy demandada y quien lo prueba lo sigue usando\u201d.<\/p>\n\n\n\n<p>Por su parte, Re aclar\u00f3 que \u201cen los \u00faltimos tiempos, el raigr\u00e1s entr\u00f3 en el mercado brasilero y se extendi\u00f3 como producci\u00f3n de\u202fforraje en el norte de Entre R\u00edos, sur de Corrientes donde el per\u00edodo invernal es bastante m\u00e1s cortito, la ventana de producci\u00f3n es muy corta. Entendimos que la demanda a futuro iba a ser materiales de raigr\u00e1s que concentran su producci\u00f3n de forraje en una peque\u00f1a ventana de tiempo\u201d.&nbsp;<\/p>\n\n\n\n<figure class=\"wp-block-embed is-type-video is-provider-youtube wp-block-embed-youtube wp-embed-aspect-16-9 wp-has-aspect-ratio\"><div class=\"wp-block-embed__wrapper\">\n<iframe title=\"Innovaci\u00f3n para pasturas eficientes\" width=\"500\" height=\"281\" src=\"https:\/\/www.youtube.com\/embed\/bdHH3Ik2BwU?feature=oembed\" frameborder=\"0\" allow=\"accelerometer; autoplay; clipboard-write; encrypted-media; gyroscope; picture-in-picture; web-share\" referrerpolicy=\"strict-origin-when-cross-origin\" allowfullscreen><\/iframe>\n<\/div><\/figure>\n\n\n\n<p>Fuente: <a href=\"https:\/\/intainforma.inta.gob.ar\/raigras-rapido-inta-un-cultivo-estrategico-para-el-pastoreo\/\" target=\"_blank\" rel=\"noreferrer noopener\">INTA Informa<\/a><\/p>\n<div class=\"todoalfalfa-final-de-la-nota\" id=\"todoalfalfa-3540032203\"><a href=\"https:\/\/www.whatsapp.com\/channel\/0029VbCBmFB9WtBxJsD3eC2i\" target=\"_blank\" aria-label=\"5\"><img src=\"https:\/\/i0.wp.com\/www.todoalfalfa.com.ar\/noticias\/wp-content\/uploads\/2026\/04\/5.gif?fit=728%2C90&#038;ssl=1\" alt=\"\"  width=\"728\" height=\"90\"   \/><\/a><\/div>","protected":false},"excerpt":{"rendered":"<p>Dise\u00f1ado para alimentar al ganado en las principales zonas ganaderas pampeanas y extrapampeanas de la Argentina, el raigr\u00e1s R\u00e1pido INTA se destaca por la buena cantidad de forraje y su alta tasa de crecimiento, en un corto periodo de tiempo.<\/p>\n","protected":false},"author":9,"featured_media":48326,"comment_status":"closed","ping_status":"open","sticky":false,"template":"","format":"standard","meta":{"jetpack_post_was_ever_published":false,"_jetpack_newsletter_access":"","_jetpack_dont_email_post_to_subs":false,"_jetpack_newsletter_tier_id":0,"_jetpack_memberships_contains_paywalled_content":false,"_jetpack_memberships_contains_paid_content":false,"footnotes":""},"categories":[2],"tags":[105,36,17,21,91],"class_list":["post-48325","post","type-post","status-publish","format-standard","has-post-thumbnail","hentry","category-generales","tag-argentina","tag-inta","tag-pasturas","tag-produccion","tag-siembra"],"yoast_head":"<!-- This site is optimized with the Yoast SEO plugin v25.5 - https:\/\/yoast.com\/wordpress\/plugins\/seo\/ -->\n<title>Raigr\u00e1s R\u00e1pido INTA, un cultivo estrat\u00e9gico para el pastoreo \u202f<\/title>\n<meta name=\"robots\" content=\"index, follow, max-snippet:-1, max-image-preview:large, max-video-preview:-1\" \/>\n<link rel=\"canonical\" href=\"https:\/\/www.todoalfalfa.com.ar\/noticias\/raigras-rapido-inta-un-cultivo-estrategico-para-el-pastoreo\/\" \/>\n<meta property=\"og:locale\" content=\"es_ES\" \/>\n<meta property=\"og:type\" content=\"article\" \/>\n<meta property=\"og:title\" content=\"Raigr\u00e1s R\u00e1pido INTA, un cultivo estrat\u00e9gico para el pastoreo \u202f\" \/>\n<meta property=\"og:description\" content=\"Dise\u00f1ado para alimentar al ganado en las principales zonas ganaderas pampeanas y extrapampeanas de la Argentina, el raigr\u00e1s R\u00e1pido INTA se destaca por la buena cantidad de forraje y su alta tasa de crecimiento, en un corto periodo de tiempo.\" \/>\n<meta property=\"og:url\" content=\"https:\/\/www.todoalfalfa.com.ar\/noticias\/raigras-rapido-inta-un-cultivo-estrategico-para-el-pastoreo\/\" \/>\n<meta property=\"og:site_name\" content=\"Todo Alfalfa\" \/>\n<meta property=\"article:publisher\" content=\"https:\/\/www.facebook.com\/todoalfalfa\" \/>\n<meta property=\"article:published_time\" content=\"2024-12-16T16:47:11+00:00\" \/>\n<meta property=\"article:modified_time\" content=\"2024-12-16T16:47:13+00:00\" \/>\n<meta property=\"og:image\" content=\"https:\/\/www.todoalfalfa.com.ar\/noticias\/wp-content\/uploads\/2024\/12\/raigrasrapido-2.jpg.webp\" \/>\n\t<meta property=\"og:image:width\" content=\"1600\" \/>\n\t<meta property=\"og:image:height\" content=\"1070\" \/>\n\t<meta property=\"og:image:type\" content=\"image\/webp\" \/>\n<meta name=\"author\" content=\"Todo Alfalfa\" \/>\n<meta name=\"twitter:card\" content=\"summary_large_image\" \/>\n<meta name=\"twitter:label1\" content=\"Escrito por\" \/>\n\t<meta name=\"twitter:data1\" content=\"Todo Alfalfa\" \/>\n\t<meta name=\"twitter:label2\" content=\"Tiempo de lectura\" \/>\n\t<meta name=\"twitter:data2\" content=\"5 minutos\" \/>\n<script type=\"application\/ld+json\" class=\"yoast-schema-graph\">{\"@context\":\"https:\/\/schema.org\",\"@graph\":[{\"@type\":\"NewsArticle\",\"@id\":\"https:\/\/www.todoalfalfa.com.ar\/noticias\/raigras-rapido-inta-un-cultivo-estrategico-para-el-pastoreo\/#article\",\"isPartOf\":{\"@id\":\"https:\/\/www.todoalfalfa.com.ar\/noticias\/raigras-rapido-inta-un-cultivo-estrategico-para-el-pastoreo\/\"},\"author\":{\"name\":\"Todo Alfalfa\",\"@id\":\"https:\/\/www.todoalfalfa.com.ar\/noticias\/#\/schema\/person\/99de93cb711c7015ef658e5321ba9f18\"},\"headline\":\"Raigr\u00e1s R\u00e1pido INTA, un cultivo estrat\u00e9gico para el pastoreo \u202f\",\"datePublished\":\"2024-12-16T16:47:11+00:00\",\"dateModified\":\"2024-12-16T16:47:13+00:00\",\"mainEntityOfPage\":{\"@id\":\"https:\/\/www.todoalfalfa.com.ar\/noticias\/raigras-rapido-inta-un-cultivo-estrategico-para-el-pastoreo\/\"},\"wordCount\":944,\"publisher\":{\"@id\":\"https:\/\/www.todoalfalfa.com.ar\/noticias\/#organization\"},\"image\":{\"@id\":\"https:\/\/www.todoalfalfa.com.ar\/noticias\/raigras-rapido-inta-un-cultivo-estrategico-para-el-pastoreo\/#primaryimage\"},\"thumbnailUrl\":\"https:\/\/i0.wp.com\/www.todoalfalfa.com.ar\/noticias\/wp-content\/uploads\/2024\/12\/raigrasrapido-2.jpg.webp?fit=1600%2C1070&ssl=1\",\"keywords\":[\"Argentina\",\"inta\",\"pasturas\",\"producci\u00f3n\",\"siembra\"],\"articleSection\":[\"Generales\"],\"inLanguage\":\"es\"},{\"@type\":[\"WebPage\",\"ItemPage\"],\"@id\":\"https:\/\/www.todoalfalfa.com.ar\/noticias\/raigras-rapido-inta-un-cultivo-estrategico-para-el-pastoreo\/\",\"url\":\"https:\/\/www.todoalfalfa.com.ar\/noticias\/raigras-rapido-inta-un-cultivo-estrategico-para-el-pastoreo\/\",\"name\":\"Raigr\u00e1s R\u00e1pido INTA, un cultivo estrat\u00e9gico para el pastoreo \u202f\",\"isPartOf\":{\"@id\":\"https:\/\/www.todoalfalfa.com.ar\/noticias\/#website\"},\"primaryImageOfPage\":{\"@id\":\"https:\/\/www.todoalfalfa.com.ar\/noticias\/raigras-rapido-inta-un-cultivo-estrategico-para-el-pastoreo\/#primaryimage\"},\"image\":{\"@id\":\"https:\/\/www.todoalfalfa.com.ar\/noticias\/raigras-rapido-inta-un-cultivo-estrategico-para-el-pastoreo\/#primaryimage\"},\"thumbnailUrl\":\"https:\/\/i0.wp.com\/www.todoalfalfa.com.ar\/noticias\/wp-content\/uploads\/2024\/12\/raigrasrapido-2.jpg.webp?fit=1600%2C1070&ssl=1\",\"datePublished\":\"2024-12-16T16:47:11+00:00\",\"dateModified\":\"2024-12-16T16:47:13+00:00\",\"breadcrumb\":{\"@id\":\"https:\/\/www.todoalfalfa.com.ar\/noticias\/raigras-rapido-inta-un-cultivo-estrategico-para-el-pastoreo\/#breadcrumb\"},\"inLanguage\":\"es\",\"potentialAction\":[{\"@type\":\"ReadAction\",\"target\":[\"https:\/\/www.todoalfalfa.com.ar\/noticias\/raigras-rapido-inta-un-cultivo-estrategico-para-el-pastoreo\/\"]}]},{\"@type\":\"ImageObject\",\"inLanguage\":\"es\",\"@id\":\"https:\/\/www.todoalfalfa.com.ar\/noticias\/raigras-rapido-inta-un-cultivo-estrategico-para-el-pastoreo\/#primaryimage\",\"url\":\"https:\/\/i0.wp.com\/www.todoalfalfa.com.ar\/noticias\/wp-content\/uploads\/2024\/12\/raigrasrapido-2.jpg.webp?fit=1600%2C1070&ssl=1\",\"contentUrl\":\"https:\/\/i0.wp.com\/www.todoalfalfa.com.ar\/noticias\/wp-content\/uploads\/2024\/12\/raigrasrapido-2.jpg.webp?fit=1600%2C1070&ssl=1\",\"width\":1600,\"height\":1070},{\"@type\":\"BreadcrumbList\",\"@id\":\"https:\/\/www.todoalfalfa.com.ar\/noticias\/raigras-rapido-inta-un-cultivo-estrategico-para-el-pastoreo\/#breadcrumb\",\"itemListElement\":[{\"@type\":\"ListItem\",\"position\":1,\"name\":\"Principal\",\"item\":\"https:\/\/www.todoalfalfa.com.ar\/noticias\/\"},{\"@type\":\"ListItem\",\"position\":2,\"name\":\"Raigr\u00e1s R\u00e1pido INTA, un cultivo estrat\u00e9gico para el pastoreo \u202f\"}]},{\"@type\":\"WebSite\",\"@id\":\"https:\/\/www.todoalfalfa.com.ar\/noticias\/#website\",\"url\":\"https:\/\/www.todoalfalfa.com.ar\/noticias\/\",\"name\":\"Todo Alfalfa\",\"description\":\"Web informativa de la cadena de la alfalfa argentina\",\"publisher\":{\"@id\":\"https:\/\/www.todoalfalfa.com.ar\/noticias\/#organization\"},\"potentialAction\":[{\"@type\":\"SearchAction\",\"target\":{\"@type\":\"EntryPoint\",\"urlTemplate\":\"https:\/\/www.todoalfalfa.com.ar\/noticias\/?s={search_term_string}\"},\"query-input\":{\"@type\":\"PropertyValueSpecification\",\"valueRequired\":true,\"valueName\":\"search_term_string\"}}],\"inLanguage\":\"es\"},{\"@type\":\"Organization\",\"@id\":\"https:\/\/www.todoalfalfa.com.ar\/noticias\/#organization\",\"name\":\"Todo Alfalfa\",\"url\":\"https:\/\/www.todoalfalfa.com.ar\/noticias\/\",\"logo\":{\"@type\":\"ImageObject\",\"inLanguage\":\"es\",\"@id\":\"https:\/\/www.todoalfalfa.com.ar\/noticias\/#\/schema\/logo\/image\/\",\"url\":\"https:\/\/www.todoalfalfa.com.ar\/noticias\/wp-content\/uploads\/2020\/09\/logo-todo-alfalfa-modificado.png\",\"contentUrl\":\"https:\/\/www.todoalfalfa.com.ar\/noticias\/wp-content\/uploads\/2020\/09\/logo-todo-alfalfa-modificado.png\",\"width\":350,\"height\":100,\"caption\":\"Todo Alfalfa\"},\"image\":{\"@id\":\"https:\/\/www.todoalfalfa.com.ar\/noticias\/#\/schema\/logo\/image\/\"},\"sameAs\":[\"https:\/\/www.facebook.com\/todoalfalfa\",\"https:\/\/www.instagram.com\/todoalfalfa\",\"https:\/\/www.youtube.com\/@TodoAlfalfa\",\"https:\/\/www.linkedin.com\/company\/todoalfalfa\/\"]},{\"@type\":\"Person\",\"@id\":\"https:\/\/www.todoalfalfa.com.ar\/noticias\/#\/schema\/person\/99de93cb711c7015ef658e5321ba9f18\",\"name\":\"Todo Alfalfa\",\"image\":{\"@type\":\"ImageObject\",\"inLanguage\":\"es\",\"@id\":\"https:\/\/www.todoalfalfa.com.ar\/noticias\/#\/schema\/person\/image\/\",\"url\":\"https:\/\/secure.gravatar.com\/avatar\/50ffd12fb7b268bc2467160730786602db252a270c63104e7c19b5f67b8dd346?s=96&d=mm&r=g\",\"contentUrl\":\"https:\/\/secure.gravatar.com\/avatar\/50ffd12fb7b268bc2467160730786602db252a270c63104e7c19b5f67b8dd346?s=96&d=mm&r=g\",\"caption\":\"Todo Alfalfa\"},\"url\":\"https:\/\/www.todoalfalfa.com.ar\/noticias\/author\/osvaldoiachetta\/\"}]}<\/script>\n<!-- \/ Yoast SEO plugin. -->","yoast_head_json":{"title":"Raigr\u00e1s R\u00e1pido INTA, un cultivo estrat\u00e9gico para el pastoreo \u202f","robots":{"index":"index","follow":"follow","max-snippet":"max-snippet:-1","max-image-preview":"max-image-preview:large","max-video-preview":"max-video-preview:-1"},"canonical":"https:\/\/www.todoalfalfa.com.ar\/noticias\/raigras-rapido-inta-un-cultivo-estrategico-para-el-pastoreo\/","og_locale":"es_ES","og_type":"article","og_title":"Raigr\u00e1s R\u00e1pido INTA, un cultivo estrat\u00e9gico para el pastoreo \u202f","og_description":"Dise\u00f1ado para alimentar al ganado en las principales zonas ganaderas pampeanas y extrapampeanas de la Argentina, el raigr\u00e1s R\u00e1pido INTA se destaca por la buena cantidad de forraje y su alta tasa de crecimiento, en un corto periodo de tiempo.","og_url":"https:\/\/www.todoalfalfa.com.ar\/noticias\/raigras-rapido-inta-un-cultivo-estrategico-para-el-pastoreo\/","og_site_name":"Todo Alfalfa","article_publisher":"https:\/\/www.facebook.com\/todoalfalfa","article_published_time":"2024-12-16T16:47:11+00:00","article_modified_time":"2024-12-16T16:47:13+00:00","og_image":[{"width":1600,"height":1070,"url":"https:\/\/www.todoalfalfa.com.ar\/noticias\/wp-content\/uploads\/2024\/12\/raigrasrapido-2.jpg.webp","type":"image\/webp"}],"author":"Todo Alfalfa","twitter_card":"summary_large_image","twitter_misc":{"Escrito por":"Todo Alfalfa","Tiempo de lectura":"5 minutos"},"schema":{"@context":"https:\/\/schema.org","@graph":[{"@type":"NewsArticle","@id":"https:\/\/www.todoalfalfa.com.ar\/noticias\/raigras-rapido-inta-un-cultivo-estrategico-para-el-pastoreo\/#article","isPartOf":{"@id":"https:\/\/www.todoalfalfa.com.ar\/noticias\/raigras-rapido-inta-un-cultivo-estrategico-para-el-pastoreo\/"},"author":{"name":"Todo Alfalfa","@id":"https:\/\/www.todoalfalfa.com.ar\/noticias\/#\/schema\/person\/99de93cb711c7015ef658e5321ba9f18"},"headline":"Raigr\u00e1s R\u00e1pido INTA, un cultivo estrat\u00e9gico para el pastoreo \u202f","datePublished":"2024-12-16T16:47:11+00:00","dateModified":"2024-12-16T16:47:13+00:00","mainEntityOfPage":{"@id":"https:\/\/www.todoalfalfa.com.ar\/noticias\/raigras-rapido-inta-un-cultivo-estrategico-para-el-pastoreo\/"},"wordCount":944,"publisher":{"@id":"https:\/\/www.todoalfalfa.com.ar\/noticias\/#organization"},"image":{"@id":"https:\/\/www.todoalfalfa.com.ar\/noticias\/raigras-rapido-inta-un-cultivo-estrategico-para-el-pastoreo\/#primaryimage"},"thumbnailUrl":"https:\/\/i0.wp.com\/www.todoalfalfa.com.ar\/noticias\/wp-content\/uploads\/2024\/12\/raigrasrapido-2.jpg.webp?fit=1600%2C1070&ssl=1","keywords":["Argentina","inta","pasturas","producci\u00f3n","siembra"],"articleSection":["Generales"],"inLanguage":"es"},{"@type":["WebPage","ItemPage"],"@id":"https:\/\/www.todoalfalfa.com.ar\/noticias\/raigras-rapido-inta-un-cultivo-estrategico-para-el-pastoreo\/","url":"https:\/\/www.todoalfalfa.com.ar\/noticias\/raigras-rapido-inta-un-cultivo-estrategico-para-el-pastoreo\/","name":"Raigr\u00e1s R\u00e1pido INTA, un cultivo estrat\u00e9gico para el pastoreo \u202f","isPartOf":{"@id":"https:\/\/www.todoalfalfa.com.ar\/noticias\/#website"},"primaryImageOfPage":{"@id":"https:\/\/www.todoalfalfa.com.ar\/noticias\/raigras-rapido-inta-un-cultivo-estrategico-para-el-pastoreo\/#primaryimage"},"image":{"@id":"https:\/\/www.todoalfalfa.com.ar\/noticias\/raigras-rapido-inta-un-cultivo-estrategico-para-el-pastoreo\/#primaryimage"},"thumbnailUrl":"https:\/\/i0.wp.com\/www.todoalfalfa.com.ar\/noticias\/wp-content\/uploads\/2024\/12\/raigrasrapido-2.jpg.webp?fit=1600%2C1070&ssl=1","datePublished":"2024-12-16T16:47:11+00:00","dateModified":"2024-12-16T16:47:13+00:00","breadcrumb":{"@id":"https:\/\/www.todoalfalfa.com.ar\/noticias\/raigras-rapido-inta-un-cultivo-estrategico-para-el-pastoreo\/#breadcrumb"},"inLanguage":"es","potentialAction":[{"@type":"ReadAction","target":["https:\/\/www.todoalfalfa.com.ar\/noticias\/raigras-rapido-inta-un-cultivo-estrategico-para-el-pastoreo\/"]}]},{"@type":"ImageObject","inLanguage":"es","@id":"https:\/\/www.todoalfalfa.com.ar\/noticias\/raigras-rapido-inta-un-cultivo-estrategico-para-el-pastoreo\/#primaryimage","url":"https:\/\/i0.wp.com\/www.todoalfalfa.com.ar\/noticias\/wp-content\/uploads\/2024\/12\/raigrasrapido-2.jpg.webp?fit=1600%2C1070&ssl=1","contentUrl":"https:\/\/i0.wp.com\/www.todoalfalfa.com.ar\/noticias\/wp-content\/uploads\/2024\/12\/raigrasrapido-2.jpg.webp?fit=1600%2C1070&ssl=1","width":1600,"height":1070},{"@type":"BreadcrumbList","@id":"https:\/\/www.todoalfalfa.com.ar\/noticias\/raigras-rapido-inta-un-cultivo-estrategico-para-el-pastoreo\/#breadcrumb","itemListElement":[{"@type":"ListItem","position":1,"name":"Principal","item":"https:\/\/www.todoalfalfa.com.ar\/noticias\/"},{"@type":"ListItem","position":2,"name":"Raigr\u00e1s R\u00e1pido INTA, un cultivo estrat\u00e9gico para el pastoreo \u202f"}]},{"@type":"WebSite","@id":"https:\/\/www.todoalfalfa.com.ar\/noticias\/#website","url":"https:\/\/www.todoalfalfa.com.ar\/noticias\/","name":"Todo Alfalfa","description":"Web informativa de la cadena de la alfalfa argentina","publisher":{"@id":"https:\/\/www.todoalfalfa.com.ar\/noticias\/#organization"},"potentialAction":[{"@type":"SearchAction","target":{"@type":"EntryPoint","urlTemplate":"https:\/\/www.todoalfalfa.com.ar\/noticias\/?s={search_term_string}"},"query-input":{"@type":"PropertyValueSpecification","valueRequired":true,"valueName":"search_term_string"}}],"inLanguage":"es"},{"@type":"Organization","@id":"https:\/\/www.todoalfalfa.com.ar\/noticias\/#organization","name":"Todo Alfalfa","url":"https:\/\/www.todoalfalfa.com.ar\/noticias\/","logo":{"@type":"ImageObject","inLanguage":"es","@id":"https:\/\/www.todoalfalfa.com.ar\/noticias\/#\/schema\/logo\/image\/","url":"https:\/\/www.todoalfalfa.com.ar\/noticias\/wp-content\/uploads\/2020\/09\/logo-todo-alfalfa-modificado.png","contentUrl":"https:\/\/www.todoalfalfa.com.ar\/noticias\/wp-content\/uploads\/2020\/09\/logo-todo-alfalfa-modificado.png","width":350,"height":100,"caption":"Todo Alfalfa"},"image":{"@id":"https:\/\/www.todoalfalfa.com.ar\/noticias\/#\/schema\/logo\/image\/"},"sameAs":["https:\/\/www.facebook.com\/todoalfalfa","https:\/\/www.instagram.com\/todoalfalfa","https:\/\/www.youtube.com\/@TodoAlfalfa","https:\/\/www.linkedin.com\/company\/todoalfalfa\/"]},{"@type":"Person","@id":"https:\/\/www.todoalfalfa.com.ar\/noticias\/#\/schema\/person\/99de93cb711c7015ef658e5321ba9f18","name":"Todo Alfalfa","image":{"@type":"ImageObject","inLanguage":"es","@id":"https:\/\/www.todoalfalfa.com.ar\/noticias\/#\/schema\/person\/image\/","url":"https:\/\/secure.gravatar.com\/avatar\/50ffd12fb7b268bc2467160730786602db252a270c63104e7c19b5f67b8dd346?s=96&d=mm&r=g","contentUrl":"https:\/\/secure.gravatar.com\/avatar\/50ffd12fb7b268bc2467160730786602db252a270c63104e7c19b5f67b8dd346?s=96&d=mm&r=g","caption":"Todo Alfalfa"},"url":"https:\/\/www.todoalfalfa.com.ar\/noticias\/author\/osvaldoiachetta\/"}]}},"jetpack_featured_media_url":"https:\/\/i0.wp.com\/www.todoalfalfa.com.ar\/noticias\/wp-content\/uploads\/2024\/12\/raigrasrapido-2.jpg.webp?fit=1600%2C1070&ssl=1","wps_subtitle":"","jetpack_sharing_enabled":true,"_links":{"self":[{"href":"https:\/\/www.todoalfalfa.com.ar\/noticias\/wp-json\/wp\/v2\/posts\/48325","targetHints":{"allow":["GET"]}}],"collection":[{"href":"https:\/\/www.todoalfalfa.com.ar\/noticias\/wp-json\/wp\/v2\/posts"}],"about":[{"href":"https:\/\/www.todoalfalfa.com.ar\/noticias\/wp-json\/wp\/v2\/types\/post"}],"author":[{"embeddable":true,"href":"https:\/\/www.todoalfalfa.com.ar\/noticias\/wp-json\/wp\/v2\/users\/9"}],"replies":[{"embeddable":true,"href":"https:\/\/www.todoalfalfa.com.ar\/noticias\/wp-json\/wp\/v2\/comments?post=48325"}],"version-history":[{"count":1,"href":"https:\/\/www.todoalfalfa.com.ar\/noticias\/wp-json\/wp\/v2\/posts\/48325\/revisions"}],"predecessor-version":[{"id":48327,"href":"https:\/\/www.todoalfalfa.com.ar\/noticias\/wp-json\/wp\/v2\/posts\/48325\/revisions\/48327"}],"wp:featuredmedia":[{"embeddable":true,"href":"https:\/\/www.todoalfalfa.com.ar\/noticias\/wp-json\/wp\/v2\/media\/48326"}],"wp:attachment":[{"href":"https:\/\/www.todoalfalfa.com.ar\/noticias\/wp-json\/wp\/v2\/media?parent=48325"}],"wp:term":[{"taxonomy":"category","embeddable":true,"href":"https:\/\/www.todoalfalfa.com.ar\/noticias\/wp-json\/wp\/v2\/categories?post=48325"},{"taxonomy":"post_tag","embeddable":true,"href":"https:\/\/www.todoalfalfa.com.ar\/noticias\/wp-json\/wp\/v2\/tags?post=48325"}],"curies":[{"name":"wp","href":"https:\/\/api.w.org\/{rel}","templated":true}]}}