{"id":48439,"date":"2025-01-28T13:42:04","date_gmt":"2025-01-28T16:42:04","guid":{"rendered":"https:\/\/www.todoalfalfa.com.ar\/noticias\/?p=48439"},"modified":"2025-01-28T13:42:07","modified_gmt":"2025-01-28T16:42:07","slug":"con-alfalfa-mendoza-busca-diversificacion-productiva","status":"publish","type":"post","link":"https:\/\/www.todoalfalfa.com.ar\/noticias\/con-alfalfa-mendoza-busca-diversificacion-productiva\/","title":{"rendered":"Con alfalfa, Mendoza busca diversificaci\u00f3n productiva \u00a0"},"content":{"rendered":"\n<p>El gobierno de Mendoza trabaja para el desembarco de inversiones que permitan lograr la mayor cantidad de desarrollos posibles en miner\u00eda, energ\u00edas renovables y agroindustria, entre los que se destaca la alfalfa.\u00a0<\/p>\n\n\n\n<p>En los \u00faltimos d\u00edas, el Embajador de Emiratos \u00c1rabes Unidos en Argentina, Saeed Abdulla junto al gobernador Alfredo Cornejo, la ministra de Energ\u00eda y Ambiente, Jimena Latorre y el ministro de producci\u00f3n Rodolfo Vargas Arizu, mantuvieron un encuentro para avanzar en este plan.<\/p>\n\n\n\n<p>En dialogo con TodoAlfalfa el ministro Vargas Arizu destac\u00f3 que \u201cdesde hace tiempo Mendoza pretende impulsar una diversificaci\u00f3n de productos y la ganader\u00eda, si bien no es tan importante como en San Luis, C\u00f3rdoba o Buenos Aires, podemos decir que tenemos un n\u00famero considerable de unas 500 mil cabezas\u201d.\u00a0<\/p>\n\n\n\n<p>Es importante remarcar que la provincia cuenta con unos cinco feedlots importantes y tienen un amplio desarrollo de ganader\u00eda de cr\u00eda. \u00a0En ese marco, la gesti\u00f3n plante\u00f3 apoyar la expansi\u00f3n de la producci\u00f3n de alfalfa y los pa\u00edses \u00e1rabes se mostraron en l\u00ednea para trabajar en el desarrollo de la eficiencia de riego y exportaci\u00f3n de megafardos de alfalfa.\u00a0<\/p>\n\n\n\n<p>Por ello trabajan en la instalaci\u00f3n de una planta compactadora en General Alvear, en la zona sur de la provincia. \u201cLa expectativa es importante\u201d, asegur\u00f3.&nbsp;<\/p>\n\n\n\n<p>Tambi\u00e9n hizo hincapi\u00e9 que en la provincia se realiza cr\u00eda de ganader\u00eda que se lleva a engordar y luego compran la red, por eso el objetivo es tambi\u00e9n tener abastecimiento en Mendoza.&nbsp;<\/p>\n\n\n\n<p>Claro est\u00e1 que la provincia cuyana tiene una amplia variedad productiva que va desde vitivinicultura, horticultura, fruticultura, ganader\u00eda, cereza y mucho m\u00e1s. &nbsp;<\/p>\n\n\n\n<p class=\"has-medium-font-size\"><strong>Una planta de capitales privados\u00a0<\/strong><\/p>\n\n\n\n<p>Si bien no profundizo si ser\u00e1n capitales locales o extranjeros, Vargas Arizu dej\u00f3 en claro que el Estado solo acompa\u00f1ar\u00e1 la gesti\u00f3n privada con acceso al cr\u00e9dito, pero no sera parte de la gesti\u00f3n.&nbsp;<\/p>\n\n\n\n<p>\u201cLa actividad privada se tiene que desarrollar, nosotros debemos dar las condiciones adecuadas para que eso suceda\u201d, asever\u00f3. &nbsp;<\/p>\n\n\n\n<p>Con el objetivo central de duplicar la producci\u00f3n de alfalfa. El plan indica que se trata de eficientizar algunos sectores que \u201ccuentan con agua\u201d como algunos sectores de \u201cuvas comunes\u201d conocidas tambi\u00e9n como \u201ccriollas\u201d que producen un vino com\u00fan, blanco, y puede ser una buena alternativa la alfalfa, la ganader\u00eda, la cr\u00eda caprina.&nbsp;<\/p>\n\n\n\n<p>El funcionario dej\u00f3 en claro que la eliminaci\u00f3n de derechos de exportaci\u00f3n lleva a que en las zonas pegadas a la monta\u00f1a se vea cada vez m\u00e1s ganader\u00eda, con inversores dispuestos a tecnificar para llevar a cabo desarrollos productivos.&nbsp;<\/p>\n\n\n\n<p>En busca de alimentos para su ganader\u00eda, los emirat\u00edes \u201cvienen como compradores\u201d aunque por supuesto que est\u00e1n dispuestos a cambiar \u201cpivots de riego por megafardos\u201d, asegur\u00f3.&nbsp;<\/p>\n\n\n\n<p>Las posibilidades son concretas y es por ello que, desde hace un tiempo, se cre\u00f3 un Cl\u00faster para que contenga a los productores. \u201cNos interesa un desarrollo basado en exportaci\u00f3n para tener ingreso de divisas\u201d, agreg\u00f3. Por \u00faltimo, explic\u00f3 que la exportaci\u00f3n se har\u00eda v\u00eda Chile.&nbsp;<\/p>\n<div class=\"todoalfalfa-final-de-la-nota\" id=\"todoalfalfa-1918873357\"><a href=\"https:\/\/www.whatsapp.com\/channel\/0029VbCBmFB9WtBxJsD3eC2i\" target=\"_blank\" aria-label=\"5\"><img src=\"https:\/\/i0.wp.com\/www.todoalfalfa.com.ar\/noticias\/wp-content\/uploads\/2026\/04\/5.gif?fit=728%2C90&#038;ssl=1\" alt=\"\"  width=\"728\" height=\"90\"   \/><\/a><\/div>","protected":false},"excerpt":{"rendered":"<p>El gobierno mantuvo reuniones con el Embajador de Emiratos \u00c1rabes Unidos en Argentina, Saeed Abdulla Alqumzi. En el encuentro hablaron sobre diversas inversiones y apuntan al desarrollo de la alfalfa para exportar. <\/p>\n","protected":false},"author":9,"featured_media":48440,"comment_status":"closed","ping_status":"open","sticky":false,"template":"","format":"standard","meta":{"jetpack_post_was_ever_published":false,"_jetpack_newsletter_access":"","_jetpack_dont_email_post_to_subs":false,"_jetpack_newsletter_tier_id":0,"_jetpack_memberships_contains_paywalled_content":false,"_jetpack_memberships_contains_paid_content":false,"footnotes":""},"categories":[3],"tags":[31,105,1856,1855,236,54,1857,68,101,1659,17,21,91],"class_list":["post-48439","post","type-post","status-publish","format-standard","has-post-thumbnail","hentry","category-heno-y-forrajes","tag-alfalfa","tag-argentina","tag-cluster-de-alfalfa-de-mendoza","tag-emiratos-arabes-2","tag-exportacion","tag-forrajes","tag-gobierno-de-mendoza","tag-heno","tag-mendoza","tag-novedades","tag-pasturas","tag-produccion","tag-siembra"],"yoast_head":"<!-- This site is optimized with the Yoast SEO plugin v25.5 - https:\/\/yoast.com\/wordpress\/plugins\/seo\/ -->\n<title>Con alfalfa, Mendoza busca diversificaci\u00f3n productiva \u00a0<\/title>\n<meta name=\"robots\" content=\"index, follow, max-snippet:-1, max-image-preview:large, max-video-preview:-1\" \/>\n<link rel=\"canonical\" href=\"https:\/\/www.todoalfalfa.com.ar\/noticias\/con-alfalfa-mendoza-busca-diversificacion-productiva\/\" \/>\n<meta property=\"og:locale\" content=\"es_ES\" \/>\n<meta property=\"og:type\" content=\"article\" \/>\n<meta property=\"og:title\" content=\"Con alfalfa, Mendoza busca diversificaci\u00f3n productiva \u00a0\" \/>\n<meta property=\"og:description\" content=\"El gobierno mantuvo reuniones con el Embajador de Emiratos \u00c1rabes Unidos en Argentina, Saeed Abdulla Alqumzi. En el encuentro hablaron sobre diversas inversiones y apuntan al desarrollo de la alfalfa para exportar.\" \/>\n<meta property=\"og:url\" content=\"https:\/\/www.todoalfalfa.com.ar\/noticias\/con-alfalfa-mendoza-busca-diversificacion-productiva\/\" \/>\n<meta property=\"og:site_name\" content=\"Todo Alfalfa\" \/>\n<meta property=\"article:publisher\" content=\"https:\/\/www.facebook.com\/todoalfalfa\" \/>\n<meta property=\"article:published_time\" content=\"2025-01-28T16:42:04+00:00\" \/>\n<meta property=\"article:modified_time\" content=\"2025-01-28T16:42:07+00:00\" \/>\n<meta property=\"og:image\" content=\"https:\/\/www.todoalfalfa.com.ar\/noticias\/wp-content\/uploads\/2025\/01\/Alfalfa-en-Mendoza.jpg\" \/>\n\t<meta property=\"og:image:width\" content=\"1024\" \/>\n\t<meta property=\"og:image:height\" content=\"683\" \/>\n\t<meta property=\"og:image:type\" content=\"image\/jpeg\" \/>\n<meta name=\"author\" content=\"Todo Alfalfa\" \/>\n<meta name=\"twitter:card\" content=\"summary_large_image\" \/>\n<meta name=\"twitter:label1\" content=\"Escrito por\" \/>\n\t<meta name=\"twitter:data1\" content=\"Todo Alfalfa\" \/>\n\t<meta name=\"twitter:label2\" content=\"Tiempo de lectura\" \/>\n\t<meta name=\"twitter:data2\" content=\"3 minutos\" \/>\n<script type=\"application\/ld+json\" class=\"yoast-schema-graph\">{\"@context\":\"https:\/\/schema.org\",\"@graph\":[{\"@type\":\"NewsArticle\",\"@id\":\"https:\/\/www.todoalfalfa.com.ar\/noticias\/con-alfalfa-mendoza-busca-diversificacion-productiva\/#article\",\"isPartOf\":{\"@id\":\"https:\/\/www.todoalfalfa.com.ar\/noticias\/con-alfalfa-mendoza-busca-diversificacion-productiva\/\"},\"author\":{\"name\":\"Todo Alfalfa\",\"@id\":\"https:\/\/www.todoalfalfa.com.ar\/noticias\/#\/schema\/person\/99de93cb711c7015ef658e5321ba9f18\"},\"headline\":\"Con alfalfa, Mendoza busca diversificaci\u00f3n productiva \u00a0\",\"datePublished\":\"2025-01-28T16:42:04+00:00\",\"dateModified\":\"2025-01-28T16:42:07+00:00\",\"mainEntityOfPage\":{\"@id\":\"https:\/\/www.todoalfalfa.com.ar\/noticias\/con-alfalfa-mendoza-busca-diversificacion-productiva\/\"},\"wordCount\":545,\"publisher\":{\"@id\":\"https:\/\/www.todoalfalfa.com.ar\/noticias\/#organization\"},\"image\":{\"@id\":\"https:\/\/www.todoalfalfa.com.ar\/noticias\/con-alfalfa-mendoza-busca-diversificacion-productiva\/#primaryimage\"},\"thumbnailUrl\":\"https:\/\/i0.wp.com\/www.todoalfalfa.com.ar\/noticias\/wp-content\/uploads\/2025\/01\/Alfalfa-en-Mendoza.jpg?fit=1024%2C683&ssl=1\",\"keywords\":[\"alfalfa\",\"Argentina\",\"Cl\u00faster de Alfalfa de Mendoza\",\"Emiratos Arabes\",\"exportaci\u00f3n\",\"forrajes\",\"gobierno de Mendoza\",\"heno\",\"Mendoza\",\"Novedades\",\"pasturas\",\"producci\u00f3n\",\"siembra\"],\"articleSection\":[\"Heno y Forrajes\"],\"inLanguage\":\"es\"},{\"@type\":[\"WebPage\",\"ItemPage\"],\"@id\":\"https:\/\/www.todoalfalfa.com.ar\/noticias\/con-alfalfa-mendoza-busca-diversificacion-productiva\/\",\"url\":\"https:\/\/www.todoalfalfa.com.ar\/noticias\/con-alfalfa-mendoza-busca-diversificacion-productiva\/\",\"name\":\"Con alfalfa, Mendoza busca diversificaci\u00f3n productiva \u00a0\",\"isPartOf\":{\"@id\":\"https:\/\/www.todoalfalfa.com.ar\/noticias\/#website\"},\"primaryImageOfPage\":{\"@id\":\"https:\/\/www.todoalfalfa.com.ar\/noticias\/con-alfalfa-mendoza-busca-diversificacion-productiva\/#primaryimage\"},\"image\":{\"@id\":\"https:\/\/www.todoalfalfa.com.ar\/noticias\/con-alfalfa-mendoza-busca-diversificacion-productiva\/#primaryimage\"},\"thumbnailUrl\":\"https:\/\/i0.wp.com\/www.todoalfalfa.com.ar\/noticias\/wp-content\/uploads\/2025\/01\/Alfalfa-en-Mendoza.jpg?fit=1024%2C683&ssl=1\",\"datePublished\":\"2025-01-28T16:42:04+00:00\",\"dateModified\":\"2025-01-28T16:42:07+00:00\",\"breadcrumb\":{\"@id\":\"https:\/\/www.todoalfalfa.com.ar\/noticias\/con-alfalfa-mendoza-busca-diversificacion-productiva\/#breadcrumb\"},\"inLanguage\":\"es\",\"potentialAction\":[{\"@type\":\"ReadAction\",\"target\":[\"https:\/\/www.todoalfalfa.com.ar\/noticias\/con-alfalfa-mendoza-busca-diversificacion-productiva\/\"]}]},{\"@type\":\"ImageObject\",\"inLanguage\":\"es\",\"@id\":\"https:\/\/www.todoalfalfa.com.ar\/noticias\/con-alfalfa-mendoza-busca-diversificacion-productiva\/#primaryimage\",\"url\":\"https:\/\/i0.wp.com\/www.todoalfalfa.com.ar\/noticias\/wp-content\/uploads\/2025\/01\/Alfalfa-en-Mendoza.jpg?fit=1024%2C683&ssl=1\",\"contentUrl\":\"https:\/\/i0.wp.com\/www.todoalfalfa.com.ar\/noticias\/wp-content\/uploads\/2025\/01\/Alfalfa-en-Mendoza.jpg?fit=1024%2C683&ssl=1\",\"width\":1024,\"height\":683},{\"@type\":\"BreadcrumbList\",\"@id\":\"https:\/\/www.todoalfalfa.com.ar\/noticias\/con-alfalfa-mendoza-busca-diversificacion-productiva\/#breadcrumb\",\"itemListElement\":[{\"@type\":\"ListItem\",\"position\":1,\"name\":\"Principal\",\"item\":\"https:\/\/www.todoalfalfa.com.ar\/noticias\/\"},{\"@type\":\"ListItem\",\"position\":2,\"name\":\"Con alfalfa, Mendoza busca diversificaci\u00f3n productiva \u00a0\"}]},{\"@type\":\"WebSite\",\"@id\":\"https:\/\/www.todoalfalfa.com.ar\/noticias\/#website\",\"url\":\"https:\/\/www.todoalfalfa.com.ar\/noticias\/\",\"name\":\"Todo Alfalfa\",\"description\":\"Web informativa de la cadena de la alfalfa argentina\",\"publisher\":{\"@id\":\"https:\/\/www.todoalfalfa.com.ar\/noticias\/#organization\"},\"potentialAction\":[{\"@type\":\"SearchAction\",\"target\":{\"@type\":\"EntryPoint\",\"urlTemplate\":\"https:\/\/www.todoalfalfa.com.ar\/noticias\/?s={search_term_string}\"},\"query-input\":{\"@type\":\"PropertyValueSpecification\",\"valueRequired\":true,\"valueName\":\"search_term_string\"}}],\"inLanguage\":\"es\"},{\"@type\":\"Organization\",\"@id\":\"https:\/\/www.todoalfalfa.com.ar\/noticias\/#organization\",\"name\":\"Todo Alfalfa\",\"url\":\"https:\/\/www.todoalfalfa.com.ar\/noticias\/\",\"logo\":{\"@type\":\"ImageObject\",\"inLanguage\":\"es\",\"@id\":\"https:\/\/www.todoalfalfa.com.ar\/noticias\/#\/schema\/logo\/image\/\",\"url\":\"https:\/\/www.todoalfalfa.com.ar\/noticias\/wp-content\/uploads\/2020\/09\/logo-todo-alfalfa-modificado.png\",\"contentUrl\":\"https:\/\/www.todoalfalfa.com.ar\/noticias\/wp-content\/uploads\/2020\/09\/logo-todo-alfalfa-modificado.png\",\"width\":350,\"height\":100,\"caption\":\"Todo Alfalfa\"},\"image\":{\"@id\":\"https:\/\/www.todoalfalfa.com.ar\/noticias\/#\/schema\/logo\/image\/\"},\"sameAs\":[\"https:\/\/www.facebook.com\/todoalfalfa\",\"https:\/\/www.instagram.com\/todoalfalfa\",\"https:\/\/www.youtube.com\/@TodoAlfalfa\",\"https:\/\/www.linkedin.com\/company\/todoalfalfa\/\"]},{\"@type\":\"Person\",\"@id\":\"https:\/\/www.todoalfalfa.com.ar\/noticias\/#\/schema\/person\/99de93cb711c7015ef658e5321ba9f18\",\"name\":\"Todo Alfalfa\",\"image\":{\"@type\":\"ImageObject\",\"inLanguage\":\"es\",\"@id\":\"https:\/\/www.todoalfalfa.com.ar\/noticias\/#\/schema\/person\/image\/\",\"url\":\"https:\/\/secure.gravatar.com\/avatar\/50ffd12fb7b268bc2467160730786602db252a270c63104e7c19b5f67b8dd346?s=96&d=mm&r=g\",\"contentUrl\":\"https:\/\/secure.gravatar.com\/avatar\/50ffd12fb7b268bc2467160730786602db252a270c63104e7c19b5f67b8dd346?s=96&d=mm&r=g\",\"caption\":\"Todo Alfalfa\"},\"url\":\"https:\/\/www.todoalfalfa.com.ar\/noticias\/author\/osvaldoiachetta\/\"}]}<\/script>\n<!-- \/ Yoast SEO plugin. -->","yoast_head_json":{"title":"Con alfalfa, Mendoza busca diversificaci\u00f3n productiva \u00a0","robots":{"index":"index","follow":"follow","max-snippet":"max-snippet:-1","max-image-preview":"max-image-preview:large","max-video-preview":"max-video-preview:-1"},"canonical":"https:\/\/www.todoalfalfa.com.ar\/noticias\/con-alfalfa-mendoza-busca-diversificacion-productiva\/","og_locale":"es_ES","og_type":"article","og_title":"Con alfalfa, Mendoza busca diversificaci\u00f3n productiva \u00a0","og_description":"El gobierno mantuvo reuniones con el Embajador de Emiratos \u00c1rabes Unidos en Argentina, Saeed Abdulla Alqumzi. En el encuentro hablaron sobre diversas inversiones y apuntan al desarrollo de la alfalfa para exportar.","og_url":"https:\/\/www.todoalfalfa.com.ar\/noticias\/con-alfalfa-mendoza-busca-diversificacion-productiva\/","og_site_name":"Todo Alfalfa","article_publisher":"https:\/\/www.facebook.com\/todoalfalfa","article_published_time":"2025-01-28T16:42:04+00:00","article_modified_time":"2025-01-28T16:42:07+00:00","og_image":[{"width":1024,"height":683,"url":"https:\/\/www.todoalfalfa.com.ar\/noticias\/wp-content\/uploads\/2025\/01\/Alfalfa-en-Mendoza.jpg","type":"image\/jpeg"}],"author":"Todo Alfalfa","twitter_card":"summary_large_image","twitter_misc":{"Escrito por":"Todo Alfalfa","Tiempo de lectura":"3 minutos"},"schema":{"@context":"https:\/\/schema.org","@graph":[{"@type":"NewsArticle","@id":"https:\/\/www.todoalfalfa.com.ar\/noticias\/con-alfalfa-mendoza-busca-diversificacion-productiva\/#article","isPartOf":{"@id":"https:\/\/www.todoalfalfa.com.ar\/noticias\/con-alfalfa-mendoza-busca-diversificacion-productiva\/"},"author":{"name":"Todo Alfalfa","@id":"https:\/\/www.todoalfalfa.com.ar\/noticias\/#\/schema\/person\/99de93cb711c7015ef658e5321ba9f18"},"headline":"Con alfalfa, Mendoza busca diversificaci\u00f3n productiva \u00a0","datePublished":"2025-01-28T16:42:04+00:00","dateModified":"2025-01-28T16:42:07+00:00","mainEntityOfPage":{"@id":"https:\/\/www.todoalfalfa.com.ar\/noticias\/con-alfalfa-mendoza-busca-diversificacion-productiva\/"},"wordCount":545,"publisher":{"@id":"https:\/\/www.todoalfalfa.com.ar\/noticias\/#organization"},"image":{"@id":"https:\/\/www.todoalfalfa.com.ar\/noticias\/con-alfalfa-mendoza-busca-diversificacion-productiva\/#primaryimage"},"thumbnailUrl":"https:\/\/i0.wp.com\/www.todoalfalfa.com.ar\/noticias\/wp-content\/uploads\/2025\/01\/Alfalfa-en-Mendoza.jpg?fit=1024%2C683&ssl=1","keywords":["alfalfa","Argentina","Cl\u00faster de Alfalfa de Mendoza","Emiratos Arabes","exportaci\u00f3n","forrajes","gobierno de Mendoza","heno","Mendoza","Novedades","pasturas","producci\u00f3n","siembra"],"articleSection":["Heno y Forrajes"],"inLanguage":"es"},{"@type":["WebPage","ItemPage"],"@id":"https:\/\/www.todoalfalfa.com.ar\/noticias\/con-alfalfa-mendoza-busca-diversificacion-productiva\/","url":"https:\/\/www.todoalfalfa.com.ar\/noticias\/con-alfalfa-mendoza-busca-diversificacion-productiva\/","name":"Con alfalfa, Mendoza busca diversificaci\u00f3n productiva \u00a0","isPartOf":{"@id":"https:\/\/www.todoalfalfa.com.ar\/noticias\/#website"},"primaryImageOfPage":{"@id":"https:\/\/www.todoalfalfa.com.ar\/noticias\/con-alfalfa-mendoza-busca-diversificacion-productiva\/#primaryimage"},"image":{"@id":"https:\/\/www.todoalfalfa.com.ar\/noticias\/con-alfalfa-mendoza-busca-diversificacion-productiva\/#primaryimage"},"thumbnailUrl":"https:\/\/i0.wp.com\/www.todoalfalfa.com.ar\/noticias\/wp-content\/uploads\/2025\/01\/Alfalfa-en-Mendoza.jpg?fit=1024%2C683&ssl=1","datePublished":"2025-01-28T16:42:04+00:00","dateModified":"2025-01-28T16:42:07+00:00","breadcrumb":{"@id":"https:\/\/www.todoalfalfa.com.ar\/noticias\/con-alfalfa-mendoza-busca-diversificacion-productiva\/#breadcrumb"},"inLanguage":"es","potentialAction":[{"@type":"ReadAction","target":["https:\/\/www.todoalfalfa.com.ar\/noticias\/con-alfalfa-mendoza-busca-diversificacion-productiva\/"]}]},{"@type":"ImageObject","inLanguage":"es","@id":"https:\/\/www.todoalfalfa.com.ar\/noticias\/con-alfalfa-mendoza-busca-diversificacion-productiva\/#primaryimage","url":"https:\/\/i0.wp.com\/www.todoalfalfa.com.ar\/noticias\/wp-content\/uploads\/2025\/01\/Alfalfa-en-Mendoza.jpg?fit=1024%2C683&ssl=1","contentUrl":"https:\/\/i0.wp.com\/www.todoalfalfa.com.ar\/noticias\/wp-content\/uploads\/2025\/01\/Alfalfa-en-Mendoza.jpg?fit=1024%2C683&ssl=1","width":1024,"height":683},{"@type":"BreadcrumbList","@id":"https:\/\/www.todoalfalfa.com.ar\/noticias\/con-alfalfa-mendoza-busca-diversificacion-productiva\/#breadcrumb","itemListElement":[{"@type":"ListItem","position":1,"name":"Principal","item":"https:\/\/www.todoalfalfa.com.ar\/noticias\/"},{"@type":"ListItem","position":2,"name":"Con alfalfa, Mendoza busca diversificaci\u00f3n productiva \u00a0"}]},{"@type":"WebSite","@id":"https:\/\/www.todoalfalfa.com.ar\/noticias\/#website","url":"https:\/\/www.todoalfalfa.com.ar\/noticias\/","name":"Todo Alfalfa","description":"Web informativa de la cadena de la alfalfa argentina","publisher":{"@id":"https:\/\/www.todoalfalfa.com.ar\/noticias\/#organization"},"potentialAction":[{"@type":"SearchAction","target":{"@type":"EntryPoint","urlTemplate":"https:\/\/www.todoalfalfa.com.ar\/noticias\/?s={search_term_string}"},"query-input":{"@type":"PropertyValueSpecification","valueRequired":true,"valueName":"search_term_string"}}],"inLanguage":"es"},{"@type":"Organization","@id":"https:\/\/www.todoalfalfa.com.ar\/noticias\/#organization","name":"Todo Alfalfa","url":"https:\/\/www.todoalfalfa.com.ar\/noticias\/","logo":{"@type":"ImageObject","inLanguage":"es","@id":"https:\/\/www.todoalfalfa.com.ar\/noticias\/#\/schema\/logo\/image\/","url":"https:\/\/www.todoalfalfa.com.ar\/noticias\/wp-content\/uploads\/2020\/09\/logo-todo-alfalfa-modificado.png","contentUrl":"https:\/\/www.todoalfalfa.com.ar\/noticias\/wp-content\/uploads\/2020\/09\/logo-todo-alfalfa-modificado.png","width":350,"height":100,"caption":"Todo Alfalfa"},"image":{"@id":"https:\/\/www.todoalfalfa.com.ar\/noticias\/#\/schema\/logo\/image\/"},"sameAs":["https:\/\/www.facebook.com\/todoalfalfa","https:\/\/www.instagram.com\/todoalfalfa","https:\/\/www.youtube.com\/@TodoAlfalfa","https:\/\/www.linkedin.com\/company\/todoalfalfa\/"]},{"@type":"Person","@id":"https:\/\/www.todoalfalfa.com.ar\/noticias\/#\/schema\/person\/99de93cb711c7015ef658e5321ba9f18","name":"Todo Alfalfa","image":{"@type":"ImageObject","inLanguage":"es","@id":"https:\/\/www.todoalfalfa.com.ar\/noticias\/#\/schema\/person\/image\/","url":"https:\/\/secure.gravatar.com\/avatar\/50ffd12fb7b268bc2467160730786602db252a270c63104e7c19b5f67b8dd346?s=96&d=mm&r=g","contentUrl":"https:\/\/secure.gravatar.com\/avatar\/50ffd12fb7b268bc2467160730786602db252a270c63104e7c19b5f67b8dd346?s=96&d=mm&r=g","caption":"Todo Alfalfa"},"url":"https:\/\/www.todoalfalfa.com.ar\/noticias\/author\/osvaldoiachetta\/"}]}},"jetpack_featured_media_url":"https:\/\/i0.wp.com\/www.todoalfalfa.com.ar\/noticias\/wp-content\/uploads\/2025\/01\/Alfalfa-en-Mendoza.jpg?fit=1024%2C683&ssl=1","wps_subtitle":"","jetpack_sharing_enabled":true,"_links":{"self":[{"href":"https:\/\/www.todoalfalfa.com.ar\/noticias\/wp-json\/wp\/v2\/posts\/48439","targetHints":{"allow":["GET"]}}],"collection":[{"href":"https:\/\/www.todoalfalfa.com.ar\/noticias\/wp-json\/wp\/v2\/posts"}],"about":[{"href":"https:\/\/www.todoalfalfa.com.ar\/noticias\/wp-json\/wp\/v2\/types\/post"}],"author":[{"embeddable":true,"href":"https:\/\/www.todoalfalfa.com.ar\/noticias\/wp-json\/wp\/v2\/users\/9"}],"replies":[{"embeddable":true,"href":"https:\/\/www.todoalfalfa.com.ar\/noticias\/wp-json\/wp\/v2\/comments?post=48439"}],"version-history":[{"count":1,"href":"https:\/\/www.todoalfalfa.com.ar\/noticias\/wp-json\/wp\/v2\/posts\/48439\/revisions"}],"predecessor-version":[{"id":48441,"href":"https:\/\/www.todoalfalfa.com.ar\/noticias\/wp-json\/wp\/v2\/posts\/48439\/revisions\/48441"}],"wp:featuredmedia":[{"embeddable":true,"href":"https:\/\/www.todoalfalfa.com.ar\/noticias\/wp-json\/wp\/v2\/media\/48440"}],"wp:attachment":[{"href":"https:\/\/www.todoalfalfa.com.ar\/noticias\/wp-json\/wp\/v2\/media?parent=48439"}],"wp:term":[{"taxonomy":"category","embeddable":true,"href":"https:\/\/www.todoalfalfa.com.ar\/noticias\/wp-json\/wp\/v2\/categories?post=48439"},{"taxonomy":"post_tag","embeddable":true,"href":"https:\/\/www.todoalfalfa.com.ar\/noticias\/wp-json\/wp\/v2\/tags?post=48439"}],"curies":[{"name":"wp","href":"https:\/\/api.w.org\/{rel}","templated":true}]}}