{"id":48657,"date":"2025-02-25T13:47:34","date_gmt":"2025-02-25T16:47:34","guid":{"rendered":"https:\/\/www.todoalfalfa.com.ar\/noticias\/?p=48657"},"modified":"2025-02-26T22:23:08","modified_gmt":"2025-02-27T01:23:08","slug":"espana-incremento-mas-de-un-15-por-ciento-la-exportacion-de-forraje-deshidratado","status":"publish","type":"post","link":"https:\/\/www.todoalfalfa.com.ar\/noticias\/espana-incremento-mas-de-un-15-por-ciento-la-exportacion-de-forraje-deshidratado\/","title":{"rendered":"Espa\u00f1a increment\u00f3 m\u00e1s de un 15 por ciento la exportaci\u00f3n de forraje deshidratado\u00a0"},"content":{"rendered":"\n<p>El pasado a\u00f1o 2024&nbsp;Espa\u00f1a comercializ\u00f3 en los mercados internacionales un total de 752.960 toneladas de forrajes deshidratados. De esta cantidad, cerca de medio mill\u00f3n correspondieron al formato de&nbsp;balas deshidratadas. A pesar de este aumento respecto a 2023,&nbsp;Luis Mach\u00edn, director de AEFA, se\u00f1ala que \u00abtodav\u00eda estamos lejos de la media de los \u00faltimos 10 a\u00f1os, donde las ventas al mercado internacional se situaban por encima del mill\u00f3n de toneladas anualmente\u00bb.&nbsp;<\/p>\n\n\n\n<p>Seg\u00fan los datos aportados por la&nbsp;Asociaci\u00f3n Espa\u00f1ola de Fabricantes de Alfalfa Deshidratada (AEFA), el formato que m\u00e1s se export\u00f3 el pasado a\u00f1o fueron las balas deshidratadas con cerca de medio mill\u00f3n de toneladas vendidas en el mercado exterior, mientras que las ventas en formato granulado fueron de algo m\u00e1s de 250.000 toneladas.&nbsp;<\/p>\n\n\n\n<figure class=\"wp-block-image size-full\"><img data-recalc-dims=\"1\" fetchpriority=\"high\" decoding=\"async\" width=\"979\" height=\"734\" src=\"https:\/\/i0.wp.com\/www.todoalfalfa.com.ar\/noticias\/wp-content\/uploads\/2025\/02\/Espana-exportacion.jpeg?resize=979%2C734&#038;ssl=1\" alt=\"\" class=\"wp-image-48659\" srcset=\"https:\/\/i0.wp.com\/www.todoalfalfa.com.ar\/noticias\/wp-content\/uploads\/2025\/02\/Espana-exportacion.jpeg?w=979&amp;ssl=1 979w, https:\/\/i0.wp.com\/www.todoalfalfa.com.ar\/noticias\/wp-content\/uploads\/2025\/02\/Espana-exportacion.jpeg?resize=300%2C225&amp;ssl=1 300w, https:\/\/i0.wp.com\/www.todoalfalfa.com.ar\/noticias\/wp-content\/uploads\/2025\/02\/Espana-exportacion.jpeg?resize=768%2C576&amp;ssl=1 768w\" sizes=\"(max-width: 979px) 100vw, 979px\" \/><figcaption class=\"wp-element-caption\">Espa\u00f1a contin\u00faa consolid\u00e1ndose como uno de los principales exportadores de forrajes deshidratados a nivel mundial. &nbsp;<\/figcaption><\/figure>\n\n\n\n<p>El a\u00f1o que culmin\u00f3 consolid\u00f3 a Arabia Saudita como principal destino de las exportaciones espa\u00f1olas de forrajes deshidratados, con un volumen que super\u00f3 las 163.554 toneladas. El segundo lugar lo ocup\u00f3 Emiratos \u00c1rabes Unidos, con 126.311 toneladas, y China, tercero, que import\u00f3 102.137 toneladas. Estos tres pa\u00edses representan una parte significativa del total exportado, reflejando la fuerte demanda en estas regiones.&nbsp;<\/p>\n\n\n\n<p>Otros mercados importantes incluyen Corea del Sur, con 60.073 toneladas, y Jordania con 57.605 toneladas. En Europa, Portugal destac\u00f3 como el mayor importador, con 41.954 toneladas, seguido de Francia y Grecia.&nbsp;<\/p>\n\n\n\n<p>Luis Mach\u00edn, director de AEFA, hizo balance de las exportaciones de 2024: \u201cTras la dr\u00e1stica reducci\u00f3n de la demanda internacional en el pasado a\u00f1o 2023, las exportaciones se han recuperado ligeramente, pero todav\u00eda estamos lejos de la media de los \u00faltimos 10 a\u00f1os, donde las ventas al mercado internacional se situaban por encima del mill\u00f3n de toneladas anualmente\u201d.&nbsp;&nbsp;<\/p>\n\n\n\n<p>Aunque de cara al futuro dese la asociaci\u00f3n se muestran optimistas: \u201cSe espera que en los pr\u00f3ximos a\u00f1os la demanda global vaya en aumento, conforme se vayan recuperando los sectores l\u00e1cteos y la caba\u00f1a ganadera en varios de los principales importadores mundiales de forrajes\u201d.&nbsp;&nbsp;<\/p>\n\n\n\n<p>Por \u00faltimo, Luis Mach\u00edn apunt\u00f3 que \u201cel sector est\u00e1 trabajando en mejorar la calidad y la eficiencia en la producci\u00f3n para mantener su posici\u00f3n competitiva en el mercado internacional\u201d.&nbsp;<\/p>\n\n\n\n<p class=\"has-medium-font-size\"><strong>Crecimiento y diversificaci\u00f3n de mercados&nbsp;<\/strong><\/p>\n\n\n\n<p>Espa\u00f1a contin\u00faa consolid\u00e1ndose como uno de los principales exportadores de forrajes deshidratados a nivel mundial. Este producto, esencial para la alimentaci\u00f3n del ganado, ha encontrado un mercado creciente en diversos pa\u00edses, destacando especialmente en el continente asi\u00e1tico y en Oriente Medio.&nbsp;<\/p>\n\n\n\n<p>Las exportaciones espa\u00f1olas de forrajes deshidratados han mostrado un crecimiento notable en los \u00faltimos a\u00f1os, diversific\u00e1ndose hacia nuevos mercados. Adem\u00e1s de los tradicionales compradores, pa\u00edses como Marruecos, Corea del Sur o L\u00edbano han incrementado sus importaciones, lo que refleja la calidad y competitividad del producto espa\u00f1ol.&nbsp;<\/p>\n\n\n\n<p>Fuente: <a href=\"https:\/\/www.interempresas.net\/Grandes-cultivos\/Articulos\/589150-La-exportacion-espanola-de-forraje-deshidratado-aumento-un-15-3-por-ciento-en-2024.html\" target=\"_blank\" rel=\"noreferrer noopener\">Interempresas<\/a><\/p>\n<div class=\"todoalfalfa-final-de-la-nota\" id=\"todoalfalfa-4004827532\"><a href=\"https:\/\/www.whatsapp.com\/channel\/0029VbCBmFB9WtBxJsD3eC2i\" target=\"_blank\" aria-label=\"5\"><img src=\"https:\/\/i0.wp.com\/www.todoalfalfa.com.ar\/noticias\/wp-content\/uploads\/2026\/04\/5.gif?fit=728%2C90&#038;ssl=1\" alt=\"\"  width=\"728\" height=\"90\"   \/><\/a><\/div>","protected":false},"excerpt":{"rendered":"<p>Son datos de la Asociaci\u00f3n Espa\u00f1ola de Fabricantes de Alfalfa Deshidratada (AEFA). Durante el 2024 se comercializaron m\u00e1s de 750 mil toneladas, un n\u00famero que creci\u00f3 en comparaci\u00f3n con 2023, pero que est\u00e1 lejos de la media de los \u00faltimos diez a\u00f1os. <\/p>\n","protected":false},"author":9,"featured_media":48658,"comment_status":"closed","ping_status":"open","sticky":false,"template":"","format":"standard","meta":{"jetpack_post_was_ever_published":false,"_jetpack_newsletter_access":"","_jetpack_dont_email_post_to_subs":false,"_jetpack_newsletter_tier_id":0,"_jetpack_memberships_contains_paywalled_content":false,"_jetpack_memberships_contains_paid_content":false,"footnotes":""},"categories":[3],"tags":[1647,31,844,236,54,68,1659,21],"class_list":["post-48657","post","type-post","status-publish","format-standard","has-post-thumbnail","hentry","category-heno-y-forrajes","tag-aefa","tag-alfalfa","tag-espana","tag-exportacion","tag-forrajes","tag-heno","tag-novedades","tag-produccion"],"yoast_head":"<!-- This site is optimized with the Yoast SEO plugin v25.5 - https:\/\/yoast.com\/wordpress\/plugins\/seo\/ -->\n<title>Espa\u00f1a increment\u00f3 m\u00e1s de un 15 por ciento la exportaci\u00f3n de forraje deshidratado\u00a0<\/title>\n<meta name=\"robots\" content=\"index, follow, max-snippet:-1, max-image-preview:large, max-video-preview:-1\" \/>\n<link rel=\"canonical\" href=\"https:\/\/www.todoalfalfa.com.ar\/noticias\/espana-incremento-mas-de-un-15-por-ciento-la-exportacion-de-forraje-deshidratado\/\" \/>\n<meta property=\"og:locale\" content=\"es_ES\" \/>\n<meta property=\"og:type\" content=\"article\" \/>\n<meta property=\"og:title\" content=\"Espa\u00f1a increment\u00f3 m\u00e1s de un 15 por ciento la exportaci\u00f3n de forraje deshidratado\u00a0\" \/>\n<meta property=\"og:description\" content=\"Son datos de la Asociaci\u00f3n Espa\u00f1ola de Fabricantes de Alfalfa Deshidratada (AEFA). Durante el 2024 se comercializaron m\u00e1s de 750 mil toneladas, un n\u00famero que creci\u00f3 en comparaci\u00f3n con 2023, pero que est\u00e1 lejos de la media de los \u00faltimos diez a\u00f1os.\" \/>\n<meta property=\"og:url\" content=\"https:\/\/www.todoalfalfa.com.ar\/noticias\/espana-incremento-mas-de-un-15-por-ciento-la-exportacion-de-forraje-deshidratado\/\" \/>\n<meta property=\"og:site_name\" content=\"Todo Alfalfa\" \/>\n<meta property=\"article:publisher\" content=\"https:\/\/www.facebook.com\/todoalfalfa\" \/>\n<meta property=\"article:published_time\" content=\"2025-02-25T16:47:34+00:00\" \/>\n<meta property=\"article:modified_time\" content=\"2025-02-27T01:23:08+00:00\" \/>\n<meta property=\"og:image\" content=\"https:\/\/www.todoalfalfa.com.ar\/noticias\/wp-content\/uploads\/2025\/02\/balas-alfalfa.png\" \/>\n\t<meta property=\"og:image:width\" content=\"780\" \/>\n\t<meta property=\"og:image:height\" content=\"677\" \/>\n\t<meta property=\"og:image:type\" content=\"image\/png\" \/>\n<meta name=\"author\" content=\"Todo Alfalfa\" \/>\n<meta name=\"twitter:card\" content=\"summary_large_image\" \/>\n<meta name=\"twitter:label1\" content=\"Escrito por\" \/>\n\t<meta name=\"twitter:data1\" content=\"Todo Alfalfa\" \/>\n\t<meta name=\"twitter:label2\" content=\"Tiempo de lectura\" \/>\n\t<meta name=\"twitter:data2\" content=\"3 minutos\" \/>\n<script type=\"application\/ld+json\" class=\"yoast-schema-graph\">{\"@context\":\"https:\/\/schema.org\",\"@graph\":[{\"@type\":\"NewsArticle\",\"@id\":\"https:\/\/www.todoalfalfa.com.ar\/noticias\/espana-incremento-mas-de-un-15-por-ciento-la-exportacion-de-forraje-deshidratado\/#article\",\"isPartOf\":{\"@id\":\"https:\/\/www.todoalfalfa.com.ar\/noticias\/espana-incremento-mas-de-un-15-por-ciento-la-exportacion-de-forraje-deshidratado\/\"},\"author\":{\"name\":\"Todo Alfalfa\",\"@id\":\"https:\/\/www.todoalfalfa.com.ar\/noticias\/#\/schema\/person\/99de93cb711c7015ef658e5321ba9f18\"},\"headline\":\"Espa\u00f1a increment\u00f3 m\u00e1s de un 15 por ciento la exportaci\u00f3n de forraje deshidratado\u00a0\",\"datePublished\":\"2025-02-25T16:47:34+00:00\",\"dateModified\":\"2025-02-27T01:23:08+00:00\",\"mainEntityOfPage\":{\"@id\":\"https:\/\/www.todoalfalfa.com.ar\/noticias\/espana-incremento-mas-de-un-15-por-ciento-la-exportacion-de-forraje-deshidratado\/\"},\"wordCount\":525,\"publisher\":{\"@id\":\"https:\/\/www.todoalfalfa.com.ar\/noticias\/#organization\"},\"image\":{\"@id\":\"https:\/\/www.todoalfalfa.com.ar\/noticias\/espana-incremento-mas-de-un-15-por-ciento-la-exportacion-de-forraje-deshidratado\/#primaryimage\"},\"thumbnailUrl\":\"https:\/\/i0.wp.com\/www.todoalfalfa.com.ar\/noticias\/wp-content\/uploads\/2025\/02\/balas-alfalfa.png?fit=780%2C677&ssl=1\",\"keywords\":[\"AEFA\",\"alfalfa\",\"Espa\u00f1a\",\"exportaci\u00f3n\",\"forrajes\",\"heno\",\"Novedades\",\"producci\u00f3n\"],\"articleSection\":[\"Heno y Forrajes\"],\"inLanguage\":\"es\"},{\"@type\":[\"WebPage\",\"ItemPage\"],\"@id\":\"https:\/\/www.todoalfalfa.com.ar\/noticias\/espana-incremento-mas-de-un-15-por-ciento-la-exportacion-de-forraje-deshidratado\/\",\"url\":\"https:\/\/www.todoalfalfa.com.ar\/noticias\/espana-incremento-mas-de-un-15-por-ciento-la-exportacion-de-forraje-deshidratado\/\",\"name\":\"Espa\u00f1a increment\u00f3 m\u00e1s de un 15 por ciento la exportaci\u00f3n de forraje deshidratado\u00a0\",\"isPartOf\":{\"@id\":\"https:\/\/www.todoalfalfa.com.ar\/noticias\/#website\"},\"primaryImageOfPage\":{\"@id\":\"https:\/\/www.todoalfalfa.com.ar\/noticias\/espana-incremento-mas-de-un-15-por-ciento-la-exportacion-de-forraje-deshidratado\/#primaryimage\"},\"image\":{\"@id\":\"https:\/\/www.todoalfalfa.com.ar\/noticias\/espana-incremento-mas-de-un-15-por-ciento-la-exportacion-de-forraje-deshidratado\/#primaryimage\"},\"thumbnailUrl\":\"https:\/\/i0.wp.com\/www.todoalfalfa.com.ar\/noticias\/wp-content\/uploads\/2025\/02\/balas-alfalfa.png?fit=780%2C677&ssl=1\",\"datePublished\":\"2025-02-25T16:47:34+00:00\",\"dateModified\":\"2025-02-27T01:23:08+00:00\",\"breadcrumb\":{\"@id\":\"https:\/\/www.todoalfalfa.com.ar\/noticias\/espana-incremento-mas-de-un-15-por-ciento-la-exportacion-de-forraje-deshidratado\/#breadcrumb\"},\"inLanguage\":\"es\",\"potentialAction\":[{\"@type\":\"ReadAction\",\"target\":[\"https:\/\/www.todoalfalfa.com.ar\/noticias\/espana-incremento-mas-de-un-15-por-ciento-la-exportacion-de-forraje-deshidratado\/\"]}]},{\"@type\":\"ImageObject\",\"inLanguage\":\"es\",\"@id\":\"https:\/\/www.todoalfalfa.com.ar\/noticias\/espana-incremento-mas-de-un-15-por-ciento-la-exportacion-de-forraje-deshidratado\/#primaryimage\",\"url\":\"https:\/\/i0.wp.com\/www.todoalfalfa.com.ar\/noticias\/wp-content\/uploads\/2025\/02\/balas-alfalfa.png?fit=780%2C677&ssl=1\",\"contentUrl\":\"https:\/\/i0.wp.com\/www.todoalfalfa.com.ar\/noticias\/wp-content\/uploads\/2025\/02\/balas-alfalfa.png?fit=780%2C677&ssl=1\",\"width\":780,\"height\":677},{\"@type\":\"BreadcrumbList\",\"@id\":\"https:\/\/www.todoalfalfa.com.ar\/noticias\/espana-incremento-mas-de-un-15-por-ciento-la-exportacion-de-forraje-deshidratado\/#breadcrumb\",\"itemListElement\":[{\"@type\":\"ListItem\",\"position\":1,\"name\":\"Principal\",\"item\":\"https:\/\/www.todoalfalfa.com.ar\/noticias\/\"},{\"@type\":\"ListItem\",\"position\":2,\"name\":\"Espa\u00f1a increment\u00f3 m\u00e1s de un 15 por ciento la exportaci\u00f3n de forraje deshidratado\u00a0\"}]},{\"@type\":\"WebSite\",\"@id\":\"https:\/\/www.todoalfalfa.com.ar\/noticias\/#website\",\"url\":\"https:\/\/www.todoalfalfa.com.ar\/noticias\/\",\"name\":\"Todo Alfalfa\",\"description\":\"Web informativa de la cadena de la alfalfa argentina\",\"publisher\":{\"@id\":\"https:\/\/www.todoalfalfa.com.ar\/noticias\/#organization\"},\"potentialAction\":[{\"@type\":\"SearchAction\",\"target\":{\"@type\":\"EntryPoint\",\"urlTemplate\":\"https:\/\/www.todoalfalfa.com.ar\/noticias\/?s={search_term_string}\"},\"query-input\":{\"@type\":\"PropertyValueSpecification\",\"valueRequired\":true,\"valueName\":\"search_term_string\"}}],\"inLanguage\":\"es\"},{\"@type\":\"Organization\",\"@id\":\"https:\/\/www.todoalfalfa.com.ar\/noticias\/#organization\",\"name\":\"Todo Alfalfa\",\"url\":\"https:\/\/www.todoalfalfa.com.ar\/noticias\/\",\"logo\":{\"@type\":\"ImageObject\",\"inLanguage\":\"es\",\"@id\":\"https:\/\/www.todoalfalfa.com.ar\/noticias\/#\/schema\/logo\/image\/\",\"url\":\"https:\/\/www.todoalfalfa.com.ar\/noticias\/wp-content\/uploads\/2020\/09\/logo-todo-alfalfa-modificado.png\",\"contentUrl\":\"https:\/\/www.todoalfalfa.com.ar\/noticias\/wp-content\/uploads\/2020\/09\/logo-todo-alfalfa-modificado.png\",\"width\":350,\"height\":100,\"caption\":\"Todo Alfalfa\"},\"image\":{\"@id\":\"https:\/\/www.todoalfalfa.com.ar\/noticias\/#\/schema\/logo\/image\/\"},\"sameAs\":[\"https:\/\/www.facebook.com\/todoalfalfa\",\"https:\/\/www.instagram.com\/todoalfalfa\",\"https:\/\/www.youtube.com\/@TodoAlfalfa\",\"https:\/\/www.linkedin.com\/company\/todoalfalfa\/\"]},{\"@type\":\"Person\",\"@id\":\"https:\/\/www.todoalfalfa.com.ar\/noticias\/#\/schema\/person\/99de93cb711c7015ef658e5321ba9f18\",\"name\":\"Todo Alfalfa\",\"image\":{\"@type\":\"ImageObject\",\"inLanguage\":\"es\",\"@id\":\"https:\/\/www.todoalfalfa.com.ar\/noticias\/#\/schema\/person\/image\/\",\"url\":\"https:\/\/secure.gravatar.com\/avatar\/50ffd12fb7b268bc2467160730786602db252a270c63104e7c19b5f67b8dd346?s=96&d=mm&r=g\",\"contentUrl\":\"https:\/\/secure.gravatar.com\/avatar\/50ffd12fb7b268bc2467160730786602db252a270c63104e7c19b5f67b8dd346?s=96&d=mm&r=g\",\"caption\":\"Todo Alfalfa\"},\"url\":\"https:\/\/www.todoalfalfa.com.ar\/noticias\/author\/osvaldoiachetta\/\"}]}<\/script>\n<!-- \/ Yoast SEO plugin. -->","yoast_head_json":{"title":"Espa\u00f1a increment\u00f3 m\u00e1s de un 15 por ciento la exportaci\u00f3n de forraje deshidratado\u00a0","robots":{"index":"index","follow":"follow","max-snippet":"max-snippet:-1","max-image-preview":"max-image-preview:large","max-video-preview":"max-video-preview:-1"},"canonical":"https:\/\/www.todoalfalfa.com.ar\/noticias\/espana-incremento-mas-de-un-15-por-ciento-la-exportacion-de-forraje-deshidratado\/","og_locale":"es_ES","og_type":"article","og_title":"Espa\u00f1a increment\u00f3 m\u00e1s de un 15 por ciento la exportaci\u00f3n de forraje deshidratado\u00a0","og_description":"Son datos de la Asociaci\u00f3n Espa\u00f1ola de Fabricantes de Alfalfa Deshidratada (AEFA). Durante el 2024 se comercializaron m\u00e1s de 750 mil toneladas, un n\u00famero que creci\u00f3 en comparaci\u00f3n con 2023, pero que est\u00e1 lejos de la media de los \u00faltimos diez a\u00f1os.","og_url":"https:\/\/www.todoalfalfa.com.ar\/noticias\/espana-incremento-mas-de-un-15-por-ciento-la-exportacion-de-forraje-deshidratado\/","og_site_name":"Todo Alfalfa","article_publisher":"https:\/\/www.facebook.com\/todoalfalfa","article_published_time":"2025-02-25T16:47:34+00:00","article_modified_time":"2025-02-27T01:23:08+00:00","og_image":[{"width":780,"height":677,"url":"https:\/\/www.todoalfalfa.com.ar\/noticias\/wp-content\/uploads\/2025\/02\/balas-alfalfa.png","type":"image\/png"}],"author":"Todo Alfalfa","twitter_card":"summary_large_image","twitter_misc":{"Escrito por":"Todo Alfalfa","Tiempo de lectura":"3 minutos"},"schema":{"@context":"https:\/\/schema.org","@graph":[{"@type":"NewsArticle","@id":"https:\/\/www.todoalfalfa.com.ar\/noticias\/espana-incremento-mas-de-un-15-por-ciento-la-exportacion-de-forraje-deshidratado\/#article","isPartOf":{"@id":"https:\/\/www.todoalfalfa.com.ar\/noticias\/espana-incremento-mas-de-un-15-por-ciento-la-exportacion-de-forraje-deshidratado\/"},"author":{"name":"Todo Alfalfa","@id":"https:\/\/www.todoalfalfa.com.ar\/noticias\/#\/schema\/person\/99de93cb711c7015ef658e5321ba9f18"},"headline":"Espa\u00f1a increment\u00f3 m\u00e1s de un 15 por ciento la exportaci\u00f3n de forraje deshidratado\u00a0","datePublished":"2025-02-25T16:47:34+00:00","dateModified":"2025-02-27T01:23:08+00:00","mainEntityOfPage":{"@id":"https:\/\/www.todoalfalfa.com.ar\/noticias\/espana-incremento-mas-de-un-15-por-ciento-la-exportacion-de-forraje-deshidratado\/"},"wordCount":525,"publisher":{"@id":"https:\/\/www.todoalfalfa.com.ar\/noticias\/#organization"},"image":{"@id":"https:\/\/www.todoalfalfa.com.ar\/noticias\/espana-incremento-mas-de-un-15-por-ciento-la-exportacion-de-forraje-deshidratado\/#primaryimage"},"thumbnailUrl":"https:\/\/i0.wp.com\/www.todoalfalfa.com.ar\/noticias\/wp-content\/uploads\/2025\/02\/balas-alfalfa.png?fit=780%2C677&ssl=1","keywords":["AEFA","alfalfa","Espa\u00f1a","exportaci\u00f3n","forrajes","heno","Novedades","producci\u00f3n"],"articleSection":["Heno y Forrajes"],"inLanguage":"es"},{"@type":["WebPage","ItemPage"],"@id":"https:\/\/www.todoalfalfa.com.ar\/noticias\/espana-incremento-mas-de-un-15-por-ciento-la-exportacion-de-forraje-deshidratado\/","url":"https:\/\/www.todoalfalfa.com.ar\/noticias\/espana-incremento-mas-de-un-15-por-ciento-la-exportacion-de-forraje-deshidratado\/","name":"Espa\u00f1a increment\u00f3 m\u00e1s de un 15 por ciento la exportaci\u00f3n de forraje deshidratado\u00a0","isPartOf":{"@id":"https:\/\/www.todoalfalfa.com.ar\/noticias\/#website"},"primaryImageOfPage":{"@id":"https:\/\/www.todoalfalfa.com.ar\/noticias\/espana-incremento-mas-de-un-15-por-ciento-la-exportacion-de-forraje-deshidratado\/#primaryimage"},"image":{"@id":"https:\/\/www.todoalfalfa.com.ar\/noticias\/espana-incremento-mas-de-un-15-por-ciento-la-exportacion-de-forraje-deshidratado\/#primaryimage"},"thumbnailUrl":"https:\/\/i0.wp.com\/www.todoalfalfa.com.ar\/noticias\/wp-content\/uploads\/2025\/02\/balas-alfalfa.png?fit=780%2C677&ssl=1","datePublished":"2025-02-25T16:47:34+00:00","dateModified":"2025-02-27T01:23:08+00:00","breadcrumb":{"@id":"https:\/\/www.todoalfalfa.com.ar\/noticias\/espana-incremento-mas-de-un-15-por-ciento-la-exportacion-de-forraje-deshidratado\/#breadcrumb"},"inLanguage":"es","potentialAction":[{"@type":"ReadAction","target":["https:\/\/www.todoalfalfa.com.ar\/noticias\/espana-incremento-mas-de-un-15-por-ciento-la-exportacion-de-forraje-deshidratado\/"]}]},{"@type":"ImageObject","inLanguage":"es","@id":"https:\/\/www.todoalfalfa.com.ar\/noticias\/espana-incremento-mas-de-un-15-por-ciento-la-exportacion-de-forraje-deshidratado\/#primaryimage","url":"https:\/\/i0.wp.com\/www.todoalfalfa.com.ar\/noticias\/wp-content\/uploads\/2025\/02\/balas-alfalfa.png?fit=780%2C677&ssl=1","contentUrl":"https:\/\/i0.wp.com\/www.todoalfalfa.com.ar\/noticias\/wp-content\/uploads\/2025\/02\/balas-alfalfa.png?fit=780%2C677&ssl=1","width":780,"height":677},{"@type":"BreadcrumbList","@id":"https:\/\/www.todoalfalfa.com.ar\/noticias\/espana-incremento-mas-de-un-15-por-ciento-la-exportacion-de-forraje-deshidratado\/#breadcrumb","itemListElement":[{"@type":"ListItem","position":1,"name":"Principal","item":"https:\/\/www.todoalfalfa.com.ar\/noticias\/"},{"@type":"ListItem","position":2,"name":"Espa\u00f1a increment\u00f3 m\u00e1s de un 15 por ciento la exportaci\u00f3n de forraje deshidratado\u00a0"}]},{"@type":"WebSite","@id":"https:\/\/www.todoalfalfa.com.ar\/noticias\/#website","url":"https:\/\/www.todoalfalfa.com.ar\/noticias\/","name":"Todo Alfalfa","description":"Web informativa de la cadena de la alfalfa argentina","publisher":{"@id":"https:\/\/www.todoalfalfa.com.ar\/noticias\/#organization"},"potentialAction":[{"@type":"SearchAction","target":{"@type":"EntryPoint","urlTemplate":"https:\/\/www.todoalfalfa.com.ar\/noticias\/?s={search_term_string}"},"query-input":{"@type":"PropertyValueSpecification","valueRequired":true,"valueName":"search_term_string"}}],"inLanguage":"es"},{"@type":"Organization","@id":"https:\/\/www.todoalfalfa.com.ar\/noticias\/#organization","name":"Todo Alfalfa","url":"https:\/\/www.todoalfalfa.com.ar\/noticias\/","logo":{"@type":"ImageObject","inLanguage":"es","@id":"https:\/\/www.todoalfalfa.com.ar\/noticias\/#\/schema\/logo\/image\/","url":"https:\/\/www.todoalfalfa.com.ar\/noticias\/wp-content\/uploads\/2020\/09\/logo-todo-alfalfa-modificado.png","contentUrl":"https:\/\/www.todoalfalfa.com.ar\/noticias\/wp-content\/uploads\/2020\/09\/logo-todo-alfalfa-modificado.png","width":350,"height":100,"caption":"Todo Alfalfa"},"image":{"@id":"https:\/\/www.todoalfalfa.com.ar\/noticias\/#\/schema\/logo\/image\/"},"sameAs":["https:\/\/www.facebook.com\/todoalfalfa","https:\/\/www.instagram.com\/todoalfalfa","https:\/\/www.youtube.com\/@TodoAlfalfa","https:\/\/www.linkedin.com\/company\/todoalfalfa\/"]},{"@type":"Person","@id":"https:\/\/www.todoalfalfa.com.ar\/noticias\/#\/schema\/person\/99de93cb711c7015ef658e5321ba9f18","name":"Todo Alfalfa","image":{"@type":"ImageObject","inLanguage":"es","@id":"https:\/\/www.todoalfalfa.com.ar\/noticias\/#\/schema\/person\/image\/","url":"https:\/\/secure.gravatar.com\/avatar\/50ffd12fb7b268bc2467160730786602db252a270c63104e7c19b5f67b8dd346?s=96&d=mm&r=g","contentUrl":"https:\/\/secure.gravatar.com\/avatar\/50ffd12fb7b268bc2467160730786602db252a270c63104e7c19b5f67b8dd346?s=96&d=mm&r=g","caption":"Todo Alfalfa"},"url":"https:\/\/www.todoalfalfa.com.ar\/noticias\/author\/osvaldoiachetta\/"}]}},"jetpack_featured_media_url":"https:\/\/i0.wp.com\/www.todoalfalfa.com.ar\/noticias\/wp-content\/uploads\/2025\/02\/balas-alfalfa.png?fit=780%2C677&ssl=1","wps_subtitle":"","jetpack_sharing_enabled":true,"_links":{"self":[{"href":"https:\/\/www.todoalfalfa.com.ar\/noticias\/wp-json\/wp\/v2\/posts\/48657","targetHints":{"allow":["GET"]}}],"collection":[{"href":"https:\/\/www.todoalfalfa.com.ar\/noticias\/wp-json\/wp\/v2\/posts"}],"about":[{"href":"https:\/\/www.todoalfalfa.com.ar\/noticias\/wp-json\/wp\/v2\/types\/post"}],"author":[{"embeddable":true,"href":"https:\/\/www.todoalfalfa.com.ar\/noticias\/wp-json\/wp\/v2\/users\/9"}],"replies":[{"embeddable":true,"href":"https:\/\/www.todoalfalfa.com.ar\/noticias\/wp-json\/wp\/v2\/comments?post=48657"}],"version-history":[{"count":3,"href":"https:\/\/www.todoalfalfa.com.ar\/noticias\/wp-json\/wp\/v2\/posts\/48657\/revisions"}],"predecessor-version":[{"id":48669,"href":"https:\/\/www.todoalfalfa.com.ar\/noticias\/wp-json\/wp\/v2\/posts\/48657\/revisions\/48669"}],"wp:featuredmedia":[{"embeddable":true,"href":"https:\/\/www.todoalfalfa.com.ar\/noticias\/wp-json\/wp\/v2\/media\/48658"}],"wp:attachment":[{"href":"https:\/\/www.todoalfalfa.com.ar\/noticias\/wp-json\/wp\/v2\/media?parent=48657"}],"wp:term":[{"taxonomy":"category","embeddable":true,"href":"https:\/\/www.todoalfalfa.com.ar\/noticias\/wp-json\/wp\/v2\/categories?post=48657"},{"taxonomy":"post_tag","embeddable":true,"href":"https:\/\/www.todoalfalfa.com.ar\/noticias\/wp-json\/wp\/v2\/tags?post=48657"}],"curies":[{"name":"wp","href":"https:\/\/api.w.org\/{rel}","templated":true}]}}